{"id":7584,"date":"2026-01-24T11:21:27","date_gmt":"2026-01-24T17:21:27","guid":{"rendered":"https:\/\/www.alasmedios.com\/?p=7584"},"modified":"2026-01-24T11:21:27","modified_gmt":"2026-01-24T17:21:27","slug":"mutilan-escultura-de-elena-garro-en-puebla","status":"publish","type":"post","link":"https:\/\/www.alasmedios.com\/index.php\/2026\/01\/24\/mutilan-escultura-de-elena-garro-en-puebla\/","title":{"rendered":"Mutilan escultura de Elena Garro en Puebla"},"content":{"rendered":"\n<p>La <strong>escultura de la escritora poblana Elena Garro<\/strong> volvi\u00f3 a ser blanco de un <strong>ataque vand\u00e1lico<\/strong>. Esta vez, la figura fue <strong>mutilada<\/strong> para robarle <strong>una mano y el libro<\/strong> que sosten\u00eda, apenas <strong>cuatro meses<\/strong> despu\u00e9s de haber sido reubicada con la intenci\u00f3n de protegerla.<\/p>\n\n\n\n<p>El hecho fue denunciado por el colectivo <strong><a href=\"https:\/\/www.facebook.com\/profile.php?id=61583764215371\">Elenistas<\/a> de la Facultad de Filosof\u00eda y Letras (FFyL)<\/strong> de la <strong>Benem\u00e9rita Universidad Aut\u00f3noma de Puebla (BUAP)<\/strong>, quienes se\u00f1alaron que el da\u00f1o ocurri\u00f3 entre la <strong>noche del mi\u00e9rcoles 21 y la madrugada del jueves 22<\/strong>, cuando la imagen de la <strong>doctora honoris causa<\/strong> por la universidad volvi\u00f3 a ser violentada.<\/p>\n\n\n\n<p>La escultura de la autora de <strong>La semana de colores<\/strong> fue colocada el <strong>29 de septiembre de 2025<\/strong> en la <strong>Plaza de la Democracia<\/strong>, en la <strong>calle 4 Sur<\/strong>, entre <strong>Juan de Palafox<\/strong> y <strong>3 Oriente<\/strong>, por la <strong>Gerencia del Centro Hist\u00f3rico del Ayuntamiento de Puebla<\/strong>, tras el deterioro que hab\u00eda sufrido en su ubicaci\u00f3n original, el <strong>antiguo Parque de San Luis<\/strong>.<\/p>\n\n\n\n<p>CONTIN\u00daA LEYENDO: <a href=\"https:\/\/www.alasmedios.com\/index.php\/2026\/01\/24\/paris-hilton-y-alexandria-ocasio-cortez-empujan-freno-legal-a-la-pornografia-deepfake-sin-consentimiento\/\" data-type=\"post\" data-id=\"7580\">Paris Hilton y Alexandria Ocasio-Cortez empujan freno legal a la pornograf\u00eda deepfake sin consentimiento<\/a><\/p>\n\n\n\n<p>Sin embargo, la ma\u00f1ana del jueves, 22 de enero, <strong>transe\u00fantes, estudiantes y profesores de la BUAP<\/strong> descubrieron el nuevo ataque contra la figura de la <strong>periodista, dramaturga, narradora, poeta y traductora<\/strong>, nacida el <strong>11 de diciembre de 1916<\/strong> en la capital poblana.<\/p>\n\n\n\n<figure class=\"wp-block-image size-large\"><img loading=\"lazy\" decoding=\"async\" width=\"768\" height=\"1024\" src=\"https:\/\/www.alasmedios.com\/wp-content\/uploads\/2026\/01\/escultura-Elena-Garro-768x1024.jpg\" alt=\"\" class=\"wp-image-7586\" srcset=\"https:\/\/www.alasmedios.com\/wp-content\/uploads\/2026\/01\/escultura-Elena-Garro-768x1024.jpg 768w, https:\/\/www.alasmedios.com\/wp-content\/uploads\/2026\/01\/escultura-Elena-Garro-225x300.jpg 225w, https:\/\/www.alasmedios.com\/wp-content\/uploads\/2026\/01\/escultura-Elena-Garro-1152x1536.jpg 1152w, https:\/\/www.alasmedios.com\/wp-content\/uploads\/2026\/01\/escultura-Elena-Garro.jpg 1536w\" sizes=\"auto, (max-width: 768px) 100vw, 768px\" \/><\/figure>\n\n\n\n<p>Encabezadas por las doctoras <strong>Alma Guadalupe Corona<\/strong>, <strong>Diana Isabel Hern\u00e1ndez Ju\u00e1rez<\/strong> y <strong>Elvira del Roc\u00edo Ruiz Vivanco<\/strong>, las <strong>Elenistas<\/strong> manifestaron su desconcierto ante el hecho de que la escultura no haya sido respetada <strong>ni frente al templo de La Compa\u00f1\u00eda de la orden de los jesuitas ni al edificio central de la BUAP<\/strong>. Se\u00f1alaron que, como ocurri\u00f3 el a\u00f1o pasado, la mutilaci\u00f3n tendr\u00eda como fin vender las piezas <strong>\u201cpor kilo\u201d<\/strong> en alg\u00fan centro de reciclaje, por una cantidad m\u00ednima.<\/p>\n\n\n\n<p>El ataque ocurre meses despu\u00e9s de que el colectivo realizara el <strong>Primer Coloquio Internacional \u201cEn memoria y rescate de Elena Garro\u201d<\/strong>, celebrado en <strong>noviembre del a\u00f1o pasado<\/strong>, del cual surgieron propuestas como la creaci\u00f3n de una <strong>c\u00e1tedra<\/strong>, una <strong>revista<\/strong> y un <strong>libro<\/strong> dedicados a revisar la obra de la autora de <strong>Un hogar s\u00f3lido<\/strong> desde nuevas perspectivas.<\/p>\n\n\n\n<p>TE PUEDE INTERESAR: <a href=\"https:\/\/www.alasmedios.com\/index.php\/2026\/01\/23\/maria-del-rosario-espinoza-la-vida-despues-del-tatami\/\" data-type=\"post\" data-id=\"7578\">Mar\u00eda del Rosario Espinoza: la vida despu\u00e9s del tatami<\/a><\/p>\n\n\n\n<p>Durante ese encuentro acad\u00e9mico, las <strong>Elenistas<\/strong> tambi\u00e9n develaron dos fotograf\u00edas de <strong>Elena Garro<\/strong> en el auditorio que lleva su nombre en la <strong>FFyL de la BUAP<\/strong>, espacio que desde <strong>1988<\/strong> honra a la escritora como <strong>doctora honoris causa<\/strong> de la universidad.<\/p>\n\n\n<ul class=\"wp-block-latest-posts__list is-grid columns-3 wp-block-latest-posts\"><li><div class=\"wp-block-latest-posts__featured-image\"><img loading=\"lazy\" decoding=\"async\" width=\"150\" height=\"150\" src=\"https:\/\/www.alasmedios.com\/wp-content\/uploads\/2026\/05\/AMPEP-inteligencia-artificial-150x150.jpg\" class=\"attachment-thumbnail size-thumbnail wp-post-image\" alt=\"\" style=\"\" \/><\/div><a class=\"wp-block-latest-posts__post-title\" href=\"https:\/\/www.alasmedios.com\/index.php\/2026\/05\/01\/periodismo-frente-a-la-ia-ampep-asume-liderazgo-y-apuesta-por-contar-historias-con-alma\/\">Periodismo frente a la IA: AMPEP asume liderazgo y apuesta por contar historias con \u201calma\u201d<\/a><\/li>\n<li><div class=\"wp-block-latest-posts__featured-image\"><img loading=\"lazy\" decoding=\"async\" width=\"150\" height=\"150\" src=\"https:\/\/www.alasmedios.com\/wp-content\/uploads\/2026\/05\/Hidalgo-viene-un-respiro-con-el-frente-frio-48-150x150.png\" class=\"attachment-thumbnail size-thumbnail wp-post-image\" alt=\"\" style=\"\" \/><\/div><a class=\"wp-block-latest-posts__post-title\" href=\"https:\/\/www.alasmedios.com\/index.php\/2026\/05\/01\/frente-frio-48-un-alivio-asi-impactara-en-hidalgo\/\">Frente fr\u00edo 48, un alivio: as\u00ed impactar\u00e1 en Hidalgo<\/a><\/li>\n<li><div class=\"wp-block-latest-posts__featured-image\"><img loading=\"lazy\" decoding=\"async\" width=\"150\" height=\"150\" src=\"https:\/\/www.alasmedios.com\/wp-content\/uploads\/2026\/05\/mujeres-depresion-posparto-150x150.png\" class=\"attachment-thumbnail size-thumbnail wp-post-image\" alt=\"\" style=\"\" \/><\/div><a class=\"wp-block-latest-posts__post-title\" href=\"https:\/\/www.alasmedios.com\/index.php\/2026\/05\/01\/1-de-cada-15-mujeres-sufre-depresion-posparto\/\">1 de cada 15 mujeres sufre depresi\u00f3n posparto<\/a><\/li>\n<\/ul>","protected":false},"excerpt":{"rendered":"<p>La escultura de la escritora poblana Elena Garro volvi\u00f3 a ser blanco de un ataque vand\u00e1lico. Esta vez, la figura<\/p>\n","protected":false},"author":4,"featured_media":7585,"comment_status":"open","ping_status":"open","sticky":false,"template":"","format":"standard","meta":{"colormag_page_container_layout":"default_layout","colormag_page_sidebar_layout":"default_layout","rop_custom_images_group":[],"rop_custom_messages_group":[],"rop_publish_now":"initial","rop_publish_now_accounts":[],"rop_publish_now_history":[],"rop_publish_now_status":"pending","iawp_total_views":0,"footnotes":""},"categories":[45,3222],"tags":[2523,3310,3311,1363],"class_list":["post-7584","post","type-post","status-publish","format-standard","has-post-thumbnail","hentry","category-ellas-dicen","category-mexico","tag-buap","tag-elena-garro","tag-ffyl","tag-puebla"],"magazineBlocksPostFeaturedMedia":{"thumbnail":"https:\/\/www.alasmedios.com\/wp-content\/uploads\/2026\/01\/Mutilan-escultura-de-Elena-Garro-en-Puebla-150x150.png","medium":"https:\/\/www.alasmedios.com\/wp-content\/uploads\/2026\/01\/Mutilan-escultura-de-Elena-Garro-en-Puebla-300x182.png","medium_large":"https:\/\/www.alasmedios.com\/wp-content\/uploads\/2026\/01\/Mutilan-escultura-de-Elena-Garro-en-Puebla-768x466.png","large":"https:\/\/www.alasmedios.com\/wp-content\/uploads\/2026\/01\/Mutilan-escultura-de-Elena-Garro-en-Puebla-1024x622.png","1536x1536":"https:\/\/www.alasmedios.com\/wp-content\/uploads\/2026\/01\/Mutilan-escultura-de-Elena-Garro-en-Puebla-1536x932.png","2048x2048":"https:\/\/www.alasmedios.com\/wp-content\/uploads\/2026\/01\/Mutilan-escultura-de-Elena-Garro-en-Puebla.png","colormag-highlighted-post":"https:\/\/www.alasmedios.com\/wp-content\/uploads\/2026\/01\/Mutilan-escultura-de-Elena-Garro-en-Puebla-392x272.png","colormag-featured-post-medium":"https:\/\/www.alasmedios.com\/wp-content\/uploads\/2026\/01\/Mutilan-escultura-de-Elena-Garro-en-Puebla-390x205.png","colormag-featured-post-small":"https:\/\/www.alasmedios.com\/wp-content\/uploads\/2026\/01\/Mutilan-escultura-de-Elena-Garro-en-Puebla-130x90.png","colormag-featured-image":"https:\/\/www.alasmedios.com\/wp-content\/uploads\/2026\/01\/Mutilan-escultura-de-Elena-Garro-en-Puebla-800x445.png","colormag-default-news":"https:\/\/www.alasmedios.com\/wp-content\/uploads\/2026\/01\/Mutilan-escultura-de-Elena-Garro-en-Puebla-150x150.png","colormag-featured-image-large":"https:\/\/www.alasmedios.com\/wp-content\/uploads\/2026\/01\/Mutilan-escultura-de-Elena-Garro-en-Puebla-1400x600.png"},"magazineBlocksPostAuthor":{"name":"Keila Rodr\u00edguez Pe\u00f1a","avatar":"https:\/\/secure.gravatar.com\/avatar\/a2553a2bfaa601b9d539b617c8793e151bdffb60f9e48a249912f86d4c9ebeef?s=96&d=mm&r=g"},"magazineBlocksPostCommentsNumber":"0","magazineBlocksPostExcerpt":"La escultura de la escritora poblana Elena Garro volvi\u00f3 a ser blanco de un ataque vand\u00e1lico. Esta vez, la figura","magazineBlocksPostCategories":["Ellas Dicen","M\u00e9xico"],"magazineBlocksPostViewCount":79,"magazineBlocksPostReadTime":3,"magazine_blocks_featured_image_url":{"full":["https:\/\/www.alasmedios.com\/wp-content\/uploads\/2026\/01\/Mutilan-escultura-de-Elena-Garro-en-Puebla.png",2000,1214,false],"medium":["https:\/\/www.alasmedios.com\/wp-content\/uploads\/2026\/01\/Mutilan-escultura-de-Elena-Garro-en-Puebla-300x182.png",300,182,true],"thumbnail":["https:\/\/www.alasmedios.com\/wp-content\/uploads\/2026\/01\/Mutilan-escultura-de-Elena-Garro-en-Puebla-150x150.png",150,150,true]},"magazine_blocks_author":{"display_name":"Keila Rodr\u00edguez Pe\u00f1a","author_link":"https:\/\/www.alasmedios.com\/index.php\/author\/keila\/"},"magazine_blocks_comment":0,"magazine_blocks_author_image":"https:\/\/secure.gravatar.com\/avatar\/a2553a2bfaa601b9d539b617c8793e151bdffb60f9e48a249912f86d4c9ebeef?s=96&d=mm&r=g","magazine_blocks_category":"<a href=\"#\" class=\"category-link category-link-45\">Ellas Dicen<\/a> <a href=\"#\" class=\"category-link category-link-3222\">M\u00e9xico<\/a>","yoast_head":"<!-- This site is optimized with the Yoast SEO plugin v27.5 - https:\/\/yoast.com\/product\/yoast-seo-wordpress\/ -->\r\n<title>Mutilan escultura de Elena Garro en Puebla - Alas Medios<\/title>\r\n<meta name=\"robots\" content=\"index, follow, max-snippet:-1, max-image-preview:large, max-video-preview:-1\" \/>\r\n<link rel=\"canonical\" href=\"https:\/\/www.alasmedios.com\/index.php\/2026\/01\/24\/mutilan-escultura-de-elena-garro-en-puebla\/\" \/>\r\n<meta property=\"og:locale\" content=\"es_MX\" \/>\r\n<meta property=\"og:type\" content=\"article\" \/>\r\n<meta property=\"og:title\" content=\"Mutilan escultura de Elena Garro en Puebla - Alas Medios\" \/>\r\n<meta property=\"og:description\" content=\"La escultura de la escritora poblana Elena Garro volvi\u00f3 a ser blanco de un ataque vand\u00e1lico. Esta vez, la figura\" \/>\r\n<meta property=\"og:url\" content=\"https:\/\/www.alasmedios.com\/index.php\/2026\/01\/24\/mutilan-escultura-de-elena-garro-en-puebla\/\" \/>\r\n<meta property=\"og:site_name\" content=\"Alas Medios\" \/>\r\n<meta property=\"article:published_time\" content=\"2026-01-24T17:21:27+00:00\" \/>\r\n<meta property=\"og:image\" content=\"https:\/\/www.alasmedios.com\/wp-content\/uploads\/2026\/01\/Mutilan-escultura-de-Elena-Garro-en-Puebla-1024x622.png\" \/>\r\n\t<meta property=\"og:image:width\" content=\"1024\" \/>\r\n\t<meta property=\"og:image:height\" content=\"622\" \/>\r\n\t<meta property=\"og:image:type\" content=\"image\/png\" \/>\r\n<meta name=\"author\" content=\"Keila Rodr\u00edguez Pe\u00f1a\" \/>\r\n<meta name=\"twitter:card\" content=\"summary_large_image\" \/>\r\n<meta name=\"twitter:label1\" content=\"Escrito por\" \/>\n\t<meta name=\"twitter:data1\" content=\"Keila Rodr\u00edguez Pe\u00f1a\" \/>\n\t<meta name=\"twitter:label2\" content=\"Tiempo de lectura\" \/>\n\t<meta name=\"twitter:data2\" content=\"2 minutos\" \/>\r\n<script type=\"application\/ld+json\" class=\"yoast-schema-graph\">{\"@context\":\"https:\\\/\\\/schema.org\",\"@graph\":[{\"@type\":\"Article\",\"@id\":\"https:\\\/\\\/www.alasmedios.com\\\/index.php\\\/2026\\\/01\\\/24\\\/mutilan-escultura-de-elena-garro-en-puebla\\\/#article\",\"isPartOf\":{\"@id\":\"https:\\\/\\\/www.alasmedios.com\\\/index.php\\\/2026\\\/01\\\/24\\\/mutilan-escultura-de-elena-garro-en-puebla\\\/\"},\"author\":{\"name\":\"Keila Rodr\u00edguez Pe\u00f1a\",\"@id\":\"https:\\\/\\\/www.alasmedios.com\\\/#\\\/schema\\\/person\\\/0ba31bdd19a05ebf5c7fef1fedf99c34\"},\"headline\":\"Mutilan escultura de Elena Garro en Puebla\",\"datePublished\":\"2026-01-24T17:21:27+00:00\",\"mainEntityOfPage\":{\"@id\":\"https:\\\/\\\/www.alasmedios.com\\\/index.php\\\/2026\\\/01\\\/24\\\/mutilan-escultura-de-elena-garro-en-puebla\\\/\"},\"wordCount\":444,\"commentCount\":0,\"publisher\":{\"@id\":\"https:\\\/\\\/www.alasmedios.com\\\/#organization\"},\"image\":{\"@id\":\"https:\\\/\\\/www.alasmedios.com\\\/index.php\\\/2026\\\/01\\\/24\\\/mutilan-escultura-de-elena-garro-en-puebla\\\/#primaryimage\"},\"thumbnailUrl\":\"https:\\\/\\\/www.alasmedios.com\\\/wp-content\\\/uploads\\\/2026\\\/01\\\/Mutilan-escultura-de-Elena-Garro-en-Puebla.png\",\"keywords\":[\"BUAP\",\"Elena Garro\",\"FFyL\",\"Puebla\"],\"articleSection\":[\"Ellas Dicen\",\"M\u00e9xico\"],\"inLanguage\":\"es\",\"potentialAction\":[{\"@type\":\"CommentAction\",\"name\":\"Comment\",\"target\":[\"https:\\\/\\\/www.alasmedios.com\\\/index.php\\\/2026\\\/01\\\/24\\\/mutilan-escultura-de-elena-garro-en-puebla\\\/#respond\"]}]},{\"@type\":\"WebPage\",\"@id\":\"https:\\\/\\\/www.alasmedios.com\\\/index.php\\\/2026\\\/01\\\/24\\\/mutilan-escultura-de-elena-garro-en-puebla\\\/\",\"url\":\"https:\\\/\\\/www.alasmedios.com\\\/index.php\\\/2026\\\/01\\\/24\\\/mutilan-escultura-de-elena-garro-en-puebla\\\/\",\"name\":\"Mutilan escultura de Elena Garro en Puebla - Alas Medios\",\"isPartOf\":{\"@id\":\"https:\\\/\\\/www.alasmedios.com\\\/#website\"},\"primaryImageOfPage\":{\"@id\":\"https:\\\/\\\/www.alasmedios.com\\\/index.php\\\/2026\\\/01\\\/24\\\/mutilan-escultura-de-elena-garro-en-puebla\\\/#primaryimage\"},\"image\":{\"@id\":\"https:\\\/\\\/www.alasmedios.com\\\/index.php\\\/2026\\\/01\\\/24\\\/mutilan-escultura-de-elena-garro-en-puebla\\\/#primaryimage\"},\"thumbnailUrl\":\"https:\\\/\\\/www.alasmedios.com\\\/wp-content\\\/uploads\\\/2026\\\/01\\\/Mutilan-escultura-de-Elena-Garro-en-Puebla.png\",\"datePublished\":\"2026-01-24T17:21:27+00:00\",\"breadcrumb\":{\"@id\":\"https:\\\/\\\/www.alasmedios.com\\\/index.php\\\/2026\\\/01\\\/24\\\/mutilan-escultura-de-elena-garro-en-puebla\\\/#breadcrumb\"},\"inLanguage\":\"es\",\"potentialAction\":[{\"@type\":\"ReadAction\",\"target\":[\"https:\\\/\\\/www.alasmedios.com\\\/index.php\\\/2026\\\/01\\\/24\\\/mutilan-escultura-de-elena-garro-en-puebla\\\/\"]}]},{\"@type\":\"ImageObject\",\"inLanguage\":\"es\",\"@id\":\"https:\\\/\\\/www.alasmedios.com\\\/index.php\\\/2026\\\/01\\\/24\\\/mutilan-escultura-de-elena-garro-en-puebla\\\/#primaryimage\",\"url\":\"https:\\\/\\\/www.alasmedios.com\\\/wp-content\\\/uploads\\\/2026\\\/01\\\/Mutilan-escultura-de-Elena-Garro-en-Puebla.png\",\"contentUrl\":\"https:\\\/\\\/www.alasmedios.com\\\/wp-content\\\/uploads\\\/2026\\\/01\\\/Mutilan-escultura-de-Elena-Garro-en-Puebla.png\",\"width\":2000,\"height\":1214},{\"@type\":\"BreadcrumbList\",\"@id\":\"https:\\\/\\\/www.alasmedios.com\\\/index.php\\\/2026\\\/01\\\/24\\\/mutilan-escultura-de-elena-garro-en-puebla\\\/#breadcrumb\",\"itemListElement\":[{\"@type\":\"ListItem\",\"position\":1,\"name\":\"Inicio\",\"item\":\"https:\\\/\\\/www.alasmedios.com\\\/\"},{\"@type\":\"ListItem\",\"position\":2,\"name\":\"Mutilan escultura de Elena Garro en Puebla\"}]},{\"@type\":\"WebSite\",\"@id\":\"https:\\\/\\\/www.alasmedios.com\\\/#website\",\"url\":\"https:\\\/\\\/www.alasmedios.com\\\/\",\"name\":\"Alas Medios\",\"description\":\"Alas para pensar, Alas para volar, Alas de libertad\",\"publisher\":{\"@id\":\"https:\\\/\\\/www.alasmedios.com\\\/#organization\"},\"potentialAction\":[{\"@type\":\"SearchAction\",\"target\":{\"@type\":\"EntryPoint\",\"urlTemplate\":\"https:\\\/\\\/www.alasmedios.com\\\/?s={search_term_string}\"},\"query-input\":{\"@type\":\"PropertyValueSpecification\",\"valueRequired\":true,\"valueName\":\"search_term_string\"}}],\"inLanguage\":\"es\"},{\"@type\":\"Organization\",\"@id\":\"https:\\\/\\\/www.alasmedios.com\\\/#organization\",\"name\":\"Alas Medios\",\"url\":\"https:\\\/\\\/www.alasmedios.com\\\/\",\"logo\":{\"@type\":\"ImageObject\",\"inLanguage\":\"es\",\"@id\":\"https:\\\/\\\/www.alasmedios.com\\\/#\\\/schema\\\/logo\\\/image\\\/\",\"url\":\"https:\\\/\\\/www.alasmedios.com\\\/wp-content\\\/uploads\\\/2026\\\/01\\\/cropped-cropped-GAM-1.png\",\"contentUrl\":\"https:\\\/\\\/www.alasmedios.com\\\/wp-content\\\/uploads\\\/2026\\\/01\\\/cropped-cropped-GAM-1.png\",\"width\":467,\"height\":235,\"caption\":\"Alas Medios\"},\"image\":{\"@id\":\"https:\\\/\\\/www.alasmedios.com\\\/#\\\/schema\\\/logo\\\/image\\\/\"}},{\"@type\":\"Person\",\"@id\":\"https:\\\/\\\/www.alasmedios.com\\\/#\\\/schema\\\/person\\\/0ba31bdd19a05ebf5c7fef1fedf99c34\",\"name\":\"Keila Rodr\u00edguez Pe\u00f1a\",\"image\":{\"@type\":\"ImageObject\",\"inLanguage\":\"es\",\"@id\":\"https:\\\/\\\/secure.gravatar.com\\\/avatar\\\/a2553a2bfaa601b9d539b617c8793e151bdffb60f9e48a249912f86d4c9ebeef?s=96&d=mm&r=g\",\"url\":\"https:\\\/\\\/secure.gravatar.com\\\/avatar\\\/a2553a2bfaa601b9d539b617c8793e151bdffb60f9e48a249912f86d4c9ebeef?s=96&d=mm&r=g\",\"contentUrl\":\"https:\\\/\\\/secure.gravatar.com\\\/avatar\\\/a2553a2bfaa601b9d539b617c8793e151bdffb60f9e48a249912f86d4c9ebeef?s=96&d=mm&r=g\",\"caption\":\"Keila Rodr\u00edguez Pe\u00f1a\"},\"sameAs\":[\"http:\\\/\\\/www.alasmedios.com\"],\"url\":\"https:\\\/\\\/www.alasmedios.com\\\/index.php\\\/author\\\/keila\\\/\"}]}<\/script>\r\n<!-- \/ Yoast SEO plugin. -->","yoast_head_json":{"title":"Mutilan escultura de Elena Garro en Puebla - Alas Medios","robots":{"index":"index","follow":"follow","max-snippet":"max-snippet:-1","max-image-preview":"max-image-preview:large","max-video-preview":"max-video-preview:-1"},"canonical":"https:\/\/www.alasmedios.com\/index.php\/2026\/01\/24\/mutilan-escultura-de-elena-garro-en-puebla\/","og_locale":"es_MX","og_type":"article","og_title":"Mutilan escultura de Elena Garro en Puebla - Alas Medios","og_description":"La escultura de la escritora poblana Elena Garro volvi\u00f3 a ser blanco de un ataque vand\u00e1lico. Esta vez, la figura","og_url":"https:\/\/www.alasmedios.com\/index.php\/2026\/01\/24\/mutilan-escultura-de-elena-garro-en-puebla\/","og_site_name":"Alas Medios","article_published_time":"2026-01-24T17:21:27+00:00","og_image":[{"width":1024,"height":622,"url":"https:\/\/www.alasmedios.com\/wp-content\/uploads\/2026\/01\/Mutilan-escultura-de-Elena-Garro-en-Puebla-1024x622.png","type":"image\/png"}],"author":"Keila Rodr\u00edguez Pe\u00f1a","twitter_card":"summary_large_image","twitter_misc":{"Escrito por":"Keila Rodr\u00edguez Pe\u00f1a","Tiempo de lectura":"2 minutos"},"schema":{"@context":"https:\/\/schema.org","@graph":[{"@type":"Article","@id":"https:\/\/www.alasmedios.com\/index.php\/2026\/01\/24\/mutilan-escultura-de-elena-garro-en-puebla\/#article","isPartOf":{"@id":"https:\/\/www.alasmedios.com\/index.php\/2026\/01\/24\/mutilan-escultura-de-elena-garro-en-puebla\/"},"author":{"name":"Keila Rodr\u00edguez Pe\u00f1a","@id":"https:\/\/www.alasmedios.com\/#\/schema\/person\/0ba31bdd19a05ebf5c7fef1fedf99c34"},"headline":"Mutilan escultura de Elena Garro en Puebla","datePublished":"2026-01-24T17:21:27+00:00","mainEntityOfPage":{"@id":"https:\/\/www.alasmedios.com\/index.php\/2026\/01\/24\/mutilan-escultura-de-elena-garro-en-puebla\/"},"wordCount":444,"commentCount":0,"publisher":{"@id":"https:\/\/www.alasmedios.com\/#organization"},"image":{"@id":"https:\/\/www.alasmedios.com\/index.php\/2026\/01\/24\/mutilan-escultura-de-elena-garro-en-puebla\/#primaryimage"},"thumbnailUrl":"https:\/\/www.alasmedios.com\/wp-content\/uploads\/2026\/01\/Mutilan-escultura-de-Elena-Garro-en-Puebla.png","keywords":["BUAP","Elena Garro","FFyL","Puebla"],"articleSection":["Ellas Dicen","M\u00e9xico"],"inLanguage":"es","potentialAction":[{"@type":"CommentAction","name":"Comment","target":["https:\/\/www.alasmedios.com\/index.php\/2026\/01\/24\/mutilan-escultura-de-elena-garro-en-puebla\/#respond"]}]},{"@type":"WebPage","@id":"https:\/\/www.alasmedios.com\/index.php\/2026\/01\/24\/mutilan-escultura-de-elena-garro-en-puebla\/","url":"https:\/\/www.alasmedios.com\/index.php\/2026\/01\/24\/mutilan-escultura-de-elena-garro-en-puebla\/","name":"Mutilan escultura de Elena Garro en Puebla - Alas Medios","isPartOf":{"@id":"https:\/\/www.alasmedios.com\/#website"},"primaryImageOfPage":{"@id":"https:\/\/www.alasmedios.com\/index.php\/2026\/01\/24\/mutilan-escultura-de-elena-garro-en-puebla\/#primaryimage"},"image":{"@id":"https:\/\/www.alasmedios.com\/index.php\/2026\/01\/24\/mutilan-escultura-de-elena-garro-en-puebla\/#primaryimage"},"thumbnailUrl":"https:\/\/www.alasmedios.com\/wp-content\/uploads\/2026\/01\/Mutilan-escultura-de-Elena-Garro-en-Puebla.png","datePublished":"2026-01-24T17:21:27+00:00","breadcrumb":{"@id":"https:\/\/www.alasmedios.com\/index.php\/2026\/01\/24\/mutilan-escultura-de-elena-garro-en-puebla\/#breadcrumb"},"inLanguage":"es","potentialAction":[{"@type":"ReadAction","target":["https:\/\/www.alasmedios.com\/index.php\/2026\/01\/24\/mutilan-escultura-de-elena-garro-en-puebla\/"]}]},{"@type":"ImageObject","inLanguage":"es","@id":"https:\/\/www.alasmedios.com\/index.php\/2026\/01\/24\/mutilan-escultura-de-elena-garro-en-puebla\/#primaryimage","url":"https:\/\/www.alasmedios.com\/wp-content\/uploads\/2026\/01\/Mutilan-escultura-de-Elena-Garro-en-Puebla.png","contentUrl":"https:\/\/www.alasmedios.com\/wp-content\/uploads\/2026\/01\/Mutilan-escultura-de-Elena-Garro-en-Puebla.png","width":2000,"height":1214},{"@type":"BreadcrumbList","@id":"https:\/\/www.alasmedios.com\/index.php\/2026\/01\/24\/mutilan-escultura-de-elena-garro-en-puebla\/#breadcrumb","itemListElement":[{"@type":"ListItem","position":1,"name":"Inicio","item":"https:\/\/www.alasmedios.com\/"},{"@type":"ListItem","position":2,"name":"Mutilan escultura de Elena Garro en Puebla"}]},{"@type":"WebSite","@id":"https:\/\/www.alasmedios.com\/#website","url":"https:\/\/www.alasmedios.com\/","name":"Alas Medios","description":"Alas para pensar, Alas para volar, Alas de libertad","publisher":{"@id":"https:\/\/www.alasmedios.com\/#organization"},"potentialAction":[{"@type":"SearchAction","target":{"@type":"EntryPoint","urlTemplate":"https:\/\/www.alasmedios.com\/?s={search_term_string}"},"query-input":{"@type":"PropertyValueSpecification","valueRequired":true,"valueName":"search_term_string"}}],"inLanguage":"es"},{"@type":"Organization","@id":"https:\/\/www.alasmedios.com\/#organization","name":"Alas Medios","url":"https:\/\/www.alasmedios.com\/","logo":{"@type":"ImageObject","inLanguage":"es","@id":"https:\/\/www.alasmedios.com\/#\/schema\/logo\/image\/","url":"https:\/\/www.alasmedios.com\/wp-content\/uploads\/2026\/01\/cropped-cropped-GAM-1.png","contentUrl":"https:\/\/www.alasmedios.com\/wp-content\/uploads\/2026\/01\/cropped-cropped-GAM-1.png","width":467,"height":235,"caption":"Alas Medios"},"image":{"@id":"https:\/\/www.alasmedios.com\/#\/schema\/logo\/image\/"}},{"@type":"Person","@id":"https:\/\/www.alasmedios.com\/#\/schema\/person\/0ba31bdd19a05ebf5c7fef1fedf99c34","name":"Keila Rodr\u00edguez Pe\u00f1a","image":{"@type":"ImageObject","inLanguage":"es","@id":"https:\/\/secure.gravatar.com\/avatar\/a2553a2bfaa601b9d539b617c8793e151bdffb60f9e48a249912f86d4c9ebeef?s=96&d=mm&r=g","url":"https:\/\/secure.gravatar.com\/avatar\/a2553a2bfaa601b9d539b617c8793e151bdffb60f9e48a249912f86d4c9ebeef?s=96&d=mm&r=g","contentUrl":"https:\/\/secure.gravatar.com\/avatar\/a2553a2bfaa601b9d539b617c8793e151bdffb60f9e48a249912f86d4c9ebeef?s=96&d=mm&r=g","caption":"Keila Rodr\u00edguez Pe\u00f1a"},"sameAs":["http:\/\/www.alasmedios.com"],"url":"https:\/\/www.alasmedios.com\/index.php\/author\/keila\/"}]}},"_links":{"self":[{"href":"https:\/\/www.alasmedios.com\/index.php\/wp-json\/wp\/v2\/posts\/7584","targetHints":{"allow":["GET"]}}],"collection":[{"href":"https:\/\/www.alasmedios.com\/index.php\/wp-json\/wp\/v2\/posts"}],"about":[{"href":"https:\/\/www.alasmedios.com\/index.php\/wp-json\/wp\/v2\/types\/post"}],"author":[{"embeddable":true,"href":"https:\/\/www.alasmedios.com\/index.php\/wp-json\/wp\/v2\/users\/4"}],"replies":[{"embeddable":true,"href":"https:\/\/www.alasmedios.com\/index.php\/wp-json\/wp\/v2\/comments?post=7584"}],"version-history":[{"count":1,"href":"https:\/\/www.alasmedios.com\/index.php\/wp-json\/wp\/v2\/posts\/7584\/revisions"}],"predecessor-version":[{"id":7587,"href":"https:\/\/www.alasmedios.com\/index.php\/wp-json\/wp\/v2\/posts\/7584\/revisions\/7587"}],"wp:featuredmedia":[{"embeddable":true,"href":"https:\/\/www.alasmedios.com\/index.php\/wp-json\/wp\/v2\/media\/7585"}],"wp:attachment":[{"href":"https:\/\/www.alasmedios.com\/index.php\/wp-json\/wp\/v2\/media?parent=7584"}],"wp:term":[{"taxonomy":"category","embeddable":true,"href":"https:\/\/www.alasmedios.com\/index.php\/wp-json\/wp\/v2\/categories?post=7584"},{"taxonomy":"post_tag","embeddable":true,"href":"https:\/\/www.alasmedios.com\/index.php\/wp-json\/wp\/v2\/tags?post=7584"}],"curies":[{"name":"wp","href":"https:\/\/api.w.org\/{rel}","templated":true}]}}