{"id":7578,"date":"2026-01-23T15:30:00","date_gmt":"2026-01-23T21:30:00","guid":{"rendered":"https:\/\/www.alasmedios.com\/?p=7578"},"modified":"2026-01-24T10:49:18","modified_gmt":"2026-01-24T16:49:18","slug":"maria-del-rosario-espinoza-la-vida-despues-del-tatami","status":"publish","type":"post","link":"https:\/\/www.alasmedios.com\/index.php\/2026\/01\/23\/maria-del-rosario-espinoza-la-vida-despues-del-tatami\/","title":{"rendered":"Mar\u00eda del Rosario Espinoza: la vida despu\u00e9s del tatami"},"content":{"rendered":"\n<p>La <strong>triple medallista ol\u00edmpica<\/strong> y la mujer mexicana con <strong>m\u00e1s preseas en Juegos Ol\u00edmpicos<\/strong>, <strong>Mar\u00eda del Rosario Espinoza<\/strong>, cambi\u00f3 el tatami por un desaf\u00edo igual de intenso: <strong>aprender a vivir despu\u00e9s del retiro<\/strong>. En una <strong>columna invitada<\/strong>, la hist\u00f3rica figura del <strong>taekwondo mexicano<\/strong> abre el coraz\u00f3n y narra la crisis que enfrent\u00f3 tras decir adi\u00f3s al alto rendimiento en <strong>2022<\/strong>, luego de <strong>18 a\u00f1os<\/strong> de entrega total.<\/p>\n\n\n\n<p>El deporte apareci\u00f3 temprano en su vida, impulsado por su padre y por una conexi\u00f3n inmediata con la competencia. \u201c<strong>Como si el deporte me eligiera a m\u00ed<\/strong>\u201d, recuerda. Entre el <strong>atletismo<\/strong> y el <strong>taekwondo<\/strong>, fue este \u00faltimo el que termin\u00f3 por conquistarla, no por talento desbordado, sino por una <strong>pasi\u00f3n silenciosa<\/strong> que solo algunos entrenadores supieron ver.<\/p>\n\n\n\n<p>Del juego al alto rendimiento, el tatami se convirti\u00f3 en su escenario natural. <strong>Victorias, derrotas, l\u00e1grimas y reinvenci\u00f3n<\/strong> marcaron una carrera que la llev\u00f3 a la <strong>gloria ol\u00edmpica<\/strong>. En ese camino entendi\u00f3 que <strong>la mente es tan importante como el cuerpo<\/strong>, y que cada ca\u00edda tambi\u00e9n entrena el car\u00e1cter.<\/p>\n\n\n\n<p>CONTIN\u00daA LEYENDO: <a href=\"https:\/\/www.alasmedios.com\/index.php\/2026\/01\/22\/sarah-schleper-y-lasse-gaxiola-madre-e-hijo-en-milano-cortina-2026\/\" data-type=\"post\" data-id=\"7565\">Sarah Schleper y Lasse Gaxiola: madre e hijo en Milano Cortina 2026<\/a><\/p>\n\n\n\n<p>Su objetivo siempre fue claro: <strong>los Juegos Ol\u00edmpicos<\/strong>, el punto m\u00e1s alto de su carrera. Ganar una medalla, explica, fue \u201c<strong>tocar el amor en forma de metal<\/strong>\u201d, la recompensa tangible de a\u00f1os de sacrificio. Pero tras <strong>Tokio 2020<\/strong>, tom\u00f3 una decisi\u00f3n definitiva: <strong>no buscar unos cuartos Juegos Ol\u00edmpicos<\/strong>.<\/p>\n\n\n\n<p>Ah\u00ed comenz\u00f3 el combate m\u00e1s inesperado. Sin competencias ni adrenalina, <strong>la mente tard\u00f3 m\u00e1s que el cuerpo en aceptar el retiro<\/strong>. Espinoza reconoce haber ca\u00eddo en una <strong>depresi\u00f3n profunda<\/strong>, al no saber c\u00f3mo vivir sin objetivos deportivos. Con <strong>ayuda profesional<\/strong> y el respaldo de su familia, entendi\u00f3 que la vida tambi\u00e9n exige disciplina, valent\u00eda y constancia.<\/p>\n\n\n\n<p>Hoy, desde otra trinchera, lo tiene claro: <strong>despu\u00e9s de la medalla ol\u00edmpica comienza otra carrera<\/strong>, la de la vida misma. Las lecciones del deporte \u2014<strong>luchar, aprovechar el tiempo y levantarse tras cada ca\u00edda<\/strong>\u2014 siguen vigentes fuera del escenario competitivo.<\/p>\n\n\n\n<p>Con la voz de una campeona y la honestidad de una persona, <strong>Mar\u00eda del Rosario Espinoza<\/strong> lanza su mensaje final: <strong>abrazar cada nuevo desaf\u00edo como si fuera una medalla ol\u00edmpica<\/strong>, porque incluso los <strong>h\u00e9roes nacionales<\/strong> deben aprender a reinventarse cuando el p\u00fablico se va y el tel\u00f3n baja.<\/p>\n\n\n<ul class=\"wp-block-latest-posts__list is-grid columns-3 wp-block-latest-posts\"><li><div class=\"wp-block-latest-posts__featured-image\"><img loading=\"lazy\" decoding=\"async\" width=\"150\" height=\"150\" src=\"https:\/\/www.alasmedios.com\/wp-content\/uploads\/2026\/05\/Super-Final-de-la-Copa-del-Mundo-de-Clavados-2026-150x150.jpeg\" class=\"attachment-thumbnail size-thumbnail wp-post-image\" alt=\"\" style=\"\" \/><\/div><a class=\"wp-block-latest-posts__post-title\" href=\"https:\/\/www.alasmedios.com\/index.php\/2026\/05\/01\/mexico-se-lanza-por-la-cima-once-clavadistas-buscan-la-gloria-mundial-en-pekin-2026\/\">M\u00e9xico se lanza por la cima: once clavadistas buscan la gloria mundial en Pek\u00edn 2026<\/a><\/li>\n<li><div class=\"wp-block-latest-posts__featured-image\"><img loading=\"lazy\" decoding=\"async\" width=\"150\" height=\"150\" src=\"https:\/\/www.alasmedios.com\/wp-content\/uploads\/2026\/04\/Puebla-el-Congreso-aprobo-el-Protocolo-Homologado-de-Investigacion-de-Delitos-contra-Personas-LGBTTTI-150x150.png\" class=\"attachment-thumbnail size-thumbnail wp-post-image\" alt=\"\" style=\"\" \/><\/div><a class=\"wp-block-latest-posts__post-title\" href=\"https:\/\/www.alasmedios.com\/index.php\/2026\/04\/30\/puebla-impulsa-protocolo-contra-delitos-lgbttti\/\">Puebla impulsa protocolo contra delitos LGBTTTI+<\/a><\/li>\n<li><div class=\"wp-block-latest-posts__featured-image\"><img loading=\"lazy\" decoding=\"async\" width=\"150\" height=\"150\" src=\"https:\/\/www.alasmedios.com\/wp-content\/uploads\/2026\/04\/PEC-Parque-Ecologico-Cubitos-150x150.jpg\" class=\"attachment-thumbnail size-thumbnail wp-post-image\" alt=\"\" style=\"\" \/><\/div><a class=\"wp-block-latest-posts__post-title\" href=\"https:\/\/www.alasmedios.com\/index.php\/2026\/04\/30\/naturaleza-viva-en-pachuca-cubitos-conmemora-a-los-jardines-botanicos\/\">Naturaleza viva en Pachuca: Cubitos conmemora a los jardines bot\u00e1nicos<\/a><\/li>\n<\/ul>","protected":false},"excerpt":{"rendered":"<p>La triple medallista ol\u00edmpica y la mujer mexicana con m\u00e1s preseas en Juegos Ol\u00edmpicos, Mar\u00eda del Rosario Espinoza, cambi\u00f3 el<\/p>\n","protected":false},"author":4,"featured_media":7581,"comment_status":"open","ping_status":"open","sticky":false,"template":"","format":"standard","meta":{"colormag_page_container_layout":"default_layout","colormag_page_sidebar_layout":"default_layout","rop_custom_images_group":[],"rop_custom_messages_group":[],"rop_publish_now":"initial","rop_publish_now_accounts":[],"rop_publish_now_history":[],"rop_publish_now_status":"pending","iawp_total_views":0,"footnotes":""},"categories":[3223,45],"tags":[223,222,1290,1804],"class_list":["post-7578","post","type-post","status-publish","format-standard","has-post-thumbnail","hentry","category-deportes","category-ellas-dicen","tag-deportes","tag-juegos-olimpicos","tag-maria-del-rosario-espinoza","tag-taekwondo"],"magazineBlocksPostFeaturedMedia":{"thumbnail":"https:\/\/www.alasmedios.com\/wp-content\/uploads\/2026\/01\/Grupo-Alas-Medios-@grupo.alasmedios-@AlasMujeres-150x150.png","medium":"https:\/\/www.alasmedios.com\/wp-content\/uploads\/2026\/01\/Grupo-Alas-Medios-@grupo.alasmedios-@AlasMujeres-300x169.png","medium_large":"https:\/\/www.alasmedios.com\/wp-content\/uploads\/2026\/01\/Grupo-Alas-Medios-@grupo.alasmedios-@AlasMujeres-768x433.png","large":"https:\/\/www.alasmedios.com\/wp-content\/uploads\/2026\/01\/Grupo-Alas-Medios-@grupo.alasmedios-@AlasMujeres-1024x577.png","1536x1536":"https:\/\/www.alasmedios.com\/wp-content\/uploads\/2026\/01\/Grupo-Alas-Medios-@grupo.alasmedios-@AlasMujeres-1536x865.png","2048x2048":"https:\/\/www.alasmedios.com\/wp-content\/uploads\/2026\/01\/Grupo-Alas-Medios-@grupo.alasmedios-@AlasMujeres.png","colormag-highlighted-post":"https:\/\/www.alasmedios.com\/wp-content\/uploads\/2026\/01\/Grupo-Alas-Medios-@grupo.alasmedios-@AlasMujeres-392x272.png","colormag-featured-post-medium":"https:\/\/www.alasmedios.com\/wp-content\/uploads\/2026\/01\/Grupo-Alas-Medios-@grupo.alasmedios-@AlasMujeres-390x205.png","colormag-featured-post-small":"https:\/\/www.alasmedios.com\/wp-content\/uploads\/2026\/01\/Grupo-Alas-Medios-@grupo.alasmedios-@AlasMujeres-130x90.png","colormag-featured-image":"https:\/\/www.alasmedios.com\/wp-content\/uploads\/2026\/01\/Grupo-Alas-Medios-@grupo.alasmedios-@AlasMujeres-800x445.png","colormag-default-news":"https:\/\/www.alasmedios.com\/wp-content\/uploads\/2026\/01\/Grupo-Alas-Medios-@grupo.alasmedios-@AlasMujeres-150x150.png","colormag-featured-image-large":"https:\/\/www.alasmedios.com\/wp-content\/uploads\/2026\/01\/Grupo-Alas-Medios-@grupo.alasmedios-@AlasMujeres-1400x600.png"},"magazineBlocksPostAuthor":{"name":"Keila Rodr\u00edguez Pe\u00f1a","avatar":"https:\/\/secure.gravatar.com\/avatar\/a2553a2bfaa601b9d539b617c8793e151bdffb60f9e48a249912f86d4c9ebeef?s=96&d=mm&r=g"},"magazineBlocksPostCommentsNumber":"0","magazineBlocksPostExcerpt":"La triple medallista ol\u00edmpica y la mujer mexicana con m\u00e1s preseas en Juegos Ol\u00edmpicos, Mar\u00eda del Rosario Espinoza, cambi\u00f3 el","magazineBlocksPostCategories":["Deportes","Ellas Dicen"],"magazineBlocksPostViewCount":83,"magazineBlocksPostReadTime":3,"magazine_blocks_featured_image_url":{"full":["https:\/\/www.alasmedios.com\/wp-content\/uploads\/2026\/01\/Grupo-Alas-Medios-@grupo.alasmedios-@AlasMujeres.png",1640,924,false],"medium":["https:\/\/www.alasmedios.com\/wp-content\/uploads\/2026\/01\/Grupo-Alas-Medios-@grupo.alasmedios-@AlasMujeres-300x169.png",300,169,true],"thumbnail":["https:\/\/www.alasmedios.com\/wp-content\/uploads\/2026\/01\/Grupo-Alas-Medios-@grupo.alasmedios-@AlasMujeres-150x150.png",150,150,true]},"magazine_blocks_author":{"display_name":"Keila Rodr\u00edguez Pe\u00f1a","author_link":"https:\/\/www.alasmedios.com\/index.php\/author\/keila\/"},"magazine_blocks_comment":0,"magazine_blocks_author_image":"https:\/\/secure.gravatar.com\/avatar\/a2553a2bfaa601b9d539b617c8793e151bdffb60f9e48a249912f86d4c9ebeef?s=96&d=mm&r=g","magazine_blocks_category":"<a href=\"#\" class=\"category-link category-link-3223\">Deportes<\/a> <a href=\"#\" class=\"category-link category-link-45\">Ellas Dicen<\/a>","yoast_head":"<!-- This site is optimized with the Yoast SEO plugin v27.5 - https:\/\/yoast.com\/product\/yoast-seo-wordpress\/ -->\r\n<title>Mar\u00eda del Rosario Espinoza: la vida despu\u00e9s del tatami - Alas Medios<\/title>\r\n<meta name=\"robots\" content=\"index, follow, max-snippet:-1, max-image-preview:large, max-video-preview:-1\" \/>\r\n<link rel=\"canonical\" href=\"https:\/\/www.alasmedios.com\/index.php\/2026\/01\/23\/maria-del-rosario-espinoza-la-vida-despues-del-tatami\/\" \/>\r\n<meta property=\"og:locale\" content=\"es_MX\" \/>\r\n<meta property=\"og:type\" content=\"article\" \/>\r\n<meta property=\"og:title\" content=\"Mar\u00eda del Rosario Espinoza: la vida despu\u00e9s del tatami - Alas Medios\" \/>\r\n<meta property=\"og:description\" content=\"La triple medallista ol\u00edmpica y la mujer mexicana con m\u00e1s preseas en Juegos Ol\u00edmpicos, Mar\u00eda del Rosario Espinoza, cambi\u00f3 el\" \/>\r\n<meta property=\"og:url\" content=\"https:\/\/www.alasmedios.com\/index.php\/2026\/01\/23\/maria-del-rosario-espinoza-la-vida-despues-del-tatami\/\" \/>\r\n<meta property=\"og:site_name\" content=\"Alas Medios\" \/>\r\n<meta property=\"article:published_time\" content=\"2026-01-23T21:30:00+00:00\" \/>\r\n<meta property=\"article:modified_time\" content=\"2026-01-24T16:49:18+00:00\" \/>\r\n<meta property=\"og:image\" content=\"https:\/\/www.alasmedios.com\/wp-content\/uploads\/2026\/01\/Grupo-Alas-Medios-@grupo.alasmedios-@AlasMujeres.png\" \/>\r\n\t<meta property=\"og:image:width\" content=\"1640\" \/>\r\n\t<meta property=\"og:image:height\" content=\"924\" \/>\r\n\t<meta property=\"og:image:type\" content=\"image\/png\" \/>\r\n<meta name=\"author\" content=\"Keila Rodr\u00edguez Pe\u00f1a\" \/>\r\n<meta name=\"twitter:card\" content=\"summary_large_image\" \/>\r\n<meta name=\"twitter:label1\" content=\"Escrito por\" \/>\n\t<meta name=\"twitter:data1\" content=\"Keila Rodr\u00edguez Pe\u00f1a\" \/>\n\t<meta name=\"twitter:label2\" content=\"Tiempo de lectura\" \/>\n\t<meta name=\"twitter:data2\" content=\"2 minutos\" \/>\r\n<script type=\"application\/ld+json\" class=\"yoast-schema-graph\">{\"@context\":\"https:\\\/\\\/schema.org\",\"@graph\":[{\"@type\":\"Article\",\"@id\":\"https:\\\/\\\/www.alasmedios.com\\\/index.php\\\/2026\\\/01\\\/23\\\/maria-del-rosario-espinoza-la-vida-despues-del-tatami\\\/#article\",\"isPartOf\":{\"@id\":\"https:\\\/\\\/www.alasmedios.com\\\/index.php\\\/2026\\\/01\\\/23\\\/maria-del-rosario-espinoza-la-vida-despues-del-tatami\\\/\"},\"author\":{\"name\":\"Keila Rodr\u00edguez Pe\u00f1a\",\"@id\":\"https:\\\/\\\/www.alasmedios.com\\\/#\\\/schema\\\/person\\\/0ba31bdd19a05ebf5c7fef1fedf99c34\"},\"headline\":\"Mar\u00eda del Rosario Espinoza: la vida despu\u00e9s del tatami\",\"datePublished\":\"2026-01-23T21:30:00+00:00\",\"dateModified\":\"2026-01-24T16:49:18+00:00\",\"mainEntityOfPage\":{\"@id\":\"https:\\\/\\\/www.alasmedios.com\\\/index.php\\\/2026\\\/01\\\/23\\\/maria-del-rosario-espinoza-la-vida-despues-del-tatami\\\/\"},\"wordCount\":425,\"commentCount\":0,\"publisher\":{\"@id\":\"https:\\\/\\\/www.alasmedios.com\\\/#organization\"},\"image\":{\"@id\":\"https:\\\/\\\/www.alasmedios.com\\\/index.php\\\/2026\\\/01\\\/23\\\/maria-del-rosario-espinoza-la-vida-despues-del-tatami\\\/#primaryimage\"},\"thumbnailUrl\":\"https:\\\/\\\/www.alasmedios.com\\\/wp-content\\\/uploads\\\/2026\\\/01\\\/Grupo-Alas-Medios-@grupo.alasmedios-@AlasMujeres.png\",\"keywords\":[\"deportes\",\"Juegos Ol\u00edmpicos\",\"Mar\u00eda del Rosario Espinoza\",\"Taekwondo\"],\"articleSection\":[\"Deportes\",\"Ellas Dicen\"],\"inLanguage\":\"es\",\"potentialAction\":[{\"@type\":\"CommentAction\",\"name\":\"Comment\",\"target\":[\"https:\\\/\\\/www.alasmedios.com\\\/index.php\\\/2026\\\/01\\\/23\\\/maria-del-rosario-espinoza-la-vida-despues-del-tatami\\\/#respond\"]}]},{\"@type\":\"WebPage\",\"@id\":\"https:\\\/\\\/www.alasmedios.com\\\/index.php\\\/2026\\\/01\\\/23\\\/maria-del-rosario-espinoza-la-vida-despues-del-tatami\\\/\",\"url\":\"https:\\\/\\\/www.alasmedios.com\\\/index.php\\\/2026\\\/01\\\/23\\\/maria-del-rosario-espinoza-la-vida-despues-del-tatami\\\/\",\"name\":\"Mar\u00eda del Rosario Espinoza: la vida despu\u00e9s del tatami - Alas Medios\",\"isPartOf\":{\"@id\":\"https:\\\/\\\/www.alasmedios.com\\\/#website\"},\"primaryImageOfPage\":{\"@id\":\"https:\\\/\\\/www.alasmedios.com\\\/index.php\\\/2026\\\/01\\\/23\\\/maria-del-rosario-espinoza-la-vida-despues-del-tatami\\\/#primaryimage\"},\"image\":{\"@id\":\"https:\\\/\\\/www.alasmedios.com\\\/index.php\\\/2026\\\/01\\\/23\\\/maria-del-rosario-espinoza-la-vida-despues-del-tatami\\\/#primaryimage\"},\"thumbnailUrl\":\"https:\\\/\\\/www.alasmedios.com\\\/wp-content\\\/uploads\\\/2026\\\/01\\\/Grupo-Alas-Medios-@grupo.alasmedios-@AlasMujeres.png\",\"datePublished\":\"2026-01-23T21:30:00+00:00\",\"dateModified\":\"2026-01-24T16:49:18+00:00\",\"breadcrumb\":{\"@id\":\"https:\\\/\\\/www.alasmedios.com\\\/index.php\\\/2026\\\/01\\\/23\\\/maria-del-rosario-espinoza-la-vida-despues-del-tatami\\\/#breadcrumb\"},\"inLanguage\":\"es\",\"potentialAction\":[{\"@type\":\"ReadAction\",\"target\":[\"https:\\\/\\\/www.alasmedios.com\\\/index.php\\\/2026\\\/01\\\/23\\\/maria-del-rosario-espinoza-la-vida-despues-del-tatami\\\/\"]}]},{\"@type\":\"ImageObject\",\"inLanguage\":\"es\",\"@id\":\"https:\\\/\\\/www.alasmedios.com\\\/index.php\\\/2026\\\/01\\\/23\\\/maria-del-rosario-espinoza-la-vida-despues-del-tatami\\\/#primaryimage\",\"url\":\"https:\\\/\\\/www.alasmedios.com\\\/wp-content\\\/uploads\\\/2026\\\/01\\\/Grupo-Alas-Medios-@grupo.alasmedios-@AlasMujeres.png\",\"contentUrl\":\"https:\\\/\\\/www.alasmedios.com\\\/wp-content\\\/uploads\\\/2026\\\/01\\\/Grupo-Alas-Medios-@grupo.alasmedios-@AlasMujeres.png\",\"width\":1640,\"height\":924},{\"@type\":\"BreadcrumbList\",\"@id\":\"https:\\\/\\\/www.alasmedios.com\\\/index.php\\\/2026\\\/01\\\/23\\\/maria-del-rosario-espinoza-la-vida-despues-del-tatami\\\/#breadcrumb\",\"itemListElement\":[{\"@type\":\"ListItem\",\"position\":1,\"name\":\"Inicio\",\"item\":\"https:\\\/\\\/www.alasmedios.com\\\/\"},{\"@type\":\"ListItem\",\"position\":2,\"name\":\"Mar\u00eda del Rosario Espinoza: la vida despu\u00e9s del tatami\"}]},{\"@type\":\"WebSite\",\"@id\":\"https:\\\/\\\/www.alasmedios.com\\\/#website\",\"url\":\"https:\\\/\\\/www.alasmedios.com\\\/\",\"name\":\"Alas Medios\",\"description\":\"Alas para pensar, Alas para volar, Alas de libertad\",\"publisher\":{\"@id\":\"https:\\\/\\\/www.alasmedios.com\\\/#organization\"},\"potentialAction\":[{\"@type\":\"SearchAction\",\"target\":{\"@type\":\"EntryPoint\",\"urlTemplate\":\"https:\\\/\\\/www.alasmedios.com\\\/?s={search_term_string}\"},\"query-input\":{\"@type\":\"PropertyValueSpecification\",\"valueRequired\":true,\"valueName\":\"search_term_string\"}}],\"inLanguage\":\"es\"},{\"@type\":\"Organization\",\"@id\":\"https:\\\/\\\/www.alasmedios.com\\\/#organization\",\"name\":\"Alas Medios\",\"url\":\"https:\\\/\\\/www.alasmedios.com\\\/\",\"logo\":{\"@type\":\"ImageObject\",\"inLanguage\":\"es\",\"@id\":\"https:\\\/\\\/www.alasmedios.com\\\/#\\\/schema\\\/logo\\\/image\\\/\",\"url\":\"https:\\\/\\\/www.alasmedios.com\\\/wp-content\\\/uploads\\\/2026\\\/01\\\/cropped-cropped-GAM-1.png\",\"contentUrl\":\"https:\\\/\\\/www.alasmedios.com\\\/wp-content\\\/uploads\\\/2026\\\/01\\\/cropped-cropped-GAM-1.png\",\"width\":467,\"height\":235,\"caption\":\"Alas Medios\"},\"image\":{\"@id\":\"https:\\\/\\\/www.alasmedios.com\\\/#\\\/schema\\\/logo\\\/image\\\/\"}},{\"@type\":\"Person\",\"@id\":\"https:\\\/\\\/www.alasmedios.com\\\/#\\\/schema\\\/person\\\/0ba31bdd19a05ebf5c7fef1fedf99c34\",\"name\":\"Keila Rodr\u00edguez Pe\u00f1a\",\"image\":{\"@type\":\"ImageObject\",\"inLanguage\":\"es\",\"@id\":\"https:\\\/\\\/secure.gravatar.com\\\/avatar\\\/a2553a2bfaa601b9d539b617c8793e151bdffb60f9e48a249912f86d4c9ebeef?s=96&d=mm&r=g\",\"url\":\"https:\\\/\\\/secure.gravatar.com\\\/avatar\\\/a2553a2bfaa601b9d539b617c8793e151bdffb60f9e48a249912f86d4c9ebeef?s=96&d=mm&r=g\",\"contentUrl\":\"https:\\\/\\\/secure.gravatar.com\\\/avatar\\\/a2553a2bfaa601b9d539b617c8793e151bdffb60f9e48a249912f86d4c9ebeef?s=96&d=mm&r=g\",\"caption\":\"Keila Rodr\u00edguez Pe\u00f1a\"},\"sameAs\":[\"http:\\\/\\\/www.alasmedios.com\"],\"url\":\"https:\\\/\\\/www.alasmedios.com\\\/index.php\\\/author\\\/keila\\\/\"}]}<\/script>\r\n<!-- \/ Yoast SEO plugin. -->","yoast_head_json":{"title":"Mar\u00eda del Rosario Espinoza: la vida despu\u00e9s del tatami - Alas Medios","robots":{"index":"index","follow":"follow","max-snippet":"max-snippet:-1","max-image-preview":"max-image-preview:large","max-video-preview":"max-video-preview:-1"},"canonical":"https:\/\/www.alasmedios.com\/index.php\/2026\/01\/23\/maria-del-rosario-espinoza-la-vida-despues-del-tatami\/","og_locale":"es_MX","og_type":"article","og_title":"Mar\u00eda del Rosario Espinoza: la vida despu\u00e9s del tatami - Alas Medios","og_description":"La triple medallista ol\u00edmpica y la mujer mexicana con m\u00e1s preseas en Juegos Ol\u00edmpicos, Mar\u00eda del Rosario Espinoza, cambi\u00f3 el","og_url":"https:\/\/www.alasmedios.com\/index.php\/2026\/01\/23\/maria-del-rosario-espinoza-la-vida-despues-del-tatami\/","og_site_name":"Alas Medios","article_published_time":"2026-01-23T21:30:00+00:00","article_modified_time":"2026-01-24T16:49:18+00:00","og_image":[{"width":1640,"height":924,"url":"https:\/\/www.alasmedios.com\/wp-content\/uploads\/2026\/01\/Grupo-Alas-Medios-@grupo.alasmedios-@AlasMujeres.png","type":"image\/png"}],"author":"Keila Rodr\u00edguez Pe\u00f1a","twitter_card":"summary_large_image","twitter_misc":{"Escrito por":"Keila Rodr\u00edguez Pe\u00f1a","Tiempo de lectura":"2 minutos"},"schema":{"@context":"https:\/\/schema.org","@graph":[{"@type":"Article","@id":"https:\/\/www.alasmedios.com\/index.php\/2026\/01\/23\/maria-del-rosario-espinoza-la-vida-despues-del-tatami\/#article","isPartOf":{"@id":"https:\/\/www.alasmedios.com\/index.php\/2026\/01\/23\/maria-del-rosario-espinoza-la-vida-despues-del-tatami\/"},"author":{"name":"Keila Rodr\u00edguez Pe\u00f1a","@id":"https:\/\/www.alasmedios.com\/#\/schema\/person\/0ba31bdd19a05ebf5c7fef1fedf99c34"},"headline":"Mar\u00eda del Rosario Espinoza: la vida despu\u00e9s del tatami","datePublished":"2026-01-23T21:30:00+00:00","dateModified":"2026-01-24T16:49:18+00:00","mainEntityOfPage":{"@id":"https:\/\/www.alasmedios.com\/index.php\/2026\/01\/23\/maria-del-rosario-espinoza-la-vida-despues-del-tatami\/"},"wordCount":425,"commentCount":0,"publisher":{"@id":"https:\/\/www.alasmedios.com\/#organization"},"image":{"@id":"https:\/\/www.alasmedios.com\/index.php\/2026\/01\/23\/maria-del-rosario-espinoza-la-vida-despues-del-tatami\/#primaryimage"},"thumbnailUrl":"https:\/\/www.alasmedios.com\/wp-content\/uploads\/2026\/01\/Grupo-Alas-Medios-@grupo.alasmedios-@AlasMujeres.png","keywords":["deportes","Juegos Ol\u00edmpicos","Mar\u00eda del Rosario Espinoza","Taekwondo"],"articleSection":["Deportes","Ellas Dicen"],"inLanguage":"es","potentialAction":[{"@type":"CommentAction","name":"Comment","target":["https:\/\/www.alasmedios.com\/index.php\/2026\/01\/23\/maria-del-rosario-espinoza-la-vida-despues-del-tatami\/#respond"]}]},{"@type":"WebPage","@id":"https:\/\/www.alasmedios.com\/index.php\/2026\/01\/23\/maria-del-rosario-espinoza-la-vida-despues-del-tatami\/","url":"https:\/\/www.alasmedios.com\/index.php\/2026\/01\/23\/maria-del-rosario-espinoza-la-vida-despues-del-tatami\/","name":"Mar\u00eda del Rosario Espinoza: la vida despu\u00e9s del tatami - Alas Medios","isPartOf":{"@id":"https:\/\/www.alasmedios.com\/#website"},"primaryImageOfPage":{"@id":"https:\/\/www.alasmedios.com\/index.php\/2026\/01\/23\/maria-del-rosario-espinoza-la-vida-despues-del-tatami\/#primaryimage"},"image":{"@id":"https:\/\/www.alasmedios.com\/index.php\/2026\/01\/23\/maria-del-rosario-espinoza-la-vida-despues-del-tatami\/#primaryimage"},"thumbnailUrl":"https:\/\/www.alasmedios.com\/wp-content\/uploads\/2026\/01\/Grupo-Alas-Medios-@grupo.alasmedios-@AlasMujeres.png","datePublished":"2026-01-23T21:30:00+00:00","dateModified":"2026-01-24T16:49:18+00:00","breadcrumb":{"@id":"https:\/\/www.alasmedios.com\/index.php\/2026\/01\/23\/maria-del-rosario-espinoza-la-vida-despues-del-tatami\/#breadcrumb"},"inLanguage":"es","potentialAction":[{"@type":"ReadAction","target":["https:\/\/www.alasmedios.com\/index.php\/2026\/01\/23\/maria-del-rosario-espinoza-la-vida-despues-del-tatami\/"]}]},{"@type":"ImageObject","inLanguage":"es","@id":"https:\/\/www.alasmedios.com\/index.php\/2026\/01\/23\/maria-del-rosario-espinoza-la-vida-despues-del-tatami\/#primaryimage","url":"https:\/\/www.alasmedios.com\/wp-content\/uploads\/2026\/01\/Grupo-Alas-Medios-@grupo.alasmedios-@AlasMujeres.png","contentUrl":"https:\/\/www.alasmedios.com\/wp-content\/uploads\/2026\/01\/Grupo-Alas-Medios-@grupo.alasmedios-@AlasMujeres.png","width":1640,"height":924},{"@type":"BreadcrumbList","@id":"https:\/\/www.alasmedios.com\/index.php\/2026\/01\/23\/maria-del-rosario-espinoza-la-vida-despues-del-tatami\/#breadcrumb","itemListElement":[{"@type":"ListItem","position":1,"name":"Inicio","item":"https:\/\/www.alasmedios.com\/"},{"@type":"ListItem","position":2,"name":"Mar\u00eda del Rosario Espinoza: la vida despu\u00e9s del tatami"}]},{"@type":"WebSite","@id":"https:\/\/www.alasmedios.com\/#website","url":"https:\/\/www.alasmedios.com\/","name":"Alas Medios","description":"Alas para pensar, Alas para volar, Alas de libertad","publisher":{"@id":"https:\/\/www.alasmedios.com\/#organization"},"potentialAction":[{"@type":"SearchAction","target":{"@type":"EntryPoint","urlTemplate":"https:\/\/www.alasmedios.com\/?s={search_term_string}"},"query-input":{"@type":"PropertyValueSpecification","valueRequired":true,"valueName":"search_term_string"}}],"inLanguage":"es"},{"@type":"Organization","@id":"https:\/\/www.alasmedios.com\/#organization","name":"Alas Medios","url":"https:\/\/www.alasmedios.com\/","logo":{"@type":"ImageObject","inLanguage":"es","@id":"https:\/\/www.alasmedios.com\/#\/schema\/logo\/image\/","url":"https:\/\/www.alasmedios.com\/wp-content\/uploads\/2026\/01\/cropped-cropped-GAM-1.png","contentUrl":"https:\/\/www.alasmedios.com\/wp-content\/uploads\/2026\/01\/cropped-cropped-GAM-1.png","width":467,"height":235,"caption":"Alas Medios"},"image":{"@id":"https:\/\/www.alasmedios.com\/#\/schema\/logo\/image\/"}},{"@type":"Person","@id":"https:\/\/www.alasmedios.com\/#\/schema\/person\/0ba31bdd19a05ebf5c7fef1fedf99c34","name":"Keila Rodr\u00edguez Pe\u00f1a","image":{"@type":"ImageObject","inLanguage":"es","@id":"https:\/\/secure.gravatar.com\/avatar\/a2553a2bfaa601b9d539b617c8793e151bdffb60f9e48a249912f86d4c9ebeef?s=96&d=mm&r=g","url":"https:\/\/secure.gravatar.com\/avatar\/a2553a2bfaa601b9d539b617c8793e151bdffb60f9e48a249912f86d4c9ebeef?s=96&d=mm&r=g","contentUrl":"https:\/\/secure.gravatar.com\/avatar\/a2553a2bfaa601b9d539b617c8793e151bdffb60f9e48a249912f86d4c9ebeef?s=96&d=mm&r=g","caption":"Keila Rodr\u00edguez Pe\u00f1a"},"sameAs":["http:\/\/www.alasmedios.com"],"url":"https:\/\/www.alasmedios.com\/index.php\/author\/keila\/"}]}},"_links":{"self":[{"href":"https:\/\/www.alasmedios.com\/index.php\/wp-json\/wp\/v2\/posts\/7578","targetHints":{"allow":["GET"]}}],"collection":[{"href":"https:\/\/www.alasmedios.com\/index.php\/wp-json\/wp\/v2\/posts"}],"about":[{"href":"https:\/\/www.alasmedios.com\/index.php\/wp-json\/wp\/v2\/types\/post"}],"author":[{"embeddable":true,"href":"https:\/\/www.alasmedios.com\/index.php\/wp-json\/wp\/v2\/users\/4"}],"replies":[{"embeddable":true,"href":"https:\/\/www.alasmedios.com\/index.php\/wp-json\/wp\/v2\/comments?post=7578"}],"version-history":[{"count":1,"href":"https:\/\/www.alasmedios.com\/index.php\/wp-json\/wp\/v2\/posts\/7578\/revisions"}],"predecessor-version":[{"id":7579,"href":"https:\/\/www.alasmedios.com\/index.php\/wp-json\/wp\/v2\/posts\/7578\/revisions\/7579"}],"wp:featuredmedia":[{"embeddable":true,"href":"https:\/\/www.alasmedios.com\/index.php\/wp-json\/wp\/v2\/media\/7581"}],"wp:attachment":[{"href":"https:\/\/www.alasmedios.com\/index.php\/wp-json\/wp\/v2\/media?parent=7578"}],"wp:term":[{"taxonomy":"category","embeddable":true,"href":"https:\/\/www.alasmedios.com\/index.php\/wp-json\/wp\/v2\/categories?post=7578"},{"taxonomy":"post_tag","embeddable":true,"href":"https:\/\/www.alasmedios.com\/index.php\/wp-json\/wp\/v2\/tags?post=7578"}],"curies":[{"name":"wp","href":"https:\/\/api.w.org\/{rel}","templated":true}]}}