{"id":7575,"date":"2026-01-23T10:38:25","date_gmt":"2026-01-23T16:38:25","guid":{"rendered":"https:\/\/www.alasmedios.com\/?p=7575"},"modified":"2026-01-23T10:38:25","modified_gmt":"2026-01-23T16:38:25","slug":"issste-hidalgo-llama-a-concientizar-sobre-el-glaucoma","status":"publish","type":"post","link":"https:\/\/www.alasmedios.com\/index.php\/2026\/01\/23\/issste-hidalgo-llama-a-concientizar-sobre-el-glaucoma\/","title":{"rendered":"ISSSTE Hidalgo llama a concientizar sobre el glaucoma"},"content":{"rendered":"\n<p>En el marco de la<strong> Concientizaci\u00f3n sobre el Glaucoma<\/strong>, el <strong>Hospital General \u201cDra. Columba Rivera Osorio\u201d<\/strong>, del <strong>ISSSTE Hidalgo<\/strong>, realiz\u00f3 <strong>pl\u00e1ticas informativas<\/strong> dirigidas al <strong>personal de salud<\/strong> y a las y los <strong>derechohabientes<\/strong>, con el objetivo de <strong>fortalecer el conocimiento<\/strong> y promover la <strong>detecci\u00f3n oportuna<\/strong> de esta enfermedad ocular.<\/p>\n\n\n\n<p>Las actividades se llevaron a cabo en <strong>salas de espera<\/strong>, donde tambi\u00e9n se realiz\u00f3 la <strong>entrega de tr\u00edpticos informativos<\/strong>, como parte de una estrategia de <strong>prevenci\u00f3n y educaci\u00f3n en salud visual<\/strong>.<\/p>\n\n\n\n<h3 class=\"wp-block-heading\">\u00bfQu\u00e9 es el glaucoma?<\/h3>\n\n\n\n<p>El <strong>glaucoma<\/strong> es un <strong>conjunto de enfermedades<\/strong> que da\u00f1an de manera progresiva el <strong>nervio \u00f3ptico<\/strong>, generalmente a causa del <strong>aumento de la presi\u00f3n intraocular<\/strong>. Se trata de una de las <strong>principales causas de ceguera irreversible en el mundo<\/strong>, debido a que en sus etapas iniciales <strong>no presenta s\u00edntomas evidentes<\/strong>, lo que retrasa su diagn\u00f3stico.<\/p>\n\n\n\n<p>CONTIN\u00daA LEYENDO: <a href=\"https:\/\/www.alasmedios.com\/index.php\/2026\/01\/23\/ihm-e-icathi-inician-dialogo-para-fortalecer-a-mujeres-en-hidalgo\/\" data-type=\"post\" data-id=\"7572\">IHM e ICATHI inician di\u00e1logo para fortalecer a mujeres en Hidalgo<\/a><\/p>\n\n\n\n<p>Especialistas advierten que el glaucoma <strong>afecta con mayor frecuencia a personas mayores de 40 a\u00f1os<\/strong>, a quienes tienen <strong>antecedentes familiares<\/strong>, <strong>diabetes<\/strong>, <strong>hipertensi\u00f3n<\/strong>, as\u00ed como a personas con <strong>miop\u00eda o hipermetrop\u00eda<\/strong>. <\/p>\n\n\n\n<p>Sin embargo, tambi\u00e9n puede presentarse en <strong>j\u00f3venes e incluso en reci\u00e9n nacidos<\/strong>, por lo que la <strong>revisi\u00f3n oftalmol\u00f3gica peri\u00f3dica<\/strong> es fundamental.<\/p>\n\n\n\n<p>Desde el <strong>ISSSTE Hidalgo<\/strong> se destac\u00f3 la importancia de <strong>cuidar la vista<\/strong> como parte esencial de la <strong>calidad de vida<\/strong>, reiterando el llamado a la <strong>prevenci\u00f3n<\/strong>, el <strong>diagn\u00f3stico temprano<\/strong> y el <strong>tratamiento oportuno<\/strong>, para evitar da\u00f1os permanentes en la salud visual.<\/p>\n\n\n<ul class=\"wp-block-latest-posts__list is-grid columns-3 wp-block-latest-posts\"><li><div class=\"wp-block-latest-posts__featured-image\"><img loading=\"lazy\" decoding=\"async\" width=\"150\" height=\"150\" src=\"https:\/\/www.alasmedios.com\/wp-content\/uploads\/2026\/05\/USEP-calidad-hospitalaria-150x150.jpeg\" class=\"attachment-thumbnail size-thumbnail wp-post-image\" alt=\"\" style=\"\" \/><\/div><a class=\"wp-block-latest-posts__post-title\" href=\"https:\/\/www.alasmedios.com\/index.php\/2026\/05\/01\/usep-activa-formacion-para-prevenir-riesgos-en-la-atencion-medica\/\">USEP activa formaci\u00f3n para prevenir riesgos en la atenci\u00f3n m\u00e9dica<\/a><\/li>\n<li><div class=\"wp-block-latest-posts__featured-image\"><img loading=\"lazy\" decoding=\"async\" width=\"150\" height=\"150\" src=\"https:\/\/www.alasmedios.com\/wp-content\/uploads\/2026\/05\/Super-Final-de-la-Copa-del-Mundo-de-Clavados-2026-150x150.jpeg\" class=\"attachment-thumbnail size-thumbnail wp-post-image\" alt=\"\" style=\"\" \/><\/div><a class=\"wp-block-latest-posts__post-title\" href=\"https:\/\/www.alasmedios.com\/index.php\/2026\/05\/01\/mexico-se-lanza-por-la-cima-once-clavadistas-buscan-la-gloria-mundial-en-pekin-2026\/\">M\u00e9xico se lanza por la cima: once clavadistas buscan la gloria mundial en Pek\u00edn 2026<\/a><\/li>\n<li><div class=\"wp-block-latest-posts__featured-image\"><img loading=\"lazy\" decoding=\"async\" width=\"150\" height=\"150\" src=\"https:\/\/www.alasmedios.com\/wp-content\/uploads\/2026\/04\/Puebla-el-Congreso-aprobo-el-Protocolo-Homologado-de-Investigacion-de-Delitos-contra-Personas-LGBTTTI-150x150.png\" class=\"attachment-thumbnail size-thumbnail wp-post-image\" alt=\"\" style=\"\" \/><\/div><a class=\"wp-block-latest-posts__post-title\" href=\"https:\/\/www.alasmedios.com\/index.php\/2026\/04\/30\/puebla-impulsa-protocolo-contra-delitos-lgbttti\/\">Puebla impulsa protocolo contra delitos LGBTTTI+<\/a><\/li>\n<\/ul>","protected":false},"excerpt":{"rendered":"<p>En el marco de la Concientizaci\u00f3n sobre el Glaucoma, el Hospital General \u201cDra. Columba Rivera Osorio\u201d, del ISSSTE Hidalgo, realiz\u00f3<\/p>\n","protected":false},"author":4,"featured_media":7576,"comment_status":"open","ping_status":"open","sticky":false,"template":"","format":"standard","meta":{"colormag_page_container_layout":"default_layout","colormag_page_sidebar_layout":"default_layout","rop_custom_images_group":[],"rop_custom_messages_group":[],"rop_publish_now":"initial","rop_publish_now_accounts":[],"rop_publish_now_history":[],"rop_publish_now_status":"pending","iawp_total_views":0,"footnotes":""},"categories":[42,41],"tags":[3306,99,1181,136],"class_list":["post-7575","post","type-post","status-publish","format-standard","has-post-thumbnail","hentry","category-familia_salud","category-hidalgo","tag-glaucoma","tag-hidalgo","tag-issste","tag-salud"],"magazineBlocksPostFeaturedMedia":{"thumbnail":"https:\/\/www.alasmedios.com\/wp-content\/uploads\/2026\/01\/ISSSTE-Hidalgo-llama-a-concientizar-sobre-el-glaucoma-150x150.png","medium":"https:\/\/www.alasmedios.com\/wp-content\/uploads\/2026\/01\/ISSSTE-Hidalgo-llama-a-concientizar-sobre-el-glaucoma-300x182.png","medium_large":"https:\/\/www.alasmedios.com\/wp-content\/uploads\/2026\/01\/ISSSTE-Hidalgo-llama-a-concientizar-sobre-el-glaucoma-768x466.png","large":"https:\/\/www.alasmedios.com\/wp-content\/uploads\/2026\/01\/ISSSTE-Hidalgo-llama-a-concientizar-sobre-el-glaucoma-1024x622.png","1536x1536":"https:\/\/www.alasmedios.com\/wp-content\/uploads\/2026\/01\/ISSSTE-Hidalgo-llama-a-concientizar-sobre-el-glaucoma-1536x932.png","2048x2048":"https:\/\/www.alasmedios.com\/wp-content\/uploads\/2026\/01\/ISSSTE-Hidalgo-llama-a-concientizar-sobre-el-glaucoma.png","colormag-highlighted-post":"https:\/\/www.alasmedios.com\/wp-content\/uploads\/2026\/01\/ISSSTE-Hidalgo-llama-a-concientizar-sobre-el-glaucoma-392x272.png","colormag-featured-post-medium":"https:\/\/www.alasmedios.com\/wp-content\/uploads\/2026\/01\/ISSSTE-Hidalgo-llama-a-concientizar-sobre-el-glaucoma-390x205.png","colormag-featured-post-small":"https:\/\/www.alasmedios.com\/wp-content\/uploads\/2026\/01\/ISSSTE-Hidalgo-llama-a-concientizar-sobre-el-glaucoma-130x90.png","colormag-featured-image":"https:\/\/www.alasmedios.com\/wp-content\/uploads\/2026\/01\/ISSSTE-Hidalgo-llama-a-concientizar-sobre-el-glaucoma-800x445.png","colormag-default-news":"https:\/\/www.alasmedios.com\/wp-content\/uploads\/2026\/01\/ISSSTE-Hidalgo-llama-a-concientizar-sobre-el-glaucoma-150x150.png","colormag-featured-image-large":"https:\/\/www.alasmedios.com\/wp-content\/uploads\/2026\/01\/ISSSTE-Hidalgo-llama-a-concientizar-sobre-el-glaucoma-1400x600.png"},"magazineBlocksPostAuthor":{"name":"Keila Rodr\u00edguez Pe\u00f1a","avatar":"https:\/\/secure.gravatar.com\/avatar\/a2553a2bfaa601b9d539b617c8793e151bdffb60f9e48a249912f86d4c9ebeef?s=96&d=mm&r=g"},"magazineBlocksPostCommentsNumber":"0","magazineBlocksPostExcerpt":"En el marco de la Concientizaci\u00f3n sobre el Glaucoma, el Hospital General \u201cDra. Columba Rivera Osorio\u201d, del ISSSTE Hidalgo, realiz\u00f3","magazineBlocksPostCategories":["Familia y Bienestar","Hidalgo"],"magazineBlocksPostViewCount":64,"magazineBlocksPostReadTime":2,"magazine_blocks_featured_image_url":{"full":["https:\/\/www.alasmedios.com\/wp-content\/uploads\/2026\/01\/ISSSTE-Hidalgo-llama-a-concientizar-sobre-el-glaucoma.png",2000,1214,false],"medium":["https:\/\/www.alasmedios.com\/wp-content\/uploads\/2026\/01\/ISSSTE-Hidalgo-llama-a-concientizar-sobre-el-glaucoma-300x182.png",300,182,true],"thumbnail":["https:\/\/www.alasmedios.com\/wp-content\/uploads\/2026\/01\/ISSSTE-Hidalgo-llama-a-concientizar-sobre-el-glaucoma-150x150.png",150,150,true]},"magazine_blocks_author":{"display_name":"Keila Rodr\u00edguez Pe\u00f1a","author_link":"https:\/\/www.alasmedios.com\/index.php\/author\/keila\/"},"magazine_blocks_comment":0,"magazine_blocks_author_image":"https:\/\/secure.gravatar.com\/avatar\/a2553a2bfaa601b9d539b617c8793e151bdffb60f9e48a249912f86d4c9ebeef?s=96&d=mm&r=g","magazine_blocks_category":"<a href=\"#\" class=\"category-link category-link-42\">Familia y Bienestar<\/a> <a href=\"#\" class=\"category-link category-link-41\">Hidalgo<\/a>","yoast_head":"<!-- This site is optimized with the Yoast SEO plugin v27.5 - https:\/\/yoast.com\/product\/yoast-seo-wordpress\/ -->\r\n<title>ISSSTE Hidalgo llama a concientizar sobre el glaucoma - Alas Medios<\/title>\r\n<meta name=\"robots\" content=\"index, follow, max-snippet:-1, max-image-preview:large, max-video-preview:-1\" \/>\r\n<link rel=\"canonical\" href=\"https:\/\/www.alasmedios.com\/index.php\/2026\/01\/23\/issste-hidalgo-llama-a-concientizar-sobre-el-glaucoma\/\" \/>\r\n<meta property=\"og:locale\" content=\"es_MX\" \/>\r\n<meta property=\"og:type\" content=\"article\" \/>\r\n<meta property=\"og:title\" content=\"ISSSTE Hidalgo llama a concientizar sobre el glaucoma - Alas Medios\" \/>\r\n<meta property=\"og:description\" content=\"En el marco de la Concientizaci\u00f3n sobre el Glaucoma, el Hospital General \u201cDra. Columba Rivera Osorio\u201d, del ISSSTE Hidalgo, realiz\u00f3\" \/>\r\n<meta property=\"og:url\" content=\"https:\/\/www.alasmedios.com\/index.php\/2026\/01\/23\/issste-hidalgo-llama-a-concientizar-sobre-el-glaucoma\/\" \/>\r\n<meta property=\"og:site_name\" content=\"Alas Medios\" \/>\r\n<meta property=\"article:published_time\" content=\"2026-01-23T16:38:25+00:00\" \/>\r\n<meta property=\"og:image\" content=\"https:\/\/www.alasmedios.com\/wp-content\/uploads\/2026\/01\/ISSSTE-Hidalgo-llama-a-concientizar-sobre-el-glaucoma-1024x622.png\" \/>\r\n\t<meta property=\"og:image:width\" content=\"1024\" \/>\r\n\t<meta property=\"og:image:height\" content=\"622\" \/>\r\n\t<meta property=\"og:image:type\" content=\"image\/png\" \/>\r\n<meta name=\"author\" content=\"Keila Rodr\u00edguez Pe\u00f1a\" \/>\r\n<meta name=\"twitter:card\" content=\"summary_large_image\" \/>\r\n<meta name=\"twitter:label1\" content=\"Escrito por\" \/>\n\t<meta name=\"twitter:data1\" content=\"Keila Rodr\u00edguez Pe\u00f1a\" \/>\n\t<meta name=\"twitter:label2\" content=\"Tiempo de lectura\" \/>\n\t<meta name=\"twitter:data2\" content=\"1 minuto\" \/>\r\n<script type=\"application\/ld+json\" class=\"yoast-schema-graph\">{\"@context\":\"https:\\\/\\\/schema.org\",\"@graph\":[{\"@type\":\"Article\",\"@id\":\"https:\\\/\\\/www.alasmedios.com\\\/index.php\\\/2026\\\/01\\\/23\\\/issste-hidalgo-llama-a-concientizar-sobre-el-glaucoma\\\/#article\",\"isPartOf\":{\"@id\":\"https:\\\/\\\/www.alasmedios.com\\\/index.php\\\/2026\\\/01\\\/23\\\/issste-hidalgo-llama-a-concientizar-sobre-el-glaucoma\\\/\"},\"author\":{\"name\":\"Keila Rodr\u00edguez Pe\u00f1a\",\"@id\":\"https:\\\/\\\/www.alasmedios.com\\\/#\\\/schema\\\/person\\\/0ba31bdd19a05ebf5c7fef1fedf99c34\"},\"headline\":\"ISSSTE Hidalgo llama a concientizar sobre el glaucoma\",\"datePublished\":\"2026-01-23T16:38:25+00:00\",\"mainEntityOfPage\":{\"@id\":\"https:\\\/\\\/www.alasmedios.com\\\/index.php\\\/2026\\\/01\\\/23\\\/issste-hidalgo-llama-a-concientizar-sobre-el-glaucoma\\\/\"},\"wordCount\":276,\"commentCount\":0,\"publisher\":{\"@id\":\"https:\\\/\\\/www.alasmedios.com\\\/#organization\"},\"image\":{\"@id\":\"https:\\\/\\\/www.alasmedios.com\\\/index.php\\\/2026\\\/01\\\/23\\\/issste-hidalgo-llama-a-concientizar-sobre-el-glaucoma\\\/#primaryimage\"},\"thumbnailUrl\":\"https:\\\/\\\/www.alasmedios.com\\\/wp-content\\\/uploads\\\/2026\\\/01\\\/ISSSTE-Hidalgo-llama-a-concientizar-sobre-el-glaucoma.png\",\"keywords\":[\"glaucoma\",\"Hidalgo\",\"ISSSTE\",\"Salud\"],\"articleSection\":[\"Familia y Bienestar\",\"Hidalgo\"],\"inLanguage\":\"es\",\"potentialAction\":[{\"@type\":\"CommentAction\",\"name\":\"Comment\",\"target\":[\"https:\\\/\\\/www.alasmedios.com\\\/index.php\\\/2026\\\/01\\\/23\\\/issste-hidalgo-llama-a-concientizar-sobre-el-glaucoma\\\/#respond\"]}]},{\"@type\":\"WebPage\",\"@id\":\"https:\\\/\\\/www.alasmedios.com\\\/index.php\\\/2026\\\/01\\\/23\\\/issste-hidalgo-llama-a-concientizar-sobre-el-glaucoma\\\/\",\"url\":\"https:\\\/\\\/www.alasmedios.com\\\/index.php\\\/2026\\\/01\\\/23\\\/issste-hidalgo-llama-a-concientizar-sobre-el-glaucoma\\\/\",\"name\":\"ISSSTE Hidalgo llama a concientizar sobre el glaucoma - Alas Medios\",\"isPartOf\":{\"@id\":\"https:\\\/\\\/www.alasmedios.com\\\/#website\"},\"primaryImageOfPage\":{\"@id\":\"https:\\\/\\\/www.alasmedios.com\\\/index.php\\\/2026\\\/01\\\/23\\\/issste-hidalgo-llama-a-concientizar-sobre-el-glaucoma\\\/#primaryimage\"},\"image\":{\"@id\":\"https:\\\/\\\/www.alasmedios.com\\\/index.php\\\/2026\\\/01\\\/23\\\/issste-hidalgo-llama-a-concientizar-sobre-el-glaucoma\\\/#primaryimage\"},\"thumbnailUrl\":\"https:\\\/\\\/www.alasmedios.com\\\/wp-content\\\/uploads\\\/2026\\\/01\\\/ISSSTE-Hidalgo-llama-a-concientizar-sobre-el-glaucoma.png\",\"datePublished\":\"2026-01-23T16:38:25+00:00\",\"breadcrumb\":{\"@id\":\"https:\\\/\\\/www.alasmedios.com\\\/index.php\\\/2026\\\/01\\\/23\\\/issste-hidalgo-llama-a-concientizar-sobre-el-glaucoma\\\/#breadcrumb\"},\"inLanguage\":\"es\",\"potentialAction\":[{\"@type\":\"ReadAction\",\"target\":[\"https:\\\/\\\/www.alasmedios.com\\\/index.php\\\/2026\\\/01\\\/23\\\/issste-hidalgo-llama-a-concientizar-sobre-el-glaucoma\\\/\"]}]},{\"@type\":\"ImageObject\",\"inLanguage\":\"es\",\"@id\":\"https:\\\/\\\/www.alasmedios.com\\\/index.php\\\/2026\\\/01\\\/23\\\/issste-hidalgo-llama-a-concientizar-sobre-el-glaucoma\\\/#primaryimage\",\"url\":\"https:\\\/\\\/www.alasmedios.com\\\/wp-content\\\/uploads\\\/2026\\\/01\\\/ISSSTE-Hidalgo-llama-a-concientizar-sobre-el-glaucoma.png\",\"contentUrl\":\"https:\\\/\\\/www.alasmedios.com\\\/wp-content\\\/uploads\\\/2026\\\/01\\\/ISSSTE-Hidalgo-llama-a-concientizar-sobre-el-glaucoma.png\",\"width\":2000,\"height\":1214},{\"@type\":\"BreadcrumbList\",\"@id\":\"https:\\\/\\\/www.alasmedios.com\\\/index.php\\\/2026\\\/01\\\/23\\\/issste-hidalgo-llama-a-concientizar-sobre-el-glaucoma\\\/#breadcrumb\",\"itemListElement\":[{\"@type\":\"ListItem\",\"position\":1,\"name\":\"Inicio\",\"item\":\"https:\\\/\\\/www.alasmedios.com\\\/\"},{\"@type\":\"ListItem\",\"position\":2,\"name\":\"ISSSTE Hidalgo llama a concientizar sobre el glaucoma\"}]},{\"@type\":\"WebSite\",\"@id\":\"https:\\\/\\\/www.alasmedios.com\\\/#website\",\"url\":\"https:\\\/\\\/www.alasmedios.com\\\/\",\"name\":\"Alas Medios\",\"description\":\"Alas para pensar, Alas para volar, Alas de libertad\",\"publisher\":{\"@id\":\"https:\\\/\\\/www.alasmedios.com\\\/#organization\"},\"potentialAction\":[{\"@type\":\"SearchAction\",\"target\":{\"@type\":\"EntryPoint\",\"urlTemplate\":\"https:\\\/\\\/www.alasmedios.com\\\/?s={search_term_string}\"},\"query-input\":{\"@type\":\"PropertyValueSpecification\",\"valueRequired\":true,\"valueName\":\"search_term_string\"}}],\"inLanguage\":\"es\"},{\"@type\":\"Organization\",\"@id\":\"https:\\\/\\\/www.alasmedios.com\\\/#organization\",\"name\":\"Alas Medios\",\"url\":\"https:\\\/\\\/www.alasmedios.com\\\/\",\"logo\":{\"@type\":\"ImageObject\",\"inLanguage\":\"es\",\"@id\":\"https:\\\/\\\/www.alasmedios.com\\\/#\\\/schema\\\/logo\\\/image\\\/\",\"url\":\"https:\\\/\\\/www.alasmedios.com\\\/wp-content\\\/uploads\\\/2026\\\/01\\\/cropped-cropped-GAM-1.png\",\"contentUrl\":\"https:\\\/\\\/www.alasmedios.com\\\/wp-content\\\/uploads\\\/2026\\\/01\\\/cropped-cropped-GAM-1.png\",\"width\":467,\"height\":235,\"caption\":\"Alas Medios\"},\"image\":{\"@id\":\"https:\\\/\\\/www.alasmedios.com\\\/#\\\/schema\\\/logo\\\/image\\\/\"}},{\"@type\":\"Person\",\"@id\":\"https:\\\/\\\/www.alasmedios.com\\\/#\\\/schema\\\/person\\\/0ba31bdd19a05ebf5c7fef1fedf99c34\",\"name\":\"Keila Rodr\u00edguez Pe\u00f1a\",\"image\":{\"@type\":\"ImageObject\",\"inLanguage\":\"es\",\"@id\":\"https:\\\/\\\/secure.gravatar.com\\\/avatar\\\/a2553a2bfaa601b9d539b617c8793e151bdffb60f9e48a249912f86d4c9ebeef?s=96&d=mm&r=g\",\"url\":\"https:\\\/\\\/secure.gravatar.com\\\/avatar\\\/a2553a2bfaa601b9d539b617c8793e151bdffb60f9e48a249912f86d4c9ebeef?s=96&d=mm&r=g\",\"contentUrl\":\"https:\\\/\\\/secure.gravatar.com\\\/avatar\\\/a2553a2bfaa601b9d539b617c8793e151bdffb60f9e48a249912f86d4c9ebeef?s=96&d=mm&r=g\",\"caption\":\"Keila Rodr\u00edguez Pe\u00f1a\"},\"sameAs\":[\"http:\\\/\\\/www.alasmedios.com\"],\"url\":\"https:\\\/\\\/www.alasmedios.com\\\/index.php\\\/author\\\/keila\\\/\"}]}<\/script>\r\n<!-- \/ Yoast SEO plugin. -->","yoast_head_json":{"title":"ISSSTE Hidalgo llama a concientizar sobre el glaucoma - Alas Medios","robots":{"index":"index","follow":"follow","max-snippet":"max-snippet:-1","max-image-preview":"max-image-preview:large","max-video-preview":"max-video-preview:-1"},"canonical":"https:\/\/www.alasmedios.com\/index.php\/2026\/01\/23\/issste-hidalgo-llama-a-concientizar-sobre-el-glaucoma\/","og_locale":"es_MX","og_type":"article","og_title":"ISSSTE Hidalgo llama a concientizar sobre el glaucoma - Alas Medios","og_description":"En el marco de la Concientizaci\u00f3n sobre el Glaucoma, el Hospital General \u201cDra. Columba Rivera Osorio\u201d, del ISSSTE Hidalgo, realiz\u00f3","og_url":"https:\/\/www.alasmedios.com\/index.php\/2026\/01\/23\/issste-hidalgo-llama-a-concientizar-sobre-el-glaucoma\/","og_site_name":"Alas Medios","article_published_time":"2026-01-23T16:38:25+00:00","og_image":[{"width":1024,"height":622,"url":"https:\/\/www.alasmedios.com\/wp-content\/uploads\/2026\/01\/ISSSTE-Hidalgo-llama-a-concientizar-sobre-el-glaucoma-1024x622.png","type":"image\/png"}],"author":"Keila Rodr\u00edguez Pe\u00f1a","twitter_card":"summary_large_image","twitter_misc":{"Escrito por":"Keila Rodr\u00edguez Pe\u00f1a","Tiempo de lectura":"1 minuto"},"schema":{"@context":"https:\/\/schema.org","@graph":[{"@type":"Article","@id":"https:\/\/www.alasmedios.com\/index.php\/2026\/01\/23\/issste-hidalgo-llama-a-concientizar-sobre-el-glaucoma\/#article","isPartOf":{"@id":"https:\/\/www.alasmedios.com\/index.php\/2026\/01\/23\/issste-hidalgo-llama-a-concientizar-sobre-el-glaucoma\/"},"author":{"name":"Keila Rodr\u00edguez Pe\u00f1a","@id":"https:\/\/www.alasmedios.com\/#\/schema\/person\/0ba31bdd19a05ebf5c7fef1fedf99c34"},"headline":"ISSSTE Hidalgo llama a concientizar sobre el glaucoma","datePublished":"2026-01-23T16:38:25+00:00","mainEntityOfPage":{"@id":"https:\/\/www.alasmedios.com\/index.php\/2026\/01\/23\/issste-hidalgo-llama-a-concientizar-sobre-el-glaucoma\/"},"wordCount":276,"commentCount":0,"publisher":{"@id":"https:\/\/www.alasmedios.com\/#organization"},"image":{"@id":"https:\/\/www.alasmedios.com\/index.php\/2026\/01\/23\/issste-hidalgo-llama-a-concientizar-sobre-el-glaucoma\/#primaryimage"},"thumbnailUrl":"https:\/\/www.alasmedios.com\/wp-content\/uploads\/2026\/01\/ISSSTE-Hidalgo-llama-a-concientizar-sobre-el-glaucoma.png","keywords":["glaucoma","Hidalgo","ISSSTE","Salud"],"articleSection":["Familia y Bienestar","Hidalgo"],"inLanguage":"es","potentialAction":[{"@type":"CommentAction","name":"Comment","target":["https:\/\/www.alasmedios.com\/index.php\/2026\/01\/23\/issste-hidalgo-llama-a-concientizar-sobre-el-glaucoma\/#respond"]}]},{"@type":"WebPage","@id":"https:\/\/www.alasmedios.com\/index.php\/2026\/01\/23\/issste-hidalgo-llama-a-concientizar-sobre-el-glaucoma\/","url":"https:\/\/www.alasmedios.com\/index.php\/2026\/01\/23\/issste-hidalgo-llama-a-concientizar-sobre-el-glaucoma\/","name":"ISSSTE Hidalgo llama a concientizar sobre el glaucoma - Alas Medios","isPartOf":{"@id":"https:\/\/www.alasmedios.com\/#website"},"primaryImageOfPage":{"@id":"https:\/\/www.alasmedios.com\/index.php\/2026\/01\/23\/issste-hidalgo-llama-a-concientizar-sobre-el-glaucoma\/#primaryimage"},"image":{"@id":"https:\/\/www.alasmedios.com\/index.php\/2026\/01\/23\/issste-hidalgo-llama-a-concientizar-sobre-el-glaucoma\/#primaryimage"},"thumbnailUrl":"https:\/\/www.alasmedios.com\/wp-content\/uploads\/2026\/01\/ISSSTE-Hidalgo-llama-a-concientizar-sobre-el-glaucoma.png","datePublished":"2026-01-23T16:38:25+00:00","breadcrumb":{"@id":"https:\/\/www.alasmedios.com\/index.php\/2026\/01\/23\/issste-hidalgo-llama-a-concientizar-sobre-el-glaucoma\/#breadcrumb"},"inLanguage":"es","potentialAction":[{"@type":"ReadAction","target":["https:\/\/www.alasmedios.com\/index.php\/2026\/01\/23\/issste-hidalgo-llama-a-concientizar-sobre-el-glaucoma\/"]}]},{"@type":"ImageObject","inLanguage":"es","@id":"https:\/\/www.alasmedios.com\/index.php\/2026\/01\/23\/issste-hidalgo-llama-a-concientizar-sobre-el-glaucoma\/#primaryimage","url":"https:\/\/www.alasmedios.com\/wp-content\/uploads\/2026\/01\/ISSSTE-Hidalgo-llama-a-concientizar-sobre-el-glaucoma.png","contentUrl":"https:\/\/www.alasmedios.com\/wp-content\/uploads\/2026\/01\/ISSSTE-Hidalgo-llama-a-concientizar-sobre-el-glaucoma.png","width":2000,"height":1214},{"@type":"BreadcrumbList","@id":"https:\/\/www.alasmedios.com\/index.php\/2026\/01\/23\/issste-hidalgo-llama-a-concientizar-sobre-el-glaucoma\/#breadcrumb","itemListElement":[{"@type":"ListItem","position":1,"name":"Inicio","item":"https:\/\/www.alasmedios.com\/"},{"@type":"ListItem","position":2,"name":"ISSSTE Hidalgo llama a concientizar sobre el glaucoma"}]},{"@type":"WebSite","@id":"https:\/\/www.alasmedios.com\/#website","url":"https:\/\/www.alasmedios.com\/","name":"Alas Medios","description":"Alas para pensar, Alas para volar, Alas de libertad","publisher":{"@id":"https:\/\/www.alasmedios.com\/#organization"},"potentialAction":[{"@type":"SearchAction","target":{"@type":"EntryPoint","urlTemplate":"https:\/\/www.alasmedios.com\/?s={search_term_string}"},"query-input":{"@type":"PropertyValueSpecification","valueRequired":true,"valueName":"search_term_string"}}],"inLanguage":"es"},{"@type":"Organization","@id":"https:\/\/www.alasmedios.com\/#organization","name":"Alas Medios","url":"https:\/\/www.alasmedios.com\/","logo":{"@type":"ImageObject","inLanguage":"es","@id":"https:\/\/www.alasmedios.com\/#\/schema\/logo\/image\/","url":"https:\/\/www.alasmedios.com\/wp-content\/uploads\/2026\/01\/cropped-cropped-GAM-1.png","contentUrl":"https:\/\/www.alasmedios.com\/wp-content\/uploads\/2026\/01\/cropped-cropped-GAM-1.png","width":467,"height":235,"caption":"Alas Medios"},"image":{"@id":"https:\/\/www.alasmedios.com\/#\/schema\/logo\/image\/"}},{"@type":"Person","@id":"https:\/\/www.alasmedios.com\/#\/schema\/person\/0ba31bdd19a05ebf5c7fef1fedf99c34","name":"Keila Rodr\u00edguez Pe\u00f1a","image":{"@type":"ImageObject","inLanguage":"es","@id":"https:\/\/secure.gravatar.com\/avatar\/a2553a2bfaa601b9d539b617c8793e151bdffb60f9e48a249912f86d4c9ebeef?s=96&d=mm&r=g","url":"https:\/\/secure.gravatar.com\/avatar\/a2553a2bfaa601b9d539b617c8793e151bdffb60f9e48a249912f86d4c9ebeef?s=96&d=mm&r=g","contentUrl":"https:\/\/secure.gravatar.com\/avatar\/a2553a2bfaa601b9d539b617c8793e151bdffb60f9e48a249912f86d4c9ebeef?s=96&d=mm&r=g","caption":"Keila Rodr\u00edguez Pe\u00f1a"},"sameAs":["http:\/\/www.alasmedios.com"],"url":"https:\/\/www.alasmedios.com\/index.php\/author\/keila\/"}]}},"_links":{"self":[{"href":"https:\/\/www.alasmedios.com\/index.php\/wp-json\/wp\/v2\/posts\/7575","targetHints":{"allow":["GET"]}}],"collection":[{"href":"https:\/\/www.alasmedios.com\/index.php\/wp-json\/wp\/v2\/posts"}],"about":[{"href":"https:\/\/www.alasmedios.com\/index.php\/wp-json\/wp\/v2\/types\/post"}],"author":[{"embeddable":true,"href":"https:\/\/www.alasmedios.com\/index.php\/wp-json\/wp\/v2\/users\/4"}],"replies":[{"embeddable":true,"href":"https:\/\/www.alasmedios.com\/index.php\/wp-json\/wp\/v2\/comments?post=7575"}],"version-history":[{"count":1,"href":"https:\/\/www.alasmedios.com\/index.php\/wp-json\/wp\/v2\/posts\/7575\/revisions"}],"predecessor-version":[{"id":7577,"href":"https:\/\/www.alasmedios.com\/index.php\/wp-json\/wp\/v2\/posts\/7575\/revisions\/7577"}],"wp:featuredmedia":[{"embeddable":true,"href":"https:\/\/www.alasmedios.com\/index.php\/wp-json\/wp\/v2\/media\/7576"}],"wp:attachment":[{"href":"https:\/\/www.alasmedios.com\/index.php\/wp-json\/wp\/v2\/media?parent=7575"}],"wp:term":[{"taxonomy":"category","embeddable":true,"href":"https:\/\/www.alasmedios.com\/index.php\/wp-json\/wp\/v2\/categories?post=7575"},{"taxonomy":"post_tag","embeddable":true,"href":"https:\/\/www.alasmedios.com\/index.php\/wp-json\/wp\/v2\/tags?post=7575"}],"curies":[{"name":"wp","href":"https:\/\/api.w.org\/{rel}","templated":true}]}}