{"id":7565,"date":"2026-01-22T14:06:40","date_gmt":"2026-01-22T20:06:40","guid":{"rendered":"https:\/\/www.alasmedios.com\/?p=7565"},"modified":"2026-01-22T14:06:40","modified_gmt":"2026-01-22T20:06:40","slug":"sarah-schleper-y-lasse-gaxiola-madre-e-hijo-en-milano-cortina-2026","status":"publish","type":"post","link":"https:\/\/www.alasmedios.com\/index.php\/2026\/01\/22\/sarah-schleper-y-lasse-gaxiola-madre-e-hijo-en-milano-cortina-2026\/","title":{"rendered":"Sarah Schleper y Lasse Gaxiola: madre e hijo en Milano Cortina 2026"},"content":{"rendered":"\n<p><em>De la meta con su hijo en brazos a la historia ol\u00edmpica: Sarah Schleper y Lasse Gaxiola har\u00e1n realidad un sue\u00f1o en Milano Cortina 2026<\/em><\/p>\n\n\n\n<p>Lo que comenz\u00f3 como una despedida poco convencional en una pista de esqu\u00ed termin\u00f3 por convertirse en una de las historias m\u00e1s conmovedoras del olimpismo mexicano. <strong>Sarah Schleper<\/strong> y su hijo <strong>Lasse Gaxiola<\/strong> representar\u00e1n a M\u00e9xico en el <strong>esqu\u00ed alpino<\/strong> durante los <strong>Juegos Ol\u00edmpicos de Invierno de Milano Cortina 2026<\/strong>, convirti\u00e9ndose en el <strong>primer caso de madre e hijo mexicanos<\/strong> que compiten en una misma edici\u00f3n ol\u00edmpica.<\/p>\n\n\n\n<p>En 2011, cuando Sarah Schleper se preparaba para lo que pensaba ser\u00eda su \u00faltima carrera en la <strong>Copa del Mundo de esqu\u00ed alpino<\/strong>, decidi\u00f3 romper con cualquier despedida tradicional. Tras m\u00e1s de <strong>15 a\u00f1os de trayectoria<\/strong>, y en medio de cambios personales y deportivos, descendi\u00f3 la pista de <strong>Lienz, Austria<\/strong>, vestida con un <strong>vestido de verano y un bikini<\/strong>, se detuvo a mitad del recorrido y tom\u00f3 en brazos a su hijo <strong>Lasse<\/strong>, entonces un ni\u00f1o. Con \u00e9l, cruz\u00f3 la meta.<\/p>\n\n\n\n<p>Aquel gesto espont\u00e1neo, que ella misma recuerda como algo no planeado, marc\u00f3 simb\u00f3licamente el inicio de una nueva etapa. Quince a\u00f1os despu\u00e9s, el destino la lleva de regreso a la \u00e9lite, ahora como <strong>atleta mexicana<\/strong>, compartiendo unos Juegos Ol\u00edmpicos con el mismo ni\u00f1o que carg\u00f3 en brazos.<\/p>\n\n\n\n<p>CONTIN\u00daA LEYENDO: <a href=\"https:\/\/www.alasmedios.com\/index.php\/2026\/01\/21\/mexico-rumbo-a-milano-cortina-2026-con-cinco-atletas\/\" data-type=\"post\" data-id=\"7546\">M\u00e9xico rumbo a Milano-Cortina 2026 con cinco atletas<\/a><\/p>\n\n\n\n<p>\u201c<strong>Yo solo quiero apoyarlo y estar a su lado. Porque s\u00e9 que un poco de su sue\u00f1o era el m\u00edo, y lo est\u00e1 siendo para m\u00ed<\/strong>\u201d, expres\u00f3 Schleper en entrevista con <strong>Olympics.com<\/strong>, al confirmarse su clasificaci\u00f3n conjunta. Para ambos, la dimensi\u00f3n del logro a\u00fan resulta dif\u00edcil de asimilar.<\/p>\n\n\n\n<figure class=\"wp-block-image aligncenter size-full\"><img loading=\"lazy\" decoding=\"async\" width=\"770\" height=\"450\" src=\"https:\/\/www.alasmedios.com\/wp-content\/uploads\/2026\/01\/Sarah-Schleper-y-Lasse-Gaxiola-1.png\" alt=\"\" class=\"wp-image-7567\" srcset=\"https:\/\/www.alasmedios.com\/wp-content\/uploads\/2026\/01\/Sarah-Schleper-y-Lasse-Gaxiola-1.png 770w, https:\/\/www.alasmedios.com\/wp-content\/uploads\/2026\/01\/Sarah-Schleper-y-Lasse-Gaxiola-1-300x175.png 300w, https:\/\/www.alasmedios.com\/wp-content\/uploads\/2026\/01\/Sarah-Schleper-y-Lasse-Gaxiola-1-768x449.png 768w\" sizes=\"auto, (max-width: 770px) 100vw, 770px\" \/><\/figure>\n\n\n\n<h3 class=\"wp-block-heading\">Un hecho in\u00e9dito para M\u00e9xico y el olimpismo invernal<\/h3>\n\n\n\n<p>En la historia del deporte mexicano, solo existen dos antecedentes de <strong>padres e hijos<\/strong> coincidiendo en unos Juegos Ol\u00edmpicos: <strong>Eduardo Prieto Souza y Eduardo Prieto<\/strong> en esgrima durante <strong>Los \u00c1ngeles 1932<\/strong>, y <strong>\u00c1ngel Rold\u00e1n con su hija Pilar Rold\u00e1n<\/strong> en <strong>Roma 1960<\/strong>. Sin embargo, <strong>Sarah Schleper y Lasse Gaxiola<\/strong> ser\u00e1n los <strong>primeros madre e hijo mexicanos<\/strong> en lograrlo.<\/p>\n\n\n\n<p>A nivel internacional, los casos de madres e hijos en una misma edici\u00f3n ol\u00edmpica son todav\u00eda m\u00e1s excepcionales: apenas <strong>cuatro en toda la historia<\/strong>, y <strong>ninguno en Juegos Ol\u00edmpicos de Invierno<\/strong>. <\/p>\n\n\n\n<p>Por ello, Schleper y Gaxiola tambi\u00e9n har\u00e1n historia como los <strong>primeros madre e hijo de cualquier pa\u00eds<\/strong> en coincidir en unos Juegos Ol\u00edmpicos invernales.<\/p>\n\n\n\n<h3 class=\"wp-block-heading\">Cu\u00e1ndo competir\u00e1n en Milano Cortina 2026<\/h3>\n\n\n\n<p>Las competencias de <strong>esqu\u00ed alpino<\/strong> donde participar\u00e1n los representantes mexicanos se desarrollar\u00e1n en las siguientes fechas y horarios, tiempo del centro de M\u00e9xico:<\/p>\n\n\n\n<p>TE PUEDE INTERESAR: <a href=\"https:\/\/www.alasmedios.com\/index.php\/2026\/01\/22\/buscan-que-muertes-violentas-de-mujeres-sean-investigadas-como-feminicidio\/\" data-type=\"post\" data-id=\"7562\">Buscan que muertes violentas de mujeres sean investigadas como feminicidio<\/a><\/p>\n\n\n\n<ul class=\"wp-block-list\">\n<li><strong>S\u00e1bado 14 de febrero<\/strong><br>10:00 horas \u2013 Eslalon gigante varonil, primera manga<br>13:30 horas \u2013 Eslalon gigante varonil, segunda manga<\/li>\n\n\n\n<li><strong>Domingo 15 de febrero<\/strong><br>10:00 horas \u2013 Eslalon gigante femenil, primera manga<br>13:30 horas \u2013 Eslalon gigante femenil, segunda manga<\/li>\n\n\n\n<li><strong>Lunes 16 de febrero<\/strong><br>10:00 horas \u2013 Eslalon varonil, primera manga<br>13:30 horas \u2013 Eslalon varonil, segunda manga<\/li>\n\n\n\n<li><strong>Mi\u00e9rcoles 18 de febrero<\/strong><br>10:00 horas \u2013 Eslalon femenil, primera manga<br>13:30 horas \u2013 Eslalon femenil, segunda manga<\/li>\n<\/ul>\n\n\n\n<p>M\u00e1s all\u00e1 de los resultados, la presencia de <strong>Sarah Schleper y Lasse Gaxiola<\/strong> ya qued\u00f3 inscrita como un <strong>cap\u00edtulo hist\u00f3rico del deporte mexicano<\/strong>, donde la competencia ol\u00edmpica se mezcla con la maternidad, la perseverancia y un sue\u00f1o compartido sobre la nieve.<\/p>\n\n\n<ul class=\"wp-block-latest-posts__list is-grid columns-3 wp-block-latest-posts\"><li><div class=\"wp-block-latest-posts__featured-image\"><img loading=\"lazy\" decoding=\"async\" width=\"150\" height=\"150\" src=\"https:\/\/www.alasmedios.com\/wp-content\/uploads\/2026\/05\/Super-Final-de-la-Copa-del-Mundo-de-Clavados-2026-150x150.jpeg\" class=\"attachment-thumbnail size-thumbnail wp-post-image\" alt=\"\" style=\"\" \/><\/div><a class=\"wp-block-latest-posts__post-title\" href=\"https:\/\/www.alasmedios.com\/index.php\/2026\/05\/01\/mexico-se-lanza-por-la-cima-once-clavadistas-buscan-la-gloria-mundial-en-pekin-2026\/\">M\u00e9xico se lanza por la cima: once clavadistas buscan la gloria mundial en Pek\u00edn 2026<\/a><\/li>\n<li><div class=\"wp-block-latest-posts__featured-image\"><img loading=\"lazy\" decoding=\"async\" width=\"150\" height=\"150\" src=\"https:\/\/www.alasmedios.com\/wp-content\/uploads\/2026\/04\/Puebla-el-Congreso-aprobo-el-Protocolo-Homologado-de-Investigacion-de-Delitos-contra-Personas-LGBTTTI-150x150.png\" class=\"attachment-thumbnail size-thumbnail wp-post-image\" alt=\"\" style=\"\" \/><\/div><a class=\"wp-block-latest-posts__post-title\" href=\"https:\/\/www.alasmedios.com\/index.php\/2026\/04\/30\/puebla-impulsa-protocolo-contra-delitos-lgbttti\/\">Puebla impulsa protocolo contra delitos LGBTTTI+<\/a><\/li>\n<li><div class=\"wp-block-latest-posts__featured-image\"><img loading=\"lazy\" decoding=\"async\" width=\"150\" height=\"150\" src=\"https:\/\/www.alasmedios.com\/wp-content\/uploads\/2026\/04\/PEC-Parque-Ecologico-Cubitos-150x150.jpg\" class=\"attachment-thumbnail size-thumbnail wp-post-image\" alt=\"\" style=\"\" \/><\/div><a class=\"wp-block-latest-posts__post-title\" href=\"https:\/\/www.alasmedios.com\/index.php\/2026\/04\/30\/naturaleza-viva-en-pachuca-cubitos-conmemora-a-los-jardines-botanicos\/\">Naturaleza viva en Pachuca: Cubitos conmemora a los jardines bot\u00e1nicos<\/a><\/li>\n<\/ul>","protected":false},"excerpt":{"rendered":"<p>De la meta con su hijo en brazos a la historia ol\u00edmpica: Sarah Schleper y Lasse Gaxiola har\u00e1n realidad un<\/p>\n","protected":false},"author":4,"featured_media":7566,"comment_status":"open","ping_status":"open","sticky":false,"template":"","format":"standard","meta":{"colormag_page_container_layout":"default_layout","colormag_page_sidebar_layout":"default_layout","rop_custom_images_group":[],"rop_custom_messages_group":[],"rop_publish_now":"initial","rop_publish_now_accounts":[],"rop_publish_now_history":[],"rop_publish_now_status":"pending","iawp_total_views":0,"footnotes":""},"categories":[3223],"tags":[223,3303,3243,3296,2714,3295],"class_list":["post-7565","post","type-post","status-publish","format-standard","has-post-thumbnail","hentry","category-deportes","tag-deportes","tag-esqui-alpino","tag-juegos-olimpicos-de-invierno-milano-cortina-2026","tag-lasse-gaxiola","tag-milano-cortina-2026","tag-sarah-schleper"],"magazineBlocksPostFeaturedMedia":{"thumbnail":"https:\/\/www.alasmedios.com\/wp-content\/uploads\/2026\/01\/Sarah-Schleper-y-Lasse-Gaxiola-150x150.png","medium":"https:\/\/www.alasmedios.com\/wp-content\/uploads\/2026\/01\/Sarah-Schleper-y-Lasse-Gaxiola-300x182.png","medium_large":"https:\/\/www.alasmedios.com\/wp-content\/uploads\/2026\/01\/Sarah-Schleper-y-Lasse-Gaxiola-768x466.png","large":"https:\/\/www.alasmedios.com\/wp-content\/uploads\/2026\/01\/Sarah-Schleper-y-Lasse-Gaxiola-1024x622.png","1536x1536":"https:\/\/www.alasmedios.com\/wp-content\/uploads\/2026\/01\/Sarah-Schleper-y-Lasse-Gaxiola-1536x932.png","2048x2048":"https:\/\/www.alasmedios.com\/wp-content\/uploads\/2026\/01\/Sarah-Schleper-y-Lasse-Gaxiola.png","colormag-highlighted-post":"https:\/\/www.alasmedios.com\/wp-content\/uploads\/2026\/01\/Sarah-Schleper-y-Lasse-Gaxiola-392x272.png","colormag-featured-post-medium":"https:\/\/www.alasmedios.com\/wp-content\/uploads\/2026\/01\/Sarah-Schleper-y-Lasse-Gaxiola-390x205.png","colormag-featured-post-small":"https:\/\/www.alasmedios.com\/wp-content\/uploads\/2026\/01\/Sarah-Schleper-y-Lasse-Gaxiola-130x90.png","colormag-featured-image":"https:\/\/www.alasmedios.com\/wp-content\/uploads\/2026\/01\/Sarah-Schleper-y-Lasse-Gaxiola-800x445.png","colormag-default-news":"https:\/\/www.alasmedios.com\/wp-content\/uploads\/2026\/01\/Sarah-Schleper-y-Lasse-Gaxiola-150x150.png","colormag-featured-image-large":"https:\/\/www.alasmedios.com\/wp-content\/uploads\/2026\/01\/Sarah-Schleper-y-Lasse-Gaxiola-1400x600.png"},"magazineBlocksPostAuthor":{"name":"Keila Rodr\u00edguez Pe\u00f1a","avatar":"https:\/\/secure.gravatar.com\/avatar\/a2553a2bfaa601b9d539b617c8793e151bdffb60f9e48a249912f86d4c9ebeef?s=96&d=mm&r=g"},"magazineBlocksPostCommentsNumber":"0","magazineBlocksPostExcerpt":"De la meta con su hijo en brazos a la historia ol\u00edmpica: Sarah Schleper y Lasse Gaxiola har\u00e1n realidad un","magazineBlocksPostCategories":["Deportes"],"magazineBlocksPostViewCount":64,"magazineBlocksPostReadTime":3,"magazine_blocks_featured_image_url":{"full":["https:\/\/www.alasmedios.com\/wp-content\/uploads\/2026\/01\/Sarah-Schleper-y-Lasse-Gaxiola.png",2000,1214,false],"medium":["https:\/\/www.alasmedios.com\/wp-content\/uploads\/2026\/01\/Sarah-Schleper-y-Lasse-Gaxiola-300x182.png",300,182,true],"thumbnail":["https:\/\/www.alasmedios.com\/wp-content\/uploads\/2026\/01\/Sarah-Schleper-y-Lasse-Gaxiola-150x150.png",150,150,true]},"magazine_blocks_author":{"display_name":"Keila Rodr\u00edguez Pe\u00f1a","author_link":"https:\/\/www.alasmedios.com\/index.php\/author\/keila\/"},"magazine_blocks_comment":0,"magazine_blocks_author_image":"https:\/\/secure.gravatar.com\/avatar\/a2553a2bfaa601b9d539b617c8793e151bdffb60f9e48a249912f86d4c9ebeef?s=96&d=mm&r=g","magazine_blocks_category":"<a href=\"#\" class=\"category-link category-link-3223\">Deportes<\/a>","yoast_head":"<!-- This site is optimized with the Yoast SEO plugin v27.5 - https:\/\/yoast.com\/product\/yoast-seo-wordpress\/ -->\r\n<title>Sarah Schleper y Lasse Gaxiola: madre e hijo en Milano Cortina 2026 - Alas Medios<\/title>\r\n<meta name=\"robots\" content=\"index, follow, max-snippet:-1, max-image-preview:large, max-video-preview:-1\" \/>\r\n<link rel=\"canonical\" href=\"https:\/\/www.alasmedios.com\/index.php\/2026\/01\/22\/sarah-schleper-y-lasse-gaxiola-madre-e-hijo-en-milano-cortina-2026\/\" \/>\r\n<meta property=\"og:locale\" content=\"es_MX\" \/>\r\n<meta property=\"og:type\" content=\"article\" \/>\r\n<meta property=\"og:title\" content=\"Sarah Schleper y Lasse Gaxiola: madre e hijo en Milano Cortina 2026 - Alas Medios\" \/>\r\n<meta property=\"og:description\" content=\"De la meta con su hijo en brazos a la historia ol\u00edmpica: Sarah Schleper y Lasse Gaxiola har\u00e1n realidad un\" \/>\r\n<meta property=\"og:url\" content=\"https:\/\/www.alasmedios.com\/index.php\/2026\/01\/22\/sarah-schleper-y-lasse-gaxiola-madre-e-hijo-en-milano-cortina-2026\/\" \/>\r\n<meta property=\"og:site_name\" content=\"Alas Medios\" \/>\r\n<meta property=\"article:published_time\" content=\"2026-01-22T20:06:40+00:00\" \/>\r\n<meta property=\"og:image\" content=\"https:\/\/www.alasmedios.com\/wp-content\/uploads\/2026\/01\/Sarah-Schleper-y-Lasse-Gaxiola.png\" \/>\r\n\t<meta property=\"og:image:width\" content=\"2000\" \/>\r\n\t<meta property=\"og:image:height\" content=\"1214\" \/>\r\n\t<meta property=\"og:image:type\" content=\"image\/png\" \/>\r\n<meta name=\"author\" content=\"Keila Rodr\u00edguez Pe\u00f1a\" \/>\r\n<meta name=\"twitter:card\" content=\"summary_large_image\" \/>\r\n<meta name=\"twitter:label1\" content=\"Escrito por\" \/>\n\t<meta name=\"twitter:data1\" content=\"Keila Rodr\u00edguez Pe\u00f1a\" \/>\n\t<meta name=\"twitter:label2\" content=\"Tiempo de lectura\" \/>\n\t<meta name=\"twitter:data2\" content=\"3 minutos\" \/>\r\n<script type=\"application\/ld+json\" class=\"yoast-schema-graph\">{\"@context\":\"https:\\\/\\\/schema.org\",\"@graph\":[{\"@type\":\"Article\",\"@id\":\"https:\\\/\\\/www.alasmedios.com\\\/index.php\\\/2026\\\/01\\\/22\\\/sarah-schleper-y-lasse-gaxiola-madre-e-hijo-en-milano-cortina-2026\\\/#article\",\"isPartOf\":{\"@id\":\"https:\\\/\\\/www.alasmedios.com\\\/index.php\\\/2026\\\/01\\\/22\\\/sarah-schleper-y-lasse-gaxiola-madre-e-hijo-en-milano-cortina-2026\\\/\"},\"author\":{\"name\":\"Keila Rodr\u00edguez Pe\u00f1a\",\"@id\":\"https:\\\/\\\/www.alasmedios.com\\\/#\\\/schema\\\/person\\\/0ba31bdd19a05ebf5c7fef1fedf99c34\"},\"headline\":\"Sarah Schleper y Lasse Gaxiola: madre e hijo en Milano Cortina 2026\",\"datePublished\":\"2026-01-22T20:06:40+00:00\",\"mainEntityOfPage\":{\"@id\":\"https:\\\/\\\/www.alasmedios.com\\\/index.php\\\/2026\\\/01\\\/22\\\/sarah-schleper-y-lasse-gaxiola-madre-e-hijo-en-milano-cortina-2026\\\/\"},\"wordCount\":598,\"commentCount\":0,\"publisher\":{\"@id\":\"https:\\\/\\\/www.alasmedios.com\\\/#organization\"},\"image\":{\"@id\":\"https:\\\/\\\/www.alasmedios.com\\\/index.php\\\/2026\\\/01\\\/22\\\/sarah-schleper-y-lasse-gaxiola-madre-e-hijo-en-milano-cortina-2026\\\/#primaryimage\"},\"thumbnailUrl\":\"https:\\\/\\\/www.alasmedios.com\\\/wp-content\\\/uploads\\\/2026\\\/01\\\/Sarah-Schleper-y-Lasse-Gaxiola.png\",\"keywords\":[\"deportes\",\"esqu\u00ed alpino\",\"Juegos Ol\u00edmpicos de Invierno Milano Cortina 2026\",\"Lasse Gaxiola\",\"Milano Cortina 2026\",\"Sarah Schleper\"],\"articleSection\":[\"Deportes\"],\"inLanguage\":\"es\",\"potentialAction\":[{\"@type\":\"CommentAction\",\"name\":\"Comment\",\"target\":[\"https:\\\/\\\/www.alasmedios.com\\\/index.php\\\/2026\\\/01\\\/22\\\/sarah-schleper-y-lasse-gaxiola-madre-e-hijo-en-milano-cortina-2026\\\/#respond\"]}]},{\"@type\":\"WebPage\",\"@id\":\"https:\\\/\\\/www.alasmedios.com\\\/index.php\\\/2026\\\/01\\\/22\\\/sarah-schleper-y-lasse-gaxiola-madre-e-hijo-en-milano-cortina-2026\\\/\",\"url\":\"https:\\\/\\\/www.alasmedios.com\\\/index.php\\\/2026\\\/01\\\/22\\\/sarah-schleper-y-lasse-gaxiola-madre-e-hijo-en-milano-cortina-2026\\\/\",\"name\":\"Sarah Schleper y Lasse Gaxiola: madre e hijo en Milano Cortina 2026 - Alas Medios\",\"isPartOf\":{\"@id\":\"https:\\\/\\\/www.alasmedios.com\\\/#website\"},\"primaryImageOfPage\":{\"@id\":\"https:\\\/\\\/www.alasmedios.com\\\/index.php\\\/2026\\\/01\\\/22\\\/sarah-schleper-y-lasse-gaxiola-madre-e-hijo-en-milano-cortina-2026\\\/#primaryimage\"},\"image\":{\"@id\":\"https:\\\/\\\/www.alasmedios.com\\\/index.php\\\/2026\\\/01\\\/22\\\/sarah-schleper-y-lasse-gaxiola-madre-e-hijo-en-milano-cortina-2026\\\/#primaryimage\"},\"thumbnailUrl\":\"https:\\\/\\\/www.alasmedios.com\\\/wp-content\\\/uploads\\\/2026\\\/01\\\/Sarah-Schleper-y-Lasse-Gaxiola.png\",\"datePublished\":\"2026-01-22T20:06:40+00:00\",\"breadcrumb\":{\"@id\":\"https:\\\/\\\/www.alasmedios.com\\\/index.php\\\/2026\\\/01\\\/22\\\/sarah-schleper-y-lasse-gaxiola-madre-e-hijo-en-milano-cortina-2026\\\/#breadcrumb\"},\"inLanguage\":\"es\",\"potentialAction\":[{\"@type\":\"ReadAction\",\"target\":[\"https:\\\/\\\/www.alasmedios.com\\\/index.php\\\/2026\\\/01\\\/22\\\/sarah-schleper-y-lasse-gaxiola-madre-e-hijo-en-milano-cortina-2026\\\/\"]}]},{\"@type\":\"ImageObject\",\"inLanguage\":\"es\",\"@id\":\"https:\\\/\\\/www.alasmedios.com\\\/index.php\\\/2026\\\/01\\\/22\\\/sarah-schleper-y-lasse-gaxiola-madre-e-hijo-en-milano-cortina-2026\\\/#primaryimage\",\"url\":\"https:\\\/\\\/www.alasmedios.com\\\/wp-content\\\/uploads\\\/2026\\\/01\\\/Sarah-Schleper-y-Lasse-Gaxiola.png\",\"contentUrl\":\"https:\\\/\\\/www.alasmedios.com\\\/wp-content\\\/uploads\\\/2026\\\/01\\\/Sarah-Schleper-y-Lasse-Gaxiola.png\",\"width\":2000,\"height\":1214},{\"@type\":\"BreadcrumbList\",\"@id\":\"https:\\\/\\\/www.alasmedios.com\\\/index.php\\\/2026\\\/01\\\/22\\\/sarah-schleper-y-lasse-gaxiola-madre-e-hijo-en-milano-cortina-2026\\\/#breadcrumb\",\"itemListElement\":[{\"@type\":\"ListItem\",\"position\":1,\"name\":\"Inicio\",\"item\":\"https:\\\/\\\/www.alasmedios.com\\\/\"},{\"@type\":\"ListItem\",\"position\":2,\"name\":\"Sarah Schleper y Lasse Gaxiola: madre e hijo en Milano Cortina 2026\"}]},{\"@type\":\"WebSite\",\"@id\":\"https:\\\/\\\/www.alasmedios.com\\\/#website\",\"url\":\"https:\\\/\\\/www.alasmedios.com\\\/\",\"name\":\"Alas Medios\",\"description\":\"Alas para pensar, Alas para volar, Alas de libertad\",\"publisher\":{\"@id\":\"https:\\\/\\\/www.alasmedios.com\\\/#organization\"},\"potentialAction\":[{\"@type\":\"SearchAction\",\"target\":{\"@type\":\"EntryPoint\",\"urlTemplate\":\"https:\\\/\\\/www.alasmedios.com\\\/?s={search_term_string}\"},\"query-input\":{\"@type\":\"PropertyValueSpecification\",\"valueRequired\":true,\"valueName\":\"search_term_string\"}}],\"inLanguage\":\"es\"},{\"@type\":\"Organization\",\"@id\":\"https:\\\/\\\/www.alasmedios.com\\\/#organization\",\"name\":\"Alas Medios\",\"url\":\"https:\\\/\\\/www.alasmedios.com\\\/\",\"logo\":{\"@type\":\"ImageObject\",\"inLanguage\":\"es\",\"@id\":\"https:\\\/\\\/www.alasmedios.com\\\/#\\\/schema\\\/logo\\\/image\\\/\",\"url\":\"https:\\\/\\\/www.alasmedios.com\\\/wp-content\\\/uploads\\\/2026\\\/01\\\/cropped-cropped-GAM-1.png\",\"contentUrl\":\"https:\\\/\\\/www.alasmedios.com\\\/wp-content\\\/uploads\\\/2026\\\/01\\\/cropped-cropped-GAM-1.png\",\"width\":467,\"height\":235,\"caption\":\"Alas Medios\"},\"image\":{\"@id\":\"https:\\\/\\\/www.alasmedios.com\\\/#\\\/schema\\\/logo\\\/image\\\/\"}},{\"@type\":\"Person\",\"@id\":\"https:\\\/\\\/www.alasmedios.com\\\/#\\\/schema\\\/person\\\/0ba31bdd19a05ebf5c7fef1fedf99c34\",\"name\":\"Keila Rodr\u00edguez Pe\u00f1a\",\"image\":{\"@type\":\"ImageObject\",\"inLanguage\":\"es\",\"@id\":\"https:\\\/\\\/secure.gravatar.com\\\/avatar\\\/a2553a2bfaa601b9d539b617c8793e151bdffb60f9e48a249912f86d4c9ebeef?s=96&d=mm&r=g\",\"url\":\"https:\\\/\\\/secure.gravatar.com\\\/avatar\\\/a2553a2bfaa601b9d539b617c8793e151bdffb60f9e48a249912f86d4c9ebeef?s=96&d=mm&r=g\",\"contentUrl\":\"https:\\\/\\\/secure.gravatar.com\\\/avatar\\\/a2553a2bfaa601b9d539b617c8793e151bdffb60f9e48a249912f86d4c9ebeef?s=96&d=mm&r=g\",\"caption\":\"Keila Rodr\u00edguez Pe\u00f1a\"},\"sameAs\":[\"http:\\\/\\\/www.alasmedios.com\"],\"url\":\"https:\\\/\\\/www.alasmedios.com\\\/index.php\\\/author\\\/keila\\\/\"}]}<\/script>\r\n<!-- \/ Yoast SEO plugin. -->","yoast_head_json":{"title":"Sarah Schleper y Lasse Gaxiola: madre e hijo en Milano Cortina 2026 - Alas Medios","robots":{"index":"index","follow":"follow","max-snippet":"max-snippet:-1","max-image-preview":"max-image-preview:large","max-video-preview":"max-video-preview:-1"},"canonical":"https:\/\/www.alasmedios.com\/index.php\/2026\/01\/22\/sarah-schleper-y-lasse-gaxiola-madre-e-hijo-en-milano-cortina-2026\/","og_locale":"es_MX","og_type":"article","og_title":"Sarah Schleper y Lasse Gaxiola: madre e hijo en Milano Cortina 2026 - Alas Medios","og_description":"De la meta con su hijo en brazos a la historia ol\u00edmpica: Sarah Schleper y Lasse Gaxiola har\u00e1n realidad un","og_url":"https:\/\/www.alasmedios.com\/index.php\/2026\/01\/22\/sarah-schleper-y-lasse-gaxiola-madre-e-hijo-en-milano-cortina-2026\/","og_site_name":"Alas Medios","article_published_time":"2026-01-22T20:06:40+00:00","og_image":[{"width":2000,"height":1214,"url":"https:\/\/www.alasmedios.com\/wp-content\/uploads\/2026\/01\/Sarah-Schleper-y-Lasse-Gaxiola.png","type":"image\/png"}],"author":"Keila Rodr\u00edguez Pe\u00f1a","twitter_card":"summary_large_image","twitter_misc":{"Escrito por":"Keila Rodr\u00edguez Pe\u00f1a","Tiempo de lectura":"3 minutos"},"schema":{"@context":"https:\/\/schema.org","@graph":[{"@type":"Article","@id":"https:\/\/www.alasmedios.com\/index.php\/2026\/01\/22\/sarah-schleper-y-lasse-gaxiola-madre-e-hijo-en-milano-cortina-2026\/#article","isPartOf":{"@id":"https:\/\/www.alasmedios.com\/index.php\/2026\/01\/22\/sarah-schleper-y-lasse-gaxiola-madre-e-hijo-en-milano-cortina-2026\/"},"author":{"name":"Keila Rodr\u00edguez Pe\u00f1a","@id":"https:\/\/www.alasmedios.com\/#\/schema\/person\/0ba31bdd19a05ebf5c7fef1fedf99c34"},"headline":"Sarah Schleper y Lasse Gaxiola: madre e hijo en Milano Cortina 2026","datePublished":"2026-01-22T20:06:40+00:00","mainEntityOfPage":{"@id":"https:\/\/www.alasmedios.com\/index.php\/2026\/01\/22\/sarah-schleper-y-lasse-gaxiola-madre-e-hijo-en-milano-cortina-2026\/"},"wordCount":598,"commentCount":0,"publisher":{"@id":"https:\/\/www.alasmedios.com\/#organization"},"image":{"@id":"https:\/\/www.alasmedios.com\/index.php\/2026\/01\/22\/sarah-schleper-y-lasse-gaxiola-madre-e-hijo-en-milano-cortina-2026\/#primaryimage"},"thumbnailUrl":"https:\/\/www.alasmedios.com\/wp-content\/uploads\/2026\/01\/Sarah-Schleper-y-Lasse-Gaxiola.png","keywords":["deportes","esqu\u00ed alpino","Juegos Ol\u00edmpicos de Invierno Milano Cortina 2026","Lasse Gaxiola","Milano Cortina 2026","Sarah Schleper"],"articleSection":["Deportes"],"inLanguage":"es","potentialAction":[{"@type":"CommentAction","name":"Comment","target":["https:\/\/www.alasmedios.com\/index.php\/2026\/01\/22\/sarah-schleper-y-lasse-gaxiola-madre-e-hijo-en-milano-cortina-2026\/#respond"]}]},{"@type":"WebPage","@id":"https:\/\/www.alasmedios.com\/index.php\/2026\/01\/22\/sarah-schleper-y-lasse-gaxiola-madre-e-hijo-en-milano-cortina-2026\/","url":"https:\/\/www.alasmedios.com\/index.php\/2026\/01\/22\/sarah-schleper-y-lasse-gaxiola-madre-e-hijo-en-milano-cortina-2026\/","name":"Sarah Schleper y Lasse Gaxiola: madre e hijo en Milano Cortina 2026 - Alas Medios","isPartOf":{"@id":"https:\/\/www.alasmedios.com\/#website"},"primaryImageOfPage":{"@id":"https:\/\/www.alasmedios.com\/index.php\/2026\/01\/22\/sarah-schleper-y-lasse-gaxiola-madre-e-hijo-en-milano-cortina-2026\/#primaryimage"},"image":{"@id":"https:\/\/www.alasmedios.com\/index.php\/2026\/01\/22\/sarah-schleper-y-lasse-gaxiola-madre-e-hijo-en-milano-cortina-2026\/#primaryimage"},"thumbnailUrl":"https:\/\/www.alasmedios.com\/wp-content\/uploads\/2026\/01\/Sarah-Schleper-y-Lasse-Gaxiola.png","datePublished":"2026-01-22T20:06:40+00:00","breadcrumb":{"@id":"https:\/\/www.alasmedios.com\/index.php\/2026\/01\/22\/sarah-schleper-y-lasse-gaxiola-madre-e-hijo-en-milano-cortina-2026\/#breadcrumb"},"inLanguage":"es","potentialAction":[{"@type":"ReadAction","target":["https:\/\/www.alasmedios.com\/index.php\/2026\/01\/22\/sarah-schleper-y-lasse-gaxiola-madre-e-hijo-en-milano-cortina-2026\/"]}]},{"@type":"ImageObject","inLanguage":"es","@id":"https:\/\/www.alasmedios.com\/index.php\/2026\/01\/22\/sarah-schleper-y-lasse-gaxiola-madre-e-hijo-en-milano-cortina-2026\/#primaryimage","url":"https:\/\/www.alasmedios.com\/wp-content\/uploads\/2026\/01\/Sarah-Schleper-y-Lasse-Gaxiola.png","contentUrl":"https:\/\/www.alasmedios.com\/wp-content\/uploads\/2026\/01\/Sarah-Schleper-y-Lasse-Gaxiola.png","width":2000,"height":1214},{"@type":"BreadcrumbList","@id":"https:\/\/www.alasmedios.com\/index.php\/2026\/01\/22\/sarah-schleper-y-lasse-gaxiola-madre-e-hijo-en-milano-cortina-2026\/#breadcrumb","itemListElement":[{"@type":"ListItem","position":1,"name":"Inicio","item":"https:\/\/www.alasmedios.com\/"},{"@type":"ListItem","position":2,"name":"Sarah Schleper y Lasse Gaxiola: madre e hijo en Milano Cortina 2026"}]},{"@type":"WebSite","@id":"https:\/\/www.alasmedios.com\/#website","url":"https:\/\/www.alasmedios.com\/","name":"Alas Medios","description":"Alas para pensar, Alas para volar, Alas de libertad","publisher":{"@id":"https:\/\/www.alasmedios.com\/#organization"},"potentialAction":[{"@type":"SearchAction","target":{"@type":"EntryPoint","urlTemplate":"https:\/\/www.alasmedios.com\/?s={search_term_string}"},"query-input":{"@type":"PropertyValueSpecification","valueRequired":true,"valueName":"search_term_string"}}],"inLanguage":"es"},{"@type":"Organization","@id":"https:\/\/www.alasmedios.com\/#organization","name":"Alas Medios","url":"https:\/\/www.alasmedios.com\/","logo":{"@type":"ImageObject","inLanguage":"es","@id":"https:\/\/www.alasmedios.com\/#\/schema\/logo\/image\/","url":"https:\/\/www.alasmedios.com\/wp-content\/uploads\/2026\/01\/cropped-cropped-GAM-1.png","contentUrl":"https:\/\/www.alasmedios.com\/wp-content\/uploads\/2026\/01\/cropped-cropped-GAM-1.png","width":467,"height":235,"caption":"Alas Medios"},"image":{"@id":"https:\/\/www.alasmedios.com\/#\/schema\/logo\/image\/"}},{"@type":"Person","@id":"https:\/\/www.alasmedios.com\/#\/schema\/person\/0ba31bdd19a05ebf5c7fef1fedf99c34","name":"Keila Rodr\u00edguez Pe\u00f1a","image":{"@type":"ImageObject","inLanguage":"es","@id":"https:\/\/secure.gravatar.com\/avatar\/a2553a2bfaa601b9d539b617c8793e151bdffb60f9e48a249912f86d4c9ebeef?s=96&d=mm&r=g","url":"https:\/\/secure.gravatar.com\/avatar\/a2553a2bfaa601b9d539b617c8793e151bdffb60f9e48a249912f86d4c9ebeef?s=96&d=mm&r=g","contentUrl":"https:\/\/secure.gravatar.com\/avatar\/a2553a2bfaa601b9d539b617c8793e151bdffb60f9e48a249912f86d4c9ebeef?s=96&d=mm&r=g","caption":"Keila Rodr\u00edguez Pe\u00f1a"},"sameAs":["http:\/\/www.alasmedios.com"],"url":"https:\/\/www.alasmedios.com\/index.php\/author\/keila\/"}]}},"_links":{"self":[{"href":"https:\/\/www.alasmedios.com\/index.php\/wp-json\/wp\/v2\/posts\/7565","targetHints":{"allow":["GET"]}}],"collection":[{"href":"https:\/\/www.alasmedios.com\/index.php\/wp-json\/wp\/v2\/posts"}],"about":[{"href":"https:\/\/www.alasmedios.com\/index.php\/wp-json\/wp\/v2\/types\/post"}],"author":[{"embeddable":true,"href":"https:\/\/www.alasmedios.com\/index.php\/wp-json\/wp\/v2\/users\/4"}],"replies":[{"embeddable":true,"href":"https:\/\/www.alasmedios.com\/index.php\/wp-json\/wp\/v2\/comments?post=7565"}],"version-history":[{"count":1,"href":"https:\/\/www.alasmedios.com\/index.php\/wp-json\/wp\/v2\/posts\/7565\/revisions"}],"predecessor-version":[{"id":7568,"href":"https:\/\/www.alasmedios.com\/index.php\/wp-json\/wp\/v2\/posts\/7565\/revisions\/7568"}],"wp:featuredmedia":[{"embeddable":true,"href":"https:\/\/www.alasmedios.com\/index.php\/wp-json\/wp\/v2\/media\/7566"}],"wp:attachment":[{"href":"https:\/\/www.alasmedios.com\/index.php\/wp-json\/wp\/v2\/media?parent=7565"}],"wp:term":[{"taxonomy":"category","embeddable":true,"href":"https:\/\/www.alasmedios.com\/index.php\/wp-json\/wp\/v2\/categories?post=7565"},{"taxonomy":"post_tag","embeddable":true,"href":"https:\/\/www.alasmedios.com\/index.php\/wp-json\/wp\/v2\/tags?post=7565"}],"curies":[{"name":"wp","href":"https:\/\/api.w.org\/{rel}","templated":true}]}}