{"id":7559,"date":"2026-01-22T10:29:20","date_gmt":"2026-01-22T16:29:20","guid":{"rendered":"https:\/\/www.alasmedios.com\/?p=7559"},"modified":"2026-01-22T10:29:20","modified_gmt":"2026-01-22T16:29:20","slug":"el-intestino-como-reloj-biologico-envejecer-mejor-desde-adentro","status":"publish","type":"post","link":"https:\/\/www.alasmedios.com\/index.php\/2026\/01\/22\/el-intestino-como-reloj-biologico-envejecer-mejor-desde-adentro\/","title":{"rendered":"El intestino como reloj biol\u00f3gico: envejecer mejor desde adentro"},"content":{"rendered":"\n<p>Durante a\u00f1os, el <strong>microbioma intestinal<\/strong> fue tema de nicho; hoy est\u00e1 en el centro de una conversaci\u00f3n que cruza redes sociales, supermercados y consultorios m\u00e9dicos. Entre suplementos milagro y bebidas fermentadas, la pregunta de fondo empieza a tomar forma cient\u00edfica: <strong>\u00bfpuede la salud del intestino influir en c\u00f3mo envejecemos?<\/strong><\/p>\n\n\n\n<p>Para muchos especialistas, la respuesta es m\u00e1s compleja que una moda. El microbioma \u2014los billones de bacterias, virus y hongos que habitan el intestino\u2014 podr\u00eda estar vinculado no solo con la digesti\u00f3n, sino con la <strong>salud mental, la inflamaci\u00f3n, la fragilidad f\u00edsica y la longevidad<\/strong>. Aunque la evidencia a\u00fan est\u00e1 en construcci\u00f3n, los indicios son cada vez m\u00e1s s\u00f3lidos.<\/p>\n\n\n\n<p>El cirujano e investigador <strong>James Kinross<\/strong>, del Imperial College de Londres, sostiene que el intestino juega un papel clave en el proceso de envejecimiento. Su trabajo analiza muestras fecales para entender c\u00f3mo cambia el microbioma con los a\u00f1os y qu\u00e9 impacto tiene en la capacidad del cuerpo para resistir enfermedades o recuperarse de ellas. Sus conclusiones apuntan a una idea central: <strong>un microbioma diverso se asocia con una vejez m\u00e1s saludable<\/strong>.<\/p>\n\n\n\n<p>CONTIN\u00daA LEYENDO: <a href=\"https:\/\/www.alasmedios.com\/index.php\/2026\/01\/21\/ops-da-dos-meses-a-mexico-para-frenar-el-sarampion\/\" data-type=\"post\" data-id=\"7555\">OPS da dos meses a M\u00e9xico para frenar el sarampi\u00f3n<\/a><\/p>\n\n\n\n<p>Los estudios en personas centenarias refuerzan esta hip\u00f3tesis. El caso de <strong>Mar\u00eda Branyas Morera<\/strong>, quien vivi\u00f3 hasta los 117 a\u00f1os, llam\u00f3 la atenci\u00f3n de cient\u00edficos en Espa\u00f1a. Adem\u00e1s de un estilo de vida activo y una dieta mediterr\u00e1nea, su microbioma mostraba una <strong>alta presencia de bacterias beneficiosas<\/strong>, posiblemente relacionada con su consumo diario de yogur. Investigaciones similares en China y Europa han encontrado patrones parecidos en otros mayores de 100 a\u00f1os.<\/p>\n\n\n\n<p>La clave parece estar en la <strong>diversidad bacteriana<\/strong>. La doctora <strong>Mary Ni Lochlainn<\/strong>, especialista en geriatr\u00eda, compara el intestino con un jard\u00edn: cuanto m\u00e1s variado, mejor funciona. El problema es que esa diversidad tiende a disminuir con la edad. Sin embargo, quienes logran conservarla suelen llegar a edades avanzadas con mayor autonom\u00eda y mejor calidad de vida.<\/p>\n\n\n\n<p>Eso no significa que todo est\u00e9 bajo control humano. La gen\u00e9tica, el entorno y el estilo de vida pesan tanto como la dieta. Aun as\u00ed, expertos como el genetista <strong>Manel Esteller<\/strong> aseguran que lo que comemos s\u00ed puede influir de manera significativa en c\u00f3mo envejecemos. Aceite de oliva, pescado azul, legumbres, verduras, alimentos fermentados y fibra aparecen de forma constante en las recomendaciones.<\/p>\n\n\n\n<p>La investigaci\u00f3n tambi\u00e9n ha abierto debates inc\u00f3modos, como los estudios de <strong>trasplante fecal en animales<\/strong>, que sugieren una relaci\u00f3n directa entre microbioma y envejecimiento corporal. Al mismo tiempo, voces m\u00e1s cautas advierten que la salud intestinal es solo una pieza del rompecabezas. Ejercicio, sue\u00f1o, evitar el tabaco y factores sociales siguen siendo determinantes.<\/p>\n\n\n\n<p>TE PUEDE INTERESAR: <a href=\"https:\/\/www.alasmedios.com\/index.php\/2026\/01\/21\/siria-entre-el-gobierno-interino-y-las-fuerzas-democraticas-sirias\/\" data-type=\"post\" data-id=\"7552\">Siria: entre el Gobierno interino y las Fuerzas Democr\u00e1ticas Sirias<\/a><\/p>\n\n\n\n<p><strong>No existe una f\u00f3rmula m\u00e1gica<\/strong>, pero el intestino importa m\u00e1s de lo que se pensaba. Cuidarlo no garantiza vivir m\u00e1s, pero podr\u00eda ayudar a <strong>vivir mejor durante m\u00e1s tiempo<\/strong>. Para muchos, esa idea ya es suficiente para replantear lo que ponen en el plato.<\/p>\n\n\n<ul class=\"wp-block-latest-posts__list is-grid columns-3 wp-block-latest-posts\"><li><div class=\"wp-block-latest-posts__featured-image\"><img loading=\"lazy\" decoding=\"async\" width=\"150\" height=\"150\" src=\"https:\/\/www.alasmedios.com\/wp-content\/uploads\/2026\/05\/AMPEP-inteligencia-artificial-150x150.jpg\" class=\"attachment-thumbnail size-thumbnail wp-post-image\" alt=\"\" style=\"\" \/><\/div><a class=\"wp-block-latest-posts__post-title\" href=\"https:\/\/www.alasmedios.com\/index.php\/2026\/05\/01\/periodismo-frente-a-la-ia-ampep-asume-liderazgo-y-apuesta-por-contar-historias-con-alma\/\">Periodismo frente a la IA: AMPEP asume liderazgo y apuesta por contar historias con \u201calma\u201d<\/a><\/li>\n<li><div class=\"wp-block-latest-posts__featured-image\"><img loading=\"lazy\" decoding=\"async\" width=\"150\" height=\"150\" src=\"https:\/\/www.alasmedios.com\/wp-content\/uploads\/2026\/05\/Hidalgo-viene-un-respiro-con-el-frente-frio-48-150x150.png\" class=\"attachment-thumbnail size-thumbnail wp-post-image\" alt=\"\" style=\"\" \/><\/div><a class=\"wp-block-latest-posts__post-title\" href=\"https:\/\/www.alasmedios.com\/index.php\/2026\/05\/01\/frente-frio-48-un-alivio-asi-impactara-en-hidalgo\/\">Frente fr\u00edo 48, un alivio: as\u00ed impactar\u00e1 en Hidalgo<\/a><\/li>\n<li><div class=\"wp-block-latest-posts__featured-image\"><img loading=\"lazy\" decoding=\"async\" width=\"150\" height=\"150\" src=\"https:\/\/www.alasmedios.com\/wp-content\/uploads\/2026\/05\/mujeres-depresion-posparto-150x150.png\" class=\"attachment-thumbnail size-thumbnail wp-post-image\" alt=\"\" style=\"\" \/><\/div><a class=\"wp-block-latest-posts__post-title\" href=\"https:\/\/www.alasmedios.com\/index.php\/2026\/05\/01\/1-de-cada-15-mujeres-sufre-depresion-posparto\/\">1 de cada 15 mujeres sufre depresi\u00f3n posparto<\/a><\/li>\n<\/ul>","protected":false},"excerpt":{"rendered":"<p>Durante a\u00f1os, el microbioma intestinal fue tema de nicho; hoy est\u00e1 en el centro de una conversaci\u00f3n que cruza redes<\/p>\n","protected":false},"author":4,"featured_media":7560,"comment_status":"open","ping_status":"open","sticky":false,"template":"","format":"standard","meta":{"colormag_page_container_layout":"default_layout","colormag_page_sidebar_layout":"default_layout","rop_custom_images_group":[],"rop_custom_messages_group":[],"rop_publish_now":"initial","rop_publish_now_accounts":[],"rop_publish_now_history":[],"rop_publish_now_status":"pending","iawp_total_views":0,"footnotes":""},"categories":[42],"tags":[2419,3301,136,3302],"class_list":["post-7559","post","type-post","status-publish","format-standard","has-post-thumbnail","hentry","category-familia_salud","tag-envejecimiento-saludable","tag-microbioma-intestinal","tag-salud","tag-salud-intestinal"],"magazineBlocksPostFeaturedMedia":{"thumbnail":"https:\/\/www.alasmedios.com\/wp-content\/uploads\/2026\/01\/microbioma-intestinal-150x150.png","medium":"https:\/\/www.alasmedios.com\/wp-content\/uploads\/2026\/01\/microbioma-intestinal-300x182.png","medium_large":"https:\/\/www.alasmedios.com\/wp-content\/uploads\/2026\/01\/microbioma-intestinal-768x466.png","large":"https:\/\/www.alasmedios.com\/wp-content\/uploads\/2026\/01\/microbioma-intestinal-1024x622.png","1536x1536":"https:\/\/www.alasmedios.com\/wp-content\/uploads\/2026\/01\/microbioma-intestinal-1536x932.png","2048x2048":"https:\/\/www.alasmedios.com\/wp-content\/uploads\/2026\/01\/microbioma-intestinal.png","colormag-highlighted-post":"https:\/\/www.alasmedios.com\/wp-content\/uploads\/2026\/01\/microbioma-intestinal-392x272.png","colormag-featured-post-medium":"https:\/\/www.alasmedios.com\/wp-content\/uploads\/2026\/01\/microbioma-intestinal-390x205.png","colormag-featured-post-small":"https:\/\/www.alasmedios.com\/wp-content\/uploads\/2026\/01\/microbioma-intestinal-130x90.png","colormag-featured-image":"https:\/\/www.alasmedios.com\/wp-content\/uploads\/2026\/01\/microbioma-intestinal-800x445.png","colormag-default-news":"https:\/\/www.alasmedios.com\/wp-content\/uploads\/2026\/01\/microbioma-intestinal-150x150.png","colormag-featured-image-large":"https:\/\/www.alasmedios.com\/wp-content\/uploads\/2026\/01\/microbioma-intestinal-1400x600.png"},"magazineBlocksPostAuthor":{"name":"Keila Rodr\u00edguez Pe\u00f1a","avatar":"https:\/\/secure.gravatar.com\/avatar\/a2553a2bfaa601b9d539b617c8793e151bdffb60f9e48a249912f86d4c9ebeef?s=96&d=mm&r=g"},"magazineBlocksPostCommentsNumber":"0","magazineBlocksPostExcerpt":"Durante a\u00f1os, el microbioma intestinal fue tema de nicho; hoy est\u00e1 en el centro de una conversaci\u00f3n que cruza redes","magazineBlocksPostCategories":["Familia y Bienestar"],"magazineBlocksPostViewCount":61,"magazineBlocksPostReadTime":3,"magazine_blocks_featured_image_url":{"full":["https:\/\/www.alasmedios.com\/wp-content\/uploads\/2026\/01\/microbioma-intestinal.png",2000,1214,false],"medium":["https:\/\/www.alasmedios.com\/wp-content\/uploads\/2026\/01\/microbioma-intestinal-300x182.png",300,182,true],"thumbnail":["https:\/\/www.alasmedios.com\/wp-content\/uploads\/2026\/01\/microbioma-intestinal-150x150.png",150,150,true]},"magazine_blocks_author":{"display_name":"Keila Rodr\u00edguez Pe\u00f1a","author_link":"https:\/\/www.alasmedios.com\/index.php\/author\/keila\/"},"magazine_blocks_comment":0,"magazine_blocks_author_image":"https:\/\/secure.gravatar.com\/avatar\/a2553a2bfaa601b9d539b617c8793e151bdffb60f9e48a249912f86d4c9ebeef?s=96&d=mm&r=g","magazine_blocks_category":"<a href=\"#\" class=\"category-link category-link-42\">Familia y Bienestar<\/a>","yoast_head":"<!-- This site is optimized with the Yoast SEO plugin v27.5 - https:\/\/yoast.com\/product\/yoast-seo-wordpress\/ -->\r\n<title>El intestino como reloj biol\u00f3gico: envejecer mejor desde adentro - Alas Medios<\/title>\r\n<meta name=\"robots\" content=\"index, follow, max-snippet:-1, max-image-preview:large, max-video-preview:-1\" \/>\r\n<link rel=\"canonical\" href=\"https:\/\/www.alasmedios.com\/index.php\/2026\/01\/22\/el-intestino-como-reloj-biologico-envejecer-mejor-desde-adentro\/\" \/>\r\n<meta property=\"og:locale\" content=\"es_MX\" \/>\r\n<meta property=\"og:type\" content=\"article\" \/>\r\n<meta property=\"og:title\" content=\"El intestino como reloj biol\u00f3gico: envejecer mejor desde adentro - Alas Medios\" \/>\r\n<meta property=\"og:description\" content=\"Durante a\u00f1os, el microbioma intestinal fue tema de nicho; hoy est\u00e1 en el centro de una conversaci\u00f3n que cruza redes\" \/>\r\n<meta property=\"og:url\" content=\"https:\/\/www.alasmedios.com\/index.php\/2026\/01\/22\/el-intestino-como-reloj-biologico-envejecer-mejor-desde-adentro\/\" \/>\r\n<meta property=\"og:site_name\" content=\"Alas Medios\" \/>\r\n<meta property=\"article:published_time\" content=\"2026-01-22T16:29:20+00:00\" \/>\r\n<meta property=\"og:image\" content=\"https:\/\/www.alasmedios.com\/wp-content\/uploads\/2026\/01\/microbioma-intestinal-1024x622.png\" \/>\r\n\t<meta property=\"og:image:width\" content=\"1024\" \/>\r\n\t<meta property=\"og:image:height\" content=\"622\" \/>\r\n\t<meta property=\"og:image:type\" content=\"image\/png\" \/>\r\n<meta name=\"author\" content=\"Keila Rodr\u00edguez Pe\u00f1a\" \/>\r\n<meta name=\"twitter:card\" content=\"summary_large_image\" \/>\r\n<meta name=\"twitter:label1\" content=\"Escrito por\" \/>\n\t<meta name=\"twitter:data1\" content=\"Keila Rodr\u00edguez Pe\u00f1a\" \/>\n\t<meta name=\"twitter:label2\" content=\"Tiempo de lectura\" \/>\n\t<meta name=\"twitter:data2\" content=\"3 minutos\" \/>\r\n<script type=\"application\/ld+json\" class=\"yoast-schema-graph\">{\"@context\":\"https:\\\/\\\/schema.org\",\"@graph\":[{\"@type\":\"Article\",\"@id\":\"https:\\\/\\\/www.alasmedios.com\\\/index.php\\\/2026\\\/01\\\/22\\\/el-intestino-como-reloj-biologico-envejecer-mejor-desde-adentro\\\/#article\",\"isPartOf\":{\"@id\":\"https:\\\/\\\/www.alasmedios.com\\\/index.php\\\/2026\\\/01\\\/22\\\/el-intestino-como-reloj-biologico-envejecer-mejor-desde-adentro\\\/\"},\"author\":{\"name\":\"Keila Rodr\u00edguez Pe\u00f1a\",\"@id\":\"https:\\\/\\\/www.alasmedios.com\\\/#\\\/schema\\\/person\\\/0ba31bdd19a05ebf5c7fef1fedf99c34\"},\"headline\":\"El intestino como reloj biol\u00f3gico: envejecer mejor desde adentro\",\"datePublished\":\"2026-01-22T16:29:20+00:00\",\"mainEntityOfPage\":{\"@id\":\"https:\\\/\\\/www.alasmedios.com\\\/index.php\\\/2026\\\/01\\\/22\\\/el-intestino-como-reloj-biologico-envejecer-mejor-desde-adentro\\\/\"},\"wordCount\":548,\"commentCount\":0,\"publisher\":{\"@id\":\"https:\\\/\\\/www.alasmedios.com\\\/#organization\"},\"image\":{\"@id\":\"https:\\\/\\\/www.alasmedios.com\\\/index.php\\\/2026\\\/01\\\/22\\\/el-intestino-como-reloj-biologico-envejecer-mejor-desde-adentro\\\/#primaryimage\"},\"thumbnailUrl\":\"https:\\\/\\\/www.alasmedios.com\\\/wp-content\\\/uploads\\\/2026\\\/01\\\/microbioma-intestinal.png\",\"keywords\":[\"Envejecimiento Saludable\",\"microbioma intestinal\",\"Salud\",\"salud intestinal\"],\"articleSection\":[\"Familia y Bienestar\"],\"inLanguage\":\"es\",\"potentialAction\":[{\"@type\":\"CommentAction\",\"name\":\"Comment\",\"target\":[\"https:\\\/\\\/www.alasmedios.com\\\/index.php\\\/2026\\\/01\\\/22\\\/el-intestino-como-reloj-biologico-envejecer-mejor-desde-adentro\\\/#respond\"]}]},{\"@type\":\"WebPage\",\"@id\":\"https:\\\/\\\/www.alasmedios.com\\\/index.php\\\/2026\\\/01\\\/22\\\/el-intestino-como-reloj-biologico-envejecer-mejor-desde-adentro\\\/\",\"url\":\"https:\\\/\\\/www.alasmedios.com\\\/index.php\\\/2026\\\/01\\\/22\\\/el-intestino-como-reloj-biologico-envejecer-mejor-desde-adentro\\\/\",\"name\":\"El intestino como reloj biol\u00f3gico: envejecer mejor desde adentro - Alas Medios\",\"isPartOf\":{\"@id\":\"https:\\\/\\\/www.alasmedios.com\\\/#website\"},\"primaryImageOfPage\":{\"@id\":\"https:\\\/\\\/www.alasmedios.com\\\/index.php\\\/2026\\\/01\\\/22\\\/el-intestino-como-reloj-biologico-envejecer-mejor-desde-adentro\\\/#primaryimage\"},\"image\":{\"@id\":\"https:\\\/\\\/www.alasmedios.com\\\/index.php\\\/2026\\\/01\\\/22\\\/el-intestino-como-reloj-biologico-envejecer-mejor-desde-adentro\\\/#primaryimage\"},\"thumbnailUrl\":\"https:\\\/\\\/www.alasmedios.com\\\/wp-content\\\/uploads\\\/2026\\\/01\\\/microbioma-intestinal.png\",\"datePublished\":\"2026-01-22T16:29:20+00:00\",\"breadcrumb\":{\"@id\":\"https:\\\/\\\/www.alasmedios.com\\\/index.php\\\/2026\\\/01\\\/22\\\/el-intestino-como-reloj-biologico-envejecer-mejor-desde-adentro\\\/#breadcrumb\"},\"inLanguage\":\"es\",\"potentialAction\":[{\"@type\":\"ReadAction\",\"target\":[\"https:\\\/\\\/www.alasmedios.com\\\/index.php\\\/2026\\\/01\\\/22\\\/el-intestino-como-reloj-biologico-envejecer-mejor-desde-adentro\\\/\"]}]},{\"@type\":\"ImageObject\",\"inLanguage\":\"es\",\"@id\":\"https:\\\/\\\/www.alasmedios.com\\\/index.php\\\/2026\\\/01\\\/22\\\/el-intestino-como-reloj-biologico-envejecer-mejor-desde-adentro\\\/#primaryimage\",\"url\":\"https:\\\/\\\/www.alasmedios.com\\\/wp-content\\\/uploads\\\/2026\\\/01\\\/microbioma-intestinal.png\",\"contentUrl\":\"https:\\\/\\\/www.alasmedios.com\\\/wp-content\\\/uploads\\\/2026\\\/01\\\/microbioma-intestinal.png\",\"width\":2000,\"height\":1214},{\"@type\":\"BreadcrumbList\",\"@id\":\"https:\\\/\\\/www.alasmedios.com\\\/index.php\\\/2026\\\/01\\\/22\\\/el-intestino-como-reloj-biologico-envejecer-mejor-desde-adentro\\\/#breadcrumb\",\"itemListElement\":[{\"@type\":\"ListItem\",\"position\":1,\"name\":\"Inicio\",\"item\":\"https:\\\/\\\/www.alasmedios.com\\\/\"},{\"@type\":\"ListItem\",\"position\":2,\"name\":\"El intestino como reloj biol\u00f3gico: envejecer mejor desde adentro\"}]},{\"@type\":\"WebSite\",\"@id\":\"https:\\\/\\\/www.alasmedios.com\\\/#website\",\"url\":\"https:\\\/\\\/www.alasmedios.com\\\/\",\"name\":\"Alas Medios\",\"description\":\"Alas para pensar, Alas para volar, Alas de libertad\",\"publisher\":{\"@id\":\"https:\\\/\\\/www.alasmedios.com\\\/#organization\"},\"potentialAction\":[{\"@type\":\"SearchAction\",\"target\":{\"@type\":\"EntryPoint\",\"urlTemplate\":\"https:\\\/\\\/www.alasmedios.com\\\/?s={search_term_string}\"},\"query-input\":{\"@type\":\"PropertyValueSpecification\",\"valueRequired\":true,\"valueName\":\"search_term_string\"}}],\"inLanguage\":\"es\"},{\"@type\":\"Organization\",\"@id\":\"https:\\\/\\\/www.alasmedios.com\\\/#organization\",\"name\":\"Alas Medios\",\"url\":\"https:\\\/\\\/www.alasmedios.com\\\/\",\"logo\":{\"@type\":\"ImageObject\",\"inLanguage\":\"es\",\"@id\":\"https:\\\/\\\/www.alasmedios.com\\\/#\\\/schema\\\/logo\\\/image\\\/\",\"url\":\"https:\\\/\\\/www.alasmedios.com\\\/wp-content\\\/uploads\\\/2026\\\/01\\\/cropped-cropped-GAM-1.png\",\"contentUrl\":\"https:\\\/\\\/www.alasmedios.com\\\/wp-content\\\/uploads\\\/2026\\\/01\\\/cropped-cropped-GAM-1.png\",\"width\":467,\"height\":235,\"caption\":\"Alas Medios\"},\"image\":{\"@id\":\"https:\\\/\\\/www.alasmedios.com\\\/#\\\/schema\\\/logo\\\/image\\\/\"}},{\"@type\":\"Person\",\"@id\":\"https:\\\/\\\/www.alasmedios.com\\\/#\\\/schema\\\/person\\\/0ba31bdd19a05ebf5c7fef1fedf99c34\",\"name\":\"Keila Rodr\u00edguez Pe\u00f1a\",\"image\":{\"@type\":\"ImageObject\",\"inLanguage\":\"es\",\"@id\":\"https:\\\/\\\/secure.gravatar.com\\\/avatar\\\/a2553a2bfaa601b9d539b617c8793e151bdffb60f9e48a249912f86d4c9ebeef?s=96&d=mm&r=g\",\"url\":\"https:\\\/\\\/secure.gravatar.com\\\/avatar\\\/a2553a2bfaa601b9d539b617c8793e151bdffb60f9e48a249912f86d4c9ebeef?s=96&d=mm&r=g\",\"contentUrl\":\"https:\\\/\\\/secure.gravatar.com\\\/avatar\\\/a2553a2bfaa601b9d539b617c8793e151bdffb60f9e48a249912f86d4c9ebeef?s=96&d=mm&r=g\",\"caption\":\"Keila Rodr\u00edguez Pe\u00f1a\"},\"sameAs\":[\"http:\\\/\\\/www.alasmedios.com\"],\"url\":\"https:\\\/\\\/www.alasmedios.com\\\/index.php\\\/author\\\/keila\\\/\"}]}<\/script>\r\n<!-- \/ Yoast SEO plugin. -->","yoast_head_json":{"title":"El intestino como reloj biol\u00f3gico: envejecer mejor desde adentro - Alas Medios","robots":{"index":"index","follow":"follow","max-snippet":"max-snippet:-1","max-image-preview":"max-image-preview:large","max-video-preview":"max-video-preview:-1"},"canonical":"https:\/\/www.alasmedios.com\/index.php\/2026\/01\/22\/el-intestino-como-reloj-biologico-envejecer-mejor-desde-adentro\/","og_locale":"es_MX","og_type":"article","og_title":"El intestino como reloj biol\u00f3gico: envejecer mejor desde adentro - Alas Medios","og_description":"Durante a\u00f1os, el microbioma intestinal fue tema de nicho; hoy est\u00e1 en el centro de una conversaci\u00f3n que cruza redes","og_url":"https:\/\/www.alasmedios.com\/index.php\/2026\/01\/22\/el-intestino-como-reloj-biologico-envejecer-mejor-desde-adentro\/","og_site_name":"Alas Medios","article_published_time":"2026-01-22T16:29:20+00:00","og_image":[{"width":1024,"height":622,"url":"https:\/\/www.alasmedios.com\/wp-content\/uploads\/2026\/01\/microbioma-intestinal-1024x622.png","type":"image\/png"}],"author":"Keila Rodr\u00edguez Pe\u00f1a","twitter_card":"summary_large_image","twitter_misc":{"Escrito por":"Keila Rodr\u00edguez Pe\u00f1a","Tiempo de lectura":"3 minutos"},"schema":{"@context":"https:\/\/schema.org","@graph":[{"@type":"Article","@id":"https:\/\/www.alasmedios.com\/index.php\/2026\/01\/22\/el-intestino-como-reloj-biologico-envejecer-mejor-desde-adentro\/#article","isPartOf":{"@id":"https:\/\/www.alasmedios.com\/index.php\/2026\/01\/22\/el-intestino-como-reloj-biologico-envejecer-mejor-desde-adentro\/"},"author":{"name":"Keila Rodr\u00edguez Pe\u00f1a","@id":"https:\/\/www.alasmedios.com\/#\/schema\/person\/0ba31bdd19a05ebf5c7fef1fedf99c34"},"headline":"El intestino como reloj biol\u00f3gico: envejecer mejor desde adentro","datePublished":"2026-01-22T16:29:20+00:00","mainEntityOfPage":{"@id":"https:\/\/www.alasmedios.com\/index.php\/2026\/01\/22\/el-intestino-como-reloj-biologico-envejecer-mejor-desde-adentro\/"},"wordCount":548,"commentCount":0,"publisher":{"@id":"https:\/\/www.alasmedios.com\/#organization"},"image":{"@id":"https:\/\/www.alasmedios.com\/index.php\/2026\/01\/22\/el-intestino-como-reloj-biologico-envejecer-mejor-desde-adentro\/#primaryimage"},"thumbnailUrl":"https:\/\/www.alasmedios.com\/wp-content\/uploads\/2026\/01\/microbioma-intestinal.png","keywords":["Envejecimiento Saludable","microbioma intestinal","Salud","salud intestinal"],"articleSection":["Familia y Bienestar"],"inLanguage":"es","potentialAction":[{"@type":"CommentAction","name":"Comment","target":["https:\/\/www.alasmedios.com\/index.php\/2026\/01\/22\/el-intestino-como-reloj-biologico-envejecer-mejor-desde-adentro\/#respond"]}]},{"@type":"WebPage","@id":"https:\/\/www.alasmedios.com\/index.php\/2026\/01\/22\/el-intestino-como-reloj-biologico-envejecer-mejor-desde-adentro\/","url":"https:\/\/www.alasmedios.com\/index.php\/2026\/01\/22\/el-intestino-como-reloj-biologico-envejecer-mejor-desde-adentro\/","name":"El intestino como reloj biol\u00f3gico: envejecer mejor desde adentro - Alas Medios","isPartOf":{"@id":"https:\/\/www.alasmedios.com\/#website"},"primaryImageOfPage":{"@id":"https:\/\/www.alasmedios.com\/index.php\/2026\/01\/22\/el-intestino-como-reloj-biologico-envejecer-mejor-desde-adentro\/#primaryimage"},"image":{"@id":"https:\/\/www.alasmedios.com\/index.php\/2026\/01\/22\/el-intestino-como-reloj-biologico-envejecer-mejor-desde-adentro\/#primaryimage"},"thumbnailUrl":"https:\/\/www.alasmedios.com\/wp-content\/uploads\/2026\/01\/microbioma-intestinal.png","datePublished":"2026-01-22T16:29:20+00:00","breadcrumb":{"@id":"https:\/\/www.alasmedios.com\/index.php\/2026\/01\/22\/el-intestino-como-reloj-biologico-envejecer-mejor-desde-adentro\/#breadcrumb"},"inLanguage":"es","potentialAction":[{"@type":"ReadAction","target":["https:\/\/www.alasmedios.com\/index.php\/2026\/01\/22\/el-intestino-como-reloj-biologico-envejecer-mejor-desde-adentro\/"]}]},{"@type":"ImageObject","inLanguage":"es","@id":"https:\/\/www.alasmedios.com\/index.php\/2026\/01\/22\/el-intestino-como-reloj-biologico-envejecer-mejor-desde-adentro\/#primaryimage","url":"https:\/\/www.alasmedios.com\/wp-content\/uploads\/2026\/01\/microbioma-intestinal.png","contentUrl":"https:\/\/www.alasmedios.com\/wp-content\/uploads\/2026\/01\/microbioma-intestinal.png","width":2000,"height":1214},{"@type":"BreadcrumbList","@id":"https:\/\/www.alasmedios.com\/index.php\/2026\/01\/22\/el-intestino-como-reloj-biologico-envejecer-mejor-desde-adentro\/#breadcrumb","itemListElement":[{"@type":"ListItem","position":1,"name":"Inicio","item":"https:\/\/www.alasmedios.com\/"},{"@type":"ListItem","position":2,"name":"El intestino como reloj biol\u00f3gico: envejecer mejor desde adentro"}]},{"@type":"WebSite","@id":"https:\/\/www.alasmedios.com\/#website","url":"https:\/\/www.alasmedios.com\/","name":"Alas Medios","description":"Alas para pensar, Alas para volar, Alas de libertad","publisher":{"@id":"https:\/\/www.alasmedios.com\/#organization"},"potentialAction":[{"@type":"SearchAction","target":{"@type":"EntryPoint","urlTemplate":"https:\/\/www.alasmedios.com\/?s={search_term_string}"},"query-input":{"@type":"PropertyValueSpecification","valueRequired":true,"valueName":"search_term_string"}}],"inLanguage":"es"},{"@type":"Organization","@id":"https:\/\/www.alasmedios.com\/#organization","name":"Alas Medios","url":"https:\/\/www.alasmedios.com\/","logo":{"@type":"ImageObject","inLanguage":"es","@id":"https:\/\/www.alasmedios.com\/#\/schema\/logo\/image\/","url":"https:\/\/www.alasmedios.com\/wp-content\/uploads\/2026\/01\/cropped-cropped-GAM-1.png","contentUrl":"https:\/\/www.alasmedios.com\/wp-content\/uploads\/2026\/01\/cropped-cropped-GAM-1.png","width":467,"height":235,"caption":"Alas Medios"},"image":{"@id":"https:\/\/www.alasmedios.com\/#\/schema\/logo\/image\/"}},{"@type":"Person","@id":"https:\/\/www.alasmedios.com\/#\/schema\/person\/0ba31bdd19a05ebf5c7fef1fedf99c34","name":"Keila Rodr\u00edguez Pe\u00f1a","image":{"@type":"ImageObject","inLanguage":"es","@id":"https:\/\/secure.gravatar.com\/avatar\/a2553a2bfaa601b9d539b617c8793e151bdffb60f9e48a249912f86d4c9ebeef?s=96&d=mm&r=g","url":"https:\/\/secure.gravatar.com\/avatar\/a2553a2bfaa601b9d539b617c8793e151bdffb60f9e48a249912f86d4c9ebeef?s=96&d=mm&r=g","contentUrl":"https:\/\/secure.gravatar.com\/avatar\/a2553a2bfaa601b9d539b617c8793e151bdffb60f9e48a249912f86d4c9ebeef?s=96&d=mm&r=g","caption":"Keila Rodr\u00edguez Pe\u00f1a"},"sameAs":["http:\/\/www.alasmedios.com"],"url":"https:\/\/www.alasmedios.com\/index.php\/author\/keila\/"}]}},"_links":{"self":[{"href":"https:\/\/www.alasmedios.com\/index.php\/wp-json\/wp\/v2\/posts\/7559","targetHints":{"allow":["GET"]}}],"collection":[{"href":"https:\/\/www.alasmedios.com\/index.php\/wp-json\/wp\/v2\/posts"}],"about":[{"href":"https:\/\/www.alasmedios.com\/index.php\/wp-json\/wp\/v2\/types\/post"}],"author":[{"embeddable":true,"href":"https:\/\/www.alasmedios.com\/index.php\/wp-json\/wp\/v2\/users\/4"}],"replies":[{"embeddable":true,"href":"https:\/\/www.alasmedios.com\/index.php\/wp-json\/wp\/v2\/comments?post=7559"}],"version-history":[{"count":1,"href":"https:\/\/www.alasmedios.com\/index.php\/wp-json\/wp\/v2\/posts\/7559\/revisions"}],"predecessor-version":[{"id":7561,"href":"https:\/\/www.alasmedios.com\/index.php\/wp-json\/wp\/v2\/posts\/7559\/revisions\/7561"}],"wp:featuredmedia":[{"embeddable":true,"href":"https:\/\/www.alasmedios.com\/index.php\/wp-json\/wp\/v2\/media\/7560"}],"wp:attachment":[{"href":"https:\/\/www.alasmedios.com\/index.php\/wp-json\/wp\/v2\/media?parent=7559"}],"wp:term":[{"taxonomy":"category","embeddable":true,"href":"https:\/\/www.alasmedios.com\/index.php\/wp-json\/wp\/v2\/categories?post=7559"},{"taxonomy":"post_tag","embeddable":true,"href":"https:\/\/www.alasmedios.com\/index.php\/wp-json\/wp\/v2\/tags?post=7559"}],"curies":[{"name":"wp","href":"https:\/\/api.w.org\/{rel}","templated":true}]}}