{"id":7555,"date":"2026-01-21T16:39:00","date_gmt":"2026-01-21T22:39:00","guid":{"rendered":"https:\/\/www.alasmedios.com\/?p=7555"},"modified":"2026-01-21T12:45:55","modified_gmt":"2026-01-21T18:45:55","slug":"ops-da-dos-meses-a-mexico-para-frenar-el-sarampion","status":"publish","type":"post","link":"https:\/\/www.alasmedios.com\/index.php\/2026\/01\/21\/ops-da-dos-meses-a-mexico-para-frenar-el-sarampion\/","title":{"rendered":"OPS da dos meses a M\u00e9xico para frenar el sarampi\u00f3n"},"content":{"rendered":"\n<p>M\u00e9xico enfrenta una <strong>cuenta regresiva sanitaria<\/strong>, la <strong>Organizaci\u00f3n Panamericana de la Salud (OPS)<\/strong> otorg\u00f3 al pa\u00eds <strong>dos meses de gracia<\/strong> para <strong>contener el brote de sarampi\u00f3n<\/strong> y as\u00ed conservar su <strong>estatus de pa\u00eds libre de la enfermedad<\/strong>, el cual ser\u00e1 evaluado en una <strong>reuni\u00f3n clave programada para abril<\/strong>.<\/p>\n\n\n\n<p>El <strong>secretario de Salud<\/strong>, <strong>David Kershenobich<\/strong>, inform\u00f3 que los <strong>brotes m\u00e1s activos<\/strong> se concentran en <strong>Jalisco y Chiapas<\/strong>, donde se han <strong>reforzado las campa\u00f1as de vacunaci\u00f3n<\/strong>, mientras que en <strong>Chihuahua<\/strong>, estado donde inici\u00f3 el brote, la situaci\u00f3n se encuentra <strong>pr\u00e1cticamente controlada<\/strong>.<\/p>\n\n\n\n<h3 class=\"wp-block-heading\"><strong>Un virus altamente contagioso<\/strong><\/h3>\n\n\n\n<p>Kershenobich advirti\u00f3 que el <strong>sarampi\u00f3n es m\u00e1s contagioso que el covid-19<\/strong>, ya que <strong>una sola persona puede infectar hasta a 15 o 16 m\u00e1s<\/strong>, y el virus puede <strong>permanecer activo hasta dos horas en un espacio cerrado<\/strong>, lo que eleva el riesgo de transmisi\u00f3n.<\/p>\n\n\n\n<p>CONTIN\u00daA LEYENDO: <a href=\"https:\/\/www.alasmedios.com\/index.php\/2026\/01\/21\/siria-entre-el-gobierno-interino-y-las-fuerzas-democraticas-sirias\/\" data-type=\"post\" data-id=\"7552\">Siria: entre el Gobierno interino y las Fuerzas Democr\u00e1ticas Sirias<\/a><\/p>\n\n\n\n<p>Actualmente, M\u00e9xico cuenta con <strong>23 millones 529 mil vacunas disponibles<\/strong>, de las cuales ya se han aplicado <strong>11 millones 853 mil 684 dosis<\/strong>. Para 2026, el pa\u00eds prev\u00e9 la adquisici\u00f3n de <strong>27 millones 365 mil vacunas<\/strong>, lo que garantiza abasto suficiente para los <strong>pr\u00f3ximos dos a\u00f1os<\/strong>. <\/p>\n\n\n\n<p>La meta, insisti\u00f3 el funcionario, es alcanzar <strong>95 por ciento de cobertura de vacunaci\u00f3n<\/strong>, condici\u00f3n clave para frenar el virus, independientemente del dictamen de la OPS.<\/p>\n\n\n\n<h3 class=\"wp-block-heading\"><strong>Estados en alerta<\/strong><\/h3>\n\n\n\n<p>El brote m\u00e1s severo se mantiene en <strong>Jalisco y Chiapas<\/strong>, aunque <strong>Michoac\u00e1n y Guerrero<\/strong> tambi\u00e9n presentan cifras <strong>significativas<\/strong>. <\/p>\n\n\n\n<p>En Jalisco, <strong>21 municipios<\/strong> registran <strong>riesgo muy alto<\/strong>, entre ellos <strong>Guadalajara, Zapopan, Tonal\u00e1, Tlajomulco de Z\u00fa\u00f1iga, San Pedro Tlaquepaque y Tepatitl\u00e1n de Morelos<\/strong>.<\/p>\n\n\n\n<h3 class=\"wp-block-heading\"><strong>Hidalgo: casos bajo control<\/strong><\/h3>\n\n\n\n<p>En el \u00e1mbito estatal, la <strong>Secretar\u00eda de Salud de Hidalgo (SSH)<\/strong> inform\u00f3 que, al corte acumulado de <strong>2025 y 2026<\/strong>, se han confirmado <strong>cinco casos de sarampi\u00f3n<\/strong> en la entidad. <\/p>\n\n\n\n<p>Los contagios corresponden a personas de <strong>Actopan, Pachuca y Santiago de Anaya<\/strong> y se encuentran <strong>bajo control<\/strong>, con <strong>atenci\u00f3n m\u00e9dica oportuna<\/strong> y <strong>seguimiento epidemiol\u00f3gico<\/strong>, sin evidencia de <strong>propagaci\u00f3n comunitaria<\/strong>.<\/p>\n\n\n\n<p>La dependencia detall\u00f3 que la mayor\u00eda de los casos est\u00e1n <strong>relacionados con contagios importados<\/strong>, asociados a la <strong>movilidad interestatal del periodo vacacional decembrino<\/strong>, y que algunos presentaron <strong>transmisi\u00f3n intrafamiliar<\/strong>, un comportamiento esperado en enfermedades altamente contagiosas, el cual fue <strong>detectado y contenido de forma inmediata<\/strong>.<\/p>\n\n\n\n<p>TE PUEDE INTERESAR: <a href=\"https:\/\/www.alasmedios.com\/index.php\/2026\/01\/21\/que-servicios-ofrece-la-secretaria-de-las-mujeres-de-pachuca\/\" data-type=\"post\" data-id=\"7549\">\u00bfQu\u00e9 servicios ofrece la Secretar\u00eda de las Mujeres de Pachuca?<\/a><\/p>\n\n\n\n<h3 class=\"wp-block-heading\"><strong>Rumbo al Mundial 2026<\/strong><\/h3>\n\n\n\n<p>Kershenobich record\u00f3 que <strong>Canad\u00e1 ya perdi\u00f3 su estatus de pa\u00eds libre de sarampi\u00f3n<\/strong> y que <strong>Estados Unidos tambi\u00e9n solicit\u00f3 una pr\u00f3rroga<\/strong> similar ante la OPS. De cara a la <strong>Copa Mundial de la FIFA 2026<\/strong>, M\u00e9xico, Estados Unidos y Canad\u00e1 mantienen <strong>coordinaci\u00f3n permanente<\/strong> para evitar que la situaci\u00f3n sanitaria impacte el evento.<\/p>\n\n\n\n<p><em>\u201cLo que se decidir\u00e1 en abril es si ser\u00e1 necesario <strong>vacunarse de manera obligatoria<\/strong> para ciertos contextos\u201d<\/em>, explic\u00f3 el secretario, quien adelant\u00f3 que se eval\u00faan <strong>estrategias adicionales<\/strong>, como <strong>vacunaci\u00f3n en centrales camioneras, aeropuertos y puntos de alta movilidad<\/strong>, para frenar la diseminaci\u00f3n del virus.<\/p>\n\n\n\n<p>El reloj ya corre y <strong>abril ser\u00e1 decisivo<\/strong> para definir si M\u00e9xico mantiene su estatus sanitario o entra en una nueva fase de alerta frente al <strong>sarampi\u00f3n<\/strong>.<\/p>\n\n\n<ul class=\"wp-block-latest-posts__list is-grid columns-3 wp-block-latest-posts\"><li><div class=\"wp-block-latest-posts__featured-image\"><img loading=\"lazy\" decoding=\"async\" width=\"150\" height=\"150\" src=\"https:\/\/www.alasmedios.com\/wp-content\/uploads\/2026\/05\/AMPEP-inteligencia-artificial-150x150.jpg\" class=\"attachment-thumbnail size-thumbnail wp-post-image\" alt=\"\" style=\"\" \/><\/div><a class=\"wp-block-latest-posts__post-title\" href=\"https:\/\/www.alasmedios.com\/index.php\/2026\/05\/01\/periodismo-frente-a-la-ia-ampep-asume-liderazgo-y-apuesta-por-contar-historias-con-alma\/\">Periodismo frente a la IA: AMPEP asume liderazgo y apuesta por contar historias con \u201calma\u201d<\/a><\/li>\n<li><div class=\"wp-block-latest-posts__featured-image\"><img loading=\"lazy\" decoding=\"async\" width=\"150\" height=\"150\" src=\"https:\/\/www.alasmedios.com\/wp-content\/uploads\/2026\/05\/Hidalgo-viene-un-respiro-con-el-frente-frio-48-150x150.png\" class=\"attachment-thumbnail size-thumbnail wp-post-image\" alt=\"\" style=\"\" \/><\/div><a class=\"wp-block-latest-posts__post-title\" href=\"https:\/\/www.alasmedios.com\/index.php\/2026\/05\/01\/frente-frio-48-un-alivio-asi-impactara-en-hidalgo\/\">Frente fr\u00edo 48, un alivio: as\u00ed impactar\u00e1 en Hidalgo<\/a><\/li>\n<li><div class=\"wp-block-latest-posts__featured-image\"><img loading=\"lazy\" decoding=\"async\" width=\"150\" height=\"150\" src=\"https:\/\/www.alasmedios.com\/wp-content\/uploads\/2026\/05\/mujeres-depresion-posparto-150x150.png\" class=\"attachment-thumbnail size-thumbnail wp-post-image\" alt=\"\" style=\"\" \/><\/div><a class=\"wp-block-latest-posts__post-title\" href=\"https:\/\/www.alasmedios.com\/index.php\/2026\/05\/01\/1-de-cada-15-mujeres-sufre-depresion-posparto\/\">1 de cada 15 mujeres sufre depresi\u00f3n posparto<\/a><\/li>\n<\/ul>","protected":false},"excerpt":{"rendered":"<p>M\u00e9xico enfrenta una cuenta regresiva sanitaria, la Organizaci\u00f3n Panamericana de la Salud (OPS) otorg\u00f3 al pa\u00eds dos meses de gracia<\/p>\n","protected":false},"author":4,"featured_media":7556,"comment_status":"open","ping_status":"open","sticky":false,"template":"","format":"standard","meta":{"colormag_page_container_layout":"default_layout","colormag_page_sidebar_layout":"default_layout","rop_custom_images_group":[],"rop_custom_messages_group":[],"rop_publish_now":"initial","rop_publish_now_accounts":[],"rop_publish_now_history":[],"rop_publish_now_status":"pending","iawp_total_views":0,"footnotes":""},"categories":[3222],"tags":[99,166,694,136,1669],"class_list":["post-7555","post","type-post","status-publish","format-standard","has-post-thumbnail","hentry","category-mexico","tag-hidalgo","tag-mexico","tag-ops","tag-salud","tag-sarampion"],"magazineBlocksPostFeaturedMedia":{"thumbnail":"https:\/\/www.alasmedios.com\/wp-content\/uploads\/2026\/01\/OPS-da-dos-meses-a-Mexico-para-frenar-el-sarampion-150x150.png","medium":"https:\/\/www.alasmedios.com\/wp-content\/uploads\/2026\/01\/OPS-da-dos-meses-a-Mexico-para-frenar-el-sarampion-300x182.png","medium_large":"https:\/\/www.alasmedios.com\/wp-content\/uploads\/2026\/01\/OPS-da-dos-meses-a-Mexico-para-frenar-el-sarampion-768x466.png","large":"https:\/\/www.alasmedios.com\/wp-content\/uploads\/2026\/01\/OPS-da-dos-meses-a-Mexico-para-frenar-el-sarampion-1024x622.png","1536x1536":"https:\/\/www.alasmedios.com\/wp-content\/uploads\/2026\/01\/OPS-da-dos-meses-a-Mexico-para-frenar-el-sarampion-1536x932.png","2048x2048":"https:\/\/www.alasmedios.com\/wp-content\/uploads\/2026\/01\/OPS-da-dos-meses-a-Mexico-para-frenar-el-sarampion.png","colormag-highlighted-post":"https:\/\/www.alasmedios.com\/wp-content\/uploads\/2026\/01\/OPS-da-dos-meses-a-Mexico-para-frenar-el-sarampion-392x272.png","colormag-featured-post-medium":"https:\/\/www.alasmedios.com\/wp-content\/uploads\/2026\/01\/OPS-da-dos-meses-a-Mexico-para-frenar-el-sarampion-390x205.png","colormag-featured-post-small":"https:\/\/www.alasmedios.com\/wp-content\/uploads\/2026\/01\/OPS-da-dos-meses-a-Mexico-para-frenar-el-sarampion-130x90.png","colormag-featured-image":"https:\/\/www.alasmedios.com\/wp-content\/uploads\/2026\/01\/OPS-da-dos-meses-a-Mexico-para-frenar-el-sarampion-800x445.png","colormag-default-news":"https:\/\/www.alasmedios.com\/wp-content\/uploads\/2026\/01\/OPS-da-dos-meses-a-Mexico-para-frenar-el-sarampion-150x150.png","colormag-featured-image-large":"https:\/\/www.alasmedios.com\/wp-content\/uploads\/2026\/01\/OPS-da-dos-meses-a-Mexico-para-frenar-el-sarampion-1400x600.png"},"magazineBlocksPostAuthor":{"name":"Keila Rodr\u00edguez Pe\u00f1a","avatar":"https:\/\/secure.gravatar.com\/avatar\/a2553a2bfaa601b9d539b617c8793e151bdffb60f9e48a249912f86d4c9ebeef?s=96&d=mm&r=g"},"magazineBlocksPostCommentsNumber":"0","magazineBlocksPostExcerpt":"M\u00e9xico enfrenta una cuenta regresiva sanitaria, la Organizaci\u00f3n Panamericana de la Salud (OPS) otorg\u00f3 al pa\u00eds dos meses de gracia","magazineBlocksPostCategories":["M\u00e9xico"],"magazineBlocksPostViewCount":53,"magazineBlocksPostReadTime":3,"magazine_blocks_featured_image_url":{"full":["https:\/\/www.alasmedios.com\/wp-content\/uploads\/2026\/01\/OPS-da-dos-meses-a-Mexico-para-frenar-el-sarampion.png",2000,1214,false],"medium":["https:\/\/www.alasmedios.com\/wp-content\/uploads\/2026\/01\/OPS-da-dos-meses-a-Mexico-para-frenar-el-sarampion-300x182.png",300,182,true],"thumbnail":["https:\/\/www.alasmedios.com\/wp-content\/uploads\/2026\/01\/OPS-da-dos-meses-a-Mexico-para-frenar-el-sarampion-150x150.png",150,150,true]},"magazine_blocks_author":{"display_name":"Keila Rodr\u00edguez Pe\u00f1a","author_link":"https:\/\/www.alasmedios.com\/index.php\/author\/keila\/"},"magazine_blocks_comment":0,"magazine_blocks_author_image":"https:\/\/secure.gravatar.com\/avatar\/a2553a2bfaa601b9d539b617c8793e151bdffb60f9e48a249912f86d4c9ebeef?s=96&d=mm&r=g","magazine_blocks_category":"<a href=\"#\" class=\"category-link category-link-3222\">M\u00e9xico<\/a>","yoast_head":"<!-- This site is optimized with the Yoast SEO plugin v27.5 - https:\/\/yoast.com\/product\/yoast-seo-wordpress\/ -->\r\n<title>OPS da dos meses a M\u00e9xico para frenar el sarampi\u00f3n - Alas Medios<\/title>\r\n<meta name=\"robots\" content=\"index, follow, max-snippet:-1, max-image-preview:large, max-video-preview:-1\" \/>\r\n<link rel=\"canonical\" href=\"https:\/\/www.alasmedios.com\/index.php\/2026\/01\/21\/ops-da-dos-meses-a-mexico-para-frenar-el-sarampion\/\" \/>\r\n<meta property=\"og:locale\" content=\"es_MX\" \/>\r\n<meta property=\"og:type\" content=\"article\" \/>\r\n<meta property=\"og:title\" content=\"OPS da dos meses a M\u00e9xico para frenar el sarampi\u00f3n - Alas Medios\" \/>\r\n<meta property=\"og:description\" content=\"M\u00e9xico enfrenta una cuenta regresiva sanitaria, la Organizaci\u00f3n Panamericana de la Salud (OPS) otorg\u00f3 al pa\u00eds dos meses de gracia\" \/>\r\n<meta property=\"og:url\" content=\"https:\/\/www.alasmedios.com\/index.php\/2026\/01\/21\/ops-da-dos-meses-a-mexico-para-frenar-el-sarampion\/\" \/>\r\n<meta property=\"og:site_name\" content=\"Alas Medios\" \/>\r\n<meta property=\"article:published_time\" content=\"2026-01-21T22:39:00+00:00\" \/>\r\n<meta property=\"og:image\" content=\"https:\/\/www.alasmedios.com\/wp-content\/uploads\/2026\/01\/OPS-da-dos-meses-a-Mexico-para-frenar-el-sarampion-1024x622.png\" \/>\r\n\t<meta property=\"og:image:width\" content=\"1024\" \/>\r\n\t<meta property=\"og:image:height\" content=\"622\" \/>\r\n\t<meta property=\"og:image:type\" content=\"image\/png\" \/>\r\n<meta name=\"author\" content=\"Keila Rodr\u00edguez Pe\u00f1a\" \/>\r\n<meta name=\"twitter:card\" content=\"summary_large_image\" \/>\r\n<meta name=\"twitter:label1\" content=\"Escrito por\" \/>\n\t<meta name=\"twitter:data1\" content=\"Keila Rodr\u00edguez Pe\u00f1a\" \/>\n\t<meta name=\"twitter:label2\" content=\"Tiempo de lectura\" \/>\n\t<meta name=\"twitter:data2\" content=\"3 minutos\" \/>\r\n<script type=\"application\/ld+json\" class=\"yoast-schema-graph\">{\"@context\":\"https:\\\/\\\/schema.org\",\"@graph\":[{\"@type\":\"Article\",\"@id\":\"https:\\\/\\\/www.alasmedios.com\\\/index.php\\\/2026\\\/01\\\/21\\\/ops-da-dos-meses-a-mexico-para-frenar-el-sarampion\\\/#article\",\"isPartOf\":{\"@id\":\"https:\\\/\\\/www.alasmedios.com\\\/index.php\\\/2026\\\/01\\\/21\\\/ops-da-dos-meses-a-mexico-para-frenar-el-sarampion\\\/\"},\"author\":{\"name\":\"Keila Rodr\u00edguez Pe\u00f1a\",\"@id\":\"https:\\\/\\\/www.alasmedios.com\\\/#\\\/schema\\\/person\\\/0ba31bdd19a05ebf5c7fef1fedf99c34\"},\"headline\":\"OPS da dos meses a M\u00e9xico para frenar el sarampi\u00f3n\",\"datePublished\":\"2026-01-21T22:39:00+00:00\",\"mainEntityOfPage\":{\"@id\":\"https:\\\/\\\/www.alasmedios.com\\\/index.php\\\/2026\\\/01\\\/21\\\/ops-da-dos-meses-a-mexico-para-frenar-el-sarampion\\\/\"},\"wordCount\":560,\"commentCount\":0,\"publisher\":{\"@id\":\"https:\\\/\\\/www.alasmedios.com\\\/#organization\"},\"image\":{\"@id\":\"https:\\\/\\\/www.alasmedios.com\\\/index.php\\\/2026\\\/01\\\/21\\\/ops-da-dos-meses-a-mexico-para-frenar-el-sarampion\\\/#primaryimage\"},\"thumbnailUrl\":\"https:\\\/\\\/www.alasmedios.com\\\/wp-content\\\/uploads\\\/2026\\\/01\\\/OPS-da-dos-meses-a-Mexico-para-frenar-el-sarampion.png\",\"keywords\":[\"Hidalgo\",\"M\u00e9xico\",\"OPS\",\"Salud\",\"sarampi\u00f3n\"],\"articleSection\":[\"M\u00e9xico\"],\"inLanguage\":\"es\",\"potentialAction\":[{\"@type\":\"CommentAction\",\"name\":\"Comment\",\"target\":[\"https:\\\/\\\/www.alasmedios.com\\\/index.php\\\/2026\\\/01\\\/21\\\/ops-da-dos-meses-a-mexico-para-frenar-el-sarampion\\\/#respond\"]}]},{\"@type\":\"WebPage\",\"@id\":\"https:\\\/\\\/www.alasmedios.com\\\/index.php\\\/2026\\\/01\\\/21\\\/ops-da-dos-meses-a-mexico-para-frenar-el-sarampion\\\/\",\"url\":\"https:\\\/\\\/www.alasmedios.com\\\/index.php\\\/2026\\\/01\\\/21\\\/ops-da-dos-meses-a-mexico-para-frenar-el-sarampion\\\/\",\"name\":\"OPS da dos meses a M\u00e9xico para frenar el sarampi\u00f3n - Alas Medios\",\"isPartOf\":{\"@id\":\"https:\\\/\\\/www.alasmedios.com\\\/#website\"},\"primaryImageOfPage\":{\"@id\":\"https:\\\/\\\/www.alasmedios.com\\\/index.php\\\/2026\\\/01\\\/21\\\/ops-da-dos-meses-a-mexico-para-frenar-el-sarampion\\\/#primaryimage\"},\"image\":{\"@id\":\"https:\\\/\\\/www.alasmedios.com\\\/index.php\\\/2026\\\/01\\\/21\\\/ops-da-dos-meses-a-mexico-para-frenar-el-sarampion\\\/#primaryimage\"},\"thumbnailUrl\":\"https:\\\/\\\/www.alasmedios.com\\\/wp-content\\\/uploads\\\/2026\\\/01\\\/OPS-da-dos-meses-a-Mexico-para-frenar-el-sarampion.png\",\"datePublished\":\"2026-01-21T22:39:00+00:00\",\"breadcrumb\":{\"@id\":\"https:\\\/\\\/www.alasmedios.com\\\/index.php\\\/2026\\\/01\\\/21\\\/ops-da-dos-meses-a-mexico-para-frenar-el-sarampion\\\/#breadcrumb\"},\"inLanguage\":\"es\",\"potentialAction\":[{\"@type\":\"ReadAction\",\"target\":[\"https:\\\/\\\/www.alasmedios.com\\\/index.php\\\/2026\\\/01\\\/21\\\/ops-da-dos-meses-a-mexico-para-frenar-el-sarampion\\\/\"]}]},{\"@type\":\"ImageObject\",\"inLanguage\":\"es\",\"@id\":\"https:\\\/\\\/www.alasmedios.com\\\/index.php\\\/2026\\\/01\\\/21\\\/ops-da-dos-meses-a-mexico-para-frenar-el-sarampion\\\/#primaryimage\",\"url\":\"https:\\\/\\\/www.alasmedios.com\\\/wp-content\\\/uploads\\\/2026\\\/01\\\/OPS-da-dos-meses-a-Mexico-para-frenar-el-sarampion.png\",\"contentUrl\":\"https:\\\/\\\/www.alasmedios.com\\\/wp-content\\\/uploads\\\/2026\\\/01\\\/OPS-da-dos-meses-a-Mexico-para-frenar-el-sarampion.png\",\"width\":2000,\"height\":1214},{\"@type\":\"BreadcrumbList\",\"@id\":\"https:\\\/\\\/www.alasmedios.com\\\/index.php\\\/2026\\\/01\\\/21\\\/ops-da-dos-meses-a-mexico-para-frenar-el-sarampion\\\/#breadcrumb\",\"itemListElement\":[{\"@type\":\"ListItem\",\"position\":1,\"name\":\"Inicio\",\"item\":\"https:\\\/\\\/www.alasmedios.com\\\/\"},{\"@type\":\"ListItem\",\"position\":2,\"name\":\"OPS da dos meses a M\u00e9xico para frenar el sarampi\u00f3n\"}]},{\"@type\":\"WebSite\",\"@id\":\"https:\\\/\\\/www.alasmedios.com\\\/#website\",\"url\":\"https:\\\/\\\/www.alasmedios.com\\\/\",\"name\":\"Alas Medios\",\"description\":\"Alas para pensar, Alas para volar, Alas de libertad\",\"publisher\":{\"@id\":\"https:\\\/\\\/www.alasmedios.com\\\/#organization\"},\"potentialAction\":[{\"@type\":\"SearchAction\",\"target\":{\"@type\":\"EntryPoint\",\"urlTemplate\":\"https:\\\/\\\/www.alasmedios.com\\\/?s={search_term_string}\"},\"query-input\":{\"@type\":\"PropertyValueSpecification\",\"valueRequired\":true,\"valueName\":\"search_term_string\"}}],\"inLanguage\":\"es\"},{\"@type\":\"Organization\",\"@id\":\"https:\\\/\\\/www.alasmedios.com\\\/#organization\",\"name\":\"Alas Medios\",\"url\":\"https:\\\/\\\/www.alasmedios.com\\\/\",\"logo\":{\"@type\":\"ImageObject\",\"inLanguage\":\"es\",\"@id\":\"https:\\\/\\\/www.alasmedios.com\\\/#\\\/schema\\\/logo\\\/image\\\/\",\"url\":\"https:\\\/\\\/www.alasmedios.com\\\/wp-content\\\/uploads\\\/2026\\\/01\\\/cropped-cropped-GAM-1.png\",\"contentUrl\":\"https:\\\/\\\/www.alasmedios.com\\\/wp-content\\\/uploads\\\/2026\\\/01\\\/cropped-cropped-GAM-1.png\",\"width\":467,\"height\":235,\"caption\":\"Alas Medios\"},\"image\":{\"@id\":\"https:\\\/\\\/www.alasmedios.com\\\/#\\\/schema\\\/logo\\\/image\\\/\"}},{\"@type\":\"Person\",\"@id\":\"https:\\\/\\\/www.alasmedios.com\\\/#\\\/schema\\\/person\\\/0ba31bdd19a05ebf5c7fef1fedf99c34\",\"name\":\"Keila Rodr\u00edguez Pe\u00f1a\",\"image\":{\"@type\":\"ImageObject\",\"inLanguage\":\"es\",\"@id\":\"https:\\\/\\\/secure.gravatar.com\\\/avatar\\\/a2553a2bfaa601b9d539b617c8793e151bdffb60f9e48a249912f86d4c9ebeef?s=96&d=mm&r=g\",\"url\":\"https:\\\/\\\/secure.gravatar.com\\\/avatar\\\/a2553a2bfaa601b9d539b617c8793e151bdffb60f9e48a249912f86d4c9ebeef?s=96&d=mm&r=g\",\"contentUrl\":\"https:\\\/\\\/secure.gravatar.com\\\/avatar\\\/a2553a2bfaa601b9d539b617c8793e151bdffb60f9e48a249912f86d4c9ebeef?s=96&d=mm&r=g\",\"caption\":\"Keila Rodr\u00edguez Pe\u00f1a\"},\"sameAs\":[\"http:\\\/\\\/www.alasmedios.com\"],\"url\":\"https:\\\/\\\/www.alasmedios.com\\\/index.php\\\/author\\\/keila\\\/\"}]}<\/script>\r\n<!-- \/ Yoast SEO plugin. -->","yoast_head_json":{"title":"OPS da dos meses a M\u00e9xico para frenar el sarampi\u00f3n - Alas Medios","robots":{"index":"index","follow":"follow","max-snippet":"max-snippet:-1","max-image-preview":"max-image-preview:large","max-video-preview":"max-video-preview:-1"},"canonical":"https:\/\/www.alasmedios.com\/index.php\/2026\/01\/21\/ops-da-dos-meses-a-mexico-para-frenar-el-sarampion\/","og_locale":"es_MX","og_type":"article","og_title":"OPS da dos meses a M\u00e9xico para frenar el sarampi\u00f3n - Alas Medios","og_description":"M\u00e9xico enfrenta una cuenta regresiva sanitaria, la Organizaci\u00f3n Panamericana de la Salud (OPS) otorg\u00f3 al pa\u00eds dos meses de gracia","og_url":"https:\/\/www.alasmedios.com\/index.php\/2026\/01\/21\/ops-da-dos-meses-a-mexico-para-frenar-el-sarampion\/","og_site_name":"Alas Medios","article_published_time":"2026-01-21T22:39:00+00:00","og_image":[{"width":1024,"height":622,"url":"https:\/\/www.alasmedios.com\/wp-content\/uploads\/2026\/01\/OPS-da-dos-meses-a-Mexico-para-frenar-el-sarampion-1024x622.png","type":"image\/png"}],"author":"Keila Rodr\u00edguez Pe\u00f1a","twitter_card":"summary_large_image","twitter_misc":{"Escrito por":"Keila Rodr\u00edguez Pe\u00f1a","Tiempo de lectura":"3 minutos"},"schema":{"@context":"https:\/\/schema.org","@graph":[{"@type":"Article","@id":"https:\/\/www.alasmedios.com\/index.php\/2026\/01\/21\/ops-da-dos-meses-a-mexico-para-frenar-el-sarampion\/#article","isPartOf":{"@id":"https:\/\/www.alasmedios.com\/index.php\/2026\/01\/21\/ops-da-dos-meses-a-mexico-para-frenar-el-sarampion\/"},"author":{"name":"Keila Rodr\u00edguez Pe\u00f1a","@id":"https:\/\/www.alasmedios.com\/#\/schema\/person\/0ba31bdd19a05ebf5c7fef1fedf99c34"},"headline":"OPS da dos meses a M\u00e9xico para frenar el sarampi\u00f3n","datePublished":"2026-01-21T22:39:00+00:00","mainEntityOfPage":{"@id":"https:\/\/www.alasmedios.com\/index.php\/2026\/01\/21\/ops-da-dos-meses-a-mexico-para-frenar-el-sarampion\/"},"wordCount":560,"commentCount":0,"publisher":{"@id":"https:\/\/www.alasmedios.com\/#organization"},"image":{"@id":"https:\/\/www.alasmedios.com\/index.php\/2026\/01\/21\/ops-da-dos-meses-a-mexico-para-frenar-el-sarampion\/#primaryimage"},"thumbnailUrl":"https:\/\/www.alasmedios.com\/wp-content\/uploads\/2026\/01\/OPS-da-dos-meses-a-Mexico-para-frenar-el-sarampion.png","keywords":["Hidalgo","M\u00e9xico","OPS","Salud","sarampi\u00f3n"],"articleSection":["M\u00e9xico"],"inLanguage":"es","potentialAction":[{"@type":"CommentAction","name":"Comment","target":["https:\/\/www.alasmedios.com\/index.php\/2026\/01\/21\/ops-da-dos-meses-a-mexico-para-frenar-el-sarampion\/#respond"]}]},{"@type":"WebPage","@id":"https:\/\/www.alasmedios.com\/index.php\/2026\/01\/21\/ops-da-dos-meses-a-mexico-para-frenar-el-sarampion\/","url":"https:\/\/www.alasmedios.com\/index.php\/2026\/01\/21\/ops-da-dos-meses-a-mexico-para-frenar-el-sarampion\/","name":"OPS da dos meses a M\u00e9xico para frenar el sarampi\u00f3n - Alas Medios","isPartOf":{"@id":"https:\/\/www.alasmedios.com\/#website"},"primaryImageOfPage":{"@id":"https:\/\/www.alasmedios.com\/index.php\/2026\/01\/21\/ops-da-dos-meses-a-mexico-para-frenar-el-sarampion\/#primaryimage"},"image":{"@id":"https:\/\/www.alasmedios.com\/index.php\/2026\/01\/21\/ops-da-dos-meses-a-mexico-para-frenar-el-sarampion\/#primaryimage"},"thumbnailUrl":"https:\/\/www.alasmedios.com\/wp-content\/uploads\/2026\/01\/OPS-da-dos-meses-a-Mexico-para-frenar-el-sarampion.png","datePublished":"2026-01-21T22:39:00+00:00","breadcrumb":{"@id":"https:\/\/www.alasmedios.com\/index.php\/2026\/01\/21\/ops-da-dos-meses-a-mexico-para-frenar-el-sarampion\/#breadcrumb"},"inLanguage":"es","potentialAction":[{"@type":"ReadAction","target":["https:\/\/www.alasmedios.com\/index.php\/2026\/01\/21\/ops-da-dos-meses-a-mexico-para-frenar-el-sarampion\/"]}]},{"@type":"ImageObject","inLanguage":"es","@id":"https:\/\/www.alasmedios.com\/index.php\/2026\/01\/21\/ops-da-dos-meses-a-mexico-para-frenar-el-sarampion\/#primaryimage","url":"https:\/\/www.alasmedios.com\/wp-content\/uploads\/2026\/01\/OPS-da-dos-meses-a-Mexico-para-frenar-el-sarampion.png","contentUrl":"https:\/\/www.alasmedios.com\/wp-content\/uploads\/2026\/01\/OPS-da-dos-meses-a-Mexico-para-frenar-el-sarampion.png","width":2000,"height":1214},{"@type":"BreadcrumbList","@id":"https:\/\/www.alasmedios.com\/index.php\/2026\/01\/21\/ops-da-dos-meses-a-mexico-para-frenar-el-sarampion\/#breadcrumb","itemListElement":[{"@type":"ListItem","position":1,"name":"Inicio","item":"https:\/\/www.alasmedios.com\/"},{"@type":"ListItem","position":2,"name":"OPS da dos meses a M\u00e9xico para frenar el sarampi\u00f3n"}]},{"@type":"WebSite","@id":"https:\/\/www.alasmedios.com\/#website","url":"https:\/\/www.alasmedios.com\/","name":"Alas Medios","description":"Alas para pensar, Alas para volar, Alas de libertad","publisher":{"@id":"https:\/\/www.alasmedios.com\/#organization"},"potentialAction":[{"@type":"SearchAction","target":{"@type":"EntryPoint","urlTemplate":"https:\/\/www.alasmedios.com\/?s={search_term_string}"},"query-input":{"@type":"PropertyValueSpecification","valueRequired":true,"valueName":"search_term_string"}}],"inLanguage":"es"},{"@type":"Organization","@id":"https:\/\/www.alasmedios.com\/#organization","name":"Alas Medios","url":"https:\/\/www.alasmedios.com\/","logo":{"@type":"ImageObject","inLanguage":"es","@id":"https:\/\/www.alasmedios.com\/#\/schema\/logo\/image\/","url":"https:\/\/www.alasmedios.com\/wp-content\/uploads\/2026\/01\/cropped-cropped-GAM-1.png","contentUrl":"https:\/\/www.alasmedios.com\/wp-content\/uploads\/2026\/01\/cropped-cropped-GAM-1.png","width":467,"height":235,"caption":"Alas Medios"},"image":{"@id":"https:\/\/www.alasmedios.com\/#\/schema\/logo\/image\/"}},{"@type":"Person","@id":"https:\/\/www.alasmedios.com\/#\/schema\/person\/0ba31bdd19a05ebf5c7fef1fedf99c34","name":"Keila Rodr\u00edguez Pe\u00f1a","image":{"@type":"ImageObject","inLanguage":"es","@id":"https:\/\/secure.gravatar.com\/avatar\/a2553a2bfaa601b9d539b617c8793e151bdffb60f9e48a249912f86d4c9ebeef?s=96&d=mm&r=g","url":"https:\/\/secure.gravatar.com\/avatar\/a2553a2bfaa601b9d539b617c8793e151bdffb60f9e48a249912f86d4c9ebeef?s=96&d=mm&r=g","contentUrl":"https:\/\/secure.gravatar.com\/avatar\/a2553a2bfaa601b9d539b617c8793e151bdffb60f9e48a249912f86d4c9ebeef?s=96&d=mm&r=g","caption":"Keila Rodr\u00edguez Pe\u00f1a"},"sameAs":["http:\/\/www.alasmedios.com"],"url":"https:\/\/www.alasmedios.com\/index.php\/author\/keila\/"}]}},"_links":{"self":[{"href":"https:\/\/www.alasmedios.com\/index.php\/wp-json\/wp\/v2\/posts\/7555","targetHints":{"allow":["GET"]}}],"collection":[{"href":"https:\/\/www.alasmedios.com\/index.php\/wp-json\/wp\/v2\/posts"}],"about":[{"href":"https:\/\/www.alasmedios.com\/index.php\/wp-json\/wp\/v2\/types\/post"}],"author":[{"embeddable":true,"href":"https:\/\/www.alasmedios.com\/index.php\/wp-json\/wp\/v2\/users\/4"}],"replies":[{"embeddable":true,"href":"https:\/\/www.alasmedios.com\/index.php\/wp-json\/wp\/v2\/comments?post=7555"}],"version-history":[{"count":2,"href":"https:\/\/www.alasmedios.com\/index.php\/wp-json\/wp\/v2\/posts\/7555\/revisions"}],"predecessor-version":[{"id":7558,"href":"https:\/\/www.alasmedios.com\/index.php\/wp-json\/wp\/v2\/posts\/7555\/revisions\/7558"}],"wp:featuredmedia":[{"embeddable":true,"href":"https:\/\/www.alasmedios.com\/index.php\/wp-json\/wp\/v2\/media\/7556"}],"wp:attachment":[{"href":"https:\/\/www.alasmedios.com\/index.php\/wp-json\/wp\/v2\/media?parent=7555"}],"wp:term":[{"taxonomy":"category","embeddable":true,"href":"https:\/\/www.alasmedios.com\/index.php\/wp-json\/wp\/v2\/categories?post=7555"},{"taxonomy":"post_tag","embeddable":true,"href":"https:\/\/www.alasmedios.com\/index.php\/wp-json\/wp\/v2\/tags?post=7555"}],"curies":[{"name":"wp","href":"https:\/\/api.w.org\/{rel}","templated":true}]}}