{"id":7552,"date":"2026-01-21T12:16:26","date_gmt":"2026-01-21T18:16:26","guid":{"rendered":"https:\/\/www.alasmedios.com\/?p=7552"},"modified":"2026-01-21T12:16:26","modified_gmt":"2026-01-21T18:16:26","slug":"siria-entre-el-gobierno-interino-y-las-fuerzas-democraticas-sirias","status":"publish","type":"post","link":"https:\/\/www.alasmedios.com\/index.php\/2026\/01\/21\/siria-entre-el-gobierno-interino-y-las-fuerzas-democraticas-sirias\/","title":{"rendered":"Siria: entre el Gobierno interino y las Fuerzas Democr\u00e1ticas Sirias"},"content":{"rendered":"\n<p>La <strong>lucha por el futuro pol\u00edtico de Siria<\/strong> ha escalado nuevamente a la violencia; esta vez, el enfrentamiento ocurre entre el <strong>Gobierno interino sirio<\/strong>, encabezado por <strong>Ahmed al Sharaa<\/strong>, y la milicia kurdosiria conocida como <strong>Fuerzas Democr\u00e1ticas Sirias (FDS)<\/strong>, un grupo que durante m\u00e1s de una d\u00e9cada control\u00f3 amplias zonas del noreste del pa\u00eds.<\/p>\n\n\n\n<p>Tras casi <strong>un a\u00f1o de tensiones crecientes<\/strong>, los choques armados se intensificaron el pasado fin de semana y dejaron a las FDS en una posici\u00f3n debilitada: <strong>habr\u00edan perdido cerca de dos tercios del territorio<\/strong> que administraban desde el inicio de la guerra civil. <\/p>\n\n\n\n<p>Aunque se anunci\u00f3 un acuerdo y un alto al fuego, los combates continuaron hasta que este martes se confirm\u00f3 una <strong>nueva tregua de cuatro d\u00edas<\/strong>, con negociaciones nuevamente en el aire.<\/p>\n\n\n\n<h3 class=\"wp-block-heading\"><strong>El origen del conflicto<\/strong><\/h3>\n\n\n\n<p>Durante los casi <strong>14 a\u00f1os de guerra civil<\/strong>, las FDS tomaron control de regiones de mayor\u00eda kurda tras la retirada del Ej\u00e9rcito sirio en 2011, cuando el pa\u00eds a\u00fan estaba bajo el r\u00e9gimen de <strong>Bashar al Asad<\/strong>. <\/p>\n\n\n\n<p>CONTIN\u00daA LEYENDO: <a href=\"https:\/\/www.alasmedios.com\/index.php\/2026\/01\/20\/aeronave-militar-de-estados-unidos-en-toluca-tropas-extranjeras\/\" data-type=\"post\" data-id=\"7523\">Aeronave militar de Estados Unidos en Toluca \u00bftropas extranjeras?<\/a><\/p>\n\n\n\n<p>Sin combatir directamente al r\u00e9gimen, los kurdos ampliaron su dominio al derrotar al <strong>Estado Isl\u00e1mico<\/strong>, con el respaldo de <strong>Estados Unidos<\/strong>, llegando incluso a controlar ciudades \u00e1rabes como <strong>Raqqa<\/strong>.<\/p>\n\n\n\n<p>Ese territorio fue conocido como la <strong>Administraci\u00f3n Aut\u00f3noma del Norte y Este de Siria (AANES)<\/strong>, tambi\u00e9n llamada <strong>Rojava<\/strong>, y se convirti\u00f3 en un s\u00edmbolo clave para el pueblo kurdo, uno de los <strong>grupos \u00e9tnicos sin Estado propio m\u00e1s grandes del mundo<\/strong>.<\/p>\n\n\n\n<h3 class=\"wp-block-heading\"><strong>Centralismo contra autonom\u00eda<\/strong><\/h3>\n\n\n\n<p>Tras el <strong>derrocamiento de Al Asad en diciembre de 2024<\/strong>, el nuevo Gobierno interino exigi\u00f3 la <strong>unificaci\u00f3n del pa\u00eds<\/strong>, el retorno de los territorios controlados por las FDS al mando central y la <strong>integraci\u00f3n de sus combatientes al nuevo Ej\u00e9rcito sirio<\/strong>.<\/p>\n\n\n\n<p>Aunque en <strong>marzo de 2025<\/strong> se firm\u00f3 un acuerdo para avanzar en ese proceso, los resultados fueron m\u00ednimos. El desacuerdo central persiste:<\/p>\n\n\n\n<ul class=\"wp-block-list\">\n<li>Las <strong>FDS<\/strong> defienden un <strong>modelo descentralizado<\/strong>, con autonom\u00eda regional.<\/li>\n\n\n\n<li>El <strong>Gobierno interino<\/strong> apuesta por un <strong>Estado centralizado desde Damasco<\/strong>.<\/li>\n<\/ul>\n\n\n\n<p>Permitir una regi\u00f3n kurda semiaut\u00f3noma, advierte el Ejecutivo, abrir\u00eda la puerta a demandas similares de otras comunidades.<\/p>\n\n\n\n<p>TE PUEDE INTERESAR: <a href=\"https:\/\/www.alasmedios.com\/index.php\/2026\/01\/13\/y-si-la-fertilidad-tuviera-mas-tiempo-hongmei-wang-desafia-el-reloj-biologico\/\" data-type=\"post\" data-id=\"7448\">\u00bfY si la fertilidad tuviera m\u00e1s tiempo? Hongmei Wang desaf\u00eda el reloj biol\u00f3gico<\/a><\/p>\n\n\n\n<h3 class=\"wp-block-heading\"><strong>El factor regional y econ\u00f3mico<\/strong><\/h3>\n\n\n\n<p>La postura del Gobierno cuenta con el respaldo de <strong>Turqu\u00eda<\/strong>, que rechaza cualquier autonom\u00eda kurda en su frontera por los v\u00ednculos de las FDS con el <strong>Partido de los Trabajadores del Kurdist\u00e1n (PKK)<\/strong>, considerado organizaci\u00f3n terrorista por varios pa\u00edses. <\/p>\n\n\n\n<p>Ankara ha advertido que <strong>no tolerar\u00e1 provocaciones<\/strong> y ha amenazado en el pasado con acciones militares.<\/p>\n\n\n\n<p>A esto se suma un elemento clave: la econom\u00eda. Antes del conflicto reciente, las regiones kurdas concentraban <strong>la mayor parte del petr\u00f3leo y gas de Siria<\/strong>. Observadores del sector estiman que en <strong>2024, el 90 % de la producci\u00f3n petrolera<\/strong> proven\u00eda de esas zonas.<\/p>\n\n\n\n<h3 class=\"wp-block-heading\"><strong>Zonas kurdas, el punto cr\u00edtico<\/strong><\/h3>\n\n\n\n<p>Tras los enfrentamientos, las FDS fueron expulsadas de \u00e1reas de mayor\u00eda \u00e1rabe, en parte por el <strong>cambio de postura de tribus locales<\/strong>. Sin embargo, el futuro de las <strong>zonas de mayor\u00eda kurda<\/strong> sigue sin definirse.<\/p>\n\n\n\n<p>En una reuni\u00f3n reciente entre <strong>Ahmed al Sharaa<\/strong> y el comandante de las FDS, <strong>Mazlum Abdi<\/strong>, este \u00faltimo pidi\u00f3 que las fuerzas kurdas mantuvieran el control de esos territorios. La negativa del Gobierno abri\u00f3 un nuevo impasse. Analistas se\u00f1alan que Abdi <strong>no controla a todos los grupos kurdos<\/strong> y enfrenta presiones internas, incluso del propio PKK.<\/p>\n\n\n\n<p>CONTIN\u00daA LEYENDO: <a href=\"https:\/\/www.alasmedios.com\/index.php\/2026\/01\/20\/jubilarse-siendo-mujer-en-mexico-cuesta-35-mas\/\" data-type=\"post\" data-id=\"7520\">Jubilarse siendo mujer en M\u00e9xico cuesta 35% m\u00e1s<\/a><\/p>\n\n\n\n<h3 class=\"wp-block-heading\"><strong>Integraci\u00f3n forzada<\/strong><\/h3>\n\n\n\n<p>Uno de los puntos m\u00e1s sensibles es la <strong>integraci\u00f3n de las milicias kurdas<\/strong> al Ej\u00e9rcito sirio. Las FDS buscaban conservar sus unidades dentro de la estructura militar, pero el Gobierno rechaz\u00f3 cualquier <strong>estructura paralela<\/strong>.<\/p>\n\n\n\n<p>Un acuerdo previo mediado por <strong>Estados Unidos<\/strong> permit\u00eda la integraci\u00f3n por divisiones completas, pero el reciente pacto de alto al fuego <strong>elimin\u00f3 esa opci\u00f3n<\/strong>. Seg\u00fan analistas, las FDS ahora tendr\u00edan que integrarse <strong>como individuos<\/strong>, perdiendo cohesi\u00f3n y poder de negociaci\u00f3n.<\/p>\n\n\n\n<p>El <strong>alto al fuego de cuatro d\u00edas<\/strong> anunciado este martes da un plazo limitado a las fuerzas kurdosirias para presentar un <strong>plan de integraci\u00f3n pac\u00edfica<\/strong> de las regiones kurdas al Estado sirio. Lo que ocurra en ese breve lapso podr\u00eda definir no solo el futuro de las FDS, sino el <strong>nuevo equilibrio de poder en la Siria postguerra<\/strong>.<\/p>\n\n\n<ul class=\"wp-block-latest-posts__list is-grid columns-3 wp-block-latest-posts\"><li><div class=\"wp-block-latest-posts__featured-image\"><img loading=\"lazy\" decoding=\"async\" width=\"150\" height=\"150\" src=\"https:\/\/www.alasmedios.com\/wp-content\/uploads\/2026\/05\/AMPEP-inteligencia-artificial-150x150.jpg\" class=\"attachment-thumbnail size-thumbnail wp-post-image\" alt=\"\" style=\"\" \/><\/div><a class=\"wp-block-latest-posts__post-title\" href=\"https:\/\/www.alasmedios.com\/index.php\/2026\/05\/01\/periodismo-frente-a-la-ia-ampep-asume-liderazgo-y-apuesta-por-contar-historias-con-alma\/\">Periodismo frente a la IA: AMPEP asume liderazgo y apuesta por contar historias con \u201calma\u201d<\/a><\/li>\n<li><div class=\"wp-block-latest-posts__featured-image\"><img loading=\"lazy\" decoding=\"async\" width=\"150\" height=\"150\" src=\"https:\/\/www.alasmedios.com\/wp-content\/uploads\/2026\/05\/Hidalgo-viene-un-respiro-con-el-frente-frio-48-150x150.png\" class=\"attachment-thumbnail size-thumbnail wp-post-image\" alt=\"\" style=\"\" \/><\/div><a class=\"wp-block-latest-posts__post-title\" href=\"https:\/\/www.alasmedios.com\/index.php\/2026\/05\/01\/frente-frio-48-un-alivio-asi-impactara-en-hidalgo\/\">Frente fr\u00edo 48, un alivio: as\u00ed impactar\u00e1 en Hidalgo<\/a><\/li>\n<li><div class=\"wp-block-latest-posts__featured-image\"><img loading=\"lazy\" decoding=\"async\" width=\"150\" height=\"150\" src=\"https:\/\/www.alasmedios.com\/wp-content\/uploads\/2026\/05\/mujeres-depresion-posparto-150x150.png\" class=\"attachment-thumbnail size-thumbnail wp-post-image\" alt=\"\" style=\"\" \/><\/div><a class=\"wp-block-latest-posts__post-title\" href=\"https:\/\/www.alasmedios.com\/index.php\/2026\/05\/01\/1-de-cada-15-mujeres-sufre-depresion-posparto\/\">1 de cada 15 mujeres sufre depresi\u00f3n posparto<\/a><\/li>\n<\/ul>","protected":false},"excerpt":{"rendered":"<p>La lucha por el futuro pol\u00edtico de Siria ha escalado nuevamente a la violencia; esta vez, el enfrentamiento ocurre entre<\/p>\n","protected":false},"author":4,"featured_media":7553,"comment_status":"open","ping_status":"open","sticky":false,"template":"","format":"standard","meta":{"colormag_page_container_layout":"default_layout","colormag_page_sidebar_layout":"default_layout","rop_custom_images_group":[],"rop_custom_messages_group":[],"rop_publish_now":"initial","rop_publish_now_accounts":[],"rop_publish_now_history":[],"rop_publish_now_status":"pending","iawp_total_views":0,"footnotes":""},"categories":[3229],"tags":[456,757,3300,2104],"class_list":["post-7552","post","type-post","status-publish","format-standard","has-post-thumbnail","hentry","category-mundo-extranjero","tag-derechos","tag-estados-unidos","tag-fds","tag-siria"],"magazineBlocksPostFeaturedMedia":{"thumbnail":"https:\/\/www.alasmedios.com\/wp-content\/uploads\/2026\/01\/Siria-entre-el-Gobierno-interino-y-las-Fuerzas-Democraticas-Sirias-150x150.png","medium":"https:\/\/www.alasmedios.com\/wp-content\/uploads\/2026\/01\/Siria-entre-el-Gobierno-interino-y-las-Fuerzas-Democraticas-Sirias-300x182.png","medium_large":"https:\/\/www.alasmedios.com\/wp-content\/uploads\/2026\/01\/Siria-entre-el-Gobierno-interino-y-las-Fuerzas-Democraticas-Sirias-768x466.png","large":"https:\/\/www.alasmedios.com\/wp-content\/uploads\/2026\/01\/Siria-entre-el-Gobierno-interino-y-las-Fuerzas-Democraticas-Sirias-1024x622.png","1536x1536":"https:\/\/www.alasmedios.com\/wp-content\/uploads\/2026\/01\/Siria-entre-el-Gobierno-interino-y-las-Fuerzas-Democraticas-Sirias-1536x932.png","2048x2048":"https:\/\/www.alasmedios.com\/wp-content\/uploads\/2026\/01\/Siria-entre-el-Gobierno-interino-y-las-Fuerzas-Democraticas-Sirias.png","colormag-highlighted-post":"https:\/\/www.alasmedios.com\/wp-content\/uploads\/2026\/01\/Siria-entre-el-Gobierno-interino-y-las-Fuerzas-Democraticas-Sirias-392x272.png","colormag-featured-post-medium":"https:\/\/www.alasmedios.com\/wp-content\/uploads\/2026\/01\/Siria-entre-el-Gobierno-interino-y-las-Fuerzas-Democraticas-Sirias-390x205.png","colormag-featured-post-small":"https:\/\/www.alasmedios.com\/wp-content\/uploads\/2026\/01\/Siria-entre-el-Gobierno-interino-y-las-Fuerzas-Democraticas-Sirias-130x90.png","colormag-featured-image":"https:\/\/www.alasmedios.com\/wp-content\/uploads\/2026\/01\/Siria-entre-el-Gobierno-interino-y-las-Fuerzas-Democraticas-Sirias-800x445.png","colormag-default-news":"https:\/\/www.alasmedios.com\/wp-content\/uploads\/2026\/01\/Siria-entre-el-Gobierno-interino-y-las-Fuerzas-Democraticas-Sirias-150x150.png","colormag-featured-image-large":"https:\/\/www.alasmedios.com\/wp-content\/uploads\/2026\/01\/Siria-entre-el-Gobierno-interino-y-las-Fuerzas-Democraticas-Sirias-1400x600.png"},"magazineBlocksPostAuthor":{"name":"Keila Rodr\u00edguez Pe\u00f1a","avatar":"https:\/\/secure.gravatar.com\/avatar\/a2553a2bfaa601b9d539b617c8793e151bdffb60f9e48a249912f86d4c9ebeef?s=96&d=mm&r=g"},"magazineBlocksPostCommentsNumber":"0","magazineBlocksPostExcerpt":"La lucha por el futuro pol\u00edtico de Siria ha escalado nuevamente a la violencia; esta vez, el enfrentamiento ocurre entre","magazineBlocksPostCategories":["Mundo"],"magazineBlocksPostViewCount":67,"magazineBlocksPostReadTime":4,"magazine_blocks_featured_image_url":{"full":["https:\/\/www.alasmedios.com\/wp-content\/uploads\/2026\/01\/Siria-entre-el-Gobierno-interino-y-las-Fuerzas-Democraticas-Sirias.png",2000,1214,false],"medium":["https:\/\/www.alasmedios.com\/wp-content\/uploads\/2026\/01\/Siria-entre-el-Gobierno-interino-y-las-Fuerzas-Democraticas-Sirias-300x182.png",300,182,true],"thumbnail":["https:\/\/www.alasmedios.com\/wp-content\/uploads\/2026\/01\/Siria-entre-el-Gobierno-interino-y-las-Fuerzas-Democraticas-Sirias-150x150.png",150,150,true]},"magazine_blocks_author":{"display_name":"Keila Rodr\u00edguez Pe\u00f1a","author_link":"https:\/\/www.alasmedios.com\/index.php\/author\/keila\/"},"magazine_blocks_comment":0,"magazine_blocks_author_image":"https:\/\/secure.gravatar.com\/avatar\/a2553a2bfaa601b9d539b617c8793e151bdffb60f9e48a249912f86d4c9ebeef?s=96&d=mm&r=g","magazine_blocks_category":"<a href=\"#\" class=\"category-link category-link-3229\">Mundo<\/a>","yoast_head":"<!-- This site is optimized with the Yoast SEO plugin v27.5 - https:\/\/yoast.com\/product\/yoast-seo-wordpress\/ -->\r\n<title>Siria: entre el Gobierno interino y las Fuerzas Democr\u00e1ticas Sirias - Alas Medios<\/title>\r\n<meta name=\"robots\" content=\"index, follow, max-snippet:-1, max-image-preview:large, max-video-preview:-1\" \/>\r\n<link rel=\"canonical\" href=\"https:\/\/www.alasmedios.com\/index.php\/2026\/01\/21\/siria-entre-el-gobierno-interino-y-las-fuerzas-democraticas-sirias\/\" \/>\r\n<meta property=\"og:locale\" content=\"es_MX\" \/>\r\n<meta property=\"og:type\" content=\"article\" \/>\r\n<meta property=\"og:title\" content=\"Siria: entre el Gobierno interino y las Fuerzas Democr\u00e1ticas Sirias - Alas Medios\" \/>\r\n<meta property=\"og:description\" content=\"La lucha por el futuro pol\u00edtico de Siria ha escalado nuevamente a la violencia; esta vez, el enfrentamiento ocurre entre\" \/>\r\n<meta property=\"og:url\" content=\"https:\/\/www.alasmedios.com\/index.php\/2026\/01\/21\/siria-entre-el-gobierno-interino-y-las-fuerzas-democraticas-sirias\/\" \/>\r\n<meta property=\"og:site_name\" content=\"Alas Medios\" \/>\r\n<meta property=\"article:published_time\" content=\"2026-01-21T18:16:26+00:00\" \/>\r\n<meta property=\"og:image\" content=\"https:\/\/www.alasmedios.com\/wp-content\/uploads\/2026\/01\/Siria-entre-el-Gobierno-interino-y-las-Fuerzas-Democraticas-Sirias-1024x622.png\" \/>\r\n\t<meta property=\"og:image:width\" content=\"1024\" \/>\r\n\t<meta property=\"og:image:height\" content=\"622\" \/>\r\n\t<meta property=\"og:image:type\" content=\"image\/png\" \/>\r\n<meta name=\"author\" content=\"Keila Rodr\u00edguez Pe\u00f1a\" \/>\r\n<meta name=\"twitter:card\" content=\"summary_large_image\" \/>\r\n<meta name=\"twitter:label1\" content=\"Escrito por\" \/>\n\t<meta name=\"twitter:data1\" content=\"Keila Rodr\u00edguez Pe\u00f1a\" \/>\n\t<meta name=\"twitter:label2\" content=\"Tiempo de lectura\" \/>\n\t<meta name=\"twitter:data2\" content=\"4 minutos\" \/>\r\n<script type=\"application\/ld+json\" class=\"yoast-schema-graph\">{\"@context\":\"https:\\\/\\\/schema.org\",\"@graph\":[{\"@type\":\"Article\",\"@id\":\"https:\\\/\\\/www.alasmedios.com\\\/index.php\\\/2026\\\/01\\\/21\\\/siria-entre-el-gobierno-interino-y-las-fuerzas-democraticas-sirias\\\/#article\",\"isPartOf\":{\"@id\":\"https:\\\/\\\/www.alasmedios.com\\\/index.php\\\/2026\\\/01\\\/21\\\/siria-entre-el-gobierno-interino-y-las-fuerzas-democraticas-sirias\\\/\"},\"author\":{\"name\":\"Keila Rodr\u00edguez Pe\u00f1a\",\"@id\":\"https:\\\/\\\/www.alasmedios.com\\\/#\\\/schema\\\/person\\\/0ba31bdd19a05ebf5c7fef1fedf99c34\"},\"headline\":\"Siria: entre el Gobierno interino y las Fuerzas Democr\u00e1ticas Sirias\",\"datePublished\":\"2026-01-21T18:16:26+00:00\",\"mainEntityOfPage\":{\"@id\":\"https:\\\/\\\/www.alasmedios.com\\\/index.php\\\/2026\\\/01\\\/21\\\/siria-entre-el-gobierno-interino-y-las-fuerzas-democraticas-sirias\\\/\"},\"wordCount\":785,\"commentCount\":0,\"publisher\":{\"@id\":\"https:\\\/\\\/www.alasmedios.com\\\/#organization\"},\"image\":{\"@id\":\"https:\\\/\\\/www.alasmedios.com\\\/index.php\\\/2026\\\/01\\\/21\\\/siria-entre-el-gobierno-interino-y-las-fuerzas-democraticas-sirias\\\/#primaryimage\"},\"thumbnailUrl\":\"https:\\\/\\\/www.alasmedios.com\\\/wp-content\\\/uploads\\\/2026\\\/01\\\/Siria-entre-el-Gobierno-interino-y-las-Fuerzas-Democraticas-Sirias.png\",\"keywords\":[\"derechos\",\"Estados Unidos\",\"FDS\",\"Siria\"],\"articleSection\":[\"Mundo\"],\"inLanguage\":\"es\",\"potentialAction\":[{\"@type\":\"CommentAction\",\"name\":\"Comment\",\"target\":[\"https:\\\/\\\/www.alasmedios.com\\\/index.php\\\/2026\\\/01\\\/21\\\/siria-entre-el-gobierno-interino-y-las-fuerzas-democraticas-sirias\\\/#respond\"]}]},{\"@type\":\"WebPage\",\"@id\":\"https:\\\/\\\/www.alasmedios.com\\\/index.php\\\/2026\\\/01\\\/21\\\/siria-entre-el-gobierno-interino-y-las-fuerzas-democraticas-sirias\\\/\",\"url\":\"https:\\\/\\\/www.alasmedios.com\\\/index.php\\\/2026\\\/01\\\/21\\\/siria-entre-el-gobierno-interino-y-las-fuerzas-democraticas-sirias\\\/\",\"name\":\"Siria: entre el Gobierno interino y las Fuerzas Democr\u00e1ticas Sirias - Alas Medios\",\"isPartOf\":{\"@id\":\"https:\\\/\\\/www.alasmedios.com\\\/#website\"},\"primaryImageOfPage\":{\"@id\":\"https:\\\/\\\/www.alasmedios.com\\\/index.php\\\/2026\\\/01\\\/21\\\/siria-entre-el-gobierno-interino-y-las-fuerzas-democraticas-sirias\\\/#primaryimage\"},\"image\":{\"@id\":\"https:\\\/\\\/www.alasmedios.com\\\/index.php\\\/2026\\\/01\\\/21\\\/siria-entre-el-gobierno-interino-y-las-fuerzas-democraticas-sirias\\\/#primaryimage\"},\"thumbnailUrl\":\"https:\\\/\\\/www.alasmedios.com\\\/wp-content\\\/uploads\\\/2026\\\/01\\\/Siria-entre-el-Gobierno-interino-y-las-Fuerzas-Democraticas-Sirias.png\",\"datePublished\":\"2026-01-21T18:16:26+00:00\",\"breadcrumb\":{\"@id\":\"https:\\\/\\\/www.alasmedios.com\\\/index.php\\\/2026\\\/01\\\/21\\\/siria-entre-el-gobierno-interino-y-las-fuerzas-democraticas-sirias\\\/#breadcrumb\"},\"inLanguage\":\"es\",\"potentialAction\":[{\"@type\":\"ReadAction\",\"target\":[\"https:\\\/\\\/www.alasmedios.com\\\/index.php\\\/2026\\\/01\\\/21\\\/siria-entre-el-gobierno-interino-y-las-fuerzas-democraticas-sirias\\\/\"]}]},{\"@type\":\"ImageObject\",\"inLanguage\":\"es\",\"@id\":\"https:\\\/\\\/www.alasmedios.com\\\/index.php\\\/2026\\\/01\\\/21\\\/siria-entre-el-gobierno-interino-y-las-fuerzas-democraticas-sirias\\\/#primaryimage\",\"url\":\"https:\\\/\\\/www.alasmedios.com\\\/wp-content\\\/uploads\\\/2026\\\/01\\\/Siria-entre-el-Gobierno-interino-y-las-Fuerzas-Democraticas-Sirias.png\",\"contentUrl\":\"https:\\\/\\\/www.alasmedios.com\\\/wp-content\\\/uploads\\\/2026\\\/01\\\/Siria-entre-el-Gobierno-interino-y-las-Fuerzas-Democraticas-Sirias.png\",\"width\":2000,\"height\":1214},{\"@type\":\"BreadcrumbList\",\"@id\":\"https:\\\/\\\/www.alasmedios.com\\\/index.php\\\/2026\\\/01\\\/21\\\/siria-entre-el-gobierno-interino-y-las-fuerzas-democraticas-sirias\\\/#breadcrumb\",\"itemListElement\":[{\"@type\":\"ListItem\",\"position\":1,\"name\":\"Inicio\",\"item\":\"https:\\\/\\\/www.alasmedios.com\\\/\"},{\"@type\":\"ListItem\",\"position\":2,\"name\":\"Siria: entre el Gobierno interino y las Fuerzas Democr\u00e1ticas Sirias\"}]},{\"@type\":\"WebSite\",\"@id\":\"https:\\\/\\\/www.alasmedios.com\\\/#website\",\"url\":\"https:\\\/\\\/www.alasmedios.com\\\/\",\"name\":\"Alas Medios\",\"description\":\"Alas para pensar, Alas para volar, Alas de libertad\",\"publisher\":{\"@id\":\"https:\\\/\\\/www.alasmedios.com\\\/#organization\"},\"potentialAction\":[{\"@type\":\"SearchAction\",\"target\":{\"@type\":\"EntryPoint\",\"urlTemplate\":\"https:\\\/\\\/www.alasmedios.com\\\/?s={search_term_string}\"},\"query-input\":{\"@type\":\"PropertyValueSpecification\",\"valueRequired\":true,\"valueName\":\"search_term_string\"}}],\"inLanguage\":\"es\"},{\"@type\":\"Organization\",\"@id\":\"https:\\\/\\\/www.alasmedios.com\\\/#organization\",\"name\":\"Alas Medios\",\"url\":\"https:\\\/\\\/www.alasmedios.com\\\/\",\"logo\":{\"@type\":\"ImageObject\",\"inLanguage\":\"es\",\"@id\":\"https:\\\/\\\/www.alasmedios.com\\\/#\\\/schema\\\/logo\\\/image\\\/\",\"url\":\"https:\\\/\\\/www.alasmedios.com\\\/wp-content\\\/uploads\\\/2026\\\/01\\\/cropped-cropped-GAM-1.png\",\"contentUrl\":\"https:\\\/\\\/www.alasmedios.com\\\/wp-content\\\/uploads\\\/2026\\\/01\\\/cropped-cropped-GAM-1.png\",\"width\":467,\"height\":235,\"caption\":\"Alas Medios\"},\"image\":{\"@id\":\"https:\\\/\\\/www.alasmedios.com\\\/#\\\/schema\\\/logo\\\/image\\\/\"}},{\"@type\":\"Person\",\"@id\":\"https:\\\/\\\/www.alasmedios.com\\\/#\\\/schema\\\/person\\\/0ba31bdd19a05ebf5c7fef1fedf99c34\",\"name\":\"Keila Rodr\u00edguez Pe\u00f1a\",\"image\":{\"@type\":\"ImageObject\",\"inLanguage\":\"es\",\"@id\":\"https:\\\/\\\/secure.gravatar.com\\\/avatar\\\/a2553a2bfaa601b9d539b617c8793e151bdffb60f9e48a249912f86d4c9ebeef?s=96&d=mm&r=g\",\"url\":\"https:\\\/\\\/secure.gravatar.com\\\/avatar\\\/a2553a2bfaa601b9d539b617c8793e151bdffb60f9e48a249912f86d4c9ebeef?s=96&d=mm&r=g\",\"contentUrl\":\"https:\\\/\\\/secure.gravatar.com\\\/avatar\\\/a2553a2bfaa601b9d539b617c8793e151bdffb60f9e48a249912f86d4c9ebeef?s=96&d=mm&r=g\",\"caption\":\"Keila Rodr\u00edguez Pe\u00f1a\"},\"sameAs\":[\"http:\\\/\\\/www.alasmedios.com\"],\"url\":\"https:\\\/\\\/www.alasmedios.com\\\/index.php\\\/author\\\/keila\\\/\"}]}<\/script>\r\n<!-- \/ Yoast SEO plugin. -->","yoast_head_json":{"title":"Siria: entre el Gobierno interino y las Fuerzas Democr\u00e1ticas Sirias - Alas Medios","robots":{"index":"index","follow":"follow","max-snippet":"max-snippet:-1","max-image-preview":"max-image-preview:large","max-video-preview":"max-video-preview:-1"},"canonical":"https:\/\/www.alasmedios.com\/index.php\/2026\/01\/21\/siria-entre-el-gobierno-interino-y-las-fuerzas-democraticas-sirias\/","og_locale":"es_MX","og_type":"article","og_title":"Siria: entre el Gobierno interino y las Fuerzas Democr\u00e1ticas Sirias - Alas Medios","og_description":"La lucha por el futuro pol\u00edtico de Siria ha escalado nuevamente a la violencia; esta vez, el enfrentamiento ocurre entre","og_url":"https:\/\/www.alasmedios.com\/index.php\/2026\/01\/21\/siria-entre-el-gobierno-interino-y-las-fuerzas-democraticas-sirias\/","og_site_name":"Alas Medios","article_published_time":"2026-01-21T18:16:26+00:00","og_image":[{"width":1024,"height":622,"url":"https:\/\/www.alasmedios.com\/wp-content\/uploads\/2026\/01\/Siria-entre-el-Gobierno-interino-y-las-Fuerzas-Democraticas-Sirias-1024x622.png","type":"image\/png"}],"author":"Keila Rodr\u00edguez Pe\u00f1a","twitter_card":"summary_large_image","twitter_misc":{"Escrito por":"Keila Rodr\u00edguez Pe\u00f1a","Tiempo de lectura":"4 minutos"},"schema":{"@context":"https:\/\/schema.org","@graph":[{"@type":"Article","@id":"https:\/\/www.alasmedios.com\/index.php\/2026\/01\/21\/siria-entre-el-gobierno-interino-y-las-fuerzas-democraticas-sirias\/#article","isPartOf":{"@id":"https:\/\/www.alasmedios.com\/index.php\/2026\/01\/21\/siria-entre-el-gobierno-interino-y-las-fuerzas-democraticas-sirias\/"},"author":{"name":"Keila Rodr\u00edguez Pe\u00f1a","@id":"https:\/\/www.alasmedios.com\/#\/schema\/person\/0ba31bdd19a05ebf5c7fef1fedf99c34"},"headline":"Siria: entre el Gobierno interino y las Fuerzas Democr\u00e1ticas Sirias","datePublished":"2026-01-21T18:16:26+00:00","mainEntityOfPage":{"@id":"https:\/\/www.alasmedios.com\/index.php\/2026\/01\/21\/siria-entre-el-gobierno-interino-y-las-fuerzas-democraticas-sirias\/"},"wordCount":785,"commentCount":0,"publisher":{"@id":"https:\/\/www.alasmedios.com\/#organization"},"image":{"@id":"https:\/\/www.alasmedios.com\/index.php\/2026\/01\/21\/siria-entre-el-gobierno-interino-y-las-fuerzas-democraticas-sirias\/#primaryimage"},"thumbnailUrl":"https:\/\/www.alasmedios.com\/wp-content\/uploads\/2026\/01\/Siria-entre-el-Gobierno-interino-y-las-Fuerzas-Democraticas-Sirias.png","keywords":["derechos","Estados Unidos","FDS","Siria"],"articleSection":["Mundo"],"inLanguage":"es","potentialAction":[{"@type":"CommentAction","name":"Comment","target":["https:\/\/www.alasmedios.com\/index.php\/2026\/01\/21\/siria-entre-el-gobierno-interino-y-las-fuerzas-democraticas-sirias\/#respond"]}]},{"@type":"WebPage","@id":"https:\/\/www.alasmedios.com\/index.php\/2026\/01\/21\/siria-entre-el-gobierno-interino-y-las-fuerzas-democraticas-sirias\/","url":"https:\/\/www.alasmedios.com\/index.php\/2026\/01\/21\/siria-entre-el-gobierno-interino-y-las-fuerzas-democraticas-sirias\/","name":"Siria: entre el Gobierno interino y las Fuerzas Democr\u00e1ticas Sirias - Alas Medios","isPartOf":{"@id":"https:\/\/www.alasmedios.com\/#website"},"primaryImageOfPage":{"@id":"https:\/\/www.alasmedios.com\/index.php\/2026\/01\/21\/siria-entre-el-gobierno-interino-y-las-fuerzas-democraticas-sirias\/#primaryimage"},"image":{"@id":"https:\/\/www.alasmedios.com\/index.php\/2026\/01\/21\/siria-entre-el-gobierno-interino-y-las-fuerzas-democraticas-sirias\/#primaryimage"},"thumbnailUrl":"https:\/\/www.alasmedios.com\/wp-content\/uploads\/2026\/01\/Siria-entre-el-Gobierno-interino-y-las-Fuerzas-Democraticas-Sirias.png","datePublished":"2026-01-21T18:16:26+00:00","breadcrumb":{"@id":"https:\/\/www.alasmedios.com\/index.php\/2026\/01\/21\/siria-entre-el-gobierno-interino-y-las-fuerzas-democraticas-sirias\/#breadcrumb"},"inLanguage":"es","potentialAction":[{"@type":"ReadAction","target":["https:\/\/www.alasmedios.com\/index.php\/2026\/01\/21\/siria-entre-el-gobierno-interino-y-las-fuerzas-democraticas-sirias\/"]}]},{"@type":"ImageObject","inLanguage":"es","@id":"https:\/\/www.alasmedios.com\/index.php\/2026\/01\/21\/siria-entre-el-gobierno-interino-y-las-fuerzas-democraticas-sirias\/#primaryimage","url":"https:\/\/www.alasmedios.com\/wp-content\/uploads\/2026\/01\/Siria-entre-el-Gobierno-interino-y-las-Fuerzas-Democraticas-Sirias.png","contentUrl":"https:\/\/www.alasmedios.com\/wp-content\/uploads\/2026\/01\/Siria-entre-el-Gobierno-interino-y-las-Fuerzas-Democraticas-Sirias.png","width":2000,"height":1214},{"@type":"BreadcrumbList","@id":"https:\/\/www.alasmedios.com\/index.php\/2026\/01\/21\/siria-entre-el-gobierno-interino-y-las-fuerzas-democraticas-sirias\/#breadcrumb","itemListElement":[{"@type":"ListItem","position":1,"name":"Inicio","item":"https:\/\/www.alasmedios.com\/"},{"@type":"ListItem","position":2,"name":"Siria: entre el Gobierno interino y las Fuerzas Democr\u00e1ticas Sirias"}]},{"@type":"WebSite","@id":"https:\/\/www.alasmedios.com\/#website","url":"https:\/\/www.alasmedios.com\/","name":"Alas Medios","description":"Alas para pensar, Alas para volar, Alas de libertad","publisher":{"@id":"https:\/\/www.alasmedios.com\/#organization"},"potentialAction":[{"@type":"SearchAction","target":{"@type":"EntryPoint","urlTemplate":"https:\/\/www.alasmedios.com\/?s={search_term_string}"},"query-input":{"@type":"PropertyValueSpecification","valueRequired":true,"valueName":"search_term_string"}}],"inLanguage":"es"},{"@type":"Organization","@id":"https:\/\/www.alasmedios.com\/#organization","name":"Alas Medios","url":"https:\/\/www.alasmedios.com\/","logo":{"@type":"ImageObject","inLanguage":"es","@id":"https:\/\/www.alasmedios.com\/#\/schema\/logo\/image\/","url":"https:\/\/www.alasmedios.com\/wp-content\/uploads\/2026\/01\/cropped-cropped-GAM-1.png","contentUrl":"https:\/\/www.alasmedios.com\/wp-content\/uploads\/2026\/01\/cropped-cropped-GAM-1.png","width":467,"height":235,"caption":"Alas Medios"},"image":{"@id":"https:\/\/www.alasmedios.com\/#\/schema\/logo\/image\/"}},{"@type":"Person","@id":"https:\/\/www.alasmedios.com\/#\/schema\/person\/0ba31bdd19a05ebf5c7fef1fedf99c34","name":"Keila Rodr\u00edguez Pe\u00f1a","image":{"@type":"ImageObject","inLanguage":"es","@id":"https:\/\/secure.gravatar.com\/avatar\/a2553a2bfaa601b9d539b617c8793e151bdffb60f9e48a249912f86d4c9ebeef?s=96&d=mm&r=g","url":"https:\/\/secure.gravatar.com\/avatar\/a2553a2bfaa601b9d539b617c8793e151bdffb60f9e48a249912f86d4c9ebeef?s=96&d=mm&r=g","contentUrl":"https:\/\/secure.gravatar.com\/avatar\/a2553a2bfaa601b9d539b617c8793e151bdffb60f9e48a249912f86d4c9ebeef?s=96&d=mm&r=g","caption":"Keila Rodr\u00edguez Pe\u00f1a"},"sameAs":["http:\/\/www.alasmedios.com"],"url":"https:\/\/www.alasmedios.com\/index.php\/author\/keila\/"}]}},"_links":{"self":[{"href":"https:\/\/www.alasmedios.com\/index.php\/wp-json\/wp\/v2\/posts\/7552","targetHints":{"allow":["GET"]}}],"collection":[{"href":"https:\/\/www.alasmedios.com\/index.php\/wp-json\/wp\/v2\/posts"}],"about":[{"href":"https:\/\/www.alasmedios.com\/index.php\/wp-json\/wp\/v2\/types\/post"}],"author":[{"embeddable":true,"href":"https:\/\/www.alasmedios.com\/index.php\/wp-json\/wp\/v2\/users\/4"}],"replies":[{"embeddable":true,"href":"https:\/\/www.alasmedios.com\/index.php\/wp-json\/wp\/v2\/comments?post=7552"}],"version-history":[{"count":1,"href":"https:\/\/www.alasmedios.com\/index.php\/wp-json\/wp\/v2\/posts\/7552\/revisions"}],"predecessor-version":[{"id":7554,"href":"https:\/\/www.alasmedios.com\/index.php\/wp-json\/wp\/v2\/posts\/7552\/revisions\/7554"}],"wp:featuredmedia":[{"embeddable":true,"href":"https:\/\/www.alasmedios.com\/index.php\/wp-json\/wp\/v2\/media\/7553"}],"wp:attachment":[{"href":"https:\/\/www.alasmedios.com\/index.php\/wp-json\/wp\/v2\/media?parent=7552"}],"wp:term":[{"taxonomy":"category","embeddable":true,"href":"https:\/\/www.alasmedios.com\/index.php\/wp-json\/wp\/v2\/categories?post=7552"},{"taxonomy":"post_tag","embeddable":true,"href":"https:\/\/www.alasmedios.com\/index.php\/wp-json\/wp\/v2\/tags?post=7552"}],"curies":[{"name":"wp","href":"https:\/\/api.w.org\/{rel}","templated":true}]}}