{"id":7546,"date":"2026-01-21T11:30:57","date_gmt":"2026-01-21T17:30:57","guid":{"rendered":"https:\/\/www.alasmedios.com\/?p=7546"},"modified":"2026-01-21T11:30:57","modified_gmt":"2026-01-21T17:30:57","slug":"mexico-rumbo-a-milano-cortina-2026-con-cinco-atletas","status":"publish","type":"post","link":"https:\/\/www.alasmedios.com\/index.php\/2026\/01\/21\/mexico-rumbo-a-milano-cortina-2026-con-cinco-atletas\/","title":{"rendered":"M\u00e9xico rumbo a Milano-Cortina 2026 con cinco atletas"},"content":{"rendered":"\n<p>La <strong>delegaci\u00f3n mexicana<\/strong> qued\u00f3 oficialmente conformada para los <strong>Juegos Ol\u00edmpicos de Invierno Milano-Cortina 2026<\/strong>, luego de confirmarse la <strong>quinta y \u00faltima plaza<\/strong> que faltaba para completar el contingente tricolor.<\/p>\n\n\n\n<p>El boleto final fue para <strong>Lasse Gaxiola<\/strong>, quien asegur\u00f3 su lugar <strong>v\u00eda ranking internacional<\/strong> en la disciplina de <strong>esqu\u00ed alpino<\/strong>, dentro de la <strong>rama varonil<\/strong>, marcando un <strong>hecho hist\u00f3rico para el deporte mexicano<\/strong>.<\/p>\n\n\n\n<p>Gaxiola no solo debutar\u00e1 en la m\u00e1xima justa invernal, sino que lo har\u00e1 <strong>junto a su madre<\/strong>, la experimentada <strong>Sarah Schleper<\/strong>, una de las figuras m\u00e1s emblem\u00e1ticas del esqu\u00ed nacional, quien <strong>disputar\u00e1 su s\u00e9ptima participaci\u00f3n ol\u00edmpica<\/strong>.<\/p>\n\n\n\n<p>CONTIN\u00daA LEYENDO: <a href=\"https:\/\/www.alasmedios.com\/index.php\/2026\/01\/20\/invitan-a-clases-de-zumba-en-mineral-de-la-reforma\/\" data-type=\"post\" data-id=\"7527\">Invitan a clases de Zumba en Mineral de la Reforma<\/a><\/p>\n\n\n\n<p>Con ello, la <strong>delegaci\u00f3n mexicana<\/strong> queda integrada por el <strong>patinador art\u00edstico sobre hielo Donovan Carrillo<\/strong>, los <strong>esquiadores de fondo Allan Corona y Regina Mart\u00ednez<\/strong>, adem\u00e1s de <strong>Sarah Schleper<\/strong> y <strong>Lasse Gaxiola<\/strong>, quienes llevar\u00e1n el nombre de M\u00e9xico a las pistas y al hielo europeo.<\/p>\n\n\n\n<p>Para esta edici\u00f3n, <strong>Donovan Carrillo<\/strong> y <strong>Sarah Schleper<\/strong> fueron designados como <strong>abanderados de M\u00e9xico<\/strong>, repitiendo el honor que ya hab\u00edan tenido en <strong>Beijing 2022<\/strong>. Ambos encabezar\u00e1n el desfile tricolor durante la <strong>ceremonia de inauguraci\u00f3n<\/strong>, programada para el <strong>viernes 6 de febrero<\/strong> en el <strong>San Siro Olympic Stadium<\/strong>.<\/p>\n\n\n\n<p>Con equipo completo y nombres consolidados, <strong>M\u00e9xico se declara listo<\/strong> para enfrentar el desaf\u00edo de <strong>Milano-Cortina 2026<\/strong>, en una edici\u00f3n que promete emociones, historia y competencia al m\u00e1s alto nivel.<\/p>\n\n\n<ul class=\"wp-block-latest-posts__list is-grid columns-3 wp-block-latest-posts\"><li><div class=\"wp-block-latest-posts__featured-image\"><img loading=\"lazy\" decoding=\"async\" width=\"150\" height=\"150\" src=\"https:\/\/www.alasmedios.com\/wp-content\/uploads\/2026\/05\/USEP-calidad-hospitalaria-150x150.jpeg\" class=\"attachment-thumbnail size-thumbnail wp-post-image\" alt=\"\" style=\"\" \/><\/div><a class=\"wp-block-latest-posts__post-title\" href=\"https:\/\/www.alasmedios.com\/index.php\/2026\/05\/01\/usep-activa-formacion-para-prevenir-riesgos-en-la-atencion-medica\/\">USEP activa formaci\u00f3n para prevenir riesgos en la atenci\u00f3n m\u00e9dica<\/a><\/li>\n<li><div class=\"wp-block-latest-posts__featured-image\"><img loading=\"lazy\" decoding=\"async\" width=\"150\" height=\"150\" src=\"https:\/\/www.alasmedios.com\/wp-content\/uploads\/2026\/05\/Super-Final-de-la-Copa-del-Mundo-de-Clavados-2026-150x150.jpeg\" class=\"attachment-thumbnail size-thumbnail wp-post-image\" alt=\"\" style=\"\" \/><\/div><a class=\"wp-block-latest-posts__post-title\" href=\"https:\/\/www.alasmedios.com\/index.php\/2026\/05\/01\/mexico-se-lanza-por-la-cima-once-clavadistas-buscan-la-gloria-mundial-en-pekin-2026\/\">M\u00e9xico se lanza por la cima: once clavadistas buscan la gloria mundial en Pek\u00edn 2026<\/a><\/li>\n<li><div class=\"wp-block-latest-posts__featured-image\"><img loading=\"lazy\" decoding=\"async\" width=\"150\" height=\"150\" src=\"https:\/\/www.alasmedios.com\/wp-content\/uploads\/2026\/04\/Puebla-el-Congreso-aprobo-el-Protocolo-Homologado-de-Investigacion-de-Delitos-contra-Personas-LGBTTTI-150x150.png\" class=\"attachment-thumbnail size-thumbnail wp-post-image\" alt=\"\" style=\"\" \/><\/div><a class=\"wp-block-latest-posts__post-title\" href=\"https:\/\/www.alasmedios.com\/index.php\/2026\/04\/30\/puebla-impulsa-protocolo-contra-delitos-lgbttti\/\">Puebla impulsa protocolo contra delitos LGBTTTI+<\/a><\/li>\n<\/ul>","protected":false},"excerpt":{"rendered":"<p>La delegaci\u00f3n mexicana qued\u00f3 oficialmente conformada para los Juegos Ol\u00edmpicos de Invierno Milano-Cortina 2026, luego de confirmarse la quinta y<\/p>\n","protected":false},"author":4,"featured_media":7547,"comment_status":"open","ping_status":"open","sticky":false,"template":"","format":"standard","meta":{"colormag_page_container_layout":"default_layout","colormag_page_sidebar_layout":"default_layout","rop_custom_images_group":[],"rop_custom_messages_group":[],"rop_publish_now":"initial","rop_publish_now_accounts":[],"rop_publish_now_history":[],"rop_publish_now_status":"pending","iawp_total_views":0,"footnotes":""},"categories":[3223],"tags":[3297,223,2713,3293,3296,166,3294,3298,3295],"class_list":["post-7546","post","type-post","status-publish","format-standard","has-post-thumbnail","hentry","category-deportes","tag-allan-corona","tag-deportes","tag-donovan-carrillo","tag-juegos-olimpicos-de-invierno-milano-cortina-2026-2","tag-lasse-gaxiola","tag-mexico","tag-milano-cortina-2026-2","tag-regina-martinez","tag-sarah-schleper"],"magazineBlocksPostFeaturedMedia":{"thumbnail":"https:\/\/www.alasmedios.com\/wp-content\/uploads\/2026\/01\/Mexico-rumbo-a-Milano-Cortina-2026-con-cinco-atletas-150x150.jpg","medium":"https:\/\/www.alasmedios.com\/wp-content\/uploads\/2026\/01\/Mexico-rumbo-a-Milano-Cortina-2026-con-cinco-atletas-300x175.jpg","medium_large":"https:\/\/www.alasmedios.com\/wp-content\/uploads\/2026\/01\/Mexico-rumbo-a-Milano-Cortina-2026-con-cinco-atletas.jpg","large":"https:\/\/www.alasmedios.com\/wp-content\/uploads\/2026\/01\/Mexico-rumbo-a-Milano-Cortina-2026-con-cinco-atletas.jpg","1536x1536":"https:\/\/www.alasmedios.com\/wp-content\/uploads\/2026\/01\/Mexico-rumbo-a-Milano-Cortina-2026-con-cinco-atletas.jpg","2048x2048":"https:\/\/www.alasmedios.com\/wp-content\/uploads\/2026\/01\/Mexico-rumbo-a-Milano-Cortina-2026-con-cinco-atletas.jpg","colormag-highlighted-post":"https:\/\/www.alasmedios.com\/wp-content\/uploads\/2026\/01\/Mexico-rumbo-a-Milano-Cortina-2026-con-cinco-atletas-392x272.jpg","colormag-featured-post-medium":"https:\/\/www.alasmedios.com\/wp-content\/uploads\/2026\/01\/Mexico-rumbo-a-Milano-Cortina-2026-con-cinco-atletas-390x205.jpg","colormag-featured-post-small":"https:\/\/www.alasmedios.com\/wp-content\/uploads\/2026\/01\/Mexico-rumbo-a-Milano-Cortina-2026-con-cinco-atletas-130x90.jpg","colormag-featured-image":"https:\/\/www.alasmedios.com\/wp-content\/uploads\/2026\/01\/Mexico-rumbo-a-Milano-Cortina-2026-con-cinco-atletas.jpg","colormag-default-news":"https:\/\/www.alasmedios.com\/wp-content\/uploads\/2026\/01\/Mexico-rumbo-a-Milano-Cortina-2026-con-cinco-atletas-150x150.jpg","colormag-featured-image-large":"https:\/\/www.alasmedios.com\/wp-content\/uploads\/2026\/01\/Mexico-rumbo-a-Milano-Cortina-2026-con-cinco-atletas.jpg"},"magazineBlocksPostAuthor":{"name":"Keila Rodr\u00edguez Pe\u00f1a","avatar":"https:\/\/secure.gravatar.com\/avatar\/a2553a2bfaa601b9d539b617c8793e151bdffb60f9e48a249912f86d4c9ebeef?s=96&d=mm&r=g"},"magazineBlocksPostCommentsNumber":"0","magazineBlocksPostExcerpt":"La delegaci\u00f3n mexicana qued\u00f3 oficialmente conformada para los Juegos Ol\u00edmpicos de Invierno Milano-Cortina 2026, luego de confirmarse la quinta y","magazineBlocksPostCategories":["Deportes"],"magazineBlocksPostViewCount":72,"magazineBlocksPostReadTime":2,"magazine_blocks_featured_image_url":{"full":["https:\/\/www.alasmedios.com\/wp-content\/uploads\/2026\/01\/Mexico-rumbo-a-Milano-Cortina-2026-con-cinco-atletas.jpg",650,380,false],"medium":["https:\/\/www.alasmedios.com\/wp-content\/uploads\/2026\/01\/Mexico-rumbo-a-Milano-Cortina-2026-con-cinco-atletas-300x175.jpg",300,175,true],"thumbnail":["https:\/\/www.alasmedios.com\/wp-content\/uploads\/2026\/01\/Mexico-rumbo-a-Milano-Cortina-2026-con-cinco-atletas-150x150.jpg",150,150,true]},"magazine_blocks_author":{"display_name":"Keila Rodr\u00edguez Pe\u00f1a","author_link":"https:\/\/www.alasmedios.com\/index.php\/author\/keila\/"},"magazine_blocks_comment":0,"magazine_blocks_author_image":"https:\/\/secure.gravatar.com\/avatar\/a2553a2bfaa601b9d539b617c8793e151bdffb60f9e48a249912f86d4c9ebeef?s=96&d=mm&r=g","magazine_blocks_category":"<a href=\"#\" class=\"category-link category-link-3223\">Deportes<\/a>","yoast_head":"<!-- This site is optimized with the Yoast SEO plugin v27.5 - https:\/\/yoast.com\/product\/yoast-seo-wordpress\/ -->\r\n<title>M\u00e9xico rumbo a Milano-Cortina 2026 con cinco atletas - Alas Medios<\/title>\r\n<meta name=\"robots\" content=\"index, follow, max-snippet:-1, max-image-preview:large, max-video-preview:-1\" \/>\r\n<link rel=\"canonical\" href=\"https:\/\/www.alasmedios.com\/index.php\/2026\/01\/21\/mexico-rumbo-a-milano-cortina-2026-con-cinco-atletas\/\" \/>\r\n<meta property=\"og:locale\" content=\"es_MX\" \/>\r\n<meta property=\"og:type\" content=\"article\" \/>\r\n<meta property=\"og:title\" content=\"M\u00e9xico rumbo a Milano-Cortina 2026 con cinco atletas - Alas Medios\" \/>\r\n<meta property=\"og:description\" content=\"La delegaci\u00f3n mexicana qued\u00f3 oficialmente conformada para los Juegos Ol\u00edmpicos de Invierno Milano-Cortina 2026, luego de confirmarse la quinta y\" \/>\r\n<meta property=\"og:url\" content=\"https:\/\/www.alasmedios.com\/index.php\/2026\/01\/21\/mexico-rumbo-a-milano-cortina-2026-con-cinco-atletas\/\" \/>\r\n<meta property=\"og:site_name\" content=\"Alas Medios\" \/>\r\n<meta property=\"article:published_time\" content=\"2026-01-21T17:30:57+00:00\" \/>\r\n<meta property=\"og:image\" content=\"https:\/\/www.alasmedios.com\/wp-content\/uploads\/2026\/01\/Mexico-rumbo-a-Milano-Cortina-2026-con-cinco-atletas.jpg\" \/>\r\n\t<meta property=\"og:image:width\" content=\"650\" \/>\r\n\t<meta property=\"og:image:height\" content=\"380\" \/>\r\n\t<meta property=\"og:image:type\" content=\"image\/jpeg\" \/>\r\n<meta name=\"author\" content=\"Keila Rodr\u00edguez Pe\u00f1a\" \/>\r\n<meta name=\"twitter:card\" content=\"summary_large_image\" \/>\r\n<meta name=\"twitter:label1\" content=\"Escrito por\" \/>\n\t<meta name=\"twitter:data1\" content=\"Keila Rodr\u00edguez Pe\u00f1a\" \/>\n\t<meta name=\"twitter:label2\" content=\"Tiempo de lectura\" \/>\n\t<meta name=\"twitter:data2\" content=\"1 minuto\" \/>\r\n<script type=\"application\/ld+json\" class=\"yoast-schema-graph\">{\"@context\":\"https:\\\/\\\/schema.org\",\"@graph\":[{\"@type\":\"Article\",\"@id\":\"https:\\\/\\\/www.alasmedios.com\\\/index.php\\\/2026\\\/01\\\/21\\\/mexico-rumbo-a-milano-cortina-2026-con-cinco-atletas\\\/#article\",\"isPartOf\":{\"@id\":\"https:\\\/\\\/www.alasmedios.com\\\/index.php\\\/2026\\\/01\\\/21\\\/mexico-rumbo-a-milano-cortina-2026-con-cinco-atletas\\\/\"},\"author\":{\"name\":\"Keila Rodr\u00edguez Pe\u00f1a\",\"@id\":\"https:\\\/\\\/www.alasmedios.com\\\/#\\\/schema\\\/person\\\/0ba31bdd19a05ebf5c7fef1fedf99c34\"},\"headline\":\"M\u00e9xico rumbo a Milano-Cortina 2026 con cinco atletas\",\"datePublished\":\"2026-01-21T17:30:57+00:00\",\"mainEntityOfPage\":{\"@id\":\"https:\\\/\\\/www.alasmedios.com\\\/index.php\\\/2026\\\/01\\\/21\\\/mexico-rumbo-a-milano-cortina-2026-con-cinco-atletas\\\/\"},\"wordCount\":261,\"commentCount\":0,\"publisher\":{\"@id\":\"https:\\\/\\\/www.alasmedios.com\\\/#organization\"},\"image\":{\"@id\":\"https:\\\/\\\/www.alasmedios.com\\\/index.php\\\/2026\\\/01\\\/21\\\/mexico-rumbo-a-milano-cortina-2026-con-cinco-atletas\\\/#primaryimage\"},\"thumbnailUrl\":\"https:\\\/\\\/www.alasmedios.com\\\/wp-content\\\/uploads\\\/2026\\\/01\\\/Mexico-rumbo-a-Milano-Cortina-2026-con-cinco-atletas.jpg\",\"keywords\":[\"Allan Corona\",\"deportes\",\"Donovan Carrillo\",\"Juegos Ol\u00edmpicos de Invierno Milano-Cortina 2026\",\"Lasse Gaxiola\",\"M\u00e9xico\",\"Milano-Cortina 2026\",\"Regina Mart\u00ednez\",\"Sarah Schleper\"],\"articleSection\":[\"Deportes\"],\"inLanguage\":\"es\",\"potentialAction\":[{\"@type\":\"CommentAction\",\"name\":\"Comment\",\"target\":[\"https:\\\/\\\/www.alasmedios.com\\\/index.php\\\/2026\\\/01\\\/21\\\/mexico-rumbo-a-milano-cortina-2026-con-cinco-atletas\\\/#respond\"]}]},{\"@type\":\"WebPage\",\"@id\":\"https:\\\/\\\/www.alasmedios.com\\\/index.php\\\/2026\\\/01\\\/21\\\/mexico-rumbo-a-milano-cortina-2026-con-cinco-atletas\\\/\",\"url\":\"https:\\\/\\\/www.alasmedios.com\\\/index.php\\\/2026\\\/01\\\/21\\\/mexico-rumbo-a-milano-cortina-2026-con-cinco-atletas\\\/\",\"name\":\"M\u00e9xico rumbo a Milano-Cortina 2026 con cinco atletas - Alas Medios\",\"isPartOf\":{\"@id\":\"https:\\\/\\\/www.alasmedios.com\\\/#website\"},\"primaryImageOfPage\":{\"@id\":\"https:\\\/\\\/www.alasmedios.com\\\/index.php\\\/2026\\\/01\\\/21\\\/mexico-rumbo-a-milano-cortina-2026-con-cinco-atletas\\\/#primaryimage\"},\"image\":{\"@id\":\"https:\\\/\\\/www.alasmedios.com\\\/index.php\\\/2026\\\/01\\\/21\\\/mexico-rumbo-a-milano-cortina-2026-con-cinco-atletas\\\/#primaryimage\"},\"thumbnailUrl\":\"https:\\\/\\\/www.alasmedios.com\\\/wp-content\\\/uploads\\\/2026\\\/01\\\/Mexico-rumbo-a-Milano-Cortina-2026-con-cinco-atletas.jpg\",\"datePublished\":\"2026-01-21T17:30:57+00:00\",\"breadcrumb\":{\"@id\":\"https:\\\/\\\/www.alasmedios.com\\\/index.php\\\/2026\\\/01\\\/21\\\/mexico-rumbo-a-milano-cortina-2026-con-cinco-atletas\\\/#breadcrumb\"},\"inLanguage\":\"es\",\"potentialAction\":[{\"@type\":\"ReadAction\",\"target\":[\"https:\\\/\\\/www.alasmedios.com\\\/index.php\\\/2026\\\/01\\\/21\\\/mexico-rumbo-a-milano-cortina-2026-con-cinco-atletas\\\/\"]}]},{\"@type\":\"ImageObject\",\"inLanguage\":\"es\",\"@id\":\"https:\\\/\\\/www.alasmedios.com\\\/index.php\\\/2026\\\/01\\\/21\\\/mexico-rumbo-a-milano-cortina-2026-con-cinco-atletas\\\/#primaryimage\",\"url\":\"https:\\\/\\\/www.alasmedios.com\\\/wp-content\\\/uploads\\\/2026\\\/01\\\/Mexico-rumbo-a-Milano-Cortina-2026-con-cinco-atletas.jpg\",\"contentUrl\":\"https:\\\/\\\/www.alasmedios.com\\\/wp-content\\\/uploads\\\/2026\\\/01\\\/Mexico-rumbo-a-Milano-Cortina-2026-con-cinco-atletas.jpg\",\"width\":650,\"height\":380},{\"@type\":\"BreadcrumbList\",\"@id\":\"https:\\\/\\\/www.alasmedios.com\\\/index.php\\\/2026\\\/01\\\/21\\\/mexico-rumbo-a-milano-cortina-2026-con-cinco-atletas\\\/#breadcrumb\",\"itemListElement\":[{\"@type\":\"ListItem\",\"position\":1,\"name\":\"Inicio\",\"item\":\"https:\\\/\\\/www.alasmedios.com\\\/\"},{\"@type\":\"ListItem\",\"position\":2,\"name\":\"M\u00e9xico rumbo a Milano-Cortina 2026 con cinco atletas\"}]},{\"@type\":\"WebSite\",\"@id\":\"https:\\\/\\\/www.alasmedios.com\\\/#website\",\"url\":\"https:\\\/\\\/www.alasmedios.com\\\/\",\"name\":\"Alas Medios\",\"description\":\"Alas para pensar, Alas para volar, Alas de libertad\",\"publisher\":{\"@id\":\"https:\\\/\\\/www.alasmedios.com\\\/#organization\"},\"potentialAction\":[{\"@type\":\"SearchAction\",\"target\":{\"@type\":\"EntryPoint\",\"urlTemplate\":\"https:\\\/\\\/www.alasmedios.com\\\/?s={search_term_string}\"},\"query-input\":{\"@type\":\"PropertyValueSpecification\",\"valueRequired\":true,\"valueName\":\"search_term_string\"}}],\"inLanguage\":\"es\"},{\"@type\":\"Organization\",\"@id\":\"https:\\\/\\\/www.alasmedios.com\\\/#organization\",\"name\":\"Alas Medios\",\"url\":\"https:\\\/\\\/www.alasmedios.com\\\/\",\"logo\":{\"@type\":\"ImageObject\",\"inLanguage\":\"es\",\"@id\":\"https:\\\/\\\/www.alasmedios.com\\\/#\\\/schema\\\/logo\\\/image\\\/\",\"url\":\"https:\\\/\\\/www.alasmedios.com\\\/wp-content\\\/uploads\\\/2026\\\/01\\\/cropped-cropped-GAM-1.png\",\"contentUrl\":\"https:\\\/\\\/www.alasmedios.com\\\/wp-content\\\/uploads\\\/2026\\\/01\\\/cropped-cropped-GAM-1.png\",\"width\":467,\"height\":235,\"caption\":\"Alas Medios\"},\"image\":{\"@id\":\"https:\\\/\\\/www.alasmedios.com\\\/#\\\/schema\\\/logo\\\/image\\\/\"}},{\"@type\":\"Person\",\"@id\":\"https:\\\/\\\/www.alasmedios.com\\\/#\\\/schema\\\/person\\\/0ba31bdd19a05ebf5c7fef1fedf99c34\",\"name\":\"Keila Rodr\u00edguez Pe\u00f1a\",\"image\":{\"@type\":\"ImageObject\",\"inLanguage\":\"es\",\"@id\":\"https:\\\/\\\/secure.gravatar.com\\\/avatar\\\/a2553a2bfaa601b9d539b617c8793e151bdffb60f9e48a249912f86d4c9ebeef?s=96&d=mm&r=g\",\"url\":\"https:\\\/\\\/secure.gravatar.com\\\/avatar\\\/a2553a2bfaa601b9d539b617c8793e151bdffb60f9e48a249912f86d4c9ebeef?s=96&d=mm&r=g\",\"contentUrl\":\"https:\\\/\\\/secure.gravatar.com\\\/avatar\\\/a2553a2bfaa601b9d539b617c8793e151bdffb60f9e48a249912f86d4c9ebeef?s=96&d=mm&r=g\",\"caption\":\"Keila Rodr\u00edguez Pe\u00f1a\"},\"sameAs\":[\"http:\\\/\\\/www.alasmedios.com\"],\"url\":\"https:\\\/\\\/www.alasmedios.com\\\/index.php\\\/author\\\/keila\\\/\"}]}<\/script>\r\n<!-- \/ Yoast SEO plugin. -->","yoast_head_json":{"title":"M\u00e9xico rumbo a Milano-Cortina 2026 con cinco atletas - Alas Medios","robots":{"index":"index","follow":"follow","max-snippet":"max-snippet:-1","max-image-preview":"max-image-preview:large","max-video-preview":"max-video-preview:-1"},"canonical":"https:\/\/www.alasmedios.com\/index.php\/2026\/01\/21\/mexico-rumbo-a-milano-cortina-2026-con-cinco-atletas\/","og_locale":"es_MX","og_type":"article","og_title":"M\u00e9xico rumbo a Milano-Cortina 2026 con cinco atletas - Alas Medios","og_description":"La delegaci\u00f3n mexicana qued\u00f3 oficialmente conformada para los Juegos Ol\u00edmpicos de Invierno Milano-Cortina 2026, luego de confirmarse la quinta y","og_url":"https:\/\/www.alasmedios.com\/index.php\/2026\/01\/21\/mexico-rumbo-a-milano-cortina-2026-con-cinco-atletas\/","og_site_name":"Alas Medios","article_published_time":"2026-01-21T17:30:57+00:00","og_image":[{"width":650,"height":380,"url":"https:\/\/www.alasmedios.com\/wp-content\/uploads\/2026\/01\/Mexico-rumbo-a-Milano-Cortina-2026-con-cinco-atletas.jpg","type":"image\/jpeg"}],"author":"Keila Rodr\u00edguez Pe\u00f1a","twitter_card":"summary_large_image","twitter_misc":{"Escrito por":"Keila Rodr\u00edguez Pe\u00f1a","Tiempo de lectura":"1 minuto"},"schema":{"@context":"https:\/\/schema.org","@graph":[{"@type":"Article","@id":"https:\/\/www.alasmedios.com\/index.php\/2026\/01\/21\/mexico-rumbo-a-milano-cortina-2026-con-cinco-atletas\/#article","isPartOf":{"@id":"https:\/\/www.alasmedios.com\/index.php\/2026\/01\/21\/mexico-rumbo-a-milano-cortina-2026-con-cinco-atletas\/"},"author":{"name":"Keila Rodr\u00edguez Pe\u00f1a","@id":"https:\/\/www.alasmedios.com\/#\/schema\/person\/0ba31bdd19a05ebf5c7fef1fedf99c34"},"headline":"M\u00e9xico rumbo a Milano-Cortina 2026 con cinco atletas","datePublished":"2026-01-21T17:30:57+00:00","mainEntityOfPage":{"@id":"https:\/\/www.alasmedios.com\/index.php\/2026\/01\/21\/mexico-rumbo-a-milano-cortina-2026-con-cinco-atletas\/"},"wordCount":261,"commentCount":0,"publisher":{"@id":"https:\/\/www.alasmedios.com\/#organization"},"image":{"@id":"https:\/\/www.alasmedios.com\/index.php\/2026\/01\/21\/mexico-rumbo-a-milano-cortina-2026-con-cinco-atletas\/#primaryimage"},"thumbnailUrl":"https:\/\/www.alasmedios.com\/wp-content\/uploads\/2026\/01\/Mexico-rumbo-a-Milano-Cortina-2026-con-cinco-atletas.jpg","keywords":["Allan Corona","deportes","Donovan Carrillo","Juegos Ol\u00edmpicos de Invierno Milano-Cortina 2026","Lasse Gaxiola","M\u00e9xico","Milano-Cortina 2026","Regina Mart\u00ednez","Sarah Schleper"],"articleSection":["Deportes"],"inLanguage":"es","potentialAction":[{"@type":"CommentAction","name":"Comment","target":["https:\/\/www.alasmedios.com\/index.php\/2026\/01\/21\/mexico-rumbo-a-milano-cortina-2026-con-cinco-atletas\/#respond"]}]},{"@type":"WebPage","@id":"https:\/\/www.alasmedios.com\/index.php\/2026\/01\/21\/mexico-rumbo-a-milano-cortina-2026-con-cinco-atletas\/","url":"https:\/\/www.alasmedios.com\/index.php\/2026\/01\/21\/mexico-rumbo-a-milano-cortina-2026-con-cinco-atletas\/","name":"M\u00e9xico rumbo a Milano-Cortina 2026 con cinco atletas - Alas Medios","isPartOf":{"@id":"https:\/\/www.alasmedios.com\/#website"},"primaryImageOfPage":{"@id":"https:\/\/www.alasmedios.com\/index.php\/2026\/01\/21\/mexico-rumbo-a-milano-cortina-2026-con-cinco-atletas\/#primaryimage"},"image":{"@id":"https:\/\/www.alasmedios.com\/index.php\/2026\/01\/21\/mexico-rumbo-a-milano-cortina-2026-con-cinco-atletas\/#primaryimage"},"thumbnailUrl":"https:\/\/www.alasmedios.com\/wp-content\/uploads\/2026\/01\/Mexico-rumbo-a-Milano-Cortina-2026-con-cinco-atletas.jpg","datePublished":"2026-01-21T17:30:57+00:00","breadcrumb":{"@id":"https:\/\/www.alasmedios.com\/index.php\/2026\/01\/21\/mexico-rumbo-a-milano-cortina-2026-con-cinco-atletas\/#breadcrumb"},"inLanguage":"es","potentialAction":[{"@type":"ReadAction","target":["https:\/\/www.alasmedios.com\/index.php\/2026\/01\/21\/mexico-rumbo-a-milano-cortina-2026-con-cinco-atletas\/"]}]},{"@type":"ImageObject","inLanguage":"es","@id":"https:\/\/www.alasmedios.com\/index.php\/2026\/01\/21\/mexico-rumbo-a-milano-cortina-2026-con-cinco-atletas\/#primaryimage","url":"https:\/\/www.alasmedios.com\/wp-content\/uploads\/2026\/01\/Mexico-rumbo-a-Milano-Cortina-2026-con-cinco-atletas.jpg","contentUrl":"https:\/\/www.alasmedios.com\/wp-content\/uploads\/2026\/01\/Mexico-rumbo-a-Milano-Cortina-2026-con-cinco-atletas.jpg","width":650,"height":380},{"@type":"BreadcrumbList","@id":"https:\/\/www.alasmedios.com\/index.php\/2026\/01\/21\/mexico-rumbo-a-milano-cortina-2026-con-cinco-atletas\/#breadcrumb","itemListElement":[{"@type":"ListItem","position":1,"name":"Inicio","item":"https:\/\/www.alasmedios.com\/"},{"@type":"ListItem","position":2,"name":"M\u00e9xico rumbo a Milano-Cortina 2026 con cinco atletas"}]},{"@type":"WebSite","@id":"https:\/\/www.alasmedios.com\/#website","url":"https:\/\/www.alasmedios.com\/","name":"Alas Medios","description":"Alas para pensar, Alas para volar, Alas de libertad","publisher":{"@id":"https:\/\/www.alasmedios.com\/#organization"},"potentialAction":[{"@type":"SearchAction","target":{"@type":"EntryPoint","urlTemplate":"https:\/\/www.alasmedios.com\/?s={search_term_string}"},"query-input":{"@type":"PropertyValueSpecification","valueRequired":true,"valueName":"search_term_string"}}],"inLanguage":"es"},{"@type":"Organization","@id":"https:\/\/www.alasmedios.com\/#organization","name":"Alas Medios","url":"https:\/\/www.alasmedios.com\/","logo":{"@type":"ImageObject","inLanguage":"es","@id":"https:\/\/www.alasmedios.com\/#\/schema\/logo\/image\/","url":"https:\/\/www.alasmedios.com\/wp-content\/uploads\/2026\/01\/cropped-cropped-GAM-1.png","contentUrl":"https:\/\/www.alasmedios.com\/wp-content\/uploads\/2026\/01\/cropped-cropped-GAM-1.png","width":467,"height":235,"caption":"Alas Medios"},"image":{"@id":"https:\/\/www.alasmedios.com\/#\/schema\/logo\/image\/"}},{"@type":"Person","@id":"https:\/\/www.alasmedios.com\/#\/schema\/person\/0ba31bdd19a05ebf5c7fef1fedf99c34","name":"Keila Rodr\u00edguez Pe\u00f1a","image":{"@type":"ImageObject","inLanguage":"es","@id":"https:\/\/secure.gravatar.com\/avatar\/a2553a2bfaa601b9d539b617c8793e151bdffb60f9e48a249912f86d4c9ebeef?s=96&d=mm&r=g","url":"https:\/\/secure.gravatar.com\/avatar\/a2553a2bfaa601b9d539b617c8793e151bdffb60f9e48a249912f86d4c9ebeef?s=96&d=mm&r=g","contentUrl":"https:\/\/secure.gravatar.com\/avatar\/a2553a2bfaa601b9d539b617c8793e151bdffb60f9e48a249912f86d4c9ebeef?s=96&d=mm&r=g","caption":"Keila Rodr\u00edguez Pe\u00f1a"},"sameAs":["http:\/\/www.alasmedios.com"],"url":"https:\/\/www.alasmedios.com\/index.php\/author\/keila\/"}]}},"_links":{"self":[{"href":"https:\/\/www.alasmedios.com\/index.php\/wp-json\/wp\/v2\/posts\/7546","targetHints":{"allow":["GET"]}}],"collection":[{"href":"https:\/\/www.alasmedios.com\/index.php\/wp-json\/wp\/v2\/posts"}],"about":[{"href":"https:\/\/www.alasmedios.com\/index.php\/wp-json\/wp\/v2\/types\/post"}],"author":[{"embeddable":true,"href":"https:\/\/www.alasmedios.com\/index.php\/wp-json\/wp\/v2\/users\/4"}],"replies":[{"embeddable":true,"href":"https:\/\/www.alasmedios.com\/index.php\/wp-json\/wp\/v2\/comments?post=7546"}],"version-history":[{"count":1,"href":"https:\/\/www.alasmedios.com\/index.php\/wp-json\/wp\/v2\/posts\/7546\/revisions"}],"predecessor-version":[{"id":7548,"href":"https:\/\/www.alasmedios.com\/index.php\/wp-json\/wp\/v2\/posts\/7546\/revisions\/7548"}],"wp:featuredmedia":[{"embeddable":true,"href":"https:\/\/www.alasmedios.com\/index.php\/wp-json\/wp\/v2\/media\/7547"}],"wp:attachment":[{"href":"https:\/\/www.alasmedios.com\/index.php\/wp-json\/wp\/v2\/media?parent=7546"}],"wp:term":[{"taxonomy":"category","embeddable":true,"href":"https:\/\/www.alasmedios.com\/index.php\/wp-json\/wp\/v2\/categories?post=7546"},{"taxonomy":"post_tag","embeddable":true,"href":"https:\/\/www.alasmedios.com\/index.php\/wp-json\/wp\/v2\/tags?post=7546"}],"curies":[{"name":"wp","href":"https:\/\/api.w.org\/{rel}","templated":true}]}}