{"id":7542,"date":"2026-01-21T09:21:33","date_gmt":"2026-01-21T15:21:33","guid":{"rendered":"https:\/\/www.alasmedios.com\/?p=7542"},"modified":"2026-01-21T09:21:33","modified_gmt":"2026-01-21T15:21:33","slug":"abre-convocatoria-pacmyc-2026-fortalecer-culturas-comunitarias-en-mexico","status":"publish","type":"post","link":"https:\/\/www.alasmedios.com\/index.php\/2026\/01\/21\/abre-convocatoria-pacmyc-2026-fortalecer-culturas-comunitarias-en-mexico\/","title":{"rendered":"Abre convocatoria PACMyC 2026: fortalecer culturas comunitarias en M\u00e9xico"},"content":{"rendered":"\n<p>La <strong>Secretar\u00eda de Cultura del Gobierno de M\u00e9xico<\/strong> lanz\u00f3 la <strong>Convocatoria Federal PACMyC 2026<\/strong>, dirigida a <strong>portadoras y portadores, defensoras y defensores, as\u00ed como promotoras y promotores del patrimonio cultural vivo<\/strong> de <strong>pueblos ind\u00edgenas, afromexicanos y comunidades populares<\/strong>, interesados en desarrollar <strong>proyectos culturales comunitarios<\/strong> con impacto local.<\/p>\n\n\n\n<p>El <strong>Programa de Apoyos a las Culturas Municipales y Comunitarias (PACMyC)<\/strong> busca <strong>fortalecer, desarrollar y salvaguardar la diversidad cultural de M\u00e9xico<\/strong>, mediante el <strong>financiamiento de iniciativas colectivas<\/strong> que promuevan la <strong>creatividad<\/strong>, la <strong>autogesti\u00f3n<\/strong>, la <strong>investigaci\u00f3n<\/strong> y el <strong>control cultural<\/strong> de las comunidades sobre su patrimonio.<\/p>\n\n\n\n<p>Podr\u00e1n participar <strong>grupos comunitarios reconocidos<\/strong>, aunque <strong>no est\u00e9n constituidos legalmente<\/strong>, conformados por <strong>al menos cinco personas<\/strong> con respaldo y <strong>consentimiento de su comunidad<\/strong>. Los proyectos deber\u00e1n contribuir al <strong>fortalecimiento de las identidades locales<\/strong> y tener <strong>impacto directo<\/strong> en su <strong>localidad, municipio o alcald\u00eda<\/strong>.<\/p>\n\n\n\n<p>CONTIN\u00daA LEYENDO: <a href=\"https:\/\/www.alasmedios.com\/index.php\/2026\/01\/20\/arte-urbano-celebra-el-ano-nuevo-chino-en-pachuca-con-mural\/\" data-type=\"post\" data-id=\"7534\">Arte urbano celebra el A\u00f1o Nuevo Chino en Pachuca con mural<\/a><\/p>\n\n\n\n<p>Entre los <strong>\u00e1mbitos culturales<\/strong> considerados se encuentran el <strong>arte popular y procesos artesanales<\/strong>, las <strong>culturas alimentarias y cocinas tradicionales<\/strong>, <strong>danzas, fiestas y rituales<\/strong>, <strong>m\u00fasica<\/strong>, <strong>lenguas ind\u00edgenas y tradici\u00f3n oral<\/strong>, <strong>medios comunitarios<\/strong>, <strong>medicinas tradicionales<\/strong>, <strong>saberes del medio natural y patrimonio biocultural<\/strong>, <strong>memoria hist\u00f3rica<\/strong>, as\u00ed como <strong>otras expresiones de las culturas vivas<\/strong>, incluidas <strong>culturas migrantes, juveniles y de frontera<\/strong>.<\/p>\n\n\n\n<p>El <strong>monto m\u00e1ximo de apoyo<\/strong> por proyecto aprobado es de <strong>150 mil pesos<\/strong>, y el <strong>registro<\/strong> podr\u00e1 realizarse <strong>en l\u00ednea<\/strong> a trav\u00e9s de <strong>pacmyc.cultura.gob.mx<\/strong> \u2014con cuenta activa en <strong>Llave MX<\/strong>\u2014 o de forma <strong>presencial<\/strong> en las <strong>instancias estatales de cultura<\/strong> correspondientes.<\/p>\n\n\n\n<p>La convocatoria <strong>abre el 15 de enero de 2026<\/strong> y <strong>cierra el 29 de abril de 2026 a las 15:00 horas<\/strong>, tiempo del Centro. Los proyectos ser\u00e1n evaluados por la <strong>Comisi\u00f3n de Apoyo a la Creaci\u00f3n Popular (cacrep)<\/strong> en cada entidad federativa, bajo un esquema <strong>descentralizado y corresponsable<\/strong>.<\/p>\n\n\n\n<p>Para <strong>Hidalgo<\/strong>, las personas interesadas pueden solicitar informaci\u00f3n y asesor\u00eda en la <strong>Direcci\u00f3n General de Cultura Originaria, Popular y Urbana<\/strong>, ubicada en el <strong>Centro Cultural del Ferrocarril<\/strong>, <strong>Ignacio Mej\u00eda 405, colonia Morelos, Pachuca de Soto<\/strong>, o comunicarse a los tel\u00e9fonos <strong>771 778 0538<\/strong> y <strong>771 713 3478<\/strong>, as\u00ed como al correo <strong><a>pacmyc@hidalgo.gob.mx<\/a><\/strong>.<\/p>\n\n\n\n<p>TE PUEDE INTERESAR: <a href=\"https:\/\/www.alasmedios.com\/index.php\/2026\/01\/20\/el-arenal-abre-convocatoria-a-matrimonios-colectivos-gratuitos-2026\/\" data-type=\"post\" data-id=\"7530\">El Arenal abre convocatoria a Matrimonios Colectivos Gratuitos 2026<\/a><\/p>\n\n\n\n<p>La <strong>Convocatoria PACMyC 2026<\/strong> es <strong>gratuita<\/strong> y contempla <strong>acompa\u00f1amiento y asesor\u00eda<\/strong> para el dise\u00f1o de proyectos. Las autoridades advierten que <strong>cualquier cobro por registro o gesti\u00f3n es fraude<\/strong>, por lo que invitan a denunciar cualquier irregularidad por los canales oficiales.<\/p>\n\n\n<ul class=\"wp-block-latest-posts__list is-grid columns-3 wp-block-latest-posts\"><li><div class=\"wp-block-latest-posts__featured-image\"><img loading=\"lazy\" decoding=\"async\" width=\"150\" height=\"150\" src=\"https:\/\/www.alasmedios.com\/wp-content\/uploads\/2026\/05\/Hidalgo-viene-un-respiro-con-el-frente-frio-48-150x150.png\" class=\"attachment-thumbnail size-thumbnail wp-post-image\" alt=\"\" style=\"\" \/><\/div><a class=\"wp-block-latest-posts__post-title\" href=\"https:\/\/www.alasmedios.com\/index.php\/2026\/05\/01\/frente-frio-48-un-alivio-asi-impactara-en-hidalgo\/\">Frente fr\u00edo 48, un alivio: as\u00ed impactar\u00e1 en Hidalgo<\/a><\/li>\n<li><div class=\"wp-block-latest-posts__featured-image\"><img loading=\"lazy\" decoding=\"async\" width=\"150\" height=\"150\" src=\"https:\/\/www.alasmedios.com\/wp-content\/uploads\/2026\/05\/mujeres-depresion-posparto-150x150.png\" class=\"attachment-thumbnail size-thumbnail wp-post-image\" alt=\"\" style=\"\" \/><\/div><a class=\"wp-block-latest-posts__post-title\" href=\"https:\/\/www.alasmedios.com\/index.php\/2026\/05\/01\/1-de-cada-15-mujeres-sufre-depresion-posparto\/\">1 de cada 15 mujeres sufre depresi\u00f3n posparto<\/a><\/li>\n<li><div class=\"wp-block-latest-posts__featured-image\"><img loading=\"lazy\" decoding=\"async\" width=\"150\" height=\"150\" src=\"https:\/\/www.alasmedios.com\/wp-content\/uploads\/2026\/05\/USEP-calidad-hospitalaria-150x150.jpeg\" class=\"attachment-thumbnail size-thumbnail wp-post-image\" alt=\"\" style=\"\" \/><\/div><a class=\"wp-block-latest-posts__post-title\" href=\"https:\/\/www.alasmedios.com\/index.php\/2026\/05\/01\/usep-activa-formacion-para-prevenir-riesgos-en-la-atencion-medica\/\">USEP activa formaci\u00f3n para prevenir riesgos en la atenci\u00f3n m\u00e9dica<\/a><\/li>\n<\/ul>","protected":false},"excerpt":{"rendered":"<p>La Secretar\u00eda de Cultura del Gobierno de M\u00e9xico lanz\u00f3 la Convocatoria Federal PACMyC 2026, dirigida a portadoras y portadores, defensoras<\/p>\n","protected":false},"author":4,"featured_media":7544,"comment_status":"open","ping_status":"open","sticky":false,"template":"","format":"standard","meta":{"colormag_page_container_layout":"default_layout","colormag_page_sidebar_layout":"default_layout","rop_custom_images_group":[],"rop_custom_messages_group":[],"rop_publish_now":"initial","rop_publish_now_accounts":[],"rop_publish_now_history":[],"rop_publish_now_status":"pending","iawp_total_views":0,"footnotes":""},"categories":[41,3222],"tags":[3290,3291,75,99,166,3289,3292,468],"class_list":["post-7542","post","type-post","status-publish","format-standard","has-post-thumbnail","hentry","category-hidalgo","category-mexico","tag-afromexicanos","tag-comunidades-populares","tag-cultura","tag-hidalgo","tag-mexico","tag-pacmyc-2026","tag-patrimonio","tag-pueblos-indigenas"],"magazineBlocksPostFeaturedMedia":{"thumbnail":"https:\/\/www.alasmedios.com\/wp-content\/uploads\/2026\/01\/Abre-convocatoria-PACMyC-2026-fortalecer-culturas-comunitarias-en-Mexico-150x150.png","medium":"https:\/\/www.alasmedios.com\/wp-content\/uploads\/2026\/01\/Abre-convocatoria-PACMyC-2026-fortalecer-culturas-comunitarias-en-Mexico-300x182.png","medium_large":"https:\/\/www.alasmedios.com\/wp-content\/uploads\/2026\/01\/Abre-convocatoria-PACMyC-2026-fortalecer-culturas-comunitarias-en-Mexico-768x466.png","large":"https:\/\/www.alasmedios.com\/wp-content\/uploads\/2026\/01\/Abre-convocatoria-PACMyC-2026-fortalecer-culturas-comunitarias-en-Mexico-1024x622.png","1536x1536":"https:\/\/www.alasmedios.com\/wp-content\/uploads\/2026\/01\/Abre-convocatoria-PACMyC-2026-fortalecer-culturas-comunitarias-en-Mexico-1536x932.png","2048x2048":"https:\/\/www.alasmedios.com\/wp-content\/uploads\/2026\/01\/Abre-convocatoria-PACMyC-2026-fortalecer-culturas-comunitarias-en-Mexico.png","colormag-highlighted-post":"https:\/\/www.alasmedios.com\/wp-content\/uploads\/2026\/01\/Abre-convocatoria-PACMyC-2026-fortalecer-culturas-comunitarias-en-Mexico-392x272.png","colormag-featured-post-medium":"https:\/\/www.alasmedios.com\/wp-content\/uploads\/2026\/01\/Abre-convocatoria-PACMyC-2026-fortalecer-culturas-comunitarias-en-Mexico-390x205.png","colormag-featured-post-small":"https:\/\/www.alasmedios.com\/wp-content\/uploads\/2026\/01\/Abre-convocatoria-PACMyC-2026-fortalecer-culturas-comunitarias-en-Mexico-130x90.png","colormag-featured-image":"https:\/\/www.alasmedios.com\/wp-content\/uploads\/2026\/01\/Abre-convocatoria-PACMyC-2026-fortalecer-culturas-comunitarias-en-Mexico-800x445.png","colormag-default-news":"https:\/\/www.alasmedios.com\/wp-content\/uploads\/2026\/01\/Abre-convocatoria-PACMyC-2026-fortalecer-culturas-comunitarias-en-Mexico-150x150.png","colormag-featured-image-large":"https:\/\/www.alasmedios.com\/wp-content\/uploads\/2026\/01\/Abre-convocatoria-PACMyC-2026-fortalecer-culturas-comunitarias-en-Mexico-1400x600.png"},"magazineBlocksPostAuthor":{"name":"Keila Rodr\u00edguez Pe\u00f1a","avatar":"https:\/\/secure.gravatar.com\/avatar\/a2553a2bfaa601b9d539b617c8793e151bdffb60f9e48a249912f86d4c9ebeef?s=96&d=mm&r=g"},"magazineBlocksPostCommentsNumber":"0","magazineBlocksPostExcerpt":"La Secretar\u00eda de Cultura del Gobierno de M\u00e9xico lanz\u00f3 la Convocatoria Federal PACMyC 2026, dirigida a portadoras y portadores, defensoras","magazineBlocksPostCategories":["Hidalgo","M\u00e9xico"],"magazineBlocksPostViewCount":74,"magazineBlocksPostReadTime":3,"magazine_blocks_featured_image_url":{"full":["https:\/\/www.alasmedios.com\/wp-content\/uploads\/2026\/01\/Abre-convocatoria-PACMyC-2026-fortalecer-culturas-comunitarias-en-Mexico.png",2000,1214,false],"medium":["https:\/\/www.alasmedios.com\/wp-content\/uploads\/2026\/01\/Abre-convocatoria-PACMyC-2026-fortalecer-culturas-comunitarias-en-Mexico-300x182.png",300,182,true],"thumbnail":["https:\/\/www.alasmedios.com\/wp-content\/uploads\/2026\/01\/Abre-convocatoria-PACMyC-2026-fortalecer-culturas-comunitarias-en-Mexico-150x150.png",150,150,true]},"magazine_blocks_author":{"display_name":"Keila Rodr\u00edguez Pe\u00f1a","author_link":"https:\/\/www.alasmedios.com\/index.php\/author\/keila\/"},"magazine_blocks_comment":0,"magazine_blocks_author_image":"https:\/\/secure.gravatar.com\/avatar\/a2553a2bfaa601b9d539b617c8793e151bdffb60f9e48a249912f86d4c9ebeef?s=96&d=mm&r=g","magazine_blocks_category":"<a href=\"#\" class=\"category-link category-link-41\">Hidalgo<\/a> <a href=\"#\" class=\"category-link category-link-3222\">M\u00e9xico<\/a>","yoast_head":"<!-- This site is optimized with the Yoast SEO plugin v27.5 - https:\/\/yoast.com\/product\/yoast-seo-wordpress\/ -->\r\n<title>Abre convocatoria PACMyC 2026: fortalecer culturas comunitarias en M\u00e9xico - Alas Medios<\/title>\r\n<meta name=\"robots\" content=\"index, follow, max-snippet:-1, max-image-preview:large, max-video-preview:-1\" \/>\r\n<link rel=\"canonical\" href=\"https:\/\/www.alasmedios.com\/index.php\/2026\/01\/21\/abre-convocatoria-pacmyc-2026-fortalecer-culturas-comunitarias-en-mexico\/\" \/>\r\n<meta property=\"og:locale\" content=\"es_MX\" \/>\r\n<meta property=\"og:type\" content=\"article\" \/>\r\n<meta property=\"og:title\" content=\"Abre convocatoria PACMyC 2026: fortalecer culturas comunitarias en M\u00e9xico - Alas Medios\" \/>\r\n<meta property=\"og:description\" content=\"La Secretar\u00eda de Cultura del Gobierno de M\u00e9xico lanz\u00f3 la Convocatoria Federal PACMyC 2026, dirigida a portadoras y portadores, defensoras\" \/>\r\n<meta property=\"og:url\" content=\"https:\/\/www.alasmedios.com\/index.php\/2026\/01\/21\/abre-convocatoria-pacmyc-2026-fortalecer-culturas-comunitarias-en-mexico\/\" \/>\r\n<meta property=\"og:site_name\" content=\"Alas Medios\" \/>\r\n<meta property=\"article:published_time\" content=\"2026-01-21T15:21:33+00:00\" \/>\r\n<meta property=\"og:image\" content=\"https:\/\/www.alasmedios.com\/wp-content\/uploads\/2026\/01\/Abre-convocatoria-PACMyC-2026-fortalecer-culturas-comunitarias-en-Mexico-1024x622.png\" \/>\r\n\t<meta property=\"og:image:width\" content=\"1024\" \/>\r\n\t<meta property=\"og:image:height\" content=\"622\" \/>\r\n\t<meta property=\"og:image:type\" content=\"image\/png\" \/>\r\n<meta name=\"author\" content=\"Keila Rodr\u00edguez Pe\u00f1a\" \/>\r\n<meta name=\"twitter:card\" content=\"summary_large_image\" \/>\r\n<meta name=\"twitter:label1\" content=\"Escrito por\" \/>\n\t<meta name=\"twitter:data1\" content=\"Keila Rodr\u00edguez Pe\u00f1a\" \/>\n\t<meta name=\"twitter:label2\" content=\"Tiempo de lectura\" \/>\n\t<meta name=\"twitter:data2\" content=\"2 minutos\" \/>\r\n<script type=\"application\/ld+json\" class=\"yoast-schema-graph\">{\"@context\":\"https:\\\/\\\/schema.org\",\"@graph\":[{\"@type\":\"Article\",\"@id\":\"https:\\\/\\\/www.alasmedios.com\\\/index.php\\\/2026\\\/01\\\/21\\\/abre-convocatoria-pacmyc-2026-fortalecer-culturas-comunitarias-en-mexico\\\/#article\",\"isPartOf\":{\"@id\":\"https:\\\/\\\/www.alasmedios.com\\\/index.php\\\/2026\\\/01\\\/21\\\/abre-convocatoria-pacmyc-2026-fortalecer-culturas-comunitarias-en-mexico\\\/\"},\"author\":{\"name\":\"Keila Rodr\u00edguez Pe\u00f1a\",\"@id\":\"https:\\\/\\\/www.alasmedios.com\\\/#\\\/schema\\\/person\\\/0ba31bdd19a05ebf5c7fef1fedf99c34\"},\"headline\":\"Abre convocatoria PACMyC 2026: fortalecer culturas comunitarias en M\u00e9xico\",\"datePublished\":\"2026-01-21T15:21:33+00:00\",\"mainEntityOfPage\":{\"@id\":\"https:\\\/\\\/www.alasmedios.com\\\/index.php\\\/2026\\\/01\\\/21\\\/abre-convocatoria-pacmyc-2026-fortalecer-culturas-comunitarias-en-mexico\\\/\"},\"wordCount\":428,\"commentCount\":0,\"publisher\":{\"@id\":\"https:\\\/\\\/www.alasmedios.com\\\/#organization\"},\"image\":{\"@id\":\"https:\\\/\\\/www.alasmedios.com\\\/index.php\\\/2026\\\/01\\\/21\\\/abre-convocatoria-pacmyc-2026-fortalecer-culturas-comunitarias-en-mexico\\\/#primaryimage\"},\"thumbnailUrl\":\"https:\\\/\\\/www.alasmedios.com\\\/wp-content\\\/uploads\\\/2026\\\/01\\\/Abre-convocatoria-PACMyC-2026-fortalecer-culturas-comunitarias-en-Mexico.png\",\"keywords\":[\"afromexicanos\",\"comunidades populares\",\"Cultura\",\"Hidalgo\",\"M\u00e9xico\",\"PACMyC 2026\",\"patrimonio\",\"pueblos ind\u00edgenas\"],\"articleSection\":[\"Hidalgo\",\"M\u00e9xico\"],\"inLanguage\":\"es\",\"potentialAction\":[{\"@type\":\"CommentAction\",\"name\":\"Comment\",\"target\":[\"https:\\\/\\\/www.alasmedios.com\\\/index.php\\\/2026\\\/01\\\/21\\\/abre-convocatoria-pacmyc-2026-fortalecer-culturas-comunitarias-en-mexico\\\/#respond\"]}]},{\"@type\":\"WebPage\",\"@id\":\"https:\\\/\\\/www.alasmedios.com\\\/index.php\\\/2026\\\/01\\\/21\\\/abre-convocatoria-pacmyc-2026-fortalecer-culturas-comunitarias-en-mexico\\\/\",\"url\":\"https:\\\/\\\/www.alasmedios.com\\\/index.php\\\/2026\\\/01\\\/21\\\/abre-convocatoria-pacmyc-2026-fortalecer-culturas-comunitarias-en-mexico\\\/\",\"name\":\"Abre convocatoria PACMyC 2026: fortalecer culturas comunitarias en M\u00e9xico - Alas Medios\",\"isPartOf\":{\"@id\":\"https:\\\/\\\/www.alasmedios.com\\\/#website\"},\"primaryImageOfPage\":{\"@id\":\"https:\\\/\\\/www.alasmedios.com\\\/index.php\\\/2026\\\/01\\\/21\\\/abre-convocatoria-pacmyc-2026-fortalecer-culturas-comunitarias-en-mexico\\\/#primaryimage\"},\"image\":{\"@id\":\"https:\\\/\\\/www.alasmedios.com\\\/index.php\\\/2026\\\/01\\\/21\\\/abre-convocatoria-pacmyc-2026-fortalecer-culturas-comunitarias-en-mexico\\\/#primaryimage\"},\"thumbnailUrl\":\"https:\\\/\\\/www.alasmedios.com\\\/wp-content\\\/uploads\\\/2026\\\/01\\\/Abre-convocatoria-PACMyC-2026-fortalecer-culturas-comunitarias-en-Mexico.png\",\"datePublished\":\"2026-01-21T15:21:33+00:00\",\"breadcrumb\":{\"@id\":\"https:\\\/\\\/www.alasmedios.com\\\/index.php\\\/2026\\\/01\\\/21\\\/abre-convocatoria-pacmyc-2026-fortalecer-culturas-comunitarias-en-mexico\\\/#breadcrumb\"},\"inLanguage\":\"es\",\"potentialAction\":[{\"@type\":\"ReadAction\",\"target\":[\"https:\\\/\\\/www.alasmedios.com\\\/index.php\\\/2026\\\/01\\\/21\\\/abre-convocatoria-pacmyc-2026-fortalecer-culturas-comunitarias-en-mexico\\\/\"]}]},{\"@type\":\"ImageObject\",\"inLanguage\":\"es\",\"@id\":\"https:\\\/\\\/www.alasmedios.com\\\/index.php\\\/2026\\\/01\\\/21\\\/abre-convocatoria-pacmyc-2026-fortalecer-culturas-comunitarias-en-mexico\\\/#primaryimage\",\"url\":\"https:\\\/\\\/www.alasmedios.com\\\/wp-content\\\/uploads\\\/2026\\\/01\\\/Abre-convocatoria-PACMyC-2026-fortalecer-culturas-comunitarias-en-Mexico.png\",\"contentUrl\":\"https:\\\/\\\/www.alasmedios.com\\\/wp-content\\\/uploads\\\/2026\\\/01\\\/Abre-convocatoria-PACMyC-2026-fortalecer-culturas-comunitarias-en-Mexico.png\",\"width\":2000,\"height\":1214},{\"@type\":\"BreadcrumbList\",\"@id\":\"https:\\\/\\\/www.alasmedios.com\\\/index.php\\\/2026\\\/01\\\/21\\\/abre-convocatoria-pacmyc-2026-fortalecer-culturas-comunitarias-en-mexico\\\/#breadcrumb\",\"itemListElement\":[{\"@type\":\"ListItem\",\"position\":1,\"name\":\"Inicio\",\"item\":\"https:\\\/\\\/www.alasmedios.com\\\/\"},{\"@type\":\"ListItem\",\"position\":2,\"name\":\"Abre convocatoria PACMyC 2026: fortalecer culturas comunitarias en M\u00e9xico\"}]},{\"@type\":\"WebSite\",\"@id\":\"https:\\\/\\\/www.alasmedios.com\\\/#website\",\"url\":\"https:\\\/\\\/www.alasmedios.com\\\/\",\"name\":\"Alas Medios\",\"description\":\"Alas para pensar, Alas para volar, Alas de libertad\",\"publisher\":{\"@id\":\"https:\\\/\\\/www.alasmedios.com\\\/#organization\"},\"potentialAction\":[{\"@type\":\"SearchAction\",\"target\":{\"@type\":\"EntryPoint\",\"urlTemplate\":\"https:\\\/\\\/www.alasmedios.com\\\/?s={search_term_string}\"},\"query-input\":{\"@type\":\"PropertyValueSpecification\",\"valueRequired\":true,\"valueName\":\"search_term_string\"}}],\"inLanguage\":\"es\"},{\"@type\":\"Organization\",\"@id\":\"https:\\\/\\\/www.alasmedios.com\\\/#organization\",\"name\":\"Alas Medios\",\"url\":\"https:\\\/\\\/www.alasmedios.com\\\/\",\"logo\":{\"@type\":\"ImageObject\",\"inLanguage\":\"es\",\"@id\":\"https:\\\/\\\/www.alasmedios.com\\\/#\\\/schema\\\/logo\\\/image\\\/\",\"url\":\"https:\\\/\\\/www.alasmedios.com\\\/wp-content\\\/uploads\\\/2026\\\/01\\\/cropped-cropped-GAM-1.png\",\"contentUrl\":\"https:\\\/\\\/www.alasmedios.com\\\/wp-content\\\/uploads\\\/2026\\\/01\\\/cropped-cropped-GAM-1.png\",\"width\":467,\"height\":235,\"caption\":\"Alas Medios\"},\"image\":{\"@id\":\"https:\\\/\\\/www.alasmedios.com\\\/#\\\/schema\\\/logo\\\/image\\\/\"}},{\"@type\":\"Person\",\"@id\":\"https:\\\/\\\/www.alasmedios.com\\\/#\\\/schema\\\/person\\\/0ba31bdd19a05ebf5c7fef1fedf99c34\",\"name\":\"Keila Rodr\u00edguez Pe\u00f1a\",\"image\":{\"@type\":\"ImageObject\",\"inLanguage\":\"es\",\"@id\":\"https:\\\/\\\/secure.gravatar.com\\\/avatar\\\/a2553a2bfaa601b9d539b617c8793e151bdffb60f9e48a249912f86d4c9ebeef?s=96&d=mm&r=g\",\"url\":\"https:\\\/\\\/secure.gravatar.com\\\/avatar\\\/a2553a2bfaa601b9d539b617c8793e151bdffb60f9e48a249912f86d4c9ebeef?s=96&d=mm&r=g\",\"contentUrl\":\"https:\\\/\\\/secure.gravatar.com\\\/avatar\\\/a2553a2bfaa601b9d539b617c8793e151bdffb60f9e48a249912f86d4c9ebeef?s=96&d=mm&r=g\",\"caption\":\"Keila Rodr\u00edguez Pe\u00f1a\"},\"sameAs\":[\"http:\\\/\\\/www.alasmedios.com\"],\"url\":\"https:\\\/\\\/www.alasmedios.com\\\/index.php\\\/author\\\/keila\\\/\"}]}<\/script>\r\n<!-- \/ Yoast SEO plugin. -->","yoast_head_json":{"title":"Abre convocatoria PACMyC 2026: fortalecer culturas comunitarias en M\u00e9xico - Alas Medios","robots":{"index":"index","follow":"follow","max-snippet":"max-snippet:-1","max-image-preview":"max-image-preview:large","max-video-preview":"max-video-preview:-1"},"canonical":"https:\/\/www.alasmedios.com\/index.php\/2026\/01\/21\/abre-convocatoria-pacmyc-2026-fortalecer-culturas-comunitarias-en-mexico\/","og_locale":"es_MX","og_type":"article","og_title":"Abre convocatoria PACMyC 2026: fortalecer culturas comunitarias en M\u00e9xico - Alas Medios","og_description":"La Secretar\u00eda de Cultura del Gobierno de M\u00e9xico lanz\u00f3 la Convocatoria Federal PACMyC 2026, dirigida a portadoras y portadores, defensoras","og_url":"https:\/\/www.alasmedios.com\/index.php\/2026\/01\/21\/abre-convocatoria-pacmyc-2026-fortalecer-culturas-comunitarias-en-mexico\/","og_site_name":"Alas Medios","article_published_time":"2026-01-21T15:21:33+00:00","og_image":[{"width":1024,"height":622,"url":"https:\/\/www.alasmedios.com\/wp-content\/uploads\/2026\/01\/Abre-convocatoria-PACMyC-2026-fortalecer-culturas-comunitarias-en-Mexico-1024x622.png","type":"image\/png"}],"author":"Keila Rodr\u00edguez Pe\u00f1a","twitter_card":"summary_large_image","twitter_misc":{"Escrito por":"Keila Rodr\u00edguez Pe\u00f1a","Tiempo de lectura":"2 minutos"},"schema":{"@context":"https:\/\/schema.org","@graph":[{"@type":"Article","@id":"https:\/\/www.alasmedios.com\/index.php\/2026\/01\/21\/abre-convocatoria-pacmyc-2026-fortalecer-culturas-comunitarias-en-mexico\/#article","isPartOf":{"@id":"https:\/\/www.alasmedios.com\/index.php\/2026\/01\/21\/abre-convocatoria-pacmyc-2026-fortalecer-culturas-comunitarias-en-mexico\/"},"author":{"name":"Keila Rodr\u00edguez Pe\u00f1a","@id":"https:\/\/www.alasmedios.com\/#\/schema\/person\/0ba31bdd19a05ebf5c7fef1fedf99c34"},"headline":"Abre convocatoria PACMyC 2026: fortalecer culturas comunitarias en M\u00e9xico","datePublished":"2026-01-21T15:21:33+00:00","mainEntityOfPage":{"@id":"https:\/\/www.alasmedios.com\/index.php\/2026\/01\/21\/abre-convocatoria-pacmyc-2026-fortalecer-culturas-comunitarias-en-mexico\/"},"wordCount":428,"commentCount":0,"publisher":{"@id":"https:\/\/www.alasmedios.com\/#organization"},"image":{"@id":"https:\/\/www.alasmedios.com\/index.php\/2026\/01\/21\/abre-convocatoria-pacmyc-2026-fortalecer-culturas-comunitarias-en-mexico\/#primaryimage"},"thumbnailUrl":"https:\/\/www.alasmedios.com\/wp-content\/uploads\/2026\/01\/Abre-convocatoria-PACMyC-2026-fortalecer-culturas-comunitarias-en-Mexico.png","keywords":["afromexicanos","comunidades populares","Cultura","Hidalgo","M\u00e9xico","PACMyC 2026","patrimonio","pueblos ind\u00edgenas"],"articleSection":["Hidalgo","M\u00e9xico"],"inLanguage":"es","potentialAction":[{"@type":"CommentAction","name":"Comment","target":["https:\/\/www.alasmedios.com\/index.php\/2026\/01\/21\/abre-convocatoria-pacmyc-2026-fortalecer-culturas-comunitarias-en-mexico\/#respond"]}]},{"@type":"WebPage","@id":"https:\/\/www.alasmedios.com\/index.php\/2026\/01\/21\/abre-convocatoria-pacmyc-2026-fortalecer-culturas-comunitarias-en-mexico\/","url":"https:\/\/www.alasmedios.com\/index.php\/2026\/01\/21\/abre-convocatoria-pacmyc-2026-fortalecer-culturas-comunitarias-en-mexico\/","name":"Abre convocatoria PACMyC 2026: fortalecer culturas comunitarias en M\u00e9xico - Alas Medios","isPartOf":{"@id":"https:\/\/www.alasmedios.com\/#website"},"primaryImageOfPage":{"@id":"https:\/\/www.alasmedios.com\/index.php\/2026\/01\/21\/abre-convocatoria-pacmyc-2026-fortalecer-culturas-comunitarias-en-mexico\/#primaryimage"},"image":{"@id":"https:\/\/www.alasmedios.com\/index.php\/2026\/01\/21\/abre-convocatoria-pacmyc-2026-fortalecer-culturas-comunitarias-en-mexico\/#primaryimage"},"thumbnailUrl":"https:\/\/www.alasmedios.com\/wp-content\/uploads\/2026\/01\/Abre-convocatoria-PACMyC-2026-fortalecer-culturas-comunitarias-en-Mexico.png","datePublished":"2026-01-21T15:21:33+00:00","breadcrumb":{"@id":"https:\/\/www.alasmedios.com\/index.php\/2026\/01\/21\/abre-convocatoria-pacmyc-2026-fortalecer-culturas-comunitarias-en-mexico\/#breadcrumb"},"inLanguage":"es","potentialAction":[{"@type":"ReadAction","target":["https:\/\/www.alasmedios.com\/index.php\/2026\/01\/21\/abre-convocatoria-pacmyc-2026-fortalecer-culturas-comunitarias-en-mexico\/"]}]},{"@type":"ImageObject","inLanguage":"es","@id":"https:\/\/www.alasmedios.com\/index.php\/2026\/01\/21\/abre-convocatoria-pacmyc-2026-fortalecer-culturas-comunitarias-en-mexico\/#primaryimage","url":"https:\/\/www.alasmedios.com\/wp-content\/uploads\/2026\/01\/Abre-convocatoria-PACMyC-2026-fortalecer-culturas-comunitarias-en-Mexico.png","contentUrl":"https:\/\/www.alasmedios.com\/wp-content\/uploads\/2026\/01\/Abre-convocatoria-PACMyC-2026-fortalecer-culturas-comunitarias-en-Mexico.png","width":2000,"height":1214},{"@type":"BreadcrumbList","@id":"https:\/\/www.alasmedios.com\/index.php\/2026\/01\/21\/abre-convocatoria-pacmyc-2026-fortalecer-culturas-comunitarias-en-mexico\/#breadcrumb","itemListElement":[{"@type":"ListItem","position":1,"name":"Inicio","item":"https:\/\/www.alasmedios.com\/"},{"@type":"ListItem","position":2,"name":"Abre convocatoria PACMyC 2026: fortalecer culturas comunitarias en M\u00e9xico"}]},{"@type":"WebSite","@id":"https:\/\/www.alasmedios.com\/#website","url":"https:\/\/www.alasmedios.com\/","name":"Alas Medios","description":"Alas para pensar, Alas para volar, Alas de libertad","publisher":{"@id":"https:\/\/www.alasmedios.com\/#organization"},"potentialAction":[{"@type":"SearchAction","target":{"@type":"EntryPoint","urlTemplate":"https:\/\/www.alasmedios.com\/?s={search_term_string}"},"query-input":{"@type":"PropertyValueSpecification","valueRequired":true,"valueName":"search_term_string"}}],"inLanguage":"es"},{"@type":"Organization","@id":"https:\/\/www.alasmedios.com\/#organization","name":"Alas Medios","url":"https:\/\/www.alasmedios.com\/","logo":{"@type":"ImageObject","inLanguage":"es","@id":"https:\/\/www.alasmedios.com\/#\/schema\/logo\/image\/","url":"https:\/\/www.alasmedios.com\/wp-content\/uploads\/2026\/01\/cropped-cropped-GAM-1.png","contentUrl":"https:\/\/www.alasmedios.com\/wp-content\/uploads\/2026\/01\/cropped-cropped-GAM-1.png","width":467,"height":235,"caption":"Alas Medios"},"image":{"@id":"https:\/\/www.alasmedios.com\/#\/schema\/logo\/image\/"}},{"@type":"Person","@id":"https:\/\/www.alasmedios.com\/#\/schema\/person\/0ba31bdd19a05ebf5c7fef1fedf99c34","name":"Keila Rodr\u00edguez Pe\u00f1a","image":{"@type":"ImageObject","inLanguage":"es","@id":"https:\/\/secure.gravatar.com\/avatar\/a2553a2bfaa601b9d539b617c8793e151bdffb60f9e48a249912f86d4c9ebeef?s=96&d=mm&r=g","url":"https:\/\/secure.gravatar.com\/avatar\/a2553a2bfaa601b9d539b617c8793e151bdffb60f9e48a249912f86d4c9ebeef?s=96&d=mm&r=g","contentUrl":"https:\/\/secure.gravatar.com\/avatar\/a2553a2bfaa601b9d539b617c8793e151bdffb60f9e48a249912f86d4c9ebeef?s=96&d=mm&r=g","caption":"Keila Rodr\u00edguez Pe\u00f1a"},"sameAs":["http:\/\/www.alasmedios.com"],"url":"https:\/\/www.alasmedios.com\/index.php\/author\/keila\/"}]}},"_links":{"self":[{"href":"https:\/\/www.alasmedios.com\/index.php\/wp-json\/wp\/v2\/posts\/7542","targetHints":{"allow":["GET"]}}],"collection":[{"href":"https:\/\/www.alasmedios.com\/index.php\/wp-json\/wp\/v2\/posts"}],"about":[{"href":"https:\/\/www.alasmedios.com\/index.php\/wp-json\/wp\/v2\/types\/post"}],"author":[{"embeddable":true,"href":"https:\/\/www.alasmedios.com\/index.php\/wp-json\/wp\/v2\/users\/4"}],"replies":[{"embeddable":true,"href":"https:\/\/www.alasmedios.com\/index.php\/wp-json\/wp\/v2\/comments?post=7542"}],"version-history":[{"count":1,"href":"https:\/\/www.alasmedios.com\/index.php\/wp-json\/wp\/v2\/posts\/7542\/revisions"}],"predecessor-version":[{"id":7545,"href":"https:\/\/www.alasmedios.com\/index.php\/wp-json\/wp\/v2\/posts\/7542\/revisions\/7545"}],"wp:featuredmedia":[{"embeddable":true,"href":"https:\/\/www.alasmedios.com\/index.php\/wp-json\/wp\/v2\/media\/7544"}],"wp:attachment":[{"href":"https:\/\/www.alasmedios.com\/index.php\/wp-json\/wp\/v2\/media?parent=7542"}],"wp:term":[{"taxonomy":"category","embeddable":true,"href":"https:\/\/www.alasmedios.com\/index.php\/wp-json\/wp\/v2\/categories?post=7542"},{"taxonomy":"post_tag","embeddable":true,"href":"https:\/\/www.alasmedios.com\/index.php\/wp-json\/wp\/v2\/tags?post=7542"}],"curies":[{"name":"wp","href":"https:\/\/api.w.org\/{rel}","templated":true}]}}