{"id":7523,"date":"2026-01-20T11:42:45","date_gmt":"2026-01-20T17:42:45","guid":{"rendered":"https:\/\/www.alasmedios.com\/?p=7523"},"modified":"2026-01-20T12:00:15","modified_gmt":"2026-01-20T18:00:15","slug":"aeronave-militar-de-estados-unidos-en-toluca-tropas-extranjeras","status":"publish","type":"post","link":"https:\/\/www.alasmedios.com\/index.php\/2026\/01\/20\/aeronave-militar-de-estados-unidos-en-toluca-tropas-extranjeras\/","title":{"rendered":"Aeronave militar de Estados Unidos en Toluca \u00bftropas extranjeras?"},"content":{"rendered":"\n<p>La <strong>presencia de una aeronave militar de Estados Unidos en el aeropuerto de Toluca<\/strong>, registrada el <strong>s\u00e1bado 17 de enero<\/strong>, abri\u00f3 un <strong>debate jur\u00eddico y pol\u00edtico<\/strong> sobre la <strong>legalidad del ingreso de tropas extranjeras al territorio nacional<\/strong> y el papel del <strong>Senado de la Rep\u00fablica<\/strong> en este tipo de autorizaciones.<\/p>\n\n\n\n<p>De acuerdo con reportes, el avi\u00f3n \u2014un <strong>H\u00e9rcules de la Fuerza A\u00e9rea estadounidense<\/strong>\u2014 no pudo haber llegado sin <strong>tripulaci\u00f3n militar extranjera<\/strong>, lo que implicar\u00eda la <strong>presencia de tropas no mexicanas en suelo nacional<\/strong>.<\/p>\n\n\n\n<p>Dos d\u00edas despu\u00e9s, el <strong>lunes 19 de enero<\/strong>, la presidenta <strong>Claudia Sheinbaum<\/strong> explic\u00f3 que la aeronave aterriz\u00f3 para <strong>trasladar a funcionarios de la Secretar\u00eda de Seguridad y Protecci\u00f3n Ciudadana<\/strong>, como parte de un proceso de <strong>capacitaci\u00f3n bajo la tutela del Comando Norte de Estados Unidos<\/strong>.<\/p>\n\n\n\n<p>CONTIN\u00daA LEYENDO: <a href=\"https:\/\/www.alasmedios.com\/index.php\/2026\/01\/20\/jubilarse-siendo-mujer-en-mexico-cuesta-35-mas\/\" data-type=\"post\" data-id=\"7520\">Jubilarse siendo mujer en M\u00e9xico cuesta 35% m\u00e1s<\/a><\/p>\n\n\n\n<p>La mandataria se\u00f1al\u00f3 que, aunque este tipo de aeronaves suele arribar a <strong>bases militares<\/strong>, en esta ocasi\u00f3n aterriz\u00f3 en Toluca debido a una <strong>condici\u00f3n previamente establecida<\/strong>, con autorizaci\u00f3n de la <strong>Secretar\u00eda de la Defensa Nacional<\/strong>, y asegur\u00f3 que <strong>no fue necesaria la autorizaci\u00f3n del Senado<\/strong>, al tratarse de una actividad <strong>acordada desde meses atr\u00e1s<\/strong> .<\/p>\n\n\n\n<h3 class=\"wp-block-heading\"><strong>\u00bfQu\u00e9 dice la Constituci\u00f3n?<\/strong><\/h3>\n\n\n\n<p>El <strong>art\u00edculo 76, fracci\u00f3n III, de la Constituci\u00f3n<\/strong> establece como <strong>facultad exclusiva del Senado<\/strong> autorizar el <strong>paso de tropas extranjeras por el territorio nacional<\/strong>, sin excepciones. El precepto no distingue <strong>n\u00famero de elementos<\/strong>, <strong>tipo de armamento<\/strong> ni <strong>prop\u00f3sito de la presencia<\/strong>, por lo que cualquier ingreso de <strong>uno o m\u00e1s soldados extranjeros<\/strong>, incluso para <strong>capacitaci\u00f3n o transporte<\/strong>, requiere autorizaci\u00f3n expresa.<\/p>\n\n\n\n<p>Adem\u00e1s, la norma impone una <strong>limitante absoluta<\/strong>: <strong>ning\u00fan otro poder u \u00f3rgano del Estado<\/strong> puede autorizar la presencia de tropas extranjeras. Esto excluye a la <strong>Presidencia de la Rep\u00fablica<\/strong>, al <strong>gabinete<\/strong>, a la <strong>Secretar\u00eda de la Defensa Nacional<\/strong>, a las <strong>Fuerzas Armadas<\/strong> y a la <strong>Comisi\u00f3n Permanente<\/strong>.<\/p>\n\n\n\n<h3 class=\"wp-block-heading\"><strong>Senado en receso y sin autorizaci\u00f3n publicada<\/strong><\/h3>\n\n\n\n<p>El <strong>Senado<\/strong> se encuentra en <strong>receso desde mediados de diciembre<\/strong> y reanudar\u00e1 su periodo ordinario el <strong>1 de febrero<\/strong>, conforme al <strong>art\u00edculo 65 constitucional<\/strong>. <\/p>\n\n\n\n<p>Una revisi\u00f3n del <strong>Diario Oficial de la Federaci\u00f3n<\/strong> correspondiente a <strong>diciembre y enero<\/strong> no arroja registro de <strong>autorizaci\u00f3n alguna<\/strong> para el ingreso de la aeronave ni de su tripulaci\u00f3n, ni tampoco una <strong>convocatoria a periodo extraordinario<\/strong> por parte de la <strong>Comisi\u00f3n Permanente<\/strong>, la cual <strong>carece de facultades<\/strong> para aprobar este tipo de decisiones.<\/p>\n\n\n\n<p>TE PUEDE INTERESAR: <a href=\"https:\/\/www.alasmedios.com\/index.php\/2026\/01\/15\/democratas-estadounidenses-buscan-cerrar-la-puerta-a-una-guerra-no-autorizada-con-mexico\/\" data-type=\"post\" data-id=\"7473\">Dem\u00f3cratas estadounidenses buscan cerrar la puerta a una guerra no autorizada con M\u00e9xico<\/a><\/p>\n\n\n\n<p>Especialistas y cr\u00edticos del hecho subrayan que <strong>funcionarios mexicanos cuentan con medios de transporte propios<\/strong>, por lo que <strong>no resulta claro ni justificable<\/strong> que sean trasladados dentro del pa\u00eds en una <strong>aeronave militar extranjera<\/strong>.<\/p>\n\n\n\n<p>Ante este escenario, se plantea que, <strong>si no existi\u00f3 autorizaci\u00f3n del Senado<\/strong>, la <strong>presencia de tropas y de la aeronave estadounidense<\/strong> en Toluca podr\u00eda constituir una <strong>violaci\u00f3n grave a la Constituci\u00f3n<\/strong>, e incluso ubicarse en los <strong>linderos del delito de traici\u00f3n a la patria<\/strong>, seg\u00fan interpretaciones jur\u00eddicas estrictas.<\/p>\n\n\n\n<p>Mientras no se aclare de manera documental la autorizaci\u00f3n correspondiente, <strong>la versi\u00f3n oficial y el marco constitucional permanecen en tensi\u00f3n<\/strong>.<\/p>\n\n\n\n<p>En palabras del an\u00e1lisis cr\u00edtico que circula tras el caso, <strong>\u201calguien est\u00e1 mintiendo\u201d<\/strong>, y el fondo del asunto no es solo el aterrizaje de un avi\u00f3n, sino el <strong>respeto a la Constituci\u00f3n y al equilibrio de poderes en M\u00e9xico<\/strong>.<\/p>\n\n\n<ul class=\"wp-block-latest-posts__list is-grid columns-3 wp-block-latest-posts\"><li><div class=\"wp-block-latest-posts__featured-image\"><img loading=\"lazy\" decoding=\"async\" width=\"150\" height=\"150\" src=\"https:\/\/www.alasmedios.com\/wp-content\/uploads\/2026\/05\/Hidalgo-viene-un-respiro-con-el-frente-frio-48-150x150.png\" class=\"attachment-thumbnail size-thumbnail wp-post-image\" alt=\"\" style=\"\" \/><\/div><a class=\"wp-block-latest-posts__post-title\" href=\"https:\/\/www.alasmedios.com\/index.php\/2026\/05\/01\/frente-frio-48-un-alivio-asi-impactara-en-hidalgo\/\">Frente fr\u00edo 48, un alivio: as\u00ed impactar\u00e1 en Hidalgo<\/a><\/li>\n<li><div class=\"wp-block-latest-posts__featured-image\"><img loading=\"lazy\" decoding=\"async\" width=\"150\" height=\"150\" src=\"https:\/\/www.alasmedios.com\/wp-content\/uploads\/2026\/05\/mujeres-depresion-posparto-150x150.png\" class=\"attachment-thumbnail size-thumbnail wp-post-image\" alt=\"\" style=\"\" \/><\/div><a class=\"wp-block-latest-posts__post-title\" href=\"https:\/\/www.alasmedios.com\/index.php\/2026\/05\/01\/1-de-cada-15-mujeres-sufre-depresion-posparto\/\">1 de cada 15 mujeres sufre depresi\u00f3n posparto<\/a><\/li>\n<li><div class=\"wp-block-latest-posts__featured-image\"><img loading=\"lazy\" decoding=\"async\" width=\"150\" height=\"150\" src=\"https:\/\/www.alasmedios.com\/wp-content\/uploads\/2026\/05\/USEP-calidad-hospitalaria-150x150.jpeg\" class=\"attachment-thumbnail size-thumbnail wp-post-image\" alt=\"\" style=\"\" \/><\/div><a class=\"wp-block-latest-posts__post-title\" href=\"https:\/\/www.alasmedios.com\/index.php\/2026\/05\/01\/usep-activa-formacion-para-prevenir-riesgos-en-la-atencion-medica\/\">USEP activa formaci\u00f3n para prevenir riesgos en la atenci\u00f3n m\u00e9dica<\/a><\/li>\n<\/ul>","protected":false},"excerpt":{"rendered":"<p>La presencia de una aeronave militar de Estados Unidos en el aeropuerto de Toluca, registrada el s\u00e1bado 17 de enero,<\/p>\n","protected":false},"author":4,"featured_media":7524,"comment_status":"open","ping_status":"open","sticky":false,"template":"","format":"standard","meta":{"colormag_page_container_layout":"default_layout","colormag_page_sidebar_layout":"default_layout","rop_custom_images_group":[],"rop_custom_messages_group":[],"rop_publish_now":"initial","rop_publish_now_accounts":[],"rop_publish_now_history":[],"rop_publish_now_status":"pending","iawp_total_views":0,"footnotes":""},"categories":[3222],"tags":[164,757,166,1525],"class_list":["post-7523","post","type-post","status-publish","format-standard","has-post-thumbnail","hentry","category-mexico","tag-claudia-sheinbaum","tag-estados-unidos","tag-mexico","tag-toluca"],"magazineBlocksPostFeaturedMedia":{"thumbnail":"https:\/\/www.alasmedios.com\/wp-content\/uploads\/2026\/01\/Aeronave-militar-de-Estados-Unidos-en-Toluca-tropas-extranjeras-150x150.png","medium":"https:\/\/www.alasmedios.com\/wp-content\/uploads\/2026\/01\/Aeronave-militar-de-Estados-Unidos-en-Toluca-tropas-extranjeras-300x182.png","medium_large":"https:\/\/www.alasmedios.com\/wp-content\/uploads\/2026\/01\/Aeronave-militar-de-Estados-Unidos-en-Toluca-tropas-extranjeras-768x466.png","large":"https:\/\/www.alasmedios.com\/wp-content\/uploads\/2026\/01\/Aeronave-militar-de-Estados-Unidos-en-Toluca-tropas-extranjeras-1024x622.png","1536x1536":"https:\/\/www.alasmedios.com\/wp-content\/uploads\/2026\/01\/Aeronave-militar-de-Estados-Unidos-en-Toluca-tropas-extranjeras-1536x932.png","2048x2048":"https:\/\/www.alasmedios.com\/wp-content\/uploads\/2026\/01\/Aeronave-militar-de-Estados-Unidos-en-Toluca-tropas-extranjeras.png","colormag-highlighted-post":"https:\/\/www.alasmedios.com\/wp-content\/uploads\/2026\/01\/Aeronave-militar-de-Estados-Unidos-en-Toluca-tropas-extranjeras-392x272.png","colormag-featured-post-medium":"https:\/\/www.alasmedios.com\/wp-content\/uploads\/2026\/01\/Aeronave-militar-de-Estados-Unidos-en-Toluca-tropas-extranjeras-390x205.png","colormag-featured-post-small":"https:\/\/www.alasmedios.com\/wp-content\/uploads\/2026\/01\/Aeronave-militar-de-Estados-Unidos-en-Toluca-tropas-extranjeras-130x90.png","colormag-featured-image":"https:\/\/www.alasmedios.com\/wp-content\/uploads\/2026\/01\/Aeronave-militar-de-Estados-Unidos-en-Toluca-tropas-extranjeras-800x445.png","colormag-default-news":"https:\/\/www.alasmedios.com\/wp-content\/uploads\/2026\/01\/Aeronave-militar-de-Estados-Unidos-en-Toluca-tropas-extranjeras-150x150.png","colormag-featured-image-large":"https:\/\/www.alasmedios.com\/wp-content\/uploads\/2026\/01\/Aeronave-militar-de-Estados-Unidos-en-Toluca-tropas-extranjeras-1400x600.png"},"magazineBlocksPostAuthor":{"name":"Keila Rodr\u00edguez Pe\u00f1a","avatar":"https:\/\/secure.gravatar.com\/avatar\/a2553a2bfaa601b9d539b617c8793e151bdffb60f9e48a249912f86d4c9ebeef?s=96&d=mm&r=g"},"magazineBlocksPostCommentsNumber":"0","magazineBlocksPostExcerpt":"La presencia de una aeronave militar de Estados Unidos en el aeropuerto de Toluca, registrada el s\u00e1bado 17 de enero,","magazineBlocksPostCategories":["M\u00e9xico"],"magazineBlocksPostViewCount":74,"magazineBlocksPostReadTime":4,"magazine_blocks_featured_image_url":{"full":["https:\/\/www.alasmedios.com\/wp-content\/uploads\/2026\/01\/Aeronave-militar-de-Estados-Unidos-en-Toluca-tropas-extranjeras.png",2000,1214,false],"medium":["https:\/\/www.alasmedios.com\/wp-content\/uploads\/2026\/01\/Aeronave-militar-de-Estados-Unidos-en-Toluca-tropas-extranjeras-300x182.png",300,182,true],"thumbnail":["https:\/\/www.alasmedios.com\/wp-content\/uploads\/2026\/01\/Aeronave-militar-de-Estados-Unidos-en-Toluca-tropas-extranjeras-150x150.png",150,150,true]},"magazine_blocks_author":{"display_name":"Keila Rodr\u00edguez Pe\u00f1a","author_link":"https:\/\/www.alasmedios.com\/index.php\/author\/keila\/"},"magazine_blocks_comment":0,"magazine_blocks_author_image":"https:\/\/secure.gravatar.com\/avatar\/a2553a2bfaa601b9d539b617c8793e151bdffb60f9e48a249912f86d4c9ebeef?s=96&d=mm&r=g","magazine_blocks_category":"<a href=\"#\" class=\"category-link category-link-3222\">M\u00e9xico<\/a>","yoast_head":"<!-- This site is optimized with the Yoast SEO plugin v27.5 - https:\/\/yoast.com\/product\/yoast-seo-wordpress\/ -->\r\n<title>Aeronave militar de Estados Unidos en Toluca \u00bftropas extranjeras? - Alas Medios<\/title>\r\n<meta name=\"robots\" content=\"index, follow, max-snippet:-1, max-image-preview:large, max-video-preview:-1\" \/>\r\n<link rel=\"canonical\" href=\"https:\/\/www.alasmedios.com\/index.php\/2026\/01\/20\/aeronave-militar-de-estados-unidos-en-toluca-tropas-extranjeras\/\" \/>\r\n<meta property=\"og:locale\" content=\"es_MX\" \/>\r\n<meta property=\"og:type\" content=\"article\" \/>\r\n<meta property=\"og:title\" content=\"Aeronave militar de Estados Unidos en Toluca \u00bftropas extranjeras? - Alas Medios\" \/>\r\n<meta property=\"og:description\" content=\"La presencia de una aeronave militar de Estados Unidos en el aeropuerto de Toluca, registrada el s\u00e1bado 17 de enero,\" \/>\r\n<meta property=\"og:url\" content=\"https:\/\/www.alasmedios.com\/index.php\/2026\/01\/20\/aeronave-militar-de-estados-unidos-en-toluca-tropas-extranjeras\/\" \/>\r\n<meta property=\"og:site_name\" content=\"Alas Medios\" \/>\r\n<meta property=\"article:published_time\" content=\"2026-01-20T17:42:45+00:00\" \/>\r\n<meta property=\"article:modified_time\" content=\"2026-01-20T18:00:15+00:00\" \/>\r\n<meta property=\"og:image\" content=\"https:\/\/www.alasmedios.com\/wp-content\/uploads\/2026\/01\/Aeronave-militar-de-Estados-Unidos-en-Toluca-tropas-extranjeras.png\" \/>\r\n\t<meta property=\"og:image:width\" content=\"2000\" \/>\r\n\t<meta property=\"og:image:height\" content=\"1214\" \/>\r\n\t<meta property=\"og:image:type\" content=\"image\/png\" \/>\r\n<meta name=\"author\" content=\"Keila Rodr\u00edguez Pe\u00f1a\" \/>\r\n<meta name=\"twitter:card\" content=\"summary_large_image\" \/>\r\n<meta name=\"twitter:label1\" content=\"Escrito por\" \/>\n\t<meta name=\"twitter:data1\" content=\"Keila Rodr\u00edguez Pe\u00f1a\" \/>\n\t<meta name=\"twitter:label2\" content=\"Tiempo de lectura\" \/>\n\t<meta name=\"twitter:data2\" content=\"3 minutos\" \/>\r\n<script type=\"application\/ld+json\" class=\"yoast-schema-graph\">{\"@context\":\"https:\\\/\\\/schema.org\",\"@graph\":[{\"@type\":\"Article\",\"@id\":\"https:\\\/\\\/www.alasmedios.com\\\/index.php\\\/2026\\\/01\\\/20\\\/aeronave-militar-de-estados-unidos-en-toluca-tropas-extranjeras\\\/#article\",\"isPartOf\":{\"@id\":\"https:\\\/\\\/www.alasmedios.com\\\/index.php\\\/2026\\\/01\\\/20\\\/aeronave-militar-de-estados-unidos-en-toluca-tropas-extranjeras\\\/\"},\"author\":{\"name\":\"Keila Rodr\u00edguez Pe\u00f1a\",\"@id\":\"https:\\\/\\\/www.alasmedios.com\\\/#\\\/schema\\\/person\\\/0ba31bdd19a05ebf5c7fef1fedf99c34\"},\"headline\":\"Aeronave militar de Estados Unidos en Toluca \u00bftropas extranjeras?\",\"datePublished\":\"2026-01-20T17:42:45+00:00\",\"dateModified\":\"2026-01-20T18:00:15+00:00\",\"mainEntityOfPage\":{\"@id\":\"https:\\\/\\\/www.alasmedios.com\\\/index.php\\\/2026\\\/01\\\/20\\\/aeronave-militar-de-estados-unidos-en-toluca-tropas-extranjeras\\\/\"},\"wordCount\":611,\"commentCount\":0,\"publisher\":{\"@id\":\"https:\\\/\\\/www.alasmedios.com\\\/#organization\"},\"image\":{\"@id\":\"https:\\\/\\\/www.alasmedios.com\\\/index.php\\\/2026\\\/01\\\/20\\\/aeronave-militar-de-estados-unidos-en-toluca-tropas-extranjeras\\\/#primaryimage\"},\"thumbnailUrl\":\"https:\\\/\\\/www.alasmedios.com\\\/wp-content\\\/uploads\\\/2026\\\/01\\\/Aeronave-militar-de-Estados-Unidos-en-Toluca-tropas-extranjeras.png\",\"keywords\":[\"Claudia Sheinbaum\",\"Estados Unidos\",\"M\u00e9xico\",\"Toluca\"],\"articleSection\":[\"M\u00e9xico\"],\"inLanguage\":\"es\",\"potentialAction\":[{\"@type\":\"CommentAction\",\"name\":\"Comment\",\"target\":[\"https:\\\/\\\/www.alasmedios.com\\\/index.php\\\/2026\\\/01\\\/20\\\/aeronave-militar-de-estados-unidos-en-toluca-tropas-extranjeras\\\/#respond\"]}]},{\"@type\":\"WebPage\",\"@id\":\"https:\\\/\\\/www.alasmedios.com\\\/index.php\\\/2026\\\/01\\\/20\\\/aeronave-militar-de-estados-unidos-en-toluca-tropas-extranjeras\\\/\",\"url\":\"https:\\\/\\\/www.alasmedios.com\\\/index.php\\\/2026\\\/01\\\/20\\\/aeronave-militar-de-estados-unidos-en-toluca-tropas-extranjeras\\\/\",\"name\":\"Aeronave militar de Estados Unidos en Toluca \u00bftropas extranjeras? - Alas Medios\",\"isPartOf\":{\"@id\":\"https:\\\/\\\/www.alasmedios.com\\\/#website\"},\"primaryImageOfPage\":{\"@id\":\"https:\\\/\\\/www.alasmedios.com\\\/index.php\\\/2026\\\/01\\\/20\\\/aeronave-militar-de-estados-unidos-en-toluca-tropas-extranjeras\\\/#primaryimage\"},\"image\":{\"@id\":\"https:\\\/\\\/www.alasmedios.com\\\/index.php\\\/2026\\\/01\\\/20\\\/aeronave-militar-de-estados-unidos-en-toluca-tropas-extranjeras\\\/#primaryimage\"},\"thumbnailUrl\":\"https:\\\/\\\/www.alasmedios.com\\\/wp-content\\\/uploads\\\/2026\\\/01\\\/Aeronave-militar-de-Estados-Unidos-en-Toluca-tropas-extranjeras.png\",\"datePublished\":\"2026-01-20T17:42:45+00:00\",\"dateModified\":\"2026-01-20T18:00:15+00:00\",\"breadcrumb\":{\"@id\":\"https:\\\/\\\/www.alasmedios.com\\\/index.php\\\/2026\\\/01\\\/20\\\/aeronave-militar-de-estados-unidos-en-toluca-tropas-extranjeras\\\/#breadcrumb\"},\"inLanguage\":\"es\",\"potentialAction\":[{\"@type\":\"ReadAction\",\"target\":[\"https:\\\/\\\/www.alasmedios.com\\\/index.php\\\/2026\\\/01\\\/20\\\/aeronave-militar-de-estados-unidos-en-toluca-tropas-extranjeras\\\/\"]}]},{\"@type\":\"ImageObject\",\"inLanguage\":\"es\",\"@id\":\"https:\\\/\\\/www.alasmedios.com\\\/index.php\\\/2026\\\/01\\\/20\\\/aeronave-militar-de-estados-unidos-en-toluca-tropas-extranjeras\\\/#primaryimage\",\"url\":\"https:\\\/\\\/www.alasmedios.com\\\/wp-content\\\/uploads\\\/2026\\\/01\\\/Aeronave-militar-de-Estados-Unidos-en-Toluca-tropas-extranjeras.png\",\"contentUrl\":\"https:\\\/\\\/www.alasmedios.com\\\/wp-content\\\/uploads\\\/2026\\\/01\\\/Aeronave-militar-de-Estados-Unidos-en-Toluca-tropas-extranjeras.png\",\"width\":2000,\"height\":1214},{\"@type\":\"BreadcrumbList\",\"@id\":\"https:\\\/\\\/www.alasmedios.com\\\/index.php\\\/2026\\\/01\\\/20\\\/aeronave-militar-de-estados-unidos-en-toluca-tropas-extranjeras\\\/#breadcrumb\",\"itemListElement\":[{\"@type\":\"ListItem\",\"position\":1,\"name\":\"Inicio\",\"item\":\"https:\\\/\\\/www.alasmedios.com\\\/\"},{\"@type\":\"ListItem\",\"position\":2,\"name\":\"Aeronave militar de Estados Unidos en Toluca \u00bftropas extranjeras?\"}]},{\"@type\":\"WebSite\",\"@id\":\"https:\\\/\\\/www.alasmedios.com\\\/#website\",\"url\":\"https:\\\/\\\/www.alasmedios.com\\\/\",\"name\":\"Alas Medios\",\"description\":\"Alas para pensar, Alas para volar, Alas de libertad\",\"publisher\":{\"@id\":\"https:\\\/\\\/www.alasmedios.com\\\/#organization\"},\"potentialAction\":[{\"@type\":\"SearchAction\",\"target\":{\"@type\":\"EntryPoint\",\"urlTemplate\":\"https:\\\/\\\/www.alasmedios.com\\\/?s={search_term_string}\"},\"query-input\":{\"@type\":\"PropertyValueSpecification\",\"valueRequired\":true,\"valueName\":\"search_term_string\"}}],\"inLanguage\":\"es\"},{\"@type\":\"Organization\",\"@id\":\"https:\\\/\\\/www.alasmedios.com\\\/#organization\",\"name\":\"Alas Medios\",\"url\":\"https:\\\/\\\/www.alasmedios.com\\\/\",\"logo\":{\"@type\":\"ImageObject\",\"inLanguage\":\"es\",\"@id\":\"https:\\\/\\\/www.alasmedios.com\\\/#\\\/schema\\\/logo\\\/image\\\/\",\"url\":\"https:\\\/\\\/www.alasmedios.com\\\/wp-content\\\/uploads\\\/2026\\\/01\\\/cropped-cropped-GAM-1.png\",\"contentUrl\":\"https:\\\/\\\/www.alasmedios.com\\\/wp-content\\\/uploads\\\/2026\\\/01\\\/cropped-cropped-GAM-1.png\",\"width\":467,\"height\":235,\"caption\":\"Alas Medios\"},\"image\":{\"@id\":\"https:\\\/\\\/www.alasmedios.com\\\/#\\\/schema\\\/logo\\\/image\\\/\"}},{\"@type\":\"Person\",\"@id\":\"https:\\\/\\\/www.alasmedios.com\\\/#\\\/schema\\\/person\\\/0ba31bdd19a05ebf5c7fef1fedf99c34\",\"name\":\"Keila Rodr\u00edguez Pe\u00f1a\",\"image\":{\"@type\":\"ImageObject\",\"inLanguage\":\"es\",\"@id\":\"https:\\\/\\\/secure.gravatar.com\\\/avatar\\\/a2553a2bfaa601b9d539b617c8793e151bdffb60f9e48a249912f86d4c9ebeef?s=96&d=mm&r=g\",\"url\":\"https:\\\/\\\/secure.gravatar.com\\\/avatar\\\/a2553a2bfaa601b9d539b617c8793e151bdffb60f9e48a249912f86d4c9ebeef?s=96&d=mm&r=g\",\"contentUrl\":\"https:\\\/\\\/secure.gravatar.com\\\/avatar\\\/a2553a2bfaa601b9d539b617c8793e151bdffb60f9e48a249912f86d4c9ebeef?s=96&d=mm&r=g\",\"caption\":\"Keila Rodr\u00edguez Pe\u00f1a\"},\"sameAs\":[\"http:\\\/\\\/www.alasmedios.com\"],\"url\":\"https:\\\/\\\/www.alasmedios.com\\\/index.php\\\/author\\\/keila\\\/\"}]}<\/script>\r\n<!-- \/ Yoast SEO plugin. -->","yoast_head_json":{"title":"Aeronave militar de Estados Unidos en Toluca \u00bftropas extranjeras? - Alas Medios","robots":{"index":"index","follow":"follow","max-snippet":"max-snippet:-1","max-image-preview":"max-image-preview:large","max-video-preview":"max-video-preview:-1"},"canonical":"https:\/\/www.alasmedios.com\/index.php\/2026\/01\/20\/aeronave-militar-de-estados-unidos-en-toluca-tropas-extranjeras\/","og_locale":"es_MX","og_type":"article","og_title":"Aeronave militar de Estados Unidos en Toluca \u00bftropas extranjeras? - Alas Medios","og_description":"La presencia de una aeronave militar de Estados Unidos en el aeropuerto de Toluca, registrada el s\u00e1bado 17 de enero,","og_url":"https:\/\/www.alasmedios.com\/index.php\/2026\/01\/20\/aeronave-militar-de-estados-unidos-en-toluca-tropas-extranjeras\/","og_site_name":"Alas Medios","article_published_time":"2026-01-20T17:42:45+00:00","article_modified_time":"2026-01-20T18:00:15+00:00","og_image":[{"width":2000,"height":1214,"url":"https:\/\/www.alasmedios.com\/wp-content\/uploads\/2026\/01\/Aeronave-militar-de-Estados-Unidos-en-Toluca-tropas-extranjeras.png","type":"image\/png"}],"author":"Keila Rodr\u00edguez Pe\u00f1a","twitter_card":"summary_large_image","twitter_misc":{"Escrito por":"Keila Rodr\u00edguez Pe\u00f1a","Tiempo de lectura":"3 minutos"},"schema":{"@context":"https:\/\/schema.org","@graph":[{"@type":"Article","@id":"https:\/\/www.alasmedios.com\/index.php\/2026\/01\/20\/aeronave-militar-de-estados-unidos-en-toluca-tropas-extranjeras\/#article","isPartOf":{"@id":"https:\/\/www.alasmedios.com\/index.php\/2026\/01\/20\/aeronave-militar-de-estados-unidos-en-toluca-tropas-extranjeras\/"},"author":{"name":"Keila Rodr\u00edguez Pe\u00f1a","@id":"https:\/\/www.alasmedios.com\/#\/schema\/person\/0ba31bdd19a05ebf5c7fef1fedf99c34"},"headline":"Aeronave militar de Estados Unidos en Toluca \u00bftropas extranjeras?","datePublished":"2026-01-20T17:42:45+00:00","dateModified":"2026-01-20T18:00:15+00:00","mainEntityOfPage":{"@id":"https:\/\/www.alasmedios.com\/index.php\/2026\/01\/20\/aeronave-militar-de-estados-unidos-en-toluca-tropas-extranjeras\/"},"wordCount":611,"commentCount":0,"publisher":{"@id":"https:\/\/www.alasmedios.com\/#organization"},"image":{"@id":"https:\/\/www.alasmedios.com\/index.php\/2026\/01\/20\/aeronave-militar-de-estados-unidos-en-toluca-tropas-extranjeras\/#primaryimage"},"thumbnailUrl":"https:\/\/www.alasmedios.com\/wp-content\/uploads\/2026\/01\/Aeronave-militar-de-Estados-Unidos-en-Toluca-tropas-extranjeras.png","keywords":["Claudia Sheinbaum","Estados Unidos","M\u00e9xico","Toluca"],"articleSection":["M\u00e9xico"],"inLanguage":"es","potentialAction":[{"@type":"CommentAction","name":"Comment","target":["https:\/\/www.alasmedios.com\/index.php\/2026\/01\/20\/aeronave-militar-de-estados-unidos-en-toluca-tropas-extranjeras\/#respond"]}]},{"@type":"WebPage","@id":"https:\/\/www.alasmedios.com\/index.php\/2026\/01\/20\/aeronave-militar-de-estados-unidos-en-toluca-tropas-extranjeras\/","url":"https:\/\/www.alasmedios.com\/index.php\/2026\/01\/20\/aeronave-militar-de-estados-unidos-en-toluca-tropas-extranjeras\/","name":"Aeronave militar de Estados Unidos en Toluca \u00bftropas extranjeras? - Alas Medios","isPartOf":{"@id":"https:\/\/www.alasmedios.com\/#website"},"primaryImageOfPage":{"@id":"https:\/\/www.alasmedios.com\/index.php\/2026\/01\/20\/aeronave-militar-de-estados-unidos-en-toluca-tropas-extranjeras\/#primaryimage"},"image":{"@id":"https:\/\/www.alasmedios.com\/index.php\/2026\/01\/20\/aeronave-militar-de-estados-unidos-en-toluca-tropas-extranjeras\/#primaryimage"},"thumbnailUrl":"https:\/\/www.alasmedios.com\/wp-content\/uploads\/2026\/01\/Aeronave-militar-de-Estados-Unidos-en-Toluca-tropas-extranjeras.png","datePublished":"2026-01-20T17:42:45+00:00","dateModified":"2026-01-20T18:00:15+00:00","breadcrumb":{"@id":"https:\/\/www.alasmedios.com\/index.php\/2026\/01\/20\/aeronave-militar-de-estados-unidos-en-toluca-tropas-extranjeras\/#breadcrumb"},"inLanguage":"es","potentialAction":[{"@type":"ReadAction","target":["https:\/\/www.alasmedios.com\/index.php\/2026\/01\/20\/aeronave-militar-de-estados-unidos-en-toluca-tropas-extranjeras\/"]}]},{"@type":"ImageObject","inLanguage":"es","@id":"https:\/\/www.alasmedios.com\/index.php\/2026\/01\/20\/aeronave-militar-de-estados-unidos-en-toluca-tropas-extranjeras\/#primaryimage","url":"https:\/\/www.alasmedios.com\/wp-content\/uploads\/2026\/01\/Aeronave-militar-de-Estados-Unidos-en-Toluca-tropas-extranjeras.png","contentUrl":"https:\/\/www.alasmedios.com\/wp-content\/uploads\/2026\/01\/Aeronave-militar-de-Estados-Unidos-en-Toluca-tropas-extranjeras.png","width":2000,"height":1214},{"@type":"BreadcrumbList","@id":"https:\/\/www.alasmedios.com\/index.php\/2026\/01\/20\/aeronave-militar-de-estados-unidos-en-toluca-tropas-extranjeras\/#breadcrumb","itemListElement":[{"@type":"ListItem","position":1,"name":"Inicio","item":"https:\/\/www.alasmedios.com\/"},{"@type":"ListItem","position":2,"name":"Aeronave militar de Estados Unidos en Toluca \u00bftropas extranjeras?"}]},{"@type":"WebSite","@id":"https:\/\/www.alasmedios.com\/#website","url":"https:\/\/www.alasmedios.com\/","name":"Alas Medios","description":"Alas para pensar, Alas para volar, Alas de libertad","publisher":{"@id":"https:\/\/www.alasmedios.com\/#organization"},"potentialAction":[{"@type":"SearchAction","target":{"@type":"EntryPoint","urlTemplate":"https:\/\/www.alasmedios.com\/?s={search_term_string}"},"query-input":{"@type":"PropertyValueSpecification","valueRequired":true,"valueName":"search_term_string"}}],"inLanguage":"es"},{"@type":"Organization","@id":"https:\/\/www.alasmedios.com\/#organization","name":"Alas Medios","url":"https:\/\/www.alasmedios.com\/","logo":{"@type":"ImageObject","inLanguage":"es","@id":"https:\/\/www.alasmedios.com\/#\/schema\/logo\/image\/","url":"https:\/\/www.alasmedios.com\/wp-content\/uploads\/2026\/01\/cropped-cropped-GAM-1.png","contentUrl":"https:\/\/www.alasmedios.com\/wp-content\/uploads\/2026\/01\/cropped-cropped-GAM-1.png","width":467,"height":235,"caption":"Alas Medios"},"image":{"@id":"https:\/\/www.alasmedios.com\/#\/schema\/logo\/image\/"}},{"@type":"Person","@id":"https:\/\/www.alasmedios.com\/#\/schema\/person\/0ba31bdd19a05ebf5c7fef1fedf99c34","name":"Keila Rodr\u00edguez Pe\u00f1a","image":{"@type":"ImageObject","inLanguage":"es","@id":"https:\/\/secure.gravatar.com\/avatar\/a2553a2bfaa601b9d539b617c8793e151bdffb60f9e48a249912f86d4c9ebeef?s=96&d=mm&r=g","url":"https:\/\/secure.gravatar.com\/avatar\/a2553a2bfaa601b9d539b617c8793e151bdffb60f9e48a249912f86d4c9ebeef?s=96&d=mm&r=g","contentUrl":"https:\/\/secure.gravatar.com\/avatar\/a2553a2bfaa601b9d539b617c8793e151bdffb60f9e48a249912f86d4c9ebeef?s=96&d=mm&r=g","caption":"Keila Rodr\u00edguez Pe\u00f1a"},"sameAs":["http:\/\/www.alasmedios.com"],"url":"https:\/\/www.alasmedios.com\/index.php\/author\/keila\/"}]}},"_links":{"self":[{"href":"https:\/\/www.alasmedios.com\/index.php\/wp-json\/wp\/v2\/posts\/7523","targetHints":{"allow":["GET"]}}],"collection":[{"href":"https:\/\/www.alasmedios.com\/index.php\/wp-json\/wp\/v2\/posts"}],"about":[{"href":"https:\/\/www.alasmedios.com\/index.php\/wp-json\/wp\/v2\/types\/post"}],"author":[{"embeddable":true,"href":"https:\/\/www.alasmedios.com\/index.php\/wp-json\/wp\/v2\/users\/4"}],"replies":[{"embeddable":true,"href":"https:\/\/www.alasmedios.com\/index.php\/wp-json\/wp\/v2\/comments?post=7523"}],"version-history":[{"count":2,"href":"https:\/\/www.alasmedios.com\/index.php\/wp-json\/wp\/v2\/posts\/7523\/revisions"}],"predecessor-version":[{"id":7526,"href":"https:\/\/www.alasmedios.com\/index.php\/wp-json\/wp\/v2\/posts\/7523\/revisions\/7526"}],"wp:featuredmedia":[{"embeddable":true,"href":"https:\/\/www.alasmedios.com\/index.php\/wp-json\/wp\/v2\/media\/7524"}],"wp:attachment":[{"href":"https:\/\/www.alasmedios.com\/index.php\/wp-json\/wp\/v2\/media?parent=7523"}],"wp:term":[{"taxonomy":"category","embeddable":true,"href":"https:\/\/www.alasmedios.com\/index.php\/wp-json\/wp\/v2\/categories?post=7523"},{"taxonomy":"post_tag","embeddable":true,"href":"https:\/\/www.alasmedios.com\/index.php\/wp-json\/wp\/v2\/tags?post=7523"}],"curies":[{"name":"wp","href":"https:\/\/api.w.org\/{rel}","templated":true}]}}