{"id":7513,"date":"2026-01-19T12:45:16","date_gmt":"2026-01-19T18:45:16","guid":{"rendered":"https:\/\/www.alasmedios.com\/?p=7513"},"modified":"2026-01-19T12:45:16","modified_gmt":"2026-01-19T18:45:16","slug":"por-que-la-salud-de-las-mujeres-debe-ir-mas-alla-de-la-retorica","status":"publish","type":"post","link":"https:\/\/www.alasmedios.com\/index.php\/2026\/01\/19\/por-que-la-salud-de-las-mujeres-debe-ir-mas-alla-de-la-retorica\/","title":{"rendered":"Por qu\u00e9 la salud de las mujeres debe ir m\u00e1s all\u00e1 de la ret\u00f3rica"},"content":{"rendered":"\n<p>Al hablar de <strong>Salud de las Mujeres<\/strong> no basta con mencionar cifras sueltas o condiciones reproductivas: para cerrar brechas reales es imprescindible <strong>establecer pol\u00edticas y sistemas sanitarios verdaderamente centrados en las necesidades de las mujeres<\/strong>, con datos, inversi\u00f3n y decisiones informadas espec\u00edficamente por y para ellas.<\/p>\n\n\n\n<p>La salud femenina ha sido tratada hist\u00f3ricamente como un tema secundario dentro de los sistemas de salud, lo que ha generado una <strong>brecha de atenci\u00f3n y conocimiento<\/strong> que afecta la calidad de vida de millones de personas que se identifican como mujeres. <\/p>\n\n\n\n<p>Por ejemplo, solo una peque\u00f1a proporci\u00f3n de la investigaci\u00f3n biom\u00e9dica y la innovaci\u00f3n se dedica a condiciones que afectan mayoritariamente a las mujeres fuera del c\u00e1ncer, lo que limita diagn\u00f3sticos precisos y tratamientos adecuados para problemas como <strong>endometriosis, menopausia y trastornos menstruales<\/strong>.<\/p>\n\n\n\n<p>CONTIN\u00daA LEYENDO: <a href=\"https:\/\/www.alasmedios.com\/index.php\/2025\/01\/08\/sesgo-medico-de-genero\/\" data-type=\"post\" data-id=\"3075\">Sesgo m\u00e9dico de g\u00e9nero<\/a><\/p>\n\n\n\n<p>Uno de los pilares para corregir estas desigualdades es <strong>cerrar las brechas de datos espec\u00edficos por sexo y g\u00e9nero<\/strong>. Cuando no se recopilan ni analizan datos desagregados por g\u00e9nero, es imposible identificar con precisi\u00f3n cu\u00e1les son las necesidades sanitarias particulares de las mujeres, impidiendo dise\u00f1ar pol\u00edticas efectivas y respuestas adecuadas ante problemas como complicaciones durante el embarazo, enfermedades cr\u00f3nicas, salud mental y acceso a servicios preventivos.<\/p>\n\n\n\n<p>La <strong>Organizaci\u00f3n Mundial de la Salud (OMS)<\/strong> y la <strong>Organizaci\u00f3n Panamericana de la Salud (OPS)<\/strong> han insistido en que la <strong>igualdad de g\u00e9nero en salud<\/strong> implica reconocer que mujeres y hombres tienen necesidades distintas y que estas diferencias deben abordarse para corregir desequilibrios injustos e innecesarios en el acceso y control de recursos y servicios de salud.<\/p>\n\n\n\n<p>La urgencia de un enfoque centrado en las mujeres tambi\u00e9n se evidencia en la <strong>carga desproporcionada de enfermedades no transmisibles<\/strong> entre las mujeres, incluyendo problemas como dolor cr\u00f3nico, trastornos mentales y enfermedades cardiovasculares, que a menudo reciben menos atenci\u00f3n que las condiciones tradicionales asociadas con la salud reproductiva.<\/p>\n\n\n\n<p>Adem\u00e1s, la propia estructura del sistema sanitario refleja desigualdades: aunque las mujeres representan aproximadamente <strong>67% de la fuerza laboral en salud y cuidados a nivel global<\/strong>, su contribuci\u00f3n suele estar <strong>subvalorada y relegada a roles de menor remuneraci\u00f3n y poder<\/strong>, lo que limita su participaci\u00f3n en la toma de decisiones que podr\u00edan mejorar la atenci\u00f3n para otras mujeres.<\/p>\n\n\n\n<p>TE PUEDE INTERESAR: <a href=\"https:\/\/www.alasmedios.com\/index.php\/2025\/07\/03\/crisis-entre-harvard-y-eu-pone-en-riesgo-investigacion-clave-sobre-salud-femenina\/\" data-type=\"post\" data-id=\"5321\">Crisis entre Harvard y EU pone en riesgo investigaci\u00f3n clave sobre salud femenina<\/a><\/p>\n\n\n\n<p><strong>Cerrar la brecha de salud de g\u00e9nero salva vidas y tiene beneficios econ\u00f3micos<\/strong>. Un informe global sugiere que abordar las diferencias en salud entre hombres y mujeres podr\u00eda a\u00f1adir <strong>al menos 1 bill\u00f3n de d\u00f3lares al producto interno bruto mundial para 2040<\/strong>, en parte al aumentar la participaci\u00f3n econ\u00f3mica y la productividad femenina.<\/p>\n\n\n\n<p>Hablar de <strong>Salud de las Mujeres<\/strong> con fundamentos verificables implica:<\/p>\n\n\n\n<ul class=\"wp-block-list\">\n<li><strong>Generar y usar datos desagregados por g\u00e9nero<\/strong> para reconocer y responder a las necesidades reales.<\/li>\n\n\n\n<li><strong>Invertir en investigaci\u00f3n y atenci\u00f3n espec\u00edficas<\/strong> para condiciones que afectan mayoritariamente a mujeres.<\/li>\n\n\n\n<li><strong>Reconocer la igualdad de g\u00e9nero como parte integral del derecho a la salud<\/strong>, no solo como un concepto abstracto.<\/li>\n\n\n\n<li><strong>Promover liderazgo femenino y decisiones inclusivas<\/strong> dentro de los sistemas de salud.<\/li>\n<\/ul>\n\n\n\n<p>Sin estos elementos, las <strong>pol\u00edticas sanitarias<\/strong> seguir\u00e1n respondiendo a visiones parciales que no reflejan la complejidad de la salud femenina en todas sus etapas y contextos; mientras eso ocurra, millones de <strong>mujeres <\/strong>continuar\u00e1n enfrentando <strong>sistemas de salud<\/strong> que no las ven, no las miden y, en muchos casos, no las atienden como se requiere.<\/p>\n\n\n<ul class=\"wp-block-latest-posts__list is-grid columns-3 wp-block-latest-posts\"><li><div class=\"wp-block-latest-posts__featured-image\"><img loading=\"lazy\" decoding=\"async\" width=\"150\" height=\"150\" src=\"https:\/\/www.alasmedios.com\/wp-content\/uploads\/2026\/05\/AMPEP-inteligencia-artificial-150x150.jpg\" class=\"attachment-thumbnail size-thumbnail wp-post-image\" alt=\"\" style=\"\" \/><\/div><a class=\"wp-block-latest-posts__post-title\" href=\"https:\/\/www.alasmedios.com\/index.php\/2026\/05\/01\/periodismo-frente-a-la-ia-ampep-asume-liderazgo-y-apuesta-por-contar-historias-con-alma\/\">Periodismo frente a la IA: AMPEP asume liderazgo y apuesta por contar historias con \u201calma\u201d<\/a><\/li>\n<li><div class=\"wp-block-latest-posts__featured-image\"><img loading=\"lazy\" decoding=\"async\" width=\"150\" height=\"150\" src=\"https:\/\/www.alasmedios.com\/wp-content\/uploads\/2026\/05\/Hidalgo-viene-un-respiro-con-el-frente-frio-48-150x150.png\" class=\"attachment-thumbnail size-thumbnail wp-post-image\" alt=\"\" style=\"\" \/><\/div><a class=\"wp-block-latest-posts__post-title\" href=\"https:\/\/www.alasmedios.com\/index.php\/2026\/05\/01\/frente-frio-48-un-alivio-asi-impactara-en-hidalgo\/\">Frente fr\u00edo 48, un alivio: as\u00ed impactar\u00e1 en Hidalgo<\/a><\/li>\n<li><div class=\"wp-block-latest-posts__featured-image\"><img loading=\"lazy\" decoding=\"async\" width=\"150\" height=\"150\" src=\"https:\/\/www.alasmedios.com\/wp-content\/uploads\/2026\/05\/mujeres-depresion-posparto-150x150.png\" class=\"attachment-thumbnail size-thumbnail wp-post-image\" alt=\"\" style=\"\" \/><\/div><a class=\"wp-block-latest-posts__post-title\" href=\"https:\/\/www.alasmedios.com\/index.php\/2026\/05\/01\/1-de-cada-15-mujeres-sufre-depresion-posparto\/\">1 de cada 15 mujeres sufre depresi\u00f3n posparto<\/a><\/li>\n<\/ul>\n\n\n<p><\/p>\n","protected":false},"excerpt":{"rendered":"<p>Al hablar de Salud de las Mujeres no basta con mencionar cifras sueltas o condiciones reproductivas: para cerrar brechas reales<\/p>\n","protected":false},"author":4,"featured_media":7514,"comment_status":"open","ping_status":"open","sticky":false,"template":"","format":"standard","meta":{"colormag_page_container_layout":"default_layout","colormag_page_sidebar_layout":"default_layout","rop_custom_images_group":[],"rop_custom_messages_group":[],"rop_publish_now":"initial","rop_publish_now_accounts":[],"rop_publish_now_history":[],"rop_publish_now_status":"pending","iawp_total_views":0,"footnotes":""},"categories":[45],"tags":[53,3280,136,1063],"class_list":["post-7513","post","type-post","status-publish","format-standard","has-post-thumbnail","hentry","category-ellas-dicen","tag-mujeres","tag-politicas-sanitarias","tag-salud","tag-sesgo-medico-de-genero"],"magazineBlocksPostFeaturedMedia":{"thumbnail":"https:\/\/www.alasmedios.com\/wp-content\/uploads\/2026\/01\/Por-que-la-salud-de-las-mujeres-debe-ir-mas-alla-de-la-retorica-150x150.png","medium":"https:\/\/www.alasmedios.com\/wp-content\/uploads\/2026\/01\/Por-que-la-salud-de-las-mujeres-debe-ir-mas-alla-de-la-retorica-300x182.png","medium_large":"https:\/\/www.alasmedios.com\/wp-content\/uploads\/2026\/01\/Por-que-la-salud-de-las-mujeres-debe-ir-mas-alla-de-la-retorica-768x466.png","large":"https:\/\/www.alasmedios.com\/wp-content\/uploads\/2026\/01\/Por-que-la-salud-de-las-mujeres-debe-ir-mas-alla-de-la-retorica-1024x622.png","1536x1536":"https:\/\/www.alasmedios.com\/wp-content\/uploads\/2026\/01\/Por-que-la-salud-de-las-mujeres-debe-ir-mas-alla-de-la-retorica-1536x932.png","2048x2048":"https:\/\/www.alasmedios.com\/wp-content\/uploads\/2026\/01\/Por-que-la-salud-de-las-mujeres-debe-ir-mas-alla-de-la-retorica.png","colormag-highlighted-post":"https:\/\/www.alasmedios.com\/wp-content\/uploads\/2026\/01\/Por-que-la-salud-de-las-mujeres-debe-ir-mas-alla-de-la-retorica-392x272.png","colormag-featured-post-medium":"https:\/\/www.alasmedios.com\/wp-content\/uploads\/2026\/01\/Por-que-la-salud-de-las-mujeres-debe-ir-mas-alla-de-la-retorica-390x205.png","colormag-featured-post-small":"https:\/\/www.alasmedios.com\/wp-content\/uploads\/2026\/01\/Por-que-la-salud-de-las-mujeres-debe-ir-mas-alla-de-la-retorica-130x90.png","colormag-featured-image":"https:\/\/www.alasmedios.com\/wp-content\/uploads\/2026\/01\/Por-que-la-salud-de-las-mujeres-debe-ir-mas-alla-de-la-retorica-800x445.png","colormag-default-news":"https:\/\/www.alasmedios.com\/wp-content\/uploads\/2026\/01\/Por-que-la-salud-de-las-mujeres-debe-ir-mas-alla-de-la-retorica-150x150.png","colormag-featured-image-large":"https:\/\/www.alasmedios.com\/wp-content\/uploads\/2026\/01\/Por-que-la-salud-de-las-mujeres-debe-ir-mas-alla-de-la-retorica-1400x600.png"},"magazineBlocksPostAuthor":{"name":"Keila Rodr\u00edguez Pe\u00f1a","avatar":"https:\/\/secure.gravatar.com\/avatar\/a2553a2bfaa601b9d539b617c8793e151bdffb60f9e48a249912f86d4c9ebeef?s=96&d=mm&r=g"},"magazineBlocksPostCommentsNumber":"0","magazineBlocksPostExcerpt":"Al hablar de Salud de las Mujeres no basta con mencionar cifras sueltas o condiciones reproductivas: para cerrar brechas reales","magazineBlocksPostCategories":["Ellas Dicen"],"magazineBlocksPostViewCount":56,"magazineBlocksPostReadTime":4,"magazine_blocks_featured_image_url":{"full":["https:\/\/www.alasmedios.com\/wp-content\/uploads\/2026\/01\/Por-que-la-salud-de-las-mujeres-debe-ir-mas-alla-de-la-retorica.png",2000,1214,false],"medium":["https:\/\/www.alasmedios.com\/wp-content\/uploads\/2026\/01\/Por-que-la-salud-de-las-mujeres-debe-ir-mas-alla-de-la-retorica-300x182.png",300,182,true],"thumbnail":["https:\/\/www.alasmedios.com\/wp-content\/uploads\/2026\/01\/Por-que-la-salud-de-las-mujeres-debe-ir-mas-alla-de-la-retorica-150x150.png",150,150,true]},"magazine_blocks_author":{"display_name":"Keila Rodr\u00edguez Pe\u00f1a","author_link":"https:\/\/www.alasmedios.com\/index.php\/author\/keila\/"},"magazine_blocks_comment":0,"magazine_blocks_author_image":"https:\/\/secure.gravatar.com\/avatar\/a2553a2bfaa601b9d539b617c8793e151bdffb60f9e48a249912f86d4c9ebeef?s=96&d=mm&r=g","magazine_blocks_category":"<a href=\"#\" class=\"category-link category-link-45\">Ellas Dicen<\/a>","yoast_head":"<!-- This site is optimized with the Yoast SEO plugin v27.5 - https:\/\/yoast.com\/product\/yoast-seo-wordpress\/ -->\r\n<title>Por qu\u00e9 la salud de las mujeres debe ir m\u00e1s all\u00e1 de la ret\u00f3rica - Alas Medios<\/title>\r\n<meta name=\"robots\" content=\"index, follow, max-snippet:-1, max-image-preview:large, max-video-preview:-1\" \/>\r\n<link rel=\"canonical\" href=\"https:\/\/www.alasmedios.com\/index.php\/2026\/01\/19\/por-que-la-salud-de-las-mujeres-debe-ir-mas-alla-de-la-retorica\/\" \/>\r\n<meta property=\"og:locale\" content=\"es_MX\" \/>\r\n<meta property=\"og:type\" content=\"article\" \/>\r\n<meta property=\"og:title\" content=\"Por qu\u00e9 la salud de las mujeres debe ir m\u00e1s all\u00e1 de la ret\u00f3rica - Alas Medios\" \/>\r\n<meta property=\"og:description\" content=\"Al hablar de Salud de las Mujeres no basta con mencionar cifras sueltas o condiciones reproductivas: para cerrar brechas reales\" \/>\r\n<meta property=\"og:url\" content=\"https:\/\/www.alasmedios.com\/index.php\/2026\/01\/19\/por-que-la-salud-de-las-mujeres-debe-ir-mas-alla-de-la-retorica\/\" \/>\r\n<meta property=\"og:site_name\" content=\"Alas Medios\" \/>\r\n<meta property=\"article:published_time\" content=\"2026-01-19T18:45:16+00:00\" \/>\r\n<meta property=\"og:image\" content=\"https:\/\/www.alasmedios.com\/wp-content\/uploads\/2026\/01\/Por-que-la-salud-de-las-mujeres-debe-ir-mas-alla-de-la-retorica.png\" \/>\r\n\t<meta property=\"og:image:width\" content=\"2000\" \/>\r\n\t<meta property=\"og:image:height\" content=\"1214\" \/>\r\n\t<meta property=\"og:image:type\" content=\"image\/png\" \/>\r\n<meta name=\"author\" content=\"Keila Rodr\u00edguez Pe\u00f1a\" \/>\r\n<meta name=\"twitter:card\" content=\"summary_large_image\" \/>\r\n<meta name=\"twitter:label1\" content=\"Escrito por\" \/>\n\t<meta name=\"twitter:data1\" content=\"Keila Rodr\u00edguez Pe\u00f1a\" \/>\n\t<meta name=\"twitter:label2\" content=\"Tiempo de lectura\" \/>\n\t<meta name=\"twitter:data2\" content=\"3 minutos\" \/>\r\n<script type=\"application\/ld+json\" class=\"yoast-schema-graph\">{\"@context\":\"https:\\\/\\\/schema.org\",\"@graph\":[{\"@type\":\"Article\",\"@id\":\"https:\\\/\\\/www.alasmedios.com\\\/index.php\\\/2026\\\/01\\\/19\\\/por-que-la-salud-de-las-mujeres-debe-ir-mas-alla-de-la-retorica\\\/#article\",\"isPartOf\":{\"@id\":\"https:\\\/\\\/www.alasmedios.com\\\/index.php\\\/2026\\\/01\\\/19\\\/por-que-la-salud-de-las-mujeres-debe-ir-mas-alla-de-la-retorica\\\/\"},\"author\":{\"name\":\"Keila Rodr\u00edguez Pe\u00f1a\",\"@id\":\"https:\\\/\\\/www.alasmedios.com\\\/#\\\/schema\\\/person\\\/0ba31bdd19a05ebf5c7fef1fedf99c34\"},\"headline\":\"Por qu\u00e9 la salud de las mujeres debe ir m\u00e1s all\u00e1 de la ret\u00f3rica\",\"datePublished\":\"2026-01-19T18:45:16+00:00\",\"mainEntityOfPage\":{\"@id\":\"https:\\\/\\\/www.alasmedios.com\\\/index.php\\\/2026\\\/01\\\/19\\\/por-que-la-salud-de-las-mujeres-debe-ir-mas-alla-de-la-retorica\\\/\"},\"wordCount\":622,\"commentCount\":0,\"publisher\":{\"@id\":\"https:\\\/\\\/www.alasmedios.com\\\/#organization\"},\"image\":{\"@id\":\"https:\\\/\\\/www.alasmedios.com\\\/index.php\\\/2026\\\/01\\\/19\\\/por-que-la-salud-de-las-mujeres-debe-ir-mas-alla-de-la-retorica\\\/#primaryimage\"},\"thumbnailUrl\":\"https:\\\/\\\/www.alasmedios.com\\\/wp-content\\\/uploads\\\/2026\\\/01\\\/Por-que-la-salud-de-las-mujeres-debe-ir-mas-alla-de-la-retorica.png\",\"keywords\":[\"Mujeres\",\"pol\u00edticas sanitarias\",\"Salud\",\"sesgo m\u00e9dico de g\u00e9nero\"],\"articleSection\":[\"Ellas Dicen\"],\"inLanguage\":\"es\",\"potentialAction\":[{\"@type\":\"CommentAction\",\"name\":\"Comment\",\"target\":[\"https:\\\/\\\/www.alasmedios.com\\\/index.php\\\/2026\\\/01\\\/19\\\/por-que-la-salud-de-las-mujeres-debe-ir-mas-alla-de-la-retorica\\\/#respond\"]}]},{\"@type\":\"WebPage\",\"@id\":\"https:\\\/\\\/www.alasmedios.com\\\/index.php\\\/2026\\\/01\\\/19\\\/por-que-la-salud-de-las-mujeres-debe-ir-mas-alla-de-la-retorica\\\/\",\"url\":\"https:\\\/\\\/www.alasmedios.com\\\/index.php\\\/2026\\\/01\\\/19\\\/por-que-la-salud-de-las-mujeres-debe-ir-mas-alla-de-la-retorica\\\/\",\"name\":\"Por qu\u00e9 la salud de las mujeres debe ir m\u00e1s all\u00e1 de la ret\u00f3rica - Alas Medios\",\"isPartOf\":{\"@id\":\"https:\\\/\\\/www.alasmedios.com\\\/#website\"},\"primaryImageOfPage\":{\"@id\":\"https:\\\/\\\/www.alasmedios.com\\\/index.php\\\/2026\\\/01\\\/19\\\/por-que-la-salud-de-las-mujeres-debe-ir-mas-alla-de-la-retorica\\\/#primaryimage\"},\"image\":{\"@id\":\"https:\\\/\\\/www.alasmedios.com\\\/index.php\\\/2026\\\/01\\\/19\\\/por-que-la-salud-de-las-mujeres-debe-ir-mas-alla-de-la-retorica\\\/#primaryimage\"},\"thumbnailUrl\":\"https:\\\/\\\/www.alasmedios.com\\\/wp-content\\\/uploads\\\/2026\\\/01\\\/Por-que-la-salud-de-las-mujeres-debe-ir-mas-alla-de-la-retorica.png\",\"datePublished\":\"2026-01-19T18:45:16+00:00\",\"breadcrumb\":{\"@id\":\"https:\\\/\\\/www.alasmedios.com\\\/index.php\\\/2026\\\/01\\\/19\\\/por-que-la-salud-de-las-mujeres-debe-ir-mas-alla-de-la-retorica\\\/#breadcrumb\"},\"inLanguage\":\"es\",\"potentialAction\":[{\"@type\":\"ReadAction\",\"target\":[\"https:\\\/\\\/www.alasmedios.com\\\/index.php\\\/2026\\\/01\\\/19\\\/por-que-la-salud-de-las-mujeres-debe-ir-mas-alla-de-la-retorica\\\/\"]}]},{\"@type\":\"ImageObject\",\"inLanguage\":\"es\",\"@id\":\"https:\\\/\\\/www.alasmedios.com\\\/index.php\\\/2026\\\/01\\\/19\\\/por-que-la-salud-de-las-mujeres-debe-ir-mas-alla-de-la-retorica\\\/#primaryimage\",\"url\":\"https:\\\/\\\/www.alasmedios.com\\\/wp-content\\\/uploads\\\/2026\\\/01\\\/Por-que-la-salud-de-las-mujeres-debe-ir-mas-alla-de-la-retorica.png\",\"contentUrl\":\"https:\\\/\\\/www.alasmedios.com\\\/wp-content\\\/uploads\\\/2026\\\/01\\\/Por-que-la-salud-de-las-mujeres-debe-ir-mas-alla-de-la-retorica.png\",\"width\":2000,\"height\":1214},{\"@type\":\"BreadcrumbList\",\"@id\":\"https:\\\/\\\/www.alasmedios.com\\\/index.php\\\/2026\\\/01\\\/19\\\/por-que-la-salud-de-las-mujeres-debe-ir-mas-alla-de-la-retorica\\\/#breadcrumb\",\"itemListElement\":[{\"@type\":\"ListItem\",\"position\":1,\"name\":\"Inicio\",\"item\":\"https:\\\/\\\/www.alasmedios.com\\\/\"},{\"@type\":\"ListItem\",\"position\":2,\"name\":\"Por qu\u00e9 la salud de las mujeres debe ir m\u00e1s all\u00e1 de la ret\u00f3rica\"}]},{\"@type\":\"WebSite\",\"@id\":\"https:\\\/\\\/www.alasmedios.com\\\/#website\",\"url\":\"https:\\\/\\\/www.alasmedios.com\\\/\",\"name\":\"Alas Medios\",\"description\":\"Alas para pensar, Alas para volar, Alas de libertad\",\"publisher\":{\"@id\":\"https:\\\/\\\/www.alasmedios.com\\\/#organization\"},\"potentialAction\":[{\"@type\":\"SearchAction\",\"target\":{\"@type\":\"EntryPoint\",\"urlTemplate\":\"https:\\\/\\\/www.alasmedios.com\\\/?s={search_term_string}\"},\"query-input\":{\"@type\":\"PropertyValueSpecification\",\"valueRequired\":true,\"valueName\":\"search_term_string\"}}],\"inLanguage\":\"es\"},{\"@type\":\"Organization\",\"@id\":\"https:\\\/\\\/www.alasmedios.com\\\/#organization\",\"name\":\"Alas Medios\",\"url\":\"https:\\\/\\\/www.alasmedios.com\\\/\",\"logo\":{\"@type\":\"ImageObject\",\"inLanguage\":\"es\",\"@id\":\"https:\\\/\\\/www.alasmedios.com\\\/#\\\/schema\\\/logo\\\/image\\\/\",\"url\":\"https:\\\/\\\/www.alasmedios.com\\\/wp-content\\\/uploads\\\/2026\\\/01\\\/cropped-cropped-GAM-1.png\",\"contentUrl\":\"https:\\\/\\\/www.alasmedios.com\\\/wp-content\\\/uploads\\\/2026\\\/01\\\/cropped-cropped-GAM-1.png\",\"width\":467,\"height\":235,\"caption\":\"Alas Medios\"},\"image\":{\"@id\":\"https:\\\/\\\/www.alasmedios.com\\\/#\\\/schema\\\/logo\\\/image\\\/\"}},{\"@type\":\"Person\",\"@id\":\"https:\\\/\\\/www.alasmedios.com\\\/#\\\/schema\\\/person\\\/0ba31bdd19a05ebf5c7fef1fedf99c34\",\"name\":\"Keila Rodr\u00edguez Pe\u00f1a\",\"image\":{\"@type\":\"ImageObject\",\"inLanguage\":\"es\",\"@id\":\"https:\\\/\\\/secure.gravatar.com\\\/avatar\\\/a2553a2bfaa601b9d539b617c8793e151bdffb60f9e48a249912f86d4c9ebeef?s=96&d=mm&r=g\",\"url\":\"https:\\\/\\\/secure.gravatar.com\\\/avatar\\\/a2553a2bfaa601b9d539b617c8793e151bdffb60f9e48a249912f86d4c9ebeef?s=96&d=mm&r=g\",\"contentUrl\":\"https:\\\/\\\/secure.gravatar.com\\\/avatar\\\/a2553a2bfaa601b9d539b617c8793e151bdffb60f9e48a249912f86d4c9ebeef?s=96&d=mm&r=g\",\"caption\":\"Keila Rodr\u00edguez Pe\u00f1a\"},\"sameAs\":[\"http:\\\/\\\/www.alasmedios.com\"],\"url\":\"https:\\\/\\\/www.alasmedios.com\\\/index.php\\\/author\\\/keila\\\/\"}]}<\/script>\r\n<!-- \/ Yoast SEO plugin. -->","yoast_head_json":{"title":"Por qu\u00e9 la salud de las mujeres debe ir m\u00e1s all\u00e1 de la ret\u00f3rica - Alas Medios","robots":{"index":"index","follow":"follow","max-snippet":"max-snippet:-1","max-image-preview":"max-image-preview:large","max-video-preview":"max-video-preview:-1"},"canonical":"https:\/\/www.alasmedios.com\/index.php\/2026\/01\/19\/por-que-la-salud-de-las-mujeres-debe-ir-mas-alla-de-la-retorica\/","og_locale":"es_MX","og_type":"article","og_title":"Por qu\u00e9 la salud de las mujeres debe ir m\u00e1s all\u00e1 de la ret\u00f3rica - Alas Medios","og_description":"Al hablar de Salud de las Mujeres no basta con mencionar cifras sueltas o condiciones reproductivas: para cerrar brechas reales","og_url":"https:\/\/www.alasmedios.com\/index.php\/2026\/01\/19\/por-que-la-salud-de-las-mujeres-debe-ir-mas-alla-de-la-retorica\/","og_site_name":"Alas Medios","article_published_time":"2026-01-19T18:45:16+00:00","og_image":[{"width":2000,"height":1214,"url":"https:\/\/www.alasmedios.com\/wp-content\/uploads\/2026\/01\/Por-que-la-salud-de-las-mujeres-debe-ir-mas-alla-de-la-retorica.png","type":"image\/png"}],"author":"Keila Rodr\u00edguez Pe\u00f1a","twitter_card":"summary_large_image","twitter_misc":{"Escrito por":"Keila Rodr\u00edguez Pe\u00f1a","Tiempo de lectura":"3 minutos"},"schema":{"@context":"https:\/\/schema.org","@graph":[{"@type":"Article","@id":"https:\/\/www.alasmedios.com\/index.php\/2026\/01\/19\/por-que-la-salud-de-las-mujeres-debe-ir-mas-alla-de-la-retorica\/#article","isPartOf":{"@id":"https:\/\/www.alasmedios.com\/index.php\/2026\/01\/19\/por-que-la-salud-de-las-mujeres-debe-ir-mas-alla-de-la-retorica\/"},"author":{"name":"Keila Rodr\u00edguez Pe\u00f1a","@id":"https:\/\/www.alasmedios.com\/#\/schema\/person\/0ba31bdd19a05ebf5c7fef1fedf99c34"},"headline":"Por qu\u00e9 la salud de las mujeres debe ir m\u00e1s all\u00e1 de la ret\u00f3rica","datePublished":"2026-01-19T18:45:16+00:00","mainEntityOfPage":{"@id":"https:\/\/www.alasmedios.com\/index.php\/2026\/01\/19\/por-que-la-salud-de-las-mujeres-debe-ir-mas-alla-de-la-retorica\/"},"wordCount":622,"commentCount":0,"publisher":{"@id":"https:\/\/www.alasmedios.com\/#organization"},"image":{"@id":"https:\/\/www.alasmedios.com\/index.php\/2026\/01\/19\/por-que-la-salud-de-las-mujeres-debe-ir-mas-alla-de-la-retorica\/#primaryimage"},"thumbnailUrl":"https:\/\/www.alasmedios.com\/wp-content\/uploads\/2026\/01\/Por-que-la-salud-de-las-mujeres-debe-ir-mas-alla-de-la-retorica.png","keywords":["Mujeres","pol\u00edticas sanitarias","Salud","sesgo m\u00e9dico de g\u00e9nero"],"articleSection":["Ellas Dicen"],"inLanguage":"es","potentialAction":[{"@type":"CommentAction","name":"Comment","target":["https:\/\/www.alasmedios.com\/index.php\/2026\/01\/19\/por-que-la-salud-de-las-mujeres-debe-ir-mas-alla-de-la-retorica\/#respond"]}]},{"@type":"WebPage","@id":"https:\/\/www.alasmedios.com\/index.php\/2026\/01\/19\/por-que-la-salud-de-las-mujeres-debe-ir-mas-alla-de-la-retorica\/","url":"https:\/\/www.alasmedios.com\/index.php\/2026\/01\/19\/por-que-la-salud-de-las-mujeres-debe-ir-mas-alla-de-la-retorica\/","name":"Por qu\u00e9 la salud de las mujeres debe ir m\u00e1s all\u00e1 de la ret\u00f3rica - Alas Medios","isPartOf":{"@id":"https:\/\/www.alasmedios.com\/#website"},"primaryImageOfPage":{"@id":"https:\/\/www.alasmedios.com\/index.php\/2026\/01\/19\/por-que-la-salud-de-las-mujeres-debe-ir-mas-alla-de-la-retorica\/#primaryimage"},"image":{"@id":"https:\/\/www.alasmedios.com\/index.php\/2026\/01\/19\/por-que-la-salud-de-las-mujeres-debe-ir-mas-alla-de-la-retorica\/#primaryimage"},"thumbnailUrl":"https:\/\/www.alasmedios.com\/wp-content\/uploads\/2026\/01\/Por-que-la-salud-de-las-mujeres-debe-ir-mas-alla-de-la-retorica.png","datePublished":"2026-01-19T18:45:16+00:00","breadcrumb":{"@id":"https:\/\/www.alasmedios.com\/index.php\/2026\/01\/19\/por-que-la-salud-de-las-mujeres-debe-ir-mas-alla-de-la-retorica\/#breadcrumb"},"inLanguage":"es","potentialAction":[{"@type":"ReadAction","target":["https:\/\/www.alasmedios.com\/index.php\/2026\/01\/19\/por-que-la-salud-de-las-mujeres-debe-ir-mas-alla-de-la-retorica\/"]}]},{"@type":"ImageObject","inLanguage":"es","@id":"https:\/\/www.alasmedios.com\/index.php\/2026\/01\/19\/por-que-la-salud-de-las-mujeres-debe-ir-mas-alla-de-la-retorica\/#primaryimage","url":"https:\/\/www.alasmedios.com\/wp-content\/uploads\/2026\/01\/Por-que-la-salud-de-las-mujeres-debe-ir-mas-alla-de-la-retorica.png","contentUrl":"https:\/\/www.alasmedios.com\/wp-content\/uploads\/2026\/01\/Por-que-la-salud-de-las-mujeres-debe-ir-mas-alla-de-la-retorica.png","width":2000,"height":1214},{"@type":"BreadcrumbList","@id":"https:\/\/www.alasmedios.com\/index.php\/2026\/01\/19\/por-que-la-salud-de-las-mujeres-debe-ir-mas-alla-de-la-retorica\/#breadcrumb","itemListElement":[{"@type":"ListItem","position":1,"name":"Inicio","item":"https:\/\/www.alasmedios.com\/"},{"@type":"ListItem","position":2,"name":"Por qu\u00e9 la salud de las mujeres debe ir m\u00e1s all\u00e1 de la ret\u00f3rica"}]},{"@type":"WebSite","@id":"https:\/\/www.alasmedios.com\/#website","url":"https:\/\/www.alasmedios.com\/","name":"Alas Medios","description":"Alas para pensar, Alas para volar, Alas de libertad","publisher":{"@id":"https:\/\/www.alasmedios.com\/#organization"},"potentialAction":[{"@type":"SearchAction","target":{"@type":"EntryPoint","urlTemplate":"https:\/\/www.alasmedios.com\/?s={search_term_string}"},"query-input":{"@type":"PropertyValueSpecification","valueRequired":true,"valueName":"search_term_string"}}],"inLanguage":"es"},{"@type":"Organization","@id":"https:\/\/www.alasmedios.com\/#organization","name":"Alas Medios","url":"https:\/\/www.alasmedios.com\/","logo":{"@type":"ImageObject","inLanguage":"es","@id":"https:\/\/www.alasmedios.com\/#\/schema\/logo\/image\/","url":"https:\/\/www.alasmedios.com\/wp-content\/uploads\/2026\/01\/cropped-cropped-GAM-1.png","contentUrl":"https:\/\/www.alasmedios.com\/wp-content\/uploads\/2026\/01\/cropped-cropped-GAM-1.png","width":467,"height":235,"caption":"Alas Medios"},"image":{"@id":"https:\/\/www.alasmedios.com\/#\/schema\/logo\/image\/"}},{"@type":"Person","@id":"https:\/\/www.alasmedios.com\/#\/schema\/person\/0ba31bdd19a05ebf5c7fef1fedf99c34","name":"Keila Rodr\u00edguez Pe\u00f1a","image":{"@type":"ImageObject","inLanguage":"es","@id":"https:\/\/secure.gravatar.com\/avatar\/a2553a2bfaa601b9d539b617c8793e151bdffb60f9e48a249912f86d4c9ebeef?s=96&d=mm&r=g","url":"https:\/\/secure.gravatar.com\/avatar\/a2553a2bfaa601b9d539b617c8793e151bdffb60f9e48a249912f86d4c9ebeef?s=96&d=mm&r=g","contentUrl":"https:\/\/secure.gravatar.com\/avatar\/a2553a2bfaa601b9d539b617c8793e151bdffb60f9e48a249912f86d4c9ebeef?s=96&d=mm&r=g","caption":"Keila Rodr\u00edguez Pe\u00f1a"},"sameAs":["http:\/\/www.alasmedios.com"],"url":"https:\/\/www.alasmedios.com\/index.php\/author\/keila\/"}]}},"_links":{"self":[{"href":"https:\/\/www.alasmedios.com\/index.php\/wp-json\/wp\/v2\/posts\/7513","targetHints":{"allow":["GET"]}}],"collection":[{"href":"https:\/\/www.alasmedios.com\/index.php\/wp-json\/wp\/v2\/posts"}],"about":[{"href":"https:\/\/www.alasmedios.com\/index.php\/wp-json\/wp\/v2\/types\/post"}],"author":[{"embeddable":true,"href":"https:\/\/www.alasmedios.com\/index.php\/wp-json\/wp\/v2\/users\/4"}],"replies":[{"embeddable":true,"href":"https:\/\/www.alasmedios.com\/index.php\/wp-json\/wp\/v2\/comments?post=7513"}],"version-history":[{"count":1,"href":"https:\/\/www.alasmedios.com\/index.php\/wp-json\/wp\/v2\/posts\/7513\/revisions"}],"predecessor-version":[{"id":7515,"href":"https:\/\/www.alasmedios.com\/index.php\/wp-json\/wp\/v2\/posts\/7513\/revisions\/7515"}],"wp:featuredmedia":[{"embeddable":true,"href":"https:\/\/www.alasmedios.com\/index.php\/wp-json\/wp\/v2\/media\/7514"}],"wp:attachment":[{"href":"https:\/\/www.alasmedios.com\/index.php\/wp-json\/wp\/v2\/media?parent=7513"}],"wp:term":[{"taxonomy":"category","embeddable":true,"href":"https:\/\/www.alasmedios.com\/index.php\/wp-json\/wp\/v2\/categories?post=7513"},{"taxonomy":"post_tag","embeddable":true,"href":"https:\/\/www.alasmedios.com\/index.php\/wp-json\/wp\/v2\/tags?post=7513"}],"curies":[{"name":"wp","href":"https:\/\/api.w.org\/{rel}","templated":true}]}}