{"id":7505,"date":"2026-01-19T09:23:58","date_gmt":"2026-01-19T15:23:58","guid":{"rendered":"https:\/\/www.alasmedios.com\/?p=7505"},"modified":"2026-01-19T09:23:58","modified_gmt":"2026-01-19T15:23:58","slug":"lanzan-curso-virtual-para-que-creadores-defiendan-sus-obras-en-mexico","status":"publish","type":"post","link":"https:\/\/www.alasmedios.com\/index.php\/2026\/01\/19\/lanzan-curso-virtual-para-que-creadores-defiendan-sus-obras-en-mexico\/","title":{"rendered":"Lanzan curso virtual para que creadores defiendan sus obras en M\u00e9xico"},"content":{"rendered":"\n<p>Proteger una canci\u00f3n, un libro, una ilustraci\u00f3n o una investigaci\u00f3n ya no tiene por qu\u00e9 ser un misterio; el curso <strong>\u201cProtege tu obra, gu\u00eda pr\u00e1ctica de Derechos de Autor para creadores en M\u00e9xico\u201d<\/strong> abre una ruta clara para que artistas y creadores aprendan a <strong>registrar, defender y gestionar<\/strong> su trabajo en el entorno actual.<\/p>\n\n\n\n<p>La formaci\u00f3n es <strong>100% en l\u00ednea<\/strong>, <strong>gratuita<\/strong> y est\u00e1 dirigida a <strong>artistas, escritores, m\u00fasicos, investigadores, estudiantes, gestores culturales y p\u00fablico en general<\/strong> interesado en la <strong>propiedad intelectual<\/strong>. Al finalizar, las y los participantes podr\u00e1n <strong>descargar una constancia digital<\/strong>, siempre que cumplan con los criterios de evaluaci\u00f3n.<\/p>\n\n\n\n<p>El curso es impulsado por el <strong>Centro de Cultura Digital de Hidalgo<\/strong> y ofrece una introducci\u00f3n <strong>pr\u00e1ctica y accesible<\/strong> al <strong>marco legal de los derechos de autor en M\u00e9xico<\/strong>, con \u00e9nfasis en el uso de herramientas oficiales del <strong>INDAUTOR<\/strong> para el <strong>registro de obras<\/strong>, la <strong>gesti\u00f3n de contratos y licencias<\/strong>, as\u00ed como la <strong>defensa de derechos en la era digital<\/strong>.<\/p>\n\n\n\n<p>CONTIN\u00daA LEYENDO: <a href=\"https:\/\/www.alasmedios.com\/index.php\/2026\/01\/17\/celebran-157-de-hidalgo-con-concierto\/\" data-type=\"post\" data-id=\"7498\">Celebran 157 de Hidalgo con concierto<\/a><\/p>\n\n\n\n<p>El <strong>periodo de registro<\/strong> est\u00e1 abierto <strong>del 7 al 21 de enero<\/strong>, y las <strong>contrase\u00f1as de acceso<\/strong> ser\u00e1n enviadas el <strong>mi\u00e9rcoles 21 de enero antes de las 20:00 horas<\/strong> al correo electr\u00f3nico registrado. El curso cuenta con <strong>cupo limitado<\/strong>, por lo que se recomienda completar el registro con anticipaci\u00f3n.<\/p>\n\n\n\n<p>A lo largo de <strong>seis m\u00f3dulos<\/strong>, se abordan temas como los <strong>derechos morales y patrimoniales<\/strong>, la <strong>Ley Federal del Derecho de Autor<\/strong>, los <strong>procedimientos ante el INDAUTOR<\/strong>, la <strong>elaboraci\u00f3n de contratos<\/strong>, los <strong>mecanismos de defensa<\/strong> y los <strong>retos de la creaci\u00f3n digital<\/strong>, incluyendo el uso de <strong>licencias Creative Commons<\/strong>.<\/p>\n\n\n\n<p>M\u00e1s all\u00e1 del aspecto legal, el objetivo es fortalecer la <strong>autonom\u00eda creativa<\/strong> y asegurar el <strong>reconocimiento del trabajo art\u00edstico y cultural<\/strong>, en un contexto donde la circulaci\u00f3n digital hace cada vez m\u00e1s urgente conocer y ejercer los derechos de autor.<\/p>\n\n\n\n<p>El <strong>temario completo<\/strong> y el <strong>registro<\/strong> est\u00e1n disponibles en: <strong><a href=\"https:\/\/ccd.culturahidalgo.gob.mx\/eventos\">https:\/\/ccd.culturahidalgo.gob.mx\/eventos<\/a><\/strong> y el acceso a la plataforma se realizar\u00e1 a trav\u00e9s de: <strong><a href=\"https:\/\/campus.culturahidalgo.gob.mx\/\">https:\/\/campus.culturahidalgo.gob.mx\/<\/a><\/strong><\/p>\n\n\n<ul class=\"wp-block-latest-posts__list is-grid columns-3 wp-block-latest-posts\"><li><div class=\"wp-block-latest-posts__featured-image\"><img loading=\"lazy\" decoding=\"async\" width=\"150\" height=\"150\" src=\"https:\/\/www.alasmedios.com\/wp-content\/uploads\/2026\/05\/Hidalgo-viene-un-respiro-con-el-frente-frio-48-150x150.png\" class=\"attachment-thumbnail size-thumbnail wp-post-image\" alt=\"\" style=\"\" \/><\/div><a class=\"wp-block-latest-posts__post-title\" href=\"https:\/\/www.alasmedios.com\/index.php\/2026\/05\/01\/frente-frio-48-un-alivio-asi-impactara-en-hidalgo\/\">Frente fr\u00edo 48, un alivio: as\u00ed impactar\u00e1 en Hidalgo<\/a><\/li>\n<li><div class=\"wp-block-latest-posts__featured-image\"><img loading=\"lazy\" decoding=\"async\" width=\"150\" height=\"150\" src=\"https:\/\/www.alasmedios.com\/wp-content\/uploads\/2026\/05\/mujeres-depresion-posparto-150x150.png\" class=\"attachment-thumbnail size-thumbnail wp-post-image\" alt=\"\" style=\"\" \/><\/div><a class=\"wp-block-latest-posts__post-title\" href=\"https:\/\/www.alasmedios.com\/index.php\/2026\/05\/01\/1-de-cada-15-mujeres-sufre-depresion-posparto\/\">1 de cada 15 mujeres sufre depresi\u00f3n posparto<\/a><\/li>\n<li><div class=\"wp-block-latest-posts__featured-image\"><img loading=\"lazy\" decoding=\"async\" width=\"150\" height=\"150\" src=\"https:\/\/www.alasmedios.com\/wp-content\/uploads\/2026\/05\/USEP-calidad-hospitalaria-150x150.jpeg\" class=\"attachment-thumbnail size-thumbnail wp-post-image\" alt=\"\" style=\"\" \/><\/div><a class=\"wp-block-latest-posts__post-title\" href=\"https:\/\/www.alasmedios.com\/index.php\/2026\/05\/01\/usep-activa-formacion-para-prevenir-riesgos-en-la-atencion-medica\/\">USEP activa formaci\u00f3n para prevenir riesgos en la atenci\u00f3n m\u00e9dica<\/a><\/li>\n<\/ul>","protected":false},"excerpt":{"rendered":"<p>Proteger una canci\u00f3n, un libro, una ilustraci\u00f3n o una investigaci\u00f3n ya no tiene por qu\u00e9 ser un misterio; el curso<\/p>\n","protected":false},"author":4,"featured_media":7506,"comment_status":"open","ping_status":"open","sticky":false,"template":"","format":"standard","meta":{"colormag_page_container_layout":"default_layout","colormag_page_sidebar_layout":"default_layout","rop_custom_images_group":[],"rop_custom_messages_group":[],"rop_publish_now":"initial","rop_publish_now_accounts":[],"rop_publish_now_history":[],"rop_publish_now_status":"pending","iawp_total_views":0,"footnotes":""},"categories":[41,3222],"tags":[3277,2899,3278,99,166,571],"class_list":["post-7505","post","type-post","status-publish","format-standard","has-post-thumbnail","hentry","category-hidalgo","category-mexico","tag-cultura-digital","tag-curso","tag-derechos-de-autor","tag-hidalgo","tag-mexico","tag-tecnologia"],"magazineBlocksPostFeaturedMedia":{"thumbnail":"https:\/\/www.alasmedios.com\/wp-content\/uploads\/2026\/01\/Lanzan-curso-virtual-para-que-creadores-defiendan-sus-obras-en-Mexico-150x150.png","medium":"https:\/\/www.alasmedios.com\/wp-content\/uploads\/2026\/01\/Lanzan-curso-virtual-para-que-creadores-defiendan-sus-obras-en-Mexico-300x182.png","medium_large":"https:\/\/www.alasmedios.com\/wp-content\/uploads\/2026\/01\/Lanzan-curso-virtual-para-que-creadores-defiendan-sus-obras-en-Mexico-768x466.png","large":"https:\/\/www.alasmedios.com\/wp-content\/uploads\/2026\/01\/Lanzan-curso-virtual-para-que-creadores-defiendan-sus-obras-en-Mexico-1024x622.png","1536x1536":"https:\/\/www.alasmedios.com\/wp-content\/uploads\/2026\/01\/Lanzan-curso-virtual-para-que-creadores-defiendan-sus-obras-en-Mexico-1536x932.png","2048x2048":"https:\/\/www.alasmedios.com\/wp-content\/uploads\/2026\/01\/Lanzan-curso-virtual-para-que-creadores-defiendan-sus-obras-en-Mexico.png","colormag-highlighted-post":"https:\/\/www.alasmedios.com\/wp-content\/uploads\/2026\/01\/Lanzan-curso-virtual-para-que-creadores-defiendan-sus-obras-en-Mexico-392x272.png","colormag-featured-post-medium":"https:\/\/www.alasmedios.com\/wp-content\/uploads\/2026\/01\/Lanzan-curso-virtual-para-que-creadores-defiendan-sus-obras-en-Mexico-390x205.png","colormag-featured-post-small":"https:\/\/www.alasmedios.com\/wp-content\/uploads\/2026\/01\/Lanzan-curso-virtual-para-que-creadores-defiendan-sus-obras-en-Mexico-130x90.png","colormag-featured-image":"https:\/\/www.alasmedios.com\/wp-content\/uploads\/2026\/01\/Lanzan-curso-virtual-para-que-creadores-defiendan-sus-obras-en-Mexico-800x445.png","colormag-default-news":"https:\/\/www.alasmedios.com\/wp-content\/uploads\/2026\/01\/Lanzan-curso-virtual-para-que-creadores-defiendan-sus-obras-en-Mexico-150x150.png","colormag-featured-image-large":"https:\/\/www.alasmedios.com\/wp-content\/uploads\/2026\/01\/Lanzan-curso-virtual-para-que-creadores-defiendan-sus-obras-en-Mexico-1400x600.png"},"magazineBlocksPostAuthor":{"name":"Keila Rodr\u00edguez Pe\u00f1a","avatar":"https:\/\/secure.gravatar.com\/avatar\/a2553a2bfaa601b9d539b617c8793e151bdffb60f9e48a249912f86d4c9ebeef?s=96&d=mm&r=g"},"magazineBlocksPostCommentsNumber":"0","magazineBlocksPostExcerpt":"Proteger una canci\u00f3n, un libro, una ilustraci\u00f3n o una investigaci\u00f3n ya no tiene por qu\u00e9 ser un misterio; el curso","magazineBlocksPostCategories":["Hidalgo","M\u00e9xico"],"magazineBlocksPostViewCount":54,"magazineBlocksPostReadTime":2,"magazine_blocks_featured_image_url":{"full":["https:\/\/www.alasmedios.com\/wp-content\/uploads\/2026\/01\/Lanzan-curso-virtual-para-que-creadores-defiendan-sus-obras-en-Mexico.png",2000,1214,false],"medium":["https:\/\/www.alasmedios.com\/wp-content\/uploads\/2026\/01\/Lanzan-curso-virtual-para-que-creadores-defiendan-sus-obras-en-Mexico-300x182.png",300,182,true],"thumbnail":["https:\/\/www.alasmedios.com\/wp-content\/uploads\/2026\/01\/Lanzan-curso-virtual-para-que-creadores-defiendan-sus-obras-en-Mexico-150x150.png",150,150,true]},"magazine_blocks_author":{"display_name":"Keila Rodr\u00edguez Pe\u00f1a","author_link":"https:\/\/www.alasmedios.com\/index.php\/author\/keila\/"},"magazine_blocks_comment":0,"magazine_blocks_author_image":"https:\/\/secure.gravatar.com\/avatar\/a2553a2bfaa601b9d539b617c8793e151bdffb60f9e48a249912f86d4c9ebeef?s=96&d=mm&r=g","magazine_blocks_category":"<a href=\"#\" class=\"category-link category-link-41\">Hidalgo<\/a> <a href=\"#\" class=\"category-link category-link-3222\">M\u00e9xico<\/a>","yoast_head":"<!-- This site is optimized with the Yoast SEO plugin v27.5 - https:\/\/yoast.com\/product\/yoast-seo-wordpress\/ -->\r\n<title>Lanzan curso virtual para que creadores defiendan sus obras en M\u00e9xico - Alas Medios<\/title>\r\n<meta name=\"robots\" content=\"index, follow, max-snippet:-1, max-image-preview:large, max-video-preview:-1\" \/>\r\n<link rel=\"canonical\" href=\"https:\/\/www.alasmedios.com\/index.php\/2026\/01\/19\/lanzan-curso-virtual-para-que-creadores-defiendan-sus-obras-en-mexico\/\" \/>\r\n<meta property=\"og:locale\" content=\"es_MX\" \/>\r\n<meta property=\"og:type\" content=\"article\" \/>\r\n<meta property=\"og:title\" content=\"Lanzan curso virtual para que creadores defiendan sus obras en M\u00e9xico - Alas Medios\" \/>\r\n<meta property=\"og:description\" content=\"Proteger una canci\u00f3n, un libro, una ilustraci\u00f3n o una investigaci\u00f3n ya no tiene por qu\u00e9 ser un misterio; el curso\" \/>\r\n<meta property=\"og:url\" content=\"https:\/\/www.alasmedios.com\/index.php\/2026\/01\/19\/lanzan-curso-virtual-para-que-creadores-defiendan-sus-obras-en-mexico\/\" \/>\r\n<meta property=\"og:site_name\" content=\"Alas Medios\" \/>\r\n<meta property=\"article:published_time\" content=\"2026-01-19T15:23:58+00:00\" \/>\r\n<meta property=\"og:image\" content=\"https:\/\/www.alasmedios.com\/wp-content\/uploads\/2026\/01\/Lanzan-curso-virtual-para-que-creadores-defiendan-sus-obras-en-Mexico-1024x622.png\" \/>\r\n\t<meta property=\"og:image:width\" content=\"1024\" \/>\r\n\t<meta property=\"og:image:height\" content=\"622\" \/>\r\n\t<meta property=\"og:image:type\" content=\"image\/png\" \/>\r\n<meta name=\"author\" content=\"Keila Rodr\u00edguez Pe\u00f1a\" \/>\r\n<meta name=\"twitter:card\" content=\"summary_large_image\" \/>\r\n<meta name=\"twitter:label1\" content=\"Escrito por\" \/>\n\t<meta name=\"twitter:data1\" content=\"Keila Rodr\u00edguez Pe\u00f1a\" \/>\n\t<meta name=\"twitter:label2\" content=\"Tiempo de lectura\" \/>\n\t<meta name=\"twitter:data2\" content=\"2 minutos\" \/>\r\n<script type=\"application\/ld+json\" class=\"yoast-schema-graph\">{\"@context\":\"https:\\\/\\\/schema.org\",\"@graph\":[{\"@type\":\"Article\",\"@id\":\"https:\\\/\\\/www.alasmedios.com\\\/index.php\\\/2026\\\/01\\\/19\\\/lanzan-curso-virtual-para-que-creadores-defiendan-sus-obras-en-mexico\\\/#article\",\"isPartOf\":{\"@id\":\"https:\\\/\\\/www.alasmedios.com\\\/index.php\\\/2026\\\/01\\\/19\\\/lanzan-curso-virtual-para-que-creadores-defiendan-sus-obras-en-mexico\\\/\"},\"author\":{\"name\":\"Keila Rodr\u00edguez Pe\u00f1a\",\"@id\":\"https:\\\/\\\/www.alasmedios.com\\\/#\\\/schema\\\/person\\\/0ba31bdd19a05ebf5c7fef1fedf99c34\"},\"headline\":\"Lanzan curso virtual para que creadores defiendan sus obras en M\u00e9xico\",\"datePublished\":\"2026-01-19T15:23:58+00:00\",\"mainEntityOfPage\":{\"@id\":\"https:\\\/\\\/www.alasmedios.com\\\/index.php\\\/2026\\\/01\\\/19\\\/lanzan-curso-virtual-para-que-creadores-defiendan-sus-obras-en-mexico\\\/\"},\"wordCount\":375,\"commentCount\":0,\"publisher\":{\"@id\":\"https:\\\/\\\/www.alasmedios.com\\\/#organization\"},\"image\":{\"@id\":\"https:\\\/\\\/www.alasmedios.com\\\/index.php\\\/2026\\\/01\\\/19\\\/lanzan-curso-virtual-para-que-creadores-defiendan-sus-obras-en-mexico\\\/#primaryimage\"},\"thumbnailUrl\":\"https:\\\/\\\/www.alasmedios.com\\\/wp-content\\\/uploads\\\/2026\\\/01\\\/Lanzan-curso-virtual-para-que-creadores-defiendan-sus-obras-en-Mexico.png\",\"keywords\":[\"Cultura Digital\",\"curso\",\"Derechos de Autor\",\"Hidalgo\",\"M\u00e9xico\",\"tecnolog\u00eda\"],\"articleSection\":[\"Hidalgo\",\"M\u00e9xico\"],\"inLanguage\":\"es\",\"potentialAction\":[{\"@type\":\"CommentAction\",\"name\":\"Comment\",\"target\":[\"https:\\\/\\\/www.alasmedios.com\\\/index.php\\\/2026\\\/01\\\/19\\\/lanzan-curso-virtual-para-que-creadores-defiendan-sus-obras-en-mexico\\\/#respond\"]}]},{\"@type\":\"WebPage\",\"@id\":\"https:\\\/\\\/www.alasmedios.com\\\/index.php\\\/2026\\\/01\\\/19\\\/lanzan-curso-virtual-para-que-creadores-defiendan-sus-obras-en-mexico\\\/\",\"url\":\"https:\\\/\\\/www.alasmedios.com\\\/index.php\\\/2026\\\/01\\\/19\\\/lanzan-curso-virtual-para-que-creadores-defiendan-sus-obras-en-mexico\\\/\",\"name\":\"Lanzan curso virtual para que creadores defiendan sus obras en M\u00e9xico - Alas Medios\",\"isPartOf\":{\"@id\":\"https:\\\/\\\/www.alasmedios.com\\\/#website\"},\"primaryImageOfPage\":{\"@id\":\"https:\\\/\\\/www.alasmedios.com\\\/index.php\\\/2026\\\/01\\\/19\\\/lanzan-curso-virtual-para-que-creadores-defiendan-sus-obras-en-mexico\\\/#primaryimage\"},\"image\":{\"@id\":\"https:\\\/\\\/www.alasmedios.com\\\/index.php\\\/2026\\\/01\\\/19\\\/lanzan-curso-virtual-para-que-creadores-defiendan-sus-obras-en-mexico\\\/#primaryimage\"},\"thumbnailUrl\":\"https:\\\/\\\/www.alasmedios.com\\\/wp-content\\\/uploads\\\/2026\\\/01\\\/Lanzan-curso-virtual-para-que-creadores-defiendan-sus-obras-en-Mexico.png\",\"datePublished\":\"2026-01-19T15:23:58+00:00\",\"breadcrumb\":{\"@id\":\"https:\\\/\\\/www.alasmedios.com\\\/index.php\\\/2026\\\/01\\\/19\\\/lanzan-curso-virtual-para-que-creadores-defiendan-sus-obras-en-mexico\\\/#breadcrumb\"},\"inLanguage\":\"es\",\"potentialAction\":[{\"@type\":\"ReadAction\",\"target\":[\"https:\\\/\\\/www.alasmedios.com\\\/index.php\\\/2026\\\/01\\\/19\\\/lanzan-curso-virtual-para-que-creadores-defiendan-sus-obras-en-mexico\\\/\"]}]},{\"@type\":\"ImageObject\",\"inLanguage\":\"es\",\"@id\":\"https:\\\/\\\/www.alasmedios.com\\\/index.php\\\/2026\\\/01\\\/19\\\/lanzan-curso-virtual-para-que-creadores-defiendan-sus-obras-en-mexico\\\/#primaryimage\",\"url\":\"https:\\\/\\\/www.alasmedios.com\\\/wp-content\\\/uploads\\\/2026\\\/01\\\/Lanzan-curso-virtual-para-que-creadores-defiendan-sus-obras-en-Mexico.png\",\"contentUrl\":\"https:\\\/\\\/www.alasmedios.com\\\/wp-content\\\/uploads\\\/2026\\\/01\\\/Lanzan-curso-virtual-para-que-creadores-defiendan-sus-obras-en-Mexico.png\",\"width\":2000,\"height\":1214},{\"@type\":\"BreadcrumbList\",\"@id\":\"https:\\\/\\\/www.alasmedios.com\\\/index.php\\\/2026\\\/01\\\/19\\\/lanzan-curso-virtual-para-que-creadores-defiendan-sus-obras-en-mexico\\\/#breadcrumb\",\"itemListElement\":[{\"@type\":\"ListItem\",\"position\":1,\"name\":\"Inicio\",\"item\":\"https:\\\/\\\/www.alasmedios.com\\\/\"},{\"@type\":\"ListItem\",\"position\":2,\"name\":\"Lanzan curso virtual para que creadores defiendan sus obras en M\u00e9xico\"}]},{\"@type\":\"WebSite\",\"@id\":\"https:\\\/\\\/www.alasmedios.com\\\/#website\",\"url\":\"https:\\\/\\\/www.alasmedios.com\\\/\",\"name\":\"Alas Medios\",\"description\":\"Alas para pensar, Alas para volar, Alas de libertad\",\"publisher\":{\"@id\":\"https:\\\/\\\/www.alasmedios.com\\\/#organization\"},\"potentialAction\":[{\"@type\":\"SearchAction\",\"target\":{\"@type\":\"EntryPoint\",\"urlTemplate\":\"https:\\\/\\\/www.alasmedios.com\\\/?s={search_term_string}\"},\"query-input\":{\"@type\":\"PropertyValueSpecification\",\"valueRequired\":true,\"valueName\":\"search_term_string\"}}],\"inLanguage\":\"es\"},{\"@type\":\"Organization\",\"@id\":\"https:\\\/\\\/www.alasmedios.com\\\/#organization\",\"name\":\"Alas Medios\",\"url\":\"https:\\\/\\\/www.alasmedios.com\\\/\",\"logo\":{\"@type\":\"ImageObject\",\"inLanguage\":\"es\",\"@id\":\"https:\\\/\\\/www.alasmedios.com\\\/#\\\/schema\\\/logo\\\/image\\\/\",\"url\":\"https:\\\/\\\/www.alasmedios.com\\\/wp-content\\\/uploads\\\/2026\\\/01\\\/cropped-cropped-GAM-1.png\",\"contentUrl\":\"https:\\\/\\\/www.alasmedios.com\\\/wp-content\\\/uploads\\\/2026\\\/01\\\/cropped-cropped-GAM-1.png\",\"width\":467,\"height\":235,\"caption\":\"Alas Medios\"},\"image\":{\"@id\":\"https:\\\/\\\/www.alasmedios.com\\\/#\\\/schema\\\/logo\\\/image\\\/\"}},{\"@type\":\"Person\",\"@id\":\"https:\\\/\\\/www.alasmedios.com\\\/#\\\/schema\\\/person\\\/0ba31bdd19a05ebf5c7fef1fedf99c34\",\"name\":\"Keila Rodr\u00edguez Pe\u00f1a\",\"image\":{\"@type\":\"ImageObject\",\"inLanguage\":\"es\",\"@id\":\"https:\\\/\\\/secure.gravatar.com\\\/avatar\\\/a2553a2bfaa601b9d539b617c8793e151bdffb60f9e48a249912f86d4c9ebeef?s=96&d=mm&r=g\",\"url\":\"https:\\\/\\\/secure.gravatar.com\\\/avatar\\\/a2553a2bfaa601b9d539b617c8793e151bdffb60f9e48a249912f86d4c9ebeef?s=96&d=mm&r=g\",\"contentUrl\":\"https:\\\/\\\/secure.gravatar.com\\\/avatar\\\/a2553a2bfaa601b9d539b617c8793e151bdffb60f9e48a249912f86d4c9ebeef?s=96&d=mm&r=g\",\"caption\":\"Keila Rodr\u00edguez Pe\u00f1a\"},\"sameAs\":[\"http:\\\/\\\/www.alasmedios.com\"],\"url\":\"https:\\\/\\\/www.alasmedios.com\\\/index.php\\\/author\\\/keila\\\/\"}]}<\/script>\r\n<!-- \/ Yoast SEO plugin. -->","yoast_head_json":{"title":"Lanzan curso virtual para que creadores defiendan sus obras en M\u00e9xico - Alas Medios","robots":{"index":"index","follow":"follow","max-snippet":"max-snippet:-1","max-image-preview":"max-image-preview:large","max-video-preview":"max-video-preview:-1"},"canonical":"https:\/\/www.alasmedios.com\/index.php\/2026\/01\/19\/lanzan-curso-virtual-para-que-creadores-defiendan-sus-obras-en-mexico\/","og_locale":"es_MX","og_type":"article","og_title":"Lanzan curso virtual para que creadores defiendan sus obras en M\u00e9xico - Alas Medios","og_description":"Proteger una canci\u00f3n, un libro, una ilustraci\u00f3n o una investigaci\u00f3n ya no tiene por qu\u00e9 ser un misterio; el curso","og_url":"https:\/\/www.alasmedios.com\/index.php\/2026\/01\/19\/lanzan-curso-virtual-para-que-creadores-defiendan-sus-obras-en-mexico\/","og_site_name":"Alas Medios","article_published_time":"2026-01-19T15:23:58+00:00","og_image":[{"width":1024,"height":622,"url":"https:\/\/www.alasmedios.com\/wp-content\/uploads\/2026\/01\/Lanzan-curso-virtual-para-que-creadores-defiendan-sus-obras-en-Mexico-1024x622.png","type":"image\/png"}],"author":"Keila Rodr\u00edguez Pe\u00f1a","twitter_card":"summary_large_image","twitter_misc":{"Escrito por":"Keila Rodr\u00edguez Pe\u00f1a","Tiempo de lectura":"2 minutos"},"schema":{"@context":"https:\/\/schema.org","@graph":[{"@type":"Article","@id":"https:\/\/www.alasmedios.com\/index.php\/2026\/01\/19\/lanzan-curso-virtual-para-que-creadores-defiendan-sus-obras-en-mexico\/#article","isPartOf":{"@id":"https:\/\/www.alasmedios.com\/index.php\/2026\/01\/19\/lanzan-curso-virtual-para-que-creadores-defiendan-sus-obras-en-mexico\/"},"author":{"name":"Keila Rodr\u00edguez Pe\u00f1a","@id":"https:\/\/www.alasmedios.com\/#\/schema\/person\/0ba31bdd19a05ebf5c7fef1fedf99c34"},"headline":"Lanzan curso virtual para que creadores defiendan sus obras en M\u00e9xico","datePublished":"2026-01-19T15:23:58+00:00","mainEntityOfPage":{"@id":"https:\/\/www.alasmedios.com\/index.php\/2026\/01\/19\/lanzan-curso-virtual-para-que-creadores-defiendan-sus-obras-en-mexico\/"},"wordCount":375,"commentCount":0,"publisher":{"@id":"https:\/\/www.alasmedios.com\/#organization"},"image":{"@id":"https:\/\/www.alasmedios.com\/index.php\/2026\/01\/19\/lanzan-curso-virtual-para-que-creadores-defiendan-sus-obras-en-mexico\/#primaryimage"},"thumbnailUrl":"https:\/\/www.alasmedios.com\/wp-content\/uploads\/2026\/01\/Lanzan-curso-virtual-para-que-creadores-defiendan-sus-obras-en-Mexico.png","keywords":["Cultura Digital","curso","Derechos de Autor","Hidalgo","M\u00e9xico","tecnolog\u00eda"],"articleSection":["Hidalgo","M\u00e9xico"],"inLanguage":"es","potentialAction":[{"@type":"CommentAction","name":"Comment","target":["https:\/\/www.alasmedios.com\/index.php\/2026\/01\/19\/lanzan-curso-virtual-para-que-creadores-defiendan-sus-obras-en-mexico\/#respond"]}]},{"@type":"WebPage","@id":"https:\/\/www.alasmedios.com\/index.php\/2026\/01\/19\/lanzan-curso-virtual-para-que-creadores-defiendan-sus-obras-en-mexico\/","url":"https:\/\/www.alasmedios.com\/index.php\/2026\/01\/19\/lanzan-curso-virtual-para-que-creadores-defiendan-sus-obras-en-mexico\/","name":"Lanzan curso virtual para que creadores defiendan sus obras en M\u00e9xico - Alas Medios","isPartOf":{"@id":"https:\/\/www.alasmedios.com\/#website"},"primaryImageOfPage":{"@id":"https:\/\/www.alasmedios.com\/index.php\/2026\/01\/19\/lanzan-curso-virtual-para-que-creadores-defiendan-sus-obras-en-mexico\/#primaryimage"},"image":{"@id":"https:\/\/www.alasmedios.com\/index.php\/2026\/01\/19\/lanzan-curso-virtual-para-que-creadores-defiendan-sus-obras-en-mexico\/#primaryimage"},"thumbnailUrl":"https:\/\/www.alasmedios.com\/wp-content\/uploads\/2026\/01\/Lanzan-curso-virtual-para-que-creadores-defiendan-sus-obras-en-Mexico.png","datePublished":"2026-01-19T15:23:58+00:00","breadcrumb":{"@id":"https:\/\/www.alasmedios.com\/index.php\/2026\/01\/19\/lanzan-curso-virtual-para-que-creadores-defiendan-sus-obras-en-mexico\/#breadcrumb"},"inLanguage":"es","potentialAction":[{"@type":"ReadAction","target":["https:\/\/www.alasmedios.com\/index.php\/2026\/01\/19\/lanzan-curso-virtual-para-que-creadores-defiendan-sus-obras-en-mexico\/"]}]},{"@type":"ImageObject","inLanguage":"es","@id":"https:\/\/www.alasmedios.com\/index.php\/2026\/01\/19\/lanzan-curso-virtual-para-que-creadores-defiendan-sus-obras-en-mexico\/#primaryimage","url":"https:\/\/www.alasmedios.com\/wp-content\/uploads\/2026\/01\/Lanzan-curso-virtual-para-que-creadores-defiendan-sus-obras-en-Mexico.png","contentUrl":"https:\/\/www.alasmedios.com\/wp-content\/uploads\/2026\/01\/Lanzan-curso-virtual-para-que-creadores-defiendan-sus-obras-en-Mexico.png","width":2000,"height":1214},{"@type":"BreadcrumbList","@id":"https:\/\/www.alasmedios.com\/index.php\/2026\/01\/19\/lanzan-curso-virtual-para-que-creadores-defiendan-sus-obras-en-mexico\/#breadcrumb","itemListElement":[{"@type":"ListItem","position":1,"name":"Inicio","item":"https:\/\/www.alasmedios.com\/"},{"@type":"ListItem","position":2,"name":"Lanzan curso virtual para que creadores defiendan sus obras en M\u00e9xico"}]},{"@type":"WebSite","@id":"https:\/\/www.alasmedios.com\/#website","url":"https:\/\/www.alasmedios.com\/","name":"Alas Medios","description":"Alas para pensar, Alas para volar, Alas de libertad","publisher":{"@id":"https:\/\/www.alasmedios.com\/#organization"},"potentialAction":[{"@type":"SearchAction","target":{"@type":"EntryPoint","urlTemplate":"https:\/\/www.alasmedios.com\/?s={search_term_string}"},"query-input":{"@type":"PropertyValueSpecification","valueRequired":true,"valueName":"search_term_string"}}],"inLanguage":"es"},{"@type":"Organization","@id":"https:\/\/www.alasmedios.com\/#organization","name":"Alas Medios","url":"https:\/\/www.alasmedios.com\/","logo":{"@type":"ImageObject","inLanguage":"es","@id":"https:\/\/www.alasmedios.com\/#\/schema\/logo\/image\/","url":"https:\/\/www.alasmedios.com\/wp-content\/uploads\/2026\/01\/cropped-cropped-GAM-1.png","contentUrl":"https:\/\/www.alasmedios.com\/wp-content\/uploads\/2026\/01\/cropped-cropped-GAM-1.png","width":467,"height":235,"caption":"Alas Medios"},"image":{"@id":"https:\/\/www.alasmedios.com\/#\/schema\/logo\/image\/"}},{"@type":"Person","@id":"https:\/\/www.alasmedios.com\/#\/schema\/person\/0ba31bdd19a05ebf5c7fef1fedf99c34","name":"Keila Rodr\u00edguez Pe\u00f1a","image":{"@type":"ImageObject","inLanguage":"es","@id":"https:\/\/secure.gravatar.com\/avatar\/a2553a2bfaa601b9d539b617c8793e151bdffb60f9e48a249912f86d4c9ebeef?s=96&d=mm&r=g","url":"https:\/\/secure.gravatar.com\/avatar\/a2553a2bfaa601b9d539b617c8793e151bdffb60f9e48a249912f86d4c9ebeef?s=96&d=mm&r=g","contentUrl":"https:\/\/secure.gravatar.com\/avatar\/a2553a2bfaa601b9d539b617c8793e151bdffb60f9e48a249912f86d4c9ebeef?s=96&d=mm&r=g","caption":"Keila Rodr\u00edguez Pe\u00f1a"},"sameAs":["http:\/\/www.alasmedios.com"],"url":"https:\/\/www.alasmedios.com\/index.php\/author\/keila\/"}]}},"_links":{"self":[{"href":"https:\/\/www.alasmedios.com\/index.php\/wp-json\/wp\/v2\/posts\/7505","targetHints":{"allow":["GET"]}}],"collection":[{"href":"https:\/\/www.alasmedios.com\/index.php\/wp-json\/wp\/v2\/posts"}],"about":[{"href":"https:\/\/www.alasmedios.com\/index.php\/wp-json\/wp\/v2\/types\/post"}],"author":[{"embeddable":true,"href":"https:\/\/www.alasmedios.com\/index.php\/wp-json\/wp\/v2\/users\/4"}],"replies":[{"embeddable":true,"href":"https:\/\/www.alasmedios.com\/index.php\/wp-json\/wp\/v2\/comments?post=7505"}],"version-history":[{"count":1,"href":"https:\/\/www.alasmedios.com\/index.php\/wp-json\/wp\/v2\/posts\/7505\/revisions"}],"predecessor-version":[{"id":7507,"href":"https:\/\/www.alasmedios.com\/index.php\/wp-json\/wp\/v2\/posts\/7505\/revisions\/7507"}],"wp:featuredmedia":[{"embeddable":true,"href":"https:\/\/www.alasmedios.com\/index.php\/wp-json\/wp\/v2\/media\/7506"}],"wp:attachment":[{"href":"https:\/\/www.alasmedios.com\/index.php\/wp-json\/wp\/v2\/media?parent=7505"}],"wp:term":[{"taxonomy":"category","embeddable":true,"href":"https:\/\/www.alasmedios.com\/index.php\/wp-json\/wp\/v2\/categories?post=7505"},{"taxonomy":"post_tag","embeddable":true,"href":"https:\/\/www.alasmedios.com\/index.php\/wp-json\/wp\/v2\/tags?post=7505"}],"curies":[{"name":"wp","href":"https:\/\/api.w.org\/{rel}","templated":true}]}}