{"id":7501,"date":"2026-01-17T10:14:20","date_gmt":"2026-01-17T16:14:20","guid":{"rendered":"https:\/\/www.alasmedios.com\/?p=7501"},"modified":"2026-01-17T10:14:20","modified_gmt":"2026-01-17T16:14:20","slug":"nominan-a-maya-becerra-y-mariana-bernal-a-atleta-del-ano-2025","status":"publish","type":"post","link":"https:\/\/www.alasmedios.com\/index.php\/2026\/01\/17\/nominan-a-maya-becerra-y-mariana-bernal-a-atleta-del-ano-2025\/","title":{"rendered":"Nominan a Maya Becerra y Mariana Bernal a Atleta del A\u00f1o 2025"},"content":{"rendered":"\n<p>En la gran liga del <strong>tiro con arco internacional<\/strong>, <strong>M\u00e9xico<\/strong> volvi\u00f3 a levantar la mano. <strong>Maya Becerra<\/strong> y <strong>Mariana Bernal<\/strong> fueron nominadas a <strong>\u201cAtleta del A\u00f1o 2025\u201d<\/strong> por <strong>World Archery<\/strong>, el reconocimiento m\u00e1s alto de la temporada en esta disciplina.<\/p>\n\n\n\n<p>Las arqueras de <strong>arco compuesto<\/strong> firmaron un a\u00f1o de aut\u00e9ntico <strong>alto voltaje<\/strong>, acumulando <strong>medallas<\/strong>, finales vibrantes y actuaciones que las colocaron en la \u00e9lite mundial. <strong>Becerra<\/strong> tuvo un 2025 de ensue\u00f1o al coronarse en los <strong>Juegos Mundiales Chengd\u00fa 2025<\/strong> y en el <strong>Campeonato Mundial<\/strong>, adem\u00e1s de subir al podio en pruebas de <strong>equipos<\/strong> y <strong>mixtos<\/strong>.<\/p>\n\n\n\n<p>Del otro lado del blanco, <strong>Mariana Bernal<\/strong> se consolid\u00f3 como una de las grandes revelaciones del circuito. Multimedallista por equipos, conquist\u00f3 la <strong>Copa Merengue<\/strong> y firm\u00f3 su golpe m\u00e1s fuerte en la <strong>Final de la Copa del Mundo<\/strong>, donde venci\u00f3 en duelo directo a la propia <strong>Becerra<\/strong> para colgarse el <strong>oro<\/strong>.<\/p>\n\n\n\n<p>CONTIN\u00daA LEYENDO: <a href=\"https:\/\/www.alasmedios.com\/index.php\/2026\/01\/14\/supermamas-reinas-del-invierno-van-por-milano-cortina-2026\/\" data-type=\"post\" data-id=\"7462\">Supermam\u00e1s: reinas del invierno van por Milano Cortina 2026<\/a><\/p>\n\n\n\n<p>El protagonismo mexicano no termina ah\u00ed. <strong>Karen Montellano<\/strong>, entrenadora de ambas arqueras, tambi\u00e9n fue nominada, al igual que el <strong>equipo femenil de arco compuesto<\/strong>, integrado por <strong>Maya Becerra, Mariana Bernal y Adriana Castillo<\/strong>, que compite en la categor\u00eda de <strong>mejor equipo<\/strong>.<\/p>\n\n\n\n<p>Los <strong>Premios de World Archery<\/strong> distinguen lo mejor del a\u00f1o en <strong>ocho categor\u00edas<\/strong>, y la pelea ya est\u00e1 abierta. Las <a href=\"https:\/\/www.worldarcheryawards.com\/\"><strong>votaciones<\/strong> <\/a>permanecer\u00e1n activas hasta el <strong>13 de febrero<\/strong> en el portal oficial del organismo, donde el p\u00fablico tambi\u00e9n puede hacer valer su flecha.<\/p>\n\n\n<ul class=\"wp-block-latest-posts__list is-grid columns-3 wp-block-latest-posts\"><li><div class=\"wp-block-latest-posts__featured-image\"><img loading=\"lazy\" decoding=\"async\" width=\"150\" height=\"150\" src=\"https:\/\/www.alasmedios.com\/wp-content\/uploads\/2026\/05\/Super-Final-de-la-Copa-del-Mundo-de-Clavados-2026-150x150.jpeg\" class=\"attachment-thumbnail size-thumbnail wp-post-image\" alt=\"\" style=\"\" \/><\/div><a class=\"wp-block-latest-posts__post-title\" href=\"https:\/\/www.alasmedios.com\/index.php\/2026\/05\/01\/mexico-se-lanza-por-la-cima-once-clavadistas-buscan-la-gloria-mundial-en-pekin-2026\/\">M\u00e9xico se lanza por la cima: once clavadistas buscan la gloria mundial en Pek\u00edn 2026<\/a><\/li>\n<li><div class=\"wp-block-latest-posts__featured-image\"><img loading=\"lazy\" decoding=\"async\" width=\"150\" height=\"150\" src=\"https:\/\/www.alasmedios.com\/wp-content\/uploads\/2026\/04\/Puebla-el-Congreso-aprobo-el-Protocolo-Homologado-de-Investigacion-de-Delitos-contra-Personas-LGBTTTI-150x150.png\" class=\"attachment-thumbnail size-thumbnail wp-post-image\" alt=\"\" style=\"\" \/><\/div><a class=\"wp-block-latest-posts__post-title\" href=\"https:\/\/www.alasmedios.com\/index.php\/2026\/04\/30\/puebla-impulsa-protocolo-contra-delitos-lgbttti\/\">Puebla impulsa protocolo contra delitos LGBTTTI+<\/a><\/li>\n<li><div class=\"wp-block-latest-posts__featured-image\"><img loading=\"lazy\" decoding=\"async\" width=\"150\" height=\"150\" src=\"https:\/\/www.alasmedios.com\/wp-content\/uploads\/2026\/04\/PEC-Parque-Ecologico-Cubitos-150x150.jpg\" class=\"attachment-thumbnail size-thumbnail wp-post-image\" alt=\"\" style=\"\" \/><\/div><a class=\"wp-block-latest-posts__post-title\" href=\"https:\/\/www.alasmedios.com\/index.php\/2026\/04\/30\/naturaleza-viva-en-pachuca-cubitos-conmemora-a-los-jardines-botanicos\/\">Naturaleza viva en Pachuca: Cubitos conmemora a los jardines bot\u00e1nicos<\/a><\/li>\n<\/ul>","protected":false},"excerpt":{"rendered":"<p>En la gran liga del tiro con arco internacional, M\u00e9xico volvi\u00f3 a levantar la mano. Maya Becerra y Mariana Bernal<\/p>\n","protected":false},"author":4,"featured_media":7502,"comment_status":"open","ping_status":"open","sticky":false,"template":"","format":"standard","meta":{"colormag_page_container_layout":"default_layout","colormag_page_sidebar_layout":"default_layout","rop_custom_images_group":[],"rop_custom_messages_group":[],"rop_publish_now":"initial","rop_publish_now_accounts":[],"rop_publish_now_history":[],"rop_publish_now_status":"pending","iawp_total_views":1,"footnotes":""},"categories":[3223],"tags":[3276,223,1892,1891,1890,3275],"class_list":["post-7501","post","type-post","status-publish","format-standard","has-post-thumbnail","hentry","category-deportes","tag-atleta-del-ano-2025","tag-deportes","tag-mariana-bernal","tag-maya-becerra","tag-tiro-con-arco","tag-world-archery"],"magazineBlocksPostFeaturedMedia":{"thumbnail":"https:\/\/www.alasmedios.com\/wp-content\/uploads\/2026\/01\/Nominan-a-Maya-Becerra-y-Mariana-Bernal-a-Atleta-del-Ano-2025-150x150.png","medium":"https:\/\/www.alasmedios.com\/wp-content\/uploads\/2026\/01\/Nominan-a-Maya-Becerra-y-Mariana-Bernal-a-Atleta-del-Ano-2025-300x169.png","medium_large":"https:\/\/www.alasmedios.com\/wp-content\/uploads\/2026\/01\/Nominan-a-Maya-Becerra-y-Mariana-Bernal-a-Atleta-del-Ano-2025-768x433.png","large":"https:\/\/www.alasmedios.com\/wp-content\/uploads\/2026\/01\/Nominan-a-Maya-Becerra-y-Mariana-Bernal-a-Atleta-del-Ano-2025-1024x577.png","1536x1536":"https:\/\/www.alasmedios.com\/wp-content\/uploads\/2026\/01\/Nominan-a-Maya-Becerra-y-Mariana-Bernal-a-Atleta-del-Ano-2025-1536x865.png","2048x2048":"https:\/\/www.alasmedios.com\/wp-content\/uploads\/2026\/01\/Nominan-a-Maya-Becerra-y-Mariana-Bernal-a-Atleta-del-Ano-2025.png","colormag-highlighted-post":"https:\/\/www.alasmedios.com\/wp-content\/uploads\/2026\/01\/Nominan-a-Maya-Becerra-y-Mariana-Bernal-a-Atleta-del-Ano-2025-392x272.png","colormag-featured-post-medium":"https:\/\/www.alasmedios.com\/wp-content\/uploads\/2026\/01\/Nominan-a-Maya-Becerra-y-Mariana-Bernal-a-Atleta-del-Ano-2025-390x205.png","colormag-featured-post-small":"https:\/\/www.alasmedios.com\/wp-content\/uploads\/2026\/01\/Nominan-a-Maya-Becerra-y-Mariana-Bernal-a-Atleta-del-Ano-2025-130x90.png","colormag-featured-image":"https:\/\/www.alasmedios.com\/wp-content\/uploads\/2026\/01\/Nominan-a-Maya-Becerra-y-Mariana-Bernal-a-Atleta-del-Ano-2025-800x445.png","colormag-default-news":"https:\/\/www.alasmedios.com\/wp-content\/uploads\/2026\/01\/Nominan-a-Maya-Becerra-y-Mariana-Bernal-a-Atleta-del-Ano-2025-150x150.png","colormag-featured-image-large":"https:\/\/www.alasmedios.com\/wp-content\/uploads\/2026\/01\/Nominan-a-Maya-Becerra-y-Mariana-Bernal-a-Atleta-del-Ano-2025-1400x600.png"},"magazineBlocksPostAuthor":{"name":"Keila Rodr\u00edguez Pe\u00f1a","avatar":"https:\/\/secure.gravatar.com\/avatar\/a2553a2bfaa601b9d539b617c8793e151bdffb60f9e48a249912f86d4c9ebeef?s=96&d=mm&r=g"},"magazineBlocksPostCommentsNumber":"0","magazineBlocksPostExcerpt":"En la gran liga del tiro con arco internacional, M\u00e9xico volvi\u00f3 a levantar la mano. Maya Becerra y Mariana Bernal","magazineBlocksPostCategories":["Deportes"],"magazineBlocksPostViewCount":59,"magazineBlocksPostReadTime":2,"magazine_blocks_featured_image_url":{"full":["https:\/\/www.alasmedios.com\/wp-content\/uploads\/2026\/01\/Nominan-a-Maya-Becerra-y-Mariana-Bernal-a-Atleta-del-Ano-2025.png",1640,924,false],"medium":["https:\/\/www.alasmedios.com\/wp-content\/uploads\/2026\/01\/Nominan-a-Maya-Becerra-y-Mariana-Bernal-a-Atleta-del-Ano-2025-300x169.png",300,169,true],"thumbnail":["https:\/\/www.alasmedios.com\/wp-content\/uploads\/2026\/01\/Nominan-a-Maya-Becerra-y-Mariana-Bernal-a-Atleta-del-Ano-2025-150x150.png",150,150,true]},"magazine_blocks_author":{"display_name":"Keila Rodr\u00edguez Pe\u00f1a","author_link":"https:\/\/www.alasmedios.com\/index.php\/author\/keila\/"},"magazine_blocks_comment":0,"magazine_blocks_author_image":"https:\/\/secure.gravatar.com\/avatar\/a2553a2bfaa601b9d539b617c8793e151bdffb60f9e48a249912f86d4c9ebeef?s=96&d=mm&r=g","magazine_blocks_category":"<a href=\"#\" class=\"category-link category-link-3223\">Deportes<\/a>","yoast_head":"<!-- This site is optimized with the Yoast SEO plugin v27.5 - https:\/\/yoast.com\/product\/yoast-seo-wordpress\/ -->\r\n<title>Nominan a Maya Becerra y Mariana Bernal a Atleta del A\u00f1o 2025 - Alas Medios<\/title>\r\n<meta name=\"robots\" content=\"index, follow, max-snippet:-1, max-image-preview:large, max-video-preview:-1\" \/>\r\n<link rel=\"canonical\" href=\"https:\/\/www.alasmedios.com\/index.php\/2026\/01\/17\/nominan-a-maya-becerra-y-mariana-bernal-a-atleta-del-ano-2025\/\" \/>\r\n<meta property=\"og:locale\" content=\"es_MX\" \/>\r\n<meta property=\"og:type\" content=\"article\" \/>\r\n<meta property=\"og:title\" content=\"Nominan a Maya Becerra y Mariana Bernal a Atleta del A\u00f1o 2025 - Alas Medios\" \/>\r\n<meta property=\"og:description\" content=\"En la gran liga del tiro con arco internacional, M\u00e9xico volvi\u00f3 a levantar la mano. Maya Becerra y Mariana Bernal\" \/>\r\n<meta property=\"og:url\" content=\"https:\/\/www.alasmedios.com\/index.php\/2026\/01\/17\/nominan-a-maya-becerra-y-mariana-bernal-a-atleta-del-ano-2025\/\" \/>\r\n<meta property=\"og:site_name\" content=\"Alas Medios\" \/>\r\n<meta property=\"article:published_time\" content=\"2026-01-17T16:14:20+00:00\" \/>\r\n<meta property=\"og:image\" content=\"https:\/\/www.alasmedios.com\/wp-content\/uploads\/2026\/01\/Nominan-a-Maya-Becerra-y-Mariana-Bernal-a-Atleta-del-Ano-2025.png\" \/>\r\n\t<meta property=\"og:image:width\" content=\"1640\" \/>\r\n\t<meta property=\"og:image:height\" content=\"924\" \/>\r\n\t<meta property=\"og:image:type\" content=\"image\/png\" \/>\r\n<meta name=\"author\" content=\"Keila Rodr\u00edguez Pe\u00f1a\" \/>\r\n<meta name=\"twitter:card\" content=\"summary_large_image\" \/>\r\n<meta name=\"twitter:label1\" content=\"Escrito por\" \/>\n\t<meta name=\"twitter:data1\" content=\"Keila Rodr\u00edguez Pe\u00f1a\" \/>\n\t<meta name=\"twitter:label2\" content=\"Tiempo de lectura\" \/>\n\t<meta name=\"twitter:data2\" content=\"1 minuto\" \/>\r\n<script type=\"application\/ld+json\" class=\"yoast-schema-graph\">{\"@context\":\"https:\\\/\\\/schema.org\",\"@graph\":[{\"@type\":\"Article\",\"@id\":\"https:\\\/\\\/www.alasmedios.com\\\/index.php\\\/2026\\\/01\\\/17\\\/nominan-a-maya-becerra-y-mariana-bernal-a-atleta-del-ano-2025\\\/#article\",\"isPartOf\":{\"@id\":\"https:\\\/\\\/www.alasmedios.com\\\/index.php\\\/2026\\\/01\\\/17\\\/nominan-a-maya-becerra-y-mariana-bernal-a-atleta-del-ano-2025\\\/\"},\"author\":{\"name\":\"Keila Rodr\u00edguez Pe\u00f1a\",\"@id\":\"https:\\\/\\\/www.alasmedios.com\\\/#\\\/schema\\\/person\\\/0ba31bdd19a05ebf5c7fef1fedf99c34\"},\"headline\":\"Nominan a Maya Becerra y Mariana Bernal a Atleta del A\u00f1o 2025\",\"datePublished\":\"2026-01-17T16:14:20+00:00\",\"mainEntityOfPage\":{\"@id\":\"https:\\\/\\\/www.alasmedios.com\\\/index.php\\\/2026\\\/01\\\/17\\\/nominan-a-maya-becerra-y-mariana-bernal-a-atleta-del-ano-2025\\\/\"},\"wordCount\":265,\"commentCount\":0,\"publisher\":{\"@id\":\"https:\\\/\\\/www.alasmedios.com\\\/#organization\"},\"image\":{\"@id\":\"https:\\\/\\\/www.alasmedios.com\\\/index.php\\\/2026\\\/01\\\/17\\\/nominan-a-maya-becerra-y-mariana-bernal-a-atleta-del-ano-2025\\\/#primaryimage\"},\"thumbnailUrl\":\"https:\\\/\\\/www.alasmedios.com\\\/wp-content\\\/uploads\\\/2026\\\/01\\\/Nominan-a-Maya-Becerra-y-Mariana-Bernal-a-Atleta-del-Ano-2025.png\",\"keywords\":[\"Atleta del A\u00f1o 2025\",\"deportes\",\"Mariana Bernal\",\"Maya Becerra\",\"Tiro con Arco\",\"World Archery\"],\"articleSection\":[\"Deportes\"],\"inLanguage\":\"es\",\"potentialAction\":[{\"@type\":\"CommentAction\",\"name\":\"Comment\",\"target\":[\"https:\\\/\\\/www.alasmedios.com\\\/index.php\\\/2026\\\/01\\\/17\\\/nominan-a-maya-becerra-y-mariana-bernal-a-atleta-del-ano-2025\\\/#respond\"]}]},{\"@type\":\"WebPage\",\"@id\":\"https:\\\/\\\/www.alasmedios.com\\\/index.php\\\/2026\\\/01\\\/17\\\/nominan-a-maya-becerra-y-mariana-bernal-a-atleta-del-ano-2025\\\/\",\"url\":\"https:\\\/\\\/www.alasmedios.com\\\/index.php\\\/2026\\\/01\\\/17\\\/nominan-a-maya-becerra-y-mariana-bernal-a-atleta-del-ano-2025\\\/\",\"name\":\"Nominan a Maya Becerra y Mariana Bernal a Atleta del A\u00f1o 2025 - Alas Medios\",\"isPartOf\":{\"@id\":\"https:\\\/\\\/www.alasmedios.com\\\/#website\"},\"primaryImageOfPage\":{\"@id\":\"https:\\\/\\\/www.alasmedios.com\\\/index.php\\\/2026\\\/01\\\/17\\\/nominan-a-maya-becerra-y-mariana-bernal-a-atleta-del-ano-2025\\\/#primaryimage\"},\"image\":{\"@id\":\"https:\\\/\\\/www.alasmedios.com\\\/index.php\\\/2026\\\/01\\\/17\\\/nominan-a-maya-becerra-y-mariana-bernal-a-atleta-del-ano-2025\\\/#primaryimage\"},\"thumbnailUrl\":\"https:\\\/\\\/www.alasmedios.com\\\/wp-content\\\/uploads\\\/2026\\\/01\\\/Nominan-a-Maya-Becerra-y-Mariana-Bernal-a-Atleta-del-Ano-2025.png\",\"datePublished\":\"2026-01-17T16:14:20+00:00\",\"breadcrumb\":{\"@id\":\"https:\\\/\\\/www.alasmedios.com\\\/index.php\\\/2026\\\/01\\\/17\\\/nominan-a-maya-becerra-y-mariana-bernal-a-atleta-del-ano-2025\\\/#breadcrumb\"},\"inLanguage\":\"es\",\"potentialAction\":[{\"@type\":\"ReadAction\",\"target\":[\"https:\\\/\\\/www.alasmedios.com\\\/index.php\\\/2026\\\/01\\\/17\\\/nominan-a-maya-becerra-y-mariana-bernal-a-atleta-del-ano-2025\\\/\"]}]},{\"@type\":\"ImageObject\",\"inLanguage\":\"es\",\"@id\":\"https:\\\/\\\/www.alasmedios.com\\\/index.php\\\/2026\\\/01\\\/17\\\/nominan-a-maya-becerra-y-mariana-bernal-a-atleta-del-ano-2025\\\/#primaryimage\",\"url\":\"https:\\\/\\\/www.alasmedios.com\\\/wp-content\\\/uploads\\\/2026\\\/01\\\/Nominan-a-Maya-Becerra-y-Mariana-Bernal-a-Atleta-del-Ano-2025.png\",\"contentUrl\":\"https:\\\/\\\/www.alasmedios.com\\\/wp-content\\\/uploads\\\/2026\\\/01\\\/Nominan-a-Maya-Becerra-y-Mariana-Bernal-a-Atleta-del-Ano-2025.png\",\"width\":1640,\"height\":924},{\"@type\":\"BreadcrumbList\",\"@id\":\"https:\\\/\\\/www.alasmedios.com\\\/index.php\\\/2026\\\/01\\\/17\\\/nominan-a-maya-becerra-y-mariana-bernal-a-atleta-del-ano-2025\\\/#breadcrumb\",\"itemListElement\":[{\"@type\":\"ListItem\",\"position\":1,\"name\":\"Inicio\",\"item\":\"https:\\\/\\\/www.alasmedios.com\\\/\"},{\"@type\":\"ListItem\",\"position\":2,\"name\":\"Nominan a Maya Becerra y Mariana Bernal a Atleta del A\u00f1o 2025\"}]},{\"@type\":\"WebSite\",\"@id\":\"https:\\\/\\\/www.alasmedios.com\\\/#website\",\"url\":\"https:\\\/\\\/www.alasmedios.com\\\/\",\"name\":\"Alas Medios\",\"description\":\"Alas para pensar, Alas para volar, Alas de libertad\",\"publisher\":{\"@id\":\"https:\\\/\\\/www.alasmedios.com\\\/#organization\"},\"potentialAction\":[{\"@type\":\"SearchAction\",\"target\":{\"@type\":\"EntryPoint\",\"urlTemplate\":\"https:\\\/\\\/www.alasmedios.com\\\/?s={search_term_string}\"},\"query-input\":{\"@type\":\"PropertyValueSpecification\",\"valueRequired\":true,\"valueName\":\"search_term_string\"}}],\"inLanguage\":\"es\"},{\"@type\":\"Organization\",\"@id\":\"https:\\\/\\\/www.alasmedios.com\\\/#organization\",\"name\":\"Alas Medios\",\"url\":\"https:\\\/\\\/www.alasmedios.com\\\/\",\"logo\":{\"@type\":\"ImageObject\",\"inLanguage\":\"es\",\"@id\":\"https:\\\/\\\/www.alasmedios.com\\\/#\\\/schema\\\/logo\\\/image\\\/\",\"url\":\"https:\\\/\\\/www.alasmedios.com\\\/wp-content\\\/uploads\\\/2026\\\/01\\\/cropped-cropped-GAM-1.png\",\"contentUrl\":\"https:\\\/\\\/www.alasmedios.com\\\/wp-content\\\/uploads\\\/2026\\\/01\\\/cropped-cropped-GAM-1.png\",\"width\":467,\"height\":235,\"caption\":\"Alas Medios\"},\"image\":{\"@id\":\"https:\\\/\\\/www.alasmedios.com\\\/#\\\/schema\\\/logo\\\/image\\\/\"}},{\"@type\":\"Person\",\"@id\":\"https:\\\/\\\/www.alasmedios.com\\\/#\\\/schema\\\/person\\\/0ba31bdd19a05ebf5c7fef1fedf99c34\",\"name\":\"Keila Rodr\u00edguez Pe\u00f1a\",\"image\":{\"@type\":\"ImageObject\",\"inLanguage\":\"es\",\"@id\":\"https:\\\/\\\/secure.gravatar.com\\\/avatar\\\/a2553a2bfaa601b9d539b617c8793e151bdffb60f9e48a249912f86d4c9ebeef?s=96&d=mm&r=g\",\"url\":\"https:\\\/\\\/secure.gravatar.com\\\/avatar\\\/a2553a2bfaa601b9d539b617c8793e151bdffb60f9e48a249912f86d4c9ebeef?s=96&d=mm&r=g\",\"contentUrl\":\"https:\\\/\\\/secure.gravatar.com\\\/avatar\\\/a2553a2bfaa601b9d539b617c8793e151bdffb60f9e48a249912f86d4c9ebeef?s=96&d=mm&r=g\",\"caption\":\"Keila Rodr\u00edguez Pe\u00f1a\"},\"sameAs\":[\"http:\\\/\\\/www.alasmedios.com\"],\"url\":\"https:\\\/\\\/www.alasmedios.com\\\/index.php\\\/author\\\/keila\\\/\"}]}<\/script>\r\n<!-- \/ Yoast SEO plugin. -->","yoast_head_json":{"title":"Nominan a Maya Becerra y Mariana Bernal a Atleta del A\u00f1o 2025 - Alas Medios","robots":{"index":"index","follow":"follow","max-snippet":"max-snippet:-1","max-image-preview":"max-image-preview:large","max-video-preview":"max-video-preview:-1"},"canonical":"https:\/\/www.alasmedios.com\/index.php\/2026\/01\/17\/nominan-a-maya-becerra-y-mariana-bernal-a-atleta-del-ano-2025\/","og_locale":"es_MX","og_type":"article","og_title":"Nominan a Maya Becerra y Mariana Bernal a Atleta del A\u00f1o 2025 - Alas Medios","og_description":"En la gran liga del tiro con arco internacional, M\u00e9xico volvi\u00f3 a levantar la mano. Maya Becerra y Mariana Bernal","og_url":"https:\/\/www.alasmedios.com\/index.php\/2026\/01\/17\/nominan-a-maya-becerra-y-mariana-bernal-a-atleta-del-ano-2025\/","og_site_name":"Alas Medios","article_published_time":"2026-01-17T16:14:20+00:00","og_image":[{"width":1640,"height":924,"url":"https:\/\/www.alasmedios.com\/wp-content\/uploads\/2026\/01\/Nominan-a-Maya-Becerra-y-Mariana-Bernal-a-Atleta-del-Ano-2025.png","type":"image\/png"}],"author":"Keila Rodr\u00edguez Pe\u00f1a","twitter_card":"summary_large_image","twitter_misc":{"Escrito por":"Keila Rodr\u00edguez Pe\u00f1a","Tiempo de lectura":"1 minuto"},"schema":{"@context":"https:\/\/schema.org","@graph":[{"@type":"Article","@id":"https:\/\/www.alasmedios.com\/index.php\/2026\/01\/17\/nominan-a-maya-becerra-y-mariana-bernal-a-atleta-del-ano-2025\/#article","isPartOf":{"@id":"https:\/\/www.alasmedios.com\/index.php\/2026\/01\/17\/nominan-a-maya-becerra-y-mariana-bernal-a-atleta-del-ano-2025\/"},"author":{"name":"Keila Rodr\u00edguez Pe\u00f1a","@id":"https:\/\/www.alasmedios.com\/#\/schema\/person\/0ba31bdd19a05ebf5c7fef1fedf99c34"},"headline":"Nominan a Maya Becerra y Mariana Bernal a Atleta del A\u00f1o 2025","datePublished":"2026-01-17T16:14:20+00:00","mainEntityOfPage":{"@id":"https:\/\/www.alasmedios.com\/index.php\/2026\/01\/17\/nominan-a-maya-becerra-y-mariana-bernal-a-atleta-del-ano-2025\/"},"wordCount":265,"commentCount":0,"publisher":{"@id":"https:\/\/www.alasmedios.com\/#organization"},"image":{"@id":"https:\/\/www.alasmedios.com\/index.php\/2026\/01\/17\/nominan-a-maya-becerra-y-mariana-bernal-a-atleta-del-ano-2025\/#primaryimage"},"thumbnailUrl":"https:\/\/www.alasmedios.com\/wp-content\/uploads\/2026\/01\/Nominan-a-Maya-Becerra-y-Mariana-Bernal-a-Atleta-del-Ano-2025.png","keywords":["Atleta del A\u00f1o 2025","deportes","Mariana Bernal","Maya Becerra","Tiro con Arco","World Archery"],"articleSection":["Deportes"],"inLanguage":"es","potentialAction":[{"@type":"CommentAction","name":"Comment","target":["https:\/\/www.alasmedios.com\/index.php\/2026\/01\/17\/nominan-a-maya-becerra-y-mariana-bernal-a-atleta-del-ano-2025\/#respond"]}]},{"@type":"WebPage","@id":"https:\/\/www.alasmedios.com\/index.php\/2026\/01\/17\/nominan-a-maya-becerra-y-mariana-bernal-a-atleta-del-ano-2025\/","url":"https:\/\/www.alasmedios.com\/index.php\/2026\/01\/17\/nominan-a-maya-becerra-y-mariana-bernal-a-atleta-del-ano-2025\/","name":"Nominan a Maya Becerra y Mariana Bernal a Atleta del A\u00f1o 2025 - Alas Medios","isPartOf":{"@id":"https:\/\/www.alasmedios.com\/#website"},"primaryImageOfPage":{"@id":"https:\/\/www.alasmedios.com\/index.php\/2026\/01\/17\/nominan-a-maya-becerra-y-mariana-bernal-a-atleta-del-ano-2025\/#primaryimage"},"image":{"@id":"https:\/\/www.alasmedios.com\/index.php\/2026\/01\/17\/nominan-a-maya-becerra-y-mariana-bernal-a-atleta-del-ano-2025\/#primaryimage"},"thumbnailUrl":"https:\/\/www.alasmedios.com\/wp-content\/uploads\/2026\/01\/Nominan-a-Maya-Becerra-y-Mariana-Bernal-a-Atleta-del-Ano-2025.png","datePublished":"2026-01-17T16:14:20+00:00","breadcrumb":{"@id":"https:\/\/www.alasmedios.com\/index.php\/2026\/01\/17\/nominan-a-maya-becerra-y-mariana-bernal-a-atleta-del-ano-2025\/#breadcrumb"},"inLanguage":"es","potentialAction":[{"@type":"ReadAction","target":["https:\/\/www.alasmedios.com\/index.php\/2026\/01\/17\/nominan-a-maya-becerra-y-mariana-bernal-a-atleta-del-ano-2025\/"]}]},{"@type":"ImageObject","inLanguage":"es","@id":"https:\/\/www.alasmedios.com\/index.php\/2026\/01\/17\/nominan-a-maya-becerra-y-mariana-bernal-a-atleta-del-ano-2025\/#primaryimage","url":"https:\/\/www.alasmedios.com\/wp-content\/uploads\/2026\/01\/Nominan-a-Maya-Becerra-y-Mariana-Bernal-a-Atleta-del-Ano-2025.png","contentUrl":"https:\/\/www.alasmedios.com\/wp-content\/uploads\/2026\/01\/Nominan-a-Maya-Becerra-y-Mariana-Bernal-a-Atleta-del-Ano-2025.png","width":1640,"height":924},{"@type":"BreadcrumbList","@id":"https:\/\/www.alasmedios.com\/index.php\/2026\/01\/17\/nominan-a-maya-becerra-y-mariana-bernal-a-atleta-del-ano-2025\/#breadcrumb","itemListElement":[{"@type":"ListItem","position":1,"name":"Inicio","item":"https:\/\/www.alasmedios.com\/"},{"@type":"ListItem","position":2,"name":"Nominan a Maya Becerra y Mariana Bernal a Atleta del A\u00f1o 2025"}]},{"@type":"WebSite","@id":"https:\/\/www.alasmedios.com\/#website","url":"https:\/\/www.alasmedios.com\/","name":"Alas Medios","description":"Alas para pensar, Alas para volar, Alas de libertad","publisher":{"@id":"https:\/\/www.alasmedios.com\/#organization"},"potentialAction":[{"@type":"SearchAction","target":{"@type":"EntryPoint","urlTemplate":"https:\/\/www.alasmedios.com\/?s={search_term_string}"},"query-input":{"@type":"PropertyValueSpecification","valueRequired":true,"valueName":"search_term_string"}}],"inLanguage":"es"},{"@type":"Organization","@id":"https:\/\/www.alasmedios.com\/#organization","name":"Alas Medios","url":"https:\/\/www.alasmedios.com\/","logo":{"@type":"ImageObject","inLanguage":"es","@id":"https:\/\/www.alasmedios.com\/#\/schema\/logo\/image\/","url":"https:\/\/www.alasmedios.com\/wp-content\/uploads\/2026\/01\/cropped-cropped-GAM-1.png","contentUrl":"https:\/\/www.alasmedios.com\/wp-content\/uploads\/2026\/01\/cropped-cropped-GAM-1.png","width":467,"height":235,"caption":"Alas Medios"},"image":{"@id":"https:\/\/www.alasmedios.com\/#\/schema\/logo\/image\/"}},{"@type":"Person","@id":"https:\/\/www.alasmedios.com\/#\/schema\/person\/0ba31bdd19a05ebf5c7fef1fedf99c34","name":"Keila Rodr\u00edguez Pe\u00f1a","image":{"@type":"ImageObject","inLanguage":"es","@id":"https:\/\/secure.gravatar.com\/avatar\/a2553a2bfaa601b9d539b617c8793e151bdffb60f9e48a249912f86d4c9ebeef?s=96&d=mm&r=g","url":"https:\/\/secure.gravatar.com\/avatar\/a2553a2bfaa601b9d539b617c8793e151bdffb60f9e48a249912f86d4c9ebeef?s=96&d=mm&r=g","contentUrl":"https:\/\/secure.gravatar.com\/avatar\/a2553a2bfaa601b9d539b617c8793e151bdffb60f9e48a249912f86d4c9ebeef?s=96&d=mm&r=g","caption":"Keila Rodr\u00edguez Pe\u00f1a"},"sameAs":["http:\/\/www.alasmedios.com"],"url":"https:\/\/www.alasmedios.com\/index.php\/author\/keila\/"}]}},"_links":{"self":[{"href":"https:\/\/www.alasmedios.com\/index.php\/wp-json\/wp\/v2\/posts\/7501","targetHints":{"allow":["GET"]}}],"collection":[{"href":"https:\/\/www.alasmedios.com\/index.php\/wp-json\/wp\/v2\/posts"}],"about":[{"href":"https:\/\/www.alasmedios.com\/index.php\/wp-json\/wp\/v2\/types\/post"}],"author":[{"embeddable":true,"href":"https:\/\/www.alasmedios.com\/index.php\/wp-json\/wp\/v2\/users\/4"}],"replies":[{"embeddable":true,"href":"https:\/\/www.alasmedios.com\/index.php\/wp-json\/wp\/v2\/comments?post=7501"}],"version-history":[{"count":1,"href":"https:\/\/www.alasmedios.com\/index.php\/wp-json\/wp\/v2\/posts\/7501\/revisions"}],"predecessor-version":[{"id":7503,"href":"https:\/\/www.alasmedios.com\/index.php\/wp-json\/wp\/v2\/posts\/7501\/revisions\/7503"}],"wp:featuredmedia":[{"embeddable":true,"href":"https:\/\/www.alasmedios.com\/index.php\/wp-json\/wp\/v2\/media\/7502"}],"wp:attachment":[{"href":"https:\/\/www.alasmedios.com\/index.php\/wp-json\/wp\/v2\/media?parent=7501"}],"wp:term":[{"taxonomy":"category","embeddable":true,"href":"https:\/\/www.alasmedios.com\/index.php\/wp-json\/wp\/v2\/categories?post=7501"},{"taxonomy":"post_tag","embeddable":true,"href":"https:\/\/www.alasmedios.com\/index.php\/wp-json\/wp\/v2\/tags?post=7501"}],"curies":[{"name":"wp","href":"https:\/\/api.w.org\/{rel}","templated":true}]}}