{"id":7482,"date":"2026-01-16T14:04:45","date_gmt":"2026-01-16T20:04:45","guid":{"rendered":"https:\/\/www.alasmedios.com\/?p=7482"},"modified":"2026-01-16T14:04:45","modified_gmt":"2026-01-16T20:04:45","slug":"ihm-atiende-casos-de-violencia-durante-jornada-publica-en-pachuca","status":"publish","type":"post","link":"https:\/\/www.alasmedios.com\/index.php\/2026\/01\/16\/ihm-atiende-casos-de-violencia-durante-jornada-publica-en-pachuca\/","title":{"rendered":"IHM atiende casos de violencia durante jornada p\u00fablica en Pachuca"},"content":{"rendered":"\n<p>En la explanada del <strong>Reloj Monumental de Pachuca<\/strong>, el <strong>Instituto Hidalguense de las Mujeres<\/strong> particip\u00f3 en la <strong>Jornada por la Paz y Bienestar del Pueblo<\/strong>, un espacio de atenci\u00f3n directa donde se dio respuesta a <strong>problem\u00e1ticas de mujeres v\u00edctimas de violencia<\/strong>.<\/p>\n\n\n\n<p>Durante la jornada, el <strong>secretario de Gobierno, Guillermo Olivares Reyna<\/strong>, llam\u00f3 al funcionariado presente a <strong>atender sin dilaci\u00f3n<\/strong>, con <strong>profesionalismo y eficiencia<\/strong>, las necesidades de las <strong>mujeres hidalguenses<\/strong>.<\/p>\n\n\n\n<figure class=\"wp-block-gallery has-nested-images columns-default is-cropped wp-block-gallery-1 is-layout-flex wp-block-gallery-is-layout-flex\">\n<figure class=\"wp-block-image size-large\"><img loading=\"lazy\" decoding=\"async\" width=\"1024\" height=\"483\" data-id=\"7485\" src=\"https:\/\/www.alasmedios.com\/wp-content\/uploads\/2026\/01\/IHM-atiende-casos-de-violencia-durante-jornada-publica-en-Pachuca-1024x483.jpg\" alt=\"\" class=\"wp-image-7485\" srcset=\"https:\/\/www.alasmedios.com\/wp-content\/uploads\/2026\/01\/IHM-atiende-casos-de-violencia-durante-jornada-publica-en-Pachuca-1024x483.jpg 1024w, https:\/\/www.alasmedios.com\/wp-content\/uploads\/2026\/01\/IHM-atiende-casos-de-violencia-durante-jornada-publica-en-Pachuca-300x142.jpg 300w, https:\/\/www.alasmedios.com\/wp-content\/uploads\/2026\/01\/IHM-atiende-casos-de-violencia-durante-jornada-publica-en-Pachuca-768x362.jpg 768w, https:\/\/www.alasmedios.com\/wp-content\/uploads\/2026\/01\/IHM-atiende-casos-de-violencia-durante-jornada-publica-en-Pachuca.jpg 1496w\" sizes=\"auto, (max-width: 1024px) 100vw, 1024px\" \/><\/figure>\n\n\n\n<figure class=\"wp-block-image size-large\"><img loading=\"lazy\" decoding=\"async\" width=\"900\" height=\"675\" data-id=\"7487\" src=\"https:\/\/www.alasmedios.com\/wp-content\/uploads\/2026\/01\/IHM-atiende-casos-de-violencia-durante-jornada-publica-en-Pachuca3-edited.jpg\" alt=\"\" class=\"wp-image-7487\" srcset=\"https:\/\/www.alasmedios.com\/wp-content\/uploads\/2026\/01\/IHM-atiende-casos-de-violencia-durante-jornada-publica-en-Pachuca3-edited.jpg 900w, https:\/\/www.alasmedios.com\/wp-content\/uploads\/2026\/01\/IHM-atiende-casos-de-violencia-durante-jornada-publica-en-Pachuca3-edited-300x225.jpg 300w, https:\/\/www.alasmedios.com\/wp-content\/uploads\/2026\/01\/IHM-atiende-casos-de-violencia-durante-jornada-publica-en-Pachuca3-edited-768x576.jpg 768w\" sizes=\"auto, (max-width: 900px) 100vw, 900px\" \/><\/figure>\n\n\n\n<figure class=\"wp-block-image size-large\"><img loading=\"lazy\" decoding=\"async\" width=\"1024\" height=\"693\" data-id=\"7486\" src=\"https:\/\/www.alasmedios.com\/wp-content\/uploads\/2026\/01\/IHM-atiende-casos-de-violencia-durante-jornada-publica-en-Pachuca-1-1024x693.jpg\" alt=\"\" class=\"wp-image-7486\" srcset=\"https:\/\/www.alasmedios.com\/wp-content\/uploads\/2026\/01\/IHM-atiende-casos-de-violencia-durante-jornada-publica-en-Pachuca-1-1024x693.jpg 1024w, https:\/\/www.alasmedios.com\/wp-content\/uploads\/2026\/01\/IHM-atiende-casos-de-violencia-durante-jornada-publica-en-Pachuca-1-300x203.jpg 300w, https:\/\/www.alasmedios.com\/wp-content\/uploads\/2026\/01\/IHM-atiende-casos-de-violencia-durante-jornada-publica-en-Pachuca-1-768x520.jpg 768w, https:\/\/www.alasmedios.com\/wp-content\/uploads\/2026\/01\/IHM-atiende-casos-de-violencia-durante-jornada-publica-en-Pachuca-1.jpg 1307w\" sizes=\"auto, (max-width: 1024px) 100vw, 1024px\" \/><\/figure>\n<\/figure>\n\n\n\n<p>CONTIN\u00daA LEYENDO: <a href=\"https:\/\/www.alasmedios.com\/index.php\/2026\/01\/16\/por-que-el-chile-pica-la-ciencia-detras-del-picante\/\" data-type=\"post\" data-id=\"7479\">\u00bfPor qu\u00e9 el chile pica? La ciencia detr\u00e1s del picante<\/a><\/p>\n\n\n\n<p>Por su parte, la titular del <strong>IHM<\/strong>, <strong>Katya Hern\u00e1ndez P\u00e9rez<\/strong>, junto con su <strong>equipo de asesoras especializadas<\/strong>, brind\u00f3 <strong>seguimiento jur\u00eddico y psicol\u00f3gico<\/strong> a los casos atendidos, reforzando la importancia de la <strong>atenci\u00f3n integral<\/strong> y el acompa\u00f1amiento oportuno.<\/p>\n\n\n<ul class=\"wp-block-latest-posts__list is-grid columns-3 wp-block-latest-posts\"><li><div class=\"wp-block-latest-posts__featured-image\"><img loading=\"lazy\" decoding=\"async\" width=\"150\" height=\"150\" src=\"https:\/\/www.alasmedios.com\/wp-content\/uploads\/2026\/05\/Hidalgo-viene-un-respiro-con-el-frente-frio-48-150x150.png\" class=\"attachment-thumbnail size-thumbnail wp-post-image\" alt=\"\" style=\"\" \/><\/div><a class=\"wp-block-latest-posts__post-title\" href=\"https:\/\/www.alasmedios.com\/index.php\/2026\/05\/01\/frente-frio-48-un-alivio-asi-impactara-en-hidalgo\/\">Frente fr\u00edo 48, un alivio: as\u00ed impactar\u00e1 en Hidalgo<\/a><\/li>\n<li><div class=\"wp-block-latest-posts__featured-image\"><img loading=\"lazy\" decoding=\"async\" width=\"150\" height=\"150\" src=\"https:\/\/www.alasmedios.com\/wp-content\/uploads\/2026\/05\/mujeres-depresion-posparto-150x150.png\" class=\"attachment-thumbnail size-thumbnail wp-post-image\" alt=\"\" style=\"\" \/><\/div><a class=\"wp-block-latest-posts__post-title\" href=\"https:\/\/www.alasmedios.com\/index.php\/2026\/05\/01\/1-de-cada-15-mujeres-sufre-depresion-posparto\/\">1 de cada 15 mujeres sufre depresi\u00f3n posparto<\/a><\/li>\n<li><div class=\"wp-block-latest-posts__featured-image\"><img loading=\"lazy\" decoding=\"async\" width=\"150\" height=\"150\" src=\"https:\/\/www.alasmedios.com\/wp-content\/uploads\/2026\/05\/USEP-calidad-hospitalaria-150x150.jpeg\" class=\"attachment-thumbnail size-thumbnail wp-post-image\" alt=\"\" style=\"\" \/><\/div><a class=\"wp-block-latest-posts__post-title\" href=\"https:\/\/www.alasmedios.com\/index.php\/2026\/05\/01\/usep-activa-formacion-para-prevenir-riesgos-en-la-atencion-medica\/\">USEP activa formaci\u00f3n para prevenir riesgos en la atenci\u00f3n m\u00e9dica<\/a><\/li>\n<\/ul>","protected":false},"excerpt":{"rendered":"<p>En la explanada del Reloj Monumental de Pachuca, el Instituto Hidalguense de las Mujeres particip\u00f3 en la Jornada por la<\/p>\n","protected":false},"author":4,"featured_media":7483,"comment_status":"open","ping_status":"open","sticky":false,"template":"","format":"standard","meta":{"colormag_page_container_layout":"default_layout","colormag_page_sidebar_layout":"default_layout","rop_custom_images_group":[],"rop_custom_messages_group":[],"rop_publish_now":"initial","rop_publish_now_accounts":[],"rop_publish_now_history":[],"rop_publish_now_status":"pending","iawp_total_views":0,"footnotes":""},"categories":[41],"tags":[99,215,53,87],"class_list":["post-7482","post","type-post","status-publish","format-standard","has-post-thumbnail","hentry","category-hidalgo","tag-hidalgo","tag-ihm","tag-mujeres","tag-pachuca"],"magazineBlocksPostFeaturedMedia":{"thumbnail":"https:\/\/www.alasmedios.com\/wp-content\/uploads\/2026\/01\/IHM-atiende-casos-de-violencia-durante-jornada-publica-en-Pachuca-2-150x150.jpg","medium":"https:\/\/www.alasmedios.com\/wp-content\/uploads\/2026\/01\/IHM-atiende-casos-de-violencia-durante-jornada-publica-en-Pachuca-2-300x139.jpg","medium_large":"https:\/\/www.alasmedios.com\/wp-content\/uploads\/2026\/01\/IHM-atiende-casos-de-violencia-durante-jornada-publica-en-Pachuca-2-768x355.jpg","large":"https:\/\/www.alasmedios.com\/wp-content\/uploads\/2026\/01\/IHM-atiende-casos-de-violencia-durante-jornada-publica-en-Pachuca-2-1024x473.jpg","1536x1536":"https:\/\/www.alasmedios.com\/wp-content\/uploads\/2026\/01\/IHM-atiende-casos-de-violencia-durante-jornada-publica-en-Pachuca-2-1536x710.jpg","2048x2048":"https:\/\/www.alasmedios.com\/wp-content\/uploads\/2026\/01\/IHM-atiende-casos-de-violencia-durante-jornada-publica-en-Pachuca-2.jpg","colormag-highlighted-post":"https:\/\/www.alasmedios.com\/wp-content\/uploads\/2026\/01\/IHM-atiende-casos-de-violencia-durante-jornada-publica-en-Pachuca-2-392x272.jpg","colormag-featured-post-medium":"https:\/\/www.alasmedios.com\/wp-content\/uploads\/2026\/01\/IHM-atiende-casos-de-violencia-durante-jornada-publica-en-Pachuca-2-390x205.jpg","colormag-featured-post-small":"https:\/\/www.alasmedios.com\/wp-content\/uploads\/2026\/01\/IHM-atiende-casos-de-violencia-durante-jornada-publica-en-Pachuca-2-130x90.jpg","colormag-featured-image":"https:\/\/www.alasmedios.com\/wp-content\/uploads\/2026\/01\/IHM-atiende-casos-de-violencia-durante-jornada-publica-en-Pachuca-2-800x445.jpg","colormag-default-news":"https:\/\/www.alasmedios.com\/wp-content\/uploads\/2026\/01\/IHM-atiende-casos-de-violencia-durante-jornada-publica-en-Pachuca-2-150x150.jpg","colormag-featured-image-large":"https:\/\/www.alasmedios.com\/wp-content\/uploads\/2026\/01\/IHM-atiende-casos-de-violencia-durante-jornada-publica-en-Pachuca-2-1400x600.jpg"},"magazineBlocksPostAuthor":{"name":"Keila Rodr\u00edguez Pe\u00f1a","avatar":"https:\/\/secure.gravatar.com\/avatar\/a2553a2bfaa601b9d539b617c8793e151bdffb60f9e48a249912f86d4c9ebeef?s=96&d=mm&r=g"},"magazineBlocksPostCommentsNumber":"0","magazineBlocksPostExcerpt":"En la explanada del Reloj Monumental de Pachuca, el Instituto Hidalguense de las Mujeres particip\u00f3 en la Jornada por la","magazineBlocksPostCategories":["Hidalgo"],"magazineBlocksPostViewCount":74,"magazineBlocksPostReadTime":1,"magazine_blocks_featured_image_url":{"full":["https:\/\/www.alasmedios.com\/wp-content\/uploads\/2026\/01\/IHM-atiende-casos-de-violencia-durante-jornada-publica-en-Pachuca-2.jpg",1594,737,false],"medium":["https:\/\/www.alasmedios.com\/wp-content\/uploads\/2026\/01\/IHM-atiende-casos-de-violencia-durante-jornada-publica-en-Pachuca-2-300x139.jpg",300,139,true],"thumbnail":["https:\/\/www.alasmedios.com\/wp-content\/uploads\/2026\/01\/IHM-atiende-casos-de-violencia-durante-jornada-publica-en-Pachuca-2-150x150.jpg",150,150,true]},"magazine_blocks_author":{"display_name":"Keila Rodr\u00edguez Pe\u00f1a","author_link":"https:\/\/www.alasmedios.com\/index.php\/author\/keila\/"},"magazine_blocks_comment":0,"magazine_blocks_author_image":"https:\/\/secure.gravatar.com\/avatar\/a2553a2bfaa601b9d539b617c8793e151bdffb60f9e48a249912f86d4c9ebeef?s=96&d=mm&r=g","magazine_blocks_category":"<a href=\"#\" class=\"category-link category-link-41\">Hidalgo<\/a>","yoast_head":"<!-- This site is optimized with the Yoast SEO plugin v27.5 - https:\/\/yoast.com\/product\/yoast-seo-wordpress\/ -->\r\n<title>IHM atiende casos de violencia durante jornada p\u00fablica en Pachuca - Alas Medios<\/title>\r\n<meta name=\"robots\" content=\"index, follow, max-snippet:-1, max-image-preview:large, max-video-preview:-1\" \/>\r\n<link rel=\"canonical\" href=\"https:\/\/www.alasmedios.com\/index.php\/2026\/01\/16\/ihm-atiende-casos-de-violencia-durante-jornada-publica-en-pachuca\/\" \/>\r\n<meta property=\"og:locale\" content=\"es_MX\" \/>\r\n<meta property=\"og:type\" content=\"article\" \/>\r\n<meta property=\"og:title\" content=\"IHM atiende casos de violencia durante jornada p\u00fablica en Pachuca - Alas Medios\" \/>\r\n<meta property=\"og:description\" content=\"En la explanada del Reloj Monumental de Pachuca, el Instituto Hidalguense de las Mujeres particip\u00f3 en la Jornada por la\" \/>\r\n<meta property=\"og:url\" content=\"https:\/\/www.alasmedios.com\/index.php\/2026\/01\/16\/ihm-atiende-casos-de-violencia-durante-jornada-publica-en-pachuca\/\" \/>\r\n<meta property=\"og:site_name\" content=\"Alas Medios\" \/>\r\n<meta property=\"article:published_time\" content=\"2026-01-16T20:04:45+00:00\" \/>\r\n<meta property=\"og:image\" content=\"https:\/\/www.alasmedios.com\/wp-content\/uploads\/2026\/01\/IHM-atiende-casos-de-violencia-durante-jornada-publica-en-Pachuca-2.jpg\" \/>\r\n\t<meta property=\"og:image:width\" content=\"1594\" \/>\r\n\t<meta property=\"og:image:height\" content=\"737\" \/>\r\n\t<meta property=\"og:image:type\" content=\"image\/jpeg\" \/>\r\n<meta name=\"author\" content=\"Keila Rodr\u00edguez Pe\u00f1a\" \/>\r\n<meta name=\"twitter:card\" content=\"summary_large_image\" \/>\r\n<meta name=\"twitter:label1\" content=\"Escrito por\" \/>\n\t<meta name=\"twitter:data1\" content=\"Keila Rodr\u00edguez Pe\u00f1a\" \/>\n\t<meta name=\"twitter:label2\" content=\"Tiempo de lectura\" \/>\n\t<meta name=\"twitter:data2\" content=\"1 minuto\" \/>\r\n<script type=\"application\/ld+json\" class=\"yoast-schema-graph\">{\"@context\":\"https:\\\/\\\/schema.org\",\"@graph\":[{\"@type\":\"Article\",\"@id\":\"https:\\\/\\\/www.alasmedios.com\\\/index.php\\\/2026\\\/01\\\/16\\\/ihm-atiende-casos-de-violencia-durante-jornada-publica-en-pachuca\\\/#article\",\"isPartOf\":{\"@id\":\"https:\\\/\\\/www.alasmedios.com\\\/index.php\\\/2026\\\/01\\\/16\\\/ihm-atiende-casos-de-violencia-durante-jornada-publica-en-pachuca\\\/\"},\"author\":{\"name\":\"Keila Rodr\u00edguez Pe\u00f1a\",\"@id\":\"https:\\\/\\\/www.alasmedios.com\\\/#\\\/schema\\\/person\\\/0ba31bdd19a05ebf5c7fef1fedf99c34\"},\"headline\":\"IHM atiende casos de violencia durante jornada p\u00fablica en Pachuca\",\"datePublished\":\"2026-01-16T20:04:45+00:00\",\"mainEntityOfPage\":{\"@id\":\"https:\\\/\\\/www.alasmedios.com\\\/index.php\\\/2026\\\/01\\\/16\\\/ihm-atiende-casos-de-violencia-durante-jornada-publica-en-pachuca\\\/\"},\"wordCount\":141,\"commentCount\":0,\"publisher\":{\"@id\":\"https:\\\/\\\/www.alasmedios.com\\\/#organization\"},\"image\":{\"@id\":\"https:\\\/\\\/www.alasmedios.com\\\/index.php\\\/2026\\\/01\\\/16\\\/ihm-atiende-casos-de-violencia-durante-jornada-publica-en-pachuca\\\/#primaryimage\"},\"thumbnailUrl\":\"https:\\\/\\\/www.alasmedios.com\\\/wp-content\\\/uploads\\\/2026\\\/01\\\/IHM-atiende-casos-de-violencia-durante-jornada-publica-en-Pachuca-2.jpg\",\"keywords\":[\"Hidalgo\",\"IHM\",\"Mujeres\",\"Pachuca\"],\"articleSection\":[\"Hidalgo\"],\"inLanguage\":\"es\",\"potentialAction\":[{\"@type\":\"CommentAction\",\"name\":\"Comment\",\"target\":[\"https:\\\/\\\/www.alasmedios.com\\\/index.php\\\/2026\\\/01\\\/16\\\/ihm-atiende-casos-de-violencia-durante-jornada-publica-en-pachuca\\\/#respond\"]}]},{\"@type\":\"WebPage\",\"@id\":\"https:\\\/\\\/www.alasmedios.com\\\/index.php\\\/2026\\\/01\\\/16\\\/ihm-atiende-casos-de-violencia-durante-jornada-publica-en-pachuca\\\/\",\"url\":\"https:\\\/\\\/www.alasmedios.com\\\/index.php\\\/2026\\\/01\\\/16\\\/ihm-atiende-casos-de-violencia-durante-jornada-publica-en-pachuca\\\/\",\"name\":\"IHM atiende casos de violencia durante jornada p\u00fablica en Pachuca - Alas Medios\",\"isPartOf\":{\"@id\":\"https:\\\/\\\/www.alasmedios.com\\\/#website\"},\"primaryImageOfPage\":{\"@id\":\"https:\\\/\\\/www.alasmedios.com\\\/index.php\\\/2026\\\/01\\\/16\\\/ihm-atiende-casos-de-violencia-durante-jornada-publica-en-pachuca\\\/#primaryimage\"},\"image\":{\"@id\":\"https:\\\/\\\/www.alasmedios.com\\\/index.php\\\/2026\\\/01\\\/16\\\/ihm-atiende-casos-de-violencia-durante-jornada-publica-en-pachuca\\\/#primaryimage\"},\"thumbnailUrl\":\"https:\\\/\\\/www.alasmedios.com\\\/wp-content\\\/uploads\\\/2026\\\/01\\\/IHM-atiende-casos-de-violencia-durante-jornada-publica-en-Pachuca-2.jpg\",\"datePublished\":\"2026-01-16T20:04:45+00:00\",\"breadcrumb\":{\"@id\":\"https:\\\/\\\/www.alasmedios.com\\\/index.php\\\/2026\\\/01\\\/16\\\/ihm-atiende-casos-de-violencia-durante-jornada-publica-en-pachuca\\\/#breadcrumb\"},\"inLanguage\":\"es\",\"potentialAction\":[{\"@type\":\"ReadAction\",\"target\":[\"https:\\\/\\\/www.alasmedios.com\\\/index.php\\\/2026\\\/01\\\/16\\\/ihm-atiende-casos-de-violencia-durante-jornada-publica-en-pachuca\\\/\"]}]},{\"@type\":\"ImageObject\",\"inLanguage\":\"es\",\"@id\":\"https:\\\/\\\/www.alasmedios.com\\\/index.php\\\/2026\\\/01\\\/16\\\/ihm-atiende-casos-de-violencia-durante-jornada-publica-en-pachuca\\\/#primaryimage\",\"url\":\"https:\\\/\\\/www.alasmedios.com\\\/wp-content\\\/uploads\\\/2026\\\/01\\\/IHM-atiende-casos-de-violencia-durante-jornada-publica-en-Pachuca-2.jpg\",\"contentUrl\":\"https:\\\/\\\/www.alasmedios.com\\\/wp-content\\\/uploads\\\/2026\\\/01\\\/IHM-atiende-casos-de-violencia-durante-jornada-publica-en-Pachuca-2.jpg\",\"width\":1594,\"height\":737},{\"@type\":\"BreadcrumbList\",\"@id\":\"https:\\\/\\\/www.alasmedios.com\\\/index.php\\\/2026\\\/01\\\/16\\\/ihm-atiende-casos-de-violencia-durante-jornada-publica-en-pachuca\\\/#breadcrumb\",\"itemListElement\":[{\"@type\":\"ListItem\",\"position\":1,\"name\":\"Inicio\",\"item\":\"https:\\\/\\\/www.alasmedios.com\\\/\"},{\"@type\":\"ListItem\",\"position\":2,\"name\":\"IHM atiende casos de violencia durante jornada p\u00fablica en Pachuca\"}]},{\"@type\":\"WebSite\",\"@id\":\"https:\\\/\\\/www.alasmedios.com\\\/#website\",\"url\":\"https:\\\/\\\/www.alasmedios.com\\\/\",\"name\":\"Alas Medios\",\"description\":\"Alas para pensar, Alas para volar, Alas de libertad\",\"publisher\":{\"@id\":\"https:\\\/\\\/www.alasmedios.com\\\/#organization\"},\"potentialAction\":[{\"@type\":\"SearchAction\",\"target\":{\"@type\":\"EntryPoint\",\"urlTemplate\":\"https:\\\/\\\/www.alasmedios.com\\\/?s={search_term_string}\"},\"query-input\":{\"@type\":\"PropertyValueSpecification\",\"valueRequired\":true,\"valueName\":\"search_term_string\"}}],\"inLanguage\":\"es\"},{\"@type\":\"Organization\",\"@id\":\"https:\\\/\\\/www.alasmedios.com\\\/#organization\",\"name\":\"Alas Medios\",\"url\":\"https:\\\/\\\/www.alasmedios.com\\\/\",\"logo\":{\"@type\":\"ImageObject\",\"inLanguage\":\"es\",\"@id\":\"https:\\\/\\\/www.alasmedios.com\\\/#\\\/schema\\\/logo\\\/image\\\/\",\"url\":\"https:\\\/\\\/www.alasmedios.com\\\/wp-content\\\/uploads\\\/2026\\\/01\\\/cropped-cropped-GAM-1.png\",\"contentUrl\":\"https:\\\/\\\/www.alasmedios.com\\\/wp-content\\\/uploads\\\/2026\\\/01\\\/cropped-cropped-GAM-1.png\",\"width\":467,\"height\":235,\"caption\":\"Alas Medios\"},\"image\":{\"@id\":\"https:\\\/\\\/www.alasmedios.com\\\/#\\\/schema\\\/logo\\\/image\\\/\"}},{\"@type\":\"Person\",\"@id\":\"https:\\\/\\\/www.alasmedios.com\\\/#\\\/schema\\\/person\\\/0ba31bdd19a05ebf5c7fef1fedf99c34\",\"name\":\"Keila Rodr\u00edguez Pe\u00f1a\",\"image\":{\"@type\":\"ImageObject\",\"inLanguage\":\"es\",\"@id\":\"https:\\\/\\\/secure.gravatar.com\\\/avatar\\\/a2553a2bfaa601b9d539b617c8793e151bdffb60f9e48a249912f86d4c9ebeef?s=96&d=mm&r=g\",\"url\":\"https:\\\/\\\/secure.gravatar.com\\\/avatar\\\/a2553a2bfaa601b9d539b617c8793e151bdffb60f9e48a249912f86d4c9ebeef?s=96&d=mm&r=g\",\"contentUrl\":\"https:\\\/\\\/secure.gravatar.com\\\/avatar\\\/a2553a2bfaa601b9d539b617c8793e151bdffb60f9e48a249912f86d4c9ebeef?s=96&d=mm&r=g\",\"caption\":\"Keila Rodr\u00edguez Pe\u00f1a\"},\"sameAs\":[\"http:\\\/\\\/www.alasmedios.com\"],\"url\":\"https:\\\/\\\/www.alasmedios.com\\\/index.php\\\/author\\\/keila\\\/\"}]}<\/script>\r\n<!-- \/ Yoast SEO plugin. -->","yoast_head_json":{"title":"IHM atiende casos de violencia durante jornada p\u00fablica en Pachuca - Alas Medios","robots":{"index":"index","follow":"follow","max-snippet":"max-snippet:-1","max-image-preview":"max-image-preview:large","max-video-preview":"max-video-preview:-1"},"canonical":"https:\/\/www.alasmedios.com\/index.php\/2026\/01\/16\/ihm-atiende-casos-de-violencia-durante-jornada-publica-en-pachuca\/","og_locale":"es_MX","og_type":"article","og_title":"IHM atiende casos de violencia durante jornada p\u00fablica en Pachuca - Alas Medios","og_description":"En la explanada del Reloj Monumental de Pachuca, el Instituto Hidalguense de las Mujeres particip\u00f3 en la Jornada por la","og_url":"https:\/\/www.alasmedios.com\/index.php\/2026\/01\/16\/ihm-atiende-casos-de-violencia-durante-jornada-publica-en-pachuca\/","og_site_name":"Alas Medios","article_published_time":"2026-01-16T20:04:45+00:00","og_image":[{"width":1594,"height":737,"url":"https:\/\/www.alasmedios.com\/wp-content\/uploads\/2026\/01\/IHM-atiende-casos-de-violencia-durante-jornada-publica-en-Pachuca-2.jpg","type":"image\/jpeg"}],"author":"Keila Rodr\u00edguez Pe\u00f1a","twitter_card":"summary_large_image","twitter_misc":{"Escrito por":"Keila Rodr\u00edguez Pe\u00f1a","Tiempo de lectura":"1 minuto"},"schema":{"@context":"https:\/\/schema.org","@graph":[{"@type":"Article","@id":"https:\/\/www.alasmedios.com\/index.php\/2026\/01\/16\/ihm-atiende-casos-de-violencia-durante-jornada-publica-en-pachuca\/#article","isPartOf":{"@id":"https:\/\/www.alasmedios.com\/index.php\/2026\/01\/16\/ihm-atiende-casos-de-violencia-durante-jornada-publica-en-pachuca\/"},"author":{"name":"Keila Rodr\u00edguez Pe\u00f1a","@id":"https:\/\/www.alasmedios.com\/#\/schema\/person\/0ba31bdd19a05ebf5c7fef1fedf99c34"},"headline":"IHM atiende casos de violencia durante jornada p\u00fablica en Pachuca","datePublished":"2026-01-16T20:04:45+00:00","mainEntityOfPage":{"@id":"https:\/\/www.alasmedios.com\/index.php\/2026\/01\/16\/ihm-atiende-casos-de-violencia-durante-jornada-publica-en-pachuca\/"},"wordCount":141,"commentCount":0,"publisher":{"@id":"https:\/\/www.alasmedios.com\/#organization"},"image":{"@id":"https:\/\/www.alasmedios.com\/index.php\/2026\/01\/16\/ihm-atiende-casos-de-violencia-durante-jornada-publica-en-pachuca\/#primaryimage"},"thumbnailUrl":"https:\/\/www.alasmedios.com\/wp-content\/uploads\/2026\/01\/IHM-atiende-casos-de-violencia-durante-jornada-publica-en-Pachuca-2.jpg","keywords":["Hidalgo","IHM","Mujeres","Pachuca"],"articleSection":["Hidalgo"],"inLanguage":"es","potentialAction":[{"@type":"CommentAction","name":"Comment","target":["https:\/\/www.alasmedios.com\/index.php\/2026\/01\/16\/ihm-atiende-casos-de-violencia-durante-jornada-publica-en-pachuca\/#respond"]}]},{"@type":"WebPage","@id":"https:\/\/www.alasmedios.com\/index.php\/2026\/01\/16\/ihm-atiende-casos-de-violencia-durante-jornada-publica-en-pachuca\/","url":"https:\/\/www.alasmedios.com\/index.php\/2026\/01\/16\/ihm-atiende-casos-de-violencia-durante-jornada-publica-en-pachuca\/","name":"IHM atiende casos de violencia durante jornada p\u00fablica en Pachuca - Alas Medios","isPartOf":{"@id":"https:\/\/www.alasmedios.com\/#website"},"primaryImageOfPage":{"@id":"https:\/\/www.alasmedios.com\/index.php\/2026\/01\/16\/ihm-atiende-casos-de-violencia-durante-jornada-publica-en-pachuca\/#primaryimage"},"image":{"@id":"https:\/\/www.alasmedios.com\/index.php\/2026\/01\/16\/ihm-atiende-casos-de-violencia-durante-jornada-publica-en-pachuca\/#primaryimage"},"thumbnailUrl":"https:\/\/www.alasmedios.com\/wp-content\/uploads\/2026\/01\/IHM-atiende-casos-de-violencia-durante-jornada-publica-en-Pachuca-2.jpg","datePublished":"2026-01-16T20:04:45+00:00","breadcrumb":{"@id":"https:\/\/www.alasmedios.com\/index.php\/2026\/01\/16\/ihm-atiende-casos-de-violencia-durante-jornada-publica-en-pachuca\/#breadcrumb"},"inLanguage":"es","potentialAction":[{"@type":"ReadAction","target":["https:\/\/www.alasmedios.com\/index.php\/2026\/01\/16\/ihm-atiende-casos-de-violencia-durante-jornada-publica-en-pachuca\/"]}]},{"@type":"ImageObject","inLanguage":"es","@id":"https:\/\/www.alasmedios.com\/index.php\/2026\/01\/16\/ihm-atiende-casos-de-violencia-durante-jornada-publica-en-pachuca\/#primaryimage","url":"https:\/\/www.alasmedios.com\/wp-content\/uploads\/2026\/01\/IHM-atiende-casos-de-violencia-durante-jornada-publica-en-Pachuca-2.jpg","contentUrl":"https:\/\/www.alasmedios.com\/wp-content\/uploads\/2026\/01\/IHM-atiende-casos-de-violencia-durante-jornada-publica-en-Pachuca-2.jpg","width":1594,"height":737},{"@type":"BreadcrumbList","@id":"https:\/\/www.alasmedios.com\/index.php\/2026\/01\/16\/ihm-atiende-casos-de-violencia-durante-jornada-publica-en-pachuca\/#breadcrumb","itemListElement":[{"@type":"ListItem","position":1,"name":"Inicio","item":"https:\/\/www.alasmedios.com\/"},{"@type":"ListItem","position":2,"name":"IHM atiende casos de violencia durante jornada p\u00fablica en Pachuca"}]},{"@type":"WebSite","@id":"https:\/\/www.alasmedios.com\/#website","url":"https:\/\/www.alasmedios.com\/","name":"Alas Medios","description":"Alas para pensar, Alas para volar, Alas de libertad","publisher":{"@id":"https:\/\/www.alasmedios.com\/#organization"},"potentialAction":[{"@type":"SearchAction","target":{"@type":"EntryPoint","urlTemplate":"https:\/\/www.alasmedios.com\/?s={search_term_string}"},"query-input":{"@type":"PropertyValueSpecification","valueRequired":true,"valueName":"search_term_string"}}],"inLanguage":"es"},{"@type":"Organization","@id":"https:\/\/www.alasmedios.com\/#organization","name":"Alas Medios","url":"https:\/\/www.alasmedios.com\/","logo":{"@type":"ImageObject","inLanguage":"es","@id":"https:\/\/www.alasmedios.com\/#\/schema\/logo\/image\/","url":"https:\/\/www.alasmedios.com\/wp-content\/uploads\/2026\/01\/cropped-cropped-GAM-1.png","contentUrl":"https:\/\/www.alasmedios.com\/wp-content\/uploads\/2026\/01\/cropped-cropped-GAM-1.png","width":467,"height":235,"caption":"Alas Medios"},"image":{"@id":"https:\/\/www.alasmedios.com\/#\/schema\/logo\/image\/"}},{"@type":"Person","@id":"https:\/\/www.alasmedios.com\/#\/schema\/person\/0ba31bdd19a05ebf5c7fef1fedf99c34","name":"Keila Rodr\u00edguez Pe\u00f1a","image":{"@type":"ImageObject","inLanguage":"es","@id":"https:\/\/secure.gravatar.com\/avatar\/a2553a2bfaa601b9d539b617c8793e151bdffb60f9e48a249912f86d4c9ebeef?s=96&d=mm&r=g","url":"https:\/\/secure.gravatar.com\/avatar\/a2553a2bfaa601b9d539b617c8793e151bdffb60f9e48a249912f86d4c9ebeef?s=96&d=mm&r=g","contentUrl":"https:\/\/secure.gravatar.com\/avatar\/a2553a2bfaa601b9d539b617c8793e151bdffb60f9e48a249912f86d4c9ebeef?s=96&d=mm&r=g","caption":"Keila Rodr\u00edguez Pe\u00f1a"},"sameAs":["http:\/\/www.alasmedios.com"],"url":"https:\/\/www.alasmedios.com\/index.php\/author\/keila\/"}]}},"_links":{"self":[{"href":"https:\/\/www.alasmedios.com\/index.php\/wp-json\/wp\/v2\/posts\/7482","targetHints":{"allow":["GET"]}}],"collection":[{"href":"https:\/\/www.alasmedios.com\/index.php\/wp-json\/wp\/v2\/posts"}],"about":[{"href":"https:\/\/www.alasmedios.com\/index.php\/wp-json\/wp\/v2\/types\/post"}],"author":[{"embeddable":true,"href":"https:\/\/www.alasmedios.com\/index.php\/wp-json\/wp\/v2\/users\/4"}],"replies":[{"embeddable":true,"href":"https:\/\/www.alasmedios.com\/index.php\/wp-json\/wp\/v2\/comments?post=7482"}],"version-history":[{"count":1,"href":"https:\/\/www.alasmedios.com\/index.php\/wp-json\/wp\/v2\/posts\/7482\/revisions"}],"predecessor-version":[{"id":7488,"href":"https:\/\/www.alasmedios.com\/index.php\/wp-json\/wp\/v2\/posts\/7482\/revisions\/7488"}],"wp:featuredmedia":[{"embeddable":true,"href":"https:\/\/www.alasmedios.com\/index.php\/wp-json\/wp\/v2\/media\/7483"}],"wp:attachment":[{"href":"https:\/\/www.alasmedios.com\/index.php\/wp-json\/wp\/v2\/media?parent=7482"}],"wp:term":[{"taxonomy":"category","embeddable":true,"href":"https:\/\/www.alasmedios.com\/index.php\/wp-json\/wp\/v2\/categories?post=7482"},{"taxonomy":"post_tag","embeddable":true,"href":"https:\/\/www.alasmedios.com\/index.php\/wp-json\/wp\/v2\/tags?post=7482"}],"curies":[{"name":"wp","href":"https:\/\/api.w.org\/{rel}","templated":true}]}}