{"id":7470,"date":"2026-01-15T11:17:59","date_gmt":"2026-01-15T17:17:59","guid":{"rendered":"https:\/\/www.alasmedios.com\/?p=7470"},"modified":"2026-01-15T11:17:59","modified_gmt":"2026-01-15T17:17:59","slug":"europa-despliega-tropas-en-groenlandia-tras-choque-diplomatico-con-estados-unidos","status":"publish","type":"post","link":"https:\/\/www.alasmedios.com\/index.php\/2026\/01\/15\/europa-despliega-tropas-en-groenlandia-tras-choque-diplomatico-con-estados-unidos\/","title":{"rendered":"Europa despliega tropas en Groenlandia tras choque diplom\u00e1tico con Estados Unidos"},"content":{"rendered":"\n<p>Una <strong>misi\u00f3n militar europea<\/strong> comenz\u00f3 a operar en <strong>Groenlandia<\/strong> tras una reuni\u00f3n entre <strong>funcionarios estadounidenses, daneses y groenlandeses<\/strong> que concluy\u00f3 con un <strong>\u201cdesacuerdo fundamental\u201d<\/strong> sobre el futuro del territorio \u00e1rtico, en medio de crecientes tensiones geopol\u00edticas.<\/p>\n\n\n\n<p><strong>Francia, Suecia, Alemania y Noruega<\/strong> anunciaron el <strong>despliegue de personal militar<\/strong> para una <strong>misi\u00f3n de reconocimiento<\/strong>, enmarcada en el ejercicio dan\u00e9s <strong>\u201cArctic Endurance\u201d<\/strong>, de acuerdo con fuentes del <strong>Ministerio de Defensa franc\u00e9s<\/strong>. La operaci\u00f3n arranc\u00f3 este <strong>mi\u00e9rcoles 14 de enero de 2026<\/strong>, marcando un nuevo cap\u00edtulo en la disputa por la <strong>soberan\u00eda y seguridad del \u00c1rtico<\/strong>.<\/p>\n\n\n\n<p>El <strong>presidente franc\u00e9s, Emmanuel Macron<\/strong>, confirm\u00f3 que <strong>las primeras unidades militares francesas ya est\u00e1n en camino<\/strong>, y adelant\u00f3 que en los <strong>pr\u00f3ximos d\u00edas<\/strong> se enviar\u00e1n <strong>m\u00e1s medios terrestres, a\u00e9reos y mar\u00edtimos<\/strong>. El contingente inicial se suma a una <strong>quincena de militares franceses<\/strong> ya presentes en la isla. Macron advirti\u00f3 previamente contra las <strong>pretensiones anexionistas<\/strong> del <strong>presidente estadounidense Donald Trump<\/strong>.<\/p>\n\n\n\n<p>CONTIN\u00daA LEYENDO: <a href=\"https:\/\/www.alasmedios.com\/index.php\/2026\/01\/15\/mastografias-gratuitas-en-zacualtipan-dos-dias-para-detectar-a-tiempo\/\" data-type=\"post\" data-id=\"7465\">Mastograf\u00edas gratuitas en Zacualtip\u00e1n: dos d\u00edas para detectar a tiempo<\/a><\/p>\n\n\n\n<p>\u201c<strong>Francia y los europeos deben seguir estando presentes all\u00ed donde sus intereses est\u00e9n amenazados, sin escalada, pero inflexibles en el respeto de la soberan\u00eda territorial<\/strong>\u201d, afirm\u00f3 Macron durante un discurso ante las <strong>Fuerzas Armadas en Istres<\/strong>, en el sureste de Francia.<\/p>\n\n\n\n<p>Por su parte, <strong>Alemania<\/strong> explic\u00f3 que la misi\u00f3n busca <strong>apoyar a Dinamarca en la seguridad de la regi\u00f3n<\/strong>, particularmente en <strong>capacidades de vigilancia mar\u00edtima<\/strong>. El <strong>Ministerio de Defensa alem\u00e1n<\/strong> detall\u00f3 que la <strong>exploraci\u00f3n de Groenlandia<\/strong> se realizar\u00e1 de <strong>jueves a s\u00e1bado<\/strong>, con la participaci\u00f3n de un <strong>equipo de reconocimiento de 13 militares<\/strong>.<\/p>\n\n\n\n<p>El <strong>ministro alem\u00e1n de Defensa, Boris Pistorius<\/strong>, justific\u00f3 la operaci\u00f3n se\u00f1alando a <strong>Rusia y China<\/strong> como los principales factores de riesgo, y no a Estados Unidos. Subray\u00f3 la importancia de la <strong>coordinaci\u00f3n dentro de la OTAN<\/strong>, especialmente con <strong>Washington<\/strong>, ante el <strong>uso creciente del \u00c1rtico con fines militares<\/strong>, lo que \u2014advirti\u00f3\u2014 pone en riesgo la <strong>libertad de transporte, comunicaci\u00f3n y comercio<\/strong>.<\/p>\n\n\n\n<p>La llegada de la misi\u00f3n europea ocurre apenas <strong>un d\u00eda despu\u00e9s<\/strong> del encuentro en <strong>Washington<\/strong>, que cerr\u00f3 sin consenso. Aunque <strong>Donald Trump<\/strong> asegur\u00f3 mantener <strong>\u201cmuy buenas relaciones con Dinamarca\u201d<\/strong>, reiter\u00f3 que <strong>Estados Unidos \u201cnecesita Groenlandia\u201d<\/strong> por <strong>razones de seguridad nacional<\/strong>, argumento que ha utilizado para justificar incluso la <strong>posible compra del territorio<\/strong> o una <strong>intervenci\u00f3n militar<\/strong>.<\/p>\n\n\n\n<p>TE PUEDE INTERESAR: <a href=\"https:\/\/www.alasmedios.com\/index.php\/2026\/01\/14\/supermamas-reinas-del-invierno-van-por-milano-cortina-2026\/\" data-type=\"post\" data-id=\"7462\">Supermam\u00e1s: reinas del invierno van por Milano Cortina 2026<\/a><\/p>\n\n\n\n<p>Groenlandia, <strong>territorio semiaut\u00f3nomo administrado por Dinamarca<\/strong>, es vista como una <strong>pieza estrat\u00e9gica clave<\/strong> ante el <strong>deshielo del \u00c1rtico<\/strong>, que podr\u00eda abrir <strong>rutas mar\u00edtimas fundamentales<\/strong> y revelar <strong>recursos mineros<\/strong> a\u00fan sin explotar, elevando la tensi\u00f3n entre <strong>potencias globales<\/strong> por el control de la regi\u00f3n.<\/p>\n\n\n<ul class=\"wp-block-latest-posts__list is-grid columns-3 wp-block-latest-posts\"><li><div class=\"wp-block-latest-posts__featured-image\"><img loading=\"lazy\" decoding=\"async\" width=\"150\" height=\"150\" src=\"https:\/\/www.alasmedios.com\/wp-content\/uploads\/2026\/05\/Hidalgo-viene-un-respiro-con-el-frente-frio-48-150x150.png\" class=\"attachment-thumbnail size-thumbnail wp-post-image\" alt=\"\" style=\"\" \/><\/div><a class=\"wp-block-latest-posts__post-title\" href=\"https:\/\/www.alasmedios.com\/index.php\/2026\/05\/01\/frente-frio-48-un-alivio-asi-impactara-en-hidalgo\/\">Frente fr\u00edo 48, un alivio: as\u00ed impactar\u00e1 en Hidalgo<\/a><\/li>\n<li><div class=\"wp-block-latest-posts__featured-image\"><img loading=\"lazy\" decoding=\"async\" width=\"150\" height=\"150\" src=\"https:\/\/www.alasmedios.com\/wp-content\/uploads\/2026\/05\/mujeres-depresion-posparto-150x150.png\" class=\"attachment-thumbnail size-thumbnail wp-post-image\" alt=\"\" style=\"\" \/><\/div><a class=\"wp-block-latest-posts__post-title\" href=\"https:\/\/www.alasmedios.com\/index.php\/2026\/05\/01\/1-de-cada-15-mujeres-sufre-depresion-posparto\/\">1 de cada 15 mujeres sufre depresi\u00f3n posparto<\/a><\/li>\n<li><div class=\"wp-block-latest-posts__featured-image\"><img loading=\"lazy\" decoding=\"async\" width=\"150\" height=\"150\" src=\"https:\/\/www.alasmedios.com\/wp-content\/uploads\/2026\/05\/USEP-calidad-hospitalaria-150x150.jpeg\" class=\"attachment-thumbnail size-thumbnail wp-post-image\" alt=\"\" style=\"\" \/><\/div><a class=\"wp-block-latest-posts__post-title\" href=\"https:\/\/www.alasmedios.com\/index.php\/2026\/05\/01\/usep-activa-formacion-para-prevenir-riesgos-en-la-atencion-medica\/\">USEP activa formaci\u00f3n para prevenir riesgos en la atenci\u00f3n m\u00e9dica<\/a><\/li>\n<\/ul>","protected":false},"excerpt":{"rendered":"<p>Una misi\u00f3n militar europea comenz\u00f3 a operar en Groenlandia tras una reuni\u00f3n entre funcionarios estadounidenses, daneses y groenlandeses que concluy\u00f3<\/p>\n","protected":false},"author":4,"featured_media":7471,"comment_status":"open","ping_status":"open","sticky":false,"template":"","format":"standard","meta":{"colormag_page_container_layout":"default_layout","colormag_page_sidebar_layout":"default_layout","rop_custom_images_group":[],"rop_custom_messages_group":[],"rop_publish_now":"initial","rop_publish_now_accounts":[],"rop_publish_now_history":[],"rop_publish_now_status":"pending","iawp_total_views":0,"footnotes":""},"categories":[3229],"tags":[1071,757,587,2616,3263,3265,3264],"class_list":["post-7470","post","type-post","status-publish","format-standard","has-post-thumbnail","hentry","category-mundo-extranjero","tag-alemania","tag-estados-unidos","tag-francia","tag-groenlandia","tag-noruega","tag-otan","tag-suecia"],"magazineBlocksPostFeaturedMedia":{"thumbnail":"https:\/\/www.alasmedios.com\/wp-content\/uploads\/2026\/01\/Europa-despliega-tropas-en-Groenlandia-tras-choque-diplomatico-con-Estados-Unidos-150x150.png","medium":"https:\/\/www.alasmedios.com\/wp-content\/uploads\/2026\/01\/Europa-despliega-tropas-en-Groenlandia-tras-choque-diplomatico-con-Estados-Unidos-300x182.png","medium_large":"https:\/\/www.alasmedios.com\/wp-content\/uploads\/2026\/01\/Europa-despliega-tropas-en-Groenlandia-tras-choque-diplomatico-con-Estados-Unidos-768x466.png","large":"https:\/\/www.alasmedios.com\/wp-content\/uploads\/2026\/01\/Europa-despliega-tropas-en-Groenlandia-tras-choque-diplomatico-con-Estados-Unidos-1024x622.png","1536x1536":"https:\/\/www.alasmedios.com\/wp-content\/uploads\/2026\/01\/Europa-despliega-tropas-en-Groenlandia-tras-choque-diplomatico-con-Estados-Unidos-1536x932.png","2048x2048":"https:\/\/www.alasmedios.com\/wp-content\/uploads\/2026\/01\/Europa-despliega-tropas-en-Groenlandia-tras-choque-diplomatico-con-Estados-Unidos.png","colormag-highlighted-post":"https:\/\/www.alasmedios.com\/wp-content\/uploads\/2026\/01\/Europa-despliega-tropas-en-Groenlandia-tras-choque-diplomatico-con-Estados-Unidos-392x272.png","colormag-featured-post-medium":"https:\/\/www.alasmedios.com\/wp-content\/uploads\/2026\/01\/Europa-despliega-tropas-en-Groenlandia-tras-choque-diplomatico-con-Estados-Unidos-390x205.png","colormag-featured-post-small":"https:\/\/www.alasmedios.com\/wp-content\/uploads\/2026\/01\/Europa-despliega-tropas-en-Groenlandia-tras-choque-diplomatico-con-Estados-Unidos-130x90.png","colormag-featured-image":"https:\/\/www.alasmedios.com\/wp-content\/uploads\/2026\/01\/Europa-despliega-tropas-en-Groenlandia-tras-choque-diplomatico-con-Estados-Unidos-800x445.png","colormag-default-news":"https:\/\/www.alasmedios.com\/wp-content\/uploads\/2026\/01\/Europa-despliega-tropas-en-Groenlandia-tras-choque-diplomatico-con-Estados-Unidos-150x150.png","colormag-featured-image-large":"https:\/\/www.alasmedios.com\/wp-content\/uploads\/2026\/01\/Europa-despliega-tropas-en-Groenlandia-tras-choque-diplomatico-con-Estados-Unidos-1400x600.png"},"magazineBlocksPostAuthor":{"name":"Keila Rodr\u00edguez Pe\u00f1a","avatar":"https:\/\/secure.gravatar.com\/avatar\/a2553a2bfaa601b9d539b617c8793e151bdffb60f9e48a249912f86d4c9ebeef?s=96&d=mm&r=g"},"magazineBlocksPostCommentsNumber":"0","magazineBlocksPostExcerpt":"Una misi\u00f3n militar europea comenz\u00f3 a operar en Groenlandia tras una reuni\u00f3n entre funcionarios estadounidenses, daneses y groenlandeses que concluy\u00f3","magazineBlocksPostCategories":["Mundo"],"magazineBlocksPostViewCount":61,"magazineBlocksPostReadTime":3,"magazine_blocks_featured_image_url":{"full":["https:\/\/www.alasmedios.com\/wp-content\/uploads\/2026\/01\/Europa-despliega-tropas-en-Groenlandia-tras-choque-diplomatico-con-Estados-Unidos.png",2000,1214,false],"medium":["https:\/\/www.alasmedios.com\/wp-content\/uploads\/2026\/01\/Europa-despliega-tropas-en-Groenlandia-tras-choque-diplomatico-con-Estados-Unidos-300x182.png",300,182,true],"thumbnail":["https:\/\/www.alasmedios.com\/wp-content\/uploads\/2026\/01\/Europa-despliega-tropas-en-Groenlandia-tras-choque-diplomatico-con-Estados-Unidos-150x150.png",150,150,true]},"magazine_blocks_author":{"display_name":"Keila Rodr\u00edguez Pe\u00f1a","author_link":"https:\/\/www.alasmedios.com\/index.php\/author\/keila\/"},"magazine_blocks_comment":0,"magazine_blocks_author_image":"https:\/\/secure.gravatar.com\/avatar\/a2553a2bfaa601b9d539b617c8793e151bdffb60f9e48a249912f86d4c9ebeef?s=96&d=mm&r=g","magazine_blocks_category":"<a href=\"#\" class=\"category-link category-link-3229\">Mundo<\/a>","yoast_head":"<!-- This site is optimized with the Yoast SEO plugin v27.5 - https:\/\/yoast.com\/product\/yoast-seo-wordpress\/ -->\r\n<title>Europa despliega tropas en Groenlandia tras choque diplom\u00e1tico con Estados Unidos - Alas Medios<\/title>\r\n<meta name=\"robots\" content=\"index, follow, max-snippet:-1, max-image-preview:large, max-video-preview:-1\" \/>\r\n<link rel=\"canonical\" href=\"https:\/\/www.alasmedios.com\/index.php\/2026\/01\/15\/europa-despliega-tropas-en-groenlandia-tras-choque-diplomatico-con-estados-unidos\/\" \/>\r\n<meta property=\"og:locale\" content=\"es_MX\" \/>\r\n<meta property=\"og:type\" content=\"article\" \/>\r\n<meta property=\"og:title\" content=\"Europa despliega tropas en Groenlandia tras choque diplom\u00e1tico con Estados Unidos - Alas Medios\" \/>\r\n<meta property=\"og:description\" content=\"Una misi\u00f3n militar europea comenz\u00f3 a operar en Groenlandia tras una reuni\u00f3n entre funcionarios estadounidenses, daneses y groenlandeses que concluy\u00f3\" \/>\r\n<meta property=\"og:url\" content=\"https:\/\/www.alasmedios.com\/index.php\/2026\/01\/15\/europa-despliega-tropas-en-groenlandia-tras-choque-diplomatico-con-estados-unidos\/\" \/>\r\n<meta property=\"og:site_name\" content=\"Alas Medios\" \/>\r\n<meta property=\"article:published_time\" content=\"2026-01-15T17:17:59+00:00\" \/>\r\n<meta property=\"og:image\" content=\"https:\/\/www.alasmedios.com\/wp-content\/uploads\/2026\/01\/Europa-despliega-tropas-en-Groenlandia-tras-choque-diplomatico-con-Estados-Unidos-1024x622.png\" \/>\r\n\t<meta property=\"og:image:width\" content=\"1024\" \/>\r\n\t<meta property=\"og:image:height\" content=\"622\" \/>\r\n\t<meta property=\"og:image:type\" content=\"image\/png\" \/>\r\n<meta name=\"author\" content=\"Keila Rodr\u00edguez Pe\u00f1a\" \/>\r\n<meta name=\"twitter:card\" content=\"summary_large_image\" \/>\r\n<meta name=\"twitter:label1\" content=\"Escrito por\" \/>\n\t<meta name=\"twitter:data1\" content=\"Keila Rodr\u00edguez Pe\u00f1a\" \/>\n\t<meta name=\"twitter:label2\" content=\"Tiempo de lectura\" \/>\n\t<meta name=\"twitter:data2\" content=\"2 minutos\" \/>\r\n<script type=\"application\/ld+json\" class=\"yoast-schema-graph\">{\"@context\":\"https:\\\/\\\/schema.org\",\"@graph\":[{\"@type\":\"Article\",\"@id\":\"https:\\\/\\\/www.alasmedios.com\\\/index.php\\\/2026\\\/01\\\/15\\\/europa-despliega-tropas-en-groenlandia-tras-choque-diplomatico-con-estados-unidos\\\/#article\",\"isPartOf\":{\"@id\":\"https:\\\/\\\/www.alasmedios.com\\\/index.php\\\/2026\\\/01\\\/15\\\/europa-despliega-tropas-en-groenlandia-tras-choque-diplomatico-con-estados-unidos\\\/\"},\"author\":{\"name\":\"Keila Rodr\u00edguez Pe\u00f1a\",\"@id\":\"https:\\\/\\\/www.alasmedios.com\\\/#\\\/schema\\\/person\\\/0ba31bdd19a05ebf5c7fef1fedf99c34\"},\"headline\":\"Europa despliega tropas en Groenlandia tras choque diplom\u00e1tico con Estados Unidos\",\"datePublished\":\"2026-01-15T17:17:59+00:00\",\"mainEntityOfPage\":{\"@id\":\"https:\\\/\\\/www.alasmedios.com\\\/index.php\\\/2026\\\/01\\\/15\\\/europa-despliega-tropas-en-groenlandia-tras-choque-diplomatico-con-estados-unidos\\\/\"},\"wordCount\":484,\"commentCount\":0,\"publisher\":{\"@id\":\"https:\\\/\\\/www.alasmedios.com\\\/#organization\"},\"image\":{\"@id\":\"https:\\\/\\\/www.alasmedios.com\\\/index.php\\\/2026\\\/01\\\/15\\\/europa-despliega-tropas-en-groenlandia-tras-choque-diplomatico-con-estados-unidos\\\/#primaryimage\"},\"thumbnailUrl\":\"https:\\\/\\\/www.alasmedios.com\\\/wp-content\\\/uploads\\\/2026\\\/01\\\/Europa-despliega-tropas-en-Groenlandia-tras-choque-diplomatico-con-Estados-Unidos.png\",\"keywords\":[\"Alemania\",\"Estados Unidos\",\"Francia\",\"Groenlandia\",\"Noruega\",\"OTAN\",\"Suecia\"],\"articleSection\":[\"Mundo\"],\"inLanguage\":\"es\",\"potentialAction\":[{\"@type\":\"CommentAction\",\"name\":\"Comment\",\"target\":[\"https:\\\/\\\/www.alasmedios.com\\\/index.php\\\/2026\\\/01\\\/15\\\/europa-despliega-tropas-en-groenlandia-tras-choque-diplomatico-con-estados-unidos\\\/#respond\"]}]},{\"@type\":\"WebPage\",\"@id\":\"https:\\\/\\\/www.alasmedios.com\\\/index.php\\\/2026\\\/01\\\/15\\\/europa-despliega-tropas-en-groenlandia-tras-choque-diplomatico-con-estados-unidos\\\/\",\"url\":\"https:\\\/\\\/www.alasmedios.com\\\/index.php\\\/2026\\\/01\\\/15\\\/europa-despliega-tropas-en-groenlandia-tras-choque-diplomatico-con-estados-unidos\\\/\",\"name\":\"Europa despliega tropas en Groenlandia tras choque diplom\u00e1tico con Estados Unidos - Alas Medios\",\"isPartOf\":{\"@id\":\"https:\\\/\\\/www.alasmedios.com\\\/#website\"},\"primaryImageOfPage\":{\"@id\":\"https:\\\/\\\/www.alasmedios.com\\\/index.php\\\/2026\\\/01\\\/15\\\/europa-despliega-tropas-en-groenlandia-tras-choque-diplomatico-con-estados-unidos\\\/#primaryimage\"},\"image\":{\"@id\":\"https:\\\/\\\/www.alasmedios.com\\\/index.php\\\/2026\\\/01\\\/15\\\/europa-despliega-tropas-en-groenlandia-tras-choque-diplomatico-con-estados-unidos\\\/#primaryimage\"},\"thumbnailUrl\":\"https:\\\/\\\/www.alasmedios.com\\\/wp-content\\\/uploads\\\/2026\\\/01\\\/Europa-despliega-tropas-en-Groenlandia-tras-choque-diplomatico-con-Estados-Unidos.png\",\"datePublished\":\"2026-01-15T17:17:59+00:00\",\"breadcrumb\":{\"@id\":\"https:\\\/\\\/www.alasmedios.com\\\/index.php\\\/2026\\\/01\\\/15\\\/europa-despliega-tropas-en-groenlandia-tras-choque-diplomatico-con-estados-unidos\\\/#breadcrumb\"},\"inLanguage\":\"es\",\"potentialAction\":[{\"@type\":\"ReadAction\",\"target\":[\"https:\\\/\\\/www.alasmedios.com\\\/index.php\\\/2026\\\/01\\\/15\\\/europa-despliega-tropas-en-groenlandia-tras-choque-diplomatico-con-estados-unidos\\\/\"]}]},{\"@type\":\"ImageObject\",\"inLanguage\":\"es\",\"@id\":\"https:\\\/\\\/www.alasmedios.com\\\/index.php\\\/2026\\\/01\\\/15\\\/europa-despliega-tropas-en-groenlandia-tras-choque-diplomatico-con-estados-unidos\\\/#primaryimage\",\"url\":\"https:\\\/\\\/www.alasmedios.com\\\/wp-content\\\/uploads\\\/2026\\\/01\\\/Europa-despliega-tropas-en-Groenlandia-tras-choque-diplomatico-con-Estados-Unidos.png\",\"contentUrl\":\"https:\\\/\\\/www.alasmedios.com\\\/wp-content\\\/uploads\\\/2026\\\/01\\\/Europa-despliega-tropas-en-Groenlandia-tras-choque-diplomatico-con-Estados-Unidos.png\",\"width\":2000,\"height\":1214},{\"@type\":\"BreadcrumbList\",\"@id\":\"https:\\\/\\\/www.alasmedios.com\\\/index.php\\\/2026\\\/01\\\/15\\\/europa-despliega-tropas-en-groenlandia-tras-choque-diplomatico-con-estados-unidos\\\/#breadcrumb\",\"itemListElement\":[{\"@type\":\"ListItem\",\"position\":1,\"name\":\"Inicio\",\"item\":\"https:\\\/\\\/www.alasmedios.com\\\/\"},{\"@type\":\"ListItem\",\"position\":2,\"name\":\"Europa despliega tropas en Groenlandia tras choque diplom\u00e1tico con Estados Unidos\"}]},{\"@type\":\"WebSite\",\"@id\":\"https:\\\/\\\/www.alasmedios.com\\\/#website\",\"url\":\"https:\\\/\\\/www.alasmedios.com\\\/\",\"name\":\"Alas Medios\",\"description\":\"Alas para pensar, Alas para volar, Alas de libertad\",\"publisher\":{\"@id\":\"https:\\\/\\\/www.alasmedios.com\\\/#organization\"},\"potentialAction\":[{\"@type\":\"SearchAction\",\"target\":{\"@type\":\"EntryPoint\",\"urlTemplate\":\"https:\\\/\\\/www.alasmedios.com\\\/?s={search_term_string}\"},\"query-input\":{\"@type\":\"PropertyValueSpecification\",\"valueRequired\":true,\"valueName\":\"search_term_string\"}}],\"inLanguage\":\"es\"},{\"@type\":\"Organization\",\"@id\":\"https:\\\/\\\/www.alasmedios.com\\\/#organization\",\"name\":\"Alas Medios\",\"url\":\"https:\\\/\\\/www.alasmedios.com\\\/\",\"logo\":{\"@type\":\"ImageObject\",\"inLanguage\":\"es\",\"@id\":\"https:\\\/\\\/www.alasmedios.com\\\/#\\\/schema\\\/logo\\\/image\\\/\",\"url\":\"https:\\\/\\\/www.alasmedios.com\\\/wp-content\\\/uploads\\\/2026\\\/01\\\/cropped-cropped-GAM-1.png\",\"contentUrl\":\"https:\\\/\\\/www.alasmedios.com\\\/wp-content\\\/uploads\\\/2026\\\/01\\\/cropped-cropped-GAM-1.png\",\"width\":467,\"height\":235,\"caption\":\"Alas Medios\"},\"image\":{\"@id\":\"https:\\\/\\\/www.alasmedios.com\\\/#\\\/schema\\\/logo\\\/image\\\/\"}},{\"@type\":\"Person\",\"@id\":\"https:\\\/\\\/www.alasmedios.com\\\/#\\\/schema\\\/person\\\/0ba31bdd19a05ebf5c7fef1fedf99c34\",\"name\":\"Keila Rodr\u00edguez Pe\u00f1a\",\"image\":{\"@type\":\"ImageObject\",\"inLanguage\":\"es\",\"@id\":\"https:\\\/\\\/secure.gravatar.com\\\/avatar\\\/a2553a2bfaa601b9d539b617c8793e151bdffb60f9e48a249912f86d4c9ebeef?s=96&d=mm&r=g\",\"url\":\"https:\\\/\\\/secure.gravatar.com\\\/avatar\\\/a2553a2bfaa601b9d539b617c8793e151bdffb60f9e48a249912f86d4c9ebeef?s=96&d=mm&r=g\",\"contentUrl\":\"https:\\\/\\\/secure.gravatar.com\\\/avatar\\\/a2553a2bfaa601b9d539b617c8793e151bdffb60f9e48a249912f86d4c9ebeef?s=96&d=mm&r=g\",\"caption\":\"Keila Rodr\u00edguez Pe\u00f1a\"},\"sameAs\":[\"http:\\\/\\\/www.alasmedios.com\"],\"url\":\"https:\\\/\\\/www.alasmedios.com\\\/index.php\\\/author\\\/keila\\\/\"}]}<\/script>\r\n<!-- \/ Yoast SEO plugin. -->","yoast_head_json":{"title":"Europa despliega tropas en Groenlandia tras choque diplom\u00e1tico con Estados Unidos - Alas Medios","robots":{"index":"index","follow":"follow","max-snippet":"max-snippet:-1","max-image-preview":"max-image-preview:large","max-video-preview":"max-video-preview:-1"},"canonical":"https:\/\/www.alasmedios.com\/index.php\/2026\/01\/15\/europa-despliega-tropas-en-groenlandia-tras-choque-diplomatico-con-estados-unidos\/","og_locale":"es_MX","og_type":"article","og_title":"Europa despliega tropas en Groenlandia tras choque diplom\u00e1tico con Estados Unidos - Alas Medios","og_description":"Una misi\u00f3n militar europea comenz\u00f3 a operar en Groenlandia tras una reuni\u00f3n entre funcionarios estadounidenses, daneses y groenlandeses que concluy\u00f3","og_url":"https:\/\/www.alasmedios.com\/index.php\/2026\/01\/15\/europa-despliega-tropas-en-groenlandia-tras-choque-diplomatico-con-estados-unidos\/","og_site_name":"Alas Medios","article_published_time":"2026-01-15T17:17:59+00:00","og_image":[{"width":1024,"height":622,"url":"https:\/\/www.alasmedios.com\/wp-content\/uploads\/2026\/01\/Europa-despliega-tropas-en-Groenlandia-tras-choque-diplomatico-con-Estados-Unidos-1024x622.png","type":"image\/png"}],"author":"Keila Rodr\u00edguez Pe\u00f1a","twitter_card":"summary_large_image","twitter_misc":{"Escrito por":"Keila Rodr\u00edguez Pe\u00f1a","Tiempo de lectura":"2 minutos"},"schema":{"@context":"https:\/\/schema.org","@graph":[{"@type":"Article","@id":"https:\/\/www.alasmedios.com\/index.php\/2026\/01\/15\/europa-despliega-tropas-en-groenlandia-tras-choque-diplomatico-con-estados-unidos\/#article","isPartOf":{"@id":"https:\/\/www.alasmedios.com\/index.php\/2026\/01\/15\/europa-despliega-tropas-en-groenlandia-tras-choque-diplomatico-con-estados-unidos\/"},"author":{"name":"Keila Rodr\u00edguez Pe\u00f1a","@id":"https:\/\/www.alasmedios.com\/#\/schema\/person\/0ba31bdd19a05ebf5c7fef1fedf99c34"},"headline":"Europa despliega tropas en Groenlandia tras choque diplom\u00e1tico con Estados Unidos","datePublished":"2026-01-15T17:17:59+00:00","mainEntityOfPage":{"@id":"https:\/\/www.alasmedios.com\/index.php\/2026\/01\/15\/europa-despliega-tropas-en-groenlandia-tras-choque-diplomatico-con-estados-unidos\/"},"wordCount":484,"commentCount":0,"publisher":{"@id":"https:\/\/www.alasmedios.com\/#organization"},"image":{"@id":"https:\/\/www.alasmedios.com\/index.php\/2026\/01\/15\/europa-despliega-tropas-en-groenlandia-tras-choque-diplomatico-con-estados-unidos\/#primaryimage"},"thumbnailUrl":"https:\/\/www.alasmedios.com\/wp-content\/uploads\/2026\/01\/Europa-despliega-tropas-en-Groenlandia-tras-choque-diplomatico-con-Estados-Unidos.png","keywords":["Alemania","Estados Unidos","Francia","Groenlandia","Noruega","OTAN","Suecia"],"articleSection":["Mundo"],"inLanguage":"es","potentialAction":[{"@type":"CommentAction","name":"Comment","target":["https:\/\/www.alasmedios.com\/index.php\/2026\/01\/15\/europa-despliega-tropas-en-groenlandia-tras-choque-diplomatico-con-estados-unidos\/#respond"]}]},{"@type":"WebPage","@id":"https:\/\/www.alasmedios.com\/index.php\/2026\/01\/15\/europa-despliega-tropas-en-groenlandia-tras-choque-diplomatico-con-estados-unidos\/","url":"https:\/\/www.alasmedios.com\/index.php\/2026\/01\/15\/europa-despliega-tropas-en-groenlandia-tras-choque-diplomatico-con-estados-unidos\/","name":"Europa despliega tropas en Groenlandia tras choque diplom\u00e1tico con Estados Unidos - Alas Medios","isPartOf":{"@id":"https:\/\/www.alasmedios.com\/#website"},"primaryImageOfPage":{"@id":"https:\/\/www.alasmedios.com\/index.php\/2026\/01\/15\/europa-despliega-tropas-en-groenlandia-tras-choque-diplomatico-con-estados-unidos\/#primaryimage"},"image":{"@id":"https:\/\/www.alasmedios.com\/index.php\/2026\/01\/15\/europa-despliega-tropas-en-groenlandia-tras-choque-diplomatico-con-estados-unidos\/#primaryimage"},"thumbnailUrl":"https:\/\/www.alasmedios.com\/wp-content\/uploads\/2026\/01\/Europa-despliega-tropas-en-Groenlandia-tras-choque-diplomatico-con-Estados-Unidos.png","datePublished":"2026-01-15T17:17:59+00:00","breadcrumb":{"@id":"https:\/\/www.alasmedios.com\/index.php\/2026\/01\/15\/europa-despliega-tropas-en-groenlandia-tras-choque-diplomatico-con-estados-unidos\/#breadcrumb"},"inLanguage":"es","potentialAction":[{"@type":"ReadAction","target":["https:\/\/www.alasmedios.com\/index.php\/2026\/01\/15\/europa-despliega-tropas-en-groenlandia-tras-choque-diplomatico-con-estados-unidos\/"]}]},{"@type":"ImageObject","inLanguage":"es","@id":"https:\/\/www.alasmedios.com\/index.php\/2026\/01\/15\/europa-despliega-tropas-en-groenlandia-tras-choque-diplomatico-con-estados-unidos\/#primaryimage","url":"https:\/\/www.alasmedios.com\/wp-content\/uploads\/2026\/01\/Europa-despliega-tropas-en-Groenlandia-tras-choque-diplomatico-con-Estados-Unidos.png","contentUrl":"https:\/\/www.alasmedios.com\/wp-content\/uploads\/2026\/01\/Europa-despliega-tropas-en-Groenlandia-tras-choque-diplomatico-con-Estados-Unidos.png","width":2000,"height":1214},{"@type":"BreadcrumbList","@id":"https:\/\/www.alasmedios.com\/index.php\/2026\/01\/15\/europa-despliega-tropas-en-groenlandia-tras-choque-diplomatico-con-estados-unidos\/#breadcrumb","itemListElement":[{"@type":"ListItem","position":1,"name":"Inicio","item":"https:\/\/www.alasmedios.com\/"},{"@type":"ListItem","position":2,"name":"Europa despliega tropas en Groenlandia tras choque diplom\u00e1tico con Estados Unidos"}]},{"@type":"WebSite","@id":"https:\/\/www.alasmedios.com\/#website","url":"https:\/\/www.alasmedios.com\/","name":"Alas Medios","description":"Alas para pensar, Alas para volar, Alas de libertad","publisher":{"@id":"https:\/\/www.alasmedios.com\/#organization"},"potentialAction":[{"@type":"SearchAction","target":{"@type":"EntryPoint","urlTemplate":"https:\/\/www.alasmedios.com\/?s={search_term_string}"},"query-input":{"@type":"PropertyValueSpecification","valueRequired":true,"valueName":"search_term_string"}}],"inLanguage":"es"},{"@type":"Organization","@id":"https:\/\/www.alasmedios.com\/#organization","name":"Alas Medios","url":"https:\/\/www.alasmedios.com\/","logo":{"@type":"ImageObject","inLanguage":"es","@id":"https:\/\/www.alasmedios.com\/#\/schema\/logo\/image\/","url":"https:\/\/www.alasmedios.com\/wp-content\/uploads\/2026\/01\/cropped-cropped-GAM-1.png","contentUrl":"https:\/\/www.alasmedios.com\/wp-content\/uploads\/2026\/01\/cropped-cropped-GAM-1.png","width":467,"height":235,"caption":"Alas Medios"},"image":{"@id":"https:\/\/www.alasmedios.com\/#\/schema\/logo\/image\/"}},{"@type":"Person","@id":"https:\/\/www.alasmedios.com\/#\/schema\/person\/0ba31bdd19a05ebf5c7fef1fedf99c34","name":"Keila Rodr\u00edguez Pe\u00f1a","image":{"@type":"ImageObject","inLanguage":"es","@id":"https:\/\/secure.gravatar.com\/avatar\/a2553a2bfaa601b9d539b617c8793e151bdffb60f9e48a249912f86d4c9ebeef?s=96&d=mm&r=g","url":"https:\/\/secure.gravatar.com\/avatar\/a2553a2bfaa601b9d539b617c8793e151bdffb60f9e48a249912f86d4c9ebeef?s=96&d=mm&r=g","contentUrl":"https:\/\/secure.gravatar.com\/avatar\/a2553a2bfaa601b9d539b617c8793e151bdffb60f9e48a249912f86d4c9ebeef?s=96&d=mm&r=g","caption":"Keila Rodr\u00edguez Pe\u00f1a"},"sameAs":["http:\/\/www.alasmedios.com"],"url":"https:\/\/www.alasmedios.com\/index.php\/author\/keila\/"}]}},"_links":{"self":[{"href":"https:\/\/www.alasmedios.com\/index.php\/wp-json\/wp\/v2\/posts\/7470","targetHints":{"allow":["GET"]}}],"collection":[{"href":"https:\/\/www.alasmedios.com\/index.php\/wp-json\/wp\/v2\/posts"}],"about":[{"href":"https:\/\/www.alasmedios.com\/index.php\/wp-json\/wp\/v2\/types\/post"}],"author":[{"embeddable":true,"href":"https:\/\/www.alasmedios.com\/index.php\/wp-json\/wp\/v2\/users\/4"}],"replies":[{"embeddable":true,"href":"https:\/\/www.alasmedios.com\/index.php\/wp-json\/wp\/v2\/comments?post=7470"}],"version-history":[{"count":1,"href":"https:\/\/www.alasmedios.com\/index.php\/wp-json\/wp\/v2\/posts\/7470\/revisions"}],"predecessor-version":[{"id":7472,"href":"https:\/\/www.alasmedios.com\/index.php\/wp-json\/wp\/v2\/posts\/7470\/revisions\/7472"}],"wp:featuredmedia":[{"embeddable":true,"href":"https:\/\/www.alasmedios.com\/index.php\/wp-json\/wp\/v2\/media\/7471"}],"wp:attachment":[{"href":"https:\/\/www.alasmedios.com\/index.php\/wp-json\/wp\/v2\/media?parent=7470"}],"wp:term":[{"taxonomy":"category","embeddable":true,"href":"https:\/\/www.alasmedios.com\/index.php\/wp-json\/wp\/v2\/categories?post=7470"},{"taxonomy":"post_tag","embeddable":true,"href":"https:\/\/www.alasmedios.com\/index.php\/wp-json\/wp\/v2\/tags?post=7470"}],"curies":[{"name":"wp","href":"https:\/\/api.w.org\/{rel}","templated":true}]}}