{"id":7462,"date":"2026-01-14T13:12:17","date_gmt":"2026-01-14T19:12:17","guid":{"rendered":"https:\/\/www.alasmedios.com\/?p=7462"},"modified":"2026-01-14T13:12:17","modified_gmt":"2026-01-14T19:12:17","slug":"supermamas-reinas-del-invierno-van-por-milano-cortina-2026","status":"publish","type":"post","link":"https:\/\/www.alasmedios.com\/index.php\/2026\/01\/14\/supermamas-reinas-del-invierno-van-por-milano-cortina-2026\/","title":{"rendered":"Supermam\u00e1s: reinas del invierno van por Milano Cortina 2026"},"content":{"rendered":"\n<p>El camino rumbo a <strong>Milano Cortina 2026<\/strong> ya est\u00e1 en marcha y trae una narrativa poderosa: <strong>las grandes figuras de los deportes de invierno regresan a la \u00e9lite como madres<\/strong>, decididas a competir, ganar y volver a subir al podio. <\/p>\n\n\n\n<p>Desde el <strong>snowboard<\/strong> hasta el <strong>bobsleigh<\/strong>, pasando por el <strong>hockey sobre hielo<\/strong>, el <strong>halfpipe<\/strong>, el <strong>patinaje de velocidad<\/strong> y el <strong>curling<\/strong>, la maternidad se ha convertido en un nuevo motor competitivo.<\/p>\n\n\n\n<p>Lejos de frenar sus carreras, estas atletas demuestran que <strong>las medallas ol\u00edmpicas y la maternidad no est\u00e1n peleadas<\/strong>, redefiniendo el alto rendimiento en uno de los ciclos ol\u00edmpicos m\u00e1s exigentes de los \u00faltimos a\u00f1os.<\/p>\n\n\n\n<h3 class=\"wp-block-heading\"><strong>Bobsleigh de potencia total<\/strong><\/h3>\n\n\n\n<p>En el hielo, <strong>Elana Meyers Taylor<\/strong> y <strong>Kaillie Humphries<\/strong> lideran el ataque de <strong>Estados Unidos<\/strong>.<\/p>\n\n\n\n<p>La cinco veces medallista ol\u00edmpica <strong>Meyers Taylor<\/strong> busca una <strong>sexta medalla hist\u00f3rica<\/strong> en Milano Cortina 2026, acompa\u00f1ada simb\u00f3licamente por sus hijos <strong>Nico y Noah<\/strong>, quienes ya han viajado con ella en Copas del Mundo y Juegos Ol\u00edmpicos.<\/p>\n\n\n\n<p>CONTIN\u00daA LEYENDO: <a href=\"https:\/\/www.alasmedios.com\/index.php\/2026\/01\/10\/atletas-mexicanos-que-prometen-sacudir-podios-y-escenarios-mundiales-este-2026\/\" data-type=\"post\" data-id=\"7420\">Atletas mexicanos que prometen sacudir podios y escenarios mundiales este 2026<\/a><\/p>\n\n\n\n<p>Por su parte, la <strong>triple campeona ol\u00edmpica Kaillie Humphries<\/strong> regres\u00f3 tras una pausa de a\u00f1o y medio por el nacimiento de su hijo <strong>Aulden<\/strong>, asegurando que la maternidad la volvi\u00f3 <strong>\u201cm\u00e1s competitiva\u201d<\/strong>.<\/p>\n\n\n\n<h3 class=\"wp-block-heading\"><strong>Snowboard: el regreso m\u00e1s esperado<\/strong><\/h3>\n\n\n\n<p>En las monta\u00f1as, el nombre que sacude al circuito es <strong>Jamie Anderson<\/strong>.<\/p>\n\n\n\n<p>La <strong>doble campeona ol\u00edmpica<\/strong> y leyenda de los <strong>X Games<\/strong> vuelve a la competencia tras ser madre de <strong>Misty Rose<\/strong> y <strong>Nova Sky<\/strong>, apuntando a sus <strong>cuartos Juegos Ol\u00edmpicos de Invierno<\/strong>. Su regreso ya es uno de los temas m\u00e1s comentados del snowboard femenino.<\/p>\n\n\n\n<p>Tambi\u00e9n en snowboard cross, <strong>Chlo\u00e9 Trespeuch<\/strong>, doble medallista ol\u00edmpica de <strong>Francia<\/strong>, volvi\u00f3 a competir apenas <strong>tres meses despu\u00e9s de dar a luz<\/strong> a su hijo <strong>Mario<\/strong>, cerrando la temporada dentro del <strong>Top 10 mundial<\/strong>. En la misma disciplina, nombres como <strong>Lindsey Jacobellis<\/strong> y <strong>Eva Adamczykov\u00e1<\/strong> tambi\u00e9n protagonizan regresos tras la maternidad.<\/p>\n\n\n\n<h3 class=\"wp-block-heading\"><strong>Halfpipe y X Games: podios con pa\u00f1ales<\/strong><\/h3>\n\n\n\n<p>En el esqu\u00ed acrob\u00e1tico, <strong>Cassie Sharpe<\/strong> regres\u00f3 al circuito con fuerza total.<\/p>\n\n\n\n<p>Tras el nacimiento de su hija <strong>Lou<\/strong>, volvi\u00f3 al podio de la Copa del Mundo y logr\u00f3 una <strong>victoria hist\u00f3rica en los X Games 2025<\/strong>, convirti\u00e9ndose en la <strong>primera madre<\/strong> en conseguirlo. Hoy, es nuevamente <strong>favorita rumbo a Milano Cortina 2026<\/strong>.<\/p>\n\n\n\n<p>TE PUEDE INTERESAR: <a href=\"https:\/\/www.alasmedios.com\/index.php\/2026\/01\/08\/charlyn-corral-manda-en-el-gol-reina-del-mundo-por-segundo-ano-consecutivo\/\" data-type=\"post\" data-id=\"7395\">Charlyn Corral manda en el gol: reina del mundo por segundo a\u00f1o consecutivo<\/a><\/p>\n\n\n\n<h3 class=\"wp-block-heading\"><strong>Para snowboard: resiliencia dorada<\/strong><\/h3>\n\n\n\n<p>La historia de <strong>Brenna Huckaby<\/strong> es pura garra.<\/p>\n\n\n\n<p>Triple campeona paral\u00edmpica, madre de <strong>Lilah y Sloan<\/strong>, Huckaby ha ganado oros y bronces en <strong>PyeongChang 2018<\/strong> y <strong>Beijing 2022<\/strong>, y va por m\u00e1s en sus <strong>terceros Juegos Paral\u00edmpicos<\/strong>, demostrando que el equilibrio entre familia y alto rendimiento tambi\u00e9n se conquista.<\/p>\n\n\n\n<h3 class=\"wp-block-heading\"><strong>Patinaje de velocidad: oro en casa<\/strong><\/h3>\n\n\n\n<p>La italiana <strong>Francesca Lollobrigida<\/strong> apunta a un ciclo especial: competir como madre y hacerlo <strong>en casa<\/strong>.<\/p>\n\n\n\n<p>Tras el nacimiento de su hijo <strong>Tommaso<\/strong>, regres\u00f3 al hielo y gan\u00f3 los <strong>3,000 metros en la Copa del Mundo 2025<\/strong>, confirmando que sigue entre las <strong>mejores del planeta<\/strong> rumbo a sus <strong>cuartos Juegos Ol\u00edmpicos<\/strong>.<\/p>\n\n\n\n<h3 class=\"wp-block-heading\"><strong>Hockey sobre hielo: velocidad intacta<\/strong><\/h3>\n\n\n\n<p>En el hielo norteamericano, <strong>Kendall Coyne Schofield<\/strong> mantiene su estatus de estrella.<\/p>\n\n\n\n<p>Madre desde 2023, volvi\u00f3 a entrenar apenas un mes despu\u00e9s del nacimiento de su hijo <strong>Drew<\/strong>, gan\u00f3 t\u00edtulos con las <strong>Minnesota Frost<\/strong> y fue campeona mundial con <strong>Estados Unidos<\/strong> en 2025. Ahora va por sus <strong>cuartos Juegos Ol\u00edmpicos de Invierno<\/strong>.<\/p>\n\n\n\n<p>CONTIN\u00daA LEYENDO: <a href=\"https:\/\/www.alasmedios.com\/index.php\/2026\/01\/14\/hilos-y-arte-la-sociedad-de-la-aguja-llega-a-pachuca\/\" data-type=\"post\" data-id=\"7457\">Hilos y arte: \u201cLa Sociedad de la Aguja\u201d llega a Pachuca<\/a><\/p>\n\n\n\n<h3 class=\"wp-block-heading\"><strong>Curling: el \u201cCirco Hasselborg\u201d<\/strong><\/h3>\n\n\n\n<p>Suecia tambi\u00e9n llega con historia propia.<\/p>\n\n\n\n<p>El <strong>Team Hasselborg<\/strong>, campe\u00f3n ol\u00edmpico en 2018, competir\u00e1 en Milano Cortina 2026 con varias de sus integrantes convertidas en madres, viajando con hijos y familias completas. Un equipo que combina <strong>experiencia, caos log\u00edstico y mentalidad ganadora<\/strong>.<\/p>\n\n\n\n<p>En <strong>Milano Cortina 2026<\/strong>, las pistas no solo medir\u00e1n fuerza, t\u00e9cnica y precisi\u00f3n. Tambi\u00e9n pondr\u00e1n a prueba una nueva generaci\u00f3n de campeonas que compiten con un impulso extra: <strong>el de volver a casa con una medalla\u2026 y con sus hijos esper\u00e1ndolas<\/strong>.<\/p>\n\n\n<ul class=\"wp-block-latest-posts__list is-grid columns-3 wp-block-latest-posts\"><li><div class=\"wp-block-latest-posts__featured-image\"><img loading=\"lazy\" decoding=\"async\" width=\"150\" height=\"150\" src=\"https:\/\/www.alasmedios.com\/wp-content\/uploads\/2026\/05\/Super-Final-de-la-Copa-del-Mundo-de-Clavados-2026-150x150.jpeg\" class=\"attachment-thumbnail size-thumbnail wp-post-image\" alt=\"\" style=\"\" \/><\/div><a class=\"wp-block-latest-posts__post-title\" href=\"https:\/\/www.alasmedios.com\/index.php\/2026\/05\/01\/mexico-se-lanza-por-la-cima-once-clavadistas-buscan-la-gloria-mundial-en-pekin-2026\/\">M\u00e9xico se lanza por la cima: once clavadistas buscan la gloria mundial en Pek\u00edn 2026<\/a><\/li>\n<li><div class=\"wp-block-latest-posts__featured-image\"><img loading=\"lazy\" decoding=\"async\" width=\"150\" height=\"150\" src=\"https:\/\/www.alasmedios.com\/wp-content\/uploads\/2026\/04\/Puebla-el-Congreso-aprobo-el-Protocolo-Homologado-de-Investigacion-de-Delitos-contra-Personas-LGBTTTI-150x150.png\" class=\"attachment-thumbnail size-thumbnail wp-post-image\" alt=\"\" style=\"\" \/><\/div><a class=\"wp-block-latest-posts__post-title\" href=\"https:\/\/www.alasmedios.com\/index.php\/2026\/04\/30\/puebla-impulsa-protocolo-contra-delitos-lgbttti\/\">Puebla impulsa protocolo contra delitos LGBTTTI+<\/a><\/li>\n<li><div class=\"wp-block-latest-posts__featured-image\"><img loading=\"lazy\" decoding=\"async\" width=\"150\" height=\"150\" src=\"https:\/\/www.alasmedios.com\/wp-content\/uploads\/2026\/04\/PEC-Parque-Ecologico-Cubitos-150x150.jpg\" class=\"attachment-thumbnail size-thumbnail wp-post-image\" alt=\"\" style=\"\" \/><\/div><a class=\"wp-block-latest-posts__post-title\" href=\"https:\/\/www.alasmedios.com\/index.php\/2026\/04\/30\/naturaleza-viva-en-pachuca-cubitos-conmemora-a-los-jardines-botanicos\/\">Naturaleza viva en Pachuca: Cubitos conmemora a los jardines bot\u00e1nicos<\/a><\/li>\n<\/ul>","protected":false},"excerpt":{"rendered":"<p>El camino rumbo a Milano Cortina 2026 ya est\u00e1 en marcha y trae una narrativa poderosa: las grandes figuras de<\/p>\n","protected":false},"author":4,"featured_media":7463,"comment_status":"open","ping_status":"open","sticky":false,"template":"","format":"standard","meta":{"colormag_page_container_layout":"default_layout","colormag_page_sidebar_layout":"default_layout","rop_custom_images_group":[],"rop_custom_messages_group":[],"rop_publish_now":"initial","rop_publish_now_accounts":[],"rop_publish_now_history":[],"rop_publish_now_status":"pending","iawp_total_views":1,"footnotes":""},"categories":[3223],"tags":[3258,3262,223,3260,3259,1870,154,2714,3261,3257],"class_list":["post-7462","post","type-post","status-publish","format-standard","has-post-thumbnail","hentry","category-deportes","tag-bobsleigh","tag-curling","tag-deportes","tag-halfpipe","tag-hockey","tag-mama","tag-maternidad","tag-milano-cortina-2026","tag-patinaje","tag-snowboard"],"magazineBlocksPostFeaturedMedia":{"thumbnail":"https:\/\/www.alasmedios.com\/wp-content\/uploads\/2026\/01\/Supermamas-reinas-del-invierno-van-por-Milano-Cortina-2026-150x150.png","medium":"https:\/\/www.alasmedios.com\/wp-content\/uploads\/2026\/01\/Supermamas-reinas-del-invierno-van-por-Milano-Cortina-2026-300x182.png","medium_large":"https:\/\/www.alasmedios.com\/wp-content\/uploads\/2026\/01\/Supermamas-reinas-del-invierno-van-por-Milano-Cortina-2026-768x466.png","large":"https:\/\/www.alasmedios.com\/wp-content\/uploads\/2026\/01\/Supermamas-reinas-del-invierno-van-por-Milano-Cortina-2026-1024x622.png","1536x1536":"https:\/\/www.alasmedios.com\/wp-content\/uploads\/2026\/01\/Supermamas-reinas-del-invierno-van-por-Milano-Cortina-2026-1536x932.png","2048x2048":"https:\/\/www.alasmedios.com\/wp-content\/uploads\/2026\/01\/Supermamas-reinas-del-invierno-van-por-Milano-Cortina-2026.png","colormag-highlighted-post":"https:\/\/www.alasmedios.com\/wp-content\/uploads\/2026\/01\/Supermamas-reinas-del-invierno-van-por-Milano-Cortina-2026-392x272.png","colormag-featured-post-medium":"https:\/\/www.alasmedios.com\/wp-content\/uploads\/2026\/01\/Supermamas-reinas-del-invierno-van-por-Milano-Cortina-2026-390x205.png","colormag-featured-post-small":"https:\/\/www.alasmedios.com\/wp-content\/uploads\/2026\/01\/Supermamas-reinas-del-invierno-van-por-Milano-Cortina-2026-130x90.png","colormag-featured-image":"https:\/\/www.alasmedios.com\/wp-content\/uploads\/2026\/01\/Supermamas-reinas-del-invierno-van-por-Milano-Cortina-2026-800x445.png","colormag-default-news":"https:\/\/www.alasmedios.com\/wp-content\/uploads\/2026\/01\/Supermamas-reinas-del-invierno-van-por-Milano-Cortina-2026-150x150.png","colormag-featured-image-large":"https:\/\/www.alasmedios.com\/wp-content\/uploads\/2026\/01\/Supermamas-reinas-del-invierno-van-por-Milano-Cortina-2026-1400x600.png"},"magazineBlocksPostAuthor":{"name":"Keila Rodr\u00edguez Pe\u00f1a","avatar":"https:\/\/secure.gravatar.com\/avatar\/a2553a2bfaa601b9d539b617c8793e151bdffb60f9e48a249912f86d4c9ebeef?s=96&d=mm&r=g"},"magazineBlocksPostCommentsNumber":"0","magazineBlocksPostExcerpt":"El camino rumbo a Milano Cortina 2026 ya est\u00e1 en marcha y trae una narrativa poderosa: las grandes figuras de","magazineBlocksPostCategories":["Deportes"],"magazineBlocksPostViewCount":63,"magazineBlocksPostReadTime":4,"magazine_blocks_featured_image_url":{"full":["https:\/\/www.alasmedios.com\/wp-content\/uploads\/2026\/01\/Supermamas-reinas-del-invierno-van-por-Milano-Cortina-2026.png",2000,1214,false],"medium":["https:\/\/www.alasmedios.com\/wp-content\/uploads\/2026\/01\/Supermamas-reinas-del-invierno-van-por-Milano-Cortina-2026-300x182.png",300,182,true],"thumbnail":["https:\/\/www.alasmedios.com\/wp-content\/uploads\/2026\/01\/Supermamas-reinas-del-invierno-van-por-Milano-Cortina-2026-150x150.png",150,150,true]},"magazine_blocks_author":{"display_name":"Keila Rodr\u00edguez Pe\u00f1a","author_link":"https:\/\/www.alasmedios.com\/index.php\/author\/keila\/"},"magazine_blocks_comment":0,"magazine_blocks_author_image":"https:\/\/secure.gravatar.com\/avatar\/a2553a2bfaa601b9d539b617c8793e151bdffb60f9e48a249912f86d4c9ebeef?s=96&d=mm&r=g","magazine_blocks_category":"<a href=\"#\" class=\"category-link category-link-3223\">Deportes<\/a>","yoast_head":"<!-- This site is optimized with the Yoast SEO plugin v27.5 - https:\/\/yoast.com\/product\/yoast-seo-wordpress\/ -->\r\n<title>Supermam\u00e1s: reinas del invierno van por Milano Cortina 2026 - Alas Medios<\/title>\r\n<meta name=\"robots\" content=\"index, follow, max-snippet:-1, max-image-preview:large, max-video-preview:-1\" \/>\r\n<link rel=\"canonical\" href=\"https:\/\/www.alasmedios.com\/index.php\/2026\/01\/14\/supermamas-reinas-del-invierno-van-por-milano-cortina-2026\/\" \/>\r\n<meta property=\"og:locale\" content=\"es_MX\" \/>\r\n<meta property=\"og:type\" content=\"article\" \/>\r\n<meta property=\"og:title\" content=\"Supermam\u00e1s: reinas del invierno van por Milano Cortina 2026 - Alas Medios\" \/>\r\n<meta property=\"og:description\" content=\"El camino rumbo a Milano Cortina 2026 ya est\u00e1 en marcha y trae una narrativa poderosa: las grandes figuras de\" \/>\r\n<meta property=\"og:url\" content=\"https:\/\/www.alasmedios.com\/index.php\/2026\/01\/14\/supermamas-reinas-del-invierno-van-por-milano-cortina-2026\/\" \/>\r\n<meta property=\"og:site_name\" content=\"Alas Medios\" \/>\r\n<meta property=\"article:published_time\" content=\"2026-01-14T19:12:17+00:00\" \/>\r\n<meta property=\"og:image\" content=\"https:\/\/www.alasmedios.com\/wp-content\/uploads\/2026\/01\/Supermamas-reinas-del-invierno-van-por-Milano-Cortina-2026-1024x622.png\" \/>\r\n\t<meta property=\"og:image:width\" content=\"1024\" \/>\r\n\t<meta property=\"og:image:height\" content=\"622\" \/>\r\n\t<meta property=\"og:image:type\" content=\"image\/png\" \/>\r\n<meta name=\"author\" content=\"Keila Rodr\u00edguez Pe\u00f1a\" \/>\r\n<meta name=\"twitter:card\" content=\"summary_large_image\" \/>\r\n<meta name=\"twitter:label1\" content=\"Escrito por\" \/>\n\t<meta name=\"twitter:data1\" content=\"Keila Rodr\u00edguez Pe\u00f1a\" \/>\n\t<meta name=\"twitter:label2\" content=\"Tiempo de lectura\" \/>\n\t<meta name=\"twitter:data2\" content=\"3 minutos\" \/>\r\n<script type=\"application\/ld+json\" class=\"yoast-schema-graph\">{\"@context\":\"https:\\\/\\\/schema.org\",\"@graph\":[{\"@type\":\"Article\",\"@id\":\"https:\\\/\\\/www.alasmedios.com\\\/index.php\\\/2026\\\/01\\\/14\\\/supermamas-reinas-del-invierno-van-por-milano-cortina-2026\\\/#article\",\"isPartOf\":{\"@id\":\"https:\\\/\\\/www.alasmedios.com\\\/index.php\\\/2026\\\/01\\\/14\\\/supermamas-reinas-del-invierno-van-por-milano-cortina-2026\\\/\"},\"author\":{\"name\":\"Keila Rodr\u00edguez Pe\u00f1a\",\"@id\":\"https:\\\/\\\/www.alasmedios.com\\\/#\\\/schema\\\/person\\\/0ba31bdd19a05ebf5c7fef1fedf99c34\"},\"headline\":\"Supermam\u00e1s: reinas del invierno van por Milano Cortina 2026\",\"datePublished\":\"2026-01-14T19:12:17+00:00\",\"mainEntityOfPage\":{\"@id\":\"https:\\\/\\\/www.alasmedios.com\\\/index.php\\\/2026\\\/01\\\/14\\\/supermamas-reinas-del-invierno-van-por-milano-cortina-2026\\\/\"},\"wordCount\":703,\"commentCount\":0,\"publisher\":{\"@id\":\"https:\\\/\\\/www.alasmedios.com\\\/#organization\"},\"image\":{\"@id\":\"https:\\\/\\\/www.alasmedios.com\\\/index.php\\\/2026\\\/01\\\/14\\\/supermamas-reinas-del-invierno-van-por-milano-cortina-2026\\\/#primaryimage\"},\"thumbnailUrl\":\"https:\\\/\\\/www.alasmedios.com\\\/wp-content\\\/uploads\\\/2026\\\/01\\\/Supermamas-reinas-del-invierno-van-por-Milano-Cortina-2026.png\",\"keywords\":[\"bobsleigh\",\"curling\",\"deportes\",\"halfpipe\",\"hockey\",\"mam\u00e1\",\"Maternidad\",\"Milano Cortina 2026\",\"patinaje\",\"snowboard\"],\"articleSection\":[\"Deportes\"],\"inLanguage\":\"es\",\"potentialAction\":[{\"@type\":\"CommentAction\",\"name\":\"Comment\",\"target\":[\"https:\\\/\\\/www.alasmedios.com\\\/index.php\\\/2026\\\/01\\\/14\\\/supermamas-reinas-del-invierno-van-por-milano-cortina-2026\\\/#respond\"]}]},{\"@type\":\"WebPage\",\"@id\":\"https:\\\/\\\/www.alasmedios.com\\\/index.php\\\/2026\\\/01\\\/14\\\/supermamas-reinas-del-invierno-van-por-milano-cortina-2026\\\/\",\"url\":\"https:\\\/\\\/www.alasmedios.com\\\/index.php\\\/2026\\\/01\\\/14\\\/supermamas-reinas-del-invierno-van-por-milano-cortina-2026\\\/\",\"name\":\"Supermam\u00e1s: reinas del invierno van por Milano Cortina 2026 - Alas Medios\",\"isPartOf\":{\"@id\":\"https:\\\/\\\/www.alasmedios.com\\\/#website\"},\"primaryImageOfPage\":{\"@id\":\"https:\\\/\\\/www.alasmedios.com\\\/index.php\\\/2026\\\/01\\\/14\\\/supermamas-reinas-del-invierno-van-por-milano-cortina-2026\\\/#primaryimage\"},\"image\":{\"@id\":\"https:\\\/\\\/www.alasmedios.com\\\/index.php\\\/2026\\\/01\\\/14\\\/supermamas-reinas-del-invierno-van-por-milano-cortina-2026\\\/#primaryimage\"},\"thumbnailUrl\":\"https:\\\/\\\/www.alasmedios.com\\\/wp-content\\\/uploads\\\/2026\\\/01\\\/Supermamas-reinas-del-invierno-van-por-Milano-Cortina-2026.png\",\"datePublished\":\"2026-01-14T19:12:17+00:00\",\"breadcrumb\":{\"@id\":\"https:\\\/\\\/www.alasmedios.com\\\/index.php\\\/2026\\\/01\\\/14\\\/supermamas-reinas-del-invierno-van-por-milano-cortina-2026\\\/#breadcrumb\"},\"inLanguage\":\"es\",\"potentialAction\":[{\"@type\":\"ReadAction\",\"target\":[\"https:\\\/\\\/www.alasmedios.com\\\/index.php\\\/2026\\\/01\\\/14\\\/supermamas-reinas-del-invierno-van-por-milano-cortina-2026\\\/\"]}]},{\"@type\":\"ImageObject\",\"inLanguage\":\"es\",\"@id\":\"https:\\\/\\\/www.alasmedios.com\\\/index.php\\\/2026\\\/01\\\/14\\\/supermamas-reinas-del-invierno-van-por-milano-cortina-2026\\\/#primaryimage\",\"url\":\"https:\\\/\\\/www.alasmedios.com\\\/wp-content\\\/uploads\\\/2026\\\/01\\\/Supermamas-reinas-del-invierno-van-por-Milano-Cortina-2026.png\",\"contentUrl\":\"https:\\\/\\\/www.alasmedios.com\\\/wp-content\\\/uploads\\\/2026\\\/01\\\/Supermamas-reinas-del-invierno-van-por-Milano-Cortina-2026.png\",\"width\":2000,\"height\":1214},{\"@type\":\"BreadcrumbList\",\"@id\":\"https:\\\/\\\/www.alasmedios.com\\\/index.php\\\/2026\\\/01\\\/14\\\/supermamas-reinas-del-invierno-van-por-milano-cortina-2026\\\/#breadcrumb\",\"itemListElement\":[{\"@type\":\"ListItem\",\"position\":1,\"name\":\"Inicio\",\"item\":\"https:\\\/\\\/www.alasmedios.com\\\/\"},{\"@type\":\"ListItem\",\"position\":2,\"name\":\"Supermam\u00e1s: reinas del invierno van por Milano Cortina 2026\"}]},{\"@type\":\"WebSite\",\"@id\":\"https:\\\/\\\/www.alasmedios.com\\\/#website\",\"url\":\"https:\\\/\\\/www.alasmedios.com\\\/\",\"name\":\"Alas Medios\",\"description\":\"Alas para pensar, Alas para volar, Alas de libertad\",\"publisher\":{\"@id\":\"https:\\\/\\\/www.alasmedios.com\\\/#organization\"},\"potentialAction\":[{\"@type\":\"SearchAction\",\"target\":{\"@type\":\"EntryPoint\",\"urlTemplate\":\"https:\\\/\\\/www.alasmedios.com\\\/?s={search_term_string}\"},\"query-input\":{\"@type\":\"PropertyValueSpecification\",\"valueRequired\":true,\"valueName\":\"search_term_string\"}}],\"inLanguage\":\"es\"},{\"@type\":\"Organization\",\"@id\":\"https:\\\/\\\/www.alasmedios.com\\\/#organization\",\"name\":\"Alas Medios\",\"url\":\"https:\\\/\\\/www.alasmedios.com\\\/\",\"logo\":{\"@type\":\"ImageObject\",\"inLanguage\":\"es\",\"@id\":\"https:\\\/\\\/www.alasmedios.com\\\/#\\\/schema\\\/logo\\\/image\\\/\",\"url\":\"https:\\\/\\\/www.alasmedios.com\\\/wp-content\\\/uploads\\\/2026\\\/01\\\/cropped-cropped-GAM-1.png\",\"contentUrl\":\"https:\\\/\\\/www.alasmedios.com\\\/wp-content\\\/uploads\\\/2026\\\/01\\\/cropped-cropped-GAM-1.png\",\"width\":467,\"height\":235,\"caption\":\"Alas Medios\"},\"image\":{\"@id\":\"https:\\\/\\\/www.alasmedios.com\\\/#\\\/schema\\\/logo\\\/image\\\/\"}},{\"@type\":\"Person\",\"@id\":\"https:\\\/\\\/www.alasmedios.com\\\/#\\\/schema\\\/person\\\/0ba31bdd19a05ebf5c7fef1fedf99c34\",\"name\":\"Keila Rodr\u00edguez Pe\u00f1a\",\"image\":{\"@type\":\"ImageObject\",\"inLanguage\":\"es\",\"@id\":\"https:\\\/\\\/secure.gravatar.com\\\/avatar\\\/a2553a2bfaa601b9d539b617c8793e151bdffb60f9e48a249912f86d4c9ebeef?s=96&d=mm&r=g\",\"url\":\"https:\\\/\\\/secure.gravatar.com\\\/avatar\\\/a2553a2bfaa601b9d539b617c8793e151bdffb60f9e48a249912f86d4c9ebeef?s=96&d=mm&r=g\",\"contentUrl\":\"https:\\\/\\\/secure.gravatar.com\\\/avatar\\\/a2553a2bfaa601b9d539b617c8793e151bdffb60f9e48a249912f86d4c9ebeef?s=96&d=mm&r=g\",\"caption\":\"Keila Rodr\u00edguez Pe\u00f1a\"},\"sameAs\":[\"http:\\\/\\\/www.alasmedios.com\"],\"url\":\"https:\\\/\\\/www.alasmedios.com\\\/index.php\\\/author\\\/keila\\\/\"}]}<\/script>\r\n<!-- \/ Yoast SEO plugin. -->","yoast_head_json":{"title":"Supermam\u00e1s: reinas del invierno van por Milano Cortina 2026 - Alas Medios","robots":{"index":"index","follow":"follow","max-snippet":"max-snippet:-1","max-image-preview":"max-image-preview:large","max-video-preview":"max-video-preview:-1"},"canonical":"https:\/\/www.alasmedios.com\/index.php\/2026\/01\/14\/supermamas-reinas-del-invierno-van-por-milano-cortina-2026\/","og_locale":"es_MX","og_type":"article","og_title":"Supermam\u00e1s: reinas del invierno van por Milano Cortina 2026 - Alas Medios","og_description":"El camino rumbo a Milano Cortina 2026 ya est\u00e1 en marcha y trae una narrativa poderosa: las grandes figuras de","og_url":"https:\/\/www.alasmedios.com\/index.php\/2026\/01\/14\/supermamas-reinas-del-invierno-van-por-milano-cortina-2026\/","og_site_name":"Alas Medios","article_published_time":"2026-01-14T19:12:17+00:00","og_image":[{"width":1024,"height":622,"url":"https:\/\/www.alasmedios.com\/wp-content\/uploads\/2026\/01\/Supermamas-reinas-del-invierno-van-por-Milano-Cortina-2026-1024x622.png","type":"image\/png"}],"author":"Keila Rodr\u00edguez Pe\u00f1a","twitter_card":"summary_large_image","twitter_misc":{"Escrito por":"Keila Rodr\u00edguez Pe\u00f1a","Tiempo de lectura":"3 minutos"},"schema":{"@context":"https:\/\/schema.org","@graph":[{"@type":"Article","@id":"https:\/\/www.alasmedios.com\/index.php\/2026\/01\/14\/supermamas-reinas-del-invierno-van-por-milano-cortina-2026\/#article","isPartOf":{"@id":"https:\/\/www.alasmedios.com\/index.php\/2026\/01\/14\/supermamas-reinas-del-invierno-van-por-milano-cortina-2026\/"},"author":{"name":"Keila Rodr\u00edguez Pe\u00f1a","@id":"https:\/\/www.alasmedios.com\/#\/schema\/person\/0ba31bdd19a05ebf5c7fef1fedf99c34"},"headline":"Supermam\u00e1s: reinas del invierno van por Milano Cortina 2026","datePublished":"2026-01-14T19:12:17+00:00","mainEntityOfPage":{"@id":"https:\/\/www.alasmedios.com\/index.php\/2026\/01\/14\/supermamas-reinas-del-invierno-van-por-milano-cortina-2026\/"},"wordCount":703,"commentCount":0,"publisher":{"@id":"https:\/\/www.alasmedios.com\/#organization"},"image":{"@id":"https:\/\/www.alasmedios.com\/index.php\/2026\/01\/14\/supermamas-reinas-del-invierno-van-por-milano-cortina-2026\/#primaryimage"},"thumbnailUrl":"https:\/\/www.alasmedios.com\/wp-content\/uploads\/2026\/01\/Supermamas-reinas-del-invierno-van-por-Milano-Cortina-2026.png","keywords":["bobsleigh","curling","deportes","halfpipe","hockey","mam\u00e1","Maternidad","Milano Cortina 2026","patinaje","snowboard"],"articleSection":["Deportes"],"inLanguage":"es","potentialAction":[{"@type":"CommentAction","name":"Comment","target":["https:\/\/www.alasmedios.com\/index.php\/2026\/01\/14\/supermamas-reinas-del-invierno-van-por-milano-cortina-2026\/#respond"]}]},{"@type":"WebPage","@id":"https:\/\/www.alasmedios.com\/index.php\/2026\/01\/14\/supermamas-reinas-del-invierno-van-por-milano-cortina-2026\/","url":"https:\/\/www.alasmedios.com\/index.php\/2026\/01\/14\/supermamas-reinas-del-invierno-van-por-milano-cortina-2026\/","name":"Supermam\u00e1s: reinas del invierno van por Milano Cortina 2026 - Alas Medios","isPartOf":{"@id":"https:\/\/www.alasmedios.com\/#website"},"primaryImageOfPage":{"@id":"https:\/\/www.alasmedios.com\/index.php\/2026\/01\/14\/supermamas-reinas-del-invierno-van-por-milano-cortina-2026\/#primaryimage"},"image":{"@id":"https:\/\/www.alasmedios.com\/index.php\/2026\/01\/14\/supermamas-reinas-del-invierno-van-por-milano-cortina-2026\/#primaryimage"},"thumbnailUrl":"https:\/\/www.alasmedios.com\/wp-content\/uploads\/2026\/01\/Supermamas-reinas-del-invierno-van-por-Milano-Cortina-2026.png","datePublished":"2026-01-14T19:12:17+00:00","breadcrumb":{"@id":"https:\/\/www.alasmedios.com\/index.php\/2026\/01\/14\/supermamas-reinas-del-invierno-van-por-milano-cortina-2026\/#breadcrumb"},"inLanguage":"es","potentialAction":[{"@type":"ReadAction","target":["https:\/\/www.alasmedios.com\/index.php\/2026\/01\/14\/supermamas-reinas-del-invierno-van-por-milano-cortina-2026\/"]}]},{"@type":"ImageObject","inLanguage":"es","@id":"https:\/\/www.alasmedios.com\/index.php\/2026\/01\/14\/supermamas-reinas-del-invierno-van-por-milano-cortina-2026\/#primaryimage","url":"https:\/\/www.alasmedios.com\/wp-content\/uploads\/2026\/01\/Supermamas-reinas-del-invierno-van-por-Milano-Cortina-2026.png","contentUrl":"https:\/\/www.alasmedios.com\/wp-content\/uploads\/2026\/01\/Supermamas-reinas-del-invierno-van-por-Milano-Cortina-2026.png","width":2000,"height":1214},{"@type":"BreadcrumbList","@id":"https:\/\/www.alasmedios.com\/index.php\/2026\/01\/14\/supermamas-reinas-del-invierno-van-por-milano-cortina-2026\/#breadcrumb","itemListElement":[{"@type":"ListItem","position":1,"name":"Inicio","item":"https:\/\/www.alasmedios.com\/"},{"@type":"ListItem","position":2,"name":"Supermam\u00e1s: reinas del invierno van por Milano Cortina 2026"}]},{"@type":"WebSite","@id":"https:\/\/www.alasmedios.com\/#website","url":"https:\/\/www.alasmedios.com\/","name":"Alas Medios","description":"Alas para pensar, Alas para volar, Alas de libertad","publisher":{"@id":"https:\/\/www.alasmedios.com\/#organization"},"potentialAction":[{"@type":"SearchAction","target":{"@type":"EntryPoint","urlTemplate":"https:\/\/www.alasmedios.com\/?s={search_term_string}"},"query-input":{"@type":"PropertyValueSpecification","valueRequired":true,"valueName":"search_term_string"}}],"inLanguage":"es"},{"@type":"Organization","@id":"https:\/\/www.alasmedios.com\/#organization","name":"Alas Medios","url":"https:\/\/www.alasmedios.com\/","logo":{"@type":"ImageObject","inLanguage":"es","@id":"https:\/\/www.alasmedios.com\/#\/schema\/logo\/image\/","url":"https:\/\/www.alasmedios.com\/wp-content\/uploads\/2026\/01\/cropped-cropped-GAM-1.png","contentUrl":"https:\/\/www.alasmedios.com\/wp-content\/uploads\/2026\/01\/cropped-cropped-GAM-1.png","width":467,"height":235,"caption":"Alas Medios"},"image":{"@id":"https:\/\/www.alasmedios.com\/#\/schema\/logo\/image\/"}},{"@type":"Person","@id":"https:\/\/www.alasmedios.com\/#\/schema\/person\/0ba31bdd19a05ebf5c7fef1fedf99c34","name":"Keila Rodr\u00edguez Pe\u00f1a","image":{"@type":"ImageObject","inLanguage":"es","@id":"https:\/\/secure.gravatar.com\/avatar\/a2553a2bfaa601b9d539b617c8793e151bdffb60f9e48a249912f86d4c9ebeef?s=96&d=mm&r=g","url":"https:\/\/secure.gravatar.com\/avatar\/a2553a2bfaa601b9d539b617c8793e151bdffb60f9e48a249912f86d4c9ebeef?s=96&d=mm&r=g","contentUrl":"https:\/\/secure.gravatar.com\/avatar\/a2553a2bfaa601b9d539b617c8793e151bdffb60f9e48a249912f86d4c9ebeef?s=96&d=mm&r=g","caption":"Keila Rodr\u00edguez Pe\u00f1a"},"sameAs":["http:\/\/www.alasmedios.com"],"url":"https:\/\/www.alasmedios.com\/index.php\/author\/keila\/"}]}},"_links":{"self":[{"href":"https:\/\/www.alasmedios.com\/index.php\/wp-json\/wp\/v2\/posts\/7462","targetHints":{"allow":["GET"]}}],"collection":[{"href":"https:\/\/www.alasmedios.com\/index.php\/wp-json\/wp\/v2\/posts"}],"about":[{"href":"https:\/\/www.alasmedios.com\/index.php\/wp-json\/wp\/v2\/types\/post"}],"author":[{"embeddable":true,"href":"https:\/\/www.alasmedios.com\/index.php\/wp-json\/wp\/v2\/users\/4"}],"replies":[{"embeddable":true,"href":"https:\/\/www.alasmedios.com\/index.php\/wp-json\/wp\/v2\/comments?post=7462"}],"version-history":[{"count":1,"href":"https:\/\/www.alasmedios.com\/index.php\/wp-json\/wp\/v2\/posts\/7462\/revisions"}],"predecessor-version":[{"id":7464,"href":"https:\/\/www.alasmedios.com\/index.php\/wp-json\/wp\/v2\/posts\/7462\/revisions\/7464"}],"wp:featuredmedia":[{"embeddable":true,"href":"https:\/\/www.alasmedios.com\/index.php\/wp-json\/wp\/v2\/media\/7463"}],"wp:attachment":[{"href":"https:\/\/www.alasmedios.com\/index.php\/wp-json\/wp\/v2\/media?parent=7462"}],"wp:term":[{"taxonomy":"category","embeddable":true,"href":"https:\/\/www.alasmedios.com\/index.php\/wp-json\/wp\/v2\/categories?post=7462"},{"taxonomy":"post_tag","embeddable":true,"href":"https:\/\/www.alasmedios.com\/index.php\/wp-json\/wp\/v2\/tags?post=7462"}],"curies":[{"name":"wp","href":"https:\/\/api.w.org\/{rel}","templated":true}]}}