{"id":7454,"date":"2026-01-14T10:51:47","date_gmt":"2026-01-14T16:51:47","guid":{"rendered":"https:\/\/www.alasmedios.com\/?p=7454"},"modified":"2026-01-14T10:51:47","modified_gmt":"2026-01-14T16:51:47","slug":"instituto-de-las-mujeres-de-mineral-de-la-reforma-invita-a-celebrar-san-valentin-con-crochet","status":"publish","type":"post","link":"https:\/\/www.alasmedios.com\/index.php\/2026\/01\/14\/instituto-de-las-mujeres-de-mineral-de-la-reforma-invita-a-celebrar-san-valentin-con-crochet\/","title":{"rendered":"Instituto de las Mujeres de Mineral de la Reforma invita a celebrar San Valent\u00edn con crochet"},"content":{"rendered":"\n<p>El <strong>Instituto Municipal de las Mujeres de Mineral de la Reforma<\/strong> propone una forma distinta de vivir <strong>San Valent\u00edn<\/strong>: creando, compartiendo y regalando <strong>tiempo de calidad<\/strong>. A trav\u00e9s del taller <strong>\u201cCrochet San Valent\u00edn\u201d<\/strong>, se abre un espacio para <strong>aprender algo nuevo<\/strong>, convivir y <strong>transformar hilo en detalles llenos de cari\u00f1o<\/strong>.<\/p>\n\n\n\n<p>La actividad busca fortalecer la <strong>creatividad<\/strong>, el <strong>bienestar emocional<\/strong> y los <strong>lazos entre mujeres<\/strong> de la comunidad, apostando por encuentros donde el <strong>amor propio<\/strong>, la <strong>amistad<\/strong> y la <strong>convivencia<\/strong> sean el centro.<\/p>\n\n\n\n<p>CONTIN\u00daA LEYENDO: <a href=\"https:\/\/www.alasmedios.com\/index.php\/2026\/01\/14\/mujeres-con-alas-philippa-foot\/\" data-type=\"post\" data-id=\"7451\">Mujeres con Alas: Philippa Foot<\/a><\/p>\n\n\n\n<p>El taller se realizar\u00e1 <strong>lunes y mi\u00e9rcoles<\/strong>, con <strong>inicio el 21 de enero<\/strong>, en un horario de <strong>10:30 a 12:30 horas<\/strong>, dentro de las instalaciones del <strong>Instituto Municipal de las Mujeres de Mineral de la Reforma<\/strong>, ubicadas en <strong>avenida de las Santas s\/n, esquina con San Nic\u00e9foro, colonia La Providencia<\/strong>.<\/p>\n\n\n\n<p>Las interesadas en participar o solicitar m\u00e1s informaci\u00f3n pueden comunicarse al <strong>771 376 4554<\/strong>, y sumarse a esta propuesta que invita a <strong>crear con el coraz\u00f3n<\/strong> y a celebrar los v\u00ednculos desde la calma y la creatividad.<\/p>\n\n\n<ul class=\"wp-block-latest-posts__list is-grid columns-3 wp-block-latest-posts\"><li><div class=\"wp-block-latest-posts__featured-image\"><img loading=\"lazy\" decoding=\"async\" width=\"150\" height=\"150\" src=\"https:\/\/www.alasmedios.com\/wp-content\/uploads\/2026\/05\/Super-Final-de-la-Copa-del-Mundo-de-Clavados-2026-150x150.jpeg\" class=\"attachment-thumbnail size-thumbnail wp-post-image\" alt=\"\" style=\"\" \/><\/div><a class=\"wp-block-latest-posts__post-title\" href=\"https:\/\/www.alasmedios.com\/index.php\/2026\/05\/01\/mexico-se-lanza-por-la-cima-once-clavadistas-buscan-la-gloria-mundial-en-pekin-2026\/\">M\u00e9xico se lanza por la cima: once clavadistas buscan la gloria mundial en Pek\u00edn 2026<\/a><\/li>\n<li><div class=\"wp-block-latest-posts__featured-image\"><img loading=\"lazy\" decoding=\"async\" width=\"150\" height=\"150\" src=\"https:\/\/www.alasmedios.com\/wp-content\/uploads\/2026\/04\/Puebla-el-Congreso-aprobo-el-Protocolo-Homologado-de-Investigacion-de-Delitos-contra-Personas-LGBTTTI-150x150.png\" class=\"attachment-thumbnail size-thumbnail wp-post-image\" alt=\"\" style=\"\" \/><\/div><a class=\"wp-block-latest-posts__post-title\" href=\"https:\/\/www.alasmedios.com\/index.php\/2026\/04\/30\/puebla-impulsa-protocolo-contra-delitos-lgbttti\/\">Puebla impulsa protocolo contra delitos LGBTTTI+<\/a><\/li>\n<li><div class=\"wp-block-latest-posts__featured-image\"><img loading=\"lazy\" decoding=\"async\" width=\"150\" height=\"150\" src=\"https:\/\/www.alasmedios.com\/wp-content\/uploads\/2026\/04\/PEC-Parque-Ecologico-Cubitos-150x150.jpg\" class=\"attachment-thumbnail size-thumbnail wp-post-image\" alt=\"\" style=\"\" \/><\/div><a class=\"wp-block-latest-posts__post-title\" href=\"https:\/\/www.alasmedios.com\/index.php\/2026\/04\/30\/naturaleza-viva-en-pachuca-cubitos-conmemora-a-los-jardines-botanicos\/\">Naturaleza viva en Pachuca: Cubitos conmemora a los jardines bot\u00e1nicos<\/a><\/li>\n<\/ul>","protected":false},"excerpt":{"rendered":"<p>El Instituto Municipal de las Mujeres de Mineral de la Reforma propone una forma distinta de vivir San Valent\u00edn: creando,<\/p>\n","protected":false},"author":4,"featured_media":7455,"comment_status":"open","ping_status":"open","sticky":false,"template":"","format":"standard","meta":{"colormag_page_container_layout":"default_layout","colormag_page_sidebar_layout":"default_layout","rop_custom_images_group":[],"rop_custom_messages_group":[],"rop_publish_now":"initial","rop_publish_now_accounts":[],"rop_publish_now_history":[],"rop_publish_now_status":"pending","iawp_total_views":0,"footnotes":""},"categories":[41],"tags":[3253,2899,99,1227,590,53,1273],"class_list":["post-7454","post","type-post","status-publish","format-standard","has-post-thumbnail","hentry","category-hidalgo","tag-crochet","tag-curso","tag-hidalgo","tag-instituto-municipal-de-las-mujeres-de-mineral-de-la-reforma","tag-mineral-de-la-reforma","tag-mujeres","tag-san-valentin"],"magazineBlocksPostFeaturedMedia":{"thumbnail":"https:\/\/www.alasmedios.com\/wp-content\/uploads\/2026\/01\/Instituto-de-las-Mujeres-de-Mineral-de-la-Reforma-invita-a-celebrar-San-Valentin-con-crochet-150x150.png","medium":"https:\/\/www.alasmedios.com\/wp-content\/uploads\/2026\/01\/Instituto-de-las-Mujeres-de-Mineral-de-la-Reforma-invita-a-celebrar-San-Valentin-con-crochet-300x182.png","medium_large":"https:\/\/www.alasmedios.com\/wp-content\/uploads\/2026\/01\/Instituto-de-las-Mujeres-de-Mineral-de-la-Reforma-invita-a-celebrar-San-Valentin-con-crochet-768x466.png","large":"https:\/\/www.alasmedios.com\/wp-content\/uploads\/2026\/01\/Instituto-de-las-Mujeres-de-Mineral-de-la-Reforma-invita-a-celebrar-San-Valentin-con-crochet-1024x622.png","1536x1536":"https:\/\/www.alasmedios.com\/wp-content\/uploads\/2026\/01\/Instituto-de-las-Mujeres-de-Mineral-de-la-Reforma-invita-a-celebrar-San-Valentin-con-crochet-1536x932.png","2048x2048":"https:\/\/www.alasmedios.com\/wp-content\/uploads\/2026\/01\/Instituto-de-las-Mujeres-de-Mineral-de-la-Reforma-invita-a-celebrar-San-Valentin-con-crochet.png","colormag-highlighted-post":"https:\/\/www.alasmedios.com\/wp-content\/uploads\/2026\/01\/Instituto-de-las-Mujeres-de-Mineral-de-la-Reforma-invita-a-celebrar-San-Valentin-con-crochet-392x272.png","colormag-featured-post-medium":"https:\/\/www.alasmedios.com\/wp-content\/uploads\/2026\/01\/Instituto-de-las-Mujeres-de-Mineral-de-la-Reforma-invita-a-celebrar-San-Valentin-con-crochet-390x205.png","colormag-featured-post-small":"https:\/\/www.alasmedios.com\/wp-content\/uploads\/2026\/01\/Instituto-de-las-Mujeres-de-Mineral-de-la-Reforma-invita-a-celebrar-San-Valentin-con-crochet-130x90.png","colormag-featured-image":"https:\/\/www.alasmedios.com\/wp-content\/uploads\/2026\/01\/Instituto-de-las-Mujeres-de-Mineral-de-la-Reforma-invita-a-celebrar-San-Valentin-con-crochet-800x445.png","colormag-default-news":"https:\/\/www.alasmedios.com\/wp-content\/uploads\/2026\/01\/Instituto-de-las-Mujeres-de-Mineral-de-la-Reforma-invita-a-celebrar-San-Valentin-con-crochet-150x150.png","colormag-featured-image-large":"https:\/\/www.alasmedios.com\/wp-content\/uploads\/2026\/01\/Instituto-de-las-Mujeres-de-Mineral-de-la-Reforma-invita-a-celebrar-San-Valentin-con-crochet-1400x600.png"},"magazineBlocksPostAuthor":{"name":"Keila Rodr\u00edguez Pe\u00f1a","avatar":"https:\/\/secure.gravatar.com\/avatar\/a2553a2bfaa601b9d539b617c8793e151bdffb60f9e48a249912f86d4c9ebeef?s=96&d=mm&r=g"},"magazineBlocksPostCommentsNumber":"0","magazineBlocksPostExcerpt":"El Instituto Municipal de las Mujeres de Mineral de la Reforma propone una forma distinta de vivir San Valent\u00edn: creando,","magazineBlocksPostCategories":["Hidalgo"],"magazineBlocksPostViewCount":78,"magazineBlocksPostReadTime":1,"magazine_blocks_featured_image_url":{"full":["https:\/\/www.alasmedios.com\/wp-content\/uploads\/2026\/01\/Instituto-de-las-Mujeres-de-Mineral-de-la-Reforma-invita-a-celebrar-San-Valentin-con-crochet.png",2000,1214,false],"medium":["https:\/\/www.alasmedios.com\/wp-content\/uploads\/2026\/01\/Instituto-de-las-Mujeres-de-Mineral-de-la-Reforma-invita-a-celebrar-San-Valentin-con-crochet-300x182.png",300,182,true],"thumbnail":["https:\/\/www.alasmedios.com\/wp-content\/uploads\/2026\/01\/Instituto-de-las-Mujeres-de-Mineral-de-la-Reforma-invita-a-celebrar-San-Valentin-con-crochet-150x150.png",150,150,true]},"magazine_blocks_author":{"display_name":"Keila Rodr\u00edguez Pe\u00f1a","author_link":"https:\/\/www.alasmedios.com\/index.php\/author\/keila\/"},"magazine_blocks_comment":0,"magazine_blocks_author_image":"https:\/\/secure.gravatar.com\/avatar\/a2553a2bfaa601b9d539b617c8793e151bdffb60f9e48a249912f86d4c9ebeef?s=96&d=mm&r=g","magazine_blocks_category":"<a href=\"#\" class=\"category-link category-link-41\">Hidalgo<\/a>","yoast_head":"<!-- This site is optimized with the Yoast SEO plugin v27.5 - https:\/\/yoast.com\/product\/yoast-seo-wordpress\/ -->\r\n<title>Instituto de las Mujeres de Mineral de la Reforma invita a celebrar San Valent\u00edn con crochet - Alas Medios<\/title>\r\n<meta name=\"robots\" content=\"index, follow, max-snippet:-1, max-image-preview:large, max-video-preview:-1\" \/>\r\n<link rel=\"canonical\" href=\"https:\/\/www.alasmedios.com\/index.php\/2026\/01\/14\/instituto-de-las-mujeres-de-mineral-de-la-reforma-invita-a-celebrar-san-valentin-con-crochet\/\" \/>\r\n<meta property=\"og:locale\" content=\"es_MX\" \/>\r\n<meta property=\"og:type\" content=\"article\" \/>\r\n<meta property=\"og:title\" content=\"Instituto de las Mujeres de Mineral de la Reforma invita a celebrar San Valent\u00edn con crochet - Alas Medios\" \/>\r\n<meta property=\"og:description\" content=\"El Instituto Municipal de las Mujeres de Mineral de la Reforma propone una forma distinta de vivir San Valent\u00edn: creando,\" \/>\r\n<meta property=\"og:url\" content=\"https:\/\/www.alasmedios.com\/index.php\/2026\/01\/14\/instituto-de-las-mujeres-de-mineral-de-la-reforma-invita-a-celebrar-san-valentin-con-crochet\/\" \/>\r\n<meta property=\"og:site_name\" content=\"Alas Medios\" \/>\r\n<meta property=\"article:published_time\" content=\"2026-01-14T16:51:47+00:00\" \/>\r\n<meta property=\"og:image\" content=\"https:\/\/www.alasmedios.com\/wp-content\/uploads\/2026\/01\/Instituto-de-las-Mujeres-de-Mineral-de-la-Reforma-invita-a-celebrar-San-Valentin-con-crochet-1024x622.png\" \/>\r\n\t<meta property=\"og:image:width\" content=\"1024\" \/>\r\n\t<meta property=\"og:image:height\" content=\"622\" \/>\r\n\t<meta property=\"og:image:type\" content=\"image\/png\" \/>\r\n<meta name=\"author\" content=\"Keila Rodr\u00edguez Pe\u00f1a\" \/>\r\n<meta name=\"twitter:card\" content=\"summary_large_image\" \/>\r\n<meta name=\"twitter:label1\" content=\"Escrito por\" \/>\n\t<meta name=\"twitter:data1\" content=\"Keila Rodr\u00edguez Pe\u00f1a\" \/>\n\t<meta name=\"twitter:label2\" content=\"Tiempo de lectura\" \/>\n\t<meta name=\"twitter:data2\" content=\"1 minuto\" \/>\r\n<script type=\"application\/ld+json\" class=\"yoast-schema-graph\">{\"@context\":\"https:\\\/\\\/schema.org\",\"@graph\":[{\"@type\":\"Article\",\"@id\":\"https:\\\/\\\/www.alasmedios.com\\\/index.php\\\/2026\\\/01\\\/14\\\/instituto-de-las-mujeres-de-mineral-de-la-reforma-invita-a-celebrar-san-valentin-con-crochet\\\/#article\",\"isPartOf\":{\"@id\":\"https:\\\/\\\/www.alasmedios.com\\\/index.php\\\/2026\\\/01\\\/14\\\/instituto-de-las-mujeres-de-mineral-de-la-reforma-invita-a-celebrar-san-valentin-con-crochet\\\/\"},\"author\":{\"name\":\"Keila Rodr\u00edguez Pe\u00f1a\",\"@id\":\"https:\\\/\\\/www.alasmedios.com\\\/#\\\/schema\\\/person\\\/0ba31bdd19a05ebf5c7fef1fedf99c34\"},\"headline\":\"Instituto de las Mujeres de Mineral de la Reforma invita a celebrar San Valent\u00edn con crochet\",\"datePublished\":\"2026-01-14T16:51:47+00:00\",\"mainEntityOfPage\":{\"@id\":\"https:\\\/\\\/www.alasmedios.com\\\/index.php\\\/2026\\\/01\\\/14\\\/instituto-de-las-mujeres-de-mineral-de-la-reforma-invita-a-celebrar-san-valentin-con-crochet\\\/\"},\"wordCount\":199,\"commentCount\":0,\"publisher\":{\"@id\":\"https:\\\/\\\/www.alasmedios.com\\\/#organization\"},\"image\":{\"@id\":\"https:\\\/\\\/www.alasmedios.com\\\/index.php\\\/2026\\\/01\\\/14\\\/instituto-de-las-mujeres-de-mineral-de-la-reforma-invita-a-celebrar-san-valentin-con-crochet\\\/#primaryimage\"},\"thumbnailUrl\":\"https:\\\/\\\/www.alasmedios.com\\\/wp-content\\\/uploads\\\/2026\\\/01\\\/Instituto-de-las-Mujeres-de-Mineral-de-la-Reforma-invita-a-celebrar-San-Valentin-con-crochet.png\",\"keywords\":[\"crochet\",\"curso\",\"Hidalgo\",\"Instituto Municipal de las Mujeres de Mineral de la Reforma\",\"Mineral de la Reforma\",\"Mujeres\",\"San Valent\u00edn\"],\"articleSection\":[\"Hidalgo\"],\"inLanguage\":\"es\",\"potentialAction\":[{\"@type\":\"CommentAction\",\"name\":\"Comment\",\"target\":[\"https:\\\/\\\/www.alasmedios.com\\\/index.php\\\/2026\\\/01\\\/14\\\/instituto-de-las-mujeres-de-mineral-de-la-reforma-invita-a-celebrar-san-valentin-con-crochet\\\/#respond\"]}]},{\"@type\":\"WebPage\",\"@id\":\"https:\\\/\\\/www.alasmedios.com\\\/index.php\\\/2026\\\/01\\\/14\\\/instituto-de-las-mujeres-de-mineral-de-la-reforma-invita-a-celebrar-san-valentin-con-crochet\\\/\",\"url\":\"https:\\\/\\\/www.alasmedios.com\\\/index.php\\\/2026\\\/01\\\/14\\\/instituto-de-las-mujeres-de-mineral-de-la-reforma-invita-a-celebrar-san-valentin-con-crochet\\\/\",\"name\":\"Instituto de las Mujeres de Mineral de la Reforma invita a celebrar San Valent\u00edn con crochet - Alas Medios\",\"isPartOf\":{\"@id\":\"https:\\\/\\\/www.alasmedios.com\\\/#website\"},\"primaryImageOfPage\":{\"@id\":\"https:\\\/\\\/www.alasmedios.com\\\/index.php\\\/2026\\\/01\\\/14\\\/instituto-de-las-mujeres-de-mineral-de-la-reforma-invita-a-celebrar-san-valentin-con-crochet\\\/#primaryimage\"},\"image\":{\"@id\":\"https:\\\/\\\/www.alasmedios.com\\\/index.php\\\/2026\\\/01\\\/14\\\/instituto-de-las-mujeres-de-mineral-de-la-reforma-invita-a-celebrar-san-valentin-con-crochet\\\/#primaryimage\"},\"thumbnailUrl\":\"https:\\\/\\\/www.alasmedios.com\\\/wp-content\\\/uploads\\\/2026\\\/01\\\/Instituto-de-las-Mujeres-de-Mineral-de-la-Reforma-invita-a-celebrar-San-Valentin-con-crochet.png\",\"datePublished\":\"2026-01-14T16:51:47+00:00\",\"breadcrumb\":{\"@id\":\"https:\\\/\\\/www.alasmedios.com\\\/index.php\\\/2026\\\/01\\\/14\\\/instituto-de-las-mujeres-de-mineral-de-la-reforma-invita-a-celebrar-san-valentin-con-crochet\\\/#breadcrumb\"},\"inLanguage\":\"es\",\"potentialAction\":[{\"@type\":\"ReadAction\",\"target\":[\"https:\\\/\\\/www.alasmedios.com\\\/index.php\\\/2026\\\/01\\\/14\\\/instituto-de-las-mujeres-de-mineral-de-la-reforma-invita-a-celebrar-san-valentin-con-crochet\\\/\"]}]},{\"@type\":\"ImageObject\",\"inLanguage\":\"es\",\"@id\":\"https:\\\/\\\/www.alasmedios.com\\\/index.php\\\/2026\\\/01\\\/14\\\/instituto-de-las-mujeres-de-mineral-de-la-reforma-invita-a-celebrar-san-valentin-con-crochet\\\/#primaryimage\",\"url\":\"https:\\\/\\\/www.alasmedios.com\\\/wp-content\\\/uploads\\\/2026\\\/01\\\/Instituto-de-las-Mujeres-de-Mineral-de-la-Reforma-invita-a-celebrar-San-Valentin-con-crochet.png\",\"contentUrl\":\"https:\\\/\\\/www.alasmedios.com\\\/wp-content\\\/uploads\\\/2026\\\/01\\\/Instituto-de-las-Mujeres-de-Mineral-de-la-Reforma-invita-a-celebrar-San-Valentin-con-crochet.png\",\"width\":2000,\"height\":1214},{\"@type\":\"BreadcrumbList\",\"@id\":\"https:\\\/\\\/www.alasmedios.com\\\/index.php\\\/2026\\\/01\\\/14\\\/instituto-de-las-mujeres-de-mineral-de-la-reforma-invita-a-celebrar-san-valentin-con-crochet\\\/#breadcrumb\",\"itemListElement\":[{\"@type\":\"ListItem\",\"position\":1,\"name\":\"Inicio\",\"item\":\"https:\\\/\\\/www.alasmedios.com\\\/\"},{\"@type\":\"ListItem\",\"position\":2,\"name\":\"Instituto de las Mujeres de Mineral de la Reforma invita a celebrar San Valent\u00edn con crochet\"}]},{\"@type\":\"WebSite\",\"@id\":\"https:\\\/\\\/www.alasmedios.com\\\/#website\",\"url\":\"https:\\\/\\\/www.alasmedios.com\\\/\",\"name\":\"Alas Medios\",\"description\":\"Alas para pensar, Alas para volar, Alas de libertad\",\"publisher\":{\"@id\":\"https:\\\/\\\/www.alasmedios.com\\\/#organization\"},\"potentialAction\":[{\"@type\":\"SearchAction\",\"target\":{\"@type\":\"EntryPoint\",\"urlTemplate\":\"https:\\\/\\\/www.alasmedios.com\\\/?s={search_term_string}\"},\"query-input\":{\"@type\":\"PropertyValueSpecification\",\"valueRequired\":true,\"valueName\":\"search_term_string\"}}],\"inLanguage\":\"es\"},{\"@type\":\"Organization\",\"@id\":\"https:\\\/\\\/www.alasmedios.com\\\/#organization\",\"name\":\"Alas Medios\",\"url\":\"https:\\\/\\\/www.alasmedios.com\\\/\",\"logo\":{\"@type\":\"ImageObject\",\"inLanguage\":\"es\",\"@id\":\"https:\\\/\\\/www.alasmedios.com\\\/#\\\/schema\\\/logo\\\/image\\\/\",\"url\":\"https:\\\/\\\/www.alasmedios.com\\\/wp-content\\\/uploads\\\/2026\\\/01\\\/cropped-cropped-GAM-1.png\",\"contentUrl\":\"https:\\\/\\\/www.alasmedios.com\\\/wp-content\\\/uploads\\\/2026\\\/01\\\/cropped-cropped-GAM-1.png\",\"width\":467,\"height\":235,\"caption\":\"Alas Medios\"},\"image\":{\"@id\":\"https:\\\/\\\/www.alasmedios.com\\\/#\\\/schema\\\/logo\\\/image\\\/\"}},{\"@type\":\"Person\",\"@id\":\"https:\\\/\\\/www.alasmedios.com\\\/#\\\/schema\\\/person\\\/0ba31bdd19a05ebf5c7fef1fedf99c34\",\"name\":\"Keila Rodr\u00edguez Pe\u00f1a\",\"image\":{\"@type\":\"ImageObject\",\"inLanguage\":\"es\",\"@id\":\"https:\\\/\\\/secure.gravatar.com\\\/avatar\\\/a2553a2bfaa601b9d539b617c8793e151bdffb60f9e48a249912f86d4c9ebeef?s=96&d=mm&r=g\",\"url\":\"https:\\\/\\\/secure.gravatar.com\\\/avatar\\\/a2553a2bfaa601b9d539b617c8793e151bdffb60f9e48a249912f86d4c9ebeef?s=96&d=mm&r=g\",\"contentUrl\":\"https:\\\/\\\/secure.gravatar.com\\\/avatar\\\/a2553a2bfaa601b9d539b617c8793e151bdffb60f9e48a249912f86d4c9ebeef?s=96&d=mm&r=g\",\"caption\":\"Keila Rodr\u00edguez Pe\u00f1a\"},\"sameAs\":[\"http:\\\/\\\/www.alasmedios.com\"],\"url\":\"https:\\\/\\\/www.alasmedios.com\\\/index.php\\\/author\\\/keila\\\/\"}]}<\/script>\r\n<!-- \/ Yoast SEO plugin. -->","yoast_head_json":{"title":"Instituto de las Mujeres de Mineral de la Reforma invita a celebrar San Valent\u00edn con crochet - Alas Medios","robots":{"index":"index","follow":"follow","max-snippet":"max-snippet:-1","max-image-preview":"max-image-preview:large","max-video-preview":"max-video-preview:-1"},"canonical":"https:\/\/www.alasmedios.com\/index.php\/2026\/01\/14\/instituto-de-las-mujeres-de-mineral-de-la-reforma-invita-a-celebrar-san-valentin-con-crochet\/","og_locale":"es_MX","og_type":"article","og_title":"Instituto de las Mujeres de Mineral de la Reforma invita a celebrar San Valent\u00edn con crochet - Alas Medios","og_description":"El Instituto Municipal de las Mujeres de Mineral de la Reforma propone una forma distinta de vivir San Valent\u00edn: creando,","og_url":"https:\/\/www.alasmedios.com\/index.php\/2026\/01\/14\/instituto-de-las-mujeres-de-mineral-de-la-reforma-invita-a-celebrar-san-valentin-con-crochet\/","og_site_name":"Alas Medios","article_published_time":"2026-01-14T16:51:47+00:00","og_image":[{"width":1024,"height":622,"url":"https:\/\/www.alasmedios.com\/wp-content\/uploads\/2026\/01\/Instituto-de-las-Mujeres-de-Mineral-de-la-Reforma-invita-a-celebrar-San-Valentin-con-crochet-1024x622.png","type":"image\/png"}],"author":"Keila Rodr\u00edguez Pe\u00f1a","twitter_card":"summary_large_image","twitter_misc":{"Escrito por":"Keila Rodr\u00edguez Pe\u00f1a","Tiempo de lectura":"1 minuto"},"schema":{"@context":"https:\/\/schema.org","@graph":[{"@type":"Article","@id":"https:\/\/www.alasmedios.com\/index.php\/2026\/01\/14\/instituto-de-las-mujeres-de-mineral-de-la-reforma-invita-a-celebrar-san-valentin-con-crochet\/#article","isPartOf":{"@id":"https:\/\/www.alasmedios.com\/index.php\/2026\/01\/14\/instituto-de-las-mujeres-de-mineral-de-la-reforma-invita-a-celebrar-san-valentin-con-crochet\/"},"author":{"name":"Keila Rodr\u00edguez Pe\u00f1a","@id":"https:\/\/www.alasmedios.com\/#\/schema\/person\/0ba31bdd19a05ebf5c7fef1fedf99c34"},"headline":"Instituto de las Mujeres de Mineral de la Reforma invita a celebrar San Valent\u00edn con crochet","datePublished":"2026-01-14T16:51:47+00:00","mainEntityOfPage":{"@id":"https:\/\/www.alasmedios.com\/index.php\/2026\/01\/14\/instituto-de-las-mujeres-de-mineral-de-la-reforma-invita-a-celebrar-san-valentin-con-crochet\/"},"wordCount":199,"commentCount":0,"publisher":{"@id":"https:\/\/www.alasmedios.com\/#organization"},"image":{"@id":"https:\/\/www.alasmedios.com\/index.php\/2026\/01\/14\/instituto-de-las-mujeres-de-mineral-de-la-reforma-invita-a-celebrar-san-valentin-con-crochet\/#primaryimage"},"thumbnailUrl":"https:\/\/www.alasmedios.com\/wp-content\/uploads\/2026\/01\/Instituto-de-las-Mujeres-de-Mineral-de-la-Reforma-invita-a-celebrar-San-Valentin-con-crochet.png","keywords":["crochet","curso","Hidalgo","Instituto Municipal de las Mujeres de Mineral de la Reforma","Mineral de la Reforma","Mujeres","San Valent\u00edn"],"articleSection":["Hidalgo"],"inLanguage":"es","potentialAction":[{"@type":"CommentAction","name":"Comment","target":["https:\/\/www.alasmedios.com\/index.php\/2026\/01\/14\/instituto-de-las-mujeres-de-mineral-de-la-reforma-invita-a-celebrar-san-valentin-con-crochet\/#respond"]}]},{"@type":"WebPage","@id":"https:\/\/www.alasmedios.com\/index.php\/2026\/01\/14\/instituto-de-las-mujeres-de-mineral-de-la-reforma-invita-a-celebrar-san-valentin-con-crochet\/","url":"https:\/\/www.alasmedios.com\/index.php\/2026\/01\/14\/instituto-de-las-mujeres-de-mineral-de-la-reforma-invita-a-celebrar-san-valentin-con-crochet\/","name":"Instituto de las Mujeres de Mineral de la Reforma invita a celebrar San Valent\u00edn con crochet - Alas Medios","isPartOf":{"@id":"https:\/\/www.alasmedios.com\/#website"},"primaryImageOfPage":{"@id":"https:\/\/www.alasmedios.com\/index.php\/2026\/01\/14\/instituto-de-las-mujeres-de-mineral-de-la-reforma-invita-a-celebrar-san-valentin-con-crochet\/#primaryimage"},"image":{"@id":"https:\/\/www.alasmedios.com\/index.php\/2026\/01\/14\/instituto-de-las-mujeres-de-mineral-de-la-reforma-invita-a-celebrar-san-valentin-con-crochet\/#primaryimage"},"thumbnailUrl":"https:\/\/www.alasmedios.com\/wp-content\/uploads\/2026\/01\/Instituto-de-las-Mujeres-de-Mineral-de-la-Reforma-invita-a-celebrar-San-Valentin-con-crochet.png","datePublished":"2026-01-14T16:51:47+00:00","breadcrumb":{"@id":"https:\/\/www.alasmedios.com\/index.php\/2026\/01\/14\/instituto-de-las-mujeres-de-mineral-de-la-reforma-invita-a-celebrar-san-valentin-con-crochet\/#breadcrumb"},"inLanguage":"es","potentialAction":[{"@type":"ReadAction","target":["https:\/\/www.alasmedios.com\/index.php\/2026\/01\/14\/instituto-de-las-mujeres-de-mineral-de-la-reforma-invita-a-celebrar-san-valentin-con-crochet\/"]}]},{"@type":"ImageObject","inLanguage":"es","@id":"https:\/\/www.alasmedios.com\/index.php\/2026\/01\/14\/instituto-de-las-mujeres-de-mineral-de-la-reforma-invita-a-celebrar-san-valentin-con-crochet\/#primaryimage","url":"https:\/\/www.alasmedios.com\/wp-content\/uploads\/2026\/01\/Instituto-de-las-Mujeres-de-Mineral-de-la-Reforma-invita-a-celebrar-San-Valentin-con-crochet.png","contentUrl":"https:\/\/www.alasmedios.com\/wp-content\/uploads\/2026\/01\/Instituto-de-las-Mujeres-de-Mineral-de-la-Reforma-invita-a-celebrar-San-Valentin-con-crochet.png","width":2000,"height":1214},{"@type":"BreadcrumbList","@id":"https:\/\/www.alasmedios.com\/index.php\/2026\/01\/14\/instituto-de-las-mujeres-de-mineral-de-la-reforma-invita-a-celebrar-san-valentin-con-crochet\/#breadcrumb","itemListElement":[{"@type":"ListItem","position":1,"name":"Inicio","item":"https:\/\/www.alasmedios.com\/"},{"@type":"ListItem","position":2,"name":"Instituto de las Mujeres de Mineral de la Reforma invita a celebrar San Valent\u00edn con crochet"}]},{"@type":"WebSite","@id":"https:\/\/www.alasmedios.com\/#website","url":"https:\/\/www.alasmedios.com\/","name":"Alas Medios","description":"Alas para pensar, Alas para volar, Alas de libertad","publisher":{"@id":"https:\/\/www.alasmedios.com\/#organization"},"potentialAction":[{"@type":"SearchAction","target":{"@type":"EntryPoint","urlTemplate":"https:\/\/www.alasmedios.com\/?s={search_term_string}"},"query-input":{"@type":"PropertyValueSpecification","valueRequired":true,"valueName":"search_term_string"}}],"inLanguage":"es"},{"@type":"Organization","@id":"https:\/\/www.alasmedios.com\/#organization","name":"Alas Medios","url":"https:\/\/www.alasmedios.com\/","logo":{"@type":"ImageObject","inLanguage":"es","@id":"https:\/\/www.alasmedios.com\/#\/schema\/logo\/image\/","url":"https:\/\/www.alasmedios.com\/wp-content\/uploads\/2026\/01\/cropped-cropped-GAM-1.png","contentUrl":"https:\/\/www.alasmedios.com\/wp-content\/uploads\/2026\/01\/cropped-cropped-GAM-1.png","width":467,"height":235,"caption":"Alas Medios"},"image":{"@id":"https:\/\/www.alasmedios.com\/#\/schema\/logo\/image\/"}},{"@type":"Person","@id":"https:\/\/www.alasmedios.com\/#\/schema\/person\/0ba31bdd19a05ebf5c7fef1fedf99c34","name":"Keila Rodr\u00edguez Pe\u00f1a","image":{"@type":"ImageObject","inLanguage":"es","@id":"https:\/\/secure.gravatar.com\/avatar\/a2553a2bfaa601b9d539b617c8793e151bdffb60f9e48a249912f86d4c9ebeef?s=96&d=mm&r=g","url":"https:\/\/secure.gravatar.com\/avatar\/a2553a2bfaa601b9d539b617c8793e151bdffb60f9e48a249912f86d4c9ebeef?s=96&d=mm&r=g","contentUrl":"https:\/\/secure.gravatar.com\/avatar\/a2553a2bfaa601b9d539b617c8793e151bdffb60f9e48a249912f86d4c9ebeef?s=96&d=mm&r=g","caption":"Keila Rodr\u00edguez Pe\u00f1a"},"sameAs":["http:\/\/www.alasmedios.com"],"url":"https:\/\/www.alasmedios.com\/index.php\/author\/keila\/"}]}},"_links":{"self":[{"href":"https:\/\/www.alasmedios.com\/index.php\/wp-json\/wp\/v2\/posts\/7454","targetHints":{"allow":["GET"]}}],"collection":[{"href":"https:\/\/www.alasmedios.com\/index.php\/wp-json\/wp\/v2\/posts"}],"about":[{"href":"https:\/\/www.alasmedios.com\/index.php\/wp-json\/wp\/v2\/types\/post"}],"author":[{"embeddable":true,"href":"https:\/\/www.alasmedios.com\/index.php\/wp-json\/wp\/v2\/users\/4"}],"replies":[{"embeddable":true,"href":"https:\/\/www.alasmedios.com\/index.php\/wp-json\/wp\/v2\/comments?post=7454"}],"version-history":[{"count":1,"href":"https:\/\/www.alasmedios.com\/index.php\/wp-json\/wp\/v2\/posts\/7454\/revisions"}],"predecessor-version":[{"id":7456,"href":"https:\/\/www.alasmedios.com\/index.php\/wp-json\/wp\/v2\/posts\/7454\/revisions\/7456"}],"wp:featuredmedia":[{"embeddable":true,"href":"https:\/\/www.alasmedios.com\/index.php\/wp-json\/wp\/v2\/media\/7455"}],"wp:attachment":[{"href":"https:\/\/www.alasmedios.com\/index.php\/wp-json\/wp\/v2\/media?parent=7454"}],"wp:term":[{"taxonomy":"category","embeddable":true,"href":"https:\/\/www.alasmedios.com\/index.php\/wp-json\/wp\/v2\/categories?post=7454"},{"taxonomy":"post_tag","embeddable":true,"href":"https:\/\/www.alasmedios.com\/index.php\/wp-json\/wp\/v2\/tags?post=7454"}],"curies":[{"name":"wp","href":"https:\/\/api.w.org\/{rel}","templated":true}]}}