{"id":7451,"date":"2026-01-14T09:48:24","date_gmt":"2026-01-14T15:48:24","guid":{"rendered":"https:\/\/www.alasmedios.com\/?p=7451"},"modified":"2026-01-14T09:48:24","modified_gmt":"2026-01-14T15:48:24","slug":"mujeres-con-alas-philippa-foot","status":"publish","type":"post","link":"https:\/\/www.alasmedios.com\/index.php\/2026\/01\/14\/mujeres-con-alas-philippa-foot\/","title":{"rendered":"Mujeres con Alas: Philippa Foot"},"content":{"rendered":"\n<p><strong>Philippa Ruth Foot<\/strong> (nacida <strong>Bosanquet<\/strong>, <strong>3 de octubre de 1920 \u2013 3 de octubre de 2010<\/strong>) fue una <strong>fil\u00f3sofa brit\u00e1nica<\/strong> cuya obra marc\u00f3 profundamente la filosof\u00eda moral del siglo XX. <\/p>\n\n\n\n<p>Aunque su nombre se conoce sobre todo en contextos acad\u00e9micos, su influencia trasciende a generaciones de debates \u00e9ticos contempor\u00e1neos.<\/p>\n\n\n\n<h3 class=\"wp-block-heading\"><strong>Una vida dedicada a la filosof\u00eda moral y a la \u00e9tica de las virtudes<\/strong><\/h3>\n\n\n\n<p>Foot naci\u00f3 en <strong>Lincolnshire, Inglaterra<\/strong>, y estudi\u00f3 <strong>Filosof\u00eda, Pol\u00edtica y Econom\u00eda en Somerville College, Universidad de Oxford<\/strong>. Su carrera acad\u00e9mica se desarroll\u00f3 principalmente en Oxford y en diversas universidades de Estados Unidos, incluyendo <strong>UCLA<\/strong>, donde ejerci\u00f3 como profesora hasta su retiro.<\/p>\n\n\n\n<p>A lo largo de su trayectoria, Foot se centr\u00f3 en <strong>la filosof\u00eda moral<\/strong>, cuestionando las corrientes dominantes de su tiempo y promoviendo una teor\u00eda basada en lo que tradicionalmente se conoce como <strong>\u00e9tica de las virtudes<\/strong>, inspirada en Arist\u00f3teles pero articulada desde la perspectiva de la <strong>filosof\u00eda anal\u00edtica<\/strong>.<\/p>\n\n\n\n<p>CONTIN\u00daA LEYENDO: <a href=\"https:\/\/www.alasmedios.com\/index.php\/2026\/01\/13\/y-si-la-fertilidad-tuviera-mas-tiempo-hongmei-wang-desafia-el-reloj-biologico\/\" data-type=\"post\" data-id=\"7448\">\u00bfY si la fertilidad tuviera m\u00e1s tiempo? Hongmei Wang desaf\u00eda el reloj biol\u00f3gico<\/a><\/p>\n\n\n\n<h3 class=\"wp-block-heading\"><strong>Aportes clave: \u00e9tica, dilemas morales y moral racional<\/strong><\/h3>\n\n\n\n<p>Uno de los aportes m\u00e1s <strong>duraderos y conocidos<\/strong> de Foot es la formulaci\u00f3n del <strong>problema del tranv\u00eda (\u201ctrolley problem\u201d)<\/strong>, un experimento mental \u00e9tico que plantea un dilema sobre decisiones morales y la vida humana, y que desde entonces ha sido ampliamente discutido en filosof\u00eda y otras disciplinas.<\/p>\n\n\n\n<p>M\u00e1s all\u00e1 de este experimento, su obra abord\u00f3 cuestiones fundamentales de la \u00e9tica contempor\u00e1nea como:<\/p>\n\n\n\n<ul class=\"wp-block-list\">\n<li>La <strong>racionalidad de la moralidad<\/strong> y <strong>c\u00f3mo se justifican los juicios morales<\/strong> en relaci\u00f3n con la vida humana y los valores humanos.<\/li>\n\n\n\n<li>La <strong>cr\u00edtica al utilitarismo y al consecuencialismo<\/strong>, teor\u00edas que priorizan las consecuencias de las acciones sobre el car\u00e1cter moral del agente.<\/li>\n\n\n\n<li>El insistente argumento de que <strong>las virtudes morales est\u00e1n arraigadas en la naturaleza humana<\/strong>, y que los juicios sobre lo correcto y lo incorrecto deben integrar la comprensi\u00f3n de qu\u00e9 hace buena la vida humana.<\/li>\n<\/ul>\n\n\n\n<p>Foot tambi\u00e9n explor\u00f3 temas como <strong>el aborto, la eutanasia, la libertad de voluntad y la objetividad moral<\/strong>, dejando un legado amplio dentro de la \u00e9tica normativa.<\/p>\n\n\n\n<p>MUJERES CON ALAS: <a href=\"https:\/\/www.alasmedios.com\/index.php\/2026\/01\/05\/mujeres-con-alas-margarita-maza-parada\/\" data-type=\"post\" data-id=\"7342\">Margarita Maza Parada<\/a><\/p>\n\n\n\n<h3 class=\"wp-block-heading\"><strong>Legado y lugar en la filosof\u00eda contempor\u00e1nea<\/strong><\/h3>\n\n\n\n<p>Philippa Foot es considerada una de las <strong>fundadoras de la \u00e9tica de las virtudes contempor\u00e1nea<\/strong>, una corriente que recuper\u00f3 and reson\u00f3 con fuerza dentro de la filosof\u00eda anal\u00edtica moderna. Su obra ayud\u00f3 a <strong>revitalizar el debate sobre la \u00e9tica normativa<\/strong>, ofreciendo una alternativa s\u00f3lida a posturas deontol\u00f3gicas y utilitaristas que hab\u00edan predominado en el pensamiento \u00e9tico del siglo XX.<\/p>\n\n\n\n<p>La importancia de su trabajo contin\u00faa vigente, ya que muchos de los dilemas y cuestiones que plante\u00f3 siguen formando parte de programas filos\u00f3ficos y debates acad\u00e9micos, incluyendo discusiones en <strong>\u00e9tica aplicada, meta\u00e9tica y filosof\u00eda pr\u00e1ctica<\/strong>.<\/p>\n\n\n\n<p><strong>Philippa Foot<\/strong> dej\u00f3 una huella duradera como pensadora que cuestion\u00f3 las bases de la moral tradicional, propuso nuevas v\u00edas para comprender c\u00f3mo los seres humanos razonamos sobre lo que es \u00e9ticamente valioso y correcto.<\/p>\n\n\n<ul class=\"wp-block-latest-posts__list is-grid columns-3 wp-block-latest-posts\"><li><div class=\"wp-block-latest-posts__featured-image\"><img loading=\"lazy\" decoding=\"async\" width=\"150\" height=\"150\" src=\"https:\/\/www.alasmedios.com\/wp-content\/uploads\/2026\/05\/Super-Final-de-la-Copa-del-Mundo-de-Clavados-2026-150x150.jpeg\" class=\"attachment-thumbnail size-thumbnail wp-post-image\" alt=\"\" style=\"\" \/><\/div><a class=\"wp-block-latest-posts__post-title\" href=\"https:\/\/www.alasmedios.com\/index.php\/2026\/05\/01\/mexico-se-lanza-por-la-cima-once-clavadistas-buscan-la-gloria-mundial-en-pekin-2026\/\">M\u00e9xico se lanza por la cima: once clavadistas buscan la gloria mundial en Pek\u00edn 2026<\/a><\/li>\n<li><div class=\"wp-block-latest-posts__featured-image\"><img loading=\"lazy\" decoding=\"async\" width=\"150\" height=\"150\" src=\"https:\/\/www.alasmedios.com\/wp-content\/uploads\/2026\/04\/Puebla-el-Congreso-aprobo-el-Protocolo-Homologado-de-Investigacion-de-Delitos-contra-Personas-LGBTTTI-150x150.png\" class=\"attachment-thumbnail size-thumbnail wp-post-image\" alt=\"\" style=\"\" \/><\/div><a class=\"wp-block-latest-posts__post-title\" href=\"https:\/\/www.alasmedios.com\/index.php\/2026\/04\/30\/puebla-impulsa-protocolo-contra-delitos-lgbttti\/\">Puebla impulsa protocolo contra delitos LGBTTTI+<\/a><\/li>\n<li><div class=\"wp-block-latest-posts__featured-image\"><img loading=\"lazy\" decoding=\"async\" width=\"150\" height=\"150\" src=\"https:\/\/www.alasmedios.com\/wp-content\/uploads\/2026\/04\/PEC-Parque-Ecologico-Cubitos-150x150.jpg\" class=\"attachment-thumbnail size-thumbnail wp-post-image\" alt=\"\" style=\"\" \/><\/div><a class=\"wp-block-latest-posts__post-title\" href=\"https:\/\/www.alasmedios.com\/index.php\/2026\/04\/30\/naturaleza-viva-en-pachuca-cubitos-conmemora-a-los-jardines-botanicos\/\">Naturaleza viva en Pachuca: Cubitos conmemora a los jardines bot\u00e1nicos<\/a><\/li>\n<\/ul>","protected":false},"excerpt":{"rendered":"<p>Philippa Ruth Foot (nacida Bosanquet, 3 de octubre de 1920 \u2013 3 de octubre de 2010) fue una fil\u00f3sofa brit\u00e1nica<\/p>\n","protected":false},"author":4,"featured_media":7452,"comment_status":"open","ping_status":"open","sticky":false,"template":"","format":"standard","meta":{"colormag_page_container_layout":"default_layout","colormag_page_sidebar_layout":"default_layout","rop_custom_images_group":[],"rop_custom_messages_group":[],"rop_publish_now":"initial","rop_publish_now_accounts":[],"rop_publish_now_history":[],"rop_publish_now_status":"pending","iawp_total_views":0,"footnotes":""},"categories":[45],"tags":[876,3251,3252,53,177,3250],"class_list":["post-7451","post","type-post","status-publish","format-standard","has-post-thumbnail","hentry","category-ellas-dicen","tag-filosofia","tag-logica","tag-moral","tag-mujeres","tag-mujeres-con-alas","tag-philippa-foot"],"magazineBlocksPostFeaturedMedia":{"thumbnail":"https:\/\/www.alasmedios.com\/wp-content\/uploads\/2026\/01\/Philippa-Foot-150x150.png","medium":"https:\/\/www.alasmedios.com\/wp-content\/uploads\/2026\/01\/Philippa-Foot-300x182.png","medium_large":"https:\/\/www.alasmedios.com\/wp-content\/uploads\/2026\/01\/Philippa-Foot-768x466.png","large":"https:\/\/www.alasmedios.com\/wp-content\/uploads\/2026\/01\/Philippa-Foot-1024x622.png","1536x1536":"https:\/\/www.alasmedios.com\/wp-content\/uploads\/2026\/01\/Philippa-Foot-1536x932.png","2048x2048":"https:\/\/www.alasmedios.com\/wp-content\/uploads\/2026\/01\/Philippa-Foot.png","colormag-highlighted-post":"https:\/\/www.alasmedios.com\/wp-content\/uploads\/2026\/01\/Philippa-Foot-392x272.png","colormag-featured-post-medium":"https:\/\/www.alasmedios.com\/wp-content\/uploads\/2026\/01\/Philippa-Foot-390x205.png","colormag-featured-post-small":"https:\/\/www.alasmedios.com\/wp-content\/uploads\/2026\/01\/Philippa-Foot-130x90.png","colormag-featured-image":"https:\/\/www.alasmedios.com\/wp-content\/uploads\/2026\/01\/Philippa-Foot-800x445.png","colormag-default-news":"https:\/\/www.alasmedios.com\/wp-content\/uploads\/2026\/01\/Philippa-Foot-150x150.png","colormag-featured-image-large":"https:\/\/www.alasmedios.com\/wp-content\/uploads\/2026\/01\/Philippa-Foot-1400x600.png"},"magazineBlocksPostAuthor":{"name":"Keila Rodr\u00edguez Pe\u00f1a","avatar":"https:\/\/secure.gravatar.com\/avatar\/a2553a2bfaa601b9d539b617c8793e151bdffb60f9e48a249912f86d4c9ebeef?s=96&d=mm&r=g"},"magazineBlocksPostCommentsNumber":"0","magazineBlocksPostExcerpt":"Philippa Ruth Foot (nacida Bosanquet, 3 de octubre de 1920 \u2013 3 de octubre de 2010) fue una fil\u00f3sofa brit\u00e1nica","magazineBlocksPostCategories":["Ellas Dicen"],"magazineBlocksPostViewCount":78,"magazineBlocksPostReadTime":3,"magazine_blocks_featured_image_url":{"full":["https:\/\/www.alasmedios.com\/wp-content\/uploads\/2026\/01\/Philippa-Foot.png",2000,1214,false],"medium":["https:\/\/www.alasmedios.com\/wp-content\/uploads\/2026\/01\/Philippa-Foot-300x182.png",300,182,true],"thumbnail":["https:\/\/www.alasmedios.com\/wp-content\/uploads\/2026\/01\/Philippa-Foot-150x150.png",150,150,true]},"magazine_blocks_author":{"display_name":"Keila Rodr\u00edguez Pe\u00f1a","author_link":"https:\/\/www.alasmedios.com\/index.php\/author\/keila\/"},"magazine_blocks_comment":0,"magazine_blocks_author_image":"https:\/\/secure.gravatar.com\/avatar\/a2553a2bfaa601b9d539b617c8793e151bdffb60f9e48a249912f86d4c9ebeef?s=96&d=mm&r=g","magazine_blocks_category":"<a href=\"#\" class=\"category-link category-link-45\">Ellas Dicen<\/a>","yoast_head":"<!-- This site is optimized with the Yoast SEO plugin v27.5 - https:\/\/yoast.com\/product\/yoast-seo-wordpress\/ -->\r\n<title>Mujeres con Alas: Philippa Foot - Alas Medios<\/title>\r\n<meta name=\"robots\" content=\"index, follow, max-snippet:-1, max-image-preview:large, max-video-preview:-1\" \/>\r\n<link rel=\"canonical\" href=\"https:\/\/www.alasmedios.com\/index.php\/2026\/01\/14\/mujeres-con-alas-philippa-foot\/\" \/>\r\n<meta property=\"og:locale\" content=\"es_MX\" \/>\r\n<meta property=\"og:type\" content=\"article\" \/>\r\n<meta property=\"og:title\" content=\"Mujeres con Alas: Philippa Foot - Alas Medios\" \/>\r\n<meta property=\"og:description\" content=\"Philippa Ruth Foot (nacida Bosanquet, 3 de octubre de 1920 \u2013 3 de octubre de 2010) fue una fil\u00f3sofa brit\u00e1nica\" \/>\r\n<meta property=\"og:url\" content=\"https:\/\/www.alasmedios.com\/index.php\/2026\/01\/14\/mujeres-con-alas-philippa-foot\/\" \/>\r\n<meta property=\"og:site_name\" content=\"Alas Medios\" \/>\r\n<meta property=\"article:published_time\" content=\"2026-01-14T15:48:24+00:00\" \/>\r\n<meta property=\"og:image\" content=\"https:\/\/www.alasmedios.com\/wp-content\/uploads\/2026\/01\/Philippa-Foot.png\" \/>\r\n\t<meta property=\"og:image:width\" content=\"2000\" \/>\r\n\t<meta property=\"og:image:height\" content=\"1214\" \/>\r\n\t<meta property=\"og:image:type\" content=\"image\/png\" \/>\r\n<meta name=\"author\" content=\"Keila Rodr\u00edguez Pe\u00f1a\" \/>\r\n<meta name=\"twitter:card\" content=\"summary_large_image\" \/>\r\n<meta name=\"twitter:label1\" content=\"Escrito por\" \/>\n\t<meta name=\"twitter:data1\" content=\"Keila Rodr\u00edguez Pe\u00f1a\" \/>\n\t<meta name=\"twitter:label2\" content=\"Tiempo de lectura\" \/>\n\t<meta name=\"twitter:data2\" content=\"3 minutos\" \/>\r\n<script type=\"application\/ld+json\" class=\"yoast-schema-graph\">{\"@context\":\"https:\\\/\\\/schema.org\",\"@graph\":[{\"@type\":\"Article\",\"@id\":\"https:\\\/\\\/www.alasmedios.com\\\/index.php\\\/2026\\\/01\\\/14\\\/mujeres-con-alas-philippa-foot\\\/#article\",\"isPartOf\":{\"@id\":\"https:\\\/\\\/www.alasmedios.com\\\/index.php\\\/2026\\\/01\\\/14\\\/mujeres-con-alas-philippa-foot\\\/\"},\"author\":{\"name\":\"Keila Rodr\u00edguez Pe\u00f1a\",\"@id\":\"https:\\\/\\\/www.alasmedios.com\\\/#\\\/schema\\\/person\\\/0ba31bdd19a05ebf5c7fef1fedf99c34\"},\"headline\":\"Mujeres con Alas: Philippa Foot\",\"datePublished\":\"2026-01-14T15:48:24+00:00\",\"mainEntityOfPage\":{\"@id\":\"https:\\\/\\\/www.alasmedios.com\\\/index.php\\\/2026\\\/01\\\/14\\\/mujeres-con-alas-philippa-foot\\\/\"},\"wordCount\":531,\"commentCount\":0,\"publisher\":{\"@id\":\"https:\\\/\\\/www.alasmedios.com\\\/#organization\"},\"image\":{\"@id\":\"https:\\\/\\\/www.alasmedios.com\\\/index.php\\\/2026\\\/01\\\/14\\\/mujeres-con-alas-philippa-foot\\\/#primaryimage\"},\"thumbnailUrl\":\"https:\\\/\\\/www.alasmedios.com\\\/wp-content\\\/uploads\\\/2026\\\/01\\\/Philippa-Foot.png\",\"keywords\":[\"filosof\u00eda\",\"l\u00f3gica\",\"moral\",\"Mujeres\",\"Mujeres con Alas\",\"Philippa Foot\"],\"articleSection\":[\"Ellas Dicen\"],\"inLanguage\":\"es\",\"potentialAction\":[{\"@type\":\"CommentAction\",\"name\":\"Comment\",\"target\":[\"https:\\\/\\\/www.alasmedios.com\\\/index.php\\\/2026\\\/01\\\/14\\\/mujeres-con-alas-philippa-foot\\\/#respond\"]}]},{\"@type\":\"WebPage\",\"@id\":\"https:\\\/\\\/www.alasmedios.com\\\/index.php\\\/2026\\\/01\\\/14\\\/mujeres-con-alas-philippa-foot\\\/\",\"url\":\"https:\\\/\\\/www.alasmedios.com\\\/index.php\\\/2026\\\/01\\\/14\\\/mujeres-con-alas-philippa-foot\\\/\",\"name\":\"Mujeres con Alas: Philippa Foot - Alas Medios\",\"isPartOf\":{\"@id\":\"https:\\\/\\\/www.alasmedios.com\\\/#website\"},\"primaryImageOfPage\":{\"@id\":\"https:\\\/\\\/www.alasmedios.com\\\/index.php\\\/2026\\\/01\\\/14\\\/mujeres-con-alas-philippa-foot\\\/#primaryimage\"},\"image\":{\"@id\":\"https:\\\/\\\/www.alasmedios.com\\\/index.php\\\/2026\\\/01\\\/14\\\/mujeres-con-alas-philippa-foot\\\/#primaryimage\"},\"thumbnailUrl\":\"https:\\\/\\\/www.alasmedios.com\\\/wp-content\\\/uploads\\\/2026\\\/01\\\/Philippa-Foot.png\",\"datePublished\":\"2026-01-14T15:48:24+00:00\",\"breadcrumb\":{\"@id\":\"https:\\\/\\\/www.alasmedios.com\\\/index.php\\\/2026\\\/01\\\/14\\\/mujeres-con-alas-philippa-foot\\\/#breadcrumb\"},\"inLanguage\":\"es\",\"potentialAction\":[{\"@type\":\"ReadAction\",\"target\":[\"https:\\\/\\\/www.alasmedios.com\\\/index.php\\\/2026\\\/01\\\/14\\\/mujeres-con-alas-philippa-foot\\\/\"]}]},{\"@type\":\"ImageObject\",\"inLanguage\":\"es\",\"@id\":\"https:\\\/\\\/www.alasmedios.com\\\/index.php\\\/2026\\\/01\\\/14\\\/mujeres-con-alas-philippa-foot\\\/#primaryimage\",\"url\":\"https:\\\/\\\/www.alasmedios.com\\\/wp-content\\\/uploads\\\/2026\\\/01\\\/Philippa-Foot.png\",\"contentUrl\":\"https:\\\/\\\/www.alasmedios.com\\\/wp-content\\\/uploads\\\/2026\\\/01\\\/Philippa-Foot.png\",\"width\":2000,\"height\":1214},{\"@type\":\"BreadcrumbList\",\"@id\":\"https:\\\/\\\/www.alasmedios.com\\\/index.php\\\/2026\\\/01\\\/14\\\/mujeres-con-alas-philippa-foot\\\/#breadcrumb\",\"itemListElement\":[{\"@type\":\"ListItem\",\"position\":1,\"name\":\"Inicio\",\"item\":\"https:\\\/\\\/www.alasmedios.com\\\/\"},{\"@type\":\"ListItem\",\"position\":2,\"name\":\"Mujeres con Alas: Philippa Foot\"}]},{\"@type\":\"WebSite\",\"@id\":\"https:\\\/\\\/www.alasmedios.com\\\/#website\",\"url\":\"https:\\\/\\\/www.alasmedios.com\\\/\",\"name\":\"Alas Medios\",\"description\":\"Alas para pensar, Alas para volar, Alas de libertad\",\"publisher\":{\"@id\":\"https:\\\/\\\/www.alasmedios.com\\\/#organization\"},\"potentialAction\":[{\"@type\":\"SearchAction\",\"target\":{\"@type\":\"EntryPoint\",\"urlTemplate\":\"https:\\\/\\\/www.alasmedios.com\\\/?s={search_term_string}\"},\"query-input\":{\"@type\":\"PropertyValueSpecification\",\"valueRequired\":true,\"valueName\":\"search_term_string\"}}],\"inLanguage\":\"es\"},{\"@type\":\"Organization\",\"@id\":\"https:\\\/\\\/www.alasmedios.com\\\/#organization\",\"name\":\"Alas Medios\",\"url\":\"https:\\\/\\\/www.alasmedios.com\\\/\",\"logo\":{\"@type\":\"ImageObject\",\"inLanguage\":\"es\",\"@id\":\"https:\\\/\\\/www.alasmedios.com\\\/#\\\/schema\\\/logo\\\/image\\\/\",\"url\":\"https:\\\/\\\/www.alasmedios.com\\\/wp-content\\\/uploads\\\/2026\\\/01\\\/cropped-cropped-GAM-1.png\",\"contentUrl\":\"https:\\\/\\\/www.alasmedios.com\\\/wp-content\\\/uploads\\\/2026\\\/01\\\/cropped-cropped-GAM-1.png\",\"width\":467,\"height\":235,\"caption\":\"Alas Medios\"},\"image\":{\"@id\":\"https:\\\/\\\/www.alasmedios.com\\\/#\\\/schema\\\/logo\\\/image\\\/\"}},{\"@type\":\"Person\",\"@id\":\"https:\\\/\\\/www.alasmedios.com\\\/#\\\/schema\\\/person\\\/0ba31bdd19a05ebf5c7fef1fedf99c34\",\"name\":\"Keila Rodr\u00edguez Pe\u00f1a\",\"image\":{\"@type\":\"ImageObject\",\"inLanguage\":\"es\",\"@id\":\"https:\\\/\\\/secure.gravatar.com\\\/avatar\\\/a2553a2bfaa601b9d539b617c8793e151bdffb60f9e48a249912f86d4c9ebeef?s=96&d=mm&r=g\",\"url\":\"https:\\\/\\\/secure.gravatar.com\\\/avatar\\\/a2553a2bfaa601b9d539b617c8793e151bdffb60f9e48a249912f86d4c9ebeef?s=96&d=mm&r=g\",\"contentUrl\":\"https:\\\/\\\/secure.gravatar.com\\\/avatar\\\/a2553a2bfaa601b9d539b617c8793e151bdffb60f9e48a249912f86d4c9ebeef?s=96&d=mm&r=g\",\"caption\":\"Keila Rodr\u00edguez Pe\u00f1a\"},\"sameAs\":[\"http:\\\/\\\/www.alasmedios.com\"],\"url\":\"https:\\\/\\\/www.alasmedios.com\\\/index.php\\\/author\\\/keila\\\/\"}]}<\/script>\r\n<!-- \/ Yoast SEO plugin. -->","yoast_head_json":{"title":"Mujeres con Alas: Philippa Foot - Alas Medios","robots":{"index":"index","follow":"follow","max-snippet":"max-snippet:-1","max-image-preview":"max-image-preview:large","max-video-preview":"max-video-preview:-1"},"canonical":"https:\/\/www.alasmedios.com\/index.php\/2026\/01\/14\/mujeres-con-alas-philippa-foot\/","og_locale":"es_MX","og_type":"article","og_title":"Mujeres con Alas: Philippa Foot - Alas Medios","og_description":"Philippa Ruth Foot (nacida Bosanquet, 3 de octubre de 1920 \u2013 3 de octubre de 2010) fue una fil\u00f3sofa brit\u00e1nica","og_url":"https:\/\/www.alasmedios.com\/index.php\/2026\/01\/14\/mujeres-con-alas-philippa-foot\/","og_site_name":"Alas Medios","article_published_time":"2026-01-14T15:48:24+00:00","og_image":[{"width":2000,"height":1214,"url":"https:\/\/www.alasmedios.com\/wp-content\/uploads\/2026\/01\/Philippa-Foot.png","type":"image\/png"}],"author":"Keila Rodr\u00edguez Pe\u00f1a","twitter_card":"summary_large_image","twitter_misc":{"Escrito por":"Keila Rodr\u00edguez Pe\u00f1a","Tiempo de lectura":"3 minutos"},"schema":{"@context":"https:\/\/schema.org","@graph":[{"@type":"Article","@id":"https:\/\/www.alasmedios.com\/index.php\/2026\/01\/14\/mujeres-con-alas-philippa-foot\/#article","isPartOf":{"@id":"https:\/\/www.alasmedios.com\/index.php\/2026\/01\/14\/mujeres-con-alas-philippa-foot\/"},"author":{"name":"Keila Rodr\u00edguez Pe\u00f1a","@id":"https:\/\/www.alasmedios.com\/#\/schema\/person\/0ba31bdd19a05ebf5c7fef1fedf99c34"},"headline":"Mujeres con Alas: Philippa Foot","datePublished":"2026-01-14T15:48:24+00:00","mainEntityOfPage":{"@id":"https:\/\/www.alasmedios.com\/index.php\/2026\/01\/14\/mujeres-con-alas-philippa-foot\/"},"wordCount":531,"commentCount":0,"publisher":{"@id":"https:\/\/www.alasmedios.com\/#organization"},"image":{"@id":"https:\/\/www.alasmedios.com\/index.php\/2026\/01\/14\/mujeres-con-alas-philippa-foot\/#primaryimage"},"thumbnailUrl":"https:\/\/www.alasmedios.com\/wp-content\/uploads\/2026\/01\/Philippa-Foot.png","keywords":["filosof\u00eda","l\u00f3gica","moral","Mujeres","Mujeres con Alas","Philippa Foot"],"articleSection":["Ellas Dicen"],"inLanguage":"es","potentialAction":[{"@type":"CommentAction","name":"Comment","target":["https:\/\/www.alasmedios.com\/index.php\/2026\/01\/14\/mujeres-con-alas-philippa-foot\/#respond"]}]},{"@type":"WebPage","@id":"https:\/\/www.alasmedios.com\/index.php\/2026\/01\/14\/mujeres-con-alas-philippa-foot\/","url":"https:\/\/www.alasmedios.com\/index.php\/2026\/01\/14\/mujeres-con-alas-philippa-foot\/","name":"Mujeres con Alas: Philippa Foot - Alas Medios","isPartOf":{"@id":"https:\/\/www.alasmedios.com\/#website"},"primaryImageOfPage":{"@id":"https:\/\/www.alasmedios.com\/index.php\/2026\/01\/14\/mujeres-con-alas-philippa-foot\/#primaryimage"},"image":{"@id":"https:\/\/www.alasmedios.com\/index.php\/2026\/01\/14\/mujeres-con-alas-philippa-foot\/#primaryimage"},"thumbnailUrl":"https:\/\/www.alasmedios.com\/wp-content\/uploads\/2026\/01\/Philippa-Foot.png","datePublished":"2026-01-14T15:48:24+00:00","breadcrumb":{"@id":"https:\/\/www.alasmedios.com\/index.php\/2026\/01\/14\/mujeres-con-alas-philippa-foot\/#breadcrumb"},"inLanguage":"es","potentialAction":[{"@type":"ReadAction","target":["https:\/\/www.alasmedios.com\/index.php\/2026\/01\/14\/mujeres-con-alas-philippa-foot\/"]}]},{"@type":"ImageObject","inLanguage":"es","@id":"https:\/\/www.alasmedios.com\/index.php\/2026\/01\/14\/mujeres-con-alas-philippa-foot\/#primaryimage","url":"https:\/\/www.alasmedios.com\/wp-content\/uploads\/2026\/01\/Philippa-Foot.png","contentUrl":"https:\/\/www.alasmedios.com\/wp-content\/uploads\/2026\/01\/Philippa-Foot.png","width":2000,"height":1214},{"@type":"BreadcrumbList","@id":"https:\/\/www.alasmedios.com\/index.php\/2026\/01\/14\/mujeres-con-alas-philippa-foot\/#breadcrumb","itemListElement":[{"@type":"ListItem","position":1,"name":"Inicio","item":"https:\/\/www.alasmedios.com\/"},{"@type":"ListItem","position":2,"name":"Mujeres con Alas: Philippa Foot"}]},{"@type":"WebSite","@id":"https:\/\/www.alasmedios.com\/#website","url":"https:\/\/www.alasmedios.com\/","name":"Alas Medios","description":"Alas para pensar, Alas para volar, Alas de libertad","publisher":{"@id":"https:\/\/www.alasmedios.com\/#organization"},"potentialAction":[{"@type":"SearchAction","target":{"@type":"EntryPoint","urlTemplate":"https:\/\/www.alasmedios.com\/?s={search_term_string}"},"query-input":{"@type":"PropertyValueSpecification","valueRequired":true,"valueName":"search_term_string"}}],"inLanguage":"es"},{"@type":"Organization","@id":"https:\/\/www.alasmedios.com\/#organization","name":"Alas Medios","url":"https:\/\/www.alasmedios.com\/","logo":{"@type":"ImageObject","inLanguage":"es","@id":"https:\/\/www.alasmedios.com\/#\/schema\/logo\/image\/","url":"https:\/\/www.alasmedios.com\/wp-content\/uploads\/2026\/01\/cropped-cropped-GAM-1.png","contentUrl":"https:\/\/www.alasmedios.com\/wp-content\/uploads\/2026\/01\/cropped-cropped-GAM-1.png","width":467,"height":235,"caption":"Alas Medios"},"image":{"@id":"https:\/\/www.alasmedios.com\/#\/schema\/logo\/image\/"}},{"@type":"Person","@id":"https:\/\/www.alasmedios.com\/#\/schema\/person\/0ba31bdd19a05ebf5c7fef1fedf99c34","name":"Keila Rodr\u00edguez Pe\u00f1a","image":{"@type":"ImageObject","inLanguage":"es","@id":"https:\/\/secure.gravatar.com\/avatar\/a2553a2bfaa601b9d539b617c8793e151bdffb60f9e48a249912f86d4c9ebeef?s=96&d=mm&r=g","url":"https:\/\/secure.gravatar.com\/avatar\/a2553a2bfaa601b9d539b617c8793e151bdffb60f9e48a249912f86d4c9ebeef?s=96&d=mm&r=g","contentUrl":"https:\/\/secure.gravatar.com\/avatar\/a2553a2bfaa601b9d539b617c8793e151bdffb60f9e48a249912f86d4c9ebeef?s=96&d=mm&r=g","caption":"Keila Rodr\u00edguez Pe\u00f1a"},"sameAs":["http:\/\/www.alasmedios.com"],"url":"https:\/\/www.alasmedios.com\/index.php\/author\/keila\/"}]}},"_links":{"self":[{"href":"https:\/\/www.alasmedios.com\/index.php\/wp-json\/wp\/v2\/posts\/7451","targetHints":{"allow":["GET"]}}],"collection":[{"href":"https:\/\/www.alasmedios.com\/index.php\/wp-json\/wp\/v2\/posts"}],"about":[{"href":"https:\/\/www.alasmedios.com\/index.php\/wp-json\/wp\/v2\/types\/post"}],"author":[{"embeddable":true,"href":"https:\/\/www.alasmedios.com\/index.php\/wp-json\/wp\/v2\/users\/4"}],"replies":[{"embeddable":true,"href":"https:\/\/www.alasmedios.com\/index.php\/wp-json\/wp\/v2\/comments?post=7451"}],"version-history":[{"count":1,"href":"https:\/\/www.alasmedios.com\/index.php\/wp-json\/wp\/v2\/posts\/7451\/revisions"}],"predecessor-version":[{"id":7453,"href":"https:\/\/www.alasmedios.com\/index.php\/wp-json\/wp\/v2\/posts\/7451\/revisions\/7453"}],"wp:featuredmedia":[{"embeddable":true,"href":"https:\/\/www.alasmedios.com\/index.php\/wp-json\/wp\/v2\/media\/7452"}],"wp:attachment":[{"href":"https:\/\/www.alasmedios.com\/index.php\/wp-json\/wp\/v2\/media?parent=7451"}],"wp:term":[{"taxonomy":"category","embeddable":true,"href":"https:\/\/www.alasmedios.com\/index.php\/wp-json\/wp\/v2\/categories?post=7451"},{"taxonomy":"post_tag","embeddable":true,"href":"https:\/\/www.alasmedios.com\/index.php\/wp-json\/wp\/v2\/tags?post=7451"}],"curies":[{"name":"wp","href":"https:\/\/api.w.org\/{rel}","templated":true}]}}