{"id":7441,"date":"2026-01-13T13:57:15","date_gmt":"2026-01-13T19:57:15","guid":{"rendered":"https:\/\/www.alasmedios.com\/?p=7441"},"modified":"2026-01-13T13:59:27","modified_gmt":"2026-01-13T19:59:27","slug":"arranca-programa-de-rescate-del-patrimonio-cultural-en-ixmiquilpan","status":"publish","type":"post","link":"https:\/\/www.alasmedios.com\/index.php\/2026\/01\/13\/arranca-programa-de-rescate-del-patrimonio-cultural-en-ixmiquilpan\/","title":{"rendered":"Arranca programa de rescate del patrimonio cultural en Ixmiquilpan"},"content":{"rendered":"\n<p>Con el objetivo de <strong>acercar a infancias y juventudes al valor del patrimonio cultural material<\/strong>, este <strong>viernes 23 de enero de 2026<\/strong> se llevar\u00e1 a cabo la <strong>primera actividad del Programa Cultural de Rescate, Valorizaci\u00f3n y Concientizaci\u00f3n del Patrimonio Cultural Material<\/strong>, una iniciativa educativa enfocada en la <strong>formaci\u00f3n de identidad y memoria colectiva<\/strong>.<\/p>\n\n\n\n<p>El programa est\u00e1 dirigido a <strong>estudiantes de educaci\u00f3n b\u00e1sica<\/strong> y busca <strong>sensibilizarlos sobre la importancia de su historia, su entorno y su herencia cultural<\/strong>, fomentando el <strong>sentido de pertenencia<\/strong>, as\u00ed como el <strong>cuidado y la responsabilidad<\/strong> hacia los bienes culturales de su comunidad.<\/p>\n\n\n\n<p>CONTIN\u00daA LEYENDO: <a href=\"https:\/\/www.alasmedios.com\/index.php\/2026\/01\/13\/carnavales-toman-el-tuzobus-estaciones-se-convierten-en-galeria-urbana-en-hidalgo\/\" data-type=\"post\" data-id=\"7434\">Carnavales toman el Tuzob\u00fas: estaciones se convierten en galer\u00eda urbana en Hidalgo<\/a><\/p>\n\n\n\n<p>La actividad se realizar\u00e1 a las <strong>11:00 horas<\/strong> en el <strong>Teatro Hidalgo<\/strong>, ubicado en <strong>5 de Mayo n\u00famero 5, Centro de Ixmiquilpan, Hidalgo<\/strong>, espacio que se convertir\u00e1 en punto de encuentro para reflexionar sobre el <strong>valor del patrimonio<\/strong> como parte viva del presente.<\/p>\n\n\n\n<p>Esta propuesta marca el inicio de un esfuerzo orientado a que las nuevas generaciones reconozcan el <strong>patrimonio cultural<\/strong> no solo como vestigio del pasado, sino como un <strong>elemento fundamental para comprender su identidad y fortalecer el tejido social<\/strong>.<\/p>\n\n\n<ul class=\"wp-block-latest-posts__list is-grid columns-3 wp-block-latest-posts\"><li><div class=\"wp-block-latest-posts__featured-image\"><img loading=\"lazy\" decoding=\"async\" width=\"150\" height=\"150\" src=\"https:\/\/www.alasmedios.com\/wp-content\/uploads\/2026\/05\/Hidalgo-viene-un-respiro-con-el-frente-frio-48-150x150.png\" class=\"attachment-thumbnail size-thumbnail wp-post-image\" alt=\"\" style=\"\" \/><\/div><a class=\"wp-block-latest-posts__post-title\" href=\"https:\/\/www.alasmedios.com\/index.php\/2026\/05\/01\/frente-frio-48-un-alivio-asi-impactara-en-hidalgo\/\">Frente fr\u00edo 48, un alivio: as\u00ed impactar\u00e1 en Hidalgo<\/a><\/li>\n<li><div class=\"wp-block-latest-posts__featured-image\"><img loading=\"lazy\" decoding=\"async\" width=\"150\" height=\"150\" src=\"https:\/\/www.alasmedios.com\/wp-content\/uploads\/2026\/05\/mujeres-depresion-posparto-150x150.png\" class=\"attachment-thumbnail size-thumbnail wp-post-image\" alt=\"\" style=\"\" \/><\/div><a class=\"wp-block-latest-posts__post-title\" href=\"https:\/\/www.alasmedios.com\/index.php\/2026\/05\/01\/1-de-cada-15-mujeres-sufre-depresion-posparto\/\">1 de cada 15 mujeres sufre depresi\u00f3n posparto<\/a><\/li>\n<li><div class=\"wp-block-latest-posts__featured-image\"><img loading=\"lazy\" decoding=\"async\" width=\"150\" height=\"150\" src=\"https:\/\/www.alasmedios.com\/wp-content\/uploads\/2026\/05\/USEP-calidad-hospitalaria-150x150.jpeg\" class=\"attachment-thumbnail size-thumbnail wp-post-image\" alt=\"\" style=\"\" \/><\/div><a class=\"wp-block-latest-posts__post-title\" href=\"https:\/\/www.alasmedios.com\/index.php\/2026\/05\/01\/usep-activa-formacion-para-prevenir-riesgos-en-la-atencion-medica\/\">USEP activa formaci\u00f3n para prevenir riesgos en la atenci\u00f3n m\u00e9dica<\/a><\/li>\n<\/ul>","protected":false},"excerpt":{"rendered":"<p>Con el objetivo de acercar a infancias y juventudes al valor del patrimonio cultural material, este viernes 23 de enero<\/p>\n","protected":false},"author":4,"featured_media":7442,"comment_status":"open","ping_status":"open","sticky":false,"template":"","format":"standard","meta":{"colormag_page_container_layout":"default_layout","colormag_page_sidebar_layout":"default_layout","rop_custom_images_group":[],"rop_custom_messages_group":[],"rop_publish_now":"initial","rop_publish_now_accounts":[],"rop_publish_now_history":[],"rop_publish_now_status":"pending","iawp_total_views":0,"footnotes":""},"categories":[41],"tags":[75,99,958],"class_list":["post-7441","post","type-post","status-publish","format-standard","has-post-thumbnail","hentry","category-hidalgo","tag-cultura","tag-hidalgo","tag-ixmiquilpan"],"magazineBlocksPostFeaturedMedia":{"thumbnail":"https:\/\/www.alasmedios.com\/wp-content\/uploads\/2026\/01\/arranca-programa-de-rescate-del-patrimonio-cultural-en-Ixmiquilpan-150x150.png","medium":"https:\/\/www.alasmedios.com\/wp-content\/uploads\/2026\/01\/arranca-programa-de-rescate-del-patrimonio-cultural-en-Ixmiquilpan-300x182.png","medium_large":"https:\/\/www.alasmedios.com\/wp-content\/uploads\/2026\/01\/arranca-programa-de-rescate-del-patrimonio-cultural-en-Ixmiquilpan-768x466.png","large":"https:\/\/www.alasmedios.com\/wp-content\/uploads\/2026\/01\/arranca-programa-de-rescate-del-patrimonio-cultural-en-Ixmiquilpan-1024x622.png","1536x1536":"https:\/\/www.alasmedios.com\/wp-content\/uploads\/2026\/01\/arranca-programa-de-rescate-del-patrimonio-cultural-en-Ixmiquilpan-1536x932.png","2048x2048":"https:\/\/www.alasmedios.com\/wp-content\/uploads\/2026\/01\/arranca-programa-de-rescate-del-patrimonio-cultural-en-Ixmiquilpan.png","colormag-highlighted-post":"https:\/\/www.alasmedios.com\/wp-content\/uploads\/2026\/01\/arranca-programa-de-rescate-del-patrimonio-cultural-en-Ixmiquilpan-392x272.png","colormag-featured-post-medium":"https:\/\/www.alasmedios.com\/wp-content\/uploads\/2026\/01\/arranca-programa-de-rescate-del-patrimonio-cultural-en-Ixmiquilpan-390x205.png","colormag-featured-post-small":"https:\/\/www.alasmedios.com\/wp-content\/uploads\/2026\/01\/arranca-programa-de-rescate-del-patrimonio-cultural-en-Ixmiquilpan-130x90.png","colormag-featured-image":"https:\/\/www.alasmedios.com\/wp-content\/uploads\/2026\/01\/arranca-programa-de-rescate-del-patrimonio-cultural-en-Ixmiquilpan-800x445.png","colormag-default-news":"https:\/\/www.alasmedios.com\/wp-content\/uploads\/2026\/01\/arranca-programa-de-rescate-del-patrimonio-cultural-en-Ixmiquilpan-150x150.png","colormag-featured-image-large":"https:\/\/www.alasmedios.com\/wp-content\/uploads\/2026\/01\/arranca-programa-de-rescate-del-patrimonio-cultural-en-Ixmiquilpan-1400x600.png"},"magazineBlocksPostAuthor":{"name":"Keila Rodr\u00edguez Pe\u00f1a","avatar":"https:\/\/secure.gravatar.com\/avatar\/a2553a2bfaa601b9d539b617c8793e151bdffb60f9e48a249912f86d4c9ebeef?s=96&d=mm&r=g"},"magazineBlocksPostCommentsNumber":"0","magazineBlocksPostExcerpt":"Con el objetivo de acercar a infancias y juventudes al valor del patrimonio cultural material, este viernes 23 de enero","magazineBlocksPostCategories":["Hidalgo"],"magazineBlocksPostViewCount":63,"magazineBlocksPostReadTime":1,"magazine_blocks_featured_image_url":{"full":["https:\/\/www.alasmedios.com\/wp-content\/uploads\/2026\/01\/arranca-programa-de-rescate-del-patrimonio-cultural-en-Ixmiquilpan.png",2000,1214,false],"medium":["https:\/\/www.alasmedios.com\/wp-content\/uploads\/2026\/01\/arranca-programa-de-rescate-del-patrimonio-cultural-en-Ixmiquilpan-300x182.png",300,182,true],"thumbnail":["https:\/\/www.alasmedios.com\/wp-content\/uploads\/2026\/01\/arranca-programa-de-rescate-del-patrimonio-cultural-en-Ixmiquilpan-150x150.png",150,150,true]},"magazine_blocks_author":{"display_name":"Keila Rodr\u00edguez Pe\u00f1a","author_link":"https:\/\/www.alasmedios.com\/index.php\/author\/keila\/"},"magazine_blocks_comment":0,"magazine_blocks_author_image":"https:\/\/secure.gravatar.com\/avatar\/a2553a2bfaa601b9d539b617c8793e151bdffb60f9e48a249912f86d4c9ebeef?s=96&d=mm&r=g","magazine_blocks_category":"<a href=\"#\" class=\"category-link category-link-41\">Hidalgo<\/a>","yoast_head":"<!-- This site is optimized with the Yoast SEO plugin v27.5 - https:\/\/yoast.com\/product\/yoast-seo-wordpress\/ -->\r\n<title>Arranca programa de rescate del patrimonio cultural en Ixmiquilpan - Alas Medios<\/title>\r\n<meta name=\"robots\" content=\"index, follow, max-snippet:-1, max-image-preview:large, max-video-preview:-1\" \/>\r\n<link rel=\"canonical\" href=\"https:\/\/www.alasmedios.com\/index.php\/2026\/01\/13\/arranca-programa-de-rescate-del-patrimonio-cultural-en-ixmiquilpan\/\" \/>\r\n<meta property=\"og:locale\" content=\"es_MX\" \/>\r\n<meta property=\"og:type\" content=\"article\" \/>\r\n<meta property=\"og:title\" content=\"Arranca programa de rescate del patrimonio cultural en Ixmiquilpan - Alas Medios\" \/>\r\n<meta property=\"og:description\" content=\"Con el objetivo de acercar a infancias y juventudes al valor del patrimonio cultural material, este viernes 23 de enero\" \/>\r\n<meta property=\"og:url\" content=\"https:\/\/www.alasmedios.com\/index.php\/2026\/01\/13\/arranca-programa-de-rescate-del-patrimonio-cultural-en-ixmiquilpan\/\" \/>\r\n<meta property=\"og:site_name\" content=\"Alas Medios\" \/>\r\n<meta property=\"article:published_time\" content=\"2026-01-13T19:57:15+00:00\" \/>\r\n<meta property=\"article:modified_time\" content=\"2026-01-13T19:59:27+00:00\" \/>\r\n<meta property=\"og:image\" content=\"https:\/\/www.alasmedios.com\/wp-content\/uploads\/2026\/01\/arranca-programa-de-rescate-del-patrimonio-cultural-en-Ixmiquilpan.png\" \/>\r\n\t<meta property=\"og:image:width\" content=\"2000\" \/>\r\n\t<meta property=\"og:image:height\" content=\"1214\" \/>\r\n\t<meta property=\"og:image:type\" content=\"image\/png\" \/>\r\n<meta name=\"author\" content=\"Keila Rodr\u00edguez Pe\u00f1a\" \/>\r\n<meta name=\"twitter:card\" content=\"summary_large_image\" \/>\r\n<meta name=\"twitter:label1\" content=\"Escrito por\" \/>\n\t<meta name=\"twitter:data1\" content=\"Keila Rodr\u00edguez Pe\u00f1a\" \/>\n\t<meta name=\"twitter:label2\" content=\"Tiempo de lectura\" \/>\n\t<meta name=\"twitter:data2\" content=\"1 minuto\" \/>\r\n<script type=\"application\/ld+json\" class=\"yoast-schema-graph\">{\"@context\":\"https:\\\/\\\/schema.org\",\"@graph\":[{\"@type\":\"Article\",\"@id\":\"https:\\\/\\\/www.alasmedios.com\\\/index.php\\\/2026\\\/01\\\/13\\\/arranca-programa-de-rescate-del-patrimonio-cultural-en-ixmiquilpan\\\/#article\",\"isPartOf\":{\"@id\":\"https:\\\/\\\/www.alasmedios.com\\\/index.php\\\/2026\\\/01\\\/13\\\/arranca-programa-de-rescate-del-patrimonio-cultural-en-ixmiquilpan\\\/\"},\"author\":{\"name\":\"Keila Rodr\u00edguez Pe\u00f1a\",\"@id\":\"https:\\\/\\\/www.alasmedios.com\\\/#\\\/schema\\\/person\\\/0ba31bdd19a05ebf5c7fef1fedf99c34\"},\"headline\":\"Arranca programa de rescate del patrimonio cultural en Ixmiquilpan\",\"datePublished\":\"2026-01-13T19:57:15+00:00\",\"dateModified\":\"2026-01-13T19:59:27+00:00\",\"mainEntityOfPage\":{\"@id\":\"https:\\\/\\\/www.alasmedios.com\\\/index.php\\\/2026\\\/01\\\/13\\\/arranca-programa-de-rescate-del-patrimonio-cultural-en-ixmiquilpan\\\/\"},\"wordCount\":204,\"commentCount\":0,\"publisher\":{\"@id\":\"https:\\\/\\\/www.alasmedios.com\\\/#organization\"},\"image\":{\"@id\":\"https:\\\/\\\/www.alasmedios.com\\\/index.php\\\/2026\\\/01\\\/13\\\/arranca-programa-de-rescate-del-patrimonio-cultural-en-ixmiquilpan\\\/#primaryimage\"},\"thumbnailUrl\":\"https:\\\/\\\/www.alasmedios.com\\\/wp-content\\\/uploads\\\/2026\\\/01\\\/arranca-programa-de-rescate-del-patrimonio-cultural-en-Ixmiquilpan.png\",\"keywords\":[\"Cultura\",\"Hidalgo\",\"Ixmiquilpan\"],\"articleSection\":[\"Hidalgo\"],\"inLanguage\":\"es\",\"potentialAction\":[{\"@type\":\"CommentAction\",\"name\":\"Comment\",\"target\":[\"https:\\\/\\\/www.alasmedios.com\\\/index.php\\\/2026\\\/01\\\/13\\\/arranca-programa-de-rescate-del-patrimonio-cultural-en-ixmiquilpan\\\/#respond\"]}]},{\"@type\":\"WebPage\",\"@id\":\"https:\\\/\\\/www.alasmedios.com\\\/index.php\\\/2026\\\/01\\\/13\\\/arranca-programa-de-rescate-del-patrimonio-cultural-en-ixmiquilpan\\\/\",\"url\":\"https:\\\/\\\/www.alasmedios.com\\\/index.php\\\/2026\\\/01\\\/13\\\/arranca-programa-de-rescate-del-patrimonio-cultural-en-ixmiquilpan\\\/\",\"name\":\"Arranca programa de rescate del patrimonio cultural en Ixmiquilpan - Alas Medios\",\"isPartOf\":{\"@id\":\"https:\\\/\\\/www.alasmedios.com\\\/#website\"},\"primaryImageOfPage\":{\"@id\":\"https:\\\/\\\/www.alasmedios.com\\\/index.php\\\/2026\\\/01\\\/13\\\/arranca-programa-de-rescate-del-patrimonio-cultural-en-ixmiquilpan\\\/#primaryimage\"},\"image\":{\"@id\":\"https:\\\/\\\/www.alasmedios.com\\\/index.php\\\/2026\\\/01\\\/13\\\/arranca-programa-de-rescate-del-patrimonio-cultural-en-ixmiquilpan\\\/#primaryimage\"},\"thumbnailUrl\":\"https:\\\/\\\/www.alasmedios.com\\\/wp-content\\\/uploads\\\/2026\\\/01\\\/arranca-programa-de-rescate-del-patrimonio-cultural-en-Ixmiquilpan.png\",\"datePublished\":\"2026-01-13T19:57:15+00:00\",\"dateModified\":\"2026-01-13T19:59:27+00:00\",\"breadcrumb\":{\"@id\":\"https:\\\/\\\/www.alasmedios.com\\\/index.php\\\/2026\\\/01\\\/13\\\/arranca-programa-de-rescate-del-patrimonio-cultural-en-ixmiquilpan\\\/#breadcrumb\"},\"inLanguage\":\"es\",\"potentialAction\":[{\"@type\":\"ReadAction\",\"target\":[\"https:\\\/\\\/www.alasmedios.com\\\/index.php\\\/2026\\\/01\\\/13\\\/arranca-programa-de-rescate-del-patrimonio-cultural-en-ixmiquilpan\\\/\"]}]},{\"@type\":\"ImageObject\",\"inLanguage\":\"es\",\"@id\":\"https:\\\/\\\/www.alasmedios.com\\\/index.php\\\/2026\\\/01\\\/13\\\/arranca-programa-de-rescate-del-patrimonio-cultural-en-ixmiquilpan\\\/#primaryimage\",\"url\":\"https:\\\/\\\/www.alasmedios.com\\\/wp-content\\\/uploads\\\/2026\\\/01\\\/arranca-programa-de-rescate-del-patrimonio-cultural-en-Ixmiquilpan.png\",\"contentUrl\":\"https:\\\/\\\/www.alasmedios.com\\\/wp-content\\\/uploads\\\/2026\\\/01\\\/arranca-programa-de-rescate-del-patrimonio-cultural-en-Ixmiquilpan.png\",\"width\":2000,\"height\":1214},{\"@type\":\"BreadcrumbList\",\"@id\":\"https:\\\/\\\/www.alasmedios.com\\\/index.php\\\/2026\\\/01\\\/13\\\/arranca-programa-de-rescate-del-patrimonio-cultural-en-ixmiquilpan\\\/#breadcrumb\",\"itemListElement\":[{\"@type\":\"ListItem\",\"position\":1,\"name\":\"Inicio\",\"item\":\"https:\\\/\\\/www.alasmedios.com\\\/\"},{\"@type\":\"ListItem\",\"position\":2,\"name\":\"Arranca programa de rescate del patrimonio cultural en Ixmiquilpan\"}]},{\"@type\":\"WebSite\",\"@id\":\"https:\\\/\\\/www.alasmedios.com\\\/#website\",\"url\":\"https:\\\/\\\/www.alasmedios.com\\\/\",\"name\":\"Alas Medios\",\"description\":\"Alas para pensar, Alas para volar, Alas de libertad\",\"publisher\":{\"@id\":\"https:\\\/\\\/www.alasmedios.com\\\/#organization\"},\"potentialAction\":[{\"@type\":\"SearchAction\",\"target\":{\"@type\":\"EntryPoint\",\"urlTemplate\":\"https:\\\/\\\/www.alasmedios.com\\\/?s={search_term_string}\"},\"query-input\":{\"@type\":\"PropertyValueSpecification\",\"valueRequired\":true,\"valueName\":\"search_term_string\"}}],\"inLanguage\":\"es\"},{\"@type\":\"Organization\",\"@id\":\"https:\\\/\\\/www.alasmedios.com\\\/#organization\",\"name\":\"Alas Medios\",\"url\":\"https:\\\/\\\/www.alasmedios.com\\\/\",\"logo\":{\"@type\":\"ImageObject\",\"inLanguage\":\"es\",\"@id\":\"https:\\\/\\\/www.alasmedios.com\\\/#\\\/schema\\\/logo\\\/image\\\/\",\"url\":\"https:\\\/\\\/www.alasmedios.com\\\/wp-content\\\/uploads\\\/2026\\\/01\\\/cropped-cropped-GAM-1.png\",\"contentUrl\":\"https:\\\/\\\/www.alasmedios.com\\\/wp-content\\\/uploads\\\/2026\\\/01\\\/cropped-cropped-GAM-1.png\",\"width\":467,\"height\":235,\"caption\":\"Alas Medios\"},\"image\":{\"@id\":\"https:\\\/\\\/www.alasmedios.com\\\/#\\\/schema\\\/logo\\\/image\\\/\"}},{\"@type\":\"Person\",\"@id\":\"https:\\\/\\\/www.alasmedios.com\\\/#\\\/schema\\\/person\\\/0ba31bdd19a05ebf5c7fef1fedf99c34\",\"name\":\"Keila Rodr\u00edguez Pe\u00f1a\",\"image\":{\"@type\":\"ImageObject\",\"inLanguage\":\"es\",\"@id\":\"https:\\\/\\\/secure.gravatar.com\\\/avatar\\\/a2553a2bfaa601b9d539b617c8793e151bdffb60f9e48a249912f86d4c9ebeef?s=96&d=mm&r=g\",\"url\":\"https:\\\/\\\/secure.gravatar.com\\\/avatar\\\/a2553a2bfaa601b9d539b617c8793e151bdffb60f9e48a249912f86d4c9ebeef?s=96&d=mm&r=g\",\"contentUrl\":\"https:\\\/\\\/secure.gravatar.com\\\/avatar\\\/a2553a2bfaa601b9d539b617c8793e151bdffb60f9e48a249912f86d4c9ebeef?s=96&d=mm&r=g\",\"caption\":\"Keila Rodr\u00edguez Pe\u00f1a\"},\"sameAs\":[\"http:\\\/\\\/www.alasmedios.com\"],\"url\":\"https:\\\/\\\/www.alasmedios.com\\\/index.php\\\/author\\\/keila\\\/\"}]}<\/script>\r\n<!-- \/ Yoast SEO plugin. -->","yoast_head_json":{"title":"Arranca programa de rescate del patrimonio cultural en Ixmiquilpan - Alas Medios","robots":{"index":"index","follow":"follow","max-snippet":"max-snippet:-1","max-image-preview":"max-image-preview:large","max-video-preview":"max-video-preview:-1"},"canonical":"https:\/\/www.alasmedios.com\/index.php\/2026\/01\/13\/arranca-programa-de-rescate-del-patrimonio-cultural-en-ixmiquilpan\/","og_locale":"es_MX","og_type":"article","og_title":"Arranca programa de rescate del patrimonio cultural en Ixmiquilpan - Alas Medios","og_description":"Con el objetivo de acercar a infancias y juventudes al valor del patrimonio cultural material, este viernes 23 de enero","og_url":"https:\/\/www.alasmedios.com\/index.php\/2026\/01\/13\/arranca-programa-de-rescate-del-patrimonio-cultural-en-ixmiquilpan\/","og_site_name":"Alas Medios","article_published_time":"2026-01-13T19:57:15+00:00","article_modified_time":"2026-01-13T19:59:27+00:00","og_image":[{"width":2000,"height":1214,"url":"https:\/\/www.alasmedios.com\/wp-content\/uploads\/2026\/01\/arranca-programa-de-rescate-del-patrimonio-cultural-en-Ixmiquilpan.png","type":"image\/png"}],"author":"Keila Rodr\u00edguez Pe\u00f1a","twitter_card":"summary_large_image","twitter_misc":{"Escrito por":"Keila Rodr\u00edguez Pe\u00f1a","Tiempo de lectura":"1 minuto"},"schema":{"@context":"https:\/\/schema.org","@graph":[{"@type":"Article","@id":"https:\/\/www.alasmedios.com\/index.php\/2026\/01\/13\/arranca-programa-de-rescate-del-patrimonio-cultural-en-ixmiquilpan\/#article","isPartOf":{"@id":"https:\/\/www.alasmedios.com\/index.php\/2026\/01\/13\/arranca-programa-de-rescate-del-patrimonio-cultural-en-ixmiquilpan\/"},"author":{"name":"Keila Rodr\u00edguez Pe\u00f1a","@id":"https:\/\/www.alasmedios.com\/#\/schema\/person\/0ba31bdd19a05ebf5c7fef1fedf99c34"},"headline":"Arranca programa de rescate del patrimonio cultural en Ixmiquilpan","datePublished":"2026-01-13T19:57:15+00:00","dateModified":"2026-01-13T19:59:27+00:00","mainEntityOfPage":{"@id":"https:\/\/www.alasmedios.com\/index.php\/2026\/01\/13\/arranca-programa-de-rescate-del-patrimonio-cultural-en-ixmiquilpan\/"},"wordCount":204,"commentCount":0,"publisher":{"@id":"https:\/\/www.alasmedios.com\/#organization"},"image":{"@id":"https:\/\/www.alasmedios.com\/index.php\/2026\/01\/13\/arranca-programa-de-rescate-del-patrimonio-cultural-en-ixmiquilpan\/#primaryimage"},"thumbnailUrl":"https:\/\/www.alasmedios.com\/wp-content\/uploads\/2026\/01\/arranca-programa-de-rescate-del-patrimonio-cultural-en-Ixmiquilpan.png","keywords":["Cultura","Hidalgo","Ixmiquilpan"],"articleSection":["Hidalgo"],"inLanguage":"es","potentialAction":[{"@type":"CommentAction","name":"Comment","target":["https:\/\/www.alasmedios.com\/index.php\/2026\/01\/13\/arranca-programa-de-rescate-del-patrimonio-cultural-en-ixmiquilpan\/#respond"]}]},{"@type":"WebPage","@id":"https:\/\/www.alasmedios.com\/index.php\/2026\/01\/13\/arranca-programa-de-rescate-del-patrimonio-cultural-en-ixmiquilpan\/","url":"https:\/\/www.alasmedios.com\/index.php\/2026\/01\/13\/arranca-programa-de-rescate-del-patrimonio-cultural-en-ixmiquilpan\/","name":"Arranca programa de rescate del patrimonio cultural en Ixmiquilpan - Alas Medios","isPartOf":{"@id":"https:\/\/www.alasmedios.com\/#website"},"primaryImageOfPage":{"@id":"https:\/\/www.alasmedios.com\/index.php\/2026\/01\/13\/arranca-programa-de-rescate-del-patrimonio-cultural-en-ixmiquilpan\/#primaryimage"},"image":{"@id":"https:\/\/www.alasmedios.com\/index.php\/2026\/01\/13\/arranca-programa-de-rescate-del-patrimonio-cultural-en-ixmiquilpan\/#primaryimage"},"thumbnailUrl":"https:\/\/www.alasmedios.com\/wp-content\/uploads\/2026\/01\/arranca-programa-de-rescate-del-patrimonio-cultural-en-Ixmiquilpan.png","datePublished":"2026-01-13T19:57:15+00:00","dateModified":"2026-01-13T19:59:27+00:00","breadcrumb":{"@id":"https:\/\/www.alasmedios.com\/index.php\/2026\/01\/13\/arranca-programa-de-rescate-del-patrimonio-cultural-en-ixmiquilpan\/#breadcrumb"},"inLanguage":"es","potentialAction":[{"@type":"ReadAction","target":["https:\/\/www.alasmedios.com\/index.php\/2026\/01\/13\/arranca-programa-de-rescate-del-patrimonio-cultural-en-ixmiquilpan\/"]}]},{"@type":"ImageObject","inLanguage":"es","@id":"https:\/\/www.alasmedios.com\/index.php\/2026\/01\/13\/arranca-programa-de-rescate-del-patrimonio-cultural-en-ixmiquilpan\/#primaryimage","url":"https:\/\/www.alasmedios.com\/wp-content\/uploads\/2026\/01\/arranca-programa-de-rescate-del-patrimonio-cultural-en-Ixmiquilpan.png","contentUrl":"https:\/\/www.alasmedios.com\/wp-content\/uploads\/2026\/01\/arranca-programa-de-rescate-del-patrimonio-cultural-en-Ixmiquilpan.png","width":2000,"height":1214},{"@type":"BreadcrumbList","@id":"https:\/\/www.alasmedios.com\/index.php\/2026\/01\/13\/arranca-programa-de-rescate-del-patrimonio-cultural-en-ixmiquilpan\/#breadcrumb","itemListElement":[{"@type":"ListItem","position":1,"name":"Inicio","item":"https:\/\/www.alasmedios.com\/"},{"@type":"ListItem","position":2,"name":"Arranca programa de rescate del patrimonio cultural en Ixmiquilpan"}]},{"@type":"WebSite","@id":"https:\/\/www.alasmedios.com\/#website","url":"https:\/\/www.alasmedios.com\/","name":"Alas Medios","description":"Alas para pensar, Alas para volar, Alas de libertad","publisher":{"@id":"https:\/\/www.alasmedios.com\/#organization"},"potentialAction":[{"@type":"SearchAction","target":{"@type":"EntryPoint","urlTemplate":"https:\/\/www.alasmedios.com\/?s={search_term_string}"},"query-input":{"@type":"PropertyValueSpecification","valueRequired":true,"valueName":"search_term_string"}}],"inLanguage":"es"},{"@type":"Organization","@id":"https:\/\/www.alasmedios.com\/#organization","name":"Alas Medios","url":"https:\/\/www.alasmedios.com\/","logo":{"@type":"ImageObject","inLanguage":"es","@id":"https:\/\/www.alasmedios.com\/#\/schema\/logo\/image\/","url":"https:\/\/www.alasmedios.com\/wp-content\/uploads\/2026\/01\/cropped-cropped-GAM-1.png","contentUrl":"https:\/\/www.alasmedios.com\/wp-content\/uploads\/2026\/01\/cropped-cropped-GAM-1.png","width":467,"height":235,"caption":"Alas Medios"},"image":{"@id":"https:\/\/www.alasmedios.com\/#\/schema\/logo\/image\/"}},{"@type":"Person","@id":"https:\/\/www.alasmedios.com\/#\/schema\/person\/0ba31bdd19a05ebf5c7fef1fedf99c34","name":"Keila Rodr\u00edguez Pe\u00f1a","image":{"@type":"ImageObject","inLanguage":"es","@id":"https:\/\/secure.gravatar.com\/avatar\/a2553a2bfaa601b9d539b617c8793e151bdffb60f9e48a249912f86d4c9ebeef?s=96&d=mm&r=g","url":"https:\/\/secure.gravatar.com\/avatar\/a2553a2bfaa601b9d539b617c8793e151bdffb60f9e48a249912f86d4c9ebeef?s=96&d=mm&r=g","contentUrl":"https:\/\/secure.gravatar.com\/avatar\/a2553a2bfaa601b9d539b617c8793e151bdffb60f9e48a249912f86d4c9ebeef?s=96&d=mm&r=g","caption":"Keila Rodr\u00edguez Pe\u00f1a"},"sameAs":["http:\/\/www.alasmedios.com"],"url":"https:\/\/www.alasmedios.com\/index.php\/author\/keila\/"}]}},"_links":{"self":[{"href":"https:\/\/www.alasmedios.com\/index.php\/wp-json\/wp\/v2\/posts\/7441","targetHints":{"allow":["GET"]}}],"collection":[{"href":"https:\/\/www.alasmedios.com\/index.php\/wp-json\/wp\/v2\/posts"}],"about":[{"href":"https:\/\/www.alasmedios.com\/index.php\/wp-json\/wp\/v2\/types\/post"}],"author":[{"embeddable":true,"href":"https:\/\/www.alasmedios.com\/index.php\/wp-json\/wp\/v2\/users\/4"}],"replies":[{"embeddable":true,"href":"https:\/\/www.alasmedios.com\/index.php\/wp-json\/wp\/v2\/comments?post=7441"}],"version-history":[{"count":2,"href":"https:\/\/www.alasmedios.com\/index.php\/wp-json\/wp\/v2\/posts\/7441\/revisions"}],"predecessor-version":[{"id":7444,"href":"https:\/\/www.alasmedios.com\/index.php\/wp-json\/wp\/v2\/posts\/7441\/revisions\/7444"}],"wp:featuredmedia":[{"embeddable":true,"href":"https:\/\/www.alasmedios.com\/index.php\/wp-json\/wp\/v2\/media\/7442"}],"wp:attachment":[{"href":"https:\/\/www.alasmedios.com\/index.php\/wp-json\/wp\/v2\/media?parent=7441"}],"wp:term":[{"taxonomy":"category","embeddable":true,"href":"https:\/\/www.alasmedios.com\/index.php\/wp-json\/wp\/v2\/categories?post=7441"},{"taxonomy":"post_tag","embeddable":true,"href":"https:\/\/www.alasmedios.com\/index.php\/wp-json\/wp\/v2\/tags?post=7441"}],"curies":[{"name":"wp","href":"https:\/\/api.w.org\/{rel}","templated":true}]}}