{"id":7434,"date":"2026-01-13T13:46:49","date_gmt":"2026-01-13T19:46:49","guid":{"rendered":"https:\/\/www.alasmedios.com\/?p=7434"},"modified":"2026-01-13T13:46:49","modified_gmt":"2026-01-13T19:46:49","slug":"carnavales-toman-el-tuzobus-estaciones-se-convierten-en-galeria-urbana-en-hidalgo","status":"publish","type":"post","link":"https:\/\/www.alasmedios.com\/index.php\/2026\/01\/13\/carnavales-toman-el-tuzobus-estaciones-se-convierten-en-galeria-urbana-en-hidalgo\/","title":{"rendered":"Carnavales toman el Tuzob\u00fas: estaciones se convierten en galer\u00eda urbana en Hidalgo"},"content":{"rendered":"\n<p>Las <strong>estaciones del Tuzob\u00fas<\/strong> se transformaron en un <strong>recorrido cultural<\/strong> con la exposici\u00f3n colectiva <strong>\u201cCapturando Hidalgo: Carnavales\u201d<\/strong>, una muestra que lleva la <strong>tradici\u00f3n, el color y la alegr\u00eda de los carnavales hidalguenses<\/strong> al espacio cotidiano del transporte p\u00fablico, a trav\u00e9s de la mirada de <strong>artistas locales<\/strong>.<\/p>\n\n\n\n<p>La exposici\u00f3n re\u00fane decenas de obras fotogr\u00e1ficas y visuales distribuidas a lo largo de distintas estaciones, convirtiendo el trayecto en una <strong>experiencia art\u00edstica itinerante<\/strong>. Desde <strong>Terminal 1 T\u00e9llez<\/strong> hasta el <strong>Centro Hist\u00f3rico<\/strong>, las piezas dialogan con el entorno urbano y celebran la <strong>identidad cultural de Hidalgo<\/strong>.<\/p>\n\n\n\n<p>Entre los artistas participantes destacan <strong>Eloy Monter Hern\u00e1ndez<\/strong> con <em>\u201cLa octava de carnaval, fiesta del bien y el mal\u201d<\/em>, <strong>Humberto Mart\u00ednez Sol\u00eds<\/strong> con <em>\u201cCreatividad y tradici\u00f3n\u201d<\/em>, <strong>Gabriela Garc\u00eda Galindo<\/strong> con <em>\u201cEl paso de los cuernudos\u201d<\/em> y <strong>Nereida G\u00f3mez Alpirez<\/strong> con <em>\u201cTorito carnavalesco Metzco\u201d<\/em>, entre muchas otras propuestas que exploran <strong>rituales festivos, m\u00e1scaras, m\u00fasica, danza y s\u00edmbolos ancestrales<\/strong>.<\/p>\n\n\n\n<p>CONTIN\u00daA LEYENDO: <a href=\"https:\/\/www.alasmedios.com\/index.php\/2026\/01\/12\/seguimiento-mujeres-victimas-de-violencia-en-tizayuca\/\" data-type=\"post\" data-id=\"7430\">Puerta a puerta: dan seguimiento a mujeres v\u00edctimas de violencia en Tizayuca<\/a><\/p>\n\n\n\n<p>Las estaciones <strong>Hospitales<\/strong>, <strong>SEPH<\/strong>, <strong>Bicentenario<\/strong>, <strong>Ej\u00e9rcito Mexicano<\/strong>, <strong>Centro de Justicia<\/strong>, <strong>Tecnol\u00f3gico de Monterrey<\/strong>, <strong>Estadio Hidalgo<\/strong>, <strong>Plaza Ju\u00e1rez<\/strong>, <strong>Centro de Autobuses<\/strong>, <strong>Ni\u00f1os H\u00e9roes<\/strong>, <strong>Presidente Alem\u00e1n<\/strong> y <strong>Zona Plateada<\/strong> albergan obras que retratan figuras emblem\u00e1ticas como <strong>cuernudos<\/strong>, <strong>comanches<\/strong>, <strong>xhitas<\/strong>, <strong>mecos<\/strong> y <strong>demonios<\/strong>, as\u00ed como escenas de <strong>devoci\u00f3n, fiesta y resistencia cultural<\/strong>.<\/p>\n\n\n\n<figure class=\"wp-block-gallery has-nested-images columns-default is-cropped wp-block-gallery-1 is-layout-flex wp-block-gallery-is-layout-flex\">\n<figure class=\"wp-block-image size-large\"><img loading=\"lazy\" decoding=\"async\" width=\"1024\" height=\"683\" data-id=\"7437\" src=\"https:\/\/www.alasmedios.com\/wp-content\/uploads\/2026\/01\/Carnavales-toman-el-Tuzobus-3-1024x683.jpg\" alt=\"\" class=\"wp-image-7437\" srcset=\"https:\/\/www.alasmedios.com\/wp-content\/uploads\/2026\/01\/Carnavales-toman-el-Tuzobus-3-1024x683.jpg 1024w, https:\/\/www.alasmedios.com\/wp-content\/uploads\/2026\/01\/Carnavales-toman-el-Tuzobus-3-300x200.jpg 300w, https:\/\/www.alasmedios.com\/wp-content\/uploads\/2026\/01\/Carnavales-toman-el-Tuzobus-3-768x512.jpg 768w, https:\/\/www.alasmedios.com\/wp-content\/uploads\/2026\/01\/Carnavales-toman-el-Tuzobus-3.jpg 1435w\" sizes=\"auto, (max-width: 1024px) 100vw, 1024px\" \/><\/figure>\n\n\n\n<figure class=\"wp-block-image size-large\"><img loading=\"lazy\" decoding=\"async\" width=\"1024\" height=\"683\" data-id=\"7438\" src=\"https:\/\/www.alasmedios.com\/wp-content\/uploads\/2026\/01\/Carnavales-toman-el-Tuzobus-1024x683.jpg\" alt=\"\" class=\"wp-image-7438\" srcset=\"https:\/\/www.alasmedios.com\/wp-content\/uploads\/2026\/01\/Carnavales-toman-el-Tuzobus-1024x683.jpg 1024w, https:\/\/www.alasmedios.com\/wp-content\/uploads\/2026\/01\/Carnavales-toman-el-Tuzobus-300x200.jpg 300w, https:\/\/www.alasmedios.com\/wp-content\/uploads\/2026\/01\/Carnavales-toman-el-Tuzobus-768x512.jpg 768w, https:\/\/www.alasmedios.com\/wp-content\/uploads\/2026\/01\/Carnavales-toman-el-Tuzobus.jpg 1146w\" sizes=\"auto, (max-width: 1024px) 100vw, 1024px\" \/><\/figure>\n\n\n\n<figure class=\"wp-block-image size-large\"><img loading=\"lazy\" decoding=\"async\" width=\"1024\" height=\"683\" data-id=\"7439\" src=\"https:\/\/www.alasmedios.com\/wp-content\/uploads\/2026\/01\/Carnavales-toman-el-Tuzobus-1-1024x683.jpg\" alt=\"\" class=\"wp-image-7439\" srcset=\"https:\/\/www.alasmedios.com\/wp-content\/uploads\/2026\/01\/Carnavales-toman-el-Tuzobus-1-1024x683.jpg 1024w, https:\/\/www.alasmedios.com\/wp-content\/uploads\/2026\/01\/Carnavales-toman-el-Tuzobus-1-300x200.jpg 300w, https:\/\/www.alasmedios.com\/wp-content\/uploads\/2026\/01\/Carnavales-toman-el-Tuzobus-1-768x512.jpg 768w, https:\/\/www.alasmedios.com\/wp-content\/uploads\/2026\/01\/Carnavales-toman-el-Tuzobus-1-1536x1024.jpg 1536w, https:\/\/www.alasmedios.com\/wp-content\/uploads\/2026\/01\/Carnavales-toman-el-Tuzobus-1.jpg 1620w\" sizes=\"auto, (max-width: 1024px) 100vw, 1024px\" \/><\/figure>\n<\/figure>\n\n\n\n<p>La muestra tambi\u00e9n reconoce el talento con premios destacados: el <strong>primer lugar<\/strong> fue otorgado a <strong>Juan Antonio Gama Maldonado<\/strong> por <em>\u201cCuernudo del Barrio Tlala\u201d<\/em>; el <strong>segundo lugar<\/strong> a <strong>Fernando Funes P\u00e9rez<\/strong> con <em>\u201cEnsombrerados\u201d<\/em>; y el <strong>tercer lugar<\/strong> a <strong>Reyes Flores Quintero<\/strong> por <em>\u201cMeco\u201d<\/em>.<\/p>\n\n\n\n<p><strong>\u201cCapturando Hidalgo: Carnavales\u201d<\/strong> es impulsada por el <strong>Consejo Estatal para la Cultura y las Artes de Hidalgo (CECULTAH)<\/strong>, en coordinaci\u00f3n con la <strong>Secretar\u00eda de Cultura<\/strong>, la <strong>Secretar\u00eda de Movilidad y Transporte<\/strong> y el sistema <strong>Tuzob\u00fas<\/strong>, consolidando una apuesta por <strong>acercar el arte al espacio p\u00fablico<\/strong> y resignificar el trayecto diario como un <strong>encuentro con la memoria y el folclore del estado<\/strong>.<\/p>\n\n\n<ul class=\"wp-block-latest-posts__list is-grid columns-3 wp-block-latest-posts\"><li><div class=\"wp-block-latest-posts__featured-image\"><img loading=\"lazy\" decoding=\"async\" width=\"150\" height=\"150\" src=\"https:\/\/www.alasmedios.com\/wp-content\/uploads\/2026\/05\/AMPEP-inteligencia-artificial-150x150.jpg\" class=\"attachment-thumbnail size-thumbnail wp-post-image\" alt=\"\" style=\"\" \/><\/div><a class=\"wp-block-latest-posts__post-title\" href=\"https:\/\/www.alasmedios.com\/index.php\/2026\/05\/01\/periodismo-frente-a-la-ia-ampep-asume-liderazgo-y-apuesta-por-contar-historias-con-alma\/\">Periodismo frente a la IA: AMPEP asume liderazgo y apuesta por contar historias con \u201calma\u201d<\/a><\/li>\n<li><div class=\"wp-block-latest-posts__featured-image\"><img loading=\"lazy\" decoding=\"async\" width=\"150\" height=\"150\" src=\"https:\/\/www.alasmedios.com\/wp-content\/uploads\/2026\/05\/Hidalgo-viene-un-respiro-con-el-frente-frio-48-150x150.png\" class=\"attachment-thumbnail size-thumbnail wp-post-image\" alt=\"\" style=\"\" \/><\/div><a class=\"wp-block-latest-posts__post-title\" href=\"https:\/\/www.alasmedios.com\/index.php\/2026\/05\/01\/frente-frio-48-un-alivio-asi-impactara-en-hidalgo\/\">Frente fr\u00edo 48, un alivio: as\u00ed impactar\u00e1 en Hidalgo<\/a><\/li>\n<li><div class=\"wp-block-latest-posts__featured-image\"><img loading=\"lazy\" decoding=\"async\" width=\"150\" height=\"150\" src=\"https:\/\/www.alasmedios.com\/wp-content\/uploads\/2026\/05\/mujeres-depresion-posparto-150x150.png\" class=\"attachment-thumbnail size-thumbnail wp-post-image\" alt=\"\" style=\"\" \/><\/div><a class=\"wp-block-latest-posts__post-title\" href=\"https:\/\/www.alasmedios.com\/index.php\/2026\/05\/01\/1-de-cada-15-mujeres-sufre-depresion-posparto\/\">1 de cada 15 mujeres sufre depresi\u00f3n posparto<\/a><\/li>\n<\/ul>","protected":false},"excerpt":{"rendered":"<p>Las estaciones del Tuzob\u00fas se transformaron en un recorrido cultural con la exposici\u00f3n colectiva \u201cCapturando Hidalgo: Carnavales\u201d, una muestra que<\/p>\n","protected":false},"author":4,"featured_media":7435,"comment_status":"open","ping_status":"open","sticky":false,"template":"","format":"standard","meta":{"colormag_page_container_layout":"default_layout","colormag_page_sidebar_layout":"default_layout","rop_custom_images_group":[],"rop_custom_messages_group":[],"rop_publish_now":"initial","rop_publish_now_accounts":[],"rop_publish_now_history":[],"rop_publish_now_status":"pending","iawp_total_views":1,"footnotes":""},"categories":[41],"tags":[52,75,3245,99,599],"class_list":["post-7434","post","type-post","status-publish","format-standard","has-post-thumbnail","hentry","category-hidalgo","tag-arte","tag-cultura","tag-galeria","tag-hidalgo","tag-tuzobus"],"magazineBlocksPostFeaturedMedia":{"thumbnail":"https:\/\/www.alasmedios.com\/wp-content\/uploads\/2026\/01\/Carnavales-toman-el-Tuzobus-2-150x150.jpg","medium":"https:\/\/www.alasmedios.com\/wp-content\/uploads\/2026\/01\/Carnavales-toman-el-Tuzobus-2-300x200.jpg","medium_large":"https:\/\/www.alasmedios.com\/wp-content\/uploads\/2026\/01\/Carnavales-toman-el-Tuzobus-2-768x512.jpg","large":"https:\/\/www.alasmedios.com\/wp-content\/uploads\/2026\/01\/Carnavales-toman-el-Tuzobus-2-1024x683.jpg","1536x1536":"https:\/\/www.alasmedios.com\/wp-content\/uploads\/2026\/01\/Carnavales-toman-el-Tuzobus-2-1536x1024.jpg","2048x2048":"https:\/\/www.alasmedios.com\/wp-content\/uploads\/2026\/01\/Carnavales-toman-el-Tuzobus-2.jpg","colormag-highlighted-post":"https:\/\/www.alasmedios.com\/wp-content\/uploads\/2026\/01\/Carnavales-toman-el-Tuzobus-2-392x272.jpg","colormag-featured-post-medium":"https:\/\/www.alasmedios.com\/wp-content\/uploads\/2026\/01\/Carnavales-toman-el-Tuzobus-2-390x205.jpg","colormag-featured-post-small":"https:\/\/www.alasmedios.com\/wp-content\/uploads\/2026\/01\/Carnavales-toman-el-Tuzobus-2-130x90.jpg","colormag-featured-image":"https:\/\/www.alasmedios.com\/wp-content\/uploads\/2026\/01\/Carnavales-toman-el-Tuzobus-2-800x445.jpg","colormag-default-news":"https:\/\/www.alasmedios.com\/wp-content\/uploads\/2026\/01\/Carnavales-toman-el-Tuzobus-2-150x150.jpg","colormag-featured-image-large":"https:\/\/www.alasmedios.com\/wp-content\/uploads\/2026\/01\/Carnavales-toman-el-Tuzobus-2-1400x600.jpg"},"magazineBlocksPostAuthor":{"name":"Keila Rodr\u00edguez Pe\u00f1a","avatar":"https:\/\/secure.gravatar.com\/avatar\/a2553a2bfaa601b9d539b617c8793e151bdffb60f9e48a249912f86d4c9ebeef?s=96&d=mm&r=g"},"magazineBlocksPostCommentsNumber":"0","magazineBlocksPostExcerpt":"Las estaciones del Tuzob\u00fas se transformaron en un recorrido cultural con la exposici\u00f3n colectiva \u201cCapturando Hidalgo: Carnavales\u201d, una muestra que","magazineBlocksPostCategories":["Hidalgo"],"magazineBlocksPostViewCount":79,"magazineBlocksPostReadTime":2,"magazine_blocks_featured_image_url":{"full":["https:\/\/www.alasmedios.com\/wp-content\/uploads\/2026\/01\/Carnavales-toman-el-Tuzobus-2.jpg",1620,1080,false],"medium":["https:\/\/www.alasmedios.com\/wp-content\/uploads\/2026\/01\/Carnavales-toman-el-Tuzobus-2-300x200.jpg",300,200,true],"thumbnail":["https:\/\/www.alasmedios.com\/wp-content\/uploads\/2026\/01\/Carnavales-toman-el-Tuzobus-2-150x150.jpg",150,150,true]},"magazine_blocks_author":{"display_name":"Keila Rodr\u00edguez Pe\u00f1a","author_link":"https:\/\/www.alasmedios.com\/index.php\/author\/keila\/"},"magazine_blocks_comment":0,"magazine_blocks_author_image":"https:\/\/secure.gravatar.com\/avatar\/a2553a2bfaa601b9d539b617c8793e151bdffb60f9e48a249912f86d4c9ebeef?s=96&d=mm&r=g","magazine_blocks_category":"<a href=\"#\" class=\"category-link category-link-41\">Hidalgo<\/a>","yoast_head":"<!-- This site is optimized with the Yoast SEO plugin v27.5 - https:\/\/yoast.com\/product\/yoast-seo-wordpress\/ -->\r\n<title>Carnavales toman el Tuzob\u00fas: estaciones se convierten en galer\u00eda urbana en Hidalgo - Alas Medios<\/title>\r\n<meta name=\"robots\" content=\"index, follow, max-snippet:-1, max-image-preview:large, max-video-preview:-1\" \/>\r\n<link rel=\"canonical\" href=\"https:\/\/www.alasmedios.com\/index.php\/2026\/01\/13\/carnavales-toman-el-tuzobus-estaciones-se-convierten-en-galeria-urbana-en-hidalgo\/\" \/>\r\n<meta property=\"og:locale\" content=\"es_MX\" \/>\r\n<meta property=\"og:type\" content=\"article\" \/>\r\n<meta property=\"og:title\" content=\"Carnavales toman el Tuzob\u00fas: estaciones se convierten en galer\u00eda urbana en Hidalgo - Alas Medios\" \/>\r\n<meta property=\"og:description\" content=\"Las estaciones del Tuzob\u00fas se transformaron en un recorrido cultural con la exposici\u00f3n colectiva \u201cCapturando Hidalgo: Carnavales\u201d, una muestra que\" \/>\r\n<meta property=\"og:url\" content=\"https:\/\/www.alasmedios.com\/index.php\/2026\/01\/13\/carnavales-toman-el-tuzobus-estaciones-se-convierten-en-galeria-urbana-en-hidalgo\/\" \/>\r\n<meta property=\"og:site_name\" content=\"Alas Medios\" \/>\r\n<meta property=\"article:published_time\" content=\"2026-01-13T19:46:49+00:00\" \/>\r\n<meta property=\"og:image\" content=\"https:\/\/www.alasmedios.com\/wp-content\/uploads\/2026\/01\/Carnavales-toman-el-Tuzobus-2.jpg\" \/>\r\n\t<meta property=\"og:image:width\" content=\"1620\" \/>\r\n\t<meta property=\"og:image:height\" content=\"1080\" \/>\r\n\t<meta property=\"og:image:type\" content=\"image\/jpeg\" \/>\r\n<meta name=\"author\" content=\"Keila Rodr\u00edguez Pe\u00f1a\" \/>\r\n<meta name=\"twitter:card\" content=\"summary_large_image\" \/>\r\n<meta name=\"twitter:label1\" content=\"Escrito por\" \/>\n\t<meta name=\"twitter:data1\" content=\"Keila Rodr\u00edguez Pe\u00f1a\" \/>\n\t<meta name=\"twitter:label2\" content=\"Tiempo de lectura\" \/>\n\t<meta name=\"twitter:data2\" content=\"2 minutos\" \/>\r\n<script type=\"application\/ld+json\" class=\"yoast-schema-graph\">{\"@context\":\"https:\\\/\\\/schema.org\",\"@graph\":[{\"@type\":\"Article\",\"@id\":\"https:\\\/\\\/www.alasmedios.com\\\/index.php\\\/2026\\\/01\\\/13\\\/carnavales-toman-el-tuzobus-estaciones-se-convierten-en-galeria-urbana-en-hidalgo\\\/#article\",\"isPartOf\":{\"@id\":\"https:\\\/\\\/www.alasmedios.com\\\/index.php\\\/2026\\\/01\\\/13\\\/carnavales-toman-el-tuzobus-estaciones-se-convierten-en-galeria-urbana-en-hidalgo\\\/\"},\"author\":{\"name\":\"Keila Rodr\u00edguez Pe\u00f1a\",\"@id\":\"https:\\\/\\\/www.alasmedios.com\\\/#\\\/schema\\\/person\\\/0ba31bdd19a05ebf5c7fef1fedf99c34\"},\"headline\":\"Carnavales toman el Tuzob\u00fas: estaciones se convierten en galer\u00eda urbana en Hidalgo\",\"datePublished\":\"2026-01-13T19:46:49+00:00\",\"mainEntityOfPage\":{\"@id\":\"https:\\\/\\\/www.alasmedios.com\\\/index.php\\\/2026\\\/01\\\/13\\\/carnavales-toman-el-tuzobus-estaciones-se-convierten-en-galeria-urbana-en-hidalgo\\\/\"},\"wordCount\":367,\"commentCount\":0,\"publisher\":{\"@id\":\"https:\\\/\\\/www.alasmedios.com\\\/#organization\"},\"image\":{\"@id\":\"https:\\\/\\\/www.alasmedios.com\\\/index.php\\\/2026\\\/01\\\/13\\\/carnavales-toman-el-tuzobus-estaciones-se-convierten-en-galeria-urbana-en-hidalgo\\\/#primaryimage\"},\"thumbnailUrl\":\"https:\\\/\\\/www.alasmedios.com\\\/wp-content\\\/uploads\\\/2026\\\/01\\\/Carnavales-toman-el-Tuzobus-2.jpg\",\"keywords\":[\"Arte\",\"Cultura\",\"galer\u00eda\",\"Hidalgo\",\"Tuzob\u00fas\"],\"articleSection\":[\"Hidalgo\"],\"inLanguage\":\"es\",\"potentialAction\":[{\"@type\":\"CommentAction\",\"name\":\"Comment\",\"target\":[\"https:\\\/\\\/www.alasmedios.com\\\/index.php\\\/2026\\\/01\\\/13\\\/carnavales-toman-el-tuzobus-estaciones-se-convierten-en-galeria-urbana-en-hidalgo\\\/#respond\"]}]},{\"@type\":\"WebPage\",\"@id\":\"https:\\\/\\\/www.alasmedios.com\\\/index.php\\\/2026\\\/01\\\/13\\\/carnavales-toman-el-tuzobus-estaciones-se-convierten-en-galeria-urbana-en-hidalgo\\\/\",\"url\":\"https:\\\/\\\/www.alasmedios.com\\\/index.php\\\/2026\\\/01\\\/13\\\/carnavales-toman-el-tuzobus-estaciones-se-convierten-en-galeria-urbana-en-hidalgo\\\/\",\"name\":\"Carnavales toman el Tuzob\u00fas: estaciones se convierten en galer\u00eda urbana en Hidalgo - Alas Medios\",\"isPartOf\":{\"@id\":\"https:\\\/\\\/www.alasmedios.com\\\/#website\"},\"primaryImageOfPage\":{\"@id\":\"https:\\\/\\\/www.alasmedios.com\\\/index.php\\\/2026\\\/01\\\/13\\\/carnavales-toman-el-tuzobus-estaciones-se-convierten-en-galeria-urbana-en-hidalgo\\\/#primaryimage\"},\"image\":{\"@id\":\"https:\\\/\\\/www.alasmedios.com\\\/index.php\\\/2026\\\/01\\\/13\\\/carnavales-toman-el-tuzobus-estaciones-se-convierten-en-galeria-urbana-en-hidalgo\\\/#primaryimage\"},\"thumbnailUrl\":\"https:\\\/\\\/www.alasmedios.com\\\/wp-content\\\/uploads\\\/2026\\\/01\\\/Carnavales-toman-el-Tuzobus-2.jpg\",\"datePublished\":\"2026-01-13T19:46:49+00:00\",\"breadcrumb\":{\"@id\":\"https:\\\/\\\/www.alasmedios.com\\\/index.php\\\/2026\\\/01\\\/13\\\/carnavales-toman-el-tuzobus-estaciones-se-convierten-en-galeria-urbana-en-hidalgo\\\/#breadcrumb\"},\"inLanguage\":\"es\",\"potentialAction\":[{\"@type\":\"ReadAction\",\"target\":[\"https:\\\/\\\/www.alasmedios.com\\\/index.php\\\/2026\\\/01\\\/13\\\/carnavales-toman-el-tuzobus-estaciones-se-convierten-en-galeria-urbana-en-hidalgo\\\/\"]}]},{\"@type\":\"ImageObject\",\"inLanguage\":\"es\",\"@id\":\"https:\\\/\\\/www.alasmedios.com\\\/index.php\\\/2026\\\/01\\\/13\\\/carnavales-toman-el-tuzobus-estaciones-se-convierten-en-galeria-urbana-en-hidalgo\\\/#primaryimage\",\"url\":\"https:\\\/\\\/www.alasmedios.com\\\/wp-content\\\/uploads\\\/2026\\\/01\\\/Carnavales-toman-el-Tuzobus-2.jpg\",\"contentUrl\":\"https:\\\/\\\/www.alasmedios.com\\\/wp-content\\\/uploads\\\/2026\\\/01\\\/Carnavales-toman-el-Tuzobus-2.jpg\",\"width\":1620,\"height\":1080},{\"@type\":\"BreadcrumbList\",\"@id\":\"https:\\\/\\\/www.alasmedios.com\\\/index.php\\\/2026\\\/01\\\/13\\\/carnavales-toman-el-tuzobus-estaciones-se-convierten-en-galeria-urbana-en-hidalgo\\\/#breadcrumb\",\"itemListElement\":[{\"@type\":\"ListItem\",\"position\":1,\"name\":\"Inicio\",\"item\":\"https:\\\/\\\/www.alasmedios.com\\\/\"},{\"@type\":\"ListItem\",\"position\":2,\"name\":\"Carnavales toman el Tuzob\u00fas: estaciones se convierten en galer\u00eda urbana en Hidalgo\"}]},{\"@type\":\"WebSite\",\"@id\":\"https:\\\/\\\/www.alasmedios.com\\\/#website\",\"url\":\"https:\\\/\\\/www.alasmedios.com\\\/\",\"name\":\"Alas Medios\",\"description\":\"Alas para pensar, Alas para volar, Alas de libertad\",\"publisher\":{\"@id\":\"https:\\\/\\\/www.alasmedios.com\\\/#organization\"},\"potentialAction\":[{\"@type\":\"SearchAction\",\"target\":{\"@type\":\"EntryPoint\",\"urlTemplate\":\"https:\\\/\\\/www.alasmedios.com\\\/?s={search_term_string}\"},\"query-input\":{\"@type\":\"PropertyValueSpecification\",\"valueRequired\":true,\"valueName\":\"search_term_string\"}}],\"inLanguage\":\"es\"},{\"@type\":\"Organization\",\"@id\":\"https:\\\/\\\/www.alasmedios.com\\\/#organization\",\"name\":\"Alas Medios\",\"url\":\"https:\\\/\\\/www.alasmedios.com\\\/\",\"logo\":{\"@type\":\"ImageObject\",\"inLanguage\":\"es\",\"@id\":\"https:\\\/\\\/www.alasmedios.com\\\/#\\\/schema\\\/logo\\\/image\\\/\",\"url\":\"https:\\\/\\\/www.alasmedios.com\\\/wp-content\\\/uploads\\\/2026\\\/01\\\/cropped-cropped-GAM-1.png\",\"contentUrl\":\"https:\\\/\\\/www.alasmedios.com\\\/wp-content\\\/uploads\\\/2026\\\/01\\\/cropped-cropped-GAM-1.png\",\"width\":467,\"height\":235,\"caption\":\"Alas Medios\"},\"image\":{\"@id\":\"https:\\\/\\\/www.alasmedios.com\\\/#\\\/schema\\\/logo\\\/image\\\/\"}},{\"@type\":\"Person\",\"@id\":\"https:\\\/\\\/www.alasmedios.com\\\/#\\\/schema\\\/person\\\/0ba31bdd19a05ebf5c7fef1fedf99c34\",\"name\":\"Keila Rodr\u00edguez Pe\u00f1a\",\"image\":{\"@type\":\"ImageObject\",\"inLanguage\":\"es\",\"@id\":\"https:\\\/\\\/secure.gravatar.com\\\/avatar\\\/a2553a2bfaa601b9d539b617c8793e151bdffb60f9e48a249912f86d4c9ebeef?s=96&d=mm&r=g\",\"url\":\"https:\\\/\\\/secure.gravatar.com\\\/avatar\\\/a2553a2bfaa601b9d539b617c8793e151bdffb60f9e48a249912f86d4c9ebeef?s=96&d=mm&r=g\",\"contentUrl\":\"https:\\\/\\\/secure.gravatar.com\\\/avatar\\\/a2553a2bfaa601b9d539b617c8793e151bdffb60f9e48a249912f86d4c9ebeef?s=96&d=mm&r=g\",\"caption\":\"Keila Rodr\u00edguez Pe\u00f1a\"},\"sameAs\":[\"http:\\\/\\\/www.alasmedios.com\"],\"url\":\"https:\\\/\\\/www.alasmedios.com\\\/index.php\\\/author\\\/keila\\\/\"}]}<\/script>\r\n<!-- \/ Yoast SEO plugin. -->","yoast_head_json":{"title":"Carnavales toman el Tuzob\u00fas: estaciones se convierten en galer\u00eda urbana en Hidalgo - Alas Medios","robots":{"index":"index","follow":"follow","max-snippet":"max-snippet:-1","max-image-preview":"max-image-preview:large","max-video-preview":"max-video-preview:-1"},"canonical":"https:\/\/www.alasmedios.com\/index.php\/2026\/01\/13\/carnavales-toman-el-tuzobus-estaciones-se-convierten-en-galeria-urbana-en-hidalgo\/","og_locale":"es_MX","og_type":"article","og_title":"Carnavales toman el Tuzob\u00fas: estaciones se convierten en galer\u00eda urbana en Hidalgo - Alas Medios","og_description":"Las estaciones del Tuzob\u00fas se transformaron en un recorrido cultural con la exposici\u00f3n colectiva \u201cCapturando Hidalgo: Carnavales\u201d, una muestra que","og_url":"https:\/\/www.alasmedios.com\/index.php\/2026\/01\/13\/carnavales-toman-el-tuzobus-estaciones-se-convierten-en-galeria-urbana-en-hidalgo\/","og_site_name":"Alas Medios","article_published_time":"2026-01-13T19:46:49+00:00","og_image":[{"width":1620,"height":1080,"url":"https:\/\/www.alasmedios.com\/wp-content\/uploads\/2026\/01\/Carnavales-toman-el-Tuzobus-2.jpg","type":"image\/jpeg"}],"author":"Keila Rodr\u00edguez Pe\u00f1a","twitter_card":"summary_large_image","twitter_misc":{"Escrito por":"Keila Rodr\u00edguez Pe\u00f1a","Tiempo de lectura":"2 minutos"},"schema":{"@context":"https:\/\/schema.org","@graph":[{"@type":"Article","@id":"https:\/\/www.alasmedios.com\/index.php\/2026\/01\/13\/carnavales-toman-el-tuzobus-estaciones-se-convierten-en-galeria-urbana-en-hidalgo\/#article","isPartOf":{"@id":"https:\/\/www.alasmedios.com\/index.php\/2026\/01\/13\/carnavales-toman-el-tuzobus-estaciones-se-convierten-en-galeria-urbana-en-hidalgo\/"},"author":{"name":"Keila Rodr\u00edguez Pe\u00f1a","@id":"https:\/\/www.alasmedios.com\/#\/schema\/person\/0ba31bdd19a05ebf5c7fef1fedf99c34"},"headline":"Carnavales toman el Tuzob\u00fas: estaciones se convierten en galer\u00eda urbana en Hidalgo","datePublished":"2026-01-13T19:46:49+00:00","mainEntityOfPage":{"@id":"https:\/\/www.alasmedios.com\/index.php\/2026\/01\/13\/carnavales-toman-el-tuzobus-estaciones-se-convierten-en-galeria-urbana-en-hidalgo\/"},"wordCount":367,"commentCount":0,"publisher":{"@id":"https:\/\/www.alasmedios.com\/#organization"},"image":{"@id":"https:\/\/www.alasmedios.com\/index.php\/2026\/01\/13\/carnavales-toman-el-tuzobus-estaciones-se-convierten-en-galeria-urbana-en-hidalgo\/#primaryimage"},"thumbnailUrl":"https:\/\/www.alasmedios.com\/wp-content\/uploads\/2026\/01\/Carnavales-toman-el-Tuzobus-2.jpg","keywords":["Arte","Cultura","galer\u00eda","Hidalgo","Tuzob\u00fas"],"articleSection":["Hidalgo"],"inLanguage":"es","potentialAction":[{"@type":"CommentAction","name":"Comment","target":["https:\/\/www.alasmedios.com\/index.php\/2026\/01\/13\/carnavales-toman-el-tuzobus-estaciones-se-convierten-en-galeria-urbana-en-hidalgo\/#respond"]}]},{"@type":"WebPage","@id":"https:\/\/www.alasmedios.com\/index.php\/2026\/01\/13\/carnavales-toman-el-tuzobus-estaciones-se-convierten-en-galeria-urbana-en-hidalgo\/","url":"https:\/\/www.alasmedios.com\/index.php\/2026\/01\/13\/carnavales-toman-el-tuzobus-estaciones-se-convierten-en-galeria-urbana-en-hidalgo\/","name":"Carnavales toman el Tuzob\u00fas: estaciones se convierten en galer\u00eda urbana en Hidalgo - Alas Medios","isPartOf":{"@id":"https:\/\/www.alasmedios.com\/#website"},"primaryImageOfPage":{"@id":"https:\/\/www.alasmedios.com\/index.php\/2026\/01\/13\/carnavales-toman-el-tuzobus-estaciones-se-convierten-en-galeria-urbana-en-hidalgo\/#primaryimage"},"image":{"@id":"https:\/\/www.alasmedios.com\/index.php\/2026\/01\/13\/carnavales-toman-el-tuzobus-estaciones-se-convierten-en-galeria-urbana-en-hidalgo\/#primaryimage"},"thumbnailUrl":"https:\/\/www.alasmedios.com\/wp-content\/uploads\/2026\/01\/Carnavales-toman-el-Tuzobus-2.jpg","datePublished":"2026-01-13T19:46:49+00:00","breadcrumb":{"@id":"https:\/\/www.alasmedios.com\/index.php\/2026\/01\/13\/carnavales-toman-el-tuzobus-estaciones-se-convierten-en-galeria-urbana-en-hidalgo\/#breadcrumb"},"inLanguage":"es","potentialAction":[{"@type":"ReadAction","target":["https:\/\/www.alasmedios.com\/index.php\/2026\/01\/13\/carnavales-toman-el-tuzobus-estaciones-se-convierten-en-galeria-urbana-en-hidalgo\/"]}]},{"@type":"ImageObject","inLanguage":"es","@id":"https:\/\/www.alasmedios.com\/index.php\/2026\/01\/13\/carnavales-toman-el-tuzobus-estaciones-se-convierten-en-galeria-urbana-en-hidalgo\/#primaryimage","url":"https:\/\/www.alasmedios.com\/wp-content\/uploads\/2026\/01\/Carnavales-toman-el-Tuzobus-2.jpg","contentUrl":"https:\/\/www.alasmedios.com\/wp-content\/uploads\/2026\/01\/Carnavales-toman-el-Tuzobus-2.jpg","width":1620,"height":1080},{"@type":"BreadcrumbList","@id":"https:\/\/www.alasmedios.com\/index.php\/2026\/01\/13\/carnavales-toman-el-tuzobus-estaciones-se-convierten-en-galeria-urbana-en-hidalgo\/#breadcrumb","itemListElement":[{"@type":"ListItem","position":1,"name":"Inicio","item":"https:\/\/www.alasmedios.com\/"},{"@type":"ListItem","position":2,"name":"Carnavales toman el Tuzob\u00fas: estaciones se convierten en galer\u00eda urbana en Hidalgo"}]},{"@type":"WebSite","@id":"https:\/\/www.alasmedios.com\/#website","url":"https:\/\/www.alasmedios.com\/","name":"Alas Medios","description":"Alas para pensar, Alas para volar, Alas de libertad","publisher":{"@id":"https:\/\/www.alasmedios.com\/#organization"},"potentialAction":[{"@type":"SearchAction","target":{"@type":"EntryPoint","urlTemplate":"https:\/\/www.alasmedios.com\/?s={search_term_string}"},"query-input":{"@type":"PropertyValueSpecification","valueRequired":true,"valueName":"search_term_string"}}],"inLanguage":"es"},{"@type":"Organization","@id":"https:\/\/www.alasmedios.com\/#organization","name":"Alas Medios","url":"https:\/\/www.alasmedios.com\/","logo":{"@type":"ImageObject","inLanguage":"es","@id":"https:\/\/www.alasmedios.com\/#\/schema\/logo\/image\/","url":"https:\/\/www.alasmedios.com\/wp-content\/uploads\/2026\/01\/cropped-cropped-GAM-1.png","contentUrl":"https:\/\/www.alasmedios.com\/wp-content\/uploads\/2026\/01\/cropped-cropped-GAM-1.png","width":467,"height":235,"caption":"Alas Medios"},"image":{"@id":"https:\/\/www.alasmedios.com\/#\/schema\/logo\/image\/"}},{"@type":"Person","@id":"https:\/\/www.alasmedios.com\/#\/schema\/person\/0ba31bdd19a05ebf5c7fef1fedf99c34","name":"Keila Rodr\u00edguez Pe\u00f1a","image":{"@type":"ImageObject","inLanguage":"es","@id":"https:\/\/secure.gravatar.com\/avatar\/a2553a2bfaa601b9d539b617c8793e151bdffb60f9e48a249912f86d4c9ebeef?s=96&d=mm&r=g","url":"https:\/\/secure.gravatar.com\/avatar\/a2553a2bfaa601b9d539b617c8793e151bdffb60f9e48a249912f86d4c9ebeef?s=96&d=mm&r=g","contentUrl":"https:\/\/secure.gravatar.com\/avatar\/a2553a2bfaa601b9d539b617c8793e151bdffb60f9e48a249912f86d4c9ebeef?s=96&d=mm&r=g","caption":"Keila Rodr\u00edguez Pe\u00f1a"},"sameAs":["http:\/\/www.alasmedios.com"],"url":"https:\/\/www.alasmedios.com\/index.php\/author\/keila\/"}]}},"_links":{"self":[{"href":"https:\/\/www.alasmedios.com\/index.php\/wp-json\/wp\/v2\/posts\/7434","targetHints":{"allow":["GET"]}}],"collection":[{"href":"https:\/\/www.alasmedios.com\/index.php\/wp-json\/wp\/v2\/posts"}],"about":[{"href":"https:\/\/www.alasmedios.com\/index.php\/wp-json\/wp\/v2\/types\/post"}],"author":[{"embeddable":true,"href":"https:\/\/www.alasmedios.com\/index.php\/wp-json\/wp\/v2\/users\/4"}],"replies":[{"embeddable":true,"href":"https:\/\/www.alasmedios.com\/index.php\/wp-json\/wp\/v2\/comments?post=7434"}],"version-history":[{"count":1,"href":"https:\/\/www.alasmedios.com\/index.php\/wp-json\/wp\/v2\/posts\/7434\/revisions"}],"predecessor-version":[{"id":7440,"href":"https:\/\/www.alasmedios.com\/index.php\/wp-json\/wp\/v2\/posts\/7434\/revisions\/7440"}],"wp:featuredmedia":[{"embeddable":true,"href":"https:\/\/www.alasmedios.com\/index.php\/wp-json\/wp\/v2\/media\/7435"}],"wp:attachment":[{"href":"https:\/\/www.alasmedios.com\/index.php\/wp-json\/wp\/v2\/media?parent=7434"}],"wp:term":[{"taxonomy":"category","embeddable":true,"href":"https:\/\/www.alasmedios.com\/index.php\/wp-json\/wp\/v2\/categories?post=7434"},{"taxonomy":"post_tag","embeddable":true,"href":"https:\/\/www.alasmedios.com\/index.php\/wp-json\/wp\/v2\/tags?post=7434"}],"curies":[{"name":"wp","href":"https:\/\/api.w.org\/{rel}","templated":true}]}}