{"id":7420,"date":"2026-01-10T14:33:00","date_gmt":"2026-01-10T20:33:00","guid":{"rendered":"https:\/\/www.alasmedios.com\/?p=7420"},"modified":"2026-01-09T16:42:41","modified_gmt":"2026-01-09T22:42:41","slug":"atletas-mexicanos-que-prometen-sacudir-podios-y-escenarios-mundiales-este-2026","status":"publish","type":"post","link":"https:\/\/www.alasmedios.com\/index.php\/2026\/01\/10\/atletas-mexicanos-que-prometen-sacudir-podios-y-escenarios-mundiales-este-2026\/","title":{"rendered":"Atletas mexicanos que prometen sacudir podios y escenarios mundiales este 2026"},"content":{"rendered":"\n<p>El <strong>2026<\/strong> se perfila como una temporada de alto voltaje para el <strong>deporte mexicano<\/strong>, con figuras consolidadas y nuevas promesas listas para competir en <strong>Juegos Ol\u00edmpicos<\/strong>, <strong>mundiales<\/strong> y las citas m\u00e1s exigentes del calendario internacional. El reloj ya corre y los nombres a seguir empiezan a marcar el ritmo.<\/p>\n\n\n\n<h3 class=\"wp-block-heading\">Tres citas ol\u00edmpicas, un mismo objetivo<\/h3>\n\n\n\n<p>M\u00e9xico estar\u00e1 presente en <strong>tres eventos clave del ciclo ol\u00edmpico<\/strong>, donde se medir\u00e1n experiencia, talento joven y ambici\u00f3n.<\/p>\n\n\n\n<p>En los <strong>Juegos Ol\u00edmpicos de Invierno Milano Cortina 2026<\/strong> (6 al 22 de febrero), la bandera tricolor volver\u00e1 a girar sobre el hielo con <strong>Donovan Carrillo<\/strong>, quien disputar\u00e1 sus <strong>segundos Juegos Ol\u00edmpicos<\/strong>, tras su hist\u00f3rico debut en <strong>Beijing 2022<\/strong>. El patinador, <strong>Premio Nacional de Deportes 2025<\/strong>, llega como el mejor exponente de <strong>Am\u00e9rica Latina<\/strong> en su disciplina.<\/p>\n\n\n\n<p>El verano traer\u00e1 los <strong>Juegos Centroamericanos y del Caribe Santo Domingo 2026<\/strong> (24 de julio al 8 de agosto), una edici\u00f3n especial por sus <strong>100 a\u00f1os de historia<\/strong>. <strong>M\u00e9xico<\/strong>, fundador del certamen y \u00fanico pa\u00eds presente en todas las ediciones, apostar\u00e1 fuerte con figuras como <strong>Maya Becerra<\/strong>, <strong>tricampeona mundial<\/strong> y n\u00famero uno del ranking en <strong>tiro con arco<\/strong>; <strong>Mat\u00edas Grande<\/strong>, tercero del mundo; y <strong>Uziel Mu\u00f1oz<\/strong>, <strong>subcampe\u00f3n mundial de impulso de bala<\/strong>.<\/p>\n\n\n\n<p>CONTIN\u00daA LEYENDO: <a href=\"https:\/\/www.alasmedios.com\/index.php\/2026\/01\/08\/charlyn-corral-manda-en-el-gol-reina-del-mundo-por-segundo-ano-consecutivo\/\" data-type=\"post\" data-id=\"7395\">Charlyn Corral manda en el gol: reina del mundo por segundo a\u00f1o consecutivo<\/a><\/p>\n\n\n\n<p>Para algunos ser\u00e1 su debut en esta justa regional, como <strong>Osmar Olvera<\/strong>, campe\u00f3n mundial de <strong>clavados<\/strong>, o <strong>Alegna Gonz\u00e1lez<\/strong>, subcampeona mundial en <strong>marcha<\/strong>. La gran ausencia ser\u00e1 <strong>Isaac del Toro<\/strong>, quien priorizar\u00e1 el <strong>Tour de France<\/strong> con el <strong>UAE Team Emirates XRG<\/strong>, cuyas fechas se cruzan con la competencia caribe\u00f1a.<\/p>\n\n\n\n<p>El tercer escenario ser\u00e1 el de los <strong>Juegos Ol\u00edmpicos de la Juventud Dakar 2026<\/strong> (21 de octubre al 13 de noviembre), donde las nuevas generaciones surgidas de la <strong>Olimpiada Nacional<\/strong>, que celebrar\u00e1 <strong>30 a\u00f1os<\/strong>, buscar\u00e1n hacerse notar bajo los criterios del <strong>Comit\u00e9 Ol\u00edmpico Internacional<\/strong>.<\/p>\n\n\n\n<h3 class=\"wp-block-heading\">Clavados, la f\u00e1brica de medallas<\/h3>\n\n\n\n<p>El deporte que m\u00e1s alegr\u00edas dio en 2025 vuelve a escena. Los <strong>clavados mexicanos<\/strong> llegan embalados tras <strong>siete medallas<\/strong> en el <strong>Mundial de Deportes Acu\u00e1ticos de Singapur<\/strong>, con nombres como <strong>Osmar Olvera<\/strong>, <strong>Juan Manuel Celaya<\/strong>, <strong>Randal Willars<\/strong>, <strong>M\u00eda y L\u00eda Cueva<\/strong>, <strong>Gabriela Ag\u00fandez<\/strong> y <strong>Alejandra Estudillo<\/strong>.<\/p>\n\n\n\n<p>El calendario marca tres paradas de alto calibre:<\/p>\n\n\n\n<ul class=\"wp-block-list\">\n<li><strong>Copa del Mundo<\/strong>, 26 de febrero al 1 de marzo | <strong>Montreal, Canad\u00e1<\/strong><\/li>\n\n\n\n<li><strong>Copa del Mundo<\/strong>, 5 al 8 de marzo | <strong>Guadalajara, M\u00e9xico<\/strong><\/li>\n\n\n\n<li><strong>S\u00faper Final<\/strong>, 1 al 3 de mayo | <strong>Beijing, China<\/strong><\/li>\n<\/ul>\n\n\n\n<p>TE PUEDE INTERESAR: <a href=\"https:\/\/www.alasmedios.com\/index.php\/2026\/01\/06\/2026-pone-a-prueba-al-deporte-mexicano-rumbo-a-los-angeles-2028\/\" data-type=\"post\" data-id=\"7361\">2026, pone a prueba al deporte mexicano rumbo a Los \u00c1ngeles 2028<\/a><\/p>\n\n\n\n<h3 class=\"wp-block-heading\">Cinco nombres que marcar\u00e1n la agenda<\/h3>\n\n\n\n<p>Entre las figuras que apuntan a un 2026 estelar destacan:<\/p>\n\n\n\n<ul class=\"wp-block-list\">\n<li><strong>Uziel Mu\u00f1oz<\/strong>, quien defender\u00e1 su t\u00edtulo centroamericano y competir\u00e1 en el <strong>Campeonato Mundial Indoor de Toru\u0144, Polonia<\/strong> (20 al 22 de marzo).<\/li>\n\n\n\n<li><strong>Alegna Gonz\u00e1lez<\/strong>, llamada a liderar al equipo mexicano en el <strong>Mundial de Marcha por Equipos en Brasilia<\/strong> (12 de abril), junto a talentos emergentes como <strong>Ximena Serrano<\/strong> y <strong>Valeria Flores<\/strong>.<\/li>\n\n\n\n<li><strong>Isaac del Toro<\/strong>, tercero del <strong>ranking mundial de ciclismo de ruta<\/strong>, debutar\u00e1 en el <strong>Tour de France<\/strong>, que arrancar\u00e1 el <strong>4 de julio en Barcelona<\/strong> y concluir\u00e1 el <strong>26 de julio en Par\u00eds<\/strong>, adem\u00e1s de apuntar al <strong>Mundial de Ruta en Montreal<\/strong> (20 al 27 de septiembre).<\/li>\n\n\n\n<li><strong>Yareli Acevedo<\/strong>, campeona mundial en <strong>carrera por puntos<\/strong>, abrir\u00e1 su temporada en el <strong>Campeonato Nacional de Pista en Xalapa<\/strong> (27 al 31 de enero) y buscar\u00e1 clasificar al <strong>Mundial de Pista en Shangh\u00e1i<\/strong>.<\/li>\n\n\n\n<li><strong>Maya Becerra<\/strong>, l\u00edder del <strong>tiro con arco mexicano<\/strong>, iniciar\u00e1 la campa\u00f1a outdoor en la <strong>Copa del Mundo de Puebla<\/strong> (7 al 12 de abril), acompa\u00f1ada por un equipo que mezcla experiencia ol\u00edmpica y potencia juvenil.<\/li>\n<\/ul>\n\n\n\n<h3 class=\"wp-block-heading\">Selecciones nacionales, a escena<\/h3>\n\n\n\n<p>El 2026 tambi\u00e9n ser\u00e1 de juego colectivo. M\u00e9xico competir\u00e1 en el <strong>Cl\u00e1sico Mundial de B\u00e9isbol<\/strong> (5 al 17 de marzo), con la mira puesta en repetir o mejorar el <strong>tercer lugar de 2023<\/strong>. En futbol, el pa\u00eds ser\u00e1 <strong>sede del Mundial de la FIFA<\/strong>, junto a <strong>Estados Unidos y Canad\u00e1<\/strong>, del <strong>11 de junio al 19 de julio<\/strong>.<\/p>\n\n\n\n<p>CONTIN\u00daA LEYENDO: <a href=\"https:\/\/www.alasmedios.com\/index.php\/2025\/12\/29\/katia-itzel-garcia-sexta-mejor-arbitra-del-mundo\/\" data-type=\"post\" data-id=\"7273\">Katia Itzel Garc\u00eda sexta mejor \u00e1rbitra del mundo<\/a><\/p>\n\n\n\n<p>El <strong>Flag Football<\/strong> llevar\u00e1 el peso del prestigio internacional en el <strong>Mundial de D\u00fcsseldorf, Alemania<\/strong> (13 al 16 de agosto), donde M\u00e9xico presume liderato mundial en la <strong>rama femenil<\/strong>. En <strong>baloncesto<\/strong>, la selecci\u00f3n disputar\u00e1 las <strong>ventanas clasificatorias rumbo al Mundial FIBA Qatar 2027<\/strong> a lo largo del a\u00f1o.<\/p>\n\n\n\n<p>El silbatazo inicial ya son\u00f3: <strong>2026<\/strong> promete ser un a\u00f1o de <strong>competencia total<\/strong>, donde cada evento ser\u00e1 una oportunidad para que el <strong>deporte mexicano<\/strong> vuelva a escribir historia.<\/p>\n\n\n<ul class=\"wp-block-latest-posts__list is-grid columns-3 wp-block-latest-posts\"><li><div class=\"wp-block-latest-posts__featured-image\"><img loading=\"lazy\" decoding=\"async\" width=\"150\" height=\"150\" src=\"https:\/\/www.alasmedios.com\/wp-content\/uploads\/2026\/05\/USEP-calidad-hospitalaria-150x150.jpeg\" class=\"attachment-thumbnail size-thumbnail wp-post-image\" alt=\"\" style=\"\" \/><\/div><a class=\"wp-block-latest-posts__post-title\" href=\"https:\/\/www.alasmedios.com\/index.php\/2026\/05\/01\/usep-activa-formacion-para-prevenir-riesgos-en-la-atencion-medica\/\">USEP activa formaci\u00f3n para prevenir riesgos en la atenci\u00f3n m\u00e9dica<\/a><\/li>\n<li><div class=\"wp-block-latest-posts__featured-image\"><img loading=\"lazy\" decoding=\"async\" width=\"150\" height=\"150\" src=\"https:\/\/www.alasmedios.com\/wp-content\/uploads\/2026\/05\/Super-Final-de-la-Copa-del-Mundo-de-Clavados-2026-150x150.jpeg\" class=\"attachment-thumbnail size-thumbnail wp-post-image\" alt=\"\" style=\"\" \/><\/div><a class=\"wp-block-latest-posts__post-title\" href=\"https:\/\/www.alasmedios.com\/index.php\/2026\/05\/01\/mexico-se-lanza-por-la-cima-once-clavadistas-buscan-la-gloria-mundial-en-pekin-2026\/\">M\u00e9xico se lanza por la cima: once clavadistas buscan la gloria mundial en Pek\u00edn 2026<\/a><\/li>\n<li><div class=\"wp-block-latest-posts__featured-image\"><img loading=\"lazy\" decoding=\"async\" width=\"150\" height=\"150\" src=\"https:\/\/www.alasmedios.com\/wp-content\/uploads\/2026\/04\/Puebla-el-Congreso-aprobo-el-Protocolo-Homologado-de-Investigacion-de-Delitos-contra-Personas-LGBTTTI-150x150.png\" class=\"attachment-thumbnail size-thumbnail wp-post-image\" alt=\"\" style=\"\" \/><\/div><a class=\"wp-block-latest-posts__post-title\" href=\"https:\/\/www.alasmedios.com\/index.php\/2026\/04\/30\/puebla-impulsa-protocolo-contra-delitos-lgbttti\/\">Puebla impulsa protocolo contra delitos LGBTTTI+<\/a><\/li>\n<\/ul>","protected":false},"excerpt":{"rendered":"<p>El 2026 se perfila como una temporada de alto voltaje para el deporte mexicano, con figuras consolidadas y nuevas promesas<\/p>\n","protected":false},"author":4,"featured_media":7421,"comment_status":"open","ping_status":"open","sticky":false,"template":"","format":"standard","meta":{"colormag_page_container_layout":"default_layout","colormag_page_sidebar_layout":"default_layout","rop_custom_images_group":[],"rop_custom_messages_group":[],"rop_publish_now":"initial","rop_publish_now_accounts":[],"rop_publish_now_history":[],"rop_publish_now_status":"pending","iawp_total_views":0,"footnotes":""},"categories":[3223],"tags":[2686,223,2713,3241,222,3243,1891,166,3242,1524],"class_list":["post-7420","post","type-post","status-publish","format-standard","has-post-thumbnail","hentry","category-deportes","tag-alegna-gonzalez","tag-deportes","tag-donovan-carrillo","tag-isaac-del-toro","tag-juegos-olimpicos","tag-juegos-olimpicos-de-invierno-milano-cortina-2026","tag-maya-becerra","tag-mexico","tag-uziel-munoz","tag-yareli-acevedo"],"magazineBlocksPostFeaturedMedia":{"thumbnail":"https:\/\/www.alasmedios.com\/wp-content\/uploads\/2026\/01\/Atletas-mexicanos-que-prometen-sacudir-podios-y-escenarios-mundiales-este-2026-150x150.png","medium":"https:\/\/www.alasmedios.com\/wp-content\/uploads\/2026\/01\/Atletas-mexicanos-que-prometen-sacudir-podios-y-escenarios-mundiales-este-2026-300x169.png","medium_large":"https:\/\/www.alasmedios.com\/wp-content\/uploads\/2026\/01\/Atletas-mexicanos-que-prometen-sacudir-podios-y-escenarios-mundiales-este-2026-768x433.png","large":"https:\/\/www.alasmedios.com\/wp-content\/uploads\/2026\/01\/Atletas-mexicanos-que-prometen-sacudir-podios-y-escenarios-mundiales-este-2026-1024x577.png","1536x1536":"https:\/\/www.alasmedios.com\/wp-content\/uploads\/2026\/01\/Atletas-mexicanos-que-prometen-sacudir-podios-y-escenarios-mundiales-este-2026-1536x865.png","2048x2048":"https:\/\/www.alasmedios.com\/wp-content\/uploads\/2026\/01\/Atletas-mexicanos-que-prometen-sacudir-podios-y-escenarios-mundiales-este-2026.png","colormag-highlighted-post":"https:\/\/www.alasmedios.com\/wp-content\/uploads\/2026\/01\/Atletas-mexicanos-que-prometen-sacudir-podios-y-escenarios-mundiales-este-2026-392x272.png","colormag-featured-post-medium":"https:\/\/www.alasmedios.com\/wp-content\/uploads\/2026\/01\/Atletas-mexicanos-que-prometen-sacudir-podios-y-escenarios-mundiales-este-2026-390x205.png","colormag-featured-post-small":"https:\/\/www.alasmedios.com\/wp-content\/uploads\/2026\/01\/Atletas-mexicanos-que-prometen-sacudir-podios-y-escenarios-mundiales-este-2026-130x90.png","colormag-featured-image":"https:\/\/www.alasmedios.com\/wp-content\/uploads\/2026\/01\/Atletas-mexicanos-que-prometen-sacudir-podios-y-escenarios-mundiales-este-2026-800x445.png","colormag-default-news":"https:\/\/www.alasmedios.com\/wp-content\/uploads\/2026\/01\/Atletas-mexicanos-que-prometen-sacudir-podios-y-escenarios-mundiales-este-2026-150x150.png","colormag-featured-image-large":"https:\/\/www.alasmedios.com\/wp-content\/uploads\/2026\/01\/Atletas-mexicanos-que-prometen-sacudir-podios-y-escenarios-mundiales-este-2026-1400x600.png"},"magazineBlocksPostAuthor":{"name":"Keila Rodr\u00edguez Pe\u00f1a","avatar":"https:\/\/secure.gravatar.com\/avatar\/a2553a2bfaa601b9d539b617c8793e151bdffb60f9e48a249912f86d4c9ebeef?s=96&d=mm&r=g"},"magazineBlocksPostCommentsNumber":"0","magazineBlocksPostExcerpt":"El 2026 se perfila como una temporada de alto voltaje para el deporte mexicano, con figuras consolidadas y nuevas promesas","magazineBlocksPostCategories":["Deportes"],"magazineBlocksPostViewCount":63,"magazineBlocksPostReadTime":4,"magazine_blocks_featured_image_url":{"full":["https:\/\/www.alasmedios.com\/wp-content\/uploads\/2026\/01\/Atletas-mexicanos-que-prometen-sacudir-podios-y-escenarios-mundiales-este-2026.png",1640,924,false],"medium":["https:\/\/www.alasmedios.com\/wp-content\/uploads\/2026\/01\/Atletas-mexicanos-que-prometen-sacudir-podios-y-escenarios-mundiales-este-2026-300x169.png",300,169,true],"thumbnail":["https:\/\/www.alasmedios.com\/wp-content\/uploads\/2026\/01\/Atletas-mexicanos-que-prometen-sacudir-podios-y-escenarios-mundiales-este-2026-150x150.png",150,150,true]},"magazine_blocks_author":{"display_name":"Keila Rodr\u00edguez Pe\u00f1a","author_link":"https:\/\/www.alasmedios.com\/index.php\/author\/keila\/"},"magazine_blocks_comment":0,"magazine_blocks_author_image":"https:\/\/secure.gravatar.com\/avatar\/a2553a2bfaa601b9d539b617c8793e151bdffb60f9e48a249912f86d4c9ebeef?s=96&d=mm&r=g","magazine_blocks_category":"<a href=\"#\" class=\"category-link category-link-3223\">Deportes<\/a>","yoast_head":"<!-- This site is optimized with the Yoast SEO plugin v27.5 - https:\/\/yoast.com\/product\/yoast-seo-wordpress\/ -->\r\n<title>Atletas mexicanos que prometen sacudir podios y escenarios mundiales este 2026 - Alas Medios<\/title>\r\n<meta name=\"robots\" content=\"index, follow, max-snippet:-1, max-image-preview:large, max-video-preview:-1\" \/>\r\n<link rel=\"canonical\" href=\"https:\/\/www.alasmedios.com\/index.php\/2026\/01\/10\/atletas-mexicanos-que-prometen-sacudir-podios-y-escenarios-mundiales-este-2026\/\" \/>\r\n<meta property=\"og:locale\" content=\"es_MX\" \/>\r\n<meta property=\"og:type\" content=\"article\" \/>\r\n<meta property=\"og:title\" content=\"Atletas mexicanos que prometen sacudir podios y escenarios mundiales este 2026 - Alas Medios\" \/>\r\n<meta property=\"og:description\" content=\"El 2026 se perfila como una temporada de alto voltaje para el deporte mexicano, con figuras consolidadas y nuevas promesas\" \/>\r\n<meta property=\"og:url\" content=\"https:\/\/www.alasmedios.com\/index.php\/2026\/01\/10\/atletas-mexicanos-que-prometen-sacudir-podios-y-escenarios-mundiales-este-2026\/\" \/>\r\n<meta property=\"og:site_name\" content=\"Alas Medios\" \/>\r\n<meta property=\"article:published_time\" content=\"2026-01-10T20:33:00+00:00\" \/>\r\n<meta property=\"og:image\" content=\"https:\/\/www.alasmedios.com\/wp-content\/uploads\/2026\/01\/Atletas-mexicanos-que-prometen-sacudir-podios-y-escenarios-mundiales-este-2026.png\" \/>\r\n\t<meta property=\"og:image:width\" content=\"1640\" \/>\r\n\t<meta property=\"og:image:height\" content=\"924\" \/>\r\n\t<meta property=\"og:image:type\" content=\"image\/png\" \/>\r\n<meta name=\"author\" content=\"Keila Rodr\u00edguez Pe\u00f1a\" \/>\r\n<meta name=\"twitter:card\" content=\"summary_large_image\" \/>\r\n<meta name=\"twitter:label1\" content=\"Escrito por\" \/>\n\t<meta name=\"twitter:data1\" content=\"Keila Rodr\u00edguez Pe\u00f1a\" \/>\n\t<meta name=\"twitter:label2\" content=\"Tiempo de lectura\" \/>\n\t<meta name=\"twitter:data2\" content=\"4 minutos\" \/>\r\n<script type=\"application\/ld+json\" class=\"yoast-schema-graph\">{\"@context\":\"https:\\\/\\\/schema.org\",\"@graph\":[{\"@type\":\"Article\",\"@id\":\"https:\\\/\\\/www.alasmedios.com\\\/index.php\\\/2026\\\/01\\\/10\\\/atletas-mexicanos-que-prometen-sacudir-podios-y-escenarios-mundiales-este-2026\\\/#article\",\"isPartOf\":{\"@id\":\"https:\\\/\\\/www.alasmedios.com\\\/index.php\\\/2026\\\/01\\\/10\\\/atletas-mexicanos-que-prometen-sacudir-podios-y-escenarios-mundiales-este-2026\\\/\"},\"author\":{\"name\":\"Keila Rodr\u00edguez Pe\u00f1a\",\"@id\":\"https:\\\/\\\/www.alasmedios.com\\\/#\\\/schema\\\/person\\\/0ba31bdd19a05ebf5c7fef1fedf99c34\"},\"headline\":\"Atletas mexicanos que prometen sacudir podios y escenarios mundiales este 2026\",\"datePublished\":\"2026-01-10T20:33:00+00:00\",\"mainEntityOfPage\":{\"@id\":\"https:\\\/\\\/www.alasmedios.com\\\/index.php\\\/2026\\\/01\\\/10\\\/atletas-mexicanos-que-prometen-sacudir-podios-y-escenarios-mundiales-este-2026\\\/\"},\"wordCount\":772,\"commentCount\":0,\"publisher\":{\"@id\":\"https:\\\/\\\/www.alasmedios.com\\\/#organization\"},\"image\":{\"@id\":\"https:\\\/\\\/www.alasmedios.com\\\/index.php\\\/2026\\\/01\\\/10\\\/atletas-mexicanos-que-prometen-sacudir-podios-y-escenarios-mundiales-este-2026\\\/#primaryimage\"},\"thumbnailUrl\":\"https:\\\/\\\/www.alasmedios.com\\\/wp-content\\\/uploads\\\/2026\\\/01\\\/Atletas-mexicanos-que-prometen-sacudir-podios-y-escenarios-mundiales-este-2026.png\",\"keywords\":[\"Alegna Gonz\u00e1lez\",\"deportes\",\"Donovan Carrillo\",\"Isaac del Toro\",\"Juegos Ol\u00edmpicos\",\"Juegos Ol\u00edmpicos de Invierno Milano Cortina 2026\",\"Maya Becerra\",\"M\u00e9xico\",\"Uziel Mu\u00f1oz\",\"Yareli Acevedo\"],\"articleSection\":[\"Deportes\"],\"inLanguage\":\"es\",\"potentialAction\":[{\"@type\":\"CommentAction\",\"name\":\"Comment\",\"target\":[\"https:\\\/\\\/www.alasmedios.com\\\/index.php\\\/2026\\\/01\\\/10\\\/atletas-mexicanos-que-prometen-sacudir-podios-y-escenarios-mundiales-este-2026\\\/#respond\"]}]},{\"@type\":\"WebPage\",\"@id\":\"https:\\\/\\\/www.alasmedios.com\\\/index.php\\\/2026\\\/01\\\/10\\\/atletas-mexicanos-que-prometen-sacudir-podios-y-escenarios-mundiales-este-2026\\\/\",\"url\":\"https:\\\/\\\/www.alasmedios.com\\\/index.php\\\/2026\\\/01\\\/10\\\/atletas-mexicanos-que-prometen-sacudir-podios-y-escenarios-mundiales-este-2026\\\/\",\"name\":\"Atletas mexicanos que prometen sacudir podios y escenarios mundiales este 2026 - Alas Medios\",\"isPartOf\":{\"@id\":\"https:\\\/\\\/www.alasmedios.com\\\/#website\"},\"primaryImageOfPage\":{\"@id\":\"https:\\\/\\\/www.alasmedios.com\\\/index.php\\\/2026\\\/01\\\/10\\\/atletas-mexicanos-que-prometen-sacudir-podios-y-escenarios-mundiales-este-2026\\\/#primaryimage\"},\"image\":{\"@id\":\"https:\\\/\\\/www.alasmedios.com\\\/index.php\\\/2026\\\/01\\\/10\\\/atletas-mexicanos-que-prometen-sacudir-podios-y-escenarios-mundiales-este-2026\\\/#primaryimage\"},\"thumbnailUrl\":\"https:\\\/\\\/www.alasmedios.com\\\/wp-content\\\/uploads\\\/2026\\\/01\\\/Atletas-mexicanos-que-prometen-sacudir-podios-y-escenarios-mundiales-este-2026.png\",\"datePublished\":\"2026-01-10T20:33:00+00:00\",\"breadcrumb\":{\"@id\":\"https:\\\/\\\/www.alasmedios.com\\\/index.php\\\/2026\\\/01\\\/10\\\/atletas-mexicanos-que-prometen-sacudir-podios-y-escenarios-mundiales-este-2026\\\/#breadcrumb\"},\"inLanguage\":\"es\",\"potentialAction\":[{\"@type\":\"ReadAction\",\"target\":[\"https:\\\/\\\/www.alasmedios.com\\\/index.php\\\/2026\\\/01\\\/10\\\/atletas-mexicanos-que-prometen-sacudir-podios-y-escenarios-mundiales-este-2026\\\/\"]}]},{\"@type\":\"ImageObject\",\"inLanguage\":\"es\",\"@id\":\"https:\\\/\\\/www.alasmedios.com\\\/index.php\\\/2026\\\/01\\\/10\\\/atletas-mexicanos-que-prometen-sacudir-podios-y-escenarios-mundiales-este-2026\\\/#primaryimage\",\"url\":\"https:\\\/\\\/www.alasmedios.com\\\/wp-content\\\/uploads\\\/2026\\\/01\\\/Atletas-mexicanos-que-prometen-sacudir-podios-y-escenarios-mundiales-este-2026.png\",\"contentUrl\":\"https:\\\/\\\/www.alasmedios.com\\\/wp-content\\\/uploads\\\/2026\\\/01\\\/Atletas-mexicanos-que-prometen-sacudir-podios-y-escenarios-mundiales-este-2026.png\",\"width\":1640,\"height\":924},{\"@type\":\"BreadcrumbList\",\"@id\":\"https:\\\/\\\/www.alasmedios.com\\\/index.php\\\/2026\\\/01\\\/10\\\/atletas-mexicanos-que-prometen-sacudir-podios-y-escenarios-mundiales-este-2026\\\/#breadcrumb\",\"itemListElement\":[{\"@type\":\"ListItem\",\"position\":1,\"name\":\"Inicio\",\"item\":\"https:\\\/\\\/www.alasmedios.com\\\/\"},{\"@type\":\"ListItem\",\"position\":2,\"name\":\"Atletas mexicanos que prometen sacudir podios y escenarios mundiales este 2026\"}]},{\"@type\":\"WebSite\",\"@id\":\"https:\\\/\\\/www.alasmedios.com\\\/#website\",\"url\":\"https:\\\/\\\/www.alasmedios.com\\\/\",\"name\":\"Alas Medios\",\"description\":\"Alas para pensar, Alas para volar, Alas de libertad\",\"publisher\":{\"@id\":\"https:\\\/\\\/www.alasmedios.com\\\/#organization\"},\"potentialAction\":[{\"@type\":\"SearchAction\",\"target\":{\"@type\":\"EntryPoint\",\"urlTemplate\":\"https:\\\/\\\/www.alasmedios.com\\\/?s={search_term_string}\"},\"query-input\":{\"@type\":\"PropertyValueSpecification\",\"valueRequired\":true,\"valueName\":\"search_term_string\"}}],\"inLanguage\":\"es\"},{\"@type\":\"Organization\",\"@id\":\"https:\\\/\\\/www.alasmedios.com\\\/#organization\",\"name\":\"Alas Medios\",\"url\":\"https:\\\/\\\/www.alasmedios.com\\\/\",\"logo\":{\"@type\":\"ImageObject\",\"inLanguage\":\"es\",\"@id\":\"https:\\\/\\\/www.alasmedios.com\\\/#\\\/schema\\\/logo\\\/image\\\/\",\"url\":\"https:\\\/\\\/www.alasmedios.com\\\/wp-content\\\/uploads\\\/2026\\\/01\\\/cropped-cropped-GAM-1.png\",\"contentUrl\":\"https:\\\/\\\/www.alasmedios.com\\\/wp-content\\\/uploads\\\/2026\\\/01\\\/cropped-cropped-GAM-1.png\",\"width\":467,\"height\":235,\"caption\":\"Alas Medios\"},\"image\":{\"@id\":\"https:\\\/\\\/www.alasmedios.com\\\/#\\\/schema\\\/logo\\\/image\\\/\"}},{\"@type\":\"Person\",\"@id\":\"https:\\\/\\\/www.alasmedios.com\\\/#\\\/schema\\\/person\\\/0ba31bdd19a05ebf5c7fef1fedf99c34\",\"name\":\"Keila Rodr\u00edguez Pe\u00f1a\",\"image\":{\"@type\":\"ImageObject\",\"inLanguage\":\"es\",\"@id\":\"https:\\\/\\\/secure.gravatar.com\\\/avatar\\\/a2553a2bfaa601b9d539b617c8793e151bdffb60f9e48a249912f86d4c9ebeef?s=96&d=mm&r=g\",\"url\":\"https:\\\/\\\/secure.gravatar.com\\\/avatar\\\/a2553a2bfaa601b9d539b617c8793e151bdffb60f9e48a249912f86d4c9ebeef?s=96&d=mm&r=g\",\"contentUrl\":\"https:\\\/\\\/secure.gravatar.com\\\/avatar\\\/a2553a2bfaa601b9d539b617c8793e151bdffb60f9e48a249912f86d4c9ebeef?s=96&d=mm&r=g\",\"caption\":\"Keila Rodr\u00edguez Pe\u00f1a\"},\"sameAs\":[\"http:\\\/\\\/www.alasmedios.com\"],\"url\":\"https:\\\/\\\/www.alasmedios.com\\\/index.php\\\/author\\\/keila\\\/\"}]}<\/script>\r\n<!-- \/ Yoast SEO plugin. -->","yoast_head_json":{"title":"Atletas mexicanos que prometen sacudir podios y escenarios mundiales este 2026 - Alas Medios","robots":{"index":"index","follow":"follow","max-snippet":"max-snippet:-1","max-image-preview":"max-image-preview:large","max-video-preview":"max-video-preview:-1"},"canonical":"https:\/\/www.alasmedios.com\/index.php\/2026\/01\/10\/atletas-mexicanos-que-prometen-sacudir-podios-y-escenarios-mundiales-este-2026\/","og_locale":"es_MX","og_type":"article","og_title":"Atletas mexicanos que prometen sacudir podios y escenarios mundiales este 2026 - Alas Medios","og_description":"El 2026 se perfila como una temporada de alto voltaje para el deporte mexicano, con figuras consolidadas y nuevas promesas","og_url":"https:\/\/www.alasmedios.com\/index.php\/2026\/01\/10\/atletas-mexicanos-que-prometen-sacudir-podios-y-escenarios-mundiales-este-2026\/","og_site_name":"Alas Medios","article_published_time":"2026-01-10T20:33:00+00:00","og_image":[{"width":1640,"height":924,"url":"https:\/\/www.alasmedios.com\/wp-content\/uploads\/2026\/01\/Atletas-mexicanos-que-prometen-sacudir-podios-y-escenarios-mundiales-este-2026.png","type":"image\/png"}],"author":"Keila Rodr\u00edguez Pe\u00f1a","twitter_card":"summary_large_image","twitter_misc":{"Escrito por":"Keila Rodr\u00edguez Pe\u00f1a","Tiempo de lectura":"4 minutos"},"schema":{"@context":"https:\/\/schema.org","@graph":[{"@type":"Article","@id":"https:\/\/www.alasmedios.com\/index.php\/2026\/01\/10\/atletas-mexicanos-que-prometen-sacudir-podios-y-escenarios-mundiales-este-2026\/#article","isPartOf":{"@id":"https:\/\/www.alasmedios.com\/index.php\/2026\/01\/10\/atletas-mexicanos-que-prometen-sacudir-podios-y-escenarios-mundiales-este-2026\/"},"author":{"name":"Keila Rodr\u00edguez Pe\u00f1a","@id":"https:\/\/www.alasmedios.com\/#\/schema\/person\/0ba31bdd19a05ebf5c7fef1fedf99c34"},"headline":"Atletas mexicanos que prometen sacudir podios y escenarios mundiales este 2026","datePublished":"2026-01-10T20:33:00+00:00","mainEntityOfPage":{"@id":"https:\/\/www.alasmedios.com\/index.php\/2026\/01\/10\/atletas-mexicanos-que-prometen-sacudir-podios-y-escenarios-mundiales-este-2026\/"},"wordCount":772,"commentCount":0,"publisher":{"@id":"https:\/\/www.alasmedios.com\/#organization"},"image":{"@id":"https:\/\/www.alasmedios.com\/index.php\/2026\/01\/10\/atletas-mexicanos-que-prometen-sacudir-podios-y-escenarios-mundiales-este-2026\/#primaryimage"},"thumbnailUrl":"https:\/\/www.alasmedios.com\/wp-content\/uploads\/2026\/01\/Atletas-mexicanos-que-prometen-sacudir-podios-y-escenarios-mundiales-este-2026.png","keywords":["Alegna Gonz\u00e1lez","deportes","Donovan Carrillo","Isaac del Toro","Juegos Ol\u00edmpicos","Juegos Ol\u00edmpicos de Invierno Milano Cortina 2026","Maya Becerra","M\u00e9xico","Uziel Mu\u00f1oz","Yareli Acevedo"],"articleSection":["Deportes"],"inLanguage":"es","potentialAction":[{"@type":"CommentAction","name":"Comment","target":["https:\/\/www.alasmedios.com\/index.php\/2026\/01\/10\/atletas-mexicanos-que-prometen-sacudir-podios-y-escenarios-mundiales-este-2026\/#respond"]}]},{"@type":"WebPage","@id":"https:\/\/www.alasmedios.com\/index.php\/2026\/01\/10\/atletas-mexicanos-que-prometen-sacudir-podios-y-escenarios-mundiales-este-2026\/","url":"https:\/\/www.alasmedios.com\/index.php\/2026\/01\/10\/atletas-mexicanos-que-prometen-sacudir-podios-y-escenarios-mundiales-este-2026\/","name":"Atletas mexicanos que prometen sacudir podios y escenarios mundiales este 2026 - Alas Medios","isPartOf":{"@id":"https:\/\/www.alasmedios.com\/#website"},"primaryImageOfPage":{"@id":"https:\/\/www.alasmedios.com\/index.php\/2026\/01\/10\/atletas-mexicanos-que-prometen-sacudir-podios-y-escenarios-mundiales-este-2026\/#primaryimage"},"image":{"@id":"https:\/\/www.alasmedios.com\/index.php\/2026\/01\/10\/atletas-mexicanos-que-prometen-sacudir-podios-y-escenarios-mundiales-este-2026\/#primaryimage"},"thumbnailUrl":"https:\/\/www.alasmedios.com\/wp-content\/uploads\/2026\/01\/Atletas-mexicanos-que-prometen-sacudir-podios-y-escenarios-mundiales-este-2026.png","datePublished":"2026-01-10T20:33:00+00:00","breadcrumb":{"@id":"https:\/\/www.alasmedios.com\/index.php\/2026\/01\/10\/atletas-mexicanos-que-prometen-sacudir-podios-y-escenarios-mundiales-este-2026\/#breadcrumb"},"inLanguage":"es","potentialAction":[{"@type":"ReadAction","target":["https:\/\/www.alasmedios.com\/index.php\/2026\/01\/10\/atletas-mexicanos-que-prometen-sacudir-podios-y-escenarios-mundiales-este-2026\/"]}]},{"@type":"ImageObject","inLanguage":"es","@id":"https:\/\/www.alasmedios.com\/index.php\/2026\/01\/10\/atletas-mexicanos-que-prometen-sacudir-podios-y-escenarios-mundiales-este-2026\/#primaryimage","url":"https:\/\/www.alasmedios.com\/wp-content\/uploads\/2026\/01\/Atletas-mexicanos-que-prometen-sacudir-podios-y-escenarios-mundiales-este-2026.png","contentUrl":"https:\/\/www.alasmedios.com\/wp-content\/uploads\/2026\/01\/Atletas-mexicanos-que-prometen-sacudir-podios-y-escenarios-mundiales-este-2026.png","width":1640,"height":924},{"@type":"BreadcrumbList","@id":"https:\/\/www.alasmedios.com\/index.php\/2026\/01\/10\/atletas-mexicanos-que-prometen-sacudir-podios-y-escenarios-mundiales-este-2026\/#breadcrumb","itemListElement":[{"@type":"ListItem","position":1,"name":"Inicio","item":"https:\/\/www.alasmedios.com\/"},{"@type":"ListItem","position":2,"name":"Atletas mexicanos que prometen sacudir podios y escenarios mundiales este 2026"}]},{"@type":"WebSite","@id":"https:\/\/www.alasmedios.com\/#website","url":"https:\/\/www.alasmedios.com\/","name":"Alas Medios","description":"Alas para pensar, Alas para volar, Alas de libertad","publisher":{"@id":"https:\/\/www.alasmedios.com\/#organization"},"potentialAction":[{"@type":"SearchAction","target":{"@type":"EntryPoint","urlTemplate":"https:\/\/www.alasmedios.com\/?s={search_term_string}"},"query-input":{"@type":"PropertyValueSpecification","valueRequired":true,"valueName":"search_term_string"}}],"inLanguage":"es"},{"@type":"Organization","@id":"https:\/\/www.alasmedios.com\/#organization","name":"Alas Medios","url":"https:\/\/www.alasmedios.com\/","logo":{"@type":"ImageObject","inLanguage":"es","@id":"https:\/\/www.alasmedios.com\/#\/schema\/logo\/image\/","url":"https:\/\/www.alasmedios.com\/wp-content\/uploads\/2026\/01\/cropped-cropped-GAM-1.png","contentUrl":"https:\/\/www.alasmedios.com\/wp-content\/uploads\/2026\/01\/cropped-cropped-GAM-1.png","width":467,"height":235,"caption":"Alas Medios"},"image":{"@id":"https:\/\/www.alasmedios.com\/#\/schema\/logo\/image\/"}},{"@type":"Person","@id":"https:\/\/www.alasmedios.com\/#\/schema\/person\/0ba31bdd19a05ebf5c7fef1fedf99c34","name":"Keila Rodr\u00edguez Pe\u00f1a","image":{"@type":"ImageObject","inLanguage":"es","@id":"https:\/\/secure.gravatar.com\/avatar\/a2553a2bfaa601b9d539b617c8793e151bdffb60f9e48a249912f86d4c9ebeef?s=96&d=mm&r=g","url":"https:\/\/secure.gravatar.com\/avatar\/a2553a2bfaa601b9d539b617c8793e151bdffb60f9e48a249912f86d4c9ebeef?s=96&d=mm&r=g","contentUrl":"https:\/\/secure.gravatar.com\/avatar\/a2553a2bfaa601b9d539b617c8793e151bdffb60f9e48a249912f86d4c9ebeef?s=96&d=mm&r=g","caption":"Keila Rodr\u00edguez Pe\u00f1a"},"sameAs":["http:\/\/www.alasmedios.com"],"url":"https:\/\/www.alasmedios.com\/index.php\/author\/keila\/"}]}},"_links":{"self":[{"href":"https:\/\/www.alasmedios.com\/index.php\/wp-json\/wp\/v2\/posts\/7420","targetHints":{"allow":["GET"]}}],"collection":[{"href":"https:\/\/www.alasmedios.com\/index.php\/wp-json\/wp\/v2\/posts"}],"about":[{"href":"https:\/\/www.alasmedios.com\/index.php\/wp-json\/wp\/v2\/types\/post"}],"author":[{"embeddable":true,"href":"https:\/\/www.alasmedios.com\/index.php\/wp-json\/wp\/v2\/users\/4"}],"replies":[{"embeddable":true,"href":"https:\/\/www.alasmedios.com\/index.php\/wp-json\/wp\/v2\/comments?post=7420"}],"version-history":[{"count":1,"href":"https:\/\/www.alasmedios.com\/index.php\/wp-json\/wp\/v2\/posts\/7420\/revisions"}],"predecessor-version":[{"id":7422,"href":"https:\/\/www.alasmedios.com\/index.php\/wp-json\/wp\/v2\/posts\/7420\/revisions\/7422"}],"wp:featuredmedia":[{"embeddable":true,"href":"https:\/\/www.alasmedios.com\/index.php\/wp-json\/wp\/v2\/media\/7421"}],"wp:attachment":[{"href":"https:\/\/www.alasmedios.com\/index.php\/wp-json\/wp\/v2\/media?parent=7420"}],"wp:term":[{"taxonomy":"category","embeddable":true,"href":"https:\/\/www.alasmedios.com\/index.php\/wp-json\/wp\/v2\/categories?post=7420"},{"taxonomy":"post_tag","embeddable":true,"href":"https:\/\/www.alasmedios.com\/index.php\/wp-json\/wp\/v2\/tags?post=7420"}],"curies":[{"name":"wp","href":"https:\/\/api.w.org\/{rel}","templated":true}]}}