{"id":7401,"date":"2026-01-09T09:03:39","date_gmt":"2026-01-09T15:03:39","guid":{"rendered":"https:\/\/www.alasmedios.com\/?p=7401"},"modified":"2026-01-09T09:03:42","modified_gmt":"2026-01-09T15:03:42","slug":"actopan-estrena-camiones-de-basura-y-maquinaria-pesada-por-casi-5-mdp","status":"publish","type":"post","link":"https:\/\/www.alasmedios.com\/index.php\/2026\/01\/09\/actopan-estrena-camiones-de-basura-y-maquinaria-pesada-por-casi-5-mdp\/","title":{"rendered":"Actopan estrena camiones de basura y maquinaria pesada por casi 5 mdp"},"content":{"rendered":"\n<p>En&nbsp;<strong>Actopan<\/strong>, los&nbsp;<strong>ahorros del 2025<\/strong>&nbsp;los invirtieron en<strong>&nbsp;servicios<\/strong>&nbsp;con la compra de<strong>&nbsp;camiones recolectores de basura y maquinaria pesada.<\/strong><\/p>\n\n\n\n<p>Con recursos obtenidos de&nbsp;<strong>ahorros del ejercicio 2025<\/strong>, el municipio de&nbsp;<strong>Actopan, Hidalgo<\/strong>, incorpor\u00f3&nbsp;<strong>dos camiones recolectores de basura y una retroexcavadora totalmente nuevos<\/strong>, que fortalecer\u00e1n los servicios p\u00fablicos y la atenci\u00f3n diaria en colonias y comunidades.<\/p>\n\n\n\n<p>La presidenta municipal,&nbsp;<strong>Imelda Cu\u00e9llar Cano<\/strong>, encabez\u00f3 la entrega del nuevo equipamiento durante el arranque del programa&nbsp;<strong>\u201cActopan Limpio, Actopan Fuerte 2026\u201d<\/strong>, destacando que un manejo responsable de los recursos permite traducir el presupuesto en&nbsp;<strong>beneficios directos para la poblaci\u00f3n<\/strong>.<\/p>\n\n\n\n<p>\u201c<strong>Cuando se gobierna con honestidad y con una buena administraci\u00f3n, los recursos alcanzan y se traducen en beneficios reales para la gente<\/strong>\u201d, se\u00f1al\u00f3 la alcaldesa al hacer entrega oficial de las unidades a las&nbsp;<strong>Direcciones de Servicios Municipales y de Obras P\u00fablicas<\/strong>, para su incorporaci\u00f3n inmediata al parque vehicular.<\/p>\n\n\n\n<p>CONTIN\u00daA LEYENDO: <a href=\"https:\/\/www.alasmedios.com\/index.php\/2026\/01\/08\/scjn-frena-evasion-de-pension-alimenticia-por-reconocimiento-familiar\/\" data-type=\"post\" data-id=\"7398\">SCJN frena evasi\u00f3n de pensi\u00f3n alimenticia por reconocimiento familiar<\/a><\/p>\n\n\n\n<p>Los&nbsp;<strong>camiones recolectores compactadores<\/strong>, modelo&nbsp;<strong>2025<\/strong>, vienen a renovar un servicio que durante a\u00f1os oper\u00f3 con unidades&nbsp;<strong>viejas y rebasadas<\/strong>, mejorando la&nbsp;<strong>recolecci\u00f3n de basura, la limpieza urbana y la capacidad de respuesta del Ayuntamiento<\/strong>. En tanto, la&nbsp;<strong>retroexcavadora<\/strong>&nbsp;permitir\u00e1 atender de manera m\u00e1s \u00e1gil&nbsp;<strong>trabajos de mantenimiento, caminos, obra p\u00fablica y servicios comunitarios<\/strong>&nbsp;en distintas localidades.<\/p>\n\n\n\n<p>Cu\u00e9llar Cano subray\u00f3 que esta maquinaria representa una herramienta clave para&nbsp;<strong>dar respuestas m\u00e1s r\u00e1pidas y eficientes<\/strong>&nbsp;a las necesidades del municipio, al tiempo que fortalece la operaci\u00f3n diaria de \u00e1reas estrat\u00e9gicas.<\/p>\n\n\n\n<p>La inversi\u00f3n total ascendi\u00f3 a&nbsp;<strong>4 millones 798 mil pesos<\/strong>: cada cami\u00f3n recolector tuvo un costo de&nbsp;<strong>1 mill\u00f3n 577 mil pesos<\/strong>&nbsp;y fue adquirido mediante&nbsp;<strong>licitaci\u00f3n p\u00fablica<\/strong>, mientras que la retroexcavadora tuvo un costo de&nbsp;<strong>1 mill\u00f3n 644 mil pesos<\/strong>.<\/p>\n\n\n\n<p>Durante el acto estuvieron presentes integrantes de la&nbsp;<strong>Asamblea Municipal<\/strong>, as\u00ed como el&nbsp;<strong>Secretario General del Ayuntamiento, Juan Carlos Soto Garc\u00eda<\/strong>; la&nbsp;<strong>S\u00edndica Jur\u00eddica, Imelda Calva Cancino<\/strong>; el&nbsp;<strong>S\u00edndico Hacendario, \u00d3scar Olvera Moctezuma<\/strong>; regidoras y regidores, adem\u00e1s del&nbsp;<strong>Director General de Gobernaci\u00f3n Regional, Paulino Ram\u00edrez Hern\u00e1ndez<\/strong>, y los titulares de&nbsp;<strong>Servicios Municipales, Julio Olgu\u00edn<\/strong>, y&nbsp;<strong>Obras P\u00fablicas, Carlos P\u00e9rez Hern\u00e1ndez<\/strong>.<\/p>\n\n\n<ul class=\"wp-block-latest-posts__list is-grid columns-3 wp-block-latest-posts\"><li><div class=\"wp-block-latest-posts__featured-image\"><img loading=\"lazy\" decoding=\"async\" width=\"150\" height=\"150\" src=\"https:\/\/www.alasmedios.com\/wp-content\/uploads\/2026\/05\/AMPEP-inteligencia-artificial-150x150.jpg\" class=\"attachment-thumbnail size-thumbnail wp-post-image\" alt=\"\" style=\"\" \/><\/div><a class=\"wp-block-latest-posts__post-title\" href=\"https:\/\/www.alasmedios.com\/index.php\/2026\/05\/01\/periodismo-frente-a-la-ia-ampep-asume-liderazgo-y-apuesta-por-contar-historias-con-alma\/\">Periodismo frente a la IA: AMPEP asume liderazgo y apuesta por contar historias con \u201calma\u201d<\/a><\/li>\n<li><div class=\"wp-block-latest-posts__featured-image\"><img loading=\"lazy\" decoding=\"async\" width=\"150\" height=\"150\" src=\"https:\/\/www.alasmedios.com\/wp-content\/uploads\/2026\/05\/Hidalgo-viene-un-respiro-con-el-frente-frio-48-150x150.png\" class=\"attachment-thumbnail size-thumbnail wp-post-image\" alt=\"\" style=\"\" \/><\/div><a class=\"wp-block-latest-posts__post-title\" href=\"https:\/\/www.alasmedios.com\/index.php\/2026\/05\/01\/frente-frio-48-un-alivio-asi-impactara-en-hidalgo\/\">Frente fr\u00edo 48, un alivio: as\u00ed impactar\u00e1 en Hidalgo<\/a><\/li>\n<li><div class=\"wp-block-latest-posts__featured-image\"><img loading=\"lazy\" decoding=\"async\" width=\"150\" height=\"150\" src=\"https:\/\/www.alasmedios.com\/wp-content\/uploads\/2026\/05\/mujeres-depresion-posparto-150x150.png\" class=\"attachment-thumbnail size-thumbnail wp-post-image\" alt=\"\" style=\"\" \/><\/div><a class=\"wp-block-latest-posts__post-title\" href=\"https:\/\/www.alasmedios.com\/index.php\/2026\/05\/01\/1-de-cada-15-mujeres-sufre-depresion-posparto\/\">1 de cada 15 mujeres sufre depresi\u00f3n posparto<\/a><\/li>\n<\/ul>","protected":false},"excerpt":{"rendered":"<p>En&nbsp;Actopan, los&nbsp;ahorros del 2025&nbsp;los invirtieron en&nbsp;servicios&nbsp;con la compra de&nbsp;camiones recolectores de basura y maquinaria pesada. Con recursos obtenidos de&nbsp;ahorros del<\/p>\n","protected":false},"author":4,"featured_media":7402,"comment_status":"open","ping_status":"open","sticky":false,"template":"","format":"standard","meta":{"colormag_page_container_layout":"default_layout","colormag_page_sidebar_layout":"default_layout","rop_custom_images_group":[],"rop_custom_messages_group":[],"rop_publish_now":"initial","rop_publish_now_accounts":[],"rop_publish_now_history":[],"rop_publish_now_status":"pending","iawp_total_views":0,"footnotes":""},"categories":[41],"tags":[194,3236,99,2190,3237],"class_list":["post-7401","post","type-post","status-publish","format-standard","has-post-thumbnail","hentry","category-hidalgo","tag-actopan","tag-camiones-recolectores-de-basura","tag-hidalgo","tag-imelda-cuellar-cano","tag-maquinaria-pesada"],"magazineBlocksPostFeaturedMedia":{"thumbnail":"https:\/\/www.alasmedios.com\/wp-content\/uploads\/2026\/01\/Actopan-ahorros-2025-servicios-camiones-basura-maquinaria-pesada-150x150.jpg","medium":"https:\/\/www.alasmedios.com\/wp-content\/uploads\/2026\/01\/Actopan-ahorros-2025-servicios-camiones-basura-maquinaria-pesada-300x200.jpg","medium_large":"https:\/\/www.alasmedios.com\/wp-content\/uploads\/2026\/01\/Actopan-ahorros-2025-servicios-camiones-basura-maquinaria-pesada-768x512.jpg","large":"https:\/\/www.alasmedios.com\/wp-content\/uploads\/2026\/01\/Actopan-ahorros-2025-servicios-camiones-basura-maquinaria-pesada-1024x683.jpg","1536x1536":"https:\/\/www.alasmedios.com\/wp-content\/uploads\/2026\/01\/Actopan-ahorros-2025-servicios-camiones-basura-maquinaria-pesada-1536x1024.jpg","2048x2048":"https:\/\/www.alasmedios.com\/wp-content\/uploads\/2026\/01\/Actopan-ahorros-2025-servicios-camiones-basura-maquinaria-pesada-2048x1365.jpg","colormag-highlighted-post":"https:\/\/www.alasmedios.com\/wp-content\/uploads\/2026\/01\/Actopan-ahorros-2025-servicios-camiones-basura-maquinaria-pesada-392x272.jpg","colormag-featured-post-medium":"https:\/\/www.alasmedios.com\/wp-content\/uploads\/2026\/01\/Actopan-ahorros-2025-servicios-camiones-basura-maquinaria-pesada-390x205.jpg","colormag-featured-post-small":"https:\/\/www.alasmedios.com\/wp-content\/uploads\/2026\/01\/Actopan-ahorros-2025-servicios-camiones-basura-maquinaria-pesada-130x90.jpg","colormag-featured-image":"https:\/\/www.alasmedios.com\/wp-content\/uploads\/2026\/01\/Actopan-ahorros-2025-servicios-camiones-basura-maquinaria-pesada-800x445.jpg","colormag-default-news":"https:\/\/www.alasmedios.com\/wp-content\/uploads\/2026\/01\/Actopan-ahorros-2025-servicios-camiones-basura-maquinaria-pesada-150x150.jpg","colormag-featured-image-large":"https:\/\/www.alasmedios.com\/wp-content\/uploads\/2026\/01\/Actopan-ahorros-2025-servicios-camiones-basura-maquinaria-pesada-1400x600.jpg"},"magazineBlocksPostAuthor":{"name":"Keila Rodr\u00edguez Pe\u00f1a","avatar":"https:\/\/secure.gravatar.com\/avatar\/a2553a2bfaa601b9d539b617c8793e151bdffb60f9e48a249912f86d4c9ebeef?s=96&d=mm&r=g"},"magazineBlocksPostCommentsNumber":"0","magazineBlocksPostExcerpt":"En&nbsp;Actopan, los&nbsp;ahorros del 2025&nbsp;los invirtieron en&nbsp;servicios&nbsp;con la compra de&nbsp;camiones recolectores de basura y maquinaria pesada. Con recursos obtenidos de&nbsp;ahorros del","magazineBlocksPostCategories":["Hidalgo"],"magazineBlocksPostViewCount":75,"magazineBlocksPostReadTime":3,"magazine_blocks_featured_image_url":{"full":["https:\/\/www.alasmedios.com\/wp-content\/uploads\/2026\/01\/Actopan-ahorros-2025-servicios-camiones-basura-maquinaria-pesada-scaled.jpg",2560,1707,false],"medium":["https:\/\/www.alasmedios.com\/wp-content\/uploads\/2026\/01\/Actopan-ahorros-2025-servicios-camiones-basura-maquinaria-pesada-300x200.jpg",300,200,true],"thumbnail":["https:\/\/www.alasmedios.com\/wp-content\/uploads\/2026\/01\/Actopan-ahorros-2025-servicios-camiones-basura-maquinaria-pesada-150x150.jpg",150,150,true]},"magazine_blocks_author":{"display_name":"Keila Rodr\u00edguez Pe\u00f1a","author_link":"https:\/\/www.alasmedios.com\/index.php\/author\/keila\/"},"magazine_blocks_comment":0,"magazine_blocks_author_image":"https:\/\/secure.gravatar.com\/avatar\/a2553a2bfaa601b9d539b617c8793e151bdffb60f9e48a249912f86d4c9ebeef?s=96&d=mm&r=g","magazine_blocks_category":"<a href=\"#\" class=\"category-link category-link-41\">Hidalgo<\/a>","yoast_head":"<!-- This site is optimized with the Yoast SEO plugin v27.5 - https:\/\/yoast.com\/product\/yoast-seo-wordpress\/ -->\r\n<title>Actopan estrena camiones de basura y maquinaria pesada por casi 5 mdp - Alas Medios<\/title>\r\n<meta name=\"robots\" content=\"index, follow, max-snippet:-1, max-image-preview:large, max-video-preview:-1\" \/>\r\n<link rel=\"canonical\" href=\"https:\/\/www.alasmedios.com\/index.php\/2026\/01\/09\/actopan-estrena-camiones-de-basura-y-maquinaria-pesada-por-casi-5-mdp\/\" \/>\r\n<meta property=\"og:locale\" content=\"es_MX\" \/>\r\n<meta property=\"og:type\" content=\"article\" \/>\r\n<meta property=\"og:title\" content=\"Actopan estrena camiones de basura y maquinaria pesada por casi 5 mdp - Alas Medios\" \/>\r\n<meta property=\"og:description\" content=\"En&nbsp;Actopan, los&nbsp;ahorros del 2025&nbsp;los invirtieron en&nbsp;servicios&nbsp;con la compra de&nbsp;camiones recolectores de basura y maquinaria pesada. Con recursos obtenidos de&nbsp;ahorros del\" \/>\r\n<meta property=\"og:url\" content=\"https:\/\/www.alasmedios.com\/index.php\/2026\/01\/09\/actopan-estrena-camiones-de-basura-y-maquinaria-pesada-por-casi-5-mdp\/\" \/>\r\n<meta property=\"og:site_name\" content=\"Alas Medios\" \/>\r\n<meta property=\"article:published_time\" content=\"2026-01-09T15:03:39+00:00\" \/>\r\n<meta property=\"article:modified_time\" content=\"2026-01-09T15:03:42+00:00\" \/>\r\n<meta property=\"og:image\" content=\"https:\/\/www.alasmedios.com\/wp-content\/uploads\/2026\/01\/Actopan-ahorros-2025-servicios-camiones-basura-maquinaria-pesada-scaled.jpg\" \/>\r\n\t<meta property=\"og:image:width\" content=\"2560\" \/>\r\n\t<meta property=\"og:image:height\" content=\"1707\" \/>\r\n\t<meta property=\"og:image:type\" content=\"image\/jpeg\" \/>\r\n<meta name=\"author\" content=\"Keila Rodr\u00edguez Pe\u00f1a\" \/>\r\n<meta name=\"twitter:card\" content=\"summary_large_image\" \/>\r\n<meta name=\"twitter:label1\" content=\"Escrito por\" \/>\n\t<meta name=\"twitter:data1\" content=\"Keila Rodr\u00edguez Pe\u00f1a\" \/>\n\t<meta name=\"twitter:label2\" content=\"Tiempo de lectura\" \/>\n\t<meta name=\"twitter:data2\" content=\"2 minutos\" \/>\r\n<script type=\"application\/ld+json\" class=\"yoast-schema-graph\">{\"@context\":\"https:\\\/\\\/schema.org\",\"@graph\":[{\"@type\":\"Article\",\"@id\":\"https:\\\/\\\/www.alasmedios.com\\\/index.php\\\/2026\\\/01\\\/09\\\/actopan-estrena-camiones-de-basura-y-maquinaria-pesada-por-casi-5-mdp\\\/#article\",\"isPartOf\":{\"@id\":\"https:\\\/\\\/www.alasmedios.com\\\/index.php\\\/2026\\\/01\\\/09\\\/actopan-estrena-camiones-de-basura-y-maquinaria-pesada-por-casi-5-mdp\\\/\"},\"author\":{\"name\":\"Keila Rodr\u00edguez Pe\u00f1a\",\"@id\":\"https:\\\/\\\/www.alasmedios.com\\\/#\\\/schema\\\/person\\\/0ba31bdd19a05ebf5c7fef1fedf99c34\"},\"headline\":\"Actopan estrena camiones de basura y maquinaria pesada por casi 5 mdp\",\"datePublished\":\"2026-01-09T15:03:39+00:00\",\"dateModified\":\"2026-01-09T15:03:42+00:00\",\"mainEntityOfPage\":{\"@id\":\"https:\\\/\\\/www.alasmedios.com\\\/index.php\\\/2026\\\/01\\\/09\\\/actopan-estrena-camiones-de-basura-y-maquinaria-pesada-por-casi-5-mdp\\\/\"},\"wordCount\":423,\"commentCount\":0,\"publisher\":{\"@id\":\"https:\\\/\\\/www.alasmedios.com\\\/#organization\"},\"image\":{\"@id\":\"https:\\\/\\\/www.alasmedios.com\\\/index.php\\\/2026\\\/01\\\/09\\\/actopan-estrena-camiones-de-basura-y-maquinaria-pesada-por-casi-5-mdp\\\/#primaryimage\"},\"thumbnailUrl\":\"https:\\\/\\\/www.alasmedios.com\\\/wp-content\\\/uploads\\\/2026\\\/01\\\/Actopan-ahorros-2025-servicios-camiones-basura-maquinaria-pesada-scaled.jpg\",\"keywords\":[\"Actopan\",\"camiones recolectores de basura\",\"Hidalgo\",\"Imelda Cu\u00e9llar Cano\",\"maquinaria pesada\"],\"articleSection\":[\"Hidalgo\"],\"inLanguage\":\"es\",\"potentialAction\":[{\"@type\":\"CommentAction\",\"name\":\"Comment\",\"target\":[\"https:\\\/\\\/www.alasmedios.com\\\/index.php\\\/2026\\\/01\\\/09\\\/actopan-estrena-camiones-de-basura-y-maquinaria-pesada-por-casi-5-mdp\\\/#respond\"]}]},{\"@type\":\"WebPage\",\"@id\":\"https:\\\/\\\/www.alasmedios.com\\\/index.php\\\/2026\\\/01\\\/09\\\/actopan-estrena-camiones-de-basura-y-maquinaria-pesada-por-casi-5-mdp\\\/\",\"url\":\"https:\\\/\\\/www.alasmedios.com\\\/index.php\\\/2026\\\/01\\\/09\\\/actopan-estrena-camiones-de-basura-y-maquinaria-pesada-por-casi-5-mdp\\\/\",\"name\":\"Actopan estrena camiones de basura y maquinaria pesada por casi 5 mdp - Alas Medios\",\"isPartOf\":{\"@id\":\"https:\\\/\\\/www.alasmedios.com\\\/#website\"},\"primaryImageOfPage\":{\"@id\":\"https:\\\/\\\/www.alasmedios.com\\\/index.php\\\/2026\\\/01\\\/09\\\/actopan-estrena-camiones-de-basura-y-maquinaria-pesada-por-casi-5-mdp\\\/#primaryimage\"},\"image\":{\"@id\":\"https:\\\/\\\/www.alasmedios.com\\\/index.php\\\/2026\\\/01\\\/09\\\/actopan-estrena-camiones-de-basura-y-maquinaria-pesada-por-casi-5-mdp\\\/#primaryimage\"},\"thumbnailUrl\":\"https:\\\/\\\/www.alasmedios.com\\\/wp-content\\\/uploads\\\/2026\\\/01\\\/Actopan-ahorros-2025-servicios-camiones-basura-maquinaria-pesada-scaled.jpg\",\"datePublished\":\"2026-01-09T15:03:39+00:00\",\"dateModified\":\"2026-01-09T15:03:42+00:00\",\"breadcrumb\":{\"@id\":\"https:\\\/\\\/www.alasmedios.com\\\/index.php\\\/2026\\\/01\\\/09\\\/actopan-estrena-camiones-de-basura-y-maquinaria-pesada-por-casi-5-mdp\\\/#breadcrumb\"},\"inLanguage\":\"es\",\"potentialAction\":[{\"@type\":\"ReadAction\",\"target\":[\"https:\\\/\\\/www.alasmedios.com\\\/index.php\\\/2026\\\/01\\\/09\\\/actopan-estrena-camiones-de-basura-y-maquinaria-pesada-por-casi-5-mdp\\\/\"]}]},{\"@type\":\"ImageObject\",\"inLanguage\":\"es\",\"@id\":\"https:\\\/\\\/www.alasmedios.com\\\/index.php\\\/2026\\\/01\\\/09\\\/actopan-estrena-camiones-de-basura-y-maquinaria-pesada-por-casi-5-mdp\\\/#primaryimage\",\"url\":\"https:\\\/\\\/www.alasmedios.com\\\/wp-content\\\/uploads\\\/2026\\\/01\\\/Actopan-ahorros-2025-servicios-camiones-basura-maquinaria-pesada-scaled.jpg\",\"contentUrl\":\"https:\\\/\\\/www.alasmedios.com\\\/wp-content\\\/uploads\\\/2026\\\/01\\\/Actopan-ahorros-2025-servicios-camiones-basura-maquinaria-pesada-scaled.jpg\",\"width\":2560,\"height\":1707},{\"@type\":\"BreadcrumbList\",\"@id\":\"https:\\\/\\\/www.alasmedios.com\\\/index.php\\\/2026\\\/01\\\/09\\\/actopan-estrena-camiones-de-basura-y-maquinaria-pesada-por-casi-5-mdp\\\/#breadcrumb\",\"itemListElement\":[{\"@type\":\"ListItem\",\"position\":1,\"name\":\"Inicio\",\"item\":\"https:\\\/\\\/www.alasmedios.com\\\/\"},{\"@type\":\"ListItem\",\"position\":2,\"name\":\"Actopan estrena camiones de basura y maquinaria pesada por casi 5 mdp\"}]},{\"@type\":\"WebSite\",\"@id\":\"https:\\\/\\\/www.alasmedios.com\\\/#website\",\"url\":\"https:\\\/\\\/www.alasmedios.com\\\/\",\"name\":\"Alas Medios\",\"description\":\"Alas para pensar, Alas para volar, Alas de libertad\",\"publisher\":{\"@id\":\"https:\\\/\\\/www.alasmedios.com\\\/#organization\"},\"potentialAction\":[{\"@type\":\"SearchAction\",\"target\":{\"@type\":\"EntryPoint\",\"urlTemplate\":\"https:\\\/\\\/www.alasmedios.com\\\/?s={search_term_string}\"},\"query-input\":{\"@type\":\"PropertyValueSpecification\",\"valueRequired\":true,\"valueName\":\"search_term_string\"}}],\"inLanguage\":\"es\"},{\"@type\":\"Organization\",\"@id\":\"https:\\\/\\\/www.alasmedios.com\\\/#organization\",\"name\":\"Alas Medios\",\"url\":\"https:\\\/\\\/www.alasmedios.com\\\/\",\"logo\":{\"@type\":\"ImageObject\",\"inLanguage\":\"es\",\"@id\":\"https:\\\/\\\/www.alasmedios.com\\\/#\\\/schema\\\/logo\\\/image\\\/\",\"url\":\"https:\\\/\\\/www.alasmedios.com\\\/wp-content\\\/uploads\\\/2026\\\/01\\\/cropped-cropped-GAM-1.png\",\"contentUrl\":\"https:\\\/\\\/www.alasmedios.com\\\/wp-content\\\/uploads\\\/2026\\\/01\\\/cropped-cropped-GAM-1.png\",\"width\":467,\"height\":235,\"caption\":\"Alas Medios\"},\"image\":{\"@id\":\"https:\\\/\\\/www.alasmedios.com\\\/#\\\/schema\\\/logo\\\/image\\\/\"}},{\"@type\":\"Person\",\"@id\":\"https:\\\/\\\/www.alasmedios.com\\\/#\\\/schema\\\/person\\\/0ba31bdd19a05ebf5c7fef1fedf99c34\",\"name\":\"Keila Rodr\u00edguez Pe\u00f1a\",\"image\":{\"@type\":\"ImageObject\",\"inLanguage\":\"es\",\"@id\":\"https:\\\/\\\/secure.gravatar.com\\\/avatar\\\/a2553a2bfaa601b9d539b617c8793e151bdffb60f9e48a249912f86d4c9ebeef?s=96&d=mm&r=g\",\"url\":\"https:\\\/\\\/secure.gravatar.com\\\/avatar\\\/a2553a2bfaa601b9d539b617c8793e151bdffb60f9e48a249912f86d4c9ebeef?s=96&d=mm&r=g\",\"contentUrl\":\"https:\\\/\\\/secure.gravatar.com\\\/avatar\\\/a2553a2bfaa601b9d539b617c8793e151bdffb60f9e48a249912f86d4c9ebeef?s=96&d=mm&r=g\",\"caption\":\"Keila Rodr\u00edguez Pe\u00f1a\"},\"sameAs\":[\"http:\\\/\\\/www.alasmedios.com\"],\"url\":\"https:\\\/\\\/www.alasmedios.com\\\/index.php\\\/author\\\/keila\\\/\"}]}<\/script>\r\n<!-- \/ Yoast SEO plugin. -->","yoast_head_json":{"title":"Actopan estrena camiones de basura y maquinaria pesada por casi 5 mdp - Alas Medios","robots":{"index":"index","follow":"follow","max-snippet":"max-snippet:-1","max-image-preview":"max-image-preview:large","max-video-preview":"max-video-preview:-1"},"canonical":"https:\/\/www.alasmedios.com\/index.php\/2026\/01\/09\/actopan-estrena-camiones-de-basura-y-maquinaria-pesada-por-casi-5-mdp\/","og_locale":"es_MX","og_type":"article","og_title":"Actopan estrena camiones de basura y maquinaria pesada por casi 5 mdp - Alas Medios","og_description":"En&nbsp;Actopan, los&nbsp;ahorros del 2025&nbsp;los invirtieron en&nbsp;servicios&nbsp;con la compra de&nbsp;camiones recolectores de basura y maquinaria pesada. Con recursos obtenidos de&nbsp;ahorros del","og_url":"https:\/\/www.alasmedios.com\/index.php\/2026\/01\/09\/actopan-estrena-camiones-de-basura-y-maquinaria-pesada-por-casi-5-mdp\/","og_site_name":"Alas Medios","article_published_time":"2026-01-09T15:03:39+00:00","article_modified_time":"2026-01-09T15:03:42+00:00","og_image":[{"width":2560,"height":1707,"url":"https:\/\/www.alasmedios.com\/wp-content\/uploads\/2026\/01\/Actopan-ahorros-2025-servicios-camiones-basura-maquinaria-pesada-scaled.jpg","type":"image\/jpeg"}],"author":"Keila Rodr\u00edguez Pe\u00f1a","twitter_card":"summary_large_image","twitter_misc":{"Escrito por":"Keila Rodr\u00edguez Pe\u00f1a","Tiempo de lectura":"2 minutos"},"schema":{"@context":"https:\/\/schema.org","@graph":[{"@type":"Article","@id":"https:\/\/www.alasmedios.com\/index.php\/2026\/01\/09\/actopan-estrena-camiones-de-basura-y-maquinaria-pesada-por-casi-5-mdp\/#article","isPartOf":{"@id":"https:\/\/www.alasmedios.com\/index.php\/2026\/01\/09\/actopan-estrena-camiones-de-basura-y-maquinaria-pesada-por-casi-5-mdp\/"},"author":{"name":"Keila Rodr\u00edguez Pe\u00f1a","@id":"https:\/\/www.alasmedios.com\/#\/schema\/person\/0ba31bdd19a05ebf5c7fef1fedf99c34"},"headline":"Actopan estrena camiones de basura y maquinaria pesada por casi 5 mdp","datePublished":"2026-01-09T15:03:39+00:00","dateModified":"2026-01-09T15:03:42+00:00","mainEntityOfPage":{"@id":"https:\/\/www.alasmedios.com\/index.php\/2026\/01\/09\/actopan-estrena-camiones-de-basura-y-maquinaria-pesada-por-casi-5-mdp\/"},"wordCount":423,"commentCount":0,"publisher":{"@id":"https:\/\/www.alasmedios.com\/#organization"},"image":{"@id":"https:\/\/www.alasmedios.com\/index.php\/2026\/01\/09\/actopan-estrena-camiones-de-basura-y-maquinaria-pesada-por-casi-5-mdp\/#primaryimage"},"thumbnailUrl":"https:\/\/www.alasmedios.com\/wp-content\/uploads\/2026\/01\/Actopan-ahorros-2025-servicios-camiones-basura-maquinaria-pesada-scaled.jpg","keywords":["Actopan","camiones recolectores de basura","Hidalgo","Imelda Cu\u00e9llar Cano","maquinaria pesada"],"articleSection":["Hidalgo"],"inLanguage":"es","potentialAction":[{"@type":"CommentAction","name":"Comment","target":["https:\/\/www.alasmedios.com\/index.php\/2026\/01\/09\/actopan-estrena-camiones-de-basura-y-maquinaria-pesada-por-casi-5-mdp\/#respond"]}]},{"@type":"WebPage","@id":"https:\/\/www.alasmedios.com\/index.php\/2026\/01\/09\/actopan-estrena-camiones-de-basura-y-maquinaria-pesada-por-casi-5-mdp\/","url":"https:\/\/www.alasmedios.com\/index.php\/2026\/01\/09\/actopan-estrena-camiones-de-basura-y-maquinaria-pesada-por-casi-5-mdp\/","name":"Actopan estrena camiones de basura y maquinaria pesada por casi 5 mdp - Alas Medios","isPartOf":{"@id":"https:\/\/www.alasmedios.com\/#website"},"primaryImageOfPage":{"@id":"https:\/\/www.alasmedios.com\/index.php\/2026\/01\/09\/actopan-estrena-camiones-de-basura-y-maquinaria-pesada-por-casi-5-mdp\/#primaryimage"},"image":{"@id":"https:\/\/www.alasmedios.com\/index.php\/2026\/01\/09\/actopan-estrena-camiones-de-basura-y-maquinaria-pesada-por-casi-5-mdp\/#primaryimage"},"thumbnailUrl":"https:\/\/www.alasmedios.com\/wp-content\/uploads\/2026\/01\/Actopan-ahorros-2025-servicios-camiones-basura-maquinaria-pesada-scaled.jpg","datePublished":"2026-01-09T15:03:39+00:00","dateModified":"2026-01-09T15:03:42+00:00","breadcrumb":{"@id":"https:\/\/www.alasmedios.com\/index.php\/2026\/01\/09\/actopan-estrena-camiones-de-basura-y-maquinaria-pesada-por-casi-5-mdp\/#breadcrumb"},"inLanguage":"es","potentialAction":[{"@type":"ReadAction","target":["https:\/\/www.alasmedios.com\/index.php\/2026\/01\/09\/actopan-estrena-camiones-de-basura-y-maquinaria-pesada-por-casi-5-mdp\/"]}]},{"@type":"ImageObject","inLanguage":"es","@id":"https:\/\/www.alasmedios.com\/index.php\/2026\/01\/09\/actopan-estrena-camiones-de-basura-y-maquinaria-pesada-por-casi-5-mdp\/#primaryimage","url":"https:\/\/www.alasmedios.com\/wp-content\/uploads\/2026\/01\/Actopan-ahorros-2025-servicios-camiones-basura-maquinaria-pesada-scaled.jpg","contentUrl":"https:\/\/www.alasmedios.com\/wp-content\/uploads\/2026\/01\/Actopan-ahorros-2025-servicios-camiones-basura-maquinaria-pesada-scaled.jpg","width":2560,"height":1707},{"@type":"BreadcrumbList","@id":"https:\/\/www.alasmedios.com\/index.php\/2026\/01\/09\/actopan-estrena-camiones-de-basura-y-maquinaria-pesada-por-casi-5-mdp\/#breadcrumb","itemListElement":[{"@type":"ListItem","position":1,"name":"Inicio","item":"https:\/\/www.alasmedios.com\/"},{"@type":"ListItem","position":2,"name":"Actopan estrena camiones de basura y maquinaria pesada por casi 5 mdp"}]},{"@type":"WebSite","@id":"https:\/\/www.alasmedios.com\/#website","url":"https:\/\/www.alasmedios.com\/","name":"Alas Medios","description":"Alas para pensar, Alas para volar, Alas de libertad","publisher":{"@id":"https:\/\/www.alasmedios.com\/#organization"},"potentialAction":[{"@type":"SearchAction","target":{"@type":"EntryPoint","urlTemplate":"https:\/\/www.alasmedios.com\/?s={search_term_string}"},"query-input":{"@type":"PropertyValueSpecification","valueRequired":true,"valueName":"search_term_string"}}],"inLanguage":"es"},{"@type":"Organization","@id":"https:\/\/www.alasmedios.com\/#organization","name":"Alas Medios","url":"https:\/\/www.alasmedios.com\/","logo":{"@type":"ImageObject","inLanguage":"es","@id":"https:\/\/www.alasmedios.com\/#\/schema\/logo\/image\/","url":"https:\/\/www.alasmedios.com\/wp-content\/uploads\/2026\/01\/cropped-cropped-GAM-1.png","contentUrl":"https:\/\/www.alasmedios.com\/wp-content\/uploads\/2026\/01\/cropped-cropped-GAM-1.png","width":467,"height":235,"caption":"Alas Medios"},"image":{"@id":"https:\/\/www.alasmedios.com\/#\/schema\/logo\/image\/"}},{"@type":"Person","@id":"https:\/\/www.alasmedios.com\/#\/schema\/person\/0ba31bdd19a05ebf5c7fef1fedf99c34","name":"Keila Rodr\u00edguez Pe\u00f1a","image":{"@type":"ImageObject","inLanguage":"es","@id":"https:\/\/secure.gravatar.com\/avatar\/a2553a2bfaa601b9d539b617c8793e151bdffb60f9e48a249912f86d4c9ebeef?s=96&d=mm&r=g","url":"https:\/\/secure.gravatar.com\/avatar\/a2553a2bfaa601b9d539b617c8793e151bdffb60f9e48a249912f86d4c9ebeef?s=96&d=mm&r=g","contentUrl":"https:\/\/secure.gravatar.com\/avatar\/a2553a2bfaa601b9d539b617c8793e151bdffb60f9e48a249912f86d4c9ebeef?s=96&d=mm&r=g","caption":"Keila Rodr\u00edguez Pe\u00f1a"},"sameAs":["http:\/\/www.alasmedios.com"],"url":"https:\/\/www.alasmedios.com\/index.php\/author\/keila\/"}]}},"_links":{"self":[{"href":"https:\/\/www.alasmedios.com\/index.php\/wp-json\/wp\/v2\/posts\/7401","targetHints":{"allow":["GET"]}}],"collection":[{"href":"https:\/\/www.alasmedios.com\/index.php\/wp-json\/wp\/v2\/posts"}],"about":[{"href":"https:\/\/www.alasmedios.com\/index.php\/wp-json\/wp\/v2\/types\/post"}],"author":[{"embeddable":true,"href":"https:\/\/www.alasmedios.com\/index.php\/wp-json\/wp\/v2\/users\/4"}],"replies":[{"embeddable":true,"href":"https:\/\/www.alasmedios.com\/index.php\/wp-json\/wp\/v2\/comments?post=7401"}],"version-history":[{"count":1,"href":"https:\/\/www.alasmedios.com\/index.php\/wp-json\/wp\/v2\/posts\/7401\/revisions"}],"predecessor-version":[{"id":7403,"href":"https:\/\/www.alasmedios.com\/index.php\/wp-json\/wp\/v2\/posts\/7401\/revisions\/7403"}],"wp:featuredmedia":[{"embeddable":true,"href":"https:\/\/www.alasmedios.com\/index.php\/wp-json\/wp\/v2\/media\/7402"}],"wp:attachment":[{"href":"https:\/\/www.alasmedios.com\/index.php\/wp-json\/wp\/v2\/media?parent=7401"}],"wp:term":[{"taxonomy":"category","embeddable":true,"href":"https:\/\/www.alasmedios.com\/index.php\/wp-json\/wp\/v2\/categories?post=7401"},{"taxonomy":"post_tag","embeddable":true,"href":"https:\/\/www.alasmedios.com\/index.php\/wp-json\/wp\/v2\/tags?post=7401"}],"curies":[{"name":"wp","href":"https:\/\/api.w.org\/{rel}","templated":true}]}}