{"id":7398,"date":"2026-01-08T17:58:00","date_gmt":"2026-01-08T23:58:00","guid":{"rendered":"https:\/\/www.alasmedios.com\/?p=7398"},"modified":"2026-01-08T15:04:35","modified_gmt":"2026-01-08T21:04:35","slug":"scjn-frena-evasion-de-pension-alimenticia-por-reconocimiento-familiar","status":"publish","type":"post","link":"https:\/\/www.alasmedios.com\/index.php\/2026\/01\/08\/scjn-frena-evasion-de-pension-alimenticia-por-reconocimiento-familiar\/","title":{"rendered":"SCJN frena evasi\u00f3n de pensi\u00f3n alimenticia por reconocimiento familiar"},"content":{"rendered":"\n<p>La <strong>Suprema Corte de Justicia de la Naci\u00f3n (SCJN)<\/strong> fij\u00f3 un criterio contundente: <strong>el padre biol\u00f3gico no queda libre de pagar pensi\u00f3n alimenticia<\/strong>, aunque <strong>otro familiar haya reconocido legalmente al menor<\/strong>. La decisi\u00f3n fue aprobada <strong>por unanimidad<\/strong> por el Pleno.<\/p>\n\n\n\n<p>El fallo surgi\u00f3 al <strong>revocar un amparo<\/strong> concedido a un padre en <strong>Guanajuato<\/strong>, quien durante a\u00f1os evadi\u00f3 el pago de la pensi\u00f3n bajo el argumento de que el <strong>abuelo materno hab\u00eda registrado a la ni\u00f1a<\/strong> mediante la figura de <strong>reconocimiento solidario<\/strong>.<\/p>\n\n\n\n<p>La Corte, a trav\u00e9s del proyecto de la ministra <strong>Sara Irene Herrer\u00edas Guerra<\/strong>, estableci\u00f3 que la <strong>obligaci\u00f3n alimentaria es un derecho humano irrenunciable, insustituible e imprescriptible<\/strong>, que <strong>nace del v\u00ednculo biol\u00f3gico<\/strong> y <strong>no se extingue por el apoyo de terceros<\/strong>. Por ello, el caso fue devuelto al tribunal colegiado para que emita una nueva sentencia que contemple el <strong>pago de alimentos retroactivos desde el nacimiento<\/strong>.<\/p>\n\n\n\n<p>CONTIN\u00daA LEYENDO: <a href=\"https:\/\/www.alasmedios.com\/index.php\/2026\/01\/08\/nina-de-10-anos-permanece-grave-tras-dar-a-luz-en-chiapas-fiscalia-ya-investiga-el-caso\/\" data-type=\"post\" data-id=\"7389\">Ni\u00f1a de 10 a\u00f1os permanece grave tras dar a luz en Chiapas; Fiscal\u00eda ya investiga el caso<\/a><\/p>\n\n\n\n<p><em>\u201cEl reconocimiento del abuelo forma parte de una <strong>red de apoyo familiar<\/strong>, pero <strong>no releva al padre biol\u00f3gico<\/strong> de su responsabilidad<\/em>\u201d, sostuvo la ponente, al subrayar que <strong>no existe incompatibilidad de paternidades<\/strong> que permita borrar la deuda alimentaria, conforme al <strong>art\u00edculo 17 constitucional<\/strong>.<\/p>\n\n\n\n<p>Durante la discusi\u00f3n, el ministro presidente <strong>Hugo Aguilar Ortiz<\/strong> respald\u00f3 el sentido del fallo, aunque pidi\u00f3 ampliar el an\u00e1lisis desde la <strong>realidad social y la pluriparentalidad<\/strong>, al se\u00f1alar que el abuelo asumi\u00f3 funciones parentales durante a\u00f1os. Aclar\u00f3 que <strong>los alimentos no son una sanci\u00f3n<\/strong>, sino un <strong>derecho orientado al bienestar del menor<\/strong>, cuya responsabilidad puede ser <strong>compartida<\/strong>, pero no sustituida.<\/p>\n\n\n\n<p>La postura gener\u00f3 respuesta inmediata de la ministra <strong>Mar\u00eda Estela R\u00edos Gonz\u00e1lez<\/strong>, quien rechaz\u00f3 la idea de que la menor \u201cno tuviera padre\u201d, al enfatizar que <strong>s\u00ed existi\u00f3 un progenitor que incumpli\u00f3<\/strong>, y que ello no puede diluir su responsabilidad.<\/p>\n\n\n\n<p>Por su parte, la ministra <strong>Lenia Batres Guadarrama<\/strong> destac\u00f3 el <strong>alto impacto social<\/strong> de la resoluci\u00f3n en un pa\u00eds marcado por la <strong>renuncia hist\u00f3rica a la paternidad<\/strong>, se\u00f1alando directamente el <strong>machismo<\/strong> como una pr\u00e1ctica que ha normalizado el abandono de obligaciones hacia hijas e hijos.<\/p>\n\n\n\n<p>TE PUEDE INTERESAR: <a href=\"https:\/\/www.alasmedios.com\/index.php\/2026\/01\/08\/charlyn-corral-manda-en-el-gol-reina-del-mundo-por-segundo-ano-consecutivo\/\" data-type=\"post\" data-id=\"7395\">Charlyn Corral manda en el gol: reina del mundo por segundo a\u00f1o consecutivo<\/a><\/p>\n\n\n\n<p>En un segundo asunto, la Corte tambi\u00e9n fortaleci\u00f3 el marco de protecci\u00f3n a las infancias. A propuesta de la ministra <strong>Yasm\u00edn Esquivel Mossa<\/strong>, se aprob\u00f3 otro criterio que establece que el <strong>derecho a recibir alimentos es fundamental<\/strong>, y que el <strong>incumplimiento parcial<\/strong> tambi\u00e9n configura responsabilidad, no s\u00f3lo el absoluto.<\/p>\n\n\n<ul class=\"wp-block-latest-posts__list is-grid columns-3 wp-block-latest-posts\"><li><div class=\"wp-block-latest-posts__featured-image\"><img loading=\"lazy\" decoding=\"async\" width=\"150\" height=\"150\" src=\"https:\/\/www.alasmedios.com\/wp-content\/uploads\/2026\/05\/AMPEP-inteligencia-artificial-150x150.jpg\" class=\"attachment-thumbnail size-thumbnail wp-post-image\" alt=\"\" style=\"\" \/><\/div><a class=\"wp-block-latest-posts__post-title\" href=\"https:\/\/www.alasmedios.com\/index.php\/2026\/05\/01\/periodismo-frente-a-la-ia-ampep-asume-liderazgo-y-apuesta-por-contar-historias-con-alma\/\">Periodismo frente a la IA: AMPEP asume liderazgo y apuesta por contar historias con \u201calma\u201d<\/a><\/li>\n<li><div class=\"wp-block-latest-posts__featured-image\"><img loading=\"lazy\" decoding=\"async\" width=\"150\" height=\"150\" src=\"https:\/\/www.alasmedios.com\/wp-content\/uploads\/2026\/05\/Hidalgo-viene-un-respiro-con-el-frente-frio-48-150x150.png\" class=\"attachment-thumbnail size-thumbnail wp-post-image\" alt=\"\" style=\"\" \/><\/div><a class=\"wp-block-latest-posts__post-title\" href=\"https:\/\/www.alasmedios.com\/index.php\/2026\/05\/01\/frente-frio-48-un-alivio-asi-impactara-en-hidalgo\/\">Frente fr\u00edo 48, un alivio: as\u00ed impactar\u00e1 en Hidalgo<\/a><\/li>\n<li><div class=\"wp-block-latest-posts__featured-image\"><img loading=\"lazy\" decoding=\"async\" width=\"150\" height=\"150\" src=\"https:\/\/www.alasmedios.com\/wp-content\/uploads\/2026\/05\/mujeres-depresion-posparto-150x150.png\" class=\"attachment-thumbnail size-thumbnail wp-post-image\" alt=\"\" style=\"\" \/><\/div><a class=\"wp-block-latest-posts__post-title\" href=\"https:\/\/www.alasmedios.com\/index.php\/2026\/05\/01\/1-de-cada-15-mujeres-sufre-depresion-posparto\/\">1 de cada 15 mujeres sufre depresi\u00f3n posparto<\/a><\/li>\n<\/ul>","protected":false},"excerpt":{"rendered":"<p>La Suprema Corte de Justicia de la Naci\u00f3n (SCJN) fij\u00f3 un criterio contundente: el padre biol\u00f3gico no queda libre de<\/p>\n","protected":false},"author":4,"featured_media":7399,"comment_status":"open","ping_status":"open","sticky":false,"template":"","format":"standard","meta":{"colormag_page_container_layout":"default_layout","colormag_page_sidebar_layout":"default_layout","rop_custom_images_group":[],"rop_custom_messages_group":[],"rop_publish_now":"initial","rop_publish_now_accounts":[],"rop_publish_now_history":[],"rop_publish_now_status":"pending","iawp_total_views":0,"footnotes":""},"categories":[42,3222],"tags":[456,2615,175,612,3235,1451],"class_list":["post-7398","post","type-post","status-publish","format-standard","has-post-thumbnail","hentry","category-familia_salud","category-mexico","tag-derechos","tag-guanajuato","tag-infancias","tag-pension-alimenticia","tag-reconocimiento-solidario","tag-scjn"],"magazineBlocksPostFeaturedMedia":{"thumbnail":"https:\/\/www.alasmedios.com\/wp-content\/uploads\/2026\/01\/el-padre-biologico-debe-pagar-pension-aunque-otro-familiar-reconozca-al-menor-150x150.png","medium":"https:\/\/www.alasmedios.com\/wp-content\/uploads\/2026\/01\/el-padre-biologico-debe-pagar-pension-aunque-otro-familiar-reconozca-al-menor-300x182.png","medium_large":"https:\/\/www.alasmedios.com\/wp-content\/uploads\/2026\/01\/el-padre-biologico-debe-pagar-pension-aunque-otro-familiar-reconozca-al-menor-768x466.png","large":"https:\/\/www.alasmedios.com\/wp-content\/uploads\/2026\/01\/el-padre-biologico-debe-pagar-pension-aunque-otro-familiar-reconozca-al-menor-1024x622.png","1536x1536":"https:\/\/www.alasmedios.com\/wp-content\/uploads\/2026\/01\/el-padre-biologico-debe-pagar-pension-aunque-otro-familiar-reconozca-al-menor-1536x932.png","2048x2048":"https:\/\/www.alasmedios.com\/wp-content\/uploads\/2026\/01\/el-padre-biologico-debe-pagar-pension-aunque-otro-familiar-reconozca-al-menor.png","colormag-highlighted-post":"https:\/\/www.alasmedios.com\/wp-content\/uploads\/2026\/01\/el-padre-biologico-debe-pagar-pension-aunque-otro-familiar-reconozca-al-menor-392x272.png","colormag-featured-post-medium":"https:\/\/www.alasmedios.com\/wp-content\/uploads\/2026\/01\/el-padre-biologico-debe-pagar-pension-aunque-otro-familiar-reconozca-al-menor-390x205.png","colormag-featured-post-small":"https:\/\/www.alasmedios.com\/wp-content\/uploads\/2026\/01\/el-padre-biologico-debe-pagar-pension-aunque-otro-familiar-reconozca-al-menor-130x90.png","colormag-featured-image":"https:\/\/www.alasmedios.com\/wp-content\/uploads\/2026\/01\/el-padre-biologico-debe-pagar-pension-aunque-otro-familiar-reconozca-al-menor-800x445.png","colormag-default-news":"https:\/\/www.alasmedios.com\/wp-content\/uploads\/2026\/01\/el-padre-biologico-debe-pagar-pension-aunque-otro-familiar-reconozca-al-menor-150x150.png","colormag-featured-image-large":"https:\/\/www.alasmedios.com\/wp-content\/uploads\/2026\/01\/el-padre-biologico-debe-pagar-pension-aunque-otro-familiar-reconozca-al-menor-1400x600.png"},"magazineBlocksPostAuthor":{"name":"Keila Rodr\u00edguez Pe\u00f1a","avatar":"https:\/\/secure.gravatar.com\/avatar\/a2553a2bfaa601b9d539b617c8793e151bdffb60f9e48a249912f86d4c9ebeef?s=96&d=mm&r=g"},"magazineBlocksPostCommentsNumber":"0","magazineBlocksPostExcerpt":"La Suprema Corte de Justicia de la Naci\u00f3n (SCJN) fij\u00f3 un criterio contundente: el padre biol\u00f3gico no queda libre de","magazineBlocksPostCategories":["Familia y Bienestar","M\u00e9xico"],"magazineBlocksPostViewCount":82,"magazineBlocksPostReadTime":3,"magazine_blocks_featured_image_url":{"full":["https:\/\/www.alasmedios.com\/wp-content\/uploads\/2026\/01\/el-padre-biologico-debe-pagar-pension-aunque-otro-familiar-reconozca-al-menor.png",2000,1214,false],"medium":["https:\/\/www.alasmedios.com\/wp-content\/uploads\/2026\/01\/el-padre-biologico-debe-pagar-pension-aunque-otro-familiar-reconozca-al-menor-300x182.png",300,182,true],"thumbnail":["https:\/\/www.alasmedios.com\/wp-content\/uploads\/2026\/01\/el-padre-biologico-debe-pagar-pension-aunque-otro-familiar-reconozca-al-menor-150x150.png",150,150,true]},"magazine_blocks_author":{"display_name":"Keila Rodr\u00edguez Pe\u00f1a","author_link":"https:\/\/www.alasmedios.com\/index.php\/author\/keila\/"},"magazine_blocks_comment":0,"magazine_blocks_author_image":"https:\/\/secure.gravatar.com\/avatar\/a2553a2bfaa601b9d539b617c8793e151bdffb60f9e48a249912f86d4c9ebeef?s=96&d=mm&r=g","magazine_blocks_category":"<a href=\"#\" class=\"category-link category-link-42\">Familia y Bienestar<\/a> <a href=\"#\" class=\"category-link category-link-3222\">M\u00e9xico<\/a>","yoast_head":"<!-- This site is optimized with the Yoast SEO plugin v27.5 - https:\/\/yoast.com\/product\/yoast-seo-wordpress\/ -->\r\n<title>SCJN frena evasi\u00f3n de pensi\u00f3n alimenticia por reconocimiento familiar - Alas Medios<\/title>\r\n<meta name=\"robots\" content=\"index, follow, max-snippet:-1, max-image-preview:large, max-video-preview:-1\" \/>\r\n<link rel=\"canonical\" href=\"https:\/\/www.alasmedios.com\/index.php\/2026\/01\/08\/scjn-frena-evasion-de-pension-alimenticia-por-reconocimiento-familiar\/\" \/>\r\n<meta property=\"og:locale\" content=\"es_MX\" \/>\r\n<meta property=\"og:type\" content=\"article\" \/>\r\n<meta property=\"og:title\" content=\"SCJN frena evasi\u00f3n de pensi\u00f3n alimenticia por reconocimiento familiar - Alas Medios\" \/>\r\n<meta property=\"og:description\" content=\"La Suprema Corte de Justicia de la Naci\u00f3n (SCJN) fij\u00f3 un criterio contundente: el padre biol\u00f3gico no queda libre de\" \/>\r\n<meta property=\"og:url\" content=\"https:\/\/www.alasmedios.com\/index.php\/2026\/01\/08\/scjn-frena-evasion-de-pension-alimenticia-por-reconocimiento-familiar\/\" \/>\r\n<meta property=\"og:site_name\" content=\"Alas Medios\" \/>\r\n<meta property=\"article:published_time\" content=\"2026-01-08T23:58:00+00:00\" \/>\r\n<meta property=\"og:image\" content=\"https:\/\/www.alasmedios.com\/wp-content\/uploads\/2026\/01\/el-padre-biologico-debe-pagar-pension-aunque-otro-familiar-reconozca-al-menor-1024x622.png\" \/>\r\n\t<meta property=\"og:image:width\" content=\"1024\" \/>\r\n\t<meta property=\"og:image:height\" content=\"622\" \/>\r\n\t<meta property=\"og:image:type\" content=\"image\/png\" \/>\r\n<meta name=\"author\" content=\"Keila Rodr\u00edguez Pe\u00f1a\" \/>\r\n<meta name=\"twitter:card\" content=\"summary_large_image\" \/>\r\n<meta name=\"twitter:label1\" content=\"Escrito por\" \/>\n\t<meta name=\"twitter:data1\" content=\"Keila Rodr\u00edguez Pe\u00f1a\" \/>\n\t<meta name=\"twitter:label2\" content=\"Tiempo de lectura\" \/>\n\t<meta name=\"twitter:data2\" content=\"2 minutos\" \/>\r\n<script type=\"application\/ld+json\" class=\"yoast-schema-graph\">{\"@context\":\"https:\\\/\\\/schema.org\",\"@graph\":[{\"@type\":\"Article\",\"@id\":\"https:\\\/\\\/www.alasmedios.com\\\/index.php\\\/2026\\\/01\\\/08\\\/scjn-frena-evasion-de-pension-alimenticia-por-reconocimiento-familiar\\\/#article\",\"isPartOf\":{\"@id\":\"https:\\\/\\\/www.alasmedios.com\\\/index.php\\\/2026\\\/01\\\/08\\\/scjn-frena-evasion-de-pension-alimenticia-por-reconocimiento-familiar\\\/\"},\"author\":{\"name\":\"Keila Rodr\u00edguez Pe\u00f1a\",\"@id\":\"https:\\\/\\\/www.alasmedios.com\\\/#\\\/schema\\\/person\\\/0ba31bdd19a05ebf5c7fef1fedf99c34\"},\"headline\":\"SCJN frena evasi\u00f3n de pensi\u00f3n alimenticia por reconocimiento familiar\",\"datePublished\":\"2026-01-08T23:58:00+00:00\",\"mainEntityOfPage\":{\"@id\":\"https:\\\/\\\/www.alasmedios.com\\\/index.php\\\/2026\\\/01\\\/08\\\/scjn-frena-evasion-de-pension-alimenticia-por-reconocimiento-familiar\\\/\"},\"wordCount\":465,\"commentCount\":0,\"publisher\":{\"@id\":\"https:\\\/\\\/www.alasmedios.com\\\/#organization\"},\"image\":{\"@id\":\"https:\\\/\\\/www.alasmedios.com\\\/index.php\\\/2026\\\/01\\\/08\\\/scjn-frena-evasion-de-pension-alimenticia-por-reconocimiento-familiar\\\/#primaryimage\"},\"thumbnailUrl\":\"https:\\\/\\\/www.alasmedios.com\\\/wp-content\\\/uploads\\\/2026\\\/01\\\/el-padre-biologico-debe-pagar-pension-aunque-otro-familiar-reconozca-al-menor.png\",\"keywords\":[\"derechos\",\"Guanajuato\",\"infancias\",\"pensi\u00f3n alimenticia\",\"reconocimiento solidario\",\"SCJN\"],\"articleSection\":[\"Familia y Bienestar\",\"M\u00e9xico\"],\"inLanguage\":\"es\",\"potentialAction\":[{\"@type\":\"CommentAction\",\"name\":\"Comment\",\"target\":[\"https:\\\/\\\/www.alasmedios.com\\\/index.php\\\/2026\\\/01\\\/08\\\/scjn-frena-evasion-de-pension-alimenticia-por-reconocimiento-familiar\\\/#respond\"]}]},{\"@type\":\"WebPage\",\"@id\":\"https:\\\/\\\/www.alasmedios.com\\\/index.php\\\/2026\\\/01\\\/08\\\/scjn-frena-evasion-de-pension-alimenticia-por-reconocimiento-familiar\\\/\",\"url\":\"https:\\\/\\\/www.alasmedios.com\\\/index.php\\\/2026\\\/01\\\/08\\\/scjn-frena-evasion-de-pension-alimenticia-por-reconocimiento-familiar\\\/\",\"name\":\"SCJN frena evasi\u00f3n de pensi\u00f3n alimenticia por reconocimiento familiar - Alas Medios\",\"isPartOf\":{\"@id\":\"https:\\\/\\\/www.alasmedios.com\\\/#website\"},\"primaryImageOfPage\":{\"@id\":\"https:\\\/\\\/www.alasmedios.com\\\/index.php\\\/2026\\\/01\\\/08\\\/scjn-frena-evasion-de-pension-alimenticia-por-reconocimiento-familiar\\\/#primaryimage\"},\"image\":{\"@id\":\"https:\\\/\\\/www.alasmedios.com\\\/index.php\\\/2026\\\/01\\\/08\\\/scjn-frena-evasion-de-pension-alimenticia-por-reconocimiento-familiar\\\/#primaryimage\"},\"thumbnailUrl\":\"https:\\\/\\\/www.alasmedios.com\\\/wp-content\\\/uploads\\\/2026\\\/01\\\/el-padre-biologico-debe-pagar-pension-aunque-otro-familiar-reconozca-al-menor.png\",\"datePublished\":\"2026-01-08T23:58:00+00:00\",\"breadcrumb\":{\"@id\":\"https:\\\/\\\/www.alasmedios.com\\\/index.php\\\/2026\\\/01\\\/08\\\/scjn-frena-evasion-de-pension-alimenticia-por-reconocimiento-familiar\\\/#breadcrumb\"},\"inLanguage\":\"es\",\"potentialAction\":[{\"@type\":\"ReadAction\",\"target\":[\"https:\\\/\\\/www.alasmedios.com\\\/index.php\\\/2026\\\/01\\\/08\\\/scjn-frena-evasion-de-pension-alimenticia-por-reconocimiento-familiar\\\/\"]}]},{\"@type\":\"ImageObject\",\"inLanguage\":\"es\",\"@id\":\"https:\\\/\\\/www.alasmedios.com\\\/index.php\\\/2026\\\/01\\\/08\\\/scjn-frena-evasion-de-pension-alimenticia-por-reconocimiento-familiar\\\/#primaryimage\",\"url\":\"https:\\\/\\\/www.alasmedios.com\\\/wp-content\\\/uploads\\\/2026\\\/01\\\/el-padre-biologico-debe-pagar-pension-aunque-otro-familiar-reconozca-al-menor.png\",\"contentUrl\":\"https:\\\/\\\/www.alasmedios.com\\\/wp-content\\\/uploads\\\/2026\\\/01\\\/el-padre-biologico-debe-pagar-pension-aunque-otro-familiar-reconozca-al-menor.png\",\"width\":2000,\"height\":1214},{\"@type\":\"BreadcrumbList\",\"@id\":\"https:\\\/\\\/www.alasmedios.com\\\/index.php\\\/2026\\\/01\\\/08\\\/scjn-frena-evasion-de-pension-alimenticia-por-reconocimiento-familiar\\\/#breadcrumb\",\"itemListElement\":[{\"@type\":\"ListItem\",\"position\":1,\"name\":\"Inicio\",\"item\":\"https:\\\/\\\/www.alasmedios.com\\\/\"},{\"@type\":\"ListItem\",\"position\":2,\"name\":\"SCJN frena evasi\u00f3n de pensi\u00f3n alimenticia por reconocimiento familiar\"}]},{\"@type\":\"WebSite\",\"@id\":\"https:\\\/\\\/www.alasmedios.com\\\/#website\",\"url\":\"https:\\\/\\\/www.alasmedios.com\\\/\",\"name\":\"Alas Medios\",\"description\":\"Alas para pensar, Alas para volar, Alas de libertad\",\"publisher\":{\"@id\":\"https:\\\/\\\/www.alasmedios.com\\\/#organization\"},\"potentialAction\":[{\"@type\":\"SearchAction\",\"target\":{\"@type\":\"EntryPoint\",\"urlTemplate\":\"https:\\\/\\\/www.alasmedios.com\\\/?s={search_term_string}\"},\"query-input\":{\"@type\":\"PropertyValueSpecification\",\"valueRequired\":true,\"valueName\":\"search_term_string\"}}],\"inLanguage\":\"es\"},{\"@type\":\"Organization\",\"@id\":\"https:\\\/\\\/www.alasmedios.com\\\/#organization\",\"name\":\"Alas Medios\",\"url\":\"https:\\\/\\\/www.alasmedios.com\\\/\",\"logo\":{\"@type\":\"ImageObject\",\"inLanguage\":\"es\",\"@id\":\"https:\\\/\\\/www.alasmedios.com\\\/#\\\/schema\\\/logo\\\/image\\\/\",\"url\":\"https:\\\/\\\/www.alasmedios.com\\\/wp-content\\\/uploads\\\/2026\\\/01\\\/cropped-cropped-GAM-1.png\",\"contentUrl\":\"https:\\\/\\\/www.alasmedios.com\\\/wp-content\\\/uploads\\\/2026\\\/01\\\/cropped-cropped-GAM-1.png\",\"width\":467,\"height\":235,\"caption\":\"Alas Medios\"},\"image\":{\"@id\":\"https:\\\/\\\/www.alasmedios.com\\\/#\\\/schema\\\/logo\\\/image\\\/\"}},{\"@type\":\"Person\",\"@id\":\"https:\\\/\\\/www.alasmedios.com\\\/#\\\/schema\\\/person\\\/0ba31bdd19a05ebf5c7fef1fedf99c34\",\"name\":\"Keila Rodr\u00edguez Pe\u00f1a\",\"image\":{\"@type\":\"ImageObject\",\"inLanguage\":\"es\",\"@id\":\"https:\\\/\\\/secure.gravatar.com\\\/avatar\\\/a2553a2bfaa601b9d539b617c8793e151bdffb60f9e48a249912f86d4c9ebeef?s=96&d=mm&r=g\",\"url\":\"https:\\\/\\\/secure.gravatar.com\\\/avatar\\\/a2553a2bfaa601b9d539b617c8793e151bdffb60f9e48a249912f86d4c9ebeef?s=96&d=mm&r=g\",\"contentUrl\":\"https:\\\/\\\/secure.gravatar.com\\\/avatar\\\/a2553a2bfaa601b9d539b617c8793e151bdffb60f9e48a249912f86d4c9ebeef?s=96&d=mm&r=g\",\"caption\":\"Keila Rodr\u00edguez Pe\u00f1a\"},\"sameAs\":[\"http:\\\/\\\/www.alasmedios.com\"],\"url\":\"https:\\\/\\\/www.alasmedios.com\\\/index.php\\\/author\\\/keila\\\/\"}]}<\/script>\r\n<!-- \/ Yoast SEO plugin. -->","yoast_head_json":{"title":"SCJN frena evasi\u00f3n de pensi\u00f3n alimenticia por reconocimiento familiar - Alas Medios","robots":{"index":"index","follow":"follow","max-snippet":"max-snippet:-1","max-image-preview":"max-image-preview:large","max-video-preview":"max-video-preview:-1"},"canonical":"https:\/\/www.alasmedios.com\/index.php\/2026\/01\/08\/scjn-frena-evasion-de-pension-alimenticia-por-reconocimiento-familiar\/","og_locale":"es_MX","og_type":"article","og_title":"SCJN frena evasi\u00f3n de pensi\u00f3n alimenticia por reconocimiento familiar - Alas Medios","og_description":"La Suprema Corte de Justicia de la Naci\u00f3n (SCJN) fij\u00f3 un criterio contundente: el padre biol\u00f3gico no queda libre de","og_url":"https:\/\/www.alasmedios.com\/index.php\/2026\/01\/08\/scjn-frena-evasion-de-pension-alimenticia-por-reconocimiento-familiar\/","og_site_name":"Alas Medios","article_published_time":"2026-01-08T23:58:00+00:00","og_image":[{"width":1024,"height":622,"url":"https:\/\/www.alasmedios.com\/wp-content\/uploads\/2026\/01\/el-padre-biologico-debe-pagar-pension-aunque-otro-familiar-reconozca-al-menor-1024x622.png","type":"image\/png"}],"author":"Keila Rodr\u00edguez Pe\u00f1a","twitter_card":"summary_large_image","twitter_misc":{"Escrito por":"Keila Rodr\u00edguez Pe\u00f1a","Tiempo de lectura":"2 minutos"},"schema":{"@context":"https:\/\/schema.org","@graph":[{"@type":"Article","@id":"https:\/\/www.alasmedios.com\/index.php\/2026\/01\/08\/scjn-frena-evasion-de-pension-alimenticia-por-reconocimiento-familiar\/#article","isPartOf":{"@id":"https:\/\/www.alasmedios.com\/index.php\/2026\/01\/08\/scjn-frena-evasion-de-pension-alimenticia-por-reconocimiento-familiar\/"},"author":{"name":"Keila Rodr\u00edguez Pe\u00f1a","@id":"https:\/\/www.alasmedios.com\/#\/schema\/person\/0ba31bdd19a05ebf5c7fef1fedf99c34"},"headline":"SCJN frena evasi\u00f3n de pensi\u00f3n alimenticia por reconocimiento familiar","datePublished":"2026-01-08T23:58:00+00:00","mainEntityOfPage":{"@id":"https:\/\/www.alasmedios.com\/index.php\/2026\/01\/08\/scjn-frena-evasion-de-pension-alimenticia-por-reconocimiento-familiar\/"},"wordCount":465,"commentCount":0,"publisher":{"@id":"https:\/\/www.alasmedios.com\/#organization"},"image":{"@id":"https:\/\/www.alasmedios.com\/index.php\/2026\/01\/08\/scjn-frena-evasion-de-pension-alimenticia-por-reconocimiento-familiar\/#primaryimage"},"thumbnailUrl":"https:\/\/www.alasmedios.com\/wp-content\/uploads\/2026\/01\/el-padre-biologico-debe-pagar-pension-aunque-otro-familiar-reconozca-al-menor.png","keywords":["derechos","Guanajuato","infancias","pensi\u00f3n alimenticia","reconocimiento solidario","SCJN"],"articleSection":["Familia y Bienestar","M\u00e9xico"],"inLanguage":"es","potentialAction":[{"@type":"CommentAction","name":"Comment","target":["https:\/\/www.alasmedios.com\/index.php\/2026\/01\/08\/scjn-frena-evasion-de-pension-alimenticia-por-reconocimiento-familiar\/#respond"]}]},{"@type":"WebPage","@id":"https:\/\/www.alasmedios.com\/index.php\/2026\/01\/08\/scjn-frena-evasion-de-pension-alimenticia-por-reconocimiento-familiar\/","url":"https:\/\/www.alasmedios.com\/index.php\/2026\/01\/08\/scjn-frena-evasion-de-pension-alimenticia-por-reconocimiento-familiar\/","name":"SCJN frena evasi\u00f3n de pensi\u00f3n alimenticia por reconocimiento familiar - Alas Medios","isPartOf":{"@id":"https:\/\/www.alasmedios.com\/#website"},"primaryImageOfPage":{"@id":"https:\/\/www.alasmedios.com\/index.php\/2026\/01\/08\/scjn-frena-evasion-de-pension-alimenticia-por-reconocimiento-familiar\/#primaryimage"},"image":{"@id":"https:\/\/www.alasmedios.com\/index.php\/2026\/01\/08\/scjn-frena-evasion-de-pension-alimenticia-por-reconocimiento-familiar\/#primaryimage"},"thumbnailUrl":"https:\/\/www.alasmedios.com\/wp-content\/uploads\/2026\/01\/el-padre-biologico-debe-pagar-pension-aunque-otro-familiar-reconozca-al-menor.png","datePublished":"2026-01-08T23:58:00+00:00","breadcrumb":{"@id":"https:\/\/www.alasmedios.com\/index.php\/2026\/01\/08\/scjn-frena-evasion-de-pension-alimenticia-por-reconocimiento-familiar\/#breadcrumb"},"inLanguage":"es","potentialAction":[{"@type":"ReadAction","target":["https:\/\/www.alasmedios.com\/index.php\/2026\/01\/08\/scjn-frena-evasion-de-pension-alimenticia-por-reconocimiento-familiar\/"]}]},{"@type":"ImageObject","inLanguage":"es","@id":"https:\/\/www.alasmedios.com\/index.php\/2026\/01\/08\/scjn-frena-evasion-de-pension-alimenticia-por-reconocimiento-familiar\/#primaryimage","url":"https:\/\/www.alasmedios.com\/wp-content\/uploads\/2026\/01\/el-padre-biologico-debe-pagar-pension-aunque-otro-familiar-reconozca-al-menor.png","contentUrl":"https:\/\/www.alasmedios.com\/wp-content\/uploads\/2026\/01\/el-padre-biologico-debe-pagar-pension-aunque-otro-familiar-reconozca-al-menor.png","width":2000,"height":1214},{"@type":"BreadcrumbList","@id":"https:\/\/www.alasmedios.com\/index.php\/2026\/01\/08\/scjn-frena-evasion-de-pension-alimenticia-por-reconocimiento-familiar\/#breadcrumb","itemListElement":[{"@type":"ListItem","position":1,"name":"Inicio","item":"https:\/\/www.alasmedios.com\/"},{"@type":"ListItem","position":2,"name":"SCJN frena evasi\u00f3n de pensi\u00f3n alimenticia por reconocimiento familiar"}]},{"@type":"WebSite","@id":"https:\/\/www.alasmedios.com\/#website","url":"https:\/\/www.alasmedios.com\/","name":"Alas Medios","description":"Alas para pensar, Alas para volar, Alas de libertad","publisher":{"@id":"https:\/\/www.alasmedios.com\/#organization"},"potentialAction":[{"@type":"SearchAction","target":{"@type":"EntryPoint","urlTemplate":"https:\/\/www.alasmedios.com\/?s={search_term_string}"},"query-input":{"@type":"PropertyValueSpecification","valueRequired":true,"valueName":"search_term_string"}}],"inLanguage":"es"},{"@type":"Organization","@id":"https:\/\/www.alasmedios.com\/#organization","name":"Alas Medios","url":"https:\/\/www.alasmedios.com\/","logo":{"@type":"ImageObject","inLanguage":"es","@id":"https:\/\/www.alasmedios.com\/#\/schema\/logo\/image\/","url":"https:\/\/www.alasmedios.com\/wp-content\/uploads\/2026\/01\/cropped-cropped-GAM-1.png","contentUrl":"https:\/\/www.alasmedios.com\/wp-content\/uploads\/2026\/01\/cropped-cropped-GAM-1.png","width":467,"height":235,"caption":"Alas Medios"},"image":{"@id":"https:\/\/www.alasmedios.com\/#\/schema\/logo\/image\/"}},{"@type":"Person","@id":"https:\/\/www.alasmedios.com\/#\/schema\/person\/0ba31bdd19a05ebf5c7fef1fedf99c34","name":"Keila Rodr\u00edguez Pe\u00f1a","image":{"@type":"ImageObject","inLanguage":"es","@id":"https:\/\/secure.gravatar.com\/avatar\/a2553a2bfaa601b9d539b617c8793e151bdffb60f9e48a249912f86d4c9ebeef?s=96&d=mm&r=g","url":"https:\/\/secure.gravatar.com\/avatar\/a2553a2bfaa601b9d539b617c8793e151bdffb60f9e48a249912f86d4c9ebeef?s=96&d=mm&r=g","contentUrl":"https:\/\/secure.gravatar.com\/avatar\/a2553a2bfaa601b9d539b617c8793e151bdffb60f9e48a249912f86d4c9ebeef?s=96&d=mm&r=g","caption":"Keila Rodr\u00edguez Pe\u00f1a"},"sameAs":["http:\/\/www.alasmedios.com"],"url":"https:\/\/www.alasmedios.com\/index.php\/author\/keila\/"}]}},"_links":{"self":[{"href":"https:\/\/www.alasmedios.com\/index.php\/wp-json\/wp\/v2\/posts\/7398","targetHints":{"allow":["GET"]}}],"collection":[{"href":"https:\/\/www.alasmedios.com\/index.php\/wp-json\/wp\/v2\/posts"}],"about":[{"href":"https:\/\/www.alasmedios.com\/index.php\/wp-json\/wp\/v2\/types\/post"}],"author":[{"embeddable":true,"href":"https:\/\/www.alasmedios.com\/index.php\/wp-json\/wp\/v2\/users\/4"}],"replies":[{"embeddable":true,"href":"https:\/\/www.alasmedios.com\/index.php\/wp-json\/wp\/v2\/comments?post=7398"}],"version-history":[{"count":1,"href":"https:\/\/www.alasmedios.com\/index.php\/wp-json\/wp\/v2\/posts\/7398\/revisions"}],"predecessor-version":[{"id":7400,"href":"https:\/\/www.alasmedios.com\/index.php\/wp-json\/wp\/v2\/posts\/7398\/revisions\/7400"}],"wp:featuredmedia":[{"embeddable":true,"href":"https:\/\/www.alasmedios.com\/index.php\/wp-json\/wp\/v2\/media\/7399"}],"wp:attachment":[{"href":"https:\/\/www.alasmedios.com\/index.php\/wp-json\/wp\/v2\/media?parent=7398"}],"wp:term":[{"taxonomy":"category","embeddable":true,"href":"https:\/\/www.alasmedios.com\/index.php\/wp-json\/wp\/v2\/categories?post=7398"},{"taxonomy":"post_tag","embeddable":true,"href":"https:\/\/www.alasmedios.com\/index.php\/wp-json\/wp\/v2\/tags?post=7398"}],"curies":[{"name":"wp","href":"https:\/\/api.w.org\/{rel}","templated":true}]}}