{"id":7389,"date":"2026-01-08T10:28:41","date_gmt":"2026-01-08T16:28:41","guid":{"rendered":"https:\/\/www.alasmedios.com\/?p=7389"},"modified":"2026-01-08T10:28:44","modified_gmt":"2026-01-08T16:28:44","slug":"nina-de-10-anos-permanece-grave-tras-dar-a-luz-en-chiapas-fiscalia-ya-investiga-el-caso","status":"publish","type":"post","link":"https:\/\/www.alasmedios.com\/index.php\/2026\/01\/08\/nina-de-10-anos-permanece-grave-tras-dar-a-luz-en-chiapas-fiscalia-ya-investiga-el-caso\/","title":{"rendered":"Ni\u00f1a de 10 a\u00f1os permanece grave tras dar a luz en Chiapas; Fiscal\u00eda ya investiga el caso"},"content":{"rendered":"\n<p>Una <strong>ni\u00f1a de 10 a\u00f1os<\/strong>, originaria del municipio ind\u00edgena de <strong>San Juan Chamula<\/strong>, se encuentra <strong>entre la vida y la muerte<\/strong> tras haber dado a luz en el <strong>Hospital de la Mujer<\/strong>, ubicado en <strong>San Crist\u00f3bal de las Casas, Chiapas<\/strong>. Su estado de salud es reportado como <strong>cr\u00edtico<\/strong>, debido a severas complicaciones derivadas del embarazo.<\/p>\n\n\n\n<p>De acuerdo con <strong>fuentes oficiales<\/strong>, la menor fue ingresada al hospital por sus padres durante el fin de semana, luego de que <strong>iniciaran las contracciones<\/strong>. Tras el parto, el personal m\u00e9dico detect\u00f3 <strong>aplastamiento de vejiga y uretra<\/strong>, as\u00ed como <strong>lesiones en tejidos internos<\/strong>, ocasionadas por la <strong>inmadurez f\u00edsica<\/strong> de la ni\u00f1a, quien pesa <strong>40 kilogramos<\/strong> y mide <strong>un metro con 20 cent\u00edmetros<\/strong>.<\/p>\n\n\n\n<p>El <strong>reci\u00e9n nacido<\/strong>, que lleg\u00f3 <strong>dos semanas antes del t\u00e9rmino de gestaci\u00f3n<\/strong>, logr\u00f3 sobrevivir pese a un <strong>prolongado y complicado trabajo de parto<\/strong>. Tanto la menor como el beb\u00e9 permanecen bajo <strong>observaci\u00f3n m\u00e9dica constante<\/strong>, luego de que la madre fuera trasladada al <strong>Hospital de las Culturas<\/strong>, tambi\u00e9n en San Crist\u00f3bal de las Casas.<\/p>\n\n\n\n<p>CONTIN\u00daA LEYENDO: <a href=\"https:\/\/www.alasmedios.com\/index.php\/2026\/01\/07\/scjn-frena-debate-sobre-reducir-plazo-de-aborto-en-aguascalientes\/\" data-type=\"post\" data-id=\"7386\">SCJN frena debate sobre reducir plazo de aborto en Aguascalientes<\/a><\/p>\n\n\n\n<p>Ante la gravedad del caso, un <strong>trabajador del sector salud<\/strong> dio aviso a la <strong>Fiscal\u00eda Ind\u00edgena<\/strong>, que abri\u00f3 una <strong>carpeta de investigaci\u00f3n<\/strong> para <strong>esclarecer los hechos y deslindar responsabilidades<\/strong>. Hasta el momento, <strong>no se reportan personas detenidas<\/strong>.<\/p>\n\n\n\n<h3 class=\"wp-block-heading\"><strong>Embarazo infantil: una crisis persistente en Chiapas<\/strong><\/h3>\n\n\n\n<p>Las cifras reflejan la dimensi\u00f3n del problema. Seg\u00fan la <strong>estad\u00edstica de nacimientos registrados<\/strong>, hasta <strong>2024<\/strong>, <strong>Chiapas<\/strong> contabiliz\u00f3 <strong>9 mil 176 nacimientos de madres adolescentes<\/strong> de entre <strong>10 y 17 a\u00f1os<\/strong>, coloc\u00e1ndose en el <strong>primer lugar a nivel nacional<\/strong>. De estos casos, <strong>757 corresponden a ni\u00f1as de entre 10 y 14 a\u00f1os<\/strong>.<\/p>\n\n\n\n<p>En <strong>2025<\/strong>, se documentaron casos especialmente alarmantes: en <strong>Ocosingo<\/strong>, una <strong>ni\u00f1a de 10 a\u00f1os<\/strong> dio a luz y el <strong>padre registrado ten\u00eda 17 a\u00f1os<\/strong>; mientras que en <strong>Tuxtla Guti\u00e9rrez<\/strong>, se report\u00f3 un nacimiento con una <strong>madre de 11 a\u00f1os<\/strong> y un <strong>padre de 32<\/strong>, una <strong>diferencia de edad de 21 a\u00f1os<\/strong>.<\/p>\n\n\n\n<p>TE PUEDE INTERESAR: <a href=\"https:\/\/www.alasmedios.com\/index.php\/2026\/01\/07\/la-protesta-no-se-autoriza-la-corte-tumba-requisitos-previos-para-manifestarse\/\" data-type=\"post\" data-id=\"7383\">La protesta no se autoriza: la Corte tumba requisitos previos para manifestarse<\/a><\/p>\n\n\n\n<p>Aunque la <strong>legislaci\u00f3n mexicana proh\u00edbe el matrimonio infantil<\/strong> y establece los <strong>18 a\u00f1os como edad m\u00ednima para contraer matrimonio<\/strong>, los <strong>embarazos en ni\u00f1as<\/strong> contin\u00faan evidenciando una <strong>problem\u00e1tica estructural<\/strong> que combina <strong>violencia sexual, desigualdad y falta de protecci\u00f3n efectiva<\/strong> para la infancia.<\/p>\n\n\n<ul class=\"wp-block-latest-posts__list is-grid columns-3 wp-block-latest-posts\"><li><div class=\"wp-block-latest-posts__featured-image\"><img loading=\"lazy\" decoding=\"async\" width=\"150\" height=\"150\" src=\"https:\/\/www.alasmedios.com\/wp-content\/uploads\/2026\/05\/Super-Final-de-la-Copa-del-Mundo-de-Clavados-2026-150x150.jpeg\" class=\"attachment-thumbnail size-thumbnail wp-post-image\" alt=\"\" style=\"\" \/><\/div><a class=\"wp-block-latest-posts__post-title\" href=\"https:\/\/www.alasmedios.com\/index.php\/2026\/05\/01\/mexico-se-lanza-por-la-cima-once-clavadistas-buscan-la-gloria-mundial-en-pekin-2026\/\">M\u00e9xico se lanza por la cima: once clavadistas buscan la gloria mundial en Pek\u00edn 2026<\/a><\/li>\n<li><div class=\"wp-block-latest-posts__featured-image\"><img loading=\"lazy\" decoding=\"async\" width=\"150\" height=\"150\" src=\"https:\/\/www.alasmedios.com\/wp-content\/uploads\/2026\/04\/Puebla-el-Congreso-aprobo-el-Protocolo-Homologado-de-Investigacion-de-Delitos-contra-Personas-LGBTTTI-150x150.png\" class=\"attachment-thumbnail size-thumbnail wp-post-image\" alt=\"\" style=\"\" \/><\/div><a class=\"wp-block-latest-posts__post-title\" href=\"https:\/\/www.alasmedios.com\/index.php\/2026\/04\/30\/puebla-impulsa-protocolo-contra-delitos-lgbttti\/\">Puebla impulsa protocolo contra delitos LGBTTTI+<\/a><\/li>\n<li><div class=\"wp-block-latest-posts__featured-image\"><img loading=\"lazy\" decoding=\"async\" width=\"150\" height=\"150\" src=\"https:\/\/www.alasmedios.com\/wp-content\/uploads\/2026\/04\/PEC-Parque-Ecologico-Cubitos-150x150.jpg\" class=\"attachment-thumbnail size-thumbnail wp-post-image\" alt=\"\" style=\"\" \/><\/div><a class=\"wp-block-latest-posts__post-title\" href=\"https:\/\/www.alasmedios.com\/index.php\/2026\/04\/30\/naturaleza-viva-en-pachuca-cubitos-conmemora-a-los-jardines-botanicos\/\">Naturaleza viva en Pachuca: Cubitos conmemora a los jardines bot\u00e1nicos<\/a><\/li>\n<\/ul>","protected":false},"excerpt":{"rendered":"<p>Una ni\u00f1a de 10 a\u00f1os, originaria del municipio ind\u00edgena de San Juan Chamula, se encuentra entre la vida y la<\/p>\n","protected":false},"author":4,"featured_media":7390,"comment_status":"open","ping_status":"open","sticky":false,"template":"","format":"standard","meta":{"colormag_page_container_layout":"default_layout","colormag_page_sidebar_layout":"default_layout","rop_custom_images_group":[],"rop_custom_messages_group":[],"rop_publish_now":"initial","rop_publish_now_accounts":[],"rop_publish_now_history":[],"rop_publish_now_status":"pending","iawp_total_views":0,"footnotes":""},"categories":[3222],"tags":[1394,456,3232,234,3233,166,190],"class_list":["post-7389","post","type-post","status-publish","format-standard","has-post-thumbnail","hentry","category-mexico","tag-chiapas","tag-derechos","tag-embarazo-forzado","tag-embarazo-infantil","tag-fiscalia-indigena","tag-mexico","tag-ninas"],"magazineBlocksPostFeaturedMedia":{"thumbnail":"https:\/\/www.alasmedios.com\/wp-content\/uploads\/2026\/01\/Nina-de-10-anos-permanece-grave-tras-dar-a-luz-en-Chiapas-Fiscalia-ya-investiga-el-caso-150x150.png","medium":"https:\/\/www.alasmedios.com\/wp-content\/uploads\/2026\/01\/Nina-de-10-anos-permanece-grave-tras-dar-a-luz-en-Chiapas-Fiscalia-ya-investiga-el-caso-300x182.png","medium_large":"https:\/\/www.alasmedios.com\/wp-content\/uploads\/2026\/01\/Nina-de-10-anos-permanece-grave-tras-dar-a-luz-en-Chiapas-Fiscalia-ya-investiga-el-caso-768x466.png","large":"https:\/\/www.alasmedios.com\/wp-content\/uploads\/2026\/01\/Nina-de-10-anos-permanece-grave-tras-dar-a-luz-en-Chiapas-Fiscalia-ya-investiga-el-caso-1024x622.png","1536x1536":"https:\/\/www.alasmedios.com\/wp-content\/uploads\/2026\/01\/Nina-de-10-anos-permanece-grave-tras-dar-a-luz-en-Chiapas-Fiscalia-ya-investiga-el-caso-1536x932.png","2048x2048":"https:\/\/www.alasmedios.com\/wp-content\/uploads\/2026\/01\/Nina-de-10-anos-permanece-grave-tras-dar-a-luz-en-Chiapas-Fiscalia-ya-investiga-el-caso.png","colormag-highlighted-post":"https:\/\/www.alasmedios.com\/wp-content\/uploads\/2026\/01\/Nina-de-10-anos-permanece-grave-tras-dar-a-luz-en-Chiapas-Fiscalia-ya-investiga-el-caso-392x272.png","colormag-featured-post-medium":"https:\/\/www.alasmedios.com\/wp-content\/uploads\/2026\/01\/Nina-de-10-anos-permanece-grave-tras-dar-a-luz-en-Chiapas-Fiscalia-ya-investiga-el-caso-390x205.png","colormag-featured-post-small":"https:\/\/www.alasmedios.com\/wp-content\/uploads\/2026\/01\/Nina-de-10-anos-permanece-grave-tras-dar-a-luz-en-Chiapas-Fiscalia-ya-investiga-el-caso-130x90.png","colormag-featured-image":"https:\/\/www.alasmedios.com\/wp-content\/uploads\/2026\/01\/Nina-de-10-anos-permanece-grave-tras-dar-a-luz-en-Chiapas-Fiscalia-ya-investiga-el-caso-800x445.png","colormag-default-news":"https:\/\/www.alasmedios.com\/wp-content\/uploads\/2026\/01\/Nina-de-10-anos-permanece-grave-tras-dar-a-luz-en-Chiapas-Fiscalia-ya-investiga-el-caso-150x150.png","colormag-featured-image-large":"https:\/\/www.alasmedios.com\/wp-content\/uploads\/2026\/01\/Nina-de-10-anos-permanece-grave-tras-dar-a-luz-en-Chiapas-Fiscalia-ya-investiga-el-caso-1400x600.png"},"magazineBlocksPostAuthor":{"name":"Keila Rodr\u00edguez Pe\u00f1a","avatar":"https:\/\/secure.gravatar.com\/avatar\/a2553a2bfaa601b9d539b617c8793e151bdffb60f9e48a249912f86d4c9ebeef?s=96&d=mm&r=g"},"magazineBlocksPostCommentsNumber":"0","magazineBlocksPostExcerpt":"Una ni\u00f1a de 10 a\u00f1os, originaria del municipio ind\u00edgena de San Juan Chamula, se encuentra entre la vida y la","magazineBlocksPostCategories":["M\u00e9xico"],"magazineBlocksPostViewCount":69,"magazineBlocksPostReadTime":3,"magazine_blocks_featured_image_url":{"full":["https:\/\/www.alasmedios.com\/wp-content\/uploads\/2026\/01\/Nina-de-10-anos-permanece-grave-tras-dar-a-luz-en-Chiapas-Fiscalia-ya-investiga-el-caso.png",2000,1214,false],"medium":["https:\/\/www.alasmedios.com\/wp-content\/uploads\/2026\/01\/Nina-de-10-anos-permanece-grave-tras-dar-a-luz-en-Chiapas-Fiscalia-ya-investiga-el-caso-300x182.png",300,182,true],"thumbnail":["https:\/\/www.alasmedios.com\/wp-content\/uploads\/2026\/01\/Nina-de-10-anos-permanece-grave-tras-dar-a-luz-en-Chiapas-Fiscalia-ya-investiga-el-caso-150x150.png",150,150,true]},"magazine_blocks_author":{"display_name":"Keila Rodr\u00edguez Pe\u00f1a","author_link":"https:\/\/www.alasmedios.com\/index.php\/author\/keila\/"},"magazine_blocks_comment":0,"magazine_blocks_author_image":"https:\/\/secure.gravatar.com\/avatar\/a2553a2bfaa601b9d539b617c8793e151bdffb60f9e48a249912f86d4c9ebeef?s=96&d=mm&r=g","magazine_blocks_category":"<a href=\"#\" class=\"category-link category-link-3222\">M\u00e9xico<\/a>","yoast_head":"<!-- This site is optimized with the Yoast SEO plugin v27.5 - https:\/\/yoast.com\/product\/yoast-seo-wordpress\/ -->\r\n<title>Ni\u00f1a de 10 a\u00f1os permanece grave tras dar a luz en Chiapas; Fiscal\u00eda ya investiga el caso - Alas Medios<\/title>\r\n<meta name=\"robots\" content=\"index, follow, max-snippet:-1, max-image-preview:large, max-video-preview:-1\" \/>\r\n<link rel=\"canonical\" href=\"https:\/\/www.alasmedios.com\/index.php\/2026\/01\/08\/nina-de-10-anos-permanece-grave-tras-dar-a-luz-en-chiapas-fiscalia-ya-investiga-el-caso\/\" \/>\r\n<meta property=\"og:locale\" content=\"es_MX\" \/>\r\n<meta property=\"og:type\" content=\"article\" \/>\r\n<meta property=\"og:title\" content=\"Ni\u00f1a de 10 a\u00f1os permanece grave tras dar a luz en Chiapas; Fiscal\u00eda ya investiga el caso - Alas Medios\" \/>\r\n<meta property=\"og:description\" content=\"Una ni\u00f1a de 10 a\u00f1os, originaria del municipio ind\u00edgena de San Juan Chamula, se encuentra entre la vida y la\" \/>\r\n<meta property=\"og:url\" content=\"https:\/\/www.alasmedios.com\/index.php\/2026\/01\/08\/nina-de-10-anos-permanece-grave-tras-dar-a-luz-en-chiapas-fiscalia-ya-investiga-el-caso\/\" \/>\r\n<meta property=\"og:site_name\" content=\"Alas Medios\" \/>\r\n<meta property=\"article:published_time\" content=\"2026-01-08T16:28:41+00:00\" \/>\r\n<meta property=\"article:modified_time\" content=\"2026-01-08T16:28:44+00:00\" \/>\r\n<meta property=\"og:image\" content=\"https:\/\/www.alasmedios.com\/wp-content\/uploads\/2026\/01\/Nina-de-10-anos-permanece-grave-tras-dar-a-luz-en-Chiapas-Fiscalia-ya-investiga-el-caso-1024x622.png\" \/>\r\n\t<meta property=\"og:image:width\" content=\"1024\" \/>\r\n\t<meta property=\"og:image:height\" content=\"622\" \/>\r\n\t<meta property=\"og:image:type\" content=\"image\/png\" \/>\r\n<meta name=\"author\" content=\"Keila Rodr\u00edguez Pe\u00f1a\" \/>\r\n<meta name=\"twitter:card\" content=\"summary_large_image\" \/>\r\n<meta name=\"twitter:label1\" content=\"Escrito por\" \/>\n\t<meta name=\"twitter:data1\" content=\"Keila Rodr\u00edguez Pe\u00f1a\" \/>\n\t<meta name=\"twitter:label2\" content=\"Tiempo de lectura\" \/>\n\t<meta name=\"twitter:data2\" content=\"2 minutos\" \/>\r\n<script type=\"application\/ld+json\" class=\"yoast-schema-graph\">{\"@context\":\"https:\\\/\\\/schema.org\",\"@graph\":[{\"@type\":\"Article\",\"@id\":\"https:\\\/\\\/www.alasmedios.com\\\/index.php\\\/2026\\\/01\\\/08\\\/nina-de-10-anos-permanece-grave-tras-dar-a-luz-en-chiapas-fiscalia-ya-investiga-el-caso\\\/#article\",\"isPartOf\":{\"@id\":\"https:\\\/\\\/www.alasmedios.com\\\/index.php\\\/2026\\\/01\\\/08\\\/nina-de-10-anos-permanece-grave-tras-dar-a-luz-en-chiapas-fiscalia-ya-investiga-el-caso\\\/\"},\"author\":{\"name\":\"Keila Rodr\u00edguez Pe\u00f1a\",\"@id\":\"https:\\\/\\\/www.alasmedios.com\\\/#\\\/schema\\\/person\\\/0ba31bdd19a05ebf5c7fef1fedf99c34\"},\"headline\":\"Ni\u00f1a de 10 a\u00f1os permanece grave tras dar a luz en Chiapas; Fiscal\u00eda ya investiga el caso\",\"datePublished\":\"2026-01-08T16:28:41+00:00\",\"dateModified\":\"2026-01-08T16:28:44+00:00\",\"mainEntityOfPage\":{\"@id\":\"https:\\\/\\\/www.alasmedios.com\\\/index.php\\\/2026\\\/01\\\/08\\\/nina-de-10-anos-permanece-grave-tras-dar-a-luz-en-chiapas-fiscalia-ya-investiga-el-caso\\\/\"},\"wordCount\":427,\"commentCount\":0,\"publisher\":{\"@id\":\"https:\\\/\\\/www.alasmedios.com\\\/#organization\"},\"image\":{\"@id\":\"https:\\\/\\\/www.alasmedios.com\\\/index.php\\\/2026\\\/01\\\/08\\\/nina-de-10-anos-permanece-grave-tras-dar-a-luz-en-chiapas-fiscalia-ya-investiga-el-caso\\\/#primaryimage\"},\"thumbnailUrl\":\"https:\\\/\\\/www.alasmedios.com\\\/wp-content\\\/uploads\\\/2026\\\/01\\\/Nina-de-10-anos-permanece-grave-tras-dar-a-luz-en-Chiapas-Fiscalia-ya-investiga-el-caso.png\",\"keywords\":[\"Chiapas\",\"derechos\",\"embarazo forzado\",\"embarazo infantil\",\"Fiscal\u00eda Ind\u00edgena\",\"M\u00e9xico\",\"ni\u00f1as\"],\"articleSection\":[\"M\u00e9xico\"],\"inLanguage\":\"es\",\"potentialAction\":[{\"@type\":\"CommentAction\",\"name\":\"Comment\",\"target\":[\"https:\\\/\\\/www.alasmedios.com\\\/index.php\\\/2026\\\/01\\\/08\\\/nina-de-10-anos-permanece-grave-tras-dar-a-luz-en-chiapas-fiscalia-ya-investiga-el-caso\\\/#respond\"]}]},{\"@type\":\"WebPage\",\"@id\":\"https:\\\/\\\/www.alasmedios.com\\\/index.php\\\/2026\\\/01\\\/08\\\/nina-de-10-anos-permanece-grave-tras-dar-a-luz-en-chiapas-fiscalia-ya-investiga-el-caso\\\/\",\"url\":\"https:\\\/\\\/www.alasmedios.com\\\/index.php\\\/2026\\\/01\\\/08\\\/nina-de-10-anos-permanece-grave-tras-dar-a-luz-en-chiapas-fiscalia-ya-investiga-el-caso\\\/\",\"name\":\"Ni\u00f1a de 10 a\u00f1os permanece grave tras dar a luz en Chiapas; Fiscal\u00eda ya investiga el caso - Alas Medios\",\"isPartOf\":{\"@id\":\"https:\\\/\\\/www.alasmedios.com\\\/#website\"},\"primaryImageOfPage\":{\"@id\":\"https:\\\/\\\/www.alasmedios.com\\\/index.php\\\/2026\\\/01\\\/08\\\/nina-de-10-anos-permanece-grave-tras-dar-a-luz-en-chiapas-fiscalia-ya-investiga-el-caso\\\/#primaryimage\"},\"image\":{\"@id\":\"https:\\\/\\\/www.alasmedios.com\\\/index.php\\\/2026\\\/01\\\/08\\\/nina-de-10-anos-permanece-grave-tras-dar-a-luz-en-chiapas-fiscalia-ya-investiga-el-caso\\\/#primaryimage\"},\"thumbnailUrl\":\"https:\\\/\\\/www.alasmedios.com\\\/wp-content\\\/uploads\\\/2026\\\/01\\\/Nina-de-10-anos-permanece-grave-tras-dar-a-luz-en-Chiapas-Fiscalia-ya-investiga-el-caso.png\",\"datePublished\":\"2026-01-08T16:28:41+00:00\",\"dateModified\":\"2026-01-08T16:28:44+00:00\",\"breadcrumb\":{\"@id\":\"https:\\\/\\\/www.alasmedios.com\\\/index.php\\\/2026\\\/01\\\/08\\\/nina-de-10-anos-permanece-grave-tras-dar-a-luz-en-chiapas-fiscalia-ya-investiga-el-caso\\\/#breadcrumb\"},\"inLanguage\":\"es\",\"potentialAction\":[{\"@type\":\"ReadAction\",\"target\":[\"https:\\\/\\\/www.alasmedios.com\\\/index.php\\\/2026\\\/01\\\/08\\\/nina-de-10-anos-permanece-grave-tras-dar-a-luz-en-chiapas-fiscalia-ya-investiga-el-caso\\\/\"]}]},{\"@type\":\"ImageObject\",\"inLanguage\":\"es\",\"@id\":\"https:\\\/\\\/www.alasmedios.com\\\/index.php\\\/2026\\\/01\\\/08\\\/nina-de-10-anos-permanece-grave-tras-dar-a-luz-en-chiapas-fiscalia-ya-investiga-el-caso\\\/#primaryimage\",\"url\":\"https:\\\/\\\/www.alasmedios.com\\\/wp-content\\\/uploads\\\/2026\\\/01\\\/Nina-de-10-anos-permanece-grave-tras-dar-a-luz-en-Chiapas-Fiscalia-ya-investiga-el-caso.png\",\"contentUrl\":\"https:\\\/\\\/www.alasmedios.com\\\/wp-content\\\/uploads\\\/2026\\\/01\\\/Nina-de-10-anos-permanece-grave-tras-dar-a-luz-en-Chiapas-Fiscalia-ya-investiga-el-caso.png\",\"width\":2000,\"height\":1214},{\"@type\":\"BreadcrumbList\",\"@id\":\"https:\\\/\\\/www.alasmedios.com\\\/index.php\\\/2026\\\/01\\\/08\\\/nina-de-10-anos-permanece-grave-tras-dar-a-luz-en-chiapas-fiscalia-ya-investiga-el-caso\\\/#breadcrumb\",\"itemListElement\":[{\"@type\":\"ListItem\",\"position\":1,\"name\":\"Inicio\",\"item\":\"https:\\\/\\\/www.alasmedios.com\\\/\"},{\"@type\":\"ListItem\",\"position\":2,\"name\":\"Ni\u00f1a de 10 a\u00f1os permanece grave tras dar a luz en Chiapas; Fiscal\u00eda ya investiga el caso\"}]},{\"@type\":\"WebSite\",\"@id\":\"https:\\\/\\\/www.alasmedios.com\\\/#website\",\"url\":\"https:\\\/\\\/www.alasmedios.com\\\/\",\"name\":\"Alas Medios\",\"description\":\"Alas para pensar, Alas para volar, Alas de libertad\",\"publisher\":{\"@id\":\"https:\\\/\\\/www.alasmedios.com\\\/#organization\"},\"potentialAction\":[{\"@type\":\"SearchAction\",\"target\":{\"@type\":\"EntryPoint\",\"urlTemplate\":\"https:\\\/\\\/www.alasmedios.com\\\/?s={search_term_string}\"},\"query-input\":{\"@type\":\"PropertyValueSpecification\",\"valueRequired\":true,\"valueName\":\"search_term_string\"}}],\"inLanguage\":\"es\"},{\"@type\":\"Organization\",\"@id\":\"https:\\\/\\\/www.alasmedios.com\\\/#organization\",\"name\":\"Alas Medios\",\"url\":\"https:\\\/\\\/www.alasmedios.com\\\/\",\"logo\":{\"@type\":\"ImageObject\",\"inLanguage\":\"es\",\"@id\":\"https:\\\/\\\/www.alasmedios.com\\\/#\\\/schema\\\/logo\\\/image\\\/\",\"url\":\"https:\\\/\\\/www.alasmedios.com\\\/wp-content\\\/uploads\\\/2026\\\/01\\\/cropped-cropped-GAM-1.png\",\"contentUrl\":\"https:\\\/\\\/www.alasmedios.com\\\/wp-content\\\/uploads\\\/2026\\\/01\\\/cropped-cropped-GAM-1.png\",\"width\":467,\"height\":235,\"caption\":\"Alas Medios\"},\"image\":{\"@id\":\"https:\\\/\\\/www.alasmedios.com\\\/#\\\/schema\\\/logo\\\/image\\\/\"}},{\"@type\":\"Person\",\"@id\":\"https:\\\/\\\/www.alasmedios.com\\\/#\\\/schema\\\/person\\\/0ba31bdd19a05ebf5c7fef1fedf99c34\",\"name\":\"Keila Rodr\u00edguez Pe\u00f1a\",\"image\":{\"@type\":\"ImageObject\",\"inLanguage\":\"es\",\"@id\":\"https:\\\/\\\/secure.gravatar.com\\\/avatar\\\/a2553a2bfaa601b9d539b617c8793e151bdffb60f9e48a249912f86d4c9ebeef?s=96&d=mm&r=g\",\"url\":\"https:\\\/\\\/secure.gravatar.com\\\/avatar\\\/a2553a2bfaa601b9d539b617c8793e151bdffb60f9e48a249912f86d4c9ebeef?s=96&d=mm&r=g\",\"contentUrl\":\"https:\\\/\\\/secure.gravatar.com\\\/avatar\\\/a2553a2bfaa601b9d539b617c8793e151bdffb60f9e48a249912f86d4c9ebeef?s=96&d=mm&r=g\",\"caption\":\"Keila Rodr\u00edguez Pe\u00f1a\"},\"sameAs\":[\"http:\\\/\\\/www.alasmedios.com\"],\"url\":\"https:\\\/\\\/www.alasmedios.com\\\/index.php\\\/author\\\/keila\\\/\"}]}<\/script>\r\n<!-- \/ Yoast SEO plugin. -->","yoast_head_json":{"title":"Ni\u00f1a de 10 a\u00f1os permanece grave tras dar a luz en Chiapas; Fiscal\u00eda ya investiga el caso - Alas Medios","robots":{"index":"index","follow":"follow","max-snippet":"max-snippet:-1","max-image-preview":"max-image-preview:large","max-video-preview":"max-video-preview:-1"},"canonical":"https:\/\/www.alasmedios.com\/index.php\/2026\/01\/08\/nina-de-10-anos-permanece-grave-tras-dar-a-luz-en-chiapas-fiscalia-ya-investiga-el-caso\/","og_locale":"es_MX","og_type":"article","og_title":"Ni\u00f1a de 10 a\u00f1os permanece grave tras dar a luz en Chiapas; Fiscal\u00eda ya investiga el caso - Alas Medios","og_description":"Una ni\u00f1a de 10 a\u00f1os, originaria del municipio ind\u00edgena de San Juan Chamula, se encuentra entre la vida y la","og_url":"https:\/\/www.alasmedios.com\/index.php\/2026\/01\/08\/nina-de-10-anos-permanece-grave-tras-dar-a-luz-en-chiapas-fiscalia-ya-investiga-el-caso\/","og_site_name":"Alas Medios","article_published_time":"2026-01-08T16:28:41+00:00","article_modified_time":"2026-01-08T16:28:44+00:00","og_image":[{"width":1024,"height":622,"url":"https:\/\/www.alasmedios.com\/wp-content\/uploads\/2026\/01\/Nina-de-10-anos-permanece-grave-tras-dar-a-luz-en-Chiapas-Fiscalia-ya-investiga-el-caso-1024x622.png","type":"image\/png"}],"author":"Keila Rodr\u00edguez Pe\u00f1a","twitter_card":"summary_large_image","twitter_misc":{"Escrito por":"Keila Rodr\u00edguez Pe\u00f1a","Tiempo de lectura":"2 minutos"},"schema":{"@context":"https:\/\/schema.org","@graph":[{"@type":"Article","@id":"https:\/\/www.alasmedios.com\/index.php\/2026\/01\/08\/nina-de-10-anos-permanece-grave-tras-dar-a-luz-en-chiapas-fiscalia-ya-investiga-el-caso\/#article","isPartOf":{"@id":"https:\/\/www.alasmedios.com\/index.php\/2026\/01\/08\/nina-de-10-anos-permanece-grave-tras-dar-a-luz-en-chiapas-fiscalia-ya-investiga-el-caso\/"},"author":{"name":"Keila Rodr\u00edguez Pe\u00f1a","@id":"https:\/\/www.alasmedios.com\/#\/schema\/person\/0ba31bdd19a05ebf5c7fef1fedf99c34"},"headline":"Ni\u00f1a de 10 a\u00f1os permanece grave tras dar a luz en Chiapas; Fiscal\u00eda ya investiga el caso","datePublished":"2026-01-08T16:28:41+00:00","dateModified":"2026-01-08T16:28:44+00:00","mainEntityOfPage":{"@id":"https:\/\/www.alasmedios.com\/index.php\/2026\/01\/08\/nina-de-10-anos-permanece-grave-tras-dar-a-luz-en-chiapas-fiscalia-ya-investiga-el-caso\/"},"wordCount":427,"commentCount":0,"publisher":{"@id":"https:\/\/www.alasmedios.com\/#organization"},"image":{"@id":"https:\/\/www.alasmedios.com\/index.php\/2026\/01\/08\/nina-de-10-anos-permanece-grave-tras-dar-a-luz-en-chiapas-fiscalia-ya-investiga-el-caso\/#primaryimage"},"thumbnailUrl":"https:\/\/www.alasmedios.com\/wp-content\/uploads\/2026\/01\/Nina-de-10-anos-permanece-grave-tras-dar-a-luz-en-Chiapas-Fiscalia-ya-investiga-el-caso.png","keywords":["Chiapas","derechos","embarazo forzado","embarazo infantil","Fiscal\u00eda Ind\u00edgena","M\u00e9xico","ni\u00f1as"],"articleSection":["M\u00e9xico"],"inLanguage":"es","potentialAction":[{"@type":"CommentAction","name":"Comment","target":["https:\/\/www.alasmedios.com\/index.php\/2026\/01\/08\/nina-de-10-anos-permanece-grave-tras-dar-a-luz-en-chiapas-fiscalia-ya-investiga-el-caso\/#respond"]}]},{"@type":"WebPage","@id":"https:\/\/www.alasmedios.com\/index.php\/2026\/01\/08\/nina-de-10-anos-permanece-grave-tras-dar-a-luz-en-chiapas-fiscalia-ya-investiga-el-caso\/","url":"https:\/\/www.alasmedios.com\/index.php\/2026\/01\/08\/nina-de-10-anos-permanece-grave-tras-dar-a-luz-en-chiapas-fiscalia-ya-investiga-el-caso\/","name":"Ni\u00f1a de 10 a\u00f1os permanece grave tras dar a luz en Chiapas; Fiscal\u00eda ya investiga el caso - Alas Medios","isPartOf":{"@id":"https:\/\/www.alasmedios.com\/#website"},"primaryImageOfPage":{"@id":"https:\/\/www.alasmedios.com\/index.php\/2026\/01\/08\/nina-de-10-anos-permanece-grave-tras-dar-a-luz-en-chiapas-fiscalia-ya-investiga-el-caso\/#primaryimage"},"image":{"@id":"https:\/\/www.alasmedios.com\/index.php\/2026\/01\/08\/nina-de-10-anos-permanece-grave-tras-dar-a-luz-en-chiapas-fiscalia-ya-investiga-el-caso\/#primaryimage"},"thumbnailUrl":"https:\/\/www.alasmedios.com\/wp-content\/uploads\/2026\/01\/Nina-de-10-anos-permanece-grave-tras-dar-a-luz-en-Chiapas-Fiscalia-ya-investiga-el-caso.png","datePublished":"2026-01-08T16:28:41+00:00","dateModified":"2026-01-08T16:28:44+00:00","breadcrumb":{"@id":"https:\/\/www.alasmedios.com\/index.php\/2026\/01\/08\/nina-de-10-anos-permanece-grave-tras-dar-a-luz-en-chiapas-fiscalia-ya-investiga-el-caso\/#breadcrumb"},"inLanguage":"es","potentialAction":[{"@type":"ReadAction","target":["https:\/\/www.alasmedios.com\/index.php\/2026\/01\/08\/nina-de-10-anos-permanece-grave-tras-dar-a-luz-en-chiapas-fiscalia-ya-investiga-el-caso\/"]}]},{"@type":"ImageObject","inLanguage":"es","@id":"https:\/\/www.alasmedios.com\/index.php\/2026\/01\/08\/nina-de-10-anos-permanece-grave-tras-dar-a-luz-en-chiapas-fiscalia-ya-investiga-el-caso\/#primaryimage","url":"https:\/\/www.alasmedios.com\/wp-content\/uploads\/2026\/01\/Nina-de-10-anos-permanece-grave-tras-dar-a-luz-en-Chiapas-Fiscalia-ya-investiga-el-caso.png","contentUrl":"https:\/\/www.alasmedios.com\/wp-content\/uploads\/2026\/01\/Nina-de-10-anos-permanece-grave-tras-dar-a-luz-en-Chiapas-Fiscalia-ya-investiga-el-caso.png","width":2000,"height":1214},{"@type":"BreadcrumbList","@id":"https:\/\/www.alasmedios.com\/index.php\/2026\/01\/08\/nina-de-10-anos-permanece-grave-tras-dar-a-luz-en-chiapas-fiscalia-ya-investiga-el-caso\/#breadcrumb","itemListElement":[{"@type":"ListItem","position":1,"name":"Inicio","item":"https:\/\/www.alasmedios.com\/"},{"@type":"ListItem","position":2,"name":"Ni\u00f1a de 10 a\u00f1os permanece grave tras dar a luz en Chiapas; Fiscal\u00eda ya investiga el caso"}]},{"@type":"WebSite","@id":"https:\/\/www.alasmedios.com\/#website","url":"https:\/\/www.alasmedios.com\/","name":"Alas Medios","description":"Alas para pensar, Alas para volar, Alas de libertad","publisher":{"@id":"https:\/\/www.alasmedios.com\/#organization"},"potentialAction":[{"@type":"SearchAction","target":{"@type":"EntryPoint","urlTemplate":"https:\/\/www.alasmedios.com\/?s={search_term_string}"},"query-input":{"@type":"PropertyValueSpecification","valueRequired":true,"valueName":"search_term_string"}}],"inLanguage":"es"},{"@type":"Organization","@id":"https:\/\/www.alasmedios.com\/#organization","name":"Alas Medios","url":"https:\/\/www.alasmedios.com\/","logo":{"@type":"ImageObject","inLanguage":"es","@id":"https:\/\/www.alasmedios.com\/#\/schema\/logo\/image\/","url":"https:\/\/www.alasmedios.com\/wp-content\/uploads\/2026\/01\/cropped-cropped-GAM-1.png","contentUrl":"https:\/\/www.alasmedios.com\/wp-content\/uploads\/2026\/01\/cropped-cropped-GAM-1.png","width":467,"height":235,"caption":"Alas Medios"},"image":{"@id":"https:\/\/www.alasmedios.com\/#\/schema\/logo\/image\/"}},{"@type":"Person","@id":"https:\/\/www.alasmedios.com\/#\/schema\/person\/0ba31bdd19a05ebf5c7fef1fedf99c34","name":"Keila Rodr\u00edguez Pe\u00f1a","image":{"@type":"ImageObject","inLanguage":"es","@id":"https:\/\/secure.gravatar.com\/avatar\/a2553a2bfaa601b9d539b617c8793e151bdffb60f9e48a249912f86d4c9ebeef?s=96&d=mm&r=g","url":"https:\/\/secure.gravatar.com\/avatar\/a2553a2bfaa601b9d539b617c8793e151bdffb60f9e48a249912f86d4c9ebeef?s=96&d=mm&r=g","contentUrl":"https:\/\/secure.gravatar.com\/avatar\/a2553a2bfaa601b9d539b617c8793e151bdffb60f9e48a249912f86d4c9ebeef?s=96&d=mm&r=g","caption":"Keila Rodr\u00edguez Pe\u00f1a"},"sameAs":["http:\/\/www.alasmedios.com"],"url":"https:\/\/www.alasmedios.com\/index.php\/author\/keila\/"}]}},"_links":{"self":[{"href":"https:\/\/www.alasmedios.com\/index.php\/wp-json\/wp\/v2\/posts\/7389","targetHints":{"allow":["GET"]}}],"collection":[{"href":"https:\/\/www.alasmedios.com\/index.php\/wp-json\/wp\/v2\/posts"}],"about":[{"href":"https:\/\/www.alasmedios.com\/index.php\/wp-json\/wp\/v2\/types\/post"}],"author":[{"embeddable":true,"href":"https:\/\/www.alasmedios.com\/index.php\/wp-json\/wp\/v2\/users\/4"}],"replies":[{"embeddable":true,"href":"https:\/\/www.alasmedios.com\/index.php\/wp-json\/wp\/v2\/comments?post=7389"}],"version-history":[{"count":1,"href":"https:\/\/www.alasmedios.com\/index.php\/wp-json\/wp\/v2\/posts\/7389\/revisions"}],"predecessor-version":[{"id":7391,"href":"https:\/\/www.alasmedios.com\/index.php\/wp-json\/wp\/v2\/posts\/7389\/revisions\/7391"}],"wp:featuredmedia":[{"embeddable":true,"href":"https:\/\/www.alasmedios.com\/index.php\/wp-json\/wp\/v2\/media\/7390"}],"wp:attachment":[{"href":"https:\/\/www.alasmedios.com\/index.php\/wp-json\/wp\/v2\/media?parent=7389"}],"wp:term":[{"taxonomy":"category","embeddable":true,"href":"https:\/\/www.alasmedios.com\/index.php\/wp-json\/wp\/v2\/categories?post=7389"},{"taxonomy":"post_tag","embeddable":true,"href":"https:\/\/www.alasmedios.com\/index.php\/wp-json\/wp\/v2\/tags?post=7389"}],"curies":[{"name":"wp","href":"https:\/\/api.w.org\/{rel}","templated":true}]}}