{"id":7386,"date":"2026-01-07T13:28:23","date_gmt":"2026-01-07T19:28:23","guid":{"rendered":"https:\/\/www.alasmedios.com\/?p=7386"},"modified":"2026-01-07T13:28:25","modified_gmt":"2026-01-07T19:28:25","slug":"scjn-frena-debate-sobre-reducir-plazo-de-aborto-en-aguascalientes","status":"publish","type":"post","link":"https:\/\/www.alasmedios.com\/index.php\/2026\/01\/07\/scjn-frena-debate-sobre-reducir-plazo-de-aborto-en-aguascalientes\/","title":{"rendered":"SCJN frena debate sobre reducir plazo de aborto en Aguascalientes"},"content":{"rendered":"\n<p>La <strong>Suprema Corte de Justicia de la Naci\u00f3n (SCJN)<\/strong> <strong>suspendi\u00f3 la discusi\u00f3n<\/strong> sobre la reforma que <strong>reduce de 12 a seis semanas<\/strong> el plazo legal para el <strong>acceso al aborto voluntario<\/strong> en <strong>Aguascalientes<\/strong>, al retirar el proyecto del orden del d\u00eda del <strong>Pleno<\/strong> durante su <strong>primera semana de sesiones de 2026<\/strong>.<\/p>\n\n\n\n<p>El asunto, que analizar\u00eda la <strong>constitucionalidad<\/strong> de la reforma aprobada por el <strong>Congreso de Aguascalientes el 28 de agosto de 2024<\/strong>, qued\u00f3 sin <strong>nueva fecha p\u00fablica<\/strong> para su debate. Organizaciones civiles advirtieron que la decisi\u00f3n <strong>prolonga la incertidumbre jur\u00eddica y m\u00e9dica<\/strong> para las mujeres en la entidad.<\/p>\n\n\n\n<p>La <strong>acci\u00f3n de inconstitucionalidad<\/strong> fue promovida en 2024 por el <strong>Ejecutivo federal<\/strong> y la <strong>Comisi\u00f3n Nacional de los Derechos Humanos (CNDH)<\/strong>, contra disposiciones del <strong>C\u00f3digo Penal de Aguascalientes<\/strong> y una ley estatal que protege la vida <strong>desde la concepci\u00f3n<\/strong>.<\/p>\n\n\n\n<p>Para <strong>Cat\u00f3licas por el Derecho a Decidir M\u00e9xico<\/strong>, la postergaci\u00f3n impide que se garantice un derecho ya discutido. Su directora, <strong>Aid\u00e9 Garc\u00eda Hern\u00e1ndez<\/strong>, se\u00f1al\u00f3 que la Corte <strong>\u201cno est\u00e1 respondiendo a una demanda lista para resolverse\u201d<\/strong> y consider\u00f3 <strong>delicado<\/strong> el retraso, dado que los <strong>nueve ministros y ministras<\/strong>, electos por voto popular el <strong>1 de junio<\/strong>, han sido identificados como de <strong>corte progresista<\/strong>.<\/p>\n\n\n\n<p>CONTIN\u00daA LEYENDO: <a href=\"https:\/\/www.alasmedios.com\/index.php\/2026\/01\/07\/la-protesta-no-se-autoriza-la-corte-tumba-requisitos-previos-para-manifestarse\/\" data-type=\"post\" data-id=\"7383\">La protesta no se autoriza: la Corte tumba requisitos previos para manifestarse<\/a><\/p>\n\n\n\n<p>Garc\u00eda record\u00f3 que fue la propia <strong>SCJN<\/strong> la que en <strong>2023<\/strong> declar\u00f3 la <strong>despenalizaci\u00f3n del aborto<\/strong> y estableci\u00f3 la <strong>obligatoriedad<\/strong> para los congresos estatales de permitir la <strong>interrupci\u00f3n voluntaria del embarazo (IVE) hasta la semana 12<\/strong>.<\/p>\n\n\n\n<p>Aunque la Corte no explic\u00f3 los motivos para retirar los expedientes <strong>172\/2024 y 173\/2024<\/strong>, organizaciones se\u00f1alan posibles <strong>presiones de la Iglesia cat\u00f3lica<\/strong> y de actores pol\u00edticos del <strong>Partido Acci\u00f3n Nacional (PAN)<\/strong>, que gobierna <strong>Aguascalientes<\/strong> desde hace d\u00e9cadas. Tras conocerse el proyecto del ministro <strong>Irving Espinosa<\/strong>, la <strong>arquidi\u00f3cesis mexicana<\/strong> acus\u00f3 a la Corte de \u201cdespreciar la vida\u201d, a lo que el ponente respondi\u00f3 que el objetivo <strong>no es permitir el aborto en cualquier momento<\/strong>, sino <strong>impedir que los congresos locales reduzcan el plazo<\/strong> ya reconocido.<\/p>\n\n\n\n<p>En M\u00e9xico, <strong>24 de las 32 entidades<\/strong> han despenalizado el aborto <strong>antes de la semana 12<\/strong>, en sinton\u00eda con el criterio de la Corte. <strong>Aguascalientes<\/strong>, con <strong>seis semanas<\/strong>, y <strong>Sinaloa<\/strong>, con <strong>13<\/strong>, se mantienen como <strong>excepciones<\/strong>, mientras el m\u00e1ximo tribunal <strong>aplaza una definici\u00f3n clave<\/strong> sobre los l\u00edmites legislativos en materia de derechos reproductivos.<\/p>\n\n\n<ul class=\"wp-block-latest-posts__list is-grid columns-3 wp-block-latest-posts\"><li><div class=\"wp-block-latest-posts__featured-image\"><img loading=\"lazy\" decoding=\"async\" width=\"150\" height=\"150\" src=\"https:\/\/www.alasmedios.com\/wp-content\/uploads\/2026\/05\/Super-Final-de-la-Copa-del-Mundo-de-Clavados-2026-150x150.jpeg\" class=\"attachment-thumbnail size-thumbnail wp-post-image\" alt=\"\" style=\"\" \/><\/div><a class=\"wp-block-latest-posts__post-title\" href=\"https:\/\/www.alasmedios.com\/index.php\/2026\/05\/01\/mexico-se-lanza-por-la-cima-once-clavadistas-buscan-la-gloria-mundial-en-pekin-2026\/\">M\u00e9xico se lanza por la cima: once clavadistas buscan la gloria mundial en Pek\u00edn 2026<\/a><\/li>\n<li><div class=\"wp-block-latest-posts__featured-image\"><img loading=\"lazy\" decoding=\"async\" width=\"150\" height=\"150\" src=\"https:\/\/www.alasmedios.com\/wp-content\/uploads\/2026\/04\/Puebla-el-Congreso-aprobo-el-Protocolo-Homologado-de-Investigacion-de-Delitos-contra-Personas-LGBTTTI-150x150.png\" class=\"attachment-thumbnail size-thumbnail wp-post-image\" alt=\"\" style=\"\" \/><\/div><a class=\"wp-block-latest-posts__post-title\" href=\"https:\/\/www.alasmedios.com\/index.php\/2026\/04\/30\/puebla-impulsa-protocolo-contra-delitos-lgbttti\/\">Puebla impulsa protocolo contra delitos LGBTTTI+<\/a><\/li>\n<li><div class=\"wp-block-latest-posts__featured-image\"><img loading=\"lazy\" decoding=\"async\" width=\"150\" height=\"150\" src=\"https:\/\/www.alasmedios.com\/wp-content\/uploads\/2026\/04\/PEC-Parque-Ecologico-Cubitos-150x150.jpg\" class=\"attachment-thumbnail size-thumbnail wp-post-image\" alt=\"\" style=\"\" \/><\/div><a class=\"wp-block-latest-posts__post-title\" href=\"https:\/\/www.alasmedios.com\/index.php\/2026\/04\/30\/naturaleza-viva-en-pachuca-cubitos-conmemora-a-los-jardines-botanicos\/\">Naturaleza viva en Pachuca: Cubitos conmemora a los jardines bot\u00e1nicos<\/a><\/li>\n<\/ul>","protected":false},"excerpt":{"rendered":"<p>La Suprema Corte de Justicia de la Naci\u00f3n (SCJN) suspendi\u00f3 la discusi\u00f3n sobre la reforma que reduce de 12 a<\/p>\n","protected":false},"author":4,"featured_media":7387,"comment_status":"open","ping_status":"open","sticky":false,"template":"","format":"standard","meta":{"colormag_page_container_layout":"default_layout","colormag_page_sidebar_layout":"default_layout","rop_custom_images_group":[],"rop_custom_messages_group":[],"rop_publish_now":"initial","rop_publish_now_accounts":[],"rop_publish_now_history":[],"rop_publish_now_status":"pending","iawp_total_views":0,"footnotes":""},"categories":[3222,44],"tags":[81,3231,937,456,166,1451],"class_list":["post-7386","post","type-post","status-publish","format-standard","has-post-thumbnail","hentry","category-mexico","category-sexualidad","tag-aborto","tag-aguascalientes","tag-cndh","tag-derechos","tag-mexico","tag-scjn"],"magazineBlocksPostFeaturedMedia":{"thumbnail":"https:\/\/www.alasmedios.com\/wp-content\/uploads\/2026\/01\/SCJN-frena-debate-sobre-reducir-plazo-de-aborto-en-Aguascalientes-150x150.png","medium":"https:\/\/www.alasmedios.com\/wp-content\/uploads\/2026\/01\/SCJN-frena-debate-sobre-reducir-plazo-de-aborto-en-Aguascalientes-300x182.png","medium_large":"https:\/\/www.alasmedios.com\/wp-content\/uploads\/2026\/01\/SCJN-frena-debate-sobre-reducir-plazo-de-aborto-en-Aguascalientes-768x466.png","large":"https:\/\/www.alasmedios.com\/wp-content\/uploads\/2026\/01\/SCJN-frena-debate-sobre-reducir-plazo-de-aborto-en-Aguascalientes-1024x622.png","1536x1536":"https:\/\/www.alasmedios.com\/wp-content\/uploads\/2026\/01\/SCJN-frena-debate-sobre-reducir-plazo-de-aborto-en-Aguascalientes-1536x932.png","2048x2048":"https:\/\/www.alasmedios.com\/wp-content\/uploads\/2026\/01\/SCJN-frena-debate-sobre-reducir-plazo-de-aborto-en-Aguascalientes.png","colormag-highlighted-post":"https:\/\/www.alasmedios.com\/wp-content\/uploads\/2026\/01\/SCJN-frena-debate-sobre-reducir-plazo-de-aborto-en-Aguascalientes-392x272.png","colormag-featured-post-medium":"https:\/\/www.alasmedios.com\/wp-content\/uploads\/2026\/01\/SCJN-frena-debate-sobre-reducir-plazo-de-aborto-en-Aguascalientes-390x205.png","colormag-featured-post-small":"https:\/\/www.alasmedios.com\/wp-content\/uploads\/2026\/01\/SCJN-frena-debate-sobre-reducir-plazo-de-aborto-en-Aguascalientes-130x90.png","colormag-featured-image":"https:\/\/www.alasmedios.com\/wp-content\/uploads\/2026\/01\/SCJN-frena-debate-sobre-reducir-plazo-de-aborto-en-Aguascalientes-800x445.png","colormag-default-news":"https:\/\/www.alasmedios.com\/wp-content\/uploads\/2026\/01\/SCJN-frena-debate-sobre-reducir-plazo-de-aborto-en-Aguascalientes-150x150.png","colormag-featured-image-large":"https:\/\/www.alasmedios.com\/wp-content\/uploads\/2026\/01\/SCJN-frena-debate-sobre-reducir-plazo-de-aborto-en-Aguascalientes-1400x600.png"},"magazineBlocksPostAuthor":{"name":"Keila Rodr\u00edguez Pe\u00f1a","avatar":"https:\/\/secure.gravatar.com\/avatar\/a2553a2bfaa601b9d539b617c8793e151bdffb60f9e48a249912f86d4c9ebeef?s=96&d=mm&r=g"},"magazineBlocksPostCommentsNumber":"0","magazineBlocksPostExcerpt":"La Suprema Corte de Justicia de la Naci\u00f3n (SCJN) suspendi\u00f3 la discusi\u00f3n sobre la reforma que reduce de 12 a","magazineBlocksPostCategories":["M\u00e9xico","Salud y Sexualidad"],"magazineBlocksPostViewCount":80,"magazineBlocksPostReadTime":3,"magazine_blocks_featured_image_url":{"full":["https:\/\/www.alasmedios.com\/wp-content\/uploads\/2026\/01\/SCJN-frena-debate-sobre-reducir-plazo-de-aborto-en-Aguascalientes.png",2000,1214,false],"medium":["https:\/\/www.alasmedios.com\/wp-content\/uploads\/2026\/01\/SCJN-frena-debate-sobre-reducir-plazo-de-aborto-en-Aguascalientes-300x182.png",300,182,true],"thumbnail":["https:\/\/www.alasmedios.com\/wp-content\/uploads\/2026\/01\/SCJN-frena-debate-sobre-reducir-plazo-de-aborto-en-Aguascalientes-150x150.png",150,150,true]},"magazine_blocks_author":{"display_name":"Keila Rodr\u00edguez Pe\u00f1a","author_link":"https:\/\/www.alasmedios.com\/index.php\/author\/keila\/"},"magazine_blocks_comment":0,"magazine_blocks_author_image":"https:\/\/secure.gravatar.com\/avatar\/a2553a2bfaa601b9d539b617c8793e151bdffb60f9e48a249912f86d4c9ebeef?s=96&d=mm&r=g","magazine_blocks_category":"<a href=\"#\" class=\"category-link category-link-3222\">M\u00e9xico<\/a> <a href=\"#\" class=\"category-link category-link-44\">Salud y Sexualidad<\/a>","yoast_head":"<!-- This site is optimized with the Yoast SEO plugin v27.5 - https:\/\/yoast.com\/product\/yoast-seo-wordpress\/ -->\r\n<title>SCJN frena debate sobre reducir plazo de aborto en Aguascalientes - Alas Medios<\/title>\r\n<meta name=\"robots\" content=\"index, follow, max-snippet:-1, max-image-preview:large, max-video-preview:-1\" \/>\r\n<link rel=\"canonical\" href=\"https:\/\/www.alasmedios.com\/index.php\/2026\/01\/07\/scjn-frena-debate-sobre-reducir-plazo-de-aborto-en-aguascalientes\/\" \/>\r\n<meta property=\"og:locale\" content=\"es_MX\" \/>\r\n<meta property=\"og:type\" content=\"article\" \/>\r\n<meta property=\"og:title\" content=\"SCJN frena debate sobre reducir plazo de aborto en Aguascalientes - Alas Medios\" \/>\r\n<meta property=\"og:description\" content=\"La Suprema Corte de Justicia de la Naci\u00f3n (SCJN) suspendi\u00f3 la discusi\u00f3n sobre la reforma que reduce de 12 a\" \/>\r\n<meta property=\"og:url\" content=\"https:\/\/www.alasmedios.com\/index.php\/2026\/01\/07\/scjn-frena-debate-sobre-reducir-plazo-de-aborto-en-aguascalientes\/\" \/>\r\n<meta property=\"og:site_name\" content=\"Alas Medios\" \/>\r\n<meta property=\"article:published_time\" content=\"2026-01-07T19:28:23+00:00\" \/>\r\n<meta property=\"article:modified_time\" content=\"2026-01-07T19:28:25+00:00\" \/>\r\n<meta property=\"og:image\" content=\"https:\/\/www.alasmedios.com\/wp-content\/uploads\/2026\/01\/SCJN-frena-debate-sobre-reducir-plazo-de-aborto-en-Aguascalientes.png\" \/>\r\n\t<meta property=\"og:image:width\" content=\"2000\" \/>\r\n\t<meta property=\"og:image:height\" content=\"1214\" \/>\r\n\t<meta property=\"og:image:type\" content=\"image\/png\" \/>\r\n<meta name=\"author\" content=\"Keila Rodr\u00edguez Pe\u00f1a\" \/>\r\n<meta name=\"twitter:card\" content=\"summary_large_image\" \/>\r\n<meta name=\"twitter:label1\" content=\"Escrito por\" \/>\n\t<meta name=\"twitter:data1\" content=\"Keila Rodr\u00edguez Pe\u00f1a\" \/>\n\t<meta name=\"twitter:label2\" content=\"Tiempo de lectura\" \/>\n\t<meta name=\"twitter:data2\" content=\"2 minutos\" \/>\r\n<script type=\"application\/ld+json\" class=\"yoast-schema-graph\">{\"@context\":\"https:\\\/\\\/schema.org\",\"@graph\":[{\"@type\":\"Article\",\"@id\":\"https:\\\/\\\/www.alasmedios.com\\\/index.php\\\/2026\\\/01\\\/07\\\/scjn-frena-debate-sobre-reducir-plazo-de-aborto-en-aguascalientes\\\/#article\",\"isPartOf\":{\"@id\":\"https:\\\/\\\/www.alasmedios.com\\\/index.php\\\/2026\\\/01\\\/07\\\/scjn-frena-debate-sobre-reducir-plazo-de-aborto-en-aguascalientes\\\/\"},\"author\":{\"name\":\"Keila Rodr\u00edguez Pe\u00f1a\",\"@id\":\"https:\\\/\\\/www.alasmedios.com\\\/#\\\/schema\\\/person\\\/0ba31bdd19a05ebf5c7fef1fedf99c34\"},\"headline\":\"SCJN frena debate sobre reducir plazo de aborto en Aguascalientes\",\"datePublished\":\"2026-01-07T19:28:23+00:00\",\"dateModified\":\"2026-01-07T19:28:25+00:00\",\"mainEntityOfPage\":{\"@id\":\"https:\\\/\\\/www.alasmedios.com\\\/index.php\\\/2026\\\/01\\\/07\\\/scjn-frena-debate-sobre-reducir-plazo-de-aborto-en-aguascalientes\\\/\"},\"wordCount\":416,\"commentCount\":0,\"publisher\":{\"@id\":\"https:\\\/\\\/www.alasmedios.com\\\/#organization\"},\"image\":{\"@id\":\"https:\\\/\\\/www.alasmedios.com\\\/index.php\\\/2026\\\/01\\\/07\\\/scjn-frena-debate-sobre-reducir-plazo-de-aborto-en-aguascalientes\\\/#primaryimage\"},\"thumbnailUrl\":\"https:\\\/\\\/www.alasmedios.com\\\/wp-content\\\/uploads\\\/2026\\\/01\\\/SCJN-frena-debate-sobre-reducir-plazo-de-aborto-en-Aguascalientes.png\",\"keywords\":[\"aborto\",\"Aguascalientes\",\"CNDH\",\"derechos\",\"M\u00e9xico\",\"SCJN\"],\"articleSection\":[\"M\u00e9xico\",\"Salud y Sexualidad\"],\"inLanguage\":\"es\",\"potentialAction\":[{\"@type\":\"CommentAction\",\"name\":\"Comment\",\"target\":[\"https:\\\/\\\/www.alasmedios.com\\\/index.php\\\/2026\\\/01\\\/07\\\/scjn-frena-debate-sobre-reducir-plazo-de-aborto-en-aguascalientes\\\/#respond\"]}]},{\"@type\":\"WebPage\",\"@id\":\"https:\\\/\\\/www.alasmedios.com\\\/index.php\\\/2026\\\/01\\\/07\\\/scjn-frena-debate-sobre-reducir-plazo-de-aborto-en-aguascalientes\\\/\",\"url\":\"https:\\\/\\\/www.alasmedios.com\\\/index.php\\\/2026\\\/01\\\/07\\\/scjn-frena-debate-sobre-reducir-plazo-de-aborto-en-aguascalientes\\\/\",\"name\":\"SCJN frena debate sobre reducir plazo de aborto en Aguascalientes - Alas Medios\",\"isPartOf\":{\"@id\":\"https:\\\/\\\/www.alasmedios.com\\\/#website\"},\"primaryImageOfPage\":{\"@id\":\"https:\\\/\\\/www.alasmedios.com\\\/index.php\\\/2026\\\/01\\\/07\\\/scjn-frena-debate-sobre-reducir-plazo-de-aborto-en-aguascalientes\\\/#primaryimage\"},\"image\":{\"@id\":\"https:\\\/\\\/www.alasmedios.com\\\/index.php\\\/2026\\\/01\\\/07\\\/scjn-frena-debate-sobre-reducir-plazo-de-aborto-en-aguascalientes\\\/#primaryimage\"},\"thumbnailUrl\":\"https:\\\/\\\/www.alasmedios.com\\\/wp-content\\\/uploads\\\/2026\\\/01\\\/SCJN-frena-debate-sobre-reducir-plazo-de-aborto-en-Aguascalientes.png\",\"datePublished\":\"2026-01-07T19:28:23+00:00\",\"dateModified\":\"2026-01-07T19:28:25+00:00\",\"breadcrumb\":{\"@id\":\"https:\\\/\\\/www.alasmedios.com\\\/index.php\\\/2026\\\/01\\\/07\\\/scjn-frena-debate-sobre-reducir-plazo-de-aborto-en-aguascalientes\\\/#breadcrumb\"},\"inLanguage\":\"es\",\"potentialAction\":[{\"@type\":\"ReadAction\",\"target\":[\"https:\\\/\\\/www.alasmedios.com\\\/index.php\\\/2026\\\/01\\\/07\\\/scjn-frena-debate-sobre-reducir-plazo-de-aborto-en-aguascalientes\\\/\"]}]},{\"@type\":\"ImageObject\",\"inLanguage\":\"es\",\"@id\":\"https:\\\/\\\/www.alasmedios.com\\\/index.php\\\/2026\\\/01\\\/07\\\/scjn-frena-debate-sobre-reducir-plazo-de-aborto-en-aguascalientes\\\/#primaryimage\",\"url\":\"https:\\\/\\\/www.alasmedios.com\\\/wp-content\\\/uploads\\\/2026\\\/01\\\/SCJN-frena-debate-sobre-reducir-plazo-de-aborto-en-Aguascalientes.png\",\"contentUrl\":\"https:\\\/\\\/www.alasmedios.com\\\/wp-content\\\/uploads\\\/2026\\\/01\\\/SCJN-frena-debate-sobre-reducir-plazo-de-aborto-en-Aguascalientes.png\",\"width\":2000,\"height\":1214},{\"@type\":\"BreadcrumbList\",\"@id\":\"https:\\\/\\\/www.alasmedios.com\\\/index.php\\\/2026\\\/01\\\/07\\\/scjn-frena-debate-sobre-reducir-plazo-de-aborto-en-aguascalientes\\\/#breadcrumb\",\"itemListElement\":[{\"@type\":\"ListItem\",\"position\":1,\"name\":\"Inicio\",\"item\":\"https:\\\/\\\/www.alasmedios.com\\\/\"},{\"@type\":\"ListItem\",\"position\":2,\"name\":\"SCJN frena debate sobre reducir plazo de aborto en Aguascalientes\"}]},{\"@type\":\"WebSite\",\"@id\":\"https:\\\/\\\/www.alasmedios.com\\\/#website\",\"url\":\"https:\\\/\\\/www.alasmedios.com\\\/\",\"name\":\"Alas Medios\",\"description\":\"Alas para pensar, Alas para volar, Alas de libertad\",\"publisher\":{\"@id\":\"https:\\\/\\\/www.alasmedios.com\\\/#organization\"},\"potentialAction\":[{\"@type\":\"SearchAction\",\"target\":{\"@type\":\"EntryPoint\",\"urlTemplate\":\"https:\\\/\\\/www.alasmedios.com\\\/?s={search_term_string}\"},\"query-input\":{\"@type\":\"PropertyValueSpecification\",\"valueRequired\":true,\"valueName\":\"search_term_string\"}}],\"inLanguage\":\"es\"},{\"@type\":\"Organization\",\"@id\":\"https:\\\/\\\/www.alasmedios.com\\\/#organization\",\"name\":\"Alas Medios\",\"url\":\"https:\\\/\\\/www.alasmedios.com\\\/\",\"logo\":{\"@type\":\"ImageObject\",\"inLanguage\":\"es\",\"@id\":\"https:\\\/\\\/www.alasmedios.com\\\/#\\\/schema\\\/logo\\\/image\\\/\",\"url\":\"https:\\\/\\\/www.alasmedios.com\\\/wp-content\\\/uploads\\\/2026\\\/01\\\/cropped-cropped-GAM-1.png\",\"contentUrl\":\"https:\\\/\\\/www.alasmedios.com\\\/wp-content\\\/uploads\\\/2026\\\/01\\\/cropped-cropped-GAM-1.png\",\"width\":467,\"height\":235,\"caption\":\"Alas Medios\"},\"image\":{\"@id\":\"https:\\\/\\\/www.alasmedios.com\\\/#\\\/schema\\\/logo\\\/image\\\/\"}},{\"@type\":\"Person\",\"@id\":\"https:\\\/\\\/www.alasmedios.com\\\/#\\\/schema\\\/person\\\/0ba31bdd19a05ebf5c7fef1fedf99c34\",\"name\":\"Keila Rodr\u00edguez Pe\u00f1a\",\"image\":{\"@type\":\"ImageObject\",\"inLanguage\":\"es\",\"@id\":\"https:\\\/\\\/secure.gravatar.com\\\/avatar\\\/a2553a2bfaa601b9d539b617c8793e151bdffb60f9e48a249912f86d4c9ebeef?s=96&d=mm&r=g\",\"url\":\"https:\\\/\\\/secure.gravatar.com\\\/avatar\\\/a2553a2bfaa601b9d539b617c8793e151bdffb60f9e48a249912f86d4c9ebeef?s=96&d=mm&r=g\",\"contentUrl\":\"https:\\\/\\\/secure.gravatar.com\\\/avatar\\\/a2553a2bfaa601b9d539b617c8793e151bdffb60f9e48a249912f86d4c9ebeef?s=96&d=mm&r=g\",\"caption\":\"Keila Rodr\u00edguez Pe\u00f1a\"},\"sameAs\":[\"http:\\\/\\\/www.alasmedios.com\"],\"url\":\"https:\\\/\\\/www.alasmedios.com\\\/index.php\\\/author\\\/keila\\\/\"}]}<\/script>\r\n<!-- \/ Yoast SEO plugin. -->","yoast_head_json":{"title":"SCJN frena debate sobre reducir plazo de aborto en Aguascalientes - Alas Medios","robots":{"index":"index","follow":"follow","max-snippet":"max-snippet:-1","max-image-preview":"max-image-preview:large","max-video-preview":"max-video-preview:-1"},"canonical":"https:\/\/www.alasmedios.com\/index.php\/2026\/01\/07\/scjn-frena-debate-sobre-reducir-plazo-de-aborto-en-aguascalientes\/","og_locale":"es_MX","og_type":"article","og_title":"SCJN frena debate sobre reducir plazo de aborto en Aguascalientes - Alas Medios","og_description":"La Suprema Corte de Justicia de la Naci\u00f3n (SCJN) suspendi\u00f3 la discusi\u00f3n sobre la reforma que reduce de 12 a","og_url":"https:\/\/www.alasmedios.com\/index.php\/2026\/01\/07\/scjn-frena-debate-sobre-reducir-plazo-de-aborto-en-aguascalientes\/","og_site_name":"Alas Medios","article_published_time":"2026-01-07T19:28:23+00:00","article_modified_time":"2026-01-07T19:28:25+00:00","og_image":[{"width":2000,"height":1214,"url":"https:\/\/www.alasmedios.com\/wp-content\/uploads\/2026\/01\/SCJN-frena-debate-sobre-reducir-plazo-de-aborto-en-Aguascalientes.png","type":"image\/png"}],"author":"Keila Rodr\u00edguez Pe\u00f1a","twitter_card":"summary_large_image","twitter_misc":{"Escrito por":"Keila Rodr\u00edguez Pe\u00f1a","Tiempo de lectura":"2 minutos"},"schema":{"@context":"https:\/\/schema.org","@graph":[{"@type":"Article","@id":"https:\/\/www.alasmedios.com\/index.php\/2026\/01\/07\/scjn-frena-debate-sobre-reducir-plazo-de-aborto-en-aguascalientes\/#article","isPartOf":{"@id":"https:\/\/www.alasmedios.com\/index.php\/2026\/01\/07\/scjn-frena-debate-sobre-reducir-plazo-de-aborto-en-aguascalientes\/"},"author":{"name":"Keila Rodr\u00edguez Pe\u00f1a","@id":"https:\/\/www.alasmedios.com\/#\/schema\/person\/0ba31bdd19a05ebf5c7fef1fedf99c34"},"headline":"SCJN frena debate sobre reducir plazo de aborto en Aguascalientes","datePublished":"2026-01-07T19:28:23+00:00","dateModified":"2026-01-07T19:28:25+00:00","mainEntityOfPage":{"@id":"https:\/\/www.alasmedios.com\/index.php\/2026\/01\/07\/scjn-frena-debate-sobre-reducir-plazo-de-aborto-en-aguascalientes\/"},"wordCount":416,"commentCount":0,"publisher":{"@id":"https:\/\/www.alasmedios.com\/#organization"},"image":{"@id":"https:\/\/www.alasmedios.com\/index.php\/2026\/01\/07\/scjn-frena-debate-sobre-reducir-plazo-de-aborto-en-aguascalientes\/#primaryimage"},"thumbnailUrl":"https:\/\/www.alasmedios.com\/wp-content\/uploads\/2026\/01\/SCJN-frena-debate-sobre-reducir-plazo-de-aborto-en-Aguascalientes.png","keywords":["aborto","Aguascalientes","CNDH","derechos","M\u00e9xico","SCJN"],"articleSection":["M\u00e9xico","Salud y Sexualidad"],"inLanguage":"es","potentialAction":[{"@type":"CommentAction","name":"Comment","target":["https:\/\/www.alasmedios.com\/index.php\/2026\/01\/07\/scjn-frena-debate-sobre-reducir-plazo-de-aborto-en-aguascalientes\/#respond"]}]},{"@type":"WebPage","@id":"https:\/\/www.alasmedios.com\/index.php\/2026\/01\/07\/scjn-frena-debate-sobre-reducir-plazo-de-aborto-en-aguascalientes\/","url":"https:\/\/www.alasmedios.com\/index.php\/2026\/01\/07\/scjn-frena-debate-sobre-reducir-plazo-de-aborto-en-aguascalientes\/","name":"SCJN frena debate sobre reducir plazo de aborto en Aguascalientes - Alas Medios","isPartOf":{"@id":"https:\/\/www.alasmedios.com\/#website"},"primaryImageOfPage":{"@id":"https:\/\/www.alasmedios.com\/index.php\/2026\/01\/07\/scjn-frena-debate-sobre-reducir-plazo-de-aborto-en-aguascalientes\/#primaryimage"},"image":{"@id":"https:\/\/www.alasmedios.com\/index.php\/2026\/01\/07\/scjn-frena-debate-sobre-reducir-plazo-de-aborto-en-aguascalientes\/#primaryimage"},"thumbnailUrl":"https:\/\/www.alasmedios.com\/wp-content\/uploads\/2026\/01\/SCJN-frena-debate-sobre-reducir-plazo-de-aborto-en-Aguascalientes.png","datePublished":"2026-01-07T19:28:23+00:00","dateModified":"2026-01-07T19:28:25+00:00","breadcrumb":{"@id":"https:\/\/www.alasmedios.com\/index.php\/2026\/01\/07\/scjn-frena-debate-sobre-reducir-plazo-de-aborto-en-aguascalientes\/#breadcrumb"},"inLanguage":"es","potentialAction":[{"@type":"ReadAction","target":["https:\/\/www.alasmedios.com\/index.php\/2026\/01\/07\/scjn-frena-debate-sobre-reducir-plazo-de-aborto-en-aguascalientes\/"]}]},{"@type":"ImageObject","inLanguage":"es","@id":"https:\/\/www.alasmedios.com\/index.php\/2026\/01\/07\/scjn-frena-debate-sobre-reducir-plazo-de-aborto-en-aguascalientes\/#primaryimage","url":"https:\/\/www.alasmedios.com\/wp-content\/uploads\/2026\/01\/SCJN-frena-debate-sobre-reducir-plazo-de-aborto-en-Aguascalientes.png","contentUrl":"https:\/\/www.alasmedios.com\/wp-content\/uploads\/2026\/01\/SCJN-frena-debate-sobre-reducir-plazo-de-aborto-en-Aguascalientes.png","width":2000,"height":1214},{"@type":"BreadcrumbList","@id":"https:\/\/www.alasmedios.com\/index.php\/2026\/01\/07\/scjn-frena-debate-sobre-reducir-plazo-de-aborto-en-aguascalientes\/#breadcrumb","itemListElement":[{"@type":"ListItem","position":1,"name":"Inicio","item":"https:\/\/www.alasmedios.com\/"},{"@type":"ListItem","position":2,"name":"SCJN frena debate sobre reducir plazo de aborto en Aguascalientes"}]},{"@type":"WebSite","@id":"https:\/\/www.alasmedios.com\/#website","url":"https:\/\/www.alasmedios.com\/","name":"Alas Medios","description":"Alas para pensar, Alas para volar, Alas de libertad","publisher":{"@id":"https:\/\/www.alasmedios.com\/#organization"},"potentialAction":[{"@type":"SearchAction","target":{"@type":"EntryPoint","urlTemplate":"https:\/\/www.alasmedios.com\/?s={search_term_string}"},"query-input":{"@type":"PropertyValueSpecification","valueRequired":true,"valueName":"search_term_string"}}],"inLanguage":"es"},{"@type":"Organization","@id":"https:\/\/www.alasmedios.com\/#organization","name":"Alas Medios","url":"https:\/\/www.alasmedios.com\/","logo":{"@type":"ImageObject","inLanguage":"es","@id":"https:\/\/www.alasmedios.com\/#\/schema\/logo\/image\/","url":"https:\/\/www.alasmedios.com\/wp-content\/uploads\/2026\/01\/cropped-cropped-GAM-1.png","contentUrl":"https:\/\/www.alasmedios.com\/wp-content\/uploads\/2026\/01\/cropped-cropped-GAM-1.png","width":467,"height":235,"caption":"Alas Medios"},"image":{"@id":"https:\/\/www.alasmedios.com\/#\/schema\/logo\/image\/"}},{"@type":"Person","@id":"https:\/\/www.alasmedios.com\/#\/schema\/person\/0ba31bdd19a05ebf5c7fef1fedf99c34","name":"Keila Rodr\u00edguez Pe\u00f1a","image":{"@type":"ImageObject","inLanguage":"es","@id":"https:\/\/secure.gravatar.com\/avatar\/a2553a2bfaa601b9d539b617c8793e151bdffb60f9e48a249912f86d4c9ebeef?s=96&d=mm&r=g","url":"https:\/\/secure.gravatar.com\/avatar\/a2553a2bfaa601b9d539b617c8793e151bdffb60f9e48a249912f86d4c9ebeef?s=96&d=mm&r=g","contentUrl":"https:\/\/secure.gravatar.com\/avatar\/a2553a2bfaa601b9d539b617c8793e151bdffb60f9e48a249912f86d4c9ebeef?s=96&d=mm&r=g","caption":"Keila Rodr\u00edguez Pe\u00f1a"},"sameAs":["http:\/\/www.alasmedios.com"],"url":"https:\/\/www.alasmedios.com\/index.php\/author\/keila\/"}]}},"_links":{"self":[{"href":"https:\/\/www.alasmedios.com\/index.php\/wp-json\/wp\/v2\/posts\/7386","targetHints":{"allow":["GET"]}}],"collection":[{"href":"https:\/\/www.alasmedios.com\/index.php\/wp-json\/wp\/v2\/posts"}],"about":[{"href":"https:\/\/www.alasmedios.com\/index.php\/wp-json\/wp\/v2\/types\/post"}],"author":[{"embeddable":true,"href":"https:\/\/www.alasmedios.com\/index.php\/wp-json\/wp\/v2\/users\/4"}],"replies":[{"embeddable":true,"href":"https:\/\/www.alasmedios.com\/index.php\/wp-json\/wp\/v2\/comments?post=7386"}],"version-history":[{"count":1,"href":"https:\/\/www.alasmedios.com\/index.php\/wp-json\/wp\/v2\/posts\/7386\/revisions"}],"predecessor-version":[{"id":7388,"href":"https:\/\/www.alasmedios.com\/index.php\/wp-json\/wp\/v2\/posts\/7386\/revisions\/7388"}],"wp:featuredmedia":[{"embeddable":true,"href":"https:\/\/www.alasmedios.com\/index.php\/wp-json\/wp\/v2\/media\/7387"}],"wp:attachment":[{"href":"https:\/\/www.alasmedios.com\/index.php\/wp-json\/wp\/v2\/media?parent=7386"}],"wp:term":[{"taxonomy":"category","embeddable":true,"href":"https:\/\/www.alasmedios.com\/index.php\/wp-json\/wp\/v2\/categories?post=7386"},{"taxonomy":"post_tag","embeddable":true,"href":"https:\/\/www.alasmedios.com\/index.php\/wp-json\/wp\/v2\/tags?post=7386"}],"curies":[{"name":"wp","href":"https:\/\/api.w.org\/{rel}","templated":true}]}}