{"id":7383,"date":"2026-01-07T12:35:18","date_gmt":"2026-01-07T18:35:18","guid":{"rendered":"https:\/\/www.alasmedios.com\/?p=7383"},"modified":"2026-01-07T12:35:20","modified_gmt":"2026-01-07T18:35:20","slug":"la-protesta-no-se-autoriza-la-corte-tumba-requisitos-previos-para-manifestarse","status":"publish","type":"post","link":"https:\/\/www.alasmedios.com\/index.php\/2026\/01\/07\/la-protesta-no-se-autoriza-la-corte-tumba-requisitos-previos-para-manifestarse\/","title":{"rendered":"La protesta no se autoriza: la Corte tumba requisitos previos para manifestarse"},"content":{"rendered":"\n<p>Imponer <strong>autorizaci\u00f3n previa<\/strong> para realizar <strong>protestas p\u00fablicas<\/strong> es <strong>inconstitucional<\/strong>, resolvi\u00f3 este martes el <strong>Pleno de la Suprema Corte de Justicia de la Naci\u00f3n (SCJN)<\/strong>, al considerar que dicha exigencia <strong>vulnera el derecho humano a la protesta social pac\u00edfica<\/strong> y tiene un <strong>efecto inhibitorio en la democracia<\/strong>.<\/p>\n\n\n\n<p>Por <strong>unanimidad de votos<\/strong>, la Corte aprob\u00f3 el proyecto del ministro <strong>Irving Espinosa Betanzo<\/strong>, que <strong>invalid\u00f3 una parte del art\u00edculo 109<\/strong> de la <strong>Ley de Movilidad y Seguridad Vial del Estado de Sonora<\/strong>, norma aprobada por el <strong>Congreso local en enero de 2024<\/strong>, la cual exig\u00eda <strong>permiso previo de la autoridad<\/strong> para llevar a cabo manifestaciones.<\/p>\n\n\n\n<p>Durante la discusi\u00f3n, el ponente sostuvo que <strong>\u201cel requisito de autorizaci\u00f3n previa es inconstitucional\u201d<\/strong>, al tratarse de una disposici\u00f3n <strong>vaga<\/strong>, que <strong>habilita una amplia discrecionalidad<\/strong> y opera como un <strong>mecanismo de control previo incompatible con el derecho de protesta<\/strong>, por lo que <strong>no supera el escrutinio constitucional m\u00e1s estricto<\/strong> y debe ser <strong>expulsada del orden jur\u00eddico<\/strong>.<\/p>\n\n\n\n<p>El an\u00e1lisis del caso deriv\u00f3 de una <strong>acci\u00f3n de inconstitucionalidad<\/strong> promovida por la <strong>Comisi\u00f3n Nacional de los Derechos Humanos (CNDH)<\/strong> contra los <strong>art\u00edculos 109 y 110<\/strong> de dicha ley estatal.<\/p>\n\n\n\n<p>CONTIN\u00daA LEYENDO: <a href=\"https:\/\/www.alasmedios.com\/index.php\/2026\/01\/07\/rusia-despliega-buques-de-guerra-para-proteger-petrolero-venezolano-vigilado-por-eu\/\" data-type=\"post\" data-id=\"7377\">Rusia despliega buques de guerra para proteger petrolero venezolano vigilado por EU<\/a><\/p>\n\n\n\n<p>Si bien el Pleno anul\u00f3 el requisito de autorizaci\u00f3n, <strong>mantuvo vigente el art\u00edculo 110<\/strong>, que establece un <strong>aviso previo de 72 horas<\/strong> para la realizaci\u00f3n de manifestaciones. La Corte precis\u00f3, mediante <strong>interpretaci\u00f3n conforme<\/strong>, que este aviso debe entenderse <strong>\u00fanicamente como una medida de log\u00edstica y protecci\u00f3n<\/strong>, y <strong>no como un permiso obligatorio<\/strong> para ejercer el derecho a la protesta.<\/p>\n\n\n\n<p>No obstante, el <strong>ministro presidente Hugo Aguilar Ortiz<\/strong> y la <strong>ministra Lenia Batres Guadarrama<\/strong> se pronunciaron <strong>en contra de la validez del art\u00edculo 110<\/strong>, al advertir que implica un <strong>riesgo de censura<\/strong> y una <strong>restricci\u00f3n indebida<\/strong> a la <strong>libertad de expresi\u00f3n<\/strong>.<\/p>\n\n\n\n<p>Batres argument\u00f3 que la disposici\u00f3n <strong>carece de eficacia jur\u00eddica<\/strong> y <strong>limita injustificadamente el derecho a la protesta<\/strong>, al dejar en manos de la <strong>autoridad administrativa<\/strong> la posibilidad de <strong>prejuzgar<\/strong> si una manifestaci\u00f3n podr\u00eda derivar en <strong>delitos o faltas administrativas<\/strong>, lo que, advirti\u00f3, <strong>abre la puerta a decisiones arbitrarias<\/strong>.<\/p>\n\n\n\n<p>Con esta resoluci\u00f3n, la <strong>SCJN<\/strong> fij\u00f3 un <strong>criterio clave<\/strong> sobre los l\u00edmites que pueden imponer las autoridades a las <strong>manifestaciones p\u00fablicas<\/strong>, reforzando la protecci\u00f3n constitucional del <strong>derecho a la protesta<\/strong> en el pa\u00eds.<\/p>\n\n\n<ul class=\"wp-block-latest-posts__list is-grid columns-3 wp-block-latest-posts\"><li><div class=\"wp-block-latest-posts__featured-image\"><img loading=\"lazy\" decoding=\"async\" width=\"150\" height=\"150\" src=\"https:\/\/www.alasmedios.com\/wp-content\/uploads\/2026\/05\/Super-Final-de-la-Copa-del-Mundo-de-Clavados-2026-150x150.jpeg\" class=\"attachment-thumbnail size-thumbnail wp-post-image\" alt=\"\" style=\"\" \/><\/div><a class=\"wp-block-latest-posts__post-title\" href=\"https:\/\/www.alasmedios.com\/index.php\/2026\/05\/01\/mexico-se-lanza-por-la-cima-once-clavadistas-buscan-la-gloria-mundial-en-pekin-2026\/\">M\u00e9xico se lanza por la cima: once clavadistas buscan la gloria mundial en Pek\u00edn 2026<\/a><\/li>\n<li><div class=\"wp-block-latest-posts__featured-image\"><img loading=\"lazy\" decoding=\"async\" width=\"150\" height=\"150\" src=\"https:\/\/www.alasmedios.com\/wp-content\/uploads\/2026\/04\/Puebla-el-Congreso-aprobo-el-Protocolo-Homologado-de-Investigacion-de-Delitos-contra-Personas-LGBTTTI-150x150.png\" class=\"attachment-thumbnail size-thumbnail wp-post-image\" alt=\"\" style=\"\" \/><\/div><a class=\"wp-block-latest-posts__post-title\" href=\"https:\/\/www.alasmedios.com\/index.php\/2026\/04\/30\/puebla-impulsa-protocolo-contra-delitos-lgbttti\/\">Puebla impulsa protocolo contra delitos LGBTTTI+<\/a><\/li>\n<li><div class=\"wp-block-latest-posts__featured-image\"><img loading=\"lazy\" decoding=\"async\" width=\"150\" height=\"150\" src=\"https:\/\/www.alasmedios.com\/wp-content\/uploads\/2026\/04\/PEC-Parque-Ecologico-Cubitos-150x150.jpg\" class=\"attachment-thumbnail size-thumbnail wp-post-image\" alt=\"\" style=\"\" \/><\/div><a class=\"wp-block-latest-posts__post-title\" href=\"https:\/\/www.alasmedios.com\/index.php\/2026\/04\/30\/naturaleza-viva-en-pachuca-cubitos-conmemora-a-los-jardines-botanicos\/\">Naturaleza viva en Pachuca: Cubitos conmemora a los jardines bot\u00e1nicos<\/a><\/li>\n<\/ul>","protected":false},"excerpt":{"rendered":"<p>Imponer autorizaci\u00f3n previa para realizar protestas p\u00fablicas es inconstitucional, resolvi\u00f3 este martes el Pleno de la Suprema Corte de Justicia<\/p>\n","protected":false},"author":4,"featured_media":7384,"comment_status":"open","ping_status":"open","sticky":false,"template":"","format":"standard","meta":{"colormag_page_container_layout":"default_layout","colormag_page_sidebar_layout":"default_layout","rop_custom_images_group":[],"rop_custom_messages_group":[],"rop_publish_now":"initial","rop_publish_now_accounts":[],"rop_publish_now_history":[],"rop_publish_now_status":"pending","iawp_total_views":0,"footnotes":""},"categories":[3222],"tags":[937,456,166,2857,1451,3230],"class_list":["post-7383","post","type-post","status-publish","format-standard","has-post-thumbnail","hentry","category-mexico","tag-cndh","tag-derechos","tag-mexico","tag-protestas","tag-scjn","tag-sonora"],"magazineBlocksPostFeaturedMedia":{"thumbnail":"https:\/\/www.alasmedios.com\/wp-content\/uploads\/2026\/01\/La-protesta-no-se-autoriza-la-Corte-tumba-requisitos-previos-para-manifestarse-150x150.png","medium":"https:\/\/www.alasmedios.com\/wp-content\/uploads\/2026\/01\/La-protesta-no-se-autoriza-la-Corte-tumba-requisitos-previos-para-manifestarse-300x182.png","medium_large":"https:\/\/www.alasmedios.com\/wp-content\/uploads\/2026\/01\/La-protesta-no-se-autoriza-la-Corte-tumba-requisitos-previos-para-manifestarse-768x466.png","large":"https:\/\/www.alasmedios.com\/wp-content\/uploads\/2026\/01\/La-protesta-no-se-autoriza-la-Corte-tumba-requisitos-previos-para-manifestarse-1024x622.png","1536x1536":"https:\/\/www.alasmedios.com\/wp-content\/uploads\/2026\/01\/La-protesta-no-se-autoriza-la-Corte-tumba-requisitos-previos-para-manifestarse-1536x932.png","2048x2048":"https:\/\/www.alasmedios.com\/wp-content\/uploads\/2026\/01\/La-protesta-no-se-autoriza-la-Corte-tumba-requisitos-previos-para-manifestarse.png","colormag-highlighted-post":"https:\/\/www.alasmedios.com\/wp-content\/uploads\/2026\/01\/La-protesta-no-se-autoriza-la-Corte-tumba-requisitos-previos-para-manifestarse-392x272.png","colormag-featured-post-medium":"https:\/\/www.alasmedios.com\/wp-content\/uploads\/2026\/01\/La-protesta-no-se-autoriza-la-Corte-tumba-requisitos-previos-para-manifestarse-390x205.png","colormag-featured-post-small":"https:\/\/www.alasmedios.com\/wp-content\/uploads\/2026\/01\/La-protesta-no-se-autoriza-la-Corte-tumba-requisitos-previos-para-manifestarse-130x90.png","colormag-featured-image":"https:\/\/www.alasmedios.com\/wp-content\/uploads\/2026\/01\/La-protesta-no-se-autoriza-la-Corte-tumba-requisitos-previos-para-manifestarse-800x445.png","colormag-default-news":"https:\/\/www.alasmedios.com\/wp-content\/uploads\/2026\/01\/La-protesta-no-se-autoriza-la-Corte-tumba-requisitos-previos-para-manifestarse-150x150.png","colormag-featured-image-large":"https:\/\/www.alasmedios.com\/wp-content\/uploads\/2026\/01\/La-protesta-no-se-autoriza-la-Corte-tumba-requisitos-previos-para-manifestarse-1400x600.png"},"magazineBlocksPostAuthor":{"name":"Keila Rodr\u00edguez Pe\u00f1a","avatar":"https:\/\/secure.gravatar.com\/avatar\/a2553a2bfaa601b9d539b617c8793e151bdffb60f9e48a249912f86d4c9ebeef?s=96&d=mm&r=g"},"magazineBlocksPostCommentsNumber":"0","magazineBlocksPostExcerpt":"Imponer autorizaci\u00f3n previa para realizar protestas p\u00fablicas es inconstitucional, resolvi\u00f3 este martes el Pleno de la Suprema Corte de Justicia","magazineBlocksPostCategories":["M\u00e9xico"],"magazineBlocksPostViewCount":79,"magazineBlocksPostReadTime":3,"magazine_blocks_featured_image_url":{"full":["https:\/\/www.alasmedios.com\/wp-content\/uploads\/2026\/01\/La-protesta-no-se-autoriza-la-Corte-tumba-requisitos-previos-para-manifestarse.png",2000,1214,false],"medium":["https:\/\/www.alasmedios.com\/wp-content\/uploads\/2026\/01\/La-protesta-no-se-autoriza-la-Corte-tumba-requisitos-previos-para-manifestarse-300x182.png",300,182,true],"thumbnail":["https:\/\/www.alasmedios.com\/wp-content\/uploads\/2026\/01\/La-protesta-no-se-autoriza-la-Corte-tumba-requisitos-previos-para-manifestarse-150x150.png",150,150,true]},"magazine_blocks_author":{"display_name":"Keila Rodr\u00edguez Pe\u00f1a","author_link":"https:\/\/www.alasmedios.com\/index.php\/author\/keila\/"},"magazine_blocks_comment":0,"magazine_blocks_author_image":"https:\/\/secure.gravatar.com\/avatar\/a2553a2bfaa601b9d539b617c8793e151bdffb60f9e48a249912f86d4c9ebeef?s=96&d=mm&r=g","magazine_blocks_category":"<a href=\"#\" class=\"category-link category-link-3222\">M\u00e9xico<\/a>","yoast_head":"<!-- This site is optimized with the Yoast SEO plugin v27.5 - https:\/\/yoast.com\/product\/yoast-seo-wordpress\/ -->\r\n<title>La protesta no se autoriza: la Corte tumba requisitos previos para manifestarse - Alas Medios<\/title>\r\n<meta name=\"robots\" content=\"index, follow, max-snippet:-1, max-image-preview:large, max-video-preview:-1\" \/>\r\n<link rel=\"canonical\" href=\"https:\/\/www.alasmedios.com\/index.php\/2026\/01\/07\/la-protesta-no-se-autoriza-la-corte-tumba-requisitos-previos-para-manifestarse\/\" \/>\r\n<meta property=\"og:locale\" content=\"es_MX\" \/>\r\n<meta property=\"og:type\" content=\"article\" \/>\r\n<meta property=\"og:title\" content=\"La protesta no se autoriza: la Corte tumba requisitos previos para manifestarse - Alas Medios\" \/>\r\n<meta property=\"og:description\" content=\"Imponer autorizaci\u00f3n previa para realizar protestas p\u00fablicas es inconstitucional, resolvi\u00f3 este martes el Pleno de la Suprema Corte de Justicia\" \/>\r\n<meta property=\"og:url\" content=\"https:\/\/www.alasmedios.com\/index.php\/2026\/01\/07\/la-protesta-no-se-autoriza-la-corte-tumba-requisitos-previos-para-manifestarse\/\" \/>\r\n<meta property=\"og:site_name\" content=\"Alas Medios\" \/>\r\n<meta property=\"article:published_time\" content=\"2026-01-07T18:35:18+00:00\" \/>\r\n<meta property=\"article:modified_time\" content=\"2026-01-07T18:35:20+00:00\" \/>\r\n<meta property=\"og:image\" content=\"https:\/\/www.alasmedios.com\/wp-content\/uploads\/2026\/01\/La-protesta-no-se-autoriza-la-Corte-tumba-requisitos-previos-para-manifestarse-1024x622.png\" \/>\r\n\t<meta property=\"og:image:width\" content=\"1024\" \/>\r\n\t<meta property=\"og:image:height\" content=\"622\" \/>\r\n\t<meta property=\"og:image:type\" content=\"image\/png\" \/>\r\n<meta name=\"author\" content=\"Keila Rodr\u00edguez Pe\u00f1a\" \/>\r\n<meta name=\"twitter:card\" content=\"summary_large_image\" \/>\r\n<meta name=\"twitter:label1\" content=\"Escrito por\" \/>\n\t<meta name=\"twitter:data1\" content=\"Keila Rodr\u00edguez Pe\u00f1a\" \/>\n\t<meta name=\"twitter:label2\" content=\"Tiempo de lectura\" \/>\n\t<meta name=\"twitter:data2\" content=\"2 minutos\" \/>\r\n<script type=\"application\/ld+json\" class=\"yoast-schema-graph\">{\"@context\":\"https:\\\/\\\/schema.org\",\"@graph\":[{\"@type\":\"Article\",\"@id\":\"https:\\\/\\\/www.alasmedios.com\\\/index.php\\\/2026\\\/01\\\/07\\\/la-protesta-no-se-autoriza-la-corte-tumba-requisitos-previos-para-manifestarse\\\/#article\",\"isPartOf\":{\"@id\":\"https:\\\/\\\/www.alasmedios.com\\\/index.php\\\/2026\\\/01\\\/07\\\/la-protesta-no-se-autoriza-la-corte-tumba-requisitos-previos-para-manifestarse\\\/\"},\"author\":{\"name\":\"Keila Rodr\u00edguez Pe\u00f1a\",\"@id\":\"https:\\\/\\\/www.alasmedios.com\\\/#\\\/schema\\\/person\\\/0ba31bdd19a05ebf5c7fef1fedf99c34\"},\"headline\":\"La protesta no se autoriza: la Corte tumba requisitos previos para manifestarse\",\"datePublished\":\"2026-01-07T18:35:18+00:00\",\"dateModified\":\"2026-01-07T18:35:20+00:00\",\"mainEntityOfPage\":{\"@id\":\"https:\\\/\\\/www.alasmedios.com\\\/index.php\\\/2026\\\/01\\\/07\\\/la-protesta-no-se-autoriza-la-corte-tumba-requisitos-previos-para-manifestarse\\\/\"},\"wordCount\":422,\"commentCount\":0,\"publisher\":{\"@id\":\"https:\\\/\\\/www.alasmedios.com\\\/#organization\"},\"image\":{\"@id\":\"https:\\\/\\\/www.alasmedios.com\\\/index.php\\\/2026\\\/01\\\/07\\\/la-protesta-no-se-autoriza-la-corte-tumba-requisitos-previos-para-manifestarse\\\/#primaryimage\"},\"thumbnailUrl\":\"https:\\\/\\\/www.alasmedios.com\\\/wp-content\\\/uploads\\\/2026\\\/01\\\/La-protesta-no-se-autoriza-la-Corte-tumba-requisitos-previos-para-manifestarse.png\",\"keywords\":[\"CNDH\",\"derechos\",\"M\u00e9xico\",\"protestas\",\"SCJN\",\"Sonora\"],\"articleSection\":[\"M\u00e9xico\"],\"inLanguage\":\"es\",\"potentialAction\":[{\"@type\":\"CommentAction\",\"name\":\"Comment\",\"target\":[\"https:\\\/\\\/www.alasmedios.com\\\/index.php\\\/2026\\\/01\\\/07\\\/la-protesta-no-se-autoriza-la-corte-tumba-requisitos-previos-para-manifestarse\\\/#respond\"]}]},{\"@type\":\"WebPage\",\"@id\":\"https:\\\/\\\/www.alasmedios.com\\\/index.php\\\/2026\\\/01\\\/07\\\/la-protesta-no-se-autoriza-la-corte-tumba-requisitos-previos-para-manifestarse\\\/\",\"url\":\"https:\\\/\\\/www.alasmedios.com\\\/index.php\\\/2026\\\/01\\\/07\\\/la-protesta-no-se-autoriza-la-corte-tumba-requisitos-previos-para-manifestarse\\\/\",\"name\":\"La protesta no se autoriza: la Corte tumba requisitos previos para manifestarse - Alas Medios\",\"isPartOf\":{\"@id\":\"https:\\\/\\\/www.alasmedios.com\\\/#website\"},\"primaryImageOfPage\":{\"@id\":\"https:\\\/\\\/www.alasmedios.com\\\/index.php\\\/2026\\\/01\\\/07\\\/la-protesta-no-se-autoriza-la-corte-tumba-requisitos-previos-para-manifestarse\\\/#primaryimage\"},\"image\":{\"@id\":\"https:\\\/\\\/www.alasmedios.com\\\/index.php\\\/2026\\\/01\\\/07\\\/la-protesta-no-se-autoriza-la-corte-tumba-requisitos-previos-para-manifestarse\\\/#primaryimage\"},\"thumbnailUrl\":\"https:\\\/\\\/www.alasmedios.com\\\/wp-content\\\/uploads\\\/2026\\\/01\\\/La-protesta-no-se-autoriza-la-Corte-tumba-requisitos-previos-para-manifestarse.png\",\"datePublished\":\"2026-01-07T18:35:18+00:00\",\"dateModified\":\"2026-01-07T18:35:20+00:00\",\"breadcrumb\":{\"@id\":\"https:\\\/\\\/www.alasmedios.com\\\/index.php\\\/2026\\\/01\\\/07\\\/la-protesta-no-se-autoriza-la-corte-tumba-requisitos-previos-para-manifestarse\\\/#breadcrumb\"},\"inLanguage\":\"es\",\"potentialAction\":[{\"@type\":\"ReadAction\",\"target\":[\"https:\\\/\\\/www.alasmedios.com\\\/index.php\\\/2026\\\/01\\\/07\\\/la-protesta-no-se-autoriza-la-corte-tumba-requisitos-previos-para-manifestarse\\\/\"]}]},{\"@type\":\"ImageObject\",\"inLanguage\":\"es\",\"@id\":\"https:\\\/\\\/www.alasmedios.com\\\/index.php\\\/2026\\\/01\\\/07\\\/la-protesta-no-se-autoriza-la-corte-tumba-requisitos-previos-para-manifestarse\\\/#primaryimage\",\"url\":\"https:\\\/\\\/www.alasmedios.com\\\/wp-content\\\/uploads\\\/2026\\\/01\\\/La-protesta-no-se-autoriza-la-Corte-tumba-requisitos-previos-para-manifestarse.png\",\"contentUrl\":\"https:\\\/\\\/www.alasmedios.com\\\/wp-content\\\/uploads\\\/2026\\\/01\\\/La-protesta-no-se-autoriza-la-Corte-tumba-requisitos-previos-para-manifestarse.png\",\"width\":2000,\"height\":1214},{\"@type\":\"BreadcrumbList\",\"@id\":\"https:\\\/\\\/www.alasmedios.com\\\/index.php\\\/2026\\\/01\\\/07\\\/la-protesta-no-se-autoriza-la-corte-tumba-requisitos-previos-para-manifestarse\\\/#breadcrumb\",\"itemListElement\":[{\"@type\":\"ListItem\",\"position\":1,\"name\":\"Inicio\",\"item\":\"https:\\\/\\\/www.alasmedios.com\\\/\"},{\"@type\":\"ListItem\",\"position\":2,\"name\":\"La protesta no se autoriza: la Corte tumba requisitos previos para manifestarse\"}]},{\"@type\":\"WebSite\",\"@id\":\"https:\\\/\\\/www.alasmedios.com\\\/#website\",\"url\":\"https:\\\/\\\/www.alasmedios.com\\\/\",\"name\":\"Alas Medios\",\"description\":\"Alas para pensar, Alas para volar, Alas de libertad\",\"publisher\":{\"@id\":\"https:\\\/\\\/www.alasmedios.com\\\/#organization\"},\"potentialAction\":[{\"@type\":\"SearchAction\",\"target\":{\"@type\":\"EntryPoint\",\"urlTemplate\":\"https:\\\/\\\/www.alasmedios.com\\\/?s={search_term_string}\"},\"query-input\":{\"@type\":\"PropertyValueSpecification\",\"valueRequired\":true,\"valueName\":\"search_term_string\"}}],\"inLanguage\":\"es\"},{\"@type\":\"Organization\",\"@id\":\"https:\\\/\\\/www.alasmedios.com\\\/#organization\",\"name\":\"Alas Medios\",\"url\":\"https:\\\/\\\/www.alasmedios.com\\\/\",\"logo\":{\"@type\":\"ImageObject\",\"inLanguage\":\"es\",\"@id\":\"https:\\\/\\\/www.alasmedios.com\\\/#\\\/schema\\\/logo\\\/image\\\/\",\"url\":\"https:\\\/\\\/www.alasmedios.com\\\/wp-content\\\/uploads\\\/2026\\\/01\\\/cropped-cropped-GAM-1.png\",\"contentUrl\":\"https:\\\/\\\/www.alasmedios.com\\\/wp-content\\\/uploads\\\/2026\\\/01\\\/cropped-cropped-GAM-1.png\",\"width\":467,\"height\":235,\"caption\":\"Alas Medios\"},\"image\":{\"@id\":\"https:\\\/\\\/www.alasmedios.com\\\/#\\\/schema\\\/logo\\\/image\\\/\"}},{\"@type\":\"Person\",\"@id\":\"https:\\\/\\\/www.alasmedios.com\\\/#\\\/schema\\\/person\\\/0ba31bdd19a05ebf5c7fef1fedf99c34\",\"name\":\"Keila Rodr\u00edguez Pe\u00f1a\",\"image\":{\"@type\":\"ImageObject\",\"inLanguage\":\"es\",\"@id\":\"https:\\\/\\\/secure.gravatar.com\\\/avatar\\\/a2553a2bfaa601b9d539b617c8793e151bdffb60f9e48a249912f86d4c9ebeef?s=96&d=mm&r=g\",\"url\":\"https:\\\/\\\/secure.gravatar.com\\\/avatar\\\/a2553a2bfaa601b9d539b617c8793e151bdffb60f9e48a249912f86d4c9ebeef?s=96&d=mm&r=g\",\"contentUrl\":\"https:\\\/\\\/secure.gravatar.com\\\/avatar\\\/a2553a2bfaa601b9d539b617c8793e151bdffb60f9e48a249912f86d4c9ebeef?s=96&d=mm&r=g\",\"caption\":\"Keila Rodr\u00edguez Pe\u00f1a\"},\"sameAs\":[\"http:\\\/\\\/www.alasmedios.com\"],\"url\":\"https:\\\/\\\/www.alasmedios.com\\\/index.php\\\/author\\\/keila\\\/\"}]}<\/script>\r\n<!-- \/ Yoast SEO plugin. -->","yoast_head_json":{"title":"La protesta no se autoriza: la Corte tumba requisitos previos para manifestarse - Alas Medios","robots":{"index":"index","follow":"follow","max-snippet":"max-snippet:-1","max-image-preview":"max-image-preview:large","max-video-preview":"max-video-preview:-1"},"canonical":"https:\/\/www.alasmedios.com\/index.php\/2026\/01\/07\/la-protesta-no-se-autoriza-la-corte-tumba-requisitos-previos-para-manifestarse\/","og_locale":"es_MX","og_type":"article","og_title":"La protesta no se autoriza: la Corte tumba requisitos previos para manifestarse - Alas Medios","og_description":"Imponer autorizaci\u00f3n previa para realizar protestas p\u00fablicas es inconstitucional, resolvi\u00f3 este martes el Pleno de la Suprema Corte de Justicia","og_url":"https:\/\/www.alasmedios.com\/index.php\/2026\/01\/07\/la-protesta-no-se-autoriza-la-corte-tumba-requisitos-previos-para-manifestarse\/","og_site_name":"Alas Medios","article_published_time":"2026-01-07T18:35:18+00:00","article_modified_time":"2026-01-07T18:35:20+00:00","og_image":[{"width":1024,"height":622,"url":"https:\/\/www.alasmedios.com\/wp-content\/uploads\/2026\/01\/La-protesta-no-se-autoriza-la-Corte-tumba-requisitos-previos-para-manifestarse-1024x622.png","type":"image\/png"}],"author":"Keila Rodr\u00edguez Pe\u00f1a","twitter_card":"summary_large_image","twitter_misc":{"Escrito por":"Keila Rodr\u00edguez Pe\u00f1a","Tiempo de lectura":"2 minutos"},"schema":{"@context":"https:\/\/schema.org","@graph":[{"@type":"Article","@id":"https:\/\/www.alasmedios.com\/index.php\/2026\/01\/07\/la-protesta-no-se-autoriza-la-corte-tumba-requisitos-previos-para-manifestarse\/#article","isPartOf":{"@id":"https:\/\/www.alasmedios.com\/index.php\/2026\/01\/07\/la-protesta-no-se-autoriza-la-corte-tumba-requisitos-previos-para-manifestarse\/"},"author":{"name":"Keila Rodr\u00edguez Pe\u00f1a","@id":"https:\/\/www.alasmedios.com\/#\/schema\/person\/0ba31bdd19a05ebf5c7fef1fedf99c34"},"headline":"La protesta no se autoriza: la Corte tumba requisitos previos para manifestarse","datePublished":"2026-01-07T18:35:18+00:00","dateModified":"2026-01-07T18:35:20+00:00","mainEntityOfPage":{"@id":"https:\/\/www.alasmedios.com\/index.php\/2026\/01\/07\/la-protesta-no-se-autoriza-la-corte-tumba-requisitos-previos-para-manifestarse\/"},"wordCount":422,"commentCount":0,"publisher":{"@id":"https:\/\/www.alasmedios.com\/#organization"},"image":{"@id":"https:\/\/www.alasmedios.com\/index.php\/2026\/01\/07\/la-protesta-no-se-autoriza-la-corte-tumba-requisitos-previos-para-manifestarse\/#primaryimage"},"thumbnailUrl":"https:\/\/www.alasmedios.com\/wp-content\/uploads\/2026\/01\/La-protesta-no-se-autoriza-la-Corte-tumba-requisitos-previos-para-manifestarse.png","keywords":["CNDH","derechos","M\u00e9xico","protestas","SCJN","Sonora"],"articleSection":["M\u00e9xico"],"inLanguage":"es","potentialAction":[{"@type":"CommentAction","name":"Comment","target":["https:\/\/www.alasmedios.com\/index.php\/2026\/01\/07\/la-protesta-no-se-autoriza-la-corte-tumba-requisitos-previos-para-manifestarse\/#respond"]}]},{"@type":"WebPage","@id":"https:\/\/www.alasmedios.com\/index.php\/2026\/01\/07\/la-protesta-no-se-autoriza-la-corte-tumba-requisitos-previos-para-manifestarse\/","url":"https:\/\/www.alasmedios.com\/index.php\/2026\/01\/07\/la-protesta-no-se-autoriza-la-corte-tumba-requisitos-previos-para-manifestarse\/","name":"La protesta no se autoriza: la Corte tumba requisitos previos para manifestarse - Alas Medios","isPartOf":{"@id":"https:\/\/www.alasmedios.com\/#website"},"primaryImageOfPage":{"@id":"https:\/\/www.alasmedios.com\/index.php\/2026\/01\/07\/la-protesta-no-se-autoriza-la-corte-tumba-requisitos-previos-para-manifestarse\/#primaryimage"},"image":{"@id":"https:\/\/www.alasmedios.com\/index.php\/2026\/01\/07\/la-protesta-no-se-autoriza-la-corte-tumba-requisitos-previos-para-manifestarse\/#primaryimage"},"thumbnailUrl":"https:\/\/www.alasmedios.com\/wp-content\/uploads\/2026\/01\/La-protesta-no-se-autoriza-la-Corte-tumba-requisitos-previos-para-manifestarse.png","datePublished":"2026-01-07T18:35:18+00:00","dateModified":"2026-01-07T18:35:20+00:00","breadcrumb":{"@id":"https:\/\/www.alasmedios.com\/index.php\/2026\/01\/07\/la-protesta-no-se-autoriza-la-corte-tumba-requisitos-previos-para-manifestarse\/#breadcrumb"},"inLanguage":"es","potentialAction":[{"@type":"ReadAction","target":["https:\/\/www.alasmedios.com\/index.php\/2026\/01\/07\/la-protesta-no-se-autoriza-la-corte-tumba-requisitos-previos-para-manifestarse\/"]}]},{"@type":"ImageObject","inLanguage":"es","@id":"https:\/\/www.alasmedios.com\/index.php\/2026\/01\/07\/la-protesta-no-se-autoriza-la-corte-tumba-requisitos-previos-para-manifestarse\/#primaryimage","url":"https:\/\/www.alasmedios.com\/wp-content\/uploads\/2026\/01\/La-protesta-no-se-autoriza-la-Corte-tumba-requisitos-previos-para-manifestarse.png","contentUrl":"https:\/\/www.alasmedios.com\/wp-content\/uploads\/2026\/01\/La-protesta-no-se-autoriza-la-Corte-tumba-requisitos-previos-para-manifestarse.png","width":2000,"height":1214},{"@type":"BreadcrumbList","@id":"https:\/\/www.alasmedios.com\/index.php\/2026\/01\/07\/la-protesta-no-se-autoriza-la-corte-tumba-requisitos-previos-para-manifestarse\/#breadcrumb","itemListElement":[{"@type":"ListItem","position":1,"name":"Inicio","item":"https:\/\/www.alasmedios.com\/"},{"@type":"ListItem","position":2,"name":"La protesta no se autoriza: la Corte tumba requisitos previos para manifestarse"}]},{"@type":"WebSite","@id":"https:\/\/www.alasmedios.com\/#website","url":"https:\/\/www.alasmedios.com\/","name":"Alas Medios","description":"Alas para pensar, Alas para volar, Alas de libertad","publisher":{"@id":"https:\/\/www.alasmedios.com\/#organization"},"potentialAction":[{"@type":"SearchAction","target":{"@type":"EntryPoint","urlTemplate":"https:\/\/www.alasmedios.com\/?s={search_term_string}"},"query-input":{"@type":"PropertyValueSpecification","valueRequired":true,"valueName":"search_term_string"}}],"inLanguage":"es"},{"@type":"Organization","@id":"https:\/\/www.alasmedios.com\/#organization","name":"Alas Medios","url":"https:\/\/www.alasmedios.com\/","logo":{"@type":"ImageObject","inLanguage":"es","@id":"https:\/\/www.alasmedios.com\/#\/schema\/logo\/image\/","url":"https:\/\/www.alasmedios.com\/wp-content\/uploads\/2026\/01\/cropped-cropped-GAM-1.png","contentUrl":"https:\/\/www.alasmedios.com\/wp-content\/uploads\/2026\/01\/cropped-cropped-GAM-1.png","width":467,"height":235,"caption":"Alas Medios"},"image":{"@id":"https:\/\/www.alasmedios.com\/#\/schema\/logo\/image\/"}},{"@type":"Person","@id":"https:\/\/www.alasmedios.com\/#\/schema\/person\/0ba31bdd19a05ebf5c7fef1fedf99c34","name":"Keila Rodr\u00edguez Pe\u00f1a","image":{"@type":"ImageObject","inLanguage":"es","@id":"https:\/\/secure.gravatar.com\/avatar\/a2553a2bfaa601b9d539b617c8793e151bdffb60f9e48a249912f86d4c9ebeef?s=96&d=mm&r=g","url":"https:\/\/secure.gravatar.com\/avatar\/a2553a2bfaa601b9d539b617c8793e151bdffb60f9e48a249912f86d4c9ebeef?s=96&d=mm&r=g","contentUrl":"https:\/\/secure.gravatar.com\/avatar\/a2553a2bfaa601b9d539b617c8793e151bdffb60f9e48a249912f86d4c9ebeef?s=96&d=mm&r=g","caption":"Keila Rodr\u00edguez Pe\u00f1a"},"sameAs":["http:\/\/www.alasmedios.com"],"url":"https:\/\/www.alasmedios.com\/index.php\/author\/keila\/"}]}},"_links":{"self":[{"href":"https:\/\/www.alasmedios.com\/index.php\/wp-json\/wp\/v2\/posts\/7383","targetHints":{"allow":["GET"]}}],"collection":[{"href":"https:\/\/www.alasmedios.com\/index.php\/wp-json\/wp\/v2\/posts"}],"about":[{"href":"https:\/\/www.alasmedios.com\/index.php\/wp-json\/wp\/v2\/types\/post"}],"author":[{"embeddable":true,"href":"https:\/\/www.alasmedios.com\/index.php\/wp-json\/wp\/v2\/users\/4"}],"replies":[{"embeddable":true,"href":"https:\/\/www.alasmedios.com\/index.php\/wp-json\/wp\/v2\/comments?post=7383"}],"version-history":[{"count":1,"href":"https:\/\/www.alasmedios.com\/index.php\/wp-json\/wp\/v2\/posts\/7383\/revisions"}],"predecessor-version":[{"id":7385,"href":"https:\/\/www.alasmedios.com\/index.php\/wp-json\/wp\/v2\/posts\/7383\/revisions\/7385"}],"wp:featuredmedia":[{"embeddable":true,"href":"https:\/\/www.alasmedios.com\/index.php\/wp-json\/wp\/v2\/media\/7384"}],"wp:attachment":[{"href":"https:\/\/www.alasmedios.com\/index.php\/wp-json\/wp\/v2\/media?parent=7383"}],"wp:term":[{"taxonomy":"category","embeddable":true,"href":"https:\/\/www.alasmedios.com\/index.php\/wp-json\/wp\/v2\/categories?post=7383"},{"taxonomy":"post_tag","embeddable":true,"href":"https:\/\/www.alasmedios.com\/index.php\/wp-json\/wp\/v2\/tags?post=7383"}],"curies":[{"name":"wp","href":"https:\/\/api.w.org\/{rel}","templated":true}]}}