{"id":7368,"date":"2026-01-07T08:30:06","date_gmt":"2026-01-07T14:30:06","guid":{"rendered":"https:\/\/www.alasmedios.com\/?p=7368"},"modified":"2026-01-07T08:30:08","modified_gmt":"2026-01-07T14:30:08","slug":"conoce-los-descuentos-al-refrendo-2026-para-autos-con-placas-de-discapacidad-en-hidalgo","status":"publish","type":"post","link":"https:\/\/www.alasmedios.com\/index.php\/2026\/01\/07\/conoce-los-descuentos-al-refrendo-2026-para-autos-con-placas-de-discapacidad-en-hidalgo\/","title":{"rendered":"Conoce los descuentos al refrendo 2026 para autos con placas de discapacidad en Hidalgo"},"content":{"rendered":"\n<p>Las <strong>personas con discapacidad<\/strong> que cuenten con <strong>veh\u00edculos con placas especiales<\/strong> pueden acceder a <strong>beneficios fiscales<\/strong> en el <strong>pago del impuesto vehicular<\/strong> en <strong>Hidalgo<\/strong>, como parte del esquema de <strong>reducci\u00f3n de adeudos acumulados antes del a\u00f1o fiscal 2026<\/strong>.<\/p>\n\n\n\n<p>El apoyo aplica para unidades que presenten <strong>deudas pendientes en el Impuesto sobre la Propiedad y Registro de Veh\u00edculos<\/strong>, con <strong>descuentos escalonados<\/strong> seg\u00fan el a\u00f1o fiscal adeudado:<\/p>\n\n\n\n<ul class=\"wp-block-list\">\n<li><strong>2021:<\/strong> reducci\u00f3n del <strong>80%<\/strong><\/li>\n\n\n\n<li><strong>2022:<\/strong> <strong>60%<\/strong><\/li>\n\n\n\n<li><strong>2023:<\/strong> <strong>40%<\/strong><\/li>\n\n\n\n<li><strong>2024:<\/strong> <strong>20%<\/strong><\/li>\n\n\n\n<li><strong>2025:<\/strong> <strong>10%<\/strong><\/li>\n<\/ul>\n\n\n\n<p>CONTIN\u00daA LEYENDO: <a href=\"https:\/\/www.alasmedios.com\/index.php\/2026\/01\/05\/refrendo-vehicular-2026-en-hidalgo-pagar-a-tiempo-reduce-costos\/\" data-type=\"post\" data-id=\"7345\">Refrendo vehicular 2026 en Hidalgo: pagar a tiempo reduce costos<\/a><\/p>\n\n\n\n<p>Este beneficio busca <strong>facilitar la regularizaci\u00f3n del refrendo vehicular<\/strong>, permitiendo a las y los propietarios <strong>ponerse al corriente de forma m\u00e1s accesible<\/strong> durante el ejercicio <strong>2026<\/strong>.<\/p>\n\n\n\n<figure class=\"wp-block-image size-large\"><img loading=\"lazy\" decoding=\"async\" width=\"1024\" height=\"1024\" src=\"https:\/\/www.alasmedios.com\/wp-content\/uploads\/2026\/01\/Conoce-los-descuentos-al-refrendo-2026-para-autos-con-placas-de-discapacidad-en-Hidalgo-1024x1024.jpg\" alt=\"\" class=\"wp-image-7370\" srcset=\"https:\/\/www.alasmedios.com\/wp-content\/uploads\/2026\/01\/Conoce-los-descuentos-al-refrendo-2026-para-autos-con-placas-de-discapacidad-en-Hidalgo-1024x1024.jpg 1024w, https:\/\/www.alasmedios.com\/wp-content\/uploads\/2026\/01\/Conoce-los-descuentos-al-refrendo-2026-para-autos-con-placas-de-discapacidad-en-Hidalgo-300x300.jpg 300w, https:\/\/www.alasmedios.com\/wp-content\/uploads\/2026\/01\/Conoce-los-descuentos-al-refrendo-2026-para-autos-con-placas-de-discapacidad-en-Hidalgo-150x150.jpg 150w, https:\/\/www.alasmedios.com\/wp-content\/uploads\/2026\/01\/Conoce-los-descuentos-al-refrendo-2026-para-autos-con-placas-de-discapacidad-en-Hidalgo-768x768.jpg 768w, https:\/\/www.alasmedios.com\/wp-content\/uploads\/2026\/01\/Conoce-los-descuentos-al-refrendo-2026-para-autos-con-placas-de-discapacidad-en-Hidalgo-1536x1536.jpg 1536w, https:\/\/www.alasmedios.com\/wp-content\/uploads\/2026\/01\/Conoce-los-descuentos-al-refrendo-2026-para-autos-con-placas-de-discapacidad-en-Hidalgo.jpg 2048w\" sizes=\"auto, (max-width: 1024px) 100vw, 1024px\" \/><\/figure>\n\n\n\n<p>Las autoridades recomiendan <strong>revisar los lineamientos operativos vigentes<\/strong> para conocer los requisitos espec\u00edficos y confirmar la aplicaci\u00f3n del descuento correspondiente antes de realizar el pago.<\/p>\n\n\n\n<p>Con esta medida, los veh\u00edculos con <strong>placas para personas con discapacidad<\/strong> cuentan con una <strong>alternativa para reducir cargas econ\u00f3micas acumuladas<\/strong> y mantener su <strong>matr\u00edcula vehicular en regla<\/strong>.<\/p>\n\n\n<ul class=\"wp-block-latest-posts__list is-grid columns-3 wp-block-latest-posts\"><li><div class=\"wp-block-latest-posts__featured-image\"><img loading=\"lazy\" decoding=\"async\" width=\"150\" height=\"150\" src=\"https:\/\/www.alasmedios.com\/wp-content\/uploads\/2026\/05\/Hidalgo-viene-un-respiro-con-el-frente-frio-48-150x150.png\" class=\"attachment-thumbnail size-thumbnail wp-post-image\" alt=\"\" style=\"\" \/><\/div><a class=\"wp-block-latest-posts__post-title\" href=\"https:\/\/www.alasmedios.com\/index.php\/2026\/05\/01\/frente-frio-48-un-alivio-asi-impactara-en-hidalgo\/\">Frente fr\u00edo 48, un alivio: as\u00ed impactar\u00e1 en Hidalgo<\/a><\/li>\n<li><div class=\"wp-block-latest-posts__featured-image\"><img loading=\"lazy\" decoding=\"async\" width=\"150\" height=\"150\" src=\"https:\/\/www.alasmedios.com\/wp-content\/uploads\/2026\/05\/mujeres-depresion-posparto-150x150.png\" class=\"attachment-thumbnail size-thumbnail wp-post-image\" alt=\"\" style=\"\" \/><\/div><a class=\"wp-block-latest-posts__post-title\" href=\"https:\/\/www.alasmedios.com\/index.php\/2026\/05\/01\/1-de-cada-15-mujeres-sufre-depresion-posparto\/\">1 de cada 15 mujeres sufre depresi\u00f3n posparto<\/a><\/li>\n<li><div class=\"wp-block-latest-posts__featured-image\"><img loading=\"lazy\" decoding=\"async\" width=\"150\" height=\"150\" src=\"https:\/\/www.alasmedios.com\/wp-content\/uploads\/2026\/05\/USEP-calidad-hospitalaria-150x150.jpeg\" class=\"attachment-thumbnail size-thumbnail wp-post-image\" alt=\"\" style=\"\" \/><\/div><a class=\"wp-block-latest-posts__post-title\" href=\"https:\/\/www.alasmedios.com\/index.php\/2026\/05\/01\/usep-activa-formacion-para-prevenir-riesgos-en-la-atencion-medica\/\">USEP activa formaci\u00f3n para prevenir riesgos en la atenci\u00f3n m\u00e9dica<\/a><\/li>\n<\/ul>","protected":false},"excerpt":{"rendered":"<p>Las personas con discapacidad que cuenten con veh\u00edculos con placas especiales pueden acceder a beneficios fiscales en el pago del<\/p>\n","protected":false},"author":4,"featured_media":7369,"comment_status":"open","ping_status":"open","sticky":false,"template":"","format":"standard","meta":{"colormag_page_container_layout":"default_layout","colormag_page_sidebar_layout":"default_layout","rop_custom_images_group":[],"rop_custom_messages_group":[],"rop_publish_now":"initial","rop_publish_now_accounts":[],"rop_publish_now_history":[],"rop_publish_now_status":"pending","iawp_total_views":0,"footnotes":""},"categories":[41],"tags":[3224,3214,99,3225,1128],"class_list":["post-7368","post","type-post","status-publish","format-standard","has-post-thumbnail","hentry","category-hidalgo","tag-beneficios-fiscales","tag-descuento","tag-hidalgo","tag-impuesto-vehicular","tag-personas-con-discapacidad"],"magazineBlocksPostFeaturedMedia":{"thumbnail":"https:\/\/www.alasmedios.com\/wp-content\/uploads\/2026\/01\/Conoce-los-descuentos-al-refrendo-2026-para-autos-con-placas-de-discapacidad-en-Hidalgo-150x150.png","medium":"https:\/\/www.alasmedios.com\/wp-content\/uploads\/2026\/01\/Conoce-los-descuentos-al-refrendo-2026-para-autos-con-placas-de-discapacidad-en-Hidalgo-300x182.png","medium_large":"https:\/\/www.alasmedios.com\/wp-content\/uploads\/2026\/01\/Conoce-los-descuentos-al-refrendo-2026-para-autos-con-placas-de-discapacidad-en-Hidalgo-768x466.png","large":"https:\/\/www.alasmedios.com\/wp-content\/uploads\/2026\/01\/Conoce-los-descuentos-al-refrendo-2026-para-autos-con-placas-de-discapacidad-en-Hidalgo-1024x622.png","1536x1536":"https:\/\/www.alasmedios.com\/wp-content\/uploads\/2026\/01\/Conoce-los-descuentos-al-refrendo-2026-para-autos-con-placas-de-discapacidad-en-Hidalgo-1536x932.png","2048x2048":"https:\/\/www.alasmedios.com\/wp-content\/uploads\/2026\/01\/Conoce-los-descuentos-al-refrendo-2026-para-autos-con-placas-de-discapacidad-en-Hidalgo.png","colormag-highlighted-post":"https:\/\/www.alasmedios.com\/wp-content\/uploads\/2026\/01\/Conoce-los-descuentos-al-refrendo-2026-para-autos-con-placas-de-discapacidad-en-Hidalgo-392x272.png","colormag-featured-post-medium":"https:\/\/www.alasmedios.com\/wp-content\/uploads\/2026\/01\/Conoce-los-descuentos-al-refrendo-2026-para-autos-con-placas-de-discapacidad-en-Hidalgo-390x205.png","colormag-featured-post-small":"https:\/\/www.alasmedios.com\/wp-content\/uploads\/2026\/01\/Conoce-los-descuentos-al-refrendo-2026-para-autos-con-placas-de-discapacidad-en-Hidalgo-130x90.png","colormag-featured-image":"https:\/\/www.alasmedios.com\/wp-content\/uploads\/2026\/01\/Conoce-los-descuentos-al-refrendo-2026-para-autos-con-placas-de-discapacidad-en-Hidalgo-800x445.png","colormag-default-news":"https:\/\/www.alasmedios.com\/wp-content\/uploads\/2026\/01\/Conoce-los-descuentos-al-refrendo-2026-para-autos-con-placas-de-discapacidad-en-Hidalgo-150x150.png","colormag-featured-image-large":"https:\/\/www.alasmedios.com\/wp-content\/uploads\/2026\/01\/Conoce-los-descuentos-al-refrendo-2026-para-autos-con-placas-de-discapacidad-en-Hidalgo-1400x600.png"},"magazineBlocksPostAuthor":{"name":"Keila Rodr\u00edguez Pe\u00f1a","avatar":"https:\/\/secure.gravatar.com\/avatar\/a2553a2bfaa601b9d539b617c8793e151bdffb60f9e48a249912f86d4c9ebeef?s=96&d=mm&r=g"},"magazineBlocksPostCommentsNumber":"0","magazineBlocksPostExcerpt":"Las personas con discapacidad que cuenten con veh\u00edculos con placas especiales pueden acceder a beneficios fiscales en el pago del","magazineBlocksPostCategories":["Hidalgo"],"magazineBlocksPostViewCount":104,"magazineBlocksPostReadTime":1,"magazine_blocks_featured_image_url":{"full":["https:\/\/www.alasmedios.com\/wp-content\/uploads\/2026\/01\/Conoce-los-descuentos-al-refrendo-2026-para-autos-con-placas-de-discapacidad-en-Hidalgo.png",2000,1214,false],"medium":["https:\/\/www.alasmedios.com\/wp-content\/uploads\/2026\/01\/Conoce-los-descuentos-al-refrendo-2026-para-autos-con-placas-de-discapacidad-en-Hidalgo-300x182.png",300,182,true],"thumbnail":["https:\/\/www.alasmedios.com\/wp-content\/uploads\/2026\/01\/Conoce-los-descuentos-al-refrendo-2026-para-autos-con-placas-de-discapacidad-en-Hidalgo-150x150.png",150,150,true]},"magazine_blocks_author":{"display_name":"Keila Rodr\u00edguez Pe\u00f1a","author_link":"https:\/\/www.alasmedios.com\/index.php\/author\/keila\/"},"magazine_blocks_comment":0,"magazine_blocks_author_image":"https:\/\/secure.gravatar.com\/avatar\/a2553a2bfaa601b9d539b617c8793e151bdffb60f9e48a249912f86d4c9ebeef?s=96&d=mm&r=g","magazine_blocks_category":"<a href=\"#\" class=\"category-link category-link-41\">Hidalgo<\/a>","yoast_head":"<!-- This site is optimized with the Yoast SEO plugin v27.5 - https:\/\/yoast.com\/product\/yoast-seo-wordpress\/ -->\r\n<title>Conoce los descuentos al refrendo 2026 para autos con placas de discapacidad en Hidalgo - Alas Medios<\/title>\r\n<meta name=\"robots\" content=\"index, follow, max-snippet:-1, max-image-preview:large, max-video-preview:-1\" \/>\r\n<link rel=\"canonical\" href=\"https:\/\/www.alasmedios.com\/index.php\/2026\/01\/07\/conoce-los-descuentos-al-refrendo-2026-para-autos-con-placas-de-discapacidad-en-hidalgo\/\" \/>\r\n<meta property=\"og:locale\" content=\"es_MX\" \/>\r\n<meta property=\"og:type\" content=\"article\" \/>\r\n<meta property=\"og:title\" content=\"Conoce los descuentos al refrendo 2026 para autos con placas de discapacidad en Hidalgo - Alas Medios\" \/>\r\n<meta property=\"og:description\" content=\"Las personas con discapacidad que cuenten con veh\u00edculos con placas especiales pueden acceder a beneficios fiscales en el pago del\" \/>\r\n<meta property=\"og:url\" content=\"https:\/\/www.alasmedios.com\/index.php\/2026\/01\/07\/conoce-los-descuentos-al-refrendo-2026-para-autos-con-placas-de-discapacidad-en-hidalgo\/\" \/>\r\n<meta property=\"og:site_name\" content=\"Alas Medios\" \/>\r\n<meta property=\"article:published_time\" content=\"2026-01-07T14:30:06+00:00\" \/>\r\n<meta property=\"article:modified_time\" content=\"2026-01-07T14:30:08+00:00\" \/>\r\n<meta property=\"og:image\" content=\"https:\/\/www.alasmedios.com\/wp-content\/uploads\/2026\/01\/Conoce-los-descuentos-al-refrendo-2026-para-autos-con-placas-de-discapacidad-en-Hidalgo-1024x622.png\" \/>\r\n\t<meta property=\"og:image:width\" content=\"1024\" \/>\r\n\t<meta property=\"og:image:height\" content=\"622\" \/>\r\n\t<meta property=\"og:image:type\" content=\"image\/png\" \/>\r\n<meta name=\"author\" content=\"Keila Rodr\u00edguez Pe\u00f1a\" \/>\r\n<meta name=\"twitter:card\" content=\"summary_large_image\" \/>\r\n<meta name=\"twitter:label1\" content=\"Escrito por\" \/>\n\t<meta name=\"twitter:data1\" content=\"Keila Rodr\u00edguez Pe\u00f1a\" \/>\n\t<meta name=\"twitter:label2\" content=\"Tiempo de lectura\" \/>\n\t<meta name=\"twitter:data2\" content=\"1 minuto\" \/>\r\n<script type=\"application\/ld+json\" class=\"yoast-schema-graph\">{\"@context\":\"https:\\\/\\\/schema.org\",\"@graph\":[{\"@type\":\"Article\",\"@id\":\"https:\\\/\\\/www.alasmedios.com\\\/index.php\\\/2026\\\/01\\\/07\\\/conoce-los-descuentos-al-refrendo-2026-para-autos-con-placas-de-discapacidad-en-hidalgo\\\/#article\",\"isPartOf\":{\"@id\":\"https:\\\/\\\/www.alasmedios.com\\\/index.php\\\/2026\\\/01\\\/07\\\/conoce-los-descuentos-al-refrendo-2026-para-autos-con-placas-de-discapacidad-en-hidalgo\\\/\"},\"author\":{\"name\":\"Keila Rodr\u00edguez Pe\u00f1a\",\"@id\":\"https:\\\/\\\/www.alasmedios.com\\\/#\\\/schema\\\/person\\\/0ba31bdd19a05ebf5c7fef1fedf99c34\"},\"headline\":\"Conoce los descuentos al refrendo 2026 para autos con placas de discapacidad en Hidalgo\",\"datePublished\":\"2026-01-07T14:30:06+00:00\",\"dateModified\":\"2026-01-07T14:30:08+00:00\",\"mainEntityOfPage\":{\"@id\":\"https:\\\/\\\/www.alasmedios.com\\\/index.php\\\/2026\\\/01\\\/07\\\/conoce-los-descuentos-al-refrendo-2026-para-autos-con-placas-de-discapacidad-en-hidalgo\\\/\"},\"wordCount\":182,\"commentCount\":0,\"publisher\":{\"@id\":\"https:\\\/\\\/www.alasmedios.com\\\/#organization\"},\"image\":{\"@id\":\"https:\\\/\\\/www.alasmedios.com\\\/index.php\\\/2026\\\/01\\\/07\\\/conoce-los-descuentos-al-refrendo-2026-para-autos-con-placas-de-discapacidad-en-hidalgo\\\/#primaryimage\"},\"thumbnailUrl\":\"https:\\\/\\\/www.alasmedios.com\\\/wp-content\\\/uploads\\\/2026\\\/01\\\/Conoce-los-descuentos-al-refrendo-2026-para-autos-con-placas-de-discapacidad-en-Hidalgo.png\",\"keywords\":[\"beneficios fiscales\",\"descuento\",\"Hidalgo\",\"impuesto vehicular\",\"Personas con Discapacidad\"],\"articleSection\":[\"Hidalgo\"],\"inLanguage\":\"es\",\"potentialAction\":[{\"@type\":\"CommentAction\",\"name\":\"Comment\",\"target\":[\"https:\\\/\\\/www.alasmedios.com\\\/index.php\\\/2026\\\/01\\\/07\\\/conoce-los-descuentos-al-refrendo-2026-para-autos-con-placas-de-discapacidad-en-hidalgo\\\/#respond\"]}]},{\"@type\":\"WebPage\",\"@id\":\"https:\\\/\\\/www.alasmedios.com\\\/index.php\\\/2026\\\/01\\\/07\\\/conoce-los-descuentos-al-refrendo-2026-para-autos-con-placas-de-discapacidad-en-hidalgo\\\/\",\"url\":\"https:\\\/\\\/www.alasmedios.com\\\/index.php\\\/2026\\\/01\\\/07\\\/conoce-los-descuentos-al-refrendo-2026-para-autos-con-placas-de-discapacidad-en-hidalgo\\\/\",\"name\":\"Conoce los descuentos al refrendo 2026 para autos con placas de discapacidad en Hidalgo - Alas Medios\",\"isPartOf\":{\"@id\":\"https:\\\/\\\/www.alasmedios.com\\\/#website\"},\"primaryImageOfPage\":{\"@id\":\"https:\\\/\\\/www.alasmedios.com\\\/index.php\\\/2026\\\/01\\\/07\\\/conoce-los-descuentos-al-refrendo-2026-para-autos-con-placas-de-discapacidad-en-hidalgo\\\/#primaryimage\"},\"image\":{\"@id\":\"https:\\\/\\\/www.alasmedios.com\\\/index.php\\\/2026\\\/01\\\/07\\\/conoce-los-descuentos-al-refrendo-2026-para-autos-con-placas-de-discapacidad-en-hidalgo\\\/#primaryimage\"},\"thumbnailUrl\":\"https:\\\/\\\/www.alasmedios.com\\\/wp-content\\\/uploads\\\/2026\\\/01\\\/Conoce-los-descuentos-al-refrendo-2026-para-autos-con-placas-de-discapacidad-en-Hidalgo.png\",\"datePublished\":\"2026-01-07T14:30:06+00:00\",\"dateModified\":\"2026-01-07T14:30:08+00:00\",\"breadcrumb\":{\"@id\":\"https:\\\/\\\/www.alasmedios.com\\\/index.php\\\/2026\\\/01\\\/07\\\/conoce-los-descuentos-al-refrendo-2026-para-autos-con-placas-de-discapacidad-en-hidalgo\\\/#breadcrumb\"},\"inLanguage\":\"es\",\"potentialAction\":[{\"@type\":\"ReadAction\",\"target\":[\"https:\\\/\\\/www.alasmedios.com\\\/index.php\\\/2026\\\/01\\\/07\\\/conoce-los-descuentos-al-refrendo-2026-para-autos-con-placas-de-discapacidad-en-hidalgo\\\/\"]}]},{\"@type\":\"ImageObject\",\"inLanguage\":\"es\",\"@id\":\"https:\\\/\\\/www.alasmedios.com\\\/index.php\\\/2026\\\/01\\\/07\\\/conoce-los-descuentos-al-refrendo-2026-para-autos-con-placas-de-discapacidad-en-hidalgo\\\/#primaryimage\",\"url\":\"https:\\\/\\\/www.alasmedios.com\\\/wp-content\\\/uploads\\\/2026\\\/01\\\/Conoce-los-descuentos-al-refrendo-2026-para-autos-con-placas-de-discapacidad-en-Hidalgo.png\",\"contentUrl\":\"https:\\\/\\\/www.alasmedios.com\\\/wp-content\\\/uploads\\\/2026\\\/01\\\/Conoce-los-descuentos-al-refrendo-2026-para-autos-con-placas-de-discapacidad-en-Hidalgo.png\",\"width\":2000,\"height\":1214},{\"@type\":\"BreadcrumbList\",\"@id\":\"https:\\\/\\\/www.alasmedios.com\\\/index.php\\\/2026\\\/01\\\/07\\\/conoce-los-descuentos-al-refrendo-2026-para-autos-con-placas-de-discapacidad-en-hidalgo\\\/#breadcrumb\",\"itemListElement\":[{\"@type\":\"ListItem\",\"position\":1,\"name\":\"Inicio\",\"item\":\"https:\\\/\\\/www.alasmedios.com\\\/\"},{\"@type\":\"ListItem\",\"position\":2,\"name\":\"Conoce los descuentos al refrendo 2026 para autos con placas de discapacidad en Hidalgo\"}]},{\"@type\":\"WebSite\",\"@id\":\"https:\\\/\\\/www.alasmedios.com\\\/#website\",\"url\":\"https:\\\/\\\/www.alasmedios.com\\\/\",\"name\":\"Alas Medios\",\"description\":\"Alas para pensar, Alas para volar, Alas de libertad\",\"publisher\":{\"@id\":\"https:\\\/\\\/www.alasmedios.com\\\/#organization\"},\"potentialAction\":[{\"@type\":\"SearchAction\",\"target\":{\"@type\":\"EntryPoint\",\"urlTemplate\":\"https:\\\/\\\/www.alasmedios.com\\\/?s={search_term_string}\"},\"query-input\":{\"@type\":\"PropertyValueSpecification\",\"valueRequired\":true,\"valueName\":\"search_term_string\"}}],\"inLanguage\":\"es\"},{\"@type\":\"Organization\",\"@id\":\"https:\\\/\\\/www.alasmedios.com\\\/#organization\",\"name\":\"Alas Medios\",\"url\":\"https:\\\/\\\/www.alasmedios.com\\\/\",\"logo\":{\"@type\":\"ImageObject\",\"inLanguage\":\"es\",\"@id\":\"https:\\\/\\\/www.alasmedios.com\\\/#\\\/schema\\\/logo\\\/image\\\/\",\"url\":\"https:\\\/\\\/www.alasmedios.com\\\/wp-content\\\/uploads\\\/2026\\\/01\\\/cropped-cropped-GAM-1.png\",\"contentUrl\":\"https:\\\/\\\/www.alasmedios.com\\\/wp-content\\\/uploads\\\/2026\\\/01\\\/cropped-cropped-GAM-1.png\",\"width\":467,\"height\":235,\"caption\":\"Alas Medios\"},\"image\":{\"@id\":\"https:\\\/\\\/www.alasmedios.com\\\/#\\\/schema\\\/logo\\\/image\\\/\"}},{\"@type\":\"Person\",\"@id\":\"https:\\\/\\\/www.alasmedios.com\\\/#\\\/schema\\\/person\\\/0ba31bdd19a05ebf5c7fef1fedf99c34\",\"name\":\"Keila Rodr\u00edguez Pe\u00f1a\",\"image\":{\"@type\":\"ImageObject\",\"inLanguage\":\"es\",\"@id\":\"https:\\\/\\\/secure.gravatar.com\\\/avatar\\\/a2553a2bfaa601b9d539b617c8793e151bdffb60f9e48a249912f86d4c9ebeef?s=96&d=mm&r=g\",\"url\":\"https:\\\/\\\/secure.gravatar.com\\\/avatar\\\/a2553a2bfaa601b9d539b617c8793e151bdffb60f9e48a249912f86d4c9ebeef?s=96&d=mm&r=g\",\"contentUrl\":\"https:\\\/\\\/secure.gravatar.com\\\/avatar\\\/a2553a2bfaa601b9d539b617c8793e151bdffb60f9e48a249912f86d4c9ebeef?s=96&d=mm&r=g\",\"caption\":\"Keila Rodr\u00edguez Pe\u00f1a\"},\"sameAs\":[\"http:\\\/\\\/www.alasmedios.com\"],\"url\":\"https:\\\/\\\/www.alasmedios.com\\\/index.php\\\/author\\\/keila\\\/\"}]}<\/script>\r\n<!-- \/ Yoast SEO plugin. -->","yoast_head_json":{"title":"Conoce los descuentos al refrendo 2026 para autos con placas de discapacidad en Hidalgo - Alas Medios","robots":{"index":"index","follow":"follow","max-snippet":"max-snippet:-1","max-image-preview":"max-image-preview:large","max-video-preview":"max-video-preview:-1"},"canonical":"https:\/\/www.alasmedios.com\/index.php\/2026\/01\/07\/conoce-los-descuentos-al-refrendo-2026-para-autos-con-placas-de-discapacidad-en-hidalgo\/","og_locale":"es_MX","og_type":"article","og_title":"Conoce los descuentos al refrendo 2026 para autos con placas de discapacidad en Hidalgo - Alas Medios","og_description":"Las personas con discapacidad que cuenten con veh\u00edculos con placas especiales pueden acceder a beneficios fiscales en el pago del","og_url":"https:\/\/www.alasmedios.com\/index.php\/2026\/01\/07\/conoce-los-descuentos-al-refrendo-2026-para-autos-con-placas-de-discapacidad-en-hidalgo\/","og_site_name":"Alas Medios","article_published_time":"2026-01-07T14:30:06+00:00","article_modified_time":"2026-01-07T14:30:08+00:00","og_image":[{"width":1024,"height":622,"url":"https:\/\/www.alasmedios.com\/wp-content\/uploads\/2026\/01\/Conoce-los-descuentos-al-refrendo-2026-para-autos-con-placas-de-discapacidad-en-Hidalgo-1024x622.png","type":"image\/png"}],"author":"Keila Rodr\u00edguez Pe\u00f1a","twitter_card":"summary_large_image","twitter_misc":{"Escrito por":"Keila Rodr\u00edguez Pe\u00f1a","Tiempo de lectura":"1 minuto"},"schema":{"@context":"https:\/\/schema.org","@graph":[{"@type":"Article","@id":"https:\/\/www.alasmedios.com\/index.php\/2026\/01\/07\/conoce-los-descuentos-al-refrendo-2026-para-autos-con-placas-de-discapacidad-en-hidalgo\/#article","isPartOf":{"@id":"https:\/\/www.alasmedios.com\/index.php\/2026\/01\/07\/conoce-los-descuentos-al-refrendo-2026-para-autos-con-placas-de-discapacidad-en-hidalgo\/"},"author":{"name":"Keila Rodr\u00edguez Pe\u00f1a","@id":"https:\/\/www.alasmedios.com\/#\/schema\/person\/0ba31bdd19a05ebf5c7fef1fedf99c34"},"headline":"Conoce los descuentos al refrendo 2026 para autos con placas de discapacidad en Hidalgo","datePublished":"2026-01-07T14:30:06+00:00","dateModified":"2026-01-07T14:30:08+00:00","mainEntityOfPage":{"@id":"https:\/\/www.alasmedios.com\/index.php\/2026\/01\/07\/conoce-los-descuentos-al-refrendo-2026-para-autos-con-placas-de-discapacidad-en-hidalgo\/"},"wordCount":182,"commentCount":0,"publisher":{"@id":"https:\/\/www.alasmedios.com\/#organization"},"image":{"@id":"https:\/\/www.alasmedios.com\/index.php\/2026\/01\/07\/conoce-los-descuentos-al-refrendo-2026-para-autos-con-placas-de-discapacidad-en-hidalgo\/#primaryimage"},"thumbnailUrl":"https:\/\/www.alasmedios.com\/wp-content\/uploads\/2026\/01\/Conoce-los-descuentos-al-refrendo-2026-para-autos-con-placas-de-discapacidad-en-Hidalgo.png","keywords":["beneficios fiscales","descuento","Hidalgo","impuesto vehicular","Personas con Discapacidad"],"articleSection":["Hidalgo"],"inLanguage":"es","potentialAction":[{"@type":"CommentAction","name":"Comment","target":["https:\/\/www.alasmedios.com\/index.php\/2026\/01\/07\/conoce-los-descuentos-al-refrendo-2026-para-autos-con-placas-de-discapacidad-en-hidalgo\/#respond"]}]},{"@type":"WebPage","@id":"https:\/\/www.alasmedios.com\/index.php\/2026\/01\/07\/conoce-los-descuentos-al-refrendo-2026-para-autos-con-placas-de-discapacidad-en-hidalgo\/","url":"https:\/\/www.alasmedios.com\/index.php\/2026\/01\/07\/conoce-los-descuentos-al-refrendo-2026-para-autos-con-placas-de-discapacidad-en-hidalgo\/","name":"Conoce los descuentos al refrendo 2026 para autos con placas de discapacidad en Hidalgo - Alas Medios","isPartOf":{"@id":"https:\/\/www.alasmedios.com\/#website"},"primaryImageOfPage":{"@id":"https:\/\/www.alasmedios.com\/index.php\/2026\/01\/07\/conoce-los-descuentos-al-refrendo-2026-para-autos-con-placas-de-discapacidad-en-hidalgo\/#primaryimage"},"image":{"@id":"https:\/\/www.alasmedios.com\/index.php\/2026\/01\/07\/conoce-los-descuentos-al-refrendo-2026-para-autos-con-placas-de-discapacidad-en-hidalgo\/#primaryimage"},"thumbnailUrl":"https:\/\/www.alasmedios.com\/wp-content\/uploads\/2026\/01\/Conoce-los-descuentos-al-refrendo-2026-para-autos-con-placas-de-discapacidad-en-Hidalgo.png","datePublished":"2026-01-07T14:30:06+00:00","dateModified":"2026-01-07T14:30:08+00:00","breadcrumb":{"@id":"https:\/\/www.alasmedios.com\/index.php\/2026\/01\/07\/conoce-los-descuentos-al-refrendo-2026-para-autos-con-placas-de-discapacidad-en-hidalgo\/#breadcrumb"},"inLanguage":"es","potentialAction":[{"@type":"ReadAction","target":["https:\/\/www.alasmedios.com\/index.php\/2026\/01\/07\/conoce-los-descuentos-al-refrendo-2026-para-autos-con-placas-de-discapacidad-en-hidalgo\/"]}]},{"@type":"ImageObject","inLanguage":"es","@id":"https:\/\/www.alasmedios.com\/index.php\/2026\/01\/07\/conoce-los-descuentos-al-refrendo-2026-para-autos-con-placas-de-discapacidad-en-hidalgo\/#primaryimage","url":"https:\/\/www.alasmedios.com\/wp-content\/uploads\/2026\/01\/Conoce-los-descuentos-al-refrendo-2026-para-autos-con-placas-de-discapacidad-en-Hidalgo.png","contentUrl":"https:\/\/www.alasmedios.com\/wp-content\/uploads\/2026\/01\/Conoce-los-descuentos-al-refrendo-2026-para-autos-con-placas-de-discapacidad-en-Hidalgo.png","width":2000,"height":1214},{"@type":"BreadcrumbList","@id":"https:\/\/www.alasmedios.com\/index.php\/2026\/01\/07\/conoce-los-descuentos-al-refrendo-2026-para-autos-con-placas-de-discapacidad-en-hidalgo\/#breadcrumb","itemListElement":[{"@type":"ListItem","position":1,"name":"Inicio","item":"https:\/\/www.alasmedios.com\/"},{"@type":"ListItem","position":2,"name":"Conoce los descuentos al refrendo 2026 para autos con placas de discapacidad en Hidalgo"}]},{"@type":"WebSite","@id":"https:\/\/www.alasmedios.com\/#website","url":"https:\/\/www.alasmedios.com\/","name":"Alas Medios","description":"Alas para pensar, Alas para volar, Alas de libertad","publisher":{"@id":"https:\/\/www.alasmedios.com\/#organization"},"potentialAction":[{"@type":"SearchAction","target":{"@type":"EntryPoint","urlTemplate":"https:\/\/www.alasmedios.com\/?s={search_term_string}"},"query-input":{"@type":"PropertyValueSpecification","valueRequired":true,"valueName":"search_term_string"}}],"inLanguage":"es"},{"@type":"Organization","@id":"https:\/\/www.alasmedios.com\/#organization","name":"Alas Medios","url":"https:\/\/www.alasmedios.com\/","logo":{"@type":"ImageObject","inLanguage":"es","@id":"https:\/\/www.alasmedios.com\/#\/schema\/logo\/image\/","url":"https:\/\/www.alasmedios.com\/wp-content\/uploads\/2026\/01\/cropped-cropped-GAM-1.png","contentUrl":"https:\/\/www.alasmedios.com\/wp-content\/uploads\/2026\/01\/cropped-cropped-GAM-1.png","width":467,"height":235,"caption":"Alas Medios"},"image":{"@id":"https:\/\/www.alasmedios.com\/#\/schema\/logo\/image\/"}},{"@type":"Person","@id":"https:\/\/www.alasmedios.com\/#\/schema\/person\/0ba31bdd19a05ebf5c7fef1fedf99c34","name":"Keila Rodr\u00edguez Pe\u00f1a","image":{"@type":"ImageObject","inLanguage":"es","@id":"https:\/\/secure.gravatar.com\/avatar\/a2553a2bfaa601b9d539b617c8793e151bdffb60f9e48a249912f86d4c9ebeef?s=96&d=mm&r=g","url":"https:\/\/secure.gravatar.com\/avatar\/a2553a2bfaa601b9d539b617c8793e151bdffb60f9e48a249912f86d4c9ebeef?s=96&d=mm&r=g","contentUrl":"https:\/\/secure.gravatar.com\/avatar\/a2553a2bfaa601b9d539b617c8793e151bdffb60f9e48a249912f86d4c9ebeef?s=96&d=mm&r=g","caption":"Keila Rodr\u00edguez Pe\u00f1a"},"sameAs":["http:\/\/www.alasmedios.com"],"url":"https:\/\/www.alasmedios.com\/index.php\/author\/keila\/"}]}},"_links":{"self":[{"href":"https:\/\/www.alasmedios.com\/index.php\/wp-json\/wp\/v2\/posts\/7368","targetHints":{"allow":["GET"]}}],"collection":[{"href":"https:\/\/www.alasmedios.com\/index.php\/wp-json\/wp\/v2\/posts"}],"about":[{"href":"https:\/\/www.alasmedios.com\/index.php\/wp-json\/wp\/v2\/types\/post"}],"author":[{"embeddable":true,"href":"https:\/\/www.alasmedios.com\/index.php\/wp-json\/wp\/v2\/users\/4"}],"replies":[{"embeddable":true,"href":"https:\/\/www.alasmedios.com\/index.php\/wp-json\/wp\/v2\/comments?post=7368"}],"version-history":[{"count":1,"href":"https:\/\/www.alasmedios.com\/index.php\/wp-json\/wp\/v2\/posts\/7368\/revisions"}],"predecessor-version":[{"id":7371,"href":"https:\/\/www.alasmedios.com\/index.php\/wp-json\/wp\/v2\/posts\/7368\/revisions\/7371"}],"wp:featuredmedia":[{"embeddable":true,"href":"https:\/\/www.alasmedios.com\/index.php\/wp-json\/wp\/v2\/media\/7369"}],"wp:attachment":[{"href":"https:\/\/www.alasmedios.com\/index.php\/wp-json\/wp\/v2\/media?parent=7368"}],"wp:term":[{"taxonomy":"category","embeddable":true,"href":"https:\/\/www.alasmedios.com\/index.php\/wp-json\/wp\/v2\/categories?post=7368"},{"taxonomy":"post_tag","embeddable":true,"href":"https:\/\/www.alasmedios.com\/index.php\/wp-json\/wp\/v2\/tags?post=7368"}],"curies":[{"name":"wp","href":"https:\/\/api.w.org\/{rel}","templated":true}]}}