{"id":7352,"date":"2026-01-06T10:50:53","date_gmt":"2026-01-06T16:50:53","guid":{"rendered":"https:\/\/www.alasmedios.com\/?p=7352"},"modified":"2026-01-06T10:50:56","modified_gmt":"2026-01-06T16:50:56","slug":"adios-al-pino-cual-es-la-fecha-para-retirar-el-arbol-de-navidad","status":"publish","type":"post","link":"https:\/\/www.alasmedios.com\/index.php\/2026\/01\/06\/adios-al-pino-cual-es-la-fecha-para-retirar-el-arbol-de-navidad\/","title":{"rendered":"Adi\u00f3s al pino: cu\u00e1l es la fecha para retirar el \u00e1rbol de Navidad"},"content":{"rendered":"\n<p>Terminar con las luces navide\u00f1as y desmontar el \u00e1rbol no es solo una cuesti\u00f3n de organizaci\u00f3n del hogar: tambi\u00e9n est\u00e1 ligado a <strong>tradiciones centenarias<\/strong> y a recomendaciones pr\u00e1cticas que tienen tanto base cultural como de seguridad.<\/p>\n\n\n\n<p>Seg\u00fan las costumbres vinculadas al calendario cristiano, la <strong>Navidad no termina el 25 de diciembre<\/strong>, sino que culmina con la <strong>Epifan\u00eda o D\u00eda de Reyes, el 6 de enero<\/strong>, tambi\u00e9n conocido como <strong>Twelfth Night<\/strong> o la <strong>duod\u00e9cima noche<\/strong> despu\u00e9s de Navidad. Por esa raz\u00f3n, <strong>el 5 o 6 de enero<\/strong> suele considerarse la <strong>fecha tradicional para retirar el \u00e1rbol y las decoraciones festivas<\/strong>, marcando simb\u00f3licamente el cierre de la temporada navide\u00f1a.<\/p>\n\n\n\n<p>En muchos pa\u00edses con ra\u00edces cristianas, se cree que <strong>quitar el \u00e1rbol antes de esa fecha podr\u00eda traer <em>\u201cmala suerte\u201d<\/em><\/strong>, un vestigio de antiguas supersticiones que asociaban a los \u00e1rboles con la protecci\u00f3n del hogar durante la temporada festiva.<\/p>\n\n\n\n<p>CONTIN\u00daA LEYENDO: <a href=\"https:\/\/www.alasmedios.com\/index.php\/2026\/01\/06\/el-tuzobus-busca-nueva-imagen-convocan-a-artistas-de-hidalgo\/\" data-type=\"post\" data-id=\"7349\">El Tuzob\u00fas busca nueva imagen: convocan a artistas de Hidalgo<\/a><\/p>\n\n\n\n<p>M\u00e1s all\u00e1 de la tradici\u00f3n, hay razones <strong>pr\u00e1cticas<\/strong> para no alargar demasiado su presencia. Si el \u00e1rbol es <strong>natural<\/strong>, la <strong>National Fire Protection Association<\/strong> y por seguridad se recomienda retirarlo <strong>tan pronto como comience a secarse<\/strong>, ya que un \u00e1rbol seco se convierte en un riesgo significativo de incendio en interiores. <\/p>\n\n\n\n<p>Para quienes siguen pr\u00e1cticas lit\u00fargicas m\u00e1s extensas, la espera puede llegar hasta el <strong>2 de febrero<\/strong>, d\u00eda de la <strong>Candelaria<\/strong>, que cierra formalmente el ciclo festivo en algunas comunidades religiosas.<\/p>\n\n\n\n<p><strong>No existe una \u00fanica regla obligatoria<\/strong>, si as\u00ed lo deseas bien puedes dejar el \u00e1rbol todo el a\u00f1o.<\/p>\n\n\n<ul class=\"wp-block-latest-posts__list is-grid columns-3 wp-block-latest-posts\"><li><div class=\"wp-block-latest-posts__featured-image\"><img loading=\"lazy\" decoding=\"async\" width=\"150\" height=\"150\" src=\"https:\/\/www.alasmedios.com\/wp-content\/uploads\/2026\/05\/AMPEP-inteligencia-artificial-150x150.jpg\" class=\"attachment-thumbnail size-thumbnail wp-post-image\" alt=\"\" style=\"\" \/><\/div><a class=\"wp-block-latest-posts__post-title\" href=\"https:\/\/www.alasmedios.com\/index.php\/2026\/05\/01\/periodismo-frente-a-la-ia-ampep-asume-liderazgo-y-apuesta-por-contar-historias-con-alma\/\">Periodismo frente a la IA: AMPEP asume liderazgo y apuesta por contar historias con \u201calma\u201d<\/a><\/li>\n<li><div class=\"wp-block-latest-posts__featured-image\"><img loading=\"lazy\" decoding=\"async\" width=\"150\" height=\"150\" src=\"https:\/\/www.alasmedios.com\/wp-content\/uploads\/2026\/05\/Hidalgo-viene-un-respiro-con-el-frente-frio-48-150x150.png\" class=\"attachment-thumbnail size-thumbnail wp-post-image\" alt=\"\" style=\"\" \/><\/div><a class=\"wp-block-latest-posts__post-title\" href=\"https:\/\/www.alasmedios.com\/index.php\/2026\/05\/01\/frente-frio-48-un-alivio-asi-impactara-en-hidalgo\/\">Frente fr\u00edo 48, un alivio: as\u00ed impactar\u00e1 en Hidalgo<\/a><\/li>\n<li><div class=\"wp-block-latest-posts__featured-image\"><img loading=\"lazy\" decoding=\"async\" width=\"150\" height=\"150\" src=\"https:\/\/www.alasmedios.com\/wp-content\/uploads\/2026\/05\/mujeres-depresion-posparto-150x150.png\" class=\"attachment-thumbnail size-thumbnail wp-post-image\" alt=\"\" style=\"\" \/><\/div><a class=\"wp-block-latest-posts__post-title\" href=\"https:\/\/www.alasmedios.com\/index.php\/2026\/05\/01\/1-de-cada-15-mujeres-sufre-depresion-posparto\/\">1 de cada 15 mujeres sufre depresi\u00f3n posparto<\/a><\/li>\n<\/ul>","protected":false},"excerpt":{"rendered":"<p>Terminar con las luces navide\u00f1as y desmontar el \u00e1rbol no es solo una cuesti\u00f3n de organizaci\u00f3n del hogar: tambi\u00e9n est\u00e1<\/p>\n","protected":false},"author":4,"featured_media":7353,"comment_status":"open","ping_status":"open","sticky":false,"template":"","format":"standard","meta":{"colormag_page_container_layout":"default_layout","colormag_page_sidebar_layout":"default_layout","rop_custom_images_group":[],"rop_custom_messages_group":[],"rop_publish_now":"initial","rop_publish_now_accounts":[],"rop_publish_now_history":[],"rop_publish_now_status":"pending","iawp_total_views":0,"footnotes":""},"categories":[42],"tags":[3133,3217,662,910,159,819],"class_list":["post-7352","post","type-post","status-publish","format-standard","has-post-thumbnail","hentry","category-familia_salud","tag-arbol-de-navidad","tag-dia-de-reyes","tag-hogar","tag-navidad","tag-seguridad","tag-tradiciones"],"magazineBlocksPostFeaturedMedia":{"thumbnail":"https:\/\/www.alasmedios.com\/wp-content\/uploads\/2026\/01\/Adios-al-pino-cual-es-la-fecha-para-retirar-el-arbol-de-Navidad-150x150.png","medium":"https:\/\/www.alasmedios.com\/wp-content\/uploads\/2026\/01\/Adios-al-pino-cual-es-la-fecha-para-retirar-el-arbol-de-Navidad-300x182.png","medium_large":"https:\/\/www.alasmedios.com\/wp-content\/uploads\/2026\/01\/Adios-al-pino-cual-es-la-fecha-para-retirar-el-arbol-de-Navidad-768x466.png","large":"https:\/\/www.alasmedios.com\/wp-content\/uploads\/2026\/01\/Adios-al-pino-cual-es-la-fecha-para-retirar-el-arbol-de-Navidad-1024x622.png","1536x1536":"https:\/\/www.alasmedios.com\/wp-content\/uploads\/2026\/01\/Adios-al-pino-cual-es-la-fecha-para-retirar-el-arbol-de-Navidad-1536x932.png","2048x2048":"https:\/\/www.alasmedios.com\/wp-content\/uploads\/2026\/01\/Adios-al-pino-cual-es-la-fecha-para-retirar-el-arbol-de-Navidad.png","colormag-highlighted-post":"https:\/\/www.alasmedios.com\/wp-content\/uploads\/2026\/01\/Adios-al-pino-cual-es-la-fecha-para-retirar-el-arbol-de-Navidad-392x272.png","colormag-featured-post-medium":"https:\/\/www.alasmedios.com\/wp-content\/uploads\/2026\/01\/Adios-al-pino-cual-es-la-fecha-para-retirar-el-arbol-de-Navidad-390x205.png","colormag-featured-post-small":"https:\/\/www.alasmedios.com\/wp-content\/uploads\/2026\/01\/Adios-al-pino-cual-es-la-fecha-para-retirar-el-arbol-de-Navidad-130x90.png","colormag-featured-image":"https:\/\/www.alasmedios.com\/wp-content\/uploads\/2026\/01\/Adios-al-pino-cual-es-la-fecha-para-retirar-el-arbol-de-Navidad-800x445.png","colormag-default-news":"https:\/\/www.alasmedios.com\/wp-content\/uploads\/2026\/01\/Adios-al-pino-cual-es-la-fecha-para-retirar-el-arbol-de-Navidad-150x150.png","colormag-featured-image-large":"https:\/\/www.alasmedios.com\/wp-content\/uploads\/2026\/01\/Adios-al-pino-cual-es-la-fecha-para-retirar-el-arbol-de-Navidad-1400x600.png"},"magazineBlocksPostAuthor":{"name":"Keila Rodr\u00edguez Pe\u00f1a","avatar":"https:\/\/secure.gravatar.com\/avatar\/a2553a2bfaa601b9d539b617c8793e151bdffb60f9e48a249912f86d4c9ebeef?s=96&d=mm&r=g"},"magazineBlocksPostCommentsNumber":"0","magazineBlocksPostExcerpt":"Terminar con las luces navide\u00f1as y desmontar el \u00e1rbol no es solo una cuesti\u00f3n de organizaci\u00f3n del hogar: tambi\u00e9n est\u00e1","magazineBlocksPostCategories":["Familia y Bienestar"],"magazineBlocksPostViewCount":90,"magazineBlocksPostReadTime":2,"magazine_blocks_featured_image_url":{"full":["https:\/\/www.alasmedios.com\/wp-content\/uploads\/2026\/01\/Adios-al-pino-cual-es-la-fecha-para-retirar-el-arbol-de-Navidad.png",2000,1214,false],"medium":["https:\/\/www.alasmedios.com\/wp-content\/uploads\/2026\/01\/Adios-al-pino-cual-es-la-fecha-para-retirar-el-arbol-de-Navidad-300x182.png",300,182,true],"thumbnail":["https:\/\/www.alasmedios.com\/wp-content\/uploads\/2026\/01\/Adios-al-pino-cual-es-la-fecha-para-retirar-el-arbol-de-Navidad-150x150.png",150,150,true]},"magazine_blocks_author":{"display_name":"Keila Rodr\u00edguez Pe\u00f1a","author_link":"https:\/\/www.alasmedios.com\/index.php\/author\/keila\/"},"magazine_blocks_comment":0,"magazine_blocks_author_image":"https:\/\/secure.gravatar.com\/avatar\/a2553a2bfaa601b9d539b617c8793e151bdffb60f9e48a249912f86d4c9ebeef?s=96&d=mm&r=g","magazine_blocks_category":"<a href=\"#\" class=\"category-link category-link-42\">Familia y Bienestar<\/a>","yoast_head":"<!-- This site is optimized with the Yoast SEO plugin v27.5 - https:\/\/yoast.com\/product\/yoast-seo-wordpress\/ -->\r\n<title>Adi\u00f3s al pino: cu\u00e1l es la fecha para retirar el \u00e1rbol de Navidad - Alas Medios<\/title>\r\n<meta name=\"robots\" content=\"index, follow, max-snippet:-1, max-image-preview:large, max-video-preview:-1\" \/>\r\n<link rel=\"canonical\" href=\"https:\/\/www.alasmedios.com\/index.php\/2026\/01\/06\/adios-al-pino-cual-es-la-fecha-para-retirar-el-arbol-de-navidad\/\" \/>\r\n<meta property=\"og:locale\" content=\"es_MX\" \/>\r\n<meta property=\"og:type\" content=\"article\" \/>\r\n<meta property=\"og:title\" content=\"Adi\u00f3s al pino: cu\u00e1l es la fecha para retirar el \u00e1rbol de Navidad - Alas Medios\" \/>\r\n<meta property=\"og:description\" content=\"Terminar con las luces navide\u00f1as y desmontar el \u00e1rbol no es solo una cuesti\u00f3n de organizaci\u00f3n del hogar: tambi\u00e9n est\u00e1\" \/>\r\n<meta property=\"og:url\" content=\"https:\/\/www.alasmedios.com\/index.php\/2026\/01\/06\/adios-al-pino-cual-es-la-fecha-para-retirar-el-arbol-de-navidad\/\" \/>\r\n<meta property=\"og:site_name\" content=\"Alas Medios\" \/>\r\n<meta property=\"article:published_time\" content=\"2026-01-06T16:50:53+00:00\" \/>\r\n<meta property=\"article:modified_time\" content=\"2026-01-06T16:50:56+00:00\" \/>\r\n<meta property=\"og:image\" content=\"https:\/\/www.alasmedios.com\/wp-content\/uploads\/2026\/01\/Adios-al-pino-cual-es-la-fecha-para-retirar-el-arbol-de-Navidad-1024x622.png\" \/>\r\n\t<meta property=\"og:image:width\" content=\"1024\" \/>\r\n\t<meta property=\"og:image:height\" content=\"622\" \/>\r\n\t<meta property=\"og:image:type\" content=\"image\/png\" \/>\r\n<meta name=\"author\" content=\"Keila Rodr\u00edguez Pe\u00f1a\" \/>\r\n<meta name=\"twitter:card\" content=\"summary_large_image\" \/>\r\n<meta name=\"twitter:label1\" content=\"Escrito por\" \/>\n\t<meta name=\"twitter:data1\" content=\"Keila Rodr\u00edguez Pe\u00f1a\" \/>\n\t<meta name=\"twitter:label2\" content=\"Tiempo de lectura\" \/>\n\t<meta name=\"twitter:data2\" content=\"1 minuto\" \/>\r\n<script type=\"application\/ld+json\" class=\"yoast-schema-graph\">{\"@context\":\"https:\\\/\\\/schema.org\",\"@graph\":[{\"@type\":\"Article\",\"@id\":\"https:\\\/\\\/www.alasmedios.com\\\/index.php\\\/2026\\\/01\\\/06\\\/adios-al-pino-cual-es-la-fecha-para-retirar-el-arbol-de-navidad\\\/#article\",\"isPartOf\":{\"@id\":\"https:\\\/\\\/www.alasmedios.com\\\/index.php\\\/2026\\\/01\\\/06\\\/adios-al-pino-cual-es-la-fecha-para-retirar-el-arbol-de-navidad\\\/\"},\"author\":{\"name\":\"Keila Rodr\u00edguez Pe\u00f1a\",\"@id\":\"https:\\\/\\\/www.alasmedios.com\\\/#\\\/schema\\\/person\\\/0ba31bdd19a05ebf5c7fef1fedf99c34\"},\"headline\":\"Adi\u00f3s al pino: cu\u00e1l es la fecha para retirar el \u00e1rbol de Navidad\",\"datePublished\":\"2026-01-06T16:50:53+00:00\",\"dateModified\":\"2026-01-06T16:50:56+00:00\",\"mainEntityOfPage\":{\"@id\":\"https:\\\/\\\/www.alasmedios.com\\\/index.php\\\/2026\\\/01\\\/06\\\/adios-al-pino-cual-es-la-fecha-para-retirar-el-arbol-de-navidad\\\/\"},\"wordCount\":295,\"commentCount\":0,\"publisher\":{\"@id\":\"https:\\\/\\\/www.alasmedios.com\\\/#organization\"},\"image\":{\"@id\":\"https:\\\/\\\/www.alasmedios.com\\\/index.php\\\/2026\\\/01\\\/06\\\/adios-al-pino-cual-es-la-fecha-para-retirar-el-arbol-de-navidad\\\/#primaryimage\"},\"thumbnailUrl\":\"https:\\\/\\\/www.alasmedios.com\\\/wp-content\\\/uploads\\\/2026\\\/01\\\/Adios-al-pino-cual-es-la-fecha-para-retirar-el-arbol-de-Navidad.png\",\"keywords\":[\"\u00e1rbol de navidad\",\"D\u00eda de Reyes\",\"hogar\",\"navidad\",\"Seguridad\",\"tradiciones\"],\"articleSection\":[\"Familia y Bienestar\"],\"inLanguage\":\"es\",\"potentialAction\":[{\"@type\":\"CommentAction\",\"name\":\"Comment\",\"target\":[\"https:\\\/\\\/www.alasmedios.com\\\/index.php\\\/2026\\\/01\\\/06\\\/adios-al-pino-cual-es-la-fecha-para-retirar-el-arbol-de-navidad\\\/#respond\"]}]},{\"@type\":\"WebPage\",\"@id\":\"https:\\\/\\\/www.alasmedios.com\\\/index.php\\\/2026\\\/01\\\/06\\\/adios-al-pino-cual-es-la-fecha-para-retirar-el-arbol-de-navidad\\\/\",\"url\":\"https:\\\/\\\/www.alasmedios.com\\\/index.php\\\/2026\\\/01\\\/06\\\/adios-al-pino-cual-es-la-fecha-para-retirar-el-arbol-de-navidad\\\/\",\"name\":\"Adi\u00f3s al pino: cu\u00e1l es la fecha para retirar el \u00e1rbol de Navidad - Alas Medios\",\"isPartOf\":{\"@id\":\"https:\\\/\\\/www.alasmedios.com\\\/#website\"},\"primaryImageOfPage\":{\"@id\":\"https:\\\/\\\/www.alasmedios.com\\\/index.php\\\/2026\\\/01\\\/06\\\/adios-al-pino-cual-es-la-fecha-para-retirar-el-arbol-de-navidad\\\/#primaryimage\"},\"image\":{\"@id\":\"https:\\\/\\\/www.alasmedios.com\\\/index.php\\\/2026\\\/01\\\/06\\\/adios-al-pino-cual-es-la-fecha-para-retirar-el-arbol-de-navidad\\\/#primaryimage\"},\"thumbnailUrl\":\"https:\\\/\\\/www.alasmedios.com\\\/wp-content\\\/uploads\\\/2026\\\/01\\\/Adios-al-pino-cual-es-la-fecha-para-retirar-el-arbol-de-Navidad.png\",\"datePublished\":\"2026-01-06T16:50:53+00:00\",\"dateModified\":\"2026-01-06T16:50:56+00:00\",\"breadcrumb\":{\"@id\":\"https:\\\/\\\/www.alasmedios.com\\\/index.php\\\/2026\\\/01\\\/06\\\/adios-al-pino-cual-es-la-fecha-para-retirar-el-arbol-de-navidad\\\/#breadcrumb\"},\"inLanguage\":\"es\",\"potentialAction\":[{\"@type\":\"ReadAction\",\"target\":[\"https:\\\/\\\/www.alasmedios.com\\\/index.php\\\/2026\\\/01\\\/06\\\/adios-al-pino-cual-es-la-fecha-para-retirar-el-arbol-de-navidad\\\/\"]}]},{\"@type\":\"ImageObject\",\"inLanguage\":\"es\",\"@id\":\"https:\\\/\\\/www.alasmedios.com\\\/index.php\\\/2026\\\/01\\\/06\\\/adios-al-pino-cual-es-la-fecha-para-retirar-el-arbol-de-navidad\\\/#primaryimage\",\"url\":\"https:\\\/\\\/www.alasmedios.com\\\/wp-content\\\/uploads\\\/2026\\\/01\\\/Adios-al-pino-cual-es-la-fecha-para-retirar-el-arbol-de-Navidad.png\",\"contentUrl\":\"https:\\\/\\\/www.alasmedios.com\\\/wp-content\\\/uploads\\\/2026\\\/01\\\/Adios-al-pino-cual-es-la-fecha-para-retirar-el-arbol-de-Navidad.png\",\"width\":2000,\"height\":1214},{\"@type\":\"BreadcrumbList\",\"@id\":\"https:\\\/\\\/www.alasmedios.com\\\/index.php\\\/2026\\\/01\\\/06\\\/adios-al-pino-cual-es-la-fecha-para-retirar-el-arbol-de-navidad\\\/#breadcrumb\",\"itemListElement\":[{\"@type\":\"ListItem\",\"position\":1,\"name\":\"Inicio\",\"item\":\"https:\\\/\\\/www.alasmedios.com\\\/\"},{\"@type\":\"ListItem\",\"position\":2,\"name\":\"Adi\u00f3s al pino: cu\u00e1l es la fecha para retirar el \u00e1rbol de Navidad\"}]},{\"@type\":\"WebSite\",\"@id\":\"https:\\\/\\\/www.alasmedios.com\\\/#website\",\"url\":\"https:\\\/\\\/www.alasmedios.com\\\/\",\"name\":\"Alas Medios\",\"description\":\"Alas para pensar, Alas para volar, Alas de libertad\",\"publisher\":{\"@id\":\"https:\\\/\\\/www.alasmedios.com\\\/#organization\"},\"potentialAction\":[{\"@type\":\"SearchAction\",\"target\":{\"@type\":\"EntryPoint\",\"urlTemplate\":\"https:\\\/\\\/www.alasmedios.com\\\/?s={search_term_string}\"},\"query-input\":{\"@type\":\"PropertyValueSpecification\",\"valueRequired\":true,\"valueName\":\"search_term_string\"}}],\"inLanguage\":\"es\"},{\"@type\":\"Organization\",\"@id\":\"https:\\\/\\\/www.alasmedios.com\\\/#organization\",\"name\":\"Alas Medios\",\"url\":\"https:\\\/\\\/www.alasmedios.com\\\/\",\"logo\":{\"@type\":\"ImageObject\",\"inLanguage\":\"es\",\"@id\":\"https:\\\/\\\/www.alasmedios.com\\\/#\\\/schema\\\/logo\\\/image\\\/\",\"url\":\"https:\\\/\\\/www.alasmedios.com\\\/wp-content\\\/uploads\\\/2026\\\/01\\\/cropped-cropped-GAM-1.png\",\"contentUrl\":\"https:\\\/\\\/www.alasmedios.com\\\/wp-content\\\/uploads\\\/2026\\\/01\\\/cropped-cropped-GAM-1.png\",\"width\":467,\"height\":235,\"caption\":\"Alas Medios\"},\"image\":{\"@id\":\"https:\\\/\\\/www.alasmedios.com\\\/#\\\/schema\\\/logo\\\/image\\\/\"}},{\"@type\":\"Person\",\"@id\":\"https:\\\/\\\/www.alasmedios.com\\\/#\\\/schema\\\/person\\\/0ba31bdd19a05ebf5c7fef1fedf99c34\",\"name\":\"Keila Rodr\u00edguez Pe\u00f1a\",\"image\":{\"@type\":\"ImageObject\",\"inLanguage\":\"es\",\"@id\":\"https:\\\/\\\/secure.gravatar.com\\\/avatar\\\/a2553a2bfaa601b9d539b617c8793e151bdffb60f9e48a249912f86d4c9ebeef?s=96&d=mm&r=g\",\"url\":\"https:\\\/\\\/secure.gravatar.com\\\/avatar\\\/a2553a2bfaa601b9d539b617c8793e151bdffb60f9e48a249912f86d4c9ebeef?s=96&d=mm&r=g\",\"contentUrl\":\"https:\\\/\\\/secure.gravatar.com\\\/avatar\\\/a2553a2bfaa601b9d539b617c8793e151bdffb60f9e48a249912f86d4c9ebeef?s=96&d=mm&r=g\",\"caption\":\"Keila Rodr\u00edguez Pe\u00f1a\"},\"sameAs\":[\"http:\\\/\\\/www.alasmedios.com\"],\"url\":\"https:\\\/\\\/www.alasmedios.com\\\/index.php\\\/author\\\/keila\\\/\"}]}<\/script>\r\n<!-- \/ Yoast SEO plugin. -->","yoast_head_json":{"title":"Adi\u00f3s al pino: cu\u00e1l es la fecha para retirar el \u00e1rbol de Navidad - Alas Medios","robots":{"index":"index","follow":"follow","max-snippet":"max-snippet:-1","max-image-preview":"max-image-preview:large","max-video-preview":"max-video-preview:-1"},"canonical":"https:\/\/www.alasmedios.com\/index.php\/2026\/01\/06\/adios-al-pino-cual-es-la-fecha-para-retirar-el-arbol-de-navidad\/","og_locale":"es_MX","og_type":"article","og_title":"Adi\u00f3s al pino: cu\u00e1l es la fecha para retirar el \u00e1rbol de Navidad - Alas Medios","og_description":"Terminar con las luces navide\u00f1as y desmontar el \u00e1rbol no es solo una cuesti\u00f3n de organizaci\u00f3n del hogar: tambi\u00e9n est\u00e1","og_url":"https:\/\/www.alasmedios.com\/index.php\/2026\/01\/06\/adios-al-pino-cual-es-la-fecha-para-retirar-el-arbol-de-navidad\/","og_site_name":"Alas Medios","article_published_time":"2026-01-06T16:50:53+00:00","article_modified_time":"2026-01-06T16:50:56+00:00","og_image":[{"width":1024,"height":622,"url":"https:\/\/www.alasmedios.com\/wp-content\/uploads\/2026\/01\/Adios-al-pino-cual-es-la-fecha-para-retirar-el-arbol-de-Navidad-1024x622.png","type":"image\/png"}],"author":"Keila Rodr\u00edguez Pe\u00f1a","twitter_card":"summary_large_image","twitter_misc":{"Escrito por":"Keila Rodr\u00edguez Pe\u00f1a","Tiempo de lectura":"1 minuto"},"schema":{"@context":"https:\/\/schema.org","@graph":[{"@type":"Article","@id":"https:\/\/www.alasmedios.com\/index.php\/2026\/01\/06\/adios-al-pino-cual-es-la-fecha-para-retirar-el-arbol-de-navidad\/#article","isPartOf":{"@id":"https:\/\/www.alasmedios.com\/index.php\/2026\/01\/06\/adios-al-pino-cual-es-la-fecha-para-retirar-el-arbol-de-navidad\/"},"author":{"name":"Keila Rodr\u00edguez Pe\u00f1a","@id":"https:\/\/www.alasmedios.com\/#\/schema\/person\/0ba31bdd19a05ebf5c7fef1fedf99c34"},"headline":"Adi\u00f3s al pino: cu\u00e1l es la fecha para retirar el \u00e1rbol de Navidad","datePublished":"2026-01-06T16:50:53+00:00","dateModified":"2026-01-06T16:50:56+00:00","mainEntityOfPage":{"@id":"https:\/\/www.alasmedios.com\/index.php\/2026\/01\/06\/adios-al-pino-cual-es-la-fecha-para-retirar-el-arbol-de-navidad\/"},"wordCount":295,"commentCount":0,"publisher":{"@id":"https:\/\/www.alasmedios.com\/#organization"},"image":{"@id":"https:\/\/www.alasmedios.com\/index.php\/2026\/01\/06\/adios-al-pino-cual-es-la-fecha-para-retirar-el-arbol-de-navidad\/#primaryimage"},"thumbnailUrl":"https:\/\/www.alasmedios.com\/wp-content\/uploads\/2026\/01\/Adios-al-pino-cual-es-la-fecha-para-retirar-el-arbol-de-Navidad.png","keywords":["\u00e1rbol de navidad","D\u00eda de Reyes","hogar","navidad","Seguridad","tradiciones"],"articleSection":["Familia y Bienestar"],"inLanguage":"es","potentialAction":[{"@type":"CommentAction","name":"Comment","target":["https:\/\/www.alasmedios.com\/index.php\/2026\/01\/06\/adios-al-pino-cual-es-la-fecha-para-retirar-el-arbol-de-navidad\/#respond"]}]},{"@type":"WebPage","@id":"https:\/\/www.alasmedios.com\/index.php\/2026\/01\/06\/adios-al-pino-cual-es-la-fecha-para-retirar-el-arbol-de-navidad\/","url":"https:\/\/www.alasmedios.com\/index.php\/2026\/01\/06\/adios-al-pino-cual-es-la-fecha-para-retirar-el-arbol-de-navidad\/","name":"Adi\u00f3s al pino: cu\u00e1l es la fecha para retirar el \u00e1rbol de Navidad - Alas Medios","isPartOf":{"@id":"https:\/\/www.alasmedios.com\/#website"},"primaryImageOfPage":{"@id":"https:\/\/www.alasmedios.com\/index.php\/2026\/01\/06\/adios-al-pino-cual-es-la-fecha-para-retirar-el-arbol-de-navidad\/#primaryimage"},"image":{"@id":"https:\/\/www.alasmedios.com\/index.php\/2026\/01\/06\/adios-al-pino-cual-es-la-fecha-para-retirar-el-arbol-de-navidad\/#primaryimage"},"thumbnailUrl":"https:\/\/www.alasmedios.com\/wp-content\/uploads\/2026\/01\/Adios-al-pino-cual-es-la-fecha-para-retirar-el-arbol-de-Navidad.png","datePublished":"2026-01-06T16:50:53+00:00","dateModified":"2026-01-06T16:50:56+00:00","breadcrumb":{"@id":"https:\/\/www.alasmedios.com\/index.php\/2026\/01\/06\/adios-al-pino-cual-es-la-fecha-para-retirar-el-arbol-de-navidad\/#breadcrumb"},"inLanguage":"es","potentialAction":[{"@type":"ReadAction","target":["https:\/\/www.alasmedios.com\/index.php\/2026\/01\/06\/adios-al-pino-cual-es-la-fecha-para-retirar-el-arbol-de-navidad\/"]}]},{"@type":"ImageObject","inLanguage":"es","@id":"https:\/\/www.alasmedios.com\/index.php\/2026\/01\/06\/adios-al-pino-cual-es-la-fecha-para-retirar-el-arbol-de-navidad\/#primaryimage","url":"https:\/\/www.alasmedios.com\/wp-content\/uploads\/2026\/01\/Adios-al-pino-cual-es-la-fecha-para-retirar-el-arbol-de-Navidad.png","contentUrl":"https:\/\/www.alasmedios.com\/wp-content\/uploads\/2026\/01\/Adios-al-pino-cual-es-la-fecha-para-retirar-el-arbol-de-Navidad.png","width":2000,"height":1214},{"@type":"BreadcrumbList","@id":"https:\/\/www.alasmedios.com\/index.php\/2026\/01\/06\/adios-al-pino-cual-es-la-fecha-para-retirar-el-arbol-de-navidad\/#breadcrumb","itemListElement":[{"@type":"ListItem","position":1,"name":"Inicio","item":"https:\/\/www.alasmedios.com\/"},{"@type":"ListItem","position":2,"name":"Adi\u00f3s al pino: cu\u00e1l es la fecha para retirar el \u00e1rbol de Navidad"}]},{"@type":"WebSite","@id":"https:\/\/www.alasmedios.com\/#website","url":"https:\/\/www.alasmedios.com\/","name":"Alas Medios","description":"Alas para pensar, Alas para volar, Alas de libertad","publisher":{"@id":"https:\/\/www.alasmedios.com\/#organization"},"potentialAction":[{"@type":"SearchAction","target":{"@type":"EntryPoint","urlTemplate":"https:\/\/www.alasmedios.com\/?s={search_term_string}"},"query-input":{"@type":"PropertyValueSpecification","valueRequired":true,"valueName":"search_term_string"}}],"inLanguage":"es"},{"@type":"Organization","@id":"https:\/\/www.alasmedios.com\/#organization","name":"Alas Medios","url":"https:\/\/www.alasmedios.com\/","logo":{"@type":"ImageObject","inLanguage":"es","@id":"https:\/\/www.alasmedios.com\/#\/schema\/logo\/image\/","url":"https:\/\/www.alasmedios.com\/wp-content\/uploads\/2026\/01\/cropped-cropped-GAM-1.png","contentUrl":"https:\/\/www.alasmedios.com\/wp-content\/uploads\/2026\/01\/cropped-cropped-GAM-1.png","width":467,"height":235,"caption":"Alas Medios"},"image":{"@id":"https:\/\/www.alasmedios.com\/#\/schema\/logo\/image\/"}},{"@type":"Person","@id":"https:\/\/www.alasmedios.com\/#\/schema\/person\/0ba31bdd19a05ebf5c7fef1fedf99c34","name":"Keila Rodr\u00edguez Pe\u00f1a","image":{"@type":"ImageObject","inLanguage":"es","@id":"https:\/\/secure.gravatar.com\/avatar\/a2553a2bfaa601b9d539b617c8793e151bdffb60f9e48a249912f86d4c9ebeef?s=96&d=mm&r=g","url":"https:\/\/secure.gravatar.com\/avatar\/a2553a2bfaa601b9d539b617c8793e151bdffb60f9e48a249912f86d4c9ebeef?s=96&d=mm&r=g","contentUrl":"https:\/\/secure.gravatar.com\/avatar\/a2553a2bfaa601b9d539b617c8793e151bdffb60f9e48a249912f86d4c9ebeef?s=96&d=mm&r=g","caption":"Keila Rodr\u00edguez Pe\u00f1a"},"sameAs":["http:\/\/www.alasmedios.com"],"url":"https:\/\/www.alasmedios.com\/index.php\/author\/keila\/"}]}},"_links":{"self":[{"href":"https:\/\/www.alasmedios.com\/index.php\/wp-json\/wp\/v2\/posts\/7352","targetHints":{"allow":["GET"]}}],"collection":[{"href":"https:\/\/www.alasmedios.com\/index.php\/wp-json\/wp\/v2\/posts"}],"about":[{"href":"https:\/\/www.alasmedios.com\/index.php\/wp-json\/wp\/v2\/types\/post"}],"author":[{"embeddable":true,"href":"https:\/\/www.alasmedios.com\/index.php\/wp-json\/wp\/v2\/users\/4"}],"replies":[{"embeddable":true,"href":"https:\/\/www.alasmedios.com\/index.php\/wp-json\/wp\/v2\/comments?post=7352"}],"version-history":[{"count":1,"href":"https:\/\/www.alasmedios.com\/index.php\/wp-json\/wp\/v2\/posts\/7352\/revisions"}],"predecessor-version":[{"id":7354,"href":"https:\/\/www.alasmedios.com\/index.php\/wp-json\/wp\/v2\/posts\/7352\/revisions\/7354"}],"wp:featuredmedia":[{"embeddable":true,"href":"https:\/\/www.alasmedios.com\/index.php\/wp-json\/wp\/v2\/media\/7353"}],"wp:attachment":[{"href":"https:\/\/www.alasmedios.com\/index.php\/wp-json\/wp\/v2\/media?parent=7352"}],"wp:term":[{"taxonomy":"category","embeddable":true,"href":"https:\/\/www.alasmedios.com\/index.php\/wp-json\/wp\/v2\/categories?post=7352"},{"taxonomy":"post_tag","embeddable":true,"href":"https:\/\/www.alasmedios.com\/index.php\/wp-json\/wp\/v2\/tags?post=7352"}],"curies":[{"name":"wp","href":"https:\/\/api.w.org\/{rel}","templated":true}]}}