{"id":7349,"date":"2026-01-06T07:08:00","date_gmt":"2026-01-06T13:08:00","guid":{"rendered":"https:\/\/www.alasmedios.com\/?p=7349"},"modified":"2026-01-05T13:13:50","modified_gmt":"2026-01-05T19:13:50","slug":"el-tuzobus-busca-nueva-imagen-convocan-a-artistas-de-hidalgo","status":"publish","type":"post","link":"https:\/\/www.alasmedios.com\/index.php\/2026\/01\/06\/el-tuzobus-busca-nueva-imagen-convocan-a-artistas-de-hidalgo\/","title":{"rendered":"El Tuzob\u00fas busca nueva imagen: convocan a artistas de Hidalgo"},"content":{"rendered":"\n<p>Lanzan&nbsp;<strong>convocatoria&nbsp;<\/strong>para<strong>&nbsp;nueva imagen<\/strong>&nbsp;del&nbsp;<strong>Tuzob\u00fas<\/strong>, atenci\u00f3n&nbsp;<strong>dise\u00f1adores&nbsp;<\/strong>de&nbsp;<strong>Hidalgo<\/strong>: esta es su oportunidad.<\/p>\n\n\n\n<p>La&nbsp;<strong>renovaci\u00f3n visual del Tuzob\u00fas<\/strong>&nbsp;abri\u00f3 sus puertas a la creatividad local. Dise\u00f1adoras, dise\u00f1adores,&nbsp;<strong>artistas visuales e ilustradores de Hidalgo<\/strong>&nbsp;pueden participar en la&nbsp;<strong>convocatoria oficial<\/strong>&nbsp;para transformar la imagen del&nbsp;<strong>Sistema Tuzob\u00fas: Transporte Metropolitano<\/strong>, con propuestas que aspiran a convertirlo en un&nbsp;<strong>referente cultural, urbano y social<\/strong>&nbsp;del estado.<\/p>\n\n\n\n<h3 class=\"wp-block-heading\" id=\"h-convocatoria\">Convocatoria<\/h3>\n\n\n\n<p>La invitaci\u00f3n est\u00e1 dirigida a&nbsp;<strong>personas mayores de edad<\/strong>,&nbsp;<strong>originarias o residentes de Hidalgo<\/strong>, con experiencia o inter\u00e9s en el&nbsp;<strong>dise\u00f1o gr\u00e1fico, la ilustraci\u00f3n o disciplinas creativas afines<\/strong>. El plazo para registrarse y enviar propuestas&nbsp;<strong>vence el 30 de enero de 2026<\/strong>.<\/p>\n\n\n\n<p>El proceso establece&nbsp;<strong>l\u00edmites claros<\/strong>: no pueden participar&nbsp;<strong>funcionarios o servidores p\u00fablicos<\/strong>,&nbsp;<strong>propuestas creadas con herramientas de IA en cualquier etapa<\/strong>, ni&nbsp;<strong>ilustraciones previamente publicadas<\/strong>&nbsp;o en proceso de publicaci\u00f3n. Cada participante podr\u00e1&nbsp;<strong>inscribirse en una sola categor\u00eda<\/strong>&nbsp;y deber\u00e1 acreditar su residencia en el estado mediante&nbsp;<strong>identificaci\u00f3n oficial vigente<\/strong>.<\/p>\n\n\n\n<p>CONTIN\u00daA LEYENDO: <a href=\"https:\/\/www.alasmedios.com\/index.php\/2026\/01\/05\/refrendo-vehicular-2026-en-hidalgo-pagar-a-tiempo-reduce-costos\/\" data-type=\"post\" data-id=\"7345\">Refrendo vehicular 2026 en Hidalgo: pagar a tiempo reduce costos<\/a><\/p>\n\n\n\n<p>Las&nbsp;<strong>categor\u00edas de participaci\u00f3n<\/strong>&nbsp;abarcan distintos enfoques y narrativas visuales:<\/p>\n\n\n\n<ul class=\"wp-block-list\">\n<li><strong>Nuevo logotipo del Tuzob\u00fas<\/strong>, con \u00e9nfasis en modernidad, movilidad y cercan\u00eda.<\/li>\n\n\n\n<li><strong>Hidalgo Potencia en Marcha<\/strong>, sobre desarrollo, transformaci\u00f3n y dinamismo.<\/li>\n\n\n\n<li><strong>Mujeres que inspiran<\/strong>, para visibilizar la fuerza, historias y aportaciones de las mujeres.<\/li>\n\n\n\n<li><strong>Inclusi\u00f3n<\/strong>, con mensajes de diversidad, accesibilidad y convivencia.<\/li>\n\n\n\n<li><strong>Turismo<\/strong>, enfocado en paisajes y atractivos del estado.<\/li>\n\n\n\n<li><strong>Cultura<\/strong>, centrado en tradiciones, s\u00edmbolos e identidad hidalguense.<\/li>\n\n\n\n<li><strong>Paisaje, flora y fauna<\/strong>, inspirado en la riqueza natural y biodiversidad.<\/li>\n<\/ul>\n\n\n\n<h3 class=\"wp-block-heading\" id=\"h-premios\">Premios<\/h3>\n\n\n\n<p>Los&nbsp;<strong>premios econ\u00f3micos<\/strong>&nbsp;colocan a la convocatoria como una de las m\u00e1s atractivas del \u00e1mbito gr\u00e1fico local:<\/p>\n\n\n\n<ul class=\"wp-block-list\">\n<li><strong>$80,000 pesos<\/strong>\u00a0para el\u00a0<strong>Nuevo logotipo del Tuzob\u00fas<\/strong>.<\/li>\n\n\n\n<li><strong>$40,000 pesos<\/strong>\u00a0para cada una de las dem\u00e1s categor\u00edas.<\/li>\n<\/ul>\n\n\n\n<p>Las propuestas ser\u00e1n evaluadas por un&nbsp;<strong>jurado<\/strong>&nbsp;con base en&nbsp;<strong>pertinencia conceptual<\/strong>,&nbsp;<strong>creatividad y calidad visual<\/strong>,&nbsp;<strong>coherencia con la identidad de Hidalgo<\/strong>,&nbsp;<strong>innovaci\u00f3n<\/strong>&nbsp;y&nbsp;<strong>viabilidad t\u00e9cnica<\/strong>&nbsp;para su aplicaci\u00f3n en las unidades del sistema.<\/p>\n\n\n\n<p>TE PUEDE INTERESAR: <a href=\"https:\/\/www.alasmedios.com\/index.php\/2026\/01\/05\/calentadores-solares-y-ahorro-energia-limpia-en-hogares-de-hidalgo\/\" data-type=\"post\" data-id=\"7337\">Calentadores solares y ahorro: energ\u00eda limpia en hogares de Hidalgo<\/a><\/p>\n\n\n\n<p>Un punto clave est\u00e1 en los&nbsp;<strong>derechos de autor<\/strong>: la obra ganadora&nbsp;<strong>ceder\u00e1 de forma total, exclusiva e irrevocable<\/strong>&nbsp;los derechos de uso al&nbsp;<strong>Gobierno del Estado de Hidalgo<\/strong>, mientras que las propuestas no seleccionadas&nbsp;<strong>conservar\u00e1n \u00edntegramente su autor\u00eda<\/strong>&nbsp;y no ser\u00e1n utilizadas.<\/p>\n\n\n\n<p>Las&nbsp;<strong>bases completas, archivos oficiales y formulario de registro<\/strong>&nbsp;est\u00e1n disponibles en el sitio&nbsp;<strong><a href=\"https:\/\/transformaeltuzobus.hidalgo.gob.mx\/\">transformaeltuzobus.hidalgo.gob.mx<\/a><\/strong>, donde tambi\u00e9n se detallan los formatos y documentos requeridos.<\/p>\n\n\n\n<p>Para la comunidad creativa hidalguense, la convocatoria representa una&nbsp;<strong>oportunidad concreta de dejar huella<\/strong>&nbsp;en uno de los sistemas de transporte m\u00e1s visibles del estado.<\/p>\n\n\n<ul class=\"wp-block-latest-posts__list is-grid columns-3 wp-block-latest-posts\"><li><div class=\"wp-block-latest-posts__featured-image\"><img loading=\"lazy\" decoding=\"async\" width=\"150\" height=\"150\" src=\"https:\/\/www.alasmedios.com\/wp-content\/uploads\/2026\/05\/Hidalgo-viene-un-respiro-con-el-frente-frio-48-150x150.png\" class=\"attachment-thumbnail size-thumbnail wp-post-image\" alt=\"\" style=\"\" \/><\/div><a class=\"wp-block-latest-posts__post-title\" href=\"https:\/\/www.alasmedios.com\/index.php\/2026\/05\/01\/frente-frio-48-un-alivio-asi-impactara-en-hidalgo\/\">Frente fr\u00edo 48, un alivio: as\u00ed impactar\u00e1 en Hidalgo<\/a><\/li>\n<li><div class=\"wp-block-latest-posts__featured-image\"><img loading=\"lazy\" decoding=\"async\" width=\"150\" height=\"150\" src=\"https:\/\/www.alasmedios.com\/wp-content\/uploads\/2026\/05\/mujeres-depresion-posparto-150x150.png\" class=\"attachment-thumbnail size-thumbnail wp-post-image\" alt=\"\" style=\"\" \/><\/div><a class=\"wp-block-latest-posts__post-title\" href=\"https:\/\/www.alasmedios.com\/index.php\/2026\/05\/01\/1-de-cada-15-mujeres-sufre-depresion-posparto\/\">1 de cada 15 mujeres sufre depresi\u00f3n posparto<\/a><\/li>\n<li><div class=\"wp-block-latest-posts__featured-image\"><img loading=\"lazy\" decoding=\"async\" width=\"150\" height=\"150\" src=\"https:\/\/www.alasmedios.com\/wp-content\/uploads\/2026\/05\/USEP-calidad-hospitalaria-150x150.jpeg\" class=\"attachment-thumbnail size-thumbnail wp-post-image\" alt=\"\" style=\"\" \/><\/div><a class=\"wp-block-latest-posts__post-title\" href=\"https:\/\/www.alasmedios.com\/index.php\/2026\/05\/01\/usep-activa-formacion-para-prevenir-riesgos-en-la-atencion-medica\/\">USEP activa formaci\u00f3n para prevenir riesgos en la atenci\u00f3n m\u00e9dica<\/a><\/li>\n<\/ul>","protected":false},"excerpt":{"rendered":"<p>Lanzan&nbsp;convocatoria&nbsp;para&nbsp;nueva imagen&nbsp;del&nbsp;Tuzob\u00fas, atenci\u00f3n&nbsp;dise\u00f1adores&nbsp;de&nbsp;Hidalgo: esta es su oportunidad. La&nbsp;renovaci\u00f3n visual del Tuzob\u00fas&nbsp;abri\u00f3 sus puertas a la creatividad local. Dise\u00f1adoras, dise\u00f1adores,&nbsp;artistas visuales<\/p>\n","protected":false},"author":4,"featured_media":7350,"comment_status":"open","ping_status":"open","sticky":false,"template":"","format":"standard","meta":{"colormag_page_container_layout":"default_layout","colormag_page_sidebar_layout":"default_layout","rop_custom_images_group":[],"rop_custom_messages_group":[],"rop_publish_now":"initial","rop_publish_now_accounts":[],"rop_publish_now_history":[],"rop_publish_now_status":"pending","iawp_total_views":2,"footnotes":""},"categories":[41],"tags":[3215,1500,3216,599],"class_list":["post-7349","post","type-post","status-publish","format-standard","has-post-thumbnail","hentry","category-hidalgo","tag-artistas-visuales","tag-convocatoria","tag-ilustradores","tag-tuzobus"],"magazineBlocksPostFeaturedMedia":{"thumbnail":"https:\/\/www.alasmedios.com\/wp-content\/uploads\/2026\/01\/convocatoria-Tuzobus-disenadores-Hidalgo-150x150.png","medium":"https:\/\/www.alasmedios.com\/wp-content\/uploads\/2026\/01\/convocatoria-Tuzobus-disenadores-Hidalgo-300x182.png","medium_large":"https:\/\/www.alasmedios.com\/wp-content\/uploads\/2026\/01\/convocatoria-Tuzobus-disenadores-Hidalgo-768x466.png","large":"https:\/\/www.alasmedios.com\/wp-content\/uploads\/2026\/01\/convocatoria-Tuzobus-disenadores-Hidalgo-1024x622.png","1536x1536":"https:\/\/www.alasmedios.com\/wp-content\/uploads\/2026\/01\/convocatoria-Tuzobus-disenadores-Hidalgo-1536x932.png","2048x2048":"https:\/\/www.alasmedios.com\/wp-content\/uploads\/2026\/01\/convocatoria-Tuzobus-disenadores-Hidalgo.png","colormag-highlighted-post":"https:\/\/www.alasmedios.com\/wp-content\/uploads\/2026\/01\/convocatoria-Tuzobus-disenadores-Hidalgo-392x272.png","colormag-featured-post-medium":"https:\/\/www.alasmedios.com\/wp-content\/uploads\/2026\/01\/convocatoria-Tuzobus-disenadores-Hidalgo-390x205.png","colormag-featured-post-small":"https:\/\/www.alasmedios.com\/wp-content\/uploads\/2026\/01\/convocatoria-Tuzobus-disenadores-Hidalgo-130x90.png","colormag-featured-image":"https:\/\/www.alasmedios.com\/wp-content\/uploads\/2026\/01\/convocatoria-Tuzobus-disenadores-Hidalgo-800x445.png","colormag-default-news":"https:\/\/www.alasmedios.com\/wp-content\/uploads\/2026\/01\/convocatoria-Tuzobus-disenadores-Hidalgo-150x150.png","colormag-featured-image-large":"https:\/\/www.alasmedios.com\/wp-content\/uploads\/2026\/01\/convocatoria-Tuzobus-disenadores-Hidalgo-1400x600.png"},"magazineBlocksPostAuthor":{"name":"Keila Rodr\u00edguez Pe\u00f1a","avatar":"https:\/\/secure.gravatar.com\/avatar\/a2553a2bfaa601b9d539b617c8793e151bdffb60f9e48a249912f86d4c9ebeef?s=96&d=mm&r=g"},"magazineBlocksPostCommentsNumber":"0","magazineBlocksPostExcerpt":"Lanzan&nbsp;convocatoria&nbsp;para&nbsp;nueva imagen&nbsp;del&nbsp;Tuzob\u00fas, atenci\u00f3n&nbsp;dise\u00f1adores&nbsp;de&nbsp;Hidalgo: esta es su oportunidad. La&nbsp;renovaci\u00f3n visual del Tuzob\u00fas&nbsp;abri\u00f3 sus puertas a la creatividad local. Dise\u00f1adoras, dise\u00f1adores,&nbsp;artistas visuales","magazineBlocksPostCategories":["Hidalgo"],"magazineBlocksPostViewCount":96,"magazineBlocksPostReadTime":3,"magazine_blocks_featured_image_url":{"full":["https:\/\/www.alasmedios.com\/wp-content\/uploads\/2026\/01\/convocatoria-Tuzobus-disenadores-Hidalgo.png",2000,1214,false],"medium":["https:\/\/www.alasmedios.com\/wp-content\/uploads\/2026\/01\/convocatoria-Tuzobus-disenadores-Hidalgo-300x182.png",300,182,true],"thumbnail":["https:\/\/www.alasmedios.com\/wp-content\/uploads\/2026\/01\/convocatoria-Tuzobus-disenadores-Hidalgo-150x150.png",150,150,true]},"magazine_blocks_author":{"display_name":"Keila Rodr\u00edguez Pe\u00f1a","author_link":"https:\/\/www.alasmedios.com\/index.php\/author\/keila\/"},"magazine_blocks_comment":0,"magazine_blocks_author_image":"https:\/\/secure.gravatar.com\/avatar\/a2553a2bfaa601b9d539b617c8793e151bdffb60f9e48a249912f86d4c9ebeef?s=96&d=mm&r=g","magazine_blocks_category":"<a href=\"#\" class=\"category-link category-link-41\">Hidalgo<\/a>","yoast_head":"<!-- This site is optimized with the Yoast SEO plugin v27.5 - https:\/\/yoast.com\/product\/yoast-seo-wordpress\/ -->\r\n<title>El Tuzob\u00fas busca nueva imagen: convocan a artistas de Hidalgo - Alas Medios<\/title>\r\n<meta name=\"robots\" content=\"index, follow, max-snippet:-1, max-image-preview:large, max-video-preview:-1\" \/>\r\n<link rel=\"canonical\" href=\"https:\/\/www.alasmedios.com\/index.php\/2026\/01\/06\/el-tuzobus-busca-nueva-imagen-convocan-a-artistas-de-hidalgo\/\" \/>\r\n<meta property=\"og:locale\" content=\"es_MX\" \/>\r\n<meta property=\"og:type\" content=\"article\" \/>\r\n<meta property=\"og:title\" content=\"El Tuzob\u00fas busca nueva imagen: convocan a artistas de Hidalgo - Alas Medios\" \/>\r\n<meta property=\"og:description\" content=\"Lanzan&nbsp;convocatoria&nbsp;para&nbsp;nueva imagen&nbsp;del&nbsp;Tuzob\u00fas, atenci\u00f3n&nbsp;dise\u00f1adores&nbsp;de&nbsp;Hidalgo: esta es su oportunidad. La&nbsp;renovaci\u00f3n visual del Tuzob\u00fas&nbsp;abri\u00f3 sus puertas a la creatividad local. Dise\u00f1adoras, dise\u00f1adores,&nbsp;artistas visuales\" \/>\r\n<meta property=\"og:url\" content=\"https:\/\/www.alasmedios.com\/index.php\/2026\/01\/06\/el-tuzobus-busca-nueva-imagen-convocan-a-artistas-de-hidalgo\/\" \/>\r\n<meta property=\"og:site_name\" content=\"Alas Medios\" \/>\r\n<meta property=\"article:published_time\" content=\"2026-01-06T13:08:00+00:00\" \/>\r\n<meta property=\"og:image\" content=\"https:\/\/www.alasmedios.com\/wp-content\/uploads\/2026\/01\/convocatoria-Tuzobus-disenadores-Hidalgo.png\" \/>\r\n\t<meta property=\"og:image:width\" content=\"2000\" \/>\r\n\t<meta property=\"og:image:height\" content=\"1214\" \/>\r\n\t<meta property=\"og:image:type\" content=\"image\/png\" \/>\r\n<meta name=\"author\" content=\"Keila Rodr\u00edguez Pe\u00f1a\" \/>\r\n<meta name=\"twitter:card\" content=\"summary_large_image\" \/>\r\n<meta name=\"twitter:label1\" content=\"Escrito por\" \/>\n\t<meta name=\"twitter:data1\" content=\"Keila Rodr\u00edguez Pe\u00f1a\" \/>\n\t<meta name=\"twitter:label2\" content=\"Tiempo de lectura\" \/>\n\t<meta name=\"twitter:data2\" content=\"3 minutos\" \/>\r\n<script type=\"application\/ld+json\" class=\"yoast-schema-graph\">{\"@context\":\"https:\\\/\\\/schema.org\",\"@graph\":[{\"@type\":\"Article\",\"@id\":\"https:\\\/\\\/www.alasmedios.com\\\/index.php\\\/2026\\\/01\\\/06\\\/el-tuzobus-busca-nueva-imagen-convocan-a-artistas-de-hidalgo\\\/#article\",\"isPartOf\":{\"@id\":\"https:\\\/\\\/www.alasmedios.com\\\/index.php\\\/2026\\\/01\\\/06\\\/el-tuzobus-busca-nueva-imagen-convocan-a-artistas-de-hidalgo\\\/\"},\"author\":{\"name\":\"Keila Rodr\u00edguez Pe\u00f1a\",\"@id\":\"https:\\\/\\\/www.alasmedios.com\\\/#\\\/schema\\\/person\\\/0ba31bdd19a05ebf5c7fef1fedf99c34\"},\"headline\":\"El Tuzob\u00fas busca nueva imagen: convocan a artistas de Hidalgo\",\"datePublished\":\"2026-01-06T13:08:00+00:00\",\"mainEntityOfPage\":{\"@id\":\"https:\\\/\\\/www.alasmedios.com\\\/index.php\\\/2026\\\/01\\\/06\\\/el-tuzobus-busca-nueva-imagen-convocan-a-artistas-de-hidalgo\\\/\"},\"wordCount\":527,\"commentCount\":0,\"publisher\":{\"@id\":\"https:\\\/\\\/www.alasmedios.com\\\/#organization\"},\"image\":{\"@id\":\"https:\\\/\\\/www.alasmedios.com\\\/index.php\\\/2026\\\/01\\\/06\\\/el-tuzobus-busca-nueva-imagen-convocan-a-artistas-de-hidalgo\\\/#primaryimage\"},\"thumbnailUrl\":\"https:\\\/\\\/www.alasmedios.com\\\/wp-content\\\/uploads\\\/2026\\\/01\\\/convocatoria-Tuzobus-disenadores-Hidalgo.png\",\"keywords\":[\"artistas visuales\",\"convocatoria\",\"ilustradores\",\"Tuzob\u00fas\"],\"articleSection\":[\"Hidalgo\"],\"inLanguage\":\"es\",\"potentialAction\":[{\"@type\":\"CommentAction\",\"name\":\"Comment\",\"target\":[\"https:\\\/\\\/www.alasmedios.com\\\/index.php\\\/2026\\\/01\\\/06\\\/el-tuzobus-busca-nueva-imagen-convocan-a-artistas-de-hidalgo\\\/#respond\"]}]},{\"@type\":\"WebPage\",\"@id\":\"https:\\\/\\\/www.alasmedios.com\\\/index.php\\\/2026\\\/01\\\/06\\\/el-tuzobus-busca-nueva-imagen-convocan-a-artistas-de-hidalgo\\\/\",\"url\":\"https:\\\/\\\/www.alasmedios.com\\\/index.php\\\/2026\\\/01\\\/06\\\/el-tuzobus-busca-nueva-imagen-convocan-a-artistas-de-hidalgo\\\/\",\"name\":\"El Tuzob\u00fas busca nueva imagen: convocan a artistas de Hidalgo - Alas Medios\",\"isPartOf\":{\"@id\":\"https:\\\/\\\/www.alasmedios.com\\\/#website\"},\"primaryImageOfPage\":{\"@id\":\"https:\\\/\\\/www.alasmedios.com\\\/index.php\\\/2026\\\/01\\\/06\\\/el-tuzobus-busca-nueva-imagen-convocan-a-artistas-de-hidalgo\\\/#primaryimage\"},\"image\":{\"@id\":\"https:\\\/\\\/www.alasmedios.com\\\/index.php\\\/2026\\\/01\\\/06\\\/el-tuzobus-busca-nueva-imagen-convocan-a-artistas-de-hidalgo\\\/#primaryimage\"},\"thumbnailUrl\":\"https:\\\/\\\/www.alasmedios.com\\\/wp-content\\\/uploads\\\/2026\\\/01\\\/convocatoria-Tuzobus-disenadores-Hidalgo.png\",\"datePublished\":\"2026-01-06T13:08:00+00:00\",\"breadcrumb\":{\"@id\":\"https:\\\/\\\/www.alasmedios.com\\\/index.php\\\/2026\\\/01\\\/06\\\/el-tuzobus-busca-nueva-imagen-convocan-a-artistas-de-hidalgo\\\/#breadcrumb\"},\"inLanguage\":\"es\",\"potentialAction\":[{\"@type\":\"ReadAction\",\"target\":[\"https:\\\/\\\/www.alasmedios.com\\\/index.php\\\/2026\\\/01\\\/06\\\/el-tuzobus-busca-nueva-imagen-convocan-a-artistas-de-hidalgo\\\/\"]}]},{\"@type\":\"ImageObject\",\"inLanguage\":\"es\",\"@id\":\"https:\\\/\\\/www.alasmedios.com\\\/index.php\\\/2026\\\/01\\\/06\\\/el-tuzobus-busca-nueva-imagen-convocan-a-artistas-de-hidalgo\\\/#primaryimage\",\"url\":\"https:\\\/\\\/www.alasmedios.com\\\/wp-content\\\/uploads\\\/2026\\\/01\\\/convocatoria-Tuzobus-disenadores-Hidalgo.png\",\"contentUrl\":\"https:\\\/\\\/www.alasmedios.com\\\/wp-content\\\/uploads\\\/2026\\\/01\\\/convocatoria-Tuzobus-disenadores-Hidalgo.png\",\"width\":2000,\"height\":1214},{\"@type\":\"BreadcrumbList\",\"@id\":\"https:\\\/\\\/www.alasmedios.com\\\/index.php\\\/2026\\\/01\\\/06\\\/el-tuzobus-busca-nueva-imagen-convocan-a-artistas-de-hidalgo\\\/#breadcrumb\",\"itemListElement\":[{\"@type\":\"ListItem\",\"position\":1,\"name\":\"Inicio\",\"item\":\"https:\\\/\\\/www.alasmedios.com\\\/\"},{\"@type\":\"ListItem\",\"position\":2,\"name\":\"El Tuzob\u00fas busca nueva imagen: convocan a artistas de Hidalgo\"}]},{\"@type\":\"WebSite\",\"@id\":\"https:\\\/\\\/www.alasmedios.com\\\/#website\",\"url\":\"https:\\\/\\\/www.alasmedios.com\\\/\",\"name\":\"Alas Medios\",\"description\":\"Alas para pensar, Alas para volar, Alas de libertad\",\"publisher\":{\"@id\":\"https:\\\/\\\/www.alasmedios.com\\\/#organization\"},\"potentialAction\":[{\"@type\":\"SearchAction\",\"target\":{\"@type\":\"EntryPoint\",\"urlTemplate\":\"https:\\\/\\\/www.alasmedios.com\\\/?s={search_term_string}\"},\"query-input\":{\"@type\":\"PropertyValueSpecification\",\"valueRequired\":true,\"valueName\":\"search_term_string\"}}],\"inLanguage\":\"es\"},{\"@type\":\"Organization\",\"@id\":\"https:\\\/\\\/www.alasmedios.com\\\/#organization\",\"name\":\"Alas Medios\",\"url\":\"https:\\\/\\\/www.alasmedios.com\\\/\",\"logo\":{\"@type\":\"ImageObject\",\"inLanguage\":\"es\",\"@id\":\"https:\\\/\\\/www.alasmedios.com\\\/#\\\/schema\\\/logo\\\/image\\\/\",\"url\":\"https:\\\/\\\/www.alasmedios.com\\\/wp-content\\\/uploads\\\/2026\\\/01\\\/cropped-cropped-GAM-1.png\",\"contentUrl\":\"https:\\\/\\\/www.alasmedios.com\\\/wp-content\\\/uploads\\\/2026\\\/01\\\/cropped-cropped-GAM-1.png\",\"width\":467,\"height\":235,\"caption\":\"Alas Medios\"},\"image\":{\"@id\":\"https:\\\/\\\/www.alasmedios.com\\\/#\\\/schema\\\/logo\\\/image\\\/\"}},{\"@type\":\"Person\",\"@id\":\"https:\\\/\\\/www.alasmedios.com\\\/#\\\/schema\\\/person\\\/0ba31bdd19a05ebf5c7fef1fedf99c34\",\"name\":\"Keila Rodr\u00edguez Pe\u00f1a\",\"image\":{\"@type\":\"ImageObject\",\"inLanguage\":\"es\",\"@id\":\"https:\\\/\\\/secure.gravatar.com\\\/avatar\\\/a2553a2bfaa601b9d539b617c8793e151bdffb60f9e48a249912f86d4c9ebeef?s=96&d=mm&r=g\",\"url\":\"https:\\\/\\\/secure.gravatar.com\\\/avatar\\\/a2553a2bfaa601b9d539b617c8793e151bdffb60f9e48a249912f86d4c9ebeef?s=96&d=mm&r=g\",\"contentUrl\":\"https:\\\/\\\/secure.gravatar.com\\\/avatar\\\/a2553a2bfaa601b9d539b617c8793e151bdffb60f9e48a249912f86d4c9ebeef?s=96&d=mm&r=g\",\"caption\":\"Keila Rodr\u00edguez Pe\u00f1a\"},\"sameAs\":[\"http:\\\/\\\/www.alasmedios.com\"],\"url\":\"https:\\\/\\\/www.alasmedios.com\\\/index.php\\\/author\\\/keila\\\/\"}]}<\/script>\r\n<!-- \/ Yoast SEO plugin. -->","yoast_head_json":{"title":"El Tuzob\u00fas busca nueva imagen: convocan a artistas de Hidalgo - Alas Medios","robots":{"index":"index","follow":"follow","max-snippet":"max-snippet:-1","max-image-preview":"max-image-preview:large","max-video-preview":"max-video-preview:-1"},"canonical":"https:\/\/www.alasmedios.com\/index.php\/2026\/01\/06\/el-tuzobus-busca-nueva-imagen-convocan-a-artistas-de-hidalgo\/","og_locale":"es_MX","og_type":"article","og_title":"El Tuzob\u00fas busca nueva imagen: convocan a artistas de Hidalgo - Alas Medios","og_description":"Lanzan&nbsp;convocatoria&nbsp;para&nbsp;nueva imagen&nbsp;del&nbsp;Tuzob\u00fas, atenci\u00f3n&nbsp;dise\u00f1adores&nbsp;de&nbsp;Hidalgo: esta es su oportunidad. La&nbsp;renovaci\u00f3n visual del Tuzob\u00fas&nbsp;abri\u00f3 sus puertas a la creatividad local. Dise\u00f1adoras, dise\u00f1adores,&nbsp;artistas visuales","og_url":"https:\/\/www.alasmedios.com\/index.php\/2026\/01\/06\/el-tuzobus-busca-nueva-imagen-convocan-a-artistas-de-hidalgo\/","og_site_name":"Alas Medios","article_published_time":"2026-01-06T13:08:00+00:00","og_image":[{"width":2000,"height":1214,"url":"https:\/\/www.alasmedios.com\/wp-content\/uploads\/2026\/01\/convocatoria-Tuzobus-disenadores-Hidalgo.png","type":"image\/png"}],"author":"Keila Rodr\u00edguez Pe\u00f1a","twitter_card":"summary_large_image","twitter_misc":{"Escrito por":"Keila Rodr\u00edguez Pe\u00f1a","Tiempo de lectura":"3 minutos"},"schema":{"@context":"https:\/\/schema.org","@graph":[{"@type":"Article","@id":"https:\/\/www.alasmedios.com\/index.php\/2026\/01\/06\/el-tuzobus-busca-nueva-imagen-convocan-a-artistas-de-hidalgo\/#article","isPartOf":{"@id":"https:\/\/www.alasmedios.com\/index.php\/2026\/01\/06\/el-tuzobus-busca-nueva-imagen-convocan-a-artistas-de-hidalgo\/"},"author":{"name":"Keila Rodr\u00edguez Pe\u00f1a","@id":"https:\/\/www.alasmedios.com\/#\/schema\/person\/0ba31bdd19a05ebf5c7fef1fedf99c34"},"headline":"El Tuzob\u00fas busca nueva imagen: convocan a artistas de Hidalgo","datePublished":"2026-01-06T13:08:00+00:00","mainEntityOfPage":{"@id":"https:\/\/www.alasmedios.com\/index.php\/2026\/01\/06\/el-tuzobus-busca-nueva-imagen-convocan-a-artistas-de-hidalgo\/"},"wordCount":527,"commentCount":0,"publisher":{"@id":"https:\/\/www.alasmedios.com\/#organization"},"image":{"@id":"https:\/\/www.alasmedios.com\/index.php\/2026\/01\/06\/el-tuzobus-busca-nueva-imagen-convocan-a-artistas-de-hidalgo\/#primaryimage"},"thumbnailUrl":"https:\/\/www.alasmedios.com\/wp-content\/uploads\/2026\/01\/convocatoria-Tuzobus-disenadores-Hidalgo.png","keywords":["artistas visuales","convocatoria","ilustradores","Tuzob\u00fas"],"articleSection":["Hidalgo"],"inLanguage":"es","potentialAction":[{"@type":"CommentAction","name":"Comment","target":["https:\/\/www.alasmedios.com\/index.php\/2026\/01\/06\/el-tuzobus-busca-nueva-imagen-convocan-a-artistas-de-hidalgo\/#respond"]}]},{"@type":"WebPage","@id":"https:\/\/www.alasmedios.com\/index.php\/2026\/01\/06\/el-tuzobus-busca-nueva-imagen-convocan-a-artistas-de-hidalgo\/","url":"https:\/\/www.alasmedios.com\/index.php\/2026\/01\/06\/el-tuzobus-busca-nueva-imagen-convocan-a-artistas-de-hidalgo\/","name":"El Tuzob\u00fas busca nueva imagen: convocan a artistas de Hidalgo - Alas Medios","isPartOf":{"@id":"https:\/\/www.alasmedios.com\/#website"},"primaryImageOfPage":{"@id":"https:\/\/www.alasmedios.com\/index.php\/2026\/01\/06\/el-tuzobus-busca-nueva-imagen-convocan-a-artistas-de-hidalgo\/#primaryimage"},"image":{"@id":"https:\/\/www.alasmedios.com\/index.php\/2026\/01\/06\/el-tuzobus-busca-nueva-imagen-convocan-a-artistas-de-hidalgo\/#primaryimage"},"thumbnailUrl":"https:\/\/www.alasmedios.com\/wp-content\/uploads\/2026\/01\/convocatoria-Tuzobus-disenadores-Hidalgo.png","datePublished":"2026-01-06T13:08:00+00:00","breadcrumb":{"@id":"https:\/\/www.alasmedios.com\/index.php\/2026\/01\/06\/el-tuzobus-busca-nueva-imagen-convocan-a-artistas-de-hidalgo\/#breadcrumb"},"inLanguage":"es","potentialAction":[{"@type":"ReadAction","target":["https:\/\/www.alasmedios.com\/index.php\/2026\/01\/06\/el-tuzobus-busca-nueva-imagen-convocan-a-artistas-de-hidalgo\/"]}]},{"@type":"ImageObject","inLanguage":"es","@id":"https:\/\/www.alasmedios.com\/index.php\/2026\/01\/06\/el-tuzobus-busca-nueva-imagen-convocan-a-artistas-de-hidalgo\/#primaryimage","url":"https:\/\/www.alasmedios.com\/wp-content\/uploads\/2026\/01\/convocatoria-Tuzobus-disenadores-Hidalgo.png","contentUrl":"https:\/\/www.alasmedios.com\/wp-content\/uploads\/2026\/01\/convocatoria-Tuzobus-disenadores-Hidalgo.png","width":2000,"height":1214},{"@type":"BreadcrumbList","@id":"https:\/\/www.alasmedios.com\/index.php\/2026\/01\/06\/el-tuzobus-busca-nueva-imagen-convocan-a-artistas-de-hidalgo\/#breadcrumb","itemListElement":[{"@type":"ListItem","position":1,"name":"Inicio","item":"https:\/\/www.alasmedios.com\/"},{"@type":"ListItem","position":2,"name":"El Tuzob\u00fas busca nueva imagen: convocan a artistas de Hidalgo"}]},{"@type":"WebSite","@id":"https:\/\/www.alasmedios.com\/#website","url":"https:\/\/www.alasmedios.com\/","name":"Alas Medios","description":"Alas para pensar, Alas para volar, Alas de libertad","publisher":{"@id":"https:\/\/www.alasmedios.com\/#organization"},"potentialAction":[{"@type":"SearchAction","target":{"@type":"EntryPoint","urlTemplate":"https:\/\/www.alasmedios.com\/?s={search_term_string}"},"query-input":{"@type":"PropertyValueSpecification","valueRequired":true,"valueName":"search_term_string"}}],"inLanguage":"es"},{"@type":"Organization","@id":"https:\/\/www.alasmedios.com\/#organization","name":"Alas Medios","url":"https:\/\/www.alasmedios.com\/","logo":{"@type":"ImageObject","inLanguage":"es","@id":"https:\/\/www.alasmedios.com\/#\/schema\/logo\/image\/","url":"https:\/\/www.alasmedios.com\/wp-content\/uploads\/2026\/01\/cropped-cropped-GAM-1.png","contentUrl":"https:\/\/www.alasmedios.com\/wp-content\/uploads\/2026\/01\/cropped-cropped-GAM-1.png","width":467,"height":235,"caption":"Alas Medios"},"image":{"@id":"https:\/\/www.alasmedios.com\/#\/schema\/logo\/image\/"}},{"@type":"Person","@id":"https:\/\/www.alasmedios.com\/#\/schema\/person\/0ba31bdd19a05ebf5c7fef1fedf99c34","name":"Keila Rodr\u00edguez Pe\u00f1a","image":{"@type":"ImageObject","inLanguage":"es","@id":"https:\/\/secure.gravatar.com\/avatar\/a2553a2bfaa601b9d539b617c8793e151bdffb60f9e48a249912f86d4c9ebeef?s=96&d=mm&r=g","url":"https:\/\/secure.gravatar.com\/avatar\/a2553a2bfaa601b9d539b617c8793e151bdffb60f9e48a249912f86d4c9ebeef?s=96&d=mm&r=g","contentUrl":"https:\/\/secure.gravatar.com\/avatar\/a2553a2bfaa601b9d539b617c8793e151bdffb60f9e48a249912f86d4c9ebeef?s=96&d=mm&r=g","caption":"Keila Rodr\u00edguez Pe\u00f1a"},"sameAs":["http:\/\/www.alasmedios.com"],"url":"https:\/\/www.alasmedios.com\/index.php\/author\/keila\/"}]}},"_links":{"self":[{"href":"https:\/\/www.alasmedios.com\/index.php\/wp-json\/wp\/v2\/posts\/7349","targetHints":{"allow":["GET"]}}],"collection":[{"href":"https:\/\/www.alasmedios.com\/index.php\/wp-json\/wp\/v2\/posts"}],"about":[{"href":"https:\/\/www.alasmedios.com\/index.php\/wp-json\/wp\/v2\/types\/post"}],"author":[{"embeddable":true,"href":"https:\/\/www.alasmedios.com\/index.php\/wp-json\/wp\/v2\/users\/4"}],"replies":[{"embeddable":true,"href":"https:\/\/www.alasmedios.com\/index.php\/wp-json\/wp\/v2\/comments?post=7349"}],"version-history":[{"count":1,"href":"https:\/\/www.alasmedios.com\/index.php\/wp-json\/wp\/v2\/posts\/7349\/revisions"}],"predecessor-version":[{"id":7351,"href":"https:\/\/www.alasmedios.com\/index.php\/wp-json\/wp\/v2\/posts\/7349\/revisions\/7351"}],"wp:featuredmedia":[{"embeddable":true,"href":"https:\/\/www.alasmedios.com\/index.php\/wp-json\/wp\/v2\/media\/7350"}],"wp:attachment":[{"href":"https:\/\/www.alasmedios.com\/index.php\/wp-json\/wp\/v2\/media?parent=7349"}],"wp:term":[{"taxonomy":"category","embeddable":true,"href":"https:\/\/www.alasmedios.com\/index.php\/wp-json\/wp\/v2\/categories?post=7349"},{"taxonomy":"post_tag","embeddable":true,"href":"https:\/\/www.alasmedios.com\/index.php\/wp-json\/wp\/v2\/tags?post=7349"}],"curies":[{"name":"wp","href":"https:\/\/api.w.org\/{rel}","templated":true}]}}