{"id":7345,"date":"2026-01-05T13:01:40","date_gmt":"2026-01-05T19:01:40","guid":{"rendered":"https:\/\/www.alasmedios.com\/?p=7345"},"modified":"2026-01-05T13:03:07","modified_gmt":"2026-01-05T19:03:07","slug":"refrendo-vehicular-2026-en-hidalgo-pagar-a-tiempo-reduce-costos","status":"publish","type":"post","link":"https:\/\/www.alasmedios.com\/index.php\/2026\/01\/05\/refrendo-vehicular-2026-en-hidalgo-pagar-a-tiempo-reduce-costos\/","title":{"rendered":"Refrendo vehicular 2026 en Hidalgo: pagar a tiempo reduce costos"},"content":{"rendered":"\n<p>Con el inicio de a\u00f1o los&nbsp;<strong>impuestos&nbsp;<\/strong>no esperan, aqu\u00ed te decimos lo que necesitas saber del&nbsp;<strong>refrendo vehicular 2026&nbsp;<\/strong>en&nbsp;<strong>Hidalgo<\/strong>.<\/p>\n\n\n\n<p>Del&nbsp;<strong>2 de enero al 30 de junio<\/strong>, quienes circulan en&nbsp;<strong>Hidalgo<\/strong>&nbsp;pueden cubrir su&nbsp;<strong>matr\u00edcula vehicular 2026<\/strong>&nbsp;con&nbsp;<strong>tarifas preferenciales<\/strong>&nbsp;si est\u00e1n al corriente. El esquema, conocido como&nbsp;<strong><em>\u201cRefrendo Vehicular 2026: Circula Seguro\u201d<\/em><\/strong>, ajusta montos seg\u00fan tipo de veh\u00edculo y verificaci\u00f3n, y a\u00f1ade&nbsp;<strong>incentivos<\/strong>&nbsp;que buscan aliviar el gasto anual.<\/p>\n\n\n\n<p>Las&nbsp;<strong>tarifas 2026<\/strong>&nbsp;quedan as\u00ed:<\/p>\n\n\n\n<ul class=\"wp-block-list\">\n<li><strong>Autom\u00f3viles particulares<\/strong>:\u00a0<strong>$1,050<\/strong>\u00a0con\u00a0<strong>verificaci\u00f3n del primer semestre<\/strong>\u00a0y\u00a0<strong>$1,177<\/strong>\u00a0sin ella.<\/li>\n\n\n\n<li><strong>Transporte p\u00fablico<\/strong>:\u00a0<strong>$1,350<\/strong>\u00a0con verificaci\u00f3n y\u00a0<strong>$1,471<\/strong>\u00a0sin verificaci\u00f3n.<\/li>\n\n\n\n<li><strong>Placas para personas con discapacidad<\/strong>:\u00a0<strong>$588<\/strong>.<\/li>\n\n\n\n<li><strong>Motocicletas y remolques<\/strong>:\u00a0<strong>$821<\/strong>.<\/li>\n<\/ul>\n\n\n\n<p>CONTIN\u00daA LEYENDO: <a href=\"https:\/\/www.alasmedios.com\/index.php\/2026\/01\/05\/mujeres-con-alas-margarita-maza-parada\/\" data-type=\"post\" data-id=\"7342\">Mujeres con Alas: Margarita Maza Parada<\/a><\/p>\n\n\n\n<p>Adem\u00e1s del costo preferencial, el refrendo incluye&nbsp;<strong>Seguro de Responsabilidad Civil<\/strong>&nbsp;por&nbsp;<strong>$150,000 pesos<\/strong>&nbsp;para&nbsp;<strong>da\u00f1os a terceros<\/strong>, as\u00ed como&nbsp;<strong>indemnizaci\u00f3n por muerte accidental del conductor<\/strong>&nbsp;por&nbsp;<strong>$50,000 pesos<\/strong>, un respaldo que impacta directamente en la&nbsp;<strong>seguridad de los veh\u00edculos en circulaci\u00f3n<\/strong>.<\/p>\n\n\n\n<p>El programa tambi\u00e9n contempla&nbsp;<strong>beneficios adicionales<\/strong>&nbsp;para quienes cumplen en tiempo y forma:&nbsp;<strong>10% de descuento<\/strong>&nbsp;en el&nbsp;<strong>anticipo anual de la factura de CAASIM<\/strong>, al&nbsp;<strong>tramitar o renovar la licencia de conducir<\/strong>&nbsp;y al&nbsp;<strong>solicitar una copia certificada del acta de nacimiento<\/strong>.<\/p>\n\n\n\n<p>Para realizar el tr\u00e1mite se requiere&nbsp;<strong>ingresar el n\u00famero de placa y los \u00faltimos cinco d\u00edgitos del n\u00famero de serie<\/strong>, siguiendo las&nbsp;<strong>Instrucciones de Operaci\u00f3n 2026<\/strong>&nbsp;y efectuando el pago&nbsp;<strong>en&nbsp;<a href=\"https:\/\/portaltributario.hidalgo.gob.mx\/\">sitios oficiales<\/a><\/strong>. El objetivo:&nbsp;<strong>pagar a tiempo<\/strong>&nbsp;para&nbsp;<strong>recompensar<\/strong>&nbsp;al contribuyente cumplido y mantener la&nbsp;<strong>regularidad vehicular<\/strong>&nbsp;durante 2026.<\/p>\n\n\n<ul class=\"wp-block-latest-posts__list is-grid columns-3 wp-block-latest-posts\"><li><div class=\"wp-block-latest-posts__featured-image\"><img loading=\"lazy\" decoding=\"async\" width=\"150\" height=\"150\" src=\"https:\/\/www.alasmedios.com\/wp-content\/uploads\/2026\/05\/Super-Final-de-la-Copa-del-Mundo-de-Clavados-2026-150x150.jpeg\" class=\"attachment-thumbnail size-thumbnail wp-post-image\" alt=\"\" style=\"\" \/><\/div><a class=\"wp-block-latest-posts__post-title\" href=\"https:\/\/www.alasmedios.com\/index.php\/2026\/05\/01\/mexico-se-lanza-por-la-cima-once-clavadistas-buscan-la-gloria-mundial-en-pekin-2026\/\">M\u00e9xico se lanza por la cima: once clavadistas buscan la gloria mundial en Pek\u00edn 2026<\/a><\/li>\n<li><div class=\"wp-block-latest-posts__featured-image\"><img loading=\"lazy\" decoding=\"async\" width=\"150\" height=\"150\" src=\"https:\/\/www.alasmedios.com\/wp-content\/uploads\/2026\/04\/Puebla-el-Congreso-aprobo-el-Protocolo-Homologado-de-Investigacion-de-Delitos-contra-Personas-LGBTTTI-150x150.png\" class=\"attachment-thumbnail size-thumbnail wp-post-image\" alt=\"\" style=\"\" \/><\/div><a class=\"wp-block-latest-posts__post-title\" href=\"https:\/\/www.alasmedios.com\/index.php\/2026\/04\/30\/puebla-impulsa-protocolo-contra-delitos-lgbttti\/\">Puebla impulsa protocolo contra delitos LGBTTTI+<\/a><\/li>\n<li><div class=\"wp-block-latest-posts__featured-image\"><img loading=\"lazy\" decoding=\"async\" width=\"150\" height=\"150\" src=\"https:\/\/www.alasmedios.com\/wp-content\/uploads\/2026\/04\/PEC-Parque-Ecologico-Cubitos-150x150.jpg\" class=\"attachment-thumbnail size-thumbnail wp-post-image\" alt=\"\" style=\"\" \/><\/div><a class=\"wp-block-latest-posts__post-title\" href=\"https:\/\/www.alasmedios.com\/index.php\/2026\/04\/30\/naturaleza-viva-en-pachuca-cubitos-conmemora-a-los-jardines-botanicos\/\">Naturaleza viva en Pachuca: Cubitos conmemora a los jardines bot\u00e1nicos<\/a><\/li>\n<\/ul>","protected":false},"excerpt":{"rendered":"<p>Con el inicio de a\u00f1o los&nbsp;impuestos&nbsp;no esperan, aqu\u00ed te decimos lo que necesitas saber del&nbsp;refrendo vehicular 2026&nbsp;en&nbsp;Hidalgo. Del&nbsp;2 de enero<\/p>\n","protected":false},"author":4,"featured_media":7346,"comment_status":"open","ping_status":"open","sticky":false,"template":"","format":"standard","meta":{"colormag_page_container_layout":"default_layout","colormag_page_sidebar_layout":"default_layout","rop_custom_images_group":[],"rop_custom_messages_group":[],"rop_publish_now":"initial","rop_publish_now_accounts":[],"rop_publish_now_history":[],"rop_publish_now_status":"pending","iawp_total_views":0,"footnotes":""},"categories":[41],"tags":[545,3214,99,2904,3213],"class_list":["post-7345","post","type-post","status-publish","format-standard","has-post-thumbnail","hentry","category-hidalgo","tag-caasim","tag-descuento","tag-hidalgo","tag-impuestos","tag-refrendo-vehicular"],"magazineBlocksPostFeaturedMedia":{"thumbnail":"https:\/\/www.alasmedios.com\/wp-content\/uploads\/2026\/01\/refrendo-vehicular-2026-Hidalgo-150x150.jpg","medium":"https:\/\/www.alasmedios.com\/wp-content\/uploads\/2026\/01\/refrendo-vehicular-2026-Hidalgo-300x206.jpg","medium_large":"https:\/\/www.alasmedios.com\/wp-content\/uploads\/2026\/01\/refrendo-vehicular-2026-Hidalgo-768x527.jpg","large":"https:\/\/www.alasmedios.com\/wp-content\/uploads\/2026\/01\/refrendo-vehicular-2026-Hidalgo-1024x703.jpg","1536x1536":"https:\/\/www.alasmedios.com\/wp-content\/uploads\/2026\/01\/refrendo-vehicular-2026-Hidalgo-1536x1054.jpg","2048x2048":"https:\/\/www.alasmedios.com\/wp-content\/uploads\/2026\/01\/refrendo-vehicular-2026-Hidalgo.jpg","colormag-highlighted-post":"https:\/\/www.alasmedios.com\/wp-content\/uploads\/2026\/01\/refrendo-vehicular-2026-Hidalgo-392x272.jpg","colormag-featured-post-medium":"https:\/\/www.alasmedios.com\/wp-content\/uploads\/2026\/01\/refrendo-vehicular-2026-Hidalgo-390x205.jpg","colormag-featured-post-small":"https:\/\/www.alasmedios.com\/wp-content\/uploads\/2026\/01\/refrendo-vehicular-2026-Hidalgo-130x90.jpg","colormag-featured-image":"https:\/\/www.alasmedios.com\/wp-content\/uploads\/2026\/01\/refrendo-vehicular-2026-Hidalgo-800x445.jpg","colormag-default-news":"https:\/\/www.alasmedios.com\/wp-content\/uploads\/2026\/01\/refrendo-vehicular-2026-Hidalgo-150x150.jpg","colormag-featured-image-large":"https:\/\/www.alasmedios.com\/wp-content\/uploads\/2026\/01\/refrendo-vehicular-2026-Hidalgo-1400x600.jpg"},"magazineBlocksPostAuthor":{"name":"Keila Rodr\u00edguez Pe\u00f1a","avatar":"https:\/\/secure.gravatar.com\/avatar\/a2553a2bfaa601b9d539b617c8793e151bdffb60f9e48a249912f86d4c9ebeef?s=96&d=mm&r=g"},"magazineBlocksPostCommentsNumber":"0","magazineBlocksPostExcerpt":"Con el inicio de a\u00f1o los&nbsp;impuestos&nbsp;no esperan, aqu\u00ed te decimos lo que necesitas saber del&nbsp;refrendo vehicular 2026&nbsp;en&nbsp;Hidalgo. Del&nbsp;2 de enero","magazineBlocksPostCategories":["Hidalgo"],"magazineBlocksPostViewCount":90,"magazineBlocksPostReadTime":2,"magazine_blocks_featured_image_url":{"full":["https:\/\/www.alasmedios.com\/wp-content\/uploads\/2026\/01\/refrendo-vehicular-2026-Hidalgo.jpg",1600,1098,false],"medium":["https:\/\/www.alasmedios.com\/wp-content\/uploads\/2026\/01\/refrendo-vehicular-2026-Hidalgo-300x206.jpg",300,206,true],"thumbnail":["https:\/\/www.alasmedios.com\/wp-content\/uploads\/2026\/01\/refrendo-vehicular-2026-Hidalgo-150x150.jpg",150,150,true]},"magazine_blocks_author":{"display_name":"Keila Rodr\u00edguez Pe\u00f1a","author_link":"https:\/\/www.alasmedios.com\/index.php\/author\/keila\/"},"magazine_blocks_comment":0,"magazine_blocks_author_image":"https:\/\/secure.gravatar.com\/avatar\/a2553a2bfaa601b9d539b617c8793e151bdffb60f9e48a249912f86d4c9ebeef?s=96&d=mm&r=g","magazine_blocks_category":"<a href=\"#\" class=\"category-link category-link-41\">Hidalgo<\/a>","yoast_head":"<!-- This site is optimized with the Yoast SEO plugin v27.5 - https:\/\/yoast.com\/product\/yoast-seo-wordpress\/ -->\r\n<title>Refrendo vehicular 2026 en Hidalgo: pagar a tiempo reduce costos - Alas Medios<\/title>\r\n<meta name=\"robots\" content=\"index, follow, max-snippet:-1, max-image-preview:large, max-video-preview:-1\" \/>\r\n<link rel=\"canonical\" href=\"https:\/\/www.alasmedios.com\/index.php\/2026\/01\/05\/refrendo-vehicular-2026-en-hidalgo-pagar-a-tiempo-reduce-costos\/\" \/>\r\n<meta property=\"og:locale\" content=\"es_MX\" \/>\r\n<meta property=\"og:type\" content=\"article\" \/>\r\n<meta property=\"og:title\" content=\"Refrendo vehicular 2026 en Hidalgo: pagar a tiempo reduce costos - Alas Medios\" \/>\r\n<meta property=\"og:description\" content=\"Con el inicio de a\u00f1o los&nbsp;impuestos&nbsp;no esperan, aqu\u00ed te decimos lo que necesitas saber del&nbsp;refrendo vehicular 2026&nbsp;en&nbsp;Hidalgo. Del&nbsp;2 de enero\" \/>\r\n<meta property=\"og:url\" content=\"https:\/\/www.alasmedios.com\/index.php\/2026\/01\/05\/refrendo-vehicular-2026-en-hidalgo-pagar-a-tiempo-reduce-costos\/\" \/>\r\n<meta property=\"og:site_name\" content=\"Alas Medios\" \/>\r\n<meta property=\"article:published_time\" content=\"2026-01-05T19:01:40+00:00\" \/>\r\n<meta property=\"article:modified_time\" content=\"2026-01-05T19:03:07+00:00\" \/>\r\n<meta property=\"og:image\" content=\"https:\/\/www.alasmedios.com\/wp-content\/uploads\/2026\/01\/refrendo-vehicular-2026-Hidalgo.jpg\" \/>\r\n\t<meta property=\"og:image:width\" content=\"1600\" \/>\r\n\t<meta property=\"og:image:height\" content=\"1098\" \/>\r\n\t<meta property=\"og:image:type\" content=\"image\/jpeg\" \/>\r\n<meta name=\"author\" content=\"Keila Rodr\u00edguez Pe\u00f1a\" \/>\r\n<meta name=\"twitter:card\" content=\"summary_large_image\" \/>\r\n<meta name=\"twitter:label1\" content=\"Escrito por\" \/>\n\t<meta name=\"twitter:data1\" content=\"Keila Rodr\u00edguez Pe\u00f1a\" \/>\n\t<meta name=\"twitter:label2\" content=\"Tiempo de lectura\" \/>\n\t<meta name=\"twitter:data2\" content=\"2 minutos\" \/>\r\n<script type=\"application\/ld+json\" class=\"yoast-schema-graph\">{\"@context\":\"https:\\\/\\\/schema.org\",\"@graph\":[{\"@type\":\"Article\",\"@id\":\"https:\\\/\\\/www.alasmedios.com\\\/index.php\\\/2026\\\/01\\\/05\\\/refrendo-vehicular-2026-en-hidalgo-pagar-a-tiempo-reduce-costos\\\/#article\",\"isPartOf\":{\"@id\":\"https:\\\/\\\/www.alasmedios.com\\\/index.php\\\/2026\\\/01\\\/05\\\/refrendo-vehicular-2026-en-hidalgo-pagar-a-tiempo-reduce-costos\\\/\"},\"author\":{\"name\":\"Keila Rodr\u00edguez Pe\u00f1a\",\"@id\":\"https:\\\/\\\/www.alasmedios.com\\\/#\\\/schema\\\/person\\\/0ba31bdd19a05ebf5c7fef1fedf99c34\"},\"headline\":\"Refrendo vehicular 2026 en Hidalgo: pagar a tiempo reduce costos\",\"datePublished\":\"2026-01-05T19:01:40+00:00\",\"dateModified\":\"2026-01-05T19:03:07+00:00\",\"mainEntityOfPage\":{\"@id\":\"https:\\\/\\\/www.alasmedios.com\\\/index.php\\\/2026\\\/01\\\/05\\\/refrendo-vehicular-2026-en-hidalgo-pagar-a-tiempo-reduce-costos\\\/\"},\"wordCount\":313,\"commentCount\":0,\"publisher\":{\"@id\":\"https:\\\/\\\/www.alasmedios.com\\\/#organization\"},\"image\":{\"@id\":\"https:\\\/\\\/www.alasmedios.com\\\/index.php\\\/2026\\\/01\\\/05\\\/refrendo-vehicular-2026-en-hidalgo-pagar-a-tiempo-reduce-costos\\\/#primaryimage\"},\"thumbnailUrl\":\"https:\\\/\\\/www.alasmedios.com\\\/wp-content\\\/uploads\\\/2026\\\/01\\\/refrendo-vehicular-2026-Hidalgo.jpg\",\"keywords\":[\"Caasim\",\"descuento\",\"Hidalgo\",\"impuestos\",\"refrendo vehicular\"],\"articleSection\":[\"Hidalgo\"],\"inLanguage\":\"es\",\"potentialAction\":[{\"@type\":\"CommentAction\",\"name\":\"Comment\",\"target\":[\"https:\\\/\\\/www.alasmedios.com\\\/index.php\\\/2026\\\/01\\\/05\\\/refrendo-vehicular-2026-en-hidalgo-pagar-a-tiempo-reduce-costos\\\/#respond\"]}]},{\"@type\":\"WebPage\",\"@id\":\"https:\\\/\\\/www.alasmedios.com\\\/index.php\\\/2026\\\/01\\\/05\\\/refrendo-vehicular-2026-en-hidalgo-pagar-a-tiempo-reduce-costos\\\/\",\"url\":\"https:\\\/\\\/www.alasmedios.com\\\/index.php\\\/2026\\\/01\\\/05\\\/refrendo-vehicular-2026-en-hidalgo-pagar-a-tiempo-reduce-costos\\\/\",\"name\":\"Refrendo vehicular 2026 en Hidalgo: pagar a tiempo reduce costos - Alas Medios\",\"isPartOf\":{\"@id\":\"https:\\\/\\\/www.alasmedios.com\\\/#website\"},\"primaryImageOfPage\":{\"@id\":\"https:\\\/\\\/www.alasmedios.com\\\/index.php\\\/2026\\\/01\\\/05\\\/refrendo-vehicular-2026-en-hidalgo-pagar-a-tiempo-reduce-costos\\\/#primaryimage\"},\"image\":{\"@id\":\"https:\\\/\\\/www.alasmedios.com\\\/index.php\\\/2026\\\/01\\\/05\\\/refrendo-vehicular-2026-en-hidalgo-pagar-a-tiempo-reduce-costos\\\/#primaryimage\"},\"thumbnailUrl\":\"https:\\\/\\\/www.alasmedios.com\\\/wp-content\\\/uploads\\\/2026\\\/01\\\/refrendo-vehicular-2026-Hidalgo.jpg\",\"datePublished\":\"2026-01-05T19:01:40+00:00\",\"dateModified\":\"2026-01-05T19:03:07+00:00\",\"breadcrumb\":{\"@id\":\"https:\\\/\\\/www.alasmedios.com\\\/index.php\\\/2026\\\/01\\\/05\\\/refrendo-vehicular-2026-en-hidalgo-pagar-a-tiempo-reduce-costos\\\/#breadcrumb\"},\"inLanguage\":\"es\",\"potentialAction\":[{\"@type\":\"ReadAction\",\"target\":[\"https:\\\/\\\/www.alasmedios.com\\\/index.php\\\/2026\\\/01\\\/05\\\/refrendo-vehicular-2026-en-hidalgo-pagar-a-tiempo-reduce-costos\\\/\"]}]},{\"@type\":\"ImageObject\",\"inLanguage\":\"es\",\"@id\":\"https:\\\/\\\/www.alasmedios.com\\\/index.php\\\/2026\\\/01\\\/05\\\/refrendo-vehicular-2026-en-hidalgo-pagar-a-tiempo-reduce-costos\\\/#primaryimage\",\"url\":\"https:\\\/\\\/www.alasmedios.com\\\/wp-content\\\/uploads\\\/2026\\\/01\\\/refrendo-vehicular-2026-Hidalgo.jpg\",\"contentUrl\":\"https:\\\/\\\/www.alasmedios.com\\\/wp-content\\\/uploads\\\/2026\\\/01\\\/refrendo-vehicular-2026-Hidalgo.jpg\",\"width\":1600,\"height\":1098},{\"@type\":\"BreadcrumbList\",\"@id\":\"https:\\\/\\\/www.alasmedios.com\\\/index.php\\\/2026\\\/01\\\/05\\\/refrendo-vehicular-2026-en-hidalgo-pagar-a-tiempo-reduce-costos\\\/#breadcrumb\",\"itemListElement\":[{\"@type\":\"ListItem\",\"position\":1,\"name\":\"Inicio\",\"item\":\"https:\\\/\\\/www.alasmedios.com\\\/\"},{\"@type\":\"ListItem\",\"position\":2,\"name\":\"Refrendo vehicular 2026 en Hidalgo: pagar a tiempo reduce costos\"}]},{\"@type\":\"WebSite\",\"@id\":\"https:\\\/\\\/www.alasmedios.com\\\/#website\",\"url\":\"https:\\\/\\\/www.alasmedios.com\\\/\",\"name\":\"Alas Medios\",\"description\":\"Alas para pensar, Alas para volar, Alas de libertad\",\"publisher\":{\"@id\":\"https:\\\/\\\/www.alasmedios.com\\\/#organization\"},\"potentialAction\":[{\"@type\":\"SearchAction\",\"target\":{\"@type\":\"EntryPoint\",\"urlTemplate\":\"https:\\\/\\\/www.alasmedios.com\\\/?s={search_term_string}\"},\"query-input\":{\"@type\":\"PropertyValueSpecification\",\"valueRequired\":true,\"valueName\":\"search_term_string\"}}],\"inLanguage\":\"es\"},{\"@type\":\"Organization\",\"@id\":\"https:\\\/\\\/www.alasmedios.com\\\/#organization\",\"name\":\"Alas Medios\",\"url\":\"https:\\\/\\\/www.alasmedios.com\\\/\",\"logo\":{\"@type\":\"ImageObject\",\"inLanguage\":\"es\",\"@id\":\"https:\\\/\\\/www.alasmedios.com\\\/#\\\/schema\\\/logo\\\/image\\\/\",\"url\":\"https:\\\/\\\/www.alasmedios.com\\\/wp-content\\\/uploads\\\/2026\\\/01\\\/cropped-cropped-GAM-1.png\",\"contentUrl\":\"https:\\\/\\\/www.alasmedios.com\\\/wp-content\\\/uploads\\\/2026\\\/01\\\/cropped-cropped-GAM-1.png\",\"width\":467,\"height\":235,\"caption\":\"Alas Medios\"},\"image\":{\"@id\":\"https:\\\/\\\/www.alasmedios.com\\\/#\\\/schema\\\/logo\\\/image\\\/\"}},{\"@type\":\"Person\",\"@id\":\"https:\\\/\\\/www.alasmedios.com\\\/#\\\/schema\\\/person\\\/0ba31bdd19a05ebf5c7fef1fedf99c34\",\"name\":\"Keila Rodr\u00edguez Pe\u00f1a\",\"image\":{\"@type\":\"ImageObject\",\"inLanguage\":\"es\",\"@id\":\"https:\\\/\\\/secure.gravatar.com\\\/avatar\\\/a2553a2bfaa601b9d539b617c8793e151bdffb60f9e48a249912f86d4c9ebeef?s=96&d=mm&r=g\",\"url\":\"https:\\\/\\\/secure.gravatar.com\\\/avatar\\\/a2553a2bfaa601b9d539b617c8793e151bdffb60f9e48a249912f86d4c9ebeef?s=96&d=mm&r=g\",\"contentUrl\":\"https:\\\/\\\/secure.gravatar.com\\\/avatar\\\/a2553a2bfaa601b9d539b617c8793e151bdffb60f9e48a249912f86d4c9ebeef?s=96&d=mm&r=g\",\"caption\":\"Keila Rodr\u00edguez Pe\u00f1a\"},\"sameAs\":[\"http:\\\/\\\/www.alasmedios.com\"],\"url\":\"https:\\\/\\\/www.alasmedios.com\\\/index.php\\\/author\\\/keila\\\/\"}]}<\/script>\r\n<!-- \/ Yoast SEO plugin. -->","yoast_head_json":{"title":"Refrendo vehicular 2026 en Hidalgo: pagar a tiempo reduce costos - Alas Medios","robots":{"index":"index","follow":"follow","max-snippet":"max-snippet:-1","max-image-preview":"max-image-preview:large","max-video-preview":"max-video-preview:-1"},"canonical":"https:\/\/www.alasmedios.com\/index.php\/2026\/01\/05\/refrendo-vehicular-2026-en-hidalgo-pagar-a-tiempo-reduce-costos\/","og_locale":"es_MX","og_type":"article","og_title":"Refrendo vehicular 2026 en Hidalgo: pagar a tiempo reduce costos - Alas Medios","og_description":"Con el inicio de a\u00f1o los&nbsp;impuestos&nbsp;no esperan, aqu\u00ed te decimos lo que necesitas saber del&nbsp;refrendo vehicular 2026&nbsp;en&nbsp;Hidalgo. Del&nbsp;2 de enero","og_url":"https:\/\/www.alasmedios.com\/index.php\/2026\/01\/05\/refrendo-vehicular-2026-en-hidalgo-pagar-a-tiempo-reduce-costos\/","og_site_name":"Alas Medios","article_published_time":"2026-01-05T19:01:40+00:00","article_modified_time":"2026-01-05T19:03:07+00:00","og_image":[{"width":1600,"height":1098,"url":"https:\/\/www.alasmedios.com\/wp-content\/uploads\/2026\/01\/refrendo-vehicular-2026-Hidalgo.jpg","type":"image\/jpeg"}],"author":"Keila Rodr\u00edguez Pe\u00f1a","twitter_card":"summary_large_image","twitter_misc":{"Escrito por":"Keila Rodr\u00edguez Pe\u00f1a","Tiempo de lectura":"2 minutos"},"schema":{"@context":"https:\/\/schema.org","@graph":[{"@type":"Article","@id":"https:\/\/www.alasmedios.com\/index.php\/2026\/01\/05\/refrendo-vehicular-2026-en-hidalgo-pagar-a-tiempo-reduce-costos\/#article","isPartOf":{"@id":"https:\/\/www.alasmedios.com\/index.php\/2026\/01\/05\/refrendo-vehicular-2026-en-hidalgo-pagar-a-tiempo-reduce-costos\/"},"author":{"name":"Keila Rodr\u00edguez Pe\u00f1a","@id":"https:\/\/www.alasmedios.com\/#\/schema\/person\/0ba31bdd19a05ebf5c7fef1fedf99c34"},"headline":"Refrendo vehicular 2026 en Hidalgo: pagar a tiempo reduce costos","datePublished":"2026-01-05T19:01:40+00:00","dateModified":"2026-01-05T19:03:07+00:00","mainEntityOfPage":{"@id":"https:\/\/www.alasmedios.com\/index.php\/2026\/01\/05\/refrendo-vehicular-2026-en-hidalgo-pagar-a-tiempo-reduce-costos\/"},"wordCount":313,"commentCount":0,"publisher":{"@id":"https:\/\/www.alasmedios.com\/#organization"},"image":{"@id":"https:\/\/www.alasmedios.com\/index.php\/2026\/01\/05\/refrendo-vehicular-2026-en-hidalgo-pagar-a-tiempo-reduce-costos\/#primaryimage"},"thumbnailUrl":"https:\/\/www.alasmedios.com\/wp-content\/uploads\/2026\/01\/refrendo-vehicular-2026-Hidalgo.jpg","keywords":["Caasim","descuento","Hidalgo","impuestos","refrendo vehicular"],"articleSection":["Hidalgo"],"inLanguage":"es","potentialAction":[{"@type":"CommentAction","name":"Comment","target":["https:\/\/www.alasmedios.com\/index.php\/2026\/01\/05\/refrendo-vehicular-2026-en-hidalgo-pagar-a-tiempo-reduce-costos\/#respond"]}]},{"@type":"WebPage","@id":"https:\/\/www.alasmedios.com\/index.php\/2026\/01\/05\/refrendo-vehicular-2026-en-hidalgo-pagar-a-tiempo-reduce-costos\/","url":"https:\/\/www.alasmedios.com\/index.php\/2026\/01\/05\/refrendo-vehicular-2026-en-hidalgo-pagar-a-tiempo-reduce-costos\/","name":"Refrendo vehicular 2026 en Hidalgo: pagar a tiempo reduce costos - Alas Medios","isPartOf":{"@id":"https:\/\/www.alasmedios.com\/#website"},"primaryImageOfPage":{"@id":"https:\/\/www.alasmedios.com\/index.php\/2026\/01\/05\/refrendo-vehicular-2026-en-hidalgo-pagar-a-tiempo-reduce-costos\/#primaryimage"},"image":{"@id":"https:\/\/www.alasmedios.com\/index.php\/2026\/01\/05\/refrendo-vehicular-2026-en-hidalgo-pagar-a-tiempo-reduce-costos\/#primaryimage"},"thumbnailUrl":"https:\/\/www.alasmedios.com\/wp-content\/uploads\/2026\/01\/refrendo-vehicular-2026-Hidalgo.jpg","datePublished":"2026-01-05T19:01:40+00:00","dateModified":"2026-01-05T19:03:07+00:00","breadcrumb":{"@id":"https:\/\/www.alasmedios.com\/index.php\/2026\/01\/05\/refrendo-vehicular-2026-en-hidalgo-pagar-a-tiempo-reduce-costos\/#breadcrumb"},"inLanguage":"es","potentialAction":[{"@type":"ReadAction","target":["https:\/\/www.alasmedios.com\/index.php\/2026\/01\/05\/refrendo-vehicular-2026-en-hidalgo-pagar-a-tiempo-reduce-costos\/"]}]},{"@type":"ImageObject","inLanguage":"es","@id":"https:\/\/www.alasmedios.com\/index.php\/2026\/01\/05\/refrendo-vehicular-2026-en-hidalgo-pagar-a-tiempo-reduce-costos\/#primaryimage","url":"https:\/\/www.alasmedios.com\/wp-content\/uploads\/2026\/01\/refrendo-vehicular-2026-Hidalgo.jpg","contentUrl":"https:\/\/www.alasmedios.com\/wp-content\/uploads\/2026\/01\/refrendo-vehicular-2026-Hidalgo.jpg","width":1600,"height":1098},{"@type":"BreadcrumbList","@id":"https:\/\/www.alasmedios.com\/index.php\/2026\/01\/05\/refrendo-vehicular-2026-en-hidalgo-pagar-a-tiempo-reduce-costos\/#breadcrumb","itemListElement":[{"@type":"ListItem","position":1,"name":"Inicio","item":"https:\/\/www.alasmedios.com\/"},{"@type":"ListItem","position":2,"name":"Refrendo vehicular 2026 en Hidalgo: pagar a tiempo reduce costos"}]},{"@type":"WebSite","@id":"https:\/\/www.alasmedios.com\/#website","url":"https:\/\/www.alasmedios.com\/","name":"Alas Medios","description":"Alas para pensar, Alas para volar, Alas de libertad","publisher":{"@id":"https:\/\/www.alasmedios.com\/#organization"},"potentialAction":[{"@type":"SearchAction","target":{"@type":"EntryPoint","urlTemplate":"https:\/\/www.alasmedios.com\/?s={search_term_string}"},"query-input":{"@type":"PropertyValueSpecification","valueRequired":true,"valueName":"search_term_string"}}],"inLanguage":"es"},{"@type":"Organization","@id":"https:\/\/www.alasmedios.com\/#organization","name":"Alas Medios","url":"https:\/\/www.alasmedios.com\/","logo":{"@type":"ImageObject","inLanguage":"es","@id":"https:\/\/www.alasmedios.com\/#\/schema\/logo\/image\/","url":"https:\/\/www.alasmedios.com\/wp-content\/uploads\/2026\/01\/cropped-cropped-GAM-1.png","contentUrl":"https:\/\/www.alasmedios.com\/wp-content\/uploads\/2026\/01\/cropped-cropped-GAM-1.png","width":467,"height":235,"caption":"Alas Medios"},"image":{"@id":"https:\/\/www.alasmedios.com\/#\/schema\/logo\/image\/"}},{"@type":"Person","@id":"https:\/\/www.alasmedios.com\/#\/schema\/person\/0ba31bdd19a05ebf5c7fef1fedf99c34","name":"Keila Rodr\u00edguez Pe\u00f1a","image":{"@type":"ImageObject","inLanguage":"es","@id":"https:\/\/secure.gravatar.com\/avatar\/a2553a2bfaa601b9d539b617c8793e151bdffb60f9e48a249912f86d4c9ebeef?s=96&d=mm&r=g","url":"https:\/\/secure.gravatar.com\/avatar\/a2553a2bfaa601b9d539b617c8793e151bdffb60f9e48a249912f86d4c9ebeef?s=96&d=mm&r=g","contentUrl":"https:\/\/secure.gravatar.com\/avatar\/a2553a2bfaa601b9d539b617c8793e151bdffb60f9e48a249912f86d4c9ebeef?s=96&d=mm&r=g","caption":"Keila Rodr\u00edguez Pe\u00f1a"},"sameAs":["http:\/\/www.alasmedios.com"],"url":"https:\/\/www.alasmedios.com\/index.php\/author\/keila\/"}]}},"_links":{"self":[{"href":"https:\/\/www.alasmedios.com\/index.php\/wp-json\/wp\/v2\/posts\/7345","targetHints":{"allow":["GET"]}}],"collection":[{"href":"https:\/\/www.alasmedios.com\/index.php\/wp-json\/wp\/v2\/posts"}],"about":[{"href":"https:\/\/www.alasmedios.com\/index.php\/wp-json\/wp\/v2\/types\/post"}],"author":[{"embeddable":true,"href":"https:\/\/www.alasmedios.com\/index.php\/wp-json\/wp\/v2\/users\/4"}],"replies":[{"embeddable":true,"href":"https:\/\/www.alasmedios.com\/index.php\/wp-json\/wp\/v2\/comments?post=7345"}],"version-history":[{"count":1,"href":"https:\/\/www.alasmedios.com\/index.php\/wp-json\/wp\/v2\/posts\/7345\/revisions"}],"predecessor-version":[{"id":7347,"href":"https:\/\/www.alasmedios.com\/index.php\/wp-json\/wp\/v2\/posts\/7345\/revisions\/7347"}],"wp:featuredmedia":[{"embeddable":true,"href":"https:\/\/www.alasmedios.com\/index.php\/wp-json\/wp\/v2\/media\/7346"}],"wp:attachment":[{"href":"https:\/\/www.alasmedios.com\/index.php\/wp-json\/wp\/v2\/media?parent=7345"}],"wp:term":[{"taxonomy":"category","embeddable":true,"href":"https:\/\/www.alasmedios.com\/index.php\/wp-json\/wp\/v2\/categories?post=7345"},{"taxonomy":"post_tag","embeddable":true,"href":"https:\/\/www.alasmedios.com\/index.php\/wp-json\/wp\/v2\/tags?post=7345"}],"curies":[{"name":"wp","href":"https:\/\/api.w.org\/{rel}","templated":true}]}}