{"id":7342,"date":"2026-01-05T12:41:30","date_gmt":"2026-01-05T18:41:30","guid":{"rendered":"https:\/\/www.alasmedios.com\/?p=7342"},"modified":"2026-01-06T13:30:57","modified_gmt":"2026-01-06T19:30:57","slug":"mujeres-con-alas-margarita-maza-parada","status":"publish","type":"post","link":"https:\/\/www.alasmedios.com\/index.php\/2026\/01\/05\/mujeres-con-alas-margarita-maza-parada\/","title":{"rendered":"Mujeres con Alas: Margarita Maza Parada"},"content":{"rendered":"\n<p>El gobierno federal declar\u00f3 <strong>2026 como el \u201cA\u00f1o de Margarita Maza Parada\u201d<\/strong>, una conmemoraci\u00f3n que busca devolver al centro del debate p\u00fablico la figura de una mujer clave en los momentos m\u00e1s complejos del siglo XIX mexicano, m\u00e1s all\u00e1 de su papel como esposa de <strong>Benito Ju\u00e1rez<\/strong>.<\/p>\n\n\n\n<p>Nacida en <strong>Oaxaca en 1826<\/strong>, <strong>Margarita Eustaquia Maza Parada<\/strong> tuvo una vida breve \u2014muri\u00f3 en <strong>1871<\/strong>, a los 44 a\u00f1os\u2014, pero marcada por una participaci\u00f3n constante en episodios decisivos como la <strong>Guerra de Reforma<\/strong>, la <strong>Intervenci\u00f3n Francesa<\/strong> y la <strong>resistencia republicana<\/strong> frente al Segundo Imperio. Su historia, subrayan especialistas y autoridades, permite entender que las mujeres de su tiempo no fueron figuras secundarias, sino <strong>actoras pol\u00edticas, sociales y econ\u00f3micas<\/strong>.<\/p>\n\n\n\n<p>MUJERES CON ALAS: <a href=\"https:\/\/www.alasmedios.com\/index.php\/2025\/11\/12\/mujeres-con-alas-sor-juana-ines-de-la-cruz\/\" data-type=\"post\" data-id=\"6822\">Sor Juana In\u00e9s de la Cruz<\/a><\/p>\n\n\n\n<p>Durante el exilio de Ju\u00e1rez, <strong>Margarita Maza<\/strong> organiz\u00f3 <strong>redes de apoyo<\/strong>, gestion\u00f3 recursos, promovi\u00f3 <strong>acciones humanitarias<\/strong>, sostuvo a su familia en condiciones adversas y particip\u00f3 en <strong>tareas diplom\u00e1ticas<\/strong> para respaldar a la Rep\u00fablica desde el extranjero. Lejos del discurso dom\u00e9stico que suele reducirla a primera dama, fue <strong>consejera, estratega y aliada pol\u00edtica<\/strong>.<\/p>\n\n\n\n<p>En la primera conferencia de prensa de 2026 en <strong>Palacio Nacional<\/strong>, la subsecretaria de Educaci\u00f3n B\u00e1sica, <strong>Noem\u00ed Ju\u00e1rez P\u00e9rez<\/strong>, record\u00f3 que en marzo se cumplir\u00e1n <strong>200 a\u00f1os de su natalicio<\/strong>, una de las razones centrales para esta conmemoraci\u00f3n. Destac\u00f3 que la vida de Margarita Maza permite <strong>visibilizar la participaci\u00f3n real de las mujeres del siglo XIX<\/strong>, frecuentemente borrada de los relatos oficiales.<\/p>\n\n\n\n<p>Su incorporaci\u00f3n a la <strong>identidad gr\u00e1fica del Gobierno de M\u00e9xico<\/strong> busca reforzar ese mensaje: <strong>Margarita Maza Parada<\/strong> representa a las mujeres que, desde distintas trincheras, han sostenido procesos hist\u00f3ricos y que hoy siguen construyendo pa\u00eds. Un legado que no pertenece al pasado, sino que dialoga con las luchas del presente.<\/p>\n\n\n<ul class=\"wp-block-latest-posts__list is-grid columns-3 wp-block-latest-posts\"><li><div class=\"wp-block-latest-posts__featured-image\"><img loading=\"lazy\" decoding=\"async\" width=\"150\" height=\"150\" src=\"https:\/\/www.alasmedios.com\/wp-content\/uploads\/2026\/05\/Super-Final-de-la-Copa-del-Mundo-de-Clavados-2026-150x150.jpeg\" class=\"attachment-thumbnail size-thumbnail wp-post-image\" alt=\"\" style=\"\" \/><\/div><a class=\"wp-block-latest-posts__post-title\" href=\"https:\/\/www.alasmedios.com\/index.php\/2026\/05\/01\/mexico-se-lanza-por-la-cima-once-clavadistas-buscan-la-gloria-mundial-en-pekin-2026\/\">M\u00e9xico se lanza por la cima: once clavadistas buscan la gloria mundial en Pek\u00edn 2026<\/a><\/li>\n<li><div class=\"wp-block-latest-posts__featured-image\"><img loading=\"lazy\" decoding=\"async\" width=\"150\" height=\"150\" src=\"https:\/\/www.alasmedios.com\/wp-content\/uploads\/2026\/04\/Puebla-el-Congreso-aprobo-el-Protocolo-Homologado-de-Investigacion-de-Delitos-contra-Personas-LGBTTTI-150x150.png\" class=\"attachment-thumbnail size-thumbnail wp-post-image\" alt=\"\" style=\"\" \/><\/div><a class=\"wp-block-latest-posts__post-title\" href=\"https:\/\/www.alasmedios.com\/index.php\/2026\/04\/30\/puebla-impulsa-protocolo-contra-delitos-lgbttti\/\">Puebla impulsa protocolo contra delitos LGBTTTI+<\/a><\/li>\n<li><div class=\"wp-block-latest-posts__featured-image\"><img loading=\"lazy\" decoding=\"async\" width=\"150\" height=\"150\" src=\"https:\/\/www.alasmedios.com\/wp-content\/uploads\/2026\/04\/PEC-Parque-Ecologico-Cubitos-150x150.jpg\" class=\"attachment-thumbnail size-thumbnail wp-post-image\" alt=\"\" style=\"\" \/><\/div><a class=\"wp-block-latest-posts__post-title\" href=\"https:\/\/www.alasmedios.com\/index.php\/2026\/04\/30\/naturaleza-viva-en-pachuca-cubitos-conmemora-a-los-jardines-botanicos\/\">Naturaleza viva en Pachuca: Cubitos conmemora a los jardines bot\u00e1nicos<\/a><\/li>\n<\/ul>","protected":false},"excerpt":{"rendered":"<p>El gobierno federal declar\u00f3 2026 como el \u201cA\u00f1o de Margarita Maza Parada\u201d, una conmemoraci\u00f3n que busca devolver al centro del<\/p>\n","protected":false},"author":4,"featured_media":7343,"comment_status":"open","ping_status":"open","sticky":false,"template":"","format":"standard","meta":{"colormag_page_container_layout":"default_layout","colormag_page_sidebar_layout":"default_layout","rop_custom_images_group":[],"rop_custom_messages_group":[],"rop_publish_now":"initial","rop_publish_now_accounts":[],"rop_publish_now_history":[],"rop_publish_now_status":"pending","iawp_total_views":5,"footnotes":""},"categories":[45,3222],"tags":[3168,3212,3211,166,53],"class_list":["post-7342","post","type-post","status-publish","format-standard","has-post-thumbnail","hentry","category-ellas-dicen","category-mexico","tag-3168","tag-ano-de-margarita-maza-parada","tag-margarita-maza","tag-mexico","tag-mujeres"],"magazineBlocksPostFeaturedMedia":{"thumbnail":"https:\/\/www.alasmedios.com\/wp-content\/uploads\/2026\/01\/Mujeres-con-Alas-Margarita-Maza-Parada-150x150.png","medium":"https:\/\/www.alasmedios.com\/wp-content\/uploads\/2026\/01\/Mujeres-con-Alas-Margarita-Maza-Parada-300x182.png","medium_large":"https:\/\/www.alasmedios.com\/wp-content\/uploads\/2026\/01\/Mujeres-con-Alas-Margarita-Maza-Parada-768x466.png","large":"https:\/\/www.alasmedios.com\/wp-content\/uploads\/2026\/01\/Mujeres-con-Alas-Margarita-Maza-Parada-1024x622.png","1536x1536":"https:\/\/www.alasmedios.com\/wp-content\/uploads\/2026\/01\/Mujeres-con-Alas-Margarita-Maza-Parada-1536x932.png","2048x2048":"https:\/\/www.alasmedios.com\/wp-content\/uploads\/2026\/01\/Mujeres-con-Alas-Margarita-Maza-Parada.png","colormag-highlighted-post":"https:\/\/www.alasmedios.com\/wp-content\/uploads\/2026\/01\/Mujeres-con-Alas-Margarita-Maza-Parada-392x272.png","colormag-featured-post-medium":"https:\/\/www.alasmedios.com\/wp-content\/uploads\/2026\/01\/Mujeres-con-Alas-Margarita-Maza-Parada-390x205.png","colormag-featured-post-small":"https:\/\/www.alasmedios.com\/wp-content\/uploads\/2026\/01\/Mujeres-con-Alas-Margarita-Maza-Parada-130x90.png","colormag-featured-image":"https:\/\/www.alasmedios.com\/wp-content\/uploads\/2026\/01\/Mujeres-con-Alas-Margarita-Maza-Parada-800x445.png","colormag-default-news":"https:\/\/www.alasmedios.com\/wp-content\/uploads\/2026\/01\/Mujeres-con-Alas-Margarita-Maza-Parada-150x150.png","colormag-featured-image-large":"https:\/\/www.alasmedios.com\/wp-content\/uploads\/2026\/01\/Mujeres-con-Alas-Margarita-Maza-Parada-1400x600.png"},"magazineBlocksPostAuthor":{"name":"Keila Rodr\u00edguez Pe\u00f1a","avatar":"https:\/\/secure.gravatar.com\/avatar\/a2553a2bfaa601b9d539b617c8793e151bdffb60f9e48a249912f86d4c9ebeef?s=96&d=mm&r=g"},"magazineBlocksPostCommentsNumber":"0","magazineBlocksPostExcerpt":"El gobierno federal declar\u00f3 2026 como el \u201cA\u00f1o de Margarita Maza Parada\u201d, una conmemoraci\u00f3n que busca devolver al centro del","magazineBlocksPostCategories":["Ellas Dicen","M\u00e9xico"],"magazineBlocksPostViewCount":100,"magazineBlocksPostReadTime":2,"magazine_blocks_featured_image_url":{"full":["https:\/\/www.alasmedios.com\/wp-content\/uploads\/2026\/01\/Mujeres-con-Alas-Margarita-Maza-Parada.png",2000,1214,false],"medium":["https:\/\/www.alasmedios.com\/wp-content\/uploads\/2026\/01\/Mujeres-con-Alas-Margarita-Maza-Parada-300x182.png",300,182,true],"thumbnail":["https:\/\/www.alasmedios.com\/wp-content\/uploads\/2026\/01\/Mujeres-con-Alas-Margarita-Maza-Parada-150x150.png",150,150,true]},"magazine_blocks_author":{"display_name":"Keila Rodr\u00edguez Pe\u00f1a","author_link":"https:\/\/www.alasmedios.com\/index.php\/author\/keila\/"},"magazine_blocks_comment":0,"magazine_blocks_author_image":"https:\/\/secure.gravatar.com\/avatar\/a2553a2bfaa601b9d539b617c8793e151bdffb60f9e48a249912f86d4c9ebeef?s=96&d=mm&r=g","magazine_blocks_category":"<a href=\"#\" class=\"category-link category-link-45\">Ellas Dicen<\/a> <a href=\"#\" class=\"category-link category-link-3222\">M\u00e9xico<\/a>","yoast_head":"<!-- This site is optimized with the Yoast SEO plugin v27.5 - https:\/\/yoast.com\/product\/yoast-seo-wordpress\/ -->\r\n<title>Mujeres con Alas: Margarita Maza Parada - Alas Medios<\/title>\r\n<meta name=\"robots\" content=\"index, follow, max-snippet:-1, max-image-preview:large, max-video-preview:-1\" \/>\r\n<link rel=\"canonical\" href=\"https:\/\/www.alasmedios.com\/index.php\/2026\/01\/05\/mujeres-con-alas-margarita-maza-parada\/\" \/>\r\n<meta property=\"og:locale\" content=\"es_MX\" \/>\r\n<meta property=\"og:type\" content=\"article\" \/>\r\n<meta property=\"og:title\" content=\"Mujeres con Alas: Margarita Maza Parada - Alas Medios\" \/>\r\n<meta property=\"og:description\" content=\"El gobierno federal declar\u00f3 2026 como el \u201cA\u00f1o de Margarita Maza Parada\u201d, una conmemoraci\u00f3n que busca devolver al centro del\" \/>\r\n<meta property=\"og:url\" content=\"https:\/\/www.alasmedios.com\/index.php\/2026\/01\/05\/mujeres-con-alas-margarita-maza-parada\/\" \/>\r\n<meta property=\"og:site_name\" content=\"Alas Medios\" \/>\r\n<meta property=\"article:published_time\" content=\"2026-01-05T18:41:30+00:00\" \/>\r\n<meta property=\"article:modified_time\" content=\"2026-01-06T19:30:57+00:00\" \/>\r\n<meta property=\"og:image\" content=\"https:\/\/www.alasmedios.com\/wp-content\/uploads\/2026\/01\/Mujeres-con-Alas-Margarita-Maza-Parada-1024x622.png\" \/>\r\n\t<meta property=\"og:image:width\" content=\"1024\" \/>\r\n\t<meta property=\"og:image:height\" content=\"622\" \/>\r\n\t<meta property=\"og:image:type\" content=\"image\/png\" \/>\r\n<meta name=\"author\" content=\"Keila Rodr\u00edguez Pe\u00f1a\" \/>\r\n<meta name=\"twitter:card\" content=\"summary_large_image\" \/>\r\n<meta name=\"twitter:label1\" content=\"Escrito por\" \/>\n\t<meta name=\"twitter:data1\" content=\"Keila Rodr\u00edguez Pe\u00f1a\" \/>\n\t<meta name=\"twitter:label2\" content=\"Tiempo de lectura\" \/>\n\t<meta name=\"twitter:data2\" content=\"2 minutos\" \/>\r\n<script type=\"application\/ld+json\" class=\"yoast-schema-graph\">{\"@context\":\"https:\\\/\\\/schema.org\",\"@graph\":[{\"@type\":\"Article\",\"@id\":\"https:\\\/\\\/www.alasmedios.com\\\/index.php\\\/2026\\\/01\\\/05\\\/mujeres-con-alas-margarita-maza-parada\\\/#article\",\"isPartOf\":{\"@id\":\"https:\\\/\\\/www.alasmedios.com\\\/index.php\\\/2026\\\/01\\\/05\\\/mujeres-con-alas-margarita-maza-parada\\\/\"},\"author\":{\"name\":\"Keila Rodr\u00edguez Pe\u00f1a\",\"@id\":\"https:\\\/\\\/www.alasmedios.com\\\/#\\\/schema\\\/person\\\/0ba31bdd19a05ebf5c7fef1fedf99c34\"},\"headline\":\"Mujeres con Alas: Margarita Maza Parada\",\"datePublished\":\"2026-01-05T18:41:30+00:00\",\"dateModified\":\"2026-01-06T19:30:57+00:00\",\"mainEntityOfPage\":{\"@id\":\"https:\\\/\\\/www.alasmedios.com\\\/index.php\\\/2026\\\/01\\\/05\\\/mujeres-con-alas-margarita-maza-parada\\\/\"},\"wordCount\":319,\"commentCount\":0,\"publisher\":{\"@id\":\"https:\\\/\\\/www.alasmedios.com\\\/#organization\"},\"image\":{\"@id\":\"https:\\\/\\\/www.alasmedios.com\\\/index.php\\\/2026\\\/01\\\/05\\\/mujeres-con-alas-margarita-maza-parada\\\/#primaryimage\"},\"thumbnailUrl\":\"https:\\\/\\\/www.alasmedios.com\\\/wp-content\\\/uploads\\\/2026\\\/01\\\/Mujeres-con-Alas-Margarita-Maza-Parada.png\",\"keywords\":[\"2026\",\"A\u00f1o de Margarita Maza Parada\",\"Margarita Maza\",\"M\u00e9xico\",\"Mujeres\"],\"articleSection\":[\"Ellas Dicen\",\"M\u00e9xico\"],\"inLanguage\":\"es\",\"potentialAction\":[{\"@type\":\"CommentAction\",\"name\":\"Comment\",\"target\":[\"https:\\\/\\\/www.alasmedios.com\\\/index.php\\\/2026\\\/01\\\/05\\\/mujeres-con-alas-margarita-maza-parada\\\/#respond\"]}]},{\"@type\":\"WebPage\",\"@id\":\"https:\\\/\\\/www.alasmedios.com\\\/index.php\\\/2026\\\/01\\\/05\\\/mujeres-con-alas-margarita-maza-parada\\\/\",\"url\":\"https:\\\/\\\/www.alasmedios.com\\\/index.php\\\/2026\\\/01\\\/05\\\/mujeres-con-alas-margarita-maza-parada\\\/\",\"name\":\"Mujeres con Alas: Margarita Maza Parada - Alas Medios\",\"isPartOf\":{\"@id\":\"https:\\\/\\\/www.alasmedios.com\\\/#website\"},\"primaryImageOfPage\":{\"@id\":\"https:\\\/\\\/www.alasmedios.com\\\/index.php\\\/2026\\\/01\\\/05\\\/mujeres-con-alas-margarita-maza-parada\\\/#primaryimage\"},\"image\":{\"@id\":\"https:\\\/\\\/www.alasmedios.com\\\/index.php\\\/2026\\\/01\\\/05\\\/mujeres-con-alas-margarita-maza-parada\\\/#primaryimage\"},\"thumbnailUrl\":\"https:\\\/\\\/www.alasmedios.com\\\/wp-content\\\/uploads\\\/2026\\\/01\\\/Mujeres-con-Alas-Margarita-Maza-Parada.png\",\"datePublished\":\"2026-01-05T18:41:30+00:00\",\"dateModified\":\"2026-01-06T19:30:57+00:00\",\"breadcrumb\":{\"@id\":\"https:\\\/\\\/www.alasmedios.com\\\/index.php\\\/2026\\\/01\\\/05\\\/mujeres-con-alas-margarita-maza-parada\\\/#breadcrumb\"},\"inLanguage\":\"es\",\"potentialAction\":[{\"@type\":\"ReadAction\",\"target\":[\"https:\\\/\\\/www.alasmedios.com\\\/index.php\\\/2026\\\/01\\\/05\\\/mujeres-con-alas-margarita-maza-parada\\\/\"]}]},{\"@type\":\"ImageObject\",\"inLanguage\":\"es\",\"@id\":\"https:\\\/\\\/www.alasmedios.com\\\/index.php\\\/2026\\\/01\\\/05\\\/mujeres-con-alas-margarita-maza-parada\\\/#primaryimage\",\"url\":\"https:\\\/\\\/www.alasmedios.com\\\/wp-content\\\/uploads\\\/2026\\\/01\\\/Mujeres-con-Alas-Margarita-Maza-Parada.png\",\"contentUrl\":\"https:\\\/\\\/www.alasmedios.com\\\/wp-content\\\/uploads\\\/2026\\\/01\\\/Mujeres-con-Alas-Margarita-Maza-Parada.png\",\"width\":2000,\"height\":1214},{\"@type\":\"BreadcrumbList\",\"@id\":\"https:\\\/\\\/www.alasmedios.com\\\/index.php\\\/2026\\\/01\\\/05\\\/mujeres-con-alas-margarita-maza-parada\\\/#breadcrumb\",\"itemListElement\":[{\"@type\":\"ListItem\",\"position\":1,\"name\":\"Inicio\",\"item\":\"https:\\\/\\\/www.alasmedios.com\\\/\"},{\"@type\":\"ListItem\",\"position\":2,\"name\":\"Mujeres con Alas: Margarita Maza Parada\"}]},{\"@type\":\"WebSite\",\"@id\":\"https:\\\/\\\/www.alasmedios.com\\\/#website\",\"url\":\"https:\\\/\\\/www.alasmedios.com\\\/\",\"name\":\"Alas Medios\",\"description\":\"Alas para pensar, Alas para volar, Alas de libertad\",\"publisher\":{\"@id\":\"https:\\\/\\\/www.alasmedios.com\\\/#organization\"},\"potentialAction\":[{\"@type\":\"SearchAction\",\"target\":{\"@type\":\"EntryPoint\",\"urlTemplate\":\"https:\\\/\\\/www.alasmedios.com\\\/?s={search_term_string}\"},\"query-input\":{\"@type\":\"PropertyValueSpecification\",\"valueRequired\":true,\"valueName\":\"search_term_string\"}}],\"inLanguage\":\"es\"},{\"@type\":\"Organization\",\"@id\":\"https:\\\/\\\/www.alasmedios.com\\\/#organization\",\"name\":\"Alas Medios\",\"url\":\"https:\\\/\\\/www.alasmedios.com\\\/\",\"logo\":{\"@type\":\"ImageObject\",\"inLanguage\":\"es\",\"@id\":\"https:\\\/\\\/www.alasmedios.com\\\/#\\\/schema\\\/logo\\\/image\\\/\",\"url\":\"https:\\\/\\\/www.alasmedios.com\\\/wp-content\\\/uploads\\\/2026\\\/01\\\/cropped-cropped-GAM-1.png\",\"contentUrl\":\"https:\\\/\\\/www.alasmedios.com\\\/wp-content\\\/uploads\\\/2026\\\/01\\\/cropped-cropped-GAM-1.png\",\"width\":467,\"height\":235,\"caption\":\"Alas Medios\"},\"image\":{\"@id\":\"https:\\\/\\\/www.alasmedios.com\\\/#\\\/schema\\\/logo\\\/image\\\/\"}},{\"@type\":\"Person\",\"@id\":\"https:\\\/\\\/www.alasmedios.com\\\/#\\\/schema\\\/person\\\/0ba31bdd19a05ebf5c7fef1fedf99c34\",\"name\":\"Keila Rodr\u00edguez Pe\u00f1a\",\"image\":{\"@type\":\"ImageObject\",\"inLanguage\":\"es\",\"@id\":\"https:\\\/\\\/secure.gravatar.com\\\/avatar\\\/a2553a2bfaa601b9d539b617c8793e151bdffb60f9e48a249912f86d4c9ebeef?s=96&d=mm&r=g\",\"url\":\"https:\\\/\\\/secure.gravatar.com\\\/avatar\\\/a2553a2bfaa601b9d539b617c8793e151bdffb60f9e48a249912f86d4c9ebeef?s=96&d=mm&r=g\",\"contentUrl\":\"https:\\\/\\\/secure.gravatar.com\\\/avatar\\\/a2553a2bfaa601b9d539b617c8793e151bdffb60f9e48a249912f86d4c9ebeef?s=96&d=mm&r=g\",\"caption\":\"Keila Rodr\u00edguez Pe\u00f1a\"},\"sameAs\":[\"http:\\\/\\\/www.alasmedios.com\"],\"url\":\"https:\\\/\\\/www.alasmedios.com\\\/index.php\\\/author\\\/keila\\\/\"}]}<\/script>\r\n<!-- \/ Yoast SEO plugin. -->","yoast_head_json":{"title":"Mujeres con Alas: Margarita Maza Parada - Alas Medios","robots":{"index":"index","follow":"follow","max-snippet":"max-snippet:-1","max-image-preview":"max-image-preview:large","max-video-preview":"max-video-preview:-1"},"canonical":"https:\/\/www.alasmedios.com\/index.php\/2026\/01\/05\/mujeres-con-alas-margarita-maza-parada\/","og_locale":"es_MX","og_type":"article","og_title":"Mujeres con Alas: Margarita Maza Parada - Alas Medios","og_description":"El gobierno federal declar\u00f3 2026 como el \u201cA\u00f1o de Margarita Maza Parada\u201d, una conmemoraci\u00f3n que busca devolver al centro del","og_url":"https:\/\/www.alasmedios.com\/index.php\/2026\/01\/05\/mujeres-con-alas-margarita-maza-parada\/","og_site_name":"Alas Medios","article_published_time":"2026-01-05T18:41:30+00:00","article_modified_time":"2026-01-06T19:30:57+00:00","og_image":[{"width":1024,"height":622,"url":"https:\/\/www.alasmedios.com\/wp-content\/uploads\/2026\/01\/Mujeres-con-Alas-Margarita-Maza-Parada-1024x622.png","type":"image\/png"}],"author":"Keila Rodr\u00edguez Pe\u00f1a","twitter_card":"summary_large_image","twitter_misc":{"Escrito por":"Keila Rodr\u00edguez Pe\u00f1a","Tiempo de lectura":"2 minutos"},"schema":{"@context":"https:\/\/schema.org","@graph":[{"@type":"Article","@id":"https:\/\/www.alasmedios.com\/index.php\/2026\/01\/05\/mujeres-con-alas-margarita-maza-parada\/#article","isPartOf":{"@id":"https:\/\/www.alasmedios.com\/index.php\/2026\/01\/05\/mujeres-con-alas-margarita-maza-parada\/"},"author":{"name":"Keila Rodr\u00edguez Pe\u00f1a","@id":"https:\/\/www.alasmedios.com\/#\/schema\/person\/0ba31bdd19a05ebf5c7fef1fedf99c34"},"headline":"Mujeres con Alas: Margarita Maza Parada","datePublished":"2026-01-05T18:41:30+00:00","dateModified":"2026-01-06T19:30:57+00:00","mainEntityOfPage":{"@id":"https:\/\/www.alasmedios.com\/index.php\/2026\/01\/05\/mujeres-con-alas-margarita-maza-parada\/"},"wordCount":319,"commentCount":0,"publisher":{"@id":"https:\/\/www.alasmedios.com\/#organization"},"image":{"@id":"https:\/\/www.alasmedios.com\/index.php\/2026\/01\/05\/mujeres-con-alas-margarita-maza-parada\/#primaryimage"},"thumbnailUrl":"https:\/\/www.alasmedios.com\/wp-content\/uploads\/2026\/01\/Mujeres-con-Alas-Margarita-Maza-Parada.png","keywords":["2026","A\u00f1o de Margarita Maza Parada","Margarita Maza","M\u00e9xico","Mujeres"],"articleSection":["Ellas Dicen","M\u00e9xico"],"inLanguage":"es","potentialAction":[{"@type":"CommentAction","name":"Comment","target":["https:\/\/www.alasmedios.com\/index.php\/2026\/01\/05\/mujeres-con-alas-margarita-maza-parada\/#respond"]}]},{"@type":"WebPage","@id":"https:\/\/www.alasmedios.com\/index.php\/2026\/01\/05\/mujeres-con-alas-margarita-maza-parada\/","url":"https:\/\/www.alasmedios.com\/index.php\/2026\/01\/05\/mujeres-con-alas-margarita-maza-parada\/","name":"Mujeres con Alas: Margarita Maza Parada - Alas Medios","isPartOf":{"@id":"https:\/\/www.alasmedios.com\/#website"},"primaryImageOfPage":{"@id":"https:\/\/www.alasmedios.com\/index.php\/2026\/01\/05\/mujeres-con-alas-margarita-maza-parada\/#primaryimage"},"image":{"@id":"https:\/\/www.alasmedios.com\/index.php\/2026\/01\/05\/mujeres-con-alas-margarita-maza-parada\/#primaryimage"},"thumbnailUrl":"https:\/\/www.alasmedios.com\/wp-content\/uploads\/2026\/01\/Mujeres-con-Alas-Margarita-Maza-Parada.png","datePublished":"2026-01-05T18:41:30+00:00","dateModified":"2026-01-06T19:30:57+00:00","breadcrumb":{"@id":"https:\/\/www.alasmedios.com\/index.php\/2026\/01\/05\/mujeres-con-alas-margarita-maza-parada\/#breadcrumb"},"inLanguage":"es","potentialAction":[{"@type":"ReadAction","target":["https:\/\/www.alasmedios.com\/index.php\/2026\/01\/05\/mujeres-con-alas-margarita-maza-parada\/"]}]},{"@type":"ImageObject","inLanguage":"es","@id":"https:\/\/www.alasmedios.com\/index.php\/2026\/01\/05\/mujeres-con-alas-margarita-maza-parada\/#primaryimage","url":"https:\/\/www.alasmedios.com\/wp-content\/uploads\/2026\/01\/Mujeres-con-Alas-Margarita-Maza-Parada.png","contentUrl":"https:\/\/www.alasmedios.com\/wp-content\/uploads\/2026\/01\/Mujeres-con-Alas-Margarita-Maza-Parada.png","width":2000,"height":1214},{"@type":"BreadcrumbList","@id":"https:\/\/www.alasmedios.com\/index.php\/2026\/01\/05\/mujeres-con-alas-margarita-maza-parada\/#breadcrumb","itemListElement":[{"@type":"ListItem","position":1,"name":"Inicio","item":"https:\/\/www.alasmedios.com\/"},{"@type":"ListItem","position":2,"name":"Mujeres con Alas: Margarita Maza Parada"}]},{"@type":"WebSite","@id":"https:\/\/www.alasmedios.com\/#website","url":"https:\/\/www.alasmedios.com\/","name":"Alas Medios","description":"Alas para pensar, Alas para volar, Alas de libertad","publisher":{"@id":"https:\/\/www.alasmedios.com\/#organization"},"potentialAction":[{"@type":"SearchAction","target":{"@type":"EntryPoint","urlTemplate":"https:\/\/www.alasmedios.com\/?s={search_term_string}"},"query-input":{"@type":"PropertyValueSpecification","valueRequired":true,"valueName":"search_term_string"}}],"inLanguage":"es"},{"@type":"Organization","@id":"https:\/\/www.alasmedios.com\/#organization","name":"Alas Medios","url":"https:\/\/www.alasmedios.com\/","logo":{"@type":"ImageObject","inLanguage":"es","@id":"https:\/\/www.alasmedios.com\/#\/schema\/logo\/image\/","url":"https:\/\/www.alasmedios.com\/wp-content\/uploads\/2026\/01\/cropped-cropped-GAM-1.png","contentUrl":"https:\/\/www.alasmedios.com\/wp-content\/uploads\/2026\/01\/cropped-cropped-GAM-1.png","width":467,"height":235,"caption":"Alas Medios"},"image":{"@id":"https:\/\/www.alasmedios.com\/#\/schema\/logo\/image\/"}},{"@type":"Person","@id":"https:\/\/www.alasmedios.com\/#\/schema\/person\/0ba31bdd19a05ebf5c7fef1fedf99c34","name":"Keila Rodr\u00edguez Pe\u00f1a","image":{"@type":"ImageObject","inLanguage":"es","@id":"https:\/\/secure.gravatar.com\/avatar\/a2553a2bfaa601b9d539b617c8793e151bdffb60f9e48a249912f86d4c9ebeef?s=96&d=mm&r=g","url":"https:\/\/secure.gravatar.com\/avatar\/a2553a2bfaa601b9d539b617c8793e151bdffb60f9e48a249912f86d4c9ebeef?s=96&d=mm&r=g","contentUrl":"https:\/\/secure.gravatar.com\/avatar\/a2553a2bfaa601b9d539b617c8793e151bdffb60f9e48a249912f86d4c9ebeef?s=96&d=mm&r=g","caption":"Keila Rodr\u00edguez Pe\u00f1a"},"sameAs":["http:\/\/www.alasmedios.com"],"url":"https:\/\/www.alasmedios.com\/index.php\/author\/keila\/"}]}},"_links":{"self":[{"href":"https:\/\/www.alasmedios.com\/index.php\/wp-json\/wp\/v2\/posts\/7342","targetHints":{"allow":["GET"]}}],"collection":[{"href":"https:\/\/www.alasmedios.com\/index.php\/wp-json\/wp\/v2\/posts"}],"about":[{"href":"https:\/\/www.alasmedios.com\/index.php\/wp-json\/wp\/v2\/types\/post"}],"author":[{"embeddable":true,"href":"https:\/\/www.alasmedios.com\/index.php\/wp-json\/wp\/v2\/users\/4"}],"replies":[{"embeddable":true,"href":"https:\/\/www.alasmedios.com\/index.php\/wp-json\/wp\/v2\/comments?post=7342"}],"version-history":[{"count":1,"href":"https:\/\/www.alasmedios.com\/index.php\/wp-json\/wp\/v2\/posts\/7342\/revisions"}],"predecessor-version":[{"id":7344,"href":"https:\/\/www.alasmedios.com\/index.php\/wp-json\/wp\/v2\/posts\/7342\/revisions\/7344"}],"wp:featuredmedia":[{"embeddable":true,"href":"https:\/\/www.alasmedios.com\/index.php\/wp-json\/wp\/v2\/media\/7343"}],"wp:attachment":[{"href":"https:\/\/www.alasmedios.com\/index.php\/wp-json\/wp\/v2\/media?parent=7342"}],"wp:term":[{"taxonomy":"category","embeddable":true,"href":"https:\/\/www.alasmedios.com\/index.php\/wp-json\/wp\/v2\/categories?post=7342"},{"taxonomy":"post_tag","embeddable":true,"href":"https:\/\/www.alasmedios.com\/index.php\/wp-json\/wp\/v2\/tags?post=7342"}],"curies":[{"name":"wp","href":"https:\/\/api.w.org\/{rel}","templated":true}]}}