{"id":7332,"date":"2026-01-05T07:54:35","date_gmt":"2026-01-05T13:54:35","guid":{"rendered":"https:\/\/www.alasmedios.com\/?p=7332"},"modified":"2026-01-05T08:02:52","modified_gmt":"2026-01-05T14:02:52","slug":"mujeres-que-toman-el-control-en-el-terror-posmoderno","status":"publish","type":"post","link":"https:\/\/www.alasmedios.com\/index.php\/2026\/01\/05\/mujeres-que-toman-el-control-en-el-terror-posmoderno\/","title":{"rendered":"Mujeres que toman el control en el terror posmoderno"},"content":{"rendered":"\n<p>El <strong>terror posmoderno<\/strong> ya no coloca a las mujeres en el papel de v\u00edctimas silenciosas. Hoy, el g\u00e9nero apuesta por <strong>figuras femeninas valientes, aut\u00f3nomas y complejas<\/strong>, capaces de enfrentar el horror desde la acci\u00f3n, la decisi\u00f3n y la transformaci\u00f3n. As\u00ed lo explic\u00f3 <strong>Azul Kikey Castelli Olvera<\/strong>, profesora investigadora del <strong>\u00c1rea Acad\u00e9mica de Ciencias de la Comunicaci\u00f3n<\/strong> de la <strong>Universidad Aut\u00f3noma del Estado de Hidalgo (UAEH)<\/strong>.<\/p>\n\n\n\n<p>Durante a\u00f1os, el cine de terror repiti\u00f3 una misma f\u00f3rmula: mujeres <strong>pasivas y fr\u00e1giles<\/strong>, la joven que deb\u00eda ser rescatada, la primera en morir o la que era sacrificada para que el h\u00e9roe avanzara. Personajes sin voz, atrapados en destinos escritos de antemano, donde la trama avanzaba sin permitirles decidir ni resistir.<\/p>\n\n\n\n<p>Ese esquema comienza a romperse. En las narrativas actuales, las protagonistas <strong>asumen un papel activo frente al peligro<\/strong>, despliegan habilidades antes invisibilizadas y convierten lo cotidiano en un espacio de confrontaci\u00f3n. Lo femenino deja de asociarse \u00fanicamente con la fragilidad y se presenta como <strong>una fuerza capaz de alterar el orden y provocar cambios profundos<\/strong> dentro de la historia.<\/p>\n\n\n\n<p>CONTIN\u00daA LEYENDO: <a href=\"https:\/\/www.alasmedios.com\/index.php\/2026\/01\/02\/reverbera-arte-que-vibra-en-pachuca\/\" data-type=\"post\" data-id=\"7306\">\u201cReverbera\u201d: arte que vibra en Pachuca<\/a><\/p>\n\n\n\n<p>Un ejemplo de esta transformaci\u00f3n es <strong>Venus<\/strong>, pel\u00edcula espa\u00f1ola analizada por la acad\u00e9mica, que sigue a <strong>Luc\u00eda<\/strong>, una bailarina que huye tras robar droga y se refugia en un edificio deteriorado, donde <strong>presencias antiguas<\/strong> comienzan a acecharla. En esta cinta, el terror mezcla <strong>elementos m\u00edticos con la actualidad<\/strong> para mostrar un <strong>poder femenino<\/strong> que emerge desde lo <strong>sobrenatural, lo corporal y lo emocional<\/strong>, sin edulcorarlo ni fragmentarlo.<\/p>\n\n\n\n<figure class=\"wp-block-image size-full\"><img loading=\"lazy\" decoding=\"async\" width=\"800\" height=\"533\" src=\"https:\/\/www.alasmedios.com\/wp-content\/uploads\/2026\/01\/1.jpg\" alt=\"\" class=\"wp-image-7333\" srcset=\"https:\/\/www.alasmedios.com\/wp-content\/uploads\/2026\/01\/1.jpg 800w, https:\/\/www.alasmedios.com\/wp-content\/uploads\/2026\/01\/1-300x200.jpg 300w, https:\/\/www.alasmedios.com\/wp-content\/uploads\/2026\/01\/1-768x512.jpg 768w\" sizes=\"auto, (max-width: 800px) 100vw, 800px\" \/><figcaption class=\"wp-element-caption\"><strong>Azul Kikey Castelli Olvera<\/strong> \/ Foto: UAEH<\/figcaption><\/figure>\n\n\n\n<p>Desde el <strong>Instituto de Ciencias Sociales y Humanidades (ICSHu)<\/strong>, la investigadora subray\u00f3 el valor del <strong>cine independiente e internacional<\/strong>, que se atreve a crear <strong>personajes femeninos complejos<\/strong>, romper con los <strong>roles tradicionales<\/strong> y ofrecer <strong>perspectivas distintas<\/strong> a las del modelo dominante de Hollywood. Estas producciones, dijo, permiten conocer la <strong>pluralidad de las mujeres<\/strong> y escapar de los clich\u00e9s repetidos por d\u00e9cadas.<\/p>\n\n\n\n<p>M\u00e1s que un g\u00e9nero menor, el terror se consolida como un <strong>territorio de reinvenci\u00f3n<\/strong>, donde lo femenino explora <strong>nuevas formas de poder y transformaci\u00f3n<\/strong>. En historias como <strong>Venus<\/strong>, la mujer deja de ser v\u00edctima o salvadora para convertirse en un ser que <strong>reconoce su fuerza en medio del horror<\/strong> y se transforma en algo que <strong>trasciende lo humano<\/strong>.<\/p>\n\n\n<ul class=\"wp-block-latest-posts__list is-grid columns-3 wp-block-latest-posts\"><li><div class=\"wp-block-latest-posts__featured-image\"><img loading=\"lazy\" decoding=\"async\" width=\"150\" height=\"150\" src=\"https:\/\/www.alasmedios.com\/wp-content\/uploads\/2026\/05\/USEP-calidad-hospitalaria-150x150.jpeg\" class=\"attachment-thumbnail size-thumbnail wp-post-image\" alt=\"\" style=\"\" \/><\/div><a class=\"wp-block-latest-posts__post-title\" href=\"https:\/\/www.alasmedios.com\/index.php\/2026\/05\/01\/usep-activa-formacion-para-prevenir-riesgos-en-la-atencion-medica\/\">USEP activa formaci\u00f3n para prevenir riesgos en la atenci\u00f3n m\u00e9dica<\/a><\/li>\n<li><div class=\"wp-block-latest-posts__featured-image\"><img loading=\"lazy\" decoding=\"async\" width=\"150\" height=\"150\" src=\"https:\/\/www.alasmedios.com\/wp-content\/uploads\/2026\/05\/Super-Final-de-la-Copa-del-Mundo-de-Clavados-2026-150x150.jpeg\" class=\"attachment-thumbnail size-thumbnail wp-post-image\" alt=\"\" style=\"\" \/><\/div><a class=\"wp-block-latest-posts__post-title\" href=\"https:\/\/www.alasmedios.com\/index.php\/2026\/05\/01\/mexico-se-lanza-por-la-cima-once-clavadistas-buscan-la-gloria-mundial-en-pekin-2026\/\">M\u00e9xico se lanza por la cima: once clavadistas buscan la gloria mundial en Pek\u00edn 2026<\/a><\/li>\n<li><div class=\"wp-block-latest-posts__featured-image\"><img loading=\"lazy\" decoding=\"async\" width=\"150\" height=\"150\" src=\"https:\/\/www.alasmedios.com\/wp-content\/uploads\/2026\/04\/Puebla-el-Congreso-aprobo-el-Protocolo-Homologado-de-Investigacion-de-Delitos-contra-Personas-LGBTTTI-150x150.png\" class=\"attachment-thumbnail size-thumbnail wp-post-image\" alt=\"\" style=\"\" \/><\/div><a class=\"wp-block-latest-posts__post-title\" href=\"https:\/\/www.alasmedios.com\/index.php\/2026\/04\/30\/puebla-impulsa-protocolo-contra-delitos-lgbttti\/\">Puebla impulsa protocolo contra delitos LGBTTTI+<\/a><\/li>\n<\/ul>","protected":false},"excerpt":{"rendered":"<p>El terror posmoderno ya no coloca a las mujeres en el papel de v\u00edctimas silenciosas. Hoy, el g\u00e9nero apuesta por<\/p>\n","protected":false},"author":4,"featured_media":7336,"comment_status":"open","ping_status":"open","sticky":false,"template":"","format":"standard","meta":{"colormag_page_container_layout":"default_layout","colormag_page_sidebar_layout":"default_layout","rop_custom_images_group":[],"rop_custom_messages_group":[],"rop_publish_now":"initial","rop_publish_now_accounts":[],"rop_publish_now_history":[],"rop_publish_now_status":"pending","iawp_total_views":0,"footnotes":""},"categories":[45,41],"tags":[3207,3206,559],"class_list":["post-7332","post","type-post","status-publish","format-standard","has-post-thumbnail","hentry","category-ellas-dicen","category-hidalgo","tag-azul-kikey-castelli-olvera","tag-terror-posmoderno","tag-uaeh"],"magazineBlocksPostFeaturedMedia":{"thumbnail":"https:\/\/www.alasmedios.com\/wp-content\/uploads\/2026\/01\/Mujeres-que-toman-el-control-en-el-terror-posmoderno-150x150.png","medium":"https:\/\/www.alasmedios.com\/wp-content\/uploads\/2026\/01\/Mujeres-que-toman-el-control-en-el-terror-posmoderno-300x182.png","medium_large":"https:\/\/www.alasmedios.com\/wp-content\/uploads\/2026\/01\/Mujeres-que-toman-el-control-en-el-terror-posmoderno-768x466.png","large":"https:\/\/www.alasmedios.com\/wp-content\/uploads\/2026\/01\/Mujeres-que-toman-el-control-en-el-terror-posmoderno-1024x622.png","1536x1536":"https:\/\/www.alasmedios.com\/wp-content\/uploads\/2026\/01\/Mujeres-que-toman-el-control-en-el-terror-posmoderno-1536x932.png","2048x2048":"https:\/\/www.alasmedios.com\/wp-content\/uploads\/2026\/01\/Mujeres-que-toman-el-control-en-el-terror-posmoderno.png","colormag-highlighted-post":"https:\/\/www.alasmedios.com\/wp-content\/uploads\/2026\/01\/Mujeres-que-toman-el-control-en-el-terror-posmoderno-392x272.png","colormag-featured-post-medium":"https:\/\/www.alasmedios.com\/wp-content\/uploads\/2026\/01\/Mujeres-que-toman-el-control-en-el-terror-posmoderno-390x205.png","colormag-featured-post-small":"https:\/\/www.alasmedios.com\/wp-content\/uploads\/2026\/01\/Mujeres-que-toman-el-control-en-el-terror-posmoderno-130x90.png","colormag-featured-image":"https:\/\/www.alasmedios.com\/wp-content\/uploads\/2026\/01\/Mujeres-que-toman-el-control-en-el-terror-posmoderno-800x445.png","colormag-default-news":"https:\/\/www.alasmedios.com\/wp-content\/uploads\/2026\/01\/Mujeres-que-toman-el-control-en-el-terror-posmoderno-150x150.png","colormag-featured-image-large":"https:\/\/www.alasmedios.com\/wp-content\/uploads\/2026\/01\/Mujeres-que-toman-el-control-en-el-terror-posmoderno-1400x600.png"},"magazineBlocksPostAuthor":{"name":"Keila Rodr\u00edguez Pe\u00f1a","avatar":"https:\/\/secure.gravatar.com\/avatar\/a2553a2bfaa601b9d539b617c8793e151bdffb60f9e48a249912f86d4c9ebeef?s=96&d=mm&r=g"},"magazineBlocksPostCommentsNumber":"0","magazineBlocksPostExcerpt":"El terror posmoderno ya no coloca a las mujeres en el papel de v\u00edctimas silenciosas. Hoy, el g\u00e9nero apuesta por","magazineBlocksPostCategories":["Ellas Dicen","Hidalgo"],"magazineBlocksPostViewCount":76,"magazineBlocksPostReadTime":3,"magazine_blocks_featured_image_url":{"full":["https:\/\/www.alasmedios.com\/wp-content\/uploads\/2026\/01\/Mujeres-que-toman-el-control-en-el-terror-posmoderno.png",2000,1214,false],"medium":["https:\/\/www.alasmedios.com\/wp-content\/uploads\/2026\/01\/Mujeres-que-toman-el-control-en-el-terror-posmoderno-300x182.png",300,182,true],"thumbnail":["https:\/\/www.alasmedios.com\/wp-content\/uploads\/2026\/01\/Mujeres-que-toman-el-control-en-el-terror-posmoderno-150x150.png",150,150,true]},"magazine_blocks_author":{"display_name":"Keila Rodr\u00edguez Pe\u00f1a","author_link":"https:\/\/www.alasmedios.com\/index.php\/author\/keila\/"},"magazine_blocks_comment":0,"magazine_blocks_author_image":"https:\/\/secure.gravatar.com\/avatar\/a2553a2bfaa601b9d539b617c8793e151bdffb60f9e48a249912f86d4c9ebeef?s=96&d=mm&r=g","magazine_blocks_category":"<a href=\"#\" class=\"category-link category-link-45\">Ellas Dicen<\/a> <a href=\"#\" class=\"category-link category-link-41\">Hidalgo<\/a>","yoast_head":"<!-- This site is optimized with the Yoast SEO plugin v27.5 - https:\/\/yoast.com\/product\/yoast-seo-wordpress\/ -->\r\n<title>Mujeres que toman el control en el terror posmoderno - Alas Medios<\/title>\r\n<meta name=\"robots\" content=\"index, follow, max-snippet:-1, max-image-preview:large, max-video-preview:-1\" \/>\r\n<link rel=\"canonical\" href=\"https:\/\/www.alasmedios.com\/index.php\/2026\/01\/05\/mujeres-que-toman-el-control-en-el-terror-posmoderno\/\" \/>\r\n<meta property=\"og:locale\" content=\"es_MX\" \/>\r\n<meta property=\"og:type\" content=\"article\" \/>\r\n<meta property=\"og:title\" content=\"Mujeres que toman el control en el terror posmoderno - Alas Medios\" \/>\r\n<meta property=\"og:description\" content=\"El terror posmoderno ya no coloca a las mujeres en el papel de v\u00edctimas silenciosas. Hoy, el g\u00e9nero apuesta por\" \/>\r\n<meta property=\"og:url\" content=\"https:\/\/www.alasmedios.com\/index.php\/2026\/01\/05\/mujeres-que-toman-el-control-en-el-terror-posmoderno\/\" \/>\r\n<meta property=\"og:site_name\" content=\"Alas Medios\" \/>\r\n<meta property=\"article:published_time\" content=\"2026-01-05T13:54:35+00:00\" \/>\r\n<meta property=\"article:modified_time\" content=\"2026-01-05T14:02:52+00:00\" \/>\r\n<meta property=\"og:image\" content=\"https:\/\/www.alasmedios.com\/wp-content\/uploads\/2026\/01\/Mujeres-que-toman-el-control-en-el-terror-posmoderno.png\" \/>\r\n\t<meta property=\"og:image:width\" content=\"2000\" \/>\r\n\t<meta property=\"og:image:height\" content=\"1214\" \/>\r\n\t<meta property=\"og:image:type\" content=\"image\/png\" \/>\r\n<meta name=\"author\" content=\"Keila Rodr\u00edguez Pe\u00f1a\" \/>\r\n<meta name=\"twitter:card\" content=\"summary_large_image\" \/>\r\n<meta name=\"twitter:label1\" content=\"Escrito por\" \/>\n\t<meta name=\"twitter:data1\" content=\"Keila Rodr\u00edguez Pe\u00f1a\" \/>\n\t<meta name=\"twitter:label2\" content=\"Tiempo de lectura\" \/>\n\t<meta name=\"twitter:data2\" content=\"2 minutos\" \/>\r\n<script type=\"application\/ld+json\" class=\"yoast-schema-graph\">{\"@context\":\"https:\\\/\\\/schema.org\",\"@graph\":[{\"@type\":\"Article\",\"@id\":\"https:\\\/\\\/www.alasmedios.com\\\/index.php\\\/2026\\\/01\\\/05\\\/mujeres-que-toman-el-control-en-el-terror-posmoderno\\\/#article\",\"isPartOf\":{\"@id\":\"https:\\\/\\\/www.alasmedios.com\\\/index.php\\\/2026\\\/01\\\/05\\\/mujeres-que-toman-el-control-en-el-terror-posmoderno\\\/\"},\"author\":{\"name\":\"Keila Rodr\u00edguez Pe\u00f1a\",\"@id\":\"https:\\\/\\\/www.alasmedios.com\\\/#\\\/schema\\\/person\\\/0ba31bdd19a05ebf5c7fef1fedf99c34\"},\"headline\":\"Mujeres que toman el control en el terror posmoderno\",\"datePublished\":\"2026-01-05T13:54:35+00:00\",\"dateModified\":\"2026-01-05T14:02:52+00:00\",\"mainEntityOfPage\":{\"@id\":\"https:\\\/\\\/www.alasmedios.com\\\/index.php\\\/2026\\\/01\\\/05\\\/mujeres-que-toman-el-control-en-el-terror-posmoderno\\\/\"},\"wordCount\":414,\"commentCount\":0,\"publisher\":{\"@id\":\"https:\\\/\\\/www.alasmedios.com\\\/#organization\"},\"image\":{\"@id\":\"https:\\\/\\\/www.alasmedios.com\\\/index.php\\\/2026\\\/01\\\/05\\\/mujeres-que-toman-el-control-en-el-terror-posmoderno\\\/#primaryimage\"},\"thumbnailUrl\":\"https:\\\/\\\/www.alasmedios.com\\\/wp-content\\\/uploads\\\/2026\\\/01\\\/Mujeres-que-toman-el-control-en-el-terror-posmoderno.png\",\"keywords\":[\"Azul Kikey Castelli Olvera\",\"terror posmoderno\",\"UAEH\"],\"articleSection\":[\"Ellas Dicen\",\"Hidalgo\"],\"inLanguage\":\"es\",\"potentialAction\":[{\"@type\":\"CommentAction\",\"name\":\"Comment\",\"target\":[\"https:\\\/\\\/www.alasmedios.com\\\/index.php\\\/2026\\\/01\\\/05\\\/mujeres-que-toman-el-control-en-el-terror-posmoderno\\\/#respond\"]}]},{\"@type\":\"WebPage\",\"@id\":\"https:\\\/\\\/www.alasmedios.com\\\/index.php\\\/2026\\\/01\\\/05\\\/mujeres-que-toman-el-control-en-el-terror-posmoderno\\\/\",\"url\":\"https:\\\/\\\/www.alasmedios.com\\\/index.php\\\/2026\\\/01\\\/05\\\/mujeres-que-toman-el-control-en-el-terror-posmoderno\\\/\",\"name\":\"Mujeres que toman el control en el terror posmoderno - Alas Medios\",\"isPartOf\":{\"@id\":\"https:\\\/\\\/www.alasmedios.com\\\/#website\"},\"primaryImageOfPage\":{\"@id\":\"https:\\\/\\\/www.alasmedios.com\\\/index.php\\\/2026\\\/01\\\/05\\\/mujeres-que-toman-el-control-en-el-terror-posmoderno\\\/#primaryimage\"},\"image\":{\"@id\":\"https:\\\/\\\/www.alasmedios.com\\\/index.php\\\/2026\\\/01\\\/05\\\/mujeres-que-toman-el-control-en-el-terror-posmoderno\\\/#primaryimage\"},\"thumbnailUrl\":\"https:\\\/\\\/www.alasmedios.com\\\/wp-content\\\/uploads\\\/2026\\\/01\\\/Mujeres-que-toman-el-control-en-el-terror-posmoderno.png\",\"datePublished\":\"2026-01-05T13:54:35+00:00\",\"dateModified\":\"2026-01-05T14:02:52+00:00\",\"breadcrumb\":{\"@id\":\"https:\\\/\\\/www.alasmedios.com\\\/index.php\\\/2026\\\/01\\\/05\\\/mujeres-que-toman-el-control-en-el-terror-posmoderno\\\/#breadcrumb\"},\"inLanguage\":\"es\",\"potentialAction\":[{\"@type\":\"ReadAction\",\"target\":[\"https:\\\/\\\/www.alasmedios.com\\\/index.php\\\/2026\\\/01\\\/05\\\/mujeres-que-toman-el-control-en-el-terror-posmoderno\\\/\"]}]},{\"@type\":\"ImageObject\",\"inLanguage\":\"es\",\"@id\":\"https:\\\/\\\/www.alasmedios.com\\\/index.php\\\/2026\\\/01\\\/05\\\/mujeres-que-toman-el-control-en-el-terror-posmoderno\\\/#primaryimage\",\"url\":\"https:\\\/\\\/www.alasmedios.com\\\/wp-content\\\/uploads\\\/2026\\\/01\\\/Mujeres-que-toman-el-control-en-el-terror-posmoderno.png\",\"contentUrl\":\"https:\\\/\\\/www.alasmedios.com\\\/wp-content\\\/uploads\\\/2026\\\/01\\\/Mujeres-que-toman-el-control-en-el-terror-posmoderno.png\",\"width\":2000,\"height\":1214},{\"@type\":\"BreadcrumbList\",\"@id\":\"https:\\\/\\\/www.alasmedios.com\\\/index.php\\\/2026\\\/01\\\/05\\\/mujeres-que-toman-el-control-en-el-terror-posmoderno\\\/#breadcrumb\",\"itemListElement\":[{\"@type\":\"ListItem\",\"position\":1,\"name\":\"Inicio\",\"item\":\"https:\\\/\\\/www.alasmedios.com\\\/\"},{\"@type\":\"ListItem\",\"position\":2,\"name\":\"Mujeres que toman el control en el terror posmoderno\"}]},{\"@type\":\"WebSite\",\"@id\":\"https:\\\/\\\/www.alasmedios.com\\\/#website\",\"url\":\"https:\\\/\\\/www.alasmedios.com\\\/\",\"name\":\"Alas Medios\",\"description\":\"Alas para pensar, Alas para volar, Alas de libertad\",\"publisher\":{\"@id\":\"https:\\\/\\\/www.alasmedios.com\\\/#organization\"},\"potentialAction\":[{\"@type\":\"SearchAction\",\"target\":{\"@type\":\"EntryPoint\",\"urlTemplate\":\"https:\\\/\\\/www.alasmedios.com\\\/?s={search_term_string}\"},\"query-input\":{\"@type\":\"PropertyValueSpecification\",\"valueRequired\":true,\"valueName\":\"search_term_string\"}}],\"inLanguage\":\"es\"},{\"@type\":\"Organization\",\"@id\":\"https:\\\/\\\/www.alasmedios.com\\\/#organization\",\"name\":\"Alas Medios\",\"url\":\"https:\\\/\\\/www.alasmedios.com\\\/\",\"logo\":{\"@type\":\"ImageObject\",\"inLanguage\":\"es\",\"@id\":\"https:\\\/\\\/www.alasmedios.com\\\/#\\\/schema\\\/logo\\\/image\\\/\",\"url\":\"https:\\\/\\\/www.alasmedios.com\\\/wp-content\\\/uploads\\\/2026\\\/01\\\/cropped-cropped-GAM-1.png\",\"contentUrl\":\"https:\\\/\\\/www.alasmedios.com\\\/wp-content\\\/uploads\\\/2026\\\/01\\\/cropped-cropped-GAM-1.png\",\"width\":467,\"height\":235,\"caption\":\"Alas Medios\"},\"image\":{\"@id\":\"https:\\\/\\\/www.alasmedios.com\\\/#\\\/schema\\\/logo\\\/image\\\/\"}},{\"@type\":\"Person\",\"@id\":\"https:\\\/\\\/www.alasmedios.com\\\/#\\\/schema\\\/person\\\/0ba31bdd19a05ebf5c7fef1fedf99c34\",\"name\":\"Keila Rodr\u00edguez Pe\u00f1a\",\"image\":{\"@type\":\"ImageObject\",\"inLanguage\":\"es\",\"@id\":\"https:\\\/\\\/secure.gravatar.com\\\/avatar\\\/a2553a2bfaa601b9d539b617c8793e151bdffb60f9e48a249912f86d4c9ebeef?s=96&d=mm&r=g\",\"url\":\"https:\\\/\\\/secure.gravatar.com\\\/avatar\\\/a2553a2bfaa601b9d539b617c8793e151bdffb60f9e48a249912f86d4c9ebeef?s=96&d=mm&r=g\",\"contentUrl\":\"https:\\\/\\\/secure.gravatar.com\\\/avatar\\\/a2553a2bfaa601b9d539b617c8793e151bdffb60f9e48a249912f86d4c9ebeef?s=96&d=mm&r=g\",\"caption\":\"Keila Rodr\u00edguez Pe\u00f1a\"},\"sameAs\":[\"http:\\\/\\\/www.alasmedios.com\"],\"url\":\"https:\\\/\\\/www.alasmedios.com\\\/index.php\\\/author\\\/keila\\\/\"}]}<\/script>\r\n<!-- \/ Yoast SEO plugin. -->","yoast_head_json":{"title":"Mujeres que toman el control en el terror posmoderno - Alas Medios","robots":{"index":"index","follow":"follow","max-snippet":"max-snippet:-1","max-image-preview":"max-image-preview:large","max-video-preview":"max-video-preview:-1"},"canonical":"https:\/\/www.alasmedios.com\/index.php\/2026\/01\/05\/mujeres-que-toman-el-control-en-el-terror-posmoderno\/","og_locale":"es_MX","og_type":"article","og_title":"Mujeres que toman el control en el terror posmoderno - Alas Medios","og_description":"El terror posmoderno ya no coloca a las mujeres en el papel de v\u00edctimas silenciosas. Hoy, el g\u00e9nero apuesta por","og_url":"https:\/\/www.alasmedios.com\/index.php\/2026\/01\/05\/mujeres-que-toman-el-control-en-el-terror-posmoderno\/","og_site_name":"Alas Medios","article_published_time":"2026-01-05T13:54:35+00:00","article_modified_time":"2026-01-05T14:02:52+00:00","og_image":[{"width":2000,"height":1214,"url":"https:\/\/www.alasmedios.com\/wp-content\/uploads\/2026\/01\/Mujeres-que-toman-el-control-en-el-terror-posmoderno.png","type":"image\/png"}],"author":"Keila Rodr\u00edguez Pe\u00f1a","twitter_card":"summary_large_image","twitter_misc":{"Escrito por":"Keila Rodr\u00edguez Pe\u00f1a","Tiempo de lectura":"2 minutos"},"schema":{"@context":"https:\/\/schema.org","@graph":[{"@type":"Article","@id":"https:\/\/www.alasmedios.com\/index.php\/2026\/01\/05\/mujeres-que-toman-el-control-en-el-terror-posmoderno\/#article","isPartOf":{"@id":"https:\/\/www.alasmedios.com\/index.php\/2026\/01\/05\/mujeres-que-toman-el-control-en-el-terror-posmoderno\/"},"author":{"name":"Keila Rodr\u00edguez Pe\u00f1a","@id":"https:\/\/www.alasmedios.com\/#\/schema\/person\/0ba31bdd19a05ebf5c7fef1fedf99c34"},"headline":"Mujeres que toman el control en el terror posmoderno","datePublished":"2026-01-05T13:54:35+00:00","dateModified":"2026-01-05T14:02:52+00:00","mainEntityOfPage":{"@id":"https:\/\/www.alasmedios.com\/index.php\/2026\/01\/05\/mujeres-que-toman-el-control-en-el-terror-posmoderno\/"},"wordCount":414,"commentCount":0,"publisher":{"@id":"https:\/\/www.alasmedios.com\/#organization"},"image":{"@id":"https:\/\/www.alasmedios.com\/index.php\/2026\/01\/05\/mujeres-que-toman-el-control-en-el-terror-posmoderno\/#primaryimage"},"thumbnailUrl":"https:\/\/www.alasmedios.com\/wp-content\/uploads\/2026\/01\/Mujeres-que-toman-el-control-en-el-terror-posmoderno.png","keywords":["Azul Kikey Castelli Olvera","terror posmoderno","UAEH"],"articleSection":["Ellas Dicen","Hidalgo"],"inLanguage":"es","potentialAction":[{"@type":"CommentAction","name":"Comment","target":["https:\/\/www.alasmedios.com\/index.php\/2026\/01\/05\/mujeres-que-toman-el-control-en-el-terror-posmoderno\/#respond"]}]},{"@type":"WebPage","@id":"https:\/\/www.alasmedios.com\/index.php\/2026\/01\/05\/mujeres-que-toman-el-control-en-el-terror-posmoderno\/","url":"https:\/\/www.alasmedios.com\/index.php\/2026\/01\/05\/mujeres-que-toman-el-control-en-el-terror-posmoderno\/","name":"Mujeres que toman el control en el terror posmoderno - Alas Medios","isPartOf":{"@id":"https:\/\/www.alasmedios.com\/#website"},"primaryImageOfPage":{"@id":"https:\/\/www.alasmedios.com\/index.php\/2026\/01\/05\/mujeres-que-toman-el-control-en-el-terror-posmoderno\/#primaryimage"},"image":{"@id":"https:\/\/www.alasmedios.com\/index.php\/2026\/01\/05\/mujeres-que-toman-el-control-en-el-terror-posmoderno\/#primaryimage"},"thumbnailUrl":"https:\/\/www.alasmedios.com\/wp-content\/uploads\/2026\/01\/Mujeres-que-toman-el-control-en-el-terror-posmoderno.png","datePublished":"2026-01-05T13:54:35+00:00","dateModified":"2026-01-05T14:02:52+00:00","breadcrumb":{"@id":"https:\/\/www.alasmedios.com\/index.php\/2026\/01\/05\/mujeres-que-toman-el-control-en-el-terror-posmoderno\/#breadcrumb"},"inLanguage":"es","potentialAction":[{"@type":"ReadAction","target":["https:\/\/www.alasmedios.com\/index.php\/2026\/01\/05\/mujeres-que-toman-el-control-en-el-terror-posmoderno\/"]}]},{"@type":"ImageObject","inLanguage":"es","@id":"https:\/\/www.alasmedios.com\/index.php\/2026\/01\/05\/mujeres-que-toman-el-control-en-el-terror-posmoderno\/#primaryimage","url":"https:\/\/www.alasmedios.com\/wp-content\/uploads\/2026\/01\/Mujeres-que-toman-el-control-en-el-terror-posmoderno.png","contentUrl":"https:\/\/www.alasmedios.com\/wp-content\/uploads\/2026\/01\/Mujeres-que-toman-el-control-en-el-terror-posmoderno.png","width":2000,"height":1214},{"@type":"BreadcrumbList","@id":"https:\/\/www.alasmedios.com\/index.php\/2026\/01\/05\/mujeres-que-toman-el-control-en-el-terror-posmoderno\/#breadcrumb","itemListElement":[{"@type":"ListItem","position":1,"name":"Inicio","item":"https:\/\/www.alasmedios.com\/"},{"@type":"ListItem","position":2,"name":"Mujeres que toman el control en el terror posmoderno"}]},{"@type":"WebSite","@id":"https:\/\/www.alasmedios.com\/#website","url":"https:\/\/www.alasmedios.com\/","name":"Alas Medios","description":"Alas para pensar, Alas para volar, Alas de libertad","publisher":{"@id":"https:\/\/www.alasmedios.com\/#organization"},"potentialAction":[{"@type":"SearchAction","target":{"@type":"EntryPoint","urlTemplate":"https:\/\/www.alasmedios.com\/?s={search_term_string}"},"query-input":{"@type":"PropertyValueSpecification","valueRequired":true,"valueName":"search_term_string"}}],"inLanguage":"es"},{"@type":"Organization","@id":"https:\/\/www.alasmedios.com\/#organization","name":"Alas Medios","url":"https:\/\/www.alasmedios.com\/","logo":{"@type":"ImageObject","inLanguage":"es","@id":"https:\/\/www.alasmedios.com\/#\/schema\/logo\/image\/","url":"https:\/\/www.alasmedios.com\/wp-content\/uploads\/2026\/01\/cropped-cropped-GAM-1.png","contentUrl":"https:\/\/www.alasmedios.com\/wp-content\/uploads\/2026\/01\/cropped-cropped-GAM-1.png","width":467,"height":235,"caption":"Alas Medios"},"image":{"@id":"https:\/\/www.alasmedios.com\/#\/schema\/logo\/image\/"}},{"@type":"Person","@id":"https:\/\/www.alasmedios.com\/#\/schema\/person\/0ba31bdd19a05ebf5c7fef1fedf99c34","name":"Keila Rodr\u00edguez Pe\u00f1a","image":{"@type":"ImageObject","inLanguage":"es","@id":"https:\/\/secure.gravatar.com\/avatar\/a2553a2bfaa601b9d539b617c8793e151bdffb60f9e48a249912f86d4c9ebeef?s=96&d=mm&r=g","url":"https:\/\/secure.gravatar.com\/avatar\/a2553a2bfaa601b9d539b617c8793e151bdffb60f9e48a249912f86d4c9ebeef?s=96&d=mm&r=g","contentUrl":"https:\/\/secure.gravatar.com\/avatar\/a2553a2bfaa601b9d539b617c8793e151bdffb60f9e48a249912f86d4c9ebeef?s=96&d=mm&r=g","caption":"Keila Rodr\u00edguez Pe\u00f1a"},"sameAs":["http:\/\/www.alasmedios.com"],"url":"https:\/\/www.alasmedios.com\/index.php\/author\/keila\/"}]}},"_links":{"self":[{"href":"https:\/\/www.alasmedios.com\/index.php\/wp-json\/wp\/v2\/posts\/7332","targetHints":{"allow":["GET"]}}],"collection":[{"href":"https:\/\/www.alasmedios.com\/index.php\/wp-json\/wp\/v2\/posts"}],"about":[{"href":"https:\/\/www.alasmedios.com\/index.php\/wp-json\/wp\/v2\/types\/post"}],"author":[{"embeddable":true,"href":"https:\/\/www.alasmedios.com\/index.php\/wp-json\/wp\/v2\/users\/4"}],"replies":[{"embeddable":true,"href":"https:\/\/www.alasmedios.com\/index.php\/wp-json\/wp\/v2\/comments?post=7332"}],"version-history":[{"count":1,"href":"https:\/\/www.alasmedios.com\/index.php\/wp-json\/wp\/v2\/posts\/7332\/revisions"}],"predecessor-version":[{"id":7334,"href":"https:\/\/www.alasmedios.com\/index.php\/wp-json\/wp\/v2\/posts\/7332\/revisions\/7334"}],"wp:featuredmedia":[{"embeddable":true,"href":"https:\/\/www.alasmedios.com\/index.php\/wp-json\/wp\/v2\/media\/7336"}],"wp:attachment":[{"href":"https:\/\/www.alasmedios.com\/index.php\/wp-json\/wp\/v2\/media?parent=7332"}],"wp:term":[{"taxonomy":"category","embeddable":true,"href":"https:\/\/www.alasmedios.com\/index.php\/wp-json\/wp\/v2\/categories?post=7332"},{"taxonomy":"post_tag","embeddable":true,"href":"https:\/\/www.alasmedios.com\/index.php\/wp-json\/wp\/v2\/tags?post=7332"}],"curies":[{"name":"wp","href":"https:\/\/api.w.org\/{rel}","templated":true}]}}