{"id":7329,"date":"2026-01-03T10:25:00","date_gmt":"2026-01-03T16:25:00","guid":{"rendered":"https:\/\/www.alasmedios.com\/?p=7329"},"modified":"2026-01-06T13:31:17","modified_gmt":"2026-01-06T19:31:17","slug":"cdmx-cuando-airbnb-empuja-a-los-vecinos-fuera-de-casa","status":"publish","type":"post","link":"https:\/\/www.alasmedios.com\/index.php\/2026\/01\/03\/cdmx-cuando-airbnb-empuja-a-los-vecinos-fuera-de-casa\/","title":{"rendered":"CDMX: cuando Airbnb empuja a los vecinos fuera de casa"},"content":{"rendered":"\n<p>En 2014 llegaron sin ruido. <strong>Uno por aqu\u00ed, otro por all\u00e1<\/strong>. En la <strong>Hip\u00f3dromo Condesa<\/strong> el crecimiento de <strong>Airbnb<\/strong> no s\u00f3lo transform\u00f3 fachadas y rutinas: <strong>aceler\u00f3 el desplazamiento de habitantes<\/strong> en una de las zonas m\u00e1s presionadas de la <strong>Ciudad de M\u00e9xico<\/strong>.<\/p>\n\n\n\n<p>Desde 2014, los alojamientos temporales comenzaron a instalarse de forma dispersa. Una d\u00e9cada despu\u00e9s, <strong>m\u00e1s de mil espacios<\/strong> se concentran en el pol\u00edgono, de acuerdo con testimonios vecinales y plataformas de monitoreo. La se\u00f1al m\u00e1s clara del cambio no es tur\u00edstica, es habitacional: <strong>departamentos que dejaron de rentarse para vivir<\/strong> y pasaron a alquilarse por d\u00edas.<\/p>\n\n\n\n<p>Las cifras refuerzan la alerta. Seg\u00fan <strong>Inside Airbnb<\/strong>, la CDMX registra <strong>m\u00e1s de 26 mil anuncios activos<\/strong>, y <strong>65 por ciento<\/strong> son <strong>viviendas completas<\/strong>, es decir, casas y departamentos fuera del mercado de renta tradicional. El sitio oficial de <strong>Airbnb<\/strong> eleva la cifra a <strong>30 mil 430 alojamientos<\/strong>, con <strong>Cuauht\u00e9moc<\/strong> y <strong>Miguel Hidalgo<\/strong> a la cabeza.<\/p>\n\n\n\n<p>CONTIN\u00daA LEYENDO: <a href=\"https:\/\/www.alasmedios.com\/index.php\/2026\/01\/03\/capturan-a-nicolas-maduro-y-a-cilia-flores-estados-unidos-en-venezuela\/\" data-type=\"post\" data-id=\"7324\">Operaci\u00f3n rel\u00e1mpago: Capturan a Nicol\u00e1s Maduro y a Cilia Flores tras ataque de Estados Unidos en Venezuela<\/a><\/p>\n\n\n\n<p>El auge de los <strong>n\u00f3madas digitales en 2022<\/strong> marc\u00f3 un punto de inflexi\u00f3n. Colonias como <strong>Roma, Condesa y Centro Hist\u00f3rico<\/strong> se encarecieron de forma acelerada. La consecuencia directa fue el <strong>aumento de rentas<\/strong> y la salida paulatina de inquilinos que ya no pudieron pagar. <em>\u201cEs cuando <strong>brotaron como hongos<\/strong>\u201d<\/em>, relatan vecinos.<\/p>\n\n\n\n<p>En una ciudad con <strong>d\u00e9ficit de vivienda<\/strong>, cada departamento convertido en Airbnb significa <strong>una opci\u00f3n menos para quienes buscan rentar a largo plazo<\/strong>. Mientras las estancias duran entre <strong>tres y siete d\u00edas<\/strong>, los precios por noche oscilan entre <strong>mil 600 pesos y m\u00e1s de 15 mil<\/strong>, cifras inaccesibles para la mayor\u00eda de los residentes.<\/p>\n\n\n\n<p>La presi\u00f3n no se limita a lo econ\u00f3mico. En edificios completos que operan como hospedaje \u2014como uno ubicado sobre <strong>avenida M\u00e9xico<\/strong>, entre <strong>Citlalt\u00e9petl y Chilpancingo<\/strong>\u2014 la rotaci\u00f3n constante de visitantes <strong>rompe la vida comunitaria<\/strong>. Un hu\u00e9sped extranjero pag\u00f3 <strong>20 mil 400 pesos por una semana<\/strong>, m\u00e1s de lo que muchos vecinos destinaban a su renta mensual hace apenas unos a\u00f1os.<\/p>\n\n\n\n<p>Adem\u00e1s, la conversi\u00f3n es activa. \u201c<strong>Dejan propaganda en los edificios<\/strong> para convencer a propietarios de ceder sus departamentos\u201d, se\u00f1ala <strong>Raquel Nava<\/strong>, representante de la <strong>Copaco<\/strong> de la Hip\u00f3dromo. El resultado es un proceso silencioso pero constante: <strong>menos vecinos, m\u00e1s maletas<\/strong>.<\/p>\n\n\n\n<p>TE PUEDE INTERESAR: <a href=\"https:\/\/www.alasmedios.com\/index.php\/2026\/01\/02\/reverbera-arte-que-vibra-en-pachuca\/\" data-type=\"post\" data-id=\"7306\">\u201cReverbera\u201d: arte que vibra en Pachuca<\/a><\/p>\n\n\n\n<p>La <strong>Hip\u00f3dromo Condesa<\/strong> ya no solo atrae turismo; se ha convertido en un ejemplo de c\u00f3mo el alquiler temporal, sin controles efectivos, <strong>desplaza a quienes hicieron barrio<\/strong>, reconfigurando la ciudad a favor del visitante y en contra del derecho a habitarla.<\/p>\n\n\n<ul class=\"wp-block-latest-posts__list is-grid columns-3 wp-block-latest-posts\"><li><div class=\"wp-block-latest-posts__featured-image\"><img loading=\"lazy\" decoding=\"async\" width=\"150\" height=\"150\" src=\"https:\/\/www.alasmedios.com\/wp-content\/uploads\/2026\/05\/AMPEP-inteligencia-artificial-150x150.jpg\" class=\"attachment-thumbnail size-thumbnail wp-post-image\" alt=\"\" style=\"\" \/><\/div><a class=\"wp-block-latest-posts__post-title\" href=\"https:\/\/www.alasmedios.com\/index.php\/2026\/05\/01\/periodismo-frente-a-la-ia-ampep-asume-liderazgo-y-apuesta-por-contar-historias-con-alma\/\">Periodismo frente a la IA: AMPEP asume liderazgo y apuesta por contar historias con \u201calma\u201d<\/a><\/li>\n<li><div class=\"wp-block-latest-posts__featured-image\"><img loading=\"lazy\" decoding=\"async\" width=\"150\" height=\"150\" src=\"https:\/\/www.alasmedios.com\/wp-content\/uploads\/2026\/05\/Hidalgo-viene-un-respiro-con-el-frente-frio-48-150x150.png\" class=\"attachment-thumbnail size-thumbnail wp-post-image\" alt=\"\" style=\"\" \/><\/div><a class=\"wp-block-latest-posts__post-title\" href=\"https:\/\/www.alasmedios.com\/index.php\/2026\/05\/01\/frente-frio-48-un-alivio-asi-impactara-en-hidalgo\/\">Frente fr\u00edo 48, un alivio: as\u00ed impactar\u00e1 en Hidalgo<\/a><\/li>\n<li><div class=\"wp-block-latest-posts__featured-image\"><img loading=\"lazy\" decoding=\"async\" width=\"150\" height=\"150\" src=\"https:\/\/www.alasmedios.com\/wp-content\/uploads\/2026\/05\/mujeres-depresion-posparto-150x150.png\" class=\"attachment-thumbnail size-thumbnail wp-post-image\" alt=\"\" style=\"\" \/><\/div><a class=\"wp-block-latest-posts__post-title\" href=\"https:\/\/www.alasmedios.com\/index.php\/2026\/05\/01\/1-de-cada-15-mujeres-sufre-depresion-posparto\/\">1 de cada 15 mujeres sufre depresi\u00f3n posparto<\/a><\/li>\n<\/ul>","protected":false},"excerpt":{"rendered":"<p>En 2014 llegaron sin ruido. Uno por aqu\u00ed, otro por all\u00e1. En la Hip\u00f3dromo Condesa el crecimiento de Airbnb no<\/p>\n","protected":false},"author":4,"featured_media":7330,"comment_status":"open","ping_status":"open","sticky":false,"template":"","format":"standard","meta":{"colormag_page_container_layout":"default_layout","colormag_page_sidebar_layout":"default_layout","rop_custom_images_group":[],"rop_custom_messages_group":[],"rop_publish_now":"initial","rop_publish_now_accounts":[],"rop_publish_now_history":[],"rop_publish_now_status":"pending","iawp_total_views":0,"footnotes":""},"categories":[3222],"tags":[3204,664,456,3205,166],"class_list":["post-7329","post","type-post","status-publish","format-standard","has-post-thumbnail","hentry","category-mexico","tag-airbnb","tag-cdmx","tag-derechos","tag-desplazamiento","tag-mexico"],"magazineBlocksPostFeaturedMedia":{"thumbnail":"https:\/\/www.alasmedios.com\/wp-content\/uploads\/2026\/01\/CDMX-cuando-Airbnb-empuja-a-los-vecinos-fuera-de-casa-150x150.png","medium":"https:\/\/www.alasmedios.com\/wp-content\/uploads\/2026\/01\/CDMX-cuando-Airbnb-empuja-a-los-vecinos-fuera-de-casa-300x182.png","medium_large":"https:\/\/www.alasmedios.com\/wp-content\/uploads\/2026\/01\/CDMX-cuando-Airbnb-empuja-a-los-vecinos-fuera-de-casa-768x466.png","large":"https:\/\/www.alasmedios.com\/wp-content\/uploads\/2026\/01\/CDMX-cuando-Airbnb-empuja-a-los-vecinos-fuera-de-casa-1024x622.png","1536x1536":"https:\/\/www.alasmedios.com\/wp-content\/uploads\/2026\/01\/CDMX-cuando-Airbnb-empuja-a-los-vecinos-fuera-de-casa-1536x932.png","2048x2048":"https:\/\/www.alasmedios.com\/wp-content\/uploads\/2026\/01\/CDMX-cuando-Airbnb-empuja-a-los-vecinos-fuera-de-casa.png","colormag-highlighted-post":"https:\/\/www.alasmedios.com\/wp-content\/uploads\/2026\/01\/CDMX-cuando-Airbnb-empuja-a-los-vecinos-fuera-de-casa-392x272.png","colormag-featured-post-medium":"https:\/\/www.alasmedios.com\/wp-content\/uploads\/2026\/01\/CDMX-cuando-Airbnb-empuja-a-los-vecinos-fuera-de-casa-390x205.png","colormag-featured-post-small":"https:\/\/www.alasmedios.com\/wp-content\/uploads\/2026\/01\/CDMX-cuando-Airbnb-empuja-a-los-vecinos-fuera-de-casa-130x90.png","colormag-featured-image":"https:\/\/www.alasmedios.com\/wp-content\/uploads\/2026\/01\/CDMX-cuando-Airbnb-empuja-a-los-vecinos-fuera-de-casa-800x445.png","colormag-default-news":"https:\/\/www.alasmedios.com\/wp-content\/uploads\/2026\/01\/CDMX-cuando-Airbnb-empuja-a-los-vecinos-fuera-de-casa-150x150.png","colormag-featured-image-large":"https:\/\/www.alasmedios.com\/wp-content\/uploads\/2026\/01\/CDMX-cuando-Airbnb-empuja-a-los-vecinos-fuera-de-casa-1400x600.png"},"magazineBlocksPostAuthor":{"name":"Keila Rodr\u00edguez Pe\u00f1a","avatar":"https:\/\/secure.gravatar.com\/avatar\/a2553a2bfaa601b9d539b617c8793e151bdffb60f9e48a249912f86d4c9ebeef?s=96&d=mm&r=g"},"magazineBlocksPostCommentsNumber":"0","magazineBlocksPostExcerpt":"En 2014 llegaron sin ruido. Uno por aqu\u00ed, otro por all\u00e1. En la Hip\u00f3dromo Condesa el crecimiento de Airbnb no","magazineBlocksPostCategories":["M\u00e9xico"],"magazineBlocksPostViewCount":95,"magazineBlocksPostReadTime":3,"magazine_blocks_featured_image_url":{"full":["https:\/\/www.alasmedios.com\/wp-content\/uploads\/2026\/01\/CDMX-cuando-Airbnb-empuja-a-los-vecinos-fuera-de-casa.png",2000,1214,false],"medium":["https:\/\/www.alasmedios.com\/wp-content\/uploads\/2026\/01\/CDMX-cuando-Airbnb-empuja-a-los-vecinos-fuera-de-casa-300x182.png",300,182,true],"thumbnail":["https:\/\/www.alasmedios.com\/wp-content\/uploads\/2026\/01\/CDMX-cuando-Airbnb-empuja-a-los-vecinos-fuera-de-casa-150x150.png",150,150,true]},"magazine_blocks_author":{"display_name":"Keila Rodr\u00edguez Pe\u00f1a","author_link":"https:\/\/www.alasmedios.com\/index.php\/author\/keila\/"},"magazine_blocks_comment":0,"magazine_blocks_author_image":"https:\/\/secure.gravatar.com\/avatar\/a2553a2bfaa601b9d539b617c8793e151bdffb60f9e48a249912f86d4c9ebeef?s=96&d=mm&r=g","magazine_blocks_category":"<a href=\"#\" class=\"category-link category-link-3222\">M\u00e9xico<\/a>","yoast_head":"<!-- This site is optimized with the Yoast SEO plugin v27.5 - https:\/\/yoast.com\/product\/yoast-seo-wordpress\/ -->\r\n<title>CDMX: cuando Airbnb empuja a los vecinos fuera de casa - Alas Medios<\/title>\r\n<meta name=\"robots\" content=\"index, follow, max-snippet:-1, max-image-preview:large, max-video-preview:-1\" \/>\r\n<link rel=\"canonical\" href=\"https:\/\/www.alasmedios.com\/index.php\/2026\/01\/03\/cdmx-cuando-airbnb-empuja-a-los-vecinos-fuera-de-casa\/\" \/>\r\n<meta property=\"og:locale\" content=\"es_MX\" \/>\r\n<meta property=\"og:type\" content=\"article\" \/>\r\n<meta property=\"og:title\" content=\"CDMX: cuando Airbnb empuja a los vecinos fuera de casa - Alas Medios\" \/>\r\n<meta property=\"og:description\" content=\"En 2014 llegaron sin ruido. Uno por aqu\u00ed, otro por all\u00e1. En la Hip\u00f3dromo Condesa el crecimiento de Airbnb no\" \/>\r\n<meta property=\"og:url\" content=\"https:\/\/www.alasmedios.com\/index.php\/2026\/01\/03\/cdmx-cuando-airbnb-empuja-a-los-vecinos-fuera-de-casa\/\" \/>\r\n<meta property=\"og:site_name\" content=\"Alas Medios\" \/>\r\n<meta property=\"article:published_time\" content=\"2026-01-03T16:25:00+00:00\" \/>\r\n<meta property=\"article:modified_time\" content=\"2026-01-06T19:31:17+00:00\" \/>\r\n<meta property=\"og:image\" content=\"https:\/\/www.alasmedios.com\/wp-content\/uploads\/2026\/01\/CDMX-cuando-Airbnb-empuja-a-los-vecinos-fuera-de-casa-1024x622.png\" \/>\r\n\t<meta property=\"og:image:width\" content=\"1024\" \/>\r\n\t<meta property=\"og:image:height\" content=\"622\" \/>\r\n\t<meta property=\"og:image:type\" content=\"image\/png\" \/>\r\n<meta name=\"author\" content=\"Keila Rodr\u00edguez Pe\u00f1a\" \/>\r\n<meta name=\"twitter:card\" content=\"summary_large_image\" \/>\r\n<meta name=\"twitter:label1\" content=\"Escrito por\" \/>\n\t<meta name=\"twitter:data1\" content=\"Keila Rodr\u00edguez Pe\u00f1a\" \/>\n\t<meta name=\"twitter:label2\" content=\"Tiempo de lectura\" \/>\n\t<meta name=\"twitter:data2\" content=\"2 minutos\" \/>\r\n<script type=\"application\/ld+json\" class=\"yoast-schema-graph\">{\"@context\":\"https:\\\/\\\/schema.org\",\"@graph\":[{\"@type\":\"Article\",\"@id\":\"https:\\\/\\\/www.alasmedios.com\\\/index.php\\\/2026\\\/01\\\/03\\\/cdmx-cuando-airbnb-empuja-a-los-vecinos-fuera-de-casa\\\/#article\",\"isPartOf\":{\"@id\":\"https:\\\/\\\/www.alasmedios.com\\\/index.php\\\/2026\\\/01\\\/03\\\/cdmx-cuando-airbnb-empuja-a-los-vecinos-fuera-de-casa\\\/\"},\"author\":{\"name\":\"Keila Rodr\u00edguez Pe\u00f1a\",\"@id\":\"https:\\\/\\\/www.alasmedios.com\\\/#\\\/schema\\\/person\\\/0ba31bdd19a05ebf5c7fef1fedf99c34\"},\"headline\":\"CDMX: cuando Airbnb empuja a los vecinos fuera de casa\",\"datePublished\":\"2026-01-03T16:25:00+00:00\",\"dateModified\":\"2026-01-06T19:31:17+00:00\",\"mainEntityOfPage\":{\"@id\":\"https:\\\/\\\/www.alasmedios.com\\\/index.php\\\/2026\\\/01\\\/03\\\/cdmx-cuando-airbnb-empuja-a-los-vecinos-fuera-de-casa\\\/\"},\"wordCount\":469,\"commentCount\":0,\"publisher\":{\"@id\":\"https:\\\/\\\/www.alasmedios.com\\\/#organization\"},\"image\":{\"@id\":\"https:\\\/\\\/www.alasmedios.com\\\/index.php\\\/2026\\\/01\\\/03\\\/cdmx-cuando-airbnb-empuja-a-los-vecinos-fuera-de-casa\\\/#primaryimage\"},\"thumbnailUrl\":\"https:\\\/\\\/www.alasmedios.com\\\/wp-content\\\/uploads\\\/2026\\\/01\\\/CDMX-cuando-Airbnb-empuja-a-los-vecinos-fuera-de-casa.png\",\"keywords\":[\"Airbnb\",\"CDMX\",\"derechos\",\"desplazamiento\",\"M\u00e9xico\"],\"articleSection\":[\"M\u00e9xico\"],\"inLanguage\":\"es\",\"potentialAction\":[{\"@type\":\"CommentAction\",\"name\":\"Comment\",\"target\":[\"https:\\\/\\\/www.alasmedios.com\\\/index.php\\\/2026\\\/01\\\/03\\\/cdmx-cuando-airbnb-empuja-a-los-vecinos-fuera-de-casa\\\/#respond\"]}]},{\"@type\":\"WebPage\",\"@id\":\"https:\\\/\\\/www.alasmedios.com\\\/index.php\\\/2026\\\/01\\\/03\\\/cdmx-cuando-airbnb-empuja-a-los-vecinos-fuera-de-casa\\\/\",\"url\":\"https:\\\/\\\/www.alasmedios.com\\\/index.php\\\/2026\\\/01\\\/03\\\/cdmx-cuando-airbnb-empuja-a-los-vecinos-fuera-de-casa\\\/\",\"name\":\"CDMX: cuando Airbnb empuja a los vecinos fuera de casa - Alas Medios\",\"isPartOf\":{\"@id\":\"https:\\\/\\\/www.alasmedios.com\\\/#website\"},\"primaryImageOfPage\":{\"@id\":\"https:\\\/\\\/www.alasmedios.com\\\/index.php\\\/2026\\\/01\\\/03\\\/cdmx-cuando-airbnb-empuja-a-los-vecinos-fuera-de-casa\\\/#primaryimage\"},\"image\":{\"@id\":\"https:\\\/\\\/www.alasmedios.com\\\/index.php\\\/2026\\\/01\\\/03\\\/cdmx-cuando-airbnb-empuja-a-los-vecinos-fuera-de-casa\\\/#primaryimage\"},\"thumbnailUrl\":\"https:\\\/\\\/www.alasmedios.com\\\/wp-content\\\/uploads\\\/2026\\\/01\\\/CDMX-cuando-Airbnb-empuja-a-los-vecinos-fuera-de-casa.png\",\"datePublished\":\"2026-01-03T16:25:00+00:00\",\"dateModified\":\"2026-01-06T19:31:17+00:00\",\"breadcrumb\":{\"@id\":\"https:\\\/\\\/www.alasmedios.com\\\/index.php\\\/2026\\\/01\\\/03\\\/cdmx-cuando-airbnb-empuja-a-los-vecinos-fuera-de-casa\\\/#breadcrumb\"},\"inLanguage\":\"es\",\"potentialAction\":[{\"@type\":\"ReadAction\",\"target\":[\"https:\\\/\\\/www.alasmedios.com\\\/index.php\\\/2026\\\/01\\\/03\\\/cdmx-cuando-airbnb-empuja-a-los-vecinos-fuera-de-casa\\\/\"]}]},{\"@type\":\"ImageObject\",\"inLanguage\":\"es\",\"@id\":\"https:\\\/\\\/www.alasmedios.com\\\/index.php\\\/2026\\\/01\\\/03\\\/cdmx-cuando-airbnb-empuja-a-los-vecinos-fuera-de-casa\\\/#primaryimage\",\"url\":\"https:\\\/\\\/www.alasmedios.com\\\/wp-content\\\/uploads\\\/2026\\\/01\\\/CDMX-cuando-Airbnb-empuja-a-los-vecinos-fuera-de-casa.png\",\"contentUrl\":\"https:\\\/\\\/www.alasmedios.com\\\/wp-content\\\/uploads\\\/2026\\\/01\\\/CDMX-cuando-Airbnb-empuja-a-los-vecinos-fuera-de-casa.png\",\"width\":2000,\"height\":1214},{\"@type\":\"BreadcrumbList\",\"@id\":\"https:\\\/\\\/www.alasmedios.com\\\/index.php\\\/2026\\\/01\\\/03\\\/cdmx-cuando-airbnb-empuja-a-los-vecinos-fuera-de-casa\\\/#breadcrumb\",\"itemListElement\":[{\"@type\":\"ListItem\",\"position\":1,\"name\":\"Inicio\",\"item\":\"https:\\\/\\\/www.alasmedios.com\\\/\"},{\"@type\":\"ListItem\",\"position\":2,\"name\":\"CDMX: cuando Airbnb empuja a los vecinos fuera de casa\"}]},{\"@type\":\"WebSite\",\"@id\":\"https:\\\/\\\/www.alasmedios.com\\\/#website\",\"url\":\"https:\\\/\\\/www.alasmedios.com\\\/\",\"name\":\"Alas Medios\",\"description\":\"Alas para pensar, Alas para volar, Alas de libertad\",\"publisher\":{\"@id\":\"https:\\\/\\\/www.alasmedios.com\\\/#organization\"},\"potentialAction\":[{\"@type\":\"SearchAction\",\"target\":{\"@type\":\"EntryPoint\",\"urlTemplate\":\"https:\\\/\\\/www.alasmedios.com\\\/?s={search_term_string}\"},\"query-input\":{\"@type\":\"PropertyValueSpecification\",\"valueRequired\":true,\"valueName\":\"search_term_string\"}}],\"inLanguage\":\"es\"},{\"@type\":\"Organization\",\"@id\":\"https:\\\/\\\/www.alasmedios.com\\\/#organization\",\"name\":\"Alas Medios\",\"url\":\"https:\\\/\\\/www.alasmedios.com\\\/\",\"logo\":{\"@type\":\"ImageObject\",\"inLanguage\":\"es\",\"@id\":\"https:\\\/\\\/www.alasmedios.com\\\/#\\\/schema\\\/logo\\\/image\\\/\",\"url\":\"https:\\\/\\\/www.alasmedios.com\\\/wp-content\\\/uploads\\\/2026\\\/01\\\/cropped-cropped-GAM-1.png\",\"contentUrl\":\"https:\\\/\\\/www.alasmedios.com\\\/wp-content\\\/uploads\\\/2026\\\/01\\\/cropped-cropped-GAM-1.png\",\"width\":467,\"height\":235,\"caption\":\"Alas Medios\"},\"image\":{\"@id\":\"https:\\\/\\\/www.alasmedios.com\\\/#\\\/schema\\\/logo\\\/image\\\/\"}},{\"@type\":\"Person\",\"@id\":\"https:\\\/\\\/www.alasmedios.com\\\/#\\\/schema\\\/person\\\/0ba31bdd19a05ebf5c7fef1fedf99c34\",\"name\":\"Keila Rodr\u00edguez Pe\u00f1a\",\"image\":{\"@type\":\"ImageObject\",\"inLanguage\":\"es\",\"@id\":\"https:\\\/\\\/secure.gravatar.com\\\/avatar\\\/a2553a2bfaa601b9d539b617c8793e151bdffb60f9e48a249912f86d4c9ebeef?s=96&d=mm&r=g\",\"url\":\"https:\\\/\\\/secure.gravatar.com\\\/avatar\\\/a2553a2bfaa601b9d539b617c8793e151bdffb60f9e48a249912f86d4c9ebeef?s=96&d=mm&r=g\",\"contentUrl\":\"https:\\\/\\\/secure.gravatar.com\\\/avatar\\\/a2553a2bfaa601b9d539b617c8793e151bdffb60f9e48a249912f86d4c9ebeef?s=96&d=mm&r=g\",\"caption\":\"Keila Rodr\u00edguez Pe\u00f1a\"},\"sameAs\":[\"http:\\\/\\\/www.alasmedios.com\"],\"url\":\"https:\\\/\\\/www.alasmedios.com\\\/index.php\\\/author\\\/keila\\\/\"}]}<\/script>\r\n<!-- \/ Yoast SEO plugin. -->","yoast_head_json":{"title":"CDMX: cuando Airbnb empuja a los vecinos fuera de casa - Alas Medios","robots":{"index":"index","follow":"follow","max-snippet":"max-snippet:-1","max-image-preview":"max-image-preview:large","max-video-preview":"max-video-preview:-1"},"canonical":"https:\/\/www.alasmedios.com\/index.php\/2026\/01\/03\/cdmx-cuando-airbnb-empuja-a-los-vecinos-fuera-de-casa\/","og_locale":"es_MX","og_type":"article","og_title":"CDMX: cuando Airbnb empuja a los vecinos fuera de casa - Alas Medios","og_description":"En 2014 llegaron sin ruido. Uno por aqu\u00ed, otro por all\u00e1. En la Hip\u00f3dromo Condesa el crecimiento de Airbnb no","og_url":"https:\/\/www.alasmedios.com\/index.php\/2026\/01\/03\/cdmx-cuando-airbnb-empuja-a-los-vecinos-fuera-de-casa\/","og_site_name":"Alas Medios","article_published_time":"2026-01-03T16:25:00+00:00","article_modified_time":"2026-01-06T19:31:17+00:00","og_image":[{"width":1024,"height":622,"url":"https:\/\/www.alasmedios.com\/wp-content\/uploads\/2026\/01\/CDMX-cuando-Airbnb-empuja-a-los-vecinos-fuera-de-casa-1024x622.png","type":"image\/png"}],"author":"Keila Rodr\u00edguez Pe\u00f1a","twitter_card":"summary_large_image","twitter_misc":{"Escrito por":"Keila Rodr\u00edguez Pe\u00f1a","Tiempo de lectura":"2 minutos"},"schema":{"@context":"https:\/\/schema.org","@graph":[{"@type":"Article","@id":"https:\/\/www.alasmedios.com\/index.php\/2026\/01\/03\/cdmx-cuando-airbnb-empuja-a-los-vecinos-fuera-de-casa\/#article","isPartOf":{"@id":"https:\/\/www.alasmedios.com\/index.php\/2026\/01\/03\/cdmx-cuando-airbnb-empuja-a-los-vecinos-fuera-de-casa\/"},"author":{"name":"Keila Rodr\u00edguez Pe\u00f1a","@id":"https:\/\/www.alasmedios.com\/#\/schema\/person\/0ba31bdd19a05ebf5c7fef1fedf99c34"},"headline":"CDMX: cuando Airbnb empuja a los vecinos fuera de casa","datePublished":"2026-01-03T16:25:00+00:00","dateModified":"2026-01-06T19:31:17+00:00","mainEntityOfPage":{"@id":"https:\/\/www.alasmedios.com\/index.php\/2026\/01\/03\/cdmx-cuando-airbnb-empuja-a-los-vecinos-fuera-de-casa\/"},"wordCount":469,"commentCount":0,"publisher":{"@id":"https:\/\/www.alasmedios.com\/#organization"},"image":{"@id":"https:\/\/www.alasmedios.com\/index.php\/2026\/01\/03\/cdmx-cuando-airbnb-empuja-a-los-vecinos-fuera-de-casa\/#primaryimage"},"thumbnailUrl":"https:\/\/www.alasmedios.com\/wp-content\/uploads\/2026\/01\/CDMX-cuando-Airbnb-empuja-a-los-vecinos-fuera-de-casa.png","keywords":["Airbnb","CDMX","derechos","desplazamiento","M\u00e9xico"],"articleSection":["M\u00e9xico"],"inLanguage":"es","potentialAction":[{"@type":"CommentAction","name":"Comment","target":["https:\/\/www.alasmedios.com\/index.php\/2026\/01\/03\/cdmx-cuando-airbnb-empuja-a-los-vecinos-fuera-de-casa\/#respond"]}]},{"@type":"WebPage","@id":"https:\/\/www.alasmedios.com\/index.php\/2026\/01\/03\/cdmx-cuando-airbnb-empuja-a-los-vecinos-fuera-de-casa\/","url":"https:\/\/www.alasmedios.com\/index.php\/2026\/01\/03\/cdmx-cuando-airbnb-empuja-a-los-vecinos-fuera-de-casa\/","name":"CDMX: cuando Airbnb empuja a los vecinos fuera de casa - Alas Medios","isPartOf":{"@id":"https:\/\/www.alasmedios.com\/#website"},"primaryImageOfPage":{"@id":"https:\/\/www.alasmedios.com\/index.php\/2026\/01\/03\/cdmx-cuando-airbnb-empuja-a-los-vecinos-fuera-de-casa\/#primaryimage"},"image":{"@id":"https:\/\/www.alasmedios.com\/index.php\/2026\/01\/03\/cdmx-cuando-airbnb-empuja-a-los-vecinos-fuera-de-casa\/#primaryimage"},"thumbnailUrl":"https:\/\/www.alasmedios.com\/wp-content\/uploads\/2026\/01\/CDMX-cuando-Airbnb-empuja-a-los-vecinos-fuera-de-casa.png","datePublished":"2026-01-03T16:25:00+00:00","dateModified":"2026-01-06T19:31:17+00:00","breadcrumb":{"@id":"https:\/\/www.alasmedios.com\/index.php\/2026\/01\/03\/cdmx-cuando-airbnb-empuja-a-los-vecinos-fuera-de-casa\/#breadcrumb"},"inLanguage":"es","potentialAction":[{"@type":"ReadAction","target":["https:\/\/www.alasmedios.com\/index.php\/2026\/01\/03\/cdmx-cuando-airbnb-empuja-a-los-vecinos-fuera-de-casa\/"]}]},{"@type":"ImageObject","inLanguage":"es","@id":"https:\/\/www.alasmedios.com\/index.php\/2026\/01\/03\/cdmx-cuando-airbnb-empuja-a-los-vecinos-fuera-de-casa\/#primaryimage","url":"https:\/\/www.alasmedios.com\/wp-content\/uploads\/2026\/01\/CDMX-cuando-Airbnb-empuja-a-los-vecinos-fuera-de-casa.png","contentUrl":"https:\/\/www.alasmedios.com\/wp-content\/uploads\/2026\/01\/CDMX-cuando-Airbnb-empuja-a-los-vecinos-fuera-de-casa.png","width":2000,"height":1214},{"@type":"BreadcrumbList","@id":"https:\/\/www.alasmedios.com\/index.php\/2026\/01\/03\/cdmx-cuando-airbnb-empuja-a-los-vecinos-fuera-de-casa\/#breadcrumb","itemListElement":[{"@type":"ListItem","position":1,"name":"Inicio","item":"https:\/\/www.alasmedios.com\/"},{"@type":"ListItem","position":2,"name":"CDMX: cuando Airbnb empuja a los vecinos fuera de casa"}]},{"@type":"WebSite","@id":"https:\/\/www.alasmedios.com\/#website","url":"https:\/\/www.alasmedios.com\/","name":"Alas Medios","description":"Alas para pensar, Alas para volar, Alas de libertad","publisher":{"@id":"https:\/\/www.alasmedios.com\/#organization"},"potentialAction":[{"@type":"SearchAction","target":{"@type":"EntryPoint","urlTemplate":"https:\/\/www.alasmedios.com\/?s={search_term_string}"},"query-input":{"@type":"PropertyValueSpecification","valueRequired":true,"valueName":"search_term_string"}}],"inLanguage":"es"},{"@type":"Organization","@id":"https:\/\/www.alasmedios.com\/#organization","name":"Alas Medios","url":"https:\/\/www.alasmedios.com\/","logo":{"@type":"ImageObject","inLanguage":"es","@id":"https:\/\/www.alasmedios.com\/#\/schema\/logo\/image\/","url":"https:\/\/www.alasmedios.com\/wp-content\/uploads\/2026\/01\/cropped-cropped-GAM-1.png","contentUrl":"https:\/\/www.alasmedios.com\/wp-content\/uploads\/2026\/01\/cropped-cropped-GAM-1.png","width":467,"height":235,"caption":"Alas Medios"},"image":{"@id":"https:\/\/www.alasmedios.com\/#\/schema\/logo\/image\/"}},{"@type":"Person","@id":"https:\/\/www.alasmedios.com\/#\/schema\/person\/0ba31bdd19a05ebf5c7fef1fedf99c34","name":"Keila Rodr\u00edguez Pe\u00f1a","image":{"@type":"ImageObject","inLanguage":"es","@id":"https:\/\/secure.gravatar.com\/avatar\/a2553a2bfaa601b9d539b617c8793e151bdffb60f9e48a249912f86d4c9ebeef?s=96&d=mm&r=g","url":"https:\/\/secure.gravatar.com\/avatar\/a2553a2bfaa601b9d539b617c8793e151bdffb60f9e48a249912f86d4c9ebeef?s=96&d=mm&r=g","contentUrl":"https:\/\/secure.gravatar.com\/avatar\/a2553a2bfaa601b9d539b617c8793e151bdffb60f9e48a249912f86d4c9ebeef?s=96&d=mm&r=g","caption":"Keila Rodr\u00edguez Pe\u00f1a"},"sameAs":["http:\/\/www.alasmedios.com"],"url":"https:\/\/www.alasmedios.com\/index.php\/author\/keila\/"}]}},"_links":{"self":[{"href":"https:\/\/www.alasmedios.com\/index.php\/wp-json\/wp\/v2\/posts\/7329","targetHints":{"allow":["GET"]}}],"collection":[{"href":"https:\/\/www.alasmedios.com\/index.php\/wp-json\/wp\/v2\/posts"}],"about":[{"href":"https:\/\/www.alasmedios.com\/index.php\/wp-json\/wp\/v2\/types\/post"}],"author":[{"embeddable":true,"href":"https:\/\/www.alasmedios.com\/index.php\/wp-json\/wp\/v2\/users\/4"}],"replies":[{"embeddable":true,"href":"https:\/\/www.alasmedios.com\/index.php\/wp-json\/wp\/v2\/comments?post=7329"}],"version-history":[{"count":1,"href":"https:\/\/www.alasmedios.com\/index.php\/wp-json\/wp\/v2\/posts\/7329\/revisions"}],"predecessor-version":[{"id":7331,"href":"https:\/\/www.alasmedios.com\/index.php\/wp-json\/wp\/v2\/posts\/7329\/revisions\/7331"}],"wp:featuredmedia":[{"embeddable":true,"href":"https:\/\/www.alasmedios.com\/index.php\/wp-json\/wp\/v2\/media\/7330"}],"wp:attachment":[{"href":"https:\/\/www.alasmedios.com\/index.php\/wp-json\/wp\/v2\/media?parent=7329"}],"wp:term":[{"taxonomy":"category","embeddable":true,"href":"https:\/\/www.alasmedios.com\/index.php\/wp-json\/wp\/v2\/categories?post=7329"},{"taxonomy":"post_tag","embeddable":true,"href":"https:\/\/www.alasmedios.com\/index.php\/wp-json\/wp\/v2\/tags?post=7329"}],"curies":[{"name":"wp","href":"https:\/\/api.w.org\/{rel}","templated":true}]}}