{"id":7324,"date":"2026-01-03T07:14:02","date_gmt":"2026-01-03T13:14:02","guid":{"rendered":"https:\/\/www.alasmedios.com\/?p=7324"},"modified":"2026-01-03T08:15:55","modified_gmt":"2026-01-03T14:15:55","slug":"capturan-a-nicolas-maduro-y-a-cilia-flores-estados-unidos-en-venezuela","status":"publish","type":"post","link":"https:\/\/www.alasmedios.com\/index.php\/2026\/01\/03\/capturan-a-nicolas-maduro-y-a-cilia-flores-estados-unidos-en-venezuela\/","title":{"rendered":"Operaci\u00f3n rel\u00e1mpago: Capturan a Nicol\u00e1s Maduro y a Cilia Flores tras ataque de Estados Unidos en Venezuela"},"content":{"rendered":"\n<p>En la madrugada de este <strong>3 de enero<\/strong>, un operativo militar de gran escala liderado por fuerzas de Estados Unidos sacudi\u00f3 a Venezuela: <strong>el presidente venezolano Nicol\u00e1s Maduro<\/strong> y su esposa, <strong>Cilia Flores<\/strong>, fueron capturados y retirados del pa\u00eds, confirm\u00f3 el propio <strong>Donald Trump<\/strong>, presidente de Estados Unidos, a trav\u00e9s de su red social Truth Social.<\/p>\n\n\n\n<p>Trump inform\u00f3 que la acci\u00f3n fue ejecutada con \u00e9xito por autoridades estadunidenses y adelant\u00f3 que <strong>ma\u00f1ana se realizar\u00e1 una conferencia de prensa en Mar-a-Lago<\/strong>, su residencia en Palm Beach, Florida, para detallar la operaci\u00f3n.<\/p>\n\n\n\n<p>Aunque los detalles operativos y jur\u00eddicos a\u00fan no han sido aclarados por Washington, fuentes no oficiales sugieren que Maduro podr\u00eda ser trasladado a <strong>Brooklyn, Nueva York<\/strong>, donde existe una acusaci\u00f3n en su contra por <strong>narcoterrorismo en la Corte para el Distrito Este de Nueva York<\/strong>.<\/p>\n\n\n\n<p>CONTIN\u00daA LEYENDO: <a href=\"https:\/\/www.alasmedios.com\/index.php\/2026\/01\/02\/sismo-de-6-5-sacude-guerrero\/\" data-type=\"post\" data-id=\"7312\">Sismo de 6.5 sacude Guerrero: reportan derrumbes, fugas de gas y afectaciones en carreteras<\/a><\/p>\n\n\n\n<h3 class=\"wp-block-heading\">Explosiones y aviones: la noche que Caracas se estremeci\u00f3<\/h3>\n\n\n\n<p>Al menos <strong>siete explosiones<\/strong> y varios cruces de detonaciones marcaron la madrugada en distintos sectores de <strong>Caracas<\/strong>, generando alarma entre los habitantes de la capital venezolana. Videos que circulan en redes muestran el estruendo de las detonaciones y el paso de aeronaves en el cielo urbano.<\/p>\n\n\n\n<blockquote class=\"instagram-media\" data-instgrm-captioned data-instgrm-permalink=\"https:\/\/www.instagram.com\/reel\/DTDRFMlkdko\/?utm_source=ig_embed&amp;utm_campaign=loading\" data-instgrm-version=\"14\" style=\" background:#FFF; border:0; border-radius:3px; box-shadow:0 0 1px 0 rgba(0,0,0,0.5),0 1px 10px 0 rgba(0,0,0,0.15); margin: 1px; max-width:540px; min-width:326px; padding:0; width:99.375%; width:-webkit-calc(100% - 2px); width:calc(100% - 2px);\"><div style=\"padding:16px;\"> <a href=\"https:\/\/www.instagram.com\/reel\/DTDRFMlkdko\/?utm_source=ig_embed&amp;utm_campaign=loading\" style=\" background:#FFFFFF; line-height:0; padding:0 0; text-align:center; text-decoration:none; width:100%;\" target=\"_blank\"> <div style=\" display: flex; flex-direction: row; align-items: center;\"> <div style=\"background-color: #F4F4F4; border-radius: 50%; flex-grow: 0; height: 40px; margin-right: 14px; width: 40px;\"><\/div> <div style=\"display: flex; flex-direction: column; flex-grow: 1; justify-content: center;\"> <div style=\" background-color: #F4F4F4; border-radius: 4px; flex-grow: 0; height: 14px; margin-bottom: 6px; width: 100px;\"><\/div> <div style=\" background-color: #F4F4F4; border-radius: 4px; flex-grow: 0; height: 14px; width: 60px;\"><\/div><\/div><\/div><div style=\"padding: 19% 0;\"><\/div> <div style=\"display:block; height:50px; margin:0 auto 12px; width:50px;\"><svg width=\"50px\" height=\"50px\" viewBox=\"0 0 60 60\" version=\"1.1\" xmlns=\"https:\/\/www.w3.org\/2000\/svg\" xmlns:xlink=\"https:\/\/www.w3.org\/1999\/xlink\"><g stroke=\"none\" stroke-width=\"1\" fill=\"none\" fill-rule=\"evenodd\"><g transform=\"translate(-511.000000, -20.000000)\" fill=\"#000000\"><g><path d=\"M556.869,30.41 C554.814,30.41 553.148,32.076 553.148,34.131 C553.148,36.186 554.814,37.852 556.869,37.852 C558.924,37.852 560.59,36.186 560.59,34.131 C560.59,32.076 558.924,30.41 556.869,30.41 M541,60.657 C535.114,60.657 530.342,55.887 530.342,50 C530.342,44.114 535.114,39.342 541,39.342 C546.887,39.342 551.658,44.114 551.658,50 C551.658,55.887 546.887,60.657 541,60.657 M541,33.886 C532.1,33.886 524.886,41.1 524.886,50 C524.886,58.899 532.1,66.113 541,66.113 C549.9,66.113 557.115,58.899 557.115,50 C557.115,41.1 549.9,33.886 541,33.886 M565.378,62.101 C565.244,65.022 564.756,66.606 564.346,67.663 C563.803,69.06 563.154,70.057 562.106,71.106 C561.058,72.155 560.06,72.803 558.662,73.347 C557.607,73.757 556.021,74.244 553.102,74.378 C549.944,74.521 548.997,74.552 541,74.552 C533.003,74.552 532.056,74.521 528.898,74.378 C525.979,74.244 524.393,73.757 523.338,73.347 C521.94,72.803 520.942,72.155 519.894,71.106 C518.846,70.057 518.197,69.06 517.654,67.663 C517.244,66.606 516.755,65.022 516.623,62.101 C516.479,58.943 516.448,57.996 516.448,50 C516.448,42.003 516.479,41.056 516.623,37.899 C516.755,34.978 517.244,33.391 517.654,32.338 C518.197,30.938 518.846,29.942 519.894,28.894 C520.942,27.846 521.94,27.196 523.338,26.654 C524.393,26.244 525.979,25.756 528.898,25.623 C532.057,25.479 533.004,25.448 541,25.448 C548.997,25.448 549.943,25.479 553.102,25.623 C556.021,25.756 557.607,26.244 558.662,26.654 C560.06,27.196 561.058,27.846 562.106,28.894 C563.154,29.942 563.803,30.938 564.346,32.338 C564.756,33.391 565.244,34.978 565.378,37.899 C565.522,41.056 565.552,42.003 565.552,50 C565.552,57.996 565.522,58.943 565.378,62.101 M570.82,37.631 C570.674,34.438 570.167,32.258 569.425,30.349 C568.659,28.377 567.633,26.702 565.965,25.035 C564.297,23.368 562.623,22.342 560.652,21.575 C558.743,20.834 556.562,20.326 553.369,20.18 C550.169,20.033 549.148,20 541,20 C532.853,20 531.831,20.033 528.631,20.18 C525.438,20.326 523.257,20.834 521.349,21.575 C519.376,22.342 517.703,23.368 516.035,25.035 C514.368,26.702 513.342,28.377 512.574,30.349 C511.834,32.258 511.326,34.438 511.181,37.631 C511.035,40.831 511,41.851 511,50 C511,58.147 511.035,59.17 511.181,62.369 C511.326,65.562 511.834,67.743 512.574,69.651 C513.342,71.625 514.368,73.296 516.035,74.965 C517.703,76.634 519.376,77.658 521.349,78.425 C523.257,79.167 525.438,79.673 528.631,79.82 C531.831,79.965 532.853,80.001 541,80.001 C549.148,80.001 550.169,79.965 553.369,79.82 C556.562,79.673 558.743,79.167 560.652,78.425 C562.623,77.658 564.297,76.634 565.965,74.965 C567.633,73.296 568.659,71.625 569.425,69.651 C570.167,67.743 570.674,65.562 570.82,62.369 C570.966,59.17 571,58.147 571,50 C571,41.851 570.966,40.831 570.82,37.631\"><\/path><\/g><\/g><\/g><\/svg><\/div><div style=\"padding-top: 8px;\"> <div style=\" color:#3897f0; font-family:Arial,sans-serif; font-size:14px; font-style:normal; font-weight:550; line-height:18px;\">Ver esta publicaci\u00f3n en Instagram<\/div><\/div><div style=\"padding: 12.5% 0;\"><\/div> <div style=\"display: flex; flex-direction: row; margin-bottom: 14px; align-items: center;\"><div> <div style=\"background-color: #F4F4F4; border-radius: 50%; height: 12.5px; width: 12.5px; transform: translateX(0px) translateY(7px);\"><\/div> <div style=\"background-color: #F4F4F4; height: 12.5px; transform: rotate(-45deg) translateX(3px) translateY(1px); width: 12.5px; flex-grow: 0; margin-right: 14px; margin-left: 2px;\"><\/div> <div style=\"background-color: #F4F4F4; border-radius: 50%; height: 12.5px; width: 12.5px; transform: translateX(9px) translateY(-18px);\"><\/div><\/div><div style=\"margin-left: 8px;\"> <div style=\" background-color: #F4F4F4; border-radius: 50%; flex-grow: 0; height: 20px; width: 20px;\"><\/div> <div style=\" width: 0; height: 0; border-top: 2px solid transparent; border-left: 6px solid #f4f4f4; border-bottom: 2px solid transparent; transform: translateX(16px) translateY(-4px) rotate(30deg)\"><\/div><\/div><div style=\"margin-left: auto;\"> <div style=\" width: 0px; border-top: 8px solid #F4F4F4; border-right: 8px solid transparent; transform: translateY(16px);\"><\/div> <div style=\" background-color: #F4F4F4; flex-grow: 0; height: 12px; width: 16px; transform: translateY(-4px);\"><\/div> <div style=\" width: 0; height: 0; border-top: 8px solid #F4F4F4; border-left: 8px solid transparent; transform: translateY(-4px) translateX(8px);\"><\/div><\/div><\/div> <div style=\"display: flex; flex-direction: column; flex-grow: 1; justify-content: center; margin-bottom: 24px;\"> <div style=\" background-color: #F4F4F4; border-radius: 4px; flex-grow: 0; height: 14px; margin-bottom: 6px; width: 224px;\"><\/div> <div style=\" background-color: #F4F4F4; border-radius: 4px; flex-grow: 0; height: 14px; width: 144px;\"><\/div><\/div><\/a><p style=\" color:#c9c8cd; font-family:Arial,sans-serif; font-size:14px; line-height:17px; margin-bottom:0; margin-top:8px; overflow:hidden; padding:8px 0 7px; text-align:center; text-overflow:ellipsis; white-space:nowrap;\"><a href=\"https:\/\/www.instagram.com\/reel\/DTDRFMlkdko\/?utm_source=ig_embed&amp;utm_campaign=loading\" style=\" color:#c9c8cd; font-family:Arial,sans-serif; font-size:14px; font-style:normal; font-weight:normal; line-height:17px; text-decoration:none;\" target=\"_blank\">Una publicaci\u00f3n compartida por Grupo Alas Medios (@grupo.alasmedios)<\/a><\/p><\/div><\/blockquote>\n<script async src=\"\/\/www.instagram.com\/embed.js\"><\/script>\n\n\n\n<p>En algunos de estos registros, ciudadanos se agrupan en las calles y aplauden los sonidos, reflejando un ambiente de <strong>tensi\u00f3n y polarizaci\u00f3n social<\/strong> que crece a medida que se conocen m\u00e1s detalles de los hechos.<\/p>\n\n\n\n<h3 class=\"wp-block-heading\">Maduro pide auxilio a la ONU tras escalada de amenazas<\/h3>\n\n\n\n<p>Horas antes del operativo, <strong>Nicol\u00e1s Maduro<\/strong> hab\u00eda sostenido una llamada con el secretario general de la <strong>Organizaci\u00f3n de las Naciones Unidas (ONU)<\/strong>, <strong>Ant\u00f3nio Guterres<\/strong>, para denunciar lo que calific\u00f3 de una \u201cescalada de amenazas\u201d por parte de Estados Unidos y sus \u201cgraves implicaciones para la paz regional\u201d.<\/p>\n\n\n\n<p>El gobierno venezolano inform\u00f3 que durante la conversaci\u00f3n Maduro advirti\u00f3 sobre la reciente orden de bloqueo a todos los buques petroleros sancionados que entren y salgan de Venezuela, medida anunciada por Trump en d\u00edas previos como parte de una presi\u00f3n contra el r\u00e9gimen venezolano.<\/p>\n\n\n\n<figure class=\"wp-block-embed is-type-rich is-provider-twitter wp-block-embed-twitter\"><div class=\"wp-block-embed__wrapper\">\n<blockquote class=\"twitter-tweet\" data-width=\"550\" data-dnt=\"true\"><p lang=\"en\" dir=\"ltr\">&quot;The United States of America has successfully carried out a large scale strike against Venezuela and its leader, President Nicolas Maduro, who has been, along with his wife, captured and flown out of the Country. This operation was done in conjunction with U.S. Law Enforcement.\u2026 <a href=\"https:\/\/t.co\/sFa5OC4ZrZ\">pic.twitter.com\/sFa5OC4ZrZ<\/a><\/p>&mdash; The White House (@WhiteHouse) <a href=\"https:\/\/twitter.com\/WhiteHouse\/status\/2007396973758816564?ref_src=twsrc%5Etfw\">January 3, 2026<\/a><\/blockquote><script async src=\"https:\/\/platform.twitter.com\/widgets.js\" charset=\"utf-8\"><\/script>\n<\/div><\/figure>\n\n\n\n<p>Maduro calific\u00f3 las declaraciones de Trump como de \u201ccar\u00e1cter colonial\u201d y critic\u00f3 tambi\u00e9n comentarios del subjefe de gabinete de la Casa Blanca que atribuyen a Estados Unidos la creaci\u00f3n de la industria petrolera en Venezuela, se\u00f1alando que tales expresiones constituyen una <strong>amenaza directa a la soberan\u00eda y al derecho internacional<\/strong>.<\/p>\n\n\n\n<p>TE PUEDE INTERESAR: <a href=\"https:\/\/www.alasmedios.com\/index.php\/2026\/01\/02\/descansos-obligatorios-2026\/\" data-type=\"post\" data-id=\"7321\">Descansos obligatorios 2026: estos son los d\u00edas que marca la ley y c\u00f3mo deben pagarte si trabajas<\/a><\/p>\n\n\n\n<p>Por su parte, Guterres reafirm\u00f3 su compromiso con <strong>los principios de la Carta de las Naciones Unidas<\/strong> y la necesidad de evitar cualquier escalada o confrontaci\u00f3n, advirtiendo que un conflicto armado en la regi\u00f3n no tendr\u00eda justificaci\u00f3n y ser\u00eda \u201cest\u00e9ril, con consecuencias graves para la estabilidad regional\u201d.<\/p>\n\n\n\n<h3 class=\"wp-block-heading\">\u201cBloqueo total\u201d y giro en la pol\u00edtica estadounidense hacia Venezuela<\/h3>\n\n\n\n<p>En d\u00edas recientes, la administraci\u00f3n Trump anunci\u00f3 un <strong>\u201cbloqueo total\u201d<\/strong> contra petroleros sancionados que operan con Venezuela, como parte de lo que describi\u00f3 como esfuerzos para combatir el narcotr\u00e1fico. Esta pol\u00edtica intensific\u00f3 la presi\u00f3n sobre Caracas, aunque Maduro sostiene que el objetivo real es propiciar un <strong>cambio de r\u00e9gimen<\/strong>.<\/p>\n\n\n\n<p>El gobierno estadounidense tambi\u00e9n ha participado en operaciones navales en el Caribe y el Pac\u00edfico oriental, incluida la incautaci\u00f3n del petrolero Skipper, cargado con crudo venezolano, en un giro de sus acciones en aguas internacionales.<\/p>\n\n\n\n<h3 class=\"wp-block-heading\">M\u00e9xico exige respeto al derecho internacional y llama a la paz<\/h3>\n\n\n\n<p>El <strong>Gobierno de M\u00e9xico<\/strong> emiti\u00f3 una <strong>fuerte protesta diplom\u00e1tica<\/strong> contra la intervenci\u00f3n militar de Estados Unidos en Venezuela, calific\u00e1ndola como una violaci\u00f3n del <strong>art\u00edculo 2 de la Carta de la ONU<\/strong> y una amenaza a la estabilidad regional.<\/p>\n\n\n\n<p>En su comunicado, M\u00e9xico subray\u00f3 su vocaci\u00f3n pacifista y llam\u00f3 a respetar el <strong>derecho internacional, la soluci\u00f3n pac\u00edfica de controversias<\/strong> y el di\u00e1logo como \u00fanica v\u00eda leg\u00edtima para resolver las diferencias entre naciones. Tambi\u00e9n pidi\u00f3 una actuaci\u00f3n inmediata de la ONU para <strong>facilitar la desescalada<\/strong> de tensiones y preservar la paz en Am\u00e9rica Latina y el Caribe.<\/p>\n\n\n\n<figure class=\"wp-block-embed is-type-rich is-provider-twitter wp-block-embed-twitter\"><div class=\"wp-block-embed__wrapper\">\n<blockquote class=\"twitter-tweet\" data-width=\"550\" data-dnt=\"true\"><p lang=\"es\" dir=\"ltr\">El Art\u00edculo 2, p\u00e1rrafo 4 de la Carta de las Naciones Unidas dice textualmente: <br><br>\u201cLos Miembros de la Organizaci\u00f3n, en sus relaciones internacionales, se abstendr\u00e1n de recurrir a la amenaza o al uso de la fuerza contra la integridad territorial o la independencia pol\u00edtica de\u2026<\/p>&mdash; Claudia Sheinbaum Pardo (@Claudiashein) <a href=\"https:\/\/twitter.com\/Claudiashein\/status\/2007424768845185274?ref_src=twsrc%5Etfw\">January 3, 2026<\/a><\/blockquote><script async src=\"https:\/\/platform.twitter.com\/widgets.js\" charset=\"utf-8\"><\/script>\n<\/div><\/figure>\n\n\n\n<p>CONTIN\u00daA LEYENDO: <a href=\"https:\/\/www.alasmedios.com\/index.php\/2026\/01\/02\/ia-sin-limites-denuncian-en-x-la-creacion-de-imagenes-sexuales-de-mujeres-sin-consentimiento\/\" data-type=\"post\" data-id=\"7318\">IA sin l\u00edmites: denuncian en X la creaci\u00f3n de im\u00e1genes sexuales de mujeres sin consentimiento<\/a><\/p>\n\n\n\n<p>La Secretar\u00eda de Relaciones Exteriores anunci\u00f3 que la <strong>Embajada de M\u00e9xico en Venezuela<\/strong> se mantendr\u00e1 en comunicaci\u00f3n con las personas mexicanas residentes en ese pa\u00eds para brindar asistencia, e hizo un llamado a estar atentos a la informaci\u00f3n oficial en las pr\u00f3ximas horas.<\/p>\n\n\n\n<p>La situaci\u00f3n en Venezuela y sus efectos pol\u00edticos, sociales y econ\u00f3micos siguen en desarrollo. Analistas internacionales coinciden en que el impacto de estos hechos podr\u00eda redefinir las din\u00e1micas geopol\u00edticas en la regi\u00f3n en los pr\u00f3ximos meses.<\/p>\n\n\n<ul class=\"wp-block-latest-posts__list is-grid columns-3 wp-block-latest-posts\"><li><div class=\"wp-block-latest-posts__featured-image\"><img loading=\"lazy\" decoding=\"async\" width=\"150\" height=\"150\" src=\"https:\/\/www.alasmedios.com\/wp-content\/uploads\/2026\/05\/AMPEP-inteligencia-artificial-150x150.jpg\" class=\"attachment-thumbnail size-thumbnail wp-post-image\" alt=\"\" style=\"\" \/><\/div><a class=\"wp-block-latest-posts__post-title\" href=\"https:\/\/www.alasmedios.com\/index.php\/2026\/05\/01\/periodismo-frente-a-la-ia-ampep-asume-liderazgo-y-apuesta-por-contar-historias-con-alma\/\">Periodismo frente a la IA: AMPEP asume liderazgo y apuesta por contar historias con \u201calma\u201d<\/a><\/li>\n<li><div class=\"wp-block-latest-posts__featured-image\"><img loading=\"lazy\" decoding=\"async\" width=\"150\" height=\"150\" src=\"https:\/\/www.alasmedios.com\/wp-content\/uploads\/2026\/05\/Hidalgo-viene-un-respiro-con-el-frente-frio-48-150x150.png\" class=\"attachment-thumbnail size-thumbnail wp-post-image\" alt=\"\" style=\"\" \/><\/div><a class=\"wp-block-latest-posts__post-title\" href=\"https:\/\/www.alasmedios.com\/index.php\/2026\/05\/01\/frente-frio-48-un-alivio-asi-impactara-en-hidalgo\/\">Frente fr\u00edo 48, un alivio: as\u00ed impactar\u00e1 en Hidalgo<\/a><\/li>\n<li><div class=\"wp-block-latest-posts__featured-image\"><img loading=\"lazy\" decoding=\"async\" width=\"150\" height=\"150\" src=\"https:\/\/www.alasmedios.com\/wp-content\/uploads\/2026\/05\/mujeres-depresion-posparto-150x150.png\" class=\"attachment-thumbnail size-thumbnail wp-post-image\" alt=\"\" style=\"\" \/><\/div><a class=\"wp-block-latest-posts__post-title\" href=\"https:\/\/www.alasmedios.com\/index.php\/2026\/05\/01\/1-de-cada-15-mujeres-sufre-depresion-posparto\/\">1 de cada 15 mujeres sufre depresi\u00f3n posparto<\/a><\/li>\n<\/ul>","protected":false},"excerpt":{"rendered":"<p>En la madrugada de este 3 de enero, un operativo militar de gran escala liderado por fuerzas de Estados Unidos<\/p>\n","protected":false},"author":4,"featured_media":7325,"comment_status":"open","ping_status":"open","sticky":false,"template":"","format":"standard","meta":{"colormag_page_container_layout":"default_layout","colormag_page_sidebar_layout":"default_layout","rop_custom_images_group":[],"rop_custom_messages_group":[],"rop_publish_now":"initial","rop_publish_now_accounts":[],"rop_publish_now_history":[],"rop_publish_now_status":"pending","iawp_total_views":0,"footnotes":""},"categories":[39],"tags":[3200,815,757,166,3201,3203,3202,3199],"class_list":["post-7324","post","type-post","status-publish","format-standard","has-post-thumbnail","hentry","category-inicio","tag-cilia-flores","tag-donald-trump","tag-estados-unidos","tag-mexico","tag-nicolas-maduro","tag-operacion-relampago","tag-truth-social","tag-venezuela"],"magazineBlocksPostFeaturedMedia":{"thumbnail":"https:\/\/www.alasmedios.com\/wp-content\/uploads\/2026\/01\/Operacion-relampago-150x150.png","medium":"https:\/\/www.alasmedios.com\/wp-content\/uploads\/2026\/01\/Operacion-relampago-300x182.png","medium_large":"https:\/\/www.alasmedios.com\/wp-content\/uploads\/2026\/01\/Operacion-relampago-768x466.png","large":"https:\/\/www.alasmedios.com\/wp-content\/uploads\/2026\/01\/Operacion-relampago-1024x622.png","1536x1536":"https:\/\/www.alasmedios.com\/wp-content\/uploads\/2026\/01\/Operacion-relampago-1536x932.png","2048x2048":"https:\/\/www.alasmedios.com\/wp-content\/uploads\/2026\/01\/Operacion-relampago.png","colormag-highlighted-post":"https:\/\/www.alasmedios.com\/wp-content\/uploads\/2026\/01\/Operacion-relampago-392x272.png","colormag-featured-post-medium":"https:\/\/www.alasmedios.com\/wp-content\/uploads\/2026\/01\/Operacion-relampago-390x205.png","colormag-featured-post-small":"https:\/\/www.alasmedios.com\/wp-content\/uploads\/2026\/01\/Operacion-relampago-130x90.png","colormag-featured-image":"https:\/\/www.alasmedios.com\/wp-content\/uploads\/2026\/01\/Operacion-relampago-800x445.png","colormag-default-news":"https:\/\/www.alasmedios.com\/wp-content\/uploads\/2026\/01\/Operacion-relampago-150x150.png","colormag-featured-image-large":"https:\/\/www.alasmedios.com\/wp-content\/uploads\/2026\/01\/Operacion-relampago-1400x600.png"},"magazineBlocksPostAuthor":{"name":"Keila Rodr\u00edguez Pe\u00f1a","avatar":"https:\/\/secure.gravatar.com\/avatar\/a2553a2bfaa601b9d539b617c8793e151bdffb60f9e48a249912f86d4c9ebeef?s=96&d=mm&r=g"},"magazineBlocksPostCommentsNumber":"0","magazineBlocksPostExcerpt":"En la madrugada de este 3 de enero, un operativo militar de gran escala liderado por fuerzas de Estados Unidos","magazineBlocksPostCategories":["Inicio"],"magazineBlocksPostViewCount":119,"magazineBlocksPostReadTime":5,"magazine_blocks_featured_image_url":{"full":["https:\/\/www.alasmedios.com\/wp-content\/uploads\/2026\/01\/Operacion-relampago.png",2000,1214,false],"medium":["https:\/\/www.alasmedios.com\/wp-content\/uploads\/2026\/01\/Operacion-relampago-300x182.png",300,182,true],"thumbnail":["https:\/\/www.alasmedios.com\/wp-content\/uploads\/2026\/01\/Operacion-relampago-150x150.png",150,150,true]},"magazine_blocks_author":{"display_name":"Keila Rodr\u00edguez Pe\u00f1a","author_link":"https:\/\/www.alasmedios.com\/index.php\/author\/keila\/"},"magazine_blocks_comment":0,"magazine_blocks_author_image":"https:\/\/secure.gravatar.com\/avatar\/a2553a2bfaa601b9d539b617c8793e151bdffb60f9e48a249912f86d4c9ebeef?s=96&d=mm&r=g","magazine_blocks_category":"<a href=\"#\" class=\"category-link category-link-39\">Inicio<\/a>","yoast_head":"<!-- This site is optimized with the Yoast SEO plugin v27.5 - https:\/\/yoast.com\/product\/yoast-seo-wordpress\/ -->\r\n<title>Operaci\u00f3n rel\u00e1mpago: Capturan a Nicol\u00e1s Maduro y a Cilia Flores tras ataque de Estados Unidos en Venezuela - Alas Medios<\/title>\r\n<meta name=\"robots\" content=\"index, follow, max-snippet:-1, max-image-preview:large, max-video-preview:-1\" \/>\r\n<link rel=\"canonical\" href=\"https:\/\/www.alasmedios.com\/index.php\/2026\/01\/03\/capturan-a-nicolas-maduro-y-a-cilia-flores-estados-unidos-en-venezuela\/\" \/>\r\n<meta property=\"og:locale\" content=\"es_MX\" \/>\r\n<meta property=\"og:type\" content=\"article\" \/>\r\n<meta property=\"og:title\" content=\"Operaci\u00f3n rel\u00e1mpago: Capturan a Nicol\u00e1s Maduro y a Cilia Flores tras ataque de Estados Unidos en Venezuela - Alas Medios\" \/>\r\n<meta property=\"og:description\" content=\"En la madrugada de este 3 de enero, un operativo militar de gran escala liderado por fuerzas de Estados Unidos\" \/>\r\n<meta property=\"og:url\" content=\"https:\/\/www.alasmedios.com\/index.php\/2026\/01\/03\/capturan-a-nicolas-maduro-y-a-cilia-flores-estados-unidos-en-venezuela\/\" \/>\r\n<meta property=\"og:site_name\" content=\"Alas Medios\" \/>\r\n<meta property=\"article:published_time\" content=\"2026-01-03T13:14:02+00:00\" \/>\r\n<meta property=\"article:modified_time\" content=\"2026-01-03T14:15:55+00:00\" \/>\r\n<meta property=\"og:image\" content=\"https:\/\/www.alasmedios.com\/wp-content\/uploads\/2026\/01\/Operacion-relampago.png\" \/>\r\n\t<meta property=\"og:image:width\" content=\"2000\" \/>\r\n\t<meta property=\"og:image:height\" content=\"1214\" \/>\r\n\t<meta property=\"og:image:type\" content=\"image\/png\" \/>\r\n<meta name=\"author\" content=\"Keila Rodr\u00edguez Pe\u00f1a\" \/>\r\n<meta name=\"twitter:card\" content=\"summary_large_image\" \/>\r\n<meta name=\"twitter:label1\" content=\"Escrito por\" \/>\n\t<meta name=\"twitter:data1\" content=\"Keila Rodr\u00edguez Pe\u00f1a\" \/>\n\t<meta name=\"twitter:label2\" content=\"Tiempo de lectura\" \/>\n\t<meta name=\"twitter:data2\" content=\"4 minutos\" \/>\r\n<script type=\"application\/ld+json\" class=\"yoast-schema-graph\">{\"@context\":\"https:\\\/\\\/schema.org\",\"@graph\":[{\"@type\":\"Article\",\"@id\":\"https:\\\/\\\/www.alasmedios.com\\\/index.php\\\/2026\\\/01\\\/03\\\/capturan-a-nicolas-maduro-y-a-cilia-flores-estados-unidos-en-venezuela\\\/#article\",\"isPartOf\":{\"@id\":\"https:\\\/\\\/www.alasmedios.com\\\/index.php\\\/2026\\\/01\\\/03\\\/capturan-a-nicolas-maduro-y-a-cilia-flores-estados-unidos-en-venezuela\\\/\"},\"author\":{\"name\":\"Keila Rodr\u00edguez Pe\u00f1a\",\"@id\":\"https:\\\/\\\/www.alasmedios.com\\\/#\\\/schema\\\/person\\\/0ba31bdd19a05ebf5c7fef1fedf99c34\"},\"headline\":\"Operaci\u00f3n rel\u00e1mpago: Capturan a Nicol\u00e1s Maduro y a Cilia Flores tras ataque de Estados Unidos en Venezuela\",\"datePublished\":\"2026-01-03T13:14:02+00:00\",\"dateModified\":\"2026-01-03T14:15:55+00:00\",\"mainEntityOfPage\":{\"@id\":\"https:\\\/\\\/www.alasmedios.com\\\/index.php\\\/2026\\\/01\\\/03\\\/capturan-a-nicolas-maduro-y-a-cilia-flores-estados-unidos-en-venezuela\\\/\"},\"wordCount\":879,\"commentCount\":0,\"publisher\":{\"@id\":\"https:\\\/\\\/www.alasmedios.com\\\/#organization\"},\"image\":{\"@id\":\"https:\\\/\\\/www.alasmedios.com\\\/index.php\\\/2026\\\/01\\\/03\\\/capturan-a-nicolas-maduro-y-a-cilia-flores-estados-unidos-en-venezuela\\\/#primaryimage\"},\"thumbnailUrl\":\"https:\\\/\\\/www.alasmedios.com\\\/wp-content\\\/uploads\\\/2026\\\/01\\\/Operacion-relampago.png\",\"keywords\":[\"Cilia Flores\",\"Donald Trump\",\"Estados Unidos\",\"M\u00e9xico\",\"Nicol\u00e1s Maduro\",\"Operaci\u00f3n rel\u00e1mpago\",\"Truth Social\",\"Venezuela\"],\"articleSection\":[\"Inicio\"],\"inLanguage\":\"es\",\"potentialAction\":[{\"@type\":\"CommentAction\",\"name\":\"Comment\",\"target\":[\"https:\\\/\\\/www.alasmedios.com\\\/index.php\\\/2026\\\/01\\\/03\\\/capturan-a-nicolas-maduro-y-a-cilia-flores-estados-unidos-en-venezuela\\\/#respond\"]}]},{\"@type\":\"WebPage\",\"@id\":\"https:\\\/\\\/www.alasmedios.com\\\/index.php\\\/2026\\\/01\\\/03\\\/capturan-a-nicolas-maduro-y-a-cilia-flores-estados-unidos-en-venezuela\\\/\",\"url\":\"https:\\\/\\\/www.alasmedios.com\\\/index.php\\\/2026\\\/01\\\/03\\\/capturan-a-nicolas-maduro-y-a-cilia-flores-estados-unidos-en-venezuela\\\/\",\"name\":\"Operaci\u00f3n rel\u00e1mpago: Capturan a Nicol\u00e1s Maduro y a Cilia Flores tras ataque de Estados Unidos en Venezuela - Alas Medios\",\"isPartOf\":{\"@id\":\"https:\\\/\\\/www.alasmedios.com\\\/#website\"},\"primaryImageOfPage\":{\"@id\":\"https:\\\/\\\/www.alasmedios.com\\\/index.php\\\/2026\\\/01\\\/03\\\/capturan-a-nicolas-maduro-y-a-cilia-flores-estados-unidos-en-venezuela\\\/#primaryimage\"},\"image\":{\"@id\":\"https:\\\/\\\/www.alasmedios.com\\\/index.php\\\/2026\\\/01\\\/03\\\/capturan-a-nicolas-maduro-y-a-cilia-flores-estados-unidos-en-venezuela\\\/#primaryimage\"},\"thumbnailUrl\":\"https:\\\/\\\/www.alasmedios.com\\\/wp-content\\\/uploads\\\/2026\\\/01\\\/Operacion-relampago.png\",\"datePublished\":\"2026-01-03T13:14:02+00:00\",\"dateModified\":\"2026-01-03T14:15:55+00:00\",\"breadcrumb\":{\"@id\":\"https:\\\/\\\/www.alasmedios.com\\\/index.php\\\/2026\\\/01\\\/03\\\/capturan-a-nicolas-maduro-y-a-cilia-flores-estados-unidos-en-venezuela\\\/#breadcrumb\"},\"inLanguage\":\"es\",\"potentialAction\":[{\"@type\":\"ReadAction\",\"target\":[\"https:\\\/\\\/www.alasmedios.com\\\/index.php\\\/2026\\\/01\\\/03\\\/capturan-a-nicolas-maduro-y-a-cilia-flores-estados-unidos-en-venezuela\\\/\"]}]},{\"@type\":\"ImageObject\",\"inLanguage\":\"es\",\"@id\":\"https:\\\/\\\/www.alasmedios.com\\\/index.php\\\/2026\\\/01\\\/03\\\/capturan-a-nicolas-maduro-y-a-cilia-flores-estados-unidos-en-venezuela\\\/#primaryimage\",\"url\":\"https:\\\/\\\/www.alasmedios.com\\\/wp-content\\\/uploads\\\/2026\\\/01\\\/Operacion-relampago.png\",\"contentUrl\":\"https:\\\/\\\/www.alasmedios.com\\\/wp-content\\\/uploads\\\/2026\\\/01\\\/Operacion-relampago.png\",\"width\":2000,\"height\":1214},{\"@type\":\"BreadcrumbList\",\"@id\":\"https:\\\/\\\/www.alasmedios.com\\\/index.php\\\/2026\\\/01\\\/03\\\/capturan-a-nicolas-maduro-y-a-cilia-flores-estados-unidos-en-venezuela\\\/#breadcrumb\",\"itemListElement\":[{\"@type\":\"ListItem\",\"position\":1,\"name\":\"Inicio\",\"item\":\"https:\\\/\\\/www.alasmedios.com\\\/\"},{\"@type\":\"ListItem\",\"position\":2,\"name\":\"Operaci\u00f3n rel\u00e1mpago: Capturan a Nicol\u00e1s Maduro y a Cilia Flores tras ataque de Estados Unidos en Venezuela\"}]},{\"@type\":\"WebSite\",\"@id\":\"https:\\\/\\\/www.alasmedios.com\\\/#website\",\"url\":\"https:\\\/\\\/www.alasmedios.com\\\/\",\"name\":\"Alas Medios\",\"description\":\"Alas para pensar, Alas para volar, Alas de libertad\",\"publisher\":{\"@id\":\"https:\\\/\\\/www.alasmedios.com\\\/#organization\"},\"potentialAction\":[{\"@type\":\"SearchAction\",\"target\":{\"@type\":\"EntryPoint\",\"urlTemplate\":\"https:\\\/\\\/www.alasmedios.com\\\/?s={search_term_string}\"},\"query-input\":{\"@type\":\"PropertyValueSpecification\",\"valueRequired\":true,\"valueName\":\"search_term_string\"}}],\"inLanguage\":\"es\"},{\"@type\":\"Organization\",\"@id\":\"https:\\\/\\\/www.alasmedios.com\\\/#organization\",\"name\":\"Alas Medios\",\"url\":\"https:\\\/\\\/www.alasmedios.com\\\/\",\"logo\":{\"@type\":\"ImageObject\",\"inLanguage\":\"es\",\"@id\":\"https:\\\/\\\/www.alasmedios.com\\\/#\\\/schema\\\/logo\\\/image\\\/\",\"url\":\"https:\\\/\\\/www.alasmedios.com\\\/wp-content\\\/uploads\\\/2026\\\/01\\\/cropped-cropped-GAM-1.png\",\"contentUrl\":\"https:\\\/\\\/www.alasmedios.com\\\/wp-content\\\/uploads\\\/2026\\\/01\\\/cropped-cropped-GAM-1.png\",\"width\":467,\"height\":235,\"caption\":\"Alas Medios\"},\"image\":{\"@id\":\"https:\\\/\\\/www.alasmedios.com\\\/#\\\/schema\\\/logo\\\/image\\\/\"}},{\"@type\":\"Person\",\"@id\":\"https:\\\/\\\/www.alasmedios.com\\\/#\\\/schema\\\/person\\\/0ba31bdd19a05ebf5c7fef1fedf99c34\",\"name\":\"Keila Rodr\u00edguez Pe\u00f1a\",\"image\":{\"@type\":\"ImageObject\",\"inLanguage\":\"es\",\"@id\":\"https:\\\/\\\/secure.gravatar.com\\\/avatar\\\/a2553a2bfaa601b9d539b617c8793e151bdffb60f9e48a249912f86d4c9ebeef?s=96&d=mm&r=g\",\"url\":\"https:\\\/\\\/secure.gravatar.com\\\/avatar\\\/a2553a2bfaa601b9d539b617c8793e151bdffb60f9e48a249912f86d4c9ebeef?s=96&d=mm&r=g\",\"contentUrl\":\"https:\\\/\\\/secure.gravatar.com\\\/avatar\\\/a2553a2bfaa601b9d539b617c8793e151bdffb60f9e48a249912f86d4c9ebeef?s=96&d=mm&r=g\",\"caption\":\"Keila Rodr\u00edguez Pe\u00f1a\"},\"sameAs\":[\"http:\\\/\\\/www.alasmedios.com\"],\"url\":\"https:\\\/\\\/www.alasmedios.com\\\/index.php\\\/author\\\/keila\\\/\"}]}<\/script>\r\n<!-- \/ Yoast SEO plugin. -->","yoast_head_json":{"title":"Operaci\u00f3n rel\u00e1mpago: Capturan a Nicol\u00e1s Maduro y a Cilia Flores tras ataque de Estados Unidos en Venezuela - Alas Medios","robots":{"index":"index","follow":"follow","max-snippet":"max-snippet:-1","max-image-preview":"max-image-preview:large","max-video-preview":"max-video-preview:-1"},"canonical":"https:\/\/www.alasmedios.com\/index.php\/2026\/01\/03\/capturan-a-nicolas-maduro-y-a-cilia-flores-estados-unidos-en-venezuela\/","og_locale":"es_MX","og_type":"article","og_title":"Operaci\u00f3n rel\u00e1mpago: Capturan a Nicol\u00e1s Maduro y a Cilia Flores tras ataque de Estados Unidos en Venezuela - Alas Medios","og_description":"En la madrugada de este 3 de enero, un operativo militar de gran escala liderado por fuerzas de Estados Unidos","og_url":"https:\/\/www.alasmedios.com\/index.php\/2026\/01\/03\/capturan-a-nicolas-maduro-y-a-cilia-flores-estados-unidos-en-venezuela\/","og_site_name":"Alas Medios","article_published_time":"2026-01-03T13:14:02+00:00","article_modified_time":"2026-01-03T14:15:55+00:00","og_image":[{"width":2000,"height":1214,"url":"https:\/\/www.alasmedios.com\/wp-content\/uploads\/2026\/01\/Operacion-relampago.png","type":"image\/png"}],"author":"Keila Rodr\u00edguez Pe\u00f1a","twitter_card":"summary_large_image","twitter_misc":{"Escrito por":"Keila Rodr\u00edguez Pe\u00f1a","Tiempo de lectura":"4 minutos"},"schema":{"@context":"https:\/\/schema.org","@graph":[{"@type":"Article","@id":"https:\/\/www.alasmedios.com\/index.php\/2026\/01\/03\/capturan-a-nicolas-maduro-y-a-cilia-flores-estados-unidos-en-venezuela\/#article","isPartOf":{"@id":"https:\/\/www.alasmedios.com\/index.php\/2026\/01\/03\/capturan-a-nicolas-maduro-y-a-cilia-flores-estados-unidos-en-venezuela\/"},"author":{"name":"Keila Rodr\u00edguez Pe\u00f1a","@id":"https:\/\/www.alasmedios.com\/#\/schema\/person\/0ba31bdd19a05ebf5c7fef1fedf99c34"},"headline":"Operaci\u00f3n rel\u00e1mpago: Capturan a Nicol\u00e1s Maduro y a Cilia Flores tras ataque de Estados Unidos en Venezuela","datePublished":"2026-01-03T13:14:02+00:00","dateModified":"2026-01-03T14:15:55+00:00","mainEntityOfPage":{"@id":"https:\/\/www.alasmedios.com\/index.php\/2026\/01\/03\/capturan-a-nicolas-maduro-y-a-cilia-flores-estados-unidos-en-venezuela\/"},"wordCount":879,"commentCount":0,"publisher":{"@id":"https:\/\/www.alasmedios.com\/#organization"},"image":{"@id":"https:\/\/www.alasmedios.com\/index.php\/2026\/01\/03\/capturan-a-nicolas-maduro-y-a-cilia-flores-estados-unidos-en-venezuela\/#primaryimage"},"thumbnailUrl":"https:\/\/www.alasmedios.com\/wp-content\/uploads\/2026\/01\/Operacion-relampago.png","keywords":["Cilia Flores","Donald Trump","Estados Unidos","M\u00e9xico","Nicol\u00e1s Maduro","Operaci\u00f3n rel\u00e1mpago","Truth Social","Venezuela"],"articleSection":["Inicio"],"inLanguage":"es","potentialAction":[{"@type":"CommentAction","name":"Comment","target":["https:\/\/www.alasmedios.com\/index.php\/2026\/01\/03\/capturan-a-nicolas-maduro-y-a-cilia-flores-estados-unidos-en-venezuela\/#respond"]}]},{"@type":"WebPage","@id":"https:\/\/www.alasmedios.com\/index.php\/2026\/01\/03\/capturan-a-nicolas-maduro-y-a-cilia-flores-estados-unidos-en-venezuela\/","url":"https:\/\/www.alasmedios.com\/index.php\/2026\/01\/03\/capturan-a-nicolas-maduro-y-a-cilia-flores-estados-unidos-en-venezuela\/","name":"Operaci\u00f3n rel\u00e1mpago: Capturan a Nicol\u00e1s Maduro y a Cilia Flores tras ataque de Estados Unidos en Venezuela - Alas Medios","isPartOf":{"@id":"https:\/\/www.alasmedios.com\/#website"},"primaryImageOfPage":{"@id":"https:\/\/www.alasmedios.com\/index.php\/2026\/01\/03\/capturan-a-nicolas-maduro-y-a-cilia-flores-estados-unidos-en-venezuela\/#primaryimage"},"image":{"@id":"https:\/\/www.alasmedios.com\/index.php\/2026\/01\/03\/capturan-a-nicolas-maduro-y-a-cilia-flores-estados-unidos-en-venezuela\/#primaryimage"},"thumbnailUrl":"https:\/\/www.alasmedios.com\/wp-content\/uploads\/2026\/01\/Operacion-relampago.png","datePublished":"2026-01-03T13:14:02+00:00","dateModified":"2026-01-03T14:15:55+00:00","breadcrumb":{"@id":"https:\/\/www.alasmedios.com\/index.php\/2026\/01\/03\/capturan-a-nicolas-maduro-y-a-cilia-flores-estados-unidos-en-venezuela\/#breadcrumb"},"inLanguage":"es","potentialAction":[{"@type":"ReadAction","target":["https:\/\/www.alasmedios.com\/index.php\/2026\/01\/03\/capturan-a-nicolas-maduro-y-a-cilia-flores-estados-unidos-en-venezuela\/"]}]},{"@type":"ImageObject","inLanguage":"es","@id":"https:\/\/www.alasmedios.com\/index.php\/2026\/01\/03\/capturan-a-nicolas-maduro-y-a-cilia-flores-estados-unidos-en-venezuela\/#primaryimage","url":"https:\/\/www.alasmedios.com\/wp-content\/uploads\/2026\/01\/Operacion-relampago.png","contentUrl":"https:\/\/www.alasmedios.com\/wp-content\/uploads\/2026\/01\/Operacion-relampago.png","width":2000,"height":1214},{"@type":"BreadcrumbList","@id":"https:\/\/www.alasmedios.com\/index.php\/2026\/01\/03\/capturan-a-nicolas-maduro-y-a-cilia-flores-estados-unidos-en-venezuela\/#breadcrumb","itemListElement":[{"@type":"ListItem","position":1,"name":"Inicio","item":"https:\/\/www.alasmedios.com\/"},{"@type":"ListItem","position":2,"name":"Operaci\u00f3n rel\u00e1mpago: Capturan a Nicol\u00e1s Maduro y a Cilia Flores tras ataque de Estados Unidos en Venezuela"}]},{"@type":"WebSite","@id":"https:\/\/www.alasmedios.com\/#website","url":"https:\/\/www.alasmedios.com\/","name":"Alas Medios","description":"Alas para pensar, Alas para volar, Alas de libertad","publisher":{"@id":"https:\/\/www.alasmedios.com\/#organization"},"potentialAction":[{"@type":"SearchAction","target":{"@type":"EntryPoint","urlTemplate":"https:\/\/www.alasmedios.com\/?s={search_term_string}"},"query-input":{"@type":"PropertyValueSpecification","valueRequired":true,"valueName":"search_term_string"}}],"inLanguage":"es"},{"@type":"Organization","@id":"https:\/\/www.alasmedios.com\/#organization","name":"Alas Medios","url":"https:\/\/www.alasmedios.com\/","logo":{"@type":"ImageObject","inLanguage":"es","@id":"https:\/\/www.alasmedios.com\/#\/schema\/logo\/image\/","url":"https:\/\/www.alasmedios.com\/wp-content\/uploads\/2026\/01\/cropped-cropped-GAM-1.png","contentUrl":"https:\/\/www.alasmedios.com\/wp-content\/uploads\/2026\/01\/cropped-cropped-GAM-1.png","width":467,"height":235,"caption":"Alas Medios"},"image":{"@id":"https:\/\/www.alasmedios.com\/#\/schema\/logo\/image\/"}},{"@type":"Person","@id":"https:\/\/www.alasmedios.com\/#\/schema\/person\/0ba31bdd19a05ebf5c7fef1fedf99c34","name":"Keila Rodr\u00edguez Pe\u00f1a","image":{"@type":"ImageObject","inLanguage":"es","@id":"https:\/\/secure.gravatar.com\/avatar\/a2553a2bfaa601b9d539b617c8793e151bdffb60f9e48a249912f86d4c9ebeef?s=96&d=mm&r=g","url":"https:\/\/secure.gravatar.com\/avatar\/a2553a2bfaa601b9d539b617c8793e151bdffb60f9e48a249912f86d4c9ebeef?s=96&d=mm&r=g","contentUrl":"https:\/\/secure.gravatar.com\/avatar\/a2553a2bfaa601b9d539b617c8793e151bdffb60f9e48a249912f86d4c9ebeef?s=96&d=mm&r=g","caption":"Keila Rodr\u00edguez Pe\u00f1a"},"sameAs":["http:\/\/www.alasmedios.com"],"url":"https:\/\/www.alasmedios.com\/index.php\/author\/keila\/"}]}},"_links":{"self":[{"href":"https:\/\/www.alasmedios.com\/index.php\/wp-json\/wp\/v2\/posts\/7324","targetHints":{"allow":["GET"]}}],"collection":[{"href":"https:\/\/www.alasmedios.com\/index.php\/wp-json\/wp\/v2\/posts"}],"about":[{"href":"https:\/\/www.alasmedios.com\/index.php\/wp-json\/wp\/v2\/types\/post"}],"author":[{"embeddable":true,"href":"https:\/\/www.alasmedios.com\/index.php\/wp-json\/wp\/v2\/users\/4"}],"replies":[{"embeddable":true,"href":"https:\/\/www.alasmedios.com\/index.php\/wp-json\/wp\/v2\/comments?post=7324"}],"version-history":[{"count":2,"href":"https:\/\/www.alasmedios.com\/index.php\/wp-json\/wp\/v2\/posts\/7324\/revisions"}],"predecessor-version":[{"id":7328,"href":"https:\/\/www.alasmedios.com\/index.php\/wp-json\/wp\/v2\/posts\/7324\/revisions\/7328"}],"wp:featuredmedia":[{"embeddable":true,"href":"https:\/\/www.alasmedios.com\/index.php\/wp-json\/wp\/v2\/media\/7325"}],"wp:attachment":[{"href":"https:\/\/www.alasmedios.com\/index.php\/wp-json\/wp\/v2\/media?parent=7324"}],"wp:term":[{"taxonomy":"category","embeddable":true,"href":"https:\/\/www.alasmedios.com\/index.php\/wp-json\/wp\/v2\/categories?post=7324"},{"taxonomy":"post_tag","embeddable":true,"href":"https:\/\/www.alasmedios.com\/index.php\/wp-json\/wp\/v2\/tags?post=7324"}],"curies":[{"name":"wp","href":"https:\/\/api.w.org\/{rel}","templated":true}]}}