{"id":7312,"date":"2026-01-02T10:44:59","date_gmt":"2026-01-02T16:44:59","guid":{"rendered":"https:\/\/www.alasmedios.com\/?p=7312"},"modified":"2026-01-06T13:31:52","modified_gmt":"2026-01-06T19:31:52","slug":"sismo-de-6-5-sacude-guerrero","status":"publish","type":"post","link":"https:\/\/www.alasmedios.com\/index.php\/2026\/01\/02\/sismo-de-6-5-sacude-guerrero\/","title":{"rendered":"Sismo de 6.5 sacude Guerrero: reportan derrumbes, fugas de gas y afectaciones en carreteras"},"content":{"rendered":"\n<p>Un <strong>sismo de magnitud 6.5<\/strong>, registrado la ma\u00f1ana de este viernes, <strong>sacudi\u00f3 Guerrero<\/strong> con epicentro a <strong>4 kil\u00f3metros al suroeste de San Marcos<\/strong>, de acuerdo con el <strong>Sismol\u00f3gico MX<\/strong>. Desde los primeros minutos posteriores al movimiento tel\u00farico se activaron <strong>recorridos de verificaci\u00f3n<\/strong> y se mantiene el monitoreo ante la presencia de <strong>r\u00e9plicas<\/strong>.<\/p>\n\n\n\n<p>Autoridades estatales informaron que se mantiene <strong>comunicaci\u00f3n permanente con los municipios de las ocho regiones del estado<\/strong> para identificar da\u00f1os y atender cualquier eventualidad. <\/p>\n\n\n\n<p>Tambi\u00e9n se activaron los <strong>protocolos de emergencia<\/strong> por parte de la <strong>Secretar\u00eda de Gesti\u00f3n Integral de Riesgos y Protecci\u00f3n Civil<\/strong>, que contin\u00faa recabando informaci\u00f3n oficial.<\/p>\n\n\n\n<p>CONTIN\u00daA LEYENDO: <a href=\"https:\/\/www.alasmedios.com\/index.php\/2025\/12\/30\/yahualica-arranca-la-construccion-de-su-unidad-deportiva\/\" data-type=\"post\" data-id=\"7288\">Yahualica arranca la construcci\u00f3n de su Unidad Deportiva<\/a><\/p>\n\n\n\n<h3 class=\"wp-block-heading\"><strong>Afectaciones preliminares<\/strong><\/h3>\n\n\n\n<ul class=\"wp-block-list\">\n<li>En <strong>Acapulco de Ju\u00e1rez<\/strong> se atendieron <strong>reportes de fugas de gas LP<\/strong>, adem\u00e1s de <strong>derrumbes de tierra y rocas<\/strong> en la <strong>Avenida Esc\u00e9nica<\/strong>, <strong>Sinfon\u00eda del Mar<\/strong> y la <strong>Calzada a Pie de la Cuesta<\/strong>. Asimismo, se reportaron <strong>da\u00f1os en cristales, plafones y acabados<\/strong> en diversos inmuebles.<\/li>\n\n\n\n<li>En <strong>San Marcos<\/strong>, se registraron <strong>derrumbes menores<\/strong> sobre la <strong>carretera federal Acapulco\u2013Pinotepa Nacional<\/strong>, a la altura del poblado <strong>La Caridad<\/strong>.<br>En <strong>Juan R. Escudero<\/strong>, se report\u00f3 un <strong>derrumbe de tierra y rocas<\/strong> en la <strong>carretera Tierra Colorada\u2013Carrizal<\/strong>.<br>Mientras que en <strong>Tixtla de Guerrero<\/strong>, colaps\u00f3 <strong>una barda de adobe<\/strong> en la <strong>calle Aldama<\/strong>.<\/li>\n<\/ul>\n\n\n\n<blockquote class=\"instagram-media\" data-instgrm-captioned data-instgrm-permalink=\"https:\/\/www.instagram.com\/reel\/DTAzn_XkYl6\/?utm_source=ig_embed&amp;utm_campaign=loading\" data-instgrm-version=\"14\" style=\" background:#FFF; border:0; border-radius:3px; box-shadow:0 0 1px 0 rgba(0,0,0,0.5),0 1px 10px 0 rgba(0,0,0,0.15); margin: 1px; max-width:540px; min-width:326px; padding:0; width:99.375%; width:-webkit-calc(100% - 2px); width:calc(100% - 2px);\"><div style=\"padding:16px;\"> <a href=\"https:\/\/www.instagram.com\/reel\/DTAzn_XkYl6\/?utm_source=ig_embed&amp;utm_campaign=loading\" style=\" background:#FFFFFF; line-height:0; padding:0 0; text-align:center; text-decoration:none; width:100%;\" target=\"_blank\"> <div style=\" display: flex; flex-direction: row; align-items: center;\"> <div style=\"background-color: #F4F4F4; border-radius: 50%; flex-grow: 0; height: 40px; margin-right: 14px; width: 40px;\"><\/div> <div style=\"display: flex; flex-direction: column; flex-grow: 1; justify-content: center;\"> <div style=\" background-color: #F4F4F4; border-radius: 4px; flex-grow: 0; height: 14px; margin-bottom: 6px; width: 100px;\"><\/div> <div style=\" background-color: #F4F4F4; border-radius: 4px; flex-grow: 0; height: 14px; width: 60px;\"><\/div><\/div><\/div><div style=\"padding: 19% 0;\"><\/div> <div style=\"display:block; height:50px; margin:0 auto 12px; width:50px;\"><svg width=\"50px\" height=\"50px\" viewBox=\"0 0 60 60\" version=\"1.1\" xmlns=\"https:\/\/www.w3.org\/2000\/svg\" xmlns:xlink=\"https:\/\/www.w3.org\/1999\/xlink\"><g stroke=\"none\" stroke-width=\"1\" fill=\"none\" fill-rule=\"evenodd\"><g transform=\"translate(-511.000000, -20.000000)\" fill=\"#000000\"><g><path d=\"M556.869,30.41 C554.814,30.41 553.148,32.076 553.148,34.131 C553.148,36.186 554.814,37.852 556.869,37.852 C558.924,37.852 560.59,36.186 560.59,34.131 C560.59,32.076 558.924,30.41 556.869,30.41 M541,60.657 C535.114,60.657 530.342,55.887 530.342,50 C530.342,44.114 535.114,39.342 541,39.342 C546.887,39.342 551.658,44.114 551.658,50 C551.658,55.887 546.887,60.657 541,60.657 M541,33.886 C532.1,33.886 524.886,41.1 524.886,50 C524.886,58.899 532.1,66.113 541,66.113 C549.9,66.113 557.115,58.899 557.115,50 C557.115,41.1 549.9,33.886 541,33.886 M565.378,62.101 C565.244,65.022 564.756,66.606 564.346,67.663 C563.803,69.06 563.154,70.057 562.106,71.106 C561.058,72.155 560.06,72.803 558.662,73.347 C557.607,73.757 556.021,74.244 553.102,74.378 C549.944,74.521 548.997,74.552 541,74.552 C533.003,74.552 532.056,74.521 528.898,74.378 C525.979,74.244 524.393,73.757 523.338,73.347 C521.94,72.803 520.942,72.155 519.894,71.106 C518.846,70.057 518.197,69.06 517.654,67.663 C517.244,66.606 516.755,65.022 516.623,62.101 C516.479,58.943 516.448,57.996 516.448,50 C516.448,42.003 516.479,41.056 516.623,37.899 C516.755,34.978 517.244,33.391 517.654,32.338 C518.197,30.938 518.846,29.942 519.894,28.894 C520.942,27.846 521.94,27.196 523.338,26.654 C524.393,26.244 525.979,25.756 528.898,25.623 C532.057,25.479 533.004,25.448 541,25.448 C548.997,25.448 549.943,25.479 553.102,25.623 C556.021,25.756 557.607,26.244 558.662,26.654 C560.06,27.196 561.058,27.846 562.106,28.894 C563.154,29.942 563.803,30.938 564.346,32.338 C564.756,33.391 565.244,34.978 565.378,37.899 C565.522,41.056 565.552,42.003 565.552,50 C565.552,57.996 565.522,58.943 565.378,62.101 M570.82,37.631 C570.674,34.438 570.167,32.258 569.425,30.349 C568.659,28.377 567.633,26.702 565.965,25.035 C564.297,23.368 562.623,22.342 560.652,21.575 C558.743,20.834 556.562,20.326 553.369,20.18 C550.169,20.033 549.148,20 541,20 C532.853,20 531.831,20.033 528.631,20.18 C525.438,20.326 523.257,20.834 521.349,21.575 C519.376,22.342 517.703,23.368 516.035,25.035 C514.368,26.702 513.342,28.377 512.574,30.349 C511.834,32.258 511.326,34.438 511.181,37.631 C511.035,40.831 511,41.851 511,50 C511,58.147 511.035,59.17 511.181,62.369 C511.326,65.562 511.834,67.743 512.574,69.651 C513.342,71.625 514.368,73.296 516.035,74.965 C517.703,76.634 519.376,77.658 521.349,78.425 C523.257,79.167 525.438,79.673 528.631,79.82 C531.831,79.965 532.853,80.001 541,80.001 C549.148,80.001 550.169,79.965 553.369,79.82 C556.562,79.673 558.743,79.167 560.652,78.425 C562.623,77.658 564.297,76.634 565.965,74.965 C567.633,73.296 568.659,71.625 569.425,69.651 C570.167,67.743 570.674,65.562 570.82,62.369 C570.966,59.17 571,58.147 571,50 C571,41.851 570.966,40.831 570.82,37.631\"><\/path><\/g><\/g><\/g><\/svg><\/div><div style=\"padding-top: 8px;\"> <div style=\" color:#3897f0; font-family:Arial,sans-serif; font-size:14px; font-style:normal; font-weight:550; line-height:18px;\">Ver esta publicaci\u00f3n en Instagram<\/div><\/div><div style=\"padding: 12.5% 0;\"><\/div> <div style=\"display: flex; flex-direction: row; margin-bottom: 14px; align-items: center;\"><div> <div style=\"background-color: #F4F4F4; border-radius: 50%; height: 12.5px; width: 12.5px; transform: translateX(0px) translateY(7px);\"><\/div> <div style=\"background-color: #F4F4F4; height: 12.5px; transform: rotate(-45deg) translateX(3px) translateY(1px); width: 12.5px; flex-grow: 0; margin-right: 14px; margin-left: 2px;\"><\/div> <div style=\"background-color: #F4F4F4; border-radius: 50%; height: 12.5px; width: 12.5px; transform: translateX(9px) translateY(-18px);\"><\/div><\/div><div style=\"margin-left: 8px;\"> <div style=\" background-color: #F4F4F4; border-radius: 50%; flex-grow: 0; height: 20px; width: 20px;\"><\/div> <div style=\" width: 0; height: 0; border-top: 2px solid transparent; border-left: 6px solid #f4f4f4; border-bottom: 2px solid transparent; transform: translateX(16px) translateY(-4px) rotate(30deg)\"><\/div><\/div><div style=\"margin-left: auto;\"> <div style=\" width: 0px; border-top: 8px solid #F4F4F4; border-right: 8px solid transparent; transform: translateY(16px);\"><\/div> <div style=\" background-color: #F4F4F4; flex-grow: 0; height: 12px; width: 16px; transform: translateY(-4px);\"><\/div> <div style=\" width: 0; height: 0; border-top: 8px solid #F4F4F4; border-left: 8px solid transparent; transform: translateY(-4px) translateX(8px);\"><\/div><\/div><\/div> <div style=\"display: flex; flex-direction: column; flex-grow: 1; justify-content: center; margin-bottom: 24px;\"> <div style=\" background-color: #F4F4F4; border-radius: 4px; flex-grow: 0; height: 14px; margin-bottom: 6px; width: 224px;\"><\/div> <div style=\" background-color: #F4F4F4; border-radius: 4px; flex-grow: 0; height: 14px; width: 144px;\"><\/div><\/div><\/a><p style=\" color:#c9c8cd; font-family:Arial,sans-serif; font-size:14px; line-height:17px; margin-bottom:0; margin-top:8px; overflow:hidden; padding:8px 0 7px; text-align:center; text-overflow:ellipsis; white-space:nowrap;\"><a href=\"https:\/\/www.instagram.com\/reel\/DTAzn_XkYl6\/?utm_source=ig_embed&amp;utm_campaign=loading\" style=\" color:#c9c8cd; font-family:Arial,sans-serif; font-size:14px; font-style:normal; font-weight:normal; line-height:17px; text-decoration:none;\" target=\"_blank\">Una publicaci\u00f3n compartida por Grupo Alas Medios (@grupo.alasmedios)<\/a><\/p><\/div><\/blockquote>\n<script async src=\"\/\/www.instagram.com\/embed.js\"><\/script>\n\n\n\n<h3 class=\"wp-block-heading\"><strong>Alerta en la Autopista del Sol<\/strong><\/h3>\n\n\n\n<p>Se mantiene un <strong>reporte activo de derrumbes y deslaves<\/strong> en la <strong>Autopista del Sol<\/strong>, principalmente en tramos de las regiones <strong>Costa Chica y Costa Grande<\/strong>, por lo que se pide <strong>extremar precauciones<\/strong> al circular:<\/p>\n\n\n\n<p>TE PUEDE INTERESAR: <a href=\"https:\/\/www.alasmedios.com\/index.php\/2026\/01\/01\/mal-de-puerco-que-hacer-cuando-el-exceso-pasa-la-factura\/\" data-type=\"post\" data-id=\"7303\">Mal de puerco: qu\u00e9 hacer cuando el exceso pasa la factura<\/a><\/p>\n\n\n\n<ul class=\"wp-block-list\">\n<li><strong>Km 343<\/strong>: deslave con direcci\u00f3n a <strong>Cuernavaca<\/strong><\/li>\n\n\n\n<li><strong>Km 335<\/strong>: deslave rumbo a <strong>Acapulco<\/strong><\/li>\n\n\n\n<li><strong>Km 327<\/strong>: retenci\u00f3n vehicular por deslave<\/li>\n\n\n\n<li><strong>Km 319<\/strong>: presencia de <strong>m\u00faltiples piedras<\/strong> sobre la carpeta asf\u00e1ltica<\/li>\n<\/ul>\n\n\n\n<p>Las autoridades informaron que los <strong>reportes al 911<\/strong> est\u00e1n siendo atendidos en los <strong>85 municipios del estado<\/strong>, mientras contin\u00faan los recorridos de evaluaci\u00f3n.<\/p>\n\n\n\n<iframe loading=\"lazy\" src=\"https:\/\/www.facebook.com\/plugins\/post.php?href=https%3A%2F%2Fwww.facebook.com%2FGrupoAlasMedios%2Fposts%2Fpfbid0CUtfy2nshNSnSirz7aQDccz7EYMAPifrCDwZYhiWxUmr41Bb1eHjcsPqbC4upH4ml&#038;show_text=true&#038;width=500\" width=\"500\" height=\"671\" style=\"border:none;overflow:hidden\" scrolling=\"no\" frameborder=\"0\" allowfullscreen=\"true\" allow=\"autoplay; clipboard-write; encrypted-media; picture-in-picture; web-share\"><\/iframe>\n\n\n\n<p>Ante la actividad s\u00edsmica y las condiciones en carreteras, se recomienda <strong>reducir la velocidad<\/strong>, <strong>mantenerse alerta<\/strong> y <strong>seguir las indicaciones de Protecci\u00f3n Civil<\/strong>, especialmente ante la posibilidad de nuevas r\u00e9plicas.<\/p>\n\n\n<ul class=\"wp-block-latest-posts__list is-grid columns-3 wp-block-latest-posts\"><li><div class=\"wp-block-latest-posts__featured-image\"><img loading=\"lazy\" decoding=\"async\" width=\"150\" height=\"150\" src=\"https:\/\/www.alasmedios.com\/wp-content\/uploads\/2026\/05\/AMPEP-inteligencia-artificial-150x150.jpg\" class=\"attachment-thumbnail size-thumbnail wp-post-image\" alt=\"\" style=\"\" \/><\/div><a class=\"wp-block-latest-posts__post-title\" href=\"https:\/\/www.alasmedios.com\/index.php\/2026\/05\/01\/periodismo-frente-a-la-ia-ampep-asume-liderazgo-y-apuesta-por-contar-historias-con-alma\/\">Periodismo frente a la IA: AMPEP asume liderazgo y apuesta por contar historias con \u201calma\u201d<\/a><\/li>\n<li><div class=\"wp-block-latest-posts__featured-image\"><img loading=\"lazy\" decoding=\"async\" width=\"150\" height=\"150\" src=\"https:\/\/www.alasmedios.com\/wp-content\/uploads\/2026\/05\/Hidalgo-viene-un-respiro-con-el-frente-frio-48-150x150.png\" class=\"attachment-thumbnail size-thumbnail wp-post-image\" alt=\"\" style=\"\" \/><\/div><a class=\"wp-block-latest-posts__post-title\" href=\"https:\/\/www.alasmedios.com\/index.php\/2026\/05\/01\/frente-frio-48-un-alivio-asi-impactara-en-hidalgo\/\">Frente fr\u00edo 48, un alivio: as\u00ed impactar\u00e1 en Hidalgo<\/a><\/li>\n<li><div class=\"wp-block-latest-posts__featured-image\"><img loading=\"lazy\" decoding=\"async\" width=\"150\" height=\"150\" src=\"https:\/\/www.alasmedios.com\/wp-content\/uploads\/2026\/05\/mujeres-depresion-posparto-150x150.png\" class=\"attachment-thumbnail size-thumbnail wp-post-image\" alt=\"\" style=\"\" \/><\/div><a class=\"wp-block-latest-posts__post-title\" href=\"https:\/\/www.alasmedios.com\/index.php\/2026\/05\/01\/1-de-cada-15-mujeres-sufre-depresion-posparto\/\">1 de cada 15 mujeres sufre depresi\u00f3n posparto<\/a><\/li>\n<\/ul>","protected":false},"excerpt":{"rendered":"<p>Un sismo de magnitud 6.5, registrado la ma\u00f1ana de este viernes, sacudi\u00f3 Guerrero con epicentro a 4 kil\u00f3metros al suroeste<\/p>\n","protected":false},"author":4,"featured_media":7313,"comment_status":"open","ping_status":"open","sticky":false,"template":"","format":"standard","meta":{"colormag_page_container_layout":"default_layout","colormag_page_sidebar_layout":"default_layout","rop_custom_images_group":[],"rop_custom_messages_group":[],"rop_publish_now":"initial","rop_publish_now_accounts":[],"rop_publish_now_history":[],"rop_publish_now_status":"pending","iawp_total_views":0,"footnotes":""},"categories":[3222],"tags":[3193,862,166,2289,2717],"class_list":["post-7312","post","type-post","status-publish","format-standard","has-post-thumbnail","hentry","category-mexico","tag-afectaciones","tag-guerrero","tag-mexico","tag-proteccion-civil","tag-sismo"],"magazineBlocksPostFeaturedMedia":{"thumbnail":"https:\/\/www.alasmedios.com\/wp-content\/uploads\/2026\/01\/Sismo-de-6.5-sacude-Guerrero-reportan-derrumbes-fugas-de-gas-y-afectaciones-en-carreteras-150x150.png","medium":"https:\/\/www.alasmedios.com\/wp-content\/uploads\/2026\/01\/Sismo-de-6.5-sacude-Guerrero-reportan-derrumbes-fugas-de-gas-y-afectaciones-en-carreteras-300x182.png","medium_large":"https:\/\/www.alasmedios.com\/wp-content\/uploads\/2026\/01\/Sismo-de-6.5-sacude-Guerrero-reportan-derrumbes-fugas-de-gas-y-afectaciones-en-carreteras-768x466.png","large":"https:\/\/www.alasmedios.com\/wp-content\/uploads\/2026\/01\/Sismo-de-6.5-sacude-Guerrero-reportan-derrumbes-fugas-de-gas-y-afectaciones-en-carreteras-1024x622.png","1536x1536":"https:\/\/www.alasmedios.com\/wp-content\/uploads\/2026\/01\/Sismo-de-6.5-sacude-Guerrero-reportan-derrumbes-fugas-de-gas-y-afectaciones-en-carreteras-1536x932.png","2048x2048":"https:\/\/www.alasmedios.com\/wp-content\/uploads\/2026\/01\/Sismo-de-6.5-sacude-Guerrero-reportan-derrumbes-fugas-de-gas-y-afectaciones-en-carreteras.png","colormag-highlighted-post":"https:\/\/www.alasmedios.com\/wp-content\/uploads\/2026\/01\/Sismo-de-6.5-sacude-Guerrero-reportan-derrumbes-fugas-de-gas-y-afectaciones-en-carreteras-392x272.png","colormag-featured-post-medium":"https:\/\/www.alasmedios.com\/wp-content\/uploads\/2026\/01\/Sismo-de-6.5-sacude-Guerrero-reportan-derrumbes-fugas-de-gas-y-afectaciones-en-carreteras-390x205.png","colormag-featured-post-small":"https:\/\/www.alasmedios.com\/wp-content\/uploads\/2026\/01\/Sismo-de-6.5-sacude-Guerrero-reportan-derrumbes-fugas-de-gas-y-afectaciones-en-carreteras-130x90.png","colormag-featured-image":"https:\/\/www.alasmedios.com\/wp-content\/uploads\/2026\/01\/Sismo-de-6.5-sacude-Guerrero-reportan-derrumbes-fugas-de-gas-y-afectaciones-en-carreteras-800x445.png","colormag-default-news":"https:\/\/www.alasmedios.com\/wp-content\/uploads\/2026\/01\/Sismo-de-6.5-sacude-Guerrero-reportan-derrumbes-fugas-de-gas-y-afectaciones-en-carreteras-150x150.png","colormag-featured-image-large":"https:\/\/www.alasmedios.com\/wp-content\/uploads\/2026\/01\/Sismo-de-6.5-sacude-Guerrero-reportan-derrumbes-fugas-de-gas-y-afectaciones-en-carreteras-1400x600.png"},"magazineBlocksPostAuthor":{"name":"Keila Rodr\u00edguez Pe\u00f1a","avatar":"https:\/\/secure.gravatar.com\/avatar\/a2553a2bfaa601b9d539b617c8793e151bdffb60f9e48a249912f86d4c9ebeef?s=96&d=mm&r=g"},"magazineBlocksPostCommentsNumber":"0","magazineBlocksPostExcerpt":"Un sismo de magnitud 6.5, registrado la ma\u00f1ana de este viernes, sacudi\u00f3 Guerrero con epicentro a 4 kil\u00f3metros al suroeste","magazineBlocksPostCategories":["M\u00e9xico"],"magazineBlocksPostViewCount":155,"magazineBlocksPostReadTime":2,"magazine_blocks_featured_image_url":{"full":["https:\/\/www.alasmedios.com\/wp-content\/uploads\/2026\/01\/Sismo-de-6.5-sacude-Guerrero-reportan-derrumbes-fugas-de-gas-y-afectaciones-en-carreteras.png",2000,1214,false],"medium":["https:\/\/www.alasmedios.com\/wp-content\/uploads\/2026\/01\/Sismo-de-6.5-sacude-Guerrero-reportan-derrumbes-fugas-de-gas-y-afectaciones-en-carreteras-300x182.png",300,182,true],"thumbnail":["https:\/\/www.alasmedios.com\/wp-content\/uploads\/2026\/01\/Sismo-de-6.5-sacude-Guerrero-reportan-derrumbes-fugas-de-gas-y-afectaciones-en-carreteras-150x150.png",150,150,true]},"magazine_blocks_author":{"display_name":"Keila Rodr\u00edguez Pe\u00f1a","author_link":"https:\/\/www.alasmedios.com\/index.php\/author\/keila\/"},"magazine_blocks_comment":0,"magazine_blocks_author_image":"https:\/\/secure.gravatar.com\/avatar\/a2553a2bfaa601b9d539b617c8793e151bdffb60f9e48a249912f86d4c9ebeef?s=96&d=mm&r=g","magazine_blocks_category":"<a href=\"#\" class=\"category-link category-link-3222\">M\u00e9xico<\/a>","yoast_head":"<!-- This site is optimized with the Yoast SEO plugin v27.5 - https:\/\/yoast.com\/product\/yoast-seo-wordpress\/ -->\r\n<title>Sismo de 6.5 sacude Guerrero: reportan derrumbes, fugas de gas y afectaciones en carreteras - Alas Medios<\/title>\r\n<meta name=\"robots\" content=\"index, follow, max-snippet:-1, max-image-preview:large, max-video-preview:-1\" \/>\r\n<link rel=\"canonical\" href=\"https:\/\/www.alasmedios.com\/index.php\/2026\/01\/02\/sismo-de-6-5-sacude-guerrero\/\" \/>\r\n<meta property=\"og:locale\" content=\"es_MX\" \/>\r\n<meta property=\"og:type\" content=\"article\" \/>\r\n<meta property=\"og:title\" content=\"Sismo de 6.5 sacude Guerrero: reportan derrumbes, fugas de gas y afectaciones en carreteras - Alas Medios\" \/>\r\n<meta property=\"og:description\" content=\"Un sismo de magnitud 6.5, registrado la ma\u00f1ana de este viernes, sacudi\u00f3 Guerrero con epicentro a 4 kil\u00f3metros al suroeste\" \/>\r\n<meta property=\"og:url\" content=\"https:\/\/www.alasmedios.com\/index.php\/2026\/01\/02\/sismo-de-6-5-sacude-guerrero\/\" \/>\r\n<meta property=\"og:site_name\" content=\"Alas Medios\" \/>\r\n<meta property=\"article:published_time\" content=\"2026-01-02T16:44:59+00:00\" \/>\r\n<meta property=\"article:modified_time\" content=\"2026-01-06T19:31:52+00:00\" \/>\r\n<meta property=\"og:image\" content=\"https:\/\/www.alasmedios.com\/wp-content\/uploads\/2026\/01\/Sismo-de-6.5-sacude-Guerrero-reportan-derrumbes-fugas-de-gas-y-afectaciones-en-carreteras-1024x622.png\" \/>\r\n\t<meta property=\"og:image:width\" content=\"1024\" \/>\r\n\t<meta property=\"og:image:height\" content=\"622\" \/>\r\n\t<meta property=\"og:image:type\" content=\"image\/png\" \/>\r\n<meta name=\"author\" content=\"Keila Rodr\u00edguez Pe\u00f1a\" \/>\r\n<meta name=\"twitter:card\" content=\"summary_large_image\" \/>\r\n<meta name=\"twitter:label1\" content=\"Escrito por\" \/>\n\t<meta name=\"twitter:data1\" content=\"Keila Rodr\u00edguez Pe\u00f1a\" \/>\n\t<meta name=\"twitter:label2\" content=\"Tiempo de lectura\" \/>\n\t<meta name=\"twitter:data2\" content=\"2 minutos\" \/>\r\n<script type=\"application\/ld+json\" class=\"yoast-schema-graph\">{\"@context\":\"https:\\\/\\\/schema.org\",\"@graph\":[{\"@type\":\"Article\",\"@id\":\"https:\\\/\\\/www.alasmedios.com\\\/index.php\\\/2026\\\/01\\\/02\\\/sismo-de-6-5-sacude-guerrero\\\/#article\",\"isPartOf\":{\"@id\":\"https:\\\/\\\/www.alasmedios.com\\\/index.php\\\/2026\\\/01\\\/02\\\/sismo-de-6-5-sacude-guerrero\\\/\"},\"author\":{\"name\":\"Keila Rodr\u00edguez Pe\u00f1a\",\"@id\":\"https:\\\/\\\/www.alasmedios.com\\\/#\\\/schema\\\/person\\\/0ba31bdd19a05ebf5c7fef1fedf99c34\"},\"headline\":\"Sismo de 6.5 sacude Guerrero: reportan derrumbes, fugas de gas y afectaciones en carreteras\",\"datePublished\":\"2026-01-02T16:44:59+00:00\",\"dateModified\":\"2026-01-06T19:31:52+00:00\",\"mainEntityOfPage\":{\"@id\":\"https:\\\/\\\/www.alasmedios.com\\\/index.php\\\/2026\\\/01\\\/02\\\/sismo-de-6-5-sacude-guerrero\\\/\"},\"wordCount\":401,\"commentCount\":0,\"publisher\":{\"@id\":\"https:\\\/\\\/www.alasmedios.com\\\/#organization\"},\"image\":{\"@id\":\"https:\\\/\\\/www.alasmedios.com\\\/index.php\\\/2026\\\/01\\\/02\\\/sismo-de-6-5-sacude-guerrero\\\/#primaryimage\"},\"thumbnailUrl\":\"https:\\\/\\\/www.alasmedios.com\\\/wp-content\\\/uploads\\\/2026\\\/01\\\/Sismo-de-6.5-sacude-Guerrero-reportan-derrumbes-fugas-de-gas-y-afectaciones-en-carreteras.png\",\"keywords\":[\"afectaciones\",\"Guerrero\",\"M\u00e9xico\",\"Protecci\u00f3n Civil\",\"sismo\"],\"articleSection\":[\"M\u00e9xico\"],\"inLanguage\":\"es\",\"potentialAction\":[{\"@type\":\"CommentAction\",\"name\":\"Comment\",\"target\":[\"https:\\\/\\\/www.alasmedios.com\\\/index.php\\\/2026\\\/01\\\/02\\\/sismo-de-6-5-sacude-guerrero\\\/#respond\"]}]},{\"@type\":\"WebPage\",\"@id\":\"https:\\\/\\\/www.alasmedios.com\\\/index.php\\\/2026\\\/01\\\/02\\\/sismo-de-6-5-sacude-guerrero\\\/\",\"url\":\"https:\\\/\\\/www.alasmedios.com\\\/index.php\\\/2026\\\/01\\\/02\\\/sismo-de-6-5-sacude-guerrero\\\/\",\"name\":\"Sismo de 6.5 sacude Guerrero: reportan derrumbes, fugas de gas y afectaciones en carreteras - Alas Medios\",\"isPartOf\":{\"@id\":\"https:\\\/\\\/www.alasmedios.com\\\/#website\"},\"primaryImageOfPage\":{\"@id\":\"https:\\\/\\\/www.alasmedios.com\\\/index.php\\\/2026\\\/01\\\/02\\\/sismo-de-6-5-sacude-guerrero\\\/#primaryimage\"},\"image\":{\"@id\":\"https:\\\/\\\/www.alasmedios.com\\\/index.php\\\/2026\\\/01\\\/02\\\/sismo-de-6-5-sacude-guerrero\\\/#primaryimage\"},\"thumbnailUrl\":\"https:\\\/\\\/www.alasmedios.com\\\/wp-content\\\/uploads\\\/2026\\\/01\\\/Sismo-de-6.5-sacude-Guerrero-reportan-derrumbes-fugas-de-gas-y-afectaciones-en-carreteras.png\",\"datePublished\":\"2026-01-02T16:44:59+00:00\",\"dateModified\":\"2026-01-06T19:31:52+00:00\",\"breadcrumb\":{\"@id\":\"https:\\\/\\\/www.alasmedios.com\\\/index.php\\\/2026\\\/01\\\/02\\\/sismo-de-6-5-sacude-guerrero\\\/#breadcrumb\"},\"inLanguage\":\"es\",\"potentialAction\":[{\"@type\":\"ReadAction\",\"target\":[\"https:\\\/\\\/www.alasmedios.com\\\/index.php\\\/2026\\\/01\\\/02\\\/sismo-de-6-5-sacude-guerrero\\\/\"]}]},{\"@type\":\"ImageObject\",\"inLanguage\":\"es\",\"@id\":\"https:\\\/\\\/www.alasmedios.com\\\/index.php\\\/2026\\\/01\\\/02\\\/sismo-de-6-5-sacude-guerrero\\\/#primaryimage\",\"url\":\"https:\\\/\\\/www.alasmedios.com\\\/wp-content\\\/uploads\\\/2026\\\/01\\\/Sismo-de-6.5-sacude-Guerrero-reportan-derrumbes-fugas-de-gas-y-afectaciones-en-carreteras.png\",\"contentUrl\":\"https:\\\/\\\/www.alasmedios.com\\\/wp-content\\\/uploads\\\/2026\\\/01\\\/Sismo-de-6.5-sacude-Guerrero-reportan-derrumbes-fugas-de-gas-y-afectaciones-en-carreteras.png\",\"width\":2000,\"height\":1214},{\"@type\":\"BreadcrumbList\",\"@id\":\"https:\\\/\\\/www.alasmedios.com\\\/index.php\\\/2026\\\/01\\\/02\\\/sismo-de-6-5-sacude-guerrero\\\/#breadcrumb\",\"itemListElement\":[{\"@type\":\"ListItem\",\"position\":1,\"name\":\"Inicio\",\"item\":\"https:\\\/\\\/www.alasmedios.com\\\/\"},{\"@type\":\"ListItem\",\"position\":2,\"name\":\"Sismo de 6.5 sacude Guerrero: reportan derrumbes, fugas de gas y afectaciones en carreteras\"}]},{\"@type\":\"WebSite\",\"@id\":\"https:\\\/\\\/www.alasmedios.com\\\/#website\",\"url\":\"https:\\\/\\\/www.alasmedios.com\\\/\",\"name\":\"Alas Medios\",\"description\":\"Alas para pensar, Alas para volar, Alas de libertad\",\"publisher\":{\"@id\":\"https:\\\/\\\/www.alasmedios.com\\\/#organization\"},\"potentialAction\":[{\"@type\":\"SearchAction\",\"target\":{\"@type\":\"EntryPoint\",\"urlTemplate\":\"https:\\\/\\\/www.alasmedios.com\\\/?s={search_term_string}\"},\"query-input\":{\"@type\":\"PropertyValueSpecification\",\"valueRequired\":true,\"valueName\":\"search_term_string\"}}],\"inLanguage\":\"es\"},{\"@type\":\"Organization\",\"@id\":\"https:\\\/\\\/www.alasmedios.com\\\/#organization\",\"name\":\"Alas Medios\",\"url\":\"https:\\\/\\\/www.alasmedios.com\\\/\",\"logo\":{\"@type\":\"ImageObject\",\"inLanguage\":\"es\",\"@id\":\"https:\\\/\\\/www.alasmedios.com\\\/#\\\/schema\\\/logo\\\/image\\\/\",\"url\":\"https:\\\/\\\/www.alasmedios.com\\\/wp-content\\\/uploads\\\/2026\\\/01\\\/cropped-cropped-GAM-1.png\",\"contentUrl\":\"https:\\\/\\\/www.alasmedios.com\\\/wp-content\\\/uploads\\\/2026\\\/01\\\/cropped-cropped-GAM-1.png\",\"width\":467,\"height\":235,\"caption\":\"Alas Medios\"},\"image\":{\"@id\":\"https:\\\/\\\/www.alasmedios.com\\\/#\\\/schema\\\/logo\\\/image\\\/\"}},{\"@type\":\"Person\",\"@id\":\"https:\\\/\\\/www.alasmedios.com\\\/#\\\/schema\\\/person\\\/0ba31bdd19a05ebf5c7fef1fedf99c34\",\"name\":\"Keila Rodr\u00edguez Pe\u00f1a\",\"image\":{\"@type\":\"ImageObject\",\"inLanguage\":\"es\",\"@id\":\"https:\\\/\\\/secure.gravatar.com\\\/avatar\\\/a2553a2bfaa601b9d539b617c8793e151bdffb60f9e48a249912f86d4c9ebeef?s=96&d=mm&r=g\",\"url\":\"https:\\\/\\\/secure.gravatar.com\\\/avatar\\\/a2553a2bfaa601b9d539b617c8793e151bdffb60f9e48a249912f86d4c9ebeef?s=96&d=mm&r=g\",\"contentUrl\":\"https:\\\/\\\/secure.gravatar.com\\\/avatar\\\/a2553a2bfaa601b9d539b617c8793e151bdffb60f9e48a249912f86d4c9ebeef?s=96&d=mm&r=g\",\"caption\":\"Keila Rodr\u00edguez Pe\u00f1a\"},\"sameAs\":[\"http:\\\/\\\/www.alasmedios.com\"],\"url\":\"https:\\\/\\\/www.alasmedios.com\\\/index.php\\\/author\\\/keila\\\/\"}]}<\/script>\r\n<!-- \/ Yoast SEO plugin. -->","yoast_head_json":{"title":"Sismo de 6.5 sacude Guerrero: reportan derrumbes, fugas de gas y afectaciones en carreteras - Alas Medios","robots":{"index":"index","follow":"follow","max-snippet":"max-snippet:-1","max-image-preview":"max-image-preview:large","max-video-preview":"max-video-preview:-1"},"canonical":"https:\/\/www.alasmedios.com\/index.php\/2026\/01\/02\/sismo-de-6-5-sacude-guerrero\/","og_locale":"es_MX","og_type":"article","og_title":"Sismo de 6.5 sacude Guerrero: reportan derrumbes, fugas de gas y afectaciones en carreteras - Alas Medios","og_description":"Un sismo de magnitud 6.5, registrado la ma\u00f1ana de este viernes, sacudi\u00f3 Guerrero con epicentro a 4 kil\u00f3metros al suroeste","og_url":"https:\/\/www.alasmedios.com\/index.php\/2026\/01\/02\/sismo-de-6-5-sacude-guerrero\/","og_site_name":"Alas Medios","article_published_time":"2026-01-02T16:44:59+00:00","article_modified_time":"2026-01-06T19:31:52+00:00","og_image":[{"width":1024,"height":622,"url":"https:\/\/www.alasmedios.com\/wp-content\/uploads\/2026\/01\/Sismo-de-6.5-sacude-Guerrero-reportan-derrumbes-fugas-de-gas-y-afectaciones-en-carreteras-1024x622.png","type":"image\/png"}],"author":"Keila Rodr\u00edguez Pe\u00f1a","twitter_card":"summary_large_image","twitter_misc":{"Escrito por":"Keila Rodr\u00edguez Pe\u00f1a","Tiempo de lectura":"2 minutos"},"schema":{"@context":"https:\/\/schema.org","@graph":[{"@type":"Article","@id":"https:\/\/www.alasmedios.com\/index.php\/2026\/01\/02\/sismo-de-6-5-sacude-guerrero\/#article","isPartOf":{"@id":"https:\/\/www.alasmedios.com\/index.php\/2026\/01\/02\/sismo-de-6-5-sacude-guerrero\/"},"author":{"name":"Keila Rodr\u00edguez Pe\u00f1a","@id":"https:\/\/www.alasmedios.com\/#\/schema\/person\/0ba31bdd19a05ebf5c7fef1fedf99c34"},"headline":"Sismo de 6.5 sacude Guerrero: reportan derrumbes, fugas de gas y afectaciones en carreteras","datePublished":"2026-01-02T16:44:59+00:00","dateModified":"2026-01-06T19:31:52+00:00","mainEntityOfPage":{"@id":"https:\/\/www.alasmedios.com\/index.php\/2026\/01\/02\/sismo-de-6-5-sacude-guerrero\/"},"wordCount":401,"commentCount":0,"publisher":{"@id":"https:\/\/www.alasmedios.com\/#organization"},"image":{"@id":"https:\/\/www.alasmedios.com\/index.php\/2026\/01\/02\/sismo-de-6-5-sacude-guerrero\/#primaryimage"},"thumbnailUrl":"https:\/\/www.alasmedios.com\/wp-content\/uploads\/2026\/01\/Sismo-de-6.5-sacude-Guerrero-reportan-derrumbes-fugas-de-gas-y-afectaciones-en-carreteras.png","keywords":["afectaciones","Guerrero","M\u00e9xico","Protecci\u00f3n Civil","sismo"],"articleSection":["M\u00e9xico"],"inLanguage":"es","potentialAction":[{"@type":"CommentAction","name":"Comment","target":["https:\/\/www.alasmedios.com\/index.php\/2026\/01\/02\/sismo-de-6-5-sacude-guerrero\/#respond"]}]},{"@type":"WebPage","@id":"https:\/\/www.alasmedios.com\/index.php\/2026\/01\/02\/sismo-de-6-5-sacude-guerrero\/","url":"https:\/\/www.alasmedios.com\/index.php\/2026\/01\/02\/sismo-de-6-5-sacude-guerrero\/","name":"Sismo de 6.5 sacude Guerrero: reportan derrumbes, fugas de gas y afectaciones en carreteras - Alas Medios","isPartOf":{"@id":"https:\/\/www.alasmedios.com\/#website"},"primaryImageOfPage":{"@id":"https:\/\/www.alasmedios.com\/index.php\/2026\/01\/02\/sismo-de-6-5-sacude-guerrero\/#primaryimage"},"image":{"@id":"https:\/\/www.alasmedios.com\/index.php\/2026\/01\/02\/sismo-de-6-5-sacude-guerrero\/#primaryimage"},"thumbnailUrl":"https:\/\/www.alasmedios.com\/wp-content\/uploads\/2026\/01\/Sismo-de-6.5-sacude-Guerrero-reportan-derrumbes-fugas-de-gas-y-afectaciones-en-carreteras.png","datePublished":"2026-01-02T16:44:59+00:00","dateModified":"2026-01-06T19:31:52+00:00","breadcrumb":{"@id":"https:\/\/www.alasmedios.com\/index.php\/2026\/01\/02\/sismo-de-6-5-sacude-guerrero\/#breadcrumb"},"inLanguage":"es","potentialAction":[{"@type":"ReadAction","target":["https:\/\/www.alasmedios.com\/index.php\/2026\/01\/02\/sismo-de-6-5-sacude-guerrero\/"]}]},{"@type":"ImageObject","inLanguage":"es","@id":"https:\/\/www.alasmedios.com\/index.php\/2026\/01\/02\/sismo-de-6-5-sacude-guerrero\/#primaryimage","url":"https:\/\/www.alasmedios.com\/wp-content\/uploads\/2026\/01\/Sismo-de-6.5-sacude-Guerrero-reportan-derrumbes-fugas-de-gas-y-afectaciones-en-carreteras.png","contentUrl":"https:\/\/www.alasmedios.com\/wp-content\/uploads\/2026\/01\/Sismo-de-6.5-sacude-Guerrero-reportan-derrumbes-fugas-de-gas-y-afectaciones-en-carreteras.png","width":2000,"height":1214},{"@type":"BreadcrumbList","@id":"https:\/\/www.alasmedios.com\/index.php\/2026\/01\/02\/sismo-de-6-5-sacude-guerrero\/#breadcrumb","itemListElement":[{"@type":"ListItem","position":1,"name":"Inicio","item":"https:\/\/www.alasmedios.com\/"},{"@type":"ListItem","position":2,"name":"Sismo de 6.5 sacude Guerrero: reportan derrumbes, fugas de gas y afectaciones en carreteras"}]},{"@type":"WebSite","@id":"https:\/\/www.alasmedios.com\/#website","url":"https:\/\/www.alasmedios.com\/","name":"Alas Medios","description":"Alas para pensar, Alas para volar, Alas de libertad","publisher":{"@id":"https:\/\/www.alasmedios.com\/#organization"},"potentialAction":[{"@type":"SearchAction","target":{"@type":"EntryPoint","urlTemplate":"https:\/\/www.alasmedios.com\/?s={search_term_string}"},"query-input":{"@type":"PropertyValueSpecification","valueRequired":true,"valueName":"search_term_string"}}],"inLanguage":"es"},{"@type":"Organization","@id":"https:\/\/www.alasmedios.com\/#organization","name":"Alas Medios","url":"https:\/\/www.alasmedios.com\/","logo":{"@type":"ImageObject","inLanguage":"es","@id":"https:\/\/www.alasmedios.com\/#\/schema\/logo\/image\/","url":"https:\/\/www.alasmedios.com\/wp-content\/uploads\/2026\/01\/cropped-cropped-GAM-1.png","contentUrl":"https:\/\/www.alasmedios.com\/wp-content\/uploads\/2026\/01\/cropped-cropped-GAM-1.png","width":467,"height":235,"caption":"Alas Medios"},"image":{"@id":"https:\/\/www.alasmedios.com\/#\/schema\/logo\/image\/"}},{"@type":"Person","@id":"https:\/\/www.alasmedios.com\/#\/schema\/person\/0ba31bdd19a05ebf5c7fef1fedf99c34","name":"Keila Rodr\u00edguez Pe\u00f1a","image":{"@type":"ImageObject","inLanguage":"es","@id":"https:\/\/secure.gravatar.com\/avatar\/a2553a2bfaa601b9d539b617c8793e151bdffb60f9e48a249912f86d4c9ebeef?s=96&d=mm&r=g","url":"https:\/\/secure.gravatar.com\/avatar\/a2553a2bfaa601b9d539b617c8793e151bdffb60f9e48a249912f86d4c9ebeef?s=96&d=mm&r=g","contentUrl":"https:\/\/secure.gravatar.com\/avatar\/a2553a2bfaa601b9d539b617c8793e151bdffb60f9e48a249912f86d4c9ebeef?s=96&d=mm&r=g","caption":"Keila Rodr\u00edguez Pe\u00f1a"},"sameAs":["http:\/\/www.alasmedios.com"],"url":"https:\/\/www.alasmedios.com\/index.php\/author\/keila\/"}]}},"_links":{"self":[{"href":"https:\/\/www.alasmedios.com\/index.php\/wp-json\/wp\/v2\/posts\/7312","targetHints":{"allow":["GET"]}}],"collection":[{"href":"https:\/\/www.alasmedios.com\/index.php\/wp-json\/wp\/v2\/posts"}],"about":[{"href":"https:\/\/www.alasmedios.com\/index.php\/wp-json\/wp\/v2\/types\/post"}],"author":[{"embeddable":true,"href":"https:\/\/www.alasmedios.com\/index.php\/wp-json\/wp\/v2\/users\/4"}],"replies":[{"embeddable":true,"href":"https:\/\/www.alasmedios.com\/index.php\/wp-json\/wp\/v2\/comments?post=7312"}],"version-history":[{"count":3,"href":"https:\/\/www.alasmedios.com\/index.php\/wp-json\/wp\/v2\/posts\/7312\/revisions"}],"predecessor-version":[{"id":7317,"href":"https:\/\/www.alasmedios.com\/index.php\/wp-json\/wp\/v2\/posts\/7312\/revisions\/7317"}],"wp:featuredmedia":[{"embeddable":true,"href":"https:\/\/www.alasmedios.com\/index.php\/wp-json\/wp\/v2\/media\/7313"}],"wp:attachment":[{"href":"https:\/\/www.alasmedios.com\/index.php\/wp-json\/wp\/v2\/media?parent=7312"}],"wp:term":[{"taxonomy":"category","embeddable":true,"href":"https:\/\/www.alasmedios.com\/index.php\/wp-json\/wp\/v2\/categories?post=7312"},{"taxonomy":"post_tag","embeddable":true,"href":"https:\/\/www.alasmedios.com\/index.php\/wp-json\/wp\/v2\/tags?post=7312"}],"curies":[{"name":"wp","href":"https:\/\/api.w.org\/{rel}","templated":true}]}}