{"id":7306,"date":"2026-01-02T10:11:19","date_gmt":"2026-01-02T16:11:19","guid":{"rendered":"https:\/\/www.alasmedios.com\/?p=7306"},"modified":"2026-01-02T10:11:20","modified_gmt":"2026-01-02T16:11:20","slug":"reverbera-arte-que-vibra-en-pachuca","status":"publish","type":"post","link":"https:\/\/www.alasmedios.com\/index.php\/2026\/01\/02\/reverbera-arte-que-vibra-en-pachuca\/","title":{"rendered":"\u201cReverbera\u201d: arte que vibra en Pachuca"},"content":{"rendered":"\n<p><strong>Las vacaciones tambi\u00e9n se viven entre colores, ideas y emociones<\/strong>, y el <strong>Foro Cultural Efr\u00e9n Rebolledo<\/strong> se convierte en punto de encuentro con la exposici\u00f3n colectiva de artes visuales <strong>\u201cReverbera\u201d<\/strong>, una muestra que re\u00fane miradas contempor\u00e1neas y voces diversas.<\/p>\n\n\n\n<p><strong>La exposici\u00f3n convoca a decenas de artistas<\/strong>, entre ellos <strong>Ixchel Estrada, Carmen Parra Velasco, Lula Guzm\u00e1n, Eva Hinojosa, FIMM, Ana Ba\u00f1os, Dana Rammos, Tangerina, NuNa, Tania Guadalupe, Maricarmen Guzm\u00e1n, Valentina Aguado, SANOVI, MARU PAUL\u00cdN, Vantan Solis, Eymi Rosado, Aleydis Cervantes Due\u00f1as, Gabriela Casta\u00f1eda, Frida Bulos, Aura Mar\u00eda, Agua Maga, Julia Caporal, Lourdes P\u00e9rez Cesari, Victoria Akino, Nora Mendoza, Pokky, Rebeca Jahmai, Perla Ibarra, Lorena Monzalvo<\/strong>, entre muchas otras.<\/p>\n\n\n\n<p><strong>\u201cReverbera\u201d propone un recorrido por expresiones visuales actuales<\/strong>, donde cada obra dialoga con el espectador y amplifica emociones, reflexiones y preguntas sobre el presente.<\/p>\n\n\n\n<p>CONTIN\u00daA LEYENDO: <a href=\"https:\/\/www.alasmedios.com\/index.php\/2025\/12\/31\/deudores-alimentarios-entra-en-vigor-registro-publico-en-hidalgo\/\" data-type=\"post\" data-id=\"7297\">Deudores alimentarios: entra en vigor registro p\u00fablico en Hidalgo<\/a><\/p>\n\n\n\n<p><strong>La muestra puede visitarse en horario de 11:00 a 16:30 horas<\/strong>, ideal para una pausa cultural durante el d\u00eda.<\/p>\n\n\n\n<figure class=\"wp-block-gallery has-nested-images columns-default is-cropped wp-block-gallery-1 is-layout-flex wp-block-gallery-is-layout-flex\">\n<figure class=\"wp-block-image size-large\"><img loading=\"lazy\" decoding=\"async\" width=\"1024\" height=\"683\" data-id=\"7308\" src=\"https:\/\/www.alasmedios.com\/wp-content\/uploads\/2026\/01\/Reverbera-arte-que-vibra-en-Pachuca-1-1024x683.jpg\" alt=\"\" class=\"wp-image-7308\" srcset=\"https:\/\/www.alasmedios.com\/wp-content\/uploads\/2026\/01\/Reverbera-arte-que-vibra-en-Pachuca-1-1024x683.jpg 1024w, https:\/\/www.alasmedios.com\/wp-content\/uploads\/2026\/01\/Reverbera-arte-que-vibra-en-Pachuca-1-300x200.jpg 300w, https:\/\/www.alasmedios.com\/wp-content\/uploads\/2026\/01\/Reverbera-arte-que-vibra-en-Pachuca-1-768x512.jpg 768w, https:\/\/www.alasmedios.com\/wp-content\/uploads\/2026\/01\/Reverbera-arte-que-vibra-en-Pachuca-1-1536x1024.jpg 1536w, https:\/\/www.alasmedios.com\/wp-content\/uploads\/2026\/01\/Reverbera-arte-que-vibra-en-Pachuca-1.jpg 2048w\" sizes=\"auto, (max-width: 1024px) 100vw, 1024px\" \/><\/figure>\n\n\n\n<figure class=\"wp-block-image size-large\"><img loading=\"lazy\" decoding=\"async\" width=\"1024\" height=\"683\" data-id=\"7310\" src=\"https:\/\/www.alasmedios.com\/wp-content\/uploads\/2026\/01\/Reverbera-arte-que-vibra-en-Pachuca-2-1024x683.jpg\" alt=\"\" class=\"wp-image-7310\" srcset=\"https:\/\/www.alasmedios.com\/wp-content\/uploads\/2026\/01\/Reverbera-arte-que-vibra-en-Pachuca-2-1024x683.jpg 1024w, https:\/\/www.alasmedios.com\/wp-content\/uploads\/2026\/01\/Reverbera-arte-que-vibra-en-Pachuca-2-300x200.jpg 300w, https:\/\/www.alasmedios.com\/wp-content\/uploads\/2026\/01\/Reverbera-arte-que-vibra-en-Pachuca-2-768x512.jpg 768w, https:\/\/www.alasmedios.com\/wp-content\/uploads\/2026\/01\/Reverbera-arte-que-vibra-en-Pachuca-2-1536x1024.jpg 1536w, https:\/\/www.alasmedios.com\/wp-content\/uploads\/2026\/01\/Reverbera-arte-que-vibra-en-Pachuca-2.jpg 2048w\" sizes=\"auto, (max-width: 1024px) 100vw, 1024px\" \/><\/figure>\n\n\n\n<figure class=\"wp-block-image size-large\"><img loading=\"lazy\" decoding=\"async\" width=\"1024\" height=\"683\" data-id=\"7309\" src=\"https:\/\/www.alasmedios.com\/wp-content\/uploads\/2026\/01\/Reverbera-arte-que-vibra-en-Pachuca-3-1024x683.jpg\" alt=\"\" class=\"wp-image-7309\" srcset=\"https:\/\/www.alasmedios.com\/wp-content\/uploads\/2026\/01\/Reverbera-arte-que-vibra-en-Pachuca-3-1024x683.jpg 1024w, https:\/\/www.alasmedios.com\/wp-content\/uploads\/2026\/01\/Reverbera-arte-que-vibra-en-Pachuca-3-300x200.jpg 300w, https:\/\/www.alasmedios.com\/wp-content\/uploads\/2026\/01\/Reverbera-arte-que-vibra-en-Pachuca-3-768x512.jpg 768w, https:\/\/www.alasmedios.com\/wp-content\/uploads\/2026\/01\/Reverbera-arte-que-vibra-en-Pachuca-3-1536x1024.jpg 1536w, https:\/\/www.alasmedios.com\/wp-content\/uploads\/2026\/01\/Reverbera-arte-que-vibra-en-Pachuca-3.jpg 2048w\" sizes=\"auto, (max-width: 1024px) 100vw, 1024px\" \/><\/figure>\n<\/figure>\n\n\n\n<p><strong>El recinto permanecer\u00e1 cerrado el 5 de enero<\/strong>, por lo que se recomienda planear la visita con anticipaci\u00f3n.<\/p>\n\n\n\n<p><strong>El Foro Cultural Efr\u00e9n Rebolledo se ubica en Nicol\u00e1s Bravo #202, colonia Centro, Pachuca de Soto<\/strong>, un espacio accesible para dejarse envolver por el arte local y contempor\u00e1neo.<\/p>\n\n\n<ul class=\"wp-block-latest-posts__list is-grid columns-3 wp-block-latest-posts\"><li><div class=\"wp-block-latest-posts__featured-image\"><img loading=\"lazy\" decoding=\"async\" width=\"150\" height=\"150\" src=\"https:\/\/www.alasmedios.com\/wp-content\/uploads\/2026\/05\/AMPEP-inteligencia-artificial-150x150.jpg\" class=\"attachment-thumbnail size-thumbnail wp-post-image\" alt=\"\" style=\"\" \/><\/div><a class=\"wp-block-latest-posts__post-title\" href=\"https:\/\/www.alasmedios.com\/index.php\/2026\/05\/01\/periodismo-frente-a-la-ia-ampep-asume-liderazgo-y-apuesta-por-contar-historias-con-alma\/\">Periodismo frente a la IA: AMPEP asume liderazgo y apuesta por contar historias con \u201calma\u201d<\/a><\/li>\n<li><div class=\"wp-block-latest-posts__featured-image\"><img loading=\"lazy\" decoding=\"async\" width=\"150\" height=\"150\" src=\"https:\/\/www.alasmedios.com\/wp-content\/uploads\/2026\/05\/Hidalgo-viene-un-respiro-con-el-frente-frio-48-150x150.png\" class=\"attachment-thumbnail size-thumbnail wp-post-image\" alt=\"\" style=\"\" \/><\/div><a class=\"wp-block-latest-posts__post-title\" href=\"https:\/\/www.alasmedios.com\/index.php\/2026\/05\/01\/frente-frio-48-un-alivio-asi-impactara-en-hidalgo\/\">Frente fr\u00edo 48, un alivio: as\u00ed impactar\u00e1 en Hidalgo<\/a><\/li>\n<li><div class=\"wp-block-latest-posts__featured-image\"><img loading=\"lazy\" decoding=\"async\" width=\"150\" height=\"150\" src=\"https:\/\/www.alasmedios.com\/wp-content\/uploads\/2026\/05\/mujeres-depresion-posparto-150x150.png\" class=\"attachment-thumbnail size-thumbnail wp-post-image\" alt=\"\" style=\"\" \/><\/div><a class=\"wp-block-latest-posts__post-title\" href=\"https:\/\/www.alasmedios.com\/index.php\/2026\/05\/01\/1-de-cada-15-mujeres-sufre-depresion-posparto\/\">1 de cada 15 mujeres sufre depresi\u00f3n posparto<\/a><\/li>\n<\/ul>","protected":false},"excerpt":{"rendered":"<p>Las vacaciones tambi\u00e9n se viven entre colores, ideas y emociones, y el Foro Cultural Efr\u00e9n Rebolledo se convierte en punto<\/p>\n","protected":false},"author":4,"featured_media":7307,"comment_status":"open","ping_status":"open","sticky":false,"template":"","format":"standard","meta":{"colormag_page_container_layout":"default_layout","colormag_page_sidebar_layout":"default_layout","rop_custom_images_group":[],"rop_custom_messages_group":[],"rop_publish_now":"initial","rop_publish_now_accounts":[],"rop_publish_now_history":[],"rop_publish_now_status":"pending","iawp_total_views":0,"footnotes":""},"categories":[41],"tags":[52,75,2598,99,87,3192],"class_list":["post-7306","post","type-post","status-publish","format-standard","has-post-thumbnail","hentry","category-hidalgo","tag-arte","tag-cultura","tag-foro-cultural-efren-rebolledo","tag-hidalgo","tag-pachuca","tag-reverbera"],"magazineBlocksPostFeaturedMedia":{"thumbnail":"https:\/\/www.alasmedios.com\/wp-content\/uploads\/2026\/01\/Reverbera-arte-que-vibra-en-Pachuca-150x150.jpg","medium":"https:\/\/www.alasmedios.com\/wp-content\/uploads\/2026\/01\/Reverbera-arte-que-vibra-en-Pachuca-300x200.jpg","medium_large":"https:\/\/www.alasmedios.com\/wp-content\/uploads\/2026\/01\/Reverbera-arte-que-vibra-en-Pachuca-768x512.jpg","large":"https:\/\/www.alasmedios.com\/wp-content\/uploads\/2026\/01\/Reverbera-arte-que-vibra-en-Pachuca-1024x683.jpg","1536x1536":"https:\/\/www.alasmedios.com\/wp-content\/uploads\/2026\/01\/Reverbera-arte-que-vibra-en-Pachuca-1536x1024.jpg","2048x2048":"https:\/\/www.alasmedios.com\/wp-content\/uploads\/2026\/01\/Reverbera-arte-que-vibra-en-Pachuca.jpg","colormag-highlighted-post":"https:\/\/www.alasmedios.com\/wp-content\/uploads\/2026\/01\/Reverbera-arte-que-vibra-en-Pachuca-392x272.jpg","colormag-featured-post-medium":"https:\/\/www.alasmedios.com\/wp-content\/uploads\/2026\/01\/Reverbera-arte-que-vibra-en-Pachuca-390x205.jpg","colormag-featured-post-small":"https:\/\/www.alasmedios.com\/wp-content\/uploads\/2026\/01\/Reverbera-arte-que-vibra-en-Pachuca-130x90.jpg","colormag-featured-image":"https:\/\/www.alasmedios.com\/wp-content\/uploads\/2026\/01\/Reverbera-arte-que-vibra-en-Pachuca-800x445.jpg","colormag-default-news":"https:\/\/www.alasmedios.com\/wp-content\/uploads\/2026\/01\/Reverbera-arte-que-vibra-en-Pachuca-150x150.jpg","colormag-featured-image-large":"https:\/\/www.alasmedios.com\/wp-content\/uploads\/2026\/01\/Reverbera-arte-que-vibra-en-Pachuca-1400x600.jpg"},"magazineBlocksPostAuthor":{"name":"Keila Rodr\u00edguez Pe\u00f1a","avatar":"https:\/\/secure.gravatar.com\/avatar\/a2553a2bfaa601b9d539b617c8793e151bdffb60f9e48a249912f86d4c9ebeef?s=96&d=mm&r=g"},"magazineBlocksPostCommentsNumber":"0","magazineBlocksPostExcerpt":"Las vacaciones tambi\u00e9n se viven entre colores, ideas y emociones, y el Foro Cultural Efr\u00e9n Rebolledo se convierte en punto","magazineBlocksPostCategories":["Hidalgo"],"magazineBlocksPostViewCount":164,"magazineBlocksPostReadTime":2,"magazine_blocks_featured_image_url":{"full":["https:\/\/www.alasmedios.com\/wp-content\/uploads\/2026\/01\/Reverbera-arte-que-vibra-en-Pachuca.jpg",2048,1365,false],"medium":["https:\/\/www.alasmedios.com\/wp-content\/uploads\/2026\/01\/Reverbera-arte-que-vibra-en-Pachuca-300x200.jpg",300,200,true],"thumbnail":["https:\/\/www.alasmedios.com\/wp-content\/uploads\/2026\/01\/Reverbera-arte-que-vibra-en-Pachuca-150x150.jpg",150,150,true]},"magazine_blocks_author":{"display_name":"Keila Rodr\u00edguez Pe\u00f1a","author_link":"https:\/\/www.alasmedios.com\/index.php\/author\/keila\/"},"magazine_blocks_comment":0,"magazine_blocks_author_image":"https:\/\/secure.gravatar.com\/avatar\/a2553a2bfaa601b9d539b617c8793e151bdffb60f9e48a249912f86d4c9ebeef?s=96&d=mm&r=g","magazine_blocks_category":"<a href=\"#\" class=\"category-link category-link-41\">Hidalgo<\/a>","yoast_head":"<!-- This site is optimized with the Yoast SEO plugin v27.5 - https:\/\/yoast.com\/product\/yoast-seo-wordpress\/ -->\r\n<title>\u201cReverbera\u201d: arte que vibra en Pachuca - Alas Medios<\/title>\r\n<meta name=\"robots\" content=\"index, follow, max-snippet:-1, max-image-preview:large, max-video-preview:-1\" \/>\r\n<link rel=\"canonical\" href=\"https:\/\/www.alasmedios.com\/index.php\/2026\/01\/02\/reverbera-arte-que-vibra-en-pachuca\/\" \/>\r\n<meta property=\"og:locale\" content=\"es_MX\" \/>\r\n<meta property=\"og:type\" content=\"article\" \/>\r\n<meta property=\"og:title\" content=\"\u201cReverbera\u201d: arte que vibra en Pachuca - Alas Medios\" \/>\r\n<meta property=\"og:description\" content=\"Las vacaciones tambi\u00e9n se viven entre colores, ideas y emociones, y el Foro Cultural Efr\u00e9n Rebolledo se convierte en punto\" \/>\r\n<meta property=\"og:url\" content=\"https:\/\/www.alasmedios.com\/index.php\/2026\/01\/02\/reverbera-arte-que-vibra-en-pachuca\/\" \/>\r\n<meta property=\"og:site_name\" content=\"Alas Medios\" \/>\r\n<meta property=\"article:published_time\" content=\"2026-01-02T16:11:19+00:00\" \/>\r\n<meta property=\"article:modified_time\" content=\"2026-01-02T16:11:20+00:00\" \/>\r\n<meta property=\"og:image\" content=\"https:\/\/www.alasmedios.com\/wp-content\/uploads\/2026\/01\/Reverbera-arte-que-vibra-en-Pachuca.jpg\" \/>\r\n\t<meta property=\"og:image:width\" content=\"2048\" \/>\r\n\t<meta property=\"og:image:height\" content=\"1365\" \/>\r\n\t<meta property=\"og:image:type\" content=\"image\/jpeg\" \/>\r\n<meta name=\"author\" content=\"Keila Rodr\u00edguez Pe\u00f1a\" \/>\r\n<meta name=\"twitter:card\" content=\"summary_large_image\" \/>\r\n<meta name=\"twitter:label1\" content=\"Escrito por\" \/>\n\t<meta name=\"twitter:data1\" content=\"Keila Rodr\u00edguez Pe\u00f1a\" \/>\n\t<meta name=\"twitter:label2\" content=\"Tiempo de lectura\" \/>\n\t<meta name=\"twitter:data2\" content=\"1 minuto\" \/>\r\n<script type=\"application\/ld+json\" class=\"yoast-schema-graph\">{\"@context\":\"https:\\\/\\\/schema.org\",\"@graph\":[{\"@type\":\"Article\",\"@id\":\"https:\\\/\\\/www.alasmedios.com\\\/index.php\\\/2026\\\/01\\\/02\\\/reverbera-arte-que-vibra-en-pachuca\\\/#article\",\"isPartOf\":{\"@id\":\"https:\\\/\\\/www.alasmedios.com\\\/index.php\\\/2026\\\/01\\\/02\\\/reverbera-arte-que-vibra-en-pachuca\\\/\"},\"author\":{\"name\":\"Keila Rodr\u00edguez Pe\u00f1a\",\"@id\":\"https:\\\/\\\/www.alasmedios.com\\\/#\\\/schema\\\/person\\\/0ba31bdd19a05ebf5c7fef1fedf99c34\"},\"headline\":\"\u201cReverbera\u201d: arte que vibra en Pachuca\",\"datePublished\":\"2026-01-02T16:11:19+00:00\",\"dateModified\":\"2026-01-02T16:11:20+00:00\",\"mainEntityOfPage\":{\"@id\":\"https:\\\/\\\/www.alasmedios.com\\\/index.php\\\/2026\\\/01\\\/02\\\/reverbera-arte-que-vibra-en-pachuca\\\/\"},\"wordCount\":230,\"commentCount\":0,\"publisher\":{\"@id\":\"https:\\\/\\\/www.alasmedios.com\\\/#organization\"},\"image\":{\"@id\":\"https:\\\/\\\/www.alasmedios.com\\\/index.php\\\/2026\\\/01\\\/02\\\/reverbera-arte-que-vibra-en-pachuca\\\/#primaryimage\"},\"thumbnailUrl\":\"https:\\\/\\\/www.alasmedios.com\\\/wp-content\\\/uploads\\\/2026\\\/01\\\/Reverbera-arte-que-vibra-en-Pachuca.jpg\",\"keywords\":[\"Arte\",\"Cultura\",\"Foro Cultural Efr\u00e9n Rebolledo\",\"Hidalgo\",\"Pachuca\",\"Reverbera\"],\"articleSection\":[\"Hidalgo\"],\"inLanguage\":\"es\",\"potentialAction\":[{\"@type\":\"CommentAction\",\"name\":\"Comment\",\"target\":[\"https:\\\/\\\/www.alasmedios.com\\\/index.php\\\/2026\\\/01\\\/02\\\/reverbera-arte-que-vibra-en-pachuca\\\/#respond\"]}]},{\"@type\":\"WebPage\",\"@id\":\"https:\\\/\\\/www.alasmedios.com\\\/index.php\\\/2026\\\/01\\\/02\\\/reverbera-arte-que-vibra-en-pachuca\\\/\",\"url\":\"https:\\\/\\\/www.alasmedios.com\\\/index.php\\\/2026\\\/01\\\/02\\\/reverbera-arte-que-vibra-en-pachuca\\\/\",\"name\":\"\u201cReverbera\u201d: arte que vibra en Pachuca - Alas Medios\",\"isPartOf\":{\"@id\":\"https:\\\/\\\/www.alasmedios.com\\\/#website\"},\"primaryImageOfPage\":{\"@id\":\"https:\\\/\\\/www.alasmedios.com\\\/index.php\\\/2026\\\/01\\\/02\\\/reverbera-arte-que-vibra-en-pachuca\\\/#primaryimage\"},\"image\":{\"@id\":\"https:\\\/\\\/www.alasmedios.com\\\/index.php\\\/2026\\\/01\\\/02\\\/reverbera-arte-que-vibra-en-pachuca\\\/#primaryimage\"},\"thumbnailUrl\":\"https:\\\/\\\/www.alasmedios.com\\\/wp-content\\\/uploads\\\/2026\\\/01\\\/Reverbera-arte-que-vibra-en-Pachuca.jpg\",\"datePublished\":\"2026-01-02T16:11:19+00:00\",\"dateModified\":\"2026-01-02T16:11:20+00:00\",\"breadcrumb\":{\"@id\":\"https:\\\/\\\/www.alasmedios.com\\\/index.php\\\/2026\\\/01\\\/02\\\/reverbera-arte-que-vibra-en-pachuca\\\/#breadcrumb\"},\"inLanguage\":\"es\",\"potentialAction\":[{\"@type\":\"ReadAction\",\"target\":[\"https:\\\/\\\/www.alasmedios.com\\\/index.php\\\/2026\\\/01\\\/02\\\/reverbera-arte-que-vibra-en-pachuca\\\/\"]}]},{\"@type\":\"ImageObject\",\"inLanguage\":\"es\",\"@id\":\"https:\\\/\\\/www.alasmedios.com\\\/index.php\\\/2026\\\/01\\\/02\\\/reverbera-arte-que-vibra-en-pachuca\\\/#primaryimage\",\"url\":\"https:\\\/\\\/www.alasmedios.com\\\/wp-content\\\/uploads\\\/2026\\\/01\\\/Reverbera-arte-que-vibra-en-Pachuca.jpg\",\"contentUrl\":\"https:\\\/\\\/www.alasmedios.com\\\/wp-content\\\/uploads\\\/2026\\\/01\\\/Reverbera-arte-que-vibra-en-Pachuca.jpg\",\"width\":2048,\"height\":1365},{\"@type\":\"BreadcrumbList\",\"@id\":\"https:\\\/\\\/www.alasmedios.com\\\/index.php\\\/2026\\\/01\\\/02\\\/reverbera-arte-que-vibra-en-pachuca\\\/#breadcrumb\",\"itemListElement\":[{\"@type\":\"ListItem\",\"position\":1,\"name\":\"Inicio\",\"item\":\"https:\\\/\\\/www.alasmedios.com\\\/\"},{\"@type\":\"ListItem\",\"position\":2,\"name\":\"\u201cReverbera\u201d: arte que vibra en Pachuca\"}]},{\"@type\":\"WebSite\",\"@id\":\"https:\\\/\\\/www.alasmedios.com\\\/#website\",\"url\":\"https:\\\/\\\/www.alasmedios.com\\\/\",\"name\":\"Alas Medios\",\"description\":\"Alas para pensar, Alas para volar, Alas de libertad\",\"publisher\":{\"@id\":\"https:\\\/\\\/www.alasmedios.com\\\/#organization\"},\"potentialAction\":[{\"@type\":\"SearchAction\",\"target\":{\"@type\":\"EntryPoint\",\"urlTemplate\":\"https:\\\/\\\/www.alasmedios.com\\\/?s={search_term_string}\"},\"query-input\":{\"@type\":\"PropertyValueSpecification\",\"valueRequired\":true,\"valueName\":\"search_term_string\"}}],\"inLanguage\":\"es\"},{\"@type\":\"Organization\",\"@id\":\"https:\\\/\\\/www.alasmedios.com\\\/#organization\",\"name\":\"Alas Medios\",\"url\":\"https:\\\/\\\/www.alasmedios.com\\\/\",\"logo\":{\"@type\":\"ImageObject\",\"inLanguage\":\"es\",\"@id\":\"https:\\\/\\\/www.alasmedios.com\\\/#\\\/schema\\\/logo\\\/image\\\/\",\"url\":\"https:\\\/\\\/www.alasmedios.com\\\/wp-content\\\/uploads\\\/2026\\\/01\\\/cropped-cropped-GAM-1.png\",\"contentUrl\":\"https:\\\/\\\/www.alasmedios.com\\\/wp-content\\\/uploads\\\/2026\\\/01\\\/cropped-cropped-GAM-1.png\",\"width\":467,\"height\":235,\"caption\":\"Alas Medios\"},\"image\":{\"@id\":\"https:\\\/\\\/www.alasmedios.com\\\/#\\\/schema\\\/logo\\\/image\\\/\"}},{\"@type\":\"Person\",\"@id\":\"https:\\\/\\\/www.alasmedios.com\\\/#\\\/schema\\\/person\\\/0ba31bdd19a05ebf5c7fef1fedf99c34\",\"name\":\"Keila Rodr\u00edguez Pe\u00f1a\",\"image\":{\"@type\":\"ImageObject\",\"inLanguage\":\"es\",\"@id\":\"https:\\\/\\\/secure.gravatar.com\\\/avatar\\\/a2553a2bfaa601b9d539b617c8793e151bdffb60f9e48a249912f86d4c9ebeef?s=96&d=mm&r=g\",\"url\":\"https:\\\/\\\/secure.gravatar.com\\\/avatar\\\/a2553a2bfaa601b9d539b617c8793e151bdffb60f9e48a249912f86d4c9ebeef?s=96&d=mm&r=g\",\"contentUrl\":\"https:\\\/\\\/secure.gravatar.com\\\/avatar\\\/a2553a2bfaa601b9d539b617c8793e151bdffb60f9e48a249912f86d4c9ebeef?s=96&d=mm&r=g\",\"caption\":\"Keila Rodr\u00edguez Pe\u00f1a\"},\"sameAs\":[\"http:\\\/\\\/www.alasmedios.com\"],\"url\":\"https:\\\/\\\/www.alasmedios.com\\\/index.php\\\/author\\\/keila\\\/\"}]}<\/script>\r\n<!-- \/ Yoast SEO plugin. -->","yoast_head_json":{"title":"\u201cReverbera\u201d: arte que vibra en Pachuca - Alas Medios","robots":{"index":"index","follow":"follow","max-snippet":"max-snippet:-1","max-image-preview":"max-image-preview:large","max-video-preview":"max-video-preview:-1"},"canonical":"https:\/\/www.alasmedios.com\/index.php\/2026\/01\/02\/reverbera-arte-que-vibra-en-pachuca\/","og_locale":"es_MX","og_type":"article","og_title":"\u201cReverbera\u201d: arte que vibra en Pachuca - Alas Medios","og_description":"Las vacaciones tambi\u00e9n se viven entre colores, ideas y emociones, y el Foro Cultural Efr\u00e9n Rebolledo se convierte en punto","og_url":"https:\/\/www.alasmedios.com\/index.php\/2026\/01\/02\/reverbera-arte-que-vibra-en-pachuca\/","og_site_name":"Alas Medios","article_published_time":"2026-01-02T16:11:19+00:00","article_modified_time":"2026-01-02T16:11:20+00:00","og_image":[{"width":2048,"height":1365,"url":"https:\/\/www.alasmedios.com\/wp-content\/uploads\/2026\/01\/Reverbera-arte-que-vibra-en-Pachuca.jpg","type":"image\/jpeg"}],"author":"Keila Rodr\u00edguez Pe\u00f1a","twitter_card":"summary_large_image","twitter_misc":{"Escrito por":"Keila Rodr\u00edguez Pe\u00f1a","Tiempo de lectura":"1 minuto"},"schema":{"@context":"https:\/\/schema.org","@graph":[{"@type":"Article","@id":"https:\/\/www.alasmedios.com\/index.php\/2026\/01\/02\/reverbera-arte-que-vibra-en-pachuca\/#article","isPartOf":{"@id":"https:\/\/www.alasmedios.com\/index.php\/2026\/01\/02\/reverbera-arte-que-vibra-en-pachuca\/"},"author":{"name":"Keila Rodr\u00edguez Pe\u00f1a","@id":"https:\/\/www.alasmedios.com\/#\/schema\/person\/0ba31bdd19a05ebf5c7fef1fedf99c34"},"headline":"\u201cReverbera\u201d: arte que vibra en Pachuca","datePublished":"2026-01-02T16:11:19+00:00","dateModified":"2026-01-02T16:11:20+00:00","mainEntityOfPage":{"@id":"https:\/\/www.alasmedios.com\/index.php\/2026\/01\/02\/reverbera-arte-que-vibra-en-pachuca\/"},"wordCount":230,"commentCount":0,"publisher":{"@id":"https:\/\/www.alasmedios.com\/#organization"},"image":{"@id":"https:\/\/www.alasmedios.com\/index.php\/2026\/01\/02\/reverbera-arte-que-vibra-en-pachuca\/#primaryimage"},"thumbnailUrl":"https:\/\/www.alasmedios.com\/wp-content\/uploads\/2026\/01\/Reverbera-arte-que-vibra-en-Pachuca.jpg","keywords":["Arte","Cultura","Foro Cultural Efr\u00e9n Rebolledo","Hidalgo","Pachuca","Reverbera"],"articleSection":["Hidalgo"],"inLanguage":"es","potentialAction":[{"@type":"CommentAction","name":"Comment","target":["https:\/\/www.alasmedios.com\/index.php\/2026\/01\/02\/reverbera-arte-que-vibra-en-pachuca\/#respond"]}]},{"@type":"WebPage","@id":"https:\/\/www.alasmedios.com\/index.php\/2026\/01\/02\/reverbera-arte-que-vibra-en-pachuca\/","url":"https:\/\/www.alasmedios.com\/index.php\/2026\/01\/02\/reverbera-arte-que-vibra-en-pachuca\/","name":"\u201cReverbera\u201d: arte que vibra en Pachuca - Alas Medios","isPartOf":{"@id":"https:\/\/www.alasmedios.com\/#website"},"primaryImageOfPage":{"@id":"https:\/\/www.alasmedios.com\/index.php\/2026\/01\/02\/reverbera-arte-que-vibra-en-pachuca\/#primaryimage"},"image":{"@id":"https:\/\/www.alasmedios.com\/index.php\/2026\/01\/02\/reverbera-arte-que-vibra-en-pachuca\/#primaryimage"},"thumbnailUrl":"https:\/\/www.alasmedios.com\/wp-content\/uploads\/2026\/01\/Reverbera-arte-que-vibra-en-Pachuca.jpg","datePublished":"2026-01-02T16:11:19+00:00","dateModified":"2026-01-02T16:11:20+00:00","breadcrumb":{"@id":"https:\/\/www.alasmedios.com\/index.php\/2026\/01\/02\/reverbera-arte-que-vibra-en-pachuca\/#breadcrumb"},"inLanguage":"es","potentialAction":[{"@type":"ReadAction","target":["https:\/\/www.alasmedios.com\/index.php\/2026\/01\/02\/reverbera-arte-que-vibra-en-pachuca\/"]}]},{"@type":"ImageObject","inLanguage":"es","@id":"https:\/\/www.alasmedios.com\/index.php\/2026\/01\/02\/reverbera-arte-que-vibra-en-pachuca\/#primaryimage","url":"https:\/\/www.alasmedios.com\/wp-content\/uploads\/2026\/01\/Reverbera-arte-que-vibra-en-Pachuca.jpg","contentUrl":"https:\/\/www.alasmedios.com\/wp-content\/uploads\/2026\/01\/Reverbera-arte-que-vibra-en-Pachuca.jpg","width":2048,"height":1365},{"@type":"BreadcrumbList","@id":"https:\/\/www.alasmedios.com\/index.php\/2026\/01\/02\/reverbera-arte-que-vibra-en-pachuca\/#breadcrumb","itemListElement":[{"@type":"ListItem","position":1,"name":"Inicio","item":"https:\/\/www.alasmedios.com\/"},{"@type":"ListItem","position":2,"name":"\u201cReverbera\u201d: arte que vibra en Pachuca"}]},{"@type":"WebSite","@id":"https:\/\/www.alasmedios.com\/#website","url":"https:\/\/www.alasmedios.com\/","name":"Alas Medios","description":"Alas para pensar, Alas para volar, Alas de libertad","publisher":{"@id":"https:\/\/www.alasmedios.com\/#organization"},"potentialAction":[{"@type":"SearchAction","target":{"@type":"EntryPoint","urlTemplate":"https:\/\/www.alasmedios.com\/?s={search_term_string}"},"query-input":{"@type":"PropertyValueSpecification","valueRequired":true,"valueName":"search_term_string"}}],"inLanguage":"es"},{"@type":"Organization","@id":"https:\/\/www.alasmedios.com\/#organization","name":"Alas Medios","url":"https:\/\/www.alasmedios.com\/","logo":{"@type":"ImageObject","inLanguage":"es","@id":"https:\/\/www.alasmedios.com\/#\/schema\/logo\/image\/","url":"https:\/\/www.alasmedios.com\/wp-content\/uploads\/2026\/01\/cropped-cropped-GAM-1.png","contentUrl":"https:\/\/www.alasmedios.com\/wp-content\/uploads\/2026\/01\/cropped-cropped-GAM-1.png","width":467,"height":235,"caption":"Alas Medios"},"image":{"@id":"https:\/\/www.alasmedios.com\/#\/schema\/logo\/image\/"}},{"@type":"Person","@id":"https:\/\/www.alasmedios.com\/#\/schema\/person\/0ba31bdd19a05ebf5c7fef1fedf99c34","name":"Keila Rodr\u00edguez Pe\u00f1a","image":{"@type":"ImageObject","inLanguage":"es","@id":"https:\/\/secure.gravatar.com\/avatar\/a2553a2bfaa601b9d539b617c8793e151bdffb60f9e48a249912f86d4c9ebeef?s=96&d=mm&r=g","url":"https:\/\/secure.gravatar.com\/avatar\/a2553a2bfaa601b9d539b617c8793e151bdffb60f9e48a249912f86d4c9ebeef?s=96&d=mm&r=g","contentUrl":"https:\/\/secure.gravatar.com\/avatar\/a2553a2bfaa601b9d539b617c8793e151bdffb60f9e48a249912f86d4c9ebeef?s=96&d=mm&r=g","caption":"Keila Rodr\u00edguez Pe\u00f1a"},"sameAs":["http:\/\/www.alasmedios.com"],"url":"https:\/\/www.alasmedios.com\/index.php\/author\/keila\/"}]}},"_links":{"self":[{"href":"https:\/\/www.alasmedios.com\/index.php\/wp-json\/wp\/v2\/posts\/7306","targetHints":{"allow":["GET"]}}],"collection":[{"href":"https:\/\/www.alasmedios.com\/index.php\/wp-json\/wp\/v2\/posts"}],"about":[{"href":"https:\/\/www.alasmedios.com\/index.php\/wp-json\/wp\/v2\/types\/post"}],"author":[{"embeddable":true,"href":"https:\/\/www.alasmedios.com\/index.php\/wp-json\/wp\/v2\/users\/4"}],"replies":[{"embeddable":true,"href":"https:\/\/www.alasmedios.com\/index.php\/wp-json\/wp\/v2\/comments?post=7306"}],"version-history":[{"count":1,"href":"https:\/\/www.alasmedios.com\/index.php\/wp-json\/wp\/v2\/posts\/7306\/revisions"}],"predecessor-version":[{"id":7311,"href":"https:\/\/www.alasmedios.com\/index.php\/wp-json\/wp\/v2\/posts\/7306\/revisions\/7311"}],"wp:featuredmedia":[{"embeddable":true,"href":"https:\/\/www.alasmedios.com\/index.php\/wp-json\/wp\/v2\/media\/7307"}],"wp:attachment":[{"href":"https:\/\/www.alasmedios.com\/index.php\/wp-json\/wp\/v2\/media?parent=7306"}],"wp:term":[{"taxonomy":"category","embeddable":true,"href":"https:\/\/www.alasmedios.com\/index.php\/wp-json\/wp\/v2\/categories?post=7306"},{"taxonomy":"post_tag","embeddable":true,"href":"https:\/\/www.alasmedios.com\/index.php\/wp-json\/wp\/v2\/tags?post=7306"}],"curies":[{"name":"wp","href":"https:\/\/api.w.org\/{rel}","templated":true}]}}