{"id":7300,"date":"2025-12-31T13:49:00","date_gmt":"2025-12-31T19:49:00","guid":{"rendered":"https:\/\/www.alasmedios.com\/?p=7300"},"modified":"2026-01-06T13:27:19","modified_gmt":"2026-01-06T19:27:19","slug":"fechas-duelos-y-clasicos-asi-sera-el-clausura-2026-para-las-tuzas","status":"publish","type":"post","link":"https:\/\/www.alasmedios.com\/index.php\/2025\/12\/31\/fechas-duelos-y-clasicos-asi-sera-el-clausura-2026-para-las-tuzas\/","title":{"rendered":"Fechas, duelos y cl\u00e1sicos: as\u00ed ser\u00e1 el Clausura 2026 para las Tuzas"},"content":{"rendered":"\n<p>Las <strong>Tuzas del Pachuca<\/strong> ya conocen el camino que deber\u00e1n recorrer en el <strong>Clausura 2026 de la Liga BBVA MX Femenil<\/strong>. <\/p>\n\n\n\n<p>El silbatazo inicial ser\u00e1 fuera de casa, en una plaza complicada, y la primera cita con su gente llegar\u00e1 apenas unos d\u00edas despu\u00e9s, en un torneo que promete intensidad desde la <strong>Jornada 1<\/strong>.<\/p>\n\n\n\n<p><strong>Jornada 1<\/strong><br><strong>Atlas vs Pachuca<\/strong><br>Martes 6 de enero | 19:00 horas (TCM)<br>Estadio Jalisco<\/p>\n\n\n\n<p><strong>Jornada 2<\/strong><br><strong>Pachuca vs Quer\u00e9taro<\/strong><br>Domingo 11 de enero | 19:00 horas (TCM)<br>Estadio Hidalgo<\/p>\n\n\n\n<p>CONTIN\u00daA LEYENDO: <a href=\"https:\/\/www.alasmedios.com\/index.php\/2025\/12\/29\/katia-itzel-garcia-sexta-mejor-arbitra-del-mundo\/\" data-type=\"post\" data-id=\"7273\">Katia Itzel Garc\u00eda sexta mejor \u00e1rbitra del mundo<\/a><\/p>\n\n\n\n<p><strong>Jornada 3<\/strong><br><strong>Cruz Azul vs Pachuca<\/strong><br>Viernes 16 de enero | 15:45 horas (TCM)<br>Estadio Centenario \u2013 Cuernavaca, Morelos<\/p>\n\n\n\n<p><strong>Jornada 4 (Doble)<\/strong><br><strong>Pachuca vs Puebla<\/strong><br>Martes 20 de enero | 19:00 horas (TCM)<br>Estadio Hidalgo<\/p>\n\n\n\n<p><strong>Jornada 5<\/strong><br><strong>Necaxa vs Pachuca<\/strong><br>Lunes 26 de enero | 18:00 horas (TCM)<br>Estadio Victoria<\/p>\n\n\n\n<p><strong>Jornada 6<\/strong><br><strong>Pachuca vs Tigres<\/strong><br>Domingo 1 de febrero | 19:00 horas (TCM)<br>Estadio Hidalgo<\/p>\n\n\n\n<p><strong>Jornada 7 (Doble)<\/strong><br><strong>Pachuca vs Mazatl\u00e1n<\/strong><br>Viernes 6 de febrero | 19:00 horas (TCM)<br>Estadio Hidalgo<\/p>\n\n\n\n<p>TE PUEDE INTERESAR: <a href=\"https:\/\/www.alasmedios.com\/index.php\/2025\/12\/30\/crece-200-la-demanda-de-interpretes-indigenas-en-eu\/\" data-type=\"post\" data-id=\"7285\">Crece 200 % la demanda de int\u00e9rpretes ind\u00edgenas en EU<\/a><\/p>\n\n\n\n<p><strong>Jornada 8<\/strong><br><strong>Atl\u00e9tico de San Luis vs Pachuca<\/strong><br>Martes 10 de febrero | 19:00 horas (TCM)<br>Estadio Alfonso Lastras<\/p>\n\n\n\n<p><strong>Jornada 9<\/strong><br><strong>Toluca vs Pachuca<\/strong><br>Lunes 16 de febrero | 18:00 horas (TCM)<br>Estadio Nemesio Diez<\/p>\n\n\n\n<p><strong>Jornada 10<\/strong><br><strong>Pachuca vs FC Ju\u00e1rez<\/strong><br>Domingo 22 de febrero | 19:06 horas (TCM)<br>Estadio Hidalgo<\/p>\n\n\n\n<p><strong>Jornada 11 (Doble)<\/strong><br><strong>Pachuca vs Tijuana<\/strong><br>Jueves 12 de marzo | 19:06 horas (TCM)<br>Estadio Hidalgo<\/p>\n\n\n\n<p><strong>Jornada 12<\/strong><br><strong>Guadalajara vs Pachuca<\/strong><br>Domingo 15 de marzo | 11:00 horas (TCM)<br>Estadio Akron<\/p>\n\n\n\n<p>CONTIN\u00daA LEYENDO: <a href=\"https:\/\/www.alasmedios.com\/index.php\/2025\/12\/30\/vasectomia-en-aumento-jovenes-y-planificacion-familiar-redefinen-la-paternidad-en-mexico\/\" data-type=\"post\" data-id=\"7282\">Vasectom\u00eda en aumento: j\u00f3venes y planificaci\u00f3n familiar redefinen la paternidad en M\u00e9xico<\/a><\/p>\n\n\n\n<p><strong>Jornada 13<\/strong><br><strong>UNAM vs Pachuca<\/strong><br>Domingo 22 de marzo | 12:00 horas (TCM)<br>Estadio Ol\u00edmpico Universitario<\/p>\n\n\n\n<p><strong>Jornada 14<\/strong><br><strong>Pachuca vs Monterrey<\/strong><br>Viernes 27 de marzo | 19:06 horas (TCM)<br>Estadio Hidalgo<\/p>\n\n\n\n<p><strong>Jornada 15 (Doble)<\/strong><br><strong>Santos vs Pachuca<\/strong><br>Jueves 2 de abril | 19:00 horas (TCM)<br>Estadio Corona TSM<\/p>\n\n\n\n<p><strong>Jornada 16<\/strong><br><strong>Pachuca vs Le\u00f3n<\/strong><br>Domingo 5 de abril | 19:00 horas (TCM)<br>Estadio Hidalgo<\/p>\n\n\n\n<p><strong>Jornada 17<\/strong><br><strong>Am\u00e9rica vs Pachuca<\/strong><br>Viernes 24 de abril | 19:00 horas (TCM)<br>Estadio Ciudad de los Deportes<\/p>\n\n\n\n<p>TE PUEDE INTERESAR: <a href=\"https:\/\/www.alasmedios.com\/index.php\/2025\/12\/27\/un-pez-como-inspiracion-crean-filtro-que-elimina-mas-del-99-de-microplasticos-del-agua\/\" data-type=\"post\" data-id=\"7260\">Un pez como inspiraci\u00f3n: crean filtro que elimina m\u00e1s del 99% de micropl\u00e1sticos del agua<\/a><\/p>\n\n\n\n<h3 class=\"wp-block-heading\">Fechas que pesan en el calendario<\/h3>\n\n\n\n<p>El Clausura 2026 tambi\u00e9n tendr\u00e1 pausas estrat\u00e9gicas por las <strong>Fechas FIFA<\/strong> de la <strong>Selecci\u00f3n Femenil Mexicana<\/strong>, programadas del <strong>24 al 27 de febrero<\/strong> y del <strong>7 al 18 de abril<\/strong>, adem\u00e1s del <strong>Final Four de la CONCACAF W Champions Cup<\/strong>, donde <strong>Pachuca<\/strong> y <strong>Am\u00e9rica<\/strong> se medir\u00e1n ante clubes de la <strong>NWSL<\/strong> de Estados Unidos.<\/p>\n\n\n\n<h3 class=\"wp-block-heading\">Partidos a marcar en rojo<\/h3>\n\n\n\n<p>Entre los encuentros m\u00e1s esperados destacan el choque ante <strong>Tigres<\/strong> en la <strong>Jornada 6<\/strong>, la visita al <strong>Akron<\/strong> frente a <strong>Guadalajara<\/strong> en la <strong>Jornada 12<\/strong>, el duelo universitario ante <strong>UNAM<\/strong> en <strong>Ciudad Universitaria<\/strong>, y el cl\u00e1sico moderno contra <strong>Rayadas<\/strong> en la <strong>Jornada 14<\/strong>, todos con aroma a liguilla.<\/p>\n\n\n\n<p>Con un calendario exigente, dobles jornadas y cierres de alto impacto, las <strong>Tuzas del Pachuca<\/strong> se alistan para un torneo donde cada punto cuenta hasta el \u00faltimo silbatazo del <strong>Clausura 2026<\/strong>.<\/p>\n\n\n<ul class=\"wp-block-latest-posts__list is-grid columns-3 wp-block-latest-posts\"><li><div class=\"wp-block-latest-posts__featured-image\"><img loading=\"lazy\" decoding=\"async\" width=\"150\" height=\"150\" src=\"https:\/\/www.alasmedios.com\/wp-content\/uploads\/2026\/05\/USEP-calidad-hospitalaria-150x150.jpeg\" class=\"attachment-thumbnail size-thumbnail wp-post-image\" alt=\"\" style=\"\" \/><\/div><a class=\"wp-block-latest-posts__post-title\" href=\"https:\/\/www.alasmedios.com\/index.php\/2026\/05\/01\/usep-activa-formacion-para-prevenir-riesgos-en-la-atencion-medica\/\">USEP activa formaci\u00f3n para prevenir riesgos en la atenci\u00f3n m\u00e9dica<\/a><\/li>\n<li><div class=\"wp-block-latest-posts__featured-image\"><img loading=\"lazy\" decoding=\"async\" width=\"150\" height=\"150\" src=\"https:\/\/www.alasmedios.com\/wp-content\/uploads\/2026\/05\/Super-Final-de-la-Copa-del-Mundo-de-Clavados-2026-150x150.jpeg\" class=\"attachment-thumbnail size-thumbnail wp-post-image\" alt=\"\" style=\"\" \/><\/div><a class=\"wp-block-latest-posts__post-title\" href=\"https:\/\/www.alasmedios.com\/index.php\/2026\/05\/01\/mexico-se-lanza-por-la-cima-once-clavadistas-buscan-la-gloria-mundial-en-pekin-2026\/\">M\u00e9xico se lanza por la cima: once clavadistas buscan la gloria mundial en Pek\u00edn 2026<\/a><\/li>\n<li><div class=\"wp-block-latest-posts__featured-image\"><img loading=\"lazy\" decoding=\"async\" width=\"150\" height=\"150\" src=\"https:\/\/www.alasmedios.com\/wp-content\/uploads\/2026\/04\/Puebla-el-Congreso-aprobo-el-Protocolo-Homologado-de-Investigacion-de-Delitos-contra-Personas-LGBTTTI-150x150.png\" class=\"attachment-thumbnail size-thumbnail wp-post-image\" alt=\"\" style=\"\" \/><\/div><a class=\"wp-block-latest-posts__post-title\" href=\"https:\/\/www.alasmedios.com\/index.php\/2026\/04\/30\/puebla-impulsa-protocolo-contra-delitos-lgbttti\/\">Puebla impulsa protocolo contra delitos LGBTTTI+<\/a><\/li>\n<\/ul>","protected":false},"excerpt":{"rendered":"<p>Las Tuzas del Pachuca ya conocen el camino que deber\u00e1n recorrer en el Clausura 2026 de la Liga BBVA MX<\/p>\n","protected":false},"author":4,"featured_media":7301,"comment_status":"open","ping_status":"open","sticky":false,"template":"","format":"standard","meta":{"colormag_page_container_layout":"default_layout","colormag_page_sidebar_layout":"default_layout","rop_custom_images_group":[],"rop_custom_messages_group":[],"rop_publish_now":"initial","rop_publish_now_accounts":[],"rop_publish_now_history":[],"rop_publish_now_status":"pending","iawp_total_views":1,"footnotes":""},"categories":[3223,41],"tags":[3187,3188,223,668,989,1406,87,3189,1241],"class_list":["post-7300","post","type-post","status-publish","format-standard","has-post-thumbnail","hentry","category-deportes","category-hidalgo","tag-clausura-2026","tag-concacaf-w-champions-cup","tag-deportes","tag-fifa","tag-futbol","tag-liga-mx-femenil","tag-pachuca","tag-seleccion-femenil-mexicana","tag-tuzas"],"magazineBlocksPostFeaturedMedia":{"thumbnail":"https:\/\/www.alasmedios.com\/wp-content\/uploads\/2025\/12\/Fechas-duelos-y-clasicos-asi-sera-el-Clausura-2026-para-las-Tuzas-150x150.png","medium":"https:\/\/www.alasmedios.com\/wp-content\/uploads\/2025\/12\/Fechas-duelos-y-clasicos-asi-sera-el-Clausura-2026-para-las-Tuzas-300x169.png","medium_large":"https:\/\/www.alasmedios.com\/wp-content\/uploads\/2025\/12\/Fechas-duelos-y-clasicos-asi-sera-el-Clausura-2026-para-las-Tuzas-768x433.png","large":"https:\/\/www.alasmedios.com\/wp-content\/uploads\/2025\/12\/Fechas-duelos-y-clasicos-asi-sera-el-Clausura-2026-para-las-Tuzas-1024x577.png","1536x1536":"https:\/\/www.alasmedios.com\/wp-content\/uploads\/2025\/12\/Fechas-duelos-y-clasicos-asi-sera-el-Clausura-2026-para-las-Tuzas-1536x865.png","2048x2048":"https:\/\/www.alasmedios.com\/wp-content\/uploads\/2025\/12\/Fechas-duelos-y-clasicos-asi-sera-el-Clausura-2026-para-las-Tuzas.png","colormag-highlighted-post":"https:\/\/www.alasmedios.com\/wp-content\/uploads\/2025\/12\/Fechas-duelos-y-clasicos-asi-sera-el-Clausura-2026-para-las-Tuzas-392x272.png","colormag-featured-post-medium":"https:\/\/www.alasmedios.com\/wp-content\/uploads\/2025\/12\/Fechas-duelos-y-clasicos-asi-sera-el-Clausura-2026-para-las-Tuzas-390x205.png","colormag-featured-post-small":"https:\/\/www.alasmedios.com\/wp-content\/uploads\/2025\/12\/Fechas-duelos-y-clasicos-asi-sera-el-Clausura-2026-para-las-Tuzas-130x90.png","colormag-featured-image":"https:\/\/www.alasmedios.com\/wp-content\/uploads\/2025\/12\/Fechas-duelos-y-clasicos-asi-sera-el-Clausura-2026-para-las-Tuzas-800x445.png","colormag-default-news":"https:\/\/www.alasmedios.com\/wp-content\/uploads\/2025\/12\/Fechas-duelos-y-clasicos-asi-sera-el-Clausura-2026-para-las-Tuzas-150x150.png","colormag-featured-image-large":"https:\/\/www.alasmedios.com\/wp-content\/uploads\/2025\/12\/Fechas-duelos-y-clasicos-asi-sera-el-Clausura-2026-para-las-Tuzas-1400x600.png"},"magazineBlocksPostAuthor":{"name":"Keila Rodr\u00edguez Pe\u00f1a","avatar":"https:\/\/secure.gravatar.com\/avatar\/a2553a2bfaa601b9d539b617c8793e151bdffb60f9e48a249912f86d4c9ebeef?s=96&d=mm&r=g"},"magazineBlocksPostCommentsNumber":"0","magazineBlocksPostExcerpt":"Las Tuzas del Pachuca ya conocen el camino que deber\u00e1n recorrer en el Clausura 2026 de la Liga BBVA MX","magazineBlocksPostCategories":["Deportes","Hidalgo"],"magazineBlocksPostViewCount":104,"magazineBlocksPostReadTime":3,"magazine_blocks_featured_image_url":{"full":["https:\/\/www.alasmedios.com\/wp-content\/uploads\/2025\/12\/Fechas-duelos-y-clasicos-asi-sera-el-Clausura-2026-para-las-Tuzas.png",1640,924,false],"medium":["https:\/\/www.alasmedios.com\/wp-content\/uploads\/2025\/12\/Fechas-duelos-y-clasicos-asi-sera-el-Clausura-2026-para-las-Tuzas-300x169.png",300,169,true],"thumbnail":["https:\/\/www.alasmedios.com\/wp-content\/uploads\/2025\/12\/Fechas-duelos-y-clasicos-asi-sera-el-Clausura-2026-para-las-Tuzas-150x150.png",150,150,true]},"magazine_blocks_author":{"display_name":"Keila Rodr\u00edguez Pe\u00f1a","author_link":"https:\/\/www.alasmedios.com\/index.php\/author\/keila\/"},"magazine_blocks_comment":0,"magazine_blocks_author_image":"https:\/\/secure.gravatar.com\/avatar\/a2553a2bfaa601b9d539b617c8793e151bdffb60f9e48a249912f86d4c9ebeef?s=96&d=mm&r=g","magazine_blocks_category":"<a href=\"#\" class=\"category-link category-link-3223\">Deportes<\/a> <a href=\"#\" class=\"category-link category-link-41\">Hidalgo<\/a>","yoast_head":"<!-- This site is optimized with the Yoast SEO plugin v27.5 - https:\/\/yoast.com\/product\/yoast-seo-wordpress\/ -->\r\n<title>Fechas, duelos y cl\u00e1sicos: as\u00ed ser\u00e1 el Clausura 2026 para las Tuzas - Alas Medios<\/title>\r\n<meta name=\"robots\" content=\"index, follow, max-snippet:-1, max-image-preview:large, max-video-preview:-1\" \/>\r\n<link rel=\"canonical\" href=\"https:\/\/www.alasmedios.com\/index.php\/2025\/12\/31\/fechas-duelos-y-clasicos-asi-sera-el-clausura-2026-para-las-tuzas\/\" \/>\r\n<meta property=\"og:locale\" content=\"es_MX\" \/>\r\n<meta property=\"og:type\" content=\"article\" \/>\r\n<meta property=\"og:title\" content=\"Fechas, duelos y cl\u00e1sicos: as\u00ed ser\u00e1 el Clausura 2026 para las Tuzas - Alas Medios\" \/>\r\n<meta property=\"og:description\" content=\"Las Tuzas del Pachuca ya conocen el camino que deber\u00e1n recorrer en el Clausura 2026 de la Liga BBVA MX\" \/>\r\n<meta property=\"og:url\" content=\"https:\/\/www.alasmedios.com\/index.php\/2025\/12\/31\/fechas-duelos-y-clasicos-asi-sera-el-clausura-2026-para-las-tuzas\/\" \/>\r\n<meta property=\"og:site_name\" content=\"Alas Medios\" \/>\r\n<meta property=\"article:published_time\" content=\"2025-12-31T19:49:00+00:00\" \/>\r\n<meta property=\"article:modified_time\" content=\"2026-01-06T19:27:19+00:00\" \/>\r\n<meta property=\"og:image\" content=\"https:\/\/www.alasmedios.com\/wp-content\/uploads\/2025\/12\/Fechas-duelos-y-clasicos-asi-sera-el-Clausura-2026-para-las-Tuzas-1024x577.png\" \/>\r\n\t<meta property=\"og:image:width\" content=\"1024\" \/>\r\n\t<meta property=\"og:image:height\" content=\"577\" \/>\r\n\t<meta property=\"og:image:type\" content=\"image\/png\" \/>\r\n<meta name=\"author\" content=\"Keila Rodr\u00edguez Pe\u00f1a\" \/>\r\n<meta name=\"twitter:card\" content=\"summary_large_image\" \/>\r\n<meta name=\"twitter:label1\" content=\"Escrito por\" \/>\n\t<meta name=\"twitter:data1\" content=\"Keila Rodr\u00edguez Pe\u00f1a\" \/>\n\t<meta name=\"twitter:label2\" content=\"Tiempo de lectura\" \/>\n\t<meta name=\"twitter:data2\" content=\"2 minutos\" \/>\r\n<script type=\"application\/ld+json\" class=\"yoast-schema-graph\">{\"@context\":\"https:\\\/\\\/schema.org\",\"@graph\":[{\"@type\":\"Article\",\"@id\":\"https:\\\/\\\/www.alasmedios.com\\\/index.php\\\/2025\\\/12\\\/31\\\/fechas-duelos-y-clasicos-asi-sera-el-clausura-2026-para-las-tuzas\\\/#article\",\"isPartOf\":{\"@id\":\"https:\\\/\\\/www.alasmedios.com\\\/index.php\\\/2025\\\/12\\\/31\\\/fechas-duelos-y-clasicos-asi-sera-el-clausura-2026-para-las-tuzas\\\/\"},\"author\":{\"name\":\"Keila Rodr\u00edguez Pe\u00f1a\",\"@id\":\"https:\\\/\\\/www.alasmedios.com\\\/#\\\/schema\\\/person\\\/0ba31bdd19a05ebf5c7fef1fedf99c34\"},\"headline\":\"Fechas, duelos y cl\u00e1sicos: as\u00ed ser\u00e1 el Clausura 2026 para las Tuzas\",\"datePublished\":\"2025-12-31T19:49:00+00:00\",\"dateModified\":\"2026-01-06T19:27:19+00:00\",\"mainEntityOfPage\":{\"@id\":\"https:\\\/\\\/www.alasmedios.com\\\/index.php\\\/2025\\\/12\\\/31\\\/fechas-duelos-y-clasicos-asi-sera-el-clausura-2026-para-las-tuzas\\\/\"},\"wordCount\":486,\"commentCount\":0,\"publisher\":{\"@id\":\"https:\\\/\\\/www.alasmedios.com\\\/#organization\"},\"image\":{\"@id\":\"https:\\\/\\\/www.alasmedios.com\\\/index.php\\\/2025\\\/12\\\/31\\\/fechas-duelos-y-clasicos-asi-sera-el-clausura-2026-para-las-tuzas\\\/#primaryimage\"},\"thumbnailUrl\":\"https:\\\/\\\/www.alasmedios.com\\\/wp-content\\\/uploads\\\/2025\\\/12\\\/Fechas-duelos-y-clasicos-asi-sera-el-Clausura-2026-para-las-Tuzas.png\",\"keywords\":[\"Clausura 2026\",\"CONCACAF W Champions Cup\",\"deportes\",\"FIFA\",\"f\u00fatbol\",\"Liga MX Femenil\",\"Pachuca\",\"Selecci\u00f3n Femenil Mexicana\",\"Tuzas\"],\"articleSection\":[\"Deportes\",\"Hidalgo\"],\"inLanguage\":\"es\",\"potentialAction\":[{\"@type\":\"CommentAction\",\"name\":\"Comment\",\"target\":[\"https:\\\/\\\/www.alasmedios.com\\\/index.php\\\/2025\\\/12\\\/31\\\/fechas-duelos-y-clasicos-asi-sera-el-clausura-2026-para-las-tuzas\\\/#respond\"]}]},{\"@type\":\"WebPage\",\"@id\":\"https:\\\/\\\/www.alasmedios.com\\\/index.php\\\/2025\\\/12\\\/31\\\/fechas-duelos-y-clasicos-asi-sera-el-clausura-2026-para-las-tuzas\\\/\",\"url\":\"https:\\\/\\\/www.alasmedios.com\\\/index.php\\\/2025\\\/12\\\/31\\\/fechas-duelos-y-clasicos-asi-sera-el-clausura-2026-para-las-tuzas\\\/\",\"name\":\"Fechas, duelos y cl\u00e1sicos: as\u00ed ser\u00e1 el Clausura 2026 para las Tuzas - Alas Medios\",\"isPartOf\":{\"@id\":\"https:\\\/\\\/www.alasmedios.com\\\/#website\"},\"primaryImageOfPage\":{\"@id\":\"https:\\\/\\\/www.alasmedios.com\\\/index.php\\\/2025\\\/12\\\/31\\\/fechas-duelos-y-clasicos-asi-sera-el-clausura-2026-para-las-tuzas\\\/#primaryimage\"},\"image\":{\"@id\":\"https:\\\/\\\/www.alasmedios.com\\\/index.php\\\/2025\\\/12\\\/31\\\/fechas-duelos-y-clasicos-asi-sera-el-clausura-2026-para-las-tuzas\\\/#primaryimage\"},\"thumbnailUrl\":\"https:\\\/\\\/www.alasmedios.com\\\/wp-content\\\/uploads\\\/2025\\\/12\\\/Fechas-duelos-y-clasicos-asi-sera-el-Clausura-2026-para-las-Tuzas.png\",\"datePublished\":\"2025-12-31T19:49:00+00:00\",\"dateModified\":\"2026-01-06T19:27:19+00:00\",\"breadcrumb\":{\"@id\":\"https:\\\/\\\/www.alasmedios.com\\\/index.php\\\/2025\\\/12\\\/31\\\/fechas-duelos-y-clasicos-asi-sera-el-clausura-2026-para-las-tuzas\\\/#breadcrumb\"},\"inLanguage\":\"es\",\"potentialAction\":[{\"@type\":\"ReadAction\",\"target\":[\"https:\\\/\\\/www.alasmedios.com\\\/index.php\\\/2025\\\/12\\\/31\\\/fechas-duelos-y-clasicos-asi-sera-el-clausura-2026-para-las-tuzas\\\/\"]}]},{\"@type\":\"ImageObject\",\"inLanguage\":\"es\",\"@id\":\"https:\\\/\\\/www.alasmedios.com\\\/index.php\\\/2025\\\/12\\\/31\\\/fechas-duelos-y-clasicos-asi-sera-el-clausura-2026-para-las-tuzas\\\/#primaryimage\",\"url\":\"https:\\\/\\\/www.alasmedios.com\\\/wp-content\\\/uploads\\\/2025\\\/12\\\/Fechas-duelos-y-clasicos-asi-sera-el-Clausura-2026-para-las-Tuzas.png\",\"contentUrl\":\"https:\\\/\\\/www.alasmedios.com\\\/wp-content\\\/uploads\\\/2025\\\/12\\\/Fechas-duelos-y-clasicos-asi-sera-el-Clausura-2026-para-las-Tuzas.png\",\"width\":1640,\"height\":924},{\"@type\":\"BreadcrumbList\",\"@id\":\"https:\\\/\\\/www.alasmedios.com\\\/index.php\\\/2025\\\/12\\\/31\\\/fechas-duelos-y-clasicos-asi-sera-el-clausura-2026-para-las-tuzas\\\/#breadcrumb\",\"itemListElement\":[{\"@type\":\"ListItem\",\"position\":1,\"name\":\"Inicio\",\"item\":\"https:\\\/\\\/www.alasmedios.com\\\/\"},{\"@type\":\"ListItem\",\"position\":2,\"name\":\"Fechas, duelos y cl\u00e1sicos: as\u00ed ser\u00e1 el Clausura 2026 para las Tuzas\"}]},{\"@type\":\"WebSite\",\"@id\":\"https:\\\/\\\/www.alasmedios.com\\\/#website\",\"url\":\"https:\\\/\\\/www.alasmedios.com\\\/\",\"name\":\"Alas Medios\",\"description\":\"Alas para pensar, Alas para volar, Alas de libertad\",\"publisher\":{\"@id\":\"https:\\\/\\\/www.alasmedios.com\\\/#organization\"},\"potentialAction\":[{\"@type\":\"SearchAction\",\"target\":{\"@type\":\"EntryPoint\",\"urlTemplate\":\"https:\\\/\\\/www.alasmedios.com\\\/?s={search_term_string}\"},\"query-input\":{\"@type\":\"PropertyValueSpecification\",\"valueRequired\":true,\"valueName\":\"search_term_string\"}}],\"inLanguage\":\"es\"},{\"@type\":\"Organization\",\"@id\":\"https:\\\/\\\/www.alasmedios.com\\\/#organization\",\"name\":\"Alas Medios\",\"url\":\"https:\\\/\\\/www.alasmedios.com\\\/\",\"logo\":{\"@type\":\"ImageObject\",\"inLanguage\":\"es\",\"@id\":\"https:\\\/\\\/www.alasmedios.com\\\/#\\\/schema\\\/logo\\\/image\\\/\",\"url\":\"https:\\\/\\\/www.alasmedios.com\\\/wp-content\\\/uploads\\\/2026\\\/01\\\/cropped-cropped-GAM-1.png\",\"contentUrl\":\"https:\\\/\\\/www.alasmedios.com\\\/wp-content\\\/uploads\\\/2026\\\/01\\\/cropped-cropped-GAM-1.png\",\"width\":467,\"height\":235,\"caption\":\"Alas Medios\"},\"image\":{\"@id\":\"https:\\\/\\\/www.alasmedios.com\\\/#\\\/schema\\\/logo\\\/image\\\/\"}},{\"@type\":\"Person\",\"@id\":\"https:\\\/\\\/www.alasmedios.com\\\/#\\\/schema\\\/person\\\/0ba31bdd19a05ebf5c7fef1fedf99c34\",\"name\":\"Keila Rodr\u00edguez Pe\u00f1a\",\"image\":{\"@type\":\"ImageObject\",\"inLanguage\":\"es\",\"@id\":\"https:\\\/\\\/secure.gravatar.com\\\/avatar\\\/a2553a2bfaa601b9d539b617c8793e151bdffb60f9e48a249912f86d4c9ebeef?s=96&d=mm&r=g\",\"url\":\"https:\\\/\\\/secure.gravatar.com\\\/avatar\\\/a2553a2bfaa601b9d539b617c8793e151bdffb60f9e48a249912f86d4c9ebeef?s=96&d=mm&r=g\",\"contentUrl\":\"https:\\\/\\\/secure.gravatar.com\\\/avatar\\\/a2553a2bfaa601b9d539b617c8793e151bdffb60f9e48a249912f86d4c9ebeef?s=96&d=mm&r=g\",\"caption\":\"Keila Rodr\u00edguez Pe\u00f1a\"},\"sameAs\":[\"http:\\\/\\\/www.alasmedios.com\"],\"url\":\"https:\\\/\\\/www.alasmedios.com\\\/index.php\\\/author\\\/keila\\\/\"}]}<\/script>\r\n<!-- \/ Yoast SEO plugin. -->","yoast_head_json":{"title":"Fechas, duelos y cl\u00e1sicos: as\u00ed ser\u00e1 el Clausura 2026 para las Tuzas - Alas Medios","robots":{"index":"index","follow":"follow","max-snippet":"max-snippet:-1","max-image-preview":"max-image-preview:large","max-video-preview":"max-video-preview:-1"},"canonical":"https:\/\/www.alasmedios.com\/index.php\/2025\/12\/31\/fechas-duelos-y-clasicos-asi-sera-el-clausura-2026-para-las-tuzas\/","og_locale":"es_MX","og_type":"article","og_title":"Fechas, duelos y cl\u00e1sicos: as\u00ed ser\u00e1 el Clausura 2026 para las Tuzas - Alas Medios","og_description":"Las Tuzas del Pachuca ya conocen el camino que deber\u00e1n recorrer en el Clausura 2026 de la Liga BBVA MX","og_url":"https:\/\/www.alasmedios.com\/index.php\/2025\/12\/31\/fechas-duelos-y-clasicos-asi-sera-el-clausura-2026-para-las-tuzas\/","og_site_name":"Alas Medios","article_published_time":"2025-12-31T19:49:00+00:00","article_modified_time":"2026-01-06T19:27:19+00:00","og_image":[{"width":1024,"height":577,"url":"https:\/\/www.alasmedios.com\/wp-content\/uploads\/2025\/12\/Fechas-duelos-y-clasicos-asi-sera-el-Clausura-2026-para-las-Tuzas-1024x577.png","type":"image\/png"}],"author":"Keila Rodr\u00edguez Pe\u00f1a","twitter_card":"summary_large_image","twitter_misc":{"Escrito por":"Keila Rodr\u00edguez Pe\u00f1a","Tiempo de lectura":"2 minutos"},"schema":{"@context":"https:\/\/schema.org","@graph":[{"@type":"Article","@id":"https:\/\/www.alasmedios.com\/index.php\/2025\/12\/31\/fechas-duelos-y-clasicos-asi-sera-el-clausura-2026-para-las-tuzas\/#article","isPartOf":{"@id":"https:\/\/www.alasmedios.com\/index.php\/2025\/12\/31\/fechas-duelos-y-clasicos-asi-sera-el-clausura-2026-para-las-tuzas\/"},"author":{"name":"Keila Rodr\u00edguez Pe\u00f1a","@id":"https:\/\/www.alasmedios.com\/#\/schema\/person\/0ba31bdd19a05ebf5c7fef1fedf99c34"},"headline":"Fechas, duelos y cl\u00e1sicos: as\u00ed ser\u00e1 el Clausura 2026 para las Tuzas","datePublished":"2025-12-31T19:49:00+00:00","dateModified":"2026-01-06T19:27:19+00:00","mainEntityOfPage":{"@id":"https:\/\/www.alasmedios.com\/index.php\/2025\/12\/31\/fechas-duelos-y-clasicos-asi-sera-el-clausura-2026-para-las-tuzas\/"},"wordCount":486,"commentCount":0,"publisher":{"@id":"https:\/\/www.alasmedios.com\/#organization"},"image":{"@id":"https:\/\/www.alasmedios.com\/index.php\/2025\/12\/31\/fechas-duelos-y-clasicos-asi-sera-el-clausura-2026-para-las-tuzas\/#primaryimage"},"thumbnailUrl":"https:\/\/www.alasmedios.com\/wp-content\/uploads\/2025\/12\/Fechas-duelos-y-clasicos-asi-sera-el-Clausura-2026-para-las-Tuzas.png","keywords":["Clausura 2026","CONCACAF W Champions Cup","deportes","FIFA","f\u00fatbol","Liga MX Femenil","Pachuca","Selecci\u00f3n Femenil Mexicana","Tuzas"],"articleSection":["Deportes","Hidalgo"],"inLanguage":"es","potentialAction":[{"@type":"CommentAction","name":"Comment","target":["https:\/\/www.alasmedios.com\/index.php\/2025\/12\/31\/fechas-duelos-y-clasicos-asi-sera-el-clausura-2026-para-las-tuzas\/#respond"]}]},{"@type":"WebPage","@id":"https:\/\/www.alasmedios.com\/index.php\/2025\/12\/31\/fechas-duelos-y-clasicos-asi-sera-el-clausura-2026-para-las-tuzas\/","url":"https:\/\/www.alasmedios.com\/index.php\/2025\/12\/31\/fechas-duelos-y-clasicos-asi-sera-el-clausura-2026-para-las-tuzas\/","name":"Fechas, duelos y cl\u00e1sicos: as\u00ed ser\u00e1 el Clausura 2026 para las Tuzas - Alas Medios","isPartOf":{"@id":"https:\/\/www.alasmedios.com\/#website"},"primaryImageOfPage":{"@id":"https:\/\/www.alasmedios.com\/index.php\/2025\/12\/31\/fechas-duelos-y-clasicos-asi-sera-el-clausura-2026-para-las-tuzas\/#primaryimage"},"image":{"@id":"https:\/\/www.alasmedios.com\/index.php\/2025\/12\/31\/fechas-duelos-y-clasicos-asi-sera-el-clausura-2026-para-las-tuzas\/#primaryimage"},"thumbnailUrl":"https:\/\/www.alasmedios.com\/wp-content\/uploads\/2025\/12\/Fechas-duelos-y-clasicos-asi-sera-el-Clausura-2026-para-las-Tuzas.png","datePublished":"2025-12-31T19:49:00+00:00","dateModified":"2026-01-06T19:27:19+00:00","breadcrumb":{"@id":"https:\/\/www.alasmedios.com\/index.php\/2025\/12\/31\/fechas-duelos-y-clasicos-asi-sera-el-clausura-2026-para-las-tuzas\/#breadcrumb"},"inLanguage":"es","potentialAction":[{"@type":"ReadAction","target":["https:\/\/www.alasmedios.com\/index.php\/2025\/12\/31\/fechas-duelos-y-clasicos-asi-sera-el-clausura-2026-para-las-tuzas\/"]}]},{"@type":"ImageObject","inLanguage":"es","@id":"https:\/\/www.alasmedios.com\/index.php\/2025\/12\/31\/fechas-duelos-y-clasicos-asi-sera-el-clausura-2026-para-las-tuzas\/#primaryimage","url":"https:\/\/www.alasmedios.com\/wp-content\/uploads\/2025\/12\/Fechas-duelos-y-clasicos-asi-sera-el-Clausura-2026-para-las-Tuzas.png","contentUrl":"https:\/\/www.alasmedios.com\/wp-content\/uploads\/2025\/12\/Fechas-duelos-y-clasicos-asi-sera-el-Clausura-2026-para-las-Tuzas.png","width":1640,"height":924},{"@type":"BreadcrumbList","@id":"https:\/\/www.alasmedios.com\/index.php\/2025\/12\/31\/fechas-duelos-y-clasicos-asi-sera-el-clausura-2026-para-las-tuzas\/#breadcrumb","itemListElement":[{"@type":"ListItem","position":1,"name":"Inicio","item":"https:\/\/www.alasmedios.com\/"},{"@type":"ListItem","position":2,"name":"Fechas, duelos y cl\u00e1sicos: as\u00ed ser\u00e1 el Clausura 2026 para las Tuzas"}]},{"@type":"WebSite","@id":"https:\/\/www.alasmedios.com\/#website","url":"https:\/\/www.alasmedios.com\/","name":"Alas Medios","description":"Alas para pensar, Alas para volar, Alas de libertad","publisher":{"@id":"https:\/\/www.alasmedios.com\/#organization"},"potentialAction":[{"@type":"SearchAction","target":{"@type":"EntryPoint","urlTemplate":"https:\/\/www.alasmedios.com\/?s={search_term_string}"},"query-input":{"@type":"PropertyValueSpecification","valueRequired":true,"valueName":"search_term_string"}}],"inLanguage":"es"},{"@type":"Organization","@id":"https:\/\/www.alasmedios.com\/#organization","name":"Alas Medios","url":"https:\/\/www.alasmedios.com\/","logo":{"@type":"ImageObject","inLanguage":"es","@id":"https:\/\/www.alasmedios.com\/#\/schema\/logo\/image\/","url":"https:\/\/www.alasmedios.com\/wp-content\/uploads\/2026\/01\/cropped-cropped-GAM-1.png","contentUrl":"https:\/\/www.alasmedios.com\/wp-content\/uploads\/2026\/01\/cropped-cropped-GAM-1.png","width":467,"height":235,"caption":"Alas Medios"},"image":{"@id":"https:\/\/www.alasmedios.com\/#\/schema\/logo\/image\/"}},{"@type":"Person","@id":"https:\/\/www.alasmedios.com\/#\/schema\/person\/0ba31bdd19a05ebf5c7fef1fedf99c34","name":"Keila Rodr\u00edguez Pe\u00f1a","image":{"@type":"ImageObject","inLanguage":"es","@id":"https:\/\/secure.gravatar.com\/avatar\/a2553a2bfaa601b9d539b617c8793e151bdffb60f9e48a249912f86d4c9ebeef?s=96&d=mm&r=g","url":"https:\/\/secure.gravatar.com\/avatar\/a2553a2bfaa601b9d539b617c8793e151bdffb60f9e48a249912f86d4c9ebeef?s=96&d=mm&r=g","contentUrl":"https:\/\/secure.gravatar.com\/avatar\/a2553a2bfaa601b9d539b617c8793e151bdffb60f9e48a249912f86d4c9ebeef?s=96&d=mm&r=g","caption":"Keila Rodr\u00edguez Pe\u00f1a"},"sameAs":["http:\/\/www.alasmedios.com"],"url":"https:\/\/www.alasmedios.com\/index.php\/author\/keila\/"}]}},"_links":{"self":[{"href":"https:\/\/www.alasmedios.com\/index.php\/wp-json\/wp\/v2\/posts\/7300","targetHints":{"allow":["GET"]}}],"collection":[{"href":"https:\/\/www.alasmedios.com\/index.php\/wp-json\/wp\/v2\/posts"}],"about":[{"href":"https:\/\/www.alasmedios.com\/index.php\/wp-json\/wp\/v2\/types\/post"}],"author":[{"embeddable":true,"href":"https:\/\/www.alasmedios.com\/index.php\/wp-json\/wp\/v2\/users\/4"}],"replies":[{"embeddable":true,"href":"https:\/\/www.alasmedios.com\/index.php\/wp-json\/wp\/v2\/comments?post=7300"}],"version-history":[{"count":1,"href":"https:\/\/www.alasmedios.com\/index.php\/wp-json\/wp\/v2\/posts\/7300\/revisions"}],"predecessor-version":[{"id":7302,"href":"https:\/\/www.alasmedios.com\/index.php\/wp-json\/wp\/v2\/posts\/7300\/revisions\/7302"}],"wp:featuredmedia":[{"embeddable":true,"href":"https:\/\/www.alasmedios.com\/index.php\/wp-json\/wp\/v2\/media\/7301"}],"wp:attachment":[{"href":"https:\/\/www.alasmedios.com\/index.php\/wp-json\/wp\/v2\/media?parent=7300"}],"wp:term":[{"taxonomy":"category","embeddable":true,"href":"https:\/\/www.alasmedios.com\/index.php\/wp-json\/wp\/v2\/categories?post=7300"},{"taxonomy":"post_tag","embeddable":true,"href":"https:\/\/www.alasmedios.com\/index.php\/wp-json\/wp\/v2\/tags?post=7300"}],"curies":[{"name":"wp","href":"https:\/\/api.w.org\/{rel}","templated":true}]}}