{"id":7297,"date":"2025-12-31T09:25:00","date_gmt":"2025-12-31T15:25:00","guid":{"rendered":"https:\/\/www.alasmedios.com\/?p=7297"},"modified":"2025-12-31T01:38:41","modified_gmt":"2025-12-31T07:38:41","slug":"deudores-alimentarios-entra-en-vigor-registro-publico-en-hidalgo","status":"publish","type":"post","link":"https:\/\/www.alasmedios.com\/index.php\/2025\/12\/31\/deudores-alimentarios-entra-en-vigor-registro-publico-en-hidalgo\/","title":{"rendered":"Deudores alimentarios: entra en vigor registro p\u00fablico en Hidalgo"},"content":{"rendered":"\n<p>En <strong>Hidalgo<\/strong> entr\u00f3 en vigor la reforma que ordena la <strong>publicaci\u00f3n del registro de deudores alimentarios morosos<\/strong>, una medida que busca presionar el cumplimiento de la <strong>pensi\u00f3n alimenticia<\/strong> y poner en el centro el <strong>inter\u00e9s superior de la ni\u00f1ez<\/strong>.<\/p>\n\n\n\n<p>La modificaci\u00f3n a la <strong>Ley para la Familia<\/strong>, publicada en el <strong>Peri\u00f3dico Oficial del Estado de Hidalgo (POEH)<\/strong>, establece que las autoridades estatales deber\u00e1n hacer p\u00fablico este listado, respetando las normas de <strong>protecci\u00f3n de datos personales<\/strong>. <\/p>\n\n\n\n<p>El decreto se\u00f1ala que una persona podr\u00e1 ser incorporada al registro tras <strong>90 d\u00edas naturales<\/strong> de incumplimiento de la obligaci\u00f3n alimentaria, ya sea de forma <strong>consecutiva o discontinua<\/strong> en un a\u00f1o.<\/p>\n\n\n\n<h3 class=\"wp-block-heading\">\u00bfQui\u00e9n entra al registro?<\/h3>\n\n\n\n<p>La reforma precisa que ser\u00e1 considerada <strong>deudora o deudor alimentario moroso<\/strong> toda persona obligada al pago de pensi\u00f3n mediante <strong>sentencia firme<\/strong> o <strong>convenio ratificado ante juez<\/strong>, que no cumpla con la obligaci\u00f3n durante el periodo establecido. <\/p>\n\n\n\n<p>CONTIN\u00daA LEYENDO: <a href=\"https:\/\/www.alasmedios.com\/index.php\/2025\/12\/30\/yahualica-arranca-la-construccion-de-su-unidad-deportiva\/\" data-type=\"post\" data-id=\"7288\">Yahualica arranca la construcci\u00f3n de su Unidad Deportiva<\/a><\/p>\n\n\n\n<p>S\u00f3lo quedar\u00e1n fuera quienes acrediten estar al corriente, liquiden la deuda o formalicen el <strong>descuento correspondiente<\/strong>.<\/p>\n\n\n\n<p>Si el incumplimiento no se desvirt\u00faa, el <strong>juez de lo familiar<\/strong> ordenar\u00e1 de inmediato la <strong>inscripci\u00f3n en el registro<\/strong>, el cual ser\u00e1 <strong>p\u00fablico<\/strong>, conforme a la legislaci\u00f3n vigente en materia de datos personales.<\/p>\n\n\n\n<p>Sin embargo, todav\u00eda est\u00e1 pendiente que el <strong>Congreso local<\/strong> avale la propuesta para que el <strong>Tribunal Superior de Justicia de Hidalgo<\/strong> sea quien <strong>administre y alimente<\/strong> el registro.<\/p>\n\n\n\n<h3 class=\"wp-block-heading\">La importancia de la reforma<\/h3>\n\n\n\n<p>El argumento central es garantizar que <strong>ni\u00f1as, ni\u00f1os y adolescentes<\/strong> tengan acceso a un <strong>nivel de vida adecuado<\/strong> para su desarrollo <strong>f\u00edsico, mental, moral y social<\/strong>. La iniciativa subraya que las infancias tienen derecho a la satisfacci\u00f3n de sus necesidades de <strong>alimentaci\u00f3n, salud, educaci\u00f3n y sano esparcimiento<\/strong>, y que este principio debe guiar las <strong>pol\u00edticas p\u00fablicas<\/strong> dirigidas a la ni\u00f1ez.<\/p>\n\n\n\n<p>En <strong>2023<\/strong> se cre\u00f3 el <strong>Registro Nacional de Obligaciones Alimentarias<\/strong>, cuyo objetivo es concentrar informaci\u00f3n de deudores en todo el pa\u00eds. Dicho registro es p\u00fablico y est\u00e1 sujeto a la <strong>Ley General de Protecci\u00f3n de Datos Personales<\/strong>, por lo que las entidades federativas deben <strong>suministrar y actualizar<\/strong> la informaci\u00f3n a trav\u00e9s del sistema del <strong>DIF nacional<\/strong>.<\/p>\n\n\n\n<p>NOTA RELACIONADA: <a href=\"https:\/\/www.alasmedios.com\/index.php\/2025\/12\/10\/hidalgo-exhibira-a-deudores-alimentarios\/\" data-type=\"post\" data-id=\"7095\">Hidalgo exhibir\u00e1 a deudores alimentarios<\/a><\/p>\n\n\n\n<p>Para los legisladores locales, la publicidad del registro es una medida <strong>adecuada y proporcional<\/strong> para proteger el <strong>derecho de alimentos<\/strong>, homologando criterios con la normativa federal y reforzando la exigencia de que quienes tienen una responsabilidad legal con las infancias <strong>cumplan con su deber<\/strong>.<\/p>\n\n\n<ul class=\"wp-block-latest-posts__list is-grid columns-3 wp-block-latest-posts\"><li><div class=\"wp-block-latest-posts__featured-image\"><img loading=\"lazy\" decoding=\"async\" width=\"150\" height=\"150\" src=\"https:\/\/www.alasmedios.com\/wp-content\/uploads\/2026\/05\/Hidalgo-viene-un-respiro-con-el-frente-frio-48-150x150.png\" class=\"attachment-thumbnail size-thumbnail wp-post-image\" alt=\"\" style=\"\" \/><\/div><a class=\"wp-block-latest-posts__post-title\" href=\"https:\/\/www.alasmedios.com\/index.php\/2026\/05\/01\/frente-frio-48-un-alivio-asi-impactara-en-hidalgo\/\">Frente fr\u00edo 48, un alivio: as\u00ed impactar\u00e1 en Hidalgo<\/a><\/li>\n<li><div class=\"wp-block-latest-posts__featured-image\"><img loading=\"lazy\" decoding=\"async\" width=\"150\" height=\"150\" src=\"https:\/\/www.alasmedios.com\/wp-content\/uploads\/2026\/05\/mujeres-depresion-posparto-150x150.png\" class=\"attachment-thumbnail size-thumbnail wp-post-image\" alt=\"\" style=\"\" \/><\/div><a class=\"wp-block-latest-posts__post-title\" href=\"https:\/\/www.alasmedios.com\/index.php\/2026\/05\/01\/1-de-cada-15-mujeres-sufre-depresion-posparto\/\">1 de cada 15 mujeres sufre depresi\u00f3n posparto<\/a><\/li>\n<li><div class=\"wp-block-latest-posts__featured-image\"><img loading=\"lazy\" decoding=\"async\" width=\"150\" height=\"150\" src=\"https:\/\/www.alasmedios.com\/wp-content\/uploads\/2026\/05\/USEP-calidad-hospitalaria-150x150.jpeg\" class=\"attachment-thumbnail size-thumbnail wp-post-image\" alt=\"\" style=\"\" \/><\/div><a class=\"wp-block-latest-posts__post-title\" href=\"https:\/\/www.alasmedios.com\/index.php\/2026\/05\/01\/usep-activa-formacion-para-prevenir-riesgos-en-la-atencion-medica\/\">USEP activa formaci\u00f3n para prevenir riesgos en la atenci\u00f3n m\u00e9dica<\/a><\/li>\n<\/ul>","protected":false},"excerpt":{"rendered":"<p>En Hidalgo entr\u00f3 en vigor la reforma que ordena la publicaci\u00f3n del registro de deudores alimentarios morosos, una medida que<\/p>\n","protected":false},"author":4,"featured_media":7298,"comment_status":"open","ping_status":"open","sticky":false,"template":"","format":"standard","meta":{"colormag_page_container_layout":"default_layout","colormag_page_sidebar_layout":"default_layout","rop_custom_images_group":[],"rop_custom_messages_group":[],"rop_publish_now":"initial","rop_publish_now_accounts":[],"rop_publish_now_history":[],"rop_publish_now_status":"pending","iawp_total_views":0,"footnotes":""},"categories":[42,41],"tags":[750,456,2170,2431,175,190,176,612,3186],"class_list":["post-7297","post","type-post","status-publish","format-standard","has-post-thumbnail","hentry","category-familia_salud","category-hidalgo","tag-adolescentes","tag-derechos","tag-deudor-alimentario","tag-deudores-alimentarios","tag-infancias","tag-ninas","tag-ninos","tag-pension-alimenticia","tag-poeh"],"magazineBlocksPostFeaturedMedia":{"thumbnail":"https:\/\/www.alasmedios.com\/wp-content\/uploads\/2025\/12\/Deudores-alimentarios-entra-en-vigor-registro-publico-en-Hidalgo-150x150.png","medium":"https:\/\/www.alasmedios.com\/wp-content\/uploads\/2025\/12\/Deudores-alimentarios-entra-en-vigor-registro-publico-en-Hidalgo-300x182.png","medium_large":"https:\/\/www.alasmedios.com\/wp-content\/uploads\/2025\/12\/Deudores-alimentarios-entra-en-vigor-registro-publico-en-Hidalgo-768x466.png","large":"https:\/\/www.alasmedios.com\/wp-content\/uploads\/2025\/12\/Deudores-alimentarios-entra-en-vigor-registro-publico-en-Hidalgo-1024x622.png","1536x1536":"https:\/\/www.alasmedios.com\/wp-content\/uploads\/2025\/12\/Deudores-alimentarios-entra-en-vigor-registro-publico-en-Hidalgo-1536x932.png","2048x2048":"https:\/\/www.alasmedios.com\/wp-content\/uploads\/2025\/12\/Deudores-alimentarios-entra-en-vigor-registro-publico-en-Hidalgo.png","colormag-highlighted-post":"https:\/\/www.alasmedios.com\/wp-content\/uploads\/2025\/12\/Deudores-alimentarios-entra-en-vigor-registro-publico-en-Hidalgo-392x272.png","colormag-featured-post-medium":"https:\/\/www.alasmedios.com\/wp-content\/uploads\/2025\/12\/Deudores-alimentarios-entra-en-vigor-registro-publico-en-Hidalgo-390x205.png","colormag-featured-post-small":"https:\/\/www.alasmedios.com\/wp-content\/uploads\/2025\/12\/Deudores-alimentarios-entra-en-vigor-registro-publico-en-Hidalgo-130x90.png","colormag-featured-image":"https:\/\/www.alasmedios.com\/wp-content\/uploads\/2025\/12\/Deudores-alimentarios-entra-en-vigor-registro-publico-en-Hidalgo-800x445.png","colormag-default-news":"https:\/\/www.alasmedios.com\/wp-content\/uploads\/2025\/12\/Deudores-alimentarios-entra-en-vigor-registro-publico-en-Hidalgo-150x150.png","colormag-featured-image-large":"https:\/\/www.alasmedios.com\/wp-content\/uploads\/2025\/12\/Deudores-alimentarios-entra-en-vigor-registro-publico-en-Hidalgo-1400x600.png"},"magazineBlocksPostAuthor":{"name":"Keila Rodr\u00edguez Pe\u00f1a","avatar":"https:\/\/secure.gravatar.com\/avatar\/a2553a2bfaa601b9d539b617c8793e151bdffb60f9e48a249912f86d4c9ebeef?s=96&d=mm&r=g"},"magazineBlocksPostCommentsNumber":"0","magazineBlocksPostExcerpt":"En Hidalgo entr\u00f3 en vigor la reforma que ordena la publicaci\u00f3n del registro de deudores alimentarios morosos, una medida que","magazineBlocksPostCategories":["Familia y Bienestar","Hidalgo"],"magazineBlocksPostViewCount":86,"magazineBlocksPostReadTime":3,"magazine_blocks_featured_image_url":{"full":["https:\/\/www.alasmedios.com\/wp-content\/uploads\/2025\/12\/Deudores-alimentarios-entra-en-vigor-registro-publico-en-Hidalgo.png",2000,1214,false],"medium":["https:\/\/www.alasmedios.com\/wp-content\/uploads\/2025\/12\/Deudores-alimentarios-entra-en-vigor-registro-publico-en-Hidalgo-300x182.png",300,182,true],"thumbnail":["https:\/\/www.alasmedios.com\/wp-content\/uploads\/2025\/12\/Deudores-alimentarios-entra-en-vigor-registro-publico-en-Hidalgo-150x150.png",150,150,true]},"magazine_blocks_author":{"display_name":"Keila Rodr\u00edguez Pe\u00f1a","author_link":"https:\/\/www.alasmedios.com\/index.php\/author\/keila\/"},"magazine_blocks_comment":0,"magazine_blocks_author_image":"https:\/\/secure.gravatar.com\/avatar\/a2553a2bfaa601b9d539b617c8793e151bdffb60f9e48a249912f86d4c9ebeef?s=96&d=mm&r=g","magazine_blocks_category":"<a href=\"#\" class=\"category-link category-link-42\">Familia y Bienestar<\/a> <a href=\"#\" class=\"category-link category-link-41\">Hidalgo<\/a>","yoast_head":"<!-- This site is optimized with the Yoast SEO plugin v27.5 - https:\/\/yoast.com\/product\/yoast-seo-wordpress\/ -->\r\n<title>Deudores alimentarios: entra en vigor registro p\u00fablico en Hidalgo - Alas Medios<\/title>\r\n<meta name=\"robots\" content=\"index, follow, max-snippet:-1, max-image-preview:large, max-video-preview:-1\" \/>\r\n<link rel=\"canonical\" href=\"https:\/\/www.alasmedios.com\/index.php\/2025\/12\/31\/deudores-alimentarios-entra-en-vigor-registro-publico-en-hidalgo\/\" \/>\r\n<meta property=\"og:locale\" content=\"es_MX\" \/>\r\n<meta property=\"og:type\" content=\"article\" \/>\r\n<meta property=\"og:title\" content=\"Deudores alimentarios: entra en vigor registro p\u00fablico en Hidalgo - Alas Medios\" \/>\r\n<meta property=\"og:description\" content=\"En Hidalgo entr\u00f3 en vigor la reforma que ordena la publicaci\u00f3n del registro de deudores alimentarios morosos, una medida que\" \/>\r\n<meta property=\"og:url\" content=\"https:\/\/www.alasmedios.com\/index.php\/2025\/12\/31\/deudores-alimentarios-entra-en-vigor-registro-publico-en-hidalgo\/\" \/>\r\n<meta property=\"og:site_name\" content=\"Alas Medios\" \/>\r\n<meta property=\"article:published_time\" content=\"2025-12-31T15:25:00+00:00\" \/>\r\n<meta property=\"og:image\" content=\"https:\/\/www.alasmedios.com\/wp-content\/uploads\/2025\/12\/Deudores-alimentarios-entra-en-vigor-registro-publico-en-Hidalgo-1024x622.png\" \/>\r\n\t<meta property=\"og:image:width\" content=\"1024\" \/>\r\n\t<meta property=\"og:image:height\" content=\"622\" \/>\r\n\t<meta property=\"og:image:type\" content=\"image\/png\" \/>\r\n<meta name=\"author\" content=\"Keila Rodr\u00edguez Pe\u00f1a\" \/>\r\n<meta name=\"twitter:card\" content=\"summary_large_image\" \/>\r\n<meta name=\"twitter:label1\" content=\"Escrito por\" \/>\n\t<meta name=\"twitter:data1\" content=\"Keila Rodr\u00edguez Pe\u00f1a\" \/>\n\t<meta name=\"twitter:label2\" content=\"Tiempo de lectura\" \/>\n\t<meta name=\"twitter:data2\" content=\"2 minutos\" \/>\r\n<script type=\"application\/ld+json\" class=\"yoast-schema-graph\">{\"@context\":\"https:\\\/\\\/schema.org\",\"@graph\":[{\"@type\":\"Article\",\"@id\":\"https:\\\/\\\/www.alasmedios.com\\\/index.php\\\/2025\\\/12\\\/31\\\/deudores-alimentarios-entra-en-vigor-registro-publico-en-hidalgo\\\/#article\",\"isPartOf\":{\"@id\":\"https:\\\/\\\/www.alasmedios.com\\\/index.php\\\/2025\\\/12\\\/31\\\/deudores-alimentarios-entra-en-vigor-registro-publico-en-hidalgo\\\/\"},\"author\":{\"name\":\"Keila Rodr\u00edguez Pe\u00f1a\",\"@id\":\"https:\\\/\\\/www.alasmedios.com\\\/#\\\/schema\\\/person\\\/0ba31bdd19a05ebf5c7fef1fedf99c34\"},\"headline\":\"Deudores alimentarios: entra en vigor registro p\u00fablico en Hidalgo\",\"datePublished\":\"2025-12-31T15:25:00+00:00\",\"mainEntityOfPage\":{\"@id\":\"https:\\\/\\\/www.alasmedios.com\\\/index.php\\\/2025\\\/12\\\/31\\\/deudores-alimentarios-entra-en-vigor-registro-publico-en-hidalgo\\\/\"},\"wordCount\":453,\"commentCount\":0,\"publisher\":{\"@id\":\"https:\\\/\\\/www.alasmedios.com\\\/#organization\"},\"image\":{\"@id\":\"https:\\\/\\\/www.alasmedios.com\\\/index.php\\\/2025\\\/12\\\/31\\\/deudores-alimentarios-entra-en-vigor-registro-publico-en-hidalgo\\\/#primaryimage\"},\"thumbnailUrl\":\"https:\\\/\\\/www.alasmedios.com\\\/wp-content\\\/uploads\\\/2025\\\/12\\\/Deudores-alimentarios-entra-en-vigor-registro-publico-en-Hidalgo.png\",\"keywords\":[\"adolescentes\",\"derechos\",\"deudor alimentario\",\"deudores alimentarios\",\"infancias\",\"ni\u00f1as\",\"ni\u00f1os\",\"pensi\u00f3n alimenticia\",\"POEH\"],\"articleSection\":[\"Familia y Bienestar\",\"Hidalgo\"],\"inLanguage\":\"es\",\"potentialAction\":[{\"@type\":\"CommentAction\",\"name\":\"Comment\",\"target\":[\"https:\\\/\\\/www.alasmedios.com\\\/index.php\\\/2025\\\/12\\\/31\\\/deudores-alimentarios-entra-en-vigor-registro-publico-en-hidalgo\\\/#respond\"]}]},{\"@type\":\"WebPage\",\"@id\":\"https:\\\/\\\/www.alasmedios.com\\\/index.php\\\/2025\\\/12\\\/31\\\/deudores-alimentarios-entra-en-vigor-registro-publico-en-hidalgo\\\/\",\"url\":\"https:\\\/\\\/www.alasmedios.com\\\/index.php\\\/2025\\\/12\\\/31\\\/deudores-alimentarios-entra-en-vigor-registro-publico-en-hidalgo\\\/\",\"name\":\"Deudores alimentarios: entra en vigor registro p\u00fablico en Hidalgo - Alas Medios\",\"isPartOf\":{\"@id\":\"https:\\\/\\\/www.alasmedios.com\\\/#website\"},\"primaryImageOfPage\":{\"@id\":\"https:\\\/\\\/www.alasmedios.com\\\/index.php\\\/2025\\\/12\\\/31\\\/deudores-alimentarios-entra-en-vigor-registro-publico-en-hidalgo\\\/#primaryimage\"},\"image\":{\"@id\":\"https:\\\/\\\/www.alasmedios.com\\\/index.php\\\/2025\\\/12\\\/31\\\/deudores-alimentarios-entra-en-vigor-registro-publico-en-hidalgo\\\/#primaryimage\"},\"thumbnailUrl\":\"https:\\\/\\\/www.alasmedios.com\\\/wp-content\\\/uploads\\\/2025\\\/12\\\/Deudores-alimentarios-entra-en-vigor-registro-publico-en-Hidalgo.png\",\"datePublished\":\"2025-12-31T15:25:00+00:00\",\"breadcrumb\":{\"@id\":\"https:\\\/\\\/www.alasmedios.com\\\/index.php\\\/2025\\\/12\\\/31\\\/deudores-alimentarios-entra-en-vigor-registro-publico-en-hidalgo\\\/#breadcrumb\"},\"inLanguage\":\"es\",\"potentialAction\":[{\"@type\":\"ReadAction\",\"target\":[\"https:\\\/\\\/www.alasmedios.com\\\/index.php\\\/2025\\\/12\\\/31\\\/deudores-alimentarios-entra-en-vigor-registro-publico-en-hidalgo\\\/\"]}]},{\"@type\":\"ImageObject\",\"inLanguage\":\"es\",\"@id\":\"https:\\\/\\\/www.alasmedios.com\\\/index.php\\\/2025\\\/12\\\/31\\\/deudores-alimentarios-entra-en-vigor-registro-publico-en-hidalgo\\\/#primaryimage\",\"url\":\"https:\\\/\\\/www.alasmedios.com\\\/wp-content\\\/uploads\\\/2025\\\/12\\\/Deudores-alimentarios-entra-en-vigor-registro-publico-en-Hidalgo.png\",\"contentUrl\":\"https:\\\/\\\/www.alasmedios.com\\\/wp-content\\\/uploads\\\/2025\\\/12\\\/Deudores-alimentarios-entra-en-vigor-registro-publico-en-Hidalgo.png\",\"width\":2000,\"height\":1214},{\"@type\":\"BreadcrumbList\",\"@id\":\"https:\\\/\\\/www.alasmedios.com\\\/index.php\\\/2025\\\/12\\\/31\\\/deudores-alimentarios-entra-en-vigor-registro-publico-en-hidalgo\\\/#breadcrumb\",\"itemListElement\":[{\"@type\":\"ListItem\",\"position\":1,\"name\":\"Inicio\",\"item\":\"https:\\\/\\\/www.alasmedios.com\\\/\"},{\"@type\":\"ListItem\",\"position\":2,\"name\":\"Deudores alimentarios: entra en vigor registro p\u00fablico en Hidalgo\"}]},{\"@type\":\"WebSite\",\"@id\":\"https:\\\/\\\/www.alasmedios.com\\\/#website\",\"url\":\"https:\\\/\\\/www.alasmedios.com\\\/\",\"name\":\"Alas Medios\",\"description\":\"Alas para pensar, Alas para volar, Alas de libertad\",\"publisher\":{\"@id\":\"https:\\\/\\\/www.alasmedios.com\\\/#organization\"},\"potentialAction\":[{\"@type\":\"SearchAction\",\"target\":{\"@type\":\"EntryPoint\",\"urlTemplate\":\"https:\\\/\\\/www.alasmedios.com\\\/?s={search_term_string}\"},\"query-input\":{\"@type\":\"PropertyValueSpecification\",\"valueRequired\":true,\"valueName\":\"search_term_string\"}}],\"inLanguage\":\"es\"},{\"@type\":\"Organization\",\"@id\":\"https:\\\/\\\/www.alasmedios.com\\\/#organization\",\"name\":\"Alas Medios\",\"url\":\"https:\\\/\\\/www.alasmedios.com\\\/\",\"logo\":{\"@type\":\"ImageObject\",\"inLanguage\":\"es\",\"@id\":\"https:\\\/\\\/www.alasmedios.com\\\/#\\\/schema\\\/logo\\\/image\\\/\",\"url\":\"https:\\\/\\\/www.alasmedios.com\\\/wp-content\\\/uploads\\\/2026\\\/01\\\/cropped-cropped-GAM-1.png\",\"contentUrl\":\"https:\\\/\\\/www.alasmedios.com\\\/wp-content\\\/uploads\\\/2026\\\/01\\\/cropped-cropped-GAM-1.png\",\"width\":467,\"height\":235,\"caption\":\"Alas Medios\"},\"image\":{\"@id\":\"https:\\\/\\\/www.alasmedios.com\\\/#\\\/schema\\\/logo\\\/image\\\/\"}},{\"@type\":\"Person\",\"@id\":\"https:\\\/\\\/www.alasmedios.com\\\/#\\\/schema\\\/person\\\/0ba31bdd19a05ebf5c7fef1fedf99c34\",\"name\":\"Keila Rodr\u00edguez Pe\u00f1a\",\"image\":{\"@type\":\"ImageObject\",\"inLanguage\":\"es\",\"@id\":\"https:\\\/\\\/secure.gravatar.com\\\/avatar\\\/a2553a2bfaa601b9d539b617c8793e151bdffb60f9e48a249912f86d4c9ebeef?s=96&d=mm&r=g\",\"url\":\"https:\\\/\\\/secure.gravatar.com\\\/avatar\\\/a2553a2bfaa601b9d539b617c8793e151bdffb60f9e48a249912f86d4c9ebeef?s=96&d=mm&r=g\",\"contentUrl\":\"https:\\\/\\\/secure.gravatar.com\\\/avatar\\\/a2553a2bfaa601b9d539b617c8793e151bdffb60f9e48a249912f86d4c9ebeef?s=96&d=mm&r=g\",\"caption\":\"Keila Rodr\u00edguez Pe\u00f1a\"},\"sameAs\":[\"http:\\\/\\\/www.alasmedios.com\"],\"url\":\"https:\\\/\\\/www.alasmedios.com\\\/index.php\\\/author\\\/keila\\\/\"}]}<\/script>\r\n<!-- \/ Yoast SEO plugin. -->","yoast_head_json":{"title":"Deudores alimentarios: entra en vigor registro p\u00fablico en Hidalgo - Alas Medios","robots":{"index":"index","follow":"follow","max-snippet":"max-snippet:-1","max-image-preview":"max-image-preview:large","max-video-preview":"max-video-preview:-1"},"canonical":"https:\/\/www.alasmedios.com\/index.php\/2025\/12\/31\/deudores-alimentarios-entra-en-vigor-registro-publico-en-hidalgo\/","og_locale":"es_MX","og_type":"article","og_title":"Deudores alimentarios: entra en vigor registro p\u00fablico en Hidalgo - Alas Medios","og_description":"En Hidalgo entr\u00f3 en vigor la reforma que ordena la publicaci\u00f3n del registro de deudores alimentarios morosos, una medida que","og_url":"https:\/\/www.alasmedios.com\/index.php\/2025\/12\/31\/deudores-alimentarios-entra-en-vigor-registro-publico-en-hidalgo\/","og_site_name":"Alas Medios","article_published_time":"2025-12-31T15:25:00+00:00","og_image":[{"width":1024,"height":622,"url":"https:\/\/www.alasmedios.com\/wp-content\/uploads\/2025\/12\/Deudores-alimentarios-entra-en-vigor-registro-publico-en-Hidalgo-1024x622.png","type":"image\/png"}],"author":"Keila Rodr\u00edguez Pe\u00f1a","twitter_card":"summary_large_image","twitter_misc":{"Escrito por":"Keila Rodr\u00edguez Pe\u00f1a","Tiempo de lectura":"2 minutos"},"schema":{"@context":"https:\/\/schema.org","@graph":[{"@type":"Article","@id":"https:\/\/www.alasmedios.com\/index.php\/2025\/12\/31\/deudores-alimentarios-entra-en-vigor-registro-publico-en-hidalgo\/#article","isPartOf":{"@id":"https:\/\/www.alasmedios.com\/index.php\/2025\/12\/31\/deudores-alimentarios-entra-en-vigor-registro-publico-en-hidalgo\/"},"author":{"name":"Keila Rodr\u00edguez Pe\u00f1a","@id":"https:\/\/www.alasmedios.com\/#\/schema\/person\/0ba31bdd19a05ebf5c7fef1fedf99c34"},"headline":"Deudores alimentarios: entra en vigor registro p\u00fablico en Hidalgo","datePublished":"2025-12-31T15:25:00+00:00","mainEntityOfPage":{"@id":"https:\/\/www.alasmedios.com\/index.php\/2025\/12\/31\/deudores-alimentarios-entra-en-vigor-registro-publico-en-hidalgo\/"},"wordCount":453,"commentCount":0,"publisher":{"@id":"https:\/\/www.alasmedios.com\/#organization"},"image":{"@id":"https:\/\/www.alasmedios.com\/index.php\/2025\/12\/31\/deudores-alimentarios-entra-en-vigor-registro-publico-en-hidalgo\/#primaryimage"},"thumbnailUrl":"https:\/\/www.alasmedios.com\/wp-content\/uploads\/2025\/12\/Deudores-alimentarios-entra-en-vigor-registro-publico-en-Hidalgo.png","keywords":["adolescentes","derechos","deudor alimentario","deudores alimentarios","infancias","ni\u00f1as","ni\u00f1os","pensi\u00f3n alimenticia","POEH"],"articleSection":["Familia y Bienestar","Hidalgo"],"inLanguage":"es","potentialAction":[{"@type":"CommentAction","name":"Comment","target":["https:\/\/www.alasmedios.com\/index.php\/2025\/12\/31\/deudores-alimentarios-entra-en-vigor-registro-publico-en-hidalgo\/#respond"]}]},{"@type":"WebPage","@id":"https:\/\/www.alasmedios.com\/index.php\/2025\/12\/31\/deudores-alimentarios-entra-en-vigor-registro-publico-en-hidalgo\/","url":"https:\/\/www.alasmedios.com\/index.php\/2025\/12\/31\/deudores-alimentarios-entra-en-vigor-registro-publico-en-hidalgo\/","name":"Deudores alimentarios: entra en vigor registro p\u00fablico en Hidalgo - Alas Medios","isPartOf":{"@id":"https:\/\/www.alasmedios.com\/#website"},"primaryImageOfPage":{"@id":"https:\/\/www.alasmedios.com\/index.php\/2025\/12\/31\/deudores-alimentarios-entra-en-vigor-registro-publico-en-hidalgo\/#primaryimage"},"image":{"@id":"https:\/\/www.alasmedios.com\/index.php\/2025\/12\/31\/deudores-alimentarios-entra-en-vigor-registro-publico-en-hidalgo\/#primaryimage"},"thumbnailUrl":"https:\/\/www.alasmedios.com\/wp-content\/uploads\/2025\/12\/Deudores-alimentarios-entra-en-vigor-registro-publico-en-Hidalgo.png","datePublished":"2025-12-31T15:25:00+00:00","breadcrumb":{"@id":"https:\/\/www.alasmedios.com\/index.php\/2025\/12\/31\/deudores-alimentarios-entra-en-vigor-registro-publico-en-hidalgo\/#breadcrumb"},"inLanguage":"es","potentialAction":[{"@type":"ReadAction","target":["https:\/\/www.alasmedios.com\/index.php\/2025\/12\/31\/deudores-alimentarios-entra-en-vigor-registro-publico-en-hidalgo\/"]}]},{"@type":"ImageObject","inLanguage":"es","@id":"https:\/\/www.alasmedios.com\/index.php\/2025\/12\/31\/deudores-alimentarios-entra-en-vigor-registro-publico-en-hidalgo\/#primaryimage","url":"https:\/\/www.alasmedios.com\/wp-content\/uploads\/2025\/12\/Deudores-alimentarios-entra-en-vigor-registro-publico-en-Hidalgo.png","contentUrl":"https:\/\/www.alasmedios.com\/wp-content\/uploads\/2025\/12\/Deudores-alimentarios-entra-en-vigor-registro-publico-en-Hidalgo.png","width":2000,"height":1214},{"@type":"BreadcrumbList","@id":"https:\/\/www.alasmedios.com\/index.php\/2025\/12\/31\/deudores-alimentarios-entra-en-vigor-registro-publico-en-hidalgo\/#breadcrumb","itemListElement":[{"@type":"ListItem","position":1,"name":"Inicio","item":"https:\/\/www.alasmedios.com\/"},{"@type":"ListItem","position":2,"name":"Deudores alimentarios: entra en vigor registro p\u00fablico en Hidalgo"}]},{"@type":"WebSite","@id":"https:\/\/www.alasmedios.com\/#website","url":"https:\/\/www.alasmedios.com\/","name":"Alas Medios","description":"Alas para pensar, Alas para volar, Alas de libertad","publisher":{"@id":"https:\/\/www.alasmedios.com\/#organization"},"potentialAction":[{"@type":"SearchAction","target":{"@type":"EntryPoint","urlTemplate":"https:\/\/www.alasmedios.com\/?s={search_term_string}"},"query-input":{"@type":"PropertyValueSpecification","valueRequired":true,"valueName":"search_term_string"}}],"inLanguage":"es"},{"@type":"Organization","@id":"https:\/\/www.alasmedios.com\/#organization","name":"Alas Medios","url":"https:\/\/www.alasmedios.com\/","logo":{"@type":"ImageObject","inLanguage":"es","@id":"https:\/\/www.alasmedios.com\/#\/schema\/logo\/image\/","url":"https:\/\/www.alasmedios.com\/wp-content\/uploads\/2026\/01\/cropped-cropped-GAM-1.png","contentUrl":"https:\/\/www.alasmedios.com\/wp-content\/uploads\/2026\/01\/cropped-cropped-GAM-1.png","width":467,"height":235,"caption":"Alas Medios"},"image":{"@id":"https:\/\/www.alasmedios.com\/#\/schema\/logo\/image\/"}},{"@type":"Person","@id":"https:\/\/www.alasmedios.com\/#\/schema\/person\/0ba31bdd19a05ebf5c7fef1fedf99c34","name":"Keila Rodr\u00edguez Pe\u00f1a","image":{"@type":"ImageObject","inLanguage":"es","@id":"https:\/\/secure.gravatar.com\/avatar\/a2553a2bfaa601b9d539b617c8793e151bdffb60f9e48a249912f86d4c9ebeef?s=96&d=mm&r=g","url":"https:\/\/secure.gravatar.com\/avatar\/a2553a2bfaa601b9d539b617c8793e151bdffb60f9e48a249912f86d4c9ebeef?s=96&d=mm&r=g","contentUrl":"https:\/\/secure.gravatar.com\/avatar\/a2553a2bfaa601b9d539b617c8793e151bdffb60f9e48a249912f86d4c9ebeef?s=96&d=mm&r=g","caption":"Keila Rodr\u00edguez Pe\u00f1a"},"sameAs":["http:\/\/www.alasmedios.com"],"url":"https:\/\/www.alasmedios.com\/index.php\/author\/keila\/"}]}},"_links":{"self":[{"href":"https:\/\/www.alasmedios.com\/index.php\/wp-json\/wp\/v2\/posts\/7297","targetHints":{"allow":["GET"]}}],"collection":[{"href":"https:\/\/www.alasmedios.com\/index.php\/wp-json\/wp\/v2\/posts"}],"about":[{"href":"https:\/\/www.alasmedios.com\/index.php\/wp-json\/wp\/v2\/types\/post"}],"author":[{"embeddable":true,"href":"https:\/\/www.alasmedios.com\/index.php\/wp-json\/wp\/v2\/users\/4"}],"replies":[{"embeddable":true,"href":"https:\/\/www.alasmedios.com\/index.php\/wp-json\/wp\/v2\/comments?post=7297"}],"version-history":[{"count":1,"href":"https:\/\/www.alasmedios.com\/index.php\/wp-json\/wp\/v2\/posts\/7297\/revisions"}],"predecessor-version":[{"id":7299,"href":"https:\/\/www.alasmedios.com\/index.php\/wp-json\/wp\/v2\/posts\/7297\/revisions\/7299"}],"wp:featuredmedia":[{"embeddable":true,"href":"https:\/\/www.alasmedios.com\/index.php\/wp-json\/wp\/v2\/media\/7298"}],"wp:attachment":[{"href":"https:\/\/www.alasmedios.com\/index.php\/wp-json\/wp\/v2\/media?parent=7297"}],"wp:term":[{"taxonomy":"category","embeddable":true,"href":"https:\/\/www.alasmedios.com\/index.php\/wp-json\/wp\/v2\/categories?post=7297"},{"taxonomy":"post_tag","embeddable":true,"href":"https:\/\/www.alasmedios.com\/index.php\/wp-json\/wp\/v2\/tags?post=7297"}],"curies":[{"name":"wp","href":"https:\/\/api.w.org\/{rel}","templated":true}]}}