{"id":7285,"date":"2025-12-30T13:44:42","date_gmt":"2025-12-30T19:44:42","guid":{"rendered":"https:\/\/www.alasmedios.com\/?p=7285"},"modified":"2025-12-30T13:44:45","modified_gmt":"2025-12-30T19:44:45","slug":"crece-200-la-demanda-de-interpretes-indigenas-en-eu","status":"publish","type":"post","link":"https:\/\/www.alasmedios.com\/index.php\/2025\/12\/30\/crece-200-la-demanda-de-interpretes-indigenas-en-eu\/","title":{"rendered":"Crece 200 % la demanda de int\u00e9rpretes ind\u00edgenas en EU"},"content":{"rendered":"\n<p>La <strong>demanda de servicios de interpretaci\u00f3n para migrantes ind\u00edgenas oaxaque\u00f1os en Estados Unidos<\/strong> creci\u00f3 <strong>casi 200 por ciento en los \u00faltimos dos a\u00f1os<\/strong>, de acuerdo con registros de la <strong>Red de Int\u00e9rpretes y Promotores Interculturales de Oaxaca<\/strong>, en un contexto de <strong>endurecimiento de las pol\u00edticas migratorias<\/strong>, mayor n\u00famero de <strong>detenciones<\/strong> y audiencias realizadas en idiomas ajenos a las personas migrantes.<\/p>\n\n\n\n<p>El fen\u00f3meno expone una problem\u00e1tica estructural: <strong>personas ind\u00edgenas monoling\u00fces<\/strong> \u2014o con dominio limitado del espa\u00f1ol\u2014 enfrentan <strong>procesos migratorios, judiciales y de salud<\/strong> sin comprender lo que ocurre, lo que deriva en <strong>violaciones a derechos ling\u00fc\u00edsticos y derechos humanos<\/strong>, desde la imposibilidad de solicitar <strong>asilo<\/strong>, hasta errores en procedimientos m\u00e9dicos o legales.<\/p>\n\n\n\n<p>Oaxaca concentra una de las realidades ling\u00fc\u00edsticas m\u00e1s complejas del pa\u00eds. Es la entidad con <strong>mayor n\u00famero de hablantes de lengua ind\u00edgena<\/strong>, con <strong>1.2 millones de personas<\/strong>, <strong>16 pueblos originarios<\/strong> y <strong>177 variantes ling\u00fc\u00edsticas<\/strong>. Sin embargo, las <strong>pol\u00edticas p\u00fablicas de interpretaci\u00f3n y traducci\u00f3n<\/strong> han sido insuficientes, sin una instituci\u00f3n responsable ni <strong>presupuestos estables<\/strong>, incluso en \u00e1mbitos cr\u00edticos como <strong>justicia, salud y migraci\u00f3n<\/strong>.<\/p>\n\n\n\n<p>CONTIN\u00daA LEYENDO: <a href=\"https:\/\/www.alasmedios.com\/index.php\/2025\/12\/29\/refuerzan-informacion-sobre-sarampion-en-la-region-de-tula\/\" data-type=\"post\" data-id=\"7279\">Refuerzan informaci\u00f3n sobre sarampi\u00f3n en la regi\u00f3n de Tula<\/a><\/p>\n\n\n\n<p>En Estados Unidos, la situaci\u00f3n se agrava. Las personas migrantes ind\u00edgenas llegan con un <strong>conocimiento b\u00e1sico o nulo del espa\u00f1ol<\/strong> y se enfrentan a <strong>audiencias, interrogatorios y tr\u00e1mites completamente en ingl\u00e9s<\/strong>, particularmente en <strong>procesos de deportaci\u00f3n<\/strong>, solicitudes de <strong>asilo<\/strong> y <strong>emergencias m\u00e9dicas<\/strong>. En muchos casos, son juzgadas o detenidas sin entender cargos, derechos o consecuencias.<\/p>\n\n\n\n<p>Ante este vac\u00edo, la <strong>Red de Int\u00e9rpretes y Promotores Interculturales de Oaxaca<\/strong>, creada en <strong>2019<\/strong>, ha documentado y atendido m\u00e1s de <strong>2 mil 800 servicios de interpretaci\u00f3n remota en Estados Unidos<\/strong>, principalmente en <strong>audiencias migratorias<\/strong>, casos de <strong>violencia<\/strong>, atenci\u00f3n m\u00e9dica urgente y acompa\u00f1amiento a <strong>infancias no acompa\u00f1adas<\/strong>. La modalidad a distancia \u2014v\u00eda telef\u00f3nica o videoconferencia\u2014 exige una formaci\u00f3n especializada y coordinaci\u00f3n entre int\u00e9rpretes de <strong>ingl\u00e9s-espa\u00f1ol<\/strong> y <strong>espa\u00f1ol-lengua ind\u00edgena<\/strong>, en un esquema conocido como <strong>interpretaci\u00f3n por relevos<\/strong>.<\/p>\n\n\n\n<p>El trabajo de la Red tambi\u00e9n ha evidenciado la <strong>desigualdad en la valoraci\u00f3n de la labor de interpretaci\u00f3n<\/strong>. Mientras que en Oaxaca los pagos suelen ser <strong>precarios, sin vi\u00e1ticos y con topes m\u00ednimos por audiencia<\/strong>, en Estados Unidos el servicio se reconoce <strong>por hora<\/strong>, lo que ha permitido avanzar en la <strong>dignificaci\u00f3n profesional<\/strong>. Esta diferencia ha puesto sobre la mesa el concepto de <strong>\u201cjusticia ling\u00fc\u00edstica\u201d<\/strong>, basado en tres ejes: <strong>derecho a comunicarse en la lengua propia ante el Estado<\/strong>, <strong>acceso a informaci\u00f3n oficial en m\u00faltiples idiomas<\/strong> y <strong>pago justo a las personas int\u00e9rpretes<\/strong>, sin distinci\u00f3n por el tipo de lengua.<\/p>\n\n\n\n<p>El crecimiento de la demanda est\u00e1 directamente relacionado con el aumento de <strong>operativos migratorios<\/strong>, <strong>redadas en zonas agr\u00edcolas y comerciales<\/strong>, y una mayor presencia del <strong>Servicio de Inmigraci\u00f3n y Control de Aduanas (ICE)<\/strong>, lo que ha multiplicado las audiencias y solicitudes de acompa\u00f1amiento ling\u00fc\u00edstico. Actualmente, la Red atiende <strong>entre dos y tres servicios diarios<\/strong> vinculados a estos procesos.<\/p>\n\n\n\n<p>Adem\u00e1s de la atenci\u00f3n directa, el colectivo ha desarrollado <strong>modelos de formaci\u00f3n<\/strong>, <strong>manuales especializados<\/strong> y procesos de <strong>investigaci\u00f3n y documentaci\u00f3n<\/strong> para evidenciar c\u00f3mo la falta de interpretaci\u00f3n deriva en <strong>detenciones arbitrarias, retrasos en procesos de asilo, criminalizaci\u00f3n y negligencia m\u00e9dica<\/strong>. Hoy cuenta con <strong>m\u00e1s de 300 int\u00e9rpretes<\/strong> de lenguas ind\u00edgenas, con formaci\u00f3n en <strong>derechos humanos, perspectiva de g\u00e9nero, salud, justicia y derechos de las infancias<\/strong>.<\/p>\n\n\n\n<p>TE PUEDE INTERESAR: <a href=\"https:\/\/www.alasmedios.com\/index.php\/2025\/12\/30\/vasectomia-en-aumento-jovenes-y-planificacion-familiar-redefinen-la-paternidad-en-mexico\/\" data-type=\"post\" data-id=\"7282\">Vasectom\u00eda en aumento: j\u00f3venes y planificaci\u00f3n familiar redefinen la paternidad en M\u00e9xico<\/a><\/p>\n\n\n\n<p>Frente a la <strong>disminuci\u00f3n de recursos para la sociedad civil<\/strong> y la falta de respuesta institucional, la Red lanz\u00f3 la campa\u00f1a <strong>\u201cSin int\u00e9rprete no hay justicia\u201d<\/strong>, con el objetivo de <strong>recaudar fondos<\/strong>, visibilizar el problema y sostener su operaci\u00f3n. La iniciativa busca colocar en la agenda p\u00fablica una realidad frecuentemente ignorada: <strong>la lengua sigue siendo una frontera invisible<\/strong>, capaz de definir si una persona accede a la <strong>libertad o la detenci\u00f3n<\/strong>, a la <strong>protecci\u00f3n internacional o la deportaci\u00f3n<\/strong>, a la <strong>atenci\u00f3n m\u00e9dica o el abandono<\/strong>.<\/p>\n\n\n\n<p>En un escenario migratorio cada vez m\u00e1s restrictivo, la <strong>interpretaci\u00f3n en lenguas ind\u00edgenas<\/strong> se ha convertido en un factor determinante para la <strong>vida, la libertad y la dignidad<\/strong> de miles de personas. La ausencia de pol\u00edticas s\u00f3lidas en esta materia no solo profundiza la exclusi\u00f3n, sino que confirma que, para amplios sectores, <strong>la justicia sigue habl\u00e1ndose en un idioma que no entienden<\/strong>.<\/p>\n\n\n<ul class=\"wp-block-latest-posts__list is-grid columns-3 wp-block-latest-posts\"><li><div class=\"wp-block-latest-posts__featured-image\"><img loading=\"lazy\" decoding=\"async\" width=\"150\" height=\"150\" src=\"https:\/\/www.alasmedios.com\/wp-content\/uploads\/2026\/05\/Super-Final-de-la-Copa-del-Mundo-de-Clavados-2026-150x150.jpeg\" class=\"attachment-thumbnail size-thumbnail wp-post-image\" alt=\"\" style=\"\" \/><\/div><a class=\"wp-block-latest-posts__post-title\" href=\"https:\/\/www.alasmedios.com\/index.php\/2026\/05\/01\/mexico-se-lanza-por-la-cima-once-clavadistas-buscan-la-gloria-mundial-en-pekin-2026\/\">M\u00e9xico se lanza por la cima: once clavadistas buscan la gloria mundial en Pek\u00edn 2026<\/a><\/li>\n<li><div class=\"wp-block-latest-posts__featured-image\"><img loading=\"lazy\" decoding=\"async\" width=\"150\" height=\"150\" src=\"https:\/\/www.alasmedios.com\/wp-content\/uploads\/2026\/04\/Puebla-el-Congreso-aprobo-el-Protocolo-Homologado-de-Investigacion-de-Delitos-contra-Personas-LGBTTTI-150x150.png\" class=\"attachment-thumbnail size-thumbnail wp-post-image\" alt=\"\" style=\"\" \/><\/div><a class=\"wp-block-latest-posts__post-title\" href=\"https:\/\/www.alasmedios.com\/index.php\/2026\/04\/30\/puebla-impulsa-protocolo-contra-delitos-lgbttti\/\">Puebla impulsa protocolo contra delitos LGBTTTI+<\/a><\/li>\n<li><div class=\"wp-block-latest-posts__featured-image\"><img loading=\"lazy\" decoding=\"async\" width=\"150\" height=\"150\" src=\"https:\/\/www.alasmedios.com\/wp-content\/uploads\/2026\/04\/PEC-Parque-Ecologico-Cubitos-150x150.jpg\" class=\"attachment-thumbnail size-thumbnail wp-post-image\" alt=\"\" style=\"\" \/><\/div><a class=\"wp-block-latest-posts__post-title\" href=\"https:\/\/www.alasmedios.com\/index.php\/2026\/04\/30\/naturaleza-viva-en-pachuca-cubitos-conmemora-a-los-jardines-botanicos\/\">Naturaleza viva en Pachuca: Cubitos conmemora a los jardines bot\u00e1nicos<\/a><\/li>\n<\/ul>","protected":false},"excerpt":{"rendered":"<p>La demanda de servicios de interpretaci\u00f3n para migrantes ind\u00edgenas oaxaque\u00f1os en Estados Unidos creci\u00f3 casi 200 por ciento en los<\/p>\n","protected":false},"author":4,"featured_media":7286,"comment_status":"open","ping_status":"open","sticky":false,"template":"","format":"standard","meta":{"colormag_page_container_layout":"default_layout","colormag_page_sidebar_layout":"default_layout","rop_custom_images_group":[],"rop_custom_messages_group":[],"rop_publish_now":"initial","rop_publish_now_accounts":[],"rop_publish_now_history":[],"rop_publish_now_status":"pending","iawp_total_views":0,"footnotes":""},"categories":[39],"tags":[1604,457,3180,638,785],"class_list":["post-7285","post","type-post","status-publish","format-standard","has-post-thumbnail","hentry","category-inicio","tag-eu","tag-indigenas","tag-interpretes","tag-migrantes","tag-oaxaca"],"magazineBlocksPostFeaturedMedia":{"thumbnail":"https:\/\/www.alasmedios.com\/wp-content\/uploads\/2025\/12\/Crece-200-la-demanda-de-interpretes-indigenas-en-EU-150x150.png","medium":"https:\/\/www.alasmedios.com\/wp-content\/uploads\/2025\/12\/Crece-200-la-demanda-de-interpretes-indigenas-en-EU-300x182.png","medium_large":"https:\/\/www.alasmedios.com\/wp-content\/uploads\/2025\/12\/Crece-200-la-demanda-de-interpretes-indigenas-en-EU-768x466.png","large":"https:\/\/www.alasmedios.com\/wp-content\/uploads\/2025\/12\/Crece-200-la-demanda-de-interpretes-indigenas-en-EU-1024x622.png","1536x1536":"https:\/\/www.alasmedios.com\/wp-content\/uploads\/2025\/12\/Crece-200-la-demanda-de-interpretes-indigenas-en-EU-1536x932.png","2048x2048":"https:\/\/www.alasmedios.com\/wp-content\/uploads\/2025\/12\/Crece-200-la-demanda-de-interpretes-indigenas-en-EU.png","colormag-highlighted-post":"https:\/\/www.alasmedios.com\/wp-content\/uploads\/2025\/12\/Crece-200-la-demanda-de-interpretes-indigenas-en-EU-392x272.png","colormag-featured-post-medium":"https:\/\/www.alasmedios.com\/wp-content\/uploads\/2025\/12\/Crece-200-la-demanda-de-interpretes-indigenas-en-EU-390x205.png","colormag-featured-post-small":"https:\/\/www.alasmedios.com\/wp-content\/uploads\/2025\/12\/Crece-200-la-demanda-de-interpretes-indigenas-en-EU-130x90.png","colormag-featured-image":"https:\/\/www.alasmedios.com\/wp-content\/uploads\/2025\/12\/Crece-200-la-demanda-de-interpretes-indigenas-en-EU-800x445.png","colormag-default-news":"https:\/\/www.alasmedios.com\/wp-content\/uploads\/2025\/12\/Crece-200-la-demanda-de-interpretes-indigenas-en-EU-150x150.png","colormag-featured-image-large":"https:\/\/www.alasmedios.com\/wp-content\/uploads\/2025\/12\/Crece-200-la-demanda-de-interpretes-indigenas-en-EU-1400x600.png"},"magazineBlocksPostAuthor":{"name":"Keila Rodr\u00edguez Pe\u00f1a","avatar":"https:\/\/secure.gravatar.com\/avatar\/a2553a2bfaa601b9d539b617c8793e151bdffb60f9e48a249912f86d4c9ebeef?s=96&d=mm&r=g"},"magazineBlocksPostCommentsNumber":"0","magazineBlocksPostExcerpt":"La demanda de servicios de interpretaci\u00f3n para migrantes ind\u00edgenas oaxaque\u00f1os en Estados Unidos creci\u00f3 casi 200 por ciento en los","magazineBlocksPostCategories":["Inicio"],"magazineBlocksPostViewCount":111,"magazineBlocksPostReadTime":4,"magazine_blocks_featured_image_url":{"full":["https:\/\/www.alasmedios.com\/wp-content\/uploads\/2025\/12\/Crece-200-la-demanda-de-interpretes-indigenas-en-EU.png",2000,1214,false],"medium":["https:\/\/www.alasmedios.com\/wp-content\/uploads\/2025\/12\/Crece-200-la-demanda-de-interpretes-indigenas-en-EU-300x182.png",300,182,true],"thumbnail":["https:\/\/www.alasmedios.com\/wp-content\/uploads\/2025\/12\/Crece-200-la-demanda-de-interpretes-indigenas-en-EU-150x150.png",150,150,true]},"magazine_blocks_author":{"display_name":"Keila Rodr\u00edguez Pe\u00f1a","author_link":"https:\/\/www.alasmedios.com\/index.php\/author\/keila\/"},"magazine_blocks_comment":0,"magazine_blocks_author_image":"https:\/\/secure.gravatar.com\/avatar\/a2553a2bfaa601b9d539b617c8793e151bdffb60f9e48a249912f86d4c9ebeef?s=96&d=mm&r=g","magazine_blocks_category":"<a href=\"#\" class=\"category-link category-link-39\">Inicio<\/a>","yoast_head":"<!-- This site is optimized with the Yoast SEO plugin v27.5 - https:\/\/yoast.com\/product\/yoast-seo-wordpress\/ -->\r\n<title>Crece 200 % la demanda de int\u00e9rpretes ind\u00edgenas en EU - Alas Medios<\/title>\r\n<meta name=\"robots\" content=\"index, follow, max-snippet:-1, max-image-preview:large, max-video-preview:-1\" \/>\r\n<link rel=\"canonical\" href=\"https:\/\/www.alasmedios.com\/index.php\/2025\/12\/30\/crece-200-la-demanda-de-interpretes-indigenas-en-eu\/\" \/>\r\n<meta property=\"og:locale\" content=\"es_MX\" \/>\r\n<meta property=\"og:type\" content=\"article\" \/>\r\n<meta property=\"og:title\" content=\"Crece 200 % la demanda de int\u00e9rpretes ind\u00edgenas en EU - Alas Medios\" \/>\r\n<meta property=\"og:description\" content=\"La demanda de servicios de interpretaci\u00f3n para migrantes ind\u00edgenas oaxaque\u00f1os en Estados Unidos creci\u00f3 casi 200 por ciento en los\" \/>\r\n<meta property=\"og:url\" content=\"https:\/\/www.alasmedios.com\/index.php\/2025\/12\/30\/crece-200-la-demanda-de-interpretes-indigenas-en-eu\/\" \/>\r\n<meta property=\"og:site_name\" content=\"Alas Medios\" \/>\r\n<meta property=\"article:published_time\" content=\"2025-12-30T19:44:42+00:00\" \/>\r\n<meta property=\"article:modified_time\" content=\"2025-12-30T19:44:45+00:00\" \/>\r\n<meta property=\"og:image\" content=\"https:\/\/www.alasmedios.com\/wp-content\/uploads\/2025\/12\/Crece-200-la-demanda-de-interpretes-indigenas-en-EU.png\" \/>\r\n\t<meta property=\"og:image:width\" content=\"2000\" \/>\r\n\t<meta property=\"og:image:height\" content=\"1214\" \/>\r\n\t<meta property=\"og:image:type\" content=\"image\/png\" \/>\r\n<meta name=\"author\" content=\"Keila Rodr\u00edguez Pe\u00f1a\" \/>\r\n<meta name=\"twitter:card\" content=\"summary_large_image\" \/>\r\n<meta name=\"twitter:label1\" content=\"Escrito por\" \/>\n\t<meta name=\"twitter:data1\" content=\"Keila Rodr\u00edguez Pe\u00f1a\" \/>\n\t<meta name=\"twitter:label2\" content=\"Tiempo de lectura\" \/>\n\t<meta name=\"twitter:data2\" content=\"4 minutos\" \/>\r\n<script type=\"application\/ld+json\" class=\"yoast-schema-graph\">{\"@context\":\"https:\\\/\\\/schema.org\",\"@graph\":[{\"@type\":\"Article\",\"@id\":\"https:\\\/\\\/www.alasmedios.com\\\/index.php\\\/2025\\\/12\\\/30\\\/crece-200-la-demanda-de-interpretes-indigenas-en-eu\\\/#article\",\"isPartOf\":{\"@id\":\"https:\\\/\\\/www.alasmedios.com\\\/index.php\\\/2025\\\/12\\\/30\\\/crece-200-la-demanda-de-interpretes-indigenas-en-eu\\\/\"},\"author\":{\"name\":\"Keila Rodr\u00edguez Pe\u00f1a\",\"@id\":\"https:\\\/\\\/www.alasmedios.com\\\/#\\\/schema\\\/person\\\/0ba31bdd19a05ebf5c7fef1fedf99c34\"},\"headline\":\"Crece 200 % la demanda de int\u00e9rpretes ind\u00edgenas en EU\",\"datePublished\":\"2025-12-30T19:44:42+00:00\",\"dateModified\":\"2025-12-30T19:44:45+00:00\",\"mainEntityOfPage\":{\"@id\":\"https:\\\/\\\/www.alasmedios.com\\\/index.php\\\/2025\\\/12\\\/30\\\/crece-200-la-demanda-de-interpretes-indigenas-en-eu\\\/\"},\"wordCount\":809,\"commentCount\":0,\"publisher\":{\"@id\":\"https:\\\/\\\/www.alasmedios.com\\\/#organization\"},\"image\":{\"@id\":\"https:\\\/\\\/www.alasmedios.com\\\/index.php\\\/2025\\\/12\\\/30\\\/crece-200-la-demanda-de-interpretes-indigenas-en-eu\\\/#primaryimage\"},\"thumbnailUrl\":\"https:\\\/\\\/www.alasmedios.com\\\/wp-content\\\/uploads\\\/2025\\\/12\\\/Crece-200-la-demanda-de-interpretes-indigenas-en-EU.png\",\"keywords\":[\"EU\",\"ind\u00edgenas\",\"int\u00e9rpretes\",\"migrantes\",\"Oaxaca\"],\"articleSection\":[\"Inicio\"],\"inLanguage\":\"es\",\"potentialAction\":[{\"@type\":\"CommentAction\",\"name\":\"Comment\",\"target\":[\"https:\\\/\\\/www.alasmedios.com\\\/index.php\\\/2025\\\/12\\\/30\\\/crece-200-la-demanda-de-interpretes-indigenas-en-eu\\\/#respond\"]}]},{\"@type\":\"WebPage\",\"@id\":\"https:\\\/\\\/www.alasmedios.com\\\/index.php\\\/2025\\\/12\\\/30\\\/crece-200-la-demanda-de-interpretes-indigenas-en-eu\\\/\",\"url\":\"https:\\\/\\\/www.alasmedios.com\\\/index.php\\\/2025\\\/12\\\/30\\\/crece-200-la-demanda-de-interpretes-indigenas-en-eu\\\/\",\"name\":\"Crece 200 % la demanda de int\u00e9rpretes ind\u00edgenas en EU - Alas Medios\",\"isPartOf\":{\"@id\":\"https:\\\/\\\/www.alasmedios.com\\\/#website\"},\"primaryImageOfPage\":{\"@id\":\"https:\\\/\\\/www.alasmedios.com\\\/index.php\\\/2025\\\/12\\\/30\\\/crece-200-la-demanda-de-interpretes-indigenas-en-eu\\\/#primaryimage\"},\"image\":{\"@id\":\"https:\\\/\\\/www.alasmedios.com\\\/index.php\\\/2025\\\/12\\\/30\\\/crece-200-la-demanda-de-interpretes-indigenas-en-eu\\\/#primaryimage\"},\"thumbnailUrl\":\"https:\\\/\\\/www.alasmedios.com\\\/wp-content\\\/uploads\\\/2025\\\/12\\\/Crece-200-la-demanda-de-interpretes-indigenas-en-EU.png\",\"datePublished\":\"2025-12-30T19:44:42+00:00\",\"dateModified\":\"2025-12-30T19:44:45+00:00\",\"breadcrumb\":{\"@id\":\"https:\\\/\\\/www.alasmedios.com\\\/index.php\\\/2025\\\/12\\\/30\\\/crece-200-la-demanda-de-interpretes-indigenas-en-eu\\\/#breadcrumb\"},\"inLanguage\":\"es\",\"potentialAction\":[{\"@type\":\"ReadAction\",\"target\":[\"https:\\\/\\\/www.alasmedios.com\\\/index.php\\\/2025\\\/12\\\/30\\\/crece-200-la-demanda-de-interpretes-indigenas-en-eu\\\/\"]}]},{\"@type\":\"ImageObject\",\"inLanguage\":\"es\",\"@id\":\"https:\\\/\\\/www.alasmedios.com\\\/index.php\\\/2025\\\/12\\\/30\\\/crece-200-la-demanda-de-interpretes-indigenas-en-eu\\\/#primaryimage\",\"url\":\"https:\\\/\\\/www.alasmedios.com\\\/wp-content\\\/uploads\\\/2025\\\/12\\\/Crece-200-la-demanda-de-interpretes-indigenas-en-EU.png\",\"contentUrl\":\"https:\\\/\\\/www.alasmedios.com\\\/wp-content\\\/uploads\\\/2025\\\/12\\\/Crece-200-la-demanda-de-interpretes-indigenas-en-EU.png\",\"width\":2000,\"height\":1214},{\"@type\":\"BreadcrumbList\",\"@id\":\"https:\\\/\\\/www.alasmedios.com\\\/index.php\\\/2025\\\/12\\\/30\\\/crece-200-la-demanda-de-interpretes-indigenas-en-eu\\\/#breadcrumb\",\"itemListElement\":[{\"@type\":\"ListItem\",\"position\":1,\"name\":\"Inicio\",\"item\":\"https:\\\/\\\/www.alasmedios.com\\\/\"},{\"@type\":\"ListItem\",\"position\":2,\"name\":\"Crece 200 % la demanda de int\u00e9rpretes ind\u00edgenas en EU\"}]},{\"@type\":\"WebSite\",\"@id\":\"https:\\\/\\\/www.alasmedios.com\\\/#website\",\"url\":\"https:\\\/\\\/www.alasmedios.com\\\/\",\"name\":\"Alas Medios\",\"description\":\"Alas para pensar, Alas para volar, Alas de libertad\",\"publisher\":{\"@id\":\"https:\\\/\\\/www.alasmedios.com\\\/#organization\"},\"potentialAction\":[{\"@type\":\"SearchAction\",\"target\":{\"@type\":\"EntryPoint\",\"urlTemplate\":\"https:\\\/\\\/www.alasmedios.com\\\/?s={search_term_string}\"},\"query-input\":{\"@type\":\"PropertyValueSpecification\",\"valueRequired\":true,\"valueName\":\"search_term_string\"}}],\"inLanguage\":\"es\"},{\"@type\":\"Organization\",\"@id\":\"https:\\\/\\\/www.alasmedios.com\\\/#organization\",\"name\":\"Alas Medios\",\"url\":\"https:\\\/\\\/www.alasmedios.com\\\/\",\"logo\":{\"@type\":\"ImageObject\",\"inLanguage\":\"es\",\"@id\":\"https:\\\/\\\/www.alasmedios.com\\\/#\\\/schema\\\/logo\\\/image\\\/\",\"url\":\"https:\\\/\\\/www.alasmedios.com\\\/wp-content\\\/uploads\\\/2026\\\/01\\\/cropped-cropped-GAM-1.png\",\"contentUrl\":\"https:\\\/\\\/www.alasmedios.com\\\/wp-content\\\/uploads\\\/2026\\\/01\\\/cropped-cropped-GAM-1.png\",\"width\":467,\"height\":235,\"caption\":\"Alas Medios\"},\"image\":{\"@id\":\"https:\\\/\\\/www.alasmedios.com\\\/#\\\/schema\\\/logo\\\/image\\\/\"}},{\"@type\":\"Person\",\"@id\":\"https:\\\/\\\/www.alasmedios.com\\\/#\\\/schema\\\/person\\\/0ba31bdd19a05ebf5c7fef1fedf99c34\",\"name\":\"Keila Rodr\u00edguez Pe\u00f1a\",\"image\":{\"@type\":\"ImageObject\",\"inLanguage\":\"es\",\"@id\":\"https:\\\/\\\/secure.gravatar.com\\\/avatar\\\/a2553a2bfaa601b9d539b617c8793e151bdffb60f9e48a249912f86d4c9ebeef?s=96&d=mm&r=g\",\"url\":\"https:\\\/\\\/secure.gravatar.com\\\/avatar\\\/a2553a2bfaa601b9d539b617c8793e151bdffb60f9e48a249912f86d4c9ebeef?s=96&d=mm&r=g\",\"contentUrl\":\"https:\\\/\\\/secure.gravatar.com\\\/avatar\\\/a2553a2bfaa601b9d539b617c8793e151bdffb60f9e48a249912f86d4c9ebeef?s=96&d=mm&r=g\",\"caption\":\"Keila Rodr\u00edguez Pe\u00f1a\"},\"sameAs\":[\"http:\\\/\\\/www.alasmedios.com\"],\"url\":\"https:\\\/\\\/www.alasmedios.com\\\/index.php\\\/author\\\/keila\\\/\"}]}<\/script>\r\n<!-- \/ Yoast SEO plugin. -->","yoast_head_json":{"title":"Crece 200 % la demanda de int\u00e9rpretes ind\u00edgenas en EU - Alas Medios","robots":{"index":"index","follow":"follow","max-snippet":"max-snippet:-1","max-image-preview":"max-image-preview:large","max-video-preview":"max-video-preview:-1"},"canonical":"https:\/\/www.alasmedios.com\/index.php\/2025\/12\/30\/crece-200-la-demanda-de-interpretes-indigenas-en-eu\/","og_locale":"es_MX","og_type":"article","og_title":"Crece 200 % la demanda de int\u00e9rpretes ind\u00edgenas en EU - Alas Medios","og_description":"La demanda de servicios de interpretaci\u00f3n para migrantes ind\u00edgenas oaxaque\u00f1os en Estados Unidos creci\u00f3 casi 200 por ciento en los","og_url":"https:\/\/www.alasmedios.com\/index.php\/2025\/12\/30\/crece-200-la-demanda-de-interpretes-indigenas-en-eu\/","og_site_name":"Alas Medios","article_published_time":"2025-12-30T19:44:42+00:00","article_modified_time":"2025-12-30T19:44:45+00:00","og_image":[{"width":2000,"height":1214,"url":"https:\/\/www.alasmedios.com\/wp-content\/uploads\/2025\/12\/Crece-200-la-demanda-de-interpretes-indigenas-en-EU.png","type":"image\/png"}],"author":"Keila Rodr\u00edguez Pe\u00f1a","twitter_card":"summary_large_image","twitter_misc":{"Escrito por":"Keila Rodr\u00edguez Pe\u00f1a","Tiempo de lectura":"4 minutos"},"schema":{"@context":"https:\/\/schema.org","@graph":[{"@type":"Article","@id":"https:\/\/www.alasmedios.com\/index.php\/2025\/12\/30\/crece-200-la-demanda-de-interpretes-indigenas-en-eu\/#article","isPartOf":{"@id":"https:\/\/www.alasmedios.com\/index.php\/2025\/12\/30\/crece-200-la-demanda-de-interpretes-indigenas-en-eu\/"},"author":{"name":"Keila Rodr\u00edguez Pe\u00f1a","@id":"https:\/\/www.alasmedios.com\/#\/schema\/person\/0ba31bdd19a05ebf5c7fef1fedf99c34"},"headline":"Crece 200 % la demanda de int\u00e9rpretes ind\u00edgenas en EU","datePublished":"2025-12-30T19:44:42+00:00","dateModified":"2025-12-30T19:44:45+00:00","mainEntityOfPage":{"@id":"https:\/\/www.alasmedios.com\/index.php\/2025\/12\/30\/crece-200-la-demanda-de-interpretes-indigenas-en-eu\/"},"wordCount":809,"commentCount":0,"publisher":{"@id":"https:\/\/www.alasmedios.com\/#organization"},"image":{"@id":"https:\/\/www.alasmedios.com\/index.php\/2025\/12\/30\/crece-200-la-demanda-de-interpretes-indigenas-en-eu\/#primaryimage"},"thumbnailUrl":"https:\/\/www.alasmedios.com\/wp-content\/uploads\/2025\/12\/Crece-200-la-demanda-de-interpretes-indigenas-en-EU.png","keywords":["EU","ind\u00edgenas","int\u00e9rpretes","migrantes","Oaxaca"],"articleSection":["Inicio"],"inLanguage":"es","potentialAction":[{"@type":"CommentAction","name":"Comment","target":["https:\/\/www.alasmedios.com\/index.php\/2025\/12\/30\/crece-200-la-demanda-de-interpretes-indigenas-en-eu\/#respond"]}]},{"@type":"WebPage","@id":"https:\/\/www.alasmedios.com\/index.php\/2025\/12\/30\/crece-200-la-demanda-de-interpretes-indigenas-en-eu\/","url":"https:\/\/www.alasmedios.com\/index.php\/2025\/12\/30\/crece-200-la-demanda-de-interpretes-indigenas-en-eu\/","name":"Crece 200 % la demanda de int\u00e9rpretes ind\u00edgenas en EU - Alas Medios","isPartOf":{"@id":"https:\/\/www.alasmedios.com\/#website"},"primaryImageOfPage":{"@id":"https:\/\/www.alasmedios.com\/index.php\/2025\/12\/30\/crece-200-la-demanda-de-interpretes-indigenas-en-eu\/#primaryimage"},"image":{"@id":"https:\/\/www.alasmedios.com\/index.php\/2025\/12\/30\/crece-200-la-demanda-de-interpretes-indigenas-en-eu\/#primaryimage"},"thumbnailUrl":"https:\/\/www.alasmedios.com\/wp-content\/uploads\/2025\/12\/Crece-200-la-demanda-de-interpretes-indigenas-en-EU.png","datePublished":"2025-12-30T19:44:42+00:00","dateModified":"2025-12-30T19:44:45+00:00","breadcrumb":{"@id":"https:\/\/www.alasmedios.com\/index.php\/2025\/12\/30\/crece-200-la-demanda-de-interpretes-indigenas-en-eu\/#breadcrumb"},"inLanguage":"es","potentialAction":[{"@type":"ReadAction","target":["https:\/\/www.alasmedios.com\/index.php\/2025\/12\/30\/crece-200-la-demanda-de-interpretes-indigenas-en-eu\/"]}]},{"@type":"ImageObject","inLanguage":"es","@id":"https:\/\/www.alasmedios.com\/index.php\/2025\/12\/30\/crece-200-la-demanda-de-interpretes-indigenas-en-eu\/#primaryimage","url":"https:\/\/www.alasmedios.com\/wp-content\/uploads\/2025\/12\/Crece-200-la-demanda-de-interpretes-indigenas-en-EU.png","contentUrl":"https:\/\/www.alasmedios.com\/wp-content\/uploads\/2025\/12\/Crece-200-la-demanda-de-interpretes-indigenas-en-EU.png","width":2000,"height":1214},{"@type":"BreadcrumbList","@id":"https:\/\/www.alasmedios.com\/index.php\/2025\/12\/30\/crece-200-la-demanda-de-interpretes-indigenas-en-eu\/#breadcrumb","itemListElement":[{"@type":"ListItem","position":1,"name":"Inicio","item":"https:\/\/www.alasmedios.com\/"},{"@type":"ListItem","position":2,"name":"Crece 200 % la demanda de int\u00e9rpretes ind\u00edgenas en EU"}]},{"@type":"WebSite","@id":"https:\/\/www.alasmedios.com\/#website","url":"https:\/\/www.alasmedios.com\/","name":"Alas Medios","description":"Alas para pensar, Alas para volar, Alas de libertad","publisher":{"@id":"https:\/\/www.alasmedios.com\/#organization"},"potentialAction":[{"@type":"SearchAction","target":{"@type":"EntryPoint","urlTemplate":"https:\/\/www.alasmedios.com\/?s={search_term_string}"},"query-input":{"@type":"PropertyValueSpecification","valueRequired":true,"valueName":"search_term_string"}}],"inLanguage":"es"},{"@type":"Organization","@id":"https:\/\/www.alasmedios.com\/#organization","name":"Alas Medios","url":"https:\/\/www.alasmedios.com\/","logo":{"@type":"ImageObject","inLanguage":"es","@id":"https:\/\/www.alasmedios.com\/#\/schema\/logo\/image\/","url":"https:\/\/www.alasmedios.com\/wp-content\/uploads\/2026\/01\/cropped-cropped-GAM-1.png","contentUrl":"https:\/\/www.alasmedios.com\/wp-content\/uploads\/2026\/01\/cropped-cropped-GAM-1.png","width":467,"height":235,"caption":"Alas Medios"},"image":{"@id":"https:\/\/www.alasmedios.com\/#\/schema\/logo\/image\/"}},{"@type":"Person","@id":"https:\/\/www.alasmedios.com\/#\/schema\/person\/0ba31bdd19a05ebf5c7fef1fedf99c34","name":"Keila Rodr\u00edguez Pe\u00f1a","image":{"@type":"ImageObject","inLanguage":"es","@id":"https:\/\/secure.gravatar.com\/avatar\/a2553a2bfaa601b9d539b617c8793e151bdffb60f9e48a249912f86d4c9ebeef?s=96&d=mm&r=g","url":"https:\/\/secure.gravatar.com\/avatar\/a2553a2bfaa601b9d539b617c8793e151bdffb60f9e48a249912f86d4c9ebeef?s=96&d=mm&r=g","contentUrl":"https:\/\/secure.gravatar.com\/avatar\/a2553a2bfaa601b9d539b617c8793e151bdffb60f9e48a249912f86d4c9ebeef?s=96&d=mm&r=g","caption":"Keila Rodr\u00edguez Pe\u00f1a"},"sameAs":["http:\/\/www.alasmedios.com"],"url":"https:\/\/www.alasmedios.com\/index.php\/author\/keila\/"}]}},"_links":{"self":[{"href":"https:\/\/www.alasmedios.com\/index.php\/wp-json\/wp\/v2\/posts\/7285","targetHints":{"allow":["GET"]}}],"collection":[{"href":"https:\/\/www.alasmedios.com\/index.php\/wp-json\/wp\/v2\/posts"}],"about":[{"href":"https:\/\/www.alasmedios.com\/index.php\/wp-json\/wp\/v2\/types\/post"}],"author":[{"embeddable":true,"href":"https:\/\/www.alasmedios.com\/index.php\/wp-json\/wp\/v2\/users\/4"}],"replies":[{"embeddable":true,"href":"https:\/\/www.alasmedios.com\/index.php\/wp-json\/wp\/v2\/comments?post=7285"}],"version-history":[{"count":1,"href":"https:\/\/www.alasmedios.com\/index.php\/wp-json\/wp\/v2\/posts\/7285\/revisions"}],"predecessor-version":[{"id":7287,"href":"https:\/\/www.alasmedios.com\/index.php\/wp-json\/wp\/v2\/posts\/7285\/revisions\/7287"}],"wp:featuredmedia":[{"embeddable":true,"href":"https:\/\/www.alasmedios.com\/index.php\/wp-json\/wp\/v2\/media\/7286"}],"wp:attachment":[{"href":"https:\/\/www.alasmedios.com\/index.php\/wp-json\/wp\/v2\/media?parent=7285"}],"wp:term":[{"taxonomy":"category","embeddable":true,"href":"https:\/\/www.alasmedios.com\/index.php\/wp-json\/wp\/v2\/categories?post=7285"},{"taxonomy":"post_tag","embeddable":true,"href":"https:\/\/www.alasmedios.com\/index.php\/wp-json\/wp\/v2\/tags?post=7285"}],"curies":[{"name":"wp","href":"https:\/\/api.w.org\/{rel}","templated":true}]}}