{"id":7282,"date":"2025-12-30T13:00:04","date_gmt":"2025-12-30T19:00:04","guid":{"rendered":"https:\/\/www.alasmedios.com\/?p=7282"},"modified":"2025-12-30T13:00:06","modified_gmt":"2025-12-30T19:00:06","slug":"vasectomia-en-aumento-jovenes-y-planificacion-familiar-redefinen-la-paternidad-en-mexico","status":"publish","type":"post","link":"https:\/\/www.alasmedios.com\/index.php\/2025\/12\/30\/vasectomia-en-aumento-jovenes-y-planificacion-familiar-redefinen-la-paternidad-en-mexico\/","title":{"rendered":"Vasectom\u00eda en aumento: j\u00f3venes y planificaci\u00f3n familiar redefinen la paternidad en M\u00e9xico"},"content":{"rendered":"\n<p>La <strong>vasectom\u00eda<\/strong> se consolida como una opci\u00f3n de <strong>planificaci\u00f3n familiar<\/strong> cada vez m\u00e1s presente en M\u00e9xico, marcando cambios demogr\u00e1ficos, econ\u00f3micos y culturales. De acuerdo con datos oficiales, la <strong>Secretar\u00eda de Salud<\/strong> realiza en promedio <strong>entre 10 mil y 15 mil procedimientos anuales<\/strong> a nivel nacional, mientras que el <strong>Instituto Mexicano del Seguro Social (IMSS)<\/strong> report\u00f3 un <strong>incremento de 66.5 por ciento<\/strong> entre <strong>2018 y 2022<\/strong>, al pasar de <strong>28 mil 478 a 47 mil 455 intervenciones<\/strong>.<\/p>\n\n\n\n<p>El <strong>Centro Nacional de Equidad de G\u00e9nero y Salud Reproductiva (Cnegsr)<\/strong> se\u00f1ala que la demanda contin\u00faa al alza, pese a la persistencia de <strong>estigmas y mitos<\/strong>, como supuestas afectaciones al <strong>rendimiento sexual<\/strong>, deformaciones del <strong>aparato reproductor<\/strong> o cambios en la <strong>eyaculaci\u00f3n<\/strong>, los cuales no cuentan con sustento m\u00e9dico.<\/p>\n\n\n\n<p>En paralelo, la <strong>Encuesta Nacional de la Din\u00e1mica Demogr\u00e1fica (Enadid) 2023<\/strong>, del <strong>Instituto Nacional de Estad\u00edstica y Geograf\u00eda (Inegi)<\/strong>, revel\u00f3 que <strong>3.7 por ciento de las 18.6 millones de mujeres en edad f\u00e9rtil sexualmente activas<\/strong> prefieren que sus parejas opten por la vasectom\u00eda como m\u00e9todo para <strong>evitar embarazos no deseados<\/strong>, lo que refleja una mayor corresponsabilidad en la anticoncepci\u00f3n.<\/p>\n\n\n\n<p>CONTIN\u00daA LEYENDO: <a href=\"https:\/\/www.alasmedios.com\/index.php\/2025\/12\/18\/higiene-menstrual-que-debes-considerar-cuando-compras-productos-para-otra-persona\/\" data-type=\"post\" data-id=\"7198\">Higiene menstrual: qu\u00e9 debes considerar cuando compras productos para otra persona<\/a><\/p>\n\n\n\n<p>Desde el punto de vista m\u00e9dico, se trata de un <strong>procedimiento ambulatorio<\/strong>, que consiste en una <strong>peque\u00f1a punci\u00f3n en la bolsa escrotal<\/strong>, con <strong>anestesia local<\/strong>, para <strong>ligar y cortar los conductos deferentes<\/strong>. Los espermatozoides contin\u00faan produci\u00e9ndose, pero son <strong>absorbidos por el organismo<\/strong>, y el <strong>tiempo de recuperaci\u00f3n<\/strong> suele ser de <strong>unas cuantas semanas<\/strong>.<\/p>\n\n\n\n<p>Este aumento tambi\u00e9n se vincula con una transformaci\u00f3n m\u00e1s amplia en las decisiones reproductivas. El <strong>Fondo de Poblaci\u00f3n de las Naciones Unidas (Unfpa)<\/strong> identifica entre los principales factores la <strong>inseguridad econ\u00f3mica<\/strong>, el <strong>alto costo de vida<\/strong>, la <strong>falta de empleo estable<\/strong> y la decisi\u00f3n de <strong>posponer o rechazar la paternidad<\/strong>. <\/p>\n\n\n\n<p>En la misma l\u00ednea, la <strong>Universidad Nacional Aut\u00f3noma de M\u00e9xico (UNAM)<\/strong> destaca razones como la <strong>percepci\u00f3n de no contar con condiciones para ofrecer una vida digna<\/strong>, as\u00ed como la prioridad de <strong>metas personales, educativas y profesionales<\/strong> antes de tener hijos.<\/p>\n\n\n\n<p>El fen\u00f3meno se refleja en las cifras nacionales: seg\u00fan el <strong>Inegi<\/strong>, en <strong>2024<\/strong> los <strong>nacimientos en M\u00e9xico disminuyeron 8.6 por ciento<\/strong> respecto al a\u00f1o anterior, con <strong>un mill\u00f3n 672 mil 227 alumbramientos<\/strong>, la <strong>cifra m\u00e1s baja desde 2020<\/strong>. Un dato que confirma que la paternidad, para muchos, dej\u00f3 de ser un mandato autom\u00e1tico y se ha convertido en una <strong>decisi\u00f3n cada vez m\u00e1s consciente y planificada<\/strong>.<\/p>\n\n\n<ul class=\"wp-block-latest-posts__list is-grid columns-3 wp-block-latest-posts\"><li><div class=\"wp-block-latest-posts__featured-image\"><img loading=\"lazy\" decoding=\"async\" width=\"150\" height=\"150\" src=\"https:\/\/www.alasmedios.com\/wp-content\/uploads\/2026\/05\/USEP-calidad-hospitalaria-150x150.jpeg\" class=\"attachment-thumbnail size-thumbnail wp-post-image\" alt=\"\" style=\"\" \/><\/div><a class=\"wp-block-latest-posts__post-title\" href=\"https:\/\/www.alasmedios.com\/index.php\/2026\/05\/01\/usep-activa-formacion-para-prevenir-riesgos-en-la-atencion-medica\/\">USEP activa formaci\u00f3n para prevenir riesgos en la atenci\u00f3n m\u00e9dica<\/a><\/li>\n<li><div class=\"wp-block-latest-posts__featured-image\"><img loading=\"lazy\" decoding=\"async\" width=\"150\" height=\"150\" src=\"https:\/\/www.alasmedios.com\/wp-content\/uploads\/2026\/05\/Super-Final-de-la-Copa-del-Mundo-de-Clavados-2026-150x150.jpeg\" class=\"attachment-thumbnail size-thumbnail wp-post-image\" alt=\"\" style=\"\" \/><\/div><a class=\"wp-block-latest-posts__post-title\" href=\"https:\/\/www.alasmedios.com\/index.php\/2026\/05\/01\/mexico-se-lanza-por-la-cima-once-clavadistas-buscan-la-gloria-mundial-en-pekin-2026\/\">M\u00e9xico se lanza por la cima: once clavadistas buscan la gloria mundial en Pek\u00edn 2026<\/a><\/li>\n<li><div class=\"wp-block-latest-posts__featured-image\"><img loading=\"lazy\" decoding=\"async\" width=\"150\" height=\"150\" src=\"https:\/\/www.alasmedios.com\/wp-content\/uploads\/2026\/04\/Puebla-el-Congreso-aprobo-el-Protocolo-Homologado-de-Investigacion-de-Delitos-contra-Personas-LGBTTTI-150x150.png\" class=\"attachment-thumbnail size-thumbnail wp-post-image\" alt=\"\" style=\"\" \/><\/div><a class=\"wp-block-latest-posts__post-title\" href=\"https:\/\/www.alasmedios.com\/index.php\/2026\/04\/30\/puebla-impulsa-protocolo-contra-delitos-lgbttti\/\">Puebla impulsa protocolo contra delitos LGBTTTI+<\/a><\/li>\n<\/ul>","protected":false},"excerpt":{"rendered":"<p>La vasectom\u00eda se consolida como una opci\u00f3n de planificaci\u00f3n familiar cada vez m\u00e1s presente en M\u00e9xico, marcando cambios demogr\u00e1ficos, econ\u00f3micos<\/p>\n","protected":false},"author":4,"featured_media":7283,"comment_status":"open","ping_status":"open","sticky":false,"template":"","format":"standard","meta":{"colormag_page_container_layout":"default_layout","colormag_page_sidebar_layout":"default_layout","rop_custom_images_group":[],"rop_custom_messages_group":[],"rop_publish_now":"initial","rop_publish_now_accounts":[],"rop_publish_now_history":[],"rop_publish_now_status":"pending","iawp_total_views":0,"footnotes":""},"categories":[44],"tags":[1728,827,459,136,562,206],"class_list":["post-7282","post","type-post","status-publish","format-standard","has-post-thumbnail","hentry","category-sexualidad","tag-imss","tag-inegi","tag-planificacion-familiar","tag-salud","tag-salud-reproductiva","tag-vasectomia"],"magazineBlocksPostFeaturedMedia":{"thumbnail":"https:\/\/www.alasmedios.com\/wp-content\/uploads\/2025\/12\/Vasectomia-en-aumento-jovenes-y-planificacion-familiar-redefinen-la-paternidad-en-Mexico-150x150.png","medium":"https:\/\/www.alasmedios.com\/wp-content\/uploads\/2025\/12\/Vasectomia-en-aumento-jovenes-y-planificacion-familiar-redefinen-la-paternidad-en-Mexico-300x182.png","medium_large":"https:\/\/www.alasmedios.com\/wp-content\/uploads\/2025\/12\/Vasectomia-en-aumento-jovenes-y-planificacion-familiar-redefinen-la-paternidad-en-Mexico-768x466.png","large":"https:\/\/www.alasmedios.com\/wp-content\/uploads\/2025\/12\/Vasectomia-en-aumento-jovenes-y-planificacion-familiar-redefinen-la-paternidad-en-Mexico-1024x622.png","1536x1536":"https:\/\/www.alasmedios.com\/wp-content\/uploads\/2025\/12\/Vasectomia-en-aumento-jovenes-y-planificacion-familiar-redefinen-la-paternidad-en-Mexico-1536x932.png","2048x2048":"https:\/\/www.alasmedios.com\/wp-content\/uploads\/2025\/12\/Vasectomia-en-aumento-jovenes-y-planificacion-familiar-redefinen-la-paternidad-en-Mexico.png","colormag-highlighted-post":"https:\/\/www.alasmedios.com\/wp-content\/uploads\/2025\/12\/Vasectomia-en-aumento-jovenes-y-planificacion-familiar-redefinen-la-paternidad-en-Mexico-392x272.png","colormag-featured-post-medium":"https:\/\/www.alasmedios.com\/wp-content\/uploads\/2025\/12\/Vasectomia-en-aumento-jovenes-y-planificacion-familiar-redefinen-la-paternidad-en-Mexico-390x205.png","colormag-featured-post-small":"https:\/\/www.alasmedios.com\/wp-content\/uploads\/2025\/12\/Vasectomia-en-aumento-jovenes-y-planificacion-familiar-redefinen-la-paternidad-en-Mexico-130x90.png","colormag-featured-image":"https:\/\/www.alasmedios.com\/wp-content\/uploads\/2025\/12\/Vasectomia-en-aumento-jovenes-y-planificacion-familiar-redefinen-la-paternidad-en-Mexico-800x445.png","colormag-default-news":"https:\/\/www.alasmedios.com\/wp-content\/uploads\/2025\/12\/Vasectomia-en-aumento-jovenes-y-planificacion-familiar-redefinen-la-paternidad-en-Mexico-150x150.png","colormag-featured-image-large":"https:\/\/www.alasmedios.com\/wp-content\/uploads\/2025\/12\/Vasectomia-en-aumento-jovenes-y-planificacion-familiar-redefinen-la-paternidad-en-Mexico-1400x600.png"},"magazineBlocksPostAuthor":{"name":"Keila Rodr\u00edguez Pe\u00f1a","avatar":"https:\/\/secure.gravatar.com\/avatar\/a2553a2bfaa601b9d539b617c8793e151bdffb60f9e48a249912f86d4c9ebeef?s=96&d=mm&r=g"},"magazineBlocksPostCommentsNumber":"0","magazineBlocksPostExcerpt":"La vasectom\u00eda se consolida como una opci\u00f3n de planificaci\u00f3n familiar cada vez m\u00e1s presente en M\u00e9xico, marcando cambios demogr\u00e1ficos, econ\u00f3micos","magazineBlocksPostCategories":["Salud y Sexualidad"],"magazineBlocksPostViewCount":132,"magazineBlocksPostReadTime":3,"magazine_blocks_featured_image_url":{"full":["https:\/\/www.alasmedios.com\/wp-content\/uploads\/2025\/12\/Vasectomia-en-aumento-jovenes-y-planificacion-familiar-redefinen-la-paternidad-en-Mexico.png",2000,1214,false],"medium":["https:\/\/www.alasmedios.com\/wp-content\/uploads\/2025\/12\/Vasectomia-en-aumento-jovenes-y-planificacion-familiar-redefinen-la-paternidad-en-Mexico-300x182.png",300,182,true],"thumbnail":["https:\/\/www.alasmedios.com\/wp-content\/uploads\/2025\/12\/Vasectomia-en-aumento-jovenes-y-planificacion-familiar-redefinen-la-paternidad-en-Mexico-150x150.png",150,150,true]},"magazine_blocks_author":{"display_name":"Keila Rodr\u00edguez Pe\u00f1a","author_link":"https:\/\/www.alasmedios.com\/index.php\/author\/keila\/"},"magazine_blocks_comment":0,"magazine_blocks_author_image":"https:\/\/secure.gravatar.com\/avatar\/a2553a2bfaa601b9d539b617c8793e151bdffb60f9e48a249912f86d4c9ebeef?s=96&d=mm&r=g","magazine_blocks_category":"<a href=\"#\" class=\"category-link category-link-44\">Salud y Sexualidad<\/a>","yoast_head":"<!-- This site is optimized with the Yoast SEO plugin v27.5 - https:\/\/yoast.com\/product\/yoast-seo-wordpress\/ -->\r\n<title>Vasectom\u00eda en aumento: j\u00f3venes y planificaci\u00f3n familiar redefinen la paternidad en M\u00e9xico - Alas Medios<\/title>\r\n<meta name=\"robots\" content=\"index, follow, max-snippet:-1, max-image-preview:large, max-video-preview:-1\" \/>\r\n<link rel=\"canonical\" href=\"https:\/\/www.alasmedios.com\/index.php\/2025\/12\/30\/vasectomia-en-aumento-jovenes-y-planificacion-familiar-redefinen-la-paternidad-en-mexico\/\" \/>\r\n<meta property=\"og:locale\" content=\"es_MX\" \/>\r\n<meta property=\"og:type\" content=\"article\" \/>\r\n<meta property=\"og:title\" content=\"Vasectom\u00eda en aumento: j\u00f3venes y planificaci\u00f3n familiar redefinen la paternidad en M\u00e9xico - Alas Medios\" \/>\r\n<meta property=\"og:description\" content=\"La vasectom\u00eda se consolida como una opci\u00f3n de planificaci\u00f3n familiar cada vez m\u00e1s presente en M\u00e9xico, marcando cambios demogr\u00e1ficos, econ\u00f3micos\" \/>\r\n<meta property=\"og:url\" content=\"https:\/\/www.alasmedios.com\/index.php\/2025\/12\/30\/vasectomia-en-aumento-jovenes-y-planificacion-familiar-redefinen-la-paternidad-en-mexico\/\" \/>\r\n<meta property=\"og:site_name\" content=\"Alas Medios\" \/>\r\n<meta property=\"article:published_time\" content=\"2025-12-30T19:00:04+00:00\" \/>\r\n<meta property=\"article:modified_time\" content=\"2025-12-30T19:00:06+00:00\" \/>\r\n<meta property=\"og:image\" content=\"https:\/\/www.alasmedios.com\/wp-content\/uploads\/2025\/12\/Vasectomia-en-aumento-jovenes-y-planificacion-familiar-redefinen-la-paternidad-en-Mexico-1024x622.png\" \/>\r\n\t<meta property=\"og:image:width\" content=\"1024\" \/>\r\n\t<meta property=\"og:image:height\" content=\"622\" \/>\r\n\t<meta property=\"og:image:type\" content=\"image\/png\" \/>\r\n<meta name=\"author\" content=\"Keila Rodr\u00edguez Pe\u00f1a\" \/>\r\n<meta name=\"twitter:card\" content=\"summary_large_image\" \/>\r\n<meta name=\"twitter:label1\" content=\"Escrito por\" \/>\n\t<meta name=\"twitter:data1\" content=\"Keila Rodr\u00edguez Pe\u00f1a\" \/>\n\t<meta name=\"twitter:label2\" content=\"Tiempo de lectura\" \/>\n\t<meta name=\"twitter:data2\" content=\"2 minutos\" \/>\r\n<script type=\"application\/ld+json\" class=\"yoast-schema-graph\">{\"@context\":\"https:\\\/\\\/schema.org\",\"@graph\":[{\"@type\":\"Article\",\"@id\":\"https:\\\/\\\/www.alasmedios.com\\\/index.php\\\/2025\\\/12\\\/30\\\/vasectomia-en-aumento-jovenes-y-planificacion-familiar-redefinen-la-paternidad-en-mexico\\\/#article\",\"isPartOf\":{\"@id\":\"https:\\\/\\\/www.alasmedios.com\\\/index.php\\\/2025\\\/12\\\/30\\\/vasectomia-en-aumento-jovenes-y-planificacion-familiar-redefinen-la-paternidad-en-mexico\\\/\"},\"author\":{\"name\":\"Keila Rodr\u00edguez Pe\u00f1a\",\"@id\":\"https:\\\/\\\/www.alasmedios.com\\\/#\\\/schema\\\/person\\\/0ba31bdd19a05ebf5c7fef1fedf99c34\"},\"headline\":\"Vasectom\u00eda en aumento: j\u00f3venes y planificaci\u00f3n familiar redefinen la paternidad en M\u00e9xico\",\"datePublished\":\"2025-12-30T19:00:04+00:00\",\"dateModified\":\"2025-12-30T19:00:06+00:00\",\"mainEntityOfPage\":{\"@id\":\"https:\\\/\\\/www.alasmedios.com\\\/index.php\\\/2025\\\/12\\\/30\\\/vasectomia-en-aumento-jovenes-y-planificacion-familiar-redefinen-la-paternidad-en-mexico\\\/\"},\"wordCount\":451,\"commentCount\":0,\"publisher\":{\"@id\":\"https:\\\/\\\/www.alasmedios.com\\\/#organization\"},\"image\":{\"@id\":\"https:\\\/\\\/www.alasmedios.com\\\/index.php\\\/2025\\\/12\\\/30\\\/vasectomia-en-aumento-jovenes-y-planificacion-familiar-redefinen-la-paternidad-en-mexico\\\/#primaryimage\"},\"thumbnailUrl\":\"https:\\\/\\\/www.alasmedios.com\\\/wp-content\\\/uploads\\\/2025\\\/12\\\/Vasectomia-en-aumento-jovenes-y-planificacion-familiar-redefinen-la-paternidad-en-Mexico.png\",\"keywords\":[\"IMSS\",\"INEGI\",\"planificaci\u00f3n familiar\",\"Salud\",\"salud reproductiva\",\"vasectom\u00eda\"],\"articleSection\":[\"Salud y Sexualidad\"],\"inLanguage\":\"es\",\"potentialAction\":[{\"@type\":\"CommentAction\",\"name\":\"Comment\",\"target\":[\"https:\\\/\\\/www.alasmedios.com\\\/index.php\\\/2025\\\/12\\\/30\\\/vasectomia-en-aumento-jovenes-y-planificacion-familiar-redefinen-la-paternidad-en-mexico\\\/#respond\"]}]},{\"@type\":\"WebPage\",\"@id\":\"https:\\\/\\\/www.alasmedios.com\\\/index.php\\\/2025\\\/12\\\/30\\\/vasectomia-en-aumento-jovenes-y-planificacion-familiar-redefinen-la-paternidad-en-mexico\\\/\",\"url\":\"https:\\\/\\\/www.alasmedios.com\\\/index.php\\\/2025\\\/12\\\/30\\\/vasectomia-en-aumento-jovenes-y-planificacion-familiar-redefinen-la-paternidad-en-mexico\\\/\",\"name\":\"Vasectom\u00eda en aumento: j\u00f3venes y planificaci\u00f3n familiar redefinen la paternidad en M\u00e9xico - Alas Medios\",\"isPartOf\":{\"@id\":\"https:\\\/\\\/www.alasmedios.com\\\/#website\"},\"primaryImageOfPage\":{\"@id\":\"https:\\\/\\\/www.alasmedios.com\\\/index.php\\\/2025\\\/12\\\/30\\\/vasectomia-en-aumento-jovenes-y-planificacion-familiar-redefinen-la-paternidad-en-mexico\\\/#primaryimage\"},\"image\":{\"@id\":\"https:\\\/\\\/www.alasmedios.com\\\/index.php\\\/2025\\\/12\\\/30\\\/vasectomia-en-aumento-jovenes-y-planificacion-familiar-redefinen-la-paternidad-en-mexico\\\/#primaryimage\"},\"thumbnailUrl\":\"https:\\\/\\\/www.alasmedios.com\\\/wp-content\\\/uploads\\\/2025\\\/12\\\/Vasectomia-en-aumento-jovenes-y-planificacion-familiar-redefinen-la-paternidad-en-Mexico.png\",\"datePublished\":\"2025-12-30T19:00:04+00:00\",\"dateModified\":\"2025-12-30T19:00:06+00:00\",\"breadcrumb\":{\"@id\":\"https:\\\/\\\/www.alasmedios.com\\\/index.php\\\/2025\\\/12\\\/30\\\/vasectomia-en-aumento-jovenes-y-planificacion-familiar-redefinen-la-paternidad-en-mexico\\\/#breadcrumb\"},\"inLanguage\":\"es\",\"potentialAction\":[{\"@type\":\"ReadAction\",\"target\":[\"https:\\\/\\\/www.alasmedios.com\\\/index.php\\\/2025\\\/12\\\/30\\\/vasectomia-en-aumento-jovenes-y-planificacion-familiar-redefinen-la-paternidad-en-mexico\\\/\"]}]},{\"@type\":\"ImageObject\",\"inLanguage\":\"es\",\"@id\":\"https:\\\/\\\/www.alasmedios.com\\\/index.php\\\/2025\\\/12\\\/30\\\/vasectomia-en-aumento-jovenes-y-planificacion-familiar-redefinen-la-paternidad-en-mexico\\\/#primaryimage\",\"url\":\"https:\\\/\\\/www.alasmedios.com\\\/wp-content\\\/uploads\\\/2025\\\/12\\\/Vasectomia-en-aumento-jovenes-y-planificacion-familiar-redefinen-la-paternidad-en-Mexico.png\",\"contentUrl\":\"https:\\\/\\\/www.alasmedios.com\\\/wp-content\\\/uploads\\\/2025\\\/12\\\/Vasectomia-en-aumento-jovenes-y-planificacion-familiar-redefinen-la-paternidad-en-Mexico.png\",\"width\":2000,\"height\":1214},{\"@type\":\"BreadcrumbList\",\"@id\":\"https:\\\/\\\/www.alasmedios.com\\\/index.php\\\/2025\\\/12\\\/30\\\/vasectomia-en-aumento-jovenes-y-planificacion-familiar-redefinen-la-paternidad-en-mexico\\\/#breadcrumb\",\"itemListElement\":[{\"@type\":\"ListItem\",\"position\":1,\"name\":\"Inicio\",\"item\":\"https:\\\/\\\/www.alasmedios.com\\\/\"},{\"@type\":\"ListItem\",\"position\":2,\"name\":\"Vasectom\u00eda en aumento: j\u00f3venes y planificaci\u00f3n familiar redefinen la paternidad en M\u00e9xico\"}]},{\"@type\":\"WebSite\",\"@id\":\"https:\\\/\\\/www.alasmedios.com\\\/#website\",\"url\":\"https:\\\/\\\/www.alasmedios.com\\\/\",\"name\":\"Alas Medios\",\"description\":\"Alas para pensar, Alas para volar, Alas de libertad\",\"publisher\":{\"@id\":\"https:\\\/\\\/www.alasmedios.com\\\/#organization\"},\"potentialAction\":[{\"@type\":\"SearchAction\",\"target\":{\"@type\":\"EntryPoint\",\"urlTemplate\":\"https:\\\/\\\/www.alasmedios.com\\\/?s={search_term_string}\"},\"query-input\":{\"@type\":\"PropertyValueSpecification\",\"valueRequired\":true,\"valueName\":\"search_term_string\"}}],\"inLanguage\":\"es\"},{\"@type\":\"Organization\",\"@id\":\"https:\\\/\\\/www.alasmedios.com\\\/#organization\",\"name\":\"Alas Medios\",\"url\":\"https:\\\/\\\/www.alasmedios.com\\\/\",\"logo\":{\"@type\":\"ImageObject\",\"inLanguage\":\"es\",\"@id\":\"https:\\\/\\\/www.alasmedios.com\\\/#\\\/schema\\\/logo\\\/image\\\/\",\"url\":\"https:\\\/\\\/www.alasmedios.com\\\/wp-content\\\/uploads\\\/2026\\\/01\\\/cropped-cropped-GAM-1.png\",\"contentUrl\":\"https:\\\/\\\/www.alasmedios.com\\\/wp-content\\\/uploads\\\/2026\\\/01\\\/cropped-cropped-GAM-1.png\",\"width\":467,\"height\":235,\"caption\":\"Alas Medios\"},\"image\":{\"@id\":\"https:\\\/\\\/www.alasmedios.com\\\/#\\\/schema\\\/logo\\\/image\\\/\"}},{\"@type\":\"Person\",\"@id\":\"https:\\\/\\\/www.alasmedios.com\\\/#\\\/schema\\\/person\\\/0ba31bdd19a05ebf5c7fef1fedf99c34\",\"name\":\"Keila Rodr\u00edguez Pe\u00f1a\",\"image\":{\"@type\":\"ImageObject\",\"inLanguage\":\"es\",\"@id\":\"https:\\\/\\\/secure.gravatar.com\\\/avatar\\\/a2553a2bfaa601b9d539b617c8793e151bdffb60f9e48a249912f86d4c9ebeef?s=96&d=mm&r=g\",\"url\":\"https:\\\/\\\/secure.gravatar.com\\\/avatar\\\/a2553a2bfaa601b9d539b617c8793e151bdffb60f9e48a249912f86d4c9ebeef?s=96&d=mm&r=g\",\"contentUrl\":\"https:\\\/\\\/secure.gravatar.com\\\/avatar\\\/a2553a2bfaa601b9d539b617c8793e151bdffb60f9e48a249912f86d4c9ebeef?s=96&d=mm&r=g\",\"caption\":\"Keila Rodr\u00edguez Pe\u00f1a\"},\"sameAs\":[\"http:\\\/\\\/www.alasmedios.com\"],\"url\":\"https:\\\/\\\/www.alasmedios.com\\\/index.php\\\/author\\\/keila\\\/\"}]}<\/script>\r\n<!-- \/ Yoast SEO plugin. -->","yoast_head_json":{"title":"Vasectom\u00eda en aumento: j\u00f3venes y planificaci\u00f3n familiar redefinen la paternidad en M\u00e9xico - Alas Medios","robots":{"index":"index","follow":"follow","max-snippet":"max-snippet:-1","max-image-preview":"max-image-preview:large","max-video-preview":"max-video-preview:-1"},"canonical":"https:\/\/www.alasmedios.com\/index.php\/2025\/12\/30\/vasectomia-en-aumento-jovenes-y-planificacion-familiar-redefinen-la-paternidad-en-mexico\/","og_locale":"es_MX","og_type":"article","og_title":"Vasectom\u00eda en aumento: j\u00f3venes y planificaci\u00f3n familiar redefinen la paternidad en M\u00e9xico - Alas Medios","og_description":"La vasectom\u00eda se consolida como una opci\u00f3n de planificaci\u00f3n familiar cada vez m\u00e1s presente en M\u00e9xico, marcando cambios demogr\u00e1ficos, econ\u00f3micos","og_url":"https:\/\/www.alasmedios.com\/index.php\/2025\/12\/30\/vasectomia-en-aumento-jovenes-y-planificacion-familiar-redefinen-la-paternidad-en-mexico\/","og_site_name":"Alas Medios","article_published_time":"2025-12-30T19:00:04+00:00","article_modified_time":"2025-12-30T19:00:06+00:00","og_image":[{"width":1024,"height":622,"url":"https:\/\/www.alasmedios.com\/wp-content\/uploads\/2025\/12\/Vasectomia-en-aumento-jovenes-y-planificacion-familiar-redefinen-la-paternidad-en-Mexico-1024x622.png","type":"image\/png"}],"author":"Keila Rodr\u00edguez Pe\u00f1a","twitter_card":"summary_large_image","twitter_misc":{"Escrito por":"Keila Rodr\u00edguez Pe\u00f1a","Tiempo de lectura":"2 minutos"},"schema":{"@context":"https:\/\/schema.org","@graph":[{"@type":"Article","@id":"https:\/\/www.alasmedios.com\/index.php\/2025\/12\/30\/vasectomia-en-aumento-jovenes-y-planificacion-familiar-redefinen-la-paternidad-en-mexico\/#article","isPartOf":{"@id":"https:\/\/www.alasmedios.com\/index.php\/2025\/12\/30\/vasectomia-en-aumento-jovenes-y-planificacion-familiar-redefinen-la-paternidad-en-mexico\/"},"author":{"name":"Keila Rodr\u00edguez Pe\u00f1a","@id":"https:\/\/www.alasmedios.com\/#\/schema\/person\/0ba31bdd19a05ebf5c7fef1fedf99c34"},"headline":"Vasectom\u00eda en aumento: j\u00f3venes y planificaci\u00f3n familiar redefinen la paternidad en M\u00e9xico","datePublished":"2025-12-30T19:00:04+00:00","dateModified":"2025-12-30T19:00:06+00:00","mainEntityOfPage":{"@id":"https:\/\/www.alasmedios.com\/index.php\/2025\/12\/30\/vasectomia-en-aumento-jovenes-y-planificacion-familiar-redefinen-la-paternidad-en-mexico\/"},"wordCount":451,"commentCount":0,"publisher":{"@id":"https:\/\/www.alasmedios.com\/#organization"},"image":{"@id":"https:\/\/www.alasmedios.com\/index.php\/2025\/12\/30\/vasectomia-en-aumento-jovenes-y-planificacion-familiar-redefinen-la-paternidad-en-mexico\/#primaryimage"},"thumbnailUrl":"https:\/\/www.alasmedios.com\/wp-content\/uploads\/2025\/12\/Vasectomia-en-aumento-jovenes-y-planificacion-familiar-redefinen-la-paternidad-en-Mexico.png","keywords":["IMSS","INEGI","planificaci\u00f3n familiar","Salud","salud reproductiva","vasectom\u00eda"],"articleSection":["Salud y Sexualidad"],"inLanguage":"es","potentialAction":[{"@type":"CommentAction","name":"Comment","target":["https:\/\/www.alasmedios.com\/index.php\/2025\/12\/30\/vasectomia-en-aumento-jovenes-y-planificacion-familiar-redefinen-la-paternidad-en-mexico\/#respond"]}]},{"@type":"WebPage","@id":"https:\/\/www.alasmedios.com\/index.php\/2025\/12\/30\/vasectomia-en-aumento-jovenes-y-planificacion-familiar-redefinen-la-paternidad-en-mexico\/","url":"https:\/\/www.alasmedios.com\/index.php\/2025\/12\/30\/vasectomia-en-aumento-jovenes-y-planificacion-familiar-redefinen-la-paternidad-en-mexico\/","name":"Vasectom\u00eda en aumento: j\u00f3venes y planificaci\u00f3n familiar redefinen la paternidad en M\u00e9xico - Alas Medios","isPartOf":{"@id":"https:\/\/www.alasmedios.com\/#website"},"primaryImageOfPage":{"@id":"https:\/\/www.alasmedios.com\/index.php\/2025\/12\/30\/vasectomia-en-aumento-jovenes-y-planificacion-familiar-redefinen-la-paternidad-en-mexico\/#primaryimage"},"image":{"@id":"https:\/\/www.alasmedios.com\/index.php\/2025\/12\/30\/vasectomia-en-aumento-jovenes-y-planificacion-familiar-redefinen-la-paternidad-en-mexico\/#primaryimage"},"thumbnailUrl":"https:\/\/www.alasmedios.com\/wp-content\/uploads\/2025\/12\/Vasectomia-en-aumento-jovenes-y-planificacion-familiar-redefinen-la-paternidad-en-Mexico.png","datePublished":"2025-12-30T19:00:04+00:00","dateModified":"2025-12-30T19:00:06+00:00","breadcrumb":{"@id":"https:\/\/www.alasmedios.com\/index.php\/2025\/12\/30\/vasectomia-en-aumento-jovenes-y-planificacion-familiar-redefinen-la-paternidad-en-mexico\/#breadcrumb"},"inLanguage":"es","potentialAction":[{"@type":"ReadAction","target":["https:\/\/www.alasmedios.com\/index.php\/2025\/12\/30\/vasectomia-en-aumento-jovenes-y-planificacion-familiar-redefinen-la-paternidad-en-mexico\/"]}]},{"@type":"ImageObject","inLanguage":"es","@id":"https:\/\/www.alasmedios.com\/index.php\/2025\/12\/30\/vasectomia-en-aumento-jovenes-y-planificacion-familiar-redefinen-la-paternidad-en-mexico\/#primaryimage","url":"https:\/\/www.alasmedios.com\/wp-content\/uploads\/2025\/12\/Vasectomia-en-aumento-jovenes-y-planificacion-familiar-redefinen-la-paternidad-en-Mexico.png","contentUrl":"https:\/\/www.alasmedios.com\/wp-content\/uploads\/2025\/12\/Vasectomia-en-aumento-jovenes-y-planificacion-familiar-redefinen-la-paternidad-en-Mexico.png","width":2000,"height":1214},{"@type":"BreadcrumbList","@id":"https:\/\/www.alasmedios.com\/index.php\/2025\/12\/30\/vasectomia-en-aumento-jovenes-y-planificacion-familiar-redefinen-la-paternidad-en-mexico\/#breadcrumb","itemListElement":[{"@type":"ListItem","position":1,"name":"Inicio","item":"https:\/\/www.alasmedios.com\/"},{"@type":"ListItem","position":2,"name":"Vasectom\u00eda en aumento: j\u00f3venes y planificaci\u00f3n familiar redefinen la paternidad en M\u00e9xico"}]},{"@type":"WebSite","@id":"https:\/\/www.alasmedios.com\/#website","url":"https:\/\/www.alasmedios.com\/","name":"Alas Medios","description":"Alas para pensar, Alas para volar, Alas de libertad","publisher":{"@id":"https:\/\/www.alasmedios.com\/#organization"},"potentialAction":[{"@type":"SearchAction","target":{"@type":"EntryPoint","urlTemplate":"https:\/\/www.alasmedios.com\/?s={search_term_string}"},"query-input":{"@type":"PropertyValueSpecification","valueRequired":true,"valueName":"search_term_string"}}],"inLanguage":"es"},{"@type":"Organization","@id":"https:\/\/www.alasmedios.com\/#organization","name":"Alas Medios","url":"https:\/\/www.alasmedios.com\/","logo":{"@type":"ImageObject","inLanguage":"es","@id":"https:\/\/www.alasmedios.com\/#\/schema\/logo\/image\/","url":"https:\/\/www.alasmedios.com\/wp-content\/uploads\/2026\/01\/cropped-cropped-GAM-1.png","contentUrl":"https:\/\/www.alasmedios.com\/wp-content\/uploads\/2026\/01\/cropped-cropped-GAM-1.png","width":467,"height":235,"caption":"Alas Medios"},"image":{"@id":"https:\/\/www.alasmedios.com\/#\/schema\/logo\/image\/"}},{"@type":"Person","@id":"https:\/\/www.alasmedios.com\/#\/schema\/person\/0ba31bdd19a05ebf5c7fef1fedf99c34","name":"Keila Rodr\u00edguez Pe\u00f1a","image":{"@type":"ImageObject","inLanguage":"es","@id":"https:\/\/secure.gravatar.com\/avatar\/a2553a2bfaa601b9d539b617c8793e151bdffb60f9e48a249912f86d4c9ebeef?s=96&d=mm&r=g","url":"https:\/\/secure.gravatar.com\/avatar\/a2553a2bfaa601b9d539b617c8793e151bdffb60f9e48a249912f86d4c9ebeef?s=96&d=mm&r=g","contentUrl":"https:\/\/secure.gravatar.com\/avatar\/a2553a2bfaa601b9d539b617c8793e151bdffb60f9e48a249912f86d4c9ebeef?s=96&d=mm&r=g","caption":"Keila Rodr\u00edguez Pe\u00f1a"},"sameAs":["http:\/\/www.alasmedios.com"],"url":"https:\/\/www.alasmedios.com\/index.php\/author\/keila\/"}]}},"_links":{"self":[{"href":"https:\/\/www.alasmedios.com\/index.php\/wp-json\/wp\/v2\/posts\/7282","targetHints":{"allow":["GET"]}}],"collection":[{"href":"https:\/\/www.alasmedios.com\/index.php\/wp-json\/wp\/v2\/posts"}],"about":[{"href":"https:\/\/www.alasmedios.com\/index.php\/wp-json\/wp\/v2\/types\/post"}],"author":[{"embeddable":true,"href":"https:\/\/www.alasmedios.com\/index.php\/wp-json\/wp\/v2\/users\/4"}],"replies":[{"embeddable":true,"href":"https:\/\/www.alasmedios.com\/index.php\/wp-json\/wp\/v2\/comments?post=7282"}],"version-history":[{"count":1,"href":"https:\/\/www.alasmedios.com\/index.php\/wp-json\/wp\/v2\/posts\/7282\/revisions"}],"predecessor-version":[{"id":7284,"href":"https:\/\/www.alasmedios.com\/index.php\/wp-json\/wp\/v2\/posts\/7282\/revisions\/7284"}],"wp:featuredmedia":[{"embeddable":true,"href":"https:\/\/www.alasmedios.com\/index.php\/wp-json\/wp\/v2\/media\/7283"}],"wp:attachment":[{"href":"https:\/\/www.alasmedios.com\/index.php\/wp-json\/wp\/v2\/media?parent=7282"}],"wp:term":[{"taxonomy":"category","embeddable":true,"href":"https:\/\/www.alasmedios.com\/index.php\/wp-json\/wp\/v2\/categories?post=7282"},{"taxonomy":"post_tag","embeddable":true,"href":"https:\/\/www.alasmedios.com\/index.php\/wp-json\/wp\/v2\/tags?post=7282"}],"curies":[{"name":"wp","href":"https:\/\/api.w.org\/{rel}","templated":true}]}}