{"id":7273,"date":"2025-12-29T09:28:50","date_gmt":"2025-12-29T15:28:50","guid":{"rendered":"https:\/\/www.alasmedios.com\/?p=7273"},"modified":"2026-01-06T13:27:29","modified_gmt":"2026-01-06T19:27:29","slug":"katia-itzel-garcia-sexta-mejor-arbitra-del-mundo","status":"publish","type":"post","link":"https:\/\/www.alasmedios.com\/index.php\/2025\/12\/29\/katia-itzel-garcia-sexta-mejor-arbitra-del-mundo\/","title":{"rendered":"Katia Itzel Garc\u00eda sexta mejor \u00e1rbitra del mundo"},"content":{"rendered":"\n<p>Con autoridad, temple y visi\u00f3n de juego, <strong>Katia Itzel Garc\u00eda<\/strong> cerr\u00f3 un ciclo dorado para su carrera y para el <strong>arbitraje mexicano<\/strong>. La silbante capitalina fue ubicada como la <strong>sexta mejor \u00e1rbitra del mundo<\/strong> en el ranking anual de la <strong>Federaci\u00f3n Internacional de Historia y Estad\u00edstica de Futbol (IFFHS)<\/strong>, consolid\u00e1ndose entre las diez figuras m\u00e1s influyentes del silbato a nivel global.<\/p>\n\n\n\n<p><strong>Garc\u00eda Mendoza<\/strong> sum\u00f3 <strong>15 unidades<\/strong> gracias a un a\u00f1o de actuaciones firmes y consistentes, tanto en el <strong>futbol mexicano<\/strong> como en competencias internacionales de m\u00e1xima exigencia. Su nombre hoy comparte escenario con referentes consolidadas del arbitraje mundial.<\/p>\n\n\n\n<p>La mexicana no solo dej\u00f3 huella en casa. Su participaci\u00f3n en la <strong>Copa del Mundo Sub-20<\/strong>, la <strong>Copa Oro<\/strong> y la <strong>Leagues Cup<\/strong> confirm\u00f3 su capacidad para imponer orden en escenarios de alta presi\u00f3n, validando un reconocimiento de car\u00e1cter internacional.<\/p>\n\n\n\n<p>En la <strong>Liga MX<\/strong>, Katia Itzel rompi\u00f3 techos de cristal al <strong>debutar en la fase final del torneo varonil<\/strong>, marcando un antes y un despu\u00e9s para las mujeres en el balompi\u00e9 nacional. Su designaci\u00f3n para el duelo de <strong>Cuartos de Final entre Toluca y Ju\u00e1rez<\/strong> qued\u00f3 registrada como un <strong>precedente hist\u00f3rico<\/strong>.<\/p>\n\n\n\n<p>CONTIN\u00daA LEYENDO: <a href=\"https:\/\/www.alasmedios.com\/index.php\/2025\/12\/27\/un-pez-como-inspiracion-crean-filtro-que-elimina-mas-del-99-de-microplasticos-del-agua\/\" data-type=\"post\" data-id=\"7260\">Un pez como inspiraci\u00f3n: crean filtro que elimina m\u00e1s del 99% de micropl\u00e1sticos del agua<\/a><\/p>\n\n\n\n<p>Desde su debut como <strong>juez central en marzo de 2024<\/strong>, la silbante acumula <strong>18 apariciones<\/strong> como \u00e1rbitra principal, adem\u00e1s de <strong>nueve participaciones como cuarta \u00e1rbitra<\/strong>, roles en los que demostr\u00f3 car\u00e1cter, liderazgo y pleno control del partido.<\/p>\n\n\n\n<p>Otro punto alto de su trayectoria reciente fue encabezar <strong>ternas arbitrales conformadas \u00edntegramente por mujeres<\/strong> en <strong>siete compromisos<\/strong>. Junto a <strong>Karen D\u00edaz<\/strong> y <strong>Sandra Ram\u00edrez<\/strong>, esta tripleta simboliza un <strong>avance clave en la equidad<\/strong> dentro del deporte de alto rendimiento.<\/p>\n\n\n\n<p>En agosto del 2025 <strong>Garc\u00eda <\/strong>enfrent\u00f3 insultos y amenazas de muerte tras su participaci\u00f3n en el encuentro entre <strong>Monterrey <\/strong>y <strong>Cincinnati<\/strong>; la <strong>FMF <\/strong>y <strong>Concacaf\u00a0<\/strong>condenaron los hechos.<\/p>\n\n\n\n<p>En lo m\u00e1s alto del ranking de la <strong>IFFHS<\/strong> aparece la italiana <strong>Maria Sole Ferrieri<\/strong> con <strong>97 puntos<\/strong>, seguida por la francesa <strong>Stephanie Frappart<\/strong> y la croata <strong>Ivana Martincic<\/strong>. Entre ellas, ya figura el nombre de <strong>Katia Itzel Garc\u00eda<\/strong>, quien coloca a <strong>M\u00e9xico<\/strong> bajo los reflectores del futbol internacional.<\/p>\n\n\n\n<p>Hoy, la constancia y el profesionalismo le permiten a la mexicana dormir con un t\u00edtulo que pesa: <strong>la sexta mejor \u00e1rbitra del mundo<\/strong>, un logro que confirma que el silbato mexicano tambi\u00e9n juega en ligas mayores.<\/p>\n\n\n\n<p>TE PUEDE INTERESAR: <a href=\"https:\/\/www.alasmedios.com\/index.php\/2025\/12\/26\/como-recibe-el-mundo-al-ano-nuevo-rituales-de-renovacion\/\" data-type=\"post\" data-id=\"7257\">C\u00f3mo recibe el mundo al A\u00f1o Nuevo: rituales de renovaci\u00f3n<\/a><\/p>\n\n\n\n<h4 class=\"wp-block-heading\"><strong>Las mejores \u00e1rbitras del mundo en 2025, seg\u00fan la IFFHS<\/strong><\/h4>\n\n\n\n<ul class=\"wp-block-list\">\n<li><strong>Maria Sole Ferrieri (Italia)<\/strong> \u2013 97 puntos<\/li>\n\n\n\n<li><strong>Stephanie Frappart (Francia)<\/strong> \u2013 93 puntos<\/li>\n\n\n\n<li><strong>Ivana Martincic (Croacia)<\/strong> \u2013 67 puntos<\/li>\n\n\n\n<li><strong>Tess Olofsson (Suecia)<\/strong> \u2013 22 puntos<\/li>\n\n\n\n<li><strong>Edina Alves (Brasil)<\/strong> \u2013 16 puntos<\/li>\n\n\n\n<li><strong>Katia Itzel Garc\u00eda (M\u00e9xico)<\/strong> \u2013 15 puntos<\/li>\n\n\n\n<li><strong>Silvia Gasperotti (Italia)<\/strong> \u2013 13 puntos<\/li>\n\n\n\n<li><strong>Antsino Twanyanyukwa (Namibia)<\/strong> \u2013 12 puntos<\/li>\n\n\n\n<li><strong>Desiree Grundbacher (Suiza)<\/strong> \u2013 11 puntos<\/li>\n\n\n\n<li><strong>Bouchra Karboubi (Marruecos)<\/strong> \u2013 11 puntos<\/li>\n<\/ul>\n\n\n<ul class=\"wp-block-latest-posts__list is-grid columns-3 wp-block-latest-posts\"><li><div class=\"wp-block-latest-posts__featured-image\"><img loading=\"lazy\" decoding=\"async\" width=\"150\" height=\"150\" src=\"https:\/\/www.alasmedios.com\/wp-content\/uploads\/2026\/05\/Super-Final-de-la-Copa-del-Mundo-de-Clavados-2026-150x150.jpeg\" class=\"attachment-thumbnail size-thumbnail wp-post-image\" alt=\"\" style=\"\" \/><\/div><a class=\"wp-block-latest-posts__post-title\" href=\"https:\/\/www.alasmedios.com\/index.php\/2026\/05\/01\/mexico-se-lanza-por-la-cima-once-clavadistas-buscan-la-gloria-mundial-en-pekin-2026\/\">M\u00e9xico se lanza por la cima: once clavadistas buscan la gloria mundial en Pek\u00edn 2026<\/a><\/li>\n<li><div class=\"wp-block-latest-posts__featured-image\"><img loading=\"lazy\" decoding=\"async\" width=\"150\" height=\"150\" src=\"https:\/\/www.alasmedios.com\/wp-content\/uploads\/2026\/04\/Puebla-el-Congreso-aprobo-el-Protocolo-Homologado-de-Investigacion-de-Delitos-contra-Personas-LGBTTTI-150x150.png\" class=\"attachment-thumbnail size-thumbnail wp-post-image\" alt=\"\" style=\"\" \/><\/div><a class=\"wp-block-latest-posts__post-title\" href=\"https:\/\/www.alasmedios.com\/index.php\/2026\/04\/30\/puebla-impulsa-protocolo-contra-delitos-lgbttti\/\">Puebla impulsa protocolo contra delitos LGBTTTI+<\/a><\/li>\n<li><div class=\"wp-block-latest-posts__featured-image\"><img loading=\"lazy\" decoding=\"async\" width=\"150\" height=\"150\" src=\"https:\/\/www.alasmedios.com\/wp-content\/uploads\/2026\/04\/PEC-Parque-Ecologico-Cubitos-150x150.jpg\" class=\"attachment-thumbnail size-thumbnail wp-post-image\" alt=\"\" style=\"\" \/><\/div><a class=\"wp-block-latest-posts__post-title\" href=\"https:\/\/www.alasmedios.com\/index.php\/2026\/04\/30\/naturaleza-viva-en-pachuca-cubitos-conmemora-a-los-jardines-botanicos\/\">Naturaleza viva en Pachuca: Cubitos conmemora a los jardines bot\u00e1nicos<\/a><\/li>\n<\/ul>","protected":false},"excerpt":{"rendered":"<p>Con autoridad, temple y visi\u00f3n de juego, Katia Itzel Garc\u00eda cerr\u00f3 un ciclo dorado para su carrera y para el<\/p>\n","protected":false},"author":4,"featured_media":7274,"comment_status":"open","ping_status":"open","sticky":false,"template":"","format":"standard","meta":{"colormag_page_container_layout":"default_layout","colormag_page_sidebar_layout":"default_layout","rop_custom_images_group":[],"rop_custom_messages_group":[],"rop_publish_now":"initial","rop_publish_now_accounts":[],"rop_publish_now_history":[],"rop_publish_now_status":"pending","iawp_total_views":2,"footnotes":""},"categories":[3223,45],"tags":[3175,223,989,1407,3176,53],"class_list":["post-7273","post","type-post","status-publish","format-standard","has-post-thumbnail","hentry","category-deportes","category-ellas-dicen","tag-arbitraje","tag-deportes","tag-futbol","tag-iffhs","tag-katia-itzel-garcia","tag-mujeres"],"magazineBlocksPostFeaturedMedia":{"thumbnail":"https:\/\/www.alasmedios.com\/wp-content\/uploads\/2025\/12\/Katia-Itzel-Garcia-sexta-mejor-arbitra-del-mundo-150x150.png","medium":"https:\/\/www.alasmedios.com\/wp-content\/uploads\/2025\/12\/Katia-Itzel-Garcia-sexta-mejor-arbitra-del-mundo-300x182.png","medium_large":"https:\/\/www.alasmedios.com\/wp-content\/uploads\/2025\/12\/Katia-Itzel-Garcia-sexta-mejor-arbitra-del-mundo-768x466.png","large":"https:\/\/www.alasmedios.com\/wp-content\/uploads\/2025\/12\/Katia-Itzel-Garcia-sexta-mejor-arbitra-del-mundo-1024x622.png","1536x1536":"https:\/\/www.alasmedios.com\/wp-content\/uploads\/2025\/12\/Katia-Itzel-Garcia-sexta-mejor-arbitra-del-mundo-1536x932.png","2048x2048":"https:\/\/www.alasmedios.com\/wp-content\/uploads\/2025\/12\/Katia-Itzel-Garcia-sexta-mejor-arbitra-del-mundo.png","colormag-highlighted-post":"https:\/\/www.alasmedios.com\/wp-content\/uploads\/2025\/12\/Katia-Itzel-Garcia-sexta-mejor-arbitra-del-mundo-392x272.png","colormag-featured-post-medium":"https:\/\/www.alasmedios.com\/wp-content\/uploads\/2025\/12\/Katia-Itzel-Garcia-sexta-mejor-arbitra-del-mundo-390x205.png","colormag-featured-post-small":"https:\/\/www.alasmedios.com\/wp-content\/uploads\/2025\/12\/Katia-Itzel-Garcia-sexta-mejor-arbitra-del-mundo-130x90.png","colormag-featured-image":"https:\/\/www.alasmedios.com\/wp-content\/uploads\/2025\/12\/Katia-Itzel-Garcia-sexta-mejor-arbitra-del-mundo-800x445.png","colormag-default-news":"https:\/\/www.alasmedios.com\/wp-content\/uploads\/2025\/12\/Katia-Itzel-Garcia-sexta-mejor-arbitra-del-mundo-150x150.png","colormag-featured-image-large":"https:\/\/www.alasmedios.com\/wp-content\/uploads\/2025\/12\/Katia-Itzel-Garcia-sexta-mejor-arbitra-del-mundo-1400x600.png"},"magazineBlocksPostAuthor":{"name":"Keila Rodr\u00edguez Pe\u00f1a","avatar":"https:\/\/secure.gravatar.com\/avatar\/a2553a2bfaa601b9d539b617c8793e151bdffb60f9e48a249912f86d4c9ebeef?s=96&d=mm&r=g"},"magazineBlocksPostCommentsNumber":"0","magazineBlocksPostExcerpt":"Con autoridad, temple y visi\u00f3n de juego, Katia Itzel Garc\u00eda cerr\u00f3 un ciclo dorado para su carrera y para el","magazineBlocksPostCategories":["Deportes","Ellas Dicen"],"magazineBlocksPostViewCount":146,"magazineBlocksPostReadTime":3,"magazine_blocks_featured_image_url":{"full":["https:\/\/www.alasmedios.com\/wp-content\/uploads\/2025\/12\/Katia-Itzel-Garcia-sexta-mejor-arbitra-del-mundo.png",2000,1214,false],"medium":["https:\/\/www.alasmedios.com\/wp-content\/uploads\/2025\/12\/Katia-Itzel-Garcia-sexta-mejor-arbitra-del-mundo-300x182.png",300,182,true],"thumbnail":["https:\/\/www.alasmedios.com\/wp-content\/uploads\/2025\/12\/Katia-Itzel-Garcia-sexta-mejor-arbitra-del-mundo-150x150.png",150,150,true]},"magazine_blocks_author":{"display_name":"Keila Rodr\u00edguez Pe\u00f1a","author_link":"https:\/\/www.alasmedios.com\/index.php\/author\/keila\/"},"magazine_blocks_comment":0,"magazine_blocks_author_image":"https:\/\/secure.gravatar.com\/avatar\/a2553a2bfaa601b9d539b617c8793e151bdffb60f9e48a249912f86d4c9ebeef?s=96&d=mm&r=g","magazine_blocks_category":"<a href=\"#\" class=\"category-link category-link-3223\">Deportes<\/a> <a href=\"#\" class=\"category-link category-link-45\">Ellas Dicen<\/a>","yoast_head":"<!-- This site is optimized with the Yoast SEO plugin v27.5 - https:\/\/yoast.com\/product\/yoast-seo-wordpress\/ -->\r\n<title>Katia Itzel Garc\u00eda sexta mejor \u00e1rbitra del mundo - Alas Medios<\/title>\r\n<meta name=\"robots\" content=\"index, follow, max-snippet:-1, max-image-preview:large, max-video-preview:-1\" \/>\r\n<link rel=\"canonical\" href=\"https:\/\/www.alasmedios.com\/index.php\/2025\/12\/29\/katia-itzel-garcia-sexta-mejor-arbitra-del-mundo\/\" \/>\r\n<meta property=\"og:locale\" content=\"es_MX\" \/>\r\n<meta property=\"og:type\" content=\"article\" \/>\r\n<meta property=\"og:title\" content=\"Katia Itzel Garc\u00eda sexta mejor \u00e1rbitra del mundo - Alas Medios\" \/>\r\n<meta property=\"og:description\" content=\"Con autoridad, temple y visi\u00f3n de juego, Katia Itzel Garc\u00eda cerr\u00f3 un ciclo dorado para su carrera y para el\" \/>\r\n<meta property=\"og:url\" content=\"https:\/\/www.alasmedios.com\/index.php\/2025\/12\/29\/katia-itzel-garcia-sexta-mejor-arbitra-del-mundo\/\" \/>\r\n<meta property=\"og:site_name\" content=\"Alas Medios\" \/>\r\n<meta property=\"article:published_time\" content=\"2025-12-29T15:28:50+00:00\" \/>\r\n<meta property=\"article:modified_time\" content=\"2026-01-06T19:27:29+00:00\" \/>\r\n<meta property=\"og:image\" content=\"https:\/\/www.alasmedios.com\/wp-content\/uploads\/2025\/12\/Katia-Itzel-Garcia-sexta-mejor-arbitra-del-mundo.png\" \/>\r\n\t<meta property=\"og:image:width\" content=\"2000\" \/>\r\n\t<meta property=\"og:image:height\" content=\"1214\" \/>\r\n\t<meta property=\"og:image:type\" content=\"image\/png\" \/>\r\n<meta name=\"author\" content=\"Keila Rodr\u00edguez Pe\u00f1a\" \/>\r\n<meta name=\"twitter:card\" content=\"summary_large_image\" \/>\r\n<meta name=\"twitter:label1\" content=\"Escrito por\" \/>\n\t<meta name=\"twitter:data1\" content=\"Keila Rodr\u00edguez Pe\u00f1a\" \/>\n\t<meta name=\"twitter:label2\" content=\"Tiempo de lectura\" \/>\n\t<meta name=\"twitter:data2\" content=\"2 minutos\" \/>\r\n<script type=\"application\/ld+json\" class=\"yoast-schema-graph\">{\"@context\":\"https:\\\/\\\/schema.org\",\"@graph\":[{\"@type\":\"Article\",\"@id\":\"https:\\\/\\\/www.alasmedios.com\\\/index.php\\\/2025\\\/12\\\/29\\\/katia-itzel-garcia-sexta-mejor-arbitra-del-mundo\\\/#article\",\"isPartOf\":{\"@id\":\"https:\\\/\\\/www.alasmedios.com\\\/index.php\\\/2025\\\/12\\\/29\\\/katia-itzel-garcia-sexta-mejor-arbitra-del-mundo\\\/\"},\"author\":{\"name\":\"Keila Rodr\u00edguez Pe\u00f1a\",\"@id\":\"https:\\\/\\\/www.alasmedios.com\\\/#\\\/schema\\\/person\\\/0ba31bdd19a05ebf5c7fef1fedf99c34\"},\"headline\":\"Katia Itzel Garc\u00eda sexta mejor \u00e1rbitra del mundo\",\"datePublished\":\"2025-12-29T15:28:50+00:00\",\"dateModified\":\"2026-01-06T19:27:29+00:00\",\"mainEntityOfPage\":{\"@id\":\"https:\\\/\\\/www.alasmedios.com\\\/index.php\\\/2025\\\/12\\\/29\\\/katia-itzel-garcia-sexta-mejor-arbitra-del-mundo\\\/\"},\"wordCount\":500,\"commentCount\":0,\"publisher\":{\"@id\":\"https:\\\/\\\/www.alasmedios.com\\\/#organization\"},\"image\":{\"@id\":\"https:\\\/\\\/www.alasmedios.com\\\/index.php\\\/2025\\\/12\\\/29\\\/katia-itzel-garcia-sexta-mejor-arbitra-del-mundo\\\/#primaryimage\"},\"thumbnailUrl\":\"https:\\\/\\\/www.alasmedios.com\\\/wp-content\\\/uploads\\\/2025\\\/12\\\/Katia-Itzel-Garcia-sexta-mejor-arbitra-del-mundo.png\",\"keywords\":[\"arbitraje\",\"deportes\",\"f\u00fatbol\",\"IFFHS\",\"Katia Itzel Garc\u00eda\",\"Mujeres\"],\"articleSection\":[\"Deportes\",\"Ellas Dicen\"],\"inLanguage\":\"es\",\"potentialAction\":[{\"@type\":\"CommentAction\",\"name\":\"Comment\",\"target\":[\"https:\\\/\\\/www.alasmedios.com\\\/index.php\\\/2025\\\/12\\\/29\\\/katia-itzel-garcia-sexta-mejor-arbitra-del-mundo\\\/#respond\"]}]},{\"@type\":\"WebPage\",\"@id\":\"https:\\\/\\\/www.alasmedios.com\\\/index.php\\\/2025\\\/12\\\/29\\\/katia-itzel-garcia-sexta-mejor-arbitra-del-mundo\\\/\",\"url\":\"https:\\\/\\\/www.alasmedios.com\\\/index.php\\\/2025\\\/12\\\/29\\\/katia-itzel-garcia-sexta-mejor-arbitra-del-mundo\\\/\",\"name\":\"Katia Itzel Garc\u00eda sexta mejor \u00e1rbitra del mundo - Alas Medios\",\"isPartOf\":{\"@id\":\"https:\\\/\\\/www.alasmedios.com\\\/#website\"},\"primaryImageOfPage\":{\"@id\":\"https:\\\/\\\/www.alasmedios.com\\\/index.php\\\/2025\\\/12\\\/29\\\/katia-itzel-garcia-sexta-mejor-arbitra-del-mundo\\\/#primaryimage\"},\"image\":{\"@id\":\"https:\\\/\\\/www.alasmedios.com\\\/index.php\\\/2025\\\/12\\\/29\\\/katia-itzel-garcia-sexta-mejor-arbitra-del-mundo\\\/#primaryimage\"},\"thumbnailUrl\":\"https:\\\/\\\/www.alasmedios.com\\\/wp-content\\\/uploads\\\/2025\\\/12\\\/Katia-Itzel-Garcia-sexta-mejor-arbitra-del-mundo.png\",\"datePublished\":\"2025-12-29T15:28:50+00:00\",\"dateModified\":\"2026-01-06T19:27:29+00:00\",\"breadcrumb\":{\"@id\":\"https:\\\/\\\/www.alasmedios.com\\\/index.php\\\/2025\\\/12\\\/29\\\/katia-itzel-garcia-sexta-mejor-arbitra-del-mundo\\\/#breadcrumb\"},\"inLanguage\":\"es\",\"potentialAction\":[{\"@type\":\"ReadAction\",\"target\":[\"https:\\\/\\\/www.alasmedios.com\\\/index.php\\\/2025\\\/12\\\/29\\\/katia-itzel-garcia-sexta-mejor-arbitra-del-mundo\\\/\"]}]},{\"@type\":\"ImageObject\",\"inLanguage\":\"es\",\"@id\":\"https:\\\/\\\/www.alasmedios.com\\\/index.php\\\/2025\\\/12\\\/29\\\/katia-itzel-garcia-sexta-mejor-arbitra-del-mundo\\\/#primaryimage\",\"url\":\"https:\\\/\\\/www.alasmedios.com\\\/wp-content\\\/uploads\\\/2025\\\/12\\\/Katia-Itzel-Garcia-sexta-mejor-arbitra-del-mundo.png\",\"contentUrl\":\"https:\\\/\\\/www.alasmedios.com\\\/wp-content\\\/uploads\\\/2025\\\/12\\\/Katia-Itzel-Garcia-sexta-mejor-arbitra-del-mundo.png\",\"width\":2000,\"height\":1214},{\"@type\":\"BreadcrumbList\",\"@id\":\"https:\\\/\\\/www.alasmedios.com\\\/index.php\\\/2025\\\/12\\\/29\\\/katia-itzel-garcia-sexta-mejor-arbitra-del-mundo\\\/#breadcrumb\",\"itemListElement\":[{\"@type\":\"ListItem\",\"position\":1,\"name\":\"Inicio\",\"item\":\"https:\\\/\\\/www.alasmedios.com\\\/\"},{\"@type\":\"ListItem\",\"position\":2,\"name\":\"Katia Itzel Garc\u00eda sexta mejor \u00e1rbitra del mundo\"}]},{\"@type\":\"WebSite\",\"@id\":\"https:\\\/\\\/www.alasmedios.com\\\/#website\",\"url\":\"https:\\\/\\\/www.alasmedios.com\\\/\",\"name\":\"Alas Medios\",\"description\":\"Alas para pensar, Alas para volar, Alas de libertad\",\"publisher\":{\"@id\":\"https:\\\/\\\/www.alasmedios.com\\\/#organization\"},\"potentialAction\":[{\"@type\":\"SearchAction\",\"target\":{\"@type\":\"EntryPoint\",\"urlTemplate\":\"https:\\\/\\\/www.alasmedios.com\\\/?s={search_term_string}\"},\"query-input\":{\"@type\":\"PropertyValueSpecification\",\"valueRequired\":true,\"valueName\":\"search_term_string\"}}],\"inLanguage\":\"es\"},{\"@type\":\"Organization\",\"@id\":\"https:\\\/\\\/www.alasmedios.com\\\/#organization\",\"name\":\"Alas Medios\",\"url\":\"https:\\\/\\\/www.alasmedios.com\\\/\",\"logo\":{\"@type\":\"ImageObject\",\"inLanguage\":\"es\",\"@id\":\"https:\\\/\\\/www.alasmedios.com\\\/#\\\/schema\\\/logo\\\/image\\\/\",\"url\":\"https:\\\/\\\/www.alasmedios.com\\\/wp-content\\\/uploads\\\/2026\\\/01\\\/cropped-cropped-GAM-1.png\",\"contentUrl\":\"https:\\\/\\\/www.alasmedios.com\\\/wp-content\\\/uploads\\\/2026\\\/01\\\/cropped-cropped-GAM-1.png\",\"width\":467,\"height\":235,\"caption\":\"Alas Medios\"},\"image\":{\"@id\":\"https:\\\/\\\/www.alasmedios.com\\\/#\\\/schema\\\/logo\\\/image\\\/\"}},{\"@type\":\"Person\",\"@id\":\"https:\\\/\\\/www.alasmedios.com\\\/#\\\/schema\\\/person\\\/0ba31bdd19a05ebf5c7fef1fedf99c34\",\"name\":\"Keila Rodr\u00edguez Pe\u00f1a\",\"image\":{\"@type\":\"ImageObject\",\"inLanguage\":\"es\",\"@id\":\"https:\\\/\\\/secure.gravatar.com\\\/avatar\\\/a2553a2bfaa601b9d539b617c8793e151bdffb60f9e48a249912f86d4c9ebeef?s=96&d=mm&r=g\",\"url\":\"https:\\\/\\\/secure.gravatar.com\\\/avatar\\\/a2553a2bfaa601b9d539b617c8793e151bdffb60f9e48a249912f86d4c9ebeef?s=96&d=mm&r=g\",\"contentUrl\":\"https:\\\/\\\/secure.gravatar.com\\\/avatar\\\/a2553a2bfaa601b9d539b617c8793e151bdffb60f9e48a249912f86d4c9ebeef?s=96&d=mm&r=g\",\"caption\":\"Keila Rodr\u00edguez Pe\u00f1a\"},\"sameAs\":[\"http:\\\/\\\/www.alasmedios.com\"],\"url\":\"https:\\\/\\\/www.alasmedios.com\\\/index.php\\\/author\\\/keila\\\/\"}]}<\/script>\r\n<!-- \/ Yoast SEO plugin. -->","yoast_head_json":{"title":"Katia Itzel Garc\u00eda sexta mejor \u00e1rbitra del mundo - Alas Medios","robots":{"index":"index","follow":"follow","max-snippet":"max-snippet:-1","max-image-preview":"max-image-preview:large","max-video-preview":"max-video-preview:-1"},"canonical":"https:\/\/www.alasmedios.com\/index.php\/2025\/12\/29\/katia-itzel-garcia-sexta-mejor-arbitra-del-mundo\/","og_locale":"es_MX","og_type":"article","og_title":"Katia Itzel Garc\u00eda sexta mejor \u00e1rbitra del mundo - Alas Medios","og_description":"Con autoridad, temple y visi\u00f3n de juego, Katia Itzel Garc\u00eda cerr\u00f3 un ciclo dorado para su carrera y para el","og_url":"https:\/\/www.alasmedios.com\/index.php\/2025\/12\/29\/katia-itzel-garcia-sexta-mejor-arbitra-del-mundo\/","og_site_name":"Alas Medios","article_published_time":"2025-12-29T15:28:50+00:00","article_modified_time":"2026-01-06T19:27:29+00:00","og_image":[{"width":2000,"height":1214,"url":"https:\/\/www.alasmedios.com\/wp-content\/uploads\/2025\/12\/Katia-Itzel-Garcia-sexta-mejor-arbitra-del-mundo.png","type":"image\/png"}],"author":"Keila Rodr\u00edguez Pe\u00f1a","twitter_card":"summary_large_image","twitter_misc":{"Escrito por":"Keila Rodr\u00edguez Pe\u00f1a","Tiempo de lectura":"2 minutos"},"schema":{"@context":"https:\/\/schema.org","@graph":[{"@type":"Article","@id":"https:\/\/www.alasmedios.com\/index.php\/2025\/12\/29\/katia-itzel-garcia-sexta-mejor-arbitra-del-mundo\/#article","isPartOf":{"@id":"https:\/\/www.alasmedios.com\/index.php\/2025\/12\/29\/katia-itzel-garcia-sexta-mejor-arbitra-del-mundo\/"},"author":{"name":"Keila Rodr\u00edguez Pe\u00f1a","@id":"https:\/\/www.alasmedios.com\/#\/schema\/person\/0ba31bdd19a05ebf5c7fef1fedf99c34"},"headline":"Katia Itzel Garc\u00eda sexta mejor \u00e1rbitra del mundo","datePublished":"2025-12-29T15:28:50+00:00","dateModified":"2026-01-06T19:27:29+00:00","mainEntityOfPage":{"@id":"https:\/\/www.alasmedios.com\/index.php\/2025\/12\/29\/katia-itzel-garcia-sexta-mejor-arbitra-del-mundo\/"},"wordCount":500,"commentCount":0,"publisher":{"@id":"https:\/\/www.alasmedios.com\/#organization"},"image":{"@id":"https:\/\/www.alasmedios.com\/index.php\/2025\/12\/29\/katia-itzel-garcia-sexta-mejor-arbitra-del-mundo\/#primaryimage"},"thumbnailUrl":"https:\/\/www.alasmedios.com\/wp-content\/uploads\/2025\/12\/Katia-Itzel-Garcia-sexta-mejor-arbitra-del-mundo.png","keywords":["arbitraje","deportes","f\u00fatbol","IFFHS","Katia Itzel Garc\u00eda","Mujeres"],"articleSection":["Deportes","Ellas Dicen"],"inLanguage":"es","potentialAction":[{"@type":"CommentAction","name":"Comment","target":["https:\/\/www.alasmedios.com\/index.php\/2025\/12\/29\/katia-itzel-garcia-sexta-mejor-arbitra-del-mundo\/#respond"]}]},{"@type":"WebPage","@id":"https:\/\/www.alasmedios.com\/index.php\/2025\/12\/29\/katia-itzel-garcia-sexta-mejor-arbitra-del-mundo\/","url":"https:\/\/www.alasmedios.com\/index.php\/2025\/12\/29\/katia-itzel-garcia-sexta-mejor-arbitra-del-mundo\/","name":"Katia Itzel Garc\u00eda sexta mejor \u00e1rbitra del mundo - Alas Medios","isPartOf":{"@id":"https:\/\/www.alasmedios.com\/#website"},"primaryImageOfPage":{"@id":"https:\/\/www.alasmedios.com\/index.php\/2025\/12\/29\/katia-itzel-garcia-sexta-mejor-arbitra-del-mundo\/#primaryimage"},"image":{"@id":"https:\/\/www.alasmedios.com\/index.php\/2025\/12\/29\/katia-itzel-garcia-sexta-mejor-arbitra-del-mundo\/#primaryimage"},"thumbnailUrl":"https:\/\/www.alasmedios.com\/wp-content\/uploads\/2025\/12\/Katia-Itzel-Garcia-sexta-mejor-arbitra-del-mundo.png","datePublished":"2025-12-29T15:28:50+00:00","dateModified":"2026-01-06T19:27:29+00:00","breadcrumb":{"@id":"https:\/\/www.alasmedios.com\/index.php\/2025\/12\/29\/katia-itzel-garcia-sexta-mejor-arbitra-del-mundo\/#breadcrumb"},"inLanguage":"es","potentialAction":[{"@type":"ReadAction","target":["https:\/\/www.alasmedios.com\/index.php\/2025\/12\/29\/katia-itzel-garcia-sexta-mejor-arbitra-del-mundo\/"]}]},{"@type":"ImageObject","inLanguage":"es","@id":"https:\/\/www.alasmedios.com\/index.php\/2025\/12\/29\/katia-itzel-garcia-sexta-mejor-arbitra-del-mundo\/#primaryimage","url":"https:\/\/www.alasmedios.com\/wp-content\/uploads\/2025\/12\/Katia-Itzel-Garcia-sexta-mejor-arbitra-del-mundo.png","contentUrl":"https:\/\/www.alasmedios.com\/wp-content\/uploads\/2025\/12\/Katia-Itzel-Garcia-sexta-mejor-arbitra-del-mundo.png","width":2000,"height":1214},{"@type":"BreadcrumbList","@id":"https:\/\/www.alasmedios.com\/index.php\/2025\/12\/29\/katia-itzel-garcia-sexta-mejor-arbitra-del-mundo\/#breadcrumb","itemListElement":[{"@type":"ListItem","position":1,"name":"Inicio","item":"https:\/\/www.alasmedios.com\/"},{"@type":"ListItem","position":2,"name":"Katia Itzel Garc\u00eda sexta mejor \u00e1rbitra del mundo"}]},{"@type":"WebSite","@id":"https:\/\/www.alasmedios.com\/#website","url":"https:\/\/www.alasmedios.com\/","name":"Alas Medios","description":"Alas para pensar, Alas para volar, Alas de libertad","publisher":{"@id":"https:\/\/www.alasmedios.com\/#organization"},"potentialAction":[{"@type":"SearchAction","target":{"@type":"EntryPoint","urlTemplate":"https:\/\/www.alasmedios.com\/?s={search_term_string}"},"query-input":{"@type":"PropertyValueSpecification","valueRequired":true,"valueName":"search_term_string"}}],"inLanguage":"es"},{"@type":"Organization","@id":"https:\/\/www.alasmedios.com\/#organization","name":"Alas Medios","url":"https:\/\/www.alasmedios.com\/","logo":{"@type":"ImageObject","inLanguage":"es","@id":"https:\/\/www.alasmedios.com\/#\/schema\/logo\/image\/","url":"https:\/\/www.alasmedios.com\/wp-content\/uploads\/2026\/01\/cropped-cropped-GAM-1.png","contentUrl":"https:\/\/www.alasmedios.com\/wp-content\/uploads\/2026\/01\/cropped-cropped-GAM-1.png","width":467,"height":235,"caption":"Alas Medios"},"image":{"@id":"https:\/\/www.alasmedios.com\/#\/schema\/logo\/image\/"}},{"@type":"Person","@id":"https:\/\/www.alasmedios.com\/#\/schema\/person\/0ba31bdd19a05ebf5c7fef1fedf99c34","name":"Keila Rodr\u00edguez Pe\u00f1a","image":{"@type":"ImageObject","inLanguage":"es","@id":"https:\/\/secure.gravatar.com\/avatar\/a2553a2bfaa601b9d539b617c8793e151bdffb60f9e48a249912f86d4c9ebeef?s=96&d=mm&r=g","url":"https:\/\/secure.gravatar.com\/avatar\/a2553a2bfaa601b9d539b617c8793e151bdffb60f9e48a249912f86d4c9ebeef?s=96&d=mm&r=g","contentUrl":"https:\/\/secure.gravatar.com\/avatar\/a2553a2bfaa601b9d539b617c8793e151bdffb60f9e48a249912f86d4c9ebeef?s=96&d=mm&r=g","caption":"Keila Rodr\u00edguez Pe\u00f1a"},"sameAs":["http:\/\/www.alasmedios.com"],"url":"https:\/\/www.alasmedios.com\/index.php\/author\/keila\/"}]}},"_links":{"self":[{"href":"https:\/\/www.alasmedios.com\/index.php\/wp-json\/wp\/v2\/posts\/7273","targetHints":{"allow":["GET"]}}],"collection":[{"href":"https:\/\/www.alasmedios.com\/index.php\/wp-json\/wp\/v2\/posts"}],"about":[{"href":"https:\/\/www.alasmedios.com\/index.php\/wp-json\/wp\/v2\/types\/post"}],"author":[{"embeddable":true,"href":"https:\/\/www.alasmedios.com\/index.php\/wp-json\/wp\/v2\/users\/4"}],"replies":[{"embeddable":true,"href":"https:\/\/www.alasmedios.com\/index.php\/wp-json\/wp\/v2\/comments?post=7273"}],"version-history":[{"count":1,"href":"https:\/\/www.alasmedios.com\/index.php\/wp-json\/wp\/v2\/posts\/7273\/revisions"}],"predecessor-version":[{"id":7275,"href":"https:\/\/www.alasmedios.com\/index.php\/wp-json\/wp\/v2\/posts\/7273\/revisions\/7275"}],"wp:featuredmedia":[{"embeddable":true,"href":"https:\/\/www.alasmedios.com\/index.php\/wp-json\/wp\/v2\/media\/7274"}],"wp:attachment":[{"href":"https:\/\/www.alasmedios.com\/index.php\/wp-json\/wp\/v2\/media?parent=7273"}],"wp:term":[{"taxonomy":"category","embeddable":true,"href":"https:\/\/www.alasmedios.com\/index.php\/wp-json\/wp\/v2\/categories?post=7273"},{"taxonomy":"post_tag","embeddable":true,"href":"https:\/\/www.alasmedios.com\/index.php\/wp-json\/wp\/v2\/tags?post=7273"}],"curies":[{"name":"wp","href":"https:\/\/api.w.org\/{rel}","templated":true}]}}