{"id":6981,"date":"2025-11-29T14:51:44","date_gmt":"2025-11-29T20:51:44","guid":{"rendered":"https:\/\/www.alasmedios.com\/?p=6981"},"modified":"2025-11-29T14:51:45","modified_gmt":"2025-11-29T20:51:45","slug":"lo-que-debes-evitar-decir-cuando-una-mujer-confia-que-fue-agredida","status":"publish","type":"post","link":"https:\/\/www.alasmedios.com\/index.php\/2025\/11\/29\/lo-que-debes-evitar-decir-cuando-una-mujer-confia-que-fue-agredida\/","title":{"rendered":"Lo que debes evitar decir cuando una mujer conf\u00eda que fue agredida"},"content":{"rendered":"\n<p>Cuando alguien te conf\u00eda que sufri\u00f3 <strong>violencia <\/strong>\u2014f\u00edsica, psicol\u00f3gica, sexual o de g\u00e9nero\u2014 la respuesta puede marcar la diferencia entre aliviar su dolor o profundizarlo. <\/p>\n\n\n\n<p>Pero muchas veces, sin mala intenci\u00f3n, repetimos frases o actitudes que revictimizan. Aqu\u00ed algunas de las cosas que conviene evitar \u2014y por qu\u00e9\u2014 cuando una mujer te revela que fue v\u00edctima de agresi\u00f3n:<\/p>\n\n\n\n<h3 class=\"wp-block-heading\">Qu\u00e9 <strong>no<\/strong> decir \u2014 y por qu\u00e9 lastima<\/h3>\n\n\n\n<ul class=\"wp-block-list\">\n<li><strong>\u201c\u00bfEst\u00e1s segura? \u00bfSeguro sucedi\u00f3 as\u00ed?\u201d<\/strong><br>Cuestionar su versi\u00f3n pone en duda su palabra. Con ello se siembra desconfianza, se a\u00f1ade culpa y se corre el riesgo de revictimizar a quien ya sufri\u00f3.<\/li>\n\n\n\n<li><strong>\u201c\u00bfQu\u00e9 hiciste para provocarlo?\u201d, \u201c\u00bfPor qu\u00e9 no reaccionaste?\u201d<\/strong><br>Comentarios que indagan \u2014o juzgan\u2014 decisiones pasadas o reacciones en el momento de la agresi\u00f3n culpan a la v\u00edctima. Eso les resta autoridad moral para hablar, y las puede llevar a retraerse o sentirse responsables de lo ocurrido. <\/li>\n\n\n\n<li><strong>\u201cNo exageres, seguro no fue para tanto\u201d \/ \u201c\u00bfPor qu\u00e9 lo haces tanto drama?\u201d<\/strong><br>Minimizar el da\u00f1o \u2014f\u00edsico, psicol\u00f3gico o emocional\u2014 invalida su sufrimiento. Puede reforzar la idea de que pedir ayuda o expresar dolor es \u201cdemasiado\u201d, dificultando que la v\u00edctima busque apoyo o incluso atenci\u00f3n m\u00e9dica.<\/li>\n\n\n\n<li><strong>\u201cNo te conviene denunciar \/ mejor no lo digas\u201d<\/strong><br>Desalentarlas a denunciar al agresor, ya sea por miedo, culpa, verg\u00fcenza o supuestas \u201cconsecuencias\u201d. Esta actitud fomenta el silencio, perpet\u00faa la impunidad y agrava el aislamiento.<\/li>\n\n\n\n<li><strong>\u201cTe lo merec\u00edas \/ algo debiste hacer diferente\u201d<\/strong><br>Culpabilizar a la v\u00edctima es una de las formas m\u00e1s agresivas de revictimizaci\u00f3n. Ese tipo de afirmaciones legitiman al agresor, invisibilizan la violencia de g\u00e9nero y desalientan a la mujer a buscar justicia o apoyo.<\/li>\n<\/ul>\n\n\n\n<p>CONTIN\u00daA LEYENDO: <a href=\"https:\/\/www.alasmedios.com\/index.php\/2025\/11\/27\/pero-si-es-buena-persona-la-frase-que-protege-agresores\/\" data-type=\"post\" data-id=\"6940\">\u201cPero si es buena persona\u201d: la frase que protege agresores<\/a><\/p>\n\n\n\n<h3 class=\"wp-block-heading\">Qu\u00e9 proponemos en su lugar: actitudes de apoyo y escucha<\/h3>\n\n\n\n<p><strong>Escucha activa y sin juzgar<\/strong>: dejar espacio para que la mujer exprese su versi\u00f3n, emociones, dudas o miedo. No insistir ni interrogar como si fueras autoridad: m\u00e1s bien ofrecer acompa\u00f1amiento.<\/p>\n\n\n\n<p><strong>Validar su experiencia<\/strong>: frases como \u201ccreo lo que me dices\u201d, \u201cgracias por confiar en m\u00ed\u201d, \u201cTienes derecho a sentirte as\u00ed\u201d ayudan a romper el aislamiento y legitiman su vivencia.<\/p>\n\n\n\n<p><strong>Ofrecer informaci\u00f3n y acompa\u00f1amiento, no soluciones inmediatas<\/strong>: recomendar acceso a servicios especializados (organizaciones de apoyo, l\u00edneas de ayuda, instituciones competentes), sin presionar. En muchos pa\u00edses existen leyes y mecanismos de apoyo dise\u00f1ados para visibilizar y atender casos de violencia.<\/p>\n\n\n\n<p><strong>Respetar su decisi\u00f3n y ritmo<\/strong>: muchas sobrevivientes necesitan tiempo para asumir lo ocurrido; exigir acciones concretas inmediatas puede ser contraproducente.<\/p>\n\n\n\n<p><strong>Evitar revictimizaci\u00f3n institucional y social<\/strong>: proteger su privacidad, no divulgar detalles sin su consentimiento, evitar cuestionamientos sobre su vida personal. La revictimizaci\u00f3n muchas veces se intensifica cuando, adem\u00e1s del agresor, la v\u00edctima enfrenta incredulidad, estigma o castigo social.<\/p>\n\n\n\n<h3 class=\"wp-block-heading\">Por qu\u00e9 importa<\/h3>\n\n\n\n<p>La violencia contra las <strong>mujeres <\/strong>\u2014incluyendo violencia de g\u00e9nero, f\u00edsica, sexual, psicol\u00f3gica o simb\u00f3lica\u2014 es una grave <strong>vulneraci\u00f3n de derechos humanos<\/strong>. <\/p>\n\n\n\n<p>En pa\u00edses como M\u00e9xico, la Ley General de Acceso de las Mujeres a una Vida Libre de Violencia define esa violencia como cualquier acci\u00f3n u omisi\u00f3n basada en g\u00e9nero que cause da\u00f1o o sufrimiento. <\/p>\n\n\n\n<p>TE PUEDE INTERESAR: <a href=\"https:\/\/www.alasmedios.com\/index.php\/2025\/11\/29\/recuperar-la-vida-fundacion-carmen-sanchez-mx\/\" data-type=\"post\" data-id=\"6976\">Recuperar la vida: Fundaci\u00f3n Carmen S\u00e1nchez MX<\/a><\/p>\n\n\n\n<p><strong>Cuando los entornos cercanos reaccionan con dudas, culpas o silencios, se perpet\u00faa el da\u00f1o<\/strong>: muchas mujeres optan por callar, no denunciar, sobrevivir en soledad. <\/p>\n\n\n\n<p>Eso fortalece la impunidad de los agresores y debilita las redes de apoyo. Por eso, la forma de responder frente a una confesi\u00f3n de violencia \u2014individual, social o institucional\u2014 puede ser determinante para la sanaci\u00f3n de la mujer.<\/p>\n\n\n\n<p>Si alguien te conf\u00eda que sufri\u00f3 una agresi\u00f3n, tus primeras palabras importan. Lo que <strong>dices<\/strong> puede aliviar su dolor, reforzar su dignidad, abrir puertas a acompa\u00f1amiento y justicia. Al contrario, frases de duda, culpa o indiferencia s\u00f3lo a\u00f1aden heridas.<\/p>\n\n\n\n<p><strong>Escuchar sin juzgar<\/strong>, validar su experiencia, respetar su ritmo y ofrecer acompa\u00f1amiento puede ser, en muchos casos, el primer paso hacia la reconstrucci\u00f3n de su vida.<\/p>\n\n\n<ul class=\"wp-block-latest-posts__list is-grid columns-3 wp-block-latest-posts\"><li><div class=\"wp-block-latest-posts__featured-image\"><img loading=\"lazy\" decoding=\"async\" width=\"150\" height=\"150\" src=\"https:\/\/www.alasmedios.com\/wp-content\/uploads\/2026\/05\/AMPEP-inteligencia-artificial-150x150.jpg\" class=\"attachment-thumbnail size-thumbnail wp-post-image\" alt=\"\" style=\"\" \/><\/div><a class=\"wp-block-latest-posts__post-title\" href=\"https:\/\/www.alasmedios.com\/index.php\/2026\/05\/01\/periodismo-frente-a-la-ia-ampep-asume-liderazgo-y-apuesta-por-contar-historias-con-alma\/\">Periodismo frente a la IA: AMPEP asume liderazgo y apuesta por contar historias con \u201calma\u201d<\/a><\/li>\n<li><div class=\"wp-block-latest-posts__featured-image\"><img loading=\"lazy\" decoding=\"async\" width=\"150\" height=\"150\" src=\"https:\/\/www.alasmedios.com\/wp-content\/uploads\/2026\/05\/Hidalgo-viene-un-respiro-con-el-frente-frio-48-150x150.png\" class=\"attachment-thumbnail size-thumbnail wp-post-image\" alt=\"\" style=\"\" \/><\/div><a class=\"wp-block-latest-posts__post-title\" href=\"https:\/\/www.alasmedios.com\/index.php\/2026\/05\/01\/frente-frio-48-un-alivio-asi-impactara-en-hidalgo\/\">Frente fr\u00edo 48, un alivio: as\u00ed impactar\u00e1 en Hidalgo<\/a><\/li>\n<li><div class=\"wp-block-latest-posts__featured-image\"><img loading=\"lazy\" decoding=\"async\" width=\"150\" height=\"150\" src=\"https:\/\/www.alasmedios.com\/wp-content\/uploads\/2026\/05\/mujeres-depresion-posparto-150x150.png\" class=\"attachment-thumbnail size-thumbnail wp-post-image\" alt=\"\" style=\"\" \/><\/div><a class=\"wp-block-latest-posts__post-title\" href=\"https:\/\/www.alasmedios.com\/index.php\/2026\/05\/01\/1-de-cada-15-mujeres-sufre-depresion-posparto\/\">1 de cada 15 mujeres sufre depresi\u00f3n posparto<\/a><\/li>\n<\/ul>","protected":false},"excerpt":{"rendered":"<p>Cuando alguien te conf\u00eda que sufri\u00f3 violencia \u2014f\u00edsica, psicol\u00f3gica, sexual o de g\u00e9nero\u2014 la respuesta puede marcar la diferencia entre<\/p>\n","protected":false},"author":4,"featured_media":6982,"comment_status":"open","ping_status":"open","sticky":false,"template":"","format":"standard","meta":{"colormag_page_container_layout":"default_layout","colormag_page_sidebar_layout":"default_layout","rop_custom_images_group":[],"rop_custom_messages_group":[],"rop_publish_now":"initial","rop_publish_now_accounts":[],"rop_publish_now_history":[],"rop_publish_now_status":"pending","iawp_total_views":0,"footnotes":""},"categories":[45,42],"tags":[895,243,53,190,121],"class_list":["post-6981","post","type-post","status-publish","format-standard","has-post-thumbnail","hentry","category-ellas-dicen","category-familia_salud","tag-16-dias-de-activismo","tag-apoyo","tag-mujeres","tag-ninas","tag-violencia-de-genero-2"],"magazineBlocksPostFeaturedMedia":{"thumbnail":"https:\/\/www.alasmedios.com\/wp-content\/uploads\/2025\/11\/Lo-que-debes-evitar-decir-cuando-una-mujer-confia-que-fue-agredida-150x150.png","medium":"https:\/\/www.alasmedios.com\/wp-content\/uploads\/2025\/11\/Lo-que-debes-evitar-decir-cuando-una-mujer-confia-que-fue-agredida-300x182.png","medium_large":"https:\/\/www.alasmedios.com\/wp-content\/uploads\/2025\/11\/Lo-que-debes-evitar-decir-cuando-una-mujer-confia-que-fue-agredida-768x466.png","large":"https:\/\/www.alasmedios.com\/wp-content\/uploads\/2025\/11\/Lo-que-debes-evitar-decir-cuando-una-mujer-confia-que-fue-agredida-1024x622.png","1536x1536":"https:\/\/www.alasmedios.com\/wp-content\/uploads\/2025\/11\/Lo-que-debes-evitar-decir-cuando-una-mujer-confia-que-fue-agredida-1536x932.png","2048x2048":"https:\/\/www.alasmedios.com\/wp-content\/uploads\/2025\/11\/Lo-que-debes-evitar-decir-cuando-una-mujer-confia-que-fue-agredida.png","colormag-highlighted-post":"https:\/\/www.alasmedios.com\/wp-content\/uploads\/2025\/11\/Lo-que-debes-evitar-decir-cuando-una-mujer-confia-que-fue-agredida-392x272.png","colormag-featured-post-medium":"https:\/\/www.alasmedios.com\/wp-content\/uploads\/2025\/11\/Lo-que-debes-evitar-decir-cuando-una-mujer-confia-que-fue-agredida-390x205.png","colormag-featured-post-small":"https:\/\/www.alasmedios.com\/wp-content\/uploads\/2025\/11\/Lo-que-debes-evitar-decir-cuando-una-mujer-confia-que-fue-agredida-130x90.png","colormag-featured-image":"https:\/\/www.alasmedios.com\/wp-content\/uploads\/2025\/11\/Lo-que-debes-evitar-decir-cuando-una-mujer-confia-que-fue-agredida-800x445.png","colormag-default-news":"https:\/\/www.alasmedios.com\/wp-content\/uploads\/2025\/11\/Lo-que-debes-evitar-decir-cuando-una-mujer-confia-que-fue-agredida-150x150.png","colormag-featured-image-large":"https:\/\/www.alasmedios.com\/wp-content\/uploads\/2025\/11\/Lo-que-debes-evitar-decir-cuando-una-mujer-confia-que-fue-agredida-1400x600.png"},"magazineBlocksPostAuthor":{"name":"Keila Rodr\u00edguez Pe\u00f1a","avatar":"https:\/\/secure.gravatar.com\/avatar\/a2553a2bfaa601b9d539b617c8793e151bdffb60f9e48a249912f86d4c9ebeef?s=96&d=mm&r=g"},"magazineBlocksPostCommentsNumber":"0","magazineBlocksPostExcerpt":"Cuando alguien te conf\u00eda que sufri\u00f3 violencia \u2014f\u00edsica, psicol\u00f3gica, sexual o de g\u00e9nero\u2014 la respuesta puede marcar la diferencia entre","magazineBlocksPostCategories":["Ellas Dicen","Familia y Bienestar"],"magazineBlocksPostViewCount":201,"magazineBlocksPostReadTime":4,"magazine_blocks_featured_image_url":{"full":["https:\/\/www.alasmedios.com\/wp-content\/uploads\/2025\/11\/Lo-que-debes-evitar-decir-cuando-una-mujer-confia-que-fue-agredida.png",2000,1214,false],"medium":["https:\/\/www.alasmedios.com\/wp-content\/uploads\/2025\/11\/Lo-que-debes-evitar-decir-cuando-una-mujer-confia-que-fue-agredida-300x182.png",300,182,true],"thumbnail":["https:\/\/www.alasmedios.com\/wp-content\/uploads\/2025\/11\/Lo-que-debes-evitar-decir-cuando-una-mujer-confia-que-fue-agredida-150x150.png",150,150,true]},"magazine_blocks_author":{"display_name":"Keila Rodr\u00edguez Pe\u00f1a","author_link":"https:\/\/www.alasmedios.com\/index.php\/author\/keila\/"},"magazine_blocks_comment":0,"magazine_blocks_author_image":"https:\/\/secure.gravatar.com\/avatar\/a2553a2bfaa601b9d539b617c8793e151bdffb60f9e48a249912f86d4c9ebeef?s=96&d=mm&r=g","magazine_blocks_category":"<a href=\"#\" class=\"category-link category-link-45\">Ellas Dicen<\/a> <a href=\"#\" class=\"category-link category-link-42\">Familia y Bienestar<\/a>","yoast_head":"<!-- This site is optimized with the Yoast SEO plugin v27.5 - https:\/\/yoast.com\/product\/yoast-seo-wordpress\/ -->\r\n<title>Lo que debes evitar decir cuando una mujer conf\u00eda que fue agredida - Alas Medios<\/title>\r\n<meta name=\"robots\" content=\"index, follow, max-snippet:-1, max-image-preview:large, max-video-preview:-1\" \/>\r\n<link rel=\"canonical\" href=\"https:\/\/www.alasmedios.com\/index.php\/2025\/11\/29\/lo-que-debes-evitar-decir-cuando-una-mujer-confia-que-fue-agredida\/\" \/>\r\n<meta property=\"og:locale\" content=\"es_MX\" \/>\r\n<meta property=\"og:type\" content=\"article\" \/>\r\n<meta property=\"og:title\" content=\"Lo que debes evitar decir cuando una mujer conf\u00eda que fue agredida - Alas Medios\" \/>\r\n<meta property=\"og:description\" content=\"Cuando alguien te conf\u00eda que sufri\u00f3 violencia \u2014f\u00edsica, psicol\u00f3gica, sexual o de g\u00e9nero\u2014 la respuesta puede marcar la diferencia entre\" \/>\r\n<meta property=\"og:url\" content=\"https:\/\/www.alasmedios.com\/index.php\/2025\/11\/29\/lo-que-debes-evitar-decir-cuando-una-mujer-confia-que-fue-agredida\/\" \/>\r\n<meta property=\"og:site_name\" content=\"Alas Medios\" \/>\r\n<meta property=\"article:published_time\" content=\"2025-11-29T20:51:44+00:00\" \/>\r\n<meta property=\"article:modified_time\" content=\"2025-11-29T20:51:45+00:00\" \/>\r\n<meta property=\"og:image\" content=\"https:\/\/www.alasmedios.com\/wp-content\/uploads\/2025\/11\/Lo-que-debes-evitar-decir-cuando-una-mujer-confia-que-fue-agredida-1024x622.png\" \/>\r\n\t<meta property=\"og:image:width\" content=\"1024\" \/>\r\n\t<meta property=\"og:image:height\" content=\"622\" \/>\r\n\t<meta property=\"og:image:type\" content=\"image\/png\" \/>\r\n<meta name=\"author\" content=\"Keila Rodr\u00edguez Pe\u00f1a\" \/>\r\n<meta name=\"twitter:card\" content=\"summary_large_image\" \/>\r\n<meta name=\"twitter:label1\" content=\"Escrito por\" \/>\n\t<meta name=\"twitter:data1\" content=\"Keila Rodr\u00edguez Pe\u00f1a\" \/>\n\t<meta name=\"twitter:label2\" content=\"Tiempo de lectura\" \/>\n\t<meta name=\"twitter:data2\" content=\"4 minutos\" \/>\r\n<script type=\"application\/ld+json\" class=\"yoast-schema-graph\">{\"@context\":\"https:\\\/\\\/schema.org\",\"@graph\":[{\"@type\":\"Article\",\"@id\":\"https:\\\/\\\/www.alasmedios.com\\\/index.php\\\/2025\\\/11\\\/29\\\/lo-que-debes-evitar-decir-cuando-una-mujer-confia-que-fue-agredida\\\/#article\",\"isPartOf\":{\"@id\":\"https:\\\/\\\/www.alasmedios.com\\\/index.php\\\/2025\\\/11\\\/29\\\/lo-que-debes-evitar-decir-cuando-una-mujer-confia-que-fue-agredida\\\/\"},\"author\":{\"name\":\"Keila Rodr\u00edguez Pe\u00f1a\",\"@id\":\"https:\\\/\\\/www.alasmedios.com\\\/#\\\/schema\\\/person\\\/0ba31bdd19a05ebf5c7fef1fedf99c34\"},\"headline\":\"Lo que debes evitar decir cuando una mujer conf\u00eda que fue agredida\",\"datePublished\":\"2025-11-29T20:51:44+00:00\",\"dateModified\":\"2025-11-29T20:51:45+00:00\",\"mainEntityOfPage\":{\"@id\":\"https:\\\/\\\/www.alasmedios.com\\\/index.php\\\/2025\\\/11\\\/29\\\/lo-que-debes-evitar-decir-cuando-una-mujer-confia-que-fue-agredida\\\/\"},\"wordCount\":714,\"commentCount\":0,\"publisher\":{\"@id\":\"https:\\\/\\\/www.alasmedios.com\\\/#organization\"},\"image\":{\"@id\":\"https:\\\/\\\/www.alasmedios.com\\\/index.php\\\/2025\\\/11\\\/29\\\/lo-que-debes-evitar-decir-cuando-una-mujer-confia-que-fue-agredida\\\/#primaryimage\"},\"thumbnailUrl\":\"https:\\\/\\\/www.alasmedios.com\\\/wp-content\\\/uploads\\\/2025\\\/11\\\/Lo-que-debes-evitar-decir-cuando-una-mujer-confia-que-fue-agredida.png\",\"keywords\":[\"16 d\u00edas de activismo\",\"apoyo\",\"Mujeres\",\"ni\u00f1as\",\"violencia de g\u00e9nero\"],\"articleSection\":[\"Ellas Dicen\",\"Familia y Bienestar\"],\"inLanguage\":\"es\",\"potentialAction\":[{\"@type\":\"CommentAction\",\"name\":\"Comment\",\"target\":[\"https:\\\/\\\/www.alasmedios.com\\\/index.php\\\/2025\\\/11\\\/29\\\/lo-que-debes-evitar-decir-cuando-una-mujer-confia-que-fue-agredida\\\/#respond\"]}]},{\"@type\":\"WebPage\",\"@id\":\"https:\\\/\\\/www.alasmedios.com\\\/index.php\\\/2025\\\/11\\\/29\\\/lo-que-debes-evitar-decir-cuando-una-mujer-confia-que-fue-agredida\\\/\",\"url\":\"https:\\\/\\\/www.alasmedios.com\\\/index.php\\\/2025\\\/11\\\/29\\\/lo-que-debes-evitar-decir-cuando-una-mujer-confia-que-fue-agredida\\\/\",\"name\":\"Lo que debes evitar decir cuando una mujer conf\u00eda que fue agredida - Alas Medios\",\"isPartOf\":{\"@id\":\"https:\\\/\\\/www.alasmedios.com\\\/#website\"},\"primaryImageOfPage\":{\"@id\":\"https:\\\/\\\/www.alasmedios.com\\\/index.php\\\/2025\\\/11\\\/29\\\/lo-que-debes-evitar-decir-cuando-una-mujer-confia-que-fue-agredida\\\/#primaryimage\"},\"image\":{\"@id\":\"https:\\\/\\\/www.alasmedios.com\\\/index.php\\\/2025\\\/11\\\/29\\\/lo-que-debes-evitar-decir-cuando-una-mujer-confia-que-fue-agredida\\\/#primaryimage\"},\"thumbnailUrl\":\"https:\\\/\\\/www.alasmedios.com\\\/wp-content\\\/uploads\\\/2025\\\/11\\\/Lo-que-debes-evitar-decir-cuando-una-mujer-confia-que-fue-agredida.png\",\"datePublished\":\"2025-11-29T20:51:44+00:00\",\"dateModified\":\"2025-11-29T20:51:45+00:00\",\"breadcrumb\":{\"@id\":\"https:\\\/\\\/www.alasmedios.com\\\/index.php\\\/2025\\\/11\\\/29\\\/lo-que-debes-evitar-decir-cuando-una-mujer-confia-que-fue-agredida\\\/#breadcrumb\"},\"inLanguage\":\"es\",\"potentialAction\":[{\"@type\":\"ReadAction\",\"target\":[\"https:\\\/\\\/www.alasmedios.com\\\/index.php\\\/2025\\\/11\\\/29\\\/lo-que-debes-evitar-decir-cuando-una-mujer-confia-que-fue-agredida\\\/\"]}]},{\"@type\":\"ImageObject\",\"inLanguage\":\"es\",\"@id\":\"https:\\\/\\\/www.alasmedios.com\\\/index.php\\\/2025\\\/11\\\/29\\\/lo-que-debes-evitar-decir-cuando-una-mujer-confia-que-fue-agredida\\\/#primaryimage\",\"url\":\"https:\\\/\\\/www.alasmedios.com\\\/wp-content\\\/uploads\\\/2025\\\/11\\\/Lo-que-debes-evitar-decir-cuando-una-mujer-confia-que-fue-agredida.png\",\"contentUrl\":\"https:\\\/\\\/www.alasmedios.com\\\/wp-content\\\/uploads\\\/2025\\\/11\\\/Lo-que-debes-evitar-decir-cuando-una-mujer-confia-que-fue-agredida.png\",\"width\":2000,\"height\":1214},{\"@type\":\"BreadcrumbList\",\"@id\":\"https:\\\/\\\/www.alasmedios.com\\\/index.php\\\/2025\\\/11\\\/29\\\/lo-que-debes-evitar-decir-cuando-una-mujer-confia-que-fue-agredida\\\/#breadcrumb\",\"itemListElement\":[{\"@type\":\"ListItem\",\"position\":1,\"name\":\"Inicio\",\"item\":\"https:\\\/\\\/www.alasmedios.com\\\/\"},{\"@type\":\"ListItem\",\"position\":2,\"name\":\"Lo que debes evitar decir cuando una mujer conf\u00eda que fue agredida\"}]},{\"@type\":\"WebSite\",\"@id\":\"https:\\\/\\\/www.alasmedios.com\\\/#website\",\"url\":\"https:\\\/\\\/www.alasmedios.com\\\/\",\"name\":\"Alas Medios\",\"description\":\"Alas para pensar, Alas para volar, Alas de libertad\",\"publisher\":{\"@id\":\"https:\\\/\\\/www.alasmedios.com\\\/#organization\"},\"potentialAction\":[{\"@type\":\"SearchAction\",\"target\":{\"@type\":\"EntryPoint\",\"urlTemplate\":\"https:\\\/\\\/www.alasmedios.com\\\/?s={search_term_string}\"},\"query-input\":{\"@type\":\"PropertyValueSpecification\",\"valueRequired\":true,\"valueName\":\"search_term_string\"}}],\"inLanguage\":\"es\"},{\"@type\":\"Organization\",\"@id\":\"https:\\\/\\\/www.alasmedios.com\\\/#organization\",\"name\":\"Alas Medios\",\"url\":\"https:\\\/\\\/www.alasmedios.com\\\/\",\"logo\":{\"@type\":\"ImageObject\",\"inLanguage\":\"es\",\"@id\":\"https:\\\/\\\/www.alasmedios.com\\\/#\\\/schema\\\/logo\\\/image\\\/\",\"url\":\"https:\\\/\\\/www.alasmedios.com\\\/wp-content\\\/uploads\\\/2026\\\/01\\\/cropped-cropped-GAM-1.png\",\"contentUrl\":\"https:\\\/\\\/www.alasmedios.com\\\/wp-content\\\/uploads\\\/2026\\\/01\\\/cropped-cropped-GAM-1.png\",\"width\":467,\"height\":235,\"caption\":\"Alas Medios\"},\"image\":{\"@id\":\"https:\\\/\\\/www.alasmedios.com\\\/#\\\/schema\\\/logo\\\/image\\\/\"}},{\"@type\":\"Person\",\"@id\":\"https:\\\/\\\/www.alasmedios.com\\\/#\\\/schema\\\/person\\\/0ba31bdd19a05ebf5c7fef1fedf99c34\",\"name\":\"Keila Rodr\u00edguez Pe\u00f1a\",\"image\":{\"@type\":\"ImageObject\",\"inLanguage\":\"es\",\"@id\":\"https:\\\/\\\/secure.gravatar.com\\\/avatar\\\/a2553a2bfaa601b9d539b617c8793e151bdffb60f9e48a249912f86d4c9ebeef?s=96&d=mm&r=g\",\"url\":\"https:\\\/\\\/secure.gravatar.com\\\/avatar\\\/a2553a2bfaa601b9d539b617c8793e151bdffb60f9e48a249912f86d4c9ebeef?s=96&d=mm&r=g\",\"contentUrl\":\"https:\\\/\\\/secure.gravatar.com\\\/avatar\\\/a2553a2bfaa601b9d539b617c8793e151bdffb60f9e48a249912f86d4c9ebeef?s=96&d=mm&r=g\",\"caption\":\"Keila Rodr\u00edguez Pe\u00f1a\"},\"sameAs\":[\"http:\\\/\\\/www.alasmedios.com\"],\"url\":\"https:\\\/\\\/www.alasmedios.com\\\/index.php\\\/author\\\/keila\\\/\"}]}<\/script>\r\n<!-- \/ Yoast SEO plugin. -->","yoast_head_json":{"title":"Lo que debes evitar decir cuando una mujer conf\u00eda que fue agredida - Alas Medios","robots":{"index":"index","follow":"follow","max-snippet":"max-snippet:-1","max-image-preview":"max-image-preview:large","max-video-preview":"max-video-preview:-1"},"canonical":"https:\/\/www.alasmedios.com\/index.php\/2025\/11\/29\/lo-que-debes-evitar-decir-cuando-una-mujer-confia-que-fue-agredida\/","og_locale":"es_MX","og_type":"article","og_title":"Lo que debes evitar decir cuando una mujer conf\u00eda que fue agredida - Alas Medios","og_description":"Cuando alguien te conf\u00eda que sufri\u00f3 violencia \u2014f\u00edsica, psicol\u00f3gica, sexual o de g\u00e9nero\u2014 la respuesta puede marcar la diferencia entre","og_url":"https:\/\/www.alasmedios.com\/index.php\/2025\/11\/29\/lo-que-debes-evitar-decir-cuando-una-mujer-confia-que-fue-agredida\/","og_site_name":"Alas Medios","article_published_time":"2025-11-29T20:51:44+00:00","article_modified_time":"2025-11-29T20:51:45+00:00","og_image":[{"width":1024,"height":622,"url":"https:\/\/www.alasmedios.com\/wp-content\/uploads\/2025\/11\/Lo-que-debes-evitar-decir-cuando-una-mujer-confia-que-fue-agredida-1024x622.png","type":"image\/png"}],"author":"Keila Rodr\u00edguez Pe\u00f1a","twitter_card":"summary_large_image","twitter_misc":{"Escrito por":"Keila Rodr\u00edguez Pe\u00f1a","Tiempo de lectura":"4 minutos"},"schema":{"@context":"https:\/\/schema.org","@graph":[{"@type":"Article","@id":"https:\/\/www.alasmedios.com\/index.php\/2025\/11\/29\/lo-que-debes-evitar-decir-cuando-una-mujer-confia-que-fue-agredida\/#article","isPartOf":{"@id":"https:\/\/www.alasmedios.com\/index.php\/2025\/11\/29\/lo-que-debes-evitar-decir-cuando-una-mujer-confia-que-fue-agredida\/"},"author":{"name":"Keila Rodr\u00edguez Pe\u00f1a","@id":"https:\/\/www.alasmedios.com\/#\/schema\/person\/0ba31bdd19a05ebf5c7fef1fedf99c34"},"headline":"Lo que debes evitar decir cuando una mujer conf\u00eda que fue agredida","datePublished":"2025-11-29T20:51:44+00:00","dateModified":"2025-11-29T20:51:45+00:00","mainEntityOfPage":{"@id":"https:\/\/www.alasmedios.com\/index.php\/2025\/11\/29\/lo-que-debes-evitar-decir-cuando-una-mujer-confia-que-fue-agredida\/"},"wordCount":714,"commentCount":0,"publisher":{"@id":"https:\/\/www.alasmedios.com\/#organization"},"image":{"@id":"https:\/\/www.alasmedios.com\/index.php\/2025\/11\/29\/lo-que-debes-evitar-decir-cuando-una-mujer-confia-que-fue-agredida\/#primaryimage"},"thumbnailUrl":"https:\/\/www.alasmedios.com\/wp-content\/uploads\/2025\/11\/Lo-que-debes-evitar-decir-cuando-una-mujer-confia-que-fue-agredida.png","keywords":["16 d\u00edas de activismo","apoyo","Mujeres","ni\u00f1as","violencia de g\u00e9nero"],"articleSection":["Ellas Dicen","Familia y Bienestar"],"inLanguage":"es","potentialAction":[{"@type":"CommentAction","name":"Comment","target":["https:\/\/www.alasmedios.com\/index.php\/2025\/11\/29\/lo-que-debes-evitar-decir-cuando-una-mujer-confia-que-fue-agredida\/#respond"]}]},{"@type":"WebPage","@id":"https:\/\/www.alasmedios.com\/index.php\/2025\/11\/29\/lo-que-debes-evitar-decir-cuando-una-mujer-confia-que-fue-agredida\/","url":"https:\/\/www.alasmedios.com\/index.php\/2025\/11\/29\/lo-que-debes-evitar-decir-cuando-una-mujer-confia-que-fue-agredida\/","name":"Lo que debes evitar decir cuando una mujer conf\u00eda que fue agredida - Alas Medios","isPartOf":{"@id":"https:\/\/www.alasmedios.com\/#website"},"primaryImageOfPage":{"@id":"https:\/\/www.alasmedios.com\/index.php\/2025\/11\/29\/lo-que-debes-evitar-decir-cuando-una-mujer-confia-que-fue-agredida\/#primaryimage"},"image":{"@id":"https:\/\/www.alasmedios.com\/index.php\/2025\/11\/29\/lo-que-debes-evitar-decir-cuando-una-mujer-confia-que-fue-agredida\/#primaryimage"},"thumbnailUrl":"https:\/\/www.alasmedios.com\/wp-content\/uploads\/2025\/11\/Lo-que-debes-evitar-decir-cuando-una-mujer-confia-que-fue-agredida.png","datePublished":"2025-11-29T20:51:44+00:00","dateModified":"2025-11-29T20:51:45+00:00","breadcrumb":{"@id":"https:\/\/www.alasmedios.com\/index.php\/2025\/11\/29\/lo-que-debes-evitar-decir-cuando-una-mujer-confia-que-fue-agredida\/#breadcrumb"},"inLanguage":"es","potentialAction":[{"@type":"ReadAction","target":["https:\/\/www.alasmedios.com\/index.php\/2025\/11\/29\/lo-que-debes-evitar-decir-cuando-una-mujer-confia-que-fue-agredida\/"]}]},{"@type":"ImageObject","inLanguage":"es","@id":"https:\/\/www.alasmedios.com\/index.php\/2025\/11\/29\/lo-que-debes-evitar-decir-cuando-una-mujer-confia-que-fue-agredida\/#primaryimage","url":"https:\/\/www.alasmedios.com\/wp-content\/uploads\/2025\/11\/Lo-que-debes-evitar-decir-cuando-una-mujer-confia-que-fue-agredida.png","contentUrl":"https:\/\/www.alasmedios.com\/wp-content\/uploads\/2025\/11\/Lo-que-debes-evitar-decir-cuando-una-mujer-confia-que-fue-agredida.png","width":2000,"height":1214},{"@type":"BreadcrumbList","@id":"https:\/\/www.alasmedios.com\/index.php\/2025\/11\/29\/lo-que-debes-evitar-decir-cuando-una-mujer-confia-que-fue-agredida\/#breadcrumb","itemListElement":[{"@type":"ListItem","position":1,"name":"Inicio","item":"https:\/\/www.alasmedios.com\/"},{"@type":"ListItem","position":2,"name":"Lo que debes evitar decir cuando una mujer conf\u00eda que fue agredida"}]},{"@type":"WebSite","@id":"https:\/\/www.alasmedios.com\/#website","url":"https:\/\/www.alasmedios.com\/","name":"Alas Medios","description":"Alas para pensar, Alas para volar, Alas de libertad","publisher":{"@id":"https:\/\/www.alasmedios.com\/#organization"},"potentialAction":[{"@type":"SearchAction","target":{"@type":"EntryPoint","urlTemplate":"https:\/\/www.alasmedios.com\/?s={search_term_string}"},"query-input":{"@type":"PropertyValueSpecification","valueRequired":true,"valueName":"search_term_string"}}],"inLanguage":"es"},{"@type":"Organization","@id":"https:\/\/www.alasmedios.com\/#organization","name":"Alas Medios","url":"https:\/\/www.alasmedios.com\/","logo":{"@type":"ImageObject","inLanguage":"es","@id":"https:\/\/www.alasmedios.com\/#\/schema\/logo\/image\/","url":"https:\/\/www.alasmedios.com\/wp-content\/uploads\/2026\/01\/cropped-cropped-GAM-1.png","contentUrl":"https:\/\/www.alasmedios.com\/wp-content\/uploads\/2026\/01\/cropped-cropped-GAM-1.png","width":467,"height":235,"caption":"Alas Medios"},"image":{"@id":"https:\/\/www.alasmedios.com\/#\/schema\/logo\/image\/"}},{"@type":"Person","@id":"https:\/\/www.alasmedios.com\/#\/schema\/person\/0ba31bdd19a05ebf5c7fef1fedf99c34","name":"Keila Rodr\u00edguez Pe\u00f1a","image":{"@type":"ImageObject","inLanguage":"es","@id":"https:\/\/secure.gravatar.com\/avatar\/a2553a2bfaa601b9d539b617c8793e151bdffb60f9e48a249912f86d4c9ebeef?s=96&d=mm&r=g","url":"https:\/\/secure.gravatar.com\/avatar\/a2553a2bfaa601b9d539b617c8793e151bdffb60f9e48a249912f86d4c9ebeef?s=96&d=mm&r=g","contentUrl":"https:\/\/secure.gravatar.com\/avatar\/a2553a2bfaa601b9d539b617c8793e151bdffb60f9e48a249912f86d4c9ebeef?s=96&d=mm&r=g","caption":"Keila Rodr\u00edguez Pe\u00f1a"},"sameAs":["http:\/\/www.alasmedios.com"],"url":"https:\/\/www.alasmedios.com\/index.php\/author\/keila\/"}]}},"_links":{"self":[{"href":"https:\/\/www.alasmedios.com\/index.php\/wp-json\/wp\/v2\/posts\/6981","targetHints":{"allow":["GET"]}}],"collection":[{"href":"https:\/\/www.alasmedios.com\/index.php\/wp-json\/wp\/v2\/posts"}],"about":[{"href":"https:\/\/www.alasmedios.com\/index.php\/wp-json\/wp\/v2\/types\/post"}],"author":[{"embeddable":true,"href":"https:\/\/www.alasmedios.com\/index.php\/wp-json\/wp\/v2\/users\/4"}],"replies":[{"embeddable":true,"href":"https:\/\/www.alasmedios.com\/index.php\/wp-json\/wp\/v2\/comments?post=6981"}],"version-history":[{"count":1,"href":"https:\/\/www.alasmedios.com\/index.php\/wp-json\/wp\/v2\/posts\/6981\/revisions"}],"predecessor-version":[{"id":6983,"href":"https:\/\/www.alasmedios.com\/index.php\/wp-json\/wp\/v2\/posts\/6981\/revisions\/6983"}],"wp:featuredmedia":[{"embeddable":true,"href":"https:\/\/www.alasmedios.com\/index.php\/wp-json\/wp\/v2\/media\/6982"}],"wp:attachment":[{"href":"https:\/\/www.alasmedios.com\/index.php\/wp-json\/wp\/v2\/media?parent=6981"}],"wp:term":[{"taxonomy":"category","embeddable":true,"href":"https:\/\/www.alasmedios.com\/index.php\/wp-json\/wp\/v2\/categories?post=6981"},{"taxonomy":"post_tag","embeddable":true,"href":"https:\/\/www.alasmedios.com\/index.php\/wp-json\/wp\/v2\/tags?post=6981"}],"curies":[{"name":"wp","href":"https:\/\/api.w.org\/{rel}","templated":true}]}}