{"id":6976,"date":"2025-11-29T14:17:28","date_gmt":"2025-11-29T20:17:28","guid":{"rendered":"https:\/\/www.alasmedios.com\/?p=6976"},"modified":"2025-11-29T14:17:31","modified_gmt":"2025-11-29T20:17:31","slug":"recuperar-la-vida-fundacion-carmen-sanchez-mx","status":"publish","type":"post","link":"https:\/\/www.alasmedios.com\/index.php\/2025\/11\/29\/recuperar-la-vida-fundacion-carmen-sanchez-mx\/","title":{"rendered":"Recuperar la vida: Fundaci\u00f3n Carmen S\u00e1nchez MX"},"content":{"rendered":"\n<p>La <strong>Fundaci\u00f3n Carmen S\u00e1nchez MX<\/strong> llev\u00f3 al Valle de Toluca una reflexi\u00f3n urgente sobre las violencias extremas que enfrentan las mujeres. En la <strong>Junta Local de Conciliaci\u00f3n y Arbitraje del Valle de Toluca<\/strong>, <strong>Carmen S\u00e1nchez<\/strong> imparti\u00f3 la conferencia <strong><em>\u201cRecuperar la vida\u201d<\/em><\/strong>, un espacio que dej\u00f3 claro que sobrevivir a un ataque con sustancias qu\u00edmicas es apenas el inicio de una reconstrucci\u00f3n profunda.<\/p>\n\n\n\n<p>En el evento particip\u00f3 el <strong>secretario del Trabajo del Estado de M\u00e9xico, Norberto Morales Poblete<\/strong>, quien, de manera p\u00fablica, expres\u00f3 su <strong>compromiso para trabajar con la Fundaci\u00f3n<\/strong> en la creaci\u00f3n de <strong>mecanismos de acceso a empleo digno para mujeres sobrevivientes de violencia \u00e1cida y qu\u00edmica<\/strong>. Antes de la conferencia, sostuvo una reuni\u00f3n con la organizaci\u00f3n para delinear posibles rutas de acci\u00f3n. La Fundaci\u00f3n anticip\u00f3 que dar\u00e1 seguimiento para concretar un <strong>convenio de colaboraci\u00f3n<\/strong> que garantice este derecho a las mujeres que acompa\u00f1a.<\/p>\n\n\n\n<p>El espacio fue convocado con el apoyo de <strong>Ana Yurixi Leyva Pi\u00f1\u00f3n<\/strong>, a quien la Fundaci\u00f3n agradeci\u00f3 por abrir plataformas que <strong>reconocen las luchas y las voces de las mujeres<\/strong>. <\/p>\n\n\n\n<p>La conferencia se inscribi\u00f3 en los <strong>16 d\u00edas de activismo contra la violencia de g\u00e9nero<\/strong> y forma parte de la agenda federal presentada recientemente por la presidenta <strong>Claudia Sheinbaum<\/strong>.<\/p>\n\n\n\n<p>CONTIN\u00daA LEYENDO: <a href=\"https:\/\/www.alasmedios.com\/index.php\/2025\/11\/29\/los-peligros-que-enfrentan-las-defensoras-de-derechos-humanos\/\" data-type=\"post\" data-id=\"6973\">Los peligros que enfrentan las defensoras de derechos humanos<\/a><\/p>\n\n\n\n<h3 class=\"wp-block-heading\"><strong>Cuando sobrevivir no es suficiente<\/strong><\/h3>\n\n\n\n<p>Carmen S\u00e1nchez relat\u00f3, ante estudiantes, docentes y funcionariado estatal, el ataque con \u00e1cido que sufri\u00f3 en 2016, un hecho que transform\u00f3 su vida y que la condujo a acompa\u00f1ar a otras mujeres mediante la creaci\u00f3n de la <strong>Fundaci\u00f3n Carmen S\u00e1nchez MX<\/strong>, una organizaci\u00f3n especializada en casos de agresiones con sustancias qu\u00edmicas.<\/p>\n\n\n\n<p>Con voz firme, subray\u00f3 que las secuelas de estos ataques van mucho m\u00e1s all\u00e1 del momento de la agresi\u00f3n:<em> \u201c<strong>La violencia te roba muchas cosas, incluso la forma en la que te ves a ti misma<\/strong>. Sobrevivir es tambi\u00e9n recuperarte, reconocerte y aceptarte con nuevas cicatrices<\/em>\u201d. <\/p>\n\n\n\n<p>Record\u00f3 que las sobrevivientes enfrentan <strong>largas rutas m\u00e9dicas<\/strong>, procesos de cirug\u00eda reconstructiva, afectaciones emocionales profundas y una continua b\u00fasqueda de justicia donde la asesor\u00eda legal es determinante.<\/p>\n\n\n\n<h3 class=\"wp-block-heading\"><strong>Visibilizar las secuelas, exigir reparaci\u00f3n<\/strong><\/h3>\n\n\n\n<p>La conferencia, organizada por la <strong>Junta Local<\/strong>, tuvo como objetivo <strong>visibilizar y reflexionar<\/strong> sobre las secuelas que deja la violencia extrema, y la necesidad de pol\u00edticas p\u00fablicas que garanticen <strong>atenci\u00f3n integral<\/strong>. <\/p>\n\n\n\n<figure class=\"wp-block-gallery has-nested-images columns-default is-cropped wp-block-gallery-1 is-layout-flex wp-block-gallery-is-layout-flex\">\n<figure class=\"wp-block-image size-large\"><img loading=\"lazy\" decoding=\"async\" width=\"1024\" height=\"683\" data-id=\"6978\" src=\"https:\/\/www.alasmedios.com\/wp-content\/uploads\/2025\/11\/Fundacion-Carmen-SanchezMX-1024x683.jpg\" alt=\"\" class=\"wp-image-6978\" srcset=\"https:\/\/www.alasmedios.com\/wp-content\/uploads\/2025\/11\/Fundacion-Carmen-SanchezMX-1024x683.jpg 1024w, https:\/\/www.alasmedios.com\/wp-content\/uploads\/2025\/11\/Fundacion-Carmen-SanchezMX-300x200.jpg 300w, https:\/\/www.alasmedios.com\/wp-content\/uploads\/2025\/11\/Fundacion-Carmen-SanchezMX-768x512.jpg 768w, https:\/\/www.alasmedios.com\/wp-content\/uploads\/2025\/11\/Fundacion-Carmen-SanchezMX-1536x1025.jpg 1536w, https:\/\/www.alasmedios.com\/wp-content\/uploads\/2025\/11\/Fundacion-Carmen-SanchezMX.jpg 2048w\" sizes=\"auto, (max-width: 1024px) 100vw, 1024px\" \/><\/figure>\n\n\n\n<figure class=\"wp-block-image size-large\"><img loading=\"lazy\" decoding=\"async\" width=\"1024\" height=\"683\" data-id=\"6979\" src=\"https:\/\/www.alasmedios.com\/wp-content\/uploads\/2025\/11\/Fundacion-Carmen-Sanchez-mx-1024x683.jpg\" alt=\"\" class=\"wp-image-6979\" srcset=\"https:\/\/www.alasmedios.com\/wp-content\/uploads\/2025\/11\/Fundacion-Carmen-Sanchez-mx-1024x683.jpg 1024w, https:\/\/www.alasmedios.com\/wp-content\/uploads\/2025\/11\/Fundacion-Carmen-Sanchez-mx-300x200.jpg 300w, https:\/\/www.alasmedios.com\/wp-content\/uploads\/2025\/11\/Fundacion-Carmen-Sanchez-mx-768x512.jpg 768w, https:\/\/www.alasmedios.com\/wp-content\/uploads\/2025\/11\/Fundacion-Carmen-Sanchez-mx-1536x1025.jpg 1536w, https:\/\/www.alasmedios.com\/wp-content\/uploads\/2025\/11\/Fundacion-Carmen-Sanchez-mx.jpg 2048w\" sizes=\"auto, (max-width: 1024px) 100vw, 1024px\" \/><\/figure>\n<\/figure>\n\n\n\n<p>Se enfatiz\u00f3 que estos ataques suelen estar vinculados a <strong>violencia de g\u00e9nero sostenida<\/strong>, donde las mujeres enfrentan no solo las lesiones, sino la <strong>revictimizaci\u00f3n<\/strong>, la <strong>falta de atenci\u00f3n especializada<\/strong> y la <strong>ausencia de reparaciones efectivas<\/strong>.<\/p>\n\n\n\n<p>TE PUEDE INTERESAR: <a href=\"https:\/\/www.alasmedios.com\/index.php\/2025\/11\/27\/realizan-conversatorio-contra-la-violencia-de-genero-en-tulancingo\/\" data-type=\"post\" data-id=\"6949\">Realizan conversatorio contra la violencia de g\u00e9nero en Tulancingo<\/a><\/p>\n\n\n\n<p><em>\u201c<strong>Recuperar la vida no es volver a lo que eras. Es construir algo nuevo con lo que qued\u00f3<\/strong>\u201d<\/em>, comparti\u00f3 Carmen, recordando que cada sobreviviente carga una historia distinta, pero todas coinciden en la sensaci\u00f3n de tener que <strong>renacer en un pa\u00eds que las dej\u00f3 solas<\/strong>.<\/p>\n\n\n\n<h3 class=\"wp-block-heading\"><strong>Compromiso p\u00fablico y llamado a la acci\u00f3n<\/strong><\/h3>\n\n\n\n<p>Durante su intervenci\u00f3n, <strong>Norberto Morales Poblete<\/strong> reconoci\u00f3 la trayectoria de Carmen S\u00e1nchez y llam\u00f3 a fortalecer las acciones para <strong>prevenir la violencia<\/strong>, <strong>atender a quienes ya la han vivido<\/strong> y promover <strong>entornos seguros para las mujeres<\/strong>. <\/p>\n\n\n\n<p>Su compromiso p\u00fablico abre una ruta de trabajo que podr\u00eda transformar el acceso al empleo para las sobrevivientes, una deuda hist\u00f3rica en materia de reparaci\u00f3n y autonom\u00eda econ\u00f3mica.<\/p>\n\n\n\n<p>Para Carmen, reconstruirse implica tambi\u00e9n <strong>abrir camino para otras mujeres<\/strong>: sostenerse con nuevas cicatrices y encontrar, en esa fuerza, un modo de acompa\u00f1ar a quienes atraviesan las mismas violencias.<\/p>\n\n\n\n<p>La Fundaci\u00f3n reiter\u00f3 que mantendr\u00e1 el seguimiento a los acuerdos anunciados y continuar\u00e1 exigiendo que la reparaci\u00f3n para las sobrevivientes sea un derecho garantizado, no una excepci\u00f3n.<\/p>\n\n\n<ul class=\"wp-block-latest-posts__list is-grid columns-3 wp-block-latest-posts\"><li><div class=\"wp-block-latest-posts__featured-image\"><img loading=\"lazy\" decoding=\"async\" width=\"150\" height=\"150\" src=\"https:\/\/www.alasmedios.com\/wp-content\/uploads\/2026\/05\/AMPEP-inteligencia-artificial-150x150.jpg\" class=\"attachment-thumbnail size-thumbnail wp-post-image\" alt=\"\" style=\"\" \/><\/div><a class=\"wp-block-latest-posts__post-title\" href=\"https:\/\/www.alasmedios.com\/index.php\/2026\/05\/01\/periodismo-frente-a-la-ia-ampep-asume-liderazgo-y-apuesta-por-contar-historias-con-alma\/\">Periodismo frente a la IA: AMPEP asume liderazgo y apuesta por contar historias con \u201calma\u201d<\/a><\/li>\n<li><div class=\"wp-block-latest-posts__featured-image\"><img loading=\"lazy\" decoding=\"async\" width=\"150\" height=\"150\" src=\"https:\/\/www.alasmedios.com\/wp-content\/uploads\/2026\/05\/Hidalgo-viene-un-respiro-con-el-frente-frio-48-150x150.png\" class=\"attachment-thumbnail size-thumbnail wp-post-image\" alt=\"\" style=\"\" \/><\/div><a class=\"wp-block-latest-posts__post-title\" href=\"https:\/\/www.alasmedios.com\/index.php\/2026\/05\/01\/frente-frio-48-un-alivio-asi-impactara-en-hidalgo\/\">Frente fr\u00edo 48, un alivio: as\u00ed impactar\u00e1 en Hidalgo<\/a><\/li>\n<li><div class=\"wp-block-latest-posts__featured-image\"><img loading=\"lazy\" decoding=\"async\" width=\"150\" height=\"150\" src=\"https:\/\/www.alasmedios.com\/wp-content\/uploads\/2026\/05\/mujeres-depresion-posparto-150x150.png\" class=\"attachment-thumbnail size-thumbnail wp-post-image\" alt=\"\" style=\"\" \/><\/div><a class=\"wp-block-latest-posts__post-title\" href=\"https:\/\/www.alasmedios.com\/index.php\/2026\/05\/01\/1-de-cada-15-mujeres-sufre-depresion-posparto\/\">1 de cada 15 mujeres sufre depresi\u00f3n posparto<\/a><\/li>\n<\/ul>","protected":false},"excerpt":{"rendered":"<p>La Fundaci\u00f3n Carmen S\u00e1nchez MX llev\u00f3 al Valle de Toluca una reflexi\u00f3n urgente sobre las violencias extremas que enfrentan las<\/p>\n","protected":false},"author":4,"featured_media":6977,"comment_status":"open","ping_status":"open","sticky":false,"template":"","format":"standard","meta":{"colormag_page_container_layout":"default_layout","colormag_page_sidebar_layout":"default_layout","rop_custom_images_group":[],"rop_custom_messages_group":[],"rop_publish_now":"initial","rop_publish_now_accounts":[],"rop_publish_now_history":[],"rop_publish_now_status":"pending","iawp_total_views":0,"footnotes":""},"categories":[45],"tags":[895,869,1545,166,1525,493,121],"class_list":["post-6976","post","type-post","status-publish","format-standard","has-post-thumbnail","hentry","category-ellas-dicen","tag-16-dias-de-activismo","tag-estado-de-mexico","tag-fundacion-carmen-sanchez","tag-mexico","tag-toluca","tag-violencia-acida","tag-violencia-de-genero-2"],"magazineBlocksPostFeaturedMedia":{"thumbnail":"https:\/\/www.alasmedios.com\/wp-content\/uploads\/2025\/11\/Fundacion-Carmen-Sanchez-150x150.jpg","medium":"https:\/\/www.alasmedios.com\/wp-content\/uploads\/2025\/11\/Fundacion-Carmen-Sanchez-300x200.jpg","medium_large":"https:\/\/www.alasmedios.com\/wp-content\/uploads\/2025\/11\/Fundacion-Carmen-Sanchez-768x512.jpg","large":"https:\/\/www.alasmedios.com\/wp-content\/uploads\/2025\/11\/Fundacion-Carmen-Sanchez-1024x683.jpg","1536x1536":"https:\/\/www.alasmedios.com\/wp-content\/uploads\/2025\/11\/Fundacion-Carmen-Sanchez.jpg","2048x2048":"https:\/\/www.alasmedios.com\/wp-content\/uploads\/2025\/11\/Fundacion-Carmen-Sanchez.jpg","colormag-highlighted-post":"https:\/\/www.alasmedios.com\/wp-content\/uploads\/2025\/11\/Fundacion-Carmen-Sanchez-392x272.jpg","colormag-featured-post-medium":"https:\/\/www.alasmedios.com\/wp-content\/uploads\/2025\/11\/Fundacion-Carmen-Sanchez-390x205.jpg","colormag-featured-post-small":"https:\/\/www.alasmedios.com\/wp-content\/uploads\/2025\/11\/Fundacion-Carmen-Sanchez-130x90.jpg","colormag-featured-image":"https:\/\/www.alasmedios.com\/wp-content\/uploads\/2025\/11\/Fundacion-Carmen-Sanchez-800x445.jpg","colormag-default-news":"https:\/\/www.alasmedios.com\/wp-content\/uploads\/2025\/11\/Fundacion-Carmen-Sanchez-150x150.jpg","colormag-featured-image-large":"https:\/\/www.alasmedios.com\/wp-content\/uploads\/2025\/11\/Fundacion-Carmen-Sanchez-1080x600.jpg"},"magazineBlocksPostAuthor":{"name":"Keila Rodr\u00edguez Pe\u00f1a","avatar":"https:\/\/secure.gravatar.com\/avatar\/a2553a2bfaa601b9d539b617c8793e151bdffb60f9e48a249912f86d4c9ebeef?s=96&d=mm&r=g"},"magazineBlocksPostCommentsNumber":"0","magazineBlocksPostExcerpt":"La Fundaci\u00f3n Carmen S\u00e1nchez MX llev\u00f3 al Valle de Toluca una reflexi\u00f3n urgente sobre las violencias extremas que enfrentan las","magazineBlocksPostCategories":["Ellas Dicen"],"magazineBlocksPostViewCount":194,"magazineBlocksPostReadTime":4,"magazine_blocks_featured_image_url":{"full":["https:\/\/www.alasmedios.com\/wp-content\/uploads\/2025\/11\/Fundacion-Carmen-Sanchez.jpg",1080,720,false],"medium":["https:\/\/www.alasmedios.com\/wp-content\/uploads\/2025\/11\/Fundacion-Carmen-Sanchez-300x200.jpg",300,200,true],"thumbnail":["https:\/\/www.alasmedios.com\/wp-content\/uploads\/2025\/11\/Fundacion-Carmen-Sanchez-150x150.jpg",150,150,true]},"magazine_blocks_author":{"display_name":"Keila Rodr\u00edguez Pe\u00f1a","author_link":"https:\/\/www.alasmedios.com\/index.php\/author\/keila\/"},"magazine_blocks_comment":0,"magazine_blocks_author_image":"https:\/\/secure.gravatar.com\/avatar\/a2553a2bfaa601b9d539b617c8793e151bdffb60f9e48a249912f86d4c9ebeef?s=96&d=mm&r=g","magazine_blocks_category":"<a href=\"#\" class=\"category-link category-link-45\">Ellas Dicen<\/a>","yoast_head":"<!-- This site is optimized with the Yoast SEO plugin v27.5 - https:\/\/yoast.com\/product\/yoast-seo-wordpress\/ -->\r\n<title>Recuperar la vida: Fundaci\u00f3n Carmen S\u00e1nchez MX - Alas Medios<\/title>\r\n<meta name=\"robots\" content=\"index, follow, max-snippet:-1, max-image-preview:large, max-video-preview:-1\" \/>\r\n<link rel=\"canonical\" href=\"https:\/\/www.alasmedios.com\/index.php\/2025\/11\/29\/recuperar-la-vida-fundacion-carmen-sanchez-mx\/\" \/>\r\n<meta property=\"og:locale\" content=\"es_MX\" \/>\r\n<meta property=\"og:type\" content=\"article\" \/>\r\n<meta property=\"og:title\" content=\"Recuperar la vida: Fundaci\u00f3n Carmen S\u00e1nchez MX - Alas Medios\" \/>\r\n<meta property=\"og:description\" content=\"La Fundaci\u00f3n Carmen S\u00e1nchez MX llev\u00f3 al Valle de Toluca una reflexi\u00f3n urgente sobre las violencias extremas que enfrentan las\" \/>\r\n<meta property=\"og:url\" content=\"https:\/\/www.alasmedios.com\/index.php\/2025\/11\/29\/recuperar-la-vida-fundacion-carmen-sanchez-mx\/\" \/>\r\n<meta property=\"og:site_name\" content=\"Alas Medios\" \/>\r\n<meta property=\"article:published_time\" content=\"2025-11-29T20:17:28+00:00\" \/>\r\n<meta property=\"article:modified_time\" content=\"2025-11-29T20:17:31+00:00\" \/>\r\n<meta property=\"og:image\" content=\"https:\/\/www.alasmedios.com\/wp-content\/uploads\/2025\/11\/Fundacion-Carmen-Sanchez.jpg\" \/>\r\n\t<meta property=\"og:image:width\" content=\"1080\" \/>\r\n\t<meta property=\"og:image:height\" content=\"720\" \/>\r\n\t<meta property=\"og:image:type\" content=\"image\/jpeg\" \/>\r\n<meta name=\"author\" content=\"Keila Rodr\u00edguez Pe\u00f1a\" \/>\r\n<meta name=\"twitter:card\" content=\"summary_large_image\" \/>\r\n<meta name=\"twitter:label1\" content=\"Escrito por\" \/>\n\t<meta name=\"twitter:data1\" content=\"Keila Rodr\u00edguez Pe\u00f1a\" \/>\n\t<meta name=\"twitter:label2\" content=\"Tiempo de lectura\" \/>\n\t<meta name=\"twitter:data2\" content=\"3 minutos\" \/>\r\n<script type=\"application\/ld+json\" class=\"yoast-schema-graph\">{\"@context\":\"https:\\\/\\\/schema.org\",\"@graph\":[{\"@type\":\"Article\",\"@id\":\"https:\\\/\\\/www.alasmedios.com\\\/index.php\\\/2025\\\/11\\\/29\\\/recuperar-la-vida-fundacion-carmen-sanchez-mx\\\/#article\",\"isPartOf\":{\"@id\":\"https:\\\/\\\/www.alasmedios.com\\\/index.php\\\/2025\\\/11\\\/29\\\/recuperar-la-vida-fundacion-carmen-sanchez-mx\\\/\"},\"author\":{\"name\":\"Keila Rodr\u00edguez Pe\u00f1a\",\"@id\":\"https:\\\/\\\/www.alasmedios.com\\\/#\\\/schema\\\/person\\\/0ba31bdd19a05ebf5c7fef1fedf99c34\"},\"headline\":\"Recuperar la vida: Fundaci\u00f3n Carmen S\u00e1nchez MX\",\"datePublished\":\"2025-11-29T20:17:28+00:00\",\"dateModified\":\"2025-11-29T20:17:31+00:00\",\"mainEntityOfPage\":{\"@id\":\"https:\\\/\\\/www.alasmedios.com\\\/index.php\\\/2025\\\/11\\\/29\\\/recuperar-la-vida-fundacion-carmen-sanchez-mx\\\/\"},\"wordCount\":667,\"commentCount\":0,\"publisher\":{\"@id\":\"https:\\\/\\\/www.alasmedios.com\\\/#organization\"},\"image\":{\"@id\":\"https:\\\/\\\/www.alasmedios.com\\\/index.php\\\/2025\\\/11\\\/29\\\/recuperar-la-vida-fundacion-carmen-sanchez-mx\\\/#primaryimage\"},\"thumbnailUrl\":\"https:\\\/\\\/www.alasmedios.com\\\/wp-content\\\/uploads\\\/2025\\\/11\\\/Fundacion-Carmen-Sanchez.jpg\",\"keywords\":[\"16 d\u00edas de activismo\",\"Estado de M\u00e9xico\",\"Fundaci\u00f3n Carmen S\u00e1nchez\",\"M\u00e9xico\",\"Toluca\",\"violencia \u00e1cida\",\"violencia de g\u00e9nero\"],\"articleSection\":[\"Ellas Dicen\"],\"inLanguage\":\"es\",\"potentialAction\":[{\"@type\":\"CommentAction\",\"name\":\"Comment\",\"target\":[\"https:\\\/\\\/www.alasmedios.com\\\/index.php\\\/2025\\\/11\\\/29\\\/recuperar-la-vida-fundacion-carmen-sanchez-mx\\\/#respond\"]}]},{\"@type\":\"WebPage\",\"@id\":\"https:\\\/\\\/www.alasmedios.com\\\/index.php\\\/2025\\\/11\\\/29\\\/recuperar-la-vida-fundacion-carmen-sanchez-mx\\\/\",\"url\":\"https:\\\/\\\/www.alasmedios.com\\\/index.php\\\/2025\\\/11\\\/29\\\/recuperar-la-vida-fundacion-carmen-sanchez-mx\\\/\",\"name\":\"Recuperar la vida: Fundaci\u00f3n Carmen S\u00e1nchez MX - Alas Medios\",\"isPartOf\":{\"@id\":\"https:\\\/\\\/www.alasmedios.com\\\/#website\"},\"primaryImageOfPage\":{\"@id\":\"https:\\\/\\\/www.alasmedios.com\\\/index.php\\\/2025\\\/11\\\/29\\\/recuperar-la-vida-fundacion-carmen-sanchez-mx\\\/#primaryimage\"},\"image\":{\"@id\":\"https:\\\/\\\/www.alasmedios.com\\\/index.php\\\/2025\\\/11\\\/29\\\/recuperar-la-vida-fundacion-carmen-sanchez-mx\\\/#primaryimage\"},\"thumbnailUrl\":\"https:\\\/\\\/www.alasmedios.com\\\/wp-content\\\/uploads\\\/2025\\\/11\\\/Fundacion-Carmen-Sanchez.jpg\",\"datePublished\":\"2025-11-29T20:17:28+00:00\",\"dateModified\":\"2025-11-29T20:17:31+00:00\",\"breadcrumb\":{\"@id\":\"https:\\\/\\\/www.alasmedios.com\\\/index.php\\\/2025\\\/11\\\/29\\\/recuperar-la-vida-fundacion-carmen-sanchez-mx\\\/#breadcrumb\"},\"inLanguage\":\"es\",\"potentialAction\":[{\"@type\":\"ReadAction\",\"target\":[\"https:\\\/\\\/www.alasmedios.com\\\/index.php\\\/2025\\\/11\\\/29\\\/recuperar-la-vida-fundacion-carmen-sanchez-mx\\\/\"]}]},{\"@type\":\"ImageObject\",\"inLanguage\":\"es\",\"@id\":\"https:\\\/\\\/www.alasmedios.com\\\/index.php\\\/2025\\\/11\\\/29\\\/recuperar-la-vida-fundacion-carmen-sanchez-mx\\\/#primaryimage\",\"url\":\"https:\\\/\\\/www.alasmedios.com\\\/wp-content\\\/uploads\\\/2025\\\/11\\\/Fundacion-Carmen-Sanchez.jpg\",\"contentUrl\":\"https:\\\/\\\/www.alasmedios.com\\\/wp-content\\\/uploads\\\/2025\\\/11\\\/Fundacion-Carmen-Sanchez.jpg\",\"width\":1080,\"height\":720},{\"@type\":\"BreadcrumbList\",\"@id\":\"https:\\\/\\\/www.alasmedios.com\\\/index.php\\\/2025\\\/11\\\/29\\\/recuperar-la-vida-fundacion-carmen-sanchez-mx\\\/#breadcrumb\",\"itemListElement\":[{\"@type\":\"ListItem\",\"position\":1,\"name\":\"Inicio\",\"item\":\"https:\\\/\\\/www.alasmedios.com\\\/\"},{\"@type\":\"ListItem\",\"position\":2,\"name\":\"Recuperar la vida: Fundaci\u00f3n Carmen S\u00e1nchez MX\"}]},{\"@type\":\"WebSite\",\"@id\":\"https:\\\/\\\/www.alasmedios.com\\\/#website\",\"url\":\"https:\\\/\\\/www.alasmedios.com\\\/\",\"name\":\"Alas Medios\",\"description\":\"Alas para pensar, Alas para volar, Alas de libertad\",\"publisher\":{\"@id\":\"https:\\\/\\\/www.alasmedios.com\\\/#organization\"},\"potentialAction\":[{\"@type\":\"SearchAction\",\"target\":{\"@type\":\"EntryPoint\",\"urlTemplate\":\"https:\\\/\\\/www.alasmedios.com\\\/?s={search_term_string}\"},\"query-input\":{\"@type\":\"PropertyValueSpecification\",\"valueRequired\":true,\"valueName\":\"search_term_string\"}}],\"inLanguage\":\"es\"},{\"@type\":\"Organization\",\"@id\":\"https:\\\/\\\/www.alasmedios.com\\\/#organization\",\"name\":\"Alas Medios\",\"url\":\"https:\\\/\\\/www.alasmedios.com\\\/\",\"logo\":{\"@type\":\"ImageObject\",\"inLanguage\":\"es\",\"@id\":\"https:\\\/\\\/www.alasmedios.com\\\/#\\\/schema\\\/logo\\\/image\\\/\",\"url\":\"https:\\\/\\\/www.alasmedios.com\\\/wp-content\\\/uploads\\\/2026\\\/01\\\/cropped-cropped-GAM-1.png\",\"contentUrl\":\"https:\\\/\\\/www.alasmedios.com\\\/wp-content\\\/uploads\\\/2026\\\/01\\\/cropped-cropped-GAM-1.png\",\"width\":467,\"height\":235,\"caption\":\"Alas Medios\"},\"image\":{\"@id\":\"https:\\\/\\\/www.alasmedios.com\\\/#\\\/schema\\\/logo\\\/image\\\/\"}},{\"@type\":\"Person\",\"@id\":\"https:\\\/\\\/www.alasmedios.com\\\/#\\\/schema\\\/person\\\/0ba31bdd19a05ebf5c7fef1fedf99c34\",\"name\":\"Keila Rodr\u00edguez Pe\u00f1a\",\"image\":{\"@type\":\"ImageObject\",\"inLanguage\":\"es\",\"@id\":\"https:\\\/\\\/secure.gravatar.com\\\/avatar\\\/a2553a2bfaa601b9d539b617c8793e151bdffb60f9e48a249912f86d4c9ebeef?s=96&d=mm&r=g\",\"url\":\"https:\\\/\\\/secure.gravatar.com\\\/avatar\\\/a2553a2bfaa601b9d539b617c8793e151bdffb60f9e48a249912f86d4c9ebeef?s=96&d=mm&r=g\",\"contentUrl\":\"https:\\\/\\\/secure.gravatar.com\\\/avatar\\\/a2553a2bfaa601b9d539b617c8793e151bdffb60f9e48a249912f86d4c9ebeef?s=96&d=mm&r=g\",\"caption\":\"Keila Rodr\u00edguez Pe\u00f1a\"},\"sameAs\":[\"http:\\\/\\\/www.alasmedios.com\"],\"url\":\"https:\\\/\\\/www.alasmedios.com\\\/index.php\\\/author\\\/keila\\\/\"}]}<\/script>\r\n<!-- \/ Yoast SEO plugin. -->","yoast_head_json":{"title":"Recuperar la vida: Fundaci\u00f3n Carmen S\u00e1nchez MX - Alas Medios","robots":{"index":"index","follow":"follow","max-snippet":"max-snippet:-1","max-image-preview":"max-image-preview:large","max-video-preview":"max-video-preview:-1"},"canonical":"https:\/\/www.alasmedios.com\/index.php\/2025\/11\/29\/recuperar-la-vida-fundacion-carmen-sanchez-mx\/","og_locale":"es_MX","og_type":"article","og_title":"Recuperar la vida: Fundaci\u00f3n Carmen S\u00e1nchez MX - Alas Medios","og_description":"La Fundaci\u00f3n Carmen S\u00e1nchez MX llev\u00f3 al Valle de Toluca una reflexi\u00f3n urgente sobre las violencias extremas que enfrentan las","og_url":"https:\/\/www.alasmedios.com\/index.php\/2025\/11\/29\/recuperar-la-vida-fundacion-carmen-sanchez-mx\/","og_site_name":"Alas Medios","article_published_time":"2025-11-29T20:17:28+00:00","article_modified_time":"2025-11-29T20:17:31+00:00","og_image":[{"width":1080,"height":720,"url":"https:\/\/www.alasmedios.com\/wp-content\/uploads\/2025\/11\/Fundacion-Carmen-Sanchez.jpg","type":"image\/jpeg"}],"author":"Keila Rodr\u00edguez Pe\u00f1a","twitter_card":"summary_large_image","twitter_misc":{"Escrito por":"Keila Rodr\u00edguez Pe\u00f1a","Tiempo de lectura":"3 minutos"},"schema":{"@context":"https:\/\/schema.org","@graph":[{"@type":"Article","@id":"https:\/\/www.alasmedios.com\/index.php\/2025\/11\/29\/recuperar-la-vida-fundacion-carmen-sanchez-mx\/#article","isPartOf":{"@id":"https:\/\/www.alasmedios.com\/index.php\/2025\/11\/29\/recuperar-la-vida-fundacion-carmen-sanchez-mx\/"},"author":{"name":"Keila Rodr\u00edguez Pe\u00f1a","@id":"https:\/\/www.alasmedios.com\/#\/schema\/person\/0ba31bdd19a05ebf5c7fef1fedf99c34"},"headline":"Recuperar la vida: Fundaci\u00f3n Carmen S\u00e1nchez MX","datePublished":"2025-11-29T20:17:28+00:00","dateModified":"2025-11-29T20:17:31+00:00","mainEntityOfPage":{"@id":"https:\/\/www.alasmedios.com\/index.php\/2025\/11\/29\/recuperar-la-vida-fundacion-carmen-sanchez-mx\/"},"wordCount":667,"commentCount":0,"publisher":{"@id":"https:\/\/www.alasmedios.com\/#organization"},"image":{"@id":"https:\/\/www.alasmedios.com\/index.php\/2025\/11\/29\/recuperar-la-vida-fundacion-carmen-sanchez-mx\/#primaryimage"},"thumbnailUrl":"https:\/\/www.alasmedios.com\/wp-content\/uploads\/2025\/11\/Fundacion-Carmen-Sanchez.jpg","keywords":["16 d\u00edas de activismo","Estado de M\u00e9xico","Fundaci\u00f3n Carmen S\u00e1nchez","M\u00e9xico","Toluca","violencia \u00e1cida","violencia de g\u00e9nero"],"articleSection":["Ellas Dicen"],"inLanguage":"es","potentialAction":[{"@type":"CommentAction","name":"Comment","target":["https:\/\/www.alasmedios.com\/index.php\/2025\/11\/29\/recuperar-la-vida-fundacion-carmen-sanchez-mx\/#respond"]}]},{"@type":"WebPage","@id":"https:\/\/www.alasmedios.com\/index.php\/2025\/11\/29\/recuperar-la-vida-fundacion-carmen-sanchez-mx\/","url":"https:\/\/www.alasmedios.com\/index.php\/2025\/11\/29\/recuperar-la-vida-fundacion-carmen-sanchez-mx\/","name":"Recuperar la vida: Fundaci\u00f3n Carmen S\u00e1nchez MX - Alas Medios","isPartOf":{"@id":"https:\/\/www.alasmedios.com\/#website"},"primaryImageOfPage":{"@id":"https:\/\/www.alasmedios.com\/index.php\/2025\/11\/29\/recuperar-la-vida-fundacion-carmen-sanchez-mx\/#primaryimage"},"image":{"@id":"https:\/\/www.alasmedios.com\/index.php\/2025\/11\/29\/recuperar-la-vida-fundacion-carmen-sanchez-mx\/#primaryimage"},"thumbnailUrl":"https:\/\/www.alasmedios.com\/wp-content\/uploads\/2025\/11\/Fundacion-Carmen-Sanchez.jpg","datePublished":"2025-11-29T20:17:28+00:00","dateModified":"2025-11-29T20:17:31+00:00","breadcrumb":{"@id":"https:\/\/www.alasmedios.com\/index.php\/2025\/11\/29\/recuperar-la-vida-fundacion-carmen-sanchez-mx\/#breadcrumb"},"inLanguage":"es","potentialAction":[{"@type":"ReadAction","target":["https:\/\/www.alasmedios.com\/index.php\/2025\/11\/29\/recuperar-la-vida-fundacion-carmen-sanchez-mx\/"]}]},{"@type":"ImageObject","inLanguage":"es","@id":"https:\/\/www.alasmedios.com\/index.php\/2025\/11\/29\/recuperar-la-vida-fundacion-carmen-sanchez-mx\/#primaryimage","url":"https:\/\/www.alasmedios.com\/wp-content\/uploads\/2025\/11\/Fundacion-Carmen-Sanchez.jpg","contentUrl":"https:\/\/www.alasmedios.com\/wp-content\/uploads\/2025\/11\/Fundacion-Carmen-Sanchez.jpg","width":1080,"height":720},{"@type":"BreadcrumbList","@id":"https:\/\/www.alasmedios.com\/index.php\/2025\/11\/29\/recuperar-la-vida-fundacion-carmen-sanchez-mx\/#breadcrumb","itemListElement":[{"@type":"ListItem","position":1,"name":"Inicio","item":"https:\/\/www.alasmedios.com\/"},{"@type":"ListItem","position":2,"name":"Recuperar la vida: Fundaci\u00f3n Carmen S\u00e1nchez MX"}]},{"@type":"WebSite","@id":"https:\/\/www.alasmedios.com\/#website","url":"https:\/\/www.alasmedios.com\/","name":"Alas Medios","description":"Alas para pensar, Alas para volar, Alas de libertad","publisher":{"@id":"https:\/\/www.alasmedios.com\/#organization"},"potentialAction":[{"@type":"SearchAction","target":{"@type":"EntryPoint","urlTemplate":"https:\/\/www.alasmedios.com\/?s={search_term_string}"},"query-input":{"@type":"PropertyValueSpecification","valueRequired":true,"valueName":"search_term_string"}}],"inLanguage":"es"},{"@type":"Organization","@id":"https:\/\/www.alasmedios.com\/#organization","name":"Alas Medios","url":"https:\/\/www.alasmedios.com\/","logo":{"@type":"ImageObject","inLanguage":"es","@id":"https:\/\/www.alasmedios.com\/#\/schema\/logo\/image\/","url":"https:\/\/www.alasmedios.com\/wp-content\/uploads\/2026\/01\/cropped-cropped-GAM-1.png","contentUrl":"https:\/\/www.alasmedios.com\/wp-content\/uploads\/2026\/01\/cropped-cropped-GAM-1.png","width":467,"height":235,"caption":"Alas Medios"},"image":{"@id":"https:\/\/www.alasmedios.com\/#\/schema\/logo\/image\/"}},{"@type":"Person","@id":"https:\/\/www.alasmedios.com\/#\/schema\/person\/0ba31bdd19a05ebf5c7fef1fedf99c34","name":"Keila Rodr\u00edguez Pe\u00f1a","image":{"@type":"ImageObject","inLanguage":"es","@id":"https:\/\/secure.gravatar.com\/avatar\/a2553a2bfaa601b9d539b617c8793e151bdffb60f9e48a249912f86d4c9ebeef?s=96&d=mm&r=g","url":"https:\/\/secure.gravatar.com\/avatar\/a2553a2bfaa601b9d539b617c8793e151bdffb60f9e48a249912f86d4c9ebeef?s=96&d=mm&r=g","contentUrl":"https:\/\/secure.gravatar.com\/avatar\/a2553a2bfaa601b9d539b617c8793e151bdffb60f9e48a249912f86d4c9ebeef?s=96&d=mm&r=g","caption":"Keila Rodr\u00edguez Pe\u00f1a"},"sameAs":["http:\/\/www.alasmedios.com"],"url":"https:\/\/www.alasmedios.com\/index.php\/author\/keila\/"}]}},"_links":{"self":[{"href":"https:\/\/www.alasmedios.com\/index.php\/wp-json\/wp\/v2\/posts\/6976","targetHints":{"allow":["GET"]}}],"collection":[{"href":"https:\/\/www.alasmedios.com\/index.php\/wp-json\/wp\/v2\/posts"}],"about":[{"href":"https:\/\/www.alasmedios.com\/index.php\/wp-json\/wp\/v2\/types\/post"}],"author":[{"embeddable":true,"href":"https:\/\/www.alasmedios.com\/index.php\/wp-json\/wp\/v2\/users\/4"}],"replies":[{"embeddable":true,"href":"https:\/\/www.alasmedios.com\/index.php\/wp-json\/wp\/v2\/comments?post=6976"}],"version-history":[{"count":1,"href":"https:\/\/www.alasmedios.com\/index.php\/wp-json\/wp\/v2\/posts\/6976\/revisions"}],"predecessor-version":[{"id":6980,"href":"https:\/\/www.alasmedios.com\/index.php\/wp-json\/wp\/v2\/posts\/6976\/revisions\/6980"}],"wp:featuredmedia":[{"embeddable":true,"href":"https:\/\/www.alasmedios.com\/index.php\/wp-json\/wp\/v2\/media\/6977"}],"wp:attachment":[{"href":"https:\/\/www.alasmedios.com\/index.php\/wp-json\/wp\/v2\/media?parent=6976"}],"wp:term":[{"taxonomy":"category","embeddable":true,"href":"https:\/\/www.alasmedios.com\/index.php\/wp-json\/wp\/v2\/categories?post=6976"},{"taxonomy":"post_tag","embeddable":true,"href":"https:\/\/www.alasmedios.com\/index.php\/wp-json\/wp\/v2\/tags?post=6976"}],"curies":[{"name":"wp","href":"https:\/\/api.w.org\/{rel}","templated":true}]}}