{"id":6970,"date":"2025-11-28T09:00:00","date_gmt":"2025-11-28T15:00:00","guid":{"rendered":"https:\/\/www.alasmedios.com\/?p=6970"},"modified":"2025-11-27T23:09:16","modified_gmt":"2025-11-28T05:09:16","slug":"que-es-la-ley-cazzu-la-propuesta-que-busca-proteger-a-menores-en-argentina","status":"publish","type":"post","link":"https:\/\/www.alasmedios.com\/index.php\/2025\/11\/28\/que-es-la-ley-cazzu-la-propuesta-que-busca-proteger-a-menores-en-argentina\/","title":{"rendered":"\u00bfQu\u00e9 es la Ley Cazzu? La propuesta que busca proteger a menores en Argentina"},"content":{"rendered":"\n<p>La disputa legal entre <strong>Christian Nodal<\/strong> y <strong>Cazzu<\/strong> por su hija <strong>Inti<\/strong> abri\u00f3 un debate inesperado en Argentina: \u00bfc\u00f3mo garantizar que las y los menores no queden atrapados en tr\u00e1mites, permisos y conflictos entre adultos? De esa pregunta naci\u00f3 la llamada <strong>\u201cLey Cazzu\u201d<\/strong>, una iniciativa ciudadana que est\u00e1 ganando fuerza y que apunta directamente a un problema m\u00e1s com\u00fan de lo que parece.<\/p>\n\n\n\n<p>Impulsada por <strong>Gabriela Mosconi<\/strong> a trav\u00e9s de una petici\u00f3n en <strong>change.org<\/strong> bajo el nombre <strong>\u201cLey Cazzu Libertad con nuestros hijos\u201d<\/strong>, la propuesta busca reformar los procesos que regulan los <strong>permisos de viaje<\/strong> cuando uno de los progenitores ejerce la crianza en solitario o enfrenta abandono del otro.<\/p>\n\n\n\n<h3 class=\"wp-block-heading\">\u00bfEn qu\u00e9 consiste la Ley Cazzu?<\/h3>\n\n\n\n<p>La iniciativa coloca al centro el <strong>inter\u00e9s superior del menor<\/strong> y propone que los permisos de viaje para hijos menores <strong>no dependan exclusivamente del consentimiento del otro progenitor<\/strong> cuando este ha demostrado <strong>abandono, ausencia o falta de contribuci\u00f3n<\/strong>.<\/p>\n\n\n\n<p>CONTIN\u00daA LEYENDO: <a href=\"https:\/\/www.alasmedios.com\/index.php\/2025\/11\/26\/pachuca-vallaron-los-monumentos-pero-no-las-voces\/\" data-type=\"post\" data-id=\"6937\">Pachuca: vallaron los monumentos, pero no las voces<\/a><\/p>\n\n\n\n<p>Entre sus puntos clave destacan:<\/p>\n\n\n\n<ul class=\"wp-block-list\">\n<li>Que el padre o madre cuidador pueda obtener <strong>permisos permanentes o de larga duraci\u00f3n<\/strong>, evitando tr\u00e1mites repetitivos que afectan la movilidad del menor.<\/li>\n\n\n\n<li>Que se priorice el bienestar del ni\u00f1o o ni\u00f1a frente a desacuerdos entre los adultos.<\/li>\n\n\n\n<li>Que se eliminen los <strong>obst\u00e1culos burocr\u00e1ticos<\/strong> cuando exista evidencia de desatenci\u00f3n o falta de responsabilidad parental.<\/li>\n<\/ul>\n\n\n\n<p>La petici\u00f3n define la propuesta como una v\u00eda \u201c<strong>clara y humana<\/strong>\u201d para garantizar que, una vez comprobado el abandono, el permiso para viajar con los hijos sea <strong>sencillo, permanente y sin tr\u00e1mites interminables<\/strong>.<\/p>\n\n\n\n<h3 class=\"wp-block-heading\">\u00bfPor qu\u00e9 surge esta propuesta?<\/h3>\n\n\n\n<p>El impulso a la \u201cLey Cazzu\u201d se dio tras conocerse detalles del conflicto entre la artista argentina y el cantante mexicano. Cazzu revel\u00f3 en el podcast <strong>Se Regalan Dudas<\/strong> que no estaba recibiendo la autorizaci\u00f3n necesaria para viajar con <strong>Inti<\/strong> durante sus giras, situaci\u00f3n que afecta directamente su trabajo.<\/p>\n\n\n\n<p>Adem\u00e1s, durante un proceso de mediaci\u00f3n, la cantante relat\u00f3 que el abogado de Nodal le advirti\u00f3 que el permiso podr\u00eda <strong>retirarse en cualquier momento<\/strong>, algo que interpret\u00f3 como un intento de control. <\/p>\n\n\n\n<p>TE PUEDE INTERESAR: <a href=\"https:\/\/www.alasmedios.com\/index.php\/2025\/01\/23\/violencia-vicaria-un-mecanismo-de-control-que-dana-desde-la-distancia\/\" data-type=\"post\" data-id=\"3253\">Violencia vicaria: un mecanismo de control que da\u00f1a desde la distancia<\/a><\/p>\n\n\n\n<p>La discusi\u00f3n tambi\u00e9n incluye diferencias sobre la <strong>manutenci\u00f3n<\/strong>, donde ambas partes sostienen versiones distintas respecto al cumplimiento econ\u00f3mico.<\/p>\n\n\n\n<h3 class=\"wp-block-heading\">Un llamado ciudadano respaldado por miles<\/h3>\n\n\n\n<p>La propuesta se difunde mediante <strong>change.org<\/strong>, plataforma global que permite visibilizar causas sociales y movilizar apoyos. La iniciativa ha crecido r\u00e1pidamente, impulsada por familias que enfrentan situaciones similares y buscan herramientas legales m\u00e1s justas y funcionales.<\/p>\n\n\n\n<p>M\u00e1s all\u00e1 del caso medi\u00e1tico, la <strong>Ley Cazzu<\/strong> est\u00e1 tomando forma como una discusi\u00f3n nacional sobre c\u00f3mo proteger a ni\u00f1os y ni\u00f1as en contextos de <strong>conflictos parentales<\/strong>, reduciendo la burocracia y brindando mayor estabilidad a quienes m\u00e1s lo necesitan.<\/p>\n\n\n<ul class=\"wp-block-latest-posts__list is-grid columns-3 wp-block-latest-posts\"><li><div class=\"wp-block-latest-posts__featured-image\"><img loading=\"lazy\" decoding=\"async\" width=\"150\" height=\"150\" src=\"https:\/\/www.alasmedios.com\/wp-content\/uploads\/2026\/05\/AMPEP-inteligencia-artificial-150x150.jpg\" class=\"attachment-thumbnail size-thumbnail wp-post-image\" alt=\"\" style=\"\" \/><\/div><a class=\"wp-block-latest-posts__post-title\" href=\"https:\/\/www.alasmedios.com\/index.php\/2026\/05\/01\/periodismo-frente-a-la-ia-ampep-asume-liderazgo-y-apuesta-por-contar-historias-con-alma\/\">Periodismo frente a la IA: AMPEP asume liderazgo y apuesta por contar historias con \u201calma\u201d<\/a><\/li>\n<li><div class=\"wp-block-latest-posts__featured-image\"><img loading=\"lazy\" decoding=\"async\" width=\"150\" height=\"150\" src=\"https:\/\/www.alasmedios.com\/wp-content\/uploads\/2026\/05\/Hidalgo-viene-un-respiro-con-el-frente-frio-48-150x150.png\" class=\"attachment-thumbnail size-thumbnail wp-post-image\" alt=\"\" style=\"\" \/><\/div><a class=\"wp-block-latest-posts__post-title\" href=\"https:\/\/www.alasmedios.com\/index.php\/2026\/05\/01\/frente-frio-48-un-alivio-asi-impactara-en-hidalgo\/\">Frente fr\u00edo 48, un alivio: as\u00ed impactar\u00e1 en Hidalgo<\/a><\/li>\n<li><div class=\"wp-block-latest-posts__featured-image\"><img loading=\"lazy\" decoding=\"async\" width=\"150\" height=\"150\" src=\"https:\/\/www.alasmedios.com\/wp-content\/uploads\/2026\/05\/mujeres-depresion-posparto-150x150.png\" class=\"attachment-thumbnail size-thumbnail wp-post-image\" alt=\"\" style=\"\" \/><\/div><a class=\"wp-block-latest-posts__post-title\" href=\"https:\/\/www.alasmedios.com\/index.php\/2026\/05\/01\/1-de-cada-15-mujeres-sufre-depresion-posparto\/\">1 de cada 15 mujeres sufre depresi\u00f3n posparto<\/a><\/li>\n<\/ul>","protected":false},"excerpt":{"rendered":"<p>La disputa legal entre Christian Nodal y Cazzu por su hija Inti abri\u00f3 un debate inesperado en Argentina: \u00bfc\u00f3mo garantizar<\/p>\n","protected":false},"author":4,"featured_media":6971,"comment_status":"open","ping_status":"open","sticky":false,"template":"","format":"standard","meta":{"colormag_page_container_layout":"default_layout","colormag_page_sidebar_layout":"default_layout","rop_custom_images_group":[],"rop_custom_messages_group":[],"rop_publish_now":"initial","rop_publish_now_accounts":[],"rop_publish_now_history":[],"rop_publish_now_status":"pending","iawp_total_views":1,"footnotes":""},"categories":[45],"tags":[729,3076,456,3077,3075,679],"class_list":["post-6970","post","type-post","status-publish","format-standard","has-post-thumbnail","hentry","category-ellas-dicen","tag-argentina","tag-cazzu","tag-derechos","tag-gabriela-mosconi","tag-ley-cazzu","tag-violencia-vicaria"],"magazineBlocksPostFeaturedMedia":{"thumbnail":"https:\/\/www.alasmedios.com\/wp-content\/uploads\/2025\/11\/Ley-Cazzu-150x150.jpg","medium":"https:\/\/www.alasmedios.com\/wp-content\/uploads\/2025\/11\/Ley-Cazzu-300x158.jpg","medium_large":"https:\/\/www.alasmedios.com\/wp-content\/uploads\/2025\/11\/Ley-Cazzu-768x405.jpg","large":"https:\/\/www.alasmedios.com\/wp-content\/uploads\/2025\/11\/Ley-Cazzu-1024x540.jpg","1536x1536":"https:\/\/www.alasmedios.com\/wp-content\/uploads\/2025\/11\/Ley-Cazzu.jpg","2048x2048":"https:\/\/www.alasmedios.com\/wp-content\/uploads\/2025\/11\/Ley-Cazzu.jpg","colormag-highlighted-post":"https:\/\/www.alasmedios.com\/wp-content\/uploads\/2025\/11\/Ley-Cazzu-392x272.jpg","colormag-featured-post-medium":"https:\/\/www.alasmedios.com\/wp-content\/uploads\/2025\/11\/Ley-Cazzu-390x205.jpg","colormag-featured-post-small":"https:\/\/www.alasmedios.com\/wp-content\/uploads\/2025\/11\/Ley-Cazzu-130x90.jpg","colormag-featured-image":"https:\/\/www.alasmedios.com\/wp-content\/uploads\/2025\/11\/Ley-Cazzu-800x445.jpg","colormag-default-news":"https:\/\/www.alasmedios.com\/wp-content\/uploads\/2025\/11\/Ley-Cazzu-150x150.jpg","colormag-featured-image-large":"https:\/\/www.alasmedios.com\/wp-content\/uploads\/2025\/11\/Ley-Cazzu.jpg"},"magazineBlocksPostAuthor":{"name":"Keila Rodr\u00edguez Pe\u00f1a","avatar":"https:\/\/secure.gravatar.com\/avatar\/a2553a2bfaa601b9d539b617c8793e151bdffb60f9e48a249912f86d4c9ebeef?s=96&d=mm&r=g"},"magazineBlocksPostCommentsNumber":"0","magazineBlocksPostExcerpt":"La disputa legal entre Christian Nodal y Cazzu por su hija Inti abri\u00f3 un debate inesperado en Argentina: \u00bfc\u00f3mo garantizar","magazineBlocksPostCategories":["Ellas Dicen"],"magazineBlocksPostViewCount":136,"magazineBlocksPostReadTime":3,"magazine_blocks_featured_image_url":{"full":["https:\/\/www.alasmedios.com\/wp-content\/uploads\/2025\/11\/Ley-Cazzu.jpg",1100,580,false],"medium":["https:\/\/www.alasmedios.com\/wp-content\/uploads\/2025\/11\/Ley-Cazzu-300x158.jpg",300,158,true],"thumbnail":["https:\/\/www.alasmedios.com\/wp-content\/uploads\/2025\/11\/Ley-Cazzu-150x150.jpg",150,150,true]},"magazine_blocks_author":{"display_name":"Keila Rodr\u00edguez Pe\u00f1a","author_link":"https:\/\/www.alasmedios.com\/index.php\/author\/keila\/"},"magazine_blocks_comment":0,"magazine_blocks_author_image":"https:\/\/secure.gravatar.com\/avatar\/a2553a2bfaa601b9d539b617c8793e151bdffb60f9e48a249912f86d4c9ebeef?s=96&d=mm&r=g","magazine_blocks_category":"<a href=\"#\" class=\"category-link category-link-45\">Ellas Dicen<\/a>","yoast_head":"<!-- This site is optimized with the Yoast SEO plugin v27.5 - https:\/\/yoast.com\/product\/yoast-seo-wordpress\/ -->\r\n<title>\u00bfQu\u00e9 es la Ley Cazzu? La propuesta que busca proteger a menores en Argentina - Alas Medios<\/title>\r\n<meta name=\"robots\" content=\"index, follow, max-snippet:-1, max-image-preview:large, max-video-preview:-1\" \/>\r\n<link rel=\"canonical\" href=\"https:\/\/www.alasmedios.com\/index.php\/2025\/11\/28\/que-es-la-ley-cazzu-la-propuesta-que-busca-proteger-a-menores-en-argentina\/\" \/>\r\n<meta property=\"og:locale\" content=\"es_MX\" \/>\r\n<meta property=\"og:type\" content=\"article\" \/>\r\n<meta property=\"og:title\" content=\"\u00bfQu\u00e9 es la Ley Cazzu? La propuesta que busca proteger a menores en Argentina - Alas Medios\" \/>\r\n<meta property=\"og:description\" content=\"La disputa legal entre Christian Nodal y Cazzu por su hija Inti abri\u00f3 un debate inesperado en Argentina: \u00bfc\u00f3mo garantizar\" \/>\r\n<meta property=\"og:url\" content=\"https:\/\/www.alasmedios.com\/index.php\/2025\/11\/28\/que-es-la-ley-cazzu-la-propuesta-que-busca-proteger-a-menores-en-argentina\/\" \/>\r\n<meta property=\"og:site_name\" content=\"Alas Medios\" \/>\r\n<meta property=\"article:published_time\" content=\"2025-11-28T15:00:00+00:00\" \/>\r\n<meta property=\"og:image\" content=\"https:\/\/www.alasmedios.com\/wp-content\/uploads\/2025\/11\/Ley-Cazzu.jpg\" \/>\r\n\t<meta property=\"og:image:width\" content=\"1100\" \/>\r\n\t<meta property=\"og:image:height\" content=\"580\" \/>\r\n\t<meta property=\"og:image:type\" content=\"image\/jpeg\" \/>\r\n<meta name=\"author\" content=\"Keila Rodr\u00edguez Pe\u00f1a\" \/>\r\n<meta name=\"twitter:card\" content=\"summary_large_image\" \/>\r\n<meta name=\"twitter:label1\" content=\"Escrito por\" \/>\n\t<meta name=\"twitter:data1\" content=\"Keila Rodr\u00edguez Pe\u00f1a\" \/>\n\t<meta name=\"twitter:label2\" content=\"Tiempo de lectura\" \/>\n\t<meta name=\"twitter:data2\" content=\"2 minutos\" \/>\r\n<script type=\"application\/ld+json\" class=\"yoast-schema-graph\">{\"@context\":\"https:\\\/\\\/schema.org\",\"@graph\":[{\"@type\":\"Article\",\"@id\":\"https:\\\/\\\/www.alasmedios.com\\\/index.php\\\/2025\\\/11\\\/28\\\/que-es-la-ley-cazzu-la-propuesta-que-busca-proteger-a-menores-en-argentina\\\/#article\",\"isPartOf\":{\"@id\":\"https:\\\/\\\/www.alasmedios.com\\\/index.php\\\/2025\\\/11\\\/28\\\/que-es-la-ley-cazzu-la-propuesta-que-busca-proteger-a-menores-en-argentina\\\/\"},\"author\":{\"name\":\"Keila Rodr\u00edguez Pe\u00f1a\",\"@id\":\"https:\\\/\\\/www.alasmedios.com\\\/#\\\/schema\\\/person\\\/0ba31bdd19a05ebf5c7fef1fedf99c34\"},\"headline\":\"\u00bfQu\u00e9 es la Ley Cazzu? La propuesta que busca proteger a menores en Argentina\",\"datePublished\":\"2025-11-28T15:00:00+00:00\",\"mainEntityOfPage\":{\"@id\":\"https:\\\/\\\/www.alasmedios.com\\\/index.php\\\/2025\\\/11\\\/28\\\/que-es-la-ley-cazzu-la-propuesta-que-busca-proteger-a-menores-en-argentina\\\/\"},\"wordCount\":509,\"commentCount\":0,\"publisher\":{\"@id\":\"https:\\\/\\\/www.alasmedios.com\\\/#organization\"},\"image\":{\"@id\":\"https:\\\/\\\/www.alasmedios.com\\\/index.php\\\/2025\\\/11\\\/28\\\/que-es-la-ley-cazzu-la-propuesta-que-busca-proteger-a-menores-en-argentina\\\/#primaryimage\"},\"thumbnailUrl\":\"https:\\\/\\\/www.alasmedios.com\\\/wp-content\\\/uploads\\\/2025\\\/11\\\/Ley-Cazzu.jpg\",\"keywords\":[\"Argentina\",\"Cazzu\",\"derechos\",\"Gabriela Mosconi\",\"Ley Cazzu\",\"violencia vicaria\"],\"articleSection\":[\"Ellas Dicen\"],\"inLanguage\":\"es\",\"potentialAction\":[{\"@type\":\"CommentAction\",\"name\":\"Comment\",\"target\":[\"https:\\\/\\\/www.alasmedios.com\\\/index.php\\\/2025\\\/11\\\/28\\\/que-es-la-ley-cazzu-la-propuesta-que-busca-proteger-a-menores-en-argentina\\\/#respond\"]}]},{\"@type\":\"WebPage\",\"@id\":\"https:\\\/\\\/www.alasmedios.com\\\/index.php\\\/2025\\\/11\\\/28\\\/que-es-la-ley-cazzu-la-propuesta-que-busca-proteger-a-menores-en-argentina\\\/\",\"url\":\"https:\\\/\\\/www.alasmedios.com\\\/index.php\\\/2025\\\/11\\\/28\\\/que-es-la-ley-cazzu-la-propuesta-que-busca-proteger-a-menores-en-argentina\\\/\",\"name\":\"\u00bfQu\u00e9 es la Ley Cazzu? La propuesta que busca proteger a menores en Argentina - Alas Medios\",\"isPartOf\":{\"@id\":\"https:\\\/\\\/www.alasmedios.com\\\/#website\"},\"primaryImageOfPage\":{\"@id\":\"https:\\\/\\\/www.alasmedios.com\\\/index.php\\\/2025\\\/11\\\/28\\\/que-es-la-ley-cazzu-la-propuesta-que-busca-proteger-a-menores-en-argentina\\\/#primaryimage\"},\"image\":{\"@id\":\"https:\\\/\\\/www.alasmedios.com\\\/index.php\\\/2025\\\/11\\\/28\\\/que-es-la-ley-cazzu-la-propuesta-que-busca-proteger-a-menores-en-argentina\\\/#primaryimage\"},\"thumbnailUrl\":\"https:\\\/\\\/www.alasmedios.com\\\/wp-content\\\/uploads\\\/2025\\\/11\\\/Ley-Cazzu.jpg\",\"datePublished\":\"2025-11-28T15:00:00+00:00\",\"breadcrumb\":{\"@id\":\"https:\\\/\\\/www.alasmedios.com\\\/index.php\\\/2025\\\/11\\\/28\\\/que-es-la-ley-cazzu-la-propuesta-que-busca-proteger-a-menores-en-argentina\\\/#breadcrumb\"},\"inLanguage\":\"es\",\"potentialAction\":[{\"@type\":\"ReadAction\",\"target\":[\"https:\\\/\\\/www.alasmedios.com\\\/index.php\\\/2025\\\/11\\\/28\\\/que-es-la-ley-cazzu-la-propuesta-que-busca-proteger-a-menores-en-argentina\\\/\"]}]},{\"@type\":\"ImageObject\",\"inLanguage\":\"es\",\"@id\":\"https:\\\/\\\/www.alasmedios.com\\\/index.php\\\/2025\\\/11\\\/28\\\/que-es-la-ley-cazzu-la-propuesta-que-busca-proteger-a-menores-en-argentina\\\/#primaryimage\",\"url\":\"https:\\\/\\\/www.alasmedios.com\\\/wp-content\\\/uploads\\\/2025\\\/11\\\/Ley-Cazzu.jpg\",\"contentUrl\":\"https:\\\/\\\/www.alasmedios.com\\\/wp-content\\\/uploads\\\/2025\\\/11\\\/Ley-Cazzu.jpg\",\"width\":1100,\"height\":580},{\"@type\":\"BreadcrumbList\",\"@id\":\"https:\\\/\\\/www.alasmedios.com\\\/index.php\\\/2025\\\/11\\\/28\\\/que-es-la-ley-cazzu-la-propuesta-que-busca-proteger-a-menores-en-argentina\\\/#breadcrumb\",\"itemListElement\":[{\"@type\":\"ListItem\",\"position\":1,\"name\":\"Inicio\",\"item\":\"https:\\\/\\\/www.alasmedios.com\\\/\"},{\"@type\":\"ListItem\",\"position\":2,\"name\":\"\u00bfQu\u00e9 es la Ley Cazzu? La propuesta que busca proteger a menores en Argentina\"}]},{\"@type\":\"WebSite\",\"@id\":\"https:\\\/\\\/www.alasmedios.com\\\/#website\",\"url\":\"https:\\\/\\\/www.alasmedios.com\\\/\",\"name\":\"Alas Medios\",\"description\":\"Alas para pensar, Alas para volar, Alas de libertad\",\"publisher\":{\"@id\":\"https:\\\/\\\/www.alasmedios.com\\\/#organization\"},\"potentialAction\":[{\"@type\":\"SearchAction\",\"target\":{\"@type\":\"EntryPoint\",\"urlTemplate\":\"https:\\\/\\\/www.alasmedios.com\\\/?s={search_term_string}\"},\"query-input\":{\"@type\":\"PropertyValueSpecification\",\"valueRequired\":true,\"valueName\":\"search_term_string\"}}],\"inLanguage\":\"es\"},{\"@type\":\"Organization\",\"@id\":\"https:\\\/\\\/www.alasmedios.com\\\/#organization\",\"name\":\"Alas Medios\",\"url\":\"https:\\\/\\\/www.alasmedios.com\\\/\",\"logo\":{\"@type\":\"ImageObject\",\"inLanguage\":\"es\",\"@id\":\"https:\\\/\\\/www.alasmedios.com\\\/#\\\/schema\\\/logo\\\/image\\\/\",\"url\":\"https:\\\/\\\/www.alasmedios.com\\\/wp-content\\\/uploads\\\/2026\\\/01\\\/cropped-cropped-GAM-1.png\",\"contentUrl\":\"https:\\\/\\\/www.alasmedios.com\\\/wp-content\\\/uploads\\\/2026\\\/01\\\/cropped-cropped-GAM-1.png\",\"width\":467,\"height\":235,\"caption\":\"Alas Medios\"},\"image\":{\"@id\":\"https:\\\/\\\/www.alasmedios.com\\\/#\\\/schema\\\/logo\\\/image\\\/\"}},{\"@type\":\"Person\",\"@id\":\"https:\\\/\\\/www.alasmedios.com\\\/#\\\/schema\\\/person\\\/0ba31bdd19a05ebf5c7fef1fedf99c34\",\"name\":\"Keila Rodr\u00edguez Pe\u00f1a\",\"image\":{\"@type\":\"ImageObject\",\"inLanguage\":\"es\",\"@id\":\"https:\\\/\\\/secure.gravatar.com\\\/avatar\\\/a2553a2bfaa601b9d539b617c8793e151bdffb60f9e48a249912f86d4c9ebeef?s=96&d=mm&r=g\",\"url\":\"https:\\\/\\\/secure.gravatar.com\\\/avatar\\\/a2553a2bfaa601b9d539b617c8793e151bdffb60f9e48a249912f86d4c9ebeef?s=96&d=mm&r=g\",\"contentUrl\":\"https:\\\/\\\/secure.gravatar.com\\\/avatar\\\/a2553a2bfaa601b9d539b617c8793e151bdffb60f9e48a249912f86d4c9ebeef?s=96&d=mm&r=g\",\"caption\":\"Keila Rodr\u00edguez Pe\u00f1a\"},\"sameAs\":[\"http:\\\/\\\/www.alasmedios.com\"],\"url\":\"https:\\\/\\\/www.alasmedios.com\\\/index.php\\\/author\\\/keila\\\/\"}]}<\/script>\r\n<!-- \/ Yoast SEO plugin. -->","yoast_head_json":{"title":"\u00bfQu\u00e9 es la Ley Cazzu? La propuesta que busca proteger a menores en Argentina - Alas Medios","robots":{"index":"index","follow":"follow","max-snippet":"max-snippet:-1","max-image-preview":"max-image-preview:large","max-video-preview":"max-video-preview:-1"},"canonical":"https:\/\/www.alasmedios.com\/index.php\/2025\/11\/28\/que-es-la-ley-cazzu-la-propuesta-que-busca-proteger-a-menores-en-argentina\/","og_locale":"es_MX","og_type":"article","og_title":"\u00bfQu\u00e9 es la Ley Cazzu? La propuesta que busca proteger a menores en Argentina - Alas Medios","og_description":"La disputa legal entre Christian Nodal y Cazzu por su hija Inti abri\u00f3 un debate inesperado en Argentina: \u00bfc\u00f3mo garantizar","og_url":"https:\/\/www.alasmedios.com\/index.php\/2025\/11\/28\/que-es-la-ley-cazzu-la-propuesta-que-busca-proteger-a-menores-en-argentina\/","og_site_name":"Alas Medios","article_published_time":"2025-11-28T15:00:00+00:00","og_image":[{"width":1100,"height":580,"url":"https:\/\/www.alasmedios.com\/wp-content\/uploads\/2025\/11\/Ley-Cazzu.jpg","type":"image\/jpeg"}],"author":"Keila Rodr\u00edguez Pe\u00f1a","twitter_card":"summary_large_image","twitter_misc":{"Escrito por":"Keila Rodr\u00edguez Pe\u00f1a","Tiempo de lectura":"2 minutos"},"schema":{"@context":"https:\/\/schema.org","@graph":[{"@type":"Article","@id":"https:\/\/www.alasmedios.com\/index.php\/2025\/11\/28\/que-es-la-ley-cazzu-la-propuesta-que-busca-proteger-a-menores-en-argentina\/#article","isPartOf":{"@id":"https:\/\/www.alasmedios.com\/index.php\/2025\/11\/28\/que-es-la-ley-cazzu-la-propuesta-que-busca-proteger-a-menores-en-argentina\/"},"author":{"name":"Keila Rodr\u00edguez Pe\u00f1a","@id":"https:\/\/www.alasmedios.com\/#\/schema\/person\/0ba31bdd19a05ebf5c7fef1fedf99c34"},"headline":"\u00bfQu\u00e9 es la Ley Cazzu? La propuesta que busca proteger a menores en Argentina","datePublished":"2025-11-28T15:00:00+00:00","mainEntityOfPage":{"@id":"https:\/\/www.alasmedios.com\/index.php\/2025\/11\/28\/que-es-la-ley-cazzu-la-propuesta-que-busca-proteger-a-menores-en-argentina\/"},"wordCount":509,"commentCount":0,"publisher":{"@id":"https:\/\/www.alasmedios.com\/#organization"},"image":{"@id":"https:\/\/www.alasmedios.com\/index.php\/2025\/11\/28\/que-es-la-ley-cazzu-la-propuesta-que-busca-proteger-a-menores-en-argentina\/#primaryimage"},"thumbnailUrl":"https:\/\/www.alasmedios.com\/wp-content\/uploads\/2025\/11\/Ley-Cazzu.jpg","keywords":["Argentina","Cazzu","derechos","Gabriela Mosconi","Ley Cazzu","violencia vicaria"],"articleSection":["Ellas Dicen"],"inLanguage":"es","potentialAction":[{"@type":"CommentAction","name":"Comment","target":["https:\/\/www.alasmedios.com\/index.php\/2025\/11\/28\/que-es-la-ley-cazzu-la-propuesta-que-busca-proteger-a-menores-en-argentina\/#respond"]}]},{"@type":"WebPage","@id":"https:\/\/www.alasmedios.com\/index.php\/2025\/11\/28\/que-es-la-ley-cazzu-la-propuesta-que-busca-proteger-a-menores-en-argentina\/","url":"https:\/\/www.alasmedios.com\/index.php\/2025\/11\/28\/que-es-la-ley-cazzu-la-propuesta-que-busca-proteger-a-menores-en-argentina\/","name":"\u00bfQu\u00e9 es la Ley Cazzu? La propuesta que busca proteger a menores en Argentina - Alas Medios","isPartOf":{"@id":"https:\/\/www.alasmedios.com\/#website"},"primaryImageOfPage":{"@id":"https:\/\/www.alasmedios.com\/index.php\/2025\/11\/28\/que-es-la-ley-cazzu-la-propuesta-que-busca-proteger-a-menores-en-argentina\/#primaryimage"},"image":{"@id":"https:\/\/www.alasmedios.com\/index.php\/2025\/11\/28\/que-es-la-ley-cazzu-la-propuesta-que-busca-proteger-a-menores-en-argentina\/#primaryimage"},"thumbnailUrl":"https:\/\/www.alasmedios.com\/wp-content\/uploads\/2025\/11\/Ley-Cazzu.jpg","datePublished":"2025-11-28T15:00:00+00:00","breadcrumb":{"@id":"https:\/\/www.alasmedios.com\/index.php\/2025\/11\/28\/que-es-la-ley-cazzu-la-propuesta-que-busca-proteger-a-menores-en-argentina\/#breadcrumb"},"inLanguage":"es","potentialAction":[{"@type":"ReadAction","target":["https:\/\/www.alasmedios.com\/index.php\/2025\/11\/28\/que-es-la-ley-cazzu-la-propuesta-que-busca-proteger-a-menores-en-argentina\/"]}]},{"@type":"ImageObject","inLanguage":"es","@id":"https:\/\/www.alasmedios.com\/index.php\/2025\/11\/28\/que-es-la-ley-cazzu-la-propuesta-que-busca-proteger-a-menores-en-argentina\/#primaryimage","url":"https:\/\/www.alasmedios.com\/wp-content\/uploads\/2025\/11\/Ley-Cazzu.jpg","contentUrl":"https:\/\/www.alasmedios.com\/wp-content\/uploads\/2025\/11\/Ley-Cazzu.jpg","width":1100,"height":580},{"@type":"BreadcrumbList","@id":"https:\/\/www.alasmedios.com\/index.php\/2025\/11\/28\/que-es-la-ley-cazzu-la-propuesta-que-busca-proteger-a-menores-en-argentina\/#breadcrumb","itemListElement":[{"@type":"ListItem","position":1,"name":"Inicio","item":"https:\/\/www.alasmedios.com\/"},{"@type":"ListItem","position":2,"name":"\u00bfQu\u00e9 es la Ley Cazzu? La propuesta que busca proteger a menores en Argentina"}]},{"@type":"WebSite","@id":"https:\/\/www.alasmedios.com\/#website","url":"https:\/\/www.alasmedios.com\/","name":"Alas Medios","description":"Alas para pensar, Alas para volar, Alas de libertad","publisher":{"@id":"https:\/\/www.alasmedios.com\/#organization"},"potentialAction":[{"@type":"SearchAction","target":{"@type":"EntryPoint","urlTemplate":"https:\/\/www.alasmedios.com\/?s={search_term_string}"},"query-input":{"@type":"PropertyValueSpecification","valueRequired":true,"valueName":"search_term_string"}}],"inLanguage":"es"},{"@type":"Organization","@id":"https:\/\/www.alasmedios.com\/#organization","name":"Alas Medios","url":"https:\/\/www.alasmedios.com\/","logo":{"@type":"ImageObject","inLanguage":"es","@id":"https:\/\/www.alasmedios.com\/#\/schema\/logo\/image\/","url":"https:\/\/www.alasmedios.com\/wp-content\/uploads\/2026\/01\/cropped-cropped-GAM-1.png","contentUrl":"https:\/\/www.alasmedios.com\/wp-content\/uploads\/2026\/01\/cropped-cropped-GAM-1.png","width":467,"height":235,"caption":"Alas Medios"},"image":{"@id":"https:\/\/www.alasmedios.com\/#\/schema\/logo\/image\/"}},{"@type":"Person","@id":"https:\/\/www.alasmedios.com\/#\/schema\/person\/0ba31bdd19a05ebf5c7fef1fedf99c34","name":"Keila Rodr\u00edguez Pe\u00f1a","image":{"@type":"ImageObject","inLanguage":"es","@id":"https:\/\/secure.gravatar.com\/avatar\/a2553a2bfaa601b9d539b617c8793e151bdffb60f9e48a249912f86d4c9ebeef?s=96&d=mm&r=g","url":"https:\/\/secure.gravatar.com\/avatar\/a2553a2bfaa601b9d539b617c8793e151bdffb60f9e48a249912f86d4c9ebeef?s=96&d=mm&r=g","contentUrl":"https:\/\/secure.gravatar.com\/avatar\/a2553a2bfaa601b9d539b617c8793e151bdffb60f9e48a249912f86d4c9ebeef?s=96&d=mm&r=g","caption":"Keila Rodr\u00edguez Pe\u00f1a"},"sameAs":["http:\/\/www.alasmedios.com"],"url":"https:\/\/www.alasmedios.com\/index.php\/author\/keila\/"}]}},"_links":{"self":[{"href":"https:\/\/www.alasmedios.com\/index.php\/wp-json\/wp\/v2\/posts\/6970","targetHints":{"allow":["GET"]}}],"collection":[{"href":"https:\/\/www.alasmedios.com\/index.php\/wp-json\/wp\/v2\/posts"}],"about":[{"href":"https:\/\/www.alasmedios.com\/index.php\/wp-json\/wp\/v2\/types\/post"}],"author":[{"embeddable":true,"href":"https:\/\/www.alasmedios.com\/index.php\/wp-json\/wp\/v2\/users\/4"}],"replies":[{"embeddable":true,"href":"https:\/\/www.alasmedios.com\/index.php\/wp-json\/wp\/v2\/comments?post=6970"}],"version-history":[{"count":1,"href":"https:\/\/www.alasmedios.com\/index.php\/wp-json\/wp\/v2\/posts\/6970\/revisions"}],"predecessor-version":[{"id":6972,"href":"https:\/\/www.alasmedios.com\/index.php\/wp-json\/wp\/v2\/posts\/6970\/revisions\/6972"}],"wp:featuredmedia":[{"embeddable":true,"href":"https:\/\/www.alasmedios.com\/index.php\/wp-json\/wp\/v2\/media\/6971"}],"wp:attachment":[{"href":"https:\/\/www.alasmedios.com\/index.php\/wp-json\/wp\/v2\/media?parent=6970"}],"wp:term":[{"taxonomy":"category","embeddable":true,"href":"https:\/\/www.alasmedios.com\/index.php\/wp-json\/wp\/v2\/categories?post=6970"},{"taxonomy":"post_tag","embeddable":true,"href":"https:\/\/www.alasmedios.com\/index.php\/wp-json\/wp\/v2\/tags?post=6970"}],"curies":[{"name":"wp","href":"https:\/\/api.w.org\/{rel}","templated":true}]}}