{"id":6967,"date":"2025-11-28T15:27:00","date_gmt":"2025-11-28T21:27:00","guid":{"rendered":"https:\/\/www.alasmedios.com\/?p=6967"},"modified":"2025-11-27T22:36:10","modified_gmt":"2025-11-28T04:36:10","slug":"instituto-de-las-mujeres-de-mineral-de-la-reforma-y-rescatando-mujeres-suman-esfuerzos-contra-la-violencia","status":"publish","type":"post","link":"https:\/\/www.alasmedios.com\/index.php\/2025\/11\/28\/instituto-de-las-mujeres-de-mineral-de-la-reforma-y-rescatando-mujeres-suman-esfuerzos-contra-la-violencia\/","title":{"rendered":"Instituto de las Mujeres de Mineral de la Reforma y Rescatando Mujeres suman esfuerzos contra la violencia"},"content":{"rendered":"\n<p>El <strong>Instituto Municipal de las Mujeres de Mineral de la Reforma<\/strong> formaliz\u00f3 un <strong>convenio de colaboraci\u00f3n<\/strong> con la asociaci\u00f3n <strong>Rescatando Mujeres A.C.<\/strong>, un acuerdo que busca reforzar la atenci\u00f3n y protecci\u00f3n para mujeres, ni\u00f1as y adolescentes que enfrentan <strong>violencias extremas<\/strong>.<\/p>\n\n\n\n<p>El objetivo central del convenio es establecer un <strong>v\u00ednculo directo entre instituciones<\/strong> para que las mujeres en riesgo puedan ser <strong>canalizadas a un refugio<\/strong>, donde tengan acceso a <strong>protecci\u00f3n<\/strong>, <strong>orientaci\u00f3n<\/strong>, <strong>atenci\u00f3n integral<\/strong> y rutas para reconstruir su vida en condiciones de seguridad.<\/p>\n\n\n\n<p>CONTIN\u00daA LEYENDO: <a href=\"https:\/\/www.alasmedios.com\/index.php\/2025\/11\/27\/tula-celebra-el-poder-del-autoempleo\/\" data-type=\"post\" data-id=\"6943\">Tula celebra el poder del autoempleo<\/a><\/p>\n\n\n\n<p>Adem\u00e1s de garantizar un espacio seguro, esta colaboraci\u00f3n pretende impulsar <strong>procesos de fortalecimiento<\/strong>, acompa\u00f1amiento y herramientas que permitan a las mujeres avanzar hacia una <strong>vida libre de violencia<\/strong>.<\/p>\n\n\n\n<p>La alianza entre el Instituto y <strong>Rescatando Mujeres A.C.<\/strong> se suma a las acciones emprendidas en el municipio para <strong>prevenir y atender las violencias<\/strong>, reforzando las redes locales de apoyo y ampliando las posibilidades de intervenci\u00f3n en situaciones cr\u00edticas.<\/p>\n\n\n<ul class=\"wp-block-latest-posts__list is-grid columns-3 wp-block-latest-posts\"><li><div class=\"wp-block-latest-posts__featured-image\"><img loading=\"lazy\" decoding=\"async\" width=\"150\" height=\"150\" src=\"https:\/\/www.alasmedios.com\/wp-content\/uploads\/2026\/05\/CECILIA-MAYA--150x150.jpeg\" class=\"attachment-thumbnail size-thumbnail wp-post-image\" alt=\"\" style=\"\" \/><\/div><a class=\"wp-block-latest-posts__post-title\" href=\"https:\/\/www.alasmedios.com\/index.php\/2026\/05\/02\/el-aceite-de-oliva-se-encuentra-en-la-lista-de-los-diez-tipos-de-alimentos-mas-favorables-si-es-de-primera-calidad-nos-referimos-al-aceite-extra-virgen-entonces-se-considera-la-su\/\">El aceite de oliva<\/a><\/li>\n<li><div class=\"wp-block-latest-posts__featured-image\"><img loading=\"lazy\" decoding=\"async\" width=\"150\" height=\"150\" src=\"https:\/\/www.alasmedios.com\/wp-content\/uploads\/2026\/05\/Festival-de-Papalotes-Tierra-de-Gigantes-150x150.png\" class=\"attachment-thumbnail size-thumbnail wp-post-image\" alt=\"\" style=\"\" \/><\/div><a class=\"wp-block-latest-posts__post-title\" href=\"https:\/\/www.alasmedios.com\/index.php\/2026\/05\/02\/puebla-se-llena-de-color-con-el-festival-de-papalotes-tierra-de-gigantes\/\">Puebla se llena de color con el Festival de Papalotes \u201cTierra de Gigantes\u201d<\/a><\/li>\n<li><div class=\"wp-block-latest-posts__featured-image\"><img loading=\"lazy\" decoding=\"async\" width=\"150\" height=\"150\" src=\"https:\/\/www.alasmedios.com\/wp-content\/uploads\/2026\/05\/Puebla-Catedra-Hermila-Galindo-150x150.jpg\" class=\"attachment-thumbnail size-thumbnail wp-post-image\" alt=\"\" style=\"\" \/><\/div><a class=\"wp-block-latest-posts__post-title\" href=\"https:\/\/www.alasmedios.com\/index.php\/2026\/05\/02\/realizan-quinta-edicion-de-la-catedra-hermila-galindo-en-puebla\/\">Realizan quinta edici\u00f3n de la C\u00e1tedra Hermila Galindo en Puebla<\/a><\/li>\n<\/ul>","protected":false},"excerpt":{"rendered":"<p>El Instituto Municipal de las Mujeres de Mineral de la Reforma formaliz\u00f3 un convenio de colaboraci\u00f3n con la asociaci\u00f3n Rescatando<\/p>\n","protected":false},"author":4,"featured_media":6968,"comment_status":"open","ping_status":"open","sticky":false,"template":"","format":"standard","meta":{"colormag_page_container_layout":"default_layout","colormag_page_sidebar_layout":"default_layout","rop_custom_images_group":[],"rop_custom_messages_group":[],"rop_publish_now":"initial","rop_publish_now_accounts":[],"rop_publish_now_history":[],"rop_publish_now_status":"pending","iawp_total_views":0,"footnotes":""},"categories":[41],"tags":[99,1227,53,3074,121],"class_list":["post-6967","post","type-post","status-publish","format-standard","has-post-thumbnail","hentry","category-hidalgo","tag-hidalgo","tag-instituto-municipal-de-las-mujeres-de-mineral-de-la-reforma","tag-mujeres","tag-rescatando-mujeres-a-c","tag-violencia-de-genero-2"],"magazineBlocksPostFeaturedMedia":{"thumbnail":"https:\/\/www.alasmedios.com\/wp-content\/uploads\/2025\/11\/Instituto-Municipal-de-las-Mujeres-Mineral-de-la-Reforma-1-e1764304287847-150x150.jpg","medium":"https:\/\/www.alasmedios.com\/wp-content\/uploads\/2025\/11\/Instituto-Municipal-de-las-Mujeres-Mineral-de-la-Reforma-1-e1764304287847-300x134.jpg","medium_large":"https:\/\/www.alasmedios.com\/wp-content\/uploads\/2025\/11\/Instituto-Municipal-de-las-Mujeres-Mineral-de-la-Reforma-1-e1764304287847-768x344.jpg","large":"https:\/\/www.alasmedios.com\/wp-content\/uploads\/2025\/11\/Instituto-Municipal-de-las-Mujeres-Mineral-de-la-Reforma-1-e1764304287847-1024x459.jpg","1536x1536":"https:\/\/www.alasmedios.com\/wp-content\/uploads\/2025\/11\/Instituto-Municipal-de-las-Mujeres-Mineral-de-la-Reforma-1-e1764304287847-1536x688.jpg","2048x2048":"https:\/\/www.alasmedios.com\/wp-content\/uploads\/2025\/11\/Instituto-Municipal-de-las-Mujeres-Mineral-de-la-Reforma-1-e1764304287847.jpg","colormag-highlighted-post":"https:\/\/www.alasmedios.com\/wp-content\/uploads\/2025\/11\/Instituto-Municipal-de-las-Mujeres-Mineral-de-la-Reforma-1-e1764304287847-392x272.jpg","colormag-featured-post-medium":"https:\/\/www.alasmedios.com\/wp-content\/uploads\/2025\/11\/Instituto-Municipal-de-las-Mujeres-Mineral-de-la-Reforma-1-e1764304287847-390x205.jpg","colormag-featured-post-small":"https:\/\/www.alasmedios.com\/wp-content\/uploads\/2025\/11\/Instituto-Municipal-de-las-Mujeres-Mineral-de-la-Reforma-1-e1764304287847-130x90.jpg","colormag-featured-image":"https:\/\/www.alasmedios.com\/wp-content\/uploads\/2025\/11\/Instituto-Municipal-de-las-Mujeres-Mineral-de-la-Reforma-1-e1764304287847-800x445.jpg","colormag-default-news":"https:\/\/www.alasmedios.com\/wp-content\/uploads\/2025\/11\/Instituto-Municipal-de-las-Mujeres-Mineral-de-la-Reforma-1-e1764304287847-150x150.jpg","colormag-featured-image-large":"https:\/\/www.alasmedios.com\/wp-content\/uploads\/2025\/11\/Instituto-Municipal-de-las-Mujeres-Mineral-de-la-Reforma-1-e1764304287847-1400x600.jpg"},"magazineBlocksPostAuthor":{"name":"Keila Rodr\u00edguez Pe\u00f1a","avatar":"https:\/\/secure.gravatar.com\/avatar\/a2553a2bfaa601b9d539b617c8793e151bdffb60f9e48a249912f86d4c9ebeef?s=96&d=mm&r=g"},"magazineBlocksPostCommentsNumber":"0","magazineBlocksPostExcerpt":"El Instituto Municipal de las Mujeres de Mineral de la Reforma formaliz\u00f3 un convenio de colaboraci\u00f3n con la asociaci\u00f3n Rescatando","magazineBlocksPostCategories":["Hidalgo"],"magazineBlocksPostViewCount":118,"magazineBlocksPostReadTime":1,"magazine_blocks_featured_image_url":{"full":["https:\/\/www.alasmedios.com\/wp-content\/uploads\/2025\/11\/Instituto-Municipal-de-las-Mujeres-Mineral-de-la-Reforma-1-e1764304287847.jpg",1600,717,false],"medium":["https:\/\/www.alasmedios.com\/wp-content\/uploads\/2025\/11\/Instituto-Municipal-de-las-Mujeres-Mineral-de-la-Reforma-1-e1764304287847-300x134.jpg",300,134,true],"thumbnail":["https:\/\/www.alasmedios.com\/wp-content\/uploads\/2025\/11\/Instituto-Municipal-de-las-Mujeres-Mineral-de-la-Reforma-1-e1764304287847-150x150.jpg",150,150,true]},"magazine_blocks_author":{"display_name":"Keila Rodr\u00edguez Pe\u00f1a","author_link":"https:\/\/www.alasmedios.com\/index.php\/author\/keila\/"},"magazine_blocks_comment":0,"magazine_blocks_author_image":"https:\/\/secure.gravatar.com\/avatar\/a2553a2bfaa601b9d539b617c8793e151bdffb60f9e48a249912f86d4c9ebeef?s=96&d=mm&r=g","magazine_blocks_category":"<a href=\"#\" class=\"category-link category-link-41\">Hidalgo<\/a>","yoast_head":"<!-- This site is optimized with the Yoast SEO plugin v27.5 - https:\/\/yoast.com\/product\/yoast-seo-wordpress\/ -->\r\n<title>Instituto de las Mujeres de Mineral de la Reforma y Rescatando Mujeres suman esfuerzos contra la violencia - Alas Medios<\/title>\r\n<meta name=\"robots\" content=\"index, follow, max-snippet:-1, max-image-preview:large, max-video-preview:-1\" \/>\r\n<link rel=\"canonical\" href=\"https:\/\/www.alasmedios.com\/index.php\/2025\/11\/28\/instituto-de-las-mujeres-de-mineral-de-la-reforma-y-rescatando-mujeres-suman-esfuerzos-contra-la-violencia\/\" \/>\r\n<meta property=\"og:locale\" content=\"es_MX\" \/>\r\n<meta property=\"og:type\" content=\"article\" \/>\r\n<meta property=\"og:title\" content=\"Instituto de las Mujeres de Mineral de la Reforma y Rescatando Mujeres suman esfuerzos contra la violencia - Alas Medios\" \/>\r\n<meta property=\"og:description\" content=\"El Instituto Municipal de las Mujeres de Mineral de la Reforma formaliz\u00f3 un convenio de colaboraci\u00f3n con la asociaci\u00f3n Rescatando\" \/>\r\n<meta property=\"og:url\" content=\"https:\/\/www.alasmedios.com\/index.php\/2025\/11\/28\/instituto-de-las-mujeres-de-mineral-de-la-reforma-y-rescatando-mujeres-suman-esfuerzos-contra-la-violencia\/\" \/>\r\n<meta property=\"og:site_name\" content=\"Alas Medios\" \/>\r\n<meta property=\"article:published_time\" content=\"2025-11-28T21:27:00+00:00\" \/>\r\n<meta property=\"og:image\" content=\"https:\/\/www.alasmedios.com\/wp-content\/uploads\/2025\/11\/Instituto-Municipal-de-las-Mujeres-Mineral-de-la-Reforma-1-e1764304287847.jpg\" \/>\r\n\t<meta property=\"og:image:width\" content=\"1600\" \/>\r\n\t<meta property=\"og:image:height\" content=\"717\" \/>\r\n\t<meta property=\"og:image:type\" content=\"image\/jpeg\" \/>\r\n<meta name=\"author\" content=\"Keila Rodr\u00edguez Pe\u00f1a\" \/>\r\n<meta name=\"twitter:card\" content=\"summary_large_image\" \/>\r\n<meta name=\"twitter:label1\" content=\"Escrito por\" \/>\n\t<meta name=\"twitter:data1\" content=\"Keila Rodr\u00edguez Pe\u00f1a\" \/>\n\t<meta name=\"twitter:label2\" content=\"Tiempo de lectura\" \/>\n\t<meta name=\"twitter:data2\" content=\"1 minuto\" \/>\r\n<script type=\"application\/ld+json\" class=\"yoast-schema-graph\">{\"@context\":\"https:\\\/\\\/schema.org\",\"@graph\":[{\"@type\":\"Article\",\"@id\":\"https:\\\/\\\/www.alasmedios.com\\\/index.php\\\/2025\\\/11\\\/28\\\/instituto-de-las-mujeres-de-mineral-de-la-reforma-y-rescatando-mujeres-suman-esfuerzos-contra-la-violencia\\\/#article\",\"isPartOf\":{\"@id\":\"https:\\\/\\\/www.alasmedios.com\\\/index.php\\\/2025\\\/11\\\/28\\\/instituto-de-las-mujeres-de-mineral-de-la-reforma-y-rescatando-mujeres-suman-esfuerzos-contra-la-violencia\\\/\"},\"author\":{\"name\":\"Keila Rodr\u00edguez Pe\u00f1a\",\"@id\":\"https:\\\/\\\/www.alasmedios.com\\\/#\\\/schema\\\/person\\\/0ba31bdd19a05ebf5c7fef1fedf99c34\"},\"headline\":\"Instituto de las Mujeres de Mineral de la Reforma y Rescatando Mujeres suman esfuerzos contra la violencia\",\"datePublished\":\"2025-11-28T21:27:00+00:00\",\"mainEntityOfPage\":{\"@id\":\"https:\\\/\\\/www.alasmedios.com\\\/index.php\\\/2025\\\/11\\\/28\\\/instituto-de-las-mujeres-de-mineral-de-la-reforma-y-rescatando-mujeres-suman-esfuerzos-contra-la-violencia\\\/\"},\"wordCount\":191,\"commentCount\":0,\"publisher\":{\"@id\":\"https:\\\/\\\/www.alasmedios.com\\\/#organization\"},\"image\":{\"@id\":\"https:\\\/\\\/www.alasmedios.com\\\/index.php\\\/2025\\\/11\\\/28\\\/instituto-de-las-mujeres-de-mineral-de-la-reforma-y-rescatando-mujeres-suman-esfuerzos-contra-la-violencia\\\/#primaryimage\"},\"thumbnailUrl\":\"https:\\\/\\\/www.alasmedios.com\\\/wp-content\\\/uploads\\\/2025\\\/11\\\/Instituto-Municipal-de-las-Mujeres-Mineral-de-la-Reforma-1-e1764304287847.jpg\",\"keywords\":[\"Hidalgo\",\"Instituto Municipal de las Mujeres de Mineral de la Reforma\",\"Mujeres\",\"Rescatando Mujeres A.C.\",\"violencia de g\u00e9nero\"],\"articleSection\":[\"Hidalgo\"],\"inLanguage\":\"es\",\"potentialAction\":[{\"@type\":\"CommentAction\",\"name\":\"Comment\",\"target\":[\"https:\\\/\\\/www.alasmedios.com\\\/index.php\\\/2025\\\/11\\\/28\\\/instituto-de-las-mujeres-de-mineral-de-la-reforma-y-rescatando-mujeres-suman-esfuerzos-contra-la-violencia\\\/#respond\"]}]},{\"@type\":\"WebPage\",\"@id\":\"https:\\\/\\\/www.alasmedios.com\\\/index.php\\\/2025\\\/11\\\/28\\\/instituto-de-las-mujeres-de-mineral-de-la-reforma-y-rescatando-mujeres-suman-esfuerzos-contra-la-violencia\\\/\",\"url\":\"https:\\\/\\\/www.alasmedios.com\\\/index.php\\\/2025\\\/11\\\/28\\\/instituto-de-las-mujeres-de-mineral-de-la-reforma-y-rescatando-mujeres-suman-esfuerzos-contra-la-violencia\\\/\",\"name\":\"Instituto de las Mujeres de Mineral de la Reforma y Rescatando Mujeres suman esfuerzos contra la violencia - Alas Medios\",\"isPartOf\":{\"@id\":\"https:\\\/\\\/www.alasmedios.com\\\/#website\"},\"primaryImageOfPage\":{\"@id\":\"https:\\\/\\\/www.alasmedios.com\\\/index.php\\\/2025\\\/11\\\/28\\\/instituto-de-las-mujeres-de-mineral-de-la-reforma-y-rescatando-mujeres-suman-esfuerzos-contra-la-violencia\\\/#primaryimage\"},\"image\":{\"@id\":\"https:\\\/\\\/www.alasmedios.com\\\/index.php\\\/2025\\\/11\\\/28\\\/instituto-de-las-mujeres-de-mineral-de-la-reforma-y-rescatando-mujeres-suman-esfuerzos-contra-la-violencia\\\/#primaryimage\"},\"thumbnailUrl\":\"https:\\\/\\\/www.alasmedios.com\\\/wp-content\\\/uploads\\\/2025\\\/11\\\/Instituto-Municipal-de-las-Mujeres-Mineral-de-la-Reforma-1-e1764304287847.jpg\",\"datePublished\":\"2025-11-28T21:27:00+00:00\",\"breadcrumb\":{\"@id\":\"https:\\\/\\\/www.alasmedios.com\\\/index.php\\\/2025\\\/11\\\/28\\\/instituto-de-las-mujeres-de-mineral-de-la-reforma-y-rescatando-mujeres-suman-esfuerzos-contra-la-violencia\\\/#breadcrumb\"},\"inLanguage\":\"es\",\"potentialAction\":[{\"@type\":\"ReadAction\",\"target\":[\"https:\\\/\\\/www.alasmedios.com\\\/index.php\\\/2025\\\/11\\\/28\\\/instituto-de-las-mujeres-de-mineral-de-la-reforma-y-rescatando-mujeres-suman-esfuerzos-contra-la-violencia\\\/\"]}]},{\"@type\":\"ImageObject\",\"inLanguage\":\"es\",\"@id\":\"https:\\\/\\\/www.alasmedios.com\\\/index.php\\\/2025\\\/11\\\/28\\\/instituto-de-las-mujeres-de-mineral-de-la-reforma-y-rescatando-mujeres-suman-esfuerzos-contra-la-violencia\\\/#primaryimage\",\"url\":\"https:\\\/\\\/www.alasmedios.com\\\/wp-content\\\/uploads\\\/2025\\\/11\\\/Instituto-Municipal-de-las-Mujeres-Mineral-de-la-Reforma-1-e1764304287847.jpg\",\"contentUrl\":\"https:\\\/\\\/www.alasmedios.com\\\/wp-content\\\/uploads\\\/2025\\\/11\\\/Instituto-Municipal-de-las-Mujeres-Mineral-de-la-Reforma-1-e1764304287847.jpg\",\"width\":1600,\"height\":717},{\"@type\":\"BreadcrumbList\",\"@id\":\"https:\\\/\\\/www.alasmedios.com\\\/index.php\\\/2025\\\/11\\\/28\\\/instituto-de-las-mujeres-de-mineral-de-la-reforma-y-rescatando-mujeres-suman-esfuerzos-contra-la-violencia\\\/#breadcrumb\",\"itemListElement\":[{\"@type\":\"ListItem\",\"position\":1,\"name\":\"Inicio\",\"item\":\"https:\\\/\\\/www.alasmedios.com\\\/\"},{\"@type\":\"ListItem\",\"position\":2,\"name\":\"Instituto de las Mujeres de Mineral de la Reforma y Rescatando Mujeres suman esfuerzos contra la violencia\"}]},{\"@type\":\"WebSite\",\"@id\":\"https:\\\/\\\/www.alasmedios.com\\\/#website\",\"url\":\"https:\\\/\\\/www.alasmedios.com\\\/\",\"name\":\"Alas Medios\",\"description\":\"Alas para pensar, Alas para volar, Alas de libertad\",\"publisher\":{\"@id\":\"https:\\\/\\\/www.alasmedios.com\\\/#organization\"},\"potentialAction\":[{\"@type\":\"SearchAction\",\"target\":{\"@type\":\"EntryPoint\",\"urlTemplate\":\"https:\\\/\\\/www.alasmedios.com\\\/?s={search_term_string}\"},\"query-input\":{\"@type\":\"PropertyValueSpecification\",\"valueRequired\":true,\"valueName\":\"search_term_string\"}}],\"inLanguage\":\"es\"},{\"@type\":\"Organization\",\"@id\":\"https:\\\/\\\/www.alasmedios.com\\\/#organization\",\"name\":\"Alas Medios\",\"url\":\"https:\\\/\\\/www.alasmedios.com\\\/\",\"logo\":{\"@type\":\"ImageObject\",\"inLanguage\":\"es\",\"@id\":\"https:\\\/\\\/www.alasmedios.com\\\/#\\\/schema\\\/logo\\\/image\\\/\",\"url\":\"https:\\\/\\\/www.alasmedios.com\\\/wp-content\\\/uploads\\\/2026\\\/01\\\/cropped-cropped-GAM-1.png\",\"contentUrl\":\"https:\\\/\\\/www.alasmedios.com\\\/wp-content\\\/uploads\\\/2026\\\/01\\\/cropped-cropped-GAM-1.png\",\"width\":467,\"height\":235,\"caption\":\"Alas Medios\"},\"image\":{\"@id\":\"https:\\\/\\\/www.alasmedios.com\\\/#\\\/schema\\\/logo\\\/image\\\/\"}},{\"@type\":\"Person\",\"@id\":\"https:\\\/\\\/www.alasmedios.com\\\/#\\\/schema\\\/person\\\/0ba31bdd19a05ebf5c7fef1fedf99c34\",\"name\":\"Keila Rodr\u00edguez Pe\u00f1a\",\"image\":{\"@type\":\"ImageObject\",\"inLanguage\":\"es\",\"@id\":\"https:\\\/\\\/secure.gravatar.com\\\/avatar\\\/a2553a2bfaa601b9d539b617c8793e151bdffb60f9e48a249912f86d4c9ebeef?s=96&d=mm&r=g\",\"url\":\"https:\\\/\\\/secure.gravatar.com\\\/avatar\\\/a2553a2bfaa601b9d539b617c8793e151bdffb60f9e48a249912f86d4c9ebeef?s=96&d=mm&r=g\",\"contentUrl\":\"https:\\\/\\\/secure.gravatar.com\\\/avatar\\\/a2553a2bfaa601b9d539b617c8793e151bdffb60f9e48a249912f86d4c9ebeef?s=96&d=mm&r=g\",\"caption\":\"Keila Rodr\u00edguez Pe\u00f1a\"},\"sameAs\":[\"http:\\\/\\\/www.alasmedios.com\"],\"url\":\"https:\\\/\\\/www.alasmedios.com\\\/index.php\\\/author\\\/keila\\\/\"}]}<\/script>\r\n<!-- \/ Yoast SEO plugin. -->","yoast_head_json":{"title":"Instituto de las Mujeres de Mineral de la Reforma y Rescatando Mujeres suman esfuerzos contra la violencia - Alas Medios","robots":{"index":"index","follow":"follow","max-snippet":"max-snippet:-1","max-image-preview":"max-image-preview:large","max-video-preview":"max-video-preview:-1"},"canonical":"https:\/\/www.alasmedios.com\/index.php\/2025\/11\/28\/instituto-de-las-mujeres-de-mineral-de-la-reforma-y-rescatando-mujeres-suman-esfuerzos-contra-la-violencia\/","og_locale":"es_MX","og_type":"article","og_title":"Instituto de las Mujeres de Mineral de la Reforma y Rescatando Mujeres suman esfuerzos contra la violencia - Alas Medios","og_description":"El Instituto Municipal de las Mujeres de Mineral de la Reforma formaliz\u00f3 un convenio de colaboraci\u00f3n con la asociaci\u00f3n Rescatando","og_url":"https:\/\/www.alasmedios.com\/index.php\/2025\/11\/28\/instituto-de-las-mujeres-de-mineral-de-la-reforma-y-rescatando-mujeres-suman-esfuerzos-contra-la-violencia\/","og_site_name":"Alas Medios","article_published_time":"2025-11-28T21:27:00+00:00","og_image":[{"width":1600,"height":717,"url":"https:\/\/www.alasmedios.com\/wp-content\/uploads\/2025\/11\/Instituto-Municipal-de-las-Mujeres-Mineral-de-la-Reforma-1-e1764304287847.jpg","type":"image\/jpeg"}],"author":"Keila Rodr\u00edguez Pe\u00f1a","twitter_card":"summary_large_image","twitter_misc":{"Escrito por":"Keila Rodr\u00edguez Pe\u00f1a","Tiempo de lectura":"1 minuto"},"schema":{"@context":"https:\/\/schema.org","@graph":[{"@type":"Article","@id":"https:\/\/www.alasmedios.com\/index.php\/2025\/11\/28\/instituto-de-las-mujeres-de-mineral-de-la-reforma-y-rescatando-mujeres-suman-esfuerzos-contra-la-violencia\/#article","isPartOf":{"@id":"https:\/\/www.alasmedios.com\/index.php\/2025\/11\/28\/instituto-de-las-mujeres-de-mineral-de-la-reforma-y-rescatando-mujeres-suman-esfuerzos-contra-la-violencia\/"},"author":{"name":"Keila Rodr\u00edguez Pe\u00f1a","@id":"https:\/\/www.alasmedios.com\/#\/schema\/person\/0ba31bdd19a05ebf5c7fef1fedf99c34"},"headline":"Instituto de las Mujeres de Mineral de la Reforma y Rescatando Mujeres suman esfuerzos contra la violencia","datePublished":"2025-11-28T21:27:00+00:00","mainEntityOfPage":{"@id":"https:\/\/www.alasmedios.com\/index.php\/2025\/11\/28\/instituto-de-las-mujeres-de-mineral-de-la-reforma-y-rescatando-mujeres-suman-esfuerzos-contra-la-violencia\/"},"wordCount":191,"commentCount":0,"publisher":{"@id":"https:\/\/www.alasmedios.com\/#organization"},"image":{"@id":"https:\/\/www.alasmedios.com\/index.php\/2025\/11\/28\/instituto-de-las-mujeres-de-mineral-de-la-reforma-y-rescatando-mujeres-suman-esfuerzos-contra-la-violencia\/#primaryimage"},"thumbnailUrl":"https:\/\/www.alasmedios.com\/wp-content\/uploads\/2025\/11\/Instituto-Municipal-de-las-Mujeres-Mineral-de-la-Reforma-1-e1764304287847.jpg","keywords":["Hidalgo","Instituto Municipal de las Mujeres de Mineral de la Reforma","Mujeres","Rescatando Mujeres A.C.","violencia de g\u00e9nero"],"articleSection":["Hidalgo"],"inLanguage":"es","potentialAction":[{"@type":"CommentAction","name":"Comment","target":["https:\/\/www.alasmedios.com\/index.php\/2025\/11\/28\/instituto-de-las-mujeres-de-mineral-de-la-reforma-y-rescatando-mujeres-suman-esfuerzos-contra-la-violencia\/#respond"]}]},{"@type":"WebPage","@id":"https:\/\/www.alasmedios.com\/index.php\/2025\/11\/28\/instituto-de-las-mujeres-de-mineral-de-la-reforma-y-rescatando-mujeres-suman-esfuerzos-contra-la-violencia\/","url":"https:\/\/www.alasmedios.com\/index.php\/2025\/11\/28\/instituto-de-las-mujeres-de-mineral-de-la-reforma-y-rescatando-mujeres-suman-esfuerzos-contra-la-violencia\/","name":"Instituto de las Mujeres de Mineral de la Reforma y Rescatando Mujeres suman esfuerzos contra la violencia - Alas Medios","isPartOf":{"@id":"https:\/\/www.alasmedios.com\/#website"},"primaryImageOfPage":{"@id":"https:\/\/www.alasmedios.com\/index.php\/2025\/11\/28\/instituto-de-las-mujeres-de-mineral-de-la-reforma-y-rescatando-mujeres-suman-esfuerzos-contra-la-violencia\/#primaryimage"},"image":{"@id":"https:\/\/www.alasmedios.com\/index.php\/2025\/11\/28\/instituto-de-las-mujeres-de-mineral-de-la-reforma-y-rescatando-mujeres-suman-esfuerzos-contra-la-violencia\/#primaryimage"},"thumbnailUrl":"https:\/\/www.alasmedios.com\/wp-content\/uploads\/2025\/11\/Instituto-Municipal-de-las-Mujeres-Mineral-de-la-Reforma-1-e1764304287847.jpg","datePublished":"2025-11-28T21:27:00+00:00","breadcrumb":{"@id":"https:\/\/www.alasmedios.com\/index.php\/2025\/11\/28\/instituto-de-las-mujeres-de-mineral-de-la-reforma-y-rescatando-mujeres-suman-esfuerzos-contra-la-violencia\/#breadcrumb"},"inLanguage":"es","potentialAction":[{"@type":"ReadAction","target":["https:\/\/www.alasmedios.com\/index.php\/2025\/11\/28\/instituto-de-las-mujeres-de-mineral-de-la-reforma-y-rescatando-mujeres-suman-esfuerzos-contra-la-violencia\/"]}]},{"@type":"ImageObject","inLanguage":"es","@id":"https:\/\/www.alasmedios.com\/index.php\/2025\/11\/28\/instituto-de-las-mujeres-de-mineral-de-la-reforma-y-rescatando-mujeres-suman-esfuerzos-contra-la-violencia\/#primaryimage","url":"https:\/\/www.alasmedios.com\/wp-content\/uploads\/2025\/11\/Instituto-Municipal-de-las-Mujeres-Mineral-de-la-Reforma-1-e1764304287847.jpg","contentUrl":"https:\/\/www.alasmedios.com\/wp-content\/uploads\/2025\/11\/Instituto-Municipal-de-las-Mujeres-Mineral-de-la-Reforma-1-e1764304287847.jpg","width":1600,"height":717},{"@type":"BreadcrumbList","@id":"https:\/\/www.alasmedios.com\/index.php\/2025\/11\/28\/instituto-de-las-mujeres-de-mineral-de-la-reforma-y-rescatando-mujeres-suman-esfuerzos-contra-la-violencia\/#breadcrumb","itemListElement":[{"@type":"ListItem","position":1,"name":"Inicio","item":"https:\/\/www.alasmedios.com\/"},{"@type":"ListItem","position":2,"name":"Instituto de las Mujeres de Mineral de la Reforma y Rescatando Mujeres suman esfuerzos contra la violencia"}]},{"@type":"WebSite","@id":"https:\/\/www.alasmedios.com\/#website","url":"https:\/\/www.alasmedios.com\/","name":"Alas Medios","description":"Alas para pensar, Alas para volar, Alas de libertad","publisher":{"@id":"https:\/\/www.alasmedios.com\/#organization"},"potentialAction":[{"@type":"SearchAction","target":{"@type":"EntryPoint","urlTemplate":"https:\/\/www.alasmedios.com\/?s={search_term_string}"},"query-input":{"@type":"PropertyValueSpecification","valueRequired":true,"valueName":"search_term_string"}}],"inLanguage":"es"},{"@type":"Organization","@id":"https:\/\/www.alasmedios.com\/#organization","name":"Alas Medios","url":"https:\/\/www.alasmedios.com\/","logo":{"@type":"ImageObject","inLanguage":"es","@id":"https:\/\/www.alasmedios.com\/#\/schema\/logo\/image\/","url":"https:\/\/www.alasmedios.com\/wp-content\/uploads\/2026\/01\/cropped-cropped-GAM-1.png","contentUrl":"https:\/\/www.alasmedios.com\/wp-content\/uploads\/2026\/01\/cropped-cropped-GAM-1.png","width":467,"height":235,"caption":"Alas Medios"},"image":{"@id":"https:\/\/www.alasmedios.com\/#\/schema\/logo\/image\/"}},{"@type":"Person","@id":"https:\/\/www.alasmedios.com\/#\/schema\/person\/0ba31bdd19a05ebf5c7fef1fedf99c34","name":"Keila Rodr\u00edguez Pe\u00f1a","image":{"@type":"ImageObject","inLanguage":"es","@id":"https:\/\/secure.gravatar.com\/avatar\/a2553a2bfaa601b9d539b617c8793e151bdffb60f9e48a249912f86d4c9ebeef?s=96&d=mm&r=g","url":"https:\/\/secure.gravatar.com\/avatar\/a2553a2bfaa601b9d539b617c8793e151bdffb60f9e48a249912f86d4c9ebeef?s=96&d=mm&r=g","contentUrl":"https:\/\/secure.gravatar.com\/avatar\/a2553a2bfaa601b9d539b617c8793e151bdffb60f9e48a249912f86d4c9ebeef?s=96&d=mm&r=g","caption":"Keila Rodr\u00edguez Pe\u00f1a"},"sameAs":["http:\/\/www.alasmedios.com"],"url":"https:\/\/www.alasmedios.com\/index.php\/author\/keila\/"}]}},"_links":{"self":[{"href":"https:\/\/www.alasmedios.com\/index.php\/wp-json\/wp\/v2\/posts\/6967","targetHints":{"allow":["GET"]}}],"collection":[{"href":"https:\/\/www.alasmedios.com\/index.php\/wp-json\/wp\/v2\/posts"}],"about":[{"href":"https:\/\/www.alasmedios.com\/index.php\/wp-json\/wp\/v2\/types\/post"}],"author":[{"embeddable":true,"href":"https:\/\/www.alasmedios.com\/index.php\/wp-json\/wp\/v2\/users\/4"}],"replies":[{"embeddable":true,"href":"https:\/\/www.alasmedios.com\/index.php\/wp-json\/wp\/v2\/comments?post=6967"}],"version-history":[{"count":1,"href":"https:\/\/www.alasmedios.com\/index.php\/wp-json\/wp\/v2\/posts\/6967\/revisions"}],"predecessor-version":[{"id":6969,"href":"https:\/\/www.alasmedios.com\/index.php\/wp-json\/wp\/v2\/posts\/6967\/revisions\/6969"}],"wp:featuredmedia":[{"embeddable":true,"href":"https:\/\/www.alasmedios.com\/index.php\/wp-json\/wp\/v2\/media\/6968"}],"wp:attachment":[{"href":"https:\/\/www.alasmedios.com\/index.php\/wp-json\/wp\/v2\/media?parent=6967"}],"wp:term":[{"taxonomy":"category","embeddable":true,"href":"https:\/\/www.alasmedios.com\/index.php\/wp-json\/wp\/v2\/categories?post=6967"},{"taxonomy":"post_tag","embeddable":true,"href":"https:\/\/www.alasmedios.com\/index.php\/wp-json\/wp\/v2\/tags?post=6967"}],"curies":[{"name":"wp","href":"https:\/\/api.w.org\/{rel}","templated":true}]}}