{"id":6961,"date":"2025-11-28T13:30:00","date_gmt":"2025-11-28T19:30:00","guid":{"rendered":"https:\/\/www.alasmedios.com\/?p=6961"},"modified":"2025-11-27T22:10:10","modified_gmt":"2025-11-28T04:10:10","slug":"promueven-prevencion-de-violencia-de-genero-en-tepeapulco","status":"publish","type":"post","link":"https:\/\/www.alasmedios.com\/index.php\/2025\/11\/28\/promueven-prevencion-de-violencia-de-genero-en-tepeapulco\/","title":{"rendered":"Promueven prevenci\u00f3n de violencia de g\u00e9nero en Tepeapulco"},"content":{"rendered":"\n<p>En el marco de los <strong>16 D\u00edas de Activismo<\/strong>, el personal de <strong>SIPINNA Tepeapulco<\/strong> y la <strong>Instancia Municipal para el Desarrollo de las Mujeres Tepeapulco<\/strong> llev\u00f3 hasta el <strong>Cobaeh Plantel Tepeapulco<\/strong> una pl\u00e1tica centrada en la <strong>Conmemoraci\u00f3n del 25N<\/strong>, con el objetivo de abrir conversaci\u00f3n, generar conciencia y brindar informaci\u00f3n clara sobre las violencias que enfrentan mujeres y ni\u00f1as.<\/p>\n\n\n\n<p>Durante la sesi\u00f3n, se abordaron <strong>situaciones de violencia<\/strong>, los signos de alerta y, sobre todo, las <strong>instituciones a las que la comunidad estudiantil puede acudir para solicitar orientaci\u00f3n, atenci\u00f3n o acompa\u00f1amiento<\/strong>. <\/p>\n\n\n\n<p>CONTIN\u00daA LEYENDO: <a href=\"https:\/\/www.alasmedios.com\/index.php\/2025\/11\/27\/realizan-conversatorio-contra-la-violencia-de-genero-en-tulancingo\/\" data-type=\"post\" data-id=\"6949\">Realizan conversatorio contra la violencia de g\u00e9nero en Tulancingo<\/a><\/p>\n\n\n\n<figure class=\"wp-block-gallery has-nested-images columns-default is-cropped wp-block-gallery-1 is-layout-flex wp-block-gallery-is-layout-flex\">\n<figure class=\"wp-block-image size-large\"><img loading=\"lazy\" decoding=\"async\" width=\"1024\" height=\"768\" data-id=\"6963\" src=\"https:\/\/www.alasmedios.com\/wp-content\/uploads\/2025\/11\/Promueven-prevencion-de-violencia-de-genero-en-Tepeapulco-1-1024x768.jpg\" alt=\"\" class=\"wp-image-6963\" srcset=\"https:\/\/www.alasmedios.com\/wp-content\/uploads\/2025\/11\/Promueven-prevencion-de-violencia-de-genero-en-Tepeapulco-1-1024x768.jpg 1024w, https:\/\/www.alasmedios.com\/wp-content\/uploads\/2025\/11\/Promueven-prevencion-de-violencia-de-genero-en-Tepeapulco-1-300x225.jpg 300w, https:\/\/www.alasmedios.com\/wp-content\/uploads\/2025\/11\/Promueven-prevencion-de-violencia-de-genero-en-Tepeapulco-1-768x576.jpg 768w, https:\/\/www.alasmedios.com\/wp-content\/uploads\/2025\/11\/Promueven-prevencion-de-violencia-de-genero-en-Tepeapulco-1.jpg 1280w\" sizes=\"auto, (max-width: 1024px) 100vw, 1024px\" \/><\/figure>\n\n\n\n<figure class=\"wp-block-image size-large\"><img loading=\"lazy\" decoding=\"async\" width=\"1024\" height=\"576\" data-id=\"6964\" src=\"https:\/\/www.alasmedios.com\/wp-content\/uploads\/2025\/11\/Promueven-prevencion-de-violencia-de-genero-en-Tepeapulco-2-1024x576.jpg\" alt=\"\" class=\"wp-image-6964\" srcset=\"https:\/\/www.alasmedios.com\/wp-content\/uploads\/2025\/11\/Promueven-prevencion-de-violencia-de-genero-en-Tepeapulco-2-1024x576.jpg 1024w, https:\/\/www.alasmedios.com\/wp-content\/uploads\/2025\/11\/Promueven-prevencion-de-violencia-de-genero-en-Tepeapulco-2-300x169.jpg 300w, https:\/\/www.alasmedios.com\/wp-content\/uploads\/2025\/11\/Promueven-prevencion-de-violencia-de-genero-en-Tepeapulco-2-768x432.jpg 768w, https:\/\/www.alasmedios.com\/wp-content\/uploads\/2025\/11\/Promueven-prevencion-de-violencia-de-genero-en-Tepeapulco-2-1536x864.jpg 1536w, https:\/\/www.alasmedios.com\/wp-content\/uploads\/2025\/11\/Promueven-prevencion-de-violencia-de-genero-en-Tepeapulco-2.jpg 1600w\" sizes=\"auto, (max-width: 1024px) 100vw, 1024px\" \/><\/figure>\n\n\n\n<figure class=\"wp-block-image size-large\"><img loading=\"lazy\" decoding=\"async\" width=\"1024\" height=\"576\" data-id=\"6965\" src=\"https:\/\/www.alasmedios.com\/wp-content\/uploads\/2025\/11\/Promueven-prevencion-de-violencia-de-genero-en-Tepeapulco-3-1024x576.jpg\" alt=\"\" class=\"wp-image-6965\" srcset=\"https:\/\/www.alasmedios.com\/wp-content\/uploads\/2025\/11\/Promueven-prevencion-de-violencia-de-genero-en-Tepeapulco-3-1024x576.jpg 1024w, https:\/\/www.alasmedios.com\/wp-content\/uploads\/2025\/11\/Promueven-prevencion-de-violencia-de-genero-en-Tepeapulco-3-300x169.jpg 300w, https:\/\/www.alasmedios.com\/wp-content\/uploads\/2025\/11\/Promueven-prevencion-de-violencia-de-genero-en-Tepeapulco-3-768x432.jpg 768w, https:\/\/www.alasmedios.com\/wp-content\/uploads\/2025\/11\/Promueven-prevencion-de-violencia-de-genero-en-Tepeapulco-3-1536x864.jpg 1536w, https:\/\/www.alasmedios.com\/wp-content\/uploads\/2025\/11\/Promueven-prevencion-de-violencia-de-genero-en-Tepeapulco-3.jpg 1600w\" sizes=\"auto, (max-width: 1024px) 100vw, 1024px\" \/><\/figure>\n<\/figure>\n\n\n\n<p>El encuentro busc\u00f3 que las y los j\u00f3venes identifiquen los riesgos y reconozcan que existen espacios especializados listos para apoyarlos.<\/p>\n\n\n\n<p>La <strong>Instancia Municipal para el Desarrollo de las Mujeres<\/strong> y <strong>SIPINNA Tepeapulco<\/strong> reiteraron que cuentan con <strong>personal sensibilizado y capacitado<\/strong> para atender esta problem\u00e1tica social, ofreciendo atenci\u00f3n directa y accesible para quienes lo requieran.<\/p>\n\n\n<ul class=\"wp-block-latest-posts__list is-grid columns-3 wp-block-latest-posts\"><li><div class=\"wp-block-latest-posts__featured-image\"><img loading=\"lazy\" decoding=\"async\" width=\"150\" height=\"150\" src=\"https:\/\/www.alasmedios.com\/wp-content\/uploads\/2026\/05\/AMPEP-inteligencia-artificial-150x150.jpg\" class=\"attachment-thumbnail size-thumbnail wp-post-image\" alt=\"\" style=\"\" \/><\/div><a class=\"wp-block-latest-posts__post-title\" href=\"https:\/\/www.alasmedios.com\/index.php\/2026\/05\/01\/periodismo-frente-a-la-ia-ampep-asume-liderazgo-y-apuesta-por-contar-historias-con-alma\/\">Periodismo frente a la IA: AMPEP asume liderazgo y apuesta por contar historias con \u201calma\u201d<\/a><\/li>\n<li><div class=\"wp-block-latest-posts__featured-image\"><img loading=\"lazy\" decoding=\"async\" width=\"150\" height=\"150\" src=\"https:\/\/www.alasmedios.com\/wp-content\/uploads\/2026\/05\/Hidalgo-viene-un-respiro-con-el-frente-frio-48-150x150.png\" class=\"attachment-thumbnail size-thumbnail wp-post-image\" alt=\"\" style=\"\" \/><\/div><a class=\"wp-block-latest-posts__post-title\" href=\"https:\/\/www.alasmedios.com\/index.php\/2026\/05\/01\/frente-frio-48-un-alivio-asi-impactara-en-hidalgo\/\">Frente fr\u00edo 48, un alivio: as\u00ed impactar\u00e1 en Hidalgo<\/a><\/li>\n<li><div class=\"wp-block-latest-posts__featured-image\"><img loading=\"lazy\" decoding=\"async\" width=\"150\" height=\"150\" src=\"https:\/\/www.alasmedios.com\/wp-content\/uploads\/2026\/05\/mujeres-depresion-posparto-150x150.png\" class=\"attachment-thumbnail size-thumbnail wp-post-image\" alt=\"\" style=\"\" \/><\/div><a class=\"wp-block-latest-posts__post-title\" href=\"https:\/\/www.alasmedios.com\/index.php\/2026\/05\/01\/1-de-cada-15-mujeres-sufre-depresion-posparto\/\">1 de cada 15 mujeres sufre depresi\u00f3n posparto<\/a><\/li>\n<\/ul>","protected":false},"excerpt":{"rendered":"<p>En el marco de los 16 D\u00edas de Activismo, el personal de SIPINNA Tepeapulco y la Instancia Municipal para el<\/p>\n","protected":false},"author":4,"featured_media":6962,"comment_status":"open","ping_status":"open","sticky":false,"template":"","format":"standard","meta":{"colormag_page_container_layout":"default_layout","colormag_page_sidebar_layout":"default_layout","rop_custom_images_group":[],"rop_custom_messages_group":[],"rop_publish_now":"initial","rop_publish_now_accounts":[],"rop_publish_now_history":[],"rop_publish_now_status":"pending","iawp_total_views":0,"footnotes":""},"categories":[41],"tags":[895,893,99,735,121],"class_list":["post-6961","post","type-post","status-publish","format-standard","has-post-thumbnail","hentry","category-hidalgo","tag-16-dias-de-activismo","tag-25n","tag-hidalgo","tag-tepeapulco","tag-violencia-de-genero-2"],"magazineBlocksPostFeaturedMedia":{"thumbnail":"https:\/\/www.alasmedios.com\/wp-content\/uploads\/2025\/11\/Promueven-prevencion-de-violencia-de-genero-en-Tepeapulco-150x150.jpg","medium":"https:\/\/www.alasmedios.com\/wp-content\/uploads\/2025\/11\/Promueven-prevencion-de-violencia-de-genero-en-Tepeapulco-300x169.jpg","medium_large":"https:\/\/www.alasmedios.com\/wp-content\/uploads\/2025\/11\/Promueven-prevencion-de-violencia-de-genero-en-Tepeapulco-768x432.jpg","large":"https:\/\/www.alasmedios.com\/wp-content\/uploads\/2025\/11\/Promueven-prevencion-de-violencia-de-genero-en-Tepeapulco-1024x576.jpg","1536x1536":"https:\/\/www.alasmedios.com\/wp-content\/uploads\/2025\/11\/Promueven-prevencion-de-violencia-de-genero-en-Tepeapulco-1536x864.jpg","2048x2048":"https:\/\/www.alasmedios.com\/wp-content\/uploads\/2025\/11\/Promueven-prevencion-de-violencia-de-genero-en-Tepeapulco.jpg","colormag-highlighted-post":"https:\/\/www.alasmedios.com\/wp-content\/uploads\/2025\/11\/Promueven-prevencion-de-violencia-de-genero-en-Tepeapulco-392x272.jpg","colormag-featured-post-medium":"https:\/\/www.alasmedios.com\/wp-content\/uploads\/2025\/11\/Promueven-prevencion-de-violencia-de-genero-en-Tepeapulco-390x205.jpg","colormag-featured-post-small":"https:\/\/www.alasmedios.com\/wp-content\/uploads\/2025\/11\/Promueven-prevencion-de-violencia-de-genero-en-Tepeapulco-130x90.jpg","colormag-featured-image":"https:\/\/www.alasmedios.com\/wp-content\/uploads\/2025\/11\/Promueven-prevencion-de-violencia-de-genero-en-Tepeapulco-800x445.jpg","colormag-default-news":"https:\/\/www.alasmedios.com\/wp-content\/uploads\/2025\/11\/Promueven-prevencion-de-violencia-de-genero-en-Tepeapulco-150x150.jpg","colormag-featured-image-large":"https:\/\/www.alasmedios.com\/wp-content\/uploads\/2025\/11\/Promueven-prevencion-de-violencia-de-genero-en-Tepeapulco-1400x600.jpg"},"magazineBlocksPostAuthor":{"name":"Keila Rodr\u00edguez Pe\u00f1a","avatar":"https:\/\/secure.gravatar.com\/avatar\/a2553a2bfaa601b9d539b617c8793e151bdffb60f9e48a249912f86d4c9ebeef?s=96&d=mm&r=g"},"magazineBlocksPostCommentsNumber":"0","magazineBlocksPostExcerpt":"En el marco de los 16 D\u00edas de Activismo, el personal de SIPINNA Tepeapulco y la Instancia Municipal para el","magazineBlocksPostCategories":["Hidalgo"],"magazineBlocksPostViewCount":109,"magazineBlocksPostReadTime":1,"magazine_blocks_featured_image_url":{"full":["https:\/\/www.alasmedios.com\/wp-content\/uploads\/2025\/11\/Promueven-prevencion-de-violencia-de-genero-en-Tepeapulco.jpg",1600,900,false],"medium":["https:\/\/www.alasmedios.com\/wp-content\/uploads\/2025\/11\/Promueven-prevencion-de-violencia-de-genero-en-Tepeapulco-300x169.jpg",300,169,true],"thumbnail":["https:\/\/www.alasmedios.com\/wp-content\/uploads\/2025\/11\/Promueven-prevencion-de-violencia-de-genero-en-Tepeapulco-150x150.jpg",150,150,true]},"magazine_blocks_author":{"display_name":"Keila Rodr\u00edguez Pe\u00f1a","author_link":"https:\/\/www.alasmedios.com\/index.php\/author\/keila\/"},"magazine_blocks_comment":0,"magazine_blocks_author_image":"https:\/\/secure.gravatar.com\/avatar\/a2553a2bfaa601b9d539b617c8793e151bdffb60f9e48a249912f86d4c9ebeef?s=96&d=mm&r=g","magazine_blocks_category":"<a href=\"#\" class=\"category-link category-link-41\">Hidalgo<\/a>","yoast_head":"<!-- This site is optimized with the Yoast SEO plugin v27.5 - https:\/\/yoast.com\/product\/yoast-seo-wordpress\/ -->\r\n<title>Promueven prevenci\u00f3n de violencia de g\u00e9nero en Tepeapulco - Alas Medios<\/title>\r\n<meta name=\"robots\" content=\"index, follow, max-snippet:-1, max-image-preview:large, max-video-preview:-1\" \/>\r\n<link rel=\"canonical\" href=\"https:\/\/www.alasmedios.com\/index.php\/2025\/11\/28\/promueven-prevencion-de-violencia-de-genero-en-tepeapulco\/\" \/>\r\n<meta property=\"og:locale\" content=\"es_MX\" \/>\r\n<meta property=\"og:type\" content=\"article\" \/>\r\n<meta property=\"og:title\" content=\"Promueven prevenci\u00f3n de violencia de g\u00e9nero en Tepeapulco - Alas Medios\" \/>\r\n<meta property=\"og:description\" content=\"En el marco de los 16 D\u00edas de Activismo, el personal de SIPINNA Tepeapulco y la Instancia Municipal para el\" \/>\r\n<meta property=\"og:url\" content=\"https:\/\/www.alasmedios.com\/index.php\/2025\/11\/28\/promueven-prevencion-de-violencia-de-genero-en-tepeapulco\/\" \/>\r\n<meta property=\"og:site_name\" content=\"Alas Medios\" \/>\r\n<meta property=\"article:published_time\" content=\"2025-11-28T19:30:00+00:00\" \/>\r\n<meta property=\"og:image\" content=\"https:\/\/www.alasmedios.com\/wp-content\/uploads\/2025\/11\/Promueven-prevencion-de-violencia-de-genero-en-Tepeapulco.jpg\" \/>\r\n\t<meta property=\"og:image:width\" content=\"1600\" \/>\r\n\t<meta property=\"og:image:height\" content=\"900\" \/>\r\n\t<meta property=\"og:image:type\" content=\"image\/jpeg\" \/>\r\n<meta name=\"author\" content=\"Keila Rodr\u00edguez Pe\u00f1a\" \/>\r\n<meta name=\"twitter:card\" content=\"summary_large_image\" \/>\r\n<meta name=\"twitter:label1\" content=\"Escrito por\" \/>\n\t<meta name=\"twitter:data1\" content=\"Keila Rodr\u00edguez Pe\u00f1a\" \/>\n\t<meta name=\"twitter:label2\" content=\"Tiempo de lectura\" \/>\n\t<meta name=\"twitter:data2\" content=\"1 minuto\" \/>\r\n<script type=\"application\/ld+json\" class=\"yoast-schema-graph\">{\"@context\":\"https:\\\/\\\/schema.org\",\"@graph\":[{\"@type\":\"Article\",\"@id\":\"https:\\\/\\\/www.alasmedios.com\\\/index.php\\\/2025\\\/11\\\/28\\\/promueven-prevencion-de-violencia-de-genero-en-tepeapulco\\\/#article\",\"isPartOf\":{\"@id\":\"https:\\\/\\\/www.alasmedios.com\\\/index.php\\\/2025\\\/11\\\/28\\\/promueven-prevencion-de-violencia-de-genero-en-tepeapulco\\\/\"},\"author\":{\"name\":\"Keila Rodr\u00edguez Pe\u00f1a\",\"@id\":\"https:\\\/\\\/www.alasmedios.com\\\/#\\\/schema\\\/person\\\/0ba31bdd19a05ebf5c7fef1fedf99c34\"},\"headline\":\"Promueven prevenci\u00f3n de violencia de g\u00e9nero en Tepeapulco\",\"datePublished\":\"2025-11-28T19:30:00+00:00\",\"mainEntityOfPage\":{\"@id\":\"https:\\\/\\\/www.alasmedios.com\\\/index.php\\\/2025\\\/11\\\/28\\\/promueven-prevencion-de-violencia-de-genero-en-tepeapulco\\\/\"},\"wordCount\":179,\"commentCount\":0,\"publisher\":{\"@id\":\"https:\\\/\\\/www.alasmedios.com\\\/#organization\"},\"image\":{\"@id\":\"https:\\\/\\\/www.alasmedios.com\\\/index.php\\\/2025\\\/11\\\/28\\\/promueven-prevencion-de-violencia-de-genero-en-tepeapulco\\\/#primaryimage\"},\"thumbnailUrl\":\"https:\\\/\\\/www.alasmedios.com\\\/wp-content\\\/uploads\\\/2025\\\/11\\\/Promueven-prevencion-de-violencia-de-genero-en-Tepeapulco.jpg\",\"keywords\":[\"16 d\u00edas de activismo\",\"25N\",\"Hidalgo\",\"Tepeapulco\",\"violencia de g\u00e9nero\"],\"articleSection\":[\"Hidalgo\"],\"inLanguage\":\"es\",\"potentialAction\":[{\"@type\":\"CommentAction\",\"name\":\"Comment\",\"target\":[\"https:\\\/\\\/www.alasmedios.com\\\/index.php\\\/2025\\\/11\\\/28\\\/promueven-prevencion-de-violencia-de-genero-en-tepeapulco\\\/#respond\"]}]},{\"@type\":\"WebPage\",\"@id\":\"https:\\\/\\\/www.alasmedios.com\\\/index.php\\\/2025\\\/11\\\/28\\\/promueven-prevencion-de-violencia-de-genero-en-tepeapulco\\\/\",\"url\":\"https:\\\/\\\/www.alasmedios.com\\\/index.php\\\/2025\\\/11\\\/28\\\/promueven-prevencion-de-violencia-de-genero-en-tepeapulco\\\/\",\"name\":\"Promueven prevenci\u00f3n de violencia de g\u00e9nero en Tepeapulco - Alas Medios\",\"isPartOf\":{\"@id\":\"https:\\\/\\\/www.alasmedios.com\\\/#website\"},\"primaryImageOfPage\":{\"@id\":\"https:\\\/\\\/www.alasmedios.com\\\/index.php\\\/2025\\\/11\\\/28\\\/promueven-prevencion-de-violencia-de-genero-en-tepeapulco\\\/#primaryimage\"},\"image\":{\"@id\":\"https:\\\/\\\/www.alasmedios.com\\\/index.php\\\/2025\\\/11\\\/28\\\/promueven-prevencion-de-violencia-de-genero-en-tepeapulco\\\/#primaryimage\"},\"thumbnailUrl\":\"https:\\\/\\\/www.alasmedios.com\\\/wp-content\\\/uploads\\\/2025\\\/11\\\/Promueven-prevencion-de-violencia-de-genero-en-Tepeapulco.jpg\",\"datePublished\":\"2025-11-28T19:30:00+00:00\",\"breadcrumb\":{\"@id\":\"https:\\\/\\\/www.alasmedios.com\\\/index.php\\\/2025\\\/11\\\/28\\\/promueven-prevencion-de-violencia-de-genero-en-tepeapulco\\\/#breadcrumb\"},\"inLanguage\":\"es\",\"potentialAction\":[{\"@type\":\"ReadAction\",\"target\":[\"https:\\\/\\\/www.alasmedios.com\\\/index.php\\\/2025\\\/11\\\/28\\\/promueven-prevencion-de-violencia-de-genero-en-tepeapulco\\\/\"]}]},{\"@type\":\"ImageObject\",\"inLanguage\":\"es\",\"@id\":\"https:\\\/\\\/www.alasmedios.com\\\/index.php\\\/2025\\\/11\\\/28\\\/promueven-prevencion-de-violencia-de-genero-en-tepeapulco\\\/#primaryimage\",\"url\":\"https:\\\/\\\/www.alasmedios.com\\\/wp-content\\\/uploads\\\/2025\\\/11\\\/Promueven-prevencion-de-violencia-de-genero-en-Tepeapulco.jpg\",\"contentUrl\":\"https:\\\/\\\/www.alasmedios.com\\\/wp-content\\\/uploads\\\/2025\\\/11\\\/Promueven-prevencion-de-violencia-de-genero-en-Tepeapulco.jpg\",\"width\":1600,\"height\":900},{\"@type\":\"BreadcrumbList\",\"@id\":\"https:\\\/\\\/www.alasmedios.com\\\/index.php\\\/2025\\\/11\\\/28\\\/promueven-prevencion-de-violencia-de-genero-en-tepeapulco\\\/#breadcrumb\",\"itemListElement\":[{\"@type\":\"ListItem\",\"position\":1,\"name\":\"Inicio\",\"item\":\"https:\\\/\\\/www.alasmedios.com\\\/\"},{\"@type\":\"ListItem\",\"position\":2,\"name\":\"Promueven prevenci\u00f3n de violencia de g\u00e9nero en Tepeapulco\"}]},{\"@type\":\"WebSite\",\"@id\":\"https:\\\/\\\/www.alasmedios.com\\\/#website\",\"url\":\"https:\\\/\\\/www.alasmedios.com\\\/\",\"name\":\"Alas Medios\",\"description\":\"Alas para pensar, Alas para volar, Alas de libertad\",\"publisher\":{\"@id\":\"https:\\\/\\\/www.alasmedios.com\\\/#organization\"},\"potentialAction\":[{\"@type\":\"SearchAction\",\"target\":{\"@type\":\"EntryPoint\",\"urlTemplate\":\"https:\\\/\\\/www.alasmedios.com\\\/?s={search_term_string}\"},\"query-input\":{\"@type\":\"PropertyValueSpecification\",\"valueRequired\":true,\"valueName\":\"search_term_string\"}}],\"inLanguage\":\"es\"},{\"@type\":\"Organization\",\"@id\":\"https:\\\/\\\/www.alasmedios.com\\\/#organization\",\"name\":\"Alas Medios\",\"url\":\"https:\\\/\\\/www.alasmedios.com\\\/\",\"logo\":{\"@type\":\"ImageObject\",\"inLanguage\":\"es\",\"@id\":\"https:\\\/\\\/www.alasmedios.com\\\/#\\\/schema\\\/logo\\\/image\\\/\",\"url\":\"https:\\\/\\\/www.alasmedios.com\\\/wp-content\\\/uploads\\\/2026\\\/01\\\/cropped-cropped-GAM-1.png\",\"contentUrl\":\"https:\\\/\\\/www.alasmedios.com\\\/wp-content\\\/uploads\\\/2026\\\/01\\\/cropped-cropped-GAM-1.png\",\"width\":467,\"height\":235,\"caption\":\"Alas Medios\"},\"image\":{\"@id\":\"https:\\\/\\\/www.alasmedios.com\\\/#\\\/schema\\\/logo\\\/image\\\/\"}},{\"@type\":\"Person\",\"@id\":\"https:\\\/\\\/www.alasmedios.com\\\/#\\\/schema\\\/person\\\/0ba31bdd19a05ebf5c7fef1fedf99c34\",\"name\":\"Keila Rodr\u00edguez Pe\u00f1a\",\"image\":{\"@type\":\"ImageObject\",\"inLanguage\":\"es\",\"@id\":\"https:\\\/\\\/secure.gravatar.com\\\/avatar\\\/a2553a2bfaa601b9d539b617c8793e151bdffb60f9e48a249912f86d4c9ebeef?s=96&d=mm&r=g\",\"url\":\"https:\\\/\\\/secure.gravatar.com\\\/avatar\\\/a2553a2bfaa601b9d539b617c8793e151bdffb60f9e48a249912f86d4c9ebeef?s=96&d=mm&r=g\",\"contentUrl\":\"https:\\\/\\\/secure.gravatar.com\\\/avatar\\\/a2553a2bfaa601b9d539b617c8793e151bdffb60f9e48a249912f86d4c9ebeef?s=96&d=mm&r=g\",\"caption\":\"Keila Rodr\u00edguez Pe\u00f1a\"},\"sameAs\":[\"http:\\\/\\\/www.alasmedios.com\"],\"url\":\"https:\\\/\\\/www.alasmedios.com\\\/index.php\\\/author\\\/keila\\\/\"}]}<\/script>\r\n<!-- \/ Yoast SEO plugin. -->","yoast_head_json":{"title":"Promueven prevenci\u00f3n de violencia de g\u00e9nero en Tepeapulco - Alas Medios","robots":{"index":"index","follow":"follow","max-snippet":"max-snippet:-1","max-image-preview":"max-image-preview:large","max-video-preview":"max-video-preview:-1"},"canonical":"https:\/\/www.alasmedios.com\/index.php\/2025\/11\/28\/promueven-prevencion-de-violencia-de-genero-en-tepeapulco\/","og_locale":"es_MX","og_type":"article","og_title":"Promueven prevenci\u00f3n de violencia de g\u00e9nero en Tepeapulco - Alas Medios","og_description":"En el marco de los 16 D\u00edas de Activismo, el personal de SIPINNA Tepeapulco y la Instancia Municipal para el","og_url":"https:\/\/www.alasmedios.com\/index.php\/2025\/11\/28\/promueven-prevencion-de-violencia-de-genero-en-tepeapulco\/","og_site_name":"Alas Medios","article_published_time":"2025-11-28T19:30:00+00:00","og_image":[{"width":1600,"height":900,"url":"https:\/\/www.alasmedios.com\/wp-content\/uploads\/2025\/11\/Promueven-prevencion-de-violencia-de-genero-en-Tepeapulco.jpg","type":"image\/jpeg"}],"author":"Keila Rodr\u00edguez Pe\u00f1a","twitter_card":"summary_large_image","twitter_misc":{"Escrito por":"Keila Rodr\u00edguez Pe\u00f1a","Tiempo de lectura":"1 minuto"},"schema":{"@context":"https:\/\/schema.org","@graph":[{"@type":"Article","@id":"https:\/\/www.alasmedios.com\/index.php\/2025\/11\/28\/promueven-prevencion-de-violencia-de-genero-en-tepeapulco\/#article","isPartOf":{"@id":"https:\/\/www.alasmedios.com\/index.php\/2025\/11\/28\/promueven-prevencion-de-violencia-de-genero-en-tepeapulco\/"},"author":{"name":"Keila Rodr\u00edguez Pe\u00f1a","@id":"https:\/\/www.alasmedios.com\/#\/schema\/person\/0ba31bdd19a05ebf5c7fef1fedf99c34"},"headline":"Promueven prevenci\u00f3n de violencia de g\u00e9nero en Tepeapulco","datePublished":"2025-11-28T19:30:00+00:00","mainEntityOfPage":{"@id":"https:\/\/www.alasmedios.com\/index.php\/2025\/11\/28\/promueven-prevencion-de-violencia-de-genero-en-tepeapulco\/"},"wordCount":179,"commentCount":0,"publisher":{"@id":"https:\/\/www.alasmedios.com\/#organization"},"image":{"@id":"https:\/\/www.alasmedios.com\/index.php\/2025\/11\/28\/promueven-prevencion-de-violencia-de-genero-en-tepeapulco\/#primaryimage"},"thumbnailUrl":"https:\/\/www.alasmedios.com\/wp-content\/uploads\/2025\/11\/Promueven-prevencion-de-violencia-de-genero-en-Tepeapulco.jpg","keywords":["16 d\u00edas de activismo","25N","Hidalgo","Tepeapulco","violencia de g\u00e9nero"],"articleSection":["Hidalgo"],"inLanguage":"es","potentialAction":[{"@type":"CommentAction","name":"Comment","target":["https:\/\/www.alasmedios.com\/index.php\/2025\/11\/28\/promueven-prevencion-de-violencia-de-genero-en-tepeapulco\/#respond"]}]},{"@type":"WebPage","@id":"https:\/\/www.alasmedios.com\/index.php\/2025\/11\/28\/promueven-prevencion-de-violencia-de-genero-en-tepeapulco\/","url":"https:\/\/www.alasmedios.com\/index.php\/2025\/11\/28\/promueven-prevencion-de-violencia-de-genero-en-tepeapulco\/","name":"Promueven prevenci\u00f3n de violencia de g\u00e9nero en Tepeapulco - Alas Medios","isPartOf":{"@id":"https:\/\/www.alasmedios.com\/#website"},"primaryImageOfPage":{"@id":"https:\/\/www.alasmedios.com\/index.php\/2025\/11\/28\/promueven-prevencion-de-violencia-de-genero-en-tepeapulco\/#primaryimage"},"image":{"@id":"https:\/\/www.alasmedios.com\/index.php\/2025\/11\/28\/promueven-prevencion-de-violencia-de-genero-en-tepeapulco\/#primaryimage"},"thumbnailUrl":"https:\/\/www.alasmedios.com\/wp-content\/uploads\/2025\/11\/Promueven-prevencion-de-violencia-de-genero-en-Tepeapulco.jpg","datePublished":"2025-11-28T19:30:00+00:00","breadcrumb":{"@id":"https:\/\/www.alasmedios.com\/index.php\/2025\/11\/28\/promueven-prevencion-de-violencia-de-genero-en-tepeapulco\/#breadcrumb"},"inLanguage":"es","potentialAction":[{"@type":"ReadAction","target":["https:\/\/www.alasmedios.com\/index.php\/2025\/11\/28\/promueven-prevencion-de-violencia-de-genero-en-tepeapulco\/"]}]},{"@type":"ImageObject","inLanguage":"es","@id":"https:\/\/www.alasmedios.com\/index.php\/2025\/11\/28\/promueven-prevencion-de-violencia-de-genero-en-tepeapulco\/#primaryimage","url":"https:\/\/www.alasmedios.com\/wp-content\/uploads\/2025\/11\/Promueven-prevencion-de-violencia-de-genero-en-Tepeapulco.jpg","contentUrl":"https:\/\/www.alasmedios.com\/wp-content\/uploads\/2025\/11\/Promueven-prevencion-de-violencia-de-genero-en-Tepeapulco.jpg","width":1600,"height":900},{"@type":"BreadcrumbList","@id":"https:\/\/www.alasmedios.com\/index.php\/2025\/11\/28\/promueven-prevencion-de-violencia-de-genero-en-tepeapulco\/#breadcrumb","itemListElement":[{"@type":"ListItem","position":1,"name":"Inicio","item":"https:\/\/www.alasmedios.com\/"},{"@type":"ListItem","position":2,"name":"Promueven prevenci\u00f3n de violencia de g\u00e9nero en Tepeapulco"}]},{"@type":"WebSite","@id":"https:\/\/www.alasmedios.com\/#website","url":"https:\/\/www.alasmedios.com\/","name":"Alas Medios","description":"Alas para pensar, Alas para volar, Alas de libertad","publisher":{"@id":"https:\/\/www.alasmedios.com\/#organization"},"potentialAction":[{"@type":"SearchAction","target":{"@type":"EntryPoint","urlTemplate":"https:\/\/www.alasmedios.com\/?s={search_term_string}"},"query-input":{"@type":"PropertyValueSpecification","valueRequired":true,"valueName":"search_term_string"}}],"inLanguage":"es"},{"@type":"Organization","@id":"https:\/\/www.alasmedios.com\/#organization","name":"Alas Medios","url":"https:\/\/www.alasmedios.com\/","logo":{"@type":"ImageObject","inLanguage":"es","@id":"https:\/\/www.alasmedios.com\/#\/schema\/logo\/image\/","url":"https:\/\/www.alasmedios.com\/wp-content\/uploads\/2026\/01\/cropped-cropped-GAM-1.png","contentUrl":"https:\/\/www.alasmedios.com\/wp-content\/uploads\/2026\/01\/cropped-cropped-GAM-1.png","width":467,"height":235,"caption":"Alas Medios"},"image":{"@id":"https:\/\/www.alasmedios.com\/#\/schema\/logo\/image\/"}},{"@type":"Person","@id":"https:\/\/www.alasmedios.com\/#\/schema\/person\/0ba31bdd19a05ebf5c7fef1fedf99c34","name":"Keila Rodr\u00edguez Pe\u00f1a","image":{"@type":"ImageObject","inLanguage":"es","@id":"https:\/\/secure.gravatar.com\/avatar\/a2553a2bfaa601b9d539b617c8793e151bdffb60f9e48a249912f86d4c9ebeef?s=96&d=mm&r=g","url":"https:\/\/secure.gravatar.com\/avatar\/a2553a2bfaa601b9d539b617c8793e151bdffb60f9e48a249912f86d4c9ebeef?s=96&d=mm&r=g","contentUrl":"https:\/\/secure.gravatar.com\/avatar\/a2553a2bfaa601b9d539b617c8793e151bdffb60f9e48a249912f86d4c9ebeef?s=96&d=mm&r=g","caption":"Keila Rodr\u00edguez Pe\u00f1a"},"sameAs":["http:\/\/www.alasmedios.com"],"url":"https:\/\/www.alasmedios.com\/index.php\/author\/keila\/"}]}},"_links":{"self":[{"href":"https:\/\/www.alasmedios.com\/index.php\/wp-json\/wp\/v2\/posts\/6961","targetHints":{"allow":["GET"]}}],"collection":[{"href":"https:\/\/www.alasmedios.com\/index.php\/wp-json\/wp\/v2\/posts"}],"about":[{"href":"https:\/\/www.alasmedios.com\/index.php\/wp-json\/wp\/v2\/types\/post"}],"author":[{"embeddable":true,"href":"https:\/\/www.alasmedios.com\/index.php\/wp-json\/wp\/v2\/users\/4"}],"replies":[{"embeddable":true,"href":"https:\/\/www.alasmedios.com\/index.php\/wp-json\/wp\/v2\/comments?post=6961"}],"version-history":[{"count":1,"href":"https:\/\/www.alasmedios.com\/index.php\/wp-json\/wp\/v2\/posts\/6961\/revisions"}],"predecessor-version":[{"id":6966,"href":"https:\/\/www.alasmedios.com\/index.php\/wp-json\/wp\/v2\/posts\/6961\/revisions\/6966"}],"wp:featuredmedia":[{"embeddable":true,"href":"https:\/\/www.alasmedios.com\/index.php\/wp-json\/wp\/v2\/media\/6962"}],"wp:attachment":[{"href":"https:\/\/www.alasmedios.com\/index.php\/wp-json\/wp\/v2\/media?parent=6961"}],"wp:term":[{"taxonomy":"category","embeddable":true,"href":"https:\/\/www.alasmedios.com\/index.php\/wp-json\/wp\/v2\/categories?post=6961"},{"taxonomy":"post_tag","embeddable":true,"href":"https:\/\/www.alasmedios.com\/index.php\/wp-json\/wp\/v2\/tags?post=6961"}],"curies":[{"name":"wp","href":"https:\/\/api.w.org\/{rel}","templated":true}]}}