{"id":6958,"date":"2025-11-28T07:42:00","date_gmt":"2025-11-28T13:42:00","guid":{"rendered":"https:\/\/www.alasmedios.com\/?p=6958"},"modified":"2026-01-06T13:28:34","modified_gmt":"2026-01-06T19:28:34","slug":"maya-becerra-premio-nacional-de-deportes","status":"publish","type":"post","link":"https:\/\/www.alasmedios.com\/index.php\/2025\/11\/28\/maya-becerra-premio-nacional-de-deportes\/","title":{"rendered":"Maya Becerra, Premio Nacional de Deportes"},"content":{"rendered":"\n<p>El 2025 quedar\u00e1 grabado como el a\u00f1o en que <strong>Maya Becerra Arizaga<\/strong> dej\u00f3 de ser promesa para convertirse en <strong>leyenda<\/strong>. La arquera jalisciense, especialista en <strong>arco compuesto<\/strong>, apunt\u00f3 alto desde enero\u2026 y termin\u00f3 derribando cada blanco con una precisi\u00f3n que estremeci\u00f3 al mundo del tiro con arco.<\/p>\n\n\n\n<p>Durante a\u00f1os, Becerra hab\u00eda brillado en pruebas por equipos y equipos mixtos, sumando preseas de oro en las principales competencias del planeta. Pero le faltaba un objetivo que persegu\u00eda desde que subi\u00f3 por primera vez a un podio internacional: <strong>un t\u00edtulo individual<\/strong>. Hasta entonces, su mayor logro hab\u00eda sido la <strong>plata en el Campeonato Mundial Berl\u00edn 2023<\/strong>, una espina que todav\u00eda dol\u00eda.<\/p>\n\n\n\n<p>Todo cambi\u00f3 en la primera etapa del <strong>Serial de Copas del Mundo en Florida Central<\/strong>, donde la mexicana por fin conquist\u00f3 su ansiado <strong>oro individual<\/strong>, un triunfo que marc\u00f3 el inicio de un a\u00f1o irrepetible. Convertida en la <strong>n\u00famero 1 del ranking mundial<\/strong>, Becerra mantuvo la mira fija y fue por m\u00e1s.<\/p>\n\n\n\n<p>CONTIN\u00daA LEYENDO: <a href=\"https:\/\/www.alasmedios.com\/index.php\/2025\/11\/27\/ruge-mexico-en-tokio-con-cinco-medallas-en-los-juegos-sordolimpicos-tokio-2025\/\" data-type=\"post\" data-id=\"6954\">Ruge M\u00e9xico en Tokio con cinco medallas en los Juegos Sordol\u00edmpicos Tokio 2025<\/a><\/p>\n\n\n\n<p>La revancha lleg\u00f3 en el <strong>Campeonato Mundial<\/strong>, donde se consagr\u00f3 <strong>monarca absoluta<\/strong>, y despu\u00e9s en los <strong>Juegos Mundiales<\/strong>, donde volvi\u00f3 a subir al pelda\u00f1o m\u00e1s alto del podio, confirmando su dominio total en la especialidad.<\/p>\n\n\n\n<p>Su temporada fue a\u00fan m\u00e1s completa con una colecci\u00f3n de podios por equipos junto a <strong>Dafne Quintero<\/strong>, <strong>Mariana Bernal<\/strong>, <strong>Adriana Castillo<\/strong> y, en equipos mixtos, junto a <strong>Sebasti\u00e1n Garc\u00eda<\/strong>, en una prueba que debutar\u00e1 como ol\u00edmpica en <strong>Los \u00c1ngeles 2028<\/strong>, donde M\u00e9xico ya se perfila como favorito al <strong>oro<\/strong>.<\/p>\n\n\n\n<p>Con un desempe\u00f1o tan contundente, era imposible que su haza\u00f1a pasara desapercibida. Por eso, <strong>Maya Becerra<\/strong> fue nombrada una de las ganadoras del <strong>Premio Nacional de Deportes<\/strong>, en la edici\u00f3n especial por los 50 a\u00f1os del reconocimiento. La ceremonia, encabezada este viernes por la presidenta <strong>Claudia Sheinbaum<\/strong>, ser\u00e1 el broche de oro para un a\u00f1o que la arquera mexicana cerr\u00f3 como lo hacen las campeonas: <strong>sin fallar un solo tiro.<\/strong><\/p>\n\n\n<ul class=\"wp-block-latest-posts__list is-grid columns-3 wp-block-latest-posts\"><li><div class=\"wp-block-latest-posts__featured-image\"><img loading=\"lazy\" decoding=\"async\" width=\"150\" height=\"150\" src=\"https:\/\/www.alasmedios.com\/wp-content\/uploads\/2026\/05\/USEP-calidad-hospitalaria-150x150.jpeg\" class=\"attachment-thumbnail size-thumbnail wp-post-image\" alt=\"\" style=\"\" \/><\/div><a class=\"wp-block-latest-posts__post-title\" href=\"https:\/\/www.alasmedios.com\/index.php\/2026\/05\/01\/usep-activa-formacion-para-prevenir-riesgos-en-la-atencion-medica\/\">USEP activa formaci\u00f3n para prevenir riesgos en la atenci\u00f3n m\u00e9dica<\/a><\/li>\n<li><div class=\"wp-block-latest-posts__featured-image\"><img loading=\"lazy\" decoding=\"async\" width=\"150\" height=\"150\" src=\"https:\/\/www.alasmedios.com\/wp-content\/uploads\/2026\/05\/Super-Final-de-la-Copa-del-Mundo-de-Clavados-2026-150x150.jpeg\" class=\"attachment-thumbnail size-thumbnail wp-post-image\" alt=\"\" style=\"\" \/><\/div><a class=\"wp-block-latest-posts__post-title\" href=\"https:\/\/www.alasmedios.com\/index.php\/2026\/05\/01\/mexico-se-lanza-por-la-cima-once-clavadistas-buscan-la-gloria-mundial-en-pekin-2026\/\">M\u00e9xico se lanza por la cima: once clavadistas buscan la gloria mundial en Pek\u00edn 2026<\/a><\/li>\n<li><div class=\"wp-block-latest-posts__featured-image\"><img loading=\"lazy\" decoding=\"async\" width=\"150\" height=\"150\" src=\"https:\/\/www.alasmedios.com\/wp-content\/uploads\/2026\/04\/Puebla-el-Congreso-aprobo-el-Protocolo-Homologado-de-Investigacion-de-Delitos-contra-Personas-LGBTTTI-150x150.png\" class=\"attachment-thumbnail size-thumbnail wp-post-image\" alt=\"\" style=\"\" \/><\/div><a class=\"wp-block-latest-posts__post-title\" href=\"https:\/\/www.alasmedios.com\/index.php\/2026\/04\/30\/puebla-impulsa-protocolo-contra-delitos-lgbttti\/\">Puebla impulsa protocolo contra delitos LGBTTTI+<\/a><\/li>\n<\/ul>","protected":false},"excerpt":{"rendered":"<p>El 2025 quedar\u00e1 grabado como el a\u00f1o en que Maya Becerra Arizaga dej\u00f3 de ser promesa para convertirse en leyenda.<\/p>\n","protected":false},"author":4,"featured_media":6959,"comment_status":"open","ping_status":"open","sticky":false,"template":"","format":"standard","meta":{"colormag_page_container_layout":"default_layout","colormag_page_sidebar_layout":"default_layout","rop_custom_images_group":[],"rop_custom_messages_group":[],"rop_publish_now":"initial","rop_publish_now_accounts":[],"rop_publish_now_history":[],"rop_publish_now_status":"pending","iawp_total_views":0,"footnotes":""},"categories":[3223],"tags":[3072,164,223,1891,3073],"class_list":["post-6958","post","type-post","status-publish","format-standard","has-post-thumbnail","hentry","category-deportes","tag-arco-compuesto","tag-claudia-sheinbaum","tag-deportes","tag-maya-becerra","tag-premio-nacional-de-deportes"],"magazineBlocksPostFeaturedMedia":{"thumbnail":"https:\/\/www.alasmedios.com\/wp-content\/uploads\/2025\/11\/Maya-Becerra-Premio-Nacional-de-Deportes-150x150.png","medium":"https:\/\/www.alasmedios.com\/wp-content\/uploads\/2025\/11\/Maya-Becerra-Premio-Nacional-de-Deportes-300x169.png","medium_large":"https:\/\/www.alasmedios.com\/wp-content\/uploads\/2025\/11\/Maya-Becerra-Premio-Nacional-de-Deportes-768x433.png","large":"https:\/\/www.alasmedios.com\/wp-content\/uploads\/2025\/11\/Maya-Becerra-Premio-Nacional-de-Deportes-1024x577.png","1536x1536":"https:\/\/www.alasmedios.com\/wp-content\/uploads\/2025\/11\/Maya-Becerra-Premio-Nacional-de-Deportes-1536x865.png","2048x2048":"https:\/\/www.alasmedios.com\/wp-content\/uploads\/2025\/11\/Maya-Becerra-Premio-Nacional-de-Deportes.png","colormag-highlighted-post":"https:\/\/www.alasmedios.com\/wp-content\/uploads\/2025\/11\/Maya-Becerra-Premio-Nacional-de-Deportes-392x272.png","colormag-featured-post-medium":"https:\/\/www.alasmedios.com\/wp-content\/uploads\/2025\/11\/Maya-Becerra-Premio-Nacional-de-Deportes-390x205.png","colormag-featured-post-small":"https:\/\/www.alasmedios.com\/wp-content\/uploads\/2025\/11\/Maya-Becerra-Premio-Nacional-de-Deportes-130x90.png","colormag-featured-image":"https:\/\/www.alasmedios.com\/wp-content\/uploads\/2025\/11\/Maya-Becerra-Premio-Nacional-de-Deportes-800x445.png","colormag-default-news":"https:\/\/www.alasmedios.com\/wp-content\/uploads\/2025\/11\/Maya-Becerra-Premio-Nacional-de-Deportes-150x150.png","colormag-featured-image-large":"https:\/\/www.alasmedios.com\/wp-content\/uploads\/2025\/11\/Maya-Becerra-Premio-Nacional-de-Deportes-1400x600.png"},"magazineBlocksPostAuthor":{"name":"Keila Rodr\u00edguez Pe\u00f1a","avatar":"https:\/\/secure.gravatar.com\/avatar\/a2553a2bfaa601b9d539b617c8793e151bdffb60f9e48a249912f86d4c9ebeef?s=96&d=mm&r=g"},"magazineBlocksPostCommentsNumber":"0","magazineBlocksPostExcerpt":"El 2025 quedar\u00e1 grabado como el a\u00f1o en que Maya Becerra Arizaga dej\u00f3 de ser promesa para convertirse en leyenda.","magazineBlocksPostCategories":["Deportes"],"magazineBlocksPostViewCount":103,"magazineBlocksPostReadTime":2,"magazine_blocks_featured_image_url":{"full":["https:\/\/www.alasmedios.com\/wp-content\/uploads\/2025\/11\/Maya-Becerra-Premio-Nacional-de-Deportes.png",1640,924,false],"medium":["https:\/\/www.alasmedios.com\/wp-content\/uploads\/2025\/11\/Maya-Becerra-Premio-Nacional-de-Deportes-300x169.png",300,169,true],"thumbnail":["https:\/\/www.alasmedios.com\/wp-content\/uploads\/2025\/11\/Maya-Becerra-Premio-Nacional-de-Deportes-150x150.png",150,150,true]},"magazine_blocks_author":{"display_name":"Keila Rodr\u00edguez Pe\u00f1a","author_link":"https:\/\/www.alasmedios.com\/index.php\/author\/keila\/"},"magazine_blocks_comment":0,"magazine_blocks_author_image":"https:\/\/secure.gravatar.com\/avatar\/a2553a2bfaa601b9d539b617c8793e151bdffb60f9e48a249912f86d4c9ebeef?s=96&d=mm&r=g","magazine_blocks_category":"<a href=\"#\" class=\"category-link category-link-3223\">Deportes<\/a>","yoast_head":"<!-- This site is optimized with the Yoast SEO plugin v27.5 - https:\/\/yoast.com\/product\/yoast-seo-wordpress\/ -->\r\n<title>Maya Becerra, Premio Nacional de Deportes - Alas Medios<\/title>\r\n<meta name=\"robots\" content=\"index, follow, max-snippet:-1, max-image-preview:large, max-video-preview:-1\" \/>\r\n<link rel=\"canonical\" href=\"https:\/\/www.alasmedios.com\/index.php\/2025\/11\/28\/maya-becerra-premio-nacional-de-deportes\/\" \/>\r\n<meta property=\"og:locale\" content=\"es_MX\" \/>\r\n<meta property=\"og:type\" content=\"article\" \/>\r\n<meta property=\"og:title\" content=\"Maya Becerra, Premio Nacional de Deportes - Alas Medios\" \/>\r\n<meta property=\"og:description\" content=\"El 2025 quedar\u00e1 grabado como el a\u00f1o en que Maya Becerra Arizaga dej\u00f3 de ser promesa para convertirse en leyenda.\" \/>\r\n<meta property=\"og:url\" content=\"https:\/\/www.alasmedios.com\/index.php\/2025\/11\/28\/maya-becerra-premio-nacional-de-deportes\/\" \/>\r\n<meta property=\"og:site_name\" content=\"Alas Medios\" \/>\r\n<meta property=\"article:published_time\" content=\"2025-11-28T13:42:00+00:00\" \/>\r\n<meta property=\"article:modified_time\" content=\"2026-01-06T19:28:34+00:00\" \/>\r\n<meta property=\"og:image\" content=\"https:\/\/www.alasmedios.com\/wp-content\/uploads\/2025\/11\/Maya-Becerra-Premio-Nacional-de-Deportes.png\" \/>\r\n\t<meta property=\"og:image:width\" content=\"1640\" \/>\r\n\t<meta property=\"og:image:height\" content=\"924\" \/>\r\n\t<meta property=\"og:image:type\" content=\"image\/png\" \/>\r\n<meta name=\"author\" content=\"Keila Rodr\u00edguez Pe\u00f1a\" \/>\r\n<meta name=\"twitter:card\" content=\"summary_large_image\" \/>\r\n<meta name=\"twitter:label1\" content=\"Escrito por\" \/>\n\t<meta name=\"twitter:data1\" content=\"Keila Rodr\u00edguez Pe\u00f1a\" \/>\n\t<meta name=\"twitter:label2\" content=\"Tiempo de lectura\" \/>\n\t<meta name=\"twitter:data2\" content=\"2 minutos\" \/>\r\n<script type=\"application\/ld+json\" class=\"yoast-schema-graph\">{\"@context\":\"https:\\\/\\\/schema.org\",\"@graph\":[{\"@type\":\"Article\",\"@id\":\"https:\\\/\\\/www.alasmedios.com\\\/index.php\\\/2025\\\/11\\\/28\\\/maya-becerra-premio-nacional-de-deportes\\\/#article\",\"isPartOf\":{\"@id\":\"https:\\\/\\\/www.alasmedios.com\\\/index.php\\\/2025\\\/11\\\/28\\\/maya-becerra-premio-nacional-de-deportes\\\/\"},\"author\":{\"name\":\"Keila Rodr\u00edguez Pe\u00f1a\",\"@id\":\"https:\\\/\\\/www.alasmedios.com\\\/#\\\/schema\\\/person\\\/0ba31bdd19a05ebf5c7fef1fedf99c34\"},\"headline\":\"Maya Becerra, Premio Nacional de Deportes\",\"datePublished\":\"2025-11-28T13:42:00+00:00\",\"dateModified\":\"2026-01-06T19:28:34+00:00\",\"mainEntityOfPage\":{\"@id\":\"https:\\\/\\\/www.alasmedios.com\\\/index.php\\\/2025\\\/11\\\/28\\\/maya-becerra-premio-nacional-de-deportes\\\/\"},\"wordCount\":361,\"commentCount\":0,\"publisher\":{\"@id\":\"https:\\\/\\\/www.alasmedios.com\\\/#organization\"},\"image\":{\"@id\":\"https:\\\/\\\/www.alasmedios.com\\\/index.php\\\/2025\\\/11\\\/28\\\/maya-becerra-premio-nacional-de-deportes\\\/#primaryimage\"},\"thumbnailUrl\":\"https:\\\/\\\/www.alasmedios.com\\\/wp-content\\\/uploads\\\/2025\\\/11\\\/Maya-Becerra-Premio-Nacional-de-Deportes.png\",\"keywords\":[\"arco compuesto\",\"Claudia Sheinbaum\",\"deportes\",\"Maya Becerra\",\"Premio Nacional de Deportes\"],\"articleSection\":[\"Deportes\"],\"inLanguage\":\"es\",\"potentialAction\":[{\"@type\":\"CommentAction\",\"name\":\"Comment\",\"target\":[\"https:\\\/\\\/www.alasmedios.com\\\/index.php\\\/2025\\\/11\\\/28\\\/maya-becerra-premio-nacional-de-deportes\\\/#respond\"]}]},{\"@type\":\"WebPage\",\"@id\":\"https:\\\/\\\/www.alasmedios.com\\\/index.php\\\/2025\\\/11\\\/28\\\/maya-becerra-premio-nacional-de-deportes\\\/\",\"url\":\"https:\\\/\\\/www.alasmedios.com\\\/index.php\\\/2025\\\/11\\\/28\\\/maya-becerra-premio-nacional-de-deportes\\\/\",\"name\":\"Maya Becerra, Premio Nacional de Deportes - Alas Medios\",\"isPartOf\":{\"@id\":\"https:\\\/\\\/www.alasmedios.com\\\/#website\"},\"primaryImageOfPage\":{\"@id\":\"https:\\\/\\\/www.alasmedios.com\\\/index.php\\\/2025\\\/11\\\/28\\\/maya-becerra-premio-nacional-de-deportes\\\/#primaryimage\"},\"image\":{\"@id\":\"https:\\\/\\\/www.alasmedios.com\\\/index.php\\\/2025\\\/11\\\/28\\\/maya-becerra-premio-nacional-de-deportes\\\/#primaryimage\"},\"thumbnailUrl\":\"https:\\\/\\\/www.alasmedios.com\\\/wp-content\\\/uploads\\\/2025\\\/11\\\/Maya-Becerra-Premio-Nacional-de-Deportes.png\",\"datePublished\":\"2025-11-28T13:42:00+00:00\",\"dateModified\":\"2026-01-06T19:28:34+00:00\",\"breadcrumb\":{\"@id\":\"https:\\\/\\\/www.alasmedios.com\\\/index.php\\\/2025\\\/11\\\/28\\\/maya-becerra-premio-nacional-de-deportes\\\/#breadcrumb\"},\"inLanguage\":\"es\",\"potentialAction\":[{\"@type\":\"ReadAction\",\"target\":[\"https:\\\/\\\/www.alasmedios.com\\\/index.php\\\/2025\\\/11\\\/28\\\/maya-becerra-premio-nacional-de-deportes\\\/\"]}]},{\"@type\":\"ImageObject\",\"inLanguage\":\"es\",\"@id\":\"https:\\\/\\\/www.alasmedios.com\\\/index.php\\\/2025\\\/11\\\/28\\\/maya-becerra-premio-nacional-de-deportes\\\/#primaryimage\",\"url\":\"https:\\\/\\\/www.alasmedios.com\\\/wp-content\\\/uploads\\\/2025\\\/11\\\/Maya-Becerra-Premio-Nacional-de-Deportes.png\",\"contentUrl\":\"https:\\\/\\\/www.alasmedios.com\\\/wp-content\\\/uploads\\\/2025\\\/11\\\/Maya-Becerra-Premio-Nacional-de-Deportes.png\",\"width\":1640,\"height\":924},{\"@type\":\"BreadcrumbList\",\"@id\":\"https:\\\/\\\/www.alasmedios.com\\\/index.php\\\/2025\\\/11\\\/28\\\/maya-becerra-premio-nacional-de-deportes\\\/#breadcrumb\",\"itemListElement\":[{\"@type\":\"ListItem\",\"position\":1,\"name\":\"Inicio\",\"item\":\"https:\\\/\\\/www.alasmedios.com\\\/\"},{\"@type\":\"ListItem\",\"position\":2,\"name\":\"Maya Becerra, Premio Nacional de Deportes\"}]},{\"@type\":\"WebSite\",\"@id\":\"https:\\\/\\\/www.alasmedios.com\\\/#website\",\"url\":\"https:\\\/\\\/www.alasmedios.com\\\/\",\"name\":\"Alas Medios\",\"description\":\"Alas para pensar, Alas para volar, Alas de libertad\",\"publisher\":{\"@id\":\"https:\\\/\\\/www.alasmedios.com\\\/#organization\"},\"potentialAction\":[{\"@type\":\"SearchAction\",\"target\":{\"@type\":\"EntryPoint\",\"urlTemplate\":\"https:\\\/\\\/www.alasmedios.com\\\/?s={search_term_string}\"},\"query-input\":{\"@type\":\"PropertyValueSpecification\",\"valueRequired\":true,\"valueName\":\"search_term_string\"}}],\"inLanguage\":\"es\"},{\"@type\":\"Organization\",\"@id\":\"https:\\\/\\\/www.alasmedios.com\\\/#organization\",\"name\":\"Alas Medios\",\"url\":\"https:\\\/\\\/www.alasmedios.com\\\/\",\"logo\":{\"@type\":\"ImageObject\",\"inLanguage\":\"es\",\"@id\":\"https:\\\/\\\/www.alasmedios.com\\\/#\\\/schema\\\/logo\\\/image\\\/\",\"url\":\"https:\\\/\\\/www.alasmedios.com\\\/wp-content\\\/uploads\\\/2026\\\/01\\\/cropped-cropped-GAM-1.png\",\"contentUrl\":\"https:\\\/\\\/www.alasmedios.com\\\/wp-content\\\/uploads\\\/2026\\\/01\\\/cropped-cropped-GAM-1.png\",\"width\":467,\"height\":235,\"caption\":\"Alas Medios\"},\"image\":{\"@id\":\"https:\\\/\\\/www.alasmedios.com\\\/#\\\/schema\\\/logo\\\/image\\\/\"}},{\"@type\":\"Person\",\"@id\":\"https:\\\/\\\/www.alasmedios.com\\\/#\\\/schema\\\/person\\\/0ba31bdd19a05ebf5c7fef1fedf99c34\",\"name\":\"Keila Rodr\u00edguez Pe\u00f1a\",\"image\":{\"@type\":\"ImageObject\",\"inLanguage\":\"es\",\"@id\":\"https:\\\/\\\/secure.gravatar.com\\\/avatar\\\/a2553a2bfaa601b9d539b617c8793e151bdffb60f9e48a249912f86d4c9ebeef?s=96&d=mm&r=g\",\"url\":\"https:\\\/\\\/secure.gravatar.com\\\/avatar\\\/a2553a2bfaa601b9d539b617c8793e151bdffb60f9e48a249912f86d4c9ebeef?s=96&d=mm&r=g\",\"contentUrl\":\"https:\\\/\\\/secure.gravatar.com\\\/avatar\\\/a2553a2bfaa601b9d539b617c8793e151bdffb60f9e48a249912f86d4c9ebeef?s=96&d=mm&r=g\",\"caption\":\"Keila Rodr\u00edguez Pe\u00f1a\"},\"sameAs\":[\"http:\\\/\\\/www.alasmedios.com\"],\"url\":\"https:\\\/\\\/www.alasmedios.com\\\/index.php\\\/author\\\/keila\\\/\"}]}<\/script>\r\n<!-- \/ Yoast SEO plugin. -->","yoast_head_json":{"title":"Maya Becerra, Premio Nacional de Deportes - Alas Medios","robots":{"index":"index","follow":"follow","max-snippet":"max-snippet:-1","max-image-preview":"max-image-preview:large","max-video-preview":"max-video-preview:-1"},"canonical":"https:\/\/www.alasmedios.com\/index.php\/2025\/11\/28\/maya-becerra-premio-nacional-de-deportes\/","og_locale":"es_MX","og_type":"article","og_title":"Maya Becerra, Premio Nacional de Deportes - Alas Medios","og_description":"El 2025 quedar\u00e1 grabado como el a\u00f1o en que Maya Becerra Arizaga dej\u00f3 de ser promesa para convertirse en leyenda.","og_url":"https:\/\/www.alasmedios.com\/index.php\/2025\/11\/28\/maya-becerra-premio-nacional-de-deportes\/","og_site_name":"Alas Medios","article_published_time":"2025-11-28T13:42:00+00:00","article_modified_time":"2026-01-06T19:28:34+00:00","og_image":[{"width":1640,"height":924,"url":"https:\/\/www.alasmedios.com\/wp-content\/uploads\/2025\/11\/Maya-Becerra-Premio-Nacional-de-Deportes.png","type":"image\/png"}],"author":"Keila Rodr\u00edguez Pe\u00f1a","twitter_card":"summary_large_image","twitter_misc":{"Escrito por":"Keila Rodr\u00edguez Pe\u00f1a","Tiempo de lectura":"2 minutos"},"schema":{"@context":"https:\/\/schema.org","@graph":[{"@type":"Article","@id":"https:\/\/www.alasmedios.com\/index.php\/2025\/11\/28\/maya-becerra-premio-nacional-de-deportes\/#article","isPartOf":{"@id":"https:\/\/www.alasmedios.com\/index.php\/2025\/11\/28\/maya-becerra-premio-nacional-de-deportes\/"},"author":{"name":"Keila Rodr\u00edguez Pe\u00f1a","@id":"https:\/\/www.alasmedios.com\/#\/schema\/person\/0ba31bdd19a05ebf5c7fef1fedf99c34"},"headline":"Maya Becerra, Premio Nacional de Deportes","datePublished":"2025-11-28T13:42:00+00:00","dateModified":"2026-01-06T19:28:34+00:00","mainEntityOfPage":{"@id":"https:\/\/www.alasmedios.com\/index.php\/2025\/11\/28\/maya-becerra-premio-nacional-de-deportes\/"},"wordCount":361,"commentCount":0,"publisher":{"@id":"https:\/\/www.alasmedios.com\/#organization"},"image":{"@id":"https:\/\/www.alasmedios.com\/index.php\/2025\/11\/28\/maya-becerra-premio-nacional-de-deportes\/#primaryimage"},"thumbnailUrl":"https:\/\/www.alasmedios.com\/wp-content\/uploads\/2025\/11\/Maya-Becerra-Premio-Nacional-de-Deportes.png","keywords":["arco compuesto","Claudia Sheinbaum","deportes","Maya Becerra","Premio Nacional de Deportes"],"articleSection":["Deportes"],"inLanguage":"es","potentialAction":[{"@type":"CommentAction","name":"Comment","target":["https:\/\/www.alasmedios.com\/index.php\/2025\/11\/28\/maya-becerra-premio-nacional-de-deportes\/#respond"]}]},{"@type":"WebPage","@id":"https:\/\/www.alasmedios.com\/index.php\/2025\/11\/28\/maya-becerra-premio-nacional-de-deportes\/","url":"https:\/\/www.alasmedios.com\/index.php\/2025\/11\/28\/maya-becerra-premio-nacional-de-deportes\/","name":"Maya Becerra, Premio Nacional de Deportes - Alas Medios","isPartOf":{"@id":"https:\/\/www.alasmedios.com\/#website"},"primaryImageOfPage":{"@id":"https:\/\/www.alasmedios.com\/index.php\/2025\/11\/28\/maya-becerra-premio-nacional-de-deportes\/#primaryimage"},"image":{"@id":"https:\/\/www.alasmedios.com\/index.php\/2025\/11\/28\/maya-becerra-premio-nacional-de-deportes\/#primaryimage"},"thumbnailUrl":"https:\/\/www.alasmedios.com\/wp-content\/uploads\/2025\/11\/Maya-Becerra-Premio-Nacional-de-Deportes.png","datePublished":"2025-11-28T13:42:00+00:00","dateModified":"2026-01-06T19:28:34+00:00","breadcrumb":{"@id":"https:\/\/www.alasmedios.com\/index.php\/2025\/11\/28\/maya-becerra-premio-nacional-de-deportes\/#breadcrumb"},"inLanguage":"es","potentialAction":[{"@type":"ReadAction","target":["https:\/\/www.alasmedios.com\/index.php\/2025\/11\/28\/maya-becerra-premio-nacional-de-deportes\/"]}]},{"@type":"ImageObject","inLanguage":"es","@id":"https:\/\/www.alasmedios.com\/index.php\/2025\/11\/28\/maya-becerra-premio-nacional-de-deportes\/#primaryimage","url":"https:\/\/www.alasmedios.com\/wp-content\/uploads\/2025\/11\/Maya-Becerra-Premio-Nacional-de-Deportes.png","contentUrl":"https:\/\/www.alasmedios.com\/wp-content\/uploads\/2025\/11\/Maya-Becerra-Premio-Nacional-de-Deportes.png","width":1640,"height":924},{"@type":"BreadcrumbList","@id":"https:\/\/www.alasmedios.com\/index.php\/2025\/11\/28\/maya-becerra-premio-nacional-de-deportes\/#breadcrumb","itemListElement":[{"@type":"ListItem","position":1,"name":"Inicio","item":"https:\/\/www.alasmedios.com\/"},{"@type":"ListItem","position":2,"name":"Maya Becerra, Premio Nacional de Deportes"}]},{"@type":"WebSite","@id":"https:\/\/www.alasmedios.com\/#website","url":"https:\/\/www.alasmedios.com\/","name":"Alas Medios","description":"Alas para pensar, Alas para volar, Alas de libertad","publisher":{"@id":"https:\/\/www.alasmedios.com\/#organization"},"potentialAction":[{"@type":"SearchAction","target":{"@type":"EntryPoint","urlTemplate":"https:\/\/www.alasmedios.com\/?s={search_term_string}"},"query-input":{"@type":"PropertyValueSpecification","valueRequired":true,"valueName":"search_term_string"}}],"inLanguage":"es"},{"@type":"Organization","@id":"https:\/\/www.alasmedios.com\/#organization","name":"Alas Medios","url":"https:\/\/www.alasmedios.com\/","logo":{"@type":"ImageObject","inLanguage":"es","@id":"https:\/\/www.alasmedios.com\/#\/schema\/logo\/image\/","url":"https:\/\/www.alasmedios.com\/wp-content\/uploads\/2026\/01\/cropped-cropped-GAM-1.png","contentUrl":"https:\/\/www.alasmedios.com\/wp-content\/uploads\/2026\/01\/cropped-cropped-GAM-1.png","width":467,"height":235,"caption":"Alas Medios"},"image":{"@id":"https:\/\/www.alasmedios.com\/#\/schema\/logo\/image\/"}},{"@type":"Person","@id":"https:\/\/www.alasmedios.com\/#\/schema\/person\/0ba31bdd19a05ebf5c7fef1fedf99c34","name":"Keila Rodr\u00edguez Pe\u00f1a","image":{"@type":"ImageObject","inLanguage":"es","@id":"https:\/\/secure.gravatar.com\/avatar\/a2553a2bfaa601b9d539b617c8793e151bdffb60f9e48a249912f86d4c9ebeef?s=96&d=mm&r=g","url":"https:\/\/secure.gravatar.com\/avatar\/a2553a2bfaa601b9d539b617c8793e151bdffb60f9e48a249912f86d4c9ebeef?s=96&d=mm&r=g","contentUrl":"https:\/\/secure.gravatar.com\/avatar\/a2553a2bfaa601b9d539b617c8793e151bdffb60f9e48a249912f86d4c9ebeef?s=96&d=mm&r=g","caption":"Keila Rodr\u00edguez Pe\u00f1a"},"sameAs":["http:\/\/www.alasmedios.com"],"url":"https:\/\/www.alasmedios.com\/index.php\/author\/keila\/"}]}},"_links":{"self":[{"href":"https:\/\/www.alasmedios.com\/index.php\/wp-json\/wp\/v2\/posts\/6958","targetHints":{"allow":["GET"]}}],"collection":[{"href":"https:\/\/www.alasmedios.com\/index.php\/wp-json\/wp\/v2\/posts"}],"about":[{"href":"https:\/\/www.alasmedios.com\/index.php\/wp-json\/wp\/v2\/types\/post"}],"author":[{"embeddable":true,"href":"https:\/\/www.alasmedios.com\/index.php\/wp-json\/wp\/v2\/users\/4"}],"replies":[{"embeddable":true,"href":"https:\/\/www.alasmedios.com\/index.php\/wp-json\/wp\/v2\/comments?post=6958"}],"version-history":[{"count":1,"href":"https:\/\/www.alasmedios.com\/index.php\/wp-json\/wp\/v2\/posts\/6958\/revisions"}],"predecessor-version":[{"id":6960,"href":"https:\/\/www.alasmedios.com\/index.php\/wp-json\/wp\/v2\/posts\/6958\/revisions\/6960"}],"wp:featuredmedia":[{"embeddable":true,"href":"https:\/\/www.alasmedios.com\/index.php\/wp-json\/wp\/v2\/media\/6959"}],"wp:attachment":[{"href":"https:\/\/www.alasmedios.com\/index.php\/wp-json\/wp\/v2\/media?parent=6958"}],"wp:term":[{"taxonomy":"category","embeddable":true,"href":"https:\/\/www.alasmedios.com\/index.php\/wp-json\/wp\/v2\/categories?post=6958"},{"taxonomy":"post_tag","embeddable":true,"href":"https:\/\/www.alasmedios.com\/index.php\/wp-json\/wp\/v2\/tags?post=6958"}],"curies":[{"name":"wp","href":"https:\/\/api.w.org\/{rel}","templated":true}]}}