{"id":6943,"date":"2025-11-27T13:48:30","date_gmt":"2025-11-27T19:48:30","guid":{"rendered":"https:\/\/www.alasmedios.com\/?p=6943"},"modified":"2025-11-27T13:48:31","modified_gmt":"2025-11-27T19:48:31","slug":"tula-celebra-el-poder-del-autoempleo","status":"publish","type":"post","link":"https:\/\/www.alasmedios.com\/index.php\/2025\/11\/27\/tula-celebra-el-poder-del-autoempleo\/","title":{"rendered":"Tula celebra el poder del autoempleo"},"content":{"rendered":"\n<p>En <strong>Tula de Allende<\/strong>, un grupo de mujeres fue reconocido por su labor en el impulso del <strong>autoempleo<\/strong> y el <strong>aprendizaje comunitario<\/strong>, una apuesta que fortalece la autonom\u00eda y crea redes de apoyo reales entre ellas.<\/p>\n\n\n\n<p>El <strong>Instituto Hidalguense de las Mujeres<\/strong> entreg\u00f3 reconocimientos a las beneficiarias del <strong>Programa de Asesor\u00edas para el Autoempleo a Mujeres<\/strong>, destacando especialmente a quienes participaron como <strong>talleristas<\/strong>, as\u00ed como a sus <strong>alumnas<\/strong>, por el intercambio de saberes que construye independencia econ\u00f3mica desde lo cotidiano.<\/p>\n\n\n\n<figure class=\"wp-block-gallery has-nested-images columns-default is-cropped wp-block-gallery-1 is-layout-flex wp-block-gallery-is-layout-flex\">\n<figure class=\"wp-block-image size-large\"><img loading=\"lazy\" decoding=\"async\" width=\"1024\" height=\"575\" data-id=\"6945\" src=\"https:\/\/www.alasmedios.com\/wp-content\/uploads\/2025\/11\/Tula-celebra-el-poder-del-autoempleo-3-1024x575.jpg\" alt=\"\" class=\"wp-image-6945\" srcset=\"https:\/\/www.alasmedios.com\/wp-content\/uploads\/2025\/11\/Tula-celebra-el-poder-del-autoempleo-3-1024x575.jpg 1024w, https:\/\/www.alasmedios.com\/wp-content\/uploads\/2025\/11\/Tula-celebra-el-poder-del-autoempleo-3-300x168.jpg 300w, https:\/\/www.alasmedios.com\/wp-content\/uploads\/2025\/11\/Tula-celebra-el-poder-del-autoempleo-3-768x431.jpg 768w, https:\/\/www.alasmedios.com\/wp-content\/uploads\/2025\/11\/Tula-celebra-el-poder-del-autoempleo-3-1536x863.jpg 1536w, https:\/\/www.alasmedios.com\/wp-content\/uploads\/2025\/11\/Tula-celebra-el-poder-del-autoempleo-3.jpg 2048w\" sizes=\"auto, (max-width: 1024px) 100vw, 1024px\" \/><\/figure>\n\n\n\n<figure class=\"wp-block-image size-large\"><img loading=\"lazy\" decoding=\"async\" width=\"1024\" height=\"575\" data-id=\"6947\" src=\"https:\/\/www.alasmedios.com\/wp-content\/uploads\/2025\/11\/Tula-celebra-el-poder-del-autoempleo-2-1024x575.jpg\" alt=\"\" class=\"wp-image-6947\" srcset=\"https:\/\/www.alasmedios.com\/wp-content\/uploads\/2025\/11\/Tula-celebra-el-poder-del-autoempleo-2-1024x575.jpg 1024w, https:\/\/www.alasmedios.com\/wp-content\/uploads\/2025\/11\/Tula-celebra-el-poder-del-autoempleo-2-300x168.jpg 300w, https:\/\/www.alasmedios.com\/wp-content\/uploads\/2025\/11\/Tula-celebra-el-poder-del-autoempleo-2-768x431.jpg 768w, https:\/\/www.alasmedios.com\/wp-content\/uploads\/2025\/11\/Tula-celebra-el-poder-del-autoempleo-2-1536x863.jpg 1536w, https:\/\/www.alasmedios.com\/wp-content\/uploads\/2025\/11\/Tula-celebra-el-poder-del-autoempleo-2.jpg 2048w\" sizes=\"auto, (max-width: 1024px) 100vw, 1024px\" \/><\/figure>\n\n\n\n<figure class=\"wp-block-image size-large\"><img loading=\"lazy\" decoding=\"async\" width=\"1024\" height=\"575\" data-id=\"6946\" src=\"https:\/\/www.alasmedios.com\/wp-content\/uploads\/2025\/11\/Tula-celebra-el-poder-del-autoempleo-1-1024x575.jpg\" alt=\"\" class=\"wp-image-6946\" srcset=\"https:\/\/www.alasmedios.com\/wp-content\/uploads\/2025\/11\/Tula-celebra-el-poder-del-autoempleo-1-1024x575.jpg 1024w, https:\/\/www.alasmedios.com\/wp-content\/uploads\/2025\/11\/Tula-celebra-el-poder-del-autoempleo-1-300x168.jpg 300w, https:\/\/www.alasmedios.com\/wp-content\/uploads\/2025\/11\/Tula-celebra-el-poder-del-autoempleo-1-768x431.jpg 768w, https:\/\/www.alasmedios.com\/wp-content\/uploads\/2025\/11\/Tula-celebra-el-poder-del-autoempleo-1-1536x863.jpg 1536w, https:\/\/www.alasmedios.com\/wp-content\/uploads\/2025\/11\/Tula-celebra-el-poder-del-autoempleo-1.jpg 2048w\" sizes=\"auto, (max-width: 1024px) 100vw, 1024px\" \/><\/figure>\n<\/figure>\n\n\n\n<p>CONTIN\u00daA LEYENDO: <a href=\"https:\/\/www.alasmedios.com\/index.php\/2025\/11\/27\/pero-si-es-buena-persona-la-frase-que-protege-agresores\/\" data-type=\"post\" data-id=\"6940\">\u201cPero si es buena persona\u201d: la frase que protege agresores<\/a><\/p>\n\n\n\n<p>La titular del <strong>IHM<\/strong> enfatiz\u00f3 que este programa \u201creconoce historias de <strong>trabajo<\/strong>, <strong>acompa\u00f1amiento<\/strong> y <strong>transformaci\u00f3n<\/strong> desde lo comunitario\u201d, y subray\u00f3 que la <strong>autonom\u00eda econ\u00f3mica<\/strong> es una herramienta clave para <strong>prevenir<\/strong> y <strong>enfrentar la violencia contra las mujeres<\/strong>.<\/p>\n\n\n\n<p>En el encuentro participaron la <strong>Subsecretar\u00eda de Desarrollo Pol\u00edtico<\/strong>, el <strong>Centro de Justicia para Mujeres del Estado de Hidalgo<\/strong> y la <strong>Direcci\u00f3n de Gobernaci\u00f3n de Tula<\/strong>, reforzando la importancia de articular esfuerzos para el fortalecimiento comunitario.<\/p>\n\n\n<ul class=\"wp-block-latest-posts__list is-grid columns-3 wp-block-latest-posts\"><li><div class=\"wp-block-latest-posts__featured-image\"><img loading=\"lazy\" decoding=\"async\" width=\"150\" height=\"150\" src=\"https:\/\/www.alasmedios.com\/wp-content\/uploads\/2026\/05\/AMPEP-inteligencia-artificial-150x150.jpg\" class=\"attachment-thumbnail size-thumbnail wp-post-image\" alt=\"\" style=\"\" \/><\/div><a class=\"wp-block-latest-posts__post-title\" href=\"https:\/\/www.alasmedios.com\/index.php\/2026\/05\/01\/periodismo-frente-a-la-ia-ampep-asume-liderazgo-y-apuesta-por-contar-historias-con-alma\/\">Periodismo frente a la IA: AMPEP asume liderazgo y apuesta por contar historias con \u201calma\u201d<\/a><\/li>\n<li><div class=\"wp-block-latest-posts__featured-image\"><img loading=\"lazy\" decoding=\"async\" width=\"150\" height=\"150\" src=\"https:\/\/www.alasmedios.com\/wp-content\/uploads\/2026\/05\/Hidalgo-viene-un-respiro-con-el-frente-frio-48-150x150.png\" class=\"attachment-thumbnail size-thumbnail wp-post-image\" alt=\"\" style=\"\" \/><\/div><a class=\"wp-block-latest-posts__post-title\" href=\"https:\/\/www.alasmedios.com\/index.php\/2026\/05\/01\/frente-frio-48-un-alivio-asi-impactara-en-hidalgo\/\">Frente fr\u00edo 48, un alivio: as\u00ed impactar\u00e1 en Hidalgo<\/a><\/li>\n<li><div class=\"wp-block-latest-posts__featured-image\"><img loading=\"lazy\" decoding=\"async\" width=\"150\" height=\"150\" src=\"https:\/\/www.alasmedios.com\/wp-content\/uploads\/2026\/05\/mujeres-depresion-posparto-150x150.png\" class=\"attachment-thumbnail size-thumbnail wp-post-image\" alt=\"\" style=\"\" \/><\/div><a class=\"wp-block-latest-posts__post-title\" href=\"https:\/\/www.alasmedios.com\/index.php\/2026\/05\/01\/1-de-cada-15-mujeres-sufre-depresion-posparto\/\">1 de cada 15 mujeres sufre depresi\u00f3n posparto<\/a><\/li>\n<\/ul>","protected":false},"excerpt":{"rendered":"<p>En Tula de Allende, un grupo de mujeres fue reconocido por su labor en el impulso del autoempleo y el<\/p>\n","protected":false},"author":4,"featured_media":6944,"comment_status":"open","ping_status":"open","sticky":false,"template":"","format":"standard","meta":{"colormag_page_container_layout":"default_layout","colormag_page_sidebar_layout":"default_layout","rop_custom_images_group":[],"rop_custom_messages_group":[],"rop_publish_now":"initial","rop_publish_now_accounts":[],"rop_publish_now_history":[],"rop_publish_now_status":"pending","iawp_total_views":0,"footnotes":""},"categories":[41],"tags":[3069,99,215,53,768],"class_list":["post-6943","post","type-post","status-publish","format-standard","has-post-thumbnail","hentry","category-hidalgo","tag-autoempleo","tag-hidalgo","tag-ihm","tag-mujeres","tag-tula-de-allende"],"magazineBlocksPostFeaturedMedia":{"thumbnail":"https:\/\/www.alasmedios.com\/wp-content\/uploads\/2025\/11\/Tula-celebra-el-poder-del-autoempleo-150x150.jpg","medium":"https:\/\/www.alasmedios.com\/wp-content\/uploads\/2025\/11\/Tula-celebra-el-poder-del-autoempleo-300x168.jpg","medium_large":"https:\/\/www.alasmedios.com\/wp-content\/uploads\/2025\/11\/Tula-celebra-el-poder-del-autoempleo-768x431.jpg","large":"https:\/\/www.alasmedios.com\/wp-content\/uploads\/2025\/11\/Tula-celebra-el-poder-del-autoempleo-1024x575.jpg","1536x1536":"https:\/\/www.alasmedios.com\/wp-content\/uploads\/2025\/11\/Tula-celebra-el-poder-del-autoempleo-1536x863.jpg","2048x2048":"https:\/\/www.alasmedios.com\/wp-content\/uploads\/2025\/11\/Tula-celebra-el-poder-del-autoempleo.jpg","colormag-highlighted-post":"https:\/\/www.alasmedios.com\/wp-content\/uploads\/2025\/11\/Tula-celebra-el-poder-del-autoempleo-392x272.jpg","colormag-featured-post-medium":"https:\/\/www.alasmedios.com\/wp-content\/uploads\/2025\/11\/Tula-celebra-el-poder-del-autoempleo-390x205.jpg","colormag-featured-post-small":"https:\/\/www.alasmedios.com\/wp-content\/uploads\/2025\/11\/Tula-celebra-el-poder-del-autoempleo-130x90.jpg","colormag-featured-image":"https:\/\/www.alasmedios.com\/wp-content\/uploads\/2025\/11\/Tula-celebra-el-poder-del-autoempleo-800x445.jpg","colormag-default-news":"https:\/\/www.alasmedios.com\/wp-content\/uploads\/2025\/11\/Tula-celebra-el-poder-del-autoempleo-150x150.jpg","colormag-featured-image-large":"https:\/\/www.alasmedios.com\/wp-content\/uploads\/2025\/11\/Tula-celebra-el-poder-del-autoempleo-1400x600.jpg"},"magazineBlocksPostAuthor":{"name":"Keila Rodr\u00edguez Pe\u00f1a","avatar":"https:\/\/secure.gravatar.com\/avatar\/a2553a2bfaa601b9d539b617c8793e151bdffb60f9e48a249912f86d4c9ebeef?s=96&d=mm&r=g"},"magazineBlocksPostCommentsNumber":"0","magazineBlocksPostExcerpt":"En Tula de Allende, un grupo de mujeres fue reconocido por su labor en el impulso del autoempleo y el","magazineBlocksPostCategories":["Hidalgo"],"magazineBlocksPostViewCount":134,"magazineBlocksPostReadTime":1,"magazine_blocks_featured_image_url":{"full":["https:\/\/www.alasmedios.com\/wp-content\/uploads\/2025\/11\/Tula-celebra-el-poder-del-autoempleo.jpg",2048,1150,false],"medium":["https:\/\/www.alasmedios.com\/wp-content\/uploads\/2025\/11\/Tula-celebra-el-poder-del-autoempleo-300x168.jpg",300,168,true],"thumbnail":["https:\/\/www.alasmedios.com\/wp-content\/uploads\/2025\/11\/Tula-celebra-el-poder-del-autoempleo-150x150.jpg",150,150,true]},"magazine_blocks_author":{"display_name":"Keila Rodr\u00edguez Pe\u00f1a","author_link":"https:\/\/www.alasmedios.com\/index.php\/author\/keila\/"},"magazine_blocks_comment":0,"magazine_blocks_author_image":"https:\/\/secure.gravatar.com\/avatar\/a2553a2bfaa601b9d539b617c8793e151bdffb60f9e48a249912f86d4c9ebeef?s=96&d=mm&r=g","magazine_blocks_category":"<a href=\"#\" class=\"category-link category-link-41\">Hidalgo<\/a>","yoast_head":"<!-- This site is optimized with the Yoast SEO plugin v27.5 - https:\/\/yoast.com\/product\/yoast-seo-wordpress\/ -->\r\n<title>Tula celebra el poder del autoempleo - Alas Medios<\/title>\r\n<meta name=\"robots\" content=\"index, follow, max-snippet:-1, max-image-preview:large, max-video-preview:-1\" \/>\r\n<link rel=\"canonical\" href=\"https:\/\/www.alasmedios.com\/index.php\/2025\/11\/27\/tula-celebra-el-poder-del-autoempleo\/\" \/>\r\n<meta property=\"og:locale\" content=\"es_MX\" \/>\r\n<meta property=\"og:type\" content=\"article\" \/>\r\n<meta property=\"og:title\" content=\"Tula celebra el poder del autoempleo - Alas Medios\" \/>\r\n<meta property=\"og:description\" content=\"En Tula de Allende, un grupo de mujeres fue reconocido por su labor en el impulso del autoempleo y el\" \/>\r\n<meta property=\"og:url\" content=\"https:\/\/www.alasmedios.com\/index.php\/2025\/11\/27\/tula-celebra-el-poder-del-autoempleo\/\" \/>\r\n<meta property=\"og:site_name\" content=\"Alas Medios\" \/>\r\n<meta property=\"article:published_time\" content=\"2025-11-27T19:48:30+00:00\" \/>\r\n<meta property=\"article:modified_time\" content=\"2025-11-27T19:48:31+00:00\" \/>\r\n<meta property=\"og:image\" content=\"https:\/\/www.alasmedios.com\/wp-content\/uploads\/2025\/11\/Tula-celebra-el-poder-del-autoempleo.jpg\" \/>\r\n\t<meta property=\"og:image:width\" content=\"2048\" \/>\r\n\t<meta property=\"og:image:height\" content=\"1150\" \/>\r\n\t<meta property=\"og:image:type\" content=\"image\/jpeg\" \/>\r\n<meta name=\"author\" content=\"Keila Rodr\u00edguez Pe\u00f1a\" \/>\r\n<meta name=\"twitter:card\" content=\"summary_large_image\" \/>\r\n<meta name=\"twitter:label1\" content=\"Escrito por\" \/>\n\t<meta name=\"twitter:data1\" content=\"Keila Rodr\u00edguez Pe\u00f1a\" \/>\n\t<meta name=\"twitter:label2\" content=\"Tiempo de lectura\" \/>\n\t<meta name=\"twitter:data2\" content=\"1 minuto\" \/>\r\n<script type=\"application\/ld+json\" class=\"yoast-schema-graph\">{\"@context\":\"https:\\\/\\\/schema.org\",\"@graph\":[{\"@type\":\"Article\",\"@id\":\"https:\\\/\\\/www.alasmedios.com\\\/index.php\\\/2025\\\/11\\\/27\\\/tula-celebra-el-poder-del-autoempleo\\\/#article\",\"isPartOf\":{\"@id\":\"https:\\\/\\\/www.alasmedios.com\\\/index.php\\\/2025\\\/11\\\/27\\\/tula-celebra-el-poder-del-autoempleo\\\/\"},\"author\":{\"name\":\"Keila Rodr\u00edguez Pe\u00f1a\",\"@id\":\"https:\\\/\\\/www.alasmedios.com\\\/#\\\/schema\\\/person\\\/0ba31bdd19a05ebf5c7fef1fedf99c34\"},\"headline\":\"Tula celebra el poder del autoempleo\",\"datePublished\":\"2025-11-27T19:48:30+00:00\",\"dateModified\":\"2025-11-27T19:48:31+00:00\",\"mainEntityOfPage\":{\"@id\":\"https:\\\/\\\/www.alasmedios.com\\\/index.php\\\/2025\\\/11\\\/27\\\/tula-celebra-el-poder-del-autoempleo\\\/\"},\"wordCount\":183,\"commentCount\":0,\"publisher\":{\"@id\":\"https:\\\/\\\/www.alasmedios.com\\\/#organization\"},\"image\":{\"@id\":\"https:\\\/\\\/www.alasmedios.com\\\/index.php\\\/2025\\\/11\\\/27\\\/tula-celebra-el-poder-del-autoempleo\\\/#primaryimage\"},\"thumbnailUrl\":\"https:\\\/\\\/www.alasmedios.com\\\/wp-content\\\/uploads\\\/2025\\\/11\\\/Tula-celebra-el-poder-del-autoempleo.jpg\",\"keywords\":[\"autoempleo\",\"Hidalgo\",\"IHM\",\"Mujeres\",\"Tula de Allende\"],\"articleSection\":[\"Hidalgo\"],\"inLanguage\":\"es\",\"potentialAction\":[{\"@type\":\"CommentAction\",\"name\":\"Comment\",\"target\":[\"https:\\\/\\\/www.alasmedios.com\\\/index.php\\\/2025\\\/11\\\/27\\\/tula-celebra-el-poder-del-autoempleo\\\/#respond\"]}]},{\"@type\":\"WebPage\",\"@id\":\"https:\\\/\\\/www.alasmedios.com\\\/index.php\\\/2025\\\/11\\\/27\\\/tula-celebra-el-poder-del-autoempleo\\\/\",\"url\":\"https:\\\/\\\/www.alasmedios.com\\\/index.php\\\/2025\\\/11\\\/27\\\/tula-celebra-el-poder-del-autoempleo\\\/\",\"name\":\"Tula celebra el poder del autoempleo - Alas Medios\",\"isPartOf\":{\"@id\":\"https:\\\/\\\/www.alasmedios.com\\\/#website\"},\"primaryImageOfPage\":{\"@id\":\"https:\\\/\\\/www.alasmedios.com\\\/index.php\\\/2025\\\/11\\\/27\\\/tula-celebra-el-poder-del-autoempleo\\\/#primaryimage\"},\"image\":{\"@id\":\"https:\\\/\\\/www.alasmedios.com\\\/index.php\\\/2025\\\/11\\\/27\\\/tula-celebra-el-poder-del-autoempleo\\\/#primaryimage\"},\"thumbnailUrl\":\"https:\\\/\\\/www.alasmedios.com\\\/wp-content\\\/uploads\\\/2025\\\/11\\\/Tula-celebra-el-poder-del-autoempleo.jpg\",\"datePublished\":\"2025-11-27T19:48:30+00:00\",\"dateModified\":\"2025-11-27T19:48:31+00:00\",\"breadcrumb\":{\"@id\":\"https:\\\/\\\/www.alasmedios.com\\\/index.php\\\/2025\\\/11\\\/27\\\/tula-celebra-el-poder-del-autoempleo\\\/#breadcrumb\"},\"inLanguage\":\"es\",\"potentialAction\":[{\"@type\":\"ReadAction\",\"target\":[\"https:\\\/\\\/www.alasmedios.com\\\/index.php\\\/2025\\\/11\\\/27\\\/tula-celebra-el-poder-del-autoempleo\\\/\"]}]},{\"@type\":\"ImageObject\",\"inLanguage\":\"es\",\"@id\":\"https:\\\/\\\/www.alasmedios.com\\\/index.php\\\/2025\\\/11\\\/27\\\/tula-celebra-el-poder-del-autoempleo\\\/#primaryimage\",\"url\":\"https:\\\/\\\/www.alasmedios.com\\\/wp-content\\\/uploads\\\/2025\\\/11\\\/Tula-celebra-el-poder-del-autoempleo.jpg\",\"contentUrl\":\"https:\\\/\\\/www.alasmedios.com\\\/wp-content\\\/uploads\\\/2025\\\/11\\\/Tula-celebra-el-poder-del-autoempleo.jpg\",\"width\":2048,\"height\":1150},{\"@type\":\"BreadcrumbList\",\"@id\":\"https:\\\/\\\/www.alasmedios.com\\\/index.php\\\/2025\\\/11\\\/27\\\/tula-celebra-el-poder-del-autoempleo\\\/#breadcrumb\",\"itemListElement\":[{\"@type\":\"ListItem\",\"position\":1,\"name\":\"Inicio\",\"item\":\"https:\\\/\\\/www.alasmedios.com\\\/\"},{\"@type\":\"ListItem\",\"position\":2,\"name\":\"Tula celebra el poder del autoempleo\"}]},{\"@type\":\"WebSite\",\"@id\":\"https:\\\/\\\/www.alasmedios.com\\\/#website\",\"url\":\"https:\\\/\\\/www.alasmedios.com\\\/\",\"name\":\"Alas Medios\",\"description\":\"Alas para pensar, Alas para volar, Alas de libertad\",\"publisher\":{\"@id\":\"https:\\\/\\\/www.alasmedios.com\\\/#organization\"},\"potentialAction\":[{\"@type\":\"SearchAction\",\"target\":{\"@type\":\"EntryPoint\",\"urlTemplate\":\"https:\\\/\\\/www.alasmedios.com\\\/?s={search_term_string}\"},\"query-input\":{\"@type\":\"PropertyValueSpecification\",\"valueRequired\":true,\"valueName\":\"search_term_string\"}}],\"inLanguage\":\"es\"},{\"@type\":\"Organization\",\"@id\":\"https:\\\/\\\/www.alasmedios.com\\\/#organization\",\"name\":\"Alas Medios\",\"url\":\"https:\\\/\\\/www.alasmedios.com\\\/\",\"logo\":{\"@type\":\"ImageObject\",\"inLanguage\":\"es\",\"@id\":\"https:\\\/\\\/www.alasmedios.com\\\/#\\\/schema\\\/logo\\\/image\\\/\",\"url\":\"https:\\\/\\\/www.alasmedios.com\\\/wp-content\\\/uploads\\\/2026\\\/01\\\/cropped-cropped-GAM-1.png\",\"contentUrl\":\"https:\\\/\\\/www.alasmedios.com\\\/wp-content\\\/uploads\\\/2026\\\/01\\\/cropped-cropped-GAM-1.png\",\"width\":467,\"height\":235,\"caption\":\"Alas Medios\"},\"image\":{\"@id\":\"https:\\\/\\\/www.alasmedios.com\\\/#\\\/schema\\\/logo\\\/image\\\/\"}},{\"@type\":\"Person\",\"@id\":\"https:\\\/\\\/www.alasmedios.com\\\/#\\\/schema\\\/person\\\/0ba31bdd19a05ebf5c7fef1fedf99c34\",\"name\":\"Keila Rodr\u00edguez Pe\u00f1a\",\"image\":{\"@type\":\"ImageObject\",\"inLanguage\":\"es\",\"@id\":\"https:\\\/\\\/secure.gravatar.com\\\/avatar\\\/a2553a2bfaa601b9d539b617c8793e151bdffb60f9e48a249912f86d4c9ebeef?s=96&d=mm&r=g\",\"url\":\"https:\\\/\\\/secure.gravatar.com\\\/avatar\\\/a2553a2bfaa601b9d539b617c8793e151bdffb60f9e48a249912f86d4c9ebeef?s=96&d=mm&r=g\",\"contentUrl\":\"https:\\\/\\\/secure.gravatar.com\\\/avatar\\\/a2553a2bfaa601b9d539b617c8793e151bdffb60f9e48a249912f86d4c9ebeef?s=96&d=mm&r=g\",\"caption\":\"Keila Rodr\u00edguez Pe\u00f1a\"},\"sameAs\":[\"http:\\\/\\\/www.alasmedios.com\"],\"url\":\"https:\\\/\\\/www.alasmedios.com\\\/index.php\\\/author\\\/keila\\\/\"}]}<\/script>\r\n<!-- \/ Yoast SEO plugin. -->","yoast_head_json":{"title":"Tula celebra el poder del autoempleo - Alas Medios","robots":{"index":"index","follow":"follow","max-snippet":"max-snippet:-1","max-image-preview":"max-image-preview:large","max-video-preview":"max-video-preview:-1"},"canonical":"https:\/\/www.alasmedios.com\/index.php\/2025\/11\/27\/tula-celebra-el-poder-del-autoempleo\/","og_locale":"es_MX","og_type":"article","og_title":"Tula celebra el poder del autoempleo - Alas Medios","og_description":"En Tula de Allende, un grupo de mujeres fue reconocido por su labor en el impulso del autoempleo y el","og_url":"https:\/\/www.alasmedios.com\/index.php\/2025\/11\/27\/tula-celebra-el-poder-del-autoempleo\/","og_site_name":"Alas Medios","article_published_time":"2025-11-27T19:48:30+00:00","article_modified_time":"2025-11-27T19:48:31+00:00","og_image":[{"width":2048,"height":1150,"url":"https:\/\/www.alasmedios.com\/wp-content\/uploads\/2025\/11\/Tula-celebra-el-poder-del-autoempleo.jpg","type":"image\/jpeg"}],"author":"Keila Rodr\u00edguez Pe\u00f1a","twitter_card":"summary_large_image","twitter_misc":{"Escrito por":"Keila Rodr\u00edguez Pe\u00f1a","Tiempo de lectura":"1 minuto"},"schema":{"@context":"https:\/\/schema.org","@graph":[{"@type":"Article","@id":"https:\/\/www.alasmedios.com\/index.php\/2025\/11\/27\/tula-celebra-el-poder-del-autoempleo\/#article","isPartOf":{"@id":"https:\/\/www.alasmedios.com\/index.php\/2025\/11\/27\/tula-celebra-el-poder-del-autoempleo\/"},"author":{"name":"Keila Rodr\u00edguez Pe\u00f1a","@id":"https:\/\/www.alasmedios.com\/#\/schema\/person\/0ba31bdd19a05ebf5c7fef1fedf99c34"},"headline":"Tula celebra el poder del autoempleo","datePublished":"2025-11-27T19:48:30+00:00","dateModified":"2025-11-27T19:48:31+00:00","mainEntityOfPage":{"@id":"https:\/\/www.alasmedios.com\/index.php\/2025\/11\/27\/tula-celebra-el-poder-del-autoempleo\/"},"wordCount":183,"commentCount":0,"publisher":{"@id":"https:\/\/www.alasmedios.com\/#organization"},"image":{"@id":"https:\/\/www.alasmedios.com\/index.php\/2025\/11\/27\/tula-celebra-el-poder-del-autoempleo\/#primaryimage"},"thumbnailUrl":"https:\/\/www.alasmedios.com\/wp-content\/uploads\/2025\/11\/Tula-celebra-el-poder-del-autoempleo.jpg","keywords":["autoempleo","Hidalgo","IHM","Mujeres","Tula de Allende"],"articleSection":["Hidalgo"],"inLanguage":"es","potentialAction":[{"@type":"CommentAction","name":"Comment","target":["https:\/\/www.alasmedios.com\/index.php\/2025\/11\/27\/tula-celebra-el-poder-del-autoempleo\/#respond"]}]},{"@type":"WebPage","@id":"https:\/\/www.alasmedios.com\/index.php\/2025\/11\/27\/tula-celebra-el-poder-del-autoempleo\/","url":"https:\/\/www.alasmedios.com\/index.php\/2025\/11\/27\/tula-celebra-el-poder-del-autoempleo\/","name":"Tula celebra el poder del autoempleo - Alas Medios","isPartOf":{"@id":"https:\/\/www.alasmedios.com\/#website"},"primaryImageOfPage":{"@id":"https:\/\/www.alasmedios.com\/index.php\/2025\/11\/27\/tula-celebra-el-poder-del-autoempleo\/#primaryimage"},"image":{"@id":"https:\/\/www.alasmedios.com\/index.php\/2025\/11\/27\/tula-celebra-el-poder-del-autoempleo\/#primaryimage"},"thumbnailUrl":"https:\/\/www.alasmedios.com\/wp-content\/uploads\/2025\/11\/Tula-celebra-el-poder-del-autoempleo.jpg","datePublished":"2025-11-27T19:48:30+00:00","dateModified":"2025-11-27T19:48:31+00:00","breadcrumb":{"@id":"https:\/\/www.alasmedios.com\/index.php\/2025\/11\/27\/tula-celebra-el-poder-del-autoempleo\/#breadcrumb"},"inLanguage":"es","potentialAction":[{"@type":"ReadAction","target":["https:\/\/www.alasmedios.com\/index.php\/2025\/11\/27\/tula-celebra-el-poder-del-autoempleo\/"]}]},{"@type":"ImageObject","inLanguage":"es","@id":"https:\/\/www.alasmedios.com\/index.php\/2025\/11\/27\/tula-celebra-el-poder-del-autoempleo\/#primaryimage","url":"https:\/\/www.alasmedios.com\/wp-content\/uploads\/2025\/11\/Tula-celebra-el-poder-del-autoempleo.jpg","contentUrl":"https:\/\/www.alasmedios.com\/wp-content\/uploads\/2025\/11\/Tula-celebra-el-poder-del-autoempleo.jpg","width":2048,"height":1150},{"@type":"BreadcrumbList","@id":"https:\/\/www.alasmedios.com\/index.php\/2025\/11\/27\/tula-celebra-el-poder-del-autoempleo\/#breadcrumb","itemListElement":[{"@type":"ListItem","position":1,"name":"Inicio","item":"https:\/\/www.alasmedios.com\/"},{"@type":"ListItem","position":2,"name":"Tula celebra el poder del autoempleo"}]},{"@type":"WebSite","@id":"https:\/\/www.alasmedios.com\/#website","url":"https:\/\/www.alasmedios.com\/","name":"Alas Medios","description":"Alas para pensar, Alas para volar, Alas de libertad","publisher":{"@id":"https:\/\/www.alasmedios.com\/#organization"},"potentialAction":[{"@type":"SearchAction","target":{"@type":"EntryPoint","urlTemplate":"https:\/\/www.alasmedios.com\/?s={search_term_string}"},"query-input":{"@type":"PropertyValueSpecification","valueRequired":true,"valueName":"search_term_string"}}],"inLanguage":"es"},{"@type":"Organization","@id":"https:\/\/www.alasmedios.com\/#organization","name":"Alas Medios","url":"https:\/\/www.alasmedios.com\/","logo":{"@type":"ImageObject","inLanguage":"es","@id":"https:\/\/www.alasmedios.com\/#\/schema\/logo\/image\/","url":"https:\/\/www.alasmedios.com\/wp-content\/uploads\/2026\/01\/cropped-cropped-GAM-1.png","contentUrl":"https:\/\/www.alasmedios.com\/wp-content\/uploads\/2026\/01\/cropped-cropped-GAM-1.png","width":467,"height":235,"caption":"Alas Medios"},"image":{"@id":"https:\/\/www.alasmedios.com\/#\/schema\/logo\/image\/"}},{"@type":"Person","@id":"https:\/\/www.alasmedios.com\/#\/schema\/person\/0ba31bdd19a05ebf5c7fef1fedf99c34","name":"Keila Rodr\u00edguez Pe\u00f1a","image":{"@type":"ImageObject","inLanguage":"es","@id":"https:\/\/secure.gravatar.com\/avatar\/a2553a2bfaa601b9d539b617c8793e151bdffb60f9e48a249912f86d4c9ebeef?s=96&d=mm&r=g","url":"https:\/\/secure.gravatar.com\/avatar\/a2553a2bfaa601b9d539b617c8793e151bdffb60f9e48a249912f86d4c9ebeef?s=96&d=mm&r=g","contentUrl":"https:\/\/secure.gravatar.com\/avatar\/a2553a2bfaa601b9d539b617c8793e151bdffb60f9e48a249912f86d4c9ebeef?s=96&d=mm&r=g","caption":"Keila Rodr\u00edguez Pe\u00f1a"},"sameAs":["http:\/\/www.alasmedios.com"],"url":"https:\/\/www.alasmedios.com\/index.php\/author\/keila\/"}]}},"_links":{"self":[{"href":"https:\/\/www.alasmedios.com\/index.php\/wp-json\/wp\/v2\/posts\/6943","targetHints":{"allow":["GET"]}}],"collection":[{"href":"https:\/\/www.alasmedios.com\/index.php\/wp-json\/wp\/v2\/posts"}],"about":[{"href":"https:\/\/www.alasmedios.com\/index.php\/wp-json\/wp\/v2\/types\/post"}],"author":[{"embeddable":true,"href":"https:\/\/www.alasmedios.com\/index.php\/wp-json\/wp\/v2\/users\/4"}],"replies":[{"embeddable":true,"href":"https:\/\/www.alasmedios.com\/index.php\/wp-json\/wp\/v2\/comments?post=6943"}],"version-history":[{"count":1,"href":"https:\/\/www.alasmedios.com\/index.php\/wp-json\/wp\/v2\/posts\/6943\/revisions"}],"predecessor-version":[{"id":6948,"href":"https:\/\/www.alasmedios.com\/index.php\/wp-json\/wp\/v2\/posts\/6943\/revisions\/6948"}],"wp:featuredmedia":[{"embeddable":true,"href":"https:\/\/www.alasmedios.com\/index.php\/wp-json\/wp\/v2\/media\/6944"}],"wp:attachment":[{"href":"https:\/\/www.alasmedios.com\/index.php\/wp-json\/wp\/v2\/media?parent=6943"}],"wp:term":[{"taxonomy":"category","embeddable":true,"href":"https:\/\/www.alasmedios.com\/index.php\/wp-json\/wp\/v2\/categories?post=6943"},{"taxonomy":"post_tag","embeddable":true,"href":"https:\/\/www.alasmedios.com\/index.php\/wp-json\/wp\/v2\/tags?post=6943"}],"curies":[{"name":"wp","href":"https:\/\/api.w.org\/{rel}","templated":true}]}}