{"id":6930,"date":"2025-11-26T11:19:08","date_gmt":"2025-11-26T17:19:08","guid":{"rendered":"https:\/\/www.alasmedios.com\/?p=6930"},"modified":"2025-11-26T12:35:55","modified_gmt":"2025-11-26T18:35:55","slug":"no-existe-la-victima-perfecta-la-revictimizacion-debe-terminar","status":"publish","type":"post","link":"https:\/\/www.alasmedios.com\/index.php\/2025\/11\/26\/no-existe-la-victima-perfecta-la-revictimizacion-debe-terminar\/","title":{"rendered":"No existe la v\u00edctima perfecta: la revictimizaci\u00f3n debe terminar"},"content":{"rendered":"\n<p>Cuando una <strong>mujer <\/strong>decide hablar sobre la <strong>violencia <\/strong>sufrida, no deber\u00eda tener que enfrentar m\u00e1s <strong>dolor<\/strong>. Sin embargo, muchas veces \u2014en su intento por buscar <strong>justicia<\/strong>\u2014 se topa con otro obst\u00e1culo: el <strong>juicio<\/strong>, la <strong>desconfianza <\/strong>y la <strong>revictimizaci\u00f3n<\/strong>.<\/p>\n\n\n\n<p>La <strong>revictimizaci\u00f3n institucional y social<\/strong> agrava el sufrimiento de quienes ya han sido v\u00edctimas, al exigirles justificar su versi\u00f3n, someterlas a <strong>m\u00faltiples interrogatorios<\/strong> o <strong>cuestionar su dignidad<\/strong>.<\/p>\n\n\n\n<p>Este fen\u00f3meno no distingue entre educaciones, clases sociales o condiciones personales. Como se\u00f1alan investigadores: <em>\u201cno se pueden estandarizar los tipos de mujer v\u00edctima de violencia\u201d<\/em>.<\/p>\n\n\n\n<p>Las <strong>agresiones <\/strong>pueden ser <strong>f\u00edsicas<\/strong>, <strong>psicol\u00f3gicas <\/strong>o <strong>digitales<\/strong>, acusar a la <strong>v\u00edctima <\/strong>de detalles \u2014su vestimenta, sus decisiones o sus palabras\u2014 no s\u00f3lo reproduce <strong>violencia<\/strong>, sino que refuerza el <strong>miedo a denunciar<\/strong>.<\/p>\n\n\n\n<p>CONTIN\u00daA LEYENDO: <a href=\"https:\/\/www.alasmedios.com\/index.php\/2025\/11\/15\/misoginia-interiorizada-lo-llevas-dentro\/\" data-type=\"post\" data-id=\"6853\">Misoginia interiorizada: \u00bflo llevas dentro?<\/a><\/p>\n\n\n\n<h3 class=\"wp-block-heading\">Revictimizaci\u00f3n<\/h3>\n\n\n\n<p>El concepto de <strong>revictimizaci\u00f3n <\/strong>alude a lo que sucede cuando <strong>una persona que ya fue v\u00edctima sufre una segunda victimizaci\u00f3n <\/strong>\u2014esta vez por parte de las instituciones, la sociedad, los medios o incluso su entorno\u2014 al denunciar. <\/p>\n\n\n\n<p>Esto puede manifestarse en la <strong>incredulidad<\/strong>, el <strong>cuestionamiento <\/strong>de su versi\u00f3n, <strong><em>victim-blaming<\/em><\/strong>, una atenci\u00f3n deficiente, extra tr\u00e1mites, procesos largos, o la negaci\u00f3n de protecci\u00f3n o justicia.<\/p>\n\n\n\n<h3 class=\"wp-block-heading\">C\u00f3mo se traduce la revictimizaci\u00f3n en n\u00fameros<\/h3>\n\n\n\n<p>Adem\u00e1s, la <strong>revictimizaci\u00f3n <\/strong>tiene<strong> consecuencias concretas<\/strong>: muchas <strong>mujeres <\/strong>optan por no denunciar, se retraen socialmente, desarrollan problemas de <strong>salud mental <\/strong>como <strong>ansiedad<\/strong>, <strong>estr\u00e9s <\/strong>o <strong>depresi\u00f3n<\/strong>, y en casos extremos, <strong>temores profundos<\/strong> que ponen en riesgo su <strong>integridad<\/strong>.<\/p>\n\n\n\n<ul class=\"wp-block-list\">\n<li>Seg\u00fan la Secretariado Ejecutivo del Sistema Nacional de Seguridad P\u00fablica (SESNSP), en 2022 aument\u00f3 en un <strong>13.2 %<\/strong> el n\u00famero de mujeres v\u00edctimas de delitos con respecto al a\u00f1o anterior, incluyendo casos de violencia sexual, hostigamiento y violencia familiar. <\/li>\n\n\n\n<li>A pesar de la magnitud del problema, la mayor\u00eda de los casos no se denuncian: investigaciones period\u00edsticas han se\u00f1alado que pr\u00e1cticamente el <strong>99.7 % de los delitos de violencia sexual<\/strong> no llegan a carpeta de investigaci\u00f3n.<\/li>\n\n\n\n<li>Esto significa que la gran mayor\u00eda de mujeres v\u00edctimas de agresi\u00f3n sexual no acceden siquiera al sistema de justicia, muchas veces por temor a ser cuestionadas, ignoradas o juzgadas.<\/li>\n<\/ul>\n\n\n\n<h3 class=\"wp-block-heading\">No existe la \u201cv\u00edctima ideal\u201d<\/h3>\n\n\n\n<p>El rechazo social, el cuestionamiento p\u00fablico o incluso amenazas pueden ser suficientes para que una <strong>v\u00edctima decida no denunciar o retirar su denuncia, renunciando a su derecho a justicia.<\/strong><\/p>\n\n\n\n<p>TE PUEDE INTERESAR: <a href=\"https:\/\/www.alasmedios.com\/index.php\/2025\/10\/14\/incel-convertir-el-rechazo-en-odio\/\" data-type=\"post\" data-id=\"6538\">\u201cIncel\u201d: convertir el rechazo en odio<\/a><\/p>\n\n\n\n<p>La <strong>violencia <\/strong>se manifiesta de muchas formas \u2014f\u00edsica, sexual, psicol\u00f3gica, econ\u00f3mica\u2014, y<strong> ninguna justifica minimizar el da\u00f1o ni cuestionar a quien la sufre<\/strong>. La diversidad de experiencias impide estandarizar un \u201c<em>perfil<\/em>\u201d de v\u00edctima.<\/p>\n\n\n\n<p>Si no se atiende con <strong>sensibilidad <\/strong>y <strong>perspectiva de g\u00e9nero<\/strong>, atacar la <strong>violencia <\/strong>se vuelve una simulaci\u00f3n: denunciar puede ser tan traum\u00e1tico como lo ya sufrido.<\/p>\n\n\n\n<p><strong>Revictimizar <\/strong>perpet\u00faa el <strong>ciclo de violencia, el silencio, la impunidad, y desincentiva denuncias,<\/strong> lo que invisibiliza a\u00fan m\u00e1s la magnitud del problema.<\/p>\n\n\n\n<p>Para romper este ciclo es fundamental que las instituciones \u2014y la sociedad en general\u2014 reconozcan que <strong>no existe la v\u00edctima perfecta<\/strong>. La clave est\u00e1 en garantizar <strong>trato digno<\/strong>, <strong>perspectiva de g\u00e9nero<\/strong> y <strong>respeto absoluto<\/strong> cuando una mujer decide contar su historia.<\/p>\n\n\n<ul class=\"wp-block-latest-posts__list is-grid columns-3 wp-block-latest-posts\"><li><div class=\"wp-block-latest-posts__featured-image\"><img loading=\"lazy\" decoding=\"async\" width=\"150\" height=\"150\" src=\"https:\/\/www.alasmedios.com\/wp-content\/uploads\/2026\/05\/USEP-calidad-hospitalaria-150x150.jpeg\" class=\"attachment-thumbnail size-thumbnail wp-post-image\" alt=\"\" style=\"\" \/><\/div><a class=\"wp-block-latest-posts__post-title\" href=\"https:\/\/www.alasmedios.com\/index.php\/2026\/05\/01\/usep-activa-formacion-para-prevenir-riesgos-en-la-atencion-medica\/\">USEP activa formaci\u00f3n para prevenir riesgos en la atenci\u00f3n m\u00e9dica<\/a><\/li>\n<li><div class=\"wp-block-latest-posts__featured-image\"><img loading=\"lazy\" decoding=\"async\" width=\"150\" height=\"150\" src=\"https:\/\/www.alasmedios.com\/wp-content\/uploads\/2026\/05\/Super-Final-de-la-Copa-del-Mundo-de-Clavados-2026-150x150.jpeg\" class=\"attachment-thumbnail size-thumbnail wp-post-image\" alt=\"\" style=\"\" \/><\/div><a class=\"wp-block-latest-posts__post-title\" href=\"https:\/\/www.alasmedios.com\/index.php\/2026\/05\/01\/mexico-se-lanza-por-la-cima-once-clavadistas-buscan-la-gloria-mundial-en-pekin-2026\/\">M\u00e9xico se lanza por la cima: once clavadistas buscan la gloria mundial en Pek\u00edn 2026<\/a><\/li>\n<li><div class=\"wp-block-latest-posts__featured-image\"><img loading=\"lazy\" decoding=\"async\" width=\"150\" height=\"150\" src=\"https:\/\/www.alasmedios.com\/wp-content\/uploads\/2026\/04\/Puebla-el-Congreso-aprobo-el-Protocolo-Homologado-de-Investigacion-de-Delitos-contra-Personas-LGBTTTI-150x150.png\" class=\"attachment-thumbnail size-thumbnail wp-post-image\" alt=\"\" style=\"\" \/><\/div><a class=\"wp-block-latest-posts__post-title\" href=\"https:\/\/www.alasmedios.com\/index.php\/2026\/04\/30\/puebla-impulsa-protocolo-contra-delitos-lgbttti\/\">Puebla impulsa protocolo contra delitos LGBTTTI+<\/a><\/li>\n<\/ul>","protected":false},"excerpt":{"rendered":"<p>Cuando una mujer decide hablar sobre la violencia sufrida, no deber\u00eda tener que enfrentar m\u00e1s dolor. Sin embargo, muchas veces<\/p>\n","protected":false},"author":4,"featured_media":6931,"comment_status":"open","ping_status":"open","sticky":false,"template":"","format":"standard","meta":{"colormag_page_container_layout":"default_layout","colormag_page_sidebar_layout":"default_layout","rop_custom_images_group":[],"rop_custom_messages_group":[],"rop_publish_now":"initial","rop_publish_now_accounts":[],"rop_publish_now_history":[],"rop_publish_now_status":"pending","iawp_total_views":0,"footnotes":""},"categories":[45],"tags":[456,53,507,921,3063,121],"class_list":["post-6930","post","type-post","status-publish","format-standard","has-post-thumbnail","hentry","category-ellas-dicen","tag-derechos","tag-mujeres","tag-perspectiva-de-genero","tag-revictimizacion","tag-victim-blaming","tag-violencia-de-genero-2"],"magazineBlocksPostFeaturedMedia":{"thumbnail":"https:\/\/www.alasmedios.com\/wp-content\/uploads\/2025\/11\/No-existe-la-victima-perfecta-la-revictimizacion-debe-terminar-150x150.png","medium":"https:\/\/www.alasmedios.com\/wp-content\/uploads\/2025\/11\/No-existe-la-victima-perfecta-la-revictimizacion-debe-terminar-300x182.png","medium_large":"https:\/\/www.alasmedios.com\/wp-content\/uploads\/2025\/11\/No-existe-la-victima-perfecta-la-revictimizacion-debe-terminar-768x466.png","large":"https:\/\/www.alasmedios.com\/wp-content\/uploads\/2025\/11\/No-existe-la-victima-perfecta-la-revictimizacion-debe-terminar-1024x622.png","1536x1536":"https:\/\/www.alasmedios.com\/wp-content\/uploads\/2025\/11\/No-existe-la-victima-perfecta-la-revictimizacion-debe-terminar-1536x932.png","2048x2048":"https:\/\/www.alasmedios.com\/wp-content\/uploads\/2025\/11\/No-existe-la-victima-perfecta-la-revictimizacion-debe-terminar.png","colormag-highlighted-post":"https:\/\/www.alasmedios.com\/wp-content\/uploads\/2025\/11\/No-existe-la-victima-perfecta-la-revictimizacion-debe-terminar-392x272.png","colormag-featured-post-medium":"https:\/\/www.alasmedios.com\/wp-content\/uploads\/2025\/11\/No-existe-la-victima-perfecta-la-revictimizacion-debe-terminar-390x205.png","colormag-featured-post-small":"https:\/\/www.alasmedios.com\/wp-content\/uploads\/2025\/11\/No-existe-la-victima-perfecta-la-revictimizacion-debe-terminar-130x90.png","colormag-featured-image":"https:\/\/www.alasmedios.com\/wp-content\/uploads\/2025\/11\/No-existe-la-victima-perfecta-la-revictimizacion-debe-terminar-800x445.png","colormag-default-news":"https:\/\/www.alasmedios.com\/wp-content\/uploads\/2025\/11\/No-existe-la-victima-perfecta-la-revictimizacion-debe-terminar-150x150.png","colormag-featured-image-large":"https:\/\/www.alasmedios.com\/wp-content\/uploads\/2025\/11\/No-existe-la-victima-perfecta-la-revictimizacion-debe-terminar-1400x600.png"},"magazineBlocksPostAuthor":{"name":"Keila Rodr\u00edguez Pe\u00f1a","avatar":"https:\/\/secure.gravatar.com\/avatar\/a2553a2bfaa601b9d539b617c8793e151bdffb60f9e48a249912f86d4c9ebeef?s=96&d=mm&r=g"},"magazineBlocksPostCommentsNumber":"0","magazineBlocksPostExcerpt":"Cuando una mujer decide hablar sobre la violencia sufrida, no deber\u00eda tener que enfrentar m\u00e1s dolor. Sin embargo, muchas veces","magazineBlocksPostCategories":["Ellas Dicen"],"magazineBlocksPostViewCount":210,"magazineBlocksPostReadTime":3,"magazine_blocks_featured_image_url":{"full":["https:\/\/www.alasmedios.com\/wp-content\/uploads\/2025\/11\/No-existe-la-victima-perfecta-la-revictimizacion-debe-terminar.png",2000,1214,false],"medium":["https:\/\/www.alasmedios.com\/wp-content\/uploads\/2025\/11\/No-existe-la-victima-perfecta-la-revictimizacion-debe-terminar-300x182.png",300,182,true],"thumbnail":["https:\/\/www.alasmedios.com\/wp-content\/uploads\/2025\/11\/No-existe-la-victima-perfecta-la-revictimizacion-debe-terminar-150x150.png",150,150,true]},"magazine_blocks_author":{"display_name":"Keila Rodr\u00edguez Pe\u00f1a","author_link":"https:\/\/www.alasmedios.com\/index.php\/author\/keila\/"},"magazine_blocks_comment":0,"magazine_blocks_author_image":"https:\/\/secure.gravatar.com\/avatar\/a2553a2bfaa601b9d539b617c8793e151bdffb60f9e48a249912f86d4c9ebeef?s=96&d=mm&r=g","magazine_blocks_category":"<a href=\"#\" class=\"category-link category-link-45\">Ellas Dicen<\/a>","yoast_head":"<!-- This site is optimized with the Yoast SEO plugin v27.5 - https:\/\/yoast.com\/product\/yoast-seo-wordpress\/ -->\r\n<title>No existe la v\u00edctima perfecta: la revictimizaci\u00f3n debe terminar - Alas Medios<\/title>\r\n<meta name=\"robots\" content=\"index, follow, max-snippet:-1, max-image-preview:large, max-video-preview:-1\" \/>\r\n<link rel=\"canonical\" href=\"https:\/\/www.alasmedios.com\/index.php\/2025\/11\/26\/no-existe-la-victima-perfecta-la-revictimizacion-debe-terminar\/\" \/>\r\n<meta property=\"og:locale\" content=\"es_MX\" \/>\r\n<meta property=\"og:type\" content=\"article\" \/>\r\n<meta property=\"og:title\" content=\"No existe la v\u00edctima perfecta: la revictimizaci\u00f3n debe terminar - Alas Medios\" \/>\r\n<meta property=\"og:description\" content=\"Cuando una mujer decide hablar sobre la violencia sufrida, no deber\u00eda tener que enfrentar m\u00e1s dolor. Sin embargo, muchas veces\" \/>\r\n<meta property=\"og:url\" content=\"https:\/\/www.alasmedios.com\/index.php\/2025\/11\/26\/no-existe-la-victima-perfecta-la-revictimizacion-debe-terminar\/\" \/>\r\n<meta property=\"og:site_name\" content=\"Alas Medios\" \/>\r\n<meta property=\"article:published_time\" content=\"2025-11-26T17:19:08+00:00\" \/>\r\n<meta property=\"article:modified_time\" content=\"2025-11-26T18:35:55+00:00\" \/>\r\n<meta property=\"og:image\" content=\"https:\/\/www.alasmedios.com\/wp-content\/uploads\/2025\/11\/No-existe-la-victima-perfecta-la-revictimizacion-debe-terminar-1024x622.png\" \/>\r\n\t<meta property=\"og:image:width\" content=\"1024\" \/>\r\n\t<meta property=\"og:image:height\" content=\"622\" \/>\r\n\t<meta property=\"og:image:type\" content=\"image\/png\" \/>\r\n<meta name=\"author\" content=\"Keila Rodr\u00edguez Pe\u00f1a\" \/>\r\n<meta name=\"twitter:card\" content=\"summary_large_image\" \/>\r\n<meta name=\"twitter:label1\" content=\"Escrito por\" \/>\n\t<meta name=\"twitter:data1\" content=\"Keila Rodr\u00edguez Pe\u00f1a\" \/>\n\t<meta name=\"twitter:label2\" content=\"Tiempo de lectura\" \/>\n\t<meta name=\"twitter:data2\" content=\"3 minutos\" \/>\r\n<script type=\"application\/ld+json\" class=\"yoast-schema-graph\">{\"@context\":\"https:\\\/\\\/schema.org\",\"@graph\":[{\"@type\":\"Article\",\"@id\":\"https:\\\/\\\/www.alasmedios.com\\\/index.php\\\/2025\\\/11\\\/26\\\/no-existe-la-victima-perfecta-la-revictimizacion-debe-terminar\\\/#article\",\"isPartOf\":{\"@id\":\"https:\\\/\\\/www.alasmedios.com\\\/index.php\\\/2025\\\/11\\\/26\\\/no-existe-la-victima-perfecta-la-revictimizacion-debe-terminar\\\/\"},\"author\":{\"name\":\"Keila Rodr\u00edguez Pe\u00f1a\",\"@id\":\"https:\\\/\\\/www.alasmedios.com\\\/#\\\/schema\\\/person\\\/0ba31bdd19a05ebf5c7fef1fedf99c34\"},\"headline\":\"No existe la v\u00edctima perfecta: la revictimizaci\u00f3n debe terminar\",\"datePublished\":\"2025-11-26T17:19:08+00:00\",\"dateModified\":\"2025-11-26T18:35:55+00:00\",\"mainEntityOfPage\":{\"@id\":\"https:\\\/\\\/www.alasmedios.com\\\/index.php\\\/2025\\\/11\\\/26\\\/no-existe-la-victima-perfecta-la-revictimizacion-debe-terminar\\\/\"},\"wordCount\":573,\"commentCount\":0,\"publisher\":{\"@id\":\"https:\\\/\\\/www.alasmedios.com\\\/#organization\"},\"image\":{\"@id\":\"https:\\\/\\\/www.alasmedios.com\\\/index.php\\\/2025\\\/11\\\/26\\\/no-existe-la-victima-perfecta-la-revictimizacion-debe-terminar\\\/#primaryimage\"},\"thumbnailUrl\":\"https:\\\/\\\/www.alasmedios.com\\\/wp-content\\\/uploads\\\/2025\\\/11\\\/No-existe-la-victima-perfecta-la-revictimizacion-debe-terminar.png\",\"keywords\":[\"derechos\",\"Mujeres\",\"perspectiva de g\u00e9nero\",\"revictimizaci\u00f3n\",\"victim-blaming\",\"violencia de g\u00e9nero\"],\"articleSection\":[\"Ellas Dicen\"],\"inLanguage\":\"es\",\"potentialAction\":[{\"@type\":\"CommentAction\",\"name\":\"Comment\",\"target\":[\"https:\\\/\\\/www.alasmedios.com\\\/index.php\\\/2025\\\/11\\\/26\\\/no-existe-la-victima-perfecta-la-revictimizacion-debe-terminar\\\/#respond\"]}]},{\"@type\":\"WebPage\",\"@id\":\"https:\\\/\\\/www.alasmedios.com\\\/index.php\\\/2025\\\/11\\\/26\\\/no-existe-la-victima-perfecta-la-revictimizacion-debe-terminar\\\/\",\"url\":\"https:\\\/\\\/www.alasmedios.com\\\/index.php\\\/2025\\\/11\\\/26\\\/no-existe-la-victima-perfecta-la-revictimizacion-debe-terminar\\\/\",\"name\":\"No existe la v\u00edctima perfecta: la revictimizaci\u00f3n debe terminar - Alas Medios\",\"isPartOf\":{\"@id\":\"https:\\\/\\\/www.alasmedios.com\\\/#website\"},\"primaryImageOfPage\":{\"@id\":\"https:\\\/\\\/www.alasmedios.com\\\/index.php\\\/2025\\\/11\\\/26\\\/no-existe-la-victima-perfecta-la-revictimizacion-debe-terminar\\\/#primaryimage\"},\"image\":{\"@id\":\"https:\\\/\\\/www.alasmedios.com\\\/index.php\\\/2025\\\/11\\\/26\\\/no-existe-la-victima-perfecta-la-revictimizacion-debe-terminar\\\/#primaryimage\"},\"thumbnailUrl\":\"https:\\\/\\\/www.alasmedios.com\\\/wp-content\\\/uploads\\\/2025\\\/11\\\/No-existe-la-victima-perfecta-la-revictimizacion-debe-terminar.png\",\"datePublished\":\"2025-11-26T17:19:08+00:00\",\"dateModified\":\"2025-11-26T18:35:55+00:00\",\"breadcrumb\":{\"@id\":\"https:\\\/\\\/www.alasmedios.com\\\/index.php\\\/2025\\\/11\\\/26\\\/no-existe-la-victima-perfecta-la-revictimizacion-debe-terminar\\\/#breadcrumb\"},\"inLanguage\":\"es\",\"potentialAction\":[{\"@type\":\"ReadAction\",\"target\":[\"https:\\\/\\\/www.alasmedios.com\\\/index.php\\\/2025\\\/11\\\/26\\\/no-existe-la-victima-perfecta-la-revictimizacion-debe-terminar\\\/\"]}]},{\"@type\":\"ImageObject\",\"inLanguage\":\"es\",\"@id\":\"https:\\\/\\\/www.alasmedios.com\\\/index.php\\\/2025\\\/11\\\/26\\\/no-existe-la-victima-perfecta-la-revictimizacion-debe-terminar\\\/#primaryimage\",\"url\":\"https:\\\/\\\/www.alasmedios.com\\\/wp-content\\\/uploads\\\/2025\\\/11\\\/No-existe-la-victima-perfecta-la-revictimizacion-debe-terminar.png\",\"contentUrl\":\"https:\\\/\\\/www.alasmedios.com\\\/wp-content\\\/uploads\\\/2025\\\/11\\\/No-existe-la-victima-perfecta-la-revictimizacion-debe-terminar.png\",\"width\":2000,\"height\":1214},{\"@type\":\"BreadcrumbList\",\"@id\":\"https:\\\/\\\/www.alasmedios.com\\\/index.php\\\/2025\\\/11\\\/26\\\/no-existe-la-victima-perfecta-la-revictimizacion-debe-terminar\\\/#breadcrumb\",\"itemListElement\":[{\"@type\":\"ListItem\",\"position\":1,\"name\":\"Inicio\",\"item\":\"https:\\\/\\\/www.alasmedios.com\\\/\"},{\"@type\":\"ListItem\",\"position\":2,\"name\":\"No existe la v\u00edctima perfecta: la revictimizaci\u00f3n debe terminar\"}]},{\"@type\":\"WebSite\",\"@id\":\"https:\\\/\\\/www.alasmedios.com\\\/#website\",\"url\":\"https:\\\/\\\/www.alasmedios.com\\\/\",\"name\":\"Alas Medios\",\"description\":\"Alas para pensar, Alas para volar, Alas de libertad\",\"publisher\":{\"@id\":\"https:\\\/\\\/www.alasmedios.com\\\/#organization\"},\"potentialAction\":[{\"@type\":\"SearchAction\",\"target\":{\"@type\":\"EntryPoint\",\"urlTemplate\":\"https:\\\/\\\/www.alasmedios.com\\\/?s={search_term_string}\"},\"query-input\":{\"@type\":\"PropertyValueSpecification\",\"valueRequired\":true,\"valueName\":\"search_term_string\"}}],\"inLanguage\":\"es\"},{\"@type\":\"Organization\",\"@id\":\"https:\\\/\\\/www.alasmedios.com\\\/#organization\",\"name\":\"Alas Medios\",\"url\":\"https:\\\/\\\/www.alasmedios.com\\\/\",\"logo\":{\"@type\":\"ImageObject\",\"inLanguage\":\"es\",\"@id\":\"https:\\\/\\\/www.alasmedios.com\\\/#\\\/schema\\\/logo\\\/image\\\/\",\"url\":\"https:\\\/\\\/www.alasmedios.com\\\/wp-content\\\/uploads\\\/2026\\\/01\\\/cropped-cropped-GAM-1.png\",\"contentUrl\":\"https:\\\/\\\/www.alasmedios.com\\\/wp-content\\\/uploads\\\/2026\\\/01\\\/cropped-cropped-GAM-1.png\",\"width\":467,\"height\":235,\"caption\":\"Alas Medios\"},\"image\":{\"@id\":\"https:\\\/\\\/www.alasmedios.com\\\/#\\\/schema\\\/logo\\\/image\\\/\"}},{\"@type\":\"Person\",\"@id\":\"https:\\\/\\\/www.alasmedios.com\\\/#\\\/schema\\\/person\\\/0ba31bdd19a05ebf5c7fef1fedf99c34\",\"name\":\"Keila Rodr\u00edguez Pe\u00f1a\",\"image\":{\"@type\":\"ImageObject\",\"inLanguage\":\"es\",\"@id\":\"https:\\\/\\\/secure.gravatar.com\\\/avatar\\\/a2553a2bfaa601b9d539b617c8793e151bdffb60f9e48a249912f86d4c9ebeef?s=96&d=mm&r=g\",\"url\":\"https:\\\/\\\/secure.gravatar.com\\\/avatar\\\/a2553a2bfaa601b9d539b617c8793e151bdffb60f9e48a249912f86d4c9ebeef?s=96&d=mm&r=g\",\"contentUrl\":\"https:\\\/\\\/secure.gravatar.com\\\/avatar\\\/a2553a2bfaa601b9d539b617c8793e151bdffb60f9e48a249912f86d4c9ebeef?s=96&d=mm&r=g\",\"caption\":\"Keila Rodr\u00edguez Pe\u00f1a\"},\"sameAs\":[\"http:\\\/\\\/www.alasmedios.com\"],\"url\":\"https:\\\/\\\/www.alasmedios.com\\\/index.php\\\/author\\\/keila\\\/\"}]}<\/script>\r\n<!-- \/ Yoast SEO plugin. -->","yoast_head_json":{"title":"No existe la v\u00edctima perfecta: la revictimizaci\u00f3n debe terminar - Alas Medios","robots":{"index":"index","follow":"follow","max-snippet":"max-snippet:-1","max-image-preview":"max-image-preview:large","max-video-preview":"max-video-preview:-1"},"canonical":"https:\/\/www.alasmedios.com\/index.php\/2025\/11\/26\/no-existe-la-victima-perfecta-la-revictimizacion-debe-terminar\/","og_locale":"es_MX","og_type":"article","og_title":"No existe la v\u00edctima perfecta: la revictimizaci\u00f3n debe terminar - Alas Medios","og_description":"Cuando una mujer decide hablar sobre la violencia sufrida, no deber\u00eda tener que enfrentar m\u00e1s dolor. Sin embargo, muchas veces","og_url":"https:\/\/www.alasmedios.com\/index.php\/2025\/11\/26\/no-existe-la-victima-perfecta-la-revictimizacion-debe-terminar\/","og_site_name":"Alas Medios","article_published_time":"2025-11-26T17:19:08+00:00","article_modified_time":"2025-11-26T18:35:55+00:00","og_image":[{"width":1024,"height":622,"url":"https:\/\/www.alasmedios.com\/wp-content\/uploads\/2025\/11\/No-existe-la-victima-perfecta-la-revictimizacion-debe-terminar-1024x622.png","type":"image\/png"}],"author":"Keila Rodr\u00edguez Pe\u00f1a","twitter_card":"summary_large_image","twitter_misc":{"Escrito por":"Keila Rodr\u00edguez Pe\u00f1a","Tiempo de lectura":"3 minutos"},"schema":{"@context":"https:\/\/schema.org","@graph":[{"@type":"Article","@id":"https:\/\/www.alasmedios.com\/index.php\/2025\/11\/26\/no-existe-la-victima-perfecta-la-revictimizacion-debe-terminar\/#article","isPartOf":{"@id":"https:\/\/www.alasmedios.com\/index.php\/2025\/11\/26\/no-existe-la-victima-perfecta-la-revictimizacion-debe-terminar\/"},"author":{"name":"Keila Rodr\u00edguez Pe\u00f1a","@id":"https:\/\/www.alasmedios.com\/#\/schema\/person\/0ba31bdd19a05ebf5c7fef1fedf99c34"},"headline":"No existe la v\u00edctima perfecta: la revictimizaci\u00f3n debe terminar","datePublished":"2025-11-26T17:19:08+00:00","dateModified":"2025-11-26T18:35:55+00:00","mainEntityOfPage":{"@id":"https:\/\/www.alasmedios.com\/index.php\/2025\/11\/26\/no-existe-la-victima-perfecta-la-revictimizacion-debe-terminar\/"},"wordCount":573,"commentCount":0,"publisher":{"@id":"https:\/\/www.alasmedios.com\/#organization"},"image":{"@id":"https:\/\/www.alasmedios.com\/index.php\/2025\/11\/26\/no-existe-la-victima-perfecta-la-revictimizacion-debe-terminar\/#primaryimage"},"thumbnailUrl":"https:\/\/www.alasmedios.com\/wp-content\/uploads\/2025\/11\/No-existe-la-victima-perfecta-la-revictimizacion-debe-terminar.png","keywords":["derechos","Mujeres","perspectiva de g\u00e9nero","revictimizaci\u00f3n","victim-blaming","violencia de g\u00e9nero"],"articleSection":["Ellas Dicen"],"inLanguage":"es","potentialAction":[{"@type":"CommentAction","name":"Comment","target":["https:\/\/www.alasmedios.com\/index.php\/2025\/11\/26\/no-existe-la-victima-perfecta-la-revictimizacion-debe-terminar\/#respond"]}]},{"@type":"WebPage","@id":"https:\/\/www.alasmedios.com\/index.php\/2025\/11\/26\/no-existe-la-victima-perfecta-la-revictimizacion-debe-terminar\/","url":"https:\/\/www.alasmedios.com\/index.php\/2025\/11\/26\/no-existe-la-victima-perfecta-la-revictimizacion-debe-terminar\/","name":"No existe la v\u00edctima perfecta: la revictimizaci\u00f3n debe terminar - Alas Medios","isPartOf":{"@id":"https:\/\/www.alasmedios.com\/#website"},"primaryImageOfPage":{"@id":"https:\/\/www.alasmedios.com\/index.php\/2025\/11\/26\/no-existe-la-victima-perfecta-la-revictimizacion-debe-terminar\/#primaryimage"},"image":{"@id":"https:\/\/www.alasmedios.com\/index.php\/2025\/11\/26\/no-existe-la-victima-perfecta-la-revictimizacion-debe-terminar\/#primaryimage"},"thumbnailUrl":"https:\/\/www.alasmedios.com\/wp-content\/uploads\/2025\/11\/No-existe-la-victima-perfecta-la-revictimizacion-debe-terminar.png","datePublished":"2025-11-26T17:19:08+00:00","dateModified":"2025-11-26T18:35:55+00:00","breadcrumb":{"@id":"https:\/\/www.alasmedios.com\/index.php\/2025\/11\/26\/no-existe-la-victima-perfecta-la-revictimizacion-debe-terminar\/#breadcrumb"},"inLanguage":"es","potentialAction":[{"@type":"ReadAction","target":["https:\/\/www.alasmedios.com\/index.php\/2025\/11\/26\/no-existe-la-victima-perfecta-la-revictimizacion-debe-terminar\/"]}]},{"@type":"ImageObject","inLanguage":"es","@id":"https:\/\/www.alasmedios.com\/index.php\/2025\/11\/26\/no-existe-la-victima-perfecta-la-revictimizacion-debe-terminar\/#primaryimage","url":"https:\/\/www.alasmedios.com\/wp-content\/uploads\/2025\/11\/No-existe-la-victima-perfecta-la-revictimizacion-debe-terminar.png","contentUrl":"https:\/\/www.alasmedios.com\/wp-content\/uploads\/2025\/11\/No-existe-la-victima-perfecta-la-revictimizacion-debe-terminar.png","width":2000,"height":1214},{"@type":"BreadcrumbList","@id":"https:\/\/www.alasmedios.com\/index.php\/2025\/11\/26\/no-existe-la-victima-perfecta-la-revictimizacion-debe-terminar\/#breadcrumb","itemListElement":[{"@type":"ListItem","position":1,"name":"Inicio","item":"https:\/\/www.alasmedios.com\/"},{"@type":"ListItem","position":2,"name":"No existe la v\u00edctima perfecta: la revictimizaci\u00f3n debe terminar"}]},{"@type":"WebSite","@id":"https:\/\/www.alasmedios.com\/#website","url":"https:\/\/www.alasmedios.com\/","name":"Alas Medios","description":"Alas para pensar, Alas para volar, Alas de libertad","publisher":{"@id":"https:\/\/www.alasmedios.com\/#organization"},"potentialAction":[{"@type":"SearchAction","target":{"@type":"EntryPoint","urlTemplate":"https:\/\/www.alasmedios.com\/?s={search_term_string}"},"query-input":{"@type":"PropertyValueSpecification","valueRequired":true,"valueName":"search_term_string"}}],"inLanguage":"es"},{"@type":"Organization","@id":"https:\/\/www.alasmedios.com\/#organization","name":"Alas Medios","url":"https:\/\/www.alasmedios.com\/","logo":{"@type":"ImageObject","inLanguage":"es","@id":"https:\/\/www.alasmedios.com\/#\/schema\/logo\/image\/","url":"https:\/\/www.alasmedios.com\/wp-content\/uploads\/2026\/01\/cropped-cropped-GAM-1.png","contentUrl":"https:\/\/www.alasmedios.com\/wp-content\/uploads\/2026\/01\/cropped-cropped-GAM-1.png","width":467,"height":235,"caption":"Alas Medios"},"image":{"@id":"https:\/\/www.alasmedios.com\/#\/schema\/logo\/image\/"}},{"@type":"Person","@id":"https:\/\/www.alasmedios.com\/#\/schema\/person\/0ba31bdd19a05ebf5c7fef1fedf99c34","name":"Keila Rodr\u00edguez Pe\u00f1a","image":{"@type":"ImageObject","inLanguage":"es","@id":"https:\/\/secure.gravatar.com\/avatar\/a2553a2bfaa601b9d539b617c8793e151bdffb60f9e48a249912f86d4c9ebeef?s=96&d=mm&r=g","url":"https:\/\/secure.gravatar.com\/avatar\/a2553a2bfaa601b9d539b617c8793e151bdffb60f9e48a249912f86d4c9ebeef?s=96&d=mm&r=g","contentUrl":"https:\/\/secure.gravatar.com\/avatar\/a2553a2bfaa601b9d539b617c8793e151bdffb60f9e48a249912f86d4c9ebeef?s=96&d=mm&r=g","caption":"Keila Rodr\u00edguez Pe\u00f1a"},"sameAs":["http:\/\/www.alasmedios.com"],"url":"https:\/\/www.alasmedios.com\/index.php\/author\/keila\/"}]}},"_links":{"self":[{"href":"https:\/\/www.alasmedios.com\/index.php\/wp-json\/wp\/v2\/posts\/6930","targetHints":{"allow":["GET"]}}],"collection":[{"href":"https:\/\/www.alasmedios.com\/index.php\/wp-json\/wp\/v2\/posts"}],"about":[{"href":"https:\/\/www.alasmedios.com\/index.php\/wp-json\/wp\/v2\/types\/post"}],"author":[{"embeddable":true,"href":"https:\/\/www.alasmedios.com\/index.php\/wp-json\/wp\/v2\/users\/4"}],"replies":[{"embeddable":true,"href":"https:\/\/www.alasmedios.com\/index.php\/wp-json\/wp\/v2\/comments?post=6930"}],"version-history":[{"count":2,"href":"https:\/\/www.alasmedios.com\/index.php\/wp-json\/wp\/v2\/posts\/6930\/revisions"}],"predecessor-version":[{"id":6936,"href":"https:\/\/www.alasmedios.com\/index.php\/wp-json\/wp\/v2\/posts\/6930\/revisions\/6936"}],"wp:featuredmedia":[{"embeddable":true,"href":"https:\/\/www.alasmedios.com\/index.php\/wp-json\/wp\/v2\/media\/6931"}],"wp:attachment":[{"href":"https:\/\/www.alasmedios.com\/index.php\/wp-json\/wp\/v2\/media?parent=6930"}],"wp:term":[{"taxonomy":"category","embeddable":true,"href":"https:\/\/www.alasmedios.com\/index.php\/wp-json\/wp\/v2\/categories?post=6930"},{"taxonomy":"post_tag","embeddable":true,"href":"https:\/\/www.alasmedios.com\/index.php\/wp-json\/wp\/v2\/tags?post=6930"}],"curies":[{"name":"wp","href":"https:\/\/api.w.org\/{rel}","templated":true}]}}