{"id":6926,"date":"2025-11-25T12:18:42","date_gmt":"2025-11-25T18:18:42","guid":{"rendered":"https:\/\/www.alasmedios.com\/?p=6926"},"modified":"2025-11-25T12:18:44","modified_gmt":"2025-11-25T18:18:44","slug":"sheinbaum-impulsa-homologacion-del-delito-de-acoso-y-abuso-contra-mujeres-en-mexico","status":"publish","type":"post","link":"https:\/\/www.alasmedios.com\/index.php\/2025\/11\/25\/sheinbaum-impulsa-homologacion-del-delito-de-acoso-y-abuso-contra-mujeres-en-mexico\/","title":{"rendered":"Sheinbaum impulsa homologaci\u00f3n del delito de acoso y abuso contra mujeres en M\u00e9xico"},"content":{"rendered":"\n<p>La presidenta <strong>Claudia Sheinbaum<\/strong> afirm\u00f3 que el acuerdo con los <strong>32 gobernadores<\/strong> para homologar el delito de <strong>abuso contra la mujer<\/strong> entre las leyes estatales y el <strong>C\u00f3digo Penal Federal<\/strong> es un avance significativo, al se\u00f1alar que el <strong>acoso y abuso contra mujeres<\/strong> debe ser sancionado y quedar establecido en los <strong>c\u00f3digos de procedimientos penales federal y estatales<\/strong>.<\/p>\n\n\n\n<p>La mandataria subray\u00f3 la necesidad de fortalecer procesos de <strong>educaci\u00f3n<\/strong>, <strong>formaci\u00f3n<\/strong> y <strong>concientizaci\u00f3n<\/strong> para transformar conductas y erradicar la normalizaci\u00f3n de la violencia. Indic\u00f3 que el objetivo es concretar la <strong>homologaci\u00f3n del delito<\/strong> antes de que concluya el a\u00f1o, como parte de una estrategia orientada a atender las causas y garantizar <strong>cero impunidad<\/strong>.<\/p>\n\n\n\n<p>Sheinbaum se\u00f1al\u00f3 adem\u00e1s que han iniciado acercamientos con representantes de <strong>plataformas de redes sociales<\/strong>, quienes expresaron su disposici\u00f3n a colaborar en acciones para combatir la <strong>violencia contra la mujer<\/strong> desde sus \u00e1mbitos. El acuerdo con estas empresas se prev\u00e9 concretar en aproximadamente <strong>dos semanas<\/strong>, en el marco de los <strong>16 d\u00edas de activismo nacional<\/strong>.<\/p>\n\n\n\n<p>CONTIN\u00daA LEYENDO: <a href=\"https:\/\/www.alasmedios.com\/index.php\/2025\/11\/25\/25n-no-es-una-fecha-simbolica-es-una-urgencia-global\/\" data-type=\"post\" data-id=\"6920\">25N no es una fecha simb\u00f3lica: es una urgencia global<\/a><\/p>\n\n\n\n<p>En este contexto, la presidenta hizo un llamado a que las <strong>manifestaciones por la erradicaci\u00f3n de la violencia contra las mujeres<\/strong> se realicen de manera <strong>pac\u00edfica<\/strong>, al reiterar que las movilizaciones son m\u00e1s efectivas cuando se desarrollan sin actos violentos. Justific\u00f3 tambi\u00e9n el refuerzo de la seguridad en torno a <strong>Palacio Nacional<\/strong> y diversos <strong>monumentos p\u00fablicos<\/strong>, argumentando que existen grupos que buscan atraer atenci\u00f3n mediante acciones agresivas.<\/p>\n\n\n\n<p>Al ser consultada sobre la posibilidad de promover una homologaci\u00f3n similar para la <strong>despenalizaci\u00f3n del aborto<\/strong>, record\u00f3 que este tema ha sido dejado en manos de los <strong>congresos locales<\/strong>. Se\u00f1al\u00f3 que han pasado <strong>22 a\u00f1os<\/strong> desde que la <strong>Ciudad de M\u00e9xico<\/strong> inici\u00f3 reformas en esta materia, seguidas posteriormente por otros estados.<\/p>\n\n\n<ul class=\"wp-block-latest-posts__list is-grid columns-3 wp-block-latest-posts\"><li><div class=\"wp-block-latest-posts__featured-image\"><img loading=\"lazy\" decoding=\"async\" width=\"150\" height=\"150\" src=\"https:\/\/www.alasmedios.com\/wp-content\/uploads\/2026\/05\/USEP-calidad-hospitalaria-150x150.jpeg\" class=\"attachment-thumbnail size-thumbnail wp-post-image\" alt=\"\" style=\"\" \/><\/div><a class=\"wp-block-latest-posts__post-title\" href=\"https:\/\/www.alasmedios.com\/index.php\/2026\/05\/01\/usep-activa-formacion-para-prevenir-riesgos-en-la-atencion-medica\/\">USEP activa formaci\u00f3n para prevenir riesgos en la atenci\u00f3n m\u00e9dica<\/a><\/li>\n<li><div class=\"wp-block-latest-posts__featured-image\"><img loading=\"lazy\" decoding=\"async\" width=\"150\" height=\"150\" src=\"https:\/\/www.alasmedios.com\/wp-content\/uploads\/2026\/05\/Super-Final-de-la-Copa-del-Mundo-de-Clavados-2026-150x150.jpeg\" class=\"attachment-thumbnail size-thumbnail wp-post-image\" alt=\"\" style=\"\" \/><\/div><a class=\"wp-block-latest-posts__post-title\" href=\"https:\/\/www.alasmedios.com\/index.php\/2026\/05\/01\/mexico-se-lanza-por-la-cima-once-clavadistas-buscan-la-gloria-mundial-en-pekin-2026\/\">M\u00e9xico se lanza por la cima: once clavadistas buscan la gloria mundial en Pek\u00edn 2026<\/a><\/li>\n<li><div class=\"wp-block-latest-posts__featured-image\"><img loading=\"lazy\" decoding=\"async\" width=\"150\" height=\"150\" src=\"https:\/\/www.alasmedios.com\/wp-content\/uploads\/2026\/04\/Puebla-el-Congreso-aprobo-el-Protocolo-Homologado-de-Investigacion-de-Delitos-contra-Personas-LGBTTTI-150x150.png\" class=\"attachment-thumbnail size-thumbnail wp-post-image\" alt=\"\" style=\"\" \/><\/div><a class=\"wp-block-latest-posts__post-title\" href=\"https:\/\/www.alasmedios.com\/index.php\/2026\/04\/30\/puebla-impulsa-protocolo-contra-delitos-lgbttti\/\">Puebla impulsa protocolo contra delitos LGBTTTI+<\/a><\/li>\n<\/ul>","protected":false},"excerpt":{"rendered":"<p>La presidenta Claudia Sheinbaum afirm\u00f3 que el acuerdo con los 32 gobernadores para homologar el delito de abuso contra la<\/p>\n","protected":false},"author":4,"featured_media":6927,"comment_status":"open","ping_status":"open","sticky":false,"template":"","format":"standard","meta":{"colormag_page_container_layout":"default_layout","colormag_page_sidebar_layout":"default_layout","rop_custom_images_group":[],"rop_custom_messages_group":[],"rop_publish_now":"initial","rop_publish_now_accounts":[],"rop_publish_now_history":[],"rop_publish_now_status":"pending","iawp_total_views":0,"footnotes":""},"categories":[42],"tags":[3062,164,166,53,121],"class_list":["post-6926","post","type-post","status-publish","format-standard","has-post-thumbnail","hentry","category-familia_salud","tag-16-dias-de-activismo-nacional","tag-claudia-sheinbaum","tag-mexico","tag-mujeres","tag-violencia-de-genero-2"],"magazineBlocksPostFeaturedMedia":{"thumbnail":"https:\/\/www.alasmedios.com\/wp-content\/uploads\/2025\/11\/sheinbaum-25n-150x150.jpg","medium":"https:\/\/www.alasmedios.com\/wp-content\/uploads\/2025\/11\/sheinbaum-25n-300x200.jpg","medium_large":"https:\/\/www.alasmedios.com\/wp-content\/uploads\/2025\/11\/sheinbaum-25n-768x512.jpg","large":"https:\/\/www.alasmedios.com\/wp-content\/uploads\/2025\/11\/sheinbaum-25n-1024x682.jpg","1536x1536":"https:\/\/www.alasmedios.com\/wp-content\/uploads\/2025\/11\/sheinbaum-25n-1536x1024.jpg","2048x2048":"https:\/\/www.alasmedios.com\/wp-content\/uploads\/2025\/11\/sheinbaum-25n-2048x1365.jpg","colormag-highlighted-post":"https:\/\/www.alasmedios.com\/wp-content\/uploads\/2025\/11\/sheinbaum-25n-392x272.jpg","colormag-featured-post-medium":"https:\/\/www.alasmedios.com\/wp-content\/uploads\/2025\/11\/sheinbaum-25n-390x205.jpg","colormag-featured-post-small":"https:\/\/www.alasmedios.com\/wp-content\/uploads\/2025\/11\/sheinbaum-25n-130x90.jpg","colormag-featured-image":"https:\/\/www.alasmedios.com\/wp-content\/uploads\/2025\/11\/sheinbaum-25n-800x445.jpg","colormag-default-news":"https:\/\/www.alasmedios.com\/wp-content\/uploads\/2025\/11\/sheinbaum-25n-150x150.jpg","colormag-featured-image-large":"https:\/\/www.alasmedios.com\/wp-content\/uploads\/2025\/11\/sheinbaum-25n-1400x600.jpg"},"magazineBlocksPostAuthor":{"name":"Keila Rodr\u00edguez Pe\u00f1a","avatar":"https:\/\/secure.gravatar.com\/avatar\/a2553a2bfaa601b9d539b617c8793e151bdffb60f9e48a249912f86d4c9ebeef?s=96&d=mm&r=g"},"magazineBlocksPostCommentsNumber":"0","magazineBlocksPostExcerpt":"La presidenta Claudia Sheinbaum afirm\u00f3 que el acuerdo con los 32 gobernadores para homologar el delito de abuso contra la","magazineBlocksPostCategories":["Familia y Bienestar"],"magazineBlocksPostViewCount":200,"magazineBlocksPostReadTime":2,"magazine_blocks_featured_image_url":{"full":["https:\/\/www.alasmedios.com\/wp-content\/uploads\/2025\/11\/sheinbaum-25n.jpg",2560,1706,false],"medium":["https:\/\/www.alasmedios.com\/wp-content\/uploads\/2025\/11\/sheinbaum-25n-300x200.jpg",300,200,true],"thumbnail":["https:\/\/www.alasmedios.com\/wp-content\/uploads\/2025\/11\/sheinbaum-25n-150x150.jpg",150,150,true]},"magazine_blocks_author":{"display_name":"Keila Rodr\u00edguez Pe\u00f1a","author_link":"https:\/\/www.alasmedios.com\/index.php\/author\/keila\/"},"magazine_blocks_comment":0,"magazine_blocks_author_image":"https:\/\/secure.gravatar.com\/avatar\/a2553a2bfaa601b9d539b617c8793e151bdffb60f9e48a249912f86d4c9ebeef?s=96&d=mm&r=g","magazine_blocks_category":"<a href=\"#\" class=\"category-link category-link-42\">Familia y Bienestar<\/a>","yoast_head":"<!-- This site is optimized with the Yoast SEO plugin v27.5 - https:\/\/yoast.com\/product\/yoast-seo-wordpress\/ -->\r\n<title>Sheinbaum impulsa homologaci\u00f3n del delito de acoso y abuso contra mujeres en M\u00e9xico - Alas Medios<\/title>\r\n<meta name=\"robots\" content=\"index, follow, max-snippet:-1, max-image-preview:large, max-video-preview:-1\" \/>\r\n<link rel=\"canonical\" href=\"https:\/\/www.alasmedios.com\/index.php\/2025\/11\/25\/sheinbaum-impulsa-homologacion-del-delito-de-acoso-y-abuso-contra-mujeres-en-mexico\/\" \/>\r\n<meta property=\"og:locale\" content=\"es_MX\" \/>\r\n<meta property=\"og:type\" content=\"article\" \/>\r\n<meta property=\"og:title\" content=\"Sheinbaum impulsa homologaci\u00f3n del delito de acoso y abuso contra mujeres en M\u00e9xico - Alas Medios\" \/>\r\n<meta property=\"og:description\" content=\"La presidenta Claudia Sheinbaum afirm\u00f3 que el acuerdo con los 32 gobernadores para homologar el delito de abuso contra la\" \/>\r\n<meta property=\"og:url\" content=\"https:\/\/www.alasmedios.com\/index.php\/2025\/11\/25\/sheinbaum-impulsa-homologacion-del-delito-de-acoso-y-abuso-contra-mujeres-en-mexico\/\" \/>\r\n<meta property=\"og:site_name\" content=\"Alas Medios\" \/>\r\n<meta property=\"article:published_time\" content=\"2025-11-25T18:18:42+00:00\" \/>\r\n<meta property=\"article:modified_time\" content=\"2025-11-25T18:18:44+00:00\" \/>\r\n<meta property=\"og:image\" content=\"https:\/\/www.alasmedios.com\/wp-content\/uploads\/2025\/11\/sheinbaum-25n.jpg\" \/>\r\n\t<meta property=\"og:image:width\" content=\"2560\" \/>\r\n\t<meta property=\"og:image:height\" content=\"1706\" \/>\r\n\t<meta property=\"og:image:type\" content=\"image\/jpeg\" \/>\r\n<meta name=\"author\" content=\"Keila Rodr\u00edguez Pe\u00f1a\" \/>\r\n<meta name=\"twitter:card\" content=\"summary_large_image\" \/>\r\n<meta name=\"twitter:label1\" content=\"Escrito por\" \/>\n\t<meta name=\"twitter:data1\" content=\"Keila Rodr\u00edguez Pe\u00f1a\" \/>\n\t<meta name=\"twitter:label2\" content=\"Tiempo de lectura\" \/>\n\t<meta name=\"twitter:data2\" content=\"2 minutos\" \/>\r\n<script type=\"application\/ld+json\" class=\"yoast-schema-graph\">{\"@context\":\"https:\\\/\\\/schema.org\",\"@graph\":[{\"@type\":\"Article\",\"@id\":\"https:\\\/\\\/www.alasmedios.com\\\/index.php\\\/2025\\\/11\\\/25\\\/sheinbaum-impulsa-homologacion-del-delito-de-acoso-y-abuso-contra-mujeres-en-mexico\\\/#article\",\"isPartOf\":{\"@id\":\"https:\\\/\\\/www.alasmedios.com\\\/index.php\\\/2025\\\/11\\\/25\\\/sheinbaum-impulsa-homologacion-del-delito-de-acoso-y-abuso-contra-mujeres-en-mexico\\\/\"},\"author\":{\"name\":\"Keila Rodr\u00edguez Pe\u00f1a\",\"@id\":\"https:\\\/\\\/www.alasmedios.com\\\/#\\\/schema\\\/person\\\/0ba31bdd19a05ebf5c7fef1fedf99c34\"},\"headline\":\"Sheinbaum impulsa homologaci\u00f3n del delito de acoso y abuso contra mujeres en M\u00e9xico\",\"datePublished\":\"2025-11-25T18:18:42+00:00\",\"dateModified\":\"2025-11-25T18:18:44+00:00\",\"mainEntityOfPage\":{\"@id\":\"https:\\\/\\\/www.alasmedios.com\\\/index.php\\\/2025\\\/11\\\/25\\\/sheinbaum-impulsa-homologacion-del-delito-de-acoso-y-abuso-contra-mujeres-en-mexico\\\/\"},\"wordCount\":333,\"commentCount\":0,\"publisher\":{\"@id\":\"https:\\\/\\\/www.alasmedios.com\\\/#organization\"},\"image\":{\"@id\":\"https:\\\/\\\/www.alasmedios.com\\\/index.php\\\/2025\\\/11\\\/25\\\/sheinbaum-impulsa-homologacion-del-delito-de-acoso-y-abuso-contra-mujeres-en-mexico\\\/#primaryimage\"},\"thumbnailUrl\":\"https:\\\/\\\/www.alasmedios.com\\\/wp-content\\\/uploads\\\/2025\\\/11\\\/sheinbaum-25n.jpg\",\"keywords\":[\"16 d\u00edas de activismo nacional\",\"Claudia Sheinbaum\",\"M\u00e9xico\",\"Mujeres\",\"violencia de g\u00e9nero\"],\"articleSection\":[\"Familia y Bienestar\"],\"inLanguage\":\"es\",\"potentialAction\":[{\"@type\":\"CommentAction\",\"name\":\"Comment\",\"target\":[\"https:\\\/\\\/www.alasmedios.com\\\/index.php\\\/2025\\\/11\\\/25\\\/sheinbaum-impulsa-homologacion-del-delito-de-acoso-y-abuso-contra-mujeres-en-mexico\\\/#respond\"]}]},{\"@type\":\"WebPage\",\"@id\":\"https:\\\/\\\/www.alasmedios.com\\\/index.php\\\/2025\\\/11\\\/25\\\/sheinbaum-impulsa-homologacion-del-delito-de-acoso-y-abuso-contra-mujeres-en-mexico\\\/\",\"url\":\"https:\\\/\\\/www.alasmedios.com\\\/index.php\\\/2025\\\/11\\\/25\\\/sheinbaum-impulsa-homologacion-del-delito-de-acoso-y-abuso-contra-mujeres-en-mexico\\\/\",\"name\":\"Sheinbaum impulsa homologaci\u00f3n del delito de acoso y abuso contra mujeres en M\u00e9xico - Alas Medios\",\"isPartOf\":{\"@id\":\"https:\\\/\\\/www.alasmedios.com\\\/#website\"},\"primaryImageOfPage\":{\"@id\":\"https:\\\/\\\/www.alasmedios.com\\\/index.php\\\/2025\\\/11\\\/25\\\/sheinbaum-impulsa-homologacion-del-delito-de-acoso-y-abuso-contra-mujeres-en-mexico\\\/#primaryimage\"},\"image\":{\"@id\":\"https:\\\/\\\/www.alasmedios.com\\\/index.php\\\/2025\\\/11\\\/25\\\/sheinbaum-impulsa-homologacion-del-delito-de-acoso-y-abuso-contra-mujeres-en-mexico\\\/#primaryimage\"},\"thumbnailUrl\":\"https:\\\/\\\/www.alasmedios.com\\\/wp-content\\\/uploads\\\/2025\\\/11\\\/sheinbaum-25n.jpg\",\"datePublished\":\"2025-11-25T18:18:42+00:00\",\"dateModified\":\"2025-11-25T18:18:44+00:00\",\"breadcrumb\":{\"@id\":\"https:\\\/\\\/www.alasmedios.com\\\/index.php\\\/2025\\\/11\\\/25\\\/sheinbaum-impulsa-homologacion-del-delito-de-acoso-y-abuso-contra-mujeres-en-mexico\\\/#breadcrumb\"},\"inLanguage\":\"es\",\"potentialAction\":[{\"@type\":\"ReadAction\",\"target\":[\"https:\\\/\\\/www.alasmedios.com\\\/index.php\\\/2025\\\/11\\\/25\\\/sheinbaum-impulsa-homologacion-del-delito-de-acoso-y-abuso-contra-mujeres-en-mexico\\\/\"]}]},{\"@type\":\"ImageObject\",\"inLanguage\":\"es\",\"@id\":\"https:\\\/\\\/www.alasmedios.com\\\/index.php\\\/2025\\\/11\\\/25\\\/sheinbaum-impulsa-homologacion-del-delito-de-acoso-y-abuso-contra-mujeres-en-mexico\\\/#primaryimage\",\"url\":\"https:\\\/\\\/www.alasmedios.com\\\/wp-content\\\/uploads\\\/2025\\\/11\\\/sheinbaum-25n.jpg\",\"contentUrl\":\"https:\\\/\\\/www.alasmedios.com\\\/wp-content\\\/uploads\\\/2025\\\/11\\\/sheinbaum-25n.jpg\",\"width\":2560,\"height\":1706},{\"@type\":\"BreadcrumbList\",\"@id\":\"https:\\\/\\\/www.alasmedios.com\\\/index.php\\\/2025\\\/11\\\/25\\\/sheinbaum-impulsa-homologacion-del-delito-de-acoso-y-abuso-contra-mujeres-en-mexico\\\/#breadcrumb\",\"itemListElement\":[{\"@type\":\"ListItem\",\"position\":1,\"name\":\"Inicio\",\"item\":\"https:\\\/\\\/www.alasmedios.com\\\/\"},{\"@type\":\"ListItem\",\"position\":2,\"name\":\"Sheinbaum impulsa homologaci\u00f3n del delito de acoso y abuso contra mujeres en M\u00e9xico\"}]},{\"@type\":\"WebSite\",\"@id\":\"https:\\\/\\\/www.alasmedios.com\\\/#website\",\"url\":\"https:\\\/\\\/www.alasmedios.com\\\/\",\"name\":\"Alas Medios\",\"description\":\"Alas para pensar, Alas para volar, Alas de libertad\",\"publisher\":{\"@id\":\"https:\\\/\\\/www.alasmedios.com\\\/#organization\"},\"potentialAction\":[{\"@type\":\"SearchAction\",\"target\":{\"@type\":\"EntryPoint\",\"urlTemplate\":\"https:\\\/\\\/www.alasmedios.com\\\/?s={search_term_string}\"},\"query-input\":{\"@type\":\"PropertyValueSpecification\",\"valueRequired\":true,\"valueName\":\"search_term_string\"}}],\"inLanguage\":\"es\"},{\"@type\":\"Organization\",\"@id\":\"https:\\\/\\\/www.alasmedios.com\\\/#organization\",\"name\":\"Alas Medios\",\"url\":\"https:\\\/\\\/www.alasmedios.com\\\/\",\"logo\":{\"@type\":\"ImageObject\",\"inLanguage\":\"es\",\"@id\":\"https:\\\/\\\/www.alasmedios.com\\\/#\\\/schema\\\/logo\\\/image\\\/\",\"url\":\"https:\\\/\\\/www.alasmedios.com\\\/wp-content\\\/uploads\\\/2026\\\/01\\\/cropped-cropped-GAM-1.png\",\"contentUrl\":\"https:\\\/\\\/www.alasmedios.com\\\/wp-content\\\/uploads\\\/2026\\\/01\\\/cropped-cropped-GAM-1.png\",\"width\":467,\"height\":235,\"caption\":\"Alas Medios\"},\"image\":{\"@id\":\"https:\\\/\\\/www.alasmedios.com\\\/#\\\/schema\\\/logo\\\/image\\\/\"}},{\"@type\":\"Person\",\"@id\":\"https:\\\/\\\/www.alasmedios.com\\\/#\\\/schema\\\/person\\\/0ba31bdd19a05ebf5c7fef1fedf99c34\",\"name\":\"Keila Rodr\u00edguez Pe\u00f1a\",\"image\":{\"@type\":\"ImageObject\",\"inLanguage\":\"es\",\"@id\":\"https:\\\/\\\/secure.gravatar.com\\\/avatar\\\/a2553a2bfaa601b9d539b617c8793e151bdffb60f9e48a249912f86d4c9ebeef?s=96&d=mm&r=g\",\"url\":\"https:\\\/\\\/secure.gravatar.com\\\/avatar\\\/a2553a2bfaa601b9d539b617c8793e151bdffb60f9e48a249912f86d4c9ebeef?s=96&d=mm&r=g\",\"contentUrl\":\"https:\\\/\\\/secure.gravatar.com\\\/avatar\\\/a2553a2bfaa601b9d539b617c8793e151bdffb60f9e48a249912f86d4c9ebeef?s=96&d=mm&r=g\",\"caption\":\"Keila Rodr\u00edguez Pe\u00f1a\"},\"sameAs\":[\"http:\\\/\\\/www.alasmedios.com\"],\"url\":\"https:\\\/\\\/www.alasmedios.com\\\/index.php\\\/author\\\/keila\\\/\"}]}<\/script>\r\n<!-- \/ Yoast SEO plugin. -->","yoast_head_json":{"title":"Sheinbaum impulsa homologaci\u00f3n del delito de acoso y abuso contra mujeres en M\u00e9xico - Alas Medios","robots":{"index":"index","follow":"follow","max-snippet":"max-snippet:-1","max-image-preview":"max-image-preview:large","max-video-preview":"max-video-preview:-1"},"canonical":"https:\/\/www.alasmedios.com\/index.php\/2025\/11\/25\/sheinbaum-impulsa-homologacion-del-delito-de-acoso-y-abuso-contra-mujeres-en-mexico\/","og_locale":"es_MX","og_type":"article","og_title":"Sheinbaum impulsa homologaci\u00f3n del delito de acoso y abuso contra mujeres en M\u00e9xico - Alas Medios","og_description":"La presidenta Claudia Sheinbaum afirm\u00f3 que el acuerdo con los 32 gobernadores para homologar el delito de abuso contra la","og_url":"https:\/\/www.alasmedios.com\/index.php\/2025\/11\/25\/sheinbaum-impulsa-homologacion-del-delito-de-acoso-y-abuso-contra-mujeres-en-mexico\/","og_site_name":"Alas Medios","article_published_time":"2025-11-25T18:18:42+00:00","article_modified_time":"2025-11-25T18:18:44+00:00","og_image":[{"width":2560,"height":1706,"url":"https:\/\/www.alasmedios.com\/wp-content\/uploads\/2025\/11\/sheinbaum-25n.jpg","type":"image\/jpeg"}],"author":"Keila Rodr\u00edguez Pe\u00f1a","twitter_card":"summary_large_image","twitter_misc":{"Escrito por":"Keila Rodr\u00edguez Pe\u00f1a","Tiempo de lectura":"2 minutos"},"schema":{"@context":"https:\/\/schema.org","@graph":[{"@type":"Article","@id":"https:\/\/www.alasmedios.com\/index.php\/2025\/11\/25\/sheinbaum-impulsa-homologacion-del-delito-de-acoso-y-abuso-contra-mujeres-en-mexico\/#article","isPartOf":{"@id":"https:\/\/www.alasmedios.com\/index.php\/2025\/11\/25\/sheinbaum-impulsa-homologacion-del-delito-de-acoso-y-abuso-contra-mujeres-en-mexico\/"},"author":{"name":"Keila Rodr\u00edguez Pe\u00f1a","@id":"https:\/\/www.alasmedios.com\/#\/schema\/person\/0ba31bdd19a05ebf5c7fef1fedf99c34"},"headline":"Sheinbaum impulsa homologaci\u00f3n del delito de acoso y abuso contra mujeres en M\u00e9xico","datePublished":"2025-11-25T18:18:42+00:00","dateModified":"2025-11-25T18:18:44+00:00","mainEntityOfPage":{"@id":"https:\/\/www.alasmedios.com\/index.php\/2025\/11\/25\/sheinbaum-impulsa-homologacion-del-delito-de-acoso-y-abuso-contra-mujeres-en-mexico\/"},"wordCount":333,"commentCount":0,"publisher":{"@id":"https:\/\/www.alasmedios.com\/#organization"},"image":{"@id":"https:\/\/www.alasmedios.com\/index.php\/2025\/11\/25\/sheinbaum-impulsa-homologacion-del-delito-de-acoso-y-abuso-contra-mujeres-en-mexico\/#primaryimage"},"thumbnailUrl":"https:\/\/www.alasmedios.com\/wp-content\/uploads\/2025\/11\/sheinbaum-25n.jpg","keywords":["16 d\u00edas de activismo nacional","Claudia Sheinbaum","M\u00e9xico","Mujeres","violencia de g\u00e9nero"],"articleSection":["Familia y Bienestar"],"inLanguage":"es","potentialAction":[{"@type":"CommentAction","name":"Comment","target":["https:\/\/www.alasmedios.com\/index.php\/2025\/11\/25\/sheinbaum-impulsa-homologacion-del-delito-de-acoso-y-abuso-contra-mujeres-en-mexico\/#respond"]}]},{"@type":"WebPage","@id":"https:\/\/www.alasmedios.com\/index.php\/2025\/11\/25\/sheinbaum-impulsa-homologacion-del-delito-de-acoso-y-abuso-contra-mujeres-en-mexico\/","url":"https:\/\/www.alasmedios.com\/index.php\/2025\/11\/25\/sheinbaum-impulsa-homologacion-del-delito-de-acoso-y-abuso-contra-mujeres-en-mexico\/","name":"Sheinbaum impulsa homologaci\u00f3n del delito de acoso y abuso contra mujeres en M\u00e9xico - Alas Medios","isPartOf":{"@id":"https:\/\/www.alasmedios.com\/#website"},"primaryImageOfPage":{"@id":"https:\/\/www.alasmedios.com\/index.php\/2025\/11\/25\/sheinbaum-impulsa-homologacion-del-delito-de-acoso-y-abuso-contra-mujeres-en-mexico\/#primaryimage"},"image":{"@id":"https:\/\/www.alasmedios.com\/index.php\/2025\/11\/25\/sheinbaum-impulsa-homologacion-del-delito-de-acoso-y-abuso-contra-mujeres-en-mexico\/#primaryimage"},"thumbnailUrl":"https:\/\/www.alasmedios.com\/wp-content\/uploads\/2025\/11\/sheinbaum-25n.jpg","datePublished":"2025-11-25T18:18:42+00:00","dateModified":"2025-11-25T18:18:44+00:00","breadcrumb":{"@id":"https:\/\/www.alasmedios.com\/index.php\/2025\/11\/25\/sheinbaum-impulsa-homologacion-del-delito-de-acoso-y-abuso-contra-mujeres-en-mexico\/#breadcrumb"},"inLanguage":"es","potentialAction":[{"@type":"ReadAction","target":["https:\/\/www.alasmedios.com\/index.php\/2025\/11\/25\/sheinbaum-impulsa-homologacion-del-delito-de-acoso-y-abuso-contra-mujeres-en-mexico\/"]}]},{"@type":"ImageObject","inLanguage":"es","@id":"https:\/\/www.alasmedios.com\/index.php\/2025\/11\/25\/sheinbaum-impulsa-homologacion-del-delito-de-acoso-y-abuso-contra-mujeres-en-mexico\/#primaryimage","url":"https:\/\/www.alasmedios.com\/wp-content\/uploads\/2025\/11\/sheinbaum-25n.jpg","contentUrl":"https:\/\/www.alasmedios.com\/wp-content\/uploads\/2025\/11\/sheinbaum-25n.jpg","width":2560,"height":1706},{"@type":"BreadcrumbList","@id":"https:\/\/www.alasmedios.com\/index.php\/2025\/11\/25\/sheinbaum-impulsa-homologacion-del-delito-de-acoso-y-abuso-contra-mujeres-en-mexico\/#breadcrumb","itemListElement":[{"@type":"ListItem","position":1,"name":"Inicio","item":"https:\/\/www.alasmedios.com\/"},{"@type":"ListItem","position":2,"name":"Sheinbaum impulsa homologaci\u00f3n del delito de acoso y abuso contra mujeres en M\u00e9xico"}]},{"@type":"WebSite","@id":"https:\/\/www.alasmedios.com\/#website","url":"https:\/\/www.alasmedios.com\/","name":"Alas Medios","description":"Alas para pensar, Alas para volar, Alas de libertad","publisher":{"@id":"https:\/\/www.alasmedios.com\/#organization"},"potentialAction":[{"@type":"SearchAction","target":{"@type":"EntryPoint","urlTemplate":"https:\/\/www.alasmedios.com\/?s={search_term_string}"},"query-input":{"@type":"PropertyValueSpecification","valueRequired":true,"valueName":"search_term_string"}}],"inLanguage":"es"},{"@type":"Organization","@id":"https:\/\/www.alasmedios.com\/#organization","name":"Alas Medios","url":"https:\/\/www.alasmedios.com\/","logo":{"@type":"ImageObject","inLanguage":"es","@id":"https:\/\/www.alasmedios.com\/#\/schema\/logo\/image\/","url":"https:\/\/www.alasmedios.com\/wp-content\/uploads\/2026\/01\/cropped-cropped-GAM-1.png","contentUrl":"https:\/\/www.alasmedios.com\/wp-content\/uploads\/2026\/01\/cropped-cropped-GAM-1.png","width":467,"height":235,"caption":"Alas Medios"},"image":{"@id":"https:\/\/www.alasmedios.com\/#\/schema\/logo\/image\/"}},{"@type":"Person","@id":"https:\/\/www.alasmedios.com\/#\/schema\/person\/0ba31bdd19a05ebf5c7fef1fedf99c34","name":"Keila Rodr\u00edguez Pe\u00f1a","image":{"@type":"ImageObject","inLanguage":"es","@id":"https:\/\/secure.gravatar.com\/avatar\/a2553a2bfaa601b9d539b617c8793e151bdffb60f9e48a249912f86d4c9ebeef?s=96&d=mm&r=g","url":"https:\/\/secure.gravatar.com\/avatar\/a2553a2bfaa601b9d539b617c8793e151bdffb60f9e48a249912f86d4c9ebeef?s=96&d=mm&r=g","contentUrl":"https:\/\/secure.gravatar.com\/avatar\/a2553a2bfaa601b9d539b617c8793e151bdffb60f9e48a249912f86d4c9ebeef?s=96&d=mm&r=g","caption":"Keila Rodr\u00edguez Pe\u00f1a"},"sameAs":["http:\/\/www.alasmedios.com"],"url":"https:\/\/www.alasmedios.com\/index.php\/author\/keila\/"}]}},"_links":{"self":[{"href":"https:\/\/www.alasmedios.com\/index.php\/wp-json\/wp\/v2\/posts\/6926","targetHints":{"allow":["GET"]}}],"collection":[{"href":"https:\/\/www.alasmedios.com\/index.php\/wp-json\/wp\/v2\/posts"}],"about":[{"href":"https:\/\/www.alasmedios.com\/index.php\/wp-json\/wp\/v2\/types\/post"}],"author":[{"embeddable":true,"href":"https:\/\/www.alasmedios.com\/index.php\/wp-json\/wp\/v2\/users\/4"}],"replies":[{"embeddable":true,"href":"https:\/\/www.alasmedios.com\/index.php\/wp-json\/wp\/v2\/comments?post=6926"}],"version-history":[{"count":1,"href":"https:\/\/www.alasmedios.com\/index.php\/wp-json\/wp\/v2\/posts\/6926\/revisions"}],"predecessor-version":[{"id":6928,"href":"https:\/\/www.alasmedios.com\/index.php\/wp-json\/wp\/v2\/posts\/6926\/revisions\/6928"}],"wp:featuredmedia":[{"embeddable":true,"href":"https:\/\/www.alasmedios.com\/index.php\/wp-json\/wp\/v2\/media\/6927"}],"wp:attachment":[{"href":"https:\/\/www.alasmedios.com\/index.php\/wp-json\/wp\/v2\/media?parent=6926"}],"wp:term":[{"taxonomy":"category","embeddable":true,"href":"https:\/\/www.alasmedios.com\/index.php\/wp-json\/wp\/v2\/categories?post=6926"},{"taxonomy":"post_tag","embeddable":true,"href":"https:\/\/www.alasmedios.com\/index.php\/wp-json\/wp\/v2\/tags?post=6926"}],"curies":[{"name":"wp","href":"https:\/\/api.w.org\/{rel}","templated":true}]}}